{"id":10181,"date":"2019-02-27T17:13:48","date_gmt":"2019-02-27T14:13:48","guid":{"rendered":"http:\/\/sarimelekler.biz\/?p=10181"},"modified":"2019-02-27T17:13:54","modified_gmt":"2019-02-27T14:13:54","slug":"sari-melekler-ceyrek-finalde-csm-bucuresti1-fenerbahce-opet3","status":"publish","type":"post","link":"https:\/\/sarimelekler.biz\/?p=10181","title":{"rendered":"Sar\u0131 Melekler \u00c7eyrek Finalde CSM Bucuresti:1 &#8211; Fenerbah\u00e7e Opet:3"},"content":{"rendered":"<p style=\"text-align: justify;\">Fenerbah\u00e7e Opet Kad\u0131n Voleybol Tak\u0131m\u0131m\u0131z Cev \u015eampiyonlar Ligi E grubu alt\u0131nc\u0131 ve son ma\u00e7\u0131nda deplasmanda kar\u015f\u0131la\u015ft\u0131\u011f\u0131 Romanya temsilcisi CSM Bucuresti tak\u0131m\u0131n\u0131 11 \u2013 25, 25 \u2013 21, 19 \u2013 25 ve 14 \u2013 25\u2019lik set skorlar\u0131yla 3-1 ma\u011flup etti. B\u00f6ylelikle Sar\u0131 Melekler \u015eampiyonlar Ligi E grubunda oynad\u0131\u011f\u0131 6 ma\u00e7ta 5 galibiyet ve 1 ma\u011flubiyetle grup lideri olarak \u00e7eyrek finale y\u00fckseldi. Ma\u00e7a Eda, Ana Antonijevic, Fatma, Bahar, Bricio, Vargas ve Melis ile ba\u015flayan tak\u0131m\u0131m\u0131zda Rabadzhieva, Dicle ve Beliz\u2019de s\u00fcre ald\u0131. Melissa Vargas ald\u0131\u011f\u0131 27 say\u0131 ile y\u0131ld\u0131zla\u015f\u0131rken ma\u00e7\u0131n en iyi oyuncusu (MVP) se\u00e7ildi.\u00a0 B\u00f6ylelikle Vargas grupta oynanan 6 ma\u00e7\u0131n tamam\u0131nda bu \u00f6d\u00fcl\u00fc alarak tarihi bir ba\u015far\u0131 g\u00f6sterdi. Tak\u0131m\u0131m\u0131z 11 servis ve 12 blok say\u0131s\u0131 \u00fcretti. \u015eampiyonlar Liginde \u00c7eyrek final kuralar\u0131 1 Mart &#8216;ta \u00e7ekilecek.<br \/>\nCSM Bucuresti tak\u0131m\u0131na bak\u0131ld\u0131\u011f\u0131nda tan\u0131d\u0131k y\u00fczlere rastl\u0131yoruz. Tak\u0131m\u0131n ba\u015fanten\u00f6r\u00fc eski A Milli Kad\u0131n Voleybolun tak\u0131m\u0131m\u0131z\u0131n da ba\u015fantren\u00f6rl\u00fc\u011f\u00fcn\u00fc yapan Ferhat Akba\u015f, yard\u0131mc\u0131 antren\u00f6r\u00fc ge\u00e7en sene tak\u0131m\u0131m\u0131zda g\u00f6rev alan Caner Atasever olurken tak\u0131m\u0131n kadrosunda ise eski oyuncumuz Maret Balkeste\u0131n-Grothues bulunuyor.<br \/>\nTak\u0131m\u0131m\u0131z Vestel Venus Sultanlar Ligi 21. Hafta Kar\u015f\u0131la\u015fmas\u0131nda 03 Mart Pazar g\u00fcn\u00fc saat:18:30\u2019da Karayollar\u0131 Spor Kul\u00fcb\u00fc Kad\u0131n Voleybol Tak\u0131m\u0131 ile kar\u015f\u0131la\u015facak, ma\u00e7 FB Tv.\u2019den canl\u0131 yay\u0131nlanacak.<\/p>\n<p style=\"text-align: justify;\">Ma\u00e7 \u00f6ncesinde B\u00fckre\u015f\u2019te bulunan Y\u00f6netim Kurulu \u00dcyemiz Simla T\u00fcrker Bayaz\u0131t, Romanya Fenerbah\u00e7eliler Derne\u011fi Ba\u015fkan\u0131 Adem Tosun ve \u00fcyeler ile bir araya geldi. Dernek Ba\u015fkan\u0131m\u0131za Fenerbah\u00e7e Opet Kad\u0131n Voleybol tak\u0131m\u0131m\u0131z\u0131n imzal\u0131 formas\u0131 takdim edildi.<\/p>\n<p style=\"text-align: justify;\">Ma\u00e7 sonu ise Romanya B\u00fcy\u00fckel\u00e7imiz F\u00fcsun Aramaz&#8217;a Fenerbah\u00e7e Opet Kad\u0131n Voleybol tak\u0131m\u0131m\u0131z\u0131n imzal\u0131 formas\u0131 takdim edildi.<br \/>\nTak\u0131m\u0131m\u0131z\u0131 bu galibiyetten dolay\u0131 kutlar\u0131z.<\/p>\n<p>Bu ma\u00e7\u0131n istatistikleri:<br \/>\nVargas\u00a0\u00a0\u00a0\u00a0\u00a0\u00a0\u00a0\u00a0 :\u00a0 27 Say\u0131\u00a0 \u2013\u00a0 (3 Servis, 2 Blok)\u00a0 %\u00a0 59\u00a0 (37 H\u00fccum)<br \/>\nBricio\u00a0\u00a0\u00a0\u00a0\u00a0\u00a0\u00a0\u00a0\u00a0 :\u00a0 22 Say\u0131\u00a0 \u2013\u00a0 (1 Servis, 3 Blok)\u00a0 %\u00a0 47\u00a0 (38 H\u00fccum)<br \/>\nEda\u00a0\u00a0\u00a0\u00a0\u00a0\u00a0\u00a0\u00a0\u00a0\u00a0\u00a0\u00a0\u00a0 :\u00a0 12 Say\u0131\u00a0 \u2013\u00a0 (4 Servis, 2 Blok) \u00a0%\u00a0 43\u00a0 (14 H\u00fccum)<br \/>\nBahar\u00a0\u00a0\u00a0\u00a0\u00a0\u00a0\u00a0 \u00a0\u00a0\u00a0:\u00a0 10 Say\u0131\u00a0 \u2013\u00a0 (2 Servis, 1 Blok) \u00a0%\u00a0 78\u00a0 (09 H\u00fccum)<br \/>\nAntonijevic :\u00a0 05 Say\u0131\u00a0 \u2013 \u00a0(1 Servis, 2 Blok)<br \/>\nFatma\u00a0\u00a0\u00a0\u00a0\u00a0\u00a0\u00a0\u00a0\u00a0 :\u00a0 04 Say\u0131\u00a0 \u2013\u00a0 (1 Blok) \u00a0\u00a0\u00a0\u00a0\u00a0\u00a0\u00a0\u00a0\u00a0\u00a0\u00a0\u00a0\u00a0\u00a0\u00a0\u00a0\u00a0%\u00a0 33\u00a0 (09 H\u00fccum)<br \/>\nBeliz\u00a0\u00a0\u00a0\u00a0\u00a0\u00a0\u00a0\u00a0\u00a0\u00a0\u00a0 :\u00a0 02 Say\u0131\u00a0 \u2013\u00a0 (1 Blok)<br \/>\nRaba\u00a0\u00a0\u00a0\u00a0\u00a0\u00a0\u00a0\u00a0\u00a0\u00a0\u00a0 :\u00a0 01 Say\u0131<\/p>\n<p>Servis Kar\u015f\u0131lama:<br \/>\nRaba\u00a0\u00a0\u00a0\u00a0 : % 50 \u2013 % 50\u00a0 M\u00fckemmel\u00a0 (02 Kar\u015f\u0131lama)<br \/>\nFatma\u00a0\u00a0 : % 70 \u2013 % 40\u00a0 M\u00fckemmel\u00a0 (10 Kar\u015f\u0131lama)<br \/>\nMelis\u00a0\u00a0 \u00a0: % 56 \u2013 % 32\u00a0 M\u00fckemmel\u00a0 (25 Kar\u015f\u0131lama)<br \/>\nBricio\u00a0\u00a0 : % 45 \u2013 % 24\u00a0 M\u00fckemmel\u00a0 (29 Kar\u015f\u0131lama)<\/p>\n<p>+\/- (Kazand\u0131\u011f\u0131\/Kaybetti\u011fi)<br \/>\nVargas\u00a0\u00a0\u00a0\u00a0 :18<br \/>\nBricio\u00a0\u00a0\u00a0\u00a0\u00a0 :13<br \/>\nEda\u00a0\u00a0 \u00a0\u00a0\u00a0\u00a0\u00a0\u00a0\u00a0:07<br \/>\nBahar \u00a0\u00a0\u00a0\u00a0\u00a0\u00a0:05<br \/>\nAna\u00a0\u00a0\u00a0\u00a0\u00a0\u00a0\u00a0\u00a0\u00a0 :04<br \/>\nFatma\u00a0\u00a0\u00a0\u00a0\u00a0\u00a0 :02<br \/>\nBeliz\u00a0\u00a0 \u00a0\u00a0\u00a0\u00a0\u00a0\u00a0:01<br \/>\nRaba\u00a0\u00a0\u00a0\u00a0\u00a0\u00a0\u00a0\u00a0 :00<\/p>\n\n\t\t<style type=\"text\/css\">\n\t\t\t#gallery-1 {\n\t\t\t\tmargin: auto;\n\t\t\t}\n\t\t\t#gallery-1 .gallery-item {\n\t\t\t\tfloat: left;\n\t\t\t\tmargin-top: 10px;\n\t\t\t\ttext-align: center;\n\t\t\t\twidth: 20%;\n\t\t\t}\n\t\t\t#gallery-1 img {\n\t\t\t\tborder: 2px solid #cfcfcf;\n\t\t\t}\n\t\t\t#gallery-1 .gallery-caption {\n\t\t\t\tmargin-left: 0;\n\t\t\t}\n\t\t\t\/* see gallery_shortcode() in wp-includes\/media.php *\/\n\t\t<\/style>\n\t\t<div data-carousel-extra='{&quot;blog_id&quot;:1,&quot;permalink&quot;:&quot;https:\/\/sarimelekler.biz\/?p=10181&quot;}' id='gallery-1' class='gallery galleryid-10181 gallery-columns-5 gallery-size-thumbnail'><dl class='gallery-item'>\n\t\t\t<dt class='gallery-icon landscape'>\n\t\t\t\t<a href='https:\/\/sarimelekler.biz\/?attachment_id=10182'><img loading=\"lazy\" decoding=\"async\" width=\"150\" height=\"150\" src=\"https:\/\/sarimelekler.biz\/wp-content\/uploads\/2019\/02\/6-18-19-CL-1-150x150.jpg\" class=\"attachment-thumbnail size-thumbnail\" alt=\"\" srcset=\"https:\/\/sarimelekler.biz\/wp-content\/uploads\/2019\/02\/6-18-19-CL-1-150x150.jpg 150w, https:\/\/sarimelekler.biz\/wp-content\/uploads\/2019\/02\/6-18-19-CL-1-300x300.jpg 300w, https:\/\/sarimelekler.biz\/wp-content\/uploads\/2019\/02\/6-18-19-CL-1-768x768.jpg 768w, https:\/\/sarimelekler.biz\/wp-content\/uploads\/2019\/02\/6-18-19-CL-1-1024x1024.jpg 1024w, https:\/\/sarimelekler.biz\/wp-content\/uploads\/2019\/02\/6-18-19-CL-1.jpg 1080w\" sizes=\"auto, (max-width: 150px) 100vw, 150px\" data-attachment-id=\"10182\" data-permalink=\"https:\/\/sarimelekler.biz\/?attachment_id=10182\" data-orig-file=\"https:\/\/sarimelekler.biz\/wp-content\/uploads\/2019\/02\/6-18-19-CL-1.jpg\" data-orig-size=\"1080,1080\" data-comments-opened=\"0\" data-image-meta=\"{&quot;aperture&quot;:&quot;0&quot;,&quot;credit&quot;:&quot;&quot;,&quot;camera&quot;:&quot;&quot;,&quot;caption&quot;:&quot;&quot;,&quot;created_timestamp&quot;:&quot;0&quot;,&quot;copyright&quot;:&quot;&quot;,&quot;focal_length&quot;:&quot;0&quot;,&quot;iso&quot;:&quot;0&quot;,&quot;shutter_speed&quot;:&quot;0&quot;,&quot;title&quot;:&quot;&quot;,&quot;orientation&quot;:&quot;0&quot;}\" data-image-title=\"6- 18-19 CL (1)\" data-image-description=\"\" data-image-caption=\"\" data-large-file=\"https:\/\/sarimelekler.biz\/wp-content\/uploads\/2019\/02\/6-18-19-CL-1-1024x1024.jpg\" \/><\/a>\n\t\t\t<\/dt><\/dl><dl class='gallery-item'>\n\t\t\t<dt class='gallery-icon landscape'>\n\t\t\t\t<a href='https:\/\/sarimelekler.biz\/?attachment_id=10183'><img loading=\"lazy\" decoding=\"async\" width=\"150\" height=\"150\" src=\"https:\/\/sarimelekler.biz\/wp-content\/uploads\/2019\/02\/6-18-19-CL-2-150x150.jpg\" class=\"attachment-thumbnail size-thumbnail\" alt=\"\" srcset=\"https:\/\/sarimelekler.biz\/wp-content\/uploads\/2019\/02\/6-18-19-CL-2-150x150.jpg 150w, https:\/\/sarimelekler.biz\/wp-content\/uploads\/2019\/02\/6-18-19-CL-2-300x300.jpg 300w, https:\/\/sarimelekler.biz\/wp-content\/uploads\/2019\/02\/6-18-19-CL-2-768x768.jpg 768w, https:\/\/sarimelekler.biz\/wp-content\/uploads\/2019\/02\/6-18-19-CL-2-1024x1024.jpg 1024w, https:\/\/sarimelekler.biz\/wp-content\/uploads\/2019\/02\/6-18-19-CL-2.jpg 1080w\" sizes=\"auto, (max-width: 150px) 100vw, 150px\" data-attachment-id=\"10183\" data-permalink=\"https:\/\/sarimelekler.biz\/?attachment_id=10183\" data-orig-file=\"https:\/\/sarimelekler.biz\/wp-content\/uploads\/2019\/02\/6-18-19-CL-2.jpg\" data-orig-size=\"1080,1080\" data-comments-opened=\"0\" data-image-meta=\"{&quot;aperture&quot;:&quot;0&quot;,&quot;credit&quot;:&quot;&quot;,&quot;camera&quot;:&quot;&quot;,&quot;caption&quot;:&quot;&quot;,&quot;created_timestamp&quot;:&quot;0&quot;,&quot;copyright&quot;:&quot;&quot;,&quot;focal_length&quot;:&quot;0&quot;,&quot;iso&quot;:&quot;0&quot;,&quot;shutter_speed&quot;:&quot;0&quot;,&quot;title&quot;:&quot;&quot;,&quot;orientation&quot;:&quot;0&quot;}\" data-image-title=\"6- 18-19 CL (2)\" data-image-description=\"\" data-image-caption=\"\" data-large-file=\"https:\/\/sarimelekler.biz\/wp-content\/uploads\/2019\/02\/6-18-19-CL-2-1024x1024.jpg\" \/><\/a>\n\t\t\t<\/dt><\/dl><dl class='gallery-item'>\n\t\t\t<dt class='gallery-icon landscape'>\n\t\t\t\t<a href='https:\/\/sarimelekler.biz\/?attachment_id=10184'><img loading=\"lazy\" decoding=\"async\" width=\"150\" height=\"150\" src=\"https:\/\/sarimelekler.biz\/wp-content\/uploads\/2019\/02\/6-18-19-CL-3-150x150.jpg\" class=\"attachment-thumbnail size-thumbnail\" alt=\"\" srcset=\"https:\/\/sarimelekler.biz\/wp-content\/uploads\/2019\/02\/6-18-19-CL-3-150x150.jpg 150w, https:\/\/sarimelekler.biz\/wp-content\/uploads\/2019\/02\/6-18-19-CL-3-300x300.jpg 300w, https:\/\/sarimelekler.biz\/wp-content\/uploads\/2019\/02\/6-18-19-CL-3-768x768.jpg 768w, https:\/\/sarimelekler.biz\/wp-content\/uploads\/2019\/02\/6-18-19-CL-3-1024x1024.jpg 1024w, https:\/\/sarimelekler.biz\/wp-content\/uploads\/2019\/02\/6-18-19-CL-3.jpg 1080w\" sizes=\"auto, (max-width: 150px) 100vw, 150px\" data-attachment-id=\"10184\" data-permalink=\"https:\/\/sarimelekler.biz\/?attachment_id=10184\" data-orig-file=\"https:\/\/sarimelekler.biz\/wp-content\/uploads\/2019\/02\/6-18-19-CL-3.jpg\" data-orig-size=\"1080,1080\" data-comments-opened=\"0\" data-image-meta=\"{&quot;aperture&quot;:&quot;0&quot;,&quot;credit&quot;:&quot;&quot;,&quot;camera&quot;:&quot;&quot;,&quot;caption&quot;:&quot;&quot;,&quot;created_timestamp&quot;:&quot;0&quot;,&quot;copyright&quot;:&quot;&quot;,&quot;focal_length&quot;:&quot;0&quot;,&quot;iso&quot;:&quot;0&quot;,&quot;shutter_speed&quot;:&quot;0&quot;,&quot;title&quot;:&quot;&quot;,&quot;orientation&quot;:&quot;0&quot;}\" data-image-title=\"6- 18-19 CL (3)\" data-image-description=\"\" data-image-caption=\"\" data-large-file=\"https:\/\/sarimelekler.biz\/wp-content\/uploads\/2019\/02\/6-18-19-CL-3-1024x1024.jpg\" \/><\/a>\n\t\t\t<\/dt><\/dl><dl class='gallery-item'>\n\t\t\t<dt class='gallery-icon landscape'>\n\t\t\t\t<a href='https:\/\/sarimelekler.biz\/?attachment_id=10185'><img loading=\"lazy\" decoding=\"async\" width=\"150\" height=\"150\" src=\"https:\/\/sarimelekler.biz\/wp-content\/uploads\/2019\/02\/6-18-19-CL-4-150x150.jpg\" class=\"attachment-thumbnail size-thumbnail\" alt=\"\" srcset=\"https:\/\/sarimelekler.biz\/wp-content\/uploads\/2019\/02\/6-18-19-CL-4-150x150.jpg 150w, https:\/\/sarimelekler.biz\/wp-content\/uploads\/2019\/02\/6-18-19-CL-4-300x300.jpg 300w, https:\/\/sarimelekler.biz\/wp-content\/uploads\/2019\/02\/6-18-19-CL-4-768x768.jpg 768w, https:\/\/sarimelekler.biz\/wp-content\/uploads\/2019\/02\/6-18-19-CL-4-1024x1024.jpg 1024w, https:\/\/sarimelekler.biz\/wp-content\/uploads\/2019\/02\/6-18-19-CL-4.jpg 1080w\" sizes=\"auto, (max-width: 150px) 100vw, 150px\" data-attachment-id=\"10185\" data-permalink=\"https:\/\/sarimelekler.biz\/?attachment_id=10185\" data-orig-file=\"https:\/\/sarimelekler.biz\/wp-content\/uploads\/2019\/02\/6-18-19-CL-4.jpg\" data-orig-size=\"1080,1080\" data-comments-opened=\"0\" data-image-meta=\"{&quot;aperture&quot;:&quot;0&quot;,&quot;credit&quot;:&quot;&quot;,&quot;camera&quot;:&quot;&quot;,&quot;caption&quot;:&quot;&quot;,&quot;created_timestamp&quot;:&quot;0&quot;,&quot;copyright&quot;:&quot;&quot;,&quot;focal_length&quot;:&quot;0&quot;,&quot;iso&quot;:&quot;0&quot;,&quot;shutter_speed&quot;:&quot;0&quot;,&quot;title&quot;:&quot;&quot;,&quot;orientation&quot;:&quot;0&quot;}\" data-image-title=\"6- 18-19 CL (4)\" data-image-description=\"\" data-image-caption=\"\" data-large-file=\"https:\/\/sarimelekler.biz\/wp-content\/uploads\/2019\/02\/6-18-19-CL-4-1024x1024.jpg\" \/><\/a>\n\t\t\t<\/dt><\/dl><dl class='gallery-item'>\n\t\t\t<dt class='gallery-icon landscape'>\n\t\t\t\t<a href='https:\/\/sarimelekler.biz\/?attachment_id=10186'><img loading=\"lazy\" decoding=\"async\" width=\"150\" height=\"150\" src=\"https:\/\/sarimelekler.biz\/wp-content\/uploads\/2019\/02\/6-18-19-CL-5-150x150.jpg\" class=\"attachment-thumbnail size-thumbnail\" alt=\"\" srcset=\"https:\/\/sarimelekler.biz\/wp-content\/uploads\/2019\/02\/6-18-19-CL-5-150x150.jpg 150w, https:\/\/sarimelekler.biz\/wp-content\/uploads\/2019\/02\/6-18-19-CL-5-300x300.jpg 300w, https:\/\/sarimelekler.biz\/wp-content\/uploads\/2019\/02\/6-18-19-CL-5-768x768.jpg 768w, https:\/\/sarimelekler.biz\/wp-content\/uploads\/2019\/02\/6-18-19-CL-5-1024x1024.jpg 1024w, https:\/\/sarimelekler.biz\/wp-content\/uploads\/2019\/02\/6-18-19-CL-5.jpg 1080w\" sizes=\"auto, (max-width: 150px) 100vw, 150px\" data-attachment-id=\"10186\" data-permalink=\"https:\/\/sarimelekler.biz\/?attachment_id=10186\" data-orig-file=\"https:\/\/sarimelekler.biz\/wp-content\/uploads\/2019\/02\/6-18-19-CL-5.jpg\" data-orig-size=\"1080,1080\" data-comments-opened=\"0\" data-image-meta=\"{&quot;aperture&quot;:&quot;0&quot;,&quot;credit&quot;:&quot;&quot;,&quot;camera&quot;:&quot;&quot;,&quot;caption&quot;:&quot;&quot;,&quot;created_timestamp&quot;:&quot;0&quot;,&quot;copyright&quot;:&quot;&quot;,&quot;focal_length&quot;:&quot;0&quot;,&quot;iso&quot;:&quot;0&quot;,&quot;shutter_speed&quot;:&quot;0&quot;,&quot;title&quot;:&quot;&quot;,&quot;orientation&quot;:&quot;0&quot;}\" data-image-title=\"6- 18-19 CL (5)\" data-image-description=\"\" data-image-caption=\"\" data-large-file=\"https:\/\/sarimelekler.biz\/wp-content\/uploads\/2019\/02\/6-18-19-CL-5-1024x1024.jpg\" \/><\/a>\n\t\t\t<\/dt><\/dl><br style=\"clear: both\" \/><dl class='gallery-item'>\n\t\t\t<dt class='gallery-icon landscape'>\n\t\t\t\t<a href='https:\/\/sarimelekler.biz\/?attachment_id=10187'><img loading=\"lazy\" decoding=\"async\" width=\"150\" height=\"150\" src=\"https:\/\/sarimelekler.biz\/wp-content\/uploads\/2019\/02\/6-18-19-CL-6-150x150.jpg\" class=\"attachment-thumbnail size-thumbnail\" alt=\"\" srcset=\"https:\/\/sarimelekler.biz\/wp-content\/uploads\/2019\/02\/6-18-19-CL-6-150x150.jpg 150w, https:\/\/sarimelekler.biz\/wp-content\/uploads\/2019\/02\/6-18-19-CL-6-300x300.jpg 300w, https:\/\/sarimelekler.biz\/wp-content\/uploads\/2019\/02\/6-18-19-CL-6-768x768.jpg 768w, https:\/\/sarimelekler.biz\/wp-content\/uploads\/2019\/02\/6-18-19-CL-6-1024x1024.jpg 1024w, https:\/\/sarimelekler.biz\/wp-content\/uploads\/2019\/02\/6-18-19-CL-6.jpg 1080w\" sizes=\"auto, (max-width: 150px) 100vw, 150px\" data-attachment-id=\"10187\" data-permalink=\"https:\/\/sarimelekler.biz\/?attachment_id=10187\" data-orig-file=\"https:\/\/sarimelekler.biz\/wp-content\/uploads\/2019\/02\/6-18-19-CL-6.jpg\" data-orig-size=\"1080,1080\" data-comments-opened=\"0\" data-image-meta=\"{&quot;aperture&quot;:&quot;0&quot;,&quot;credit&quot;:&quot;&quot;,&quot;camera&quot;:&quot;&quot;,&quot;caption&quot;:&quot;&quot;,&quot;created_timestamp&quot;:&quot;0&quot;,&quot;copyright&quot;:&quot;&quot;,&quot;focal_length&quot;:&quot;0&quot;,&quot;iso&quot;:&quot;0&quot;,&quot;shutter_speed&quot;:&quot;0&quot;,&quot;title&quot;:&quot;&quot;,&quot;orientation&quot;:&quot;0&quot;}\" data-image-title=\"6- 18-19 CL (6)\" data-image-description=\"\" data-image-caption=\"\" data-large-file=\"https:\/\/sarimelekler.biz\/wp-content\/uploads\/2019\/02\/6-18-19-CL-6-1024x1024.jpg\" \/><\/a>\n\t\t\t<\/dt><\/dl><dl class='gallery-item'>\n\t\t\t<dt class='gallery-icon landscape'>\n\t\t\t\t<a href='https:\/\/sarimelekler.biz\/?attachment_id=10188'><img loading=\"lazy\" decoding=\"async\" width=\"150\" height=\"150\" src=\"https:\/\/sarimelekler.biz\/wp-content\/uploads\/2019\/02\/6-18-19-CL-7-150x150.jpg\" class=\"attachment-thumbnail size-thumbnail\" alt=\"\" srcset=\"https:\/\/sarimelekler.biz\/wp-content\/uploads\/2019\/02\/6-18-19-CL-7-150x150.jpg 150w, https:\/\/sarimelekler.biz\/wp-content\/uploads\/2019\/02\/6-18-19-CL-7-300x300.jpg 300w, https:\/\/sarimelekler.biz\/wp-content\/uploads\/2019\/02\/6-18-19-CL-7-768x768.jpg 768w, https:\/\/sarimelekler.biz\/wp-content\/uploads\/2019\/02\/6-18-19-CL-7-1024x1024.jpg 1024w, https:\/\/sarimelekler.biz\/wp-content\/uploads\/2019\/02\/6-18-19-CL-7.jpg 1080w\" sizes=\"auto, (max-width: 150px) 100vw, 150px\" data-attachment-id=\"10188\" data-permalink=\"https:\/\/sarimelekler.biz\/?attachment_id=10188\" data-orig-file=\"https:\/\/sarimelekler.biz\/wp-content\/uploads\/2019\/02\/6-18-19-CL-7.jpg\" data-orig-size=\"1080,1080\" data-comments-opened=\"0\" data-image-meta=\"{&quot;aperture&quot;:&quot;0&quot;,&quot;credit&quot;:&quot;&quot;,&quot;camera&quot;:&quot;&quot;,&quot;caption&quot;:&quot;&quot;,&quot;created_timestamp&quot;:&quot;0&quot;,&quot;copyright&quot;:&quot;&quot;,&quot;focal_length&quot;:&quot;0&quot;,&quot;iso&quot;:&quot;0&quot;,&quot;shutter_speed&quot;:&quot;0&quot;,&quot;title&quot;:&quot;&quot;,&quot;orientation&quot;:&quot;0&quot;}\" data-image-title=\"6- 18-19 CL (7)\" data-image-description=\"\" data-image-caption=\"\" data-large-file=\"https:\/\/sarimelekler.biz\/wp-content\/uploads\/2019\/02\/6-18-19-CL-7-1024x1024.jpg\" \/><\/a>\n\t\t\t<\/dt><\/dl><dl class='gallery-item'>\n\t\t\t<dt class='gallery-icon landscape'>\n\t\t\t\t<a href='https:\/\/sarimelekler.biz\/?attachment_id=10189'><img loading=\"lazy\" decoding=\"async\" width=\"150\" height=\"150\" src=\"https:\/\/sarimelekler.biz\/wp-content\/uploads\/2019\/02\/6-18-19-CL-8-150x150.jpg\" class=\"attachment-thumbnail size-thumbnail\" alt=\"\" data-attachment-id=\"10189\" data-permalink=\"https:\/\/sarimelekler.biz\/?attachment_id=10189\" data-orig-file=\"https:\/\/sarimelekler.biz\/wp-content\/uploads\/2019\/02\/6-18-19-CL-8.jpg\" data-orig-size=\"1920,1080\" data-comments-opened=\"0\" data-image-meta=\"{&quot;aperture&quot;:&quot;0&quot;,&quot;credit&quot;:&quot;&quot;,&quot;camera&quot;:&quot;&quot;,&quot;caption&quot;:&quot;&quot;,&quot;created_timestamp&quot;:&quot;0&quot;,&quot;copyright&quot;:&quot;&quot;,&quot;focal_length&quot;:&quot;0&quot;,&quot;iso&quot;:&quot;0&quot;,&quot;shutter_speed&quot;:&quot;0&quot;,&quot;title&quot;:&quot;&quot;,&quot;orientation&quot;:&quot;0&quot;}\" data-image-title=\"6- 18-19 CL (8)\" data-image-description=\"\" data-image-caption=\"\" data-large-file=\"https:\/\/sarimelekler.biz\/wp-content\/uploads\/2019\/02\/6-18-19-CL-8-1024x576.jpg\" \/><\/a>\n\t\t\t<\/dt><\/dl><dl class='gallery-item'>\n\t\t\t<dt class='gallery-icon landscape'>\n\t\t\t\t<a href='https:\/\/sarimelekler.biz\/?attachment_id=10190'><img loading=\"lazy\" decoding=\"async\" width=\"150\" height=\"150\" src=\"https:\/\/sarimelekler.biz\/wp-content\/uploads\/2019\/02\/6-18-19-CL-9-150x150.jpg\" class=\"attachment-thumbnail size-thumbnail\" alt=\"\" data-attachment-id=\"10190\" data-permalink=\"https:\/\/sarimelekler.biz\/?attachment_id=10190\" data-orig-file=\"https:\/\/sarimelekler.biz\/wp-content\/uploads\/2019\/02\/6-18-19-CL-9.jpg\" data-orig-size=\"1920,1080\" data-comments-opened=\"0\" data-image-meta=\"{&quot;aperture&quot;:&quot;0&quot;,&quot;credit&quot;:&quot;&quot;,&quot;camera&quot;:&quot;&quot;,&quot;caption&quot;:&quot;&quot;,&quot;created_timestamp&quot;:&quot;0&quot;,&quot;copyright&quot;:&quot;&quot;,&quot;focal_length&quot;:&quot;0&quot;,&quot;iso&quot;:&quot;0&quot;,&quot;shutter_speed&quot;:&quot;0&quot;,&quot;title&quot;:&quot;&quot;,&quot;orientation&quot;:&quot;0&quot;}\" data-image-title=\"6- 18-19 CL (9)\" data-image-description=\"\" data-image-caption=\"\" data-large-file=\"https:\/\/sarimelekler.biz\/wp-content\/uploads\/2019\/02\/6-18-19-CL-9-1024x576.jpg\" \/><\/a>\n\t\t\t<\/dt><\/dl><dl class='gallery-item'>\n\t\t\t<dt class='gallery-icon landscape'>\n\t\t\t\t<a href='https:\/\/sarimelekler.biz\/?attachment_id=10191'><img loading=\"lazy\" decoding=\"async\" width=\"150\" height=\"150\" src=\"https:\/\/sarimelekler.biz\/wp-content\/uploads\/2019\/02\/6-18-19-CL-10-150x150.jpg\" class=\"attachment-thumbnail size-thumbnail\" alt=\"\" data-attachment-id=\"10191\" data-permalink=\"https:\/\/sarimelekler.biz\/?attachment_id=10191\" data-orig-file=\"https:\/\/sarimelekler.biz\/wp-content\/uploads\/2019\/02\/6-18-19-CL-10.jpg\" data-orig-size=\"1920,1080\" data-comments-opened=\"0\" data-image-meta=\"{&quot;aperture&quot;:&quot;0&quot;,&quot;credit&quot;:&quot;&quot;,&quot;camera&quot;:&quot;&quot;,&quot;caption&quot;:&quot;&quot;,&quot;created_timestamp&quot;:&quot;0&quot;,&quot;copyright&quot;:&quot;&quot;,&quot;focal_length&quot;:&quot;0&quot;,&quot;iso&quot;:&quot;0&quot;,&quot;shutter_speed&quot;:&quot;0&quot;,&quot;title&quot;:&quot;&quot;,&quot;orientation&quot;:&quot;0&quot;}\" data-image-title=\"6- 18-19 CL (10)\" data-image-description=\"\" data-image-caption=\"\" data-large-file=\"https:\/\/sarimelekler.biz\/wp-content\/uploads\/2019\/02\/6-18-19-CL-10-1024x576.jpg\" \/><\/a>\n\t\t\t<\/dt><\/dl><br style=\"clear: both\" \/><dl class='gallery-item'>\n\t\t\t<dt class='gallery-icon landscape'>\n\t\t\t\t<a href='https:\/\/sarimelekler.biz\/?attachment_id=10192'><img loading=\"lazy\" decoding=\"async\" width=\"150\" height=\"150\" src=\"https:\/\/sarimelekler.biz\/wp-content\/uploads\/2019\/02\/6-18-19-CL-11-150x150.jpg\" class=\"attachment-thumbnail size-thumbnail\" alt=\"\" data-attachment-id=\"10192\" data-permalink=\"https:\/\/sarimelekler.biz\/?attachment_id=10192\" data-orig-file=\"https:\/\/sarimelekler.biz\/wp-content\/uploads\/2019\/02\/6-18-19-CL-11.jpg\" data-orig-size=\"1920,1080\" data-comments-opened=\"0\" data-image-meta=\"{&quot;aperture&quot;:&quot;0&quot;,&quot;credit&quot;:&quot;&quot;,&quot;camera&quot;:&quot;&quot;,&quot;caption&quot;:&quot;&quot;,&quot;created_timestamp&quot;:&quot;0&quot;,&quot;copyright&quot;:&quot;&quot;,&quot;focal_length&quot;:&quot;0&quot;,&quot;iso&quot;:&quot;0&quot;,&quot;shutter_speed&quot;:&quot;0&quot;,&quot;title&quot;:&quot;&quot;,&quot;orientation&quot;:&quot;0&quot;}\" data-image-title=\"6- 18-19 CL (11)\" data-image-description=\"\" data-image-caption=\"\" data-large-file=\"https:\/\/sarimelekler.biz\/wp-content\/uploads\/2019\/02\/6-18-19-CL-11-1024x576.jpg\" \/><\/a>\n\t\t\t<\/dt><\/dl><dl class='gallery-item'>\n\t\t\t<dt class='gallery-icon landscape'>\n\t\t\t\t<a href='https:\/\/sarimelekler.biz\/?attachment_id=10193'><img loading=\"lazy\" decoding=\"async\" width=\"150\" height=\"150\" src=\"https:\/\/sarimelekler.biz\/wp-content\/uploads\/2019\/02\/6-18-19-CL-12-150x150.jpg\" class=\"attachment-thumbnail size-thumbnail\" alt=\"\" data-attachment-id=\"10193\" data-permalink=\"https:\/\/sarimelekler.biz\/?attachment_id=10193\" data-orig-file=\"https:\/\/sarimelekler.biz\/wp-content\/uploads\/2019\/02\/6-18-19-CL-12.jpg\" data-orig-size=\"1920,1080\" data-comments-opened=\"0\" data-image-meta=\"{&quot;aperture&quot;:&quot;2.8&quot;,&quot;credit&quot;:&quot;Marius Stoianov&quot;,&quot;camera&quot;:&quot;ILCE-7M3&quot;,&quot;caption&quot;:&quot;&quot;,&quot;created_timestamp&quot;:&quot;1551214724&quot;,&quot;copyright&quot;:&quot;stoianov.ro&quot;,&quot;focal_length&quot;:&quot;31&quot;,&quot;iso&quot;:&quot;1000&quot;,&quot;shutter_speed&quot;:&quot;0.004&quot;,&quot;title&quot;:&quot;&quot;,&quot;orientation&quot;:&quot;1&quot;}\" data-image-title=\"6- 18-19 CL (12)\" data-image-description=\"\" data-image-caption=\"\" data-large-file=\"https:\/\/sarimelekler.biz\/wp-content\/uploads\/2019\/02\/6-18-19-CL-12-1024x576.jpg\" \/><\/a>\n\t\t\t<\/dt><\/dl><dl class='gallery-item'>\n\t\t\t<dt class='gallery-icon landscape'>\n\t\t\t\t<a href='https:\/\/sarimelekler.biz\/?attachment_id=10194'><img loading=\"lazy\" decoding=\"async\" width=\"150\" height=\"150\" src=\"https:\/\/sarimelekler.biz\/wp-content\/uploads\/2019\/02\/6-18-19-CL-13-150x150.jpg\" class=\"attachment-thumbnail size-thumbnail\" alt=\"\" aria-describedby=\"gallery-1-10194\" data-attachment-id=\"10194\" data-permalink=\"https:\/\/sarimelekler.biz\/?attachment_id=10194\" data-orig-file=\"https:\/\/sarimelekler.biz\/wp-content\/uploads\/2019\/02\/6-18-19-CL-13.jpg\" data-orig-size=\"4724,3543\" data-comments-opened=\"0\" data-image-meta=\"{&quot;aperture&quot;:&quot;2.8&quot;,&quot;credit&quot;:&quot;Razvan Pasarica\/SPORT PICTURES&quot;,&quot;camera&quot;:&quot;NIKON D500&quot;,&quot;caption&quot;:&quot;Bucurie Fener in meciul de volei feminin dintre CSM Bucuresti si Fenerbahce Istanbul SK, contand pentru Liga Campionilor, desfasurat in Sala Polivalenta-Ioan Kunst Ghermanescu din Bucuresti, marti 26 februarie 2019. \\u00a9 FOTO Razvan Pasarica\/SPORT PICTURES&quot;,&quot;created_timestamp&quot;:&quot;1551204384&quot;,&quot;copyright&quot;:&quot;Razvan Pasarica\/SPORT PICTURES&quot;,&quot;focal_length&quot;:&quot;135&quot;,&quot;iso&quot;:&quot;1600&quot;,&quot;shutter_speed&quot;:&quot;0.00125&quot;,&quot;title&quot;:&quot;VOLEI FEMININ:CSM BUCURESTI-FENERBAHCE ISTANBUL SK, LIGA CAMPIONILOR  (26.02.2019)&quot;,&quot;orientation&quot;:&quot;1&quot;}\" data-image-title=\"VOLEI FEMININ:CSM BUCURESTI-FENERBAHCE ISTANBUL SK, LIGA CAMPIONILOR  (26.02.2019)\" data-image-description=\"\" data-image-caption=\"&lt;p&gt;Bucurie Fener in meciul de volei feminin dintre CSM Bucuresti si Fenerbahce Istanbul SK, contand pentru Liga Campionilor, desfasurat in Sala Polivalenta-Ioan Kunst Ghermanescu din Bucuresti, marti 26 februarie 2019. \u00a9 FOTO Razvan Pasarica\/SPORT PICTURES&lt;\/p&gt;\n\" data-large-file=\"https:\/\/sarimelekler.biz\/wp-content\/uploads\/2019\/02\/6-18-19-CL-13-1024x768.jpg\" \/><\/a>\n\t\t\t<\/dt>\n\t\t\t\t<dd class='wp-caption-text gallery-caption' id='gallery-1-10194'>\n\t\t\t\tBucurie Fener in meciul de volei feminin dintre CSM Bucuresti si Fenerbahce Istanbul SK, contand pentru Liga Campionilor, desfasurat in Sala Polivalenta-Ioan Kunst Ghermanescu din Bucuresti, marti 26 februarie 2019. \u00a9 FOTO Razvan Pasarica\/SPORT PICTURES\n\t\t\t\t<\/dd><\/dl><dl class='gallery-item'>\n\t\t\t<dt class='gallery-icon landscape'>\n\t\t\t\t<a href='https:\/\/sarimelekler.biz\/?attachment_id=10195'><img loading=\"lazy\" decoding=\"async\" width=\"150\" height=\"150\" src=\"https:\/\/sarimelekler.biz\/wp-content\/uploads\/2019\/02\/6-18-19-CL-14-150x150.jpg\" class=\"attachment-thumbnail size-thumbnail\" alt=\"\" aria-describedby=\"gallery-1-10195\" data-attachment-id=\"10195\" data-permalink=\"https:\/\/sarimelekler.biz\/?attachment_id=10195\" data-orig-file=\"https:\/\/sarimelekler.biz\/wp-content\/uploads\/2019\/02\/6-18-19-CL-14.jpg\" data-orig-size=\"4724,3543\" data-comments-opened=\"0\" data-image-meta=\"{&quot;aperture&quot;:&quot;2.8&quot;,&quot;credit&quot;:&quot;Razvan Pasarica\/SPORT PICTURES&quot;,&quot;camera&quot;:&quot;NIKON D500&quot;,&quot;caption&quot;:&quot;Faza in meciul de volei feminin dintre CSM Bucuresti si Fenerbahce Istanbul SK, contand pentru Liga Campionilor, desfasurat in Sala Polivalenta-Ioan Kunst Ghermanescu din Bucuresti, marti 26 februarie 2019. \\u00a9 FOTO Razvan Pasarica\/SPORT PICTURES&quot;,&quot;created_timestamp&quot;:&quot;1551205068&quot;,&quot;copyright&quot;:&quot;Razvan Pasarica\/SPORT PICTURES&quot;,&quot;focal_length&quot;:&quot;130&quot;,&quot;iso&quot;:&quot;1600&quot;,&quot;shutter_speed&quot;:&quot;0.00125&quot;,&quot;title&quot;:&quot;VOLEI FEMININ:CSM BUCURESTI-FENERBAHCE ISTANBUL SK, LIGA CAMPIONILOR  (26.02.2019)&quot;,&quot;orientation&quot;:&quot;1&quot;}\" data-image-title=\"VOLEI FEMININ:CSM BUCURESTI-FENERBAHCE ISTANBUL SK, LIGA CAMPIONILOR  (26.02.2019)\" data-image-description=\"\" data-image-caption=\"&lt;p&gt;Faza in meciul de volei feminin dintre CSM Bucuresti si Fenerbahce Istanbul SK, contand pentru Liga Campionilor, desfasurat in Sala Polivalenta-Ioan Kunst Ghermanescu din Bucuresti, marti 26 februarie 2019. \u00a9 FOTO Razvan Pasarica\/SPORT PICTURES&lt;\/p&gt;\n\" data-large-file=\"https:\/\/sarimelekler.biz\/wp-content\/uploads\/2019\/02\/6-18-19-CL-14-1024x768.jpg\" \/><\/a>\n\t\t\t<\/dt>\n\t\t\t\t<dd class='wp-caption-text gallery-caption' id='gallery-1-10195'>\n\t\t\t\tFaza in meciul de volei feminin dintre CSM Bucuresti si Fenerbahce Istanbul SK, contand pentru Liga Campionilor, desfasurat in Sala Polivalenta-Ioan Kunst Ghermanescu din Bucuresti, marti 26 februarie 2019. \u00a9 FOTO Razvan Pasarica\/SPORT PICTURES\n\t\t\t\t<\/dd><\/dl><dl class='gallery-item'>\n\t\t\t<dt class='gallery-icon landscape'>\n\t\t\t\t<a href='https:\/\/sarimelekler.biz\/?attachment_id=10196'><img loading=\"lazy\" decoding=\"async\" width=\"150\" height=\"150\" src=\"https:\/\/sarimelekler.biz\/wp-content\/uploads\/2019\/02\/6-18-19-CL-15-150x150.jpg\" class=\"attachment-thumbnail size-thumbnail\" alt=\"\" aria-describedby=\"gallery-1-10196\" data-attachment-id=\"10196\" data-permalink=\"https:\/\/sarimelekler.biz\/?attachment_id=10196\" data-orig-file=\"https:\/\/sarimelekler.biz\/wp-content\/uploads\/2019\/02\/6-18-19-CL-15.jpg\" data-orig-size=\"4724,3543\" data-comments-opened=\"0\" data-image-meta=\"{&quot;aperture&quot;:&quot;2.8&quot;,&quot;credit&quot;:&quot;Razvan Pasarica\/SPORT PICTURES&quot;,&quot;camera&quot;:&quot;NIKON D500&quot;,&quot;caption&quot;:&quot;Zoran Terzic in meciul de volei feminin dintre CSM Bucuresti si Fenerbahce Istanbul SK, contand pentru Liga Campionilor, desfasurat in Sala Polivalenta-Ioan Kunst Ghermanescu din Bucuresti, marti 26 februarie 2019. \\u00a9 FOTO Razvan Pasarica\/SPORT PICTURES&quot;,&quot;created_timestamp&quot;:&quot;1551205969&quot;,&quot;copyright&quot;:&quot;Razvan Pasarica\/SPORT PICTURES&quot;,&quot;focal_length&quot;:&quot;200&quot;,&quot;iso&quot;:&quot;1600&quot;,&quot;shutter_speed&quot;:&quot;0.00125&quot;,&quot;title&quot;:&quot;VOLEI FEMININ:CSM BUCURESTI-FENERBAHCE ISTANBUL SK, LIGA CAMPIONILOR  (26.02.2019)&quot;,&quot;orientation&quot;:&quot;1&quot;}\" data-image-title=\"VOLEI FEMININ:CSM BUCURESTI-FENERBAHCE ISTANBUL SK, LIGA CAMPIONILOR  (26.02.2019)\" data-image-description=\"\" data-image-caption=\"&lt;p&gt;Zoran Terzic in meciul de volei feminin dintre CSM Bucuresti si Fenerbahce Istanbul SK, contand pentru Liga Campionilor, desfasurat in Sala Polivalenta-Ioan Kunst Ghermanescu din Bucuresti, marti 26 februarie 2019. \u00a9 FOTO Razvan Pasarica\/SPORT PICTURES&lt;\/p&gt;\n\" data-large-file=\"https:\/\/sarimelekler.biz\/wp-content\/uploads\/2019\/02\/6-18-19-CL-15-1024x768.jpg\" \/><\/a>\n\t\t\t<\/dt>\n\t\t\t\t<dd class='wp-caption-text gallery-caption' id='gallery-1-10196'>\n\t\t\t\tZoran Terzic in meciul de volei feminin dintre CSM Bucuresti si Fenerbahce Istanbul SK, contand pentru Liga Campionilor, desfasurat in Sala Polivalenta-Ioan Kunst Ghermanescu din Bucuresti, marti 26 februarie 2019. \u00a9 FOTO Razvan Pasarica\/SPORT PICTURES\n\t\t\t\t<\/dd><\/dl><br style=\"clear: both\" \/><dl class='gallery-item'>\n\t\t\t<dt class='gallery-icon landscape'>\n\t\t\t\t<a href='https:\/\/sarimelekler.biz\/?attachment_id=10197'><img loading=\"lazy\" decoding=\"async\" width=\"150\" height=\"150\" src=\"https:\/\/sarimelekler.biz\/wp-content\/uploads\/2019\/02\/6-18-19-CL-16-150x150.jpg\" class=\"attachment-thumbnail size-thumbnail\" alt=\"\" aria-describedby=\"gallery-1-10197\" data-attachment-id=\"10197\" data-permalink=\"https:\/\/sarimelekler.biz\/?attachment_id=10197\" data-orig-file=\"https:\/\/sarimelekler.biz\/wp-content\/uploads\/2019\/02\/6-18-19-CL-16.jpg\" data-orig-size=\"4724,3543\" data-comments-opened=\"0\" data-image-meta=\"{&quot;aperture&quot;:&quot;2.8&quot;,&quot;credit&quot;:&quot;&quot;,&quot;camera&quot;:&quot;NIKON D500&quot;,&quot;caption&quot;:&quot;Faza in meciul de volei feminin dintre CSM Bucuresti si Fenerbahce Istanbul SK, contand pentru Liga Campionilor, desfasurat in Sala Polivalenta-Ioan Kunst Ghermanescu din Bucuresti, marti 26 februarie 2019. \\u00a9 FOTO Razvan Pasarica\/SPORT PICTURES&quot;,&quot;created_timestamp&quot;:&quot;1551208166&quot;,&quot;copyright&quot;:&quot;&quot;,&quot;focal_length&quot;:&quot;195&quot;,&quot;iso&quot;:&quot;1600&quot;,&quot;shutter_speed&quot;:&quot;0.00125&quot;,&quot;title&quot;:&quot;&quot;,&quot;orientation&quot;:&quot;1&quot;}\" data-image-title=\"6- 18-19 CL (16)\" data-image-description=\"\" data-image-caption=\"&lt;p&gt;Faza in meciul de volei feminin dintre CSM Bucuresti si Fenerbahce Istanbul SK, contand pentru Liga Campionilor, desfasurat in Sala Polivalenta-Ioan Kunst Ghermanescu din Bucuresti, marti 26 februarie 2019. \u00a9 FOTO Razvan Pasarica\/SPORT PICTURES&lt;\/p&gt;\n\" data-large-file=\"https:\/\/sarimelekler.biz\/wp-content\/uploads\/2019\/02\/6-18-19-CL-16-1024x768.jpg\" \/><\/a>\n\t\t\t<\/dt>\n\t\t\t\t<dd class='wp-caption-text gallery-caption' id='gallery-1-10197'>\n\t\t\t\tFaza in meciul de volei feminin dintre CSM Bucuresti si Fenerbahce Istanbul SK, contand pentru Liga Campionilor, desfasurat in Sala Polivalenta-Ioan Kunst Ghermanescu din Bucuresti, marti 26 februarie 2019. \u00a9 FOTO Razvan Pasarica\/SPORT PICTURES\n\t\t\t\t<\/dd><\/dl><dl class='gallery-item'>\n\t\t\t<dt class='gallery-icon landscape'>\n\t\t\t\t<a href='https:\/\/sarimelekler.biz\/?attachment_id=10198'><img loading=\"lazy\" decoding=\"async\" width=\"150\" height=\"150\" src=\"https:\/\/sarimelekler.biz\/wp-content\/uploads\/2019\/02\/6-18-19-CL-17-150x150.jpg\" class=\"attachment-thumbnail size-thumbnail\" alt=\"\" aria-describedby=\"gallery-1-10198\" data-attachment-id=\"10198\" data-permalink=\"https:\/\/sarimelekler.biz\/?attachment_id=10198\" data-orig-file=\"https:\/\/sarimelekler.biz\/wp-content\/uploads\/2019\/02\/6-18-19-CL-17.jpg\" data-orig-size=\"4724,3543\" data-comments-opened=\"0\" data-image-meta=\"{&quot;aperture&quot;:&quot;2.8&quot;,&quot;credit&quot;:&quot;&quot;,&quot;camera&quot;:&quot;NIKON D500&quot;,&quot;caption&quot;:&quot;Faza in meciul de volei feminin dintre CSM Bucuresti si Fenerbahce Istanbul SK, contand pentru Liga Campionilor, desfasurat in Sala Polivalenta-Ioan Kunst Ghermanescu din Bucuresti, marti 26 februarie 2019. \\u00a9 FOTO Razvan Pasarica\/SPORT PICTURES&quot;,&quot;created_timestamp&quot;:&quot;1551208386&quot;,&quot;copyright&quot;:&quot;&quot;,&quot;focal_length&quot;:&quot;180&quot;,&quot;iso&quot;:&quot;1600&quot;,&quot;shutter_speed&quot;:&quot;0.001&quot;,&quot;title&quot;:&quot;&quot;,&quot;orientation&quot;:&quot;1&quot;}\" data-image-title=\"6- 18-19 CL (17)\" data-image-description=\"\" data-image-caption=\"&lt;p&gt;Faza in meciul de volei feminin dintre CSM Bucuresti si Fenerbahce Istanbul SK, contand pentru Liga Campionilor, desfasurat in Sala Polivalenta-Ioan Kunst Ghermanescu din Bucuresti, marti 26 februarie 2019. \u00a9 FOTO Razvan Pasarica\/SPORT PICTURES&lt;\/p&gt;\n\" data-large-file=\"https:\/\/sarimelekler.biz\/wp-content\/uploads\/2019\/02\/6-18-19-CL-17-1024x768.jpg\" \/><\/a>\n\t\t\t<\/dt>\n\t\t\t\t<dd class='wp-caption-text gallery-caption' id='gallery-1-10198'>\n\t\t\t\tFaza in meciul de volei feminin dintre CSM Bucuresti si Fenerbahce Istanbul SK, contand pentru Liga Campionilor, desfasurat in Sala Polivalenta-Ioan Kunst Ghermanescu din Bucuresti, marti 26 februarie 2019. \u00a9 FOTO Razvan Pasarica\/SPORT PICTURES\n\t\t\t\t<\/dd><\/dl><dl class='gallery-item'>\n\t\t\t<dt class='gallery-icon landscape'>\n\t\t\t\t<a href='https:\/\/sarimelekler.biz\/?attachment_id=10199'><img loading=\"lazy\" decoding=\"async\" width=\"150\" height=\"150\" src=\"https:\/\/sarimelekler.biz\/wp-content\/uploads\/2019\/02\/6-18-19-CL-18-150x150.jpg\" class=\"attachment-thumbnail size-thumbnail\" alt=\"\" aria-describedby=\"gallery-1-10199\" data-attachment-id=\"10199\" data-permalink=\"https:\/\/sarimelekler.biz\/?attachment_id=10199\" data-orig-file=\"https:\/\/sarimelekler.biz\/wp-content\/uploads\/2019\/02\/6-18-19-CL-18.jpg\" data-orig-size=\"4724,3543\" data-comments-opened=\"0\" data-image-meta=\"{&quot;aperture&quot;:&quot;2.8&quot;,&quot;credit&quot;:&quot;&quot;,&quot;camera&quot;:&quot;NIKON D500&quot;,&quot;caption&quot;:&quot;Faza in meciul de volei feminin dintre CSM Bucuresti si Fenerbahce Istanbul SK, contand pentru Liga Campionilor, desfasurat in Sala Polivalenta-Ioan Kunst Ghermanescu din Bucuresti, marti 26 februarie 2019. \\u00a9 FOTO Razvan Pasarica\/SPORT PICTURES&quot;,&quot;created_timestamp&quot;:&quot;1551208511&quot;,&quot;copyright&quot;:&quot;&quot;,&quot;focal_length&quot;:&quot;155&quot;,&quot;iso&quot;:&quot;1600&quot;,&quot;shutter_speed&quot;:&quot;0.001&quot;,&quot;title&quot;:&quot;&quot;,&quot;orientation&quot;:&quot;1&quot;}\" data-image-title=\"6- 18-19 CL (18)\" data-image-description=\"\" data-image-caption=\"&lt;p&gt;Faza in meciul de volei feminin dintre CSM Bucuresti si Fenerbahce Istanbul SK, contand pentru Liga Campionilor, desfasurat in Sala Polivalenta-Ioan Kunst Ghermanescu din Bucuresti, marti 26 februarie 2019. \u00a9 FOTO Razvan Pasarica\/SPORT PICTURES&lt;\/p&gt;\n\" data-large-file=\"https:\/\/sarimelekler.biz\/wp-content\/uploads\/2019\/02\/6-18-19-CL-18-1024x768.jpg\" \/><\/a>\n\t\t\t<\/dt>\n\t\t\t\t<dd class='wp-caption-text gallery-caption' id='gallery-1-10199'>\n\t\t\t\tFaza in meciul de volei feminin dintre CSM Bucuresti si Fenerbahce Istanbul SK, contand pentru Liga Campionilor, desfasurat in Sala Polivalenta-Ioan Kunst Ghermanescu din Bucuresti, marti 26 februarie 2019. \u00a9 FOTO Razvan Pasarica\/SPORT PICTURES\n\t\t\t\t<\/dd><\/dl><dl class='gallery-item'>\n\t\t\t<dt class='gallery-icon landscape'>\n\t\t\t\t<a href='https:\/\/sarimelekler.biz\/?attachment_id=10200'><img loading=\"lazy\" decoding=\"async\" width=\"150\" height=\"150\" src=\"https:\/\/sarimelekler.biz\/wp-content\/uploads\/2019\/02\/6-18-19-CL-19-150x150.jpg\" class=\"attachment-thumbnail size-thumbnail\" alt=\"\" aria-describedby=\"gallery-1-10200\" data-attachment-id=\"10200\" data-permalink=\"https:\/\/sarimelekler.biz\/?attachment_id=10200\" data-orig-file=\"https:\/\/sarimelekler.biz\/wp-content\/uploads\/2019\/02\/6-18-19-CL-19.jpg\" data-orig-size=\"4724,3543\" data-comments-opened=\"0\" data-image-meta=\"{&quot;aperture&quot;:&quot;2.8&quot;,&quot;credit&quot;:&quot;&quot;,&quot;camera&quot;:&quot;NIKON D500&quot;,&quot;caption&quot;:&quot;Faza in meciul de volei feminin dintre CSM Bucuresti si Fenerbahce Istanbul SK, contand pentru Liga Campionilor, desfasurat in Sala Polivalenta-Ioan Kunst Ghermanescu din Bucuresti, marti 26 februarie 2019. \\u00a9 FOTO Razvan Pasarica\/SPORT PICTURES&quot;,&quot;created_timestamp&quot;:&quot;1551208665&quot;,&quot;copyright&quot;:&quot;&quot;,&quot;focal_length&quot;:&quot;180&quot;,&quot;iso&quot;:&quot;1600&quot;,&quot;shutter_speed&quot;:&quot;0.001&quot;,&quot;title&quot;:&quot;&quot;,&quot;orientation&quot;:&quot;1&quot;}\" data-image-title=\"6- 18-19 CL (19)\" data-image-description=\"\" data-image-caption=\"&lt;p&gt;Faza in meciul de volei feminin dintre CSM Bucuresti si Fenerbahce Istanbul SK, contand pentru Liga Campionilor, desfasurat in Sala Polivalenta-Ioan Kunst Ghermanescu din Bucuresti, marti 26 februarie 2019. \u00a9 FOTO Razvan Pasarica\/SPORT PICTURES&lt;\/p&gt;\n\" data-large-file=\"https:\/\/sarimelekler.biz\/wp-content\/uploads\/2019\/02\/6-18-19-CL-19-1024x768.jpg\" \/><\/a>\n\t\t\t<\/dt>\n\t\t\t\t<dd class='wp-caption-text gallery-caption' id='gallery-1-10200'>\n\t\t\t\tFaza in meciul de volei feminin dintre CSM Bucuresti si Fenerbahce Istanbul SK, contand pentru Liga Campionilor, desfasurat in Sala Polivalenta-Ioan Kunst Ghermanescu din Bucuresti, marti 26 februarie 2019. \u00a9 FOTO Razvan Pasarica\/SPORT PICTURES\n\t\t\t\t<\/dd><\/dl><dl class='gallery-item'>\n\t\t\t<dt class='gallery-icon landscape'>\n\t\t\t\t<a href='https:\/\/sarimelekler.biz\/?attachment_id=10201'><img loading=\"lazy\" decoding=\"async\" width=\"150\" height=\"150\" src=\"https:\/\/sarimelekler.biz\/wp-content\/uploads\/2019\/02\/6-18-19-CL-20-150x150.jpg\" class=\"attachment-thumbnail size-thumbnail\" alt=\"\" data-attachment-id=\"10201\" data-permalink=\"https:\/\/sarimelekler.biz\/?attachment_id=10201\" data-orig-file=\"https:\/\/sarimelekler.biz\/wp-content\/uploads\/2019\/02\/6-18-19-CL-20.jpg\" data-orig-size=\"1920,1080\" data-comments-opened=\"0\" data-image-meta=\"{&quot;aperture&quot;:&quot;0&quot;,&quot;credit&quot;:&quot;&quot;,&quot;camera&quot;:&quot;&quot;,&quot;caption&quot;:&quot;&quot;,&quot;created_timestamp&quot;:&quot;0&quot;,&quot;copyright&quot;:&quot;&quot;,&quot;focal_length&quot;:&quot;0&quot;,&quot;iso&quot;:&quot;0&quot;,&quot;shutter_speed&quot;:&quot;0&quot;,&quot;title&quot;:&quot;&quot;,&quot;orientation&quot;:&quot;0&quot;}\" data-image-title=\"6- 18-19 CL (20)\" data-image-description=\"\" data-image-caption=\"\" data-large-file=\"https:\/\/sarimelekler.biz\/wp-content\/uploads\/2019\/02\/6-18-19-CL-20-1024x576.jpg\" \/><\/a>\n\t\t\t<\/dt><\/dl><br style=\"clear: both\" \/><dl class='gallery-item'>\n\t\t\t<dt class='gallery-icon landscape'>\n\t\t\t\t<a href='https:\/\/sarimelekler.biz\/?attachment_id=10202'><img loading=\"lazy\" decoding=\"async\" width=\"150\" height=\"150\" src=\"https:\/\/sarimelekler.biz\/wp-content\/uploads\/2019\/02\/6-18-19-CL-21-150x150.jpg\" class=\"attachment-thumbnail size-thumbnail\" alt=\"\" data-attachment-id=\"10202\" data-permalink=\"https:\/\/sarimelekler.biz\/?attachment_id=10202\" data-orig-file=\"https:\/\/sarimelekler.biz\/wp-content\/uploads\/2019\/02\/6-18-19-CL-21.jpg\" data-orig-size=\"1920,1080\" data-comments-opened=\"0\" data-image-meta=\"{&quot;aperture&quot;:&quot;0&quot;,&quot;credit&quot;:&quot;&quot;,&quot;camera&quot;:&quot;&quot;,&quot;caption&quot;:&quot;&quot;,&quot;created_timestamp&quot;:&quot;0&quot;,&quot;copyright&quot;:&quot;&quot;,&quot;focal_length&quot;:&quot;0&quot;,&quot;iso&quot;:&quot;0&quot;,&quot;shutter_speed&quot;:&quot;0&quot;,&quot;title&quot;:&quot;&quot;,&quot;orientation&quot;:&quot;0&quot;}\" data-image-title=\"6- 18-19 CL (21)\" data-image-description=\"\" data-image-caption=\"\" data-large-file=\"https:\/\/sarimelekler.biz\/wp-content\/uploads\/2019\/02\/6-18-19-CL-21-1024x576.jpg\" \/><\/a>\n\t\t\t<\/dt><\/dl><dl class='gallery-item'>\n\t\t\t<dt class='gallery-icon landscape'>\n\t\t\t\t<a href='https:\/\/sarimelekler.biz\/?attachment_id=10203'><img loading=\"lazy\" decoding=\"async\" width=\"150\" height=\"150\" src=\"https:\/\/sarimelekler.biz\/wp-content\/uploads\/2019\/02\/6-18-19-CL-22-150x150.jpg\" class=\"attachment-thumbnail size-thumbnail\" alt=\"\" data-attachment-id=\"10203\" data-permalink=\"https:\/\/sarimelekler.biz\/?attachment_id=10203\" data-orig-file=\"https:\/\/sarimelekler.biz\/wp-content\/uploads\/2019\/02\/6-18-19-CL-22.jpg\" data-orig-size=\"1920,1080\" data-comments-opened=\"0\" data-image-meta=\"{&quot;aperture&quot;:&quot;0&quot;,&quot;credit&quot;:&quot;&quot;,&quot;camera&quot;:&quot;&quot;,&quot;caption&quot;:&quot;&quot;,&quot;created_timestamp&quot;:&quot;0&quot;,&quot;copyright&quot;:&quot;&quot;,&quot;focal_length&quot;:&quot;0&quot;,&quot;iso&quot;:&quot;0&quot;,&quot;shutter_speed&quot;:&quot;0&quot;,&quot;title&quot;:&quot;&quot;,&quot;orientation&quot;:&quot;0&quot;}\" data-image-title=\"6- 18-19 CL (22)\" data-image-description=\"\" data-image-caption=\"\" data-large-file=\"https:\/\/sarimelekler.biz\/wp-content\/uploads\/2019\/02\/6-18-19-CL-22-1024x576.jpg\" \/><\/a>\n\t\t\t<\/dt><\/dl><dl class='gallery-item'>\n\t\t\t<dt class='gallery-icon landscape'>\n\t\t\t\t<a href='https:\/\/sarimelekler.biz\/?attachment_id=10204'><img loading=\"lazy\" decoding=\"async\" width=\"150\" height=\"150\" src=\"https:\/\/sarimelekler.biz\/wp-content\/uploads\/2019\/02\/6-18-19-CL-23-150x150.jpg\" class=\"attachment-thumbnail size-thumbnail\" alt=\"\" data-attachment-id=\"10204\" data-permalink=\"https:\/\/sarimelekler.biz\/?attachment_id=10204\" data-orig-file=\"https:\/\/sarimelekler.biz\/wp-content\/uploads\/2019\/02\/6-18-19-CL-23.jpg\" data-orig-size=\"1920,1080\" data-comments-opened=\"0\" data-image-meta=\"{&quot;aperture&quot;:&quot;0&quot;,&quot;credit&quot;:&quot;&quot;,&quot;camera&quot;:&quot;&quot;,&quot;caption&quot;:&quot;&quot;,&quot;created_timestamp&quot;:&quot;0&quot;,&quot;copyright&quot;:&quot;&quot;,&quot;focal_length&quot;:&quot;0&quot;,&quot;iso&quot;:&quot;0&quot;,&quot;shutter_speed&quot;:&quot;0&quot;,&quot;title&quot;:&quot;&quot;,&quot;orientation&quot;:&quot;0&quot;}\" data-image-title=\"6- 18-19 CL (23)\" data-image-description=\"\" data-image-caption=\"\" data-large-file=\"https:\/\/sarimelekler.biz\/wp-content\/uploads\/2019\/02\/6-18-19-CL-23-1024x576.jpg\" \/><\/a>\n\t\t\t<\/dt><\/dl><dl class='gallery-item'>\n\t\t\t<dt class='gallery-icon landscape'>\n\t\t\t\t<a href='https:\/\/sarimelekler.biz\/?attachment_id=10205'><img loading=\"lazy\" decoding=\"async\" width=\"150\" height=\"150\" src=\"https:\/\/sarimelekler.biz\/wp-content\/uploads\/2019\/02\/6-18-19-CL-24-150x150.jpg\" class=\"attachment-thumbnail size-thumbnail\" alt=\"\" data-attachment-id=\"10205\" data-permalink=\"https:\/\/sarimelekler.biz\/?attachment_id=10205\" data-orig-file=\"https:\/\/sarimelekler.biz\/wp-content\/uploads\/2019\/02\/6-18-19-CL-24.jpg\" data-orig-size=\"1024,768\" data-comments-opened=\"0\" data-image-meta=\"{&quot;aperture&quot;:&quot;0&quot;,&quot;credit&quot;:&quot;&quot;,&quot;camera&quot;:&quot;&quot;,&quot;caption&quot;:&quot;&quot;,&quot;created_timestamp&quot;:&quot;0&quot;,&quot;copyright&quot;:&quot;&quot;,&quot;focal_length&quot;:&quot;0&quot;,&quot;iso&quot;:&quot;0&quot;,&quot;shutter_speed&quot;:&quot;0&quot;,&quot;title&quot;:&quot;&quot;,&quot;orientation&quot;:&quot;0&quot;}\" data-image-title=\"6- 18-19 CL (24)\" data-image-description=\"\" data-image-caption=\"\" data-large-file=\"https:\/\/sarimelekler.biz\/wp-content\/uploads\/2019\/02\/6-18-19-CL-24-1024x768.jpg\" \/><\/a>\n\t\t\t<\/dt><\/dl><dl class='gallery-item'>\n\t\t\t<dt class='gallery-icon landscape'>\n\t\t\t\t<a href='https:\/\/sarimelekler.biz\/?attachment_id=10206'><img loading=\"lazy\" decoding=\"async\" width=\"150\" height=\"150\" src=\"https:\/\/sarimelekler.biz\/wp-content\/uploads\/2019\/02\/6-18-19-CL-25-150x150.jpg\" class=\"attachment-thumbnail size-thumbnail\" alt=\"\" data-attachment-id=\"10206\" data-permalink=\"https:\/\/sarimelekler.biz\/?attachment_id=10206\" data-orig-file=\"https:\/\/sarimelekler.biz\/wp-content\/uploads\/2019\/02\/6-18-19-CL-25.jpg\" data-orig-size=\"1920,1080\" data-comments-opened=\"0\" data-image-meta=\"{&quot;aperture&quot;:&quot;0&quot;,&quot;credit&quot;:&quot;&quot;,&quot;camera&quot;:&quot;&quot;,&quot;caption&quot;:&quot;&quot;,&quot;created_timestamp&quot;:&quot;0&quot;,&quot;copyright&quot;:&quot;&quot;,&quot;focal_length&quot;:&quot;0&quot;,&quot;iso&quot;:&quot;0&quot;,&quot;shutter_speed&quot;:&quot;0&quot;,&quot;title&quot;:&quot;&quot;,&quot;orientation&quot;:&quot;0&quot;}\" data-image-title=\"6- 18-19 CL (25)\" data-image-description=\"\" data-image-caption=\"\" data-large-file=\"https:\/\/sarimelekler.biz\/wp-content\/uploads\/2019\/02\/6-18-19-CL-25-1024x576.jpg\" \/><\/a>\n\t\t\t<\/dt><\/dl><br style=\"clear: both\" \/><dl class='gallery-item'>\n\t\t\t<dt class='gallery-icon landscape'>\n\t\t\t\t<a href='https:\/\/sarimelekler.biz\/?attachment_id=10207'><img loading=\"lazy\" decoding=\"async\" width=\"150\" height=\"150\" src=\"https:\/\/sarimelekler.biz\/wp-content\/uploads\/2019\/02\/6-18-19-CL-26-150x150.jpg\" class=\"attachment-thumbnail size-thumbnail\" alt=\"\" data-attachment-id=\"10207\" data-permalink=\"https:\/\/sarimelekler.biz\/?attachment_id=10207\" data-orig-file=\"https:\/\/sarimelekler.biz\/wp-content\/uploads\/2019\/02\/6-18-19-CL-26.jpg\" data-orig-size=\"1920,1080\" data-comments-opened=\"0\" data-image-meta=\"{&quot;aperture&quot;:&quot;0&quot;,&quot;credit&quot;:&quot;&quot;,&quot;camera&quot;:&quot;&quot;,&quot;caption&quot;:&quot;&quot;,&quot;created_timestamp&quot;:&quot;0&quot;,&quot;copyright&quot;:&quot;&quot;,&quot;focal_length&quot;:&quot;0&quot;,&quot;iso&quot;:&quot;0&quot;,&quot;shutter_speed&quot;:&quot;0&quot;,&quot;title&quot;:&quot;&quot;,&quot;orientation&quot;:&quot;0&quot;}\" data-image-title=\"6- 18-19 CL (26)\" data-image-description=\"\" data-image-caption=\"\" data-large-file=\"https:\/\/sarimelekler.biz\/wp-content\/uploads\/2019\/02\/6-18-19-CL-26-1024x576.jpg\" \/><\/a>\n\t\t\t<\/dt><\/dl><dl class='gallery-item'>\n\t\t\t<dt class='gallery-icon landscape'>\n\t\t\t\t<a href='https:\/\/sarimelekler.biz\/?attachment_id=10208'><img loading=\"lazy\" decoding=\"async\" width=\"150\" height=\"150\" src=\"https:\/\/sarimelekler.biz\/wp-content\/uploads\/2019\/02\/6-18-19-CL-27-150x150.jpg\" class=\"attachment-thumbnail size-thumbnail\" alt=\"\" data-attachment-id=\"10208\" data-permalink=\"https:\/\/sarimelekler.biz\/?attachment_id=10208\" data-orig-file=\"https:\/\/sarimelekler.biz\/wp-content\/uploads\/2019\/02\/6-18-19-CL-27.jpg\" data-orig-size=\"1920,1080\" data-comments-opened=\"0\" data-image-meta=\"{&quot;aperture&quot;:&quot;0&quot;,&quot;credit&quot;:&quot;&quot;,&quot;camera&quot;:&quot;&quot;,&quot;caption&quot;:&quot;&quot;,&quot;created_timestamp&quot;:&quot;0&quot;,&quot;copyright&quot;:&quot;&quot;,&quot;focal_length&quot;:&quot;0&quot;,&quot;iso&quot;:&quot;0&quot;,&quot;shutter_speed&quot;:&quot;0&quot;,&quot;title&quot;:&quot;&quot;,&quot;orientation&quot;:&quot;0&quot;}\" data-image-title=\"6- 18-19 CL (27)\" data-image-description=\"\" data-image-caption=\"\" data-large-file=\"https:\/\/sarimelekler.biz\/wp-content\/uploads\/2019\/02\/6-18-19-CL-27-1024x576.jpg\" \/><\/a>\n\t\t\t<\/dt><\/dl><dl class='gallery-item'>\n\t\t\t<dt class='gallery-icon landscape'>\n\t\t\t\t<a href='https:\/\/sarimelekler.biz\/?attachment_id=10209'><img loading=\"lazy\" decoding=\"async\" width=\"150\" height=\"150\" src=\"https:\/\/sarimelekler.biz\/wp-content\/uploads\/2019\/02\/6-18-19-CL-28-150x150.jpg\" class=\"attachment-thumbnail size-thumbnail\" alt=\"\" data-attachment-id=\"10209\" data-permalink=\"https:\/\/sarimelekler.biz\/?attachment_id=10209\" data-orig-file=\"https:\/\/sarimelekler.biz\/wp-content\/uploads\/2019\/02\/6-18-19-CL-28.jpg\" data-orig-size=\"1920,1080\" data-comments-opened=\"0\" data-image-meta=\"{&quot;aperture&quot;:&quot;0&quot;,&quot;credit&quot;:&quot;&quot;,&quot;camera&quot;:&quot;&quot;,&quot;caption&quot;:&quot;&quot;,&quot;created_timestamp&quot;:&quot;0&quot;,&quot;copyright&quot;:&quot;&quot;,&quot;focal_length&quot;:&quot;0&quot;,&quot;iso&quot;:&quot;0&quot;,&quot;shutter_speed&quot;:&quot;0&quot;,&quot;title&quot;:&quot;&quot;,&quot;orientation&quot;:&quot;0&quot;}\" data-image-title=\"6- 18-19 CL (28)\" data-image-description=\"\" data-image-caption=\"\" data-large-file=\"https:\/\/sarimelekler.biz\/wp-content\/uploads\/2019\/02\/6-18-19-CL-28-1024x576.jpg\" \/><\/a>\n\t\t\t<\/dt><\/dl><dl class='gallery-item'>\n\t\t\t<dt class='gallery-icon landscape'>\n\t\t\t\t<a href='https:\/\/sarimelekler.biz\/?attachment_id=10210'><img loading=\"lazy\" decoding=\"async\" width=\"150\" height=\"150\" src=\"https:\/\/sarimelekler.biz\/wp-content\/uploads\/2019\/02\/6-18-19-CL-29-150x150.jpg\" class=\"attachment-thumbnail size-thumbnail\" alt=\"\" aria-describedby=\"gallery-1-10210\" data-attachment-id=\"10210\" data-permalink=\"https:\/\/sarimelekler.biz\/?attachment_id=10210\" data-orig-file=\"https:\/\/sarimelekler.biz\/wp-content\/uploads\/2019\/02\/6-18-19-CL-29.jpg\" data-orig-size=\"4724,3543\" data-comments-opened=\"0\" data-image-meta=\"{&quot;aperture&quot;:&quot;2.8&quot;,&quot;credit&quot;:&quot;Razvan Pasarica\/SPORT PICTURES&quot;,&quot;camera&quot;:&quot;NIKON D500&quot;,&quot;caption&quot;:&quot;Faza in meciul de volei feminin dintre CSM Bucuresti si Fenerbahce Istanbul SK, contand pentru Liga Campionilor, desfasurat in Sala Polivalenta-Ioan Kunst Ghermanescu din Bucuresti, marti 26 februarie 2019. \\u00a9 FOTO Razvan Pasarica\/SPORT PICTURES&quot;,&quot;created_timestamp&quot;:&quot;1551204656&quot;,&quot;copyright&quot;:&quot;Razvan Pasarica\/SPORT PICTURES&quot;,&quot;focal_length&quot;:&quot;135&quot;,&quot;iso&quot;:&quot;1600&quot;,&quot;shutter_speed&quot;:&quot;0.00125&quot;,&quot;title&quot;:&quot;VOLEI FEMININ:CSM BUCURESTI-FENERBAHCE ISTANBUL SK, LIGA CAMPIONILOR  (26.02.2019)&quot;,&quot;orientation&quot;:&quot;1&quot;}\" data-image-title=\"VOLEI FEMININ:CSM BUCURESTI-FENERBAHCE ISTANBUL SK, LIGA CAMPIONILOR  (26.02.2019)\" data-image-description=\"\" data-image-caption=\"&lt;p&gt;Faza in meciul de volei feminin dintre CSM Bucuresti si Fenerbahce Istanbul SK, contand pentru Liga Campionilor, desfasurat in Sala Polivalenta-Ioan Kunst Ghermanescu din Bucuresti, marti 26 februarie 2019. \u00a9 FOTO Razvan Pasarica\/SPORT PICTURES&lt;\/p&gt;\n\" data-large-file=\"https:\/\/sarimelekler.biz\/wp-content\/uploads\/2019\/02\/6-18-19-CL-29-1024x768.jpg\" \/><\/a>\n\t\t\t<\/dt>\n\t\t\t\t<dd class='wp-caption-text gallery-caption' id='gallery-1-10210'>\n\t\t\t\tFaza in meciul de volei feminin dintre CSM Bucuresti si Fenerbahce Istanbul SK, contand pentru Liga Campionilor, desfasurat in Sala Polivalenta-Ioan Kunst Ghermanescu din Bucuresti, marti 26 februarie 2019. \u00a9 FOTO Razvan Pasarica\/SPORT PICTURES\n\t\t\t\t<\/dd><\/dl><dl class='gallery-item'>\n\t\t\t<dt class='gallery-icon landscape'>\n\t\t\t\t<a href='https:\/\/sarimelekler.biz\/?attachment_id=10211'><img loading=\"lazy\" decoding=\"async\" width=\"150\" height=\"150\" src=\"https:\/\/sarimelekler.biz\/wp-content\/uploads\/2019\/02\/6-18-19-CL-30-150x150.jpg\" class=\"attachment-thumbnail size-thumbnail\" alt=\"\" data-attachment-id=\"10211\" data-permalink=\"https:\/\/sarimelekler.biz\/?attachment_id=10211\" data-orig-file=\"https:\/\/sarimelekler.biz\/wp-content\/uploads\/2019\/02\/6-18-19-CL-30.jpg\" data-orig-size=\"1920,1080\" data-comments-opened=\"0\" data-image-meta=\"{&quot;aperture&quot;:&quot;2.8&quot;,&quot;credit&quot;:&quot;Marius Stoianov&quot;,&quot;camera&quot;:&quot;ILCE-7M3&quot;,&quot;caption&quot;:&quot;&quot;,&quot;created_timestamp&quot;:&quot;1551214879&quot;,&quot;copyright&quot;:&quot;stoianov.ro&quot;,&quot;focal_length&quot;:&quot;70&quot;,&quot;iso&quot;:&quot;1000&quot;,&quot;shutter_speed&quot;:&quot;0.004&quot;,&quot;title&quot;:&quot;&quot;,&quot;orientation&quot;:&quot;1&quot;}\" data-image-title=\"6- 18-19 CL (30)\" data-image-description=\"\" data-image-caption=\"\" data-large-file=\"https:\/\/sarimelekler.biz\/wp-content\/uploads\/2019\/02\/6-18-19-CL-30-1024x576.jpg\" \/><\/a>\n\t\t\t<\/dt><\/dl><br style=\"clear: both\" \/><dl class='gallery-item'>\n\t\t\t<dt class='gallery-icon landscape'>\n\t\t\t\t<a href='https:\/\/sarimelekler.biz\/?attachment_id=10212'><img loading=\"lazy\" decoding=\"async\" width=\"150\" height=\"150\" src=\"https:\/\/sarimelekler.biz\/wp-content\/uploads\/2019\/02\/6-18-19-CL-31-150x150.jpg\" class=\"attachment-thumbnail size-thumbnail\" alt=\"\" data-attachment-id=\"10212\" data-permalink=\"https:\/\/sarimelekler.biz\/?attachment_id=10212\" data-orig-file=\"https:\/\/sarimelekler.biz\/wp-content\/uploads\/2019\/02\/6-18-19-CL-31.jpg\" data-orig-size=\"1920,1080\" data-comments-opened=\"0\" data-image-meta=\"{&quot;aperture&quot;:&quot;2.8&quot;,&quot;credit&quot;:&quot;Marius Stoianov&quot;,&quot;camera&quot;:&quot;ILCE-7M3&quot;,&quot;caption&quot;:&quot;&quot;,&quot;created_timestamp&quot;:&quot;1551215899&quot;,&quot;copyright&quot;:&quot;stoianov.ro&quot;,&quot;focal_length&quot;:&quot;51&quot;,&quot;iso&quot;:&quot;1000&quot;,&quot;shutter_speed&quot;:&quot;0.016666666666667&quot;,&quot;title&quot;:&quot;&quot;,&quot;orientation&quot;:&quot;1&quot;}\" data-image-title=\"6- 18-19 CL (31)\" data-image-description=\"\" data-image-caption=\"\" data-large-file=\"https:\/\/sarimelekler.biz\/wp-content\/uploads\/2019\/02\/6-18-19-CL-31-1024x576.jpg\" \/><\/a>\n\t\t\t<\/dt><\/dl><dl class='gallery-item'>\n\t\t\t<dt class='gallery-icon landscape'>\n\t\t\t\t<a href='https:\/\/sarimelekler.biz\/?attachment_id=10213'><img loading=\"lazy\" decoding=\"async\" width=\"150\" height=\"150\" src=\"https:\/\/sarimelekler.biz\/wp-content\/uploads\/2019\/02\/6-18-19-CL-32-150x150.jpg\" class=\"attachment-thumbnail size-thumbnail\" alt=\"\" data-attachment-id=\"10213\" data-permalink=\"https:\/\/sarimelekler.biz\/?attachment_id=10213\" data-orig-file=\"https:\/\/sarimelekler.biz\/wp-content\/uploads\/2019\/02\/6-18-19-CL-32.jpg\" data-orig-size=\"1920,1080\" data-comments-opened=\"0\" data-image-meta=\"{&quot;aperture&quot;:&quot;4&quot;,&quot;credit&quot;:&quot;Marius Stoianov&quot;,&quot;camera&quot;:&quot;ILCE-7M3&quot;,&quot;caption&quot;:&quot;&quot;,&quot;created_timestamp&quot;:&quot;1551216266&quot;,&quot;copyright&quot;:&quot;stoianov.ro&quot;,&quot;focal_length&quot;:&quot;135&quot;,&quot;iso&quot;:&quot;2500&quot;,&quot;shutter_speed&quot;:&quot;0.003125&quot;,&quot;title&quot;:&quot;&quot;,&quot;orientation&quot;:&quot;1&quot;}\" data-image-title=\"6- 18-19 CL (32)\" data-image-description=\"\" data-image-caption=\"\" data-large-file=\"https:\/\/sarimelekler.biz\/wp-content\/uploads\/2019\/02\/6-18-19-CL-32-1024x576.jpg\" \/><\/a>\n\t\t\t<\/dt><\/dl><dl class='gallery-item'>\n\t\t\t<dt class='gallery-icon landscape'>\n\t\t\t\t<a href='https:\/\/sarimelekler.biz\/?attachment_id=10214'><img loading=\"lazy\" decoding=\"async\" width=\"150\" height=\"150\" src=\"https:\/\/sarimelekler.biz\/wp-content\/uploads\/2019\/02\/6-18-19-CL-33-150x150.jpg\" class=\"attachment-thumbnail size-thumbnail\" alt=\"\" data-attachment-id=\"10214\" data-permalink=\"https:\/\/sarimelekler.biz\/?attachment_id=10214\" data-orig-file=\"https:\/\/sarimelekler.biz\/wp-content\/uploads\/2019\/02\/6-18-19-CL-33.jpg\" data-orig-size=\"1920,1080\" data-comments-opened=\"0\" data-image-meta=\"{&quot;aperture&quot;:&quot;4.5&quot;,&quot;credit&quot;:&quot;Marius Stoianov&quot;,&quot;camera&quot;:&quot;ILCE-7M3&quot;,&quot;caption&quot;:&quot;&quot;,&quot;created_timestamp&quot;:&quot;1551216669&quot;,&quot;copyright&quot;:&quot;stoianov.ro&quot;,&quot;focal_length&quot;:&quot;135&quot;,&quot;iso&quot;:&quot;2500&quot;,&quot;shutter_speed&quot;:&quot;0.004&quot;,&quot;title&quot;:&quot;&quot;,&quot;orientation&quot;:&quot;1&quot;}\" data-image-title=\"6- 18-19 CL (33)\" data-image-description=\"\" data-image-caption=\"\" data-large-file=\"https:\/\/sarimelekler.biz\/wp-content\/uploads\/2019\/02\/6-18-19-CL-33-1024x576.jpg\" \/><\/a>\n\t\t\t<\/dt><\/dl><dl class='gallery-item'>\n\t\t\t<dt class='gallery-icon landscape'>\n\t\t\t\t<a href='https:\/\/sarimelekler.biz\/?attachment_id=10215'><img loading=\"lazy\" decoding=\"async\" width=\"150\" height=\"150\" src=\"https:\/\/sarimelekler.biz\/wp-content\/uploads\/2019\/02\/6-18-19-CL-34-150x150.jpg\" class=\"attachment-thumbnail size-thumbnail\" alt=\"\" data-attachment-id=\"10215\" data-permalink=\"https:\/\/sarimelekler.biz\/?attachment_id=10215\" data-orig-file=\"https:\/\/sarimelekler.biz\/wp-content\/uploads\/2019\/02\/6-18-19-CL-34.jpg\" data-orig-size=\"1920,1080\" data-comments-opened=\"0\" data-image-meta=\"{&quot;aperture&quot;:&quot;4.5&quot;,&quot;credit&quot;:&quot;Marius Stoianov&quot;,&quot;camera&quot;:&quot;ILCE-7M3&quot;,&quot;caption&quot;:&quot;&quot;,&quot;created_timestamp&quot;:&quot;1551216846&quot;,&quot;copyright&quot;:&quot;stoianov.ro&quot;,&quot;focal_length&quot;:&quot;135&quot;,&quot;iso&quot;:&quot;2500&quot;,&quot;shutter_speed&quot;:&quot;0.004&quot;,&quot;title&quot;:&quot;&quot;,&quot;orientation&quot;:&quot;1&quot;}\" data-image-title=\"6- 18-19 CL (34)\" data-image-description=\"\" data-image-caption=\"\" data-large-file=\"https:\/\/sarimelekler.biz\/wp-content\/uploads\/2019\/02\/6-18-19-CL-34-1024x576.jpg\" \/><\/a>\n\t\t\t<\/dt><\/dl><dl class='gallery-item'>\n\t\t\t<dt class='gallery-icon landscape'>\n\t\t\t\t<a href='https:\/\/sarimelekler.biz\/?attachment_id=10216'><img loading=\"lazy\" decoding=\"async\" width=\"150\" height=\"150\" src=\"https:\/\/sarimelekler.biz\/wp-content\/uploads\/2019\/02\/6-18-19-CL-35-150x150.jpg\" class=\"attachment-thumbnail size-thumbnail\" alt=\"\" data-attachment-id=\"10216\" data-permalink=\"https:\/\/sarimelekler.biz\/?attachment_id=10216\" data-orig-file=\"https:\/\/sarimelekler.biz\/wp-content\/uploads\/2019\/02\/6-18-19-CL-35.jpg\" data-orig-size=\"1920,1080\" data-comments-opened=\"0\" data-image-meta=\"{&quot;aperture&quot;:&quot;4.5&quot;,&quot;credit&quot;:&quot;Marius Stoianov&quot;,&quot;camera&quot;:&quot;ILCE-7M3&quot;,&quot;caption&quot;:&quot;&quot;,&quot;created_timestamp&quot;:&quot;1551218873&quot;,&quot;copyright&quot;:&quot;stoianov.ro&quot;,&quot;focal_length&quot;:&quot;36&quot;,&quot;iso&quot;:&quot;3200&quot;,&quot;shutter_speed&quot;:&quot;0.0025&quot;,&quot;title&quot;:&quot;&quot;,&quot;orientation&quot;:&quot;1&quot;}\" data-image-title=\"6- 18-19 CL (35)\" data-image-description=\"\" data-image-caption=\"\" data-large-file=\"https:\/\/sarimelekler.biz\/wp-content\/uploads\/2019\/02\/6-18-19-CL-35-1024x576.jpg\" \/><\/a>\n\t\t\t<\/dt><\/dl><br style=\"clear: both\" \/><dl class='gallery-item'>\n\t\t\t<dt class='gallery-icon landscape'>\n\t\t\t\t<a href='https:\/\/sarimelekler.biz\/?attachment_id=10217'><img loading=\"lazy\" decoding=\"async\" width=\"150\" height=\"150\" src=\"https:\/\/sarimelekler.biz\/wp-content\/uploads\/2019\/02\/6-18-19-CL-36-150x150.jpg\" class=\"attachment-thumbnail size-thumbnail\" alt=\"\" data-attachment-id=\"10217\" data-permalink=\"https:\/\/sarimelekler.biz\/?attachment_id=10217\" data-orig-file=\"https:\/\/sarimelekler.biz\/wp-content\/uploads\/2019\/02\/6-18-19-CL-36.jpg\" data-orig-size=\"1920,1080\" data-comments-opened=\"0\" data-image-meta=\"{&quot;aperture&quot;:&quot;4.5&quot;,&quot;credit&quot;:&quot;Marius Stoianov&quot;,&quot;camera&quot;:&quot;ILCE-7M3&quot;,&quot;caption&quot;:&quot;&quot;,&quot;created_timestamp&quot;:&quot;1551218894&quot;,&quot;copyright&quot;:&quot;stoianov.ro&quot;,&quot;focal_length&quot;:&quot;51&quot;,&quot;iso&quot;:&quot;3200&quot;,&quot;shutter_speed&quot;:&quot;0.0025&quot;,&quot;title&quot;:&quot;&quot;,&quot;orientation&quot;:&quot;1&quot;}\" data-image-title=\"6- 18-19 CL (36)\" data-image-description=\"\" data-image-caption=\"\" data-large-file=\"https:\/\/sarimelekler.biz\/wp-content\/uploads\/2019\/02\/6-18-19-CL-36-1024x576.jpg\" \/><\/a>\n\t\t\t<\/dt><\/dl><dl class='gallery-item'>\n\t\t\t<dt class='gallery-icon landscape'>\n\t\t\t\t<a href='https:\/\/sarimelekler.biz\/?attachment_id=10218'><img loading=\"lazy\" decoding=\"async\" width=\"150\" height=\"150\" src=\"https:\/\/sarimelekler.biz\/wp-content\/uploads\/2019\/02\/6-18-19-CL-37-150x150.jpg\" class=\"attachment-thumbnail size-thumbnail\" alt=\"\" data-attachment-id=\"10218\" data-permalink=\"https:\/\/sarimelekler.biz\/?attachment_id=10218\" data-orig-file=\"https:\/\/sarimelekler.biz\/wp-content\/uploads\/2019\/02\/6-18-19-CL-37.jpg\" data-orig-size=\"1920,1080\" data-comments-opened=\"0\" data-image-meta=\"{&quot;aperture&quot;:&quot;4.5&quot;,&quot;credit&quot;:&quot;Marius Stoianov&quot;,&quot;camera&quot;:&quot;ILCE-7M3&quot;,&quot;caption&quot;:&quot;&quot;,&quot;created_timestamp&quot;:&quot;1551218894&quot;,&quot;copyright&quot;:&quot;stoianov.ro&quot;,&quot;focal_length&quot;:&quot;51&quot;,&quot;iso&quot;:&quot;3200&quot;,&quot;shutter_speed&quot;:&quot;0.0025&quot;,&quot;title&quot;:&quot;&quot;,&quot;orientation&quot;:&quot;1&quot;}\" data-image-title=\"6- 18-19 CL (37)\" data-image-description=\"\" data-image-caption=\"\" data-large-file=\"https:\/\/sarimelekler.biz\/wp-content\/uploads\/2019\/02\/6-18-19-CL-37-1024x576.jpg\" \/><\/a>\n\t\t\t<\/dt><\/dl><dl class='gallery-item'>\n\t\t\t<dt class='gallery-icon landscape'>\n\t\t\t\t<a href='https:\/\/sarimelekler.biz\/?attachment_id=10219'><img loading=\"lazy\" decoding=\"async\" width=\"150\" height=\"150\" src=\"https:\/\/sarimelekler.biz\/wp-content\/uploads\/2019\/02\/6-18-19-CL-38-150x150.jpg\" class=\"attachment-thumbnail size-thumbnail\" alt=\"\" data-attachment-id=\"10219\" data-permalink=\"https:\/\/sarimelekler.biz\/?attachment_id=10219\" data-orig-file=\"https:\/\/sarimelekler.biz\/wp-content\/uploads\/2019\/02\/6-18-19-CL-38.jpg\" data-orig-size=\"1920,1080\" data-comments-opened=\"0\" data-image-meta=\"{&quot;aperture&quot;:&quot;4.5&quot;,&quot;credit&quot;:&quot;Marius Stoianov&quot;,&quot;camera&quot;:&quot;ILCE-7M3&quot;,&quot;caption&quot;:&quot;&quot;,&quot;created_timestamp&quot;:&quot;1551218997&quot;,&quot;copyright&quot;:&quot;stoianov.ro&quot;,&quot;focal_length&quot;:&quot;50&quot;,&quot;iso&quot;:&quot;3200&quot;,&quot;shutter_speed&quot;:&quot;0.0025&quot;,&quot;title&quot;:&quot;&quot;,&quot;orientation&quot;:&quot;1&quot;}\" data-image-title=\"6- 18-19 CL (38)\" data-image-description=\"\" data-image-caption=\"\" data-large-file=\"https:\/\/sarimelekler.biz\/wp-content\/uploads\/2019\/02\/6-18-19-CL-38-1024x576.jpg\" \/><\/a>\n\t\t\t<\/dt><\/dl><dl class='gallery-item'>\n\t\t\t<dt class='gallery-icon landscape'>\n\t\t\t\t<a href='https:\/\/sarimelekler.biz\/?attachment_id=10220'><img loading=\"lazy\" decoding=\"async\" width=\"150\" height=\"150\" src=\"https:\/\/sarimelekler.biz\/wp-content\/uploads\/2019\/02\/6-18-19-CL-39-150x150.jpg\" class=\"attachment-thumbnail size-thumbnail\" alt=\"\" data-attachment-id=\"10220\" data-permalink=\"https:\/\/sarimelekler.biz\/?attachment_id=10220\" data-orig-file=\"https:\/\/sarimelekler.biz\/wp-content\/uploads\/2019\/02\/6-18-19-CL-39.jpg\" data-orig-size=\"2048,1726\" data-comments-opened=\"0\" data-image-meta=\"{&quot;aperture&quot;:&quot;0&quot;,&quot;credit&quot;:&quot;&quot;,&quot;camera&quot;:&quot;&quot;,&quot;caption&quot;:&quot;&quot;,&quot;created_timestamp&quot;:&quot;0&quot;,&quot;copyright&quot;:&quot;&quot;,&quot;focal_length&quot;:&quot;0&quot;,&quot;iso&quot;:&quot;0&quot;,&quot;shutter_speed&quot;:&quot;0&quot;,&quot;title&quot;:&quot;&quot;,&quot;orientation&quot;:&quot;0&quot;}\" data-image-title=\"6- 18-19 CL (39)\" data-image-description=\"\" data-image-caption=\"\" data-large-file=\"https:\/\/sarimelekler.biz\/wp-content\/uploads\/2019\/02\/6-18-19-CL-39-1024x863.jpg\" \/><\/a>\n\t\t\t<\/dt><\/dl><dl class='gallery-item'>\n\t\t\t<dt class='gallery-icon landscape'>\n\t\t\t\t<a href='https:\/\/sarimelekler.biz\/?attachment_id=10221'><img loading=\"lazy\" decoding=\"async\" width=\"150\" height=\"150\" src=\"https:\/\/sarimelekler.biz\/wp-content\/uploads\/2019\/02\/6-18-19-CL-40-150x150.jpg\" class=\"attachment-thumbnail size-thumbnail\" alt=\"\" data-attachment-id=\"10221\" data-permalink=\"https:\/\/sarimelekler.biz\/?attachment_id=10221\" data-orig-file=\"https:\/\/sarimelekler.biz\/wp-content\/uploads\/2019\/02\/6-18-19-CL-40.jpg\" data-orig-size=\"2048,1848\" data-comments-opened=\"0\" data-image-meta=\"{&quot;aperture&quot;:&quot;0&quot;,&quot;credit&quot;:&quot;&quot;,&quot;camera&quot;:&quot;&quot;,&quot;caption&quot;:&quot;&quot;,&quot;created_timestamp&quot;:&quot;0&quot;,&quot;copyright&quot;:&quot;&quot;,&quot;focal_length&quot;:&quot;0&quot;,&quot;iso&quot;:&quot;0&quot;,&quot;shutter_speed&quot;:&quot;0&quot;,&quot;title&quot;:&quot;&quot;,&quot;orientation&quot;:&quot;0&quot;}\" data-image-title=\"6- 18-19 CL (40)\" data-image-description=\"\" data-image-caption=\"\" data-large-file=\"https:\/\/sarimelekler.biz\/wp-content\/uploads\/2019\/02\/6-18-19-CL-40-1024x924.jpg\" \/><\/a>\n\t\t\t<\/dt><\/dl><br style=\"clear: both\" \/><dl class='gallery-item'>\n\t\t\t<dt class='gallery-icon landscape'>\n\t\t\t\t<a href='https:\/\/sarimelekler.biz\/?attachment_id=10222'><img loading=\"lazy\" decoding=\"async\" width=\"150\" height=\"150\" src=\"https:\/\/sarimelekler.biz\/wp-content\/uploads\/2019\/02\/6-18-19-CL-41-150x150.jpg\" class=\"attachment-thumbnail size-thumbnail\" alt=\"\" data-attachment-id=\"10222\" data-permalink=\"https:\/\/sarimelekler.biz\/?attachment_id=10222\" data-orig-file=\"https:\/\/sarimelekler.biz\/wp-content\/uploads\/2019\/02\/6-18-19-CL-41.jpg\" data-orig-size=\"1002,791\" data-comments-opened=\"0\" data-image-meta=\"{&quot;aperture&quot;:&quot;0&quot;,&quot;credit&quot;:&quot;&quot;,&quot;camera&quot;:&quot;&quot;,&quot;caption&quot;:&quot;&quot;,&quot;created_timestamp&quot;:&quot;0&quot;,&quot;copyright&quot;:&quot;&quot;,&quot;focal_length&quot;:&quot;0&quot;,&quot;iso&quot;:&quot;0&quot;,&quot;shutter_speed&quot;:&quot;0&quot;,&quot;title&quot;:&quot;&quot;,&quot;orientation&quot;:&quot;0&quot;}\" data-image-title=\"6- 18-19 CL (41)\" data-image-description=\"\" data-image-caption=\"\" data-large-file=\"https:\/\/sarimelekler.biz\/wp-content\/uploads\/2019\/02\/6-18-19-CL-41.jpg\" \/><\/a>\n\t\t\t<\/dt><\/dl><dl class='gallery-item'>\n\t\t\t<dt class='gallery-icon landscape'>\n\t\t\t\t<a href='https:\/\/sarimelekler.biz\/?attachment_id=10223'><img loading=\"lazy\" decoding=\"async\" width=\"150\" height=\"150\" src=\"https:\/\/sarimelekler.biz\/wp-content\/uploads\/2019\/02\/6-18-19-CL-42-150x150.jpg\" class=\"attachment-thumbnail size-thumbnail\" alt=\"\" data-attachment-id=\"10223\" data-permalink=\"https:\/\/sarimelekler.biz\/?attachment_id=10223\" data-orig-file=\"https:\/\/sarimelekler.biz\/wp-content\/uploads\/2019\/02\/6-18-19-CL-42.jpg\" data-orig-size=\"1920,1080\" data-comments-opened=\"0\" data-image-meta=\"{&quot;aperture&quot;:&quot;0&quot;,&quot;credit&quot;:&quot;&quot;,&quot;camera&quot;:&quot;&quot;,&quot;caption&quot;:&quot;&quot;,&quot;created_timestamp&quot;:&quot;0&quot;,&quot;copyright&quot;:&quot;&quot;,&quot;focal_length&quot;:&quot;0&quot;,&quot;iso&quot;:&quot;0&quot;,&quot;shutter_speed&quot;:&quot;0&quot;,&quot;title&quot;:&quot;&quot;,&quot;orientation&quot;:&quot;0&quot;}\" data-image-title=\"6- 18-19 CL (42)\" data-image-description=\"\" data-image-caption=\"\" data-large-file=\"https:\/\/sarimelekler.biz\/wp-content\/uploads\/2019\/02\/6-18-19-CL-42-1024x576.jpg\" \/><\/a>\n\t\t\t<\/dt><\/dl><dl class='gallery-item'>\n\t\t\t<dt class='gallery-icon landscape'>\n\t\t\t\t<a href='https:\/\/sarimelekler.biz\/?attachment_id=10224'><img loading=\"lazy\" decoding=\"async\" width=\"150\" height=\"150\" src=\"https:\/\/sarimelekler.biz\/wp-content\/uploads\/2019\/02\/6-18-19-CL-43-150x150.jpg\" class=\"attachment-thumbnail size-thumbnail\" alt=\"\" data-attachment-id=\"10224\" data-permalink=\"https:\/\/sarimelekler.biz\/?attachment_id=10224\" data-orig-file=\"https:\/\/sarimelekler.biz\/wp-content\/uploads\/2019\/02\/6-18-19-CL-43.jpg\" data-orig-size=\"1920,1080\" data-comments-opened=\"0\" data-image-meta=\"{&quot;aperture&quot;:&quot;4.5&quot;,&quot;credit&quot;:&quot;Marius Stoianov&quot;,&quot;camera&quot;:&quot;ILCE-7M3&quot;,&quot;caption&quot;:&quot;&quot;,&quot;created_timestamp&quot;:&quot;1551221226&quot;,&quot;copyright&quot;:&quot;stoianov.ro&quot;,&quot;focal_length&quot;:&quot;24&quot;,&quot;iso&quot;:&quot;3200&quot;,&quot;shutter_speed&quot;:&quot;0.003125&quot;,&quot;title&quot;:&quot;&quot;,&quot;orientation&quot;:&quot;1&quot;}\" data-image-title=\"6- 18-19 CL (43)\" data-image-description=\"\" data-image-caption=\"\" data-large-file=\"https:\/\/sarimelekler.biz\/wp-content\/uploads\/2019\/02\/6-18-19-CL-43-1024x576.jpg\" \/><\/a>\n\t\t\t<\/dt><\/dl><dl class='gallery-item'>\n\t\t\t<dt class='gallery-icon landscape'>\n\t\t\t\t<a href='https:\/\/sarimelekler.biz\/?attachment_id=10225'><img loading=\"lazy\" decoding=\"async\" width=\"150\" height=\"150\" src=\"https:\/\/sarimelekler.biz\/wp-content\/uploads\/2019\/02\/6-18-19-CL-44-150x150.jpg\" class=\"attachment-thumbnail size-thumbnail\" alt=\"\" data-attachment-id=\"10225\" data-permalink=\"https:\/\/sarimelekler.biz\/?attachment_id=10225\" data-orig-file=\"https:\/\/sarimelekler.biz\/wp-content\/uploads\/2019\/02\/6-18-19-CL-44.jpg\" data-orig-size=\"1920,1080\" data-comments-opened=\"0\" data-image-meta=\"{&quot;aperture&quot;:&quot;0&quot;,&quot;credit&quot;:&quot;&quot;,&quot;camera&quot;:&quot;&quot;,&quot;caption&quot;:&quot;&quot;,&quot;created_timestamp&quot;:&quot;0&quot;,&quot;copyright&quot;:&quot;&quot;,&quot;focal_length&quot;:&quot;0&quot;,&quot;iso&quot;:&quot;0&quot;,&quot;shutter_speed&quot;:&quot;0&quot;,&quot;title&quot;:&quot;&quot;,&quot;orientation&quot;:&quot;0&quot;}\" data-image-title=\"6- 18-19 CL (44)\" data-image-description=\"\" data-image-caption=\"\" data-large-file=\"https:\/\/sarimelekler.biz\/wp-content\/uploads\/2019\/02\/6-18-19-CL-44-1024x576.jpg\" \/><\/a>\n\t\t\t<\/dt><\/dl><dl class='gallery-item'>\n\t\t\t<dt class='gallery-icon landscape'>\n\t\t\t\t<a href='https:\/\/sarimelekler.biz\/?attachment_id=10226'><img loading=\"lazy\" decoding=\"async\" width=\"150\" height=\"150\" src=\"https:\/\/sarimelekler.biz\/wp-content\/uploads\/2019\/02\/6-18-19-CL-45-150x150.jpg\" class=\"attachment-thumbnail size-thumbnail\" alt=\"\" data-attachment-id=\"10226\" data-permalink=\"https:\/\/sarimelekler.biz\/?attachment_id=10226\" data-orig-file=\"https:\/\/sarimelekler.biz\/wp-content\/uploads\/2019\/02\/6-18-19-CL-45.jpg\" data-orig-size=\"1920,1080\" data-comments-opened=\"0\" data-image-meta=\"{&quot;aperture&quot;:&quot;4.5&quot;,&quot;credit&quot;:&quot;Marius Stoianov&quot;,&quot;camera&quot;:&quot;ILCE-7M3&quot;,&quot;caption&quot;:&quot;&quot;,&quot;created_timestamp&quot;:&quot;1551221105&quot;,&quot;copyright&quot;:&quot;stoianov.ro&quot;,&quot;focal_length&quot;:&quot;33&quot;,&quot;iso&quot;:&quot;3200&quot;,&quot;shutter_speed&quot;:&quot;0.003125&quot;,&quot;title&quot;:&quot;&quot;,&quot;orientation&quot;:&quot;1&quot;}\" data-image-title=\"6- 18-19 CL (45)\" data-image-description=\"\" data-image-caption=\"\" data-large-file=\"https:\/\/sarimelekler.biz\/wp-content\/uploads\/2019\/02\/6-18-19-CL-45-1024x576.jpg\" \/><\/a>\n\t\t\t<\/dt><\/dl><br style=\"clear: both\" \/><dl class='gallery-item'>\n\t\t\t<dt class='gallery-icon landscape'>\n\t\t\t\t<a href='https:\/\/sarimelekler.biz\/?attachment_id=10227'><img loading=\"lazy\" decoding=\"async\" width=\"150\" height=\"150\" src=\"https:\/\/sarimelekler.biz\/wp-content\/uploads\/2019\/02\/6-18-19-CL-46-150x150.jpg\" class=\"attachment-thumbnail size-thumbnail\" alt=\"\" data-attachment-id=\"10227\" data-permalink=\"https:\/\/sarimelekler.biz\/?attachment_id=10227\" data-orig-file=\"https:\/\/sarimelekler.biz\/wp-content\/uploads\/2019\/02\/6-18-19-CL-46.jpg\" data-orig-size=\"1920,1080\" data-comments-opened=\"0\" data-image-meta=\"{&quot;aperture&quot;:&quot;4.5&quot;,&quot;credit&quot;:&quot;Marius Stoianov&quot;,&quot;camera&quot;:&quot;ILCE-7M3&quot;,&quot;caption&quot;:&quot;&quot;,&quot;created_timestamp&quot;:&quot;1551221115&quot;,&quot;copyright&quot;:&quot;stoianov.ro&quot;,&quot;focal_length&quot;:&quot;27&quot;,&quot;iso&quot;:&quot;3200&quot;,&quot;shutter_speed&quot;:&quot;0.003125&quot;,&quot;title&quot;:&quot;&quot;,&quot;orientation&quot;:&quot;1&quot;}\" data-image-title=\"6- 18-19 CL (46)\" data-image-description=\"\" data-image-caption=\"\" data-large-file=\"https:\/\/sarimelekler.biz\/wp-content\/uploads\/2019\/02\/6-18-19-CL-46-1024x576.jpg\" \/><\/a>\n\t\t\t<\/dt><\/dl><dl class='gallery-item'>\n\t\t\t<dt class='gallery-icon landscape'>\n\t\t\t\t<a href='https:\/\/sarimelekler.biz\/?attachment_id=10228'><img loading=\"lazy\" decoding=\"async\" width=\"150\" height=\"150\" src=\"https:\/\/sarimelekler.biz\/wp-content\/uploads\/2019\/02\/6-18-19-CL-47-150x150.jpg\" class=\"attachment-thumbnail size-thumbnail\" alt=\"\" data-attachment-id=\"10228\" data-permalink=\"https:\/\/sarimelekler.biz\/?attachment_id=10228\" data-orig-file=\"https:\/\/sarimelekler.biz\/wp-content\/uploads\/2019\/02\/6-18-19-CL-47.jpg\" data-orig-size=\"1920,1080\" data-comments-opened=\"0\" data-image-meta=\"{&quot;aperture&quot;:&quot;4.5&quot;,&quot;credit&quot;:&quot;Marius Stoianov&quot;,&quot;camera&quot;:&quot;ILCE-7M3&quot;,&quot;caption&quot;:&quot;&quot;,&quot;created_timestamp&quot;:&quot;1551221183&quot;,&quot;copyright&quot;:&quot;stoianov.ro&quot;,&quot;focal_length&quot;:&quot;43&quot;,&quot;iso&quot;:&quot;3200&quot;,&quot;shutter_speed&quot;:&quot;0.003125&quot;,&quot;title&quot;:&quot;&quot;,&quot;orientation&quot;:&quot;1&quot;}\" data-image-title=\"6- 18-19 CL (47)\" data-image-description=\"\" data-image-caption=\"\" data-large-file=\"https:\/\/sarimelekler.biz\/wp-content\/uploads\/2019\/02\/6-18-19-CL-47-1024x576.jpg\" \/><\/a>\n\t\t\t<\/dt><\/dl><dl class='gallery-item'>\n\t\t\t<dt class='gallery-icon landscape'>\n\t\t\t\t<a href='https:\/\/sarimelekler.biz\/?attachment_id=10229'><img loading=\"lazy\" decoding=\"async\" width=\"150\" height=\"150\" src=\"https:\/\/sarimelekler.biz\/wp-content\/uploads\/2019\/02\/6-18-19-CL-48-150x150.jpg\" class=\"attachment-thumbnail size-thumbnail\" alt=\"\" data-attachment-id=\"10229\" data-permalink=\"https:\/\/sarimelekler.biz\/?attachment_id=10229\" data-orig-file=\"https:\/\/sarimelekler.biz\/wp-content\/uploads\/2019\/02\/6-18-19-CL-48.jpg\" data-orig-size=\"1920,1080\" data-comments-opened=\"0\" data-image-meta=\"{&quot;aperture&quot;:&quot;2.8&quot;,&quot;credit&quot;:&quot;Marius Stoianov&quot;,&quot;camera&quot;:&quot;ILCE-7M3&quot;,&quot;caption&quot;:&quot;&quot;,&quot;created_timestamp&quot;:&quot;1551214760&quot;,&quot;copyright&quot;:&quot;stoianov.ro&quot;,&quot;focal_length&quot;:&quot;48&quot;,&quot;iso&quot;:&quot;1000&quot;,&quot;shutter_speed&quot;:&quot;0.004&quot;,&quot;title&quot;:&quot;&quot;,&quot;orientation&quot;:&quot;1&quot;}\" data-image-title=\"6- 18-19 CL (48)\" data-image-description=\"\" data-image-caption=\"\" data-large-file=\"https:\/\/sarimelekler.biz\/wp-content\/uploads\/2019\/02\/6-18-19-CL-48-1024x576.jpg\" \/><\/a>\n\t\t\t<\/dt><\/dl><dl class='gallery-item'>\n\t\t\t<dt class='gallery-icon landscape'>\n\t\t\t\t<a href='https:\/\/sarimelekler.biz\/?attachment_id=10230'><img loading=\"lazy\" decoding=\"async\" width=\"150\" height=\"150\" src=\"https:\/\/sarimelekler.biz\/wp-content\/uploads\/2019\/02\/6-18-19-CL-49-150x150.jpg\" class=\"attachment-thumbnail size-thumbnail\" alt=\"\" data-attachment-id=\"10230\" data-permalink=\"https:\/\/sarimelekler.biz\/?attachment_id=10230\" data-orig-file=\"https:\/\/sarimelekler.biz\/wp-content\/uploads\/2019\/02\/6-18-19-CL-49.jpg\" data-orig-size=\"1920,1080\" data-comments-opened=\"0\" data-image-meta=\"{&quot;aperture&quot;:&quot;4.5&quot;,&quot;credit&quot;:&quot;Marius Stoianov&quot;,&quot;camera&quot;:&quot;ILCE-7M3&quot;,&quot;caption&quot;:&quot;&quot;,&quot;created_timestamp&quot;:&quot;1551221342&quot;,&quot;copyright&quot;:&quot;stoianov.ro&quot;,&quot;focal_length&quot;:&quot;41&quot;,&quot;iso&quot;:&quot;3200&quot;,&quot;shutter_speed&quot;:&quot;0.003125&quot;,&quot;title&quot;:&quot;&quot;,&quot;orientation&quot;:&quot;1&quot;}\" data-image-title=\"6- 18-19 CL (49)\" data-image-description=\"\" data-image-caption=\"\" data-large-file=\"https:\/\/sarimelekler.biz\/wp-content\/uploads\/2019\/02\/6-18-19-CL-49-1024x576.jpg\" \/><\/a>\n\t\t\t<\/dt><\/dl><dl class='gallery-item'>\n\t\t\t<dt class='gallery-icon landscape'>\n\t\t\t\t<a href='https:\/\/sarimelekler.biz\/?attachment_id=10231'><img loading=\"lazy\" decoding=\"async\" width=\"150\" height=\"150\" src=\"https:\/\/sarimelekler.biz\/wp-content\/uploads\/2019\/02\/6-18-19-CL-50-150x150.jpg\" class=\"attachment-thumbnail size-thumbnail\" alt=\"\" data-attachment-id=\"10231\" data-permalink=\"https:\/\/sarimelekler.biz\/?attachment_id=10231\" data-orig-file=\"https:\/\/sarimelekler.biz\/wp-content\/uploads\/2019\/02\/6-18-19-CL-50.jpg\" data-orig-size=\"1920,1080\" data-comments-opened=\"0\" data-image-meta=\"{&quot;aperture&quot;:&quot;4.5&quot;,&quot;credit&quot;:&quot;Marius Stoianov&quot;,&quot;camera&quot;:&quot;ILCE-7M3&quot;,&quot;caption&quot;:&quot;&quot;,&quot;created_timestamp&quot;:&quot;1551221153&quot;,&quot;copyright&quot;:&quot;stoianov.ro&quot;,&quot;focal_length&quot;:&quot;24&quot;,&quot;iso&quot;:&quot;3200&quot;,&quot;shutter_speed&quot;:&quot;0.003125&quot;,&quot;title&quot;:&quot;&quot;,&quot;orientation&quot;:&quot;1&quot;}\" data-image-title=\"6- 18-19 CL (50)\" data-image-description=\"\" data-image-caption=\"\" data-large-file=\"https:\/\/sarimelekler.biz\/wp-content\/uploads\/2019\/02\/6-18-19-CL-50-1024x576.jpg\" \/><\/a>\n\t\t\t<\/dt><\/dl><br style=\"clear: both\" \/>\n\t\t<\/div>\n\n<p>Foto\u011fraf Kaynak:\u00a0<a href=\"https:\/\/www.fenerbahce.org\/detay.asp?ContentID=63761\" target=\"_blank\" rel=\"noopener\">Fenerbah\u00e7e SK Resmi \u0130nternet Sitesi<\/a><\/p>\n\n\t\t<style type=\"text\/css\">\n\t\t\t#gallery-2 {\n\t\t\t\tmargin: auto;\n\t\t\t}\n\t\t\t#gallery-2 .gallery-item {\n\t\t\t\tfloat: left;\n\t\t\t\tmargin-top: 10px;\n\t\t\t\ttext-align: center;\n\t\t\t\twidth: 20%;\n\t\t\t}\n\t\t\t#gallery-2 img {\n\t\t\t\tborder: 2px solid #cfcfcf;\n\t\t\t}\n\t\t\t#gallery-2 .gallery-caption {\n\t\t\t\tmargin-left: 0;\n\t\t\t}\n\t\t\t\/* see gallery_shortcode() in wp-includes\/media.php *\/\n\t\t<\/style>\n\t\t<div data-carousel-extra='{&quot;blog_id&quot;:1,&quot;permalink&quot;:&quot;https:\/\/sarimelekler.biz\/?p=10181&quot;}' id='gallery-2' class='gallery galleryid-10181 gallery-columns-5 gallery-size-thumbnail'><dl class='gallery-item'>\n\t\t\t<dt class='gallery-icon landscape'>\n\t\t\t\t<a href='https:\/\/sarimelekler.biz\/?attachment_id=10232'><img loading=\"lazy\" decoding=\"async\" width=\"150\" height=\"150\" src=\"https:\/\/sarimelekler.biz\/wp-content\/uploads\/2019\/02\/6-18-19-CL-51-150x150.jpg\" class=\"attachment-thumbnail size-thumbnail\" alt=\"\" aria-describedby=\"gallery-2-10232\" data-attachment-id=\"10232\" data-permalink=\"https:\/\/sarimelekler.biz\/?attachment_id=10232\" data-orig-file=\"https:\/\/sarimelekler.biz\/wp-content\/uploads\/2019\/02\/6-18-19-CL-51.jpg\" data-orig-size=\"5197,3543\" data-comments-opened=\"0\" data-image-meta=\"{&quot;aperture&quot;:&quot;4&quot;,&quot;credit&quot;:&quot;Razvan Pasarica\/SPORT PICTURES&quot;,&quot;camera&quot;:&quot;NIKON D500&quot;,&quot;caption&quot;:&quot;Echipa Fenerbahce la o fotografie de grup inaintea meciului de volei feminin dintre CSM Bucuresti si Fenerbahce Istanbul SK, contand pentru Liga Campionilor, desfasurat in Sala Polivalenta-Ioan Kunst Ghermanescu din Bucuresti, marti 26 februarie 2019. \\u00a9 FOTO Razvan Pasarica\/SPORT PICTURES&quot;,&quot;created_timestamp&quot;:&quot;1551203126&quot;,&quot;copyright&quot;:&quot;Razvan Pasarica\/SPORT PICTURES&quot;,&quot;focal_length&quot;:&quot;24&quot;,&quot;iso&quot;:&quot;2000&quot;,&quot;shutter_speed&quot;:&quot;0.002&quot;,&quot;title&quot;:&quot;VOLEI FEMININ:CSM BUCURESTI-FENERBAHCE ISTANBUL SK, LIGA CAMPIONILOR  (26.02.2019)&quot;,&quot;orientation&quot;:&quot;1&quot;}\" data-image-title=\"VOLEI FEMININ:CSM BUCURESTI-FENERBAHCE ISTANBUL SK, LIGA CAMPIONILOR  (26.02.2019)\" data-image-description=\"\" data-image-caption=\"&lt;p&gt;Echipa Fenerbahce la o fotografie de grup inaintea meciului de volei feminin dintre CSM Bucuresti si Fenerbahce Istanbul SK, contand pentru Liga Campionilor, desfasurat in Sala Polivalenta-Ioan Kunst Ghermanescu din Bucuresti, marti 26 februarie 2019. \u00a9 FOTO Razvan Pasarica\/SPORT PICTURES&lt;\/p&gt;\n\" data-large-file=\"https:\/\/sarimelekler.biz\/wp-content\/uploads\/2019\/02\/6-18-19-CL-51-1024x698.jpg\" \/><\/a>\n\t\t\t<\/dt>\n\t\t\t\t<dd class='wp-caption-text gallery-caption' id='gallery-2-10232'>\n\t\t\t\tEchipa Fenerbahce la o fotografie de grup inaintea meciului de volei feminin dintre CSM Bucuresti si Fenerbahce Istanbul SK, contand pentru Liga Campionilor, desfasurat in Sala Polivalenta-Ioan Kunst Ghermanescu din Bucuresti, marti 26 februarie 2019. \u00a9 FOTO Razvan Pasarica\/SPORT PICTURES\n\t\t\t\t<\/dd><\/dl><dl class='gallery-item'>\n\t\t\t<dt class='gallery-icon landscape'>\n\t\t\t\t<a href='https:\/\/sarimelekler.biz\/?attachment_id=10233'><img loading=\"lazy\" decoding=\"async\" width=\"150\" height=\"150\" src=\"https:\/\/sarimelekler.biz\/wp-content\/uploads\/2019\/02\/6-18-19-CL-52-150x150.jpg\" class=\"attachment-thumbnail size-thumbnail\" alt=\"\" aria-describedby=\"gallery-2-10233\" data-attachment-id=\"10233\" data-permalink=\"https:\/\/sarimelekler.biz\/?attachment_id=10233\" data-orig-file=\"https:\/\/sarimelekler.biz\/wp-content\/uploads\/2019\/02\/6-18-19-CL-52.jpg\" data-orig-size=\"5197,3543\" data-comments-opened=\"0\" data-image-meta=\"{&quot;aperture&quot;:&quot;4&quot;,&quot;credit&quot;:&quot;Razvan Pasarica\/SPORT PICTURES&quot;,&quot;camera&quot;:&quot;NIKON D500&quot;,&quot;caption&quot;:&quot;Echipa CSM la o fotografie de grup inaintea meciului de volei feminin dintre CSM Bucuresti si Fenerbahce Istanbul SK, contand pentru Liga Campionilor, desfasurat in Sala Polivalenta-Ioan Kunst Ghermanescu din Bucuresti, marti 26 februarie 2019. \\u00a9 FOTO Razvan Pasarica\/SPORT PICTURES&quot;,&quot;created_timestamp&quot;:&quot;1551203156&quot;,&quot;copyright&quot;:&quot;Razvan Pasarica\/SPORT PICTURES&quot;,&quot;focal_length&quot;:&quot;34&quot;,&quot;iso&quot;:&quot;2000&quot;,&quot;shutter_speed&quot;:&quot;0.002&quot;,&quot;title&quot;:&quot;VOLEI FEMININ:CSM BUCURESTI-FENERBAHCE ISTANBUL SK, LIGA CAMPIONILOR  (26.02.2019)&quot;,&quot;orientation&quot;:&quot;1&quot;}\" data-image-title=\"VOLEI FEMININ:CSM BUCURESTI-FENERBAHCE ISTANBUL SK, LIGA CAMPIONILOR  (26.02.2019)\" data-image-description=\"\" data-image-caption=\"&lt;p&gt;Echipa CSM la o fotografie de grup inaintea meciului de volei feminin dintre CSM Bucuresti si Fenerbahce Istanbul SK, contand pentru Liga Campionilor, desfasurat in Sala Polivalenta-Ioan Kunst Ghermanescu din Bucuresti, marti 26 februarie 2019. \u00a9 FOTO Razvan Pasarica\/SPORT PICTURES&lt;\/p&gt;\n\" data-large-file=\"https:\/\/sarimelekler.biz\/wp-content\/uploads\/2019\/02\/6-18-19-CL-52-1024x698.jpg\" \/><\/a>\n\t\t\t<\/dt>\n\t\t\t\t<dd class='wp-caption-text gallery-caption' id='gallery-2-10233'>\n\t\t\t\tEchipa CSM la o fotografie de grup inaintea meciului de volei feminin dintre CSM Bucuresti si Fenerbahce Istanbul SK, contand pentru Liga Campionilor, desfasurat in Sala Polivalenta-Ioan Kunst Ghermanescu din Bucuresti, marti 26 februarie 2019. \u00a9 FOTO Razvan Pasarica\/SPORT PICTURES\n\t\t\t\t<\/dd><\/dl><dl class='gallery-item'>\n\t\t\t<dt class='gallery-icon landscape'>\n\t\t\t\t<a href='https:\/\/sarimelekler.biz\/?attachment_id=10234'><img loading=\"lazy\" decoding=\"async\" width=\"150\" height=\"150\" src=\"https:\/\/sarimelekler.biz\/wp-content\/uploads\/2019\/02\/6-18-19-CL-53-150x150.jpg\" class=\"attachment-thumbnail size-thumbnail\" alt=\"\" aria-describedby=\"gallery-2-10234\" data-attachment-id=\"10234\" data-permalink=\"https:\/\/sarimelekler.biz\/?attachment_id=10234\" data-orig-file=\"https:\/\/sarimelekler.biz\/wp-content\/uploads\/2019\/02\/6-18-19-CL-53.jpg\" data-orig-size=\"4724,3543\" data-comments-opened=\"0\" data-image-meta=\"{&quot;aperture&quot;:&quot;2.8&quot;,&quot;credit&quot;:&quot;Razvan Pasarica\/SPORT PICTURES&quot;,&quot;camera&quot;:&quot;NIKON D500&quot;,&quot;caption&quot;:&quot;Faza in meciul de volei feminin dintre CSM Bucuresti si Fenerbahce Istanbul SK, contand pentru Liga Campionilor, desfasurat in Sala Polivalenta-Ioan Kunst Ghermanescu din Bucuresti, marti 26 februarie 2019. \\u00a9 FOTO Razvan Pasarica\/SPORT PICTURES&quot;,&quot;created_timestamp&quot;:&quot;1551204626&quot;,&quot;copyright&quot;:&quot;Razvan Pasarica\/SPORT PICTURES&quot;,&quot;focal_length&quot;:&quot;130&quot;,&quot;iso&quot;:&quot;1600&quot;,&quot;shutter_speed&quot;:&quot;0.00125&quot;,&quot;title&quot;:&quot;VOLEI FEMININ:CSM BUCURESTI-FENERBAHCE ISTANBUL SK, LIGA CAMPIONILOR  (26.02.2019)&quot;,&quot;orientation&quot;:&quot;1&quot;}\" data-image-title=\"VOLEI FEMININ:CSM BUCURESTI-FENERBAHCE ISTANBUL SK, LIGA CAMPIONILOR  (26.02.2019)\" data-image-description=\"\" data-image-caption=\"&lt;p&gt;Faza in meciul de volei feminin dintre CSM Bucuresti si Fenerbahce Istanbul SK, contand pentru Liga Campionilor, desfasurat in Sala Polivalenta-Ioan Kunst Ghermanescu din Bucuresti, marti 26 februarie 2019. \u00a9 FOTO Razvan Pasarica\/SPORT PICTURES&lt;\/p&gt;\n\" data-large-file=\"https:\/\/sarimelekler.biz\/wp-content\/uploads\/2019\/02\/6-18-19-CL-53-1024x768.jpg\" \/><\/a>\n\t\t\t<\/dt>\n\t\t\t\t<dd class='wp-caption-text gallery-caption' id='gallery-2-10234'>\n\t\t\t\tFaza in meciul de volei feminin dintre CSM Bucuresti si Fenerbahce Istanbul SK, contand pentru Liga Campionilor, desfasurat in Sala Polivalenta-Ioan Kunst Ghermanescu din Bucuresti, marti 26 februarie 2019. \u00a9 FOTO Razvan Pasarica\/SPORT PICTURES\n\t\t\t\t<\/dd><\/dl><dl class='gallery-item'>\n\t\t\t<dt class='gallery-icon landscape'>\n\t\t\t\t<a href='https:\/\/sarimelekler.biz\/?attachment_id=10235'><img loading=\"lazy\" decoding=\"async\" width=\"150\" height=\"150\" src=\"https:\/\/sarimelekler.biz\/wp-content\/uploads\/2019\/02\/6-18-19-CL-54-150x150.jpg\" class=\"attachment-thumbnail size-thumbnail\" alt=\"\" aria-describedby=\"gallery-2-10235\" data-attachment-id=\"10235\" data-permalink=\"https:\/\/sarimelekler.biz\/?attachment_id=10235\" data-orig-file=\"https:\/\/sarimelekler.biz\/wp-content\/uploads\/2019\/02\/6-18-19-CL-54.jpg\" data-orig-size=\"5315,3543\" data-comments-opened=\"0\" data-image-meta=\"{&quot;aperture&quot;:&quot;2.8&quot;,&quot;credit&quot;:&quot;Razvan Pasarica\/SPORT PICTURES&quot;,&quot;camera&quot;:&quot;NIKON D500&quot;,&quot;caption&quot;:&quot;Faza in meciul de volei feminin dintre CSM Bucuresti si Fenerbahce Istanbul SK, contand pentru Liga Campionilor, desfasurat in Sala Polivalenta-Ioan Kunst Ghermanescu din Bucuresti, marti 26 februarie 2019. \\u00a9 FOTO Razvan Pasarica\/SPORT PICTURES&quot;,&quot;created_timestamp&quot;:&quot;1551205220&quot;,&quot;copyright&quot;:&quot;Razvan Pasarica\/SPORT PICTURES&quot;,&quot;focal_length&quot;:&quot;70&quot;,&quot;iso&quot;:&quot;1600&quot;,&quot;shutter_speed&quot;:&quot;0.001&quot;,&quot;title&quot;:&quot;VOLEI FEMININ:CSM BUCURESTI-FENERBAHCE ISTANBUL SK, LIGA CAMPIONILOR  (26.02.2019)&quot;,&quot;orientation&quot;:&quot;1&quot;}\" data-image-title=\"VOLEI FEMININ:CSM BUCURESTI-FENERBAHCE ISTANBUL SK, LIGA CAMPIONILOR  (26.02.2019)\" data-image-description=\"\" data-image-caption=\"&lt;p&gt;Faza in meciul de volei feminin dintre CSM Bucuresti si Fenerbahce Istanbul SK, contand pentru Liga Campionilor, desfasurat in Sala Polivalenta-Ioan Kunst Ghermanescu din Bucuresti, marti 26 februarie 2019. \u00a9 FOTO Razvan Pasarica\/SPORT PICTURES&lt;\/p&gt;\n\" data-large-file=\"https:\/\/sarimelekler.biz\/wp-content\/uploads\/2019\/02\/6-18-19-CL-54-1024x683.jpg\" \/><\/a>\n\t\t\t<\/dt>\n\t\t\t\t<dd class='wp-caption-text gallery-caption' id='gallery-2-10235'>\n\t\t\t\tFaza in meciul de volei feminin dintre CSM Bucuresti si Fenerbahce Istanbul SK, contand pentru Liga Campionilor, desfasurat in Sala Polivalenta-Ioan Kunst Ghermanescu din Bucuresti, marti 26 februarie 2019. \u00a9 FOTO Razvan Pasarica\/SPORT PICTURES\n\t\t\t\t<\/dd><\/dl><dl class='gallery-item'>\n\t\t\t<dt class='gallery-icon landscape'>\n\t\t\t\t<a href='https:\/\/sarimelekler.biz\/?attachment_id=10236'><img loading=\"lazy\" decoding=\"async\" width=\"150\" height=\"150\" src=\"https:\/\/sarimelekler.biz\/wp-content\/uploads\/2019\/02\/6-18-19-CL-55-150x150.jpg\" class=\"attachment-thumbnail size-thumbnail\" alt=\"\" aria-describedby=\"gallery-2-10236\" data-attachment-id=\"10236\" data-permalink=\"https:\/\/sarimelekler.biz\/?attachment_id=10236\" data-orig-file=\"https:\/\/sarimelekler.biz\/wp-content\/uploads\/2019\/02\/6-18-19-CL-55.jpg\" data-orig-size=\"4724,3543\" data-comments-opened=\"0\" data-image-meta=\"{&quot;aperture&quot;:&quot;2.8&quot;,&quot;credit&quot;:&quot;Razvan Pasarica\/SPORT PICTURES&quot;,&quot;camera&quot;:&quot;NIKON D500&quot;,&quot;caption&quot;:&quot;Iryna Trushkina in meciul de volei feminin dintre CSM Bucuresti si Fenerbahce Istanbul SK, contand pentru Liga Campionilor, desfasurat in Sala Polivalenta-Ioan Kunst Ghermanescu din Bucuresti, marti 26 februarie 2019. \\u00a9 FOTO Razvan Pasarica\/SPORT PICTURES&quot;,&quot;created_timestamp&quot;:&quot;1551206252&quot;,&quot;copyright&quot;:&quot;Razvan Pasarica\/SPORT PICTURES&quot;,&quot;focal_length&quot;:&quot;102&quot;,&quot;iso&quot;:&quot;1600&quot;,&quot;shutter_speed&quot;:&quot;0.00125&quot;,&quot;title&quot;:&quot;VOLEI FEMININ:CSM BUCURESTI-FENERBAHCE ISTANBUL SK, LIGA CAMPIONILOR  (26.02.2019)&quot;,&quot;orientation&quot;:&quot;1&quot;}\" data-image-title=\"VOLEI FEMININ:CSM BUCURESTI-FENERBAHCE ISTANBUL SK, LIGA CAMPIONILOR  (26.02.2019)\" data-image-description=\"\" data-image-caption=\"&lt;p&gt;Iryna Trushkina in meciul de volei feminin dintre CSM Bucuresti si Fenerbahce Istanbul SK, contand pentru Liga Campionilor, desfasurat in Sala Polivalenta-Ioan Kunst Ghermanescu din Bucuresti, marti 26 februarie 2019. \u00a9 FOTO Razvan Pasarica\/SPORT PICTURES&lt;\/p&gt;\n\" data-large-file=\"https:\/\/sarimelekler.biz\/wp-content\/uploads\/2019\/02\/6-18-19-CL-55-1024x768.jpg\" \/><\/a>\n\t\t\t<\/dt>\n\t\t\t\t<dd class='wp-caption-text gallery-caption' id='gallery-2-10236'>\n\t\t\t\tIryna Trushkina in meciul de volei feminin dintre CSM Bucuresti si Fenerbahce Istanbul SK, contand pentru Liga Campionilor, desfasurat in Sala Polivalenta-Ioan Kunst Ghermanescu din Bucuresti, marti 26 februarie 2019. \u00a9 FOTO Razvan Pasarica\/SPORT PICTURES\n\t\t\t\t<\/dd><\/dl><br style=\"clear: both\" \/><dl class='gallery-item'>\n\t\t\t<dt class='gallery-icon landscape'>\n\t\t\t\t<a href='https:\/\/sarimelekler.biz\/?attachment_id=10237'><img loading=\"lazy\" decoding=\"async\" width=\"150\" height=\"150\" src=\"https:\/\/sarimelekler.biz\/wp-content\/uploads\/2019\/02\/6-18-19-CL-56-150x150.jpg\" class=\"attachment-thumbnail size-thumbnail\" alt=\"\" aria-describedby=\"gallery-2-10237\" data-attachment-id=\"10237\" data-permalink=\"https:\/\/sarimelekler.biz\/?attachment_id=10237\" data-orig-file=\"https:\/\/sarimelekler.biz\/wp-content\/uploads\/2019\/02\/6-18-19-CL-56.jpg\" data-orig-size=\"5315,3543\" data-comments-opened=\"0\" data-image-meta=\"{&quot;aperture&quot;:&quot;2.8&quot;,&quot;credit&quot;:&quot;Razvan Pasarica\/SPORT PICTURES&quot;,&quot;camera&quot;:&quot;NIKON D500&quot;,&quot;caption&quot;:&quot;Faza in meciul de volei feminin dintre CSM Bucuresti si Fenerbahce Istanbul SK, contand pentru Liga Campionilor, desfasurat in Sala Polivalenta-Ioan Kunst Ghermanescu din Bucuresti, marti 26 februarie 2019. \\u00a9 FOTO Razvan Pasarica\/SPORT PICTURES&quot;,&quot;created_timestamp&quot;:&quot;1551206449&quot;,&quot;copyright&quot;:&quot;Razvan Pasarica\/SPORT PICTURES&quot;,&quot;focal_length&quot;:&quot;165&quot;,&quot;iso&quot;:&quot;1600&quot;,&quot;shutter_speed&quot;:&quot;0.00125&quot;,&quot;title&quot;:&quot;VOLEI FEMININ:CSM BUCURESTI-FENERBAHCE ISTANBUL SK, LIGA CAMPIONILOR  (26.02.2019)&quot;,&quot;orientation&quot;:&quot;1&quot;}\" data-image-title=\"VOLEI FEMININ:CSM BUCURESTI-FENERBAHCE ISTANBUL SK, LIGA CAMPIONILOR  (26.02.2019)\" data-image-description=\"\" data-image-caption=\"&lt;p&gt;Faza in meciul de volei feminin dintre CSM Bucuresti si Fenerbahce Istanbul SK, contand pentru Liga Campionilor, desfasurat in Sala Polivalenta-Ioan Kunst Ghermanescu din Bucuresti, marti 26 februarie 2019. \u00a9 FOTO Razvan Pasarica\/SPORT PICTURES&lt;\/p&gt;\n\" data-large-file=\"https:\/\/sarimelekler.biz\/wp-content\/uploads\/2019\/02\/6-18-19-CL-56-1024x683.jpg\" \/><\/a>\n\t\t\t<\/dt>\n\t\t\t\t<dd class='wp-caption-text gallery-caption' id='gallery-2-10237'>\n\t\t\t\tFaza in meciul de volei feminin dintre CSM Bucuresti si Fenerbahce Istanbul SK, contand pentru Liga Campionilor, desfasurat in Sala Polivalenta-Ioan Kunst Ghermanescu din Bucuresti, marti 26 februarie 2019. \u00a9 FOTO Razvan Pasarica\/SPORT PICTURES\n\t\t\t\t<\/dd><\/dl><dl class='gallery-item'>\n\t\t\t<dt class='gallery-icon landscape'>\n\t\t\t\t<a href='https:\/\/sarimelekler.biz\/?attachment_id=10238'><img loading=\"lazy\" decoding=\"async\" width=\"150\" height=\"150\" src=\"https:\/\/sarimelekler.biz\/wp-content\/uploads\/2019\/02\/6-18-19-CL-57-150x150.jpg\" class=\"attachment-thumbnail size-thumbnail\" alt=\"\" aria-describedby=\"gallery-2-10238\" data-attachment-id=\"10238\" data-permalink=\"https:\/\/sarimelekler.biz\/?attachment_id=10238\" data-orig-file=\"https:\/\/sarimelekler.biz\/wp-content\/uploads\/2019\/02\/6-18-19-CL-57.jpg\" data-orig-size=\"4724,3543\" data-comments-opened=\"0\" data-image-meta=\"{&quot;aperture&quot;:&quot;2.8&quot;,&quot;credit&quot;:&quot;Razvan Pasarica\/SPORT PICTURES&quot;,&quot;camera&quot;:&quot;NIKON D500&quot;,&quot;caption&quot;:&quot;Faza in meciul de volei feminin dintre CSM Bucuresti si Fenerbahce Istanbul SK, contand pentru Liga Campionilor, desfasurat in Sala Polivalenta-Ioan Kunst Ghermanescu din Bucuresti, marti 26 februarie 2019. \\u00a9 FOTO Razvan Pasarica\/SPORT PICTURES&quot;,&quot;created_timestamp&quot;:&quot;1551206726&quot;,&quot;copyright&quot;:&quot;Razvan Pasarica\/SPORT PICTURES&quot;,&quot;focal_length&quot;:&quot;135&quot;,&quot;iso&quot;:&quot;1600&quot;,&quot;shutter_speed&quot;:&quot;0.00125&quot;,&quot;title&quot;:&quot;VOLEI FEMININ:CSM BUCURESTI-FENERBAHCE ISTANBUL SK, LIGA CAMPIONILOR  (26.02.2019)&quot;,&quot;orientation&quot;:&quot;1&quot;}\" data-image-title=\"VOLEI FEMININ:CSM BUCURESTI-FENERBAHCE ISTANBUL SK, LIGA CAMPIONILOR  (26.02.2019)\" data-image-description=\"\" data-image-caption=\"&lt;p&gt;Faza in meciul de volei feminin dintre CSM Bucuresti si Fenerbahce Istanbul SK, contand pentru Liga Campionilor, desfasurat in Sala Polivalenta-Ioan Kunst Ghermanescu din Bucuresti, marti 26 februarie 2019. \u00a9 FOTO Razvan Pasarica\/SPORT PICTURES&lt;\/p&gt;\n\" data-large-file=\"https:\/\/sarimelekler.biz\/wp-content\/uploads\/2019\/02\/6-18-19-CL-57-1024x768.jpg\" \/><\/a>\n\t\t\t<\/dt>\n\t\t\t\t<dd class='wp-caption-text gallery-caption' id='gallery-2-10238'>\n\t\t\t\tFaza in meciul de volei feminin dintre CSM Bucuresti si Fenerbahce Istanbul SK, contand pentru Liga Campionilor, desfasurat in Sala Polivalenta-Ioan Kunst Ghermanescu din Bucuresti, marti 26 februarie 2019. \u00a9 FOTO Razvan Pasarica\/SPORT PICTURES\n\t\t\t\t<\/dd><\/dl><dl class='gallery-item'>\n\t\t\t<dt class='gallery-icon landscape'>\n\t\t\t\t<a href='https:\/\/sarimelekler.biz\/?attachment_id=10239'><img loading=\"lazy\" decoding=\"async\" width=\"150\" height=\"150\" src=\"https:\/\/sarimelekler.biz\/wp-content\/uploads\/2019\/02\/6-18-19-CL-58-150x150.jpg\" class=\"attachment-thumbnail size-thumbnail\" alt=\"\" aria-describedby=\"gallery-2-10239\" data-attachment-id=\"10239\" data-permalink=\"https:\/\/sarimelekler.biz\/?attachment_id=10239\" data-orig-file=\"https:\/\/sarimelekler.biz\/wp-content\/uploads\/2019\/02\/6-18-19-CL-58.jpg\" data-orig-size=\"4724,3543\" data-comments-opened=\"0\" data-image-meta=\"{&quot;aperture&quot;:&quot;2.8&quot;,&quot;credit&quot;:&quot;Razvan Pasarica\/SPORT PICTURES&quot;,&quot;camera&quot;:&quot;NIKON D500&quot;,&quot;caption&quot;:&quot;Faza in meciul de volei feminin dintre CSM Bucuresti si Fenerbahce Istanbul SK, contand pentru Liga Campionilor, desfasurat in Sala Polivalenta-Ioan Kunst Ghermanescu din Bucuresti, marti 26 februarie 2019. \\u00a9 FOTO Razvan Pasarica\/SPORT PICTURES&quot;,&quot;created_timestamp&quot;:&quot;1551206728&quot;,&quot;copyright&quot;:&quot;Razvan Pasarica\/SPORT PICTURES&quot;,&quot;focal_length&quot;:&quot;200&quot;,&quot;iso&quot;:&quot;1600&quot;,&quot;shutter_speed&quot;:&quot;0.00125&quot;,&quot;title&quot;:&quot;VOLEI FEMININ:CSM BUCURESTI-FENERBAHCE ISTANBUL SK, LIGA CAMPIONILOR  (26.02.2019)&quot;,&quot;orientation&quot;:&quot;1&quot;}\" data-image-title=\"VOLEI FEMININ:CSM BUCURESTI-FENERBAHCE ISTANBUL SK, LIGA CAMPIONILOR  (26.02.2019)\" data-image-description=\"\" data-image-caption=\"&lt;p&gt;Faza in meciul de volei feminin dintre CSM Bucuresti si Fenerbahce Istanbul SK, contand pentru Liga Campionilor, desfasurat in Sala Polivalenta-Ioan Kunst Ghermanescu din Bucuresti, marti 26 februarie 2019. \u00a9 FOTO Razvan Pasarica\/SPORT PICTURES&lt;\/p&gt;\n\" data-large-file=\"https:\/\/sarimelekler.biz\/wp-content\/uploads\/2019\/02\/6-18-19-CL-58-1024x768.jpg\" \/><\/a>\n\t\t\t<\/dt>\n\t\t\t\t<dd class='wp-caption-text gallery-caption' id='gallery-2-10239'>\n\t\t\t\tFaza in meciul de volei feminin dintre CSM Bucuresti si Fenerbahce Istanbul SK, contand pentru Liga Campionilor, desfasurat in Sala Polivalenta-Ioan Kunst Ghermanescu din Bucuresti, marti 26 februarie 2019. \u00a9 FOTO Razvan Pasarica\/SPORT PICTURES\n\t\t\t\t<\/dd><\/dl><dl class='gallery-item'>\n\t\t\t<dt class='gallery-icon landscape'>\n\t\t\t\t<a href='https:\/\/sarimelekler.biz\/?attachment_id=10240'><img loading=\"lazy\" decoding=\"async\" width=\"150\" height=\"150\" src=\"https:\/\/sarimelekler.biz\/wp-content\/uploads\/2019\/02\/6-18-19-CL-59-150x150.jpg\" class=\"attachment-thumbnail size-thumbnail\" alt=\"\" aria-describedby=\"gallery-2-10240\" data-attachment-id=\"10240\" data-permalink=\"https:\/\/sarimelekler.biz\/?attachment_id=10240\" data-orig-file=\"https:\/\/sarimelekler.biz\/wp-content\/uploads\/2019\/02\/6-18-19-CL-59.jpg\" data-orig-size=\"4724,3543\" data-comments-opened=\"0\" data-image-meta=\"{&quot;aperture&quot;:&quot;2.8&quot;,&quot;credit&quot;:&quot;Razvan Pasarica\/SPORT PICTURES&quot;,&quot;camera&quot;:&quot;NIKON D500&quot;,&quot;caption&quot;:&quot;Faza in meciul de volei feminin dintre CSM Bucuresti si Fenerbahce Istanbul SK, contand pentru Liga Campionilor, desfasurat in Sala Polivalenta-Ioan Kunst Ghermanescu din Bucuresti, marti 26 februarie 2019. \\u00a9 FOTO Razvan Pasarica\/SPORT PICTURES&quot;,&quot;created_timestamp&quot;:&quot;1551206752&quot;,&quot;copyright&quot;:&quot;Razvan Pasarica\/SPORT PICTURES&quot;,&quot;focal_length&quot;:&quot;170&quot;,&quot;iso&quot;:&quot;1600&quot;,&quot;shutter_speed&quot;:&quot;0.00125&quot;,&quot;title&quot;:&quot;VOLEI FEMININ:CSM BUCURESTI-FENERBAHCE ISTANBUL SK, LIGA CAMPIONILOR  (26.02.2019)&quot;,&quot;orientation&quot;:&quot;1&quot;}\" data-image-title=\"VOLEI FEMININ:CSM BUCURESTI-FENERBAHCE ISTANBUL SK, LIGA CAMPIONILOR  (26.02.2019)\" data-image-description=\"\" data-image-caption=\"&lt;p&gt;Faza in meciul de volei feminin dintre CSM Bucuresti si Fenerbahce Istanbul SK, contand pentru Liga Campionilor, desfasurat in Sala Polivalenta-Ioan Kunst Ghermanescu din Bucuresti, marti 26 februarie 2019. \u00a9 FOTO Razvan Pasarica\/SPORT PICTURES&lt;\/p&gt;\n\" data-large-file=\"https:\/\/sarimelekler.biz\/wp-content\/uploads\/2019\/02\/6-18-19-CL-59-1024x768.jpg\" \/><\/a>\n\t\t\t<\/dt>\n\t\t\t\t<dd class='wp-caption-text gallery-caption' id='gallery-2-10240'>\n\t\t\t\tFaza in meciul de volei feminin dintre CSM Bucuresti si Fenerbahce Istanbul SK, contand pentru Liga Campionilor, desfasurat in Sala Polivalenta-Ioan Kunst Ghermanescu din Bucuresti, marti 26 februarie 2019. \u00a9 FOTO Razvan Pasarica\/SPORT PICTURES\n\t\t\t\t<\/dd><\/dl><dl class='gallery-item'>\n\t\t\t<dt class='gallery-icon landscape'>\n\t\t\t\t<a href='https:\/\/sarimelekler.biz\/?attachment_id=10241'><img loading=\"lazy\" decoding=\"async\" width=\"150\" height=\"150\" src=\"https:\/\/sarimelekler.biz\/wp-content\/uploads\/2019\/02\/6-18-19-CL-60-150x150.jpg\" class=\"attachment-thumbnail size-thumbnail\" alt=\"\" aria-describedby=\"gallery-2-10241\" data-attachment-id=\"10241\" data-permalink=\"https:\/\/sarimelekler.biz\/?attachment_id=10241\" data-orig-file=\"https:\/\/sarimelekler.biz\/wp-content\/uploads\/2019\/02\/6-18-19-CL-60.jpg\" data-orig-size=\"4724,3543\" data-comments-opened=\"0\" data-image-meta=\"{&quot;aperture&quot;:&quot;2.8&quot;,&quot;credit&quot;:&quot;Razvan Pasarica\/SPORT PICTURES&quot;,&quot;camera&quot;:&quot;NIKON D500&quot;,&quot;caption&quot;:&quot;Faza in meciul de volei feminin dintre CSM Bucuresti si Fenerbahce Istanbul SK, contand pentru Liga Campionilor, desfasurat in Sala Polivalenta-Ioan Kunst Ghermanescu din Bucuresti, marti 26 februarie 2019. \\u00a9 FOTO Razvan Pasarica\/SPORT PICTURES&quot;,&quot;created_timestamp&quot;:&quot;1551206790&quot;,&quot;copyright&quot;:&quot;Razvan Pasarica\/SPORT PICTURES&quot;,&quot;focal_length&quot;:&quot;175&quot;,&quot;iso&quot;:&quot;1600&quot;,&quot;shutter_speed&quot;:&quot;0.00125&quot;,&quot;title&quot;:&quot;VOLEI FEMININ:CSM BUCURESTI-FENERBAHCE ISTANBUL SK, LIGA CAMPIONILOR  (26.02.2019)&quot;,&quot;orientation&quot;:&quot;1&quot;}\" data-image-title=\"VOLEI FEMININ:CSM BUCURESTI-FENERBAHCE ISTANBUL SK, LIGA CAMPIONILOR  (26.02.2019)\" data-image-description=\"\" data-image-caption=\"&lt;p&gt;Faza in meciul de volei feminin dintre CSM Bucuresti si Fenerbahce Istanbul SK, contand pentru Liga Campionilor, desfasurat in Sala Polivalenta-Ioan Kunst Ghermanescu din Bucuresti, marti 26 februarie 2019. \u00a9 FOTO Razvan Pasarica\/SPORT PICTURES&lt;\/p&gt;\n\" data-large-file=\"https:\/\/sarimelekler.biz\/wp-content\/uploads\/2019\/02\/6-18-19-CL-60-1024x768.jpg\" \/><\/a>\n\t\t\t<\/dt>\n\t\t\t\t<dd class='wp-caption-text gallery-caption' id='gallery-2-10241'>\n\t\t\t\tFaza in meciul de volei feminin dintre CSM Bucuresti si Fenerbahce Istanbul SK, contand pentru Liga Campionilor, desfasurat in Sala Polivalenta-Ioan Kunst Ghermanescu din Bucuresti, marti 26 februarie 2019. \u00a9 FOTO Razvan Pasarica\/SPORT PICTURES\n\t\t\t\t<\/dd><\/dl><br style=\"clear: both\" \/><dl class='gallery-item'>\n\t\t\t<dt class='gallery-icon landscape'>\n\t\t\t\t<a href='https:\/\/sarimelekler.biz\/?attachment_id=10242'><img loading=\"lazy\" decoding=\"async\" width=\"150\" height=\"150\" src=\"https:\/\/sarimelekler.biz\/wp-content\/uploads\/2019\/02\/6-18-19-CL-61-150x150.jpg\" class=\"attachment-thumbnail size-thumbnail\" alt=\"\" aria-describedby=\"gallery-2-10242\" data-attachment-id=\"10242\" data-permalink=\"https:\/\/sarimelekler.biz\/?attachment_id=10242\" data-orig-file=\"https:\/\/sarimelekler.biz\/wp-content\/uploads\/2019\/02\/6-18-19-CL-61.jpg\" data-orig-size=\"4724,3543\" data-comments-opened=\"0\" data-image-meta=\"{&quot;aperture&quot;:&quot;2.8&quot;,&quot;credit&quot;:&quot;Razvan Pasarica\/SPORT PICTURES&quot;,&quot;camera&quot;:&quot;NIKON D500&quot;,&quot;caption&quot;:&quot;Faza in meciul de volei feminin dintre CSM Bucuresti si Fenerbahce Istanbul SK, contand pentru Liga Campionilor, desfasurat in Sala Polivalenta-Ioan Kunst Ghermanescu din Bucuresti, marti 26 februarie 2019. \\u00a9 FOTO Razvan Pasarica\/SPORT PICTURES&quot;,&quot;created_timestamp&quot;:&quot;1551206861&quot;,&quot;copyright&quot;:&quot;Razvan Pasarica\/SPORT PICTURES&quot;,&quot;focal_length&quot;:&quot;135&quot;,&quot;iso&quot;:&quot;1600&quot;,&quot;shutter_speed&quot;:&quot;0.00125&quot;,&quot;title&quot;:&quot;VOLEI FEMININ:CSM BUCURESTI-FENERBAHCE ISTANBUL SK, LIGA CAMPIONILOR  (26.02.2019)&quot;,&quot;orientation&quot;:&quot;1&quot;}\" data-image-title=\"VOLEI FEMININ:CSM BUCURESTI-FENERBAHCE ISTANBUL SK, LIGA CAMPIONILOR  (26.02.2019)\" data-image-description=\"\" data-image-caption=\"&lt;p&gt;Faza in meciul de volei feminin dintre CSM Bucuresti si Fenerbahce Istanbul SK, contand pentru Liga Campionilor, desfasurat in Sala Polivalenta-Ioan Kunst Ghermanescu din Bucuresti, marti 26 februarie 2019. \u00a9 FOTO Razvan Pasarica\/SPORT PICTURES&lt;\/p&gt;\n\" data-large-file=\"https:\/\/sarimelekler.biz\/wp-content\/uploads\/2019\/02\/6-18-19-CL-61-1024x768.jpg\" \/><\/a>\n\t\t\t<\/dt>\n\t\t\t\t<dd class='wp-caption-text gallery-caption' id='gallery-2-10242'>\n\t\t\t\tFaza in meciul de volei feminin dintre CSM Bucuresti si Fenerbahce Istanbul SK, contand pentru Liga Campionilor, desfasurat in Sala Polivalenta-Ioan Kunst Ghermanescu din Bucuresti, marti 26 februarie 2019. \u00a9 FOTO Razvan Pasarica\/SPORT PICTURES\n\t\t\t\t<\/dd><\/dl><dl class='gallery-item'>\n\t\t\t<dt class='gallery-icon landscape'>\n\t\t\t\t<a href='https:\/\/sarimelekler.biz\/?attachment_id=10243'><img loading=\"lazy\" decoding=\"async\" width=\"150\" height=\"150\" src=\"https:\/\/sarimelekler.biz\/wp-content\/uploads\/2019\/02\/6-18-19-CL-62-150x150.jpg\" class=\"attachment-thumbnail size-thumbnail\" alt=\"\" aria-describedby=\"gallery-2-10243\" data-attachment-id=\"10243\" data-permalink=\"https:\/\/sarimelekler.biz\/?attachment_id=10243\" data-orig-file=\"https:\/\/sarimelekler.biz\/wp-content\/uploads\/2019\/02\/6-18-19-CL-62.jpg\" data-orig-size=\"4724,3543\" data-comments-opened=\"0\" data-image-meta=\"{&quot;aperture&quot;:&quot;2.8&quot;,&quot;credit&quot;:&quot;&quot;,&quot;camera&quot;:&quot;NIKON D500&quot;,&quot;caption&quot;:&quot;Faza in meciul de volei feminin dintre CSM Bucuresti si Fenerbahce Istanbul SK, contand pentru Liga Campionilor, desfasurat in Sala Polivalenta-Ioan Kunst Ghermanescu din Bucuresti, marti 26 februarie 2019. \\u00a9 FOTO Razvan Pasarica\/SPORT PICTURES&quot;,&quot;created_timestamp&quot;:&quot;1551208250&quot;,&quot;copyright&quot;:&quot;&quot;,&quot;focal_length&quot;:&quot;70&quot;,&quot;iso&quot;:&quot;1600&quot;,&quot;shutter_speed&quot;:&quot;0.001&quot;,&quot;title&quot;:&quot;&quot;,&quot;orientation&quot;:&quot;1&quot;}\" data-image-title=\"6- 18-19 CL (62)\" data-image-description=\"\" data-image-caption=\"&lt;p&gt;Faza in meciul de volei feminin dintre CSM Bucuresti si Fenerbahce Istanbul SK, contand pentru Liga Campionilor, desfasurat in Sala Polivalenta-Ioan Kunst Ghermanescu din Bucuresti, marti 26 februarie 2019. \u00a9 FOTO Razvan Pasarica\/SPORT PICTURES&lt;\/p&gt;\n\" data-large-file=\"https:\/\/sarimelekler.biz\/wp-content\/uploads\/2019\/02\/6-18-19-CL-62-1024x768.jpg\" \/><\/a>\n\t\t\t<\/dt>\n\t\t\t\t<dd class='wp-caption-text gallery-caption' id='gallery-2-10243'>\n\t\t\t\tFaza in meciul de volei feminin dintre CSM Bucuresti si Fenerbahce Istanbul SK, contand pentru Liga Campionilor, desfasurat in Sala Polivalenta-Ioan Kunst Ghermanescu din Bucuresti, marti 26 februarie 2019. \u00a9 FOTO Razvan Pasarica\/SPORT PICTURES\n\t\t\t\t<\/dd><\/dl><dl class='gallery-item'>\n\t\t\t<dt class='gallery-icon landscape'>\n\t\t\t\t<a href='https:\/\/sarimelekler.biz\/?attachment_id=10244'><img loading=\"lazy\" decoding=\"async\" width=\"150\" height=\"150\" src=\"https:\/\/sarimelekler.biz\/wp-content\/uploads\/2019\/02\/6-18-19-CL-63-150x150.jpg\" class=\"attachment-thumbnail size-thumbnail\" alt=\"\" aria-describedby=\"gallery-2-10244\" data-attachment-id=\"10244\" data-permalink=\"https:\/\/sarimelekler.biz\/?attachment_id=10244\" data-orig-file=\"https:\/\/sarimelekler.biz\/wp-content\/uploads\/2019\/02\/6-18-19-CL-63.jpg\" data-orig-size=\"4724,3543\" data-comments-opened=\"0\" data-image-meta=\"{&quot;aperture&quot;:&quot;2.8&quot;,&quot;credit&quot;:&quot;&quot;,&quot;camera&quot;:&quot;NIKON D500&quot;,&quot;caption&quot;:&quot;Faza in meciul de volei feminin dintre CSM Bucuresti si Fenerbahce Istanbul SK, contand pentru Liga Campionilor, desfasurat in Sala Polivalenta-Ioan Kunst Ghermanescu din Bucuresti, marti 26 februarie 2019. \\u00a9 FOTO Razvan Pasarica\/SPORT PICTURES&quot;,&quot;created_timestamp&quot;:&quot;1551208452&quot;,&quot;copyright&quot;:&quot;&quot;,&quot;focal_length&quot;:&quot;165&quot;,&quot;iso&quot;:&quot;1600&quot;,&quot;shutter_speed&quot;:&quot;0.001&quot;,&quot;title&quot;:&quot;&quot;,&quot;orientation&quot;:&quot;1&quot;}\" data-image-title=\"6- 18-19 CL (63)\" data-image-description=\"\" data-image-caption=\"&lt;p&gt;Faza in meciul de volei feminin dintre CSM Bucuresti si Fenerbahce Istanbul SK, contand pentru Liga Campionilor, desfasurat in Sala Polivalenta-Ioan Kunst Ghermanescu din Bucuresti, marti 26 februarie 2019. \u00a9 FOTO Razvan Pasarica\/SPORT PICTURES&lt;\/p&gt;\n\" data-large-file=\"https:\/\/sarimelekler.biz\/wp-content\/uploads\/2019\/02\/6-18-19-CL-63-1024x768.jpg\" \/><\/a>\n\t\t\t<\/dt>\n\t\t\t\t<dd class='wp-caption-text gallery-caption' id='gallery-2-10244'>\n\t\t\t\tFaza in meciul de volei feminin dintre CSM Bucuresti si Fenerbahce Istanbul SK, contand pentru Liga Campionilor, desfasurat in Sala Polivalenta-Ioan Kunst Ghermanescu din Bucuresti, marti 26 februarie 2019. \u00a9 FOTO Razvan Pasarica\/SPORT PICTURES\n\t\t\t\t<\/dd><\/dl><dl class='gallery-item'>\n\t\t\t<dt class='gallery-icon landscape'>\n\t\t\t\t<a href='https:\/\/sarimelekler.biz\/?attachment_id=10245'><img loading=\"lazy\" decoding=\"async\" width=\"150\" height=\"150\" src=\"https:\/\/sarimelekler.biz\/wp-content\/uploads\/2019\/02\/6-18-19-CL-64-150x150.jpg\" class=\"attachment-thumbnail size-thumbnail\" alt=\"\" aria-describedby=\"gallery-2-10245\" data-attachment-id=\"10245\" data-permalink=\"https:\/\/sarimelekler.biz\/?attachment_id=10245\" data-orig-file=\"https:\/\/sarimelekler.biz\/wp-content\/uploads\/2019\/02\/6-18-19-CL-64.jpg\" data-orig-size=\"4724,3543\" data-comments-opened=\"0\" data-image-meta=\"{&quot;aperture&quot;:&quot;2.8&quot;,&quot;credit&quot;:&quot;&quot;,&quot;camera&quot;:&quot;NIKON D500&quot;,&quot;caption&quot;:&quot;Faza in meciul de volei feminin dintre CSM Bucuresti si Fenerbahce Istanbul SK, contand pentru Liga Campionilor, desfasurat in Sala Polivalenta-Ioan Kunst Ghermanescu din Bucuresti, marti 26 februarie 2019. \\u00a9 FOTO Razvan Pasarica\/SPORT PICTURES&quot;,&quot;created_timestamp&quot;:&quot;1551208472&quot;,&quot;copyright&quot;:&quot;&quot;,&quot;focal_length&quot;:&quot;102&quot;,&quot;iso&quot;:&quot;1600&quot;,&quot;shutter_speed&quot;:&quot;0.001&quot;,&quot;title&quot;:&quot;&quot;,&quot;orientation&quot;:&quot;1&quot;}\" data-image-title=\"6- 18-19 CL (64)\" data-image-description=\"\" data-image-caption=\"&lt;p&gt;Faza in meciul de volei feminin dintre CSM Bucuresti si Fenerbahce Istanbul SK, contand pentru Liga Campionilor, desfasurat in Sala Polivalenta-Ioan Kunst Ghermanescu din Bucuresti, marti 26 februarie 2019. \u00a9 FOTO Razvan Pasarica\/SPORT PICTURES&lt;\/p&gt;\n\" data-large-file=\"https:\/\/sarimelekler.biz\/wp-content\/uploads\/2019\/02\/6-18-19-CL-64-1024x768.jpg\" \/><\/a>\n\t\t\t<\/dt>\n\t\t\t\t<dd class='wp-caption-text gallery-caption' id='gallery-2-10245'>\n\t\t\t\tFaza in meciul de volei feminin dintre CSM Bucuresti si Fenerbahce Istanbul SK, contand pentru Liga Campionilor, desfasurat in Sala Polivalenta-Ioan Kunst Ghermanescu din Bucuresti, marti 26 februarie 2019. \u00a9 FOTO Razvan Pasarica\/SPORT PICTURES\n\t\t\t\t<\/dd><\/dl><dl class='gallery-item'>\n\t\t\t<dt class='gallery-icon landscape'>\n\t\t\t\t<a href='https:\/\/sarimelekler.biz\/?attachment_id=10246'><img loading=\"lazy\" decoding=\"async\" width=\"150\" height=\"150\" src=\"https:\/\/sarimelekler.biz\/wp-content\/uploads\/2019\/02\/6-18-19-CL-65-150x150.jpg\" class=\"attachment-thumbnail size-thumbnail\" alt=\"\" aria-describedby=\"gallery-2-10246\" data-attachment-id=\"10246\" data-permalink=\"https:\/\/sarimelekler.biz\/?attachment_id=10246\" data-orig-file=\"https:\/\/sarimelekler.biz\/wp-content\/uploads\/2019\/02\/6-18-19-CL-65.jpg\" data-orig-size=\"4724,3543\" data-comments-opened=\"0\" data-image-meta=\"{&quot;aperture&quot;:&quot;2.8&quot;,&quot;credit&quot;:&quot;Razvan Pasarica\/SPORT PICTURES&quot;,&quot;camera&quot;:&quot;NIKON D500&quot;,&quot;caption&quot;:&quot;Voleibalistele de la CSM se bucura in meciul de volei feminin dintre CSM Bucuresti si Fenerbahce Istanbul SK, contand pentru Liga Campionilor, desfasurat in Sala Polivalenta-Ioan Kunst Ghermanescu din Bucuresti, marti 26 februarie 2019. \\u00a9 FOTO Razvan Pasarica\/SPORT PICTURES&quot;,&quot;created_timestamp&quot;:&quot;1551209679&quot;,&quot;copyright&quot;:&quot;Razvan Pasarica\/SPORT PICTURES&quot;,&quot;focal_length&quot;:&quot;170&quot;,&quot;iso&quot;:&quot;1600&quot;,&quot;shutter_speed&quot;:&quot;0.00125&quot;,&quot;title&quot;:&quot;VOLEI FEMININ:CSM BUCURESTI-FENERBAHCE ISTANBUL SK, LIGA CAMPIONILOR  (26.02.2019)&quot;,&quot;orientation&quot;:&quot;1&quot;}\" data-image-title=\"VOLEI FEMININ:CSM BUCURESTI-FENERBAHCE ISTANBUL SK, LIGA CAMPIONILOR  (26.02.2019)\" data-image-description=\"\" data-image-caption=\"&lt;p&gt;Voleibalistele de la CSM se bucura in meciul de volei feminin dintre CSM Bucuresti si Fenerbahce Istanbul SK, contand pentru Liga Campionilor, desfasurat in Sala Polivalenta-Ioan Kunst Ghermanescu din Bucuresti, marti 26 februarie 2019. \u00a9 FOTO Razvan Pasarica\/SPORT PICTURES&lt;\/p&gt;\n\" data-large-file=\"https:\/\/sarimelekler.biz\/wp-content\/uploads\/2019\/02\/6-18-19-CL-65-1024x768.jpg\" \/><\/a>\n\t\t\t<\/dt>\n\t\t\t\t<dd class='wp-caption-text gallery-caption' id='gallery-2-10246'>\n\t\t\t\tVoleibalistele de la CSM se bucura in meciul de volei feminin dintre CSM Bucuresti si Fenerbahce Istanbul SK, contand pentru Liga Campionilor, desfasurat in Sala Polivalenta-Ioan Kunst Ghermanescu din Bucuresti, marti 26 februarie 2019. \u00a9 FOTO Razvan Pasarica\/SPORT PICTURES\n\t\t\t\t<\/dd><\/dl><br style=\"clear: both\" \/><dl class='gallery-item'>\n\t\t\t<dt class='gallery-icon landscape'>\n\t\t\t\t<a href='https:\/\/sarimelekler.biz\/?attachment_id=10247'><img loading=\"lazy\" decoding=\"async\" width=\"150\" height=\"150\" src=\"https:\/\/sarimelekler.biz\/wp-content\/uploads\/2019\/02\/6-18-19-CL-66-150x150.jpg\" class=\"attachment-thumbnail size-thumbnail\" alt=\"\" aria-describedby=\"gallery-2-10247\" data-attachment-id=\"10247\" data-permalink=\"https:\/\/sarimelekler.biz\/?attachment_id=10247\" data-orig-file=\"https:\/\/sarimelekler.biz\/wp-content\/uploads\/2019\/02\/6-18-19-CL-66.jpg\" data-orig-size=\"4724,3543\" data-comments-opened=\"0\" data-image-meta=\"{&quot;aperture&quot;:&quot;2.8&quot;,&quot;credit&quot;:&quot;Razvan Pasarica\/SPORT PICTURES&quot;,&quot;camera&quot;:&quot;NIKON D500&quot;,&quot;caption&quot;:&quot;Vargas in meciul de volei feminin dintre CSM Bucuresti si Fenerbahce Istanbul SK, contand pentru Liga Campionilor, desfasurat in Sala Polivalenta-Ioan Kunst Ghermanescu din Bucuresti, marti 26 februarie 2019. \\u00a9 FOTO Razvan Pasarica\/SPORT PICTURES&quot;,&quot;created_timestamp&quot;:&quot;1551209960&quot;,&quot;copyright&quot;:&quot;Razvan Pasarica\/SPORT PICTURES&quot;,&quot;focal_length&quot;:&quot;135&quot;,&quot;iso&quot;:&quot;1600&quot;,&quot;shutter_speed&quot;:&quot;0.00125&quot;,&quot;title&quot;:&quot;VOLEI FEMININ:CSM BUCURESTI-FENERBAHCE ISTANBUL SK, LIGA CAMPIONILOR  (26.02.2019)&quot;,&quot;orientation&quot;:&quot;1&quot;}\" data-image-title=\"VOLEI FEMININ:CSM BUCURESTI-FENERBAHCE ISTANBUL SK, LIGA CAMPIONILOR  (26.02.2019)\" data-image-description=\"\" data-image-caption=\"&lt;p&gt;Vargas in meciul de volei feminin dintre CSM Bucuresti si Fenerbahce Istanbul SK, contand pentru Liga Campionilor, desfasurat in Sala Polivalenta-Ioan Kunst Ghermanescu din Bucuresti, marti 26 februarie 2019. \u00a9 FOTO Razvan Pasarica\/SPORT PICTURES&lt;\/p&gt;\n\" data-large-file=\"https:\/\/sarimelekler.biz\/wp-content\/uploads\/2019\/02\/6-18-19-CL-66-1024x768.jpg\" \/><\/a>\n\t\t\t<\/dt>\n\t\t\t\t<dd class='wp-caption-text gallery-caption' id='gallery-2-10247'>\n\t\t\t\tVargas in meciul de volei feminin dintre CSM Bucuresti si Fenerbahce Istanbul SK, contand pentru Liga Campionilor, desfasurat in Sala Polivalenta-Ioan Kunst Ghermanescu din Bucuresti, marti 26 februarie 2019. \u00a9 FOTO Razvan Pasarica\/SPORT PICTURES\n\t\t\t\t<\/dd><\/dl><dl class='gallery-item'>\n\t\t\t<dt class='gallery-icon landscape'>\n\t\t\t\t<a href='https:\/\/sarimelekler.biz\/?attachment_id=10248'><img loading=\"lazy\" decoding=\"async\" width=\"150\" height=\"150\" src=\"https:\/\/sarimelekler.biz\/wp-content\/uploads\/2019\/02\/6-18-19-CL-67-150x150.jpg\" class=\"attachment-thumbnail size-thumbnail\" alt=\"\" aria-describedby=\"gallery-2-10248\" data-attachment-id=\"10248\" data-permalink=\"https:\/\/sarimelekler.biz\/?attachment_id=10248\" data-orig-file=\"https:\/\/sarimelekler.biz\/wp-content\/uploads\/2019\/02\/6-18-19-CL-67.jpg\" data-orig-size=\"5197,3543\" data-comments-opened=\"0\" data-image-meta=\"{&quot;aperture&quot;:&quot;2.8&quot;,&quot;credit&quot;:&quot;Razvan Pasarica\/SPORT PICTURES&quot;,&quot;camera&quot;:&quot;NIKON D500&quot;,&quot;caption&quot;:&quot;Faza in meciul de volei feminin dintre CSM Bucuresti si Fenerbahce Istanbul SK, contand pentru Liga Campionilor, desfasurat in Sala Polivalenta-Ioan Kunst Ghermanescu din Bucuresti, marti 26 februarie 2019. \\u00a9 FOTO Razvan Pasarica\/SPORT PICTURES&quot;,&quot;created_timestamp&quot;:&quot;1551210110&quot;,&quot;copyright&quot;:&quot;Razvan Pasarica\/SPORT PICTURES&quot;,&quot;focal_length&quot;:&quot;85&quot;,&quot;iso&quot;:&quot;1600&quot;,&quot;shutter_speed&quot;:&quot;0.001&quot;,&quot;title&quot;:&quot;VOLEI FEMININ:CSM BUCURESTI-FENERBAHCE ISTANBUL SK, LIGA CAMPIONILOR  (26.02.2019)&quot;,&quot;orientation&quot;:&quot;1&quot;}\" data-image-title=\"VOLEI FEMININ:CSM BUCURESTI-FENERBAHCE ISTANBUL SK, LIGA CAMPIONILOR  (26.02.2019)\" data-image-description=\"\" data-image-caption=\"&lt;p&gt;Faza in meciul de volei feminin dintre CSM Bucuresti si Fenerbahce Istanbul SK, contand pentru Liga Campionilor, desfasurat in Sala Polivalenta-Ioan Kunst Ghermanescu din Bucuresti, marti 26 februarie 2019. \u00a9 FOTO Razvan Pasarica\/SPORT PICTURES&lt;\/p&gt;\n\" data-large-file=\"https:\/\/sarimelekler.biz\/wp-content\/uploads\/2019\/02\/6-18-19-CL-67-1024x698.jpg\" \/><\/a>\n\t\t\t<\/dt>\n\t\t\t\t<dd class='wp-caption-text gallery-caption' id='gallery-2-10248'>\n\t\t\t\tFaza in meciul de volei feminin dintre CSM Bucuresti si Fenerbahce Istanbul SK, contand pentru Liga Campionilor, desfasurat in Sala Polivalenta-Ioan Kunst Ghermanescu din Bucuresti, marti 26 februarie 2019. \u00a9 FOTO Razvan Pasarica\/SPORT PICTURES\n\t\t\t\t<\/dd><\/dl><dl class='gallery-item'>\n\t\t\t<dt class='gallery-icon landscape'>\n\t\t\t\t<a href='https:\/\/sarimelekler.biz\/?attachment_id=10249'><img loading=\"lazy\" decoding=\"async\" width=\"150\" height=\"150\" src=\"https:\/\/sarimelekler.biz\/wp-content\/uploads\/2019\/02\/6-18-19-CL-68-150x150.jpg\" class=\"attachment-thumbnail size-thumbnail\" alt=\"\" aria-describedby=\"gallery-2-10249\" data-attachment-id=\"10249\" data-permalink=\"https:\/\/sarimelekler.biz\/?attachment_id=10249\" data-orig-file=\"https:\/\/sarimelekler.biz\/wp-content\/uploads\/2019\/02\/6-18-19-CL-68.jpg\" data-orig-size=\"4724,3543\" data-comments-opened=\"0\" data-image-meta=\"{&quot;aperture&quot;:&quot;2.8&quot;,&quot;credit&quot;:&quot;Razvan Pasarica\/SPORT PICTURES&quot;,&quot;camera&quot;:&quot;NIKON D500&quot;,&quot;caption&quot;:&quot;Voleibalistele de la Fener se bucura dupa meciul de volei feminin dintre CSM Bucuresti si Fenerbahce Istanbul SK, contand pentru Liga Campionilor, desfasurat in Sala Polivalenta-Ioan Kunst Ghermanescu din Bucuresti, marti 26 februarie 2019. \\u00a9 FOTO Razvan Pasarica\/SPORT PICTURES&quot;,&quot;created_timestamp&quot;:&quot;1551210187&quot;,&quot;copyright&quot;:&quot;Razvan Pasarica\/SPORT PICTURES&quot;,&quot;focal_length&quot;:&quot;70&quot;,&quot;iso&quot;:&quot;1600&quot;,&quot;shutter_speed&quot;:&quot;0.001&quot;,&quot;title&quot;:&quot;VOLEI FEMININ:CSM BUCURESTI-FENERBAHCE ISTANBUL SK, LIGA CAMPIONILOR  (26.02.2019)&quot;,&quot;orientation&quot;:&quot;1&quot;}\" data-image-title=\"VOLEI FEMININ:CSM BUCURESTI-FENERBAHCE ISTANBUL SK, LIGA CAMPIONILOR  (26.02.2019)\" data-image-description=\"\" data-image-caption=\"&lt;p&gt;Voleibalistele de la Fener se bucura dupa meciul de volei feminin dintre CSM Bucuresti si Fenerbahce Istanbul SK, contand pentru Liga Campionilor, desfasurat in Sala Polivalenta-Ioan Kunst Ghermanescu din Bucuresti, marti 26 februarie 2019. \u00a9 FOTO Razvan Pasarica\/SPORT PICTURES&lt;\/p&gt;\n\" data-large-file=\"https:\/\/sarimelekler.biz\/wp-content\/uploads\/2019\/02\/6-18-19-CL-68-1024x768.jpg\" \/><\/a>\n\t\t\t<\/dt>\n\t\t\t\t<dd class='wp-caption-text gallery-caption' id='gallery-2-10249'>\n\t\t\t\tVoleibalistele de la Fener se bucura dupa meciul de volei feminin dintre CSM Bucuresti si Fenerbahce Istanbul SK, contand pentru Liga Campionilor, desfasurat in Sala Polivalenta-Ioan Kunst Ghermanescu din Bucuresti, marti 26 februarie 2019. \u00a9 FOTO Razvan Pasarica\/SPORT PICTURES\n\t\t\t\t<\/dd><\/dl><dl class='gallery-item'>\n\t\t\t<dt class='gallery-icon landscape'>\n\t\t\t\t<a href='https:\/\/sarimelekler.biz\/?attachment_id=10250'><img loading=\"lazy\" decoding=\"async\" width=\"150\" height=\"150\" src=\"https:\/\/sarimelekler.biz\/wp-content\/uploads\/2019\/02\/6-18-19-CL-69-150x150.jpg\" class=\"attachment-thumbnail size-thumbnail\" alt=\"\" aria-describedby=\"gallery-2-10250\" data-attachment-id=\"10250\" data-permalink=\"https:\/\/sarimelekler.biz\/?attachment_id=10250\" data-orig-file=\"https:\/\/sarimelekler.biz\/wp-content\/uploads\/2019\/02\/6-18-19-CL-69.jpg\" data-orig-size=\"4724,3543\" data-comments-opened=\"0\" data-image-meta=\"{&quot;aperture&quot;:&quot;2.8&quot;,&quot;credit&quot;:&quot;Razvan Pasarica\/SPORT PICTURES&quot;,&quot;camera&quot;:&quot;NIKON D500&quot;,&quot;caption&quot;:&quot;Voleibalistele de la Fener se bucura dupa meciul de volei feminin dintre CSM Bucuresti si Fenerbahce Istanbul SK, contand pentru Liga Campionilor, desfasurat in Sala Polivalenta-Ioan Kunst Ghermanescu din Bucuresti, marti 26 februarie 2019. \\u00a9 FOTO Razvan Pasarica\/SPORT PICTURES&quot;,&quot;created_timestamp&quot;:&quot;1551210188&quot;,&quot;copyright&quot;:&quot;Razvan Pasarica\/SPORT PICTURES&quot;,&quot;focal_length&quot;:&quot;70&quot;,&quot;iso&quot;:&quot;1600&quot;,&quot;shutter_speed&quot;:&quot;0.001&quot;,&quot;title&quot;:&quot;VOLEI FEMININ:CSM BUCURESTI-FENERBAHCE ISTANBUL SK, LIGA CAMPIONILOR  (26.02.2019)&quot;,&quot;orientation&quot;:&quot;1&quot;}\" data-image-title=\"VOLEI FEMININ:CSM BUCURESTI-FENERBAHCE ISTANBUL SK, LIGA CAMPIONILOR  (26.02.2019)\" data-image-description=\"\" data-image-caption=\"&lt;p&gt;Voleibalistele de la Fener se bucura dupa meciul de volei feminin dintre CSM Bucuresti si Fenerbahce Istanbul SK, contand pentru Liga Campionilor, desfasurat in Sala Polivalenta-Ioan Kunst Ghermanescu din Bucuresti, marti 26 februarie 2019. \u00a9 FOTO Razvan Pasarica\/SPORT PICTURES&lt;\/p&gt;\n\" data-large-file=\"https:\/\/sarimelekler.biz\/wp-content\/uploads\/2019\/02\/6-18-19-CL-69-1024x768.jpg\" \/><\/a>\n\t\t\t<\/dt>\n\t\t\t\t<dd class='wp-caption-text gallery-caption' id='gallery-2-10250'>\n\t\t\t\tVoleibalistele de la Fener se bucura dupa meciul de volei feminin dintre CSM Bucuresti si Fenerbahce Istanbul SK, contand pentru Liga Campionilor, desfasurat in Sala Polivalenta-Ioan Kunst Ghermanescu din Bucuresti, marti 26 februarie 2019. \u00a9 FOTO Razvan Pasarica\/SPORT PICTURES\n\t\t\t\t<\/dd><\/dl><dl class='gallery-item'>\n\t\t\t<dt class='gallery-icon landscape'>\n\t\t\t\t<a href='https:\/\/sarimelekler.biz\/?attachment_id=10251'><img loading=\"lazy\" decoding=\"async\" width=\"150\" height=\"150\" src=\"https:\/\/sarimelekler.biz\/wp-content\/uploads\/2019\/02\/6-18-19-CL-70-150x150.jpg\" class=\"attachment-thumbnail size-thumbnail\" alt=\"\" aria-describedby=\"gallery-2-10251\" data-attachment-id=\"10251\" data-permalink=\"https:\/\/sarimelekler.biz\/?attachment_id=10251\" data-orig-file=\"https:\/\/sarimelekler.biz\/wp-content\/uploads\/2019\/02\/6-18-19-CL-70.jpg\" data-orig-size=\"4724,3543\" data-comments-opened=\"0\" data-image-meta=\"{&quot;aperture&quot;:&quot;4&quot;,&quot;credit&quot;:&quot;Razvan Pasarica\/SPORT PICTURES&quot;,&quot;camera&quot;:&quot;NIKON D500&quot;,&quot;caption&quot;:&quot;Zoran Terzic si Ferhat Akbas dupa meciul de volei feminin dintre CSM Bucuresti si Fenerbahce Istanbul SK, contand pentru Liga Campionilor, desfasurat in Sala Polivalenta-Ioan Kunst Ghermanescu din Bucuresti, marti 26 februarie 2019. \\u00a9 FOTO Razvan Pasarica\/SPORT PICTURES&quot;,&quot;created_timestamp&quot;:&quot;1551210249&quot;,&quot;copyright&quot;:&quot;Razvan Pasarica\/SPORT PICTURES&quot;,&quot;focal_length&quot;:&quot;26&quot;,&quot;iso&quot;:&quot;1600&quot;,&quot;shutter_speed&quot;:&quot;0.002&quot;,&quot;title&quot;:&quot;VOLEI FEMININ:CSM BUCURESTI-FENERBAHCE ISTANBUL SK, LIGA CAMPIONILOR  (26.02.2019)&quot;,&quot;orientation&quot;:&quot;1&quot;}\" data-image-title=\"VOLEI FEMININ:CSM BUCURESTI-FENERBAHCE ISTANBUL SK, LIGA CAMPIONILOR  (26.02.2019)\" data-image-description=\"\" data-image-caption=\"&lt;p&gt;Zoran Terzic si Ferhat Akbas dupa meciul de volei feminin dintre CSM Bucuresti si Fenerbahce Istanbul SK, contand pentru Liga Campionilor, desfasurat in Sala Polivalenta-Ioan Kunst Ghermanescu din Bucuresti, marti 26 februarie 2019. \u00a9 FOTO Razvan Pasarica\/SPORT PICTURES&lt;\/p&gt;\n\" data-large-file=\"https:\/\/sarimelekler.biz\/wp-content\/uploads\/2019\/02\/6-18-19-CL-70-1024x768.jpg\" \/><\/a>\n\t\t\t<\/dt>\n\t\t\t\t<dd class='wp-caption-text gallery-caption' id='gallery-2-10251'>\n\t\t\t\tZoran Terzic si Ferhat Akbas dupa meciul de volei feminin dintre CSM Bucuresti si Fenerbahce Istanbul SK, contand pentru Liga Campionilor, desfasurat in Sala Polivalenta-Ioan Kunst Ghermanescu din Bucuresti, marti 26 februarie 2019. \u00a9 FOTO Razvan Pasarica\/SPORT PICTURES\n\t\t\t\t<\/dd><\/dl><br style=\"clear: both\" \/><dl class='gallery-item'>\n\t\t\t<dt class='gallery-icon landscape'>\n\t\t\t\t<a href='https:\/\/sarimelekler.biz\/?attachment_id=10252'><img loading=\"lazy\" decoding=\"async\" width=\"150\" height=\"150\" src=\"https:\/\/sarimelekler.biz\/wp-content\/uploads\/2019\/02\/6-18-19-CL-71-150x150.jpg\" class=\"attachment-thumbnail size-thumbnail\" alt=\"\" aria-describedby=\"gallery-2-10252\" data-attachment-id=\"10252\" data-permalink=\"https:\/\/sarimelekler.biz\/?attachment_id=10252\" data-orig-file=\"https:\/\/sarimelekler.biz\/wp-content\/uploads\/2019\/02\/6-18-19-CL-71.jpg\" data-orig-size=\"4724,3543\" data-comments-opened=\"0\" data-image-meta=\"{&quot;aperture&quot;:&quot;4&quot;,&quot;credit&quot;:&quot;Razvan Pasarica\/SPORT PICTURES&quot;,&quot;camera&quot;:&quot;NIKON D500&quot;,&quot;caption&quot;:&quot;Fotografie de grup dupa meciul de volei feminin dintre CSM Bucuresti si Fenerbahce Istanbul SK, contand pentru Liga Campionilor, desfasurat in Sala Polivalenta-Ioan Kunst Ghermanescu din Bucuresti, marti 26 februarie 2019. \\u00a9 FOTO Razvan Pasarica\/SPORT PICTURES&quot;,&quot;created_timestamp&quot;:&quot;1551210518&quot;,&quot;copyright&quot;:&quot;Razvan Pasarica\/SPORT PICTURES&quot;,&quot;focal_length&quot;:&quot;32&quot;,&quot;iso&quot;:&quot;1600&quot;,&quot;shutter_speed&quot;:&quot;0.0025&quot;,&quot;title&quot;:&quot;VOLEI FEMININ:CSM BUCURESTI-FENERBAHCE ISTANBUL SK, LIGA CAMPIONILOR  (26.02.2019)&quot;,&quot;orientation&quot;:&quot;1&quot;}\" data-image-title=\"VOLEI FEMININ:CSM BUCURESTI-FENERBAHCE ISTANBUL SK, LIGA CAMPIONILOR  (26.02.2019)\" data-image-description=\"\" data-image-caption=\"&lt;p&gt;Fotografie de grup dupa meciul de volei feminin dintre CSM Bucuresti si Fenerbahce Istanbul SK, contand pentru Liga Campionilor, desfasurat in Sala Polivalenta-Ioan Kunst Ghermanescu din Bucuresti, marti 26 februarie 2019. \u00a9 FOTO Razvan Pasarica\/SPORT PICTURES&lt;\/p&gt;\n\" data-large-file=\"https:\/\/sarimelekler.biz\/wp-content\/uploads\/2019\/02\/6-18-19-CL-71-1024x768.jpg\" \/><\/a>\n\t\t\t<\/dt>\n\t\t\t\t<dd class='wp-caption-text gallery-caption' id='gallery-2-10252'>\n\t\t\t\tFotografie de grup dupa meciul de volei feminin dintre CSM Bucuresti si Fenerbahce Istanbul SK, contand pentru Liga Campionilor, desfasurat in Sala Polivalenta-Ioan Kunst Ghermanescu din Bucuresti, marti 26 februarie 2019. \u00a9 FOTO Razvan Pasarica\/SPORT PICTURES\n\t\t\t\t<\/dd><\/dl><dl class='gallery-item'>\n\t\t\t<dt class='gallery-icon landscape'>\n\t\t\t\t<a href='https:\/\/sarimelekler.biz\/?attachment_id=10254'><img loading=\"lazy\" decoding=\"async\" width=\"150\" height=\"150\" src=\"https:\/\/sarimelekler.biz\/wp-content\/uploads\/2019\/02\/6-18-19-CL-73-150x150.jpg\" class=\"attachment-thumbnail size-thumbnail\" alt=\"\" aria-describedby=\"gallery-2-10254\" data-attachment-id=\"10254\" data-permalink=\"https:\/\/sarimelekler.biz\/?attachment_id=10254\" data-orig-file=\"https:\/\/sarimelekler.biz\/wp-content\/uploads\/2019\/02\/6-18-19-CL-73.jpg\" data-orig-size=\"5197,3543\" data-comments-opened=\"0\" data-image-meta=\"{&quot;aperture&quot;:&quot;4&quot;,&quot;credit&quot;:&quot;Razvan Pasarica\/SPORT PICTURES&quot;,&quot;camera&quot;:&quot;NIKON D500&quot;,&quot;caption&quot;:&quot;Ferhat Akbas dupa meciul de volei feminin dintre CSM Bucuresti si Fenerbahce Istanbul SK, contand pentru Liga Campionilor, desfasurat in Sala Polivalenta-Ioan Kunst Ghermanescu din Bucuresti, marti 26 februarie 2019. \\u00a9 FOTO Razvan Pasarica\/SPORT PICTURES&quot;,&quot;created_timestamp&quot;:&quot;1551210612&quot;,&quot;copyright&quot;:&quot;Razvan Pasarica\/SPORT PICTURES&quot;,&quot;focal_length&quot;:&quot;24&quot;,&quot;iso&quot;:&quot;1600&quot;,&quot;shutter_speed&quot;:&quot;0.002&quot;,&quot;title&quot;:&quot;VOLEI FEMININ:CSM BUCURESTI-FENERBAHCE ISTANBUL SK, LIGA CAMPIONILOR  (26.02.2019)&quot;,&quot;orientation&quot;:&quot;1&quot;}\" data-image-title=\"VOLEI FEMININ:CSM BUCURESTI-FENERBAHCE ISTANBUL SK, LIGA CAMPIONILOR  (26.02.2019)\" data-image-description=\"\" data-image-caption=\"&lt;p&gt;Ferhat Akbas dupa meciul de volei feminin dintre CSM Bucuresti si Fenerbahce Istanbul SK, contand pentru Liga Campionilor, desfasurat in Sala Polivalenta-Ioan Kunst Ghermanescu din Bucuresti, marti 26 februarie 2019. \u00a9 FOTO Razvan Pasarica\/SPORT PICTURES&lt;\/p&gt;\n\" data-large-file=\"https:\/\/sarimelekler.biz\/wp-content\/uploads\/2019\/02\/6-18-19-CL-73-1024x698.jpg\" \/><\/a>\n\t\t\t<\/dt>\n\t\t\t\t<dd class='wp-caption-text gallery-caption' id='gallery-2-10254'>\n\t\t\t\tFerhat Akbas dupa meciul de volei feminin dintre CSM Bucuresti si Fenerbahce Istanbul SK, contand pentru Liga Campionilor, desfasurat in Sala Polivalenta-Ioan Kunst Ghermanescu din Bucuresti, marti 26 februarie 2019. \u00a9 FOTO Razvan Pasarica\/SPORT PICTURES\n\t\t\t\t<\/dd><\/dl><dl class='gallery-item'>\n\t\t\t<dt class='gallery-icon landscape'>\n\t\t\t\t<a href='https:\/\/sarimelekler.biz\/?attachment_id=10253'><img loading=\"lazy\" decoding=\"async\" width=\"150\" height=\"150\" src=\"https:\/\/sarimelekler.biz\/wp-content\/uploads\/2019\/02\/6-18-19-CL-72-150x150.jpg\" class=\"attachment-thumbnail size-thumbnail\" alt=\"\" aria-describedby=\"gallery-2-10253\" data-attachment-id=\"10253\" data-permalink=\"https:\/\/sarimelekler.biz\/?attachment_id=10253\" data-orig-file=\"https:\/\/sarimelekler.biz\/wp-content\/uploads\/2019\/02\/6-18-19-CL-72.jpg\" data-orig-size=\"5197,3543\" data-comments-opened=\"0\" data-image-meta=\"{&quot;aperture&quot;:&quot;4&quot;,&quot;credit&quot;:&quot;Razvan Pasarica\/SPORT PICTURES&quot;,&quot;camera&quot;:&quot;NIKON D500&quot;,&quot;caption&quot;:&quot;Fotografie de grup dupa meciul de volei feminin dintre CSM Bucuresti si Fenerbahce Istanbul SK, contand pentru Liga Campionilor, desfasurat in Sala Polivalenta-Ioan Kunst Ghermanescu din Bucuresti, marti 26 februarie 2019. \\u00a9 FOTO Razvan Pasarica\/SPORT PICTURES&quot;,&quot;created_timestamp&quot;:&quot;1551210572&quot;,&quot;copyright&quot;:&quot;Razvan Pasarica\/SPORT PICTURES&quot;,&quot;focal_length&quot;:&quot;31&quot;,&quot;iso&quot;:&quot;1600&quot;,&quot;shutter_speed&quot;:&quot;0.002&quot;,&quot;title&quot;:&quot;VOLEI FEMININ:CSM BUCURESTI-FENERBAHCE ISTANBUL SK, LIGA CAMPIONILOR  (26.02.2019)&quot;,&quot;orientation&quot;:&quot;1&quot;}\" data-image-title=\"VOLEI FEMININ:CSM BUCURESTI-FENERBAHCE ISTANBUL SK, LIGA CAMPIONILOR  (26.02.2019)\" data-image-description=\"\" data-image-caption=\"&lt;p&gt;Fotografie de grup dupa meciul de volei feminin dintre CSM Bucuresti si Fenerbahce Istanbul SK, contand pentru Liga Campionilor, desfasurat in Sala Polivalenta-Ioan Kunst Ghermanescu din Bucuresti, marti 26 februarie 2019. \u00a9 FOTO Razvan Pasarica\/SPORT PICTURES&lt;\/p&gt;\n\" data-large-file=\"https:\/\/sarimelekler.biz\/wp-content\/uploads\/2019\/02\/6-18-19-CL-72-1024x698.jpg\" \/><\/a>\n\t\t\t<\/dt>\n\t\t\t\t<dd class='wp-caption-text gallery-caption' id='gallery-2-10253'>\n\t\t\t\tFotografie de grup dupa meciul de volei feminin dintre CSM Bucuresti si Fenerbahce Istanbul SK, contand pentru Liga Campionilor, desfasurat in Sala Polivalenta-Ioan Kunst Ghermanescu din Bucuresti, marti 26 februarie 2019. \u00a9 FOTO Razvan Pasarica\/SPORT PICTURES\n\t\t\t\t<\/dd><\/dl><dl class='gallery-item'>\n\t\t\t<dt class='gallery-icon landscape'>\n\t\t\t\t<a href='https:\/\/sarimelekler.biz\/?attachment_id=10255'><img loading=\"lazy\" decoding=\"async\" width=\"150\" height=\"150\" src=\"https:\/\/sarimelekler.biz\/wp-content\/uploads\/2019\/02\/6-18-19-CL-74-150x150.jpg\" class=\"attachment-thumbnail size-thumbnail\" alt=\"\" aria-describedby=\"gallery-2-10255\" data-attachment-id=\"10255\" data-permalink=\"https:\/\/sarimelekler.biz\/?attachment_id=10255\" data-orig-file=\"https:\/\/sarimelekler.biz\/wp-content\/uploads\/2019\/02\/6-18-19-CL-74.jpg\" data-orig-size=\"5197,3543\" data-comments-opened=\"0\" data-image-meta=\"{&quot;aperture&quot;:&quot;4&quot;,&quot;credit&quot;:&quot;Razvan Pasarica\/SPORT PICTURES&quot;,&quot;camera&quot;:&quot;NIKON D500&quot;,&quot;caption&quot;:&quot;Fotografie de grup dupa meciul de volei feminin dintre CSM Bucuresti si Fenerbahce Istanbul SK, contand pentru Liga Campionilor, desfasurat in Sala Polivalenta-Ioan Kunst Ghermanescu din Bucuresti, marti 26 februarie 2019. \\u00a9 FOTO Razvan Pasarica\/SPORT PICTURES&quot;,&quot;created_timestamp&quot;:&quot;1551210670&quot;,&quot;copyright&quot;:&quot;Razvan Pasarica\/SPORT PICTURES&quot;,&quot;focal_length&quot;:&quot;24&quot;,&quot;iso&quot;:&quot;1600&quot;,&quot;shutter_speed&quot;:&quot;0.002&quot;,&quot;title&quot;:&quot;VOLEI FEMININ:CSM BUCURESTI-FENERBAHCE ISTANBUL SK, LIGA CAMPIONILOR  (26.02.2019)&quot;,&quot;orientation&quot;:&quot;1&quot;}\" data-image-title=\"VOLEI FEMININ:CSM BUCURESTI-FENERBAHCE ISTANBUL SK, LIGA CAMPIONILOR  (26.02.2019)\" data-image-description=\"\" data-image-caption=\"&lt;p&gt;Fotografie de grup dupa meciul de volei feminin dintre CSM Bucuresti si Fenerbahce Istanbul SK, contand pentru Liga Campionilor, desfasurat in Sala Polivalenta-Ioan Kunst Ghermanescu din Bucuresti, marti 26 februarie 2019. \u00a9 FOTO Razvan Pasarica\/SPORT PICTURES&lt;\/p&gt;\n\" data-large-file=\"https:\/\/sarimelekler.biz\/wp-content\/uploads\/2019\/02\/6-18-19-CL-74-1024x698.jpg\" \/><\/a>\n\t\t\t<\/dt>\n\t\t\t\t<dd class='wp-caption-text gallery-caption' id='gallery-2-10255'>\n\t\t\t\tFotografie de grup dupa meciul de volei feminin dintre CSM Bucuresti si Fenerbahce Istanbul SK, contand pentru Liga Campionilor, desfasurat in Sala Polivalenta-Ioan Kunst Ghermanescu din Bucuresti, marti 26 februarie 2019. \u00a9 FOTO Razvan Pasarica\/SPORT PICTURES\n\t\t\t\t<\/dd><\/dl><dl class='gallery-item'>\n\t\t\t<dt class='gallery-icon landscape'>\n\t\t\t\t<a href='https:\/\/sarimelekler.biz\/?attachment_id=10256'><img loading=\"lazy\" decoding=\"async\" width=\"150\" height=\"150\" src=\"https:\/\/sarimelekler.biz\/wp-content\/uploads\/2019\/02\/6-18-19-CL-75-150x150.jpg\" class=\"attachment-thumbnail size-thumbnail\" alt=\"\" aria-describedby=\"gallery-2-10256\" data-attachment-id=\"10256\" data-permalink=\"https:\/\/sarimelekler.biz\/?attachment_id=10256\" data-orig-file=\"https:\/\/sarimelekler.biz\/wp-content\/uploads\/2019\/02\/6-18-19-CL-75.jpg\" data-orig-size=\"5197,3543\" data-comments-opened=\"0\" data-image-meta=\"{&quot;aperture&quot;:&quot;4&quot;,&quot;credit&quot;:&quot;Razvan Pasarica\/SPORT PICTURES&quot;,&quot;camera&quot;:&quot;NIKON D500&quot;,&quot;caption&quot;:&quot;Fotografie de grup dupa meciul de volei feminin dintre CSM Bucuresti si Fenerbahce Istanbul SK, contand pentru Liga Campionilor, desfasurat in Sala Polivalenta-Ioan Kunst Ghermanescu din Bucuresti, marti 26 februarie 2019. \\u00a9 FOTO Razvan Pasarica\/SPORT PICTURES&quot;,&quot;created_timestamp&quot;:&quot;1551210672&quot;,&quot;copyright&quot;:&quot;Razvan Pasarica\/SPORT PICTURES&quot;,&quot;focal_length&quot;:&quot;55&quot;,&quot;iso&quot;:&quot;1600&quot;,&quot;shutter_speed&quot;:&quot;0.002&quot;,&quot;title&quot;:&quot;VOLEI FEMININ:CSM BUCURESTI-FENERBAHCE ISTANBUL SK, LIGA CAMPIONILOR  (26.02.2019)&quot;,&quot;orientation&quot;:&quot;1&quot;}\" data-image-title=\"VOLEI FEMININ:CSM BUCURESTI-FENERBAHCE ISTANBUL SK, LIGA CAMPIONILOR  (26.02.2019)\" data-image-description=\"\" data-image-caption=\"&lt;p&gt;Fotografie de grup dupa meciul de volei feminin dintre CSM Bucuresti si Fenerbahce Istanbul SK, contand pentru Liga Campionilor, desfasurat in Sala Polivalenta-Ioan Kunst Ghermanescu din Bucuresti, marti 26 februarie 2019. \u00a9 FOTO Razvan Pasarica\/SPORT PICTURES&lt;\/p&gt;\n\" data-large-file=\"https:\/\/sarimelekler.biz\/wp-content\/uploads\/2019\/02\/6-18-19-CL-75-1024x698.jpg\" \/><\/a>\n\t\t\t<\/dt>\n\t\t\t\t<dd class='wp-caption-text gallery-caption' id='gallery-2-10256'>\n\t\t\t\tFotografie de grup dupa meciul de volei feminin dintre CSM Bucuresti si Fenerbahce Istanbul SK, contand pentru Liga Campionilor, desfasurat in Sala Polivalenta-Ioan Kunst Ghermanescu din Bucuresti, marti 26 februarie 2019. \u00a9 FOTO Razvan Pasarica\/SPORT PICTURES\n\t\t\t\t<\/dd><\/dl><br style=\"clear: both\" \/>\n\t\t<\/div>\n\n<p><a href=\"https:\/\/www.cev.eu\/Competition-Area\/PhotogalleryArchive.aspx?ID=1119\" target=\"_blank\" rel=\"noopener\">CEV Resmi Sitesinde<\/a>\u00a0Yay\u0131nlanan Foto\u011fraflard\u0131r.<\/p>\n<p style=\"text-align: right;\">26.02.2019<\/p>\n","protected":false},"excerpt":{"rendered":"<p>Fenerbah\u00e7e Opet Kad\u0131n Voleybol Tak\u0131m\u0131m\u0131z Cev \u015eampiyonlar Ligi E grubu \u2026 <a class=\"continue-reading-link\" href=\"https:\/\/sarimelekler.biz\/?p=10181\">Okumaya Devam Et.. <span class=\"meta-nav\">&rarr; <\/span><\/a><\/p>\n","protected":false},"author":1,"featured_media":10231,"comment_status":"closed","ping_status":"open","sticky":false,"template":"","format":"standard","meta":{"jetpack_post_was_ever_published":false,"_jetpack_newsletter_access":"","_jetpack_dont_email_post_to_subs":false,"_jetpack_newsletter_tier_id":0,"_jetpack_memberships_contains_paywalled_content":false,"_jetpack_memberships_contains_paid_content":false,"footnotes":"","jetpack_publicize_message":"","jetpack_publicize_feature_enabled":true,"jetpack_social_post_already_shared":true,"jetpack_social_options":{"image_generator_settings":{"template":"highway","default_image_id":0,"font":"","enabled":false},"version":2}},"categories":[1],"tags":[],"class_list":["post-10181","post","type-post","status-publish","format-standard","has-post-thumbnail","hentry","category-avp"],"jetpack_publicize_connections":[],"jetpack_featured_media_url":"https:\/\/sarimelekler.biz\/wp-content\/uploads\/2019\/02\/6-18-19-CL-50.jpg","jetpack_sharing_enabled":true,"jetpack_shortlink":"https:\/\/wp.me\/p8npUZ-2Ed","jetpack-related-posts":[{"id":18906,"url":"https:\/\/sarimelekler.biz\/?p=18906","url_meta":{"origin":10181,"position":0},"title":"Sar\u0131 Melekler \u015eampiyonlar Liginde \u00c7eyrek Finale Y\u00fckseldi","author":"Edit\u00f6r","date":"2 Mart 2023","format":false,"excerpt":"Fenerbah\u00e7e Opet:3 \u2013 Grupa Azoty Chemik Police:1 Fenerbah\u00e7e Opet Kad\u0131n Voleybol Tak\u0131m\u0131m\u0131z 2023 CEV \u015eampiyonlar Ligi play off turu ikinci ma\u00e7\u0131nda konuk etti\u011fi Polonya temsilcisi Grupa Azoty Chemik Police tak\u0131m\u0131n\u0131 25-23, 25-19, 21-25 ve 25-18\u2019lik set skorlar\u0131yla 3-1 ma\u011flup etti. Bu sonu\u00e7la seride iki ma\u00e7\u0131 da kazanan Sar\u0131 Melekler \u00c7eyrek\u2026","rel":"","context":"&quot;Avrupa Kupalar\u0131&quot; i\u00e7inde","block_context":{"text":"Avrupa Kupalar\u0131","link":"https:\/\/sarimelekler.biz\/?cat=1"},"img":{"alt_text":"","src":"https:\/\/i0.wp.com\/sarimelekler.biz\/wp-content\/uploads\/2023\/03\/08-22-23-CL-1.jpeg?resize=350%2C200&ssl=1","width":350,"height":200,"srcset":"https:\/\/i0.wp.com\/sarimelekler.biz\/wp-content\/uploads\/2023\/03\/08-22-23-CL-1.jpeg?resize=350%2C200&ssl=1 1x, https:\/\/i0.wp.com\/sarimelekler.biz\/wp-content\/uploads\/2023\/03\/08-22-23-CL-1.jpeg?resize=525%2C300&ssl=1 1.5x, https:\/\/i0.wp.com\/sarimelekler.biz\/wp-content\/uploads\/2023\/03\/08-22-23-CL-1.jpeg?resize=700%2C400&ssl=1 2x, https:\/\/i0.wp.com\/sarimelekler.biz\/wp-content\/uploads\/2023\/03\/08-22-23-CL-1.jpeg?resize=1050%2C600&ssl=1 3x, https:\/\/i0.wp.com\/sarimelekler.biz\/wp-content\/uploads\/2023\/03\/08-22-23-CL-1.jpeg?resize=1400%2C800&ssl=1 4x"},"classes":[]},{"id":10462,"url":"https:\/\/sarimelekler.biz\/?p=10462","url_meta":{"origin":10181,"position":1},"title":"Sar\u0131 Melekler \u0130talya&#8217;dan Avantajl\u0131 D\u00f6n\u00fcyor S.D.B.Scandicci:1 &#8211; Fenerbah\u00e7e Opet:3","author":"Edit\u00f6r","date":"14 Mart 2019","format":false,"excerpt":"Fenerbah\u00e7e Opet Kad\u0131n Voleybol Tak\u0131m\u0131m\u0131z Cev \u015eampiyonlar Ligi \u00c7eyrek Final ilk ma\u00e7\u0131nda deplasmanda kar\u015f\u0131la\u015ft\u0131\u011f\u0131 \u0130talyan temsilcisi Savino Del Bene Scandicci tak\u0131m\u0131n\u0131 19 \u2013 25, 25 \u2013 23,19 \u2013 25 ve 21 \u2013 25\u2019lik set skorlar\u0131yla 3-1 ma\u011flup etti. Ma\u00e7a Eda, Ana Antonijevic, Rabadzhieva, Dicle Bricio, Vargas ve Merve ile ba\u015flayan\u2026","rel":"","context":"&quot;Avrupa Kupalar\u0131&quot; i\u00e7inde","block_context":{"text":"Avrupa Kupalar\u0131","link":"https:\/\/sarimelekler.biz\/?cat=1"},"img":{"alt_text":"","src":"https:\/\/i0.wp.com\/sarimelekler.biz\/wp-content\/uploads\/2019\/03\/7-18-19-CL-37.jpg?resize=350%2C200&ssl=1","width":350,"height":200,"srcset":"https:\/\/i0.wp.com\/sarimelekler.biz\/wp-content\/uploads\/2019\/03\/7-18-19-CL-37.jpg?resize=350%2C200&ssl=1 1x, https:\/\/i0.wp.com\/sarimelekler.biz\/wp-content\/uploads\/2019\/03\/7-18-19-CL-37.jpg?resize=525%2C300&ssl=1 1.5x, https:\/\/i0.wp.com\/sarimelekler.biz\/wp-content\/uploads\/2019\/03\/7-18-19-CL-37.jpg?resize=700%2C400&ssl=1 2x, https:\/\/i0.wp.com\/sarimelekler.biz\/wp-content\/uploads\/2019\/03\/7-18-19-CL-37.jpg?resize=1050%2C600&ssl=1 3x, https:\/\/i0.wp.com\/sarimelekler.biz\/wp-content\/uploads\/2019\/03\/7-18-19-CL-37.jpg?resize=1400%2C800&ssl=1 4x"},"classes":[]},{"id":10517,"url":"https:\/\/sarimelekler.biz\/?p=10517","url_meta":{"origin":10181,"position":2},"title":"Sar\u0131 Melekler Play-Off&#8217;lara Galibiyetle Ba\u015flad\u0131. THY:0 &#8211; Fenerbah\u00e7e Opet:3","author":"Edit\u00f6r","date":"16 Mart 2019","format":false,"excerpt":"Fenerbah\u00e7e Opet Kad\u0131n Voleybol Tak\u0131m\u0131m\u0131z Vestel Ven\u00fcs Sultanlar Ligi Play-Off turu \u00e7eyrek final 1. ma\u00e7\u0131nda deplasman tak\u0131m\u0131 s\u0131fat\u0131yla kar\u015f\u0131la\u015ft\u0131\u011f\u0131 T\u00fcrk Hava Yollar\u0131 tak\u0131m\u0131n\u0131 20 - 25, 16 \u2013 25 ve 26 \u2013 28\u2019lik set skorlar\u0131yla 3-0 ma\u011flup etti. Ma\u00e7a Eda, Ana Antonijevic, Fatma, Bahar, Bricio, Vargas ve Melis ile ba\u015flayan\u2026","rel":"","context":"&quot;T\u00fcrkiye Ligi&quot; i\u00e7inde","block_context":{"text":"T\u00fcrkiye Ligi","link":"https:\/\/sarimelekler.biz\/?cat=6"},"img":{"alt_text":"","src":"https:\/\/i0.wp.com\/sarimelekler.biz\/wp-content\/uploads\/2019\/03\/23-18-19-24.jpg?resize=350%2C200&ssl=1","width":350,"height":200,"srcset":"https:\/\/i0.wp.com\/sarimelekler.biz\/wp-content\/uploads\/2019\/03\/23-18-19-24.jpg?resize=350%2C200&ssl=1 1x, https:\/\/i0.wp.com\/sarimelekler.biz\/wp-content\/uploads\/2019\/03\/23-18-19-24.jpg?resize=525%2C300&ssl=1 1.5x, https:\/\/i0.wp.com\/sarimelekler.biz\/wp-content\/uploads\/2019\/03\/23-18-19-24.jpg?resize=700%2C400&ssl=1 2x, https:\/\/i0.wp.com\/sarimelekler.biz\/wp-content\/uploads\/2019\/03\/23-18-19-24.jpg?resize=1050%2C600&ssl=1 3x, https:\/\/i0.wp.com\/sarimelekler.biz\/wp-content\/uploads\/2019\/03\/23-18-19-24.jpg?resize=1400%2C800&ssl=1 4x"},"classes":[]},{"id":9758,"url":"https:\/\/sarimelekler.biz\/?p=9758","url_meta":{"origin":10181,"position":3},"title":"\u015eampiyonlar Liginde 3&#8217;te 3 Fenerbah\u00e7e Opet:3-CSM Bucuresti:0","author":"Edit\u00f6r","date":"23 Ocak 2019","format":false,"excerpt":"Fenerbah\u00e7e Opet Bayan Voleybol Tak\u0131m\u0131m\u0131z Cev \u015eampiyonlar Ligi E grubu \u00fc\u00e7\u00fcnc\u00fc ma\u00e7\u0131nda kar\u015f\u0131la\u015ft\u0131\u011f\u0131 Romanya temsilcisi C.S.M. Bucuresti tak\u0131m\u0131n\u0131 25 \u2013 18, 25 \u2013 19 ve 25 \u2013 22\u2019lik set skorlar\u0131yla 3-0 ma\u011flup ederek \u015eampiyonlar Liginde puan\u0131n\u0131 9\u2019a \u00e7\u0131kard\u0131 ve nama\u011flup liderli\u011fini devam ettirdi. Ma\u00e7a Eda, Ana Antonijevic, Fatma, Bahar, Bricio,\u2026","rel":"","context":"&quot;Avrupa Kupalar\u0131&quot; i\u00e7inde","block_context":{"text":"Avrupa Kupalar\u0131","link":"https:\/\/sarimelekler.biz\/?cat=1"},"img":{"alt_text":"","src":"https:\/\/i0.wp.com\/sarimelekler.biz\/wp-content\/uploads\/2019\/01\/3-18-19-CL-33.jpg?resize=350%2C200&ssl=1","width":350,"height":200,"srcset":"https:\/\/i0.wp.com\/sarimelekler.biz\/wp-content\/uploads\/2019\/01\/3-18-19-CL-33.jpg?resize=350%2C200&ssl=1 1x, https:\/\/i0.wp.com\/sarimelekler.biz\/wp-content\/uploads\/2019\/01\/3-18-19-CL-33.jpg?resize=525%2C300&ssl=1 1.5x, https:\/\/i0.wp.com\/sarimelekler.biz\/wp-content\/uploads\/2019\/01\/3-18-19-CL-33.jpg?resize=700%2C400&ssl=1 2x, https:\/\/i0.wp.com\/sarimelekler.biz\/wp-content\/uploads\/2019\/01\/3-18-19-CL-33.jpg?resize=1050%2C600&ssl=1 3x, https:\/\/i0.wp.com\/sarimelekler.biz\/wp-content\/uploads\/2019\/01\/3-18-19-CL-33.jpg?resize=1400%2C800&ssl=1 4x"},"classes":[]},{"id":13050,"url":"https:\/\/sarimelekler.biz\/?p=13050","url_meta":{"origin":10181,"position":4},"title":"Sar\u0131 Melekler \u015eampiyonlar Liginde \u00c7eyrek Finale Y\u00fckseldi. Fenerbah\u00e7e Opet:3 &#8211; LP Salo:0","author":"Edit\u00f6r","date":"18 \u015eubat 2020","format":false,"excerpt":"Fenerbah\u00e7e Opet Kad\u0131n Voleybol Tak\u0131m\u0131m\u0131z Cev \u015eampiyonlar Ligi A grubu alt\u0131nc\u0131 ma\u00e7\u0131nda kar\u015f\u0131la\u015ft\u0131\u011f\u0131 Finlandiya temsilcisi LP Salo tak\u0131m\u0131n\u0131 25 \u2013 17, 25 \u2013 12 ve 25 \u2013 14\u2019l\u00fck set skorlar\u0131yla 3-0 ma\u011flup ederek grup ma\u00e7lar\u0131n\u0131 ikinci tamamlad\u0131. Tak\u0131m\u0131z b\u00f6ylelikle \u015eampiyonlar Liginde \u00e7eyrek finale y\u00fckseldi. Ma\u00e7a Naz, Bahar, Beliz, Vargas, Fatma,\u2026","rel":"","context":"&quot;Avrupa Kupalar\u0131&quot; i\u00e7inde","block_context":{"text":"Avrupa Kupalar\u0131","link":"https:\/\/sarimelekler.biz\/?cat=1"},"img":{"alt_text":"","src":"https:\/\/i0.wp.com\/sarimelekler.biz\/wp-content\/uploads\/2020\/02\/06-19-20-CL-26.jpg?resize=350%2C200&ssl=1","width":350,"height":200,"srcset":"https:\/\/i0.wp.com\/sarimelekler.biz\/wp-content\/uploads\/2020\/02\/06-19-20-CL-26.jpg?resize=350%2C200&ssl=1 1x, https:\/\/i0.wp.com\/sarimelekler.biz\/wp-content\/uploads\/2020\/02\/06-19-20-CL-26.jpg?resize=525%2C300&ssl=1 1.5x, https:\/\/i0.wp.com\/sarimelekler.biz\/wp-content\/uploads\/2020\/02\/06-19-20-CL-26.jpg?resize=700%2C400&ssl=1 2x, https:\/\/i0.wp.com\/sarimelekler.biz\/wp-content\/uploads\/2020\/02\/06-19-20-CL-26.jpg?resize=1050%2C600&ssl=1 3x, https:\/\/i0.wp.com\/sarimelekler.biz\/wp-content\/uploads\/2020\/02\/06-19-20-CL-26.jpg?resize=1400%2C800&ssl=1 4x"},"classes":[]},{"id":17253,"url":"https:\/\/sarimelekler.biz\/?p=17253","url_meta":{"origin":10181,"position":5},"title":"Sar\u0131 Melekler \u00c7eyrek Finali Garantiledi.  Dinamo-Kazan Ak Bars:0 \u2013 Fenerbah\u00e7e Opet:3","author":"Edit\u00f6r","date":"11 \u015eubat 2022","format":false,"excerpt":"Fenerbah\u00e7e Opet Kad\u0131n Voleybol Tak\u0131m\u0131m\u0131z CEV \u015eampiyonlar Ligi D grubu 5. ma\u00e7\u0131nda deplasmanda kar\u015f\u0131la\u015ft\u0131\u011f\u0131 Rus temsilcisi Dinamo-Ak Bars Kazan tak\u0131m\u0131n\u0131 20-25, 22-25 ve 19-25\u2019lik set skorlar\u0131yla 3-0 ma\u011flup etti. Ma\u00e7a Eda, Buse, Vargas, Fedorovtseva, Lazareva, Popovic ve libero Gizem kadrosuyla ba\u015flayan tak\u0131m\u0131m\u0131zda,\u00a0 Dicle ve Meliha\u2019da s\u00fcre ald\u0131. Ma\u00e7\u0131 21 say\u0131yla\u2026","rel":"","context":"&quot;Avrupa Kupalar\u0131&quot; i\u00e7inde","block_context":{"text":"Avrupa Kupalar\u0131","link":"https:\/\/sarimelekler.biz\/?cat=1"},"img":{"alt_text":"","src":"https:\/\/i0.wp.com\/sarimelekler.biz\/wp-content\/uploads\/2022\/02\/05-21-22-CL-4-scaled.jpg?resize=350%2C200&ssl=1","width":350,"height":200,"srcset":"https:\/\/i0.wp.com\/sarimelekler.biz\/wp-content\/uploads\/2022\/02\/05-21-22-CL-4-scaled.jpg?resize=350%2C200&ssl=1 1x, https:\/\/i0.wp.com\/sarimelekler.biz\/wp-content\/uploads\/2022\/02\/05-21-22-CL-4-scaled.jpg?resize=525%2C300&ssl=1 1.5x, https:\/\/i0.wp.com\/sarimelekler.biz\/wp-content\/uploads\/2022\/02\/05-21-22-CL-4-scaled.jpg?resize=700%2C400&ssl=1 2x, https:\/\/i0.wp.com\/sarimelekler.biz\/wp-content\/uploads\/2022\/02\/05-21-22-CL-4-scaled.jpg?resize=1050%2C600&ssl=1 3x, https:\/\/i0.wp.com\/sarimelekler.biz\/wp-content\/uploads\/2022\/02\/05-21-22-CL-4-scaled.jpg?resize=1400%2C800&ssl=1 4x"},"classes":[]}],"_links":{"self":[{"href":"https:\/\/sarimelekler.biz\/index.php?rest_route=\/wp\/v2\/posts\/10181","targetHints":{"allow":["GET"]}}],"collection":[{"href":"https:\/\/sarimelekler.biz\/index.php?rest_route=\/wp\/v2\/posts"}],"about":[{"href":"https:\/\/sarimelekler.biz\/index.php?rest_route=\/wp\/v2\/types\/post"}],"author":[{"embeddable":true,"href":"https:\/\/sarimelekler.biz\/index.php?rest_route=\/wp\/v2\/users\/1"}],"replies":[{"embeddable":true,"href":"https:\/\/sarimelekler.biz\/index.php?rest_route=%2Fwp%2Fv2%2Fcomments&post=10181"}],"version-history":[{"count":1,"href":"https:\/\/sarimelekler.biz\/index.php?rest_route=\/wp\/v2\/posts\/10181\/revisions"}],"predecessor-version":[{"id":10257,"href":"https:\/\/sarimelekler.biz\/index.php?rest_route=\/wp\/v2\/posts\/10181\/revisions\/10257"}],"wp:featuredmedia":[{"embeddable":true,"href":"https:\/\/sarimelekler.biz\/index.php?rest_route=\/wp\/v2\/media\/10231"}],"wp:attachment":[{"href":"https:\/\/sarimelekler.biz\/index.php?rest_route=%2Fwp%2Fv2%2Fmedia&parent=10181"}],"wp:term":[{"taxonomy":"category","embeddable":true,"href":"https:\/\/sarimelekler.biz\/index.php?rest_route=%2Fwp%2Fv2%2Fcategories&post=10181"},{"taxonomy":"post_tag","embeddable":true,"href":"https:\/\/sarimelekler.biz\/index.php?rest_route=%2Fwp%2Fv2%2Ftags&post=10181"}],"curies":[{"name":"wp","href":"https:\/\/api.w.org\/{rel}","templated":true}]}}