{"id":10409,"date":"2019-03-08T09:29:58","date_gmt":"2019-03-08T06:29:58","guid":{"rendered":"http:\/\/sarimelekler.biz\/?p=10409"},"modified":"2019-05-08T23:19:55","modified_gmt":"2019-05-08T20:19:55","slug":"kulubumuz-8-mart-dunya-kadinlar-gununde-tarihe-iz-birakan-fenerbahce-kadinlarini-unutmadi","status":"publish","type":"post","link":"https:\/\/sarimelekler.biz\/?p=10409","title":{"rendered":"Kul\u00fcb\u00fcm\u00fcz 8 Mart D\u00fcnya Kad\u0131nlar G\u00fcn\u00fc\u2019nde &#8220;Tarihe \u0130z B\u0131rakan Fenerbah\u00e7e Kad\u0131nlar\u0131n\u0131&#8221; Unutmad\u0131"},"content":{"rendered":"<p style=\"text-align: justify;\">Kul\u00fcb\u00fcm\u00fcz, 8 Mart D\u00fcnya Kad\u0131nlar G\u00fcn\u00fc\u2019nde, 1954 y\u0131l\u0131nda Voleybol ve Basketbol Tak\u0131mlar\u0131m\u0131z\u0131n kurulmas\u0131na \u00f6nc\u00fcl\u00fck eden Ayten Salih ile Fenerbah\u00e7e formas\u0131yla 1954-1961 y\u0131llar\u0131 aras\u0131nda \u00fcst \u00fcste \u015fampiyonluklar kazanan basketbol ve voleybol tak\u0131mlar\u0131n\u0131n \u00e7ok de\u011ferli oyuncular\u0131 i\u00e7in d\u00fczenlenen anlaml\u0131 bir etkinli\u011fe ev sahipli\u011fi yapt\u0131.<\/p>\n<p style=\"text-align: justify;\">Kul\u00fcb\u00fcm\u00fcz, Kas\u0131m ay\u0131nda T\u00fcpra\u015f\u2019\u0131n deste\u011fiyle Birle\u015fmi\u015f Milletler Kad\u0131n Birimi (UN Women) taraf\u0131ndan, ba\u015fta erkekler olmak \u00fczere t\u00fcm bireyleri toplumsal cinsiyet e\u015fitli\u011fi i\u00e7in dayan\u0131\u015fmaya ve harekete ge\u00e7meye \u00e7a\u011f\u0131ran HeForShe hareketine d\u00e2hil olarak \u2018Kapsay\u0131c\u0131 Spor Kul\u00fcb\u00fc&#8217; olmak ad\u0131na d\u00fcnyaya \u00f6rnek olacak bir ad\u0131m atm\u0131\u015ft\u0131.<\/p>\n<p style=\"text-align: justify;\">Bu ba\u011flamda Fenerbah\u00e7e Faruk Ilgaz Tesislerimizde eski ve yeni sporcular\u0131m\u0131z ve bran\u015flar\u0131m\u0131z\u0131n temsilcilerinin de dahil oldu\u011fu 100\u2019\u00fcn \u00fczerinde konu\u011fun kat\u0131l\u0131m\u0131yla ger\u00e7ekle\u015fen &#8220;Tarihe \u0130z B\u0131rakan Fenerbah\u00e7e Kad\u0131nlar\u0131\u201d organizasyonuna; Y\u00fcksek Divan Kurulu Ba\u015fkan\u0131m\u0131z Say\u0131n Vefa K\u00fc\u00e7\u00fck, Ba\u015fkan\u0131m\u0131z Ali Ko\u00e7, Genel Sekreterimiz Sevil Zeynep Becan, Y\u00f6netim Kurulu \u00dcyelerimiz Simla T\u00fcrker Bayaz\u0131t, Mustafa Kemal Danaba\u015f, Fethi Pekin ile T\u00fcpra\u015f Genel M\u00fcd\u00fcr\u00fc \u0130brahim Yelmeno\u011flu ve HeForShe hareketini temsilen Birle\u015fmi\u015f Milletler Kad\u0131n Birimi (UN Women) T\u00fcrkiye Direkt\u00f6r Vekili ve Programlar Y\u00f6neticisi Zeliha \u00dcnald\u0131 kat\u0131ld\u0131.<\/p>\n<p style=\"text-align: justify;\">Bu anlamal\u0131 etkinlik, ge\u00e7mi\u015fte Fenerbah\u00e7emize pek \u00e7ok katk\u0131da bulunmu\u015f kad\u0131n sporcular\u0131m\u0131z\u0131n kul\u00fcb\u00fcm\u00fczde elde etti\u011fi ba\u015far\u0131lar\u0131n ve ya\u015famlar\u0131ndan kesitlerin g\u00f6sterildi\u011fi foto\u011fraf sergisiyle ba\u015flad\u0131.<\/p>\n<p style=\"text-align: justify;\">Fenerbah\u00e7e Televizyonu\u2019ndan Dil\u015fad Terzio\u011flu\u2019nun sunuculu\u011funu yapt\u0131\u011f\u0131 organizasyonun a\u00e7\u0131l\u0131\u015f konu\u015fmas\u0131n\u0131 Y\u00f6netim Kurulu \u00dcyemiz Simla T\u00fcrker Bayaz\u0131t yapt\u0131.<\/p>\n<p style=\"text-align: justify;\"><strong>Simla T\u00fcrker Bayaz\u0131t: Fenerbah\u00e7e&#8217;nin oldu\u011fu her yerde kad\u0131nlar her zaman \u00f6n saflarda olmu\u015flard\u0131r<\/strong><\/p>\n<p style=\"text-align: justify;\">Bu \u00f6zel etkinli\u011fin ger\u00e7ekle\u015fmesinden dolay\u0131 duydu\u011fu mutlulu\u011fu dile getiren Simla T\u00fcrker Bayaz\u0131t, \u201cSayg\u0131de\u011fer Y\u00fcksek Divan Kurulu Ba\u015fkan\u0131m, Sayg\u0131de\u011fer Ba\u015fkan\u0131m, bug\u00fcn burada bulu\u015fmam\u0131za vesile olan 1950\u2019li y\u0131llarda Fenerbah\u00e7e&#8217;mizin kad\u0131n voleybol ve basketbol tak\u0131mlar\u0131n\u0131 kurmu\u015f, tarihimize isimlerini yazd\u0131rm\u0131\u015f birbirinden de\u011ferli sporcular\u0131m\u0131z, Y\u00f6netim Kurulu \u00dcyesi arkada\u015flar\u0131m, Kul\u00fcb\u00fcm\u00fcz\u00fcn yol arkada\u015flar\u0131ndan, toplumsal cinsiyet e\u015fitli\u011fi i\u00e7in \u00f6nemli bir rol \u00fcstlenerek \u201cE\u015fitlik \u0130\u00e7in Enerjimiz Bitmez\u201d diyen T\u00fcpra\u015f&#8217;\u0131n Genel M\u00fcd\u00fcr\u00fc Say\u0131n \u0130brahim Yelmeno\u011flu, Kul\u00fcb\u00fcm\u00fcz\u00fcn, T\u00fcpra\u015f ve Birle\u015fmi\u015f Milletler Kad\u0131n Birimi ile olan i\u015fbirli\u011fi kapsam\u0131nda deste\u011fi ile her zaman yan\u0131m\u0131zda olan Ko\u00e7 Holding D\u0131\u015f \u0130li\u015fkiler ve Kurumsal \u0130leti\u015fim Direkt\u00f6r\u00fc Say\u0131n Oya \u00dcnl\u00fc K\u0131z\u0131l ve de\u011ferli ekibi, Kul\u00fcb\u00fcm\u00fcz\u00fcn, toplumsal cinsiyet e\u015fitli\u011fi i\u00e7in T\u00fcpra\u015f\u2019\u0131n katk\u0131lar\u0131yla \u00fclkemizde bir ilki ger\u00e7ekle\u015ftirerek Birle\u015fmi\u015f Milletler Kad\u0131n Birimi ile hayata ge\u00e7irdi\u011fi HeForShe-Birlikte E\u015fitiz projesi kapsam\u0131nda aram\u0131zda olan Birle\u015fmi\u015f Milletler Kad\u0131n Birimi T\u00fcrkiye Direkt\u00f6r Vekili ve Programlar Y\u00f6neticisi Say\u0131n Zeliha \u00dcnald\u0131 ve de\u011ferli konuklar\u0131m\u0131z,\u00a0 sporcular\u0131m\u0131z ve k\u0131ymetli misafirlerimiz, hepiniz ho\u015f geldiniz.<\/p>\n<p style=\"text-align: justify;\">Bug\u00fcn, 8 Mart D\u00fcnya Kad\u0131nlar G\u00fcn\u00fc. Hem Fenerbah\u00e7e\u2019miz hem de \u00fclkemiz kad\u0131nlar\u0131 i\u00e7in olduk\u00e7a \u00f6nemli bir g\u00fcn. B\u00f6yle bir g\u00fcnde sizlerle birlikte olmaktan \u00e7ok mutluyuz. D\u00fcnya Kad\u0131nlar G\u00fcn\u00fcm\u00fcz\u00fc i\u00e7tenlikle kutluyorum.<\/p>\n<p style=\"text-align: justify;\">D\u00fcnya Kad\u0131nlar G\u00fcn\u00fc \u00e7er\u00e7evesinde tarihimize bakt\u0131\u011f\u0131m\u0131zda Fenerbah\u00e7eli kad\u0131nlar\u0131m\u0131z\u0131n \u00e7ok \u00f6zel ve farkl\u0131 olduklar\u0131n\u0131 s\u00f6yleyebilirim. Ve bir Fenerbah\u00e7eli kad\u0131n olarak bundan \u00e7ok b\u00fcy\u00fck gurur duyuyorum.<\/p>\n<p style=\"text-align: justify;\">Fenerbah\u00e7emiz, kad\u0131nlar\u0131n toplumda etkin olmas\u0131na \u00f6zel \u00e7aba g\u00f6steren b\u00fcy\u00fck \u00f6nderimiz Atat\u00fcrk\u2019\u00fcn bu konuda da izinden gitmi\u015ftir ve kararl\u0131l\u0131kla gitmeye devam edecektir.<\/p>\n<p style=\"text-align: justify;\">Kad\u0131n\u0131n yeri Fenerbah\u00e7e\u2019de her zaman \u00e7ok \u00f6zel olmu\u015ftur. Fenerbah\u00e7eli kad\u0131n sporcular\u0131m\u0131z ve kad\u0131n taraftarlar\u0131m\u0131z hem ge\u00e7mi\u015fte hem de yak\u0131n tarihimizde benzeri g\u00f6r\u00fclmemi\u015f izler b\u0131rakm\u0131\u015flard\u0131r.<\/p>\n<p style=\"text-align: justify;\">Eminim ki gelecekte de Fenerbah\u00e7eli kad\u0131nlar\u0131m\u0131z tarihe damgalar\u0131n\u0131 vurmaya devam edeceklerdir. Bug\u00fcn, D\u00fcnya Kad\u0131nlar G\u00fcn\u00fc ve \u015fu an 1950\u2019li y\u0131llarda Fenerbah\u00e7e Kad\u0131n Voleybol ve Basketbol tak\u0131mlar\u0131n\u0131 kuran, d\u00f6nemin tan\u0131m\u0131 ile \u201cFenerbah\u00e7emizin \u015eampiyon K\u0131zlar\u0131\u201d ile birlikteyiz.<\/p>\n<p style=\"text-align: justify;\">Say\u0131n Ayten Salih, G\u00fcne\u015f \u00c7apa, \u0130nci \u00d6nen, Bercis T\u00fcrko\u011flu, Deniz G\u00fcrf\u0131rat, Eser Berktan, Mahiru Akda\u011f, Seta Ya\u011fc\u0131o\u011flu, Nazmiye Kor\u2026 \u00d6n\u00fcn\u00fczde sayg\u0131 ile e\u011filiyorum. Ne mutlu ki bizimlesiniz.<\/p>\n<p style=\"text-align: justify;\">Ne yaz\u0131k ki kurucu tak\u0131m\u0131n sporcular\u0131ndan \u015e\u00fcheda \u00d6z\u00e7i\u00e7ek\u00e7i ve Altan Karpuzlu\u2019ya ula\u015famad\u0131k. Kendilerine sevgi ve sayg\u0131lar\u0131m\u0131z\u0131 g\u00f6nderiyoruz. \u0130n\u015fallah yak\u0131n zamanda onlarla da bir araya gelme \u015fans\u0131m\u0131z olur.<\/p>\n<p style=\"text-align: justify;\">Ayr\u0131ca iki k\u0131ymetli sporcumuz aram\u0131zda de\u011fil art\u0131k. Say\u0131n Canel Konvur ve Say\u0131n Se\u00e7kin T\u00f6reli Din\u00e7er\u2019i de rahmetle an\u0131yoruz. Mekanlar\u0131 cennet olsun.<\/p>\n<p style=\"text-align: justify;\">O y\u0131llardaki imkans\u0131zl\u0131klar ile bug\u00fcnk\u00fc olanaklar\u0131 mukayese etti\u011fimizde sporcular\u0131m\u0131z\u0131n Fenerbah\u00e7e i\u00e7in yapt\u0131klar\u0131 fedekarl\u0131klar, elde ettikleri ba\u015far\u0131lar, Kul\u00fcb\u00fcm\u00fcz\u00fcn geli\u015fme ve ilerlemesi yolunda yapt\u0131klar\u0131 katk\u0131lar \u00e7ok de\u011ferli.<\/p>\n<p style=\"text-align: justify;\">Fenerbah\u00e7e\u2019miz, bu ba\u015far\u0131l\u0131 kad\u0131nlara y\u0131llar \u00f6ncesinde kucak a\u00e7m\u0131\u015f, Kul\u00fcb\u00fcm\u00fcz kuruldu\u011fu g\u00fcnden bu yana sahip oldu\u011fu modern, geli\u015fmi\u015f, \u00f6nc\u00fc yap\u0131s\u0131yla buna imk\u00e2n tan\u0131m\u0131\u015ft\u0131r.<\/p>\n<p style=\"text-align: justify;\">Sadece voleybolda de\u011fil; basketbol, atletizm ve k\u00fcrekte de Fenerbah\u00e7e formas\u0131yla m\u00fccadele etmi\u015f, T\u00fcrk kad\u0131n\u0131n\u0131 her alanda gururla temsil etmi\u015flerdir. Bu ba\u011flamda spor yaparken toplumda \u00f6nemli mevkilere gelmi\u015f; t\u0131p, hukuk, \u00f6\u011fretmenlik okumu\u015f, profesyonel g\u00f6revlerde bulunmu\u015f topluma faydal\u0131 olmu\u015flard\u0131r.<\/p>\n<p style=\"text-align: justify;\">Bug\u00fcn, burada olan tarihimizin en ba\u015far\u0131l\u0131 kad\u0131n sporcular\u0131ndan Dr. Ayten Salih ve k\u0131ymetli tak\u0131m arkada\u015flar\u0131 ba\u015fta olmak \u00fczere kendilerinin nezdinde, bu formay\u0131 gururla, onurla, ba\u015far\u0131yla ta\u015f\u0131m\u0131\u015f t\u00fcm sporcular\u0131m\u0131za Ba\u015fkan\u0131m\u0131z ve Y\u00f6netim Kurulu \u00fcyelerimiz ad\u0131na \u00e7ok te\u015fekk\u00fcr ediyorum.<\/p>\n<p style=\"text-align: justify;\">Bug\u00fcn vesilesiyle bir kez daha dile getirmemiz gerekiyor ki; kad\u0131nlar, toplumumuzun temel dire\u011fi, yap\u0131 ta\u015f\u0131d\u0131r ve kad\u0131nlar\u0131n \u00f6zg\u00fcr, g\u00fc\u00e7l\u00fc olmas\u0131 modernli\u011fimizin, yar\u0131nlara olan bak\u0131\u015f a\u00e7\u0131m\u0131z\u0131n \u00f6l\u00e7\u00fcs\u00fcd\u00fcr. Kad\u0131nlar \u00f6zg\u00fcr ve g\u00fc\u00e7l\u00fc ise toplumda, sokakta, evde, i\u015f yerinde, her yerde \u00f6zg\u00fcvenle yer alabiliyorlarsa bu \u00fclkemizin g\u00fcc\u00fcn\u00fc g\u00f6sterir.<\/p>\n<p style=\"text-align: justify;\">Kad\u0131nlar, Fenerbah\u00e7e\u2019miz i\u00e7in tarihte, bug\u00fcnlerimizde ve gelece\u011fimizde \u00e7ok \u00f6nemlidir demi\u015ftik.<\/p>\n<p style=\"text-align: justify;\">Ge\u00e7mi\u015fte formam\u0131zla ilkleri hayata ge\u00e7irmi\u015f, ba\u015far\u0131lar elde etmi\u015f, 3 Temmuz s\u00fcrecinde kul\u00fcb\u00fcm\u00fcz\u00fcn ge\u00e7ti\u011fi tarihi ve zorlu g\u00fcnlerde \u00e7ocuklar\u0131n\u0131n, annelerinin, karde\u015flerinin ellerinden tutup, t\u00fcm aidiyetleriyle stad\u0131m\u0131z\u0131 dolduran Fenerbah\u00e7eli kad\u0131nlar d\u00fcnyada benzeri g\u00f6r\u00fclmemi\u015f \u015fekilde en zor g\u00fcnlerimizde Fenerbah\u00e7e\u2019mize sahip \u00e7\u0131karak, tarihimize bir kez daha derin imza atm\u0131\u015flard\u0131r.<\/p>\n<p style=\"text-align: justify;\">Fenerbah\u00e7eli kad\u0131n sporcular\u0131m\u0131z yelkende, y\u00fczmede, masa tenisinde, boksta, k\u00fcrekte, atletizmde, olimpiyatlarda \u00fclkemizi ve bayra\u011f\u0131m\u0131z\u0131 her zaman en iyi \u015fekilde temsil etmi\u015f, voleybolda \u015eampiyonlar Ligi\u2019nde sar\u0131 lacivertimizi gururla ta\u015f\u0131m\u0131\u015f, basketbolda Avrupa&#8217;da finalde Fenerbah\u00e7e\u2019miz i\u00e7in m\u00fccadele etmi\u015ftir.<\/p>\n<p style=\"text-align: justify;\">Fenerbah\u00e7e&#8217;nin oldu\u011fu her yerde kad\u0131nlar her zaman \u00f6n saflarda olmu\u015flard\u0131r.<\/p>\n<p style=\"text-align: justify;\">Fenerbah\u00e7e&#8217;miz, gelene\u011finden gelen bu misyonunu, gelece\u011fe ta\u015f\u0131mak; tarihinden gelen hem sporcu hem de taraftar olarak kad\u0131n-erkek omuz omuza m\u00fccadelesini, bu sezon \u201cHeForShe-Birlikte E\u015fitiz\u201d projesi ile ta\u00e7land\u0131rm\u0131\u015ft\u0131r.<\/p>\n<p style=\"text-align: justify;\">Birle\u015fmi\u015f Milletler Kad\u0131n Birimi&#8217;nin toplumsal cinsiyet e\u015fitli\u011fi i\u00e7in hayata ge\u00e7irdi\u011fi HeForShe hareketine kat\u0131lan kul\u00fcb\u00fcm\u00fcz, daha iyi bir toplum, daha iyi bir gelecek ve ayd\u0131nl\u0131k yar\u0131nlar i\u00e7in &#8216;Birlikte E\u015fitiz!&#8217; diyerek bu yola \u00e7\u0131km\u0131\u015ft\u0131r.<\/p>\n<p style=\"text-align: justify;\">Kul\u00fcb\u00fcm\u00fcz, kad\u0131nlara ve k\u0131z \u00e7ocuklar\u0131na y\u00f6nelik her t\u00fcrl\u00fc ayr\u0131mc\u0131l\u0131\u011fa s\u0131f\u0131r tolerans i\u00e7in, kad\u0131nlar\u0131n ve k\u0131z \u00e7ocuklar\u0131n\u0131n hem sporcu hem taraftar olarak spor alanlar\u0131nda varl\u0131\u011f\u0131n\u0131 art\u0131rmak i\u00e7in, bug\u00fcne kadar oldu\u011fu gibi bundan sonra da sporcular\u0131m\u0131zla topluma \u00f6rnek olacakt\u0131r.<\/p>\n<p style=\"text-align: justify;\">Fenerbah\u00e7e Spor Kul\u00fcb\u00fc olarak Ata\u2019m\u0131z\u0131n izinde, toplumumuza faydal\u0131 i\u015fler yapmaya var g\u00fcc\u00fcm\u00fczle devam edece\u011fiz.\u00a0 Kapsay\u0131c\u0131 kul\u00fcp olma hedefimizi hep birlikte hayata ge\u00e7irmek i\u00e7in \u00e7al\u0131\u015faca\u011f\u0131z.<\/p>\n<p style=\"text-align: justify;\">Ayr\u0131ca; \u00d6n\u00fcm\u00fczdeki d\u00f6nemde Fenerbah\u00e7e\u2019mizin \u015fampiyon k\u0131zlar\u0131 olan kurucu tak\u0131m\u0131m\u0131z i\u00e7in m\u00fczemizde bir sergi a\u00e7may\u0131 planl\u0131yoruz. Uzun vadeli projelerimizden biri de Fenerbah\u00e7e&#8217;nin kad\u0131n tarihini anlatan \u00f6zel bir kitap haz\u0131rlamak ve bu vesile ile de\u011ferlerimizi gelecek nesillere aktarmak.<\/p>\n<p style=\"text-align: justify;\">S\u00f6zlerime son verirken tarihimizde ad\u0131 ge\u00e7en, 1920&#8217;li y\u0131llarda formam\u0131z\u0131 giyen, o d\u00f6nem kad\u0131n voleybol tak\u0131m\u0131m\u0131z olmad\u0131\u011f\u0131 i\u00e7in Fenerbah\u00e7e Erkek Voleybol Tak\u0131m\u0131 ile ma\u00e7lar oynayan ve kay\u0131tlara g\u00f6re 1928-29 y\u0131llar\u0131nda erkek tak\u0131m\u0131m\u0131z\u0131n kaptanl\u0131\u011f\u0131n\u0131 dahi yapan Sabiha R\u0131fat G\u00fcrayman&#8217;\u0131 anmak istiyorum.<\/p>\n<p style=\"text-align: justify;\">Sabiha R\u0131fat ayn\u0131 zamanda \u00fclkemizin ilk kad\u0131n in\u015faat m\u00fchendisidir ve An\u0131tkabir&#8217;in in\u015faat\u0131nda ba\u015fm\u00fchendis olarak \u00e7al\u0131\u015fm\u0131\u015ft\u0131r. Fenerbah\u00e7e\u2019mizin gurur duydu\u011fumuz tarihinde e\u015fsiz iz b\u0131rakan bu \u00f6zel kad\u0131n\u0131 da huzurlar\u0131n\u0131zda sayg\u0131yla an\u0131yorum.<\/p>\n<p style=\"text-align: justify;\">Bu \u00f6zel g\u00fcnde eme\u011fi ge\u00e7en t\u00fcm arkada\u015flar\u0131m\u0131za, M\u00fcze M\u00fcd\u00fcr\u00fcm\u00fcz ve tarih\u00e7ilerimizden Say\u0131n Alp Bac\u0131o\u011flu\u2019na t\u00fcm emekleri i\u00e7in te\u015fekk\u00fcr etmek isterim.<\/p>\n<p style=\"text-align: justify;\">8 Mart D\u00fcnya Kad\u0131nlar G\u00fcn\u00fc\u2019m\u00fcz\u00fc tekrar kutluyor, sevgi ve sayg\u0131lar\u0131m\u0131 sunuyorum.\u201d ifadelerini kulland\u0131.<\/p>\n<p style=\"text-align: justify;\"><strong>T\u00fcpra\u015f Genel M\u00fcd\u00fcr\u00fc \u0130brahim Yelmeno\u011flu: E\u015fitlik i\u00e7in enerjimiz bitmez<\/strong><\/p>\n<p style=\"text-align: justify;\">Y\u00f6netim Kurulu \u00dcyemiz Simla T\u00fcrker Bayaz\u0131t\u2019\u0131n a\u00e7\u0131l\u0131\u015f konu\u015fmas\u0131n\u0131n ard\u0131ndan T\u00fcpra\u015f Genel M\u00fcd\u00fcr\u00fc \u0130brahim Yelmeno\u011flu sahneye davet edildi ve etkinlik hakk\u0131nda de\u011ferlendirmelerde bulundu.<\/p>\n<p style=\"text-align: justify;\">Fenerbah\u00e7e\u2019ye de\u011fer katan \u201cKad\u0131n Kahramanlar\u201d ba\u015fta olmak \u00fczere t\u00fcm kad\u0131nlar\u0131n 8 Mart D\u00fcnya Kad\u0131nlar G\u00fcn\u00fc\u2019n\u00fc kutlayarak s\u00f6zlerine ba\u015flayan T\u00fcpra\u015f Genel M\u00fcd\u00fcr\u00fc \u0130brahim Yelmeno\u011flu, uygar bir toplumun, ancak kad\u0131nla erke\u011fin birlikte ger\u00e7ekle\u015ftirece\u011fi de\u011fi\u015fim ve d\u00f6n\u00fc\u015f\u00fcmle m\u00fcmk\u00fcn olabilece\u011fini s\u00f6yledi. Yelmeno\u011flu s\u00f6zlerini \u015f\u00f6yle s\u00fcrd\u00fcrd\u00fc: \u201c\u00dclkemizin en b\u00fcy\u00fck sanayi \u015firketiyiz.\u00a0 Finansal ve ekonomik sorumluluklar\u0131m\u0131z var ama en b\u00fcy\u00fck sorumlulu\u011fumuz topluma kar\u015f\u0131. Toplumun de\u011fi\u015fim ve d\u00f6n\u00fc\u015f\u00fcm\u00fcne \u00f6nc\u00fcl\u00fck etmemiz gerekti\u011fine inan\u0131yoruz. Bu \u00e7er\u00e7evede pek \u00e7ok proje ger\u00e7ekle\u015ftirdik, geli\u015ftirmeye de devam ediyoruz. Bu projeler i\u00e7erisinde en \u00e7ok de\u011fer verdi\u011fimiz proje, kad\u0131n erkek e\u015fitli\u011fini vurgulayan HeForShe hareketi oldu. Bu kapsamda ge\u00e7en y\u0131l sonunda Fenerbah\u00e7e ve Birle\u015fmi\u015f Milletler Kad\u0131n Birimi ile birlikte bir proje ger\u00e7ekle\u015ftirdik ve e\u015fitlik i\u00e7in enerjimiz bitmez diyoruz. Sizlerin de enerjisi e\u015fitlik i\u00e7in hi\u00e7bir zaman bitmesin.\u00a0 \u00dclkemizin ve d\u00fcnyam\u0131z\u0131n sizlere ihtiyac\u0131 var. Hepinizi sevgi ve sayg\u0131yla selaml\u0131yorum.\u201d<\/p>\n<p style=\"text-align: justify;\"><strong>BM Kad\u0131n Birimi T\u00fcrkiye Direkt\u00f6r Vekili ve Programlar Y\u00f6neticisi Zeliha \u00dcnald\u0131: Bu \u00e7al\u0131\u015fma d\u00fcnyada bir ilk ve bizim g\u00f6zbebe\u011fimiz<\/strong><\/p>\n<p style=\"text-align: justify;\">Kul\u00fcb\u00fcm\u00fcz\u00fcn, T\u00fcpra\u015f\u2019\u0131n deste\u011fiyle Birle\u015fmi\u015f Milletler Kad\u0131n Birimi\u2019nin HeForShe hareketi ile toplumsal cinsiyet e\u015fitli\u011fi i\u00e7in k\u00fcresel bir i\u015fbirli\u011fi yapt\u0131\u011f\u0131 proje kapsam\u0131nda konu\u015fmac\u0131lar aras\u0131nda yer alan Birle\u015fmi\u015f Milletler Kad\u0131n Birimi T\u00fcrkiye Direkt\u00f6r Vekili ve Programlar Y\u00f6neticisi Zeliha \u00dcnald\u0131 da yapt\u0131\u011f\u0131 konu\u015fmada, \u201cB\u00f6yle bir bulu\u015fmay\u0131 ger\u00e7ekle\u015ftirdi\u011finiz i\u00e7in Ko\u00e7 Holding, T\u00fcpra\u015f ve Fenerbah\u00e7e y\u00f6netimine ayr\u0131 ayr\u0131 te\u015fekk\u00fcr ediyorum. Birle\u015fmi\u015f Milletler Kad\u0131n Birimi olarak, spor kul\u00fcb\u00fcyle \u00e7al\u0131\u015fmak bizler i\u00e7in \u00e7ok yeni. Bu f\u0131rsat\u0131 verdi\u011finiz i\u00e7inde ayr\u0131ca \u00e7ok te\u015fekk\u00fcr ediyorum. Bu \u00e7al\u0131\u015fma d\u00fcnyada bir ilk ve bu bizim g\u00f6zbebe\u011fimiz. Bu \u00e7al\u0131\u015fman\u0131n ba\u015fka bir y\u00fcz\u00fcn\u00fc daha g\u00f6rd\u00fck. Kad\u0131nlar G\u00fcn\u00fc\u2019nde kad\u0131n sporcularla bulu\u015fmak ve Fenerbah\u00e7e\u2019nin kad\u0131n tarihini g\u00f6rmek bizler i\u00e7in \u00e7ok \u00f6nemli.<\/p>\n<p style=\"text-align: justify;\">Yak\u0131n zamanda Ni\u011fde\u2019nin Kula k\u00f6y\u00fcndeydim. \u00c7ocuk evliliklerinin en yayg\u0131n oldu\u011fu b\u00f6lgelerden birisidir, buras\u0131. Bir Beden E\u011fitimi \u00d6\u011fretmeni burada k\u0131z \u00e7ocuklar\u0131yla \u00e7al\u0131\u015f\u0131yor. Ailelerden tepki g\u00f6r\u00fcyor. Zor \u015fartlarda \u00e7al\u0131\u015f\u0131yor. Burada k\u0131zlar futbol oynamaya ba\u015flam\u0131\u015flar. \u00c7ok mutlular. Aileleri ve kendileriyle g\u00f6r\u00fc\u015ft\u00fc\u011f\u00fcm\u00fczde, \u00e7ocuklar \u00f6zellikle ailelerinin ikna olmas\u0131 i\u00e7in kendilerine \u00f6rnek insanlara ihtiya\u00e7 duyduklar\u0131n\u0131 s\u00f6ylediler. Bende sizlerle yapt\u0131\u011f\u0131m\u0131z \u00e7al\u0131\u015fmalardan bahsedince, size selam s\u00f6ylediler. \u2018Biz de geriden geliyoruz\u2019 dediler.\u00a0\u00a0 Sizlerin a\u00e7t\u0131\u011f\u0131 yollardan Ni\u011fde\u2019nin Kula k\u00f6y\u00fcnden k\u0131zlarda gelecek.<\/p>\n<p style=\"text-align: justify;\">HeForShe bir dayan\u0131\u015fma hareketi. Herkes i\u00e7in e\u015fitlik. Fenerbah\u00e7e ile bu hareketi yapabilmek ve bu kadar erke\u011fe ula\u015fabilmek \u00e7ok \u00f6nemli. De\u011fi\u015fmek zor i\u015ftir. Biz yan\u0131n\u0131zday\u0131z. Hep birlikte m\u00fccadele verecek olmaktan dolay\u0131 ayr\u0131ca mutluyuz.<\/p>\n<p style=\"text-align: justify;\">\u00c7ocuklu\u011fumda kad\u0131n sporcu, Nadia Comaneci ve Katarina Witt idi. O zamanlar benim i\u00e7in sporcu olmak hayal bile de\u011fildi, \u00e7\u00fcnk\u00fc o sporu yapanlar yabanc\u0131 idi. Bug\u00fcn g\u00f6r\u00fcyorum ki bize \u00f6rnek olabilecek b\u00fcy\u00fck bir spor ve kad\u0131n tarihi varm\u0131\u015f. Bundan bug\u00fcn haberdar oldum. Ayten han\u0131m\u0131 k\u00fc\u00e7\u00fck ya\u015fta tan\u0131sayd\u0131m bende spor yapabiliyor, olabilirdim.<\/p>\n<p style=\"text-align: justify;\">Bir kul\u00fcp y\u00f6neticisi, bir kul\u00fcp, bir sporcu, bir antren\u00f6r, bir spor tesisi d\u00fcnyay\u0131 de\u011fi\u015ftirebilir. Bu de\u011fi\u015fim ba\u015flad\u0131. Hepinize te\u015fekk\u00fcr ediyorum.\u201d ifadelerini kulland\u0131.<\/p>\n<p style=\"text-align: justify;\">Organizasyonun devam\u0131nda eski sporcular\u0131m\u0131z\u0131n bu \u00f6zel g\u00fcn i\u00e7in mesajlar\u0131n\u0131n yer ald\u0131\u011f\u0131 videolar, barkovizyonda izlendi.<\/p>\n<p style=\"text-align: justify;\"><strong>Ayten Salih: Fenerbah\u00e7e, kad\u0131nlara ve k\u0131z \u00e7ocuklar\u0131na verdi\u011fi b\u00fcy\u00fck de\u011ferle her zaman rakiplerinden bir ad\u0131m \u00f6nde oldu<\/strong><\/p>\n<p style=\"text-align: justify;\">Ard\u0131ndan 1954 y\u0131l\u0131nda Fenerbah\u00e7e\u2019mizin Voleybol ve Basketbol Tak\u0131mlar\u0131m\u0131z\u0131n kurulmas\u0131na \u00f6nc\u00fcl\u00fck eden Ayten Salih sahneye davet edildi ve Fenerbah\u00e7e\u2019mizde elde etti\u011fi say\u0131s\u0131z ba\u015far\u0131 ve gururla dolu kariyeri hakk\u0131nda k\u0131sa bir konu\u015fma yapt\u0131.<\/p>\n<p style=\"text-align: justify;\">Fenerbah\u00e7e tarihinde unutulmaz izler b\u0131rakan Ayten Salih, \u201cSay\u0131n Fenerbah\u00e7e Y\u00fcksek Divan Kurulu Ba\u015fkan\u0131 Vefa K\u00fc\u00e7\u00fck Bey, Say\u0131n Fenerbah\u00e7e Ba\u015fkan\u0131 Ali Ko\u00e7 Bey, Say\u0131n Fenerbah\u00e7e Y\u00f6netim Kurulu \u00dcyesi Simla T\u00fcrker Bayaz\u0131t Han\u0131m, Say\u0131n T\u00fcpra\u015f Genel M\u00fcd\u00fcr\u00fc \u0130brahim Yelmeno\u011flu Bey, Say\u0131n Ko\u00e7 Holding yetkilileri, Say\u0131n Birle\u015fmi\u015f Milletler Kad\u0131n Birimi yetkilileri, Sayg\u0131de\u011fer konuklar, Sevgili Fenerbah\u00e7eli sporcu karde\u015flerim, 8 Mart D\u00fcnya Kad\u0131nlar G\u00fcn\u00fc&#8217;nde, sar\u0131-lacivert forma ile saha, salon ve denizlerdeki m\u00fcsabakalarda yer alan eski-yeni sporcu ve \u015fampiyon k\u0131zlar\u0131m\u0131z\u0131 bir araya toplayarak g\u00fczel bir vefa \u00f6rne\u011fi g\u00f6steren Fenerbah\u00e7e kul\u00fcb\u00fcm\u00fcz\u00fcn say\u0131n Ba\u015fkan ve y\u00f6neticileri ile bu organizasyonda eme\u011fi ge\u00e7en t\u00fcm ilgililere candan te\u015fekk\u00fcrlerimi sunar\u0131m.<\/p>\n<p style=\"text-align: justify;\">\u00d6nce iki, daha sonra da bir avu\u00e7 \u00c7aml\u0131cal\u0131 ve iki Erenk\u00f6yl\u00fc k\u0131z \u00f6\u011frencinin giri\u015fimi ve Dr. Selim \u00c7apa&#8217;n\u0131n b\u00fcy\u00fck deste\u011fiyle 1 Eyl\u00fcl 1954 tarihinde kurulan ve alt\u0131 y\u0131l \u00fcst \u00fcste voleybol, basketbol, atletizm ve k\u00fcrek dallar\u0131nda \u015fampiyon olan ablalar\u0131n\u0131z ad\u0131na, onlara g\u00fcvenerek kucak a\u00e7an, sar\u0131-lacivert forma ve e\u015fofman gibi ihtiya\u00e7lar\u0131n\u0131 kar\u015f\u0131layarak spor yapmalar\u0131na f\u0131rsat veren ve bug\u00fcn aram\u0131zda bulunmayan o zaman\u0131n kul\u00fcp ba\u015fkan\u0131, y\u00f6netici, antren\u00f6r ve di\u011fer yard\u0131msever Fenerbah\u00e7elilerini de minnet ve rahmetle anmak istiyorum&#8230;<\/p>\n<p style=\"text-align: justify;\">1954 y\u0131l\u0131nda, hen\u00fcz T\u00fcrkiye Voleybol Federasyonu kurulmam\u0131\u015f oldu\u011fu i\u00e7in 4 y\u0131l s\u00fcre ile \u2018T\u00fcrkiye Spor Oyunlar\u0131 Federasyonu\u2019 ad\u0131 alt\u0131nda ve yine gen\u00e7 erkeklerin lisanslar\u0131na yaz\u0131lan k\u0131z isimleriyle ma\u00e7lara \u00e7\u0131kan bu ilk sporcu ablalar\u0131n\u0131z, 1961 y\u0131l\u0131na kadar basketbolda ve voleybolda d\u00fczenlenen toplam 21 \u0130stanbul ve T\u00fcrkiye \u015fampiyonlu\u011funun 19 tanesini kazanm\u0131\u015flard\u0131r. Ayr\u0131ca kat\u0131ld\u0131klar\u0131 atletizm m\u00fcsabakalar\u0131 ve Atat\u00fcrk ko\u015fular\u0131nda da hep birincilikler alm\u0131\u015flar, 1957-1958 sezonunda kurulan k\u00fcrek bran\u015f\u0131nda da ba\u015far\u0131l\u0131 olmu\u015flard\u0131r. Tek bran\u015fla yetinmememizin nedeni, yaln\u0131zca komple sporcu olu\u015fumuz de\u011fil, ayn\u0131 zamanda t\u00fcm y\u0131l boyunca spor yapma arzumuzdu.<\/p>\n<p style=\"text-align: justify;\">Bu giri\u015fimin en sevindirici yan\u0131, bizden sonra bu renklerde m\u00fccadele eden k\u0131zlar\u0131m\u0131z\u0131n Avrupa ve D\u00fcnya yar\u0131\u015fmalar\u0131nda \u015fampiyon olmalar\u0131d\u0131r. Bug\u00fcn aram\u0131zda bulunan bu gen\u00e7 arkada\u015flar\u0131m\u0131zla iftihar ediyor ve onlar\u0131 candan kutluyoruz.<\/p>\n<p style=\"text-align: justify;\">\u015eu an en b\u00fcy\u00fck \u00fcz\u00fcnt\u00fcm\u00fcz ise voleybol ve basketbol antren\u00f6rlerimiz Alaattin G\u00fcne\u015f ve \u00d6nder Dai hocalar\u0131m\u0131z, basketbol kurucu antren\u00f6r\u00fcm\u00fcz Altan Din\u00e7er ve e\u015fi voleybolcu Se\u00e7kin karde\u015fimizle, her dalda \u00fcst\u00fcn ba\u015far\u0131 g\u00f6steren, \u00f6zellikle y\u00fcksek atlamada 1.40 metreden sonra arka arkaya rekorlar k\u0131rarak \u00e7\u0131tay\u0131 1.60 metrelere y\u00fckselten karde\u015fimiz Canel&#8217;in maalesef aram\u0131zda olmamalar\u0131. Hepsini rahmet, sayg\u0131 ve sevgi ile an\u0131yorum.<\/p>\n<p style=\"text-align: justify;\">Yine, t\u00fcm \u00f6\u011frenci sporcular\u0131n\u0131n Fenerbah\u00e7e Spor Kul\u00fcb\u00fc&#8217;nde oynamalar\u0131na izin veren \u00c7aml\u0131ca K\u0131z Lisesi m\u00fcdiresi Nuriye Hekimo\u011flu&#8217;nu da rahmetle anmak istiyorum. \u0130lk birka\u00e7 y\u0131l\u0131n sonunda Ankara K\u0131z Teknik Y\u00fcksek Okulu&#8217;na atanm\u0131\u015f, bu kez de Ankara&#8217;da yer alan t\u00fcm kupa ma\u00e7lar\u0131nda bizi okulunda misafir etmi\u015fti.<\/p>\n<p style=\"text-align: justify;\">Bug\u00fcn aram\u0131zda \u00c7aml\u0131ca K\u0131z Liseliler Derne\u011fi Ba\u015fkan ve y\u00f6neticileri de var. Mimar Kemalettin Bey&#8217;in eseri, Ahmet Ratip Pa\u015fa&#8217;n\u0131n kona\u011f\u0131 olan sevgili okul binam\u0131z Unesco taraf\u0131ndan korunmas\u0131 gerekli yap\u0131lar aras\u0131nda kabul edilmi\u015f ve restorasyonuna ba\u015flanm\u0131\u015f. \u0130n\u015fallah \u00c7aml\u0131ca K\u0131z Lisesi&#8217;nin bu tarihi binas\u0131n\u0131n k\u00fclt\u00fcr ve sanat ama\u00e7l\u0131 olarak kullan\u0131m\u0131na izin verilir.<\/p>\n<p style=\"text-align: justify;\">Biz kad\u0131nlar olarak e\u011fitim, spor ve i\u015f hayat\u0131ndaki ba\u015far\u0131lar\u0131m\u0131z\u0131 Mustafa Kemal Atat\u00fcrk&#8217;e ve onun devrimlerine bor\u00e7luyuz. \u00d6te yandan Fenerbah\u00e7e Spor Kul\u00fcb\u00fc de tarihinin ilk y\u0131llar\u0131ndan bu yana kad\u0131nlara ve k\u0131z \u00e7ocuklar\u0131na verdi\u011fi b\u00fcy\u00fck de\u011fer ile her zaman i\u00e7in rakiplerinden bir ad\u0131m \u00f6nde oldu. Bug\u00fcn bu \u00f6nderli\u011fi daha da ileriye ta\u015f\u0131yarak kad\u0131nlar, k\u0131z \u00e7ocuklar\u0131 ve toplumsal cinsiyet e\u015fitli\u011fi i\u00e7in hayata ge\u00e7irilen HeForShe projesini destekleyen Fenerbah\u00e7e Kul\u00fcb\u00fc&#8217;n\u00fc tebrik ediyoruz. B\u00fcy\u00fck Atat\u00fcrk&#8217;\u00fcn defalarca dile getirdi\u011fi gibi; bir \u00fclkenin g\u00fc\u00e7l\u00fcl\u00fck derecesi, kad\u0131nlar\u0131n \u00f6zg\u00fcrl\u00fc\u011f\u00fc ile \u00f6l\u00e7\u00fcl\u00fcr. Fenerbah\u00e7e\u2019nin bu vizyonu \u00fcstlenmesi hem bug\u00fcn, hem de gelecek i\u00e7in \u00e7ok \u00f6nemlidir.<\/p>\n<p style=\"text-align: justify;\">Son olarak \u015fu an Fenerbah\u00e7e \u00e7at\u0131s\u0131 alt\u0131nda bu renkler i\u00e7in m\u00fccadele eden gen\u00e7 karde\u015flerimize seslenmek istiyorum. Bu forman\u0131n k\u0131ymetini bilin. Fenerbah\u00e7e\u2019yi y\u00fcceltin. Fenerbah\u00e7eli olmak iyi insan, d\u00fczg\u00fcn birey, topluma faydal\u0131, \u00fclkesine katk\u0131l\u0131 ki\u015filer olmakt\u0131r. Bunu unutmay\u0131n ve her zaman bunu hedefleyin. Fenerbah\u00e7eli olmak d\u00fcnyan\u0131n en g\u00fczel duygusudur, bunu her zaman hissedin, hissettirin.<\/p>\n<p style=\"text-align: justify;\">S\u00f6zlerime son verirken Fenerbah\u00e7e\u2019mizin bu y\u0131l futbol dahil, t\u00fcm bran\u015flarda ba\u015far\u0131l\u0131 olmas\u0131n\u0131 diler, hepinize sayg\u0131lar\u0131m\u0131 sunar\u0131m.\u201d ifadelerini kulland\u0131.<\/p>\n<p style=\"text-align: justify;\"><strong>YDK Ba\u015fkan\u0131 Vefa K\u00fc\u00e7\u00fck: Kad\u0131n \u00fcyelerimiz art\u0131k Fenerbah\u00e7e y\u00f6netiminde s\u00f6z sahibi olman\u0131n a\u011f\u0131rl\u0131\u011f\u0131n\u0131 hissettirmeye ba\u015flad\u0131<\/strong><\/p>\n<p style=\"text-align: justify;\">Ayten Salih\u2019in konu\u015fmas\u0131n\u0131n ard\u0131ndan Y\u00fcksek Divan Kurulu Ba\u015fkan\u0131m\u0131z Vefa K\u00fc\u00e7\u00fck konu\u015fmas\u0131n\u0131 yapmak \u00fczere k\u00fcrs\u00fcye davet edildi. Kat\u0131l\u0131mc\u0131lar\u0131 sayg\u0131yla selamlayarak s\u00f6zlerine ba\u015flayan Y\u00fcksek Divan Kurulu Ba\u015fkan\u0131m\u0131z Vefa K\u00fc\u00e7\u00fck, \u201cHeForShe \u0130ngilizce g\u00fczel bir kelime. Hepimiz e\u015fitiz anlam\u0131na gelen bir kelime. T\u00fcrkiye Cumhuriyeti Anayasas\u0131\u2019nda 41. Madde HeForShe maddesi. \u2018Aile T\u00fcrk toplumunun temelidir\u2019, \u2018Aile mensuplar\u0131 birlikte e\u015fittir\u2019 diyor. Dolay\u0131s\u0131yla Anayasam\u0131z HeForShe\u2019y\u0131 zaten d\u00fc\u015f\u00fcnm\u00fc\u015f ve oraya de\u011fi\u015fmeyecek \u015fekilde kabul etmi\u015ftir. Biz her \u015feyi Cumhuriyeti\u2019mizin kurucusu Mustafa Kemal Atat\u00fcrk\u2019e bor\u00e7luyuz. Osmanl\u0131 d\u00f6neminde ve hilafet d\u00f6neminde kad\u0131nlar maalesef insan say\u0131lm\u0131yordu. Sadece evde bir e\u015f ve bir hizmet\u00e7i olarak kabul ediliyordu. B\u00fcy\u00fck Atat\u00fcrk \u00e7e\u015fitli devrimlerin yan\u0131nda 1930 y\u0131l\u0131nda kad\u0131nlar\u0131m\u0131za yerel y\u00f6netimlerde se\u00e7me ve se\u00e7ilme hakk\u0131 tan\u0131yan kanunu \u00e7\u0131kartt\u0131. 1934\u2019te yerel se\u00e7imlere kat\u0131lan kad\u0131nlar\u0131m\u0131za bu sefer milletvekilli\u011fi se\u00e7imlerine kat\u0131lma ve se\u00e7ilme hakk\u0131n\u0131 tan\u0131d\u0131. 1935 y\u0131l\u0131nda yap\u0131lan se\u00e7imlerde de 18 kad\u0131n, milletvekili olarak o g\u00fcnk\u00fc B\u00fcy\u00fck Millet Meclisi\u2019ne girdi. Onlar\u0131n i\u00e7inde bir tanesi Kazan K\u00f6y\u00fc\u2019n\u00fcn muhtar\u0131 Sat\u0131 Han\u0131m\u2019d\u0131. Bir k\u00f6yl\u00fc ve bir muhtar kad\u0131n 1935 y\u0131l\u0131nda T\u00fcrkiye B\u00fcy\u00fck Millet Meclisi\u2019ne milletvekili olarak girdi. Bug\u00fcn \u00fclkemizde yerel se\u00e7imler yakla\u015f\u0131yor. Yakla\u015f\u0131k 22 g\u00fcn sonra yerel se\u00e7imleri yapaca\u011f\u0131z. \u0130stanbul\u2019da 39 il\u00e7e var, bildi\u011fim kadar\u0131yla 1 tane kad\u0131n belediye ba\u015fkan\u0131 \u015fu anda faal. 31\u2019inde de yeniden yar\u0131\u015fa girecek. Fenerbah\u00e7e Kul\u00fcb\u00fcm\u00fczde tabii ki \u00e7ok say\u0131da kad\u0131n sporcumuz yeti\u015fti ve bu formay\u0131 lay\u0131k\u0131yla temsil etti, kul\u00fcb\u00fcm\u00fcze hem ferdi hem de tak\u0131mlar halinde madalyalar, kupalar kazand\u0131rd\u0131. Ancak kad\u0131nlar\u0131m\u0131z\u0131n kul\u00fcp \u00fcyeli\u011fi i\u00e7erisindeki oranlar\u0131 \u00e7ok az. \u015eu anda Y\u00fcksek Divan Kurulu\u2019nda 372 kad\u0131n \u00fcyemiz var. Bu da YDK \u00fcyeli\u011finin %13\u2019\u00fcne tekab\u00fcle diyor. 10 sene sonra 2028\u2019de YDK \u00fcyeli\u011fimiz 10 bine ula\u015facak ve kad\u0131n \u00fcye say\u0131m\u0131z 1873\u2019e ula\u015facak. Y\u00fczde olarak da % 19\u2019a ula\u015facak. Fenerbah\u00e7e y\u00f6netimlerinde son 30 senede birka\u00e7 y\u00f6netimde sadece 1 kad\u0131n \u00fcye y\u00f6netim kurulu \u00fcyeli\u011fi yapmaktayd\u0131. Bug\u00fcn Say\u0131n Ali Ko\u00e7\u2019un Ba\u015fkanl\u0131\u011f\u0131ndaki Y\u00f6netim Kurulumuzda 4 tane kad\u0131n \u00fcyemiz var. Demek ki kad\u0131n \u00fcyelerimiz art\u0131k Fenerbah\u00e7e y\u00f6netiminde de s\u00f6z sahibi olman\u0131n a\u011f\u0131rl\u0131\u011f\u0131n\u0131 hissettirmeye ba\u015flad\u0131lar. \u0130n\u015fallah gelecek d\u00f6nemlerde de y\u00f6netimlerde ve kurullarda daha \u00e7ok kad\u0131n \u00fcyemizin g\u00f6rev almas\u0131n\u0131 ve Fenerbah\u00e7e y\u00f6netiminde birlikte karar vermelerini temenni ediyorum. B\u00fct\u00fcn d\u00fcnya kad\u0131nlar\u0131n\u0131n D\u00fcnya Kad\u0131nlar G\u00fcn\u00fc\u2019n\u00fc kutluyorum, hepinize sayg\u0131 sunuyorum.\u201d dedi.<\/p>\n<p style=\"text-align: justify;\">Fenerbah\u00e7e\u2019nin \u015eampiyon K\u0131zlar\u0131na plaket ve forma takdim edildi<\/p>\n<p style=\"text-align: justify;\">Etkinli\u011fin anlam ve \u00f6nemine de\u011finen konu\u015fmalar\u0131n sonras\u0131nda Y\u00fcksek Divan Kurulu Ba\u015fkan\u0131m\u0131z Vefa K\u00fc\u00e7\u00fck ile Ba\u015fkan\u0131m\u0131z Ali Ko\u00e7 taraf\u0131ndan Fenerbah\u00e7e\u2019nin \u015eampiyon K\u0131zlar\u0131 olan eski sporcular\u0131m\u0131za te\u015fekk\u00fcr plaketleri ve o d\u00f6nem giydikleri forma numaralar\u0131 ile isimlerini ta\u015f\u0131yan formalar\u0131 takdim edildi. Plaket takdiminin sonras\u0131nda ise t\u00fcm kat\u0131l\u0131mc\u0131lar\u0131n bir arada oldu\u011fu foto\u011fraf \u00e7ekimi ger\u00e7ekle\u015ftirildi.<\/p>\n<p style=\"text-align: justify;\"><strong>Ba\u015fkan\u0131m\u0131z Ali Ko\u00e7: Fenerbah\u00e7e\u2019de kad\u0131n\u0131n yeri hi\u00e7 de\u011fi\u015fmedi<\/strong><\/p>\n<p style=\"text-align: justify;\">Toplu foto\u011fraf \u00e7ekiminin ard\u0131ndan k\u00fcrs\u00fcye \u00e7\u0131kan Ba\u015fkan\u0131m\u0131z Ali Ko\u00e7, \u201cBu g\u00fczel ve tarihi g\u00fcne tan\u0131kl\u0131k etmek i\u00e7in buraday\u0131m. Duygusal ve g\u00fczel bir g\u00fcn.\u00a0 \u201860 sene sonra bizi hat\u0131rlad\u0131n\u0131z\u2019 dediniz.\u00a0 \u0130n\u015fallah bundan sonra hep hat\u0131rlar\u0131z. Ayten han\u0131m, \u2018Fenerbah\u00e7eli olmak iyi insan olmak, d\u00fczg\u00fcn insan olmak, topluma faydal\u0131 olmak, \u00fclkeye katk\u0131 sa\u011flamak\u2019 dedi.\u00a0 Bizde aynen bunlar\u0131 yapmaya \u00e7al\u0131\u015f\u0131yoruz. Sizler kendi d\u00f6nemizde devri yapt\u0131n\u0131z. D\u00fcnya \u00e7ok de\u011fi\u015fti, hayat de\u011fi\u015fti, \u00e7ok \u015fey de\u011fi\u015fti ama Fenerbah\u00e7e hi\u00e7 de\u011fi\u015fmedi. Fenerbah\u00e7e\u2019de kad\u0131n\u0131n yeri ise hi\u00e7 de\u011fi\u015fmedi. Bu b\u00f6lge hem Osmanl\u0131 hem de Cumhuriyet zaman\u0131nda \u00e7a\u011fda\u015fla\u015fman\u0131n, modernle\u015fmenin, ileri d\u00fc\u015f\u00fcncenin, ayd\u0131nl\u0131\u011f\u0131n hep kalesi olmu\u015f, bug\u00fcn de o \u015fekilde olmaya devam ediyor. Bunun da en b\u00fcy\u00fck liderli\u011fini, bayraktarl\u0131\u011f\u0131n\u0131 Fenerbah\u00e7e Spor Kul\u00fcb\u00fc yapm\u0131\u015f, yapmaya da devam ediyor. Sizler bize b\u00fcy\u00fck \u00f6rnek oldunuz. Gen\u00e7ler siz de do\u011fru mesajlar\u0131 alm\u0131\u015fs\u0131n\u0131zd\u0131r. Bu formay\u0131 giymek herkese nasip olmaz. Belki \u00e7ocuklum hayalim ger\u00e7ekle\u015fti ama formay\u0131 giymedim. Dolay\u0131s\u0131yla sizin kadar k\u0131ymetini bilmesek de, sizin kadar \u015fansl\u0131 olmasak da, bizlerde elimizden gelen hizmeti vermeye \u00e7al\u0131\u015f\u0131yoruz. Buraya gelen herkese \u00e7ok te\u015fekk\u00fcr ederiz.\u00a0 Kad\u0131nlar G\u00fcn\u00fcn\u00fcz kutlu olsun.\u201d dedi.<\/p>\n<p style=\"text-align: justify;\">Etkinli\u011fin son b\u00f6l\u00fcm\u00fcnde Kad\u0131n Voleybol ve Kad\u0131n Basketbol tak\u0131mlar\u0131m\u0131z\u0131n oyuncular\u0131n\u0131n eski sporcular\u0131m\u0131za mesajlar\u0131n\u0131n yer ald\u0131\u011f\u0131 s\u00fcrpriz 8 Mart kutlama videosu g\u00f6sterimi yap\u0131ld\u0131. &#8220;Tarihe \u0130z B\u0131rakan Fenerbah\u00e7e Kad\u0131nlar\u0131\u201d organizasyonu, birlikte yenilen yeme\u011fin sonras\u0131nda tamamland\u0131.<\/p>\n<p style=\"text-align: justify;\"><strong>Plaket takdim edilen 10 kad\u0131n sporcumuzun isimleri:<\/strong><\/p>\n<p style=\"text-align: justify;\"><strong>Hatice Mahiru Akda\u011f:<\/strong> (Voleybol \/ Basketbol) &#8211; Kariyer: 1955 \/ 1961 &#8211; Forma Numaras\u0131: 10 &#8211; Do\u011fum Tarihi: 1936<\/p>\n<p style=\"text-align: justify;\"><strong>Nazmiye Kor:<\/strong> (Voleybol) &#8211; Kariyer: 1954 \/ 1961 &#8211; Forma Numaras\u0131: 3 &#8211; Do\u011fum Tarihi: 1935<\/p>\n<p style=\"text-align: justify;\"><strong>Ayla Keskin:<\/strong> (Voleybol \/ Basketbol) &#8211; Kariyer: 1954 \/ 1955 &#8211; Do\u011fum Tarihi: 1938<\/p>\n<p style=\"text-align: justify;\"><strong>Ayten Salih Berkalp:<\/strong> (Voleybol \/ Basketbol \/ Atletizm \/ K\u00fcrek) &#8211; Kariyer: 1954 &#8211; 1960 &#8211; Forma Numaras\u0131: 8 &#8211; Do\u011fum Tarihi: 1933<\/p>\n<p style=\"text-align: justify;\"><strong>Bercis T\u00fcrko\u011flu:<\/strong>\u00a0 (Voleybol) &#8211;\u00a0 Kariyer: 1954 \/ 1957<\/p>\n<p style=\"text-align: justify;\"><strong>Deniz G\u00fcrf\u0131rat:<\/strong> (Voleybol \/ Basketbol) &#8211; Kariyer: 1954 \/ 1956 &#8211; Forma Numaras\u0131: 13<\/p>\n<p style=\"text-align: justify;\"><strong>Eser Berktan:<\/strong> (Voleybol \/ Basketbol) &#8211; Kariyer: 1956 \/ 1961 &#8211; Forma Numaras\u0131: 9<\/p>\n<p style=\"text-align: justify;\"><strong>G\u00fcne\u015f \u00c7apa:<\/strong> (Voleybol \/ Basketbol) &#8211; Kariyer: 1954 \/ 1965 &#8211; Forma Numaras\u0131: 5 &#8211; Do\u011fum Tarihi: 1936<\/p>\n<p style=\"text-align: justify;\"><strong>\u0130nci \u00d6nen:<\/strong> (Voleybol \/ Basketbol \/ K\u00fcrek \/ Atletizm) &#8211; Kariyer: 1954 \/ 1959 &#8211; Forma Numaras\u0131: 12 &#8211; Do\u011fum Tarihi: 1936<\/p>\n<p style=\"text-align: justify;\"><strong>Seta Ya\u011fc\u0131o\u011flu:\u00a0<\/strong> (Voleybol \/ Basketbol \/ K\u00fcrek \/ Atletizm) &#8211; Kariyer: 1954 \/ 1961 &#8211; Forma Numaras\u0131: 6 &#8211; Do\u011fum Tarihi: 1937<\/p>\n\n\t\t<style type=\"text\/css\">\n\t\t\t#gallery-1 {\n\t\t\t\tmargin: auto;\n\t\t\t}\n\t\t\t#gallery-1 .gallery-item {\n\t\t\t\tfloat: left;\n\t\t\t\tmargin-top: 10px;\n\t\t\t\ttext-align: center;\n\t\t\t\twidth: 20%;\n\t\t\t}\n\t\t\t#gallery-1 img {\n\t\t\t\tborder: 2px solid #cfcfcf;\n\t\t\t}\n\t\t\t#gallery-1 .gallery-caption {\n\t\t\t\tmargin-left: 0;\n\t\t\t}\n\t\t\t\/* see gallery_shortcode() in wp-includes\/media.php *\/\n\t\t<\/style>\n\t\t<div data-carousel-extra='{&quot;blog_id&quot;:1,&quot;permalink&quot;:&quot;https:\/\/sarimelekler.biz\/?p=10409&quot;}' id='gallery-1' class='gallery galleryid-10409 gallery-columns-5 gallery-size-thumbnail'><dl class='gallery-item'>\n\t\t\t<dt class='gallery-icon landscape'>\n\t\t\t\t<a href='https:\/\/sarimelekler.biz\/?attachment_id=10411'><img loading=\"lazy\" decoding=\"async\" width=\"150\" height=\"150\" src=\"https:\/\/sarimelekler.biz\/wp-content\/uploads\/2019\/03\/8-Mart-1-150x150.jpg\" class=\"attachment-thumbnail size-thumbnail\" alt=\"\" data-attachment-id=\"10411\" data-permalink=\"https:\/\/sarimelekler.biz\/?attachment_id=10411\" data-orig-file=\"https:\/\/sarimelekler.biz\/wp-content\/uploads\/2019\/03\/8-Mart-1.jpg\" data-orig-size=\"3000,1779\" data-comments-opened=\"0\" data-image-meta=\"{&quot;aperture&quot;:&quot;2.8&quot;,&quot;credit&quot;:&quot;&quot;,&quot;camera&quot;:&quot;Canon EOS-1D X Mark II&quot;,&quot;caption&quot;:&quot;&quot;,&quot;created_timestamp&quot;:&quot;1552058174&quot;,&quot;copyright&quot;:&quot;fenerbahce dergisi\/org&quot;,&quot;focal_length&quot;:&quot;105&quot;,&quot;iso&quot;:&quot;4000&quot;,&quot;shutter_speed&quot;:&quot;0.003125&quot;,&quot;title&quot;:&quot;&quot;,&quot;orientation&quot;:&quot;1&quot;}\" data-image-title=\"8 Mart (1)\" data-image-description=\"\" data-image-caption=\"\" data-large-file=\"https:\/\/sarimelekler.biz\/wp-content\/uploads\/2019\/03\/8-Mart-1-1024x607.jpg\" \/><\/a>\n\t\t\t<\/dt><\/dl><dl class='gallery-item'>\n\t\t\t<dt class='gallery-icon landscape'>\n\t\t\t\t<a href='https:\/\/sarimelekler.biz\/?attachment_id=10412'><img loading=\"lazy\" decoding=\"async\" width=\"150\" height=\"150\" src=\"https:\/\/sarimelekler.biz\/wp-content\/uploads\/2019\/03\/8-Mart-2-150x150.jpg\" class=\"attachment-thumbnail size-thumbnail\" alt=\"\" data-attachment-id=\"10412\" data-permalink=\"https:\/\/sarimelekler.biz\/?attachment_id=10412\" data-orig-file=\"https:\/\/sarimelekler.biz\/wp-content\/uploads\/2019\/03\/8-Mart-2.jpg\" data-orig-size=\"3000,2065\" data-comments-opened=\"0\" data-image-meta=\"{&quot;aperture&quot;:&quot;2.8&quot;,&quot;credit&quot;:&quot;&quot;,&quot;camera&quot;:&quot;Canon EOS-1D X Mark II&quot;,&quot;caption&quot;:&quot;&quot;,&quot;created_timestamp&quot;:&quot;1552058199&quot;,&quot;copyright&quot;:&quot;fenerbahce dergisi\/org&quot;,&quot;focal_length&quot;:&quot;100&quot;,&quot;iso&quot;:&quot;6400&quot;,&quot;shutter_speed&quot;:&quot;0.0015625&quot;,&quot;title&quot;:&quot;&quot;,&quot;orientation&quot;:&quot;1&quot;}\" data-image-title=\"8 Mart (2)\" data-image-description=\"\" data-image-caption=\"\" data-large-file=\"https:\/\/sarimelekler.biz\/wp-content\/uploads\/2019\/03\/8-Mart-2-1024x705.jpg\" \/><\/a>\n\t\t\t<\/dt><\/dl><dl class='gallery-item'>\n\t\t\t<dt class='gallery-icon landscape'>\n\t\t\t\t<a href='https:\/\/sarimelekler.biz\/?attachment_id=10413'><img loading=\"lazy\" decoding=\"async\" width=\"150\" height=\"150\" src=\"https:\/\/sarimelekler.biz\/wp-content\/uploads\/2019\/03\/8-Mart-3-150x150.jpg\" class=\"attachment-thumbnail size-thumbnail\" alt=\"\" data-attachment-id=\"10413\" data-permalink=\"https:\/\/sarimelekler.biz\/?attachment_id=10413\" data-orig-file=\"https:\/\/sarimelekler.biz\/wp-content\/uploads\/2019\/03\/8-Mart-3.jpg\" data-orig-size=\"3000,1990\" data-comments-opened=\"0\" data-image-meta=\"{&quot;aperture&quot;:&quot;2.8&quot;,&quot;credit&quot;:&quot;&quot;,&quot;camera&quot;:&quot;Canon EOS-1D X Mark II&quot;,&quot;caption&quot;:&quot;&quot;,&quot;created_timestamp&quot;:&quot;1552054163&quot;,&quot;copyright&quot;:&quot;fenerbahce dergisi\/org&quot;,&quot;focal_length&quot;:&quot;200&quot;,&quot;iso&quot;:&quot;4000&quot;,&quot;shutter_speed&quot;:&quot;0.0025&quot;,&quot;title&quot;:&quot;&quot;,&quot;orientation&quot;:&quot;1&quot;}\" data-image-title=\"8 Mart (3)\" data-image-description=\"\" data-image-caption=\"\" data-large-file=\"https:\/\/sarimelekler.biz\/wp-content\/uploads\/2019\/03\/8-Mart-3-1024x679.jpg\" \/><\/a>\n\t\t\t<\/dt><\/dl><dl class='gallery-item'>\n\t\t\t<dt class='gallery-icon landscape'>\n\t\t\t\t<a href='https:\/\/sarimelekler.biz\/?attachment_id=10414'><img loading=\"lazy\" decoding=\"async\" width=\"150\" height=\"150\" src=\"https:\/\/sarimelekler.biz\/wp-content\/uploads\/2019\/03\/8-Mart-4-150x150.jpg\" class=\"attachment-thumbnail size-thumbnail\" alt=\"\" data-attachment-id=\"10414\" data-permalink=\"https:\/\/sarimelekler.biz\/?attachment_id=10414\" data-orig-file=\"https:\/\/sarimelekler.biz\/wp-content\/uploads\/2019\/03\/8-Mart-4.jpg\" data-orig-size=\"3000,2000\" data-comments-opened=\"0\" data-image-meta=\"{&quot;aperture&quot;:&quot;2.8&quot;,&quot;credit&quot;:&quot;&quot;,&quot;camera&quot;:&quot;Canon EOS-1D X Mark II&quot;,&quot;caption&quot;:&quot;&quot;,&quot;created_timestamp&quot;:&quot;1552055875&quot;,&quot;copyright&quot;:&quot;fenerbahce dergisi\/org&quot;,&quot;focal_length&quot;:&quot;160&quot;,&quot;iso&quot;:&quot;5000&quot;,&quot;shutter_speed&quot;:&quot;0.003125&quot;,&quot;title&quot;:&quot;&quot;,&quot;orientation&quot;:&quot;1&quot;}\" data-image-title=\"8 Mart (4)\" data-image-description=\"\" data-image-caption=\"\" data-large-file=\"https:\/\/sarimelekler.biz\/wp-content\/uploads\/2019\/03\/8-Mart-4-1024x683.jpg\" \/><\/a>\n\t\t\t<\/dt><\/dl><dl class='gallery-item'>\n\t\t\t<dt class='gallery-icon landscape'>\n\t\t\t\t<a href='https:\/\/sarimelekler.biz\/?attachment_id=10415'><img loading=\"lazy\" decoding=\"async\" width=\"150\" height=\"150\" src=\"https:\/\/sarimelekler.biz\/wp-content\/uploads\/2019\/03\/8-Mart-5-150x150.jpg\" class=\"attachment-thumbnail size-thumbnail\" alt=\"\" data-attachment-id=\"10415\" data-permalink=\"https:\/\/sarimelekler.biz\/?attachment_id=10415\" data-orig-file=\"https:\/\/sarimelekler.biz\/wp-content\/uploads\/2019\/03\/8-Mart-5.jpg\" data-orig-size=\"3000,2080\" data-comments-opened=\"0\" data-image-meta=\"{&quot;aperture&quot;:&quot;2.8&quot;,&quot;credit&quot;:&quot;&quot;,&quot;camera&quot;:&quot;Canon EOS-1D X Mark II&quot;,&quot;caption&quot;:&quot;&quot;,&quot;created_timestamp&quot;:&quot;1552055909&quot;,&quot;copyright&quot;:&quot;fenerbahce dergisi\/org&quot;,&quot;focal_length&quot;:&quot;155&quot;,&quot;iso&quot;:&quot;6400&quot;,&quot;shutter_speed&quot;:&quot;0.0025&quot;,&quot;title&quot;:&quot;&quot;,&quot;orientation&quot;:&quot;1&quot;}\" data-image-title=\"8 Mart (5)\" data-image-description=\"\" data-image-caption=\"\" data-large-file=\"https:\/\/sarimelekler.biz\/wp-content\/uploads\/2019\/03\/8-Mart-5-1024x710.jpg\" \/><\/a>\n\t\t\t<\/dt><\/dl><br style=\"clear: both\" \/><dl class='gallery-item'>\n\t\t\t<dt class='gallery-icon landscape'>\n\t\t\t\t<a href='https:\/\/sarimelekler.biz\/?attachment_id=10416'><img loading=\"lazy\" decoding=\"async\" width=\"150\" height=\"150\" src=\"https:\/\/sarimelekler.biz\/wp-content\/uploads\/2019\/03\/8-Mart-6-150x150.jpg\" class=\"attachment-thumbnail size-thumbnail\" alt=\"\" data-attachment-id=\"10416\" data-permalink=\"https:\/\/sarimelekler.biz\/?attachment_id=10416\" data-orig-file=\"https:\/\/sarimelekler.biz\/wp-content\/uploads\/2019\/03\/8-Mart-6.jpg\" data-orig-size=\"3000,2110\" data-comments-opened=\"0\" data-image-meta=\"{&quot;aperture&quot;:&quot;2.8&quot;,&quot;credit&quot;:&quot;&quot;,&quot;camera&quot;:&quot;Canon EOS-1D X Mark II&quot;,&quot;caption&quot;:&quot;&quot;,&quot;created_timestamp&quot;:&quot;1552056823&quot;,&quot;copyright&quot;:&quot;fenerbahce dergisi\/org&quot;,&quot;focal_length&quot;:&quot;165&quot;,&quot;iso&quot;:&quot;5000&quot;,&quot;shutter_speed&quot;:&quot;0.0025&quot;,&quot;title&quot;:&quot;&quot;,&quot;orientation&quot;:&quot;1&quot;}\" data-image-title=\"8 Mart (6)\" data-image-description=\"\" data-image-caption=\"\" data-large-file=\"https:\/\/sarimelekler.biz\/wp-content\/uploads\/2019\/03\/8-Mart-6-1024x720.jpg\" \/><\/a>\n\t\t\t<\/dt><\/dl><dl class='gallery-item'>\n\t\t\t<dt class='gallery-icon landscape'>\n\t\t\t\t<a href='https:\/\/sarimelekler.biz\/?attachment_id=10417'><img loading=\"lazy\" decoding=\"async\" width=\"150\" height=\"150\" src=\"https:\/\/sarimelekler.biz\/wp-content\/uploads\/2019\/03\/8-Mart-7-150x150.jpg\" class=\"attachment-thumbnail size-thumbnail\" alt=\"\" data-attachment-id=\"10417\" data-permalink=\"https:\/\/sarimelekler.biz\/?attachment_id=10417\" data-orig-file=\"https:\/\/sarimelekler.biz\/wp-content\/uploads\/2019\/03\/8-Mart-7.jpg\" data-orig-size=\"3000,2099\" data-comments-opened=\"0\" data-image-meta=\"{&quot;aperture&quot;:&quot;2.8&quot;,&quot;credit&quot;:&quot;&quot;,&quot;camera&quot;:&quot;Canon EOS-1D X Mark II&quot;,&quot;caption&quot;:&quot;&quot;,&quot;created_timestamp&quot;:&quot;1552057172&quot;,&quot;copyright&quot;:&quot;fenerbahce dergisi\/org&quot;,&quot;focal_length&quot;:&quot;35&quot;,&quot;iso&quot;:&quot;1250&quot;,&quot;shutter_speed&quot;:&quot;0.004&quot;,&quot;title&quot;:&quot;&quot;,&quot;orientation&quot;:&quot;1&quot;}\" data-image-title=\"8 Mart (7)\" data-image-description=\"\" data-image-caption=\"\" data-large-file=\"https:\/\/sarimelekler.biz\/wp-content\/uploads\/2019\/03\/8-Mart-7-1024x716.jpg\" \/><\/a>\n\t\t\t<\/dt><\/dl><dl class='gallery-item'>\n\t\t\t<dt class='gallery-icon landscape'>\n\t\t\t\t<a href='https:\/\/sarimelekler.biz\/?attachment_id=10418'><img loading=\"lazy\" decoding=\"async\" width=\"150\" height=\"150\" src=\"https:\/\/sarimelekler.biz\/wp-content\/uploads\/2019\/03\/8-Mart-8-150x150.jpg\" class=\"attachment-thumbnail size-thumbnail\" alt=\"\" data-attachment-id=\"10418\" data-permalink=\"https:\/\/sarimelekler.biz\/?attachment_id=10418\" data-orig-file=\"https:\/\/sarimelekler.biz\/wp-content\/uploads\/2019\/03\/8-Mart-8.jpg\" data-orig-size=\"3000,2241\" data-comments-opened=\"0\" data-image-meta=\"{&quot;aperture&quot;:&quot;2.8&quot;,&quot;credit&quot;:&quot;&quot;,&quot;camera&quot;:&quot;Canon EOS-1D X Mark II&quot;,&quot;caption&quot;:&quot;&quot;,&quot;created_timestamp&quot;:&quot;1552057208&quot;,&quot;copyright&quot;:&quot;fenerbahce dergisi\/org&quot;,&quot;focal_length&quot;:&quot;25&quot;,&quot;iso&quot;:&quot;1250&quot;,&quot;shutter_speed&quot;:&quot;0.004&quot;,&quot;title&quot;:&quot;&quot;,&quot;orientation&quot;:&quot;1&quot;}\" data-image-title=\"8 Mart (8)\" data-image-description=\"\" data-image-caption=\"\" data-large-file=\"https:\/\/sarimelekler.biz\/wp-content\/uploads\/2019\/03\/8-Mart-8-1024x765.jpg\" \/><\/a>\n\t\t\t<\/dt><\/dl><dl class='gallery-item'>\n\t\t\t<dt class='gallery-icon portrait'>\n\t\t\t\t<a href='https:\/\/sarimelekler.biz\/?attachment_id=10419'><img loading=\"lazy\" decoding=\"async\" width=\"150\" height=\"150\" src=\"https:\/\/sarimelekler.biz\/wp-content\/uploads\/2019\/03\/8-Mart-9-150x150.jpg\" class=\"attachment-thumbnail size-thumbnail\" alt=\"\" data-attachment-id=\"10419\" data-permalink=\"https:\/\/sarimelekler.biz\/?attachment_id=10419\" data-orig-file=\"https:\/\/sarimelekler.biz\/wp-content\/uploads\/2019\/03\/8-Mart-9.jpg\" data-orig-size=\"3000,3478\" data-comments-opened=\"0\" data-image-meta=\"{&quot;aperture&quot;:&quot;2.8&quot;,&quot;credit&quot;:&quot;&quot;,&quot;camera&quot;:&quot;Canon EOS-1D X Mark II&quot;,&quot;caption&quot;:&quot;&quot;,&quot;created_timestamp&quot;:&quot;1552057237&quot;,&quot;copyright&quot;:&quot;fenerbahce dergisi\/org&quot;,&quot;focal_length&quot;:&quot;25&quot;,&quot;iso&quot;:&quot;1250&quot;,&quot;shutter_speed&quot;:&quot;0.004&quot;,&quot;title&quot;:&quot;&quot;,&quot;orientation&quot;:&quot;1&quot;}\" data-image-title=\"8 Mart (9)\" data-image-description=\"\" data-image-caption=\"\" data-large-file=\"https:\/\/sarimelekler.biz\/wp-content\/uploads\/2019\/03\/8-Mart-9-883x1024.jpg\" \/><\/a>\n\t\t\t<\/dt><\/dl><dl class='gallery-item'>\n\t\t\t<dt class='gallery-icon landscape'>\n\t\t\t\t<a href='https:\/\/sarimelekler.biz\/?attachment_id=10420'><img loading=\"lazy\" decoding=\"async\" width=\"150\" height=\"150\" src=\"https:\/\/sarimelekler.biz\/wp-content\/uploads\/2019\/03\/8-Mart-10-150x150.jpg\" class=\"attachment-thumbnail size-thumbnail\" alt=\"\" data-attachment-id=\"10420\" data-permalink=\"https:\/\/sarimelekler.biz\/?attachment_id=10420\" data-orig-file=\"https:\/\/sarimelekler.biz\/wp-content\/uploads\/2019\/03\/8-Mart-10.jpg\" data-orig-size=\"3000,2602\" data-comments-opened=\"0\" data-image-meta=\"{&quot;aperture&quot;:&quot;2.8&quot;,&quot;credit&quot;:&quot;&quot;,&quot;camera&quot;:&quot;Canon EOS-1D X Mark II&quot;,&quot;caption&quot;:&quot;&quot;,&quot;created_timestamp&quot;:&quot;1552057249&quot;,&quot;copyright&quot;:&quot;fenerbahce dergisi\/org&quot;,&quot;focal_length&quot;:&quot;23&quot;,&quot;iso&quot;:&quot;1250&quot;,&quot;shutter_speed&quot;:&quot;0.004&quot;,&quot;title&quot;:&quot;&quot;,&quot;orientation&quot;:&quot;1&quot;}\" data-image-title=\"8 Mart (10)\" data-image-description=\"\" data-image-caption=\"\" data-large-file=\"https:\/\/sarimelekler.biz\/wp-content\/uploads\/2019\/03\/8-Mart-10-1024x888.jpg\" \/><\/a>\n\t\t\t<\/dt><\/dl><br style=\"clear: both\" \/><dl class='gallery-item'>\n\t\t\t<dt class='gallery-icon landscape'>\n\t\t\t\t<a href='https:\/\/sarimelekler.biz\/?attachment_id=10421'><img loading=\"lazy\" decoding=\"async\" width=\"150\" height=\"150\" src=\"https:\/\/sarimelekler.biz\/wp-content\/uploads\/2019\/03\/8-Mart-11-150x150.jpg\" class=\"attachment-thumbnail size-thumbnail\" alt=\"\" data-attachment-id=\"10421\" data-permalink=\"https:\/\/sarimelekler.biz\/?attachment_id=10421\" data-orig-file=\"https:\/\/sarimelekler.biz\/wp-content\/uploads\/2019\/03\/8-Mart-11.jpg\" data-orig-size=\"3000,2065\" data-comments-opened=\"0\" data-image-meta=\"{&quot;aperture&quot;:&quot;2.8&quot;,&quot;credit&quot;:&quot;&quot;,&quot;camera&quot;:&quot;Canon EOS-1D X Mark II&quot;,&quot;caption&quot;:&quot;&quot;,&quot;created_timestamp&quot;:&quot;1552057251&quot;,&quot;copyright&quot;:&quot;fenerbahce dergisi\/org&quot;,&quot;focal_length&quot;:&quot;35&quot;,&quot;iso&quot;:&quot;1250&quot;,&quot;shutter_speed&quot;:&quot;0.004&quot;,&quot;title&quot;:&quot;&quot;,&quot;orientation&quot;:&quot;1&quot;}\" data-image-title=\"8 Mart (11)\" data-image-description=\"\" data-image-caption=\"\" data-large-file=\"https:\/\/sarimelekler.biz\/wp-content\/uploads\/2019\/03\/8-Mart-11-1024x705.jpg\" \/><\/a>\n\t\t\t<\/dt><\/dl><dl class='gallery-item'>\n\t\t\t<dt class='gallery-icon landscape'>\n\t\t\t\t<a href='https:\/\/sarimelekler.biz\/?attachment_id=10422'><img loading=\"lazy\" decoding=\"async\" width=\"150\" height=\"150\" src=\"https:\/\/sarimelekler.biz\/wp-content\/uploads\/2019\/03\/8-Mart-12-150x150.jpg\" class=\"attachment-thumbnail size-thumbnail\" alt=\"\" data-attachment-id=\"10422\" data-permalink=\"https:\/\/sarimelekler.biz\/?attachment_id=10422\" data-orig-file=\"https:\/\/sarimelekler.biz\/wp-content\/uploads\/2019\/03\/8-Mart-12.jpg\" data-orig-size=\"3000,2200\" data-comments-opened=\"0\" data-image-meta=\"{&quot;aperture&quot;:&quot;2.8&quot;,&quot;credit&quot;:&quot;&quot;,&quot;camera&quot;:&quot;Canon EOS-1D X Mark II&quot;,&quot;caption&quot;:&quot;&quot;,&quot;created_timestamp&quot;:&quot;1552057305&quot;,&quot;copyright&quot;:&quot;fenerbahce dergisi\/org&quot;,&quot;focal_length&quot;:&quot;31&quot;,&quot;iso&quot;:&quot;1250&quot;,&quot;shutter_speed&quot;:&quot;0.004&quot;,&quot;title&quot;:&quot;&quot;,&quot;orientation&quot;:&quot;1&quot;}\" data-image-title=\"8 Mart (12)\" data-image-description=\"\" data-image-caption=\"\" data-large-file=\"https:\/\/sarimelekler.biz\/wp-content\/uploads\/2019\/03\/8-Mart-12-1024x751.jpg\" \/><\/a>\n\t\t\t<\/dt><\/dl><dl class='gallery-item'>\n\t\t\t<dt class='gallery-icon landscape'>\n\t\t\t\t<a href='https:\/\/sarimelekler.biz\/?attachment_id=10423'><img loading=\"lazy\" decoding=\"async\" width=\"150\" height=\"150\" src=\"https:\/\/sarimelekler.biz\/wp-content\/uploads\/2019\/03\/8-Mart-13-150x150.jpg\" class=\"attachment-thumbnail size-thumbnail\" alt=\"\" data-attachment-id=\"10423\" data-permalink=\"https:\/\/sarimelekler.biz\/?attachment_id=10423\" data-orig-file=\"https:\/\/sarimelekler.biz\/wp-content\/uploads\/2019\/03\/8-Mart-13.jpg\" data-orig-size=\"3000,2190\" data-comments-opened=\"0\" data-image-meta=\"{&quot;aperture&quot;:&quot;2.8&quot;,&quot;credit&quot;:&quot;&quot;,&quot;camera&quot;:&quot;Canon EOS-1D X Mark II&quot;,&quot;caption&quot;:&quot;&quot;,&quot;created_timestamp&quot;:&quot;1552057345&quot;,&quot;copyright&quot;:&quot;fenerbahce dergisi\/org&quot;,&quot;focal_length&quot;:&quot;35&quot;,&quot;iso&quot;:&quot;1250&quot;,&quot;shutter_speed&quot;:&quot;0.004&quot;,&quot;title&quot;:&quot;&quot;,&quot;orientation&quot;:&quot;1&quot;}\" data-image-title=\"8 Mart (13)\" data-image-description=\"\" data-image-caption=\"\" data-large-file=\"https:\/\/sarimelekler.biz\/wp-content\/uploads\/2019\/03\/8-Mart-13-1024x748.jpg\" \/><\/a>\n\t\t\t<\/dt><\/dl><dl class='gallery-item'>\n\t\t\t<dt class='gallery-icon landscape'>\n\t\t\t\t<a href='https:\/\/sarimelekler.biz\/?attachment_id=10424'><img loading=\"lazy\" decoding=\"async\" width=\"150\" height=\"150\" src=\"https:\/\/sarimelekler.biz\/wp-content\/uploads\/2019\/03\/8-Mart-14-150x150.jpg\" class=\"attachment-thumbnail size-thumbnail\" alt=\"\" data-attachment-id=\"10424\" data-permalink=\"https:\/\/sarimelekler.biz\/?attachment_id=10424\" data-orig-file=\"https:\/\/sarimelekler.biz\/wp-content\/uploads\/2019\/03\/8-Mart-14.jpg\" data-orig-size=\"3000,2661\" data-comments-opened=\"0\" data-image-meta=\"{&quot;aperture&quot;:&quot;2.8&quot;,&quot;credit&quot;:&quot;&quot;,&quot;camera&quot;:&quot;Canon EOS-1D X Mark II&quot;,&quot;caption&quot;:&quot;&quot;,&quot;created_timestamp&quot;:&quot;1552057398&quot;,&quot;copyright&quot;:&quot;fenerbahce dergisi\/org&quot;,&quot;focal_length&quot;:&quot;35&quot;,&quot;iso&quot;:&quot;1250&quot;,&quot;shutter_speed&quot;:&quot;0.004&quot;,&quot;title&quot;:&quot;&quot;,&quot;orientation&quot;:&quot;1&quot;}\" data-image-title=\"8 Mart (14)\" data-image-description=\"\" data-image-caption=\"\" data-large-file=\"https:\/\/sarimelekler.biz\/wp-content\/uploads\/2019\/03\/8-Mart-14-1024x908.jpg\" \/><\/a>\n\t\t\t<\/dt><\/dl><dl class='gallery-item'>\n\t\t\t<dt class='gallery-icon landscape'>\n\t\t\t\t<a href='https:\/\/sarimelekler.biz\/?attachment_id=10425'><img loading=\"lazy\" decoding=\"async\" width=\"150\" height=\"150\" src=\"https:\/\/sarimelekler.biz\/wp-content\/uploads\/2019\/03\/8-Mart-15-150x150.jpg\" class=\"attachment-thumbnail size-thumbnail\" alt=\"\" data-attachment-id=\"10425\" data-permalink=\"https:\/\/sarimelekler.biz\/?attachment_id=10425\" data-orig-file=\"https:\/\/sarimelekler.biz\/wp-content\/uploads\/2019\/03\/8-Mart-15.jpg\" data-orig-size=\"3000,2619\" data-comments-opened=\"0\" data-image-meta=\"{&quot;aperture&quot;:&quot;2.8&quot;,&quot;credit&quot;:&quot;&quot;,&quot;camera&quot;:&quot;Canon EOS-1D X Mark II&quot;,&quot;caption&quot;:&quot;&quot;,&quot;created_timestamp&quot;:&quot;1552057470&quot;,&quot;copyright&quot;:&quot;fenerbahce dergisi\/org&quot;,&quot;focal_length&quot;:&quot;25&quot;,&quot;iso&quot;:&quot;1250&quot;,&quot;shutter_speed&quot;:&quot;0.004&quot;,&quot;title&quot;:&quot;&quot;,&quot;orientation&quot;:&quot;1&quot;}\" data-image-title=\"8 Mart (15)\" data-image-description=\"\" data-image-caption=\"\" data-large-file=\"https:\/\/sarimelekler.biz\/wp-content\/uploads\/2019\/03\/8-Mart-15-1024x894.jpg\" \/><\/a>\n\t\t\t<\/dt><\/dl><br style=\"clear: both\" \/><dl class='gallery-item'>\n\t\t\t<dt class='gallery-icon landscape'>\n\t\t\t\t<a href='https:\/\/sarimelekler.biz\/?attachment_id=10426'><img loading=\"lazy\" decoding=\"async\" width=\"150\" height=\"150\" src=\"https:\/\/sarimelekler.biz\/wp-content\/uploads\/2019\/03\/8-Mart-16-150x150.jpg\" class=\"attachment-thumbnail size-thumbnail\" alt=\"\" data-attachment-id=\"10426\" data-permalink=\"https:\/\/sarimelekler.biz\/?attachment_id=10426\" data-orig-file=\"https:\/\/sarimelekler.biz\/wp-content\/uploads\/2019\/03\/8-Mart-16.jpg\" data-orig-size=\"3000,2507\" data-comments-opened=\"0\" data-image-meta=\"{&quot;aperture&quot;:&quot;2.8&quot;,&quot;credit&quot;:&quot;&quot;,&quot;camera&quot;:&quot;Canon EOS-1D X Mark II&quot;,&quot;caption&quot;:&quot;&quot;,&quot;created_timestamp&quot;:&quot;1552057473&quot;,&quot;copyright&quot;:&quot;fenerbahce dergisi\/org&quot;,&quot;focal_length&quot;:&quot;25&quot;,&quot;iso&quot;:&quot;1250&quot;,&quot;shutter_speed&quot;:&quot;0.004&quot;,&quot;title&quot;:&quot;&quot;,&quot;orientation&quot;:&quot;1&quot;}\" data-image-title=\"8 Mart (16)\" data-image-description=\"\" data-image-caption=\"\" data-large-file=\"https:\/\/sarimelekler.biz\/wp-content\/uploads\/2019\/03\/8-Mart-16-1024x856.jpg\" \/><\/a>\n\t\t\t<\/dt><\/dl><dl class='gallery-item'>\n\t\t\t<dt class='gallery-icon landscape'>\n\t\t\t\t<a href='https:\/\/sarimelekler.biz\/?attachment_id=10427'><img loading=\"lazy\" decoding=\"async\" width=\"150\" height=\"150\" src=\"https:\/\/sarimelekler.biz\/wp-content\/uploads\/2019\/03\/8-Mart-17-150x150.jpg\" class=\"attachment-thumbnail size-thumbnail\" alt=\"\" data-attachment-id=\"10427\" data-permalink=\"https:\/\/sarimelekler.biz\/?attachment_id=10427\" data-orig-file=\"https:\/\/sarimelekler.biz\/wp-content\/uploads\/2019\/03\/8-Mart-17.jpg\" data-orig-size=\"3000,2283\" data-comments-opened=\"0\" data-image-meta=\"{&quot;aperture&quot;:&quot;2.8&quot;,&quot;credit&quot;:&quot;&quot;,&quot;camera&quot;:&quot;Canon EOS-1D X Mark II&quot;,&quot;caption&quot;:&quot;&quot;,&quot;created_timestamp&quot;:&quot;1552057501&quot;,&quot;copyright&quot;:&quot;fenerbahce dergisi\/org&quot;,&quot;focal_length&quot;:&quot;33&quot;,&quot;iso&quot;:&quot;1250&quot;,&quot;shutter_speed&quot;:&quot;0.004&quot;,&quot;title&quot;:&quot;&quot;,&quot;orientation&quot;:&quot;1&quot;}\" data-image-title=\"8 Mart (17)\" data-image-description=\"\" data-image-caption=\"\" data-large-file=\"https:\/\/sarimelekler.biz\/wp-content\/uploads\/2019\/03\/8-Mart-17-1024x779.jpg\" \/><\/a>\n\t\t\t<\/dt><\/dl><dl class='gallery-item'>\n\t\t\t<dt class='gallery-icon landscape'>\n\t\t\t\t<a href='https:\/\/sarimelekler.biz\/?attachment_id=10428'><img loading=\"lazy\" decoding=\"async\" width=\"150\" height=\"150\" src=\"https:\/\/sarimelekler.biz\/wp-content\/uploads\/2019\/03\/8-Mart-18-150x150.jpg\" class=\"attachment-thumbnail size-thumbnail\" alt=\"\" data-attachment-id=\"10428\" data-permalink=\"https:\/\/sarimelekler.biz\/?attachment_id=10428\" data-orig-file=\"https:\/\/sarimelekler.biz\/wp-content\/uploads\/2019\/03\/8-Mart-18.jpg\" data-orig-size=\"3000,2628\" data-comments-opened=\"0\" data-image-meta=\"{&quot;aperture&quot;:&quot;2.8&quot;,&quot;credit&quot;:&quot;&quot;,&quot;camera&quot;:&quot;Canon EOS-1D X Mark II&quot;,&quot;caption&quot;:&quot;&quot;,&quot;created_timestamp&quot;:&quot;1552057541&quot;,&quot;copyright&quot;:&quot;fenerbahce dergisi\/org&quot;,&quot;focal_length&quot;:&quot;32&quot;,&quot;iso&quot;:&quot;1250&quot;,&quot;shutter_speed&quot;:&quot;0.004&quot;,&quot;title&quot;:&quot;&quot;,&quot;orientation&quot;:&quot;1&quot;}\" data-image-title=\"8 Mart (18)\" data-image-description=\"\" data-image-caption=\"\" data-large-file=\"https:\/\/sarimelekler.biz\/wp-content\/uploads\/2019\/03\/8-Mart-18-1024x897.jpg\" \/><\/a>\n\t\t\t<\/dt><\/dl><dl class='gallery-item'>\n\t\t\t<dt class='gallery-icon landscape'>\n\t\t\t\t<a href='https:\/\/sarimelekler.biz\/?attachment_id=10429'><img loading=\"lazy\" decoding=\"async\" width=\"150\" height=\"150\" src=\"https:\/\/sarimelekler.biz\/wp-content\/uploads\/2019\/03\/8-Mart-19-150x150.jpg\" class=\"attachment-thumbnail size-thumbnail\" alt=\"\" data-attachment-id=\"10429\" data-permalink=\"https:\/\/sarimelekler.biz\/?attachment_id=10429\" data-orig-file=\"https:\/\/sarimelekler.biz\/wp-content\/uploads\/2019\/03\/8-Mart-19.jpg\" data-orig-size=\"3000,2325\" data-comments-opened=\"0\" data-image-meta=\"{&quot;aperture&quot;:&quot;2.8&quot;,&quot;credit&quot;:&quot;&quot;,&quot;camera&quot;:&quot;Canon EOS-1D X Mark II&quot;,&quot;caption&quot;:&quot;&quot;,&quot;created_timestamp&quot;:&quot;1552057577&quot;,&quot;copyright&quot;:&quot;fenerbahce dergisi\/org&quot;,&quot;focal_length&quot;:&quot;33&quot;,&quot;iso&quot;:&quot;1250&quot;,&quot;shutter_speed&quot;:&quot;0.004&quot;,&quot;title&quot;:&quot;&quot;,&quot;orientation&quot;:&quot;1&quot;}\" data-image-title=\"8 Mart (19)\" data-image-description=\"\" data-image-caption=\"\" data-large-file=\"https:\/\/sarimelekler.biz\/wp-content\/uploads\/2019\/03\/8-Mart-19-1024x794.jpg\" \/><\/a>\n\t\t\t<\/dt><\/dl><dl class='gallery-item'>\n\t\t\t<dt class='gallery-icon landscape'>\n\t\t\t\t<a href='https:\/\/sarimelekler.biz\/?attachment_id=10430'><img loading=\"lazy\" decoding=\"async\" width=\"150\" height=\"150\" src=\"https:\/\/sarimelekler.biz\/wp-content\/uploads\/2019\/03\/8-Mart-20-150x150.jpg\" class=\"attachment-thumbnail size-thumbnail\" alt=\"\" data-attachment-id=\"10430\" data-permalink=\"https:\/\/sarimelekler.biz\/?attachment_id=10430\" data-orig-file=\"https:\/\/sarimelekler.biz\/wp-content\/uploads\/2019\/03\/8-Mart-20.jpg\" data-orig-size=\"3000,1889\" data-comments-opened=\"0\" data-image-meta=\"{&quot;aperture&quot;:&quot;2.8&quot;,&quot;credit&quot;:&quot;&quot;,&quot;camera&quot;:&quot;Canon EOS-1D X Mark II&quot;,&quot;caption&quot;:&quot;&quot;,&quot;created_timestamp&quot;:&quot;1552057693&quot;,&quot;copyright&quot;:&quot;fenerbahce dergisi\/org&quot;,&quot;focal_length&quot;:&quot;16&quot;,&quot;iso&quot;:&quot;1250&quot;,&quot;shutter_speed&quot;:&quot;0.004&quot;,&quot;title&quot;:&quot;&quot;,&quot;orientation&quot;:&quot;1&quot;}\" data-image-title=\"8 Mart (20)\" data-image-description=\"\" data-image-caption=\"\" data-large-file=\"https:\/\/sarimelekler.biz\/wp-content\/uploads\/2019\/03\/8-Mart-20-1024x645.jpg\" \/><\/a>\n\t\t\t<\/dt><\/dl><br style=\"clear: both\" \/><dl class='gallery-item'>\n\t\t\t<dt class='gallery-icon landscape'>\n\t\t\t\t<a href='https:\/\/sarimelekler.biz\/?attachment_id=10431'><img loading=\"lazy\" decoding=\"async\" width=\"150\" height=\"150\" src=\"https:\/\/sarimelekler.biz\/wp-content\/uploads\/2019\/03\/8-Mart-21-150x150.jpg\" class=\"attachment-thumbnail size-thumbnail\" alt=\"\" data-attachment-id=\"10431\" data-permalink=\"https:\/\/sarimelekler.biz\/?attachment_id=10431\" data-orig-file=\"https:\/\/sarimelekler.biz\/wp-content\/uploads\/2019\/03\/8-Mart-21.jpg\" data-orig-size=\"3000,1858\" data-comments-opened=\"0\" data-image-meta=\"{&quot;aperture&quot;:&quot;2.8&quot;,&quot;credit&quot;:&quot;&quot;,&quot;camera&quot;:&quot;Canon EOS-1D X Mark II&quot;,&quot;caption&quot;:&quot;&quot;,&quot;created_timestamp&quot;:&quot;1552057700&quot;,&quot;copyright&quot;:&quot;fenerbahce dergisi\/org&quot;,&quot;focal_length&quot;:&quot;16&quot;,&quot;iso&quot;:&quot;1250&quot;,&quot;shutter_speed&quot;:&quot;0.004&quot;,&quot;title&quot;:&quot;&quot;,&quot;orientation&quot;:&quot;1&quot;}\" data-image-title=\"8 Mart (21)\" data-image-description=\"\" data-image-caption=\"\" data-large-file=\"https:\/\/sarimelekler.biz\/wp-content\/uploads\/2019\/03\/8-Mart-21-1024x634.jpg\" \/><\/a>\n\t\t\t<\/dt><\/dl><dl class='gallery-item'>\n\t\t\t<dt class='gallery-icon landscape'>\n\t\t\t\t<a href='https:\/\/sarimelekler.biz\/?attachment_id=10432'><img loading=\"lazy\" decoding=\"async\" width=\"150\" height=\"150\" src=\"https:\/\/sarimelekler.biz\/wp-content\/uploads\/2019\/03\/8-Mart-22-150x150.jpg\" class=\"attachment-thumbnail size-thumbnail\" alt=\"\" data-attachment-id=\"10432\" data-permalink=\"https:\/\/sarimelekler.biz\/?attachment_id=10432\" data-orig-file=\"https:\/\/sarimelekler.biz\/wp-content\/uploads\/2019\/03\/8-Mart-22.jpg\" data-orig-size=\"3000,2215\" data-comments-opened=\"0\" data-image-meta=\"{&quot;aperture&quot;:&quot;2.8&quot;,&quot;credit&quot;:&quot;&quot;,&quot;camera&quot;:&quot;Canon EOS-1D X Mark II&quot;,&quot;caption&quot;:&quot;&quot;,&quot;created_timestamp&quot;:&quot;1552057808&quot;,&quot;copyright&quot;:&quot;fenerbahce dergisi\/org&quot;,&quot;focal_length&quot;:&quot;28&quot;,&quot;iso&quot;:&quot;1250&quot;,&quot;shutter_speed&quot;:&quot;0.004&quot;,&quot;title&quot;:&quot;&quot;,&quot;orientation&quot;:&quot;1&quot;}\" data-image-title=\"8 Mart (22)\" data-image-description=\"\" data-image-caption=\"\" data-large-file=\"https:\/\/sarimelekler.biz\/wp-content\/uploads\/2019\/03\/8-Mart-22-1024x756.jpg\" \/><\/a>\n\t\t\t<\/dt><\/dl><dl class='gallery-item'>\n\t\t\t<dt class='gallery-icon landscape'>\n\t\t\t\t<a href='https:\/\/sarimelekler.biz\/?attachment_id=10433'><img loading=\"lazy\" decoding=\"async\" width=\"150\" height=\"150\" src=\"https:\/\/sarimelekler.biz\/wp-content\/uploads\/2019\/03\/8-Mart-23-150x150.jpg\" class=\"attachment-thumbnail size-thumbnail\" alt=\"\" data-attachment-id=\"10433\" data-permalink=\"https:\/\/sarimelekler.biz\/?attachment_id=10433\" data-orig-file=\"https:\/\/sarimelekler.biz\/wp-content\/uploads\/2019\/03\/8-Mart-23.jpg\" data-orig-size=\"3000,2419\" data-comments-opened=\"0\" data-image-meta=\"{&quot;aperture&quot;:&quot;2.8&quot;,&quot;credit&quot;:&quot;&quot;,&quot;camera&quot;:&quot;Canon EOS-1D X Mark II&quot;,&quot;caption&quot;:&quot;&quot;,&quot;created_timestamp&quot;:&quot;1552057827&quot;,&quot;copyright&quot;:&quot;fenerbahce dergisi\/org&quot;,&quot;focal_length&quot;:&quot;17&quot;,&quot;iso&quot;:&quot;1250&quot;,&quot;shutter_speed&quot;:&quot;0.004&quot;,&quot;title&quot;:&quot;&quot;,&quot;orientation&quot;:&quot;1&quot;}\" data-image-title=\"8 Mart (23)\" data-image-description=\"\" data-image-caption=\"\" data-large-file=\"https:\/\/sarimelekler.biz\/wp-content\/uploads\/2019\/03\/8-Mart-23-1024x826.jpg\" \/><\/a>\n\t\t\t<\/dt><\/dl><dl class='gallery-item'>\n\t\t\t<dt class='gallery-icon landscape'>\n\t\t\t\t<a href='https:\/\/sarimelekler.biz\/?attachment_id=10434'><img loading=\"lazy\" decoding=\"async\" width=\"150\" height=\"150\" src=\"https:\/\/sarimelekler.biz\/wp-content\/uploads\/2019\/03\/8-Mart-24-150x150.jpg\" class=\"attachment-thumbnail size-thumbnail\" alt=\"\" data-attachment-id=\"10434\" data-permalink=\"https:\/\/sarimelekler.biz\/?attachment_id=10434\" data-orig-file=\"https:\/\/sarimelekler.biz\/wp-content\/uploads\/2019\/03\/8-Mart-24.jpg\" data-orig-size=\"3000,1974\" data-comments-opened=\"0\" data-image-meta=\"{&quot;aperture&quot;:&quot;2.8&quot;,&quot;credit&quot;:&quot;&quot;,&quot;camera&quot;:&quot;Canon EOS-1D X Mark II&quot;,&quot;caption&quot;:&quot;&quot;,&quot;created_timestamp&quot;:&quot;1552057888&quot;,&quot;copyright&quot;:&quot;fenerbahce dergisi\/org&quot;,&quot;focal_length&quot;:&quot;16&quot;,&quot;iso&quot;:&quot;1250&quot;,&quot;shutter_speed&quot;:&quot;0.004&quot;,&quot;title&quot;:&quot;&quot;,&quot;orientation&quot;:&quot;1&quot;}\" data-image-title=\"8 Mart (24)\" data-image-description=\"\" data-image-caption=\"\" data-large-file=\"https:\/\/sarimelekler.biz\/wp-content\/uploads\/2019\/03\/8-Mart-24-1024x674.jpg\" \/><\/a>\n\t\t\t<\/dt><\/dl><dl class='gallery-item'>\n\t\t\t<dt class='gallery-icon landscape'>\n\t\t\t\t<a href='https:\/\/sarimelekler.biz\/?attachment_id=10435'><img loading=\"lazy\" decoding=\"async\" width=\"150\" height=\"150\" src=\"https:\/\/sarimelekler.biz\/wp-content\/uploads\/2019\/03\/8-Mart-25-150x150.jpg\" class=\"attachment-thumbnail size-thumbnail\" alt=\"\" data-attachment-id=\"10435\" data-permalink=\"https:\/\/sarimelekler.biz\/?attachment_id=10435\" data-orig-file=\"https:\/\/sarimelekler.biz\/wp-content\/uploads\/2019\/03\/8-Mart-25.jpg\" data-orig-size=\"3000,2414\" data-comments-opened=\"0\" data-image-meta=\"{&quot;aperture&quot;:&quot;2.8&quot;,&quot;credit&quot;:&quot;&quot;,&quot;camera&quot;:&quot;Canon EOS-1D X Mark II&quot;,&quot;caption&quot;:&quot;&quot;,&quot;created_timestamp&quot;:&quot;1552057992&quot;,&quot;copyright&quot;:&quot;fenerbahce dergisi\/org&quot;,&quot;focal_length&quot;:&quot;16&quot;,&quot;iso&quot;:&quot;1250&quot;,&quot;shutter_speed&quot;:&quot;0.004&quot;,&quot;title&quot;:&quot;&quot;,&quot;orientation&quot;:&quot;1&quot;}\" data-image-title=\"8 Mart (25)\" data-image-description=\"\" data-image-caption=\"\" data-large-file=\"https:\/\/sarimelekler.biz\/wp-content\/uploads\/2019\/03\/8-Mart-25-1024x824.jpg\" \/><\/a>\n\t\t\t<\/dt><\/dl><br style=\"clear: both\" \/><dl class='gallery-item'>\n\t\t\t<dt class='gallery-icon landscape'>\n\t\t\t\t<a href='https:\/\/sarimelekler.biz\/?attachment_id=10436'><img loading=\"lazy\" decoding=\"async\" width=\"150\" height=\"150\" src=\"https:\/\/sarimelekler.biz\/wp-content\/uploads\/2019\/03\/8-Mart-26-150x150.jpg\" class=\"attachment-thumbnail size-thumbnail\" alt=\"\" data-attachment-id=\"10436\" data-permalink=\"https:\/\/sarimelekler.biz\/?attachment_id=10436\" data-orig-file=\"https:\/\/sarimelekler.biz\/wp-content\/uploads\/2019\/03\/8-Mart-26.jpg\" data-orig-size=\"3000,2000\" data-comments-opened=\"0\" data-image-meta=\"{&quot;aperture&quot;:&quot;2.8&quot;,&quot;credit&quot;:&quot;&quot;,&quot;camera&quot;:&quot;Canon EOS-1D X Mark II&quot;,&quot;caption&quot;:&quot;&quot;,&quot;created_timestamp&quot;:&quot;1552058420&quot;,&quot;copyright&quot;:&quot;fenerbahce dergisi\/org&quot;,&quot;focal_length&quot;:&quot;16&quot;,&quot;iso&quot;:&quot;1250&quot;,&quot;shutter_speed&quot;:&quot;0.004&quot;,&quot;title&quot;:&quot;&quot;,&quot;orientation&quot;:&quot;1&quot;}\" data-image-title=\"8 Mart (26)\" data-image-description=\"\" data-image-caption=\"\" data-large-file=\"https:\/\/sarimelekler.biz\/wp-content\/uploads\/2019\/03\/8-Mart-26-1024x683.jpg\" \/><\/a>\n\t\t\t<\/dt><\/dl><dl class='gallery-item'>\n\t\t\t<dt class='gallery-icon landscape'>\n\t\t\t\t<a href='https:\/\/sarimelekler.biz\/?attachment_id=10437'><img loading=\"lazy\" decoding=\"async\" width=\"150\" height=\"150\" src=\"https:\/\/sarimelekler.biz\/wp-content\/uploads\/2019\/03\/8-Mart-27-150x150.jpg\" class=\"attachment-thumbnail size-thumbnail\" alt=\"\" data-attachment-id=\"10437\" data-permalink=\"https:\/\/sarimelekler.biz\/?attachment_id=10437\" data-orig-file=\"https:\/\/sarimelekler.biz\/wp-content\/uploads\/2019\/03\/8-Mart-27.jpg\" data-orig-size=\"3000,2000\" data-comments-opened=\"0\" data-image-meta=\"{&quot;aperture&quot;:&quot;2.8&quot;,&quot;credit&quot;:&quot;&quot;,&quot;camera&quot;:&quot;Canon EOS-1D X Mark II&quot;,&quot;caption&quot;:&quot;&quot;,&quot;created_timestamp&quot;:&quot;1552060044&quot;,&quot;copyright&quot;:&quot;fenerbahce dergisi\/org&quot;,&quot;focal_length&quot;:&quot;20&quot;,&quot;iso&quot;:&quot;1250&quot;,&quot;shutter_speed&quot;:&quot;0.004&quot;,&quot;title&quot;:&quot;&quot;,&quot;orientation&quot;:&quot;1&quot;}\" data-image-title=\"8 Mart (27)\" data-image-description=\"\" data-image-caption=\"\" data-large-file=\"https:\/\/sarimelekler.biz\/wp-content\/uploads\/2019\/03\/8-Mart-27-1024x683.jpg\" \/><\/a>\n\t\t\t<\/dt><\/dl><dl class='gallery-item'>\n\t\t\t<dt class='gallery-icon landscape'>\n\t\t\t\t<a href='https:\/\/sarimelekler.biz\/?attachment_id=10438'><img loading=\"lazy\" decoding=\"async\" width=\"150\" height=\"150\" src=\"https:\/\/sarimelekler.biz\/wp-content\/uploads\/2019\/03\/8-Mart-28-150x150.jpg\" class=\"attachment-thumbnail size-thumbnail\" alt=\"\" data-attachment-id=\"10438\" data-permalink=\"https:\/\/sarimelekler.biz\/?attachment_id=10438\" data-orig-file=\"https:\/\/sarimelekler.biz\/wp-content\/uploads\/2019\/03\/8-Mart-28.jpg\" data-orig-size=\"3000,2000\" data-comments-opened=\"0\" data-image-meta=\"{&quot;aperture&quot;:&quot;2.8&quot;,&quot;credit&quot;:&quot;&quot;,&quot;camera&quot;:&quot;Canon EOS-1D X Mark II&quot;,&quot;caption&quot;:&quot;&quot;,&quot;created_timestamp&quot;:&quot;1552060501&quot;,&quot;copyright&quot;:&quot;fenerbahce dergisi\/org&quot;,&quot;focal_length&quot;:&quot;16&quot;,&quot;iso&quot;:&quot;1250&quot;,&quot;shutter_speed&quot;:&quot;0.004&quot;,&quot;title&quot;:&quot;&quot;,&quot;orientation&quot;:&quot;1&quot;}\" data-image-title=\"8 Mart (28)\" data-image-description=\"\" data-image-caption=\"\" data-large-file=\"https:\/\/sarimelekler.biz\/wp-content\/uploads\/2019\/03\/8-Mart-28-1024x683.jpg\" \/><\/a>\n\t\t\t<\/dt><\/dl><dl class='gallery-item'>\n\t\t\t<dt class='gallery-icon landscape'>\n\t\t\t\t<a href='https:\/\/sarimelekler.biz\/?attachment_id=10439'><img loading=\"lazy\" decoding=\"async\" width=\"150\" height=\"150\" src=\"https:\/\/sarimelekler.biz\/wp-content\/uploads\/2019\/03\/8-Mart-29-150x150.jpg\" class=\"attachment-thumbnail size-thumbnail\" alt=\"\" data-attachment-id=\"10439\" data-permalink=\"https:\/\/sarimelekler.biz\/?attachment_id=10439\" data-orig-file=\"https:\/\/sarimelekler.biz\/wp-content\/uploads\/2019\/03\/8-Mart-29.jpg\" data-orig-size=\"3000,2238\" data-comments-opened=\"0\" data-image-meta=\"{&quot;aperture&quot;:&quot;2.8&quot;,&quot;credit&quot;:&quot;&quot;,&quot;camera&quot;:&quot;Canon EOS-1D X Mark II&quot;,&quot;caption&quot;:&quot;&quot;,&quot;created_timestamp&quot;:&quot;1552060511&quot;,&quot;copyright&quot;:&quot;fenerbahce dergisi\/org&quot;,&quot;focal_length&quot;:&quot;29&quot;,&quot;iso&quot;:&quot;1250&quot;,&quot;shutter_speed&quot;:&quot;0.004&quot;,&quot;title&quot;:&quot;&quot;,&quot;orientation&quot;:&quot;1&quot;}\" data-image-title=\"8 Mart (29)\" data-image-description=\"\" data-image-caption=\"\" data-large-file=\"https:\/\/sarimelekler.biz\/wp-content\/uploads\/2019\/03\/8-Mart-29-1024x764.jpg\" \/><\/a>\n\t\t\t<\/dt><\/dl><dl class='gallery-item'>\n\t\t\t<dt class='gallery-icon landscape'>\n\t\t\t\t<a href='https:\/\/sarimelekler.biz\/?attachment_id=10440'><img loading=\"lazy\" decoding=\"async\" width=\"150\" height=\"150\" src=\"https:\/\/sarimelekler.biz\/wp-content\/uploads\/2019\/03\/8-Mart-30-150x150.jpg\" class=\"attachment-thumbnail size-thumbnail\" alt=\"\" data-attachment-id=\"10440\" data-permalink=\"https:\/\/sarimelekler.biz\/?attachment_id=10440\" data-orig-file=\"https:\/\/sarimelekler.biz\/wp-content\/uploads\/2019\/03\/8-Mart-30.jpg\" data-orig-size=\"5472,3648\" data-comments-opened=\"0\" data-image-meta=\"{&quot;aperture&quot;:&quot;2.8&quot;,&quot;credit&quot;:&quot;&quot;,&quot;camera&quot;:&quot;Canon EOS-1D X Mark II&quot;,&quot;caption&quot;:&quot;&quot;,&quot;created_timestamp&quot;:&quot;1552051442&quot;,&quot;copyright&quot;:&quot;fenerbahce dergisi\/org&quot;,&quot;focal_length&quot;:&quot;24&quot;,&quot;iso&quot;:&quot;800&quot;,&quot;shutter_speed&quot;:&quot;0.004&quot;,&quot;title&quot;:&quot;&quot;,&quot;orientation&quot;:&quot;1&quot;}\" data-image-title=\"8 Mart (30)\" data-image-description=\"\" data-image-caption=\"\" data-large-file=\"https:\/\/sarimelekler.biz\/wp-content\/uploads\/2019\/03\/8-Mart-30-1024x683.jpg\" \/><\/a>\n\t\t\t<\/dt><\/dl><br style=\"clear: both\" \/><dl class='gallery-item'>\n\t\t\t<dt class='gallery-icon landscape'>\n\t\t\t\t<a href='https:\/\/sarimelekler.biz\/?attachment_id=10441'><img loading=\"lazy\" decoding=\"async\" width=\"150\" height=\"150\" src=\"https:\/\/sarimelekler.biz\/wp-content\/uploads\/2019\/03\/8-Mart-31-150x150.jpg\" class=\"attachment-thumbnail size-thumbnail\" alt=\"\" data-attachment-id=\"10441\" data-permalink=\"https:\/\/sarimelekler.biz\/?attachment_id=10441\" data-orig-file=\"https:\/\/sarimelekler.biz\/wp-content\/uploads\/2019\/03\/8-Mart-31.jpg\" data-orig-size=\"3000,2360\" data-comments-opened=\"0\" data-image-meta=\"{&quot;aperture&quot;:&quot;2.8&quot;,&quot;credit&quot;:&quot;&quot;,&quot;camera&quot;:&quot;Canon EOS-1D X Mark II&quot;,&quot;caption&quot;:&quot;&quot;,&quot;created_timestamp&quot;:&quot;1552061621&quot;,&quot;copyright&quot;:&quot;fenerbahce dergisi\/org&quot;,&quot;focal_length&quot;:&quot;25&quot;,&quot;iso&quot;:&quot;800&quot;,&quot;shutter_speed&quot;:&quot;0.004&quot;,&quot;title&quot;:&quot;&quot;,&quot;orientation&quot;:&quot;1&quot;}\" data-image-title=\"8 Mart (31)\" data-image-description=\"\" data-image-caption=\"\" data-large-file=\"https:\/\/sarimelekler.biz\/wp-content\/uploads\/2019\/03\/8-Mart-31-1024x806.jpg\" \/><\/a>\n\t\t\t<\/dt><\/dl><dl class='gallery-item'>\n\t\t\t<dt class='gallery-icon landscape'>\n\t\t\t\t<a href='https:\/\/sarimelekler.biz\/?attachment_id=10442'><img loading=\"lazy\" decoding=\"async\" width=\"150\" height=\"150\" src=\"https:\/\/sarimelekler.biz\/wp-content\/uploads\/2019\/03\/8-Mart-32-150x150.jpg\" class=\"attachment-thumbnail size-thumbnail\" alt=\"\" data-attachment-id=\"10442\" data-permalink=\"https:\/\/sarimelekler.biz\/?attachment_id=10442\" data-orig-file=\"https:\/\/sarimelekler.biz\/wp-content\/uploads\/2019\/03\/8-Mart-32.jpg\" data-orig-size=\"3000,2674\" data-comments-opened=\"0\" data-image-meta=\"{&quot;aperture&quot;:&quot;2.8&quot;,&quot;credit&quot;:&quot;&quot;,&quot;camera&quot;:&quot;Canon EOS-1D X Mark II&quot;,&quot;caption&quot;:&quot;&quot;,&quot;created_timestamp&quot;:&quot;1552061744&quot;,&quot;copyright&quot;:&quot;fenerbahce dergisi\/org&quot;,&quot;focal_length&quot;:&quot;26&quot;,&quot;iso&quot;:&quot;800&quot;,&quot;shutter_speed&quot;:&quot;0.004&quot;,&quot;title&quot;:&quot;&quot;,&quot;orientation&quot;:&quot;1&quot;}\" data-image-title=\"8 Mart (32)\" data-image-description=\"\" data-image-caption=\"\" data-large-file=\"https:\/\/sarimelekler.biz\/wp-content\/uploads\/2019\/03\/8-Mart-32-1024x913.jpg\" \/><\/a>\n\t\t\t<\/dt><\/dl><dl class='gallery-item'>\n\t\t\t<dt class='gallery-icon landscape'>\n\t\t\t\t<a href='https:\/\/sarimelekler.biz\/?attachment_id=10443'><img loading=\"lazy\" decoding=\"async\" width=\"150\" height=\"150\" src=\"https:\/\/sarimelekler.biz\/wp-content\/uploads\/2019\/03\/8-Mart-33-150x150.jpg\" class=\"attachment-thumbnail size-thumbnail\" alt=\"\" data-attachment-id=\"10443\" data-permalink=\"https:\/\/sarimelekler.biz\/?attachment_id=10443\" data-orig-file=\"https:\/\/sarimelekler.biz\/wp-content\/uploads\/2019\/03\/8-Mart-33.jpg\" data-orig-size=\"3000,2312\" data-comments-opened=\"0\" data-image-meta=\"{&quot;aperture&quot;:&quot;2.8&quot;,&quot;credit&quot;:&quot;&quot;,&quot;camera&quot;:&quot;Canon EOS-1D X Mark II&quot;,&quot;caption&quot;:&quot;&quot;,&quot;created_timestamp&quot;:&quot;1552054028&quot;,&quot;copyright&quot;:&quot;fenerbahce dergisi\/org&quot;,&quot;focal_length&quot;:&quot;35&quot;,&quot;iso&quot;:&quot;640&quot;,&quot;shutter_speed&quot;:&quot;0.004&quot;,&quot;title&quot;:&quot;&quot;,&quot;orientation&quot;:&quot;1&quot;}\" data-image-title=\"8 Mart (33)\" data-image-description=\"\" data-image-caption=\"\" data-large-file=\"https:\/\/sarimelekler.biz\/wp-content\/uploads\/2019\/03\/8-Mart-33-1024x789.jpg\" \/><\/a>\n\t\t\t<\/dt><\/dl><dl class='gallery-item'>\n\t\t\t<dt class='gallery-icon landscape'>\n\t\t\t\t<a href='https:\/\/sarimelekler.biz\/?attachment_id=10444'><img loading=\"lazy\" decoding=\"async\" width=\"150\" height=\"150\" src=\"https:\/\/sarimelekler.biz\/wp-content\/uploads\/2019\/03\/8-Mart-34-150x150.jpg\" class=\"attachment-thumbnail size-thumbnail\" alt=\"\" data-attachment-id=\"10444\" data-permalink=\"https:\/\/sarimelekler.biz\/?attachment_id=10444\" data-orig-file=\"https:\/\/sarimelekler.biz\/wp-content\/uploads\/2019\/03\/8-Mart-34.jpg\" data-orig-size=\"3000,2000\" data-comments-opened=\"0\" data-image-meta=\"{&quot;aperture&quot;:&quot;2.8&quot;,&quot;credit&quot;:&quot;&quot;,&quot;camera&quot;:&quot;Canon EOS-1D X Mark II&quot;,&quot;caption&quot;:&quot;&quot;,&quot;created_timestamp&quot;:&quot;1552061750&quot;,&quot;copyright&quot;:&quot;fenerbahce dergisi\/org&quot;,&quot;focal_length&quot;:&quot;26&quot;,&quot;iso&quot;:&quot;800&quot;,&quot;shutter_speed&quot;:&quot;0.004&quot;,&quot;title&quot;:&quot;&quot;,&quot;orientation&quot;:&quot;1&quot;}\" data-image-title=\"8 Mart (34)\" data-image-description=\"\" data-image-caption=\"\" data-large-file=\"https:\/\/sarimelekler.biz\/wp-content\/uploads\/2019\/03\/8-Mart-34-1024x683.jpg\" \/><\/a>\n\t\t\t<\/dt><\/dl><dl class='gallery-item'>\n\t\t\t<dt class='gallery-icon landscape'>\n\t\t\t\t<a href='https:\/\/sarimelekler.biz\/?attachment_id=10445'><img loading=\"lazy\" decoding=\"async\" width=\"150\" height=\"150\" src=\"https:\/\/sarimelekler.biz\/wp-content\/uploads\/2019\/03\/8-Mart-35-150x150.jpg\" class=\"attachment-thumbnail size-thumbnail\" alt=\"\" data-attachment-id=\"10445\" data-permalink=\"https:\/\/sarimelekler.biz\/?attachment_id=10445\" data-orig-file=\"https:\/\/sarimelekler.biz\/wp-content\/uploads\/2019\/03\/8-Mart-35.jpg\" data-orig-size=\"3000,2039\" data-comments-opened=\"0\" data-image-meta=\"{&quot;aperture&quot;:&quot;2.8&quot;,&quot;credit&quot;:&quot;&quot;,&quot;camera&quot;:&quot;Canon EOS-1D X Mark II&quot;,&quot;caption&quot;:&quot;&quot;,&quot;created_timestamp&quot;:&quot;1552055813&quot;,&quot;copyright&quot;:&quot;fenerbahce dergisi\/org&quot;,&quot;focal_length&quot;:&quot;16&quot;,&quot;iso&quot;:&quot;1250&quot;,&quot;shutter_speed&quot;:&quot;0.004&quot;,&quot;title&quot;:&quot;&quot;,&quot;orientation&quot;:&quot;1&quot;}\" data-image-title=\"8 Mart (35)\" data-image-description=\"\" data-image-caption=\"\" data-large-file=\"https:\/\/sarimelekler.biz\/wp-content\/uploads\/2019\/03\/8-Mart-35-1024x696.jpg\" \/><\/a>\n\t\t\t<\/dt><\/dl><br style=\"clear: both\" \/><dl class='gallery-item'>\n\t\t\t<dt class='gallery-icon landscape'>\n\t\t\t\t<a href='https:\/\/sarimelekler.biz\/?attachment_id=10446'><img loading=\"lazy\" decoding=\"async\" width=\"150\" height=\"150\" src=\"https:\/\/sarimelekler.biz\/wp-content\/uploads\/2019\/03\/8-Mart-36-150x150.jpg\" class=\"attachment-thumbnail size-thumbnail\" alt=\"\" data-attachment-id=\"10446\" data-permalink=\"https:\/\/sarimelekler.biz\/?attachment_id=10446\" data-orig-file=\"https:\/\/sarimelekler.biz\/wp-content\/uploads\/2019\/03\/8-Mart-36.jpg\" data-orig-size=\"3000,1973\" data-comments-opened=\"0\" data-image-meta=\"{&quot;aperture&quot;:&quot;2.8&quot;,&quot;credit&quot;:&quot;&quot;,&quot;camera&quot;:&quot;Canon EOS-1D X Mark II&quot;,&quot;caption&quot;:&quot;&quot;,&quot;created_timestamp&quot;:&quot;1552055814&quot;,&quot;copyright&quot;:&quot;fenerbahce dergisi\/org&quot;,&quot;focal_length&quot;:&quot;16&quot;,&quot;iso&quot;:&quot;1250&quot;,&quot;shutter_speed&quot;:&quot;0.004&quot;,&quot;title&quot;:&quot;&quot;,&quot;orientation&quot;:&quot;1&quot;}\" data-image-title=\"8 Mart (36)\" data-image-description=\"\" data-image-caption=\"\" data-large-file=\"https:\/\/sarimelekler.biz\/wp-content\/uploads\/2019\/03\/8-Mart-36-1024x673.jpg\" \/><\/a>\n\t\t\t<\/dt><\/dl><dl class='gallery-item'>\n\t\t\t<dt class='gallery-icon landscape'>\n\t\t\t\t<a href='https:\/\/sarimelekler.biz\/?attachment_id=10447'><img loading=\"lazy\" decoding=\"async\" width=\"150\" height=\"150\" src=\"https:\/\/sarimelekler.biz\/wp-content\/uploads\/2019\/03\/8-Mart-37-150x150.jpg\" class=\"attachment-thumbnail size-thumbnail\" alt=\"\" data-attachment-id=\"10447\" data-permalink=\"https:\/\/sarimelekler.biz\/?attachment_id=10447\" data-orig-file=\"https:\/\/sarimelekler.biz\/wp-content\/uploads\/2019\/03\/8-Mart-37.jpg\" data-orig-size=\"3000,1839\" data-comments-opened=\"0\" data-image-meta=\"{&quot;aperture&quot;:&quot;2.8&quot;,&quot;credit&quot;:&quot;&quot;,&quot;camera&quot;:&quot;Canon EOS-1D X Mark II&quot;,&quot;caption&quot;:&quot;&quot;,&quot;created_timestamp&quot;:&quot;1552055817&quot;,&quot;copyright&quot;:&quot;fenerbahce dergisi\/org&quot;,&quot;focal_length&quot;:&quot;16&quot;,&quot;iso&quot;:&quot;1250&quot;,&quot;shutter_speed&quot;:&quot;0.004&quot;,&quot;title&quot;:&quot;&quot;,&quot;orientation&quot;:&quot;1&quot;}\" data-image-title=\"8 Mart (37)\" data-image-description=\"\" data-image-caption=\"\" data-large-file=\"https:\/\/sarimelekler.biz\/wp-content\/uploads\/2019\/03\/8-Mart-37-1024x628.jpg\" \/><\/a>\n\t\t\t<\/dt><\/dl>\n\t\t\t<br style='clear: both' \/>\n\t\t<\/div>\n\n<p style=\"text-align: right;\">08.03.2019<\/p>\n<p>Kaynak:\u00a0<a href=\"https:\/\/www.fenerbahce.org\/haberler\/heforshe\/2019\/3\/8-mart-dunya-kadinlar-gunu-nde-tarihe-iz-birakan-fenerbahce-kadinlari-ile-bir-araya-geldik\" target=\"_blank\" rel=\"noopener\">Fenerbah\u00e7e SK Resmi \u0130nternet Sitesi<\/a><\/p>\n","protected":false},"excerpt":{"rendered":"<p>Kul\u00fcb\u00fcm\u00fcz, 8 Mart D\u00fcnya Kad\u0131nlar G\u00fcn\u00fc\u2019nde, 1954 y\u0131l\u0131nda Voleybol ve \u2026 <a class=\"continue-reading-link\" href=\"https:\/\/sarimelekler.biz\/?p=10409\">Okumaya Devam Et.. <span class=\"meta-nav\">&rarr; <\/span><\/a><\/p>\n","protected":false},"author":1,"featured_media":10431,"comment_status":"closed","ping_status":"open","sticky":false,"template":"","format":"standard","meta":{"jetpack_post_was_ever_published":false,"_jetpack_newsletter_access":"","_jetpack_dont_email_post_to_subs":false,"_jetpack_newsletter_tier_id":0,"_jetpack_memberships_contains_paywalled_content":false,"_jetpack_memberships_contains_paid_content":false,"footnotes":"","jetpack_publicize_message":"","jetpack_publicize_feature_enabled":true,"jetpack_social_post_already_shared":true,"jetpack_social_options":{"image_generator_settings":{"template":"highway","default_image_id":0,"font":"","enabled":false},"version":2}},"categories":[7],"tags":[],"class_list":["post-10409","post","type-post","status-publish","format-standard","has-post-thumbnail","hentry","category-haberler"],"jetpack_publicize_connections":[],"jetpack_featured_media_url":"https:\/\/sarimelekler.biz\/wp-content\/uploads\/2019\/03\/8-Mart-21.jpg","jetpack_sharing_enabled":true,"jetpack_shortlink":"https:\/\/wp.me\/p8npUZ-2HT","jetpack-related-posts":[{"id":10459,"url":"https:\/\/sarimelekler.biz\/?p=10459","url_meta":{"origin":10409,"position":0},"title":"Efsanemiz Ayten Salih Berkalp&#8217;in 8 Mart Konu\u015fmas\u0131","author":"Edit\u00f6r","date":"8 Mart 2019","format":false,"excerpt":"Kul\u00fcb\u00fcm\u00fcz\u00fcn 8 Mart D\u00fcnya Kad\u0131nlar G\u00fcn\u00fc\u2019nde \"Tarihe \u0130z B\u0131rakan Fenerbah\u00e7e Kad\u0131nlar\u0131 \" i\u00e7in yapt\u0131\u011f\u0131 etkinlikte 1954 y\u0131l\u0131nda Voleybol ve Basketbol Tak\u0131mlar\u0131m\u0131z\u0131n kurulmas\u0131na \u00f6nc\u00fcl\u00fck eden Ayten Salih Berkalp\u2019te bir konu\u015fma yapt\u0131. Tarihten kesitler sunan bu konu\u015fmay\u0131 izlemenizi \u00f6neririz. Ayten Salih: \"Fenerbah\u00e7eli olmak d\u00fcnyan\u0131n en g\u00fczel duygusudur.\" Ayr\u0131ca etkinlikte Kul\u00fcb\u00fcm\u00fcz\u00fcn Voleybol bran\u015f\u0131ndan\u2026","rel":"","context":"&quot;\u00d6zel Haberler&quot; i\u00e7inde","block_context":{"text":"\u00d6zel Haberler","link":"https:\/\/sarimelekler.biz\/?cat=21"},"img":{"alt_text":"","src":"https:\/\/i0.wp.com\/sarimelekler.biz\/wp-content\/uploads\/2019\/03\/8-Mart-4.jpg?resize=350%2C200&ssl=1","width":350,"height":200,"srcset":"https:\/\/i0.wp.com\/sarimelekler.biz\/wp-content\/uploads\/2019\/03\/8-Mart-4.jpg?resize=350%2C200&ssl=1 1x, https:\/\/i0.wp.com\/sarimelekler.biz\/wp-content\/uploads\/2019\/03\/8-Mart-4.jpg?resize=525%2C300&ssl=1 1.5x, https:\/\/i0.wp.com\/sarimelekler.biz\/wp-content\/uploads\/2019\/03\/8-Mart-4.jpg?resize=700%2C400&ssl=1 2x, https:\/\/i0.wp.com\/sarimelekler.biz\/wp-content\/uploads\/2019\/03\/8-Mart-4.jpg?resize=1050%2C600&ssl=1 3x, https:\/\/i0.wp.com\/sarimelekler.biz\/wp-content\/uploads\/2019\/03\/8-Mart-4.jpg?resize=1400%2C800&ssl=1 4x"},"classes":[]},{"id":20450,"url":"https:\/\/sarimelekler.biz\/?p=20450","url_meta":{"origin":10409,"position":1},"title":"Zonguldak&#8217;\u0131n \u00c7aycuma \u0130l\u00e7esinde Vargas\u2019\u0131n Heykeli Dikildi","author":"Edit\u00f6r","date":"9 Mart 2024","format":false,"excerpt":"Ge\u00e7ti\u011fimiz sezon Fenerbah\u00e7e Opet Kad\u0131n Voleybol Tak\u0131m\u0131m\u0131z ile lig \u015fampiyonlu\u011fu kazanan, A Milli Kad\u0131n Voleybol Tak\u0131m\u0131m\u0131zla Milletler Ligi ve Avrupa \u015eampiyonlu\u011fu ya\u015fay\u0131p, olimpiyat elemelerinde 7'de 7 yapan tak\u0131m\u0131n bir par\u00e7as\u0131 olan Fenerbah\u00e7e Opet Kad\u0131n Voleybol Tak\u0131m\u0131m\u0131z ve A Milli Kad\u0131n Voleybol Tak\u0131m\u0131m\u0131z\u0131n en \u00f6nemli isimlerinden biri olan voleybolcumuz Melissa Vargas\u2019\u0131n\u2026","rel":"","context":"&quot;Haberler&quot; i\u00e7inde","block_context":{"text":"Haberler","link":"https:\/\/sarimelekler.biz\/?cat=7"},"img":{"alt_text":"","src":"https:\/\/i0.wp.com\/sarimelekler.biz\/wp-content\/uploads\/2024\/03\/Vargas-Heykel-13.jpg?resize=350%2C200&ssl=1","width":350,"height":200,"srcset":"https:\/\/i0.wp.com\/sarimelekler.biz\/wp-content\/uploads\/2024\/03\/Vargas-Heykel-13.jpg?resize=350%2C200&ssl=1 1x, https:\/\/i0.wp.com\/sarimelekler.biz\/wp-content\/uploads\/2024\/03\/Vargas-Heykel-13.jpg?resize=525%2C300&ssl=1 1.5x, https:\/\/i0.wp.com\/sarimelekler.biz\/wp-content\/uploads\/2024\/03\/Vargas-Heykel-13.jpg?resize=700%2C400&ssl=1 2x, https:\/\/i0.wp.com\/sarimelekler.biz\/wp-content\/uploads\/2024\/03\/Vargas-Heykel-13.jpg?resize=1050%2C600&ssl=1 3x, https:\/\/i0.wp.com\/sarimelekler.biz\/wp-content\/uploads\/2024\/03\/Vargas-Heykel-13.jpg?resize=1400%2C800&ssl=1 4x"},"classes":[]},{"id":18448,"url":"https:\/\/sarimelekler.biz\/?p=18448","url_meta":{"origin":10409,"position":2},"title":"ZORAN TERZ\u0130C OYUNCULARIMIZA K\u00d6T\u00dc DAVRANMAYA DEVAM ED\u0130YOR","author":"Edit\u00f6r","date":"26 Kas\u0131m 2022","format":false,"excerpt":"HeForShe, Birle\u015fmi\u015f Milletler Kad\u0131n Birimi (BM Kad\u0131n Birimi - UN Women) \u00f6nc\u00fcl\u00fc\u011f\u00fcnde ba\u015flayan, ba\u015fta erkekler ve o\u011flan \u00e7ocuklar\u0131 olmak \u00fczere t\u00fcm bireyleri toplumsal cinsiyet e\u015fitli\u011fini savunmaya \u00e7a\u011f\u0131ran k\u00fcresel bir dayan\u0131\u015fma hareketidir. Toplumsal cinsiyet e\u015fitli\u011fi i\u00e7in kad\u0131nlar\u0131n ve k\u0131z \u00e7ocuklar\u0131n\u0131n g\u00fc\u00e7lenmesini sa\u011flamada sporun g\u00fcc\u00fcne inanan BM Kad\u0131n Birimi ve Fenerbah\u00e7e Spor\u2026","rel":"","context":"&quot;Haberler&quot; i\u00e7inde","block_context":{"text":"Haberler","link":"https:\/\/sarimelekler.biz\/?cat=7"},"img":{"alt_text":"","src":"https:\/\/i0.wp.com\/sarimelekler.biz\/wp-content\/uploads\/2021\/02\/Terzic.jpg?resize=350%2C200&ssl=1","width":350,"height":200,"srcset":"https:\/\/i0.wp.com\/sarimelekler.biz\/wp-content\/uploads\/2021\/02\/Terzic.jpg?resize=350%2C200&ssl=1 1x, https:\/\/i0.wp.com\/sarimelekler.biz\/wp-content\/uploads\/2021\/02\/Terzic.jpg?resize=525%2C300&ssl=1 1.5x, https:\/\/i0.wp.com\/sarimelekler.biz\/wp-content\/uploads\/2021\/02\/Terzic.jpg?resize=700%2C400&ssl=1 2x, https:\/\/i0.wp.com\/sarimelekler.biz\/wp-content\/uploads\/2021\/02\/Terzic.jpg?resize=1050%2C600&ssl=1 3x, https:\/\/i0.wp.com\/sarimelekler.biz\/wp-content\/uploads\/2021\/02\/Terzic.jpg?resize=1400%2C800&ssl=1 4x"},"classes":[]},{"id":13560,"url":"https:\/\/sarimelekler.biz\/?p=13560","url_meta":{"origin":10409,"position":3},"title":"Sar\u0131 Melekler \u00dc\u00e7 Ligde H\u00fck\u00fcm S\u00fcrecek.","author":"Edit\u00f6r","date":"24 Haziran 2020","format":false,"excerpt":"Kul\u00fcb\u00fcm\u00fcz 2019 \u2013 2020 sezonu ba\u015f\u0131nda Kad\u0131n Voleybol altyap\u0131s\u0131ndan A Tak\u0131ma oyuncu yeti\u015ftirmek amac\u0131yla bu sezon Y\u0131ld\u0131z K\u0131z ve Gen\u00e7 K\u0131z Voleybol Tak\u0131mlar\u0131m\u0131zda g\u00f6rev yapan voleybolcular\u0131m\u0131zdan olu\u015fan 2. Lig Tak\u0131m\u0131 kurdu\u011funu duyurmu\u015ftu. Gen\u00e7 Sar\u0131 Meleklerimiz Finallerde set averaj\u0131na g\u00f6re S\u0131ralamada 3. s\u0131rada yer alarak tak\u0131m\u0131m\u0131z bir \u00fcst lige \u00e7\u0131kamam\u0131\u015ft\u0131. \u00dclkemizde\u2026","rel":"","context":"&quot;Fenerbah\u00e7e Gen\u00e7 Tak\u0131mlar\u0131&quot; i\u00e7inde","block_context":{"text":"Fenerbah\u00e7e Gen\u00e7 Tak\u0131mlar\u0131","link":"https:\/\/sarimelekler.biz\/?cat=24"},"img":{"alt_text":"","src":"https:\/\/i0.wp.com\/sarimelekler.biz\/wp-content\/uploads\/2020\/02\/B-Tak%C4%B1m-2.jpg?resize=350%2C200&ssl=1","width":350,"height":200,"srcset":"https:\/\/i0.wp.com\/sarimelekler.biz\/wp-content\/uploads\/2020\/02\/B-Tak%C4%B1m-2.jpg?resize=350%2C200&ssl=1 1x, https:\/\/i0.wp.com\/sarimelekler.biz\/wp-content\/uploads\/2020\/02\/B-Tak%C4%B1m-2.jpg?resize=525%2C300&ssl=1 1.5x, https:\/\/i0.wp.com\/sarimelekler.biz\/wp-content\/uploads\/2020\/02\/B-Tak%C4%B1m-2.jpg?resize=700%2C400&ssl=1 2x, https:\/\/i0.wp.com\/sarimelekler.biz\/wp-content\/uploads\/2020\/02\/B-Tak%C4%B1m-2.jpg?resize=1050%2C600&ssl=1 3x, https:\/\/i0.wp.com\/sarimelekler.biz\/wp-content\/uploads\/2020\/02\/B-Tak%C4%B1m-2.jpg?resize=1400%2C800&ssl=1 4x"},"classes":[]},{"id":6078,"url":"https:\/\/sarimelekler.biz\/?p=6078","url_meta":{"origin":10409,"position":4},"title":"Kul\u00fcb\u00fcm\u00fczden 8 Mart D\u00fcnya Kad\u0131nlar G\u00fcn\u00fcne \u00d6zel Uygulama","author":"Edit\u00f6r","date":"7 Mart 2018","format":false,"excerpt":"Kul\u00fcb\u00fcm\u00fcz\u00fcn resmi internet sitesinden yap\u0131lan a\u00e7\u0131klamada 8 Mart D\u00fcnya Kad\u0131nlar g\u00fcn\u00fcnde oynanacak voleybol ma\u00e7lar\u0131na kad\u0131n taraftarlar\u0131m\u0131z\u0131n \u00fccretsiz girebilece\u011fi a\u00e7\u0131kland\u0131. Kul\u00fcb\u00fcm\u00fczden Yap\u0131lan A\u00e7\u0131klama: 8 Mart D\u00fcnya Kad\u0131nlar G\u00fcn\u00fc\u2019nde Metro Enerji Salonu\u2019nda Sultanlar Ligi \u00c7eyrek Final 2. ma\u00e7\u0131na \u00e7\u0131kacak olan Kad\u0131n Voleybol tak\u0131m\u0131m\u0131z\u0131n Bursa B\u015eB ile 16:00\u2019da oynayaca\u011f\u0131 m\u00fccadele ve Efeler Ligi\u2019nde\u2026","rel":"","context":"&quot;Duyurular&quot; i\u00e7inde","block_context":{"text":"Duyurular","link":"https:\/\/sarimelekler.biz\/?cat=8"},"img":{"alt_text":"","src":"https:\/\/i0.wp.com\/sarimelekler.biz\/wp-content\/uploads\/2018\/03\/Ads%C4%B1z.jpg?resize=350%2C200&ssl=1","width":350,"height":200,"srcset":"https:\/\/i0.wp.com\/sarimelekler.biz\/wp-content\/uploads\/2018\/03\/Ads%C4%B1z.jpg?resize=350%2C200&ssl=1 1x, https:\/\/i0.wp.com\/sarimelekler.biz\/wp-content\/uploads\/2018\/03\/Ads%C4%B1z.jpg?resize=525%2C300&ssl=1 1.5x, https:\/\/i0.wp.com\/sarimelekler.biz\/wp-content\/uploads\/2018\/03\/Ads%C4%B1z.jpg?resize=700%2C400&ssl=1 2x, https:\/\/i0.wp.com\/sarimelekler.biz\/wp-content\/uploads\/2018\/03\/Ads%C4%B1z.jpg?resize=1050%2C600&ssl=1 3x, https:\/\/i0.wp.com\/sarimelekler.biz\/wp-content\/uploads\/2018\/03\/Ads%C4%B1z.jpg?resize=1400%2C800&ssl=1 4x"},"classes":[]},{"id":11323,"url":"https:\/\/sarimelekler.biz\/?p=11323","url_meta":{"origin":10409,"position":5},"title":"Y\u00f6neticilerimiz, Kul\u00fcb\u00fcm\u00fcz\u00fcn Efsanelerinden Dr. Ayten Salih Berkalp\u2019i Bayram\u2019da Yaln\u0131z B\u0131rakmad\u0131","author":"Edit\u00f6r","date":"6 Haziran 2019","format":false,"excerpt":"Kul\u00fcb\u00fcm\u00fcz Y\u00f6netim Kurulu \u00dcyesi A. Serta\u00e7 Komsuo\u011flu ve Voleyboldan Sorumlu Y\u00f6netim Kurulu \u00dcyemiz Simla T\u00fcrker Bayaz\u0131t; atlet, basketbolcu, k\u00fcrek\u00e7i ve voleybolcu olarak kul\u00fcb\u00fcm\u00fcze y\u0131llarca hizmet eden, kul\u00fcb\u00fcm\u00fcz\u00fcn kad\u0131n basketbol ve voleybol \u015fubelerini kuran kaptan\u0131m\u0131z Ayten Salih Berkalp\u2019i bayramda ziyaret etti. Lefko\u015fa\u2019da ger\u00e7ekle\u015ftirilen ziyarete KKTC Fenerbah\u00e7eliler Derne\u011fi Ba\u015fkan\u0131 G\u00f6khan Necipo\u011flu ve\u2026","rel":"","context":"&quot;Haberler&quot; i\u00e7inde","block_context":{"text":"Haberler","link":"https:\/\/sarimelekler.biz\/?cat=7"},"img":{"alt_text":"","src":"https:\/\/i0.wp.com\/sarimelekler.biz\/wp-content\/uploads\/2019\/06\/2019-Ramazan-Bayram%C4%B1-2.jpg?resize=350%2C200&ssl=1","width":350,"height":200,"srcset":"https:\/\/i0.wp.com\/sarimelekler.biz\/wp-content\/uploads\/2019\/06\/2019-Ramazan-Bayram%C4%B1-2.jpg?resize=350%2C200&ssl=1 1x, https:\/\/i0.wp.com\/sarimelekler.biz\/wp-content\/uploads\/2019\/06\/2019-Ramazan-Bayram%C4%B1-2.jpg?resize=525%2C300&ssl=1 1.5x, https:\/\/i0.wp.com\/sarimelekler.biz\/wp-content\/uploads\/2019\/06\/2019-Ramazan-Bayram%C4%B1-2.jpg?resize=700%2C400&ssl=1 2x"},"classes":[]}],"_links":{"self":[{"href":"https:\/\/sarimelekler.biz\/index.php?rest_route=\/wp\/v2\/posts\/10409","targetHints":{"allow":["GET"]}}],"collection":[{"href":"https:\/\/sarimelekler.biz\/index.php?rest_route=\/wp\/v2\/posts"}],"about":[{"href":"https:\/\/sarimelekler.biz\/index.php?rest_route=\/wp\/v2\/types\/post"}],"author":[{"embeddable":true,"href":"https:\/\/sarimelekler.biz\/index.php?rest_route=\/wp\/v2\/users\/1"}],"replies":[{"embeddable":true,"href":"https:\/\/sarimelekler.biz\/index.php?rest_route=%2Fwp%2Fv2%2Fcomments&post=10409"}],"version-history":[{"count":4,"href":"https:\/\/sarimelekler.biz\/index.php?rest_route=\/wp\/v2\/posts\/10409\/revisions"}],"predecessor-version":[{"id":11248,"href":"https:\/\/sarimelekler.biz\/index.php?rest_route=\/wp\/v2\/posts\/10409\/revisions\/11248"}],"wp:featuredmedia":[{"embeddable":true,"href":"https:\/\/sarimelekler.biz\/index.php?rest_route=\/wp\/v2\/media\/10431"}],"wp:attachment":[{"href":"https:\/\/sarimelekler.biz\/index.php?rest_route=%2Fwp%2Fv2%2Fmedia&parent=10409"}],"wp:term":[{"taxonomy":"category","embeddable":true,"href":"https:\/\/sarimelekler.biz\/index.php?rest_route=%2Fwp%2Fv2%2Fcategories&post=10409"},{"taxonomy":"post_tag","embeddable":true,"href":"https:\/\/sarimelekler.biz\/index.php?rest_route=%2Fwp%2Fv2%2Ftags&post=10409"}],"curies":[{"name":"wp","href":"https:\/\/api.w.org\/{rel}","templated":true}]}}