{"id":10459,"date":"2019-03-08T12:25:42","date_gmt":"2019-03-08T09:25:42","guid":{"rendered":"http:\/\/sarimelekler.biz\/?p=10459"},"modified":"2019-03-13T00:29:36","modified_gmt":"2019-03-12T21:29:36","slug":"efsanemiz-ayten-salih-berkalpin-8-mart-konusmasi","status":"publish","type":"post","link":"https:\/\/sarimelekler.biz\/?p=10459","title":{"rendered":"Efsanemiz Ayten Salih Berkalp&#8217;in 8 Mart Konu\u015fmas\u0131"},"content":{"rendered":"<p style=\"text-align: justify;\">Kul\u00fcb\u00fcm\u00fcz\u00fcn 8 Mart D\u00fcnya Kad\u0131nlar G\u00fcn\u00fc\u2019nde &#8220;Tarihe \u0130z B\u0131rakan Fenerbah\u00e7e Kad\u0131nlar\u0131 &#8221; i\u00e7in yapt\u0131\u011f\u0131 etkinlikte 1954 y\u0131l\u0131nda Voleybol ve Basketbol Tak\u0131mlar\u0131m\u0131z\u0131n kurulmas\u0131na \u00f6nc\u00fcl\u00fck eden Ayten Salih Berkalp\u2019te bir konu\u015fma yapt\u0131. Tarihten kesitler sunan bu konu\u015fmay\u0131 izlemenizi \u00f6neririz.<\/p>\n<p style=\"text-align: justify;\"><strong>Ayten Salih: &#8220;Fenerbah\u00e7eli olmak d\u00fcnyan\u0131n en g\u00fczel duygusudur.&#8221;<\/strong><\/p>\n<p style=\"text-align: justify;\">\n<p style=\"text-align: justify;\"><iframe loading=\"lazy\"  id=\"_ytid_82904\"  width=\"860\" height=\"484\"  data-origwidth=\"860\" data-origheight=\"484\" src=\"https:\/\/www.youtube.com\/embed\/29MWnD6v9y4?enablejsapi=1&autoplay=0&cc_load_policy=0&cc_lang_pref=&iv_load_policy=1&loop=0&rel=1&fs=1&playsinline=0&autohide=2&theme=dark&color=red&controls=1&disablekb=0&\" class=\"__youtube_prefs__  no-lazyload\" title=\"YouTube player\"  allow=\"fullscreen; accelerometer; autoplay; clipboard-write; encrypted-media; gyroscope; picture-in-picture; web-share\" referrerpolicy=\"strict-origin-when-cross-origin\" allowfullscreen data-no-lazy=\"1\" data-skipgform_ajax_framebjll=\"\"><\/iframe><\/p>\n<p style=\"text-align: justify;\">\n<p style=\"text-align: justify;\">Ayr\u0131ca etkinlikte Kul\u00fcb\u00fcm\u00fcz\u00fcn Voleybol bran\u015f\u0131ndan sorumlu y\u00f6netim kurulu \u00fcyesi Sn. Simla T\u00fcrker Bayaz\u0131t&#8217;ta bir konu\u015fma yapt\u0131.<\/p>\n<p style=\"text-align: justify;\">\n<p style=\"text-align: justify;\"><strong>Simla T\u00fcrker Bayaz\u0131t: &#8220;Fenerbah\u00e7e\u2019nin oldu\u011fu her yerde kad\u0131nlar her zaman \u00f6n saflardad\u0131r.&#8221;<\/strong><\/p>\n<p style=\"text-align: justify;\">\n<p style=\"text-align: justify;\"><iframe loading=\"lazy\"  id=\"_ytid_61746\"  width=\"860\" height=\"484\"  data-origwidth=\"860\" data-origheight=\"484\" src=\"https:\/\/www.youtube.com\/embed\/R5w6sJC7naQ?enablejsapi=1&autoplay=0&cc_load_policy=0&cc_lang_pref=&iv_load_policy=1&loop=0&rel=1&fs=1&playsinline=0&autohide=2&theme=dark&color=red&controls=1&disablekb=0&\" class=\"__youtube_prefs__  no-lazyload\" title=\"YouTube player\"  allow=\"fullscreen; accelerometer; autoplay; clipboard-write; encrypted-media; gyroscope; picture-in-picture; web-share\" referrerpolicy=\"strict-origin-when-cross-origin\" allowfullscreen data-no-lazy=\"1\" data-skipgform_ajax_framebjll=\"\"><\/iframe><\/p>\n<p style=\"text-align: justify;\">\n<p style=\"text-align: justify;\">\n","protected":false},"excerpt":{"rendered":"<p>Kul\u00fcb\u00fcm\u00fcz\u00fcn 8 Mart D\u00fcnya Kad\u0131nlar G\u00fcn\u00fc\u2019nde &#8220;Tarihe \u0130z B\u0131rakan Fenerbah\u00e7e \u2026 <a class=\"continue-reading-link\" href=\"https:\/\/sarimelekler.biz\/?p=10459\">Okumaya Devam Et.. <span class=\"meta-nav\">&rarr; <\/span><\/a><\/p>\n","protected":false},"author":1,"featured_media":10414,"comment_status":"closed","ping_status":"open","sticky":false,"template":"","format":"standard","meta":{"jetpack_post_was_ever_published":false,"_jetpack_newsletter_access":"","_jetpack_dont_email_post_to_subs":false,"_jetpack_newsletter_tier_id":0,"_jetpack_memberships_contains_paywalled_content":false,"_jetpack_memberships_contains_paid_content":false,"footnotes":"","jetpack_publicize_message":"","jetpack_publicize_feature_enabled":true,"jetpack_social_post_already_shared":true,"jetpack_social_options":{"image_generator_settings":{"template":"highway","default_image_id":0,"font":"","enabled":false},"version":2}},"categories":[21],"tags":[],"class_list":["post-10459","post","type-post","status-publish","format-standard","has-post-thumbnail","hentry","category-ozel-haberler"],"jetpack_publicize_connections":[],"jetpack_featured_media_url":"https:\/\/sarimelekler.biz\/wp-content\/uploads\/2019\/03\/8-Mart-4.jpg","jetpack_sharing_enabled":true,"jetpack_shortlink":"https:\/\/wp.me\/p8npUZ-2IH","jetpack-related-posts":[{"id":11323,"url":"https:\/\/sarimelekler.biz\/?p=11323","url_meta":{"origin":10459,"position":0},"title":"Y\u00f6neticilerimiz, Kul\u00fcb\u00fcm\u00fcz\u00fcn Efsanelerinden Dr. Ayten Salih Berkalp\u2019i Bayram\u2019da Yaln\u0131z B\u0131rakmad\u0131","author":"Edit\u00f6r","date":"6 Haziran 2019","format":false,"excerpt":"Kul\u00fcb\u00fcm\u00fcz Y\u00f6netim Kurulu \u00dcyesi A. Serta\u00e7 Komsuo\u011flu ve Voleyboldan Sorumlu Y\u00f6netim Kurulu \u00dcyemiz Simla T\u00fcrker Bayaz\u0131t; atlet, basketbolcu, k\u00fcrek\u00e7i ve voleybolcu olarak kul\u00fcb\u00fcm\u00fcze y\u0131llarca hizmet eden, kul\u00fcb\u00fcm\u00fcz\u00fcn kad\u0131n basketbol ve voleybol \u015fubelerini kuran kaptan\u0131m\u0131z Ayten Salih Berkalp\u2019i bayramda ziyaret etti. Lefko\u015fa\u2019da ger\u00e7ekle\u015ftirilen ziyarete KKTC Fenerbah\u00e7eliler Derne\u011fi Ba\u015fkan\u0131 G\u00f6khan Necipo\u011flu ve\u2026","rel":"","context":"&quot;Haberler&quot; i\u00e7inde","block_context":{"text":"Haberler","link":"https:\/\/sarimelekler.biz\/?cat=7"},"img":{"alt_text":"","src":"https:\/\/i0.wp.com\/sarimelekler.biz\/wp-content\/uploads\/2019\/06\/2019-Ramazan-Bayram%C4%B1-2.jpg?resize=350%2C200&ssl=1","width":350,"height":200,"srcset":"https:\/\/i0.wp.com\/sarimelekler.biz\/wp-content\/uploads\/2019\/06\/2019-Ramazan-Bayram%C4%B1-2.jpg?resize=350%2C200&ssl=1 1x, https:\/\/i0.wp.com\/sarimelekler.biz\/wp-content\/uploads\/2019\/06\/2019-Ramazan-Bayram%C4%B1-2.jpg?resize=525%2C300&ssl=1 1.5x, https:\/\/i0.wp.com\/sarimelekler.biz\/wp-content\/uploads\/2019\/06\/2019-Ramazan-Bayram%C4%B1-2.jpg?resize=700%2C400&ssl=1 2x"},"classes":[]},{"id":10409,"url":"https:\/\/sarimelekler.biz\/?p=10409","url_meta":{"origin":10459,"position":1},"title":"Kul\u00fcb\u00fcm\u00fcz 8 Mart D\u00fcnya Kad\u0131nlar G\u00fcn\u00fc\u2019nde &#8220;Tarihe \u0130z B\u0131rakan Fenerbah\u00e7e Kad\u0131nlar\u0131n\u0131&#8221; Unutmad\u0131","author":"Edit\u00f6r","date":"8 Mart 2019","format":false,"excerpt":"Kul\u00fcb\u00fcm\u00fcz, 8 Mart D\u00fcnya Kad\u0131nlar G\u00fcn\u00fc\u2019nde, 1954 y\u0131l\u0131nda Voleybol ve Basketbol Tak\u0131mlar\u0131m\u0131z\u0131n kurulmas\u0131na \u00f6nc\u00fcl\u00fck eden Ayten Salih ile Fenerbah\u00e7e formas\u0131yla 1954-1961 y\u0131llar\u0131 aras\u0131nda \u00fcst \u00fcste \u015fampiyonluklar kazanan basketbol ve voleybol tak\u0131mlar\u0131n\u0131n \u00e7ok de\u011ferli oyuncular\u0131 i\u00e7in d\u00fczenlenen anlaml\u0131 bir etkinli\u011fe ev sahipli\u011fi yapt\u0131. Kul\u00fcb\u00fcm\u00fcz, Kas\u0131m ay\u0131nda T\u00fcpra\u015f\u2019\u0131n deste\u011fiyle Birle\u015fmi\u015f Milletler Kad\u0131n\u2026","rel":"","context":"&quot;Haberler&quot; i\u00e7inde","block_context":{"text":"Haberler","link":"https:\/\/sarimelekler.biz\/?cat=7"},"img":{"alt_text":"","src":"https:\/\/i0.wp.com\/sarimelekler.biz\/wp-content\/uploads\/2019\/03\/8-Mart-21.jpg?resize=350%2C200&ssl=1","width":350,"height":200,"srcset":"https:\/\/i0.wp.com\/sarimelekler.biz\/wp-content\/uploads\/2019\/03\/8-Mart-21.jpg?resize=350%2C200&ssl=1 1x, https:\/\/i0.wp.com\/sarimelekler.biz\/wp-content\/uploads\/2019\/03\/8-Mart-21.jpg?resize=525%2C300&ssl=1 1.5x, https:\/\/i0.wp.com\/sarimelekler.biz\/wp-content\/uploads\/2019\/03\/8-Mart-21.jpg?resize=700%2C400&ssl=1 2x, https:\/\/i0.wp.com\/sarimelekler.biz\/wp-content\/uploads\/2019\/03\/8-Mart-21.jpg?resize=1050%2C600&ssl=1 3x, https:\/\/i0.wp.com\/sarimelekler.biz\/wp-content\/uploads\/2019\/03\/8-Mart-21.jpg?resize=1400%2C800&ssl=1 4x"},"classes":[]},{"id":10572,"url":"https:\/\/sarimelekler.biz\/?p=10572","url_meta":{"origin":10459,"position":2},"title":"Efsanemiz Ayten Salih, Scandicci ma\u00e7\u0131 \u00f6ncesi Sar\u0131 Melekleri ziyaret etti","author":"Edit\u00f6r","date":"19 Mart 2019","format":false,"excerpt":"Fenerbah\u00e7e Opet Kad\u0131n Voleybol Tak\u0131m\u0131m\u0131z\u0131n, CEV \u015eampiyonlar Ligi \u00e7eyrek final r\u00f6van\u015f ma\u00e7\u0131nda \u0130talyan ekibi Savino Del Bene Scandicci ile 19 Mart Sal\u0131 g\u00fcn\u00fc Burhan Felek Voleybol Salonu\u2019nda oynayaca\u011f\u0131 ma\u00e7 \u00f6ncesi yapt\u0131\u011f\u0131 son antrenmanda s\u00fcrpriz bir konu\u011fu vard\u0131. 1954 y\u0131l\u0131nda Fenerbah\u00e7emizin Voleybol ve Basketbol Tak\u0131mlar\u0131n\u0131n kurulmas\u0131na \u00f6nc\u00fcl\u00fck eden Ayten Salih, Savino\u2026","rel":"","context":"&quot;Avrupa Kupalar\u0131&quot; i\u00e7inde","block_context":{"text":"Avrupa Kupalar\u0131","link":"https:\/\/sarimelekler.biz\/?cat=1"},"img":{"alt_text":"","src":"https:\/\/i0.wp.com\/sarimelekler.biz\/wp-content\/uploads\/2019\/03\/Ayten-Salih-Kapak.jpg?resize=350%2C200&ssl=1","width":350,"height":200,"srcset":"https:\/\/i0.wp.com\/sarimelekler.biz\/wp-content\/uploads\/2019\/03\/Ayten-Salih-Kapak.jpg?resize=350%2C200&ssl=1 1x, https:\/\/i0.wp.com\/sarimelekler.biz\/wp-content\/uploads\/2019\/03\/Ayten-Salih-Kapak.jpg?resize=525%2C300&ssl=1 1.5x, https:\/\/i0.wp.com\/sarimelekler.biz\/wp-content\/uploads\/2019\/03\/Ayten-Salih-Kapak.jpg?resize=700%2C400&ssl=1 2x, https:\/\/i0.wp.com\/sarimelekler.biz\/wp-content\/uploads\/2019\/03\/Ayten-Salih-Kapak.jpg?resize=1050%2C600&ssl=1 3x, https:\/\/i0.wp.com\/sarimelekler.biz\/wp-content\/uploads\/2019\/03\/Ayten-Salih-Kapak.jpg?resize=1400%2C800&ssl=1 4x"},"classes":[]},{"id":13234,"url":"https:\/\/sarimelekler.biz\/?p=13234","url_meta":{"origin":10459,"position":3},"title":"Fenerbah\u00e7e Opet:3 \u2013 PTT Spor:0","author":"Edit\u00f6r","date":"8 Mart 2020","format":false,"excerpt":"Fenerbah\u00e7e Opet Kad\u0131n Voleybol Tak\u0131m\u0131m\u0131z Vestel Venus Sultanlar Ligi 21. hafta ma\u00e7\u0131nda kar\u015f\u0131la\u015ft\u0131\u011f\u0131 PTT Spor tak\u0131m\u0131n\u0131 25 \u2013 15, 25 \u2013 12 ve 25 \u2013 19\u2019lik set skorlar\u0131yla 3-0 ma\u011flup etti. Ma\u00e7a Eda, Naz, Thompson, Vargas, Dicle, Robinson ve libero Aylin kadrosuyla ba\u015flayan tak\u0131m\u0131m\u0131zda Fatma ve \u0130par\u2019da s\u00fcre ald\u0131. Sakatl\u0131klar\u0131\u2026","rel":"","context":"&quot;T\u00fcrkiye Ligi&quot; i\u00e7inde","block_context":{"text":"T\u00fcrkiye Ligi","link":"https:\/\/sarimelekler.biz\/?cat=6"},"img":{"alt_text":"","src":"https:\/\/i0.wp.com\/sarimelekler.biz\/wp-content\/uploads\/2020\/03\/21-19-20-33.jpg?resize=350%2C200&ssl=1","width":350,"height":200,"srcset":"https:\/\/i0.wp.com\/sarimelekler.biz\/wp-content\/uploads\/2020\/03\/21-19-20-33.jpg?resize=350%2C200&ssl=1 1x, https:\/\/i0.wp.com\/sarimelekler.biz\/wp-content\/uploads\/2020\/03\/21-19-20-33.jpg?resize=525%2C300&ssl=1 1.5x, https:\/\/i0.wp.com\/sarimelekler.biz\/wp-content\/uploads\/2020\/03\/21-19-20-33.jpg?resize=700%2C400&ssl=1 2x, https:\/\/i0.wp.com\/sarimelekler.biz\/wp-content\/uploads\/2020\/03\/21-19-20-33.jpg?resize=1050%2C600&ssl=1 3x, https:\/\/i0.wp.com\/sarimelekler.biz\/wp-content\/uploads\/2020\/03\/21-19-20-33.jpg?resize=1400%2C800&ssl=1 4x"},"classes":[]},{"id":10586,"url":"https:\/\/sarimelekler.biz\/?p=10586","url_meta":{"origin":10459,"position":4},"title":"#Sar\u0131Melekler \u015eampiyonlar Liginde Yar\u0131 Finale Y\u00fckseldi. Fenerbah\u00e7e Opet:3 -S.D.B. Scandicci:2","author":"Edit\u00f6r","date":"20 Mart 2019","format":false,"excerpt":"Yakla\u015f\u0131k 3500 taraftar\u0131m\u0131z\u0131n izledi\u011fi ma\u00e7ta Fenerbah\u00e7e Opet Kad\u0131n Voleybol Tak\u0131m\u0131m\u0131z Cev \u015eampiyonlar Ligi \u00c7eyrek Final ikinci ma\u00e7\u0131nda kar\u015f\u0131la\u015ft\u0131\u011f\u0131 \u0130talyan temsilcisi Savino Del Bene Scandicci tak\u0131m\u0131n\u0131 2-0 geriye d\u00fc\u015fmesine ra\u011fmen 19 \u2013 25, 26 \u2013 28, 25 \u2013 22, 25 \u2013 17 ve 15 \u2013 8\u2019lik set skorlar\u0131yla 3-2 ma\u011flup ederek\u2026","rel":"","context":"&quot;Avrupa Kupalar\u0131&quot; i\u00e7inde","block_context":{"text":"Avrupa Kupalar\u0131","link":"https:\/\/sarimelekler.biz\/?cat=1"},"img":{"alt_text":"","src":"https:\/\/i0.wp.com\/sarimelekler.biz\/wp-content\/uploads\/2019\/03\/8-18-19-CL-96.jpg?resize=350%2C200&ssl=1","width":350,"height":200,"srcset":"https:\/\/i0.wp.com\/sarimelekler.biz\/wp-content\/uploads\/2019\/03\/8-18-19-CL-96.jpg?resize=350%2C200&ssl=1 1x, https:\/\/i0.wp.com\/sarimelekler.biz\/wp-content\/uploads\/2019\/03\/8-18-19-CL-96.jpg?resize=525%2C300&ssl=1 1.5x, https:\/\/i0.wp.com\/sarimelekler.biz\/wp-content\/uploads\/2019\/03\/8-18-19-CL-96.jpg?resize=700%2C400&ssl=1 2x, https:\/\/i0.wp.com\/sarimelekler.biz\/wp-content\/uploads\/2019\/03\/8-18-19-CL-96.jpg?resize=1050%2C600&ssl=1 3x, https:\/\/i0.wp.com\/sarimelekler.biz\/wp-content\/uploads\/2019\/03\/8-18-19-CL-96.jpg?resize=1400%2C800&ssl=1 4x"},"classes":[]},{"id":15978,"url":"https:\/\/sarimelekler.biz\/?p=15978","url_meta":{"origin":10459,"position":5},"title":"Kad\u0131n Voleybol Tak\u0131mlar\u0131m\u0131z Topuk Yaylas\u0131 Tesislerimizde \u00c7al\u0131\u015fmalara Ba\u015fl\u0131yor","author":"Edit\u00f6r","date":"17 A\u011fustos 2021","format":false,"excerpt":"Fenerbah\u00e7e Opet Kad\u0131n Voleybol Tak\u0131m\u0131m\u0131z, 1.Lig Fenerbah\u00e7e Terrazzo Kad\u0131n Voleybol Tak\u0131m\u0131m\u0131z ve 2.Lig Kad\u0131n Voleybol Tak\u0131m\u0131m\u0131z bug\u00fcn itibar\u0131yla sezon haz\u0131rl\u0131klar\u0131 i\u00e7in D\u00fczce\u2019nin Kayna\u015fl\u0131 il\u00e7esinde bulunan Serkan Acar Resort&Sport Topuk Yaylas\u0131 Tesislerine gitti. Tak\u0131mlar\u0131m\u0131z bir hafta s\u00fcreyle \u00e7al\u0131\u015fmalar\u0131n\u0131 s\u00fcrd\u00fcrecek. Fenerbah\u00e7e Opet Kad\u0131n Voleybol Tak\u0131m\u0131m\u0131zda, Milli Tak\u0131mlarda bulunan oyuncular ve ba\u015fantren\u00f6r\u00fcm\u00fcz yoklu\u011funda,\u2026","rel":"","context":"&quot;Haberler&quot; i\u00e7inde","block_context":{"text":"Haberler","link":"https:\/\/sarimelekler.biz\/?cat=7"},"img":{"alt_text":"","src":"https:\/\/i0.wp.com\/sarimelekler.biz\/wp-content\/uploads\/2021\/08\/Topuk-Yaylasi-21-22-1.jpg?resize=350%2C200&ssl=1","width":350,"height":200,"srcset":"https:\/\/i0.wp.com\/sarimelekler.biz\/wp-content\/uploads\/2021\/08\/Topuk-Yaylasi-21-22-1.jpg?resize=350%2C200&ssl=1 1x, https:\/\/i0.wp.com\/sarimelekler.biz\/wp-content\/uploads\/2021\/08\/Topuk-Yaylasi-21-22-1.jpg?resize=525%2C300&ssl=1 1.5x, https:\/\/i0.wp.com\/sarimelekler.biz\/wp-content\/uploads\/2021\/08\/Topuk-Yaylasi-21-22-1.jpg?resize=700%2C400&ssl=1 2x, https:\/\/i0.wp.com\/sarimelekler.biz\/wp-content\/uploads\/2021\/08\/Topuk-Yaylasi-21-22-1.jpg?resize=1050%2C600&ssl=1 3x, https:\/\/i0.wp.com\/sarimelekler.biz\/wp-content\/uploads\/2021\/08\/Topuk-Yaylasi-21-22-1.jpg?resize=1400%2C800&ssl=1 4x"},"classes":[]}],"_links":{"self":[{"href":"https:\/\/sarimelekler.biz\/index.php?rest_route=\/wp\/v2\/posts\/10459","targetHints":{"allow":["GET"]}}],"collection":[{"href":"https:\/\/sarimelekler.biz\/index.php?rest_route=\/wp\/v2\/posts"}],"about":[{"href":"https:\/\/sarimelekler.biz\/index.php?rest_route=\/wp\/v2\/types\/post"}],"author":[{"embeddable":true,"href":"https:\/\/sarimelekler.biz\/index.php?rest_route=\/wp\/v2\/users\/1"}],"replies":[{"embeddable":true,"href":"https:\/\/sarimelekler.biz\/index.php?rest_route=%2Fwp%2Fv2%2Fcomments&post=10459"}],"version-history":[{"count":2,"href":"https:\/\/sarimelekler.biz\/index.php?rest_route=\/wp\/v2\/posts\/10459\/revisions"}],"predecessor-version":[{"id":10461,"href":"https:\/\/sarimelekler.biz\/index.php?rest_route=\/wp\/v2\/posts\/10459\/revisions\/10461"}],"wp:featuredmedia":[{"embeddable":true,"href":"https:\/\/sarimelekler.biz\/index.php?rest_route=\/wp\/v2\/media\/10414"}],"wp:attachment":[{"href":"https:\/\/sarimelekler.biz\/index.php?rest_route=%2Fwp%2Fv2%2Fmedia&parent=10459"}],"wp:term":[{"taxonomy":"category","embeddable":true,"href":"https:\/\/sarimelekler.biz\/index.php?rest_route=%2Fwp%2Fv2%2Fcategories&post=10459"},{"taxonomy":"post_tag","embeddable":true,"href":"https:\/\/sarimelekler.biz\/index.php?rest_route=%2Fwp%2Fv2%2Ftags&post=10459"}],"curies":[{"name":"wp","href":"https:\/\/api.w.org\/{rel}","templated":true}]}}