{"id":10572,"date":"2019-03-19T17:32:57","date_gmt":"2019-03-19T14:32:57","guid":{"rendered":"http:\/\/sarimelekler.biz\/?p=10572"},"modified":"2019-05-08T23:16:23","modified_gmt":"2019-05-08T20:16:23","slug":"efsanemiz-ayten-salih-scandicci-maci-oncesi-sari-melekleri-ziyaret-etti","status":"publish","type":"post","link":"https:\/\/sarimelekler.biz\/?p=10572","title":{"rendered":"Efsanemiz Ayten Salih, Scandicci ma\u00e7\u0131 \u00f6ncesi Sar\u0131 Melekleri ziyaret etti"},"content":{"rendered":"<p style=\"text-align: justify;\">Fenerbah\u00e7e Opet Kad\u0131n Voleybol Tak\u0131m\u0131m\u0131z\u0131n, CEV \u015eampiyonlar Ligi \u00e7eyrek final r\u00f6van\u015f ma\u00e7\u0131nda \u0130talyan ekibi Savino Del Bene Scandicci ile 19 Mart Sal\u0131 g\u00fcn\u00fc Burhan Felek Voleybol Salonu\u2019nda oynayaca\u011f\u0131 ma\u00e7 \u00f6ncesi yapt\u0131\u011f\u0131 son antrenmanda s\u00fcrpriz bir konu\u011fu vard\u0131.<\/p>\n<p style=\"text-align: justify;\">1954 y\u0131l\u0131nda Fenerbah\u00e7emizin Voleybol ve Basketbol Tak\u0131mlar\u0131n\u0131n kurulmas\u0131na \u00f6nc\u00fcl\u00fck eden Ayten Salih, Savino Del Bene Scandicci kar\u015f\u0131la\u015fmas\u0131 \u00f6ncesi Sar\u0131 Melekleri ziyaret etti.<\/p>\n<p style=\"text-align: justify;\">Antrenman \u00f6ncesinde oyuncular\u0131m\u0131zla bir araya gelerek motivasyon konu\u015fmas\u0131 yapan Ayten Salih\u2019e; Fenerbah\u00e7e Opet Kad\u0131n Voleybol Tak\u0131m\u0131m\u0131z\u0131n Kaptan\u0131 Eda Erdem D\u00fcndar forma hediye etti. Tarihimize iz b\u0131rakan kad\u0131n sporcular\u0131m\u0131zdan biri olan Ayten Salih, tak\u0131m\u0131m\u0131z\u0131n antrenman\u0131n\u0131 da takip etti ve oyuncular\u0131m\u0131zla hat\u0131ra foto\u011fraf\u0131 \u00e7ektirdi.<\/p>\n<iframe loading=\"lazy\"  id=\"_ytid_64109\"  width=\"860\" height=\"484\"  data-origwidth=\"860\" data-origheight=\"484\" src=\"https:\/\/www.youtube.com\/embed\/RZd0le_2Ptk?enablejsapi=1&autoplay=0&cc_load_policy=0&cc_lang_pref=&iv_load_policy=1&loop=0&rel=1&fs=1&playsinline=0&autohide=2&theme=dark&color=red&controls=1&disablekb=0&\" class=\"__youtube_prefs__  no-lazyload\" title=\"YouTube player\"  allow=\"fullscreen; accelerometer; autoplay; clipboard-write; encrypted-media; gyroscope; picture-in-picture; web-share\" referrerpolicy=\"strict-origin-when-cross-origin\" allowfullscreen data-no-lazy=\"1\" data-skipgform_ajax_framebjll=\"\"><\/iframe>\n\n\t\t<style type=\"text\/css\">\n\t\t\t#gallery-1 {\n\t\t\t\tmargin: auto;\n\t\t\t}\n\t\t\t#gallery-1 .gallery-item {\n\t\t\t\tfloat: left;\n\t\t\t\tmargin-top: 10px;\n\t\t\t\ttext-align: center;\n\t\t\t\twidth: 20%;\n\t\t\t}\n\t\t\t#gallery-1 img {\n\t\t\t\tborder: 2px solid #cfcfcf;\n\t\t\t}\n\t\t\t#gallery-1 .gallery-caption {\n\t\t\t\tmargin-left: 0;\n\t\t\t}\n\t\t\t\/* see gallery_shortcode() in wp-includes\/media.php *\/\n\t\t<\/style>\n\t\t<div data-carousel-extra='{&quot;blog_id&quot;:1,&quot;permalink&quot;:&quot;https:\/\/sarimelekler.biz\/?p=10572&quot;}' id='gallery-1' class='gallery galleryid-10572 gallery-columns-5 gallery-size-thumbnail'><dl class='gallery-item'>\n\t\t\t<dt class='gallery-icon portrait'>\n\t\t\t\t<a href='https:\/\/sarimelekler.biz\/?attachment_id=10573'><img loading=\"lazy\" decoding=\"async\" width=\"150\" height=\"150\" src=\"https:\/\/sarimelekler.biz\/wp-content\/uploads\/2019\/03\/8-18-19-CL-24-150x150.jpg\" class=\"attachment-thumbnail size-thumbnail\" alt=\"\" data-attachment-id=\"10573\" data-permalink=\"https:\/\/sarimelekler.biz\/?attachment_id=10573\" data-orig-file=\"https:\/\/sarimelekler.biz\/wp-content\/uploads\/2019\/03\/8-18-19-CL-24.jpg\" data-orig-size=\"2500,2631\" data-comments-opened=\"0\" data-image-meta=\"{&quot;aperture&quot;:&quot;3.2&quot;,&quot;credit&quot;:&quot;TOLGA OVALI&quot;,&quot;camera&quot;:&quot;Canon EOS-1D X Mark II&quot;,&quot;caption&quot;:&quot;&quot;,&quot;created_timestamp&quot;:&quot;1552932875&quot;,&quot;copyright&quot;:&quot;fenerbahcedergisi\/org&quot;,&quot;focal_length&quot;:&quot;16&quot;,&quot;iso&quot;:&quot;1250&quot;,&quot;shutter_speed&quot;:&quot;0.004&quot;,&quot;title&quot;:&quot;&quot;,&quot;orientation&quot;:&quot;1&quot;}\" data-image-title=\"8 &amp;#8211; 18-19 CL (24)\" data-image-description=\"\" data-image-caption=\"\" data-large-file=\"https:\/\/sarimelekler.biz\/wp-content\/uploads\/2019\/03\/8-18-19-CL-24-973x1024.jpg\" \/><\/a>\n\t\t\t<\/dt><\/dl><dl class='gallery-item'>\n\t\t\t<dt class='gallery-icon landscape'>\n\t\t\t\t<a href='https:\/\/sarimelekler.biz\/?attachment_id=10574'><img loading=\"lazy\" decoding=\"async\" width=\"150\" height=\"150\" src=\"https:\/\/sarimelekler.biz\/wp-content\/uploads\/2019\/03\/8-18-19-CL-25-150x150.jpg\" class=\"attachment-thumbnail size-thumbnail\" alt=\"\" data-attachment-id=\"10574\" data-permalink=\"https:\/\/sarimelekler.biz\/?attachment_id=10574\" data-orig-file=\"https:\/\/sarimelekler.biz\/wp-content\/uploads\/2019\/03\/8-18-19-CL-25.jpg\" data-orig-size=\"2500,2257\" data-comments-opened=\"0\" data-image-meta=\"{&quot;aperture&quot;:&quot;3.2&quot;,&quot;credit&quot;:&quot;TOLGA OVALI&quot;,&quot;camera&quot;:&quot;Canon EOS-1D X Mark II&quot;,&quot;caption&quot;:&quot;&quot;,&quot;created_timestamp&quot;:&quot;1552932880&quot;,&quot;copyright&quot;:&quot;fenerbahcedergisi\/org&quot;,&quot;focal_length&quot;:&quot;16&quot;,&quot;iso&quot;:&quot;1250&quot;,&quot;shutter_speed&quot;:&quot;0.004&quot;,&quot;title&quot;:&quot;&quot;,&quot;orientation&quot;:&quot;1&quot;}\" data-image-title=\"8 &amp;#8211; 18-19 CL (25)\" data-image-description=\"\" data-image-caption=\"\" data-large-file=\"https:\/\/sarimelekler.biz\/wp-content\/uploads\/2019\/03\/8-18-19-CL-25-1024x924.jpg\" \/><\/a>\n\t\t\t<\/dt><\/dl><dl class='gallery-item'>\n\t\t\t<dt class='gallery-icon landscape'>\n\t\t\t\t<a href='https:\/\/sarimelekler.biz\/?attachment_id=10575'><img loading=\"lazy\" decoding=\"async\" width=\"150\" height=\"150\" src=\"https:\/\/sarimelekler.biz\/wp-content\/uploads\/2019\/03\/8-18-19-CL-26-150x150.jpg\" class=\"attachment-thumbnail size-thumbnail\" alt=\"\" data-attachment-id=\"10575\" data-permalink=\"https:\/\/sarimelekler.biz\/?attachment_id=10575\" data-orig-file=\"https:\/\/sarimelekler.biz\/wp-content\/uploads\/2019\/03\/8-18-19-CL-26.jpg\" data-orig-size=\"2500,2330\" data-comments-opened=\"0\" data-image-meta=\"{&quot;aperture&quot;:&quot;3.2&quot;,&quot;credit&quot;:&quot;TOLGA OVALI&quot;,&quot;camera&quot;:&quot;Canon EOS-1D X Mark II&quot;,&quot;caption&quot;:&quot;&quot;,&quot;created_timestamp&quot;:&quot;1552932888&quot;,&quot;copyright&quot;:&quot;fenerbahcedergisi\/org&quot;,&quot;focal_length&quot;:&quot;16&quot;,&quot;iso&quot;:&quot;1250&quot;,&quot;shutter_speed&quot;:&quot;0.004&quot;,&quot;title&quot;:&quot;&quot;,&quot;orientation&quot;:&quot;1&quot;}\" data-image-title=\"8 &amp;#8211; 18-19 CL (26)\" data-image-description=\"\" data-image-caption=\"\" data-large-file=\"https:\/\/sarimelekler.biz\/wp-content\/uploads\/2019\/03\/8-18-19-CL-26-1024x954.jpg\" \/><\/a>\n\t\t\t<\/dt><\/dl><dl class='gallery-item'>\n\t\t\t<dt class='gallery-icon portrait'>\n\t\t\t\t<a href='https:\/\/sarimelekler.biz\/?attachment_id=10576'><img loading=\"lazy\" decoding=\"async\" width=\"150\" height=\"150\" src=\"https:\/\/sarimelekler.biz\/wp-content\/uploads\/2019\/03\/8-18-19-CL-27-150x150.jpg\" class=\"attachment-thumbnail size-thumbnail\" alt=\"\" data-attachment-id=\"10576\" data-permalink=\"https:\/\/sarimelekler.biz\/?attachment_id=10576\" data-orig-file=\"https:\/\/sarimelekler.biz\/wp-content\/uploads\/2019\/03\/8-18-19-CL-27.jpg\" data-orig-size=\"2500,3455\" data-comments-opened=\"0\" data-image-meta=\"{&quot;aperture&quot;:&quot;3.2&quot;,&quot;credit&quot;:&quot;TOLGA OVALI&quot;,&quot;camera&quot;:&quot;Canon EOS-1D X Mark II&quot;,&quot;caption&quot;:&quot;&quot;,&quot;created_timestamp&quot;:&quot;1552932893&quot;,&quot;copyright&quot;:&quot;fenerbahcedergisi\/org&quot;,&quot;focal_length&quot;:&quot;23&quot;,&quot;iso&quot;:&quot;1250&quot;,&quot;shutter_speed&quot;:&quot;0.004&quot;,&quot;title&quot;:&quot;&quot;,&quot;orientation&quot;:&quot;1&quot;}\" data-image-title=\"8 &amp;#8211; 18-19 CL (27)\" data-image-description=\"\" data-image-caption=\"\" data-large-file=\"https:\/\/sarimelekler.biz\/wp-content\/uploads\/2019\/03\/8-18-19-CL-27-741x1024.jpg\" \/><\/a>\n\t\t\t<\/dt><\/dl><dl class='gallery-item'>\n\t\t\t<dt class='gallery-icon landscape'>\n\t\t\t\t<a href='https:\/\/sarimelekler.biz\/?attachment_id=10577'><img loading=\"lazy\" decoding=\"async\" width=\"150\" height=\"150\" src=\"https:\/\/sarimelekler.biz\/wp-content\/uploads\/2019\/03\/8-18-19-CL-28-150x150.jpg\" class=\"attachment-thumbnail size-thumbnail\" alt=\"\" data-attachment-id=\"10577\" data-permalink=\"https:\/\/sarimelekler.biz\/?attachment_id=10577\" data-orig-file=\"https:\/\/sarimelekler.biz\/wp-content\/uploads\/2019\/03\/8-18-19-CL-28.jpg\" data-orig-size=\"2500,1501\" data-comments-opened=\"0\" data-image-meta=\"{&quot;aperture&quot;:&quot;3.2&quot;,&quot;credit&quot;:&quot;TOLGA OVALI&quot;,&quot;camera&quot;:&quot;Canon EOS-1D X Mark II&quot;,&quot;caption&quot;:&quot;&quot;,&quot;created_timestamp&quot;:&quot;1552932907&quot;,&quot;copyright&quot;:&quot;fenerbahcedergisi\/org&quot;,&quot;focal_length&quot;:&quot;16&quot;,&quot;iso&quot;:&quot;1250&quot;,&quot;shutter_speed&quot;:&quot;0.004&quot;,&quot;title&quot;:&quot;&quot;,&quot;orientation&quot;:&quot;1&quot;}\" data-image-title=\"8 &amp;#8211; 18-19 CL (28)\" data-image-description=\"\" data-image-caption=\"\" data-large-file=\"https:\/\/sarimelekler.biz\/wp-content\/uploads\/2019\/03\/8-18-19-CL-28-1024x615.jpg\" \/><\/a>\n\t\t\t<\/dt><\/dl><br style=\"clear: both\" \/><dl class='gallery-item'>\n\t\t\t<dt class='gallery-icon portrait'>\n\t\t\t\t<a href='https:\/\/sarimelekler.biz\/?attachment_id=10578'><img loading=\"lazy\" decoding=\"async\" width=\"150\" height=\"150\" src=\"https:\/\/sarimelekler.biz\/wp-content\/uploads\/2019\/03\/8-18-19-CL-29-150x150.jpg\" class=\"attachment-thumbnail size-thumbnail\" alt=\"\" data-attachment-id=\"10578\" data-permalink=\"https:\/\/sarimelekler.biz\/?attachment_id=10578\" data-orig-file=\"https:\/\/sarimelekler.biz\/wp-content\/uploads\/2019\/03\/8-18-19-CL-29.jpg\" data-orig-size=\"2500,2563\" data-comments-opened=\"0\" data-image-meta=\"{&quot;aperture&quot;:&quot;3.2&quot;,&quot;credit&quot;:&quot;TOLGA OVALI&quot;,&quot;camera&quot;:&quot;Canon EOS-1D X Mark II&quot;,&quot;caption&quot;:&quot;&quot;,&quot;created_timestamp&quot;:&quot;1552932923&quot;,&quot;copyright&quot;:&quot;fenerbahcedergisi\/org&quot;,&quot;focal_length&quot;:&quot;23&quot;,&quot;iso&quot;:&quot;1250&quot;,&quot;shutter_speed&quot;:&quot;0.004&quot;,&quot;title&quot;:&quot;&quot;,&quot;orientation&quot;:&quot;1&quot;}\" data-image-title=\"8 &amp;#8211; 18-19 CL (29)\" data-image-description=\"\" data-image-caption=\"\" data-large-file=\"https:\/\/sarimelekler.biz\/wp-content\/uploads\/2019\/03\/8-18-19-CL-29-999x1024.jpg\" \/><\/a>\n\t\t\t<\/dt><\/dl><dl class='gallery-item'>\n\t\t\t<dt class='gallery-icon landscape'>\n\t\t\t\t<a href='https:\/\/sarimelekler.biz\/?attachment_id=10579'><img loading=\"lazy\" decoding=\"async\" width=\"150\" height=\"150\" src=\"https:\/\/sarimelekler.biz\/wp-content\/uploads\/2019\/03\/8-18-19-CL-30-150x150.jpg\" class=\"attachment-thumbnail size-thumbnail\" alt=\"\" data-attachment-id=\"10579\" data-permalink=\"https:\/\/sarimelekler.biz\/?attachment_id=10579\" data-orig-file=\"https:\/\/sarimelekler.biz\/wp-content\/uploads\/2019\/03\/8-18-19-CL-30.jpg\" data-orig-size=\"2500,1520\" data-comments-opened=\"0\" data-image-meta=\"{&quot;aperture&quot;:&quot;3.2&quot;,&quot;credit&quot;:&quot;TOLGA OVALI&quot;,&quot;camera&quot;:&quot;Canon EOS-1D X Mark II&quot;,&quot;caption&quot;:&quot;&quot;,&quot;created_timestamp&quot;:&quot;1552932936&quot;,&quot;copyright&quot;:&quot;fenerbahcedergisi\/org&quot;,&quot;focal_length&quot;:&quot;16&quot;,&quot;iso&quot;:&quot;1250&quot;,&quot;shutter_speed&quot;:&quot;0.004&quot;,&quot;title&quot;:&quot;&quot;,&quot;orientation&quot;:&quot;1&quot;}\" data-image-title=\"8 &amp;#8211; 18-19 CL (30)\" data-image-description=\"\" data-image-caption=\"\" data-large-file=\"https:\/\/sarimelekler.biz\/wp-content\/uploads\/2019\/03\/8-18-19-CL-30-1024x623.jpg\" \/><\/a>\n\t\t\t<\/dt><\/dl><dl class='gallery-item'>\n\t\t\t<dt class='gallery-icon landscape'>\n\t\t\t\t<a href='https:\/\/sarimelekler.biz\/?attachment_id=10580'><img loading=\"lazy\" decoding=\"async\" width=\"150\" height=\"150\" src=\"https:\/\/sarimelekler.biz\/wp-content\/uploads\/2019\/03\/8-18-19-CL-31-150x150.jpg\" class=\"attachment-thumbnail size-thumbnail\" alt=\"\" data-attachment-id=\"10580\" data-permalink=\"https:\/\/sarimelekler.biz\/?attachment_id=10580\" data-orig-file=\"https:\/\/sarimelekler.biz\/wp-content\/uploads\/2019\/03\/8-18-19-CL-31.jpg\" data-orig-size=\"2500,1657\" data-comments-opened=\"0\" data-image-meta=\"{&quot;aperture&quot;:&quot;3.2&quot;,&quot;credit&quot;:&quot;TOLGA OVALI&quot;,&quot;camera&quot;:&quot;Canon EOS-1D X Mark II&quot;,&quot;caption&quot;:&quot;&quot;,&quot;created_timestamp&quot;:&quot;1552932973&quot;,&quot;copyright&quot;:&quot;fenerbahcedergisi\/org&quot;,&quot;focal_length&quot;:&quot;16&quot;,&quot;iso&quot;:&quot;1250&quot;,&quot;shutter_speed&quot;:&quot;0.004&quot;,&quot;title&quot;:&quot;&quot;,&quot;orientation&quot;:&quot;1&quot;}\" data-image-title=\"8 &amp;#8211; 18-19 CL (31)\" data-image-description=\"\" data-image-caption=\"\" data-large-file=\"https:\/\/sarimelekler.biz\/wp-content\/uploads\/2019\/03\/8-18-19-CL-31-1024x679.jpg\" \/><\/a>\n\t\t\t<\/dt><\/dl><dl class='gallery-item'>\n\t\t\t<dt class='gallery-icon landscape'>\n\t\t\t\t<a href='https:\/\/sarimelekler.biz\/?attachment_id=10581'><img loading=\"lazy\" decoding=\"async\" width=\"150\" height=\"150\" src=\"https:\/\/sarimelekler.biz\/wp-content\/uploads\/2019\/03\/8-18-19-CL-32-150x150.jpg\" class=\"attachment-thumbnail size-thumbnail\" alt=\"\" data-attachment-id=\"10581\" data-permalink=\"https:\/\/sarimelekler.biz\/?attachment_id=10581\" data-orig-file=\"https:\/\/sarimelekler.biz\/wp-content\/uploads\/2019\/03\/8-18-19-CL-32.jpg\" data-orig-size=\"2500,2129\" data-comments-opened=\"0\" data-image-meta=\"{&quot;aperture&quot;:&quot;3.2&quot;,&quot;credit&quot;:&quot;TOLGA OVALI&quot;,&quot;camera&quot;:&quot;Canon EOS-1D X Mark II&quot;,&quot;caption&quot;:&quot;&quot;,&quot;created_timestamp&quot;:&quot;1552932989&quot;,&quot;copyright&quot;:&quot;fenerbahcedergisi\/org&quot;,&quot;focal_length&quot;:&quot;23&quot;,&quot;iso&quot;:&quot;1250&quot;,&quot;shutter_speed&quot;:&quot;0.004&quot;,&quot;title&quot;:&quot;&quot;,&quot;orientation&quot;:&quot;1&quot;}\" data-image-title=\"8 &amp;#8211; 18-19 CL (32)\" data-image-description=\"\" data-image-caption=\"\" data-large-file=\"https:\/\/sarimelekler.biz\/wp-content\/uploads\/2019\/03\/8-18-19-CL-32-1024x872.jpg\" \/><\/a>\n\t\t\t<\/dt><\/dl><dl class='gallery-item'>\n\t\t\t<dt class='gallery-icon landscape'>\n\t\t\t\t<a href='https:\/\/sarimelekler.biz\/?attachment_id=10582'><img loading=\"lazy\" decoding=\"async\" width=\"150\" height=\"150\" src=\"https:\/\/sarimelekler.biz\/wp-content\/uploads\/2019\/03\/8-18-19-CL-33-150x150.jpg\" class=\"attachment-thumbnail size-thumbnail\" alt=\"\" data-attachment-id=\"10582\" data-permalink=\"https:\/\/sarimelekler.biz\/?attachment_id=10582\" data-orig-file=\"https:\/\/sarimelekler.biz\/wp-content\/uploads\/2019\/03\/8-18-19-CL-33.jpg\" data-orig-size=\"2500,2378\" data-comments-opened=\"0\" data-image-meta=\"{&quot;aperture&quot;:&quot;3.2&quot;,&quot;credit&quot;:&quot;TOLGA OVALI&quot;,&quot;camera&quot;:&quot;Canon EOS-1D X Mark II&quot;,&quot;caption&quot;:&quot;&quot;,&quot;created_timestamp&quot;:&quot;1552932997&quot;,&quot;copyright&quot;:&quot;fenerbahcedergisi\/org&quot;,&quot;focal_length&quot;:&quot;16&quot;,&quot;iso&quot;:&quot;1250&quot;,&quot;shutter_speed&quot;:&quot;0.004&quot;,&quot;title&quot;:&quot;&quot;,&quot;orientation&quot;:&quot;1&quot;}\" data-image-title=\"8 &amp;#8211; 18-19 CL (33)\" data-image-description=\"\" data-image-caption=\"\" data-large-file=\"https:\/\/sarimelekler.biz\/wp-content\/uploads\/2019\/03\/8-18-19-CL-33-1024x974.jpg\" \/><\/a>\n\t\t\t<\/dt><\/dl><br style=\"clear: both\" \/><dl class='gallery-item'>\n\t\t\t<dt class='gallery-icon landscape'>\n\t\t\t\t<a href='https:\/\/sarimelekler.biz\/?attachment_id=10583'><img loading=\"lazy\" decoding=\"async\" width=\"150\" height=\"150\" src=\"https:\/\/sarimelekler.biz\/wp-content\/uploads\/2019\/03\/8-18-19-CL-34-150x150.jpg\" class=\"attachment-thumbnail size-thumbnail\" alt=\"\" data-attachment-id=\"10583\" data-permalink=\"https:\/\/sarimelekler.biz\/?attachment_id=10583\" data-orig-file=\"https:\/\/sarimelekler.biz\/wp-content\/uploads\/2019\/03\/8-18-19-CL-34.jpg\" data-orig-size=\"2500,1717\" data-comments-opened=\"0\" data-image-meta=\"{&quot;aperture&quot;:&quot;3.2&quot;,&quot;credit&quot;:&quot;TOLGA OVALI&quot;,&quot;camera&quot;:&quot;Canon EOS-1D X Mark II&quot;,&quot;caption&quot;:&quot;&quot;,&quot;created_timestamp&quot;:&quot;1552933510&quot;,&quot;copyright&quot;:&quot;fenerbahcedergisi\/org&quot;,&quot;focal_length&quot;:&quot;200&quot;,&quot;iso&quot;:&quot;1250&quot;,&quot;shutter_speed&quot;:&quot;0.00625&quot;,&quot;title&quot;:&quot;&quot;,&quot;orientation&quot;:&quot;1&quot;}\" data-image-title=\"8 &amp;#8211; 18-19 CL (34)\" data-image-description=\"\" data-image-caption=\"\" data-large-file=\"https:\/\/sarimelekler.biz\/wp-content\/uploads\/2019\/03\/8-18-19-CL-34-1024x703.jpg\" \/><\/a>\n\t\t\t<\/dt><\/dl>\n\t\t\t<br style='clear: both' \/>\n\t\t<\/div>\n\n<p>Kaynak:\u00a0<a href=\"https:\/\/www.fenerbahce.org\/haberler\/voleybol-kadin\/2019\/3\/ayten-salih-scandicci-maci-oncesi-sari-melekleri-ziyaret-etti\" target=\"_blank\" rel=\"noopener\">Fenerbah\u00e7e SK Resmi \u0130nternet Sitesi<\/a><\/p>\n<p style=\"text-align: right;\">18.03.2019<\/p>\n","protected":false},"excerpt":{"rendered":"<p>Fenerbah\u00e7e Opet Kad\u0131n Voleybol Tak\u0131m\u0131m\u0131z\u0131n, CEV \u015eampiyonlar Ligi \u00e7eyrek final \u2026 <a class=\"continue-reading-link\" href=\"https:\/\/sarimelekler.biz\/?p=10572\">Okumaya Devam Et.. <span class=\"meta-nav\">&rarr; <\/span><\/a><\/p>\n","protected":false},"author":1,"featured_media":10584,"comment_status":"closed","ping_status":"open","sticky":false,"template":"","format":"standard","meta":{"jetpack_post_was_ever_published":false,"_jetpack_newsletter_access":"","_jetpack_dont_email_post_to_subs":false,"_jetpack_newsletter_tier_id":0,"_jetpack_memberships_contains_paywalled_content":false,"_jetpack_memberships_contains_paid_content":false,"footnotes":"","jetpack_publicize_message":"","jetpack_publicize_feature_enabled":true,"jetpack_social_post_already_shared":true,"jetpack_social_options":{"image_generator_settings":{"template":"highway","default_image_id":0,"font":"","enabled":false},"version":2}},"categories":[1],"tags":[],"class_list":["post-10572","post","type-post","status-publish","format-standard","has-post-thumbnail","hentry","category-avp"],"jetpack_publicize_connections":[],"jetpack_featured_media_url":"https:\/\/sarimelekler.biz\/wp-content\/uploads\/2019\/03\/Ayten-Salih-Kapak.jpg","jetpack_sharing_enabled":true,"jetpack_shortlink":"https:\/\/wp.me\/p8npUZ-2Kw","jetpack-related-posts":[{"id":10586,"url":"https:\/\/sarimelekler.biz\/?p=10586","url_meta":{"origin":10572,"position":0},"title":"#Sar\u0131Melekler \u015eampiyonlar Liginde Yar\u0131 Finale Y\u00fckseldi. Fenerbah\u00e7e Opet:3 -S.D.B. Scandicci:2","author":"Edit\u00f6r","date":"20 Mart 2019","format":false,"excerpt":"Yakla\u015f\u0131k 3500 taraftar\u0131m\u0131z\u0131n izledi\u011fi ma\u00e7ta Fenerbah\u00e7e Opet Kad\u0131n Voleybol Tak\u0131m\u0131m\u0131z Cev \u015eampiyonlar Ligi \u00c7eyrek Final ikinci ma\u00e7\u0131nda kar\u015f\u0131la\u015ft\u0131\u011f\u0131 \u0130talyan temsilcisi Savino Del Bene Scandicci tak\u0131m\u0131n\u0131 2-0 geriye d\u00fc\u015fmesine ra\u011fmen 19 \u2013 25, 26 \u2013 28, 25 \u2013 22, 25 \u2013 17 ve 15 \u2013 8\u2019lik set skorlar\u0131yla 3-2 ma\u011flup ederek\u2026","rel":"","context":"&quot;Avrupa Kupalar\u0131&quot; i\u00e7inde","block_context":{"text":"Avrupa Kupalar\u0131","link":"https:\/\/sarimelekler.biz\/?cat=1"},"img":{"alt_text":"","src":"https:\/\/i0.wp.com\/sarimelekler.biz\/wp-content\/uploads\/2019\/03\/8-18-19-CL-96.jpg?resize=350%2C200&ssl=1","width":350,"height":200,"srcset":"https:\/\/i0.wp.com\/sarimelekler.biz\/wp-content\/uploads\/2019\/03\/8-18-19-CL-96.jpg?resize=350%2C200&ssl=1 1x, https:\/\/i0.wp.com\/sarimelekler.biz\/wp-content\/uploads\/2019\/03\/8-18-19-CL-96.jpg?resize=525%2C300&ssl=1 1.5x, https:\/\/i0.wp.com\/sarimelekler.biz\/wp-content\/uploads\/2019\/03\/8-18-19-CL-96.jpg?resize=700%2C400&ssl=1 2x, https:\/\/i0.wp.com\/sarimelekler.biz\/wp-content\/uploads\/2019\/03\/8-18-19-CL-96.jpg?resize=1050%2C600&ssl=1 3x, https:\/\/i0.wp.com\/sarimelekler.biz\/wp-content\/uploads\/2019\/03\/8-18-19-CL-96.jpg?resize=1400%2C800&ssl=1 4x"},"classes":[]},{"id":11323,"url":"https:\/\/sarimelekler.biz\/?p=11323","url_meta":{"origin":10572,"position":1},"title":"Y\u00f6neticilerimiz, Kul\u00fcb\u00fcm\u00fcz\u00fcn Efsanelerinden Dr. Ayten Salih Berkalp\u2019i Bayram\u2019da Yaln\u0131z B\u0131rakmad\u0131","author":"Edit\u00f6r","date":"6 Haziran 2019","format":false,"excerpt":"Kul\u00fcb\u00fcm\u00fcz Y\u00f6netim Kurulu \u00dcyesi A. Serta\u00e7 Komsuo\u011flu ve Voleyboldan Sorumlu Y\u00f6netim Kurulu \u00dcyemiz Simla T\u00fcrker Bayaz\u0131t; atlet, basketbolcu, k\u00fcrek\u00e7i ve voleybolcu olarak kul\u00fcb\u00fcm\u00fcze y\u0131llarca hizmet eden, kul\u00fcb\u00fcm\u00fcz\u00fcn kad\u0131n basketbol ve voleybol \u015fubelerini kuran kaptan\u0131m\u0131z Ayten Salih Berkalp\u2019i bayramda ziyaret etti. Lefko\u015fa\u2019da ger\u00e7ekle\u015ftirilen ziyarete KKTC Fenerbah\u00e7eliler Derne\u011fi Ba\u015fkan\u0131 G\u00f6khan Necipo\u011flu ve\u2026","rel":"","context":"&quot;Haberler&quot; i\u00e7inde","block_context":{"text":"Haberler","link":"https:\/\/sarimelekler.biz\/?cat=7"},"img":{"alt_text":"","src":"https:\/\/i0.wp.com\/sarimelekler.biz\/wp-content\/uploads\/2019\/06\/2019-Ramazan-Bayram%C4%B1-2.jpg?resize=350%2C200&ssl=1","width":350,"height":200,"srcset":"https:\/\/i0.wp.com\/sarimelekler.biz\/wp-content\/uploads\/2019\/06\/2019-Ramazan-Bayram%C4%B1-2.jpg?resize=350%2C200&ssl=1 1x, https:\/\/i0.wp.com\/sarimelekler.biz\/wp-content\/uploads\/2019\/06\/2019-Ramazan-Bayram%C4%B1-2.jpg?resize=525%2C300&ssl=1 1.5x, https:\/\/i0.wp.com\/sarimelekler.biz\/wp-content\/uploads\/2019\/06\/2019-Ramazan-Bayram%C4%B1-2.jpg?resize=700%2C400&ssl=1 2x"},"classes":[]},{"id":12690,"url":"https:\/\/sarimelekler.biz\/?p=12690","url_meta":{"origin":10572,"position":2},"title":"Olimpiyat Vizesi Alan Sar\u0131 Meleklere Antrenman \u00d6ncesi \u00c7i\u00e7ekli Kar\u015f\u0131lama Yap\u0131ld\u0131.","author":"Edit\u00f6r","date":"15 Ocak 2020","format":false,"excerpt":"2020 Tokyo Olimpiyatlar\u0131\u2019na kat\u0131lma hakk\u0131 elde eden A Milli Kad\u0131n Voleybol Tak\u0131m\u0131m\u0131z\u0131n Fenerbah\u00e7eli milli oyuncular\u0131na tak\u0131m arkada\u015flar\u0131 ve teknik heyet taraf\u0131ndan s\u0131cak bir kar\u015f\u0131lama organize edildi. Fenerbah\u00e7e Opet\u2019in ak\u015fam idman\u0131 \u00f6ncesi milli oyuncular\u0131m\u0131za \u00e7i\u00e7ek takdim edildi. Fenerbah\u00e7e Opet Kad\u0131n Voleybol Tak\u0131m\u0131m\u0131z, Vestel Venus Sultanlar Ligi\u2019nin ikinci yar\u0131s\u0131n\u0131n ilk ma\u00e7\u0131 olan\u2026","rel":"","context":"&quot;Haberler&quot; i\u00e7inde","block_context":{"text":"Haberler","link":"https:\/\/sarimelekler.biz\/?cat=7"},"img":{"alt_text":"","src":"https:\/\/i0.wp.com\/sarimelekler.biz\/wp-content\/uploads\/2020\/01\/%C3%87i%C3%A7ekli-Kar%C5%9F%C4%B1lama-9.jpg?resize=350%2C200&ssl=1","width":350,"height":200,"srcset":"https:\/\/i0.wp.com\/sarimelekler.biz\/wp-content\/uploads\/2020\/01\/%C3%87i%C3%A7ekli-Kar%C5%9F%C4%B1lama-9.jpg?resize=350%2C200&ssl=1 1x, https:\/\/i0.wp.com\/sarimelekler.biz\/wp-content\/uploads\/2020\/01\/%C3%87i%C3%A7ekli-Kar%C5%9F%C4%B1lama-9.jpg?resize=525%2C300&ssl=1 1.5x, https:\/\/i0.wp.com\/sarimelekler.biz\/wp-content\/uploads\/2020\/01\/%C3%87i%C3%A7ekli-Kar%C5%9F%C4%B1lama-9.jpg?resize=700%2C400&ssl=1 2x, https:\/\/i0.wp.com\/sarimelekler.biz\/wp-content\/uploads\/2020\/01\/%C3%87i%C3%A7ekli-Kar%C5%9F%C4%B1lama-9.jpg?resize=1050%2C600&ssl=1 3x, https:\/\/i0.wp.com\/sarimelekler.biz\/wp-content\/uploads\/2020\/01\/%C3%87i%C3%A7ekli-Kar%C5%9F%C4%B1lama-9.jpg?resize=1400%2C800&ssl=1 4x"},"classes":[]},{"id":15207,"url":"https:\/\/sarimelekler.biz\/?p=15207","url_meta":{"origin":10572,"position":3},"title":"Ba\u015fantren\u00f6r\u00fcm\u00fcz Zoran Terzic, &#8216;Tarihin En \u0130yi 100 Oyuncusu&#8217; Listesine Se\u00e7ilen Eda Erdem D\u00fcndar\u2019a \u00c7i\u00e7ek Takdim Etti","author":"Edit\u00f6r","date":"5 \u015eubat 2021","format":false,"excerpt":"Uluslararas\u0131 Voleybol Federasyonu FIVB taraf\u0131ndan 'Tarihin En \u0130yi 100 Oyuncusu' listesine se\u00e7ilen Fenerbah\u00e7e Opet Kad\u0131n Voleybol Tak\u0131m\u0131m\u0131z ile A Milli Kad\u0131n Voleybol Tak\u0131m\u0131m\u0131z\u0131n kaptan\u0131 Eda Erdem D\u00fcndar\u2019a antrenman \u00f6ncesi Ba\u015fantren\u00f6r\u00fcm\u00fcz Zoran Terzic \u00e7i\u00e7ek takdim etti. Fenerbah\u00e7e Opet Kad\u0131n Voleybol Tak\u0131m\u0131m\u0131z, Misli.com Sultanlar Ligi\u2019nin 27. haftas\u0131nda 7 \u015eubat Pazar g\u00fcn\u00fc deplasmanda\u2026","rel":"","context":"&quot;Haberler&quot; i\u00e7inde","block_context":{"text":"Haberler","link":"https:\/\/sarimelekler.biz\/?cat=7"},"img":{"alt_text":"","src":"https:\/\/i0.wp.com\/sarimelekler.biz\/wp-content\/uploads\/2021\/02\/Eda-Kar%C5%9F%C4%B1lama.jpg?resize=350%2C200&ssl=1","width":350,"height":200,"srcset":"https:\/\/i0.wp.com\/sarimelekler.biz\/wp-content\/uploads\/2021\/02\/Eda-Kar%C5%9F%C4%B1lama.jpg?resize=350%2C200&ssl=1 1x, https:\/\/i0.wp.com\/sarimelekler.biz\/wp-content\/uploads\/2021\/02\/Eda-Kar%C5%9F%C4%B1lama.jpg?resize=525%2C300&ssl=1 1.5x, https:\/\/i0.wp.com\/sarimelekler.biz\/wp-content\/uploads\/2021\/02\/Eda-Kar%C5%9F%C4%B1lama.jpg?resize=700%2C400&ssl=1 2x, https:\/\/i0.wp.com\/sarimelekler.biz\/wp-content\/uploads\/2021\/02\/Eda-Kar%C5%9F%C4%B1lama.jpg?resize=1050%2C600&ssl=1 3x, https:\/\/i0.wp.com\/sarimelekler.biz\/wp-content\/uploads\/2021\/02\/Eda-Kar%C5%9F%C4%B1lama.jpg?resize=1400%2C800&ssl=1 4x"},"classes":[]},{"id":10546,"url":"https:\/\/sarimelekler.biz\/?p=10546","url_meta":{"origin":10572,"position":4},"title":"Fatma Y\u0131ld\u0131r\u0131m ve Merve Dalbeler\u2019den Scandicci ma\u00e7\u0131 \u00f6ncesi a\u00e7\u0131klamalarda bulundular","author":"Edit\u00f6r","date":"19 Mart 2019","format":false,"excerpt":"Fenerbah\u00e7e Opet Kad\u0131n Voleybol Tak\u0131m\u0131m\u0131z\u0131n, CEV \u015eampiyonlar Ligi \u00e7eyrek final r\u00f6van\u015f ma\u00e7\u0131nda \u0130talyan ekibi Savino Del Bene Scandicci ile 19 Mart Sal\u0131 g\u00fcn\u00fc Burhan Felek Voleybol Salonu\u2019nda oynayaca\u011f\u0131 ma\u00e7 \u00f6ncesi oyuncular\u0131m\u0131z Fatma Y\u0131ld\u0131r\u0131m ve Merve Dalbeler, kul\u00fcb\u00fcm\u00fcz\u00fcn resmi sitesine a\u00e7\u0131klamalarda bulundu. Fatma Y\u0131ld\u0131r\u0131m, taraftarlar\u0131m\u0131z\u0131 salona beklediklerini vurgularken; Merve Dalbeler ise\u2026","rel":"","context":"&quot;Avrupa Kupalar\u0131&quot; i\u00e7inde","block_context":{"text":"Avrupa Kupalar\u0131","link":"https:\/\/sarimelekler.biz\/?cat=1"},"img":{"alt_text":"","src":"https:\/\/i0.wp.com\/sarimelekler.biz\/wp-content\/uploads\/2019\/03\/8-18-19-CL-3.jpg?resize=350%2C200&ssl=1","width":350,"height":200,"srcset":"https:\/\/i0.wp.com\/sarimelekler.biz\/wp-content\/uploads\/2019\/03\/8-18-19-CL-3.jpg?resize=350%2C200&ssl=1 1x, https:\/\/i0.wp.com\/sarimelekler.biz\/wp-content\/uploads\/2019\/03\/8-18-19-CL-3.jpg?resize=525%2C300&ssl=1 1.5x, https:\/\/i0.wp.com\/sarimelekler.biz\/wp-content\/uploads\/2019\/03\/8-18-19-CL-3.jpg?resize=700%2C400&ssl=1 2x, https:\/\/i0.wp.com\/sarimelekler.biz\/wp-content\/uploads\/2019\/03\/8-18-19-CL-3.jpg?resize=1050%2C600&ssl=1 3x"},"classes":[]},{"id":9625,"url":"https:\/\/sarimelekler.biz\/?p=9625","url_meta":{"origin":10572,"position":5},"title":"Eski voleybolcumuz Seta Ya\u011fc\u0131\u2019ya ziyaret","author":"Edit\u00f6r","date":"5 Ocak 2019","format":false,"excerpt":"Fenerbah\u00e7e Spor Kul\u00fcb\u00fcm\u00fcz Resmi \u0130nternet Sitesinde yer alan habere g\u00f6re Kul\u00fcb\u00fcm\u00fcz Yetkilileri \u00a0Eski Kad\u0131n Voleybol Oyuncumuz Seta Ya\u011fc\u0131 ile bir sohbet ger\u00e7ekle\u015ftirdi. M\u00fcze M\u00fcd\u00fcr\u00fcm\u00fcz Alp Bac\u0131o\u011flu, Kad\u0131n Voleybol Tak\u0131m\u0131m\u0131z\u0131n eski oyuncular\u0131ndan 81 ya\u015f\u0131ndaki Seta Ya\u011fc\u0131\u2019y\u0131 ziyaret etti. 1954 y\u0131l\u0131nda Ayten Salih liderli\u011finde kurulan Fenerbah\u00e7e Kad\u0131n Voleybol Tak\u0131m\u0131'n\u0131n uzun y\u0131llar \u00fcst\u2026","rel":"","context":"&quot;Resmi Site R\u00f6portajlar\u0131&quot; i\u00e7inde","block_context":{"text":"Resmi Site R\u00f6portajlar\u0131","link":"https:\/\/sarimelekler.biz\/?cat=17"},"img":{"alt_text":"","src":"https:\/\/i0.wp.com\/sarimelekler.biz\/wp-content\/uploads\/2019\/01\/Seta-Ya%C4%9Fc%C4%B1-1.jpg?resize=350%2C200&ssl=1","width":350,"height":200,"srcset":"https:\/\/i0.wp.com\/sarimelekler.biz\/wp-content\/uploads\/2019\/01\/Seta-Ya%C4%9Fc%C4%B1-1.jpg?resize=350%2C200&ssl=1 1x, https:\/\/i0.wp.com\/sarimelekler.biz\/wp-content\/uploads\/2019\/01\/Seta-Ya%C4%9Fc%C4%B1-1.jpg?resize=525%2C300&ssl=1 1.5x, https:\/\/i0.wp.com\/sarimelekler.biz\/wp-content\/uploads\/2019\/01\/Seta-Ya%C4%9Fc%C4%B1-1.jpg?resize=700%2C400&ssl=1 2x, https:\/\/i0.wp.com\/sarimelekler.biz\/wp-content\/uploads\/2019\/01\/Seta-Ya%C4%9Fc%C4%B1-1.jpg?resize=1050%2C600&ssl=1 3x"},"classes":[]}],"_links":{"self":[{"href":"https:\/\/sarimelekler.biz\/index.php?rest_route=\/wp\/v2\/posts\/10572","targetHints":{"allow":["GET"]}}],"collection":[{"href":"https:\/\/sarimelekler.biz\/index.php?rest_route=\/wp\/v2\/posts"}],"about":[{"href":"https:\/\/sarimelekler.biz\/index.php?rest_route=\/wp\/v2\/types\/post"}],"author":[{"embeddable":true,"href":"https:\/\/sarimelekler.biz\/index.php?rest_route=\/wp\/v2\/users\/1"}],"replies":[{"embeddable":true,"href":"https:\/\/sarimelekler.biz\/index.php?rest_route=%2Fwp%2Fv2%2Fcomments&post=10572"}],"version-history":[{"count":2,"href":"https:\/\/sarimelekler.biz\/index.php?rest_route=\/wp\/v2\/posts\/10572\/revisions"}],"predecessor-version":[{"id":11247,"href":"https:\/\/sarimelekler.biz\/index.php?rest_route=\/wp\/v2\/posts\/10572\/revisions\/11247"}],"wp:featuredmedia":[{"embeddable":true,"href":"https:\/\/sarimelekler.biz\/index.php?rest_route=\/wp\/v2\/media\/10584"}],"wp:attachment":[{"href":"https:\/\/sarimelekler.biz\/index.php?rest_route=%2Fwp%2Fv2%2Fmedia&parent=10572"}],"wp:term":[{"taxonomy":"category","embeddable":true,"href":"https:\/\/sarimelekler.biz\/index.php?rest_route=%2Fwp%2Fv2%2Fcategories&post=10572"},{"taxonomy":"post_tag","embeddable":true,"href":"https:\/\/sarimelekler.biz\/index.php?rest_route=%2Fwp%2Fv2%2Ftags&post=10572"}],"curies":[{"name":"wp","href":"https:\/\/api.w.org\/{rel}","templated":true}]}}