{"id":10686,"date":"2019-03-21T17:24:25","date_gmt":"2019-03-21T14:24:25","guid":{"rendered":"http:\/\/sarimelekler.biz\/?p=10686"},"modified":"2019-03-21T17:24:31","modified_gmt":"2019-03-21T14:24:31","slug":"axa-sigorta-kupa-voley-turkiye-kupasi-kadin-final-etabi-basin-toplantisi-gerceklesti","status":"publish","type":"post","link":"https:\/\/sarimelekler.biz\/?p=10686","title":{"rendered":"AXA Sigorta Kupa Voley (T\u00fcrkiye Kupas\u0131) kad\u0131n final etab\u0131 bas\u0131n toplant\u0131s\u0131 ger\u00e7ekle\u015fti"},"content":{"rendered":"<p style=\"text-align: justify;\">2018-2019 Voleybol Sezonu AXA Sigorta Kupa Voley Kad\u0131nlar kategorisi final etab\u0131 bas\u0131n toplant\u0131s\u0131, bug\u00fcn (21 Mart 2019, Per\u015fembe), \u0130zmir TVF Atat\u00fcrk Voleybol Salonu Vestel Venus Spor Kompleksi\u2019nde ger\u00e7ekle\u015fti.<\/p>\n<p style=\"text-align: justify;\">Toplant\u0131ya; T\u00fcrkiye Voleybol Federasyonu (TVF) Ba\u015fkan\u0131 Mehmet Akif \u00dcst\u00fcnda\u011f, AXA Sigorta CEO\u2019su Yavuz \u00d6lken, Tak\u0131m Kaptan\u0131m\u0131z Eda Erdem D\u00fcndar, Be\u015fikta\u015f Tak\u0131m Kaptan\u0131 Dilara Bilge, Eczac\u0131ba\u015f\u0131 VitrA Tak\u0131m Kaptan\u0131 Jordan Larson, Galatasaray HDI Sigorta Tak\u0131m Kaptan\u0131 Gizem Karaday\u0131, Ayd\u0131n BBSK Tak\u0131m Kaptan\u0131 Seda Ar\u0131soy, Nil\u00fcfer Belediyespor Tak\u0131m Kaptan\u0131 Seda Uslu, THY Spor Kul\u00fcb\u00fc Tak\u0131m Kaptan\u0131 Jelena Nikolic, Vak\u0131fBank Spor Kul\u00fcb\u00fc Tak\u0131m Kaptan\u0131 Melis G\u00fcrkaynak ve bas\u0131n mensuplar\u0131 kat\u0131ld\u0131.<\/p>\n<p style=\"text-align: justify;\">Toplant\u0131n\u0131n a\u00e7\u0131l\u0131\u015f konu\u015fmas\u0131n\u0131 TVF Ba\u015fkan\u0131 Mehmet Akif \u00dcst\u00fcnda\u011f yapt\u0131. Ard\u0131ndan AXA Sigorta CEO\u2019su Yavuz \u00d6lken ile tak\u0131m kaptanlar\u0131 s\u00f6z ald\u0131.<\/p>\n<p style=\"text-align: justify;\">Fenerbah\u00e7e Opet Tak\u0131m Kaptan\u0131 Eda Erdem D\u00fcndar, \u201cAXA Sigorta\u2019ya desteklerinden dolay\u0131 te\u015fekk\u00fcr ediyorum. \u00c7\u00fcnk\u00fc bu tarz sponsorluklar, tan\u0131t\u0131m ve spora ilgi a\u00e7\u0131s\u0131ndan \u00e7ok \u00f6nemli. Tak\u0131m olarak heyecanl\u0131y\u0131z. Keyifli ma\u00e7lar oynamak istiyoruz. Zor bir hafta bizim i\u00e7in, \u00e7ok fazla ma\u00e7 oynayaca\u011f\u0131z. En b\u00fcy\u00fck dile\u011fim sakatl\u0131ks\u0131z g\u00fczel bir \u015fekilde turnuvay\u0131 tamamlamak. Herkese ba\u015far\u0131lar diyorum\u201d dedi.<\/p>\n<p style=\"text-align: justify;\">Toplant\u0131n\u0131n bitiminde 21 Mart D\u00fcnya Down Sendromu Fark\u0131ndal\u0131k G\u00fcn\u00fc nedeniyle toplant\u0131da bulunan Uluslararas\u0131 Down Sendromu Federasyonu Ba\u015fkan\u0131 Muhammed Abdullah Tuncay ve \u00f6zel misafirler; Selin Ambarc\u0131, Mustafa Bal ve Muhammed Enes Aydo\u011fdu, TVF Ba\u015fkan\u0131 Mehmet Akif \u00dcst\u00fcnda\u011f, AXA Sigorta CEO\u2019su Yavuz \u00d6lken ile tak\u0131m kaptanlar\u0131na \u00e7i\u00e7ek verdi.<\/p>\n<p style=\"text-align: justify;\">\u015eampiyon olacak ekibin \u00f6n\u00fcm\u00fczdeki sezon, \u00fclkemizi CEV Kupas\u0131 kayanlar kategorisinde temsil edece\u011fi 2018 \u2013 2019 Voleybol Sezonu AXA Sigorta Kupa Voley Bayanlar kategorisi final etab\u0131n\u0131n ma\u00e7 program\u0131 \u015f\u00f6yle;<\/p>\n<p style=\"text-align: justify;\">\n<p style=\"text-align: justify;\"><strong>1.G\u00dcN (22 Mart 2019, Cuma)<\/strong><\/p>\n<p style=\"text-align: justify;\">12.00 Galatasaray HDI Sigorta \u2013 Karayollar\u0131<\/p>\n<p style=\"text-align: justify;\">15.00 Vak\u0131fBank \u2013 Be\u015fikta\u015f (TRT SPOR\/Canl\u0131)<\/p>\n<p style=\"text-align: justify;\">17.00 Eczac\u0131ba\u015f\u0131 VitrA \u2013 Nil\u00fcfer Bld.<\/p>\n<p style=\"text-align: justify;\"><strong>19.00 Fenerbah\u00e7e Opet \u2013 T\u00fcrk Hava Yollar\u0131<\/strong><\/p>\n<p style=\"text-align: justify;\">\n<p style=\"text-align: justify;\"><strong>2.G\u00dcN (23 Mart 2019, Cumartesi)<\/strong><\/p>\n<p style=\"text-align: justify;\">14.00 1. Yar\u0131 Final Ma\u00e7\u0131 (TRT SPOR\/Canl\u0131)<\/p>\n<p style=\"text-align: justify;\">17.00 2. Yar\u0131 Final Ma\u00e7\u0131 (TRT SPOR\/Canl\u0131)<\/p>\n<p style=\"text-align: justify;\">\n<p style=\"text-align: justify;\"><strong>3.G\u00dcN (24 Mart 2019, Pazar)<\/strong><\/p>\n<p style=\"text-align: justify;\">18.00 Final Ma\u00e7\u0131 (TRT SPOR\/Canl\u0131)<\/p>\n\n\t\t<style type=\"text\/css\">\n\t\t\t#gallery-1 {\n\t\t\t\tmargin: auto;\n\t\t\t}\n\t\t\t#gallery-1 .gallery-item {\n\t\t\t\tfloat: left;\n\t\t\t\tmargin-top: 10px;\n\t\t\t\ttext-align: center;\n\t\t\t\twidth: 100%;\n\t\t\t}\n\t\t\t#gallery-1 img {\n\t\t\t\tborder: 2px solid #cfcfcf;\n\t\t\t}\n\t\t\t#gallery-1 .gallery-caption {\n\t\t\t\tmargin-left: 0;\n\t\t\t}\n\t\t\t\/* see gallery_shortcode() in wp-includes\/media.php *\/\n\t\t<\/style>\n\t\t<div data-carousel-extra='{&quot;blog_id&quot;:1,&quot;permalink&quot;:&quot;https:\/\/sarimelekler.biz\/?p=10686&quot;}' id='gallery-1' class='gallery galleryid-10686 gallery-columns-1 gallery-size-large'><dl class='gallery-item'>\n\t\t\t<dt class='gallery-icon portrait'>\n\t\t\t\t<a href='https:\/\/sarimelekler.biz\/?attachment_id=10687'><img loading=\"lazy\" decoding=\"async\" width=\"692\" height=\"1024\" src=\"https:\/\/sarimelekler.biz\/wp-content\/uploads\/2019\/03\/18-19-TK-1-692x1024.jpg\" class=\"attachment-large size-large\" alt=\"\" srcset=\"https:\/\/sarimelekler.biz\/wp-content\/uploads\/2019\/03\/18-19-TK-1-692x1024.jpg 692w, https:\/\/sarimelekler.biz\/wp-content\/uploads\/2019\/03\/18-19-TK-1-203x300.jpg 203w, https:\/\/sarimelekler.biz\/wp-content\/uploads\/2019\/03\/18-19-TK-1-768x1137.jpg 768w, https:\/\/sarimelekler.biz\/wp-content\/uploads\/2019\/03\/18-19-TK-1-101x150.jpg 101w\" sizes=\"auto, (max-width: 692px) 100vw, 692px\" data-attachment-id=\"10687\" data-permalink=\"https:\/\/sarimelekler.biz\/?attachment_id=10687\" data-orig-file=\"https:\/\/sarimelekler.biz\/wp-content\/uploads\/2019\/03\/18-19-TK-1.jpg\" data-orig-size=\"3557,5266\" data-comments-opened=\"0\" data-image-meta=\"{&quot;aperture&quot;:&quot;3.2&quot;,&quot;credit&quot;:&quot;Mert Bulent Ucma TVF&quot;,&quot;camera&quot;:&quot;Canon EOS-1D X Mark II&quot;,&quot;caption&quot;:&quot;&quot;,&quot;created_timestamp&quot;:&quot;1553176702&quot;,&quot;copyright&quot;:&quot;TURKIYE VOLEYBOL FEDERASYONU&quot;,&quot;focal_length&quot;:&quot;85&quot;,&quot;iso&quot;:&quot;2000&quot;,&quot;shutter_speed&quot;:&quot;0.00625&quot;,&quot;title&quot;:&quot;&quot;,&quot;orientation&quot;:&quot;1&quot;}\" data-image-title=\"18 &amp;#8211; 19 TK (1)\" data-image-description=\"\" data-image-caption=\"\" data-large-file=\"https:\/\/sarimelekler.biz\/wp-content\/uploads\/2019\/03\/18-19-TK-1-692x1024.jpg\" \/><\/a>\n\t\t\t<\/dt><\/dl><br style=\"clear: both\" \/><dl class='gallery-item'>\n\t\t\t<dt class='gallery-icon landscape'>\n\t\t\t\t<a href='https:\/\/sarimelekler.biz\/?attachment_id=10688'><img loading=\"lazy\" decoding=\"async\" width=\"860\" height=\"535\" src=\"https:\/\/sarimelekler.biz\/wp-content\/uploads\/2019\/03\/18-19-TK-2-1024x637.jpg\" class=\"attachment-large size-large\" alt=\"\" srcset=\"https:\/\/sarimelekler.biz\/wp-content\/uploads\/2019\/03\/18-19-TK-2-1024x637.jpg 1024w, https:\/\/sarimelekler.biz\/wp-content\/uploads\/2019\/03\/18-19-TK-2-300x187.jpg 300w, https:\/\/sarimelekler.biz\/wp-content\/uploads\/2019\/03\/18-19-TK-2-768x478.jpg 768w, https:\/\/sarimelekler.biz\/wp-content\/uploads\/2019\/03\/18-19-TK-2-150x93.jpg 150w\" sizes=\"auto, (max-width: 860px) 100vw, 860px\" data-attachment-id=\"10688\" data-permalink=\"https:\/\/sarimelekler.biz\/?attachment_id=10688\" data-orig-file=\"https:\/\/sarimelekler.biz\/wp-content\/uploads\/2019\/03\/18-19-TK-2.jpg\" data-orig-size=\"4713,2934\" data-comments-opened=\"0\" data-image-meta=\"{&quot;aperture&quot;:&quot;2.8&quot;,&quot;credit&quot;:&quot;Mert Bulent Ucma TVF&quot;,&quot;camera&quot;:&quot;Canon EOS-1D X Mark II&quot;,&quot;caption&quot;:&quot;&quot;,&quot;created_timestamp&quot;:&quot;1553178492&quot;,&quot;copyright&quot;:&quot;TURKIYE VOLEYBOL FEDERASYONU&quot;,&quot;focal_length&quot;:&quot;20&quot;,&quot;iso&quot;:&quot;2000&quot;,&quot;shutter_speed&quot;:&quot;0.00625&quot;,&quot;title&quot;:&quot;&quot;,&quot;orientation&quot;:&quot;1&quot;}\" data-image-title=\"18 &amp;#8211; 19 TK (2)\" data-image-description=\"\" data-image-caption=\"\" data-large-file=\"https:\/\/sarimelekler.biz\/wp-content\/uploads\/2019\/03\/18-19-TK-2-1024x637.jpg\" \/><\/a>\n\t\t\t<\/dt><\/dl><br style=\"clear: both\" \/><dl class='gallery-item'>\n\t\t\t<dt class='gallery-icon landscape'>\n\t\t\t\t<a href='https:\/\/sarimelekler.biz\/?attachment_id=10689'><img loading=\"lazy\" decoding=\"async\" width=\"860\" height=\"490\" src=\"https:\/\/sarimelekler.biz\/wp-content\/uploads\/2019\/03\/18-19-TK-3-1024x583.jpg\" class=\"attachment-large size-large\" alt=\"\" srcset=\"https:\/\/sarimelekler.biz\/wp-content\/uploads\/2019\/03\/18-19-TK-3-1024x583.jpg 1024w, https:\/\/sarimelekler.biz\/wp-content\/uploads\/2019\/03\/18-19-TK-3-300x171.jpg 300w, https:\/\/sarimelekler.biz\/wp-content\/uploads\/2019\/03\/18-19-TK-3-768x437.jpg 768w, https:\/\/sarimelekler.biz\/wp-content\/uploads\/2019\/03\/18-19-TK-3-150x85.jpg 150w\" sizes=\"auto, (max-width: 860px) 100vw, 860px\" data-attachment-id=\"10689\" data-permalink=\"https:\/\/sarimelekler.biz\/?attachment_id=10689\" data-orig-file=\"https:\/\/sarimelekler.biz\/wp-content\/uploads\/2019\/03\/18-19-TK-3.jpg\" data-orig-size=\"5375,3060\" data-comments-opened=\"0\" data-image-meta=\"{&quot;aperture&quot;:&quot;2.8&quot;,&quot;credit&quot;:&quot;Mert Bulent Ucma TVF&quot;,&quot;camera&quot;:&quot;Canon EOS-1D X Mark II&quot;,&quot;caption&quot;:&quot;&quot;,&quot;created_timestamp&quot;:&quot;1553178442&quot;,&quot;copyright&quot;:&quot;TURKIYE VOLEYBOL FEDERASYONU&quot;,&quot;focal_length&quot;:&quot;21&quot;,&quot;iso&quot;:&quot;2000&quot;,&quot;shutter_speed&quot;:&quot;0.00625&quot;,&quot;title&quot;:&quot;&quot;,&quot;orientation&quot;:&quot;1&quot;}\" data-image-title=\"18 &amp;#8211; 19 TK (3)\" data-image-description=\"\" data-image-caption=\"\" data-large-file=\"https:\/\/sarimelekler.biz\/wp-content\/uploads\/2019\/03\/18-19-TK-3-1024x583.jpg\" \/><\/a>\n\t\t\t<\/dt><\/dl><br style=\"clear: both\" \/><dl class='gallery-item'>\n\t\t\t<dt class='gallery-icon landscape'>\n\t\t\t\t<a href='https:\/\/sarimelekler.biz\/?attachment_id=10690'><img loading=\"lazy\" decoding=\"async\" width=\"860\" height=\"481\" src=\"https:\/\/sarimelekler.biz\/wp-content\/uploads\/2019\/03\/18-19-TK-4-1024x573.jpg\" class=\"attachment-large size-large\" alt=\"\" srcset=\"https:\/\/sarimelekler.biz\/wp-content\/uploads\/2019\/03\/18-19-TK-4-1024x573.jpg 1024w, https:\/\/sarimelekler.biz\/wp-content\/uploads\/2019\/03\/18-19-TK-4-300x168.jpg 300w, https:\/\/sarimelekler.biz\/wp-content\/uploads\/2019\/03\/18-19-TK-4-768x430.jpg 768w, https:\/\/sarimelekler.biz\/wp-content\/uploads\/2019\/03\/18-19-TK-4-150x84.jpg 150w\" sizes=\"auto, (max-width: 860px) 100vw, 860px\" data-attachment-id=\"10690\" data-permalink=\"https:\/\/sarimelekler.biz\/?attachment_id=10690\" data-orig-file=\"https:\/\/sarimelekler.biz\/wp-content\/uploads\/2019\/03\/18-19-TK-4.jpg\" data-orig-size=\"4909,2747\" data-comments-opened=\"0\" data-image-meta=\"{&quot;aperture&quot;:&quot;2.8&quot;,&quot;credit&quot;:&quot;Mert Bulent Ucma TVF&quot;,&quot;camera&quot;:&quot;Canon EOS-1D X Mark II&quot;,&quot;caption&quot;:&quot;&quot;,&quot;created_timestamp&quot;:&quot;1553178340&quot;,&quot;copyright&quot;:&quot;TURKIYE VOLEYBOL FEDERASYONU&quot;,&quot;focal_length&quot;:&quot;17&quot;,&quot;iso&quot;:&quot;2000&quot;,&quot;shutter_speed&quot;:&quot;0.00625&quot;,&quot;title&quot;:&quot;&quot;,&quot;orientation&quot;:&quot;1&quot;}\" data-image-title=\"18 &amp;#8211; 19 TK (4)\" data-image-description=\"\" data-image-caption=\"\" data-large-file=\"https:\/\/sarimelekler.biz\/wp-content\/uploads\/2019\/03\/18-19-TK-4-1024x573.jpg\" \/><\/a>\n\t\t\t<\/dt><\/dl><br style=\"clear: both\" \/>\n\t\t<\/div>\n\n<p style=\"text-align: justify;\">Kaynak:\u00a0<a href=\"https:\/\/www.fenerbahce.org\/detay.asp?ContentID=64037\" target=\"_blank\" rel=\"noopener\">Fenerbah\u00e7e SK Resmi \u0130nternet Sitesi<\/a><\/p>\n<p style=\"text-align: right;\">21.03.2019<\/p>\n","protected":false},"excerpt":{"rendered":"<p>2018-2019 Voleybol Sezonu AXA Sigorta Kupa Voley Kad\u0131nlar kategorisi final \u2026 <a class=\"continue-reading-link\" href=\"https:\/\/sarimelekler.biz\/?p=10686\">Okumaya Devam Et.. <span class=\"meta-nav\">&rarr; <\/span><\/a><\/p>\n","protected":false},"author":1,"featured_media":10688,"comment_status":"closed","ping_status":"open","sticky":false,"template":"","format":"standard","meta":{"jetpack_post_was_ever_published":false,"_jetpack_newsletter_access":"","_jetpack_dont_email_post_to_subs":false,"_jetpack_newsletter_tier_id":0,"_jetpack_memberships_contains_paywalled_content":false,"_jetpack_memberships_contains_paid_content":false,"footnotes":"","jetpack_publicize_message":"","jetpack_publicize_feature_enabled":true,"jetpack_social_post_already_shared":true,"jetpack_social_options":{"image_generator_settings":{"template":"highway","default_image_id":0,"font":"","enabled":false},"version":2}},"categories":[13],"tags":[],"class_list":["post-10686","post","type-post","status-publish","format-standard","has-post-thumbnail","hentry","category-turkiye-kupasi"],"jetpack_publicize_connections":[],"jetpack_featured_media_url":"https:\/\/sarimelekler.biz\/wp-content\/uploads\/2019\/03\/18-19-TK-2.jpg","jetpack_sharing_enabled":true,"jetpack_shortlink":"https:\/\/wp.me\/p8npUZ-2Mm","jetpack-related-posts":[{"id":17711,"url":"https:\/\/sarimelekler.biz\/?p=17711","url_meta":{"origin":10686,"position":0},"title":"AXA Sigorta Kupa Voley Final Etab\u0131\u2019n\u0131n Bas\u0131n Toplant\u0131s\u0131 Yap\u0131ld\u0131","author":"Edit\u00f6r","date":"14 Nisan 2022","format":false,"excerpt":"2021-2022 voleybol sezonu Kad\u0131nlar AXA Sigorta Kupa Voley Final Etab\u0131\u2019n\u0131n bas\u0131n toplant\u0131s\u0131, Ankara Volley Hotel\u2019de bulunan toplant\u0131 salonunda ger\u00e7ekle\u015fti. Toplant\u0131ya; T\u00fcrkiye Voleybol Federasyonu (TVF) Ba\u015fkan\u0131 Liglerden Sorumlu Asba\u015fkan\u0131 Ahmet G\u00f6ksu, AXA Sigorta Sat\u0131\u015f ve Pazarlama Ba\u015fkan\u0131 ve \u0130cra Kurulu \u00dcyesi Firuzan \u0130\u015fcan, Fenerbah\u00e7e Opet Tak\u0131m Kaptan\u0131 Eda Erdem D\u00fcndar, Ezcac\u0131ba\u015f\u0131\u2026","rel":"","context":"&quot;T\u00fcrkiye Ligi&quot; i\u00e7inde","block_context":{"text":"T\u00fcrkiye Ligi","link":"https:\/\/sarimelekler.biz\/?cat=6"},"img":{"alt_text":"","src":"https:\/\/i0.wp.com\/sarimelekler.biz\/wp-content\/uploads\/2022\/04\/Tr-Kupasi-Basin-Toplantisi-21-22-5.jpg?resize=350%2C200&ssl=1","width":350,"height":200,"srcset":"https:\/\/i0.wp.com\/sarimelekler.biz\/wp-content\/uploads\/2022\/04\/Tr-Kupasi-Basin-Toplantisi-21-22-5.jpg?resize=350%2C200&ssl=1 1x, https:\/\/i0.wp.com\/sarimelekler.biz\/wp-content\/uploads\/2022\/04\/Tr-Kupasi-Basin-Toplantisi-21-22-5.jpg?resize=525%2C300&ssl=1 1.5x, https:\/\/i0.wp.com\/sarimelekler.biz\/wp-content\/uploads\/2022\/04\/Tr-Kupasi-Basin-Toplantisi-21-22-5.jpg?resize=700%2C400&ssl=1 2x, https:\/\/i0.wp.com\/sarimelekler.biz\/wp-content\/uploads\/2022\/04\/Tr-Kupasi-Basin-Toplantisi-21-22-5.jpg?resize=1050%2C600&ssl=1 3x, https:\/\/i0.wp.com\/sarimelekler.biz\/wp-content\/uploads\/2022\/04\/Tr-Kupasi-Basin-Toplantisi-21-22-5.jpg?resize=1400%2C800&ssl=1 4x"},"classes":[]},{"id":4498,"url":"https:\/\/sarimelekler.biz\/?p=4498","url_meta":{"origin":10686,"position":1},"title":"2017 Spor Toto \u015eampiyonlar Kupas\u0131 Medya Toplant\u0131s\u0131 Yap\u0131ld\u0131","author":"Edit\u00f6r","date":"14 Ekim 2017","format":false,"excerpt":"2017 Spor Toto \u015eampiyonlar Kupas\u0131 m\u00fcsabakas\u0131n\u0131n medya toplant\u0131s\u0131, bug\u00fcn (14 Ekim Cumartesi), TVF Ba\u015fkent Voleybol Salonu Bas\u0131n Odas\u0131\u2019nda yap\u0131ld\u0131. Konuyla ilgili olarak T\u00fcrkiye Voleybol Federasyonunun resmi internet sitesinden yap\u0131lan a\u00e7\u0131klaman\u0131n tamam\u0131: Toplant\u0131ya; T\u00fcrkiye Voleybol Federasyonu (TVF) Liglerden Sorumlu Asba\u015fkan\u0131 Ahmet G\u00f6ksu, Fenerbah\u00e7e Ba\u015fantren\u00f6r\u00fc Jan De Brandt, tak\u0131m kaptan\u0131 Eda Erdem\u2026","rel":"","context":"&quot;T\u00fcrkiye Ligi&quot; i\u00e7inde","block_context":{"text":"T\u00fcrkiye Ligi","link":"https:\/\/sarimelekler.biz\/?cat=6"},"img":{"alt_text":"","src":"https:\/\/i0.wp.com\/sarimelekler.biz\/wp-content\/uploads\/2017\/10\/2017-Spor-Toto-%C5%9Eampiyonlar-Kupas%C4%B1-1.jpg?resize=350%2C200&ssl=1","width":350,"height":200,"srcset":"https:\/\/i0.wp.com\/sarimelekler.biz\/wp-content\/uploads\/2017\/10\/2017-Spor-Toto-%C5%9Eampiyonlar-Kupas%C4%B1-1.jpg?resize=350%2C200&ssl=1 1x, https:\/\/i0.wp.com\/sarimelekler.biz\/wp-content\/uploads\/2017\/10\/2017-Spor-Toto-%C5%9Eampiyonlar-Kupas%C4%B1-1.jpg?resize=525%2C300&ssl=1 1.5x, https:\/\/i0.wp.com\/sarimelekler.biz\/wp-content\/uploads\/2017\/10\/2017-Spor-Toto-%C5%9Eampiyonlar-Kupas%C4%B1-1.jpg?resize=700%2C400&ssl=1 2x, https:\/\/i0.wp.com\/sarimelekler.biz\/wp-content\/uploads\/2017\/10\/2017-Spor-Toto-%C5%9Eampiyonlar-Kupas%C4%B1-1.jpg?resize=1050%2C600&ssl=1 3x, https:\/\/i0.wp.com\/sarimelekler.biz\/wp-content\/uploads\/2017\/10\/2017-Spor-Toto-%C5%9Eampiyonlar-Kupas%C4%B1-1.jpg?resize=1400%2C800&ssl=1 4x"},"classes":[]},{"id":13846,"url":"https:\/\/sarimelekler.biz\/?p=13846","url_meta":{"origin":10686,"position":2},"title":"\u201cSultanlar Ligi\u201dnin Yeni \u0130sim Sponsoru Misli.com Oldu","author":"Edit\u00f6r","date":"7 Eyl\u00fcl 2020","format":false,"excerpt":"T\u00fcrkiye\u2019nin resmi bahis sitesi Misli.com, 11 Eyl\u00fcl itibariyle ba\u015flayacak Sultanlar Ligi\u2019nin isim sponsoru oldu. Bu anla\u015fmayla birlikte T\u00fcrkiye Kad\u0131nlar Voleybol Ligi 2020-21 sezonu ile ba\u015flamak \u00fczere, 1+1 y\u0131l s\u00fcresince \u201cMisli.com Sultanlar Ligi\u201d olarak an\u0131lacak. Sultanlar Ligi\u2019ne isim sponsoru olmas\u0131n\u0131n yan\u0131 s\u0131ra, lig ma\u00e7lar\u0131n\u0131n dijital platformlarda yay\u0131n haklar\u0131n\u0131 da \u00fcstlenen Misli.com,\u2026","rel":"","context":"&quot;Haberler&quot; i\u00e7inde","block_context":{"text":"Haberler","link":"https:\/\/sarimelekler.biz\/?cat=7"},"img":{"alt_text":"","src":"https:\/\/i0.wp.com\/sarimelekler.biz\/wp-content\/uploads\/2020\/09\/Misli-2.jpg?resize=350%2C200&ssl=1","width":350,"height":200,"srcset":"https:\/\/i0.wp.com\/sarimelekler.biz\/wp-content\/uploads\/2020\/09\/Misli-2.jpg?resize=350%2C200&ssl=1 1x, https:\/\/i0.wp.com\/sarimelekler.biz\/wp-content\/uploads\/2020\/09\/Misli-2.jpg?resize=525%2C300&ssl=1 1.5x, https:\/\/i0.wp.com\/sarimelekler.biz\/wp-content\/uploads\/2020\/09\/Misli-2.jpg?resize=700%2C400&ssl=1 2x, https:\/\/i0.wp.com\/sarimelekler.biz\/wp-content\/uploads\/2020\/09\/Misli-2.jpg?resize=1050%2C600&ssl=1 3x, https:\/\/i0.wp.com\/sarimelekler.biz\/wp-content\/uploads\/2020\/09\/Misli-2.jpg?resize=1400%2C800&ssl=1 4x"},"classes":[]},{"id":13420,"url":"https:\/\/sarimelekler.biz\/?p=13420","url_meta":{"origin":10686,"position":3},"title":"Voleybol Ligleri Sonland\u0131r\u0131ld\u0131.","author":"Edit\u00f6r","date":"11 May\u0131s 2020","format":false,"excerpt":"T\u00fcrkiye Cumhuriyeti Gen\u00e7lik ve Spor Bakan\u0131 Sn. Mehmet Muharrem Kasapo\u011flu\u2019nun ev sahipli\u011finde 19.03.2020 g\u00fcn\u00fc Ankara\u2019da yap\u0131lan toplant\u0131 sonucunda, COVID-19 salg\u0131n\u0131na kar\u015f\u0131 al\u0131nan tedbirler kapsam\u0131nda t\u00fcm voleybol ma\u00e7lar\u0131n\u0131n s\u00fcresiz olarak ertelendi\u011fi a\u00e7\u0131klanm\u0131\u015ft\u0131. Ge\u00e7en yakla\u015f\u0131k 53 g\u00fcnde tak\u0131mlar antrenmanlar\u0131na evlerinden \u00c7evrimi\u00e7i olarak s\u00fcrd\u00fcrmekteydi. Bug\u00fcn T\u00fcrkiye Voleybol Federasyonu taraf\u0131ndan; erkek ve kad\u0131n liglerinin\u2026","rel":"","context":"&quot;T\u00fcrkiye Ligi&quot; i\u00e7inde","block_context":{"text":"T\u00fcrkiye Ligi","link":"https:\/\/sarimelekler.biz\/?cat=6"},"img":{"alt_text":"","src":"https:\/\/i0.wp.com\/sarimelekler.biz\/wp-content\/uploads\/2020\/03\/FB-Logo.jpeg?resize=350%2C200&ssl=1","width":350,"height":200,"srcset":"https:\/\/i0.wp.com\/sarimelekler.biz\/wp-content\/uploads\/2020\/03\/FB-Logo.jpeg?resize=350%2C200&ssl=1 1x, https:\/\/i0.wp.com\/sarimelekler.biz\/wp-content\/uploads\/2020\/03\/FB-Logo.jpeg?resize=525%2C300&ssl=1 1.5x, https:\/\/i0.wp.com\/sarimelekler.biz\/wp-content\/uploads\/2020\/03\/FB-Logo.jpeg?resize=700%2C400&ssl=1 2x, https:\/\/i0.wp.com\/sarimelekler.biz\/wp-content\/uploads\/2020\/03\/FB-Logo.jpeg?resize=1050%2C600&ssl=1 3x, https:\/\/i0.wp.com\/sarimelekler.biz\/wp-content\/uploads\/2020\/03\/FB-Logo.jpeg?resize=1400%2C800&ssl=1 4x"},"classes":[]},{"id":15939,"url":"https:\/\/sarimelekler.biz\/?p=15939","url_meta":{"origin":10686,"position":4},"title":"Sar\u0131 Melekler\u2019in \u00c7eyrek Finalden Kat\u0131laca\u011f\u0131 Axa Sigorta Kupa Voley\u2019de Gruplar Belli Oldu.","author":"Edit\u00f6r","date":"12 A\u011fustos 2021","format":false,"excerpt":"Axa Sigorta Kupa Voley ad\u0131 alt\u0131nda d\u00fczenlenen 2021-2022 T\u00fcrkiye Kupas\u0131, Sultanlar liginde bulunan 14 tak\u0131mla oynanacak. 2020-2021 sezon s\u0131ralamas\u0131na g\u00f6re (1. Vak\u0131fbank ve 2. Fenerbah\u00e7e Opet hari\u00e7) di\u011fer tak\u0131mlar serpantin usul\u00fcne g\u00f6re 4\u2019erli 3 gruba ayr\u0131ld\u0131. Gruptaki tak\u0131mlar Federasyonca belirlenen illerde 28-30 Eyl\u00fcl tarihlerinde tek devreli lig usul\u00fc turnuva ma\u00e7lar\u0131\u2026","rel":"","context":"&quot;T\u00fcrkiye Kupas\u0131&quot; i\u00e7inde","block_context":{"text":"T\u00fcrkiye Kupas\u0131","link":"https:\/\/sarimelekler.biz\/?cat=13"},"img":{"alt_text":"","src":"https:\/\/i0.wp.com\/sarimelekler.biz\/wp-content\/uploads\/2019\/05\/18-19-T%C3%BCrkiye-Kupas%C4%B1.jpg?resize=350%2C200&ssl=1","width":350,"height":200,"srcset":"https:\/\/i0.wp.com\/sarimelekler.biz\/wp-content\/uploads\/2019\/05\/18-19-T%C3%BCrkiye-Kupas%C4%B1.jpg?resize=350%2C200&ssl=1 1x, https:\/\/i0.wp.com\/sarimelekler.biz\/wp-content\/uploads\/2019\/05\/18-19-T%C3%BCrkiye-Kupas%C4%B1.jpg?resize=525%2C300&ssl=1 1.5x, https:\/\/i0.wp.com\/sarimelekler.biz\/wp-content\/uploads\/2019\/05\/18-19-T%C3%BCrkiye-Kupas%C4%B1.jpg?resize=700%2C400&ssl=1 2x, https:\/\/i0.wp.com\/sarimelekler.biz\/wp-content\/uploads\/2019\/05\/18-19-T%C3%BCrkiye-Kupas%C4%B1.jpg?resize=1050%2C600&ssl=1 3x"},"classes":[]},{"id":11915,"url":"https:\/\/sarimelekler.biz\/?p=11915","url_meta":{"origin":10686,"position":5},"title":"Fenerbah\u00e7e Voleybol Tak\u0131mlar\u0131m\u0131z\u0131n Yeni Sponsoru Fluo Oldu.","author":"Edit\u00f6r","date":"11 Ekim 2019","format":false,"excerpt":"Fenerbah\u00e7emiz ile ileri teknoloji, y\u00fcksek kalite ve yarat\u0131c\u0131l\u0131kla tasarlanm\u0131\u015f cihazlar\u0131n yeni markas\u0131 Fluo aras\u0131nda Fenerbah\u00e7e Opet Kad\u0131n Voleybol ve Fenerbah\u00e7e HDI Erkek Voleybol Tak\u0131mlar\u0131m\u0131z aras\u0131ndaki sponsorluk anla\u015fmas\u0131n\u0131n imza t\u00f6reni yap\u0131ld\u0131. Fluo, bu anla\u015fma do\u011frultusunda T\u00fcrkiye\u2019nin en b\u00fcy\u00fck spor kul\u00fcb\u00fc olan Fenerbah\u00e7emizin; Erkek Voleybol Tak\u0131m\u0131nda forma s\u0131rt, Kad\u0131n Voleybol Tak\u0131m\u0131nda ise\u2026","rel":"","context":"&quot;Haberler&quot; i\u00e7inde","block_context":{"text":"Haberler","link":"https:\/\/sarimelekler.biz\/?cat=7"},"img":{"alt_text":"","src":"https:\/\/i0.wp.com\/sarimelekler.biz\/wp-content\/uploads\/2019\/10\/Fluo-Sponsorlu%C4%9Fu-21.jpg?resize=350%2C200&ssl=1","width":350,"height":200,"srcset":"https:\/\/i0.wp.com\/sarimelekler.biz\/wp-content\/uploads\/2019\/10\/Fluo-Sponsorlu%C4%9Fu-21.jpg?resize=350%2C200&ssl=1 1x, https:\/\/i0.wp.com\/sarimelekler.biz\/wp-content\/uploads\/2019\/10\/Fluo-Sponsorlu%C4%9Fu-21.jpg?resize=525%2C300&ssl=1 1.5x, https:\/\/i0.wp.com\/sarimelekler.biz\/wp-content\/uploads\/2019\/10\/Fluo-Sponsorlu%C4%9Fu-21.jpg?resize=700%2C400&ssl=1 2x, https:\/\/i0.wp.com\/sarimelekler.biz\/wp-content\/uploads\/2019\/10\/Fluo-Sponsorlu%C4%9Fu-21.jpg?resize=1050%2C600&ssl=1 3x, https:\/\/i0.wp.com\/sarimelekler.biz\/wp-content\/uploads\/2019\/10\/Fluo-Sponsorlu%C4%9Fu-21.jpg?resize=1400%2C800&ssl=1 4x"},"classes":[]}],"_links":{"self":[{"href":"https:\/\/sarimelekler.biz\/index.php?rest_route=\/wp\/v2\/posts\/10686","targetHints":{"allow":["GET"]}}],"collection":[{"href":"https:\/\/sarimelekler.biz\/index.php?rest_route=\/wp\/v2\/posts"}],"about":[{"href":"https:\/\/sarimelekler.biz\/index.php?rest_route=\/wp\/v2\/types\/post"}],"author":[{"embeddable":true,"href":"https:\/\/sarimelekler.biz\/index.php?rest_route=\/wp\/v2\/users\/1"}],"replies":[{"embeddable":true,"href":"https:\/\/sarimelekler.biz\/index.php?rest_route=%2Fwp%2Fv2%2Fcomments&post=10686"}],"version-history":[{"count":1,"href":"https:\/\/sarimelekler.biz\/index.php?rest_route=\/wp\/v2\/posts\/10686\/revisions"}],"predecessor-version":[{"id":10691,"href":"https:\/\/sarimelekler.biz\/index.php?rest_route=\/wp\/v2\/posts\/10686\/revisions\/10691"}],"wp:featuredmedia":[{"embeddable":true,"href":"https:\/\/sarimelekler.biz\/index.php?rest_route=\/wp\/v2\/media\/10688"}],"wp:attachment":[{"href":"https:\/\/sarimelekler.biz\/index.php?rest_route=%2Fwp%2Fv2%2Fmedia&parent=10686"}],"wp:term":[{"taxonomy":"category","embeddable":true,"href":"https:\/\/sarimelekler.biz\/index.php?rest_route=%2Fwp%2Fv2%2Fcategories&post=10686"},{"taxonomy":"post_tag","embeddable":true,"href":"https:\/\/sarimelekler.biz\/index.php?rest_route=%2Fwp%2Fv2%2Ftags&post=10686"}],"curies":[{"name":"wp","href":"https:\/\/api.w.org\/{rel}","templated":true}]}}