{"id":10871,"date":"2019-04-08T21:49:29","date_gmt":"2019-04-08T18:49:29","guid":{"rendered":"http:\/\/sarimelekler.biz\/?p=10871"},"modified":"2019-04-08T21:49:35","modified_gmt":"2019-04-08T18:49:35","slug":"eda-erdem-dundar-ve-sila-caliskandan-imoco-volley-conegliano-maci-oncesi-aciklamalarda-bulundular","status":"publish","type":"post","link":"https:\/\/sarimelekler.biz\/?p=10871","title":{"rendered":"Eda Erdem D\u00fcndar ve S\u0131la \u00c7al\u0131\u015fkan\u2019dan Imoco Volley Conegliano ma\u00e7\u0131 \u00f6ncesi a\u00e7\u0131klamalarda bulundular"},"content":{"rendered":"<p style=\"text-align: justify;\">Fenerbah\u00e7e Opet Kad\u0131n Voleybol Tak\u0131m\u0131m\u0131z\u0131n, CEV \u015eampiyonlar Ligi yar\u0131 final r\u00f6van\u015f ma\u00e7\u0131nda \u0130talyan ekibi Imoco Volley Conegliano ile 9 Nisan Sal\u0131 g\u00fcn\u00fc Burhan Felek Voleybol Salonu\u2019nda oynayaca\u011f\u0131 ma\u00e7 \u00f6ncesi Kaptan Eda Erdem D\u00fcndar ve S\u0131la \u00c7al\u0131\u015fkan, kul\u00fcb\u00fcm\u00fcz\u00fcn resmi sitesine a\u00e7\u0131klamalarda bulundu.<\/p>\n<p style=\"text-align: justify;\">Eda Erdem D\u00fcndar taraftar\u0131n deste\u011fiyle galip gelerek adlar\u0131n\u0131 finale yazd\u0131rmak istediklerini vurgularken; S\u0131la \u00c7al\u0131\u015fkan ise ellerinden gelenin en iyisini yapacaklar\u0131n\u0131 ve taraftar\u0131m\u0131z\u0131 trib\u00fcnlerde g\u00f6rmek istediklerini ifade etti.<\/p>\n<p style=\"text-align: justify;\">Kaptan Eda Erdem D\u00fcndar, \u201cTamam m\u0131 devam m\u0131 ma\u00e7\u0131na \u00e7\u0131k\u0131yoruz, taraftar\u0131m\u0131z\u0131n deste\u011fiyle ma\u00e7tan galip ayr\u0131l\u0131p ad\u0131m\u0131z\u0131 finale yazd\u0131rmak istiyoruz. \u0130nan\u0131yorum ki tak\u0131m arkada\u015flar\u0131m\u0131n hepsinin performans\u0131 en \u00fcst seviyede olacak ve turu ge\u00e7mek i\u00e7in \u00e7ok iyi bir m\u00fccadele g\u00f6sterece\u011fiz. Bunun i\u00e7in taraftar\u0131m\u0131z\u0131n deste\u011fine \u00e7ok ihtiyac\u0131m\u0131z var, herkesi Burhan Felek Voleybol Salonu\u2019na bekliyoruz.\u201d dedi.<\/p>\n<p style=\"text-align: justify;\">S\u0131la \u00c7al\u0131\u015fkan ise, \u201cR\u00f6van\u015f ma\u00e7\u0131na \u00e7\u0131k\u0131yoruz ve bu bizim i\u00e7in sezonun en \u00f6nemli ma\u00e7lar\u0131ndan birisi. Sava\u015farak, elimizden gelenin en iyisini yapaca\u011f\u0131z. Bu s\u00fcre\u00e7te \u00e7ok iyi haz\u0131rlan\u0131yoruz ama ayn\u0131 zamanda taraftar\u0131m\u0131z\u0131n deste\u011fi de \u00e7ok \u00f6nemli, b\u00fct\u00fcn taraftarlar\u0131m\u0131z\u0131 trib\u00fcne bekliyoruz.\u201d \u015feklinde konu\u015ftu.<\/p>\n<p style=\"text-align: justify;\">\n<p style=\"text-align: justify;\"><strong>Haz\u0131rl\u0131klar tamamland\u0131<\/strong><\/p>\n<p style=\"text-align: justify;\">Fenerbah\u00e7e Opet Kad\u0131n Voleybol Tak\u0131m\u0131m\u0131z, CEV \u015eampiyonlar Ligi yar\u0131 finalinde r\u00f6van\u015f ma\u00e7\u0131na \u00e7\u0131k\u0131yor. Sar\u0131 Melekler, bu turda e\u015fle\u015fti\u011fi \u0130talyan temsilcisi Imoco Volley Conegliano\u2019yu konuk ediyor. 9 Nisan sal\u0131 g\u00fcn\u00fc Burhan Felek Voleybol Salonu\u2019nda oynanacak m\u00fccadele saat 19.00\u2019da ba\u015flayacak.<\/p>\n<p style=\"text-align: justify;\">Fenerbah\u00e7e Opet, ge\u00e7ti\u011fimiz hafta deplasmanda oynad\u0131\u011f\u0131 ma\u00e7\u0131 3-0 kaybetmi\u015fti. Sar\u0131 Melekler, evinde oynayaca\u011f\u0131 kar\u015f\u0131lamay\u0131 3-0 veya 3-1 kazan\u0131rsa turu ge\u00e7ecek taraf\u0131 alt\u0131n set belirleyecek.<\/p>\n<p style=\"text-align: justify;\">Fenerbah\u00e7e Opet Kad\u0131n Voleybol Tak\u0131m\u0131m\u0131z finale \u00e7\u0131kmas\u0131 halinde Vak\u0131f Bank \u2013 Igor Gorgonzola Novara e\u015fle\u015fmesinin galibiyle 18 May\u0131s Cumartesi g\u00fcn\u00fc\u00a0 Almanya\u2019n\u0131n ba\u015fkenti Berlin\u2019de kar\u015f\u0131la\u015facak.<\/p>\n<p style=\"text-align: justify;\">\u00d6te yandan Fenerbah\u00e7e Opet, Imoco Volley Conegliano kar\u015f\u0131la\u015fmas\u0131 haz\u0131rl\u0131klar\u0131n\u0131 ma\u00e7\u0131n oynanaca\u011f\u0131 Burhan Felek Voleybol Salonu&#8217;nda yapt\u0131\u011f\u0131 antrenmanla tamamlad\u0131.<\/p>\n<p style=\"text-align: justify;\">Zoran Terzic y\u00f6netimindeki antrenman saat 17.30\u2019da \u0131s\u0131nma hareketleriyle ba\u015flad\u0131. Man\u015fet ma\u00e7\u0131yla devam eden idman, Conegliano ma\u00e7\u0131n\u0131n taktik provas\u0131yla sona erdi.<\/p>\n\n\t\t<style type=\"text\/css\">\n\t\t\t#gallery-1 {\n\t\t\t\tmargin: auto;\n\t\t\t}\n\t\t\t#gallery-1 .gallery-item {\n\t\t\t\tfloat: left;\n\t\t\t\tmargin-top: 10px;\n\t\t\t\ttext-align: center;\n\t\t\t\twidth: 20%;\n\t\t\t}\n\t\t\t#gallery-1 img {\n\t\t\t\tborder: 2px solid #cfcfcf;\n\t\t\t}\n\t\t\t#gallery-1 .gallery-caption {\n\t\t\t\tmargin-left: 0;\n\t\t\t}\n\t\t\t\/* see gallery_shortcode() in wp-includes\/media.php *\/\n\t\t<\/style>\n\t\t<div data-carousel-extra='{&quot;blog_id&quot;:1,&quot;permalink&quot;:&quot;https:\/\/sarimelekler.biz\/?p=10871&quot;}' id='gallery-1' class='gallery galleryid-10871 gallery-columns-5 gallery-size-thumbnail'><dl class='gallery-item'>\n\t\t\t<dt class='gallery-icon landscape'>\n\t\t\t\t<a href='https:\/\/sarimelekler.biz\/?attachment_id=10872'><img loading=\"lazy\" decoding=\"async\" width=\"150\" height=\"150\" src=\"https:\/\/sarimelekler.biz\/wp-content\/uploads\/2019\/04\/10-18-19-CL-1-150x150.jpg\" class=\"attachment-thumbnail size-thumbnail\" alt=\"\" data-attachment-id=\"10872\" data-permalink=\"https:\/\/sarimelekler.biz\/?attachment_id=10872\" data-orig-file=\"https:\/\/sarimelekler.biz\/wp-content\/uploads\/2019\/04\/10-18-19-CL-1.jpg\" data-orig-size=\"2500,1902\" data-comments-opened=\"0\" data-image-meta=\"{&quot;aperture&quot;:&quot;4.5&quot;,&quot;credit&quot;:&quot;&quot;,&quot;camera&quot;:&quot;Canon EOS-1D X&quot;,&quot;caption&quot;:&quot;&quot;,&quot;created_timestamp&quot;:&quot;1554742098&quot;,&quot;copyright&quot;:&quot;&quot;,&quot;focal_length&quot;:&quot;135&quot;,&quot;iso&quot;:&quot;2000&quot;,&quot;shutter_speed&quot;:&quot;0.0025&quot;,&quot;title&quot;:&quot;&quot;,&quot;orientation&quot;:&quot;1&quot;}\" data-image-title=\"10 &amp;#8211; 18 &amp;#8211; 19 CL (1)\" data-image-description=\"\" data-image-caption=\"\" data-large-file=\"https:\/\/sarimelekler.biz\/wp-content\/uploads\/2019\/04\/10-18-19-CL-1-1024x779.jpg\" \/><\/a>\n\t\t\t<\/dt><\/dl><dl class='gallery-item'>\n\t\t\t<dt class='gallery-icon landscape'>\n\t\t\t\t<a href='https:\/\/sarimelekler.biz\/?attachment_id=10873'><img loading=\"lazy\" decoding=\"async\" width=\"150\" height=\"150\" src=\"https:\/\/sarimelekler.biz\/wp-content\/uploads\/2019\/04\/10-18-19-CL-2-150x150.jpg\" class=\"attachment-thumbnail size-thumbnail\" alt=\"\" data-attachment-id=\"10873\" data-permalink=\"https:\/\/sarimelekler.biz\/?attachment_id=10873\" data-orig-file=\"https:\/\/sarimelekler.biz\/wp-content\/uploads\/2019\/04\/10-18-19-CL-2.jpg\" data-orig-size=\"2500,1891\" data-comments-opened=\"0\" data-image-meta=\"{&quot;aperture&quot;:&quot;4&quot;,&quot;credit&quot;:&quot;&quot;,&quot;camera&quot;:&quot;Canon EOS-1D X&quot;,&quot;caption&quot;:&quot;&quot;,&quot;created_timestamp&quot;:&quot;1554742522&quot;,&quot;copyright&quot;:&quot;&quot;,&quot;focal_length&quot;:&quot;300&quot;,&quot;iso&quot;:&quot;2000&quot;,&quot;shutter_speed&quot;:&quot;0.002&quot;,&quot;title&quot;:&quot;&quot;,&quot;orientation&quot;:&quot;1&quot;}\" data-image-title=\"10 &amp;#8211; 18 &amp;#8211; 19 CL (2)\" data-image-description=\"\" data-image-caption=\"\" data-large-file=\"https:\/\/sarimelekler.biz\/wp-content\/uploads\/2019\/04\/10-18-19-CL-2-1024x775.jpg\" \/><\/a>\n\t\t\t<\/dt><\/dl><dl class='gallery-item'>\n\t\t\t<dt class='gallery-icon landscape'>\n\t\t\t\t<a href='https:\/\/sarimelekler.biz\/?attachment_id=10874'><img loading=\"lazy\" decoding=\"async\" width=\"150\" height=\"150\" src=\"https:\/\/sarimelekler.biz\/wp-content\/uploads\/2019\/04\/10-18-19-CL-3-150x150.jpg\" class=\"attachment-thumbnail size-thumbnail\" alt=\"\" data-attachment-id=\"10874\" data-permalink=\"https:\/\/sarimelekler.biz\/?attachment_id=10874\" data-orig-file=\"https:\/\/sarimelekler.biz\/wp-content\/uploads\/2019\/04\/10-18-19-CL-3.jpg\" data-orig-size=\"2500,1667\" data-comments-opened=\"0\" data-image-meta=\"{&quot;aperture&quot;:&quot;4&quot;,&quot;credit&quot;:&quot;&quot;,&quot;camera&quot;:&quot;Canon EOS-1D X&quot;,&quot;caption&quot;:&quot;&quot;,&quot;created_timestamp&quot;:&quot;1554742682&quot;,&quot;copyright&quot;:&quot;&quot;,&quot;focal_length&quot;:&quot;300&quot;,&quot;iso&quot;:&quot;2000&quot;,&quot;shutter_speed&quot;:&quot;0.002&quot;,&quot;title&quot;:&quot;&quot;,&quot;orientation&quot;:&quot;1&quot;}\" data-image-title=\"10 &amp;#8211; 18 &amp;#8211; 19 CL (3)\" data-image-description=\"\" data-image-caption=\"\" data-large-file=\"https:\/\/sarimelekler.biz\/wp-content\/uploads\/2019\/04\/10-18-19-CL-3-1024x683.jpg\" \/><\/a>\n\t\t\t<\/dt><\/dl><dl class='gallery-item'>\n\t\t\t<dt class='gallery-icon landscape'>\n\t\t\t\t<a href='https:\/\/sarimelekler.biz\/?attachment_id=10875'><img loading=\"lazy\" decoding=\"async\" width=\"150\" height=\"150\" src=\"https:\/\/sarimelekler.biz\/wp-content\/uploads\/2019\/04\/10-18-19-CL-4-150x150.jpg\" class=\"attachment-thumbnail size-thumbnail\" alt=\"\" data-attachment-id=\"10875\" data-permalink=\"https:\/\/sarimelekler.biz\/?attachment_id=10875\" data-orig-file=\"https:\/\/sarimelekler.biz\/wp-content\/uploads\/2019\/04\/10-18-19-CL-4.jpg\" data-orig-size=\"2500,1804\" data-comments-opened=\"0\" data-image-meta=\"{&quot;aperture&quot;:&quot;4&quot;,&quot;credit&quot;:&quot;&quot;,&quot;camera&quot;:&quot;Canon EOS-1D X&quot;,&quot;caption&quot;:&quot;&quot;,&quot;created_timestamp&quot;:&quot;1554742773&quot;,&quot;copyright&quot;:&quot;&quot;,&quot;focal_length&quot;:&quot;300&quot;,&quot;iso&quot;:&quot;2000&quot;,&quot;shutter_speed&quot;:&quot;0.002&quot;,&quot;title&quot;:&quot;&quot;,&quot;orientation&quot;:&quot;1&quot;}\" data-image-title=\"10 &amp;#8211; 18 &amp;#8211; 19 CL (4)\" data-image-description=\"\" data-image-caption=\"\" data-large-file=\"https:\/\/sarimelekler.biz\/wp-content\/uploads\/2019\/04\/10-18-19-CL-4-1024x739.jpg\" \/><\/a>\n\t\t\t<\/dt><\/dl><dl class='gallery-item'>\n\t\t\t<dt class='gallery-icon landscape'>\n\t\t\t\t<a href='https:\/\/sarimelekler.biz\/?attachment_id=10876'><img loading=\"lazy\" decoding=\"async\" width=\"150\" height=\"150\" src=\"https:\/\/sarimelekler.biz\/wp-content\/uploads\/2019\/04\/10-18-19-CL-5-150x150.jpg\" class=\"attachment-thumbnail size-thumbnail\" alt=\"\" data-attachment-id=\"10876\" data-permalink=\"https:\/\/sarimelekler.biz\/?attachment_id=10876\" data-orig-file=\"https:\/\/sarimelekler.biz\/wp-content\/uploads\/2019\/04\/10-18-19-CL-5.jpg\" data-orig-size=\"2500,1906\" data-comments-opened=\"0\" data-image-meta=\"{&quot;aperture&quot;:&quot;4&quot;,&quot;credit&quot;:&quot;&quot;,&quot;camera&quot;:&quot;Canon EOS-1D X&quot;,&quot;caption&quot;:&quot;&quot;,&quot;created_timestamp&quot;:&quot;1554742808&quot;,&quot;copyright&quot;:&quot;&quot;,&quot;focal_length&quot;:&quot;300&quot;,&quot;iso&quot;:&quot;2000&quot;,&quot;shutter_speed&quot;:&quot;0.002&quot;,&quot;title&quot;:&quot;&quot;,&quot;orientation&quot;:&quot;1&quot;}\" data-image-title=\"10 &amp;#8211; 18 &amp;#8211; 19 CL (5)\" data-image-description=\"\" data-image-caption=\"\" data-large-file=\"https:\/\/sarimelekler.biz\/wp-content\/uploads\/2019\/04\/10-18-19-CL-5-1024x781.jpg\" \/><\/a>\n\t\t\t<\/dt><\/dl><br style=\"clear: both\" \/><dl class='gallery-item'>\n\t\t\t<dt class='gallery-icon landscape'>\n\t\t\t\t<a href='https:\/\/sarimelekler.biz\/?attachment_id=10877'><img loading=\"lazy\" decoding=\"async\" width=\"150\" height=\"150\" src=\"https:\/\/sarimelekler.biz\/wp-content\/uploads\/2019\/04\/10-18-19-CL-6-150x150.jpg\" class=\"attachment-thumbnail size-thumbnail\" alt=\"\" data-attachment-id=\"10877\" data-permalink=\"https:\/\/sarimelekler.biz\/?attachment_id=10877\" data-orig-file=\"https:\/\/sarimelekler.biz\/wp-content\/uploads\/2019\/04\/10-18-19-CL-6.jpg\" data-orig-size=\"2500,2198\" data-comments-opened=\"0\" data-image-meta=\"{&quot;aperture&quot;:&quot;4&quot;,&quot;credit&quot;:&quot;&quot;,&quot;camera&quot;:&quot;Canon EOS-1D X&quot;,&quot;caption&quot;:&quot;&quot;,&quot;created_timestamp&quot;:&quot;1554743003&quot;,&quot;copyright&quot;:&quot;&quot;,&quot;focal_length&quot;:&quot;16&quot;,&quot;iso&quot;:&quot;2000&quot;,&quot;shutter_speed&quot;:&quot;0.0025&quot;,&quot;title&quot;:&quot;&quot;,&quot;orientation&quot;:&quot;1&quot;}\" data-image-title=\"10 &amp;#8211; 18 &amp;#8211; 19 CL (6)\" data-image-description=\"\" data-image-caption=\"\" data-large-file=\"https:\/\/sarimelekler.biz\/wp-content\/uploads\/2019\/04\/10-18-19-CL-6-1024x900.jpg\" \/><\/a>\n\t\t\t<\/dt><\/dl><dl class='gallery-item'>\n\t\t\t<dt class='gallery-icon landscape'>\n\t\t\t\t<a href='https:\/\/sarimelekler.biz\/?attachment_id=10878'><img loading=\"lazy\" decoding=\"async\" width=\"150\" height=\"150\" src=\"https:\/\/sarimelekler.biz\/wp-content\/uploads\/2019\/04\/10-18-19-CL-7-150x150.jpg\" class=\"attachment-thumbnail size-thumbnail\" alt=\"\" data-attachment-id=\"10878\" data-permalink=\"https:\/\/sarimelekler.biz\/?attachment_id=10878\" data-orig-file=\"https:\/\/sarimelekler.biz\/wp-content\/uploads\/2019\/04\/10-18-19-CL-7.jpg\" data-orig-size=\"2500,1940\" data-comments-opened=\"0\" data-image-meta=\"{&quot;aperture&quot;:&quot;4&quot;,&quot;credit&quot;:&quot;&quot;,&quot;camera&quot;:&quot;Canon EOS-1D X&quot;,&quot;caption&quot;:&quot;&quot;,&quot;created_timestamp&quot;:&quot;1554743974&quot;,&quot;copyright&quot;:&quot;&quot;,&quot;focal_length&quot;:&quot;300&quot;,&quot;iso&quot;:&quot;2000&quot;,&quot;shutter_speed&quot;:&quot;0.002&quot;,&quot;title&quot;:&quot;&quot;,&quot;orientation&quot;:&quot;1&quot;}\" data-image-title=\"10 &amp;#8211; 18 &amp;#8211; 19 CL (7)\" data-image-description=\"\" data-image-caption=\"\" data-large-file=\"https:\/\/sarimelekler.biz\/wp-content\/uploads\/2019\/04\/10-18-19-CL-7-1024x795.jpg\" \/><\/a>\n\t\t\t<\/dt><\/dl><dl class='gallery-item'>\n\t\t\t<dt class='gallery-icon landscape'>\n\t\t\t\t<a href='https:\/\/sarimelekler.biz\/?attachment_id=10879'><img loading=\"lazy\" decoding=\"async\" width=\"150\" height=\"150\" src=\"https:\/\/sarimelekler.biz\/wp-content\/uploads\/2019\/04\/10-18-19-CL-8-150x150.jpg\" class=\"attachment-thumbnail size-thumbnail\" alt=\"\" data-attachment-id=\"10879\" data-permalink=\"https:\/\/sarimelekler.biz\/?attachment_id=10879\" data-orig-file=\"https:\/\/sarimelekler.biz\/wp-content\/uploads\/2019\/04\/10-18-19-CL-8.jpg\" data-orig-size=\"2500,1667\" data-comments-opened=\"0\" data-image-meta=\"{&quot;aperture&quot;:&quot;4&quot;,&quot;credit&quot;:&quot;&quot;,&quot;camera&quot;:&quot;Canon EOS-1D X&quot;,&quot;caption&quot;:&quot;&quot;,&quot;created_timestamp&quot;:&quot;1554745249&quot;,&quot;copyright&quot;:&quot;&quot;,&quot;focal_length&quot;:&quot;300&quot;,&quot;iso&quot;:&quot;2000&quot;,&quot;shutter_speed&quot;:&quot;0.002&quot;,&quot;title&quot;:&quot;&quot;,&quot;orientation&quot;:&quot;1&quot;}\" data-image-title=\"10 &amp;#8211; 18 &amp;#8211; 19 CL (8)\" data-image-description=\"\" data-image-caption=\"\" data-large-file=\"https:\/\/sarimelekler.biz\/wp-content\/uploads\/2019\/04\/10-18-19-CL-8-1024x683.jpg\" \/><\/a>\n\t\t\t<\/dt><\/dl><dl class='gallery-item'>\n\t\t\t<dt class='gallery-icon landscape'>\n\t\t\t\t<a href='https:\/\/sarimelekler.biz\/?attachment_id=10880'><img loading=\"lazy\" decoding=\"async\" width=\"150\" height=\"150\" src=\"https:\/\/sarimelekler.biz\/wp-content\/uploads\/2019\/04\/10-18-19-CL-9-150x150.jpg\" class=\"attachment-thumbnail size-thumbnail\" alt=\"\" data-attachment-id=\"10880\" data-permalink=\"https:\/\/sarimelekler.biz\/?attachment_id=10880\" data-orig-file=\"https:\/\/sarimelekler.biz\/wp-content\/uploads\/2019\/04\/10-18-19-CL-9.jpg\" data-orig-size=\"2500,1826\" data-comments-opened=\"0\" data-image-meta=\"{&quot;aperture&quot;:&quot;4&quot;,&quot;credit&quot;:&quot;&quot;,&quot;camera&quot;:&quot;Canon EOS-1D X&quot;,&quot;caption&quot;:&quot;&quot;,&quot;created_timestamp&quot;:&quot;1554745491&quot;,&quot;copyright&quot;:&quot;&quot;,&quot;focal_length&quot;:&quot;300&quot;,&quot;iso&quot;:&quot;2000&quot;,&quot;shutter_speed&quot;:&quot;0.002&quot;,&quot;title&quot;:&quot;&quot;,&quot;orientation&quot;:&quot;1&quot;}\" data-image-title=\"10 &amp;#8211; 18 &amp;#8211; 19 CL (9)\" data-image-description=\"\" data-image-caption=\"\" data-large-file=\"https:\/\/sarimelekler.biz\/wp-content\/uploads\/2019\/04\/10-18-19-CL-9-1024x748.jpg\" \/><\/a>\n\t\t\t<\/dt><\/dl><dl class='gallery-item'>\n\t\t\t<dt class='gallery-icon landscape'>\n\t\t\t\t<a href='https:\/\/sarimelekler.biz\/?attachment_id=10881'><img loading=\"lazy\" decoding=\"async\" width=\"150\" height=\"150\" src=\"https:\/\/sarimelekler.biz\/wp-content\/uploads\/2019\/04\/10-18-19-CL-10-150x150.jpg\" class=\"attachment-thumbnail size-thumbnail\" alt=\"\" data-attachment-id=\"10881\" data-permalink=\"https:\/\/sarimelekler.biz\/?attachment_id=10881\" data-orig-file=\"https:\/\/sarimelekler.biz\/wp-content\/uploads\/2019\/04\/10-18-19-CL-10.jpg\" data-orig-size=\"2500,1860\" data-comments-opened=\"0\" data-image-meta=\"{&quot;aperture&quot;:&quot;3.5&quot;,&quot;credit&quot;:&quot;&quot;,&quot;camera&quot;:&quot;Canon EOS-1D X&quot;,&quot;caption&quot;:&quot;&quot;,&quot;created_timestamp&quot;:&quot;1554746840&quot;,&quot;copyright&quot;:&quot;&quot;,&quot;focal_length&quot;:&quot;300&quot;,&quot;iso&quot;:&quot;2000&quot;,&quot;shutter_speed&quot;:&quot;0.002&quot;,&quot;title&quot;:&quot;&quot;,&quot;orientation&quot;:&quot;1&quot;}\" data-image-title=\"10 &amp;#8211; 18 &amp;#8211; 19 CL (10)\" data-image-description=\"\" data-image-caption=\"\" data-large-file=\"https:\/\/sarimelekler.biz\/wp-content\/uploads\/2019\/04\/10-18-19-CL-10-1024x762.jpg\" \/><\/a>\n\t\t\t<\/dt><\/dl><br style=\"clear: both\" \/><dl class='gallery-item'>\n\t\t\t<dt class='gallery-icon landscape'>\n\t\t\t\t<a href='https:\/\/sarimelekler.biz\/?attachment_id=10882'><img loading=\"lazy\" decoding=\"async\" width=\"150\" height=\"150\" src=\"https:\/\/sarimelekler.biz\/wp-content\/uploads\/2019\/04\/10-18-19-CL-11-150x150.jpg\" class=\"attachment-thumbnail size-thumbnail\" alt=\"\" data-attachment-id=\"10882\" data-permalink=\"https:\/\/sarimelekler.biz\/?attachment_id=10882\" data-orig-file=\"https:\/\/sarimelekler.biz\/wp-content\/uploads\/2019\/04\/10-18-19-CL-11.jpg\" data-orig-size=\"2500,1667\" data-comments-opened=\"0\" data-image-meta=\"{&quot;aperture&quot;:&quot;3.5&quot;,&quot;credit&quot;:&quot;&quot;,&quot;camera&quot;:&quot;Canon EOS-1D X&quot;,&quot;caption&quot;:&quot;&quot;,&quot;created_timestamp&quot;:&quot;1554747295&quot;,&quot;copyright&quot;:&quot;&quot;,&quot;focal_length&quot;:&quot;300&quot;,&quot;iso&quot;:&quot;2000&quot;,&quot;shutter_speed&quot;:&quot;0.002&quot;,&quot;title&quot;:&quot;&quot;,&quot;orientation&quot;:&quot;1&quot;}\" data-image-title=\"10 &amp;#8211; 18 &amp;#8211; 19 CL (11)\" data-image-description=\"\" data-image-caption=\"\" data-large-file=\"https:\/\/sarimelekler.biz\/wp-content\/uploads\/2019\/04\/10-18-19-CL-11-1024x683.jpg\" \/><\/a>\n\t\t\t<\/dt><\/dl><dl class='gallery-item'>\n\t\t\t<dt class='gallery-icon landscape'>\n\t\t\t\t<a href='https:\/\/sarimelekler.biz\/?attachment_id=10883'><img loading=\"lazy\" decoding=\"async\" width=\"150\" height=\"150\" src=\"https:\/\/sarimelekler.biz\/wp-content\/uploads\/2019\/04\/10-18-19-CL-12-150x150.jpg\" class=\"attachment-thumbnail size-thumbnail\" alt=\"\" data-attachment-id=\"10883\" data-permalink=\"https:\/\/sarimelekler.biz\/?attachment_id=10883\" data-orig-file=\"https:\/\/sarimelekler.biz\/wp-content\/uploads\/2019\/04\/10-18-19-CL-12.jpg\" data-orig-size=\"2500,2059\" data-comments-opened=\"0\" data-image-meta=\"{&quot;aperture&quot;:&quot;3.5&quot;,&quot;credit&quot;:&quot;&quot;,&quot;camera&quot;:&quot;Canon EOS-1D X&quot;,&quot;caption&quot;:&quot;&quot;,&quot;created_timestamp&quot;:&quot;1554747736&quot;,&quot;copyright&quot;:&quot;&quot;,&quot;focal_length&quot;:&quot;300&quot;,&quot;iso&quot;:&quot;2000&quot;,&quot;shutter_speed&quot;:&quot;0.002&quot;,&quot;title&quot;:&quot;&quot;,&quot;orientation&quot;:&quot;1&quot;}\" data-image-title=\"10 &amp;#8211; 18 &amp;#8211; 19 CL (12)\" data-image-description=\"\" data-image-caption=\"\" data-large-file=\"https:\/\/sarimelekler.biz\/wp-content\/uploads\/2019\/04\/10-18-19-CL-12-1024x843.jpg\" \/><\/a>\n\t\t\t<\/dt><\/dl><dl class='gallery-item'>\n\t\t\t<dt class='gallery-icon landscape'>\n\t\t\t\t<a href='https:\/\/sarimelekler.biz\/?attachment_id=10884'><img loading=\"lazy\" decoding=\"async\" width=\"150\" height=\"150\" src=\"https:\/\/sarimelekler.biz\/wp-content\/uploads\/2019\/04\/10-18-19-CL-13-150x150.jpg\" class=\"attachment-thumbnail size-thumbnail\" alt=\"\" data-attachment-id=\"10884\" data-permalink=\"https:\/\/sarimelekler.biz\/?attachment_id=10884\" data-orig-file=\"https:\/\/sarimelekler.biz\/wp-content\/uploads\/2019\/04\/10-18-19-CL-13.jpg\" data-orig-size=\"1200,675\" data-comments-opened=\"0\" data-image-meta=\"{&quot;aperture&quot;:&quot;3.5&quot;,&quot;credit&quot;:&quot;&quot;,&quot;camera&quot;:&quot;Canon EOS-1D X&quot;,&quot;caption&quot;:&quot;&quot;,&quot;created_timestamp&quot;:&quot;1554652919&quot;,&quot;copyright&quot;:&quot;&quot;,&quot;focal_length&quot;:&quot;70&quot;,&quot;iso&quot;:&quot;640&quot;,&quot;shutter_speed&quot;:&quot;0.005&quot;,&quot;title&quot;:&quot;&quot;,&quot;orientation&quot;:&quot;1&quot;}\" data-image-title=\"10 &amp;#8211; 18 &amp;#8211; 19 CL (13)\" data-image-description=\"\" data-image-caption=\"\" data-large-file=\"https:\/\/sarimelekler.biz\/wp-content\/uploads\/2019\/04\/10-18-19-CL-13-1024x576.jpg\" \/><\/a>\n\t\t\t<\/dt><\/dl><dl class='gallery-item'>\n\t\t\t<dt class='gallery-icon landscape'>\n\t\t\t\t<a href='https:\/\/sarimelekler.biz\/?attachment_id=10885'><img loading=\"lazy\" decoding=\"async\" width=\"150\" height=\"150\" src=\"https:\/\/sarimelekler.biz\/wp-content\/uploads\/2019\/04\/10-18-19-CL-14-150x150.jpg\" class=\"attachment-thumbnail size-thumbnail\" alt=\"\" data-attachment-id=\"10885\" data-permalink=\"https:\/\/sarimelekler.biz\/?attachment_id=10885\" data-orig-file=\"https:\/\/sarimelekler.biz\/wp-content\/uploads\/2019\/04\/10-18-19-CL-14.jpg\" data-orig-size=\"1200,678\" data-comments-opened=\"0\" data-image-meta=\"{&quot;aperture&quot;:&quot;0&quot;,&quot;credit&quot;:&quot;&quot;,&quot;camera&quot;:&quot;&quot;,&quot;caption&quot;:&quot;&quot;,&quot;created_timestamp&quot;:&quot;0&quot;,&quot;copyright&quot;:&quot;&quot;,&quot;focal_length&quot;:&quot;0&quot;,&quot;iso&quot;:&quot;0&quot;,&quot;shutter_speed&quot;:&quot;0&quot;,&quot;title&quot;:&quot;&quot;,&quot;orientation&quot;:&quot;0&quot;}\" data-image-title=\"10 &amp;#8211; 18 &amp;#8211; 19 CL (14)\" data-image-description=\"\" data-image-caption=\"\" data-large-file=\"https:\/\/sarimelekler.biz\/wp-content\/uploads\/2019\/04\/10-18-19-CL-14-1024x579.jpg\" \/><\/a>\n\t\t\t<\/dt><\/dl><dl class='gallery-item'>\n\t\t\t<dt class='gallery-icon landscape'>\n\t\t\t\t<a href='https:\/\/sarimelekler.biz\/?attachment_id=10886'><img loading=\"lazy\" decoding=\"async\" width=\"150\" height=\"150\" src=\"https:\/\/sarimelekler.biz\/wp-content\/uploads\/2019\/04\/10-18-19-CL-15-150x150.jpg\" class=\"attachment-thumbnail size-thumbnail\" alt=\"\" data-attachment-id=\"10886\" data-permalink=\"https:\/\/sarimelekler.biz\/?attachment_id=10886\" data-orig-file=\"https:\/\/sarimelekler.biz\/wp-content\/uploads\/2019\/04\/10-18-19-CL-15.jpg\" data-orig-size=\"1200,678\" data-comments-opened=\"0\" data-image-meta=\"{&quot;aperture&quot;:&quot;0&quot;,&quot;credit&quot;:&quot;&quot;,&quot;camera&quot;:&quot;&quot;,&quot;caption&quot;:&quot;&quot;,&quot;created_timestamp&quot;:&quot;0&quot;,&quot;copyright&quot;:&quot;&quot;,&quot;focal_length&quot;:&quot;0&quot;,&quot;iso&quot;:&quot;0&quot;,&quot;shutter_speed&quot;:&quot;0&quot;,&quot;title&quot;:&quot;&quot;,&quot;orientation&quot;:&quot;0&quot;}\" data-image-title=\"10 &amp;#8211; 18 &amp;#8211; 19 CL (15)\" data-image-description=\"\" data-image-caption=\"\" data-large-file=\"https:\/\/sarimelekler.biz\/wp-content\/uploads\/2019\/04\/10-18-19-CL-15-1024x579.jpg\" \/><\/a>\n\t\t\t<\/dt><\/dl><br style=\"clear: both\" \/>\n\t\t<\/div>\n\n<p>Foto\u011fraf Kaynak:\u00a0<a href=\"https:\/\/fenerbahce.org\/haberler\/voleybol-kadin\/2019\/4\/eda-erdem-dundar-ve-sila-caliskan-dan-imoco-volley-conegliano-maci-oncesi-aciklamalar\" target=\"_blank\" rel=\"noopener\">Fenerbah\u00e7e SK Resmi \u0130nternet Sitesi<\/a><\/p>\n<p style=\"text-align: right;\">08.04.2019<\/p>\n","protected":false},"excerpt":{"rendered":"<p>Fenerbah\u00e7e Opet Kad\u0131n Voleybol Tak\u0131m\u0131m\u0131z\u0131n, CEV \u015eampiyonlar Ligi yar\u0131 final \u2026 <a class=\"continue-reading-link\" href=\"https:\/\/sarimelekler.biz\/?p=10871\">Okumaya Devam Et.. <span class=\"meta-nav\">&rarr; <\/span><\/a><\/p>\n","protected":false},"author":1,"featured_media":10884,"comment_status":"closed","ping_status":"open","sticky":false,"template":"","format":"standard","meta":{"jetpack_post_was_ever_published":false,"_jetpack_newsletter_access":"","_jetpack_dont_email_post_to_subs":false,"_jetpack_newsletter_tier_id":0,"_jetpack_memberships_contains_paywalled_content":false,"_jetpack_memberships_contains_paid_content":false,"footnotes":"","jetpack_publicize_message":"","jetpack_publicize_feature_enabled":true,"jetpack_social_post_already_shared":true,"jetpack_social_options":{"image_generator_settings":{"template":"highway","default_image_id":0,"font":"","enabled":false},"version":2}},"categories":[1],"tags":[],"class_list":["post-10871","post","type-post","status-publish","format-standard","has-post-thumbnail","hentry","category-avp"],"jetpack_publicize_connections":[],"jetpack_featured_media_url":"https:\/\/sarimelekler.biz\/wp-content\/uploads\/2019\/04\/10-18-19-CL-13.jpg","jetpack_sharing_enabled":true,"jetpack_shortlink":"https:\/\/wp.me\/p8npUZ-2Pl","jetpack-related-posts":[{"id":7205,"url":"https:\/\/sarimelekler.biz\/?p=7205","url_meta":{"origin":10871,"position":0},"title":"Eda Erdem D\u00fcndar ile Samantha Bricio Be\u015fikta\u015f ma\u00e7\u0131yla ilgili konu\u015ftu","author":"Edit\u00f6r","date":"2 Kas\u0131m 2018","format":false,"excerpt":"Kad\u0131n Voleybol Tak\u0131m\u0131m\u0131z\u0131n Vestel Venus Sultanlar Ligi\u2019nde 2 Kas\u0131m Cuma g\u00fcn\u00fc Be\u015fikta\u015f ile oynayaca\u011f\u0131 kar\u015f\u0131la\u015fma \u00f6ncesi kaptan Eda Erdem D\u00fcndar ile yeni transfer Samantha Bricio, resmi \u0130nternet Sitemize a\u00e7\u0131klamalarda bulundu. Kaptan Eda Erdem D\u00fcndar haz\u0131rl\u0131klar\u0131n \u00e7ok iyi gitti\u011fini ve tak\u0131mda g\u00fczel bir enerji oldu\u011funu belirtirken, Meksikal\u0131 sma\u00e7\u00f6r Samantha Bricio ise\u2026","rel":"","context":"&quot;T\u00fcrkiye Ligi&quot; i\u00e7inde","block_context":{"text":"T\u00fcrkiye Ligi","link":"https:\/\/sarimelekler.biz\/?cat=6"},"img":{"alt_text":"","src":"https:\/\/i0.wp.com\/sarimelekler.biz\/wp-content\/uploads\/2018\/11\/1.-Hafta-2.jpg?resize=350%2C200&ssl=1","width":350,"height":200,"srcset":"https:\/\/i0.wp.com\/sarimelekler.biz\/wp-content\/uploads\/2018\/11\/1.-Hafta-2.jpg?resize=350%2C200&ssl=1 1x, https:\/\/i0.wp.com\/sarimelekler.biz\/wp-content\/uploads\/2018\/11\/1.-Hafta-2.jpg?resize=525%2C300&ssl=1 1.5x, https:\/\/i0.wp.com\/sarimelekler.biz\/wp-content\/uploads\/2018\/11\/1.-Hafta-2.jpg?resize=700%2C400&ssl=1 2x, https:\/\/i0.wp.com\/sarimelekler.biz\/wp-content\/uploads\/2018\/11\/1.-Hafta-2.jpg?resize=1050%2C600&ssl=1 3x, https:\/\/i0.wp.com\/sarimelekler.biz\/wp-content\/uploads\/2018\/11\/1.-Hafta-2.jpg?resize=1400%2C800&ssl=1 4x"},"classes":[]},{"id":14657,"url":"https:\/\/sarimelekler.biz\/?p=14657","url_meta":{"origin":10871,"position":1},"title":"Eda Erdem D\u00fcndar: \u015eampiyonlar Ligi&#8217;ne \u0130yi Bir Ba\u015flang\u0131\u00e7 Yapmak \u0130stiyoruz","author":"Edit\u00f6r","date":"8 Aral\u0131k 2020","format":false,"excerpt":"Fenerbah\u00e7e Opet Kad\u0131n Voleybol Tak\u0131m\u0131m\u0131z\u0131n kaptan\u0131 Eda Erdem D\u00fcndar, Tak\u0131m\u0131m\u0131z\u0131n, CEV Kad\u0131nlar \u015eampiyonlar Ligi B Grubunda Fransa temsilcisi Nantes ile oynayaca\u011f\u0131 kar\u015f\u0131la\u015fma \u00f6ncesinde a\u00e7\u0131klamalarda bulundu. \u015eampiyonlar Ligi\u2019ne iyi bir ba\u015flang\u0131\u00e7 yapmak istediklerini dile getiren kaptan Eda Erdem D\u00fcndar, \u201cUzun zamand\u0131r bekledi\u011fimiz \u015eampiyonlar Ligi ma\u00e7lar\u0131m\u0131z ba\u015fl\u0131yor. \u0130ki ayr\u0131 turnuvadan olu\u015fan grup\u2026","rel":"","context":"&quot;Avrupa Kupalar\u0131&quot; i\u00e7inde","block_context":{"text":"Avrupa Kupalar\u0131","link":"https:\/\/sarimelekler.biz\/?cat=1"},"img":{"alt_text":"","src":"https:\/\/i0.wp.com\/sarimelekler.biz\/wp-content\/uploads\/2020\/12\/Eda-20-21-CL.png?resize=350%2C200&ssl=1","width":350,"height":200,"srcset":"https:\/\/i0.wp.com\/sarimelekler.biz\/wp-content\/uploads\/2020\/12\/Eda-20-21-CL.png?resize=350%2C200&ssl=1 1x, https:\/\/i0.wp.com\/sarimelekler.biz\/wp-content\/uploads\/2020\/12\/Eda-20-21-CL.png?resize=525%2C300&ssl=1 1.5x, https:\/\/i0.wp.com\/sarimelekler.biz\/wp-content\/uploads\/2020\/12\/Eda-20-21-CL.png?resize=700%2C400&ssl=1 2x, https:\/\/i0.wp.com\/sarimelekler.biz\/wp-content\/uploads\/2020\/12\/Eda-20-21-CL.png?resize=1050%2C600&ssl=1 3x"},"classes":[]},{"id":9410,"url":"https:\/\/sarimelekler.biz\/?p=9410","url_meta":{"origin":10871,"position":2},"title":"Eda Erdem D\u00fcndar ve Ana Antonijevic\u2019ten Chemik Police ma\u00e7\u0131 \u00f6ncesi a\u00e7\u0131klamalar","author":"Edit\u00f6r","date":"19 Aral\u0131k 2018","format":false,"excerpt":"Kad\u0131n Voleybol Tak\u0131m\u0131m\u0131z Fenerbah\u00e7e OPET'in CEV Kad\u0131nlar \u015eampiyonlar Ligi E Grubu 2.haftas\u0131nda Chemik Police ile bug\u00fcn oynayaca\u011f\u0131 ma\u00e7 \u00f6ncesi Kaptan\u0131m\u0131z Eda Erdem D\u00fcndar ve Ana Antonijevic, Fenerbah\u00e7e Spor Kul\u00fcb\u00fcm\u00fcz resmi sitemize a\u00e7\u0131klamalarda bulundu. Kaptan Eda Erdem D\u00fcndar taraftarlar varken daha iyi voleybol oynad\u0131klar\u0131n\u0131 vurgularken, Antonijevic hedeflerinin grupta birinci olarak bir\u2026","rel":"","context":"&quot;Avrupa Kupalar\u0131&quot; i\u00e7inde","block_context":{"text":"Avrupa Kupalar\u0131","link":"https:\/\/sarimelekler.biz\/?cat=1"},"img":{"alt_text":"","src":"https:\/\/i0.wp.com\/sarimelekler.biz\/wp-content\/uploads\/2018\/12\/Chemik-2.jpg?resize=350%2C200&ssl=1","width":350,"height":200,"srcset":"https:\/\/i0.wp.com\/sarimelekler.biz\/wp-content\/uploads\/2018\/12\/Chemik-2.jpg?resize=350%2C200&ssl=1 1x, https:\/\/i0.wp.com\/sarimelekler.biz\/wp-content\/uploads\/2018\/12\/Chemik-2.jpg?resize=525%2C300&ssl=1 1.5x, https:\/\/i0.wp.com\/sarimelekler.biz\/wp-content\/uploads\/2018\/12\/Chemik-2.jpg?resize=700%2C400&ssl=1 2x, https:\/\/i0.wp.com\/sarimelekler.biz\/wp-content\/uploads\/2018\/12\/Chemik-2.jpg?resize=1050%2C600&ssl=1 3x, https:\/\/i0.wp.com\/sarimelekler.biz\/wp-content\/uploads\/2018\/12\/Chemik-2.jpg?resize=1400%2C800&ssl=1 4x"},"classes":[]},{"id":12406,"url":"https:\/\/sarimelekler.biz\/?p=12406","url_meta":{"origin":10871,"position":3},"title":"Eda Erdem D\u00fcndar ve Naz Aydemir Akyol, Eczac\u0131ba\u015f\u0131 Vitra ma\u00e7\u0131 \u00f6ncesi a\u00e7\u0131klamalarda bulundu","author":"Edit\u00f6r","date":"18 Kas\u0131m 2019","format":false,"excerpt":"Kad\u0131n Voleybol Tak\u0131m\u0131m\u0131z Fenerbah\u00e7e Opet, CEV \u015eampiyonlar Ligi A Grubu ilk ma\u00e7\u0131nda yar\u0131n saat 17.30\u2019da Eczac\u0131ba\u015f\u0131 Vitra ile kar\u015f\u0131la\u015facak. Kaptan Eda Erdem D\u00fcndar ve oyuncumuz Naz Aydemir Akyol bu ma\u00e7 \u00f6ncesinde kul\u00fcb\u00fcm\u00fcz\u00fcn resmi internet sitesine a\u00e7\u0131klamalarda bulundu. \u015eampiyonlar Ligi\u2019ni \u00e7ok \u00f6zlediklerini ifade eden Kaptan Eda Erdem D\u00fcndar, \u201cGrubun en zorlu\u2026","rel":"","context":"&quot;Avrupa Kupalar\u0131&quot; i\u00e7inde","block_context":{"text":"Avrupa Kupalar\u0131","link":"https:\/\/sarimelekler.biz\/?cat=1"},"img":{"alt_text":"","src":"https:\/\/i0.wp.com\/sarimelekler.biz\/wp-content\/uploads\/2019\/11\/Eda-Naz-CL-1-A%C3%A7%C4%B1klama-1.jpg?resize=350%2C200&ssl=1","width":350,"height":200,"srcset":"https:\/\/i0.wp.com\/sarimelekler.biz\/wp-content\/uploads\/2019\/11\/Eda-Naz-CL-1-A%C3%A7%C4%B1klama-1.jpg?resize=350%2C200&ssl=1 1x, https:\/\/i0.wp.com\/sarimelekler.biz\/wp-content\/uploads\/2019\/11\/Eda-Naz-CL-1-A%C3%A7%C4%B1klama-1.jpg?resize=525%2C300&ssl=1 1.5x, https:\/\/i0.wp.com\/sarimelekler.biz\/wp-content\/uploads\/2019\/11\/Eda-Naz-CL-1-A%C3%A7%C4%B1klama-1.jpg?resize=700%2C400&ssl=1 2x, https:\/\/i0.wp.com\/sarimelekler.biz\/wp-content\/uploads\/2019\/11\/Eda-Naz-CL-1-A%C3%A7%C4%B1klama-1.jpg?resize=1050%2C600&ssl=1 3x, https:\/\/i0.wp.com\/sarimelekler.biz\/wp-content\/uploads\/2019\/11\/Eda-Naz-CL-1-A%C3%A7%C4%B1klama-1.jpg?resize=1400%2C800&ssl=1 4x"},"classes":[]},{"id":6823,"url":"https:\/\/sarimelekler.biz\/?p=6823","url_meta":{"origin":10871,"position":4},"title":"Merve Tanyel ve S\u0131la \u00c7al\u0131\u015fkan Kamp Hakk\u0131nda A\u00e7\u0131klamalarda Bulundular","author":"Edit\u00f6r","date":"11 Eyl\u00fcl 2018","format":false,"excerpt":"Yeni sezon haz\u0131rl\u0131klar\u0131n\u0131 Topuk Yaylas\u0131 tesislerimizde s\u00fcrd\u00fcren Kad\u0131n voleybol tak\u0131m\u0131m\u0131z oyuncular\u0131ndan Merve Tanyel ve S\u0131la \u00c7al\u0131\u015fkan Topuk Yaylas\u0131 Kamp\u0131 hakk\u0131nda kul\u00fcb\u00fcm\u00fcz\u00fcn resmi internet sitesine a\u00e7\u0131klamalarda bulundular. S\u0131la \u00c7al\u0131\u015fkan: Kamp s\u00fcrecini en iyi \u015fekilde de\u011ferlendirmek istiyoruz Antrenman\u0131n ard\u0131ndan yeni transferlerimizden S\u0131la \u00c7al\u0131\u015fkan ile gen\u00e7 oyuncumuz Merve Tanyel, Resmi Sitemize a\u00e7\u0131klamalarda bulundu.\u2026","rel":"","context":"&quot;Haberler&quot; i\u00e7inde","block_context":{"text":"Haberler","link":"https:\/\/sarimelekler.biz\/?cat=7"},"img":{"alt_text":"","src":"https:\/\/i0.wp.com\/sarimelekler.biz\/wp-content\/uploads\/2018\/09\/de6p7725_61622_7308592.jpg?resize=350%2C200&ssl=1","width":350,"height":200,"srcset":"https:\/\/i0.wp.com\/sarimelekler.biz\/wp-content\/uploads\/2018\/09\/de6p7725_61622_7308592.jpg?resize=350%2C200&ssl=1 1x, https:\/\/i0.wp.com\/sarimelekler.biz\/wp-content\/uploads\/2018\/09\/de6p7725_61622_7308592.jpg?resize=525%2C300&ssl=1 1.5x, https:\/\/i0.wp.com\/sarimelekler.biz\/wp-content\/uploads\/2018\/09\/de6p7725_61622_7308592.jpg?resize=700%2C400&ssl=1 2x, https:\/\/i0.wp.com\/sarimelekler.biz\/wp-content\/uploads\/2018\/09\/de6p7725_61622_7308592.jpg?resize=1050%2C600&ssl=1 3x, https:\/\/i0.wp.com\/sarimelekler.biz\/wp-content\/uploads\/2018\/09\/de6p7725_61622_7308592.jpg?resize=1400%2C800&ssl=1 4x"},"classes":[]},{"id":11846,"url":"https:\/\/sarimelekler.biz\/?p=11846","url_meta":{"origin":10871,"position":5},"title":"Kafkas M\u00fccevherat ile Fenerbah\u00e7e Opet aras\u0131ndaki  Forma Sponsorlu\u011fu T\u00f6reni Yap\u0131ld\u0131","author":"Edit\u00f6r","date":"18 Eyl\u00fcl 2019","format":false,"excerpt":"Fenerbah\u00e7e Opet Kad\u0131n Voleybol Tak\u0131m\u0131m\u0131z ile m\u00fccevher sekt\u00f6r\u00fcnde bir moda yarat\u0131mc\u0131s\u0131 olmay\u0131 ilke edinen, sekt\u00f6r\u00fcn \u00f6nemli markalar\u0131ndan Kafkas M\u00fccevherat aras\u0131ndaki sponsorluk anla\u015fmas\u0131 imza t\u00f6reni yap\u0131ld\u0131. \u00dclker Stadyumu Fenerbah\u00e7e \u015e\u00fckr\u00fc Saraco\u011flu Spor Kompleksi 1907 Trib\u00fcn\u00fc\u2019nde ger\u00e7ekle\u015ftirilen imza t\u00f6reninde Ba\u015fkan Yard\u0131mc\u0131m\u0131z Burhan Kara\u00e7am ve Kafkas M\u00fccevherat CEO\u2019su Tolga K\u0131rg\u0131z ile Fenerbah\u00e7e Opet\u2026","rel":"","context":"&quot;Haberler&quot; i\u00e7inde","block_context":{"text":"Haberler","link":"https:\/\/sarimelekler.biz\/?cat=7"},"img":{"alt_text":"","src":"https:\/\/i0.wp.com\/sarimelekler.biz\/wp-content\/uploads\/2019\/09\/Kafkas-M%C3%BCcevherat-Sponsorlu%C4%9Fu-1.jpg?resize=350%2C200&ssl=1","width":350,"height":200,"srcset":"https:\/\/i0.wp.com\/sarimelekler.biz\/wp-content\/uploads\/2019\/09\/Kafkas-M%C3%BCcevherat-Sponsorlu%C4%9Fu-1.jpg?resize=350%2C200&ssl=1 1x, https:\/\/i0.wp.com\/sarimelekler.biz\/wp-content\/uploads\/2019\/09\/Kafkas-M%C3%BCcevherat-Sponsorlu%C4%9Fu-1.jpg?resize=525%2C300&ssl=1 1.5x, https:\/\/i0.wp.com\/sarimelekler.biz\/wp-content\/uploads\/2019\/09\/Kafkas-M%C3%BCcevherat-Sponsorlu%C4%9Fu-1.jpg?resize=700%2C400&ssl=1 2x, https:\/\/i0.wp.com\/sarimelekler.biz\/wp-content\/uploads\/2019\/09\/Kafkas-M%C3%BCcevherat-Sponsorlu%C4%9Fu-1.jpg?resize=1050%2C600&ssl=1 3x, https:\/\/i0.wp.com\/sarimelekler.biz\/wp-content\/uploads\/2019\/09\/Kafkas-M%C3%BCcevherat-Sponsorlu%C4%9Fu-1.jpg?resize=1400%2C800&ssl=1 4x"},"classes":[]}],"_links":{"self":[{"href":"https:\/\/sarimelekler.biz\/index.php?rest_route=\/wp\/v2\/posts\/10871","targetHints":{"allow":["GET"]}}],"collection":[{"href":"https:\/\/sarimelekler.biz\/index.php?rest_route=\/wp\/v2\/posts"}],"about":[{"href":"https:\/\/sarimelekler.biz\/index.php?rest_route=\/wp\/v2\/types\/post"}],"author":[{"embeddable":true,"href":"https:\/\/sarimelekler.biz\/index.php?rest_route=\/wp\/v2\/users\/1"}],"replies":[{"embeddable":true,"href":"https:\/\/sarimelekler.biz\/index.php?rest_route=%2Fwp%2Fv2%2Fcomments&post=10871"}],"version-history":[{"count":1,"href":"https:\/\/sarimelekler.biz\/index.php?rest_route=\/wp\/v2\/posts\/10871\/revisions"}],"predecessor-version":[{"id":10887,"href":"https:\/\/sarimelekler.biz\/index.php?rest_route=\/wp\/v2\/posts\/10871\/revisions\/10887"}],"wp:featuredmedia":[{"embeddable":true,"href":"https:\/\/sarimelekler.biz\/index.php?rest_route=\/wp\/v2\/media\/10884"}],"wp:attachment":[{"href":"https:\/\/sarimelekler.biz\/index.php?rest_route=%2Fwp%2Fv2%2Fmedia&parent=10871"}],"wp:term":[{"taxonomy":"category","embeddable":true,"href":"https:\/\/sarimelekler.biz\/index.php?rest_route=%2Fwp%2Fv2%2Fcategories&post=10871"},{"taxonomy":"post_tag","embeddable":true,"href":"https:\/\/sarimelekler.biz\/index.php?rest_route=%2Fwp%2Fv2%2Ftags&post=10871"}],"curies":[{"name":"wp","href":"https:\/\/api.w.org\/{rel}","templated":true}]}}