{"id":11144,"date":"2019-05-02T00:46:34","date_gmt":"2019-05-01T21:46:34","guid":{"rendered":"http:\/\/sarimelekler.biz\/?p=11144"},"modified":"2019-05-12T01:01:04","modified_gmt":"2019-05-11T22:01:04","slug":"takimimizdan-ilk-ayrilan-isim-ana-antonijevic-oldu","status":"publish","type":"post","link":"https:\/\/sarimelekler.biz\/?p=11144","title":{"rendered":"Tak\u0131m\u0131m\u0131zdan ilk ayr\u0131lan oyuncu Ana Antonijevic oldu."},"content":{"rendered":"<p style=\"text-align: justify;\">Fenerbah\u00e7e Opet Kad\u0131n Voleybol tak\u0131m\u0131m\u0131zdan ilk ayr\u0131lan isim sezon ba\u015f\u0131 transfer etti\u011fimiz S\u0131rp pas\u00f6r Ana Antonijevic oldu. Ana Antonijevic Facebook ve Instagram hesaplar\u0131ndan payla\u015ft\u0131\u011f\u0131 bir g\u00f6nderi ile tak\u0131m\u0131m\u0131za veda etti.<\/p>\n<p style=\"text-align: justify;\">Ana Antonijevic; 29 Sultanlar Ligi, 10 \u015eampiyonlar Ligi ve 3 T\u00fcrkiye Kupas\u0131 olmak \u00fczere toplam 42 ma\u00e7 tak\u0131m\u0131m\u0131zda oynad\u0131. 25\u2019i servis, 27\u2019si blok ve 47\u2019si atak olmak \u00fczere toplam 99 say\u0131 \u00fcretti. Ayr\u0131ca Antonijevic tak\u0131m\u0131m\u0131z\u0131n ligde oynad\u0131\u011f\u0131 son ma\u00e7\u0131n son say\u0131s\u0131n\u0131 alarak tak\u0131m\u0131m\u0131z ad\u0131na sezonu bitirdi.<\/p>\n<p style=\"text-align: justify;\">Ana Antonijevic\u2019e te\u015fekk\u00fcr eder, spor hayat\u0131nda ba\u015far\u0131lar dileriz.<\/p>\n\n\t\t<style type=\"text\/css\">\n\t\t\t#gallery-1 {\n\t\t\t\tmargin: auto;\n\t\t\t}\n\t\t\t#gallery-1 .gallery-item {\n\t\t\t\tfloat: left;\n\t\t\t\tmargin-top: 10px;\n\t\t\t\ttext-align: center;\n\t\t\t\twidth: 50%;\n\t\t\t}\n\t\t\t#gallery-1 img {\n\t\t\t\tborder: 2px solid #cfcfcf;\n\t\t\t}\n\t\t\t#gallery-1 .gallery-caption {\n\t\t\t\tmargin-left: 0;\n\t\t\t}\n\t\t\t\/* see gallery_shortcode() in wp-includes\/media.php *\/\n\t\t<\/style>\n\t\t<div data-carousel-extra='{&quot;blog_id&quot;:1,&quot;permalink&quot;:&quot;https:\/\/sarimelekler.biz\/?p=11144&quot;}' id='gallery-1' class='gallery galleryid-11144 gallery-columns-2 gallery-size-large'><dl class='gallery-item'>\n\t\t\t<dt class='gallery-icon portrait'>\n\t\t\t\t<a href='https:\/\/sarimelekler.biz\/?attachment_id=11145'><img loading=\"lazy\" decoding=\"async\" width=\"614\" height=\"960\" src=\"https:\/\/sarimelekler.biz\/wp-content\/uploads\/2019\/05\/Ana-Veda-1.jpg\" class=\"attachment-large size-large\" alt=\"\" srcset=\"https:\/\/sarimelekler.biz\/wp-content\/uploads\/2019\/05\/Ana-Veda-1.jpg 614w, https:\/\/sarimelekler.biz\/wp-content\/uploads\/2019\/05\/Ana-Veda-1-192x300.jpg 192w, https:\/\/sarimelekler.biz\/wp-content\/uploads\/2019\/05\/Ana-Veda-1-96x150.jpg 96w\" sizes=\"auto, (max-width: 614px) 100vw, 614px\" data-attachment-id=\"11145\" data-permalink=\"https:\/\/sarimelekler.biz\/?attachment_id=11145\" data-orig-file=\"https:\/\/sarimelekler.biz\/wp-content\/uploads\/2019\/05\/Ana-Veda-1.jpg\" data-orig-size=\"614,960\" data-comments-opened=\"0\" data-image-meta=\"{&quot;aperture&quot;:&quot;0&quot;,&quot;credit&quot;:&quot;&quot;,&quot;camera&quot;:&quot;&quot;,&quot;caption&quot;:&quot;&quot;,&quot;created_timestamp&quot;:&quot;0&quot;,&quot;copyright&quot;:&quot;&quot;,&quot;focal_length&quot;:&quot;0&quot;,&quot;iso&quot;:&quot;0&quot;,&quot;shutter_speed&quot;:&quot;0&quot;,&quot;title&quot;:&quot;&quot;,&quot;orientation&quot;:&quot;0&quot;}\" data-image-title=\"Ana Veda 1\" data-image-description=\"\" data-image-caption=\"\" data-large-file=\"https:\/\/sarimelekler.biz\/wp-content\/uploads\/2019\/05\/Ana-Veda-1.jpg\" \/><\/a>\n\t\t\t<\/dt><\/dl><dl class='gallery-item'>\n\t\t\t<dt class='gallery-icon portrait'>\n\t\t\t\t<a href='https:\/\/sarimelekler.biz\/?attachment_id=11146'><img loading=\"lazy\" decoding=\"async\" width=\"620\" height=\"960\" src=\"https:\/\/sarimelekler.biz\/wp-content\/uploads\/2019\/05\/Ana-Veda-2.png\" class=\"attachment-large size-large\" alt=\"\" srcset=\"https:\/\/sarimelekler.biz\/wp-content\/uploads\/2019\/05\/Ana-Veda-2.png 620w, https:\/\/sarimelekler.biz\/wp-content\/uploads\/2019\/05\/Ana-Veda-2-194x300.png 194w, https:\/\/sarimelekler.biz\/wp-content\/uploads\/2019\/05\/Ana-Veda-2-97x150.png 97w\" sizes=\"auto, (max-width: 620px) 100vw, 620px\" data-attachment-id=\"11146\" data-permalink=\"https:\/\/sarimelekler.biz\/?attachment_id=11146\" data-orig-file=\"https:\/\/sarimelekler.biz\/wp-content\/uploads\/2019\/05\/Ana-Veda-2.png\" data-orig-size=\"620,960\" data-comments-opened=\"0\" data-image-meta=\"{&quot;aperture&quot;:&quot;0&quot;,&quot;credit&quot;:&quot;&quot;,&quot;camera&quot;:&quot;&quot;,&quot;caption&quot;:&quot;&quot;,&quot;created_timestamp&quot;:&quot;0&quot;,&quot;copyright&quot;:&quot;&quot;,&quot;focal_length&quot;:&quot;0&quot;,&quot;iso&quot;:&quot;0&quot;,&quot;shutter_speed&quot;:&quot;0&quot;,&quot;title&quot;:&quot;&quot;,&quot;orientation&quot;:&quot;0&quot;}\" data-image-title=\"Ana Veda 2\" data-image-description=\"\" data-image-caption=\"\" data-large-file=\"https:\/\/sarimelekler.biz\/wp-content\/uploads\/2019\/05\/Ana-Veda-2.png\" \/><\/a>\n\t\t\t<\/dt><\/dl><br style=\"clear: both\" \/>\n\t\t<\/div>\n\n<p style=\"text-align: right;\">01.05.2019<\/p>\n","protected":false},"excerpt":{"rendered":"<p>Fenerbah\u00e7e Opet Kad\u0131n Voleybol tak\u0131m\u0131m\u0131zdan ilk ayr\u0131lan isim sezon ba\u015f\u0131 \u2026 <a class=\"continue-reading-link\" href=\"https:\/\/sarimelekler.biz\/?p=11144\">Okumaya Devam Et.. <span class=\"meta-nav\">&rarr; <\/span><\/a><\/p>\n","protected":false},"author":1,"featured_media":6831,"comment_status":"closed","ping_status":"open","sticky":false,"template":"","format":"standard","meta":{"jetpack_post_was_ever_published":false,"_jetpack_newsletter_access":"","_jetpack_dont_email_post_to_subs":false,"_jetpack_newsletter_tier_id":0,"_jetpack_memberships_contains_paywalled_content":false,"_jetpack_memberships_contains_paid_content":false,"footnotes":"","jetpack_publicize_message":"","jetpack_publicize_feature_enabled":true,"jetpack_social_post_already_shared":true,"jetpack_social_options":{"image_generator_settings":{"template":"highway","default_image_id":0,"font":"","enabled":false},"version":2}},"categories":[23],"tags":[],"class_list":["post-11144","post","type-post","status-publish","format-standard","has-post-thumbnail","hentry","category-transfer-haberleri"],"jetpack_publicize_connections":[],"jetpack_featured_media_url":"https:\/\/sarimelekler.biz\/wp-content\/uploads\/2018\/09\/ana-kapak.jpg","jetpack_sharing_enabled":true,"jetpack_shortlink":"https:\/\/wp.me\/p8npUZ-2TK","jetpack-related-posts":[{"id":11161,"url":"https:\/\/sarimelekler.biz\/?p=11161","url_meta":{"origin":11144,"position":0},"title":"Tak\u0131m\u0131m\u0131zdan ayr\u0131lan \u00fc\u00e7\u00fcnc\u00fc oyuncu Dobriana Rabadzhieva oldu.","author":"Edit\u00f6r","date":"3 May\u0131s 2019","format":false,"excerpt":"Fenerbah\u00e7e Opet Kad\u0131n Voleybol tak\u0131m\u0131m\u0131zdan\u00a0Ana Antonijevic ve\u00a0Samantha Bricio'nun ard\u0131ndan \u00fc\u00e7\u00fcnc\u00fc ayr\u0131lan isim sezon ortas\u0131 (29.01.2019) tak\u0131m\u0131m\u0131za transfer etti\u011fimiz Bulgar Sma\u00e7\u00f6r Dobriana Rabadzhieva oldu.\u00a0Rabadzhieva\u00a0 Instagram hesab\u0131ndan payla\u015ft\u0131\u011f\u0131 bir g\u00f6nderi ile tak\u0131m\u0131m\u0131za veda etti. Rabadzhieva; 12 Sultanlar Ligi, 7 \u015eampiyonlar Ligi ve 3 T\u00fcrkiye Kupas\u0131 olmak \u00fczere toplam 22 ma\u00e7ta tak\u0131m\u0131m\u0131zda s\u00fcre\u2026","rel":"","context":"&quot;Transfer Haberleri&quot; i\u00e7inde","block_context":{"text":"Transfer Haberleri","link":"https:\/\/sarimelekler.biz\/?cat=23"},"img":{"alt_text":"","src":"https:\/\/i0.wp.com\/sarimelekler.biz\/wp-content\/uploads\/2019\/01\/Dobriana-Rabadzhieva-Kapak.jpg?resize=350%2C200&ssl=1","width":350,"height":200,"srcset":"https:\/\/i0.wp.com\/sarimelekler.biz\/wp-content\/uploads\/2019\/01\/Dobriana-Rabadzhieva-Kapak.jpg?resize=350%2C200&ssl=1 1x, https:\/\/i0.wp.com\/sarimelekler.biz\/wp-content\/uploads\/2019\/01\/Dobriana-Rabadzhieva-Kapak.jpg?resize=525%2C300&ssl=1 1.5x, https:\/\/i0.wp.com\/sarimelekler.biz\/wp-content\/uploads\/2019\/01\/Dobriana-Rabadzhieva-Kapak.jpg?resize=700%2C400&ssl=1 2x, https:\/\/i0.wp.com\/sarimelekler.biz\/wp-content\/uploads\/2019\/01\/Dobriana-Rabadzhieva-Kapak.jpg?resize=1050%2C600&ssl=1 3x, https:\/\/i0.wp.com\/sarimelekler.biz\/wp-content\/uploads\/2019\/01\/Dobriana-Rabadzhieva-Kapak.jpg?resize=1400%2C800&ssl=1 4x"},"classes":[]},{"id":11294,"url":"https:\/\/sarimelekler.biz\/?p=11294","url_meta":{"origin":11144,"position":1},"title":"Kul\u00fcb\u00fcm\u00fcz Taraf\u0131ndan Tak\u0131m\u0131m\u0131zdan Ayr\u0131lan Oyuncular A\u00e7\u0131kland\u0131.","author":"Edit\u00f6r","date":"16 May\u0131s 2019","format":false,"excerpt":"Kul\u00fcb\u00fcm\u00fcz, Fenerbah\u00e7e Opet Kad\u0131n Voleybol tak\u0131m\u0131m\u0131zdan ayr\u0131lan oyuncular\u0131 resmi sitesi ve sosyal medya hesaplar\u0131ndan a\u00e7\u0131klayarak oyunculara veda etti. Yap\u0131lan A\u00e7\u0131klamada: Fenerbah\u00e7e Opet Kad\u0131n Voleybol Tak\u0131m\u0131m\u0131z yeni sezon yap\u0131lanmas\u0131nda; Merve Dalbeler, Polen \u00dcnver, Ana Antonijevic, Dobriana Rabadzhieva, Samantha Bricio Ramos, Ezgi Da\u011fdelenler ve Merve Tanyel ile yollar\u0131n\u0131 ay\u0131rm\u0131\u015ft\u0131r. Formam\u0131z\u0131 ba\u015far\u0131yla terleten\u2026","rel":"","context":"&quot;Transfer Haberleri&quot; i\u00e7inde","block_context":{"text":"Transfer Haberleri","link":"https:\/\/sarimelekler.biz\/?cat=23"},"img":{"alt_text":"","src":"https:\/\/i0.wp.com\/sarimelekler.biz\/wp-content\/uploads\/2019\/05\/Haber-Ba%C5%9Fl%C4%B1%C4%9F%C4%B1.jpg?resize=350%2C200&ssl=1","width":350,"height":200,"srcset":"https:\/\/i0.wp.com\/sarimelekler.biz\/wp-content\/uploads\/2019\/05\/Haber-Ba%C5%9Fl%C4%B1%C4%9F%C4%B1.jpg?resize=350%2C200&ssl=1 1x, https:\/\/i0.wp.com\/sarimelekler.biz\/wp-content\/uploads\/2019\/05\/Haber-Ba%C5%9Fl%C4%B1%C4%9F%C4%B1.jpg?resize=525%2C300&ssl=1 1.5x, https:\/\/i0.wp.com\/sarimelekler.biz\/wp-content\/uploads\/2019\/05\/Haber-Ba%C5%9Fl%C4%B1%C4%9F%C4%B1.jpg?resize=700%2C400&ssl=1 2x"},"classes":[]},{"id":11151,"url":"https:\/\/sarimelekler.biz\/?p=11151","url_meta":{"origin":11144,"position":2},"title":"Tak\u0131m\u0131m\u0131zdan ayr\u0131lan ikinci oyuncu Samantha Bricio oldu.","author":"Edit\u00f6r","date":"2 May\u0131s 2019","format":false,"excerpt":"Fenerbah\u00e7e Opet Kad\u0131n Voleybol tak\u0131m\u0131m\u0131zdan ikinci ayr\u0131lan isim sezon ba\u015f\u0131 transfer etti\u011fimiz Meksikal\u0131 Sma\u00e7\u00f6r Samantha Bricio oldu. Samantha Bricio Instagram hesab\u0131ndan payla\u015ft\u0131\u011f\u0131 bir g\u00f6nderi ile tak\u0131m\u0131m\u0131za veda etti. Bricio; 29 Sultanlar Ligi, 10 \u015eampiyonlar Ligi ve 3 T\u00fcrkiye Kupas\u0131 olmak \u00fczere toplam 42 ma\u00e7 tak\u0131m\u0131m\u0131zda oynad\u0131. Sultanlar Liginde 60\u2019\u0131 servis,\u2026","rel":"","context":"&quot;Transfer Haberleri&quot; i\u00e7inde","block_context":{"text":"Transfer Haberleri","link":"https:\/\/sarimelekler.biz\/?cat=23"},"img":{"alt_text":"","src":"https:\/\/i0.wp.com\/sarimelekler.biz\/wp-content\/uploads\/2018\/10\/Bricio-Ekim-3.jpg?resize=350%2C200&ssl=1","width":350,"height":200,"srcset":"https:\/\/i0.wp.com\/sarimelekler.biz\/wp-content\/uploads\/2018\/10\/Bricio-Ekim-3.jpg?resize=350%2C200&ssl=1 1x, https:\/\/i0.wp.com\/sarimelekler.biz\/wp-content\/uploads\/2018\/10\/Bricio-Ekim-3.jpg?resize=525%2C300&ssl=1 1.5x, https:\/\/i0.wp.com\/sarimelekler.biz\/wp-content\/uploads\/2018\/10\/Bricio-Ekim-3.jpg?resize=700%2C400&ssl=1 2x, https:\/\/i0.wp.com\/sarimelekler.biz\/wp-content\/uploads\/2018\/10\/Bricio-Ekim-3.jpg?resize=1050%2C600&ssl=1 3x, https:\/\/i0.wp.com\/sarimelekler.biz\/wp-content\/uploads\/2018\/10\/Bricio-Ekim-3.jpg?resize=1400%2C800&ssl=1 4x"},"classes":[]},{"id":6830,"url":"https:\/\/sarimelekler.biz\/?p=6830","url_meta":{"origin":11144,"position":3},"title":"Ana Antonijevic Hakk\u0131ndaki \u0130ddialar Ger\u00e7e\u011fi Yans\u0131tmamaktad\u0131r!","author":"Edit\u00f6r","date":"18 Eyl\u00fcl 2018","format":false,"excerpt":"Fenerbah\u00e7e Kad\u0131n Voleybol Tak\u0131m\u0131m\u0131z\u0131n yeni transferi Ana Antonijevic bilindi\u011fi \u00fczere d\u00fcn (17.09.2018) S\u0131rbistan Milli Tak\u0131m kamp\u0131ndan ayr\u0131larak \u0130stanbul\u2019a geldi ve aya\u011f\u0131n\u0131n tozuyla kul\u00fcb\u00fcm\u00fcz\u00fcn resmi internet sayfas\u0131na bir r\u00f6portaj verdi. Tak\u0131m\u0131m\u0131z\u0131n yeni antren\u00f6r\u00fc olan ve ayn\u0131 zamanda S\u0131rbistan Milli Tak\u0131m antren\u00f6rl\u00fc\u011f\u00fc yapan Zoran Terzic \u00f6n\u00fcm\u00fczdeki g\u00fcnlerde ba\u015flayacak olan \u00a0S\u0131rbistan Milli Tak\u0131m\u0131n\u0131n\u2026","rel":"","context":"&quot;\u00d6zel Haberler&quot; i\u00e7inde","block_context":{"text":"\u00d6zel Haberler","link":"https:\/\/sarimelekler.biz\/?cat=21"},"img":{"alt_text":"","src":"https:\/\/i0.wp.com\/sarimelekler.biz\/wp-content\/uploads\/2018\/09\/ana-kapak.jpg?resize=350%2C200&ssl=1","width":350,"height":200,"srcset":"https:\/\/i0.wp.com\/sarimelekler.biz\/wp-content\/uploads\/2018\/09\/ana-kapak.jpg?resize=350%2C200&ssl=1 1x, https:\/\/i0.wp.com\/sarimelekler.biz\/wp-content\/uploads\/2018\/09\/ana-kapak.jpg?resize=525%2C300&ssl=1 1.5x, https:\/\/i0.wp.com\/sarimelekler.biz\/wp-content\/uploads\/2018\/09\/ana-kapak.jpg?resize=700%2C400&ssl=1 2x, https:\/\/i0.wp.com\/sarimelekler.biz\/wp-content\/uploads\/2018\/09\/ana-kapak.jpg?resize=1050%2C600&ssl=1 3x, https:\/\/i0.wp.com\/sarimelekler.biz\/wp-content\/uploads\/2018\/09\/ana-kapak.jpg?resize=1400%2C800&ssl=1 4x"},"classes":[]},{"id":7520,"url":"https:\/\/sarimelekler.biz\/?p=7520","url_meta":{"origin":11144,"position":4},"title":"\u015eampiyonlar Ligine Galibiyetle Ba\u015fl\u0131yoruz Dinamo Moskova:1 &#8211; Fenerbah\u00e7e:3","author":"Edit\u00f6r","date":"21 Kas\u0131m 2018","format":false,"excerpt":"Fenerbah\u00e7e Kad\u0131n Voleybol Tak\u0131m\u0131m\u0131z Cev \u015eampiyonlar Ligi E grubu ilk ma\u00e7\u0131nda deplasmanda kar\u015f\u0131la\u015ft\u0131\u011f\u0131 Dinamo Moskova tak\u0131m\u0131n 17 \u2013 25, 25 \u2013 17, 18 \u2013 25 ve 11 \u2013 25\u2019lik set skorlar\u0131yla 3-0 ma\u011flup ederek \u015eampiyonlar Ligine 3 puanla ba\u015flad\u0131. Sadece 2. Setin ortalar\u0131nda k\u00f6t\u00fc oynayan tak\u0131m\u0131m\u0131z ma\u00e7\u0131n genelinde \u00fcst\u00fcn bir\u2026","rel":"","context":"&quot;Avrupa Kupalar\u0131&quot; i\u00e7inde","block_context":{"text":"Avrupa Kupalar\u0131","link":"https:\/\/sarimelekler.biz\/?cat=1"},"img":{"alt_text":"","src":"https:\/\/i0.wp.com\/sarimelekler.biz\/wp-content\/uploads\/2018\/11\/1-18-19-CL-16.jpg?resize=350%2C200&ssl=1","width":350,"height":200,"srcset":"https:\/\/i0.wp.com\/sarimelekler.biz\/wp-content\/uploads\/2018\/11\/1-18-19-CL-16.jpg?resize=350%2C200&ssl=1 1x, https:\/\/i0.wp.com\/sarimelekler.biz\/wp-content\/uploads\/2018\/11\/1-18-19-CL-16.jpg?resize=525%2C300&ssl=1 1.5x, https:\/\/i0.wp.com\/sarimelekler.biz\/wp-content\/uploads\/2018\/11\/1-18-19-CL-16.jpg?resize=700%2C400&ssl=1 2x, https:\/\/i0.wp.com\/sarimelekler.biz\/wp-content\/uploads\/2018\/11\/1-18-19-CL-16.jpg?resize=1050%2C600&ssl=1 3x"},"classes":[]},{"id":9798,"url":"https:\/\/sarimelekler.biz\/?p=9798","url_meta":{"origin":11144,"position":5},"title":"Fenerbah\u00e7e Opet:0 &#8211; Eczac\u0131ba\u015f\u0131 Vitra.: 3","author":"Edit\u00f6r","date":"28 Ocak 2019","format":false,"excerpt":"Fenerbah\u00e7e Opet Bayan Voleybol Tak\u0131m\u0131m\u0131z Vestel Ven\u00fcs Sultanlar Ligi\u2019nin 15. Haftas\u0131nda kar\u015f\u0131la\u015ft\u0131\u011f\u0131 Eczac\u0131ba\u015f\u0131 Vitra tak\u0131m\u0131na 22 \u2013 25, 29 \u2013 31 ve 23 \u2013 25\u2019lik set skorlar\u0131yla 3-0 ma\u011flup oldu. Ma\u00e7a Eda, Ana Antonijevic, Fatma, Dicle, Bricio, Vargas ve Merve ile ba\u015flayan tak\u0131m\u0131m\u0131zda Polen, Bahar ve S\u0131la\u2019da s\u00fcre ald\u0131. B\u00f6ylelikle\u2026","rel":"","context":"&quot;T\u00fcrkiye Ligi&quot; i\u00e7inde","block_context":{"text":"T\u00fcrkiye Ligi","link":"https:\/\/sarimelekler.biz\/?cat=6"},"img":{"alt_text":"","src":"https:\/\/i0.wp.com\/sarimelekler.biz\/wp-content\/uploads\/2019\/01\/15-18-19-1.jpg?resize=350%2C200&ssl=1","width":350,"height":200,"srcset":"https:\/\/i0.wp.com\/sarimelekler.biz\/wp-content\/uploads\/2019\/01\/15-18-19-1.jpg?resize=350%2C200&ssl=1 1x, https:\/\/i0.wp.com\/sarimelekler.biz\/wp-content\/uploads\/2019\/01\/15-18-19-1.jpg?resize=525%2C300&ssl=1 1.5x, https:\/\/i0.wp.com\/sarimelekler.biz\/wp-content\/uploads\/2019\/01\/15-18-19-1.jpg?resize=700%2C400&ssl=1 2x, https:\/\/i0.wp.com\/sarimelekler.biz\/wp-content\/uploads\/2019\/01\/15-18-19-1.jpg?resize=1050%2C600&ssl=1 3x, https:\/\/i0.wp.com\/sarimelekler.biz\/wp-content\/uploads\/2019\/01\/15-18-19-1.jpg?resize=1400%2C800&ssl=1 4x"},"classes":[]}],"_links":{"self":[{"href":"https:\/\/sarimelekler.biz\/index.php?rest_route=\/wp\/v2\/posts\/11144","targetHints":{"allow":["GET"]}}],"collection":[{"href":"https:\/\/sarimelekler.biz\/index.php?rest_route=\/wp\/v2\/posts"}],"about":[{"href":"https:\/\/sarimelekler.biz\/index.php?rest_route=\/wp\/v2\/types\/post"}],"author":[{"embeddable":true,"href":"https:\/\/sarimelekler.biz\/index.php?rest_route=\/wp\/v2\/users\/1"}],"replies":[{"embeddable":true,"href":"https:\/\/sarimelekler.biz\/index.php?rest_route=%2Fwp%2Fv2%2Fcomments&post=11144"}],"version-history":[{"count":3,"href":"https:\/\/sarimelekler.biz\/index.php?rest_route=\/wp\/v2\/posts\/11144\/revisions"}],"predecessor-version":[{"id":11150,"href":"https:\/\/sarimelekler.biz\/index.php?rest_route=\/wp\/v2\/posts\/11144\/revisions\/11150"}],"wp:featuredmedia":[{"embeddable":true,"href":"https:\/\/sarimelekler.biz\/index.php?rest_route=\/wp\/v2\/media\/6831"}],"wp:attachment":[{"href":"https:\/\/sarimelekler.biz\/index.php?rest_route=%2Fwp%2Fv2%2Fmedia&parent=11144"}],"wp:term":[{"taxonomy":"category","embeddable":true,"href":"https:\/\/sarimelekler.biz\/index.php?rest_route=%2Fwp%2Fv2%2Fcategories&post=11144"},{"taxonomy":"post_tag","embeddable":true,"href":"https:\/\/sarimelekler.biz\/index.php?rest_route=%2Fwp%2Fv2%2Ftags&post=11144"}],"curies":[{"name":"wp","href":"https:\/\/api.w.org\/{rel}","templated":true}]}}