{"id":11307,"date":"2019-05-23T14:58:08","date_gmt":"2019-05-23T11:58:08","guid":{"rendered":"http:\/\/sarimelekler.biz\/?p=11307"},"modified":"2019-05-23T14:58:14","modified_gmt":"2019-05-23T11:58:14","slug":"sari-melekler-yol-arkadasi-opet-ile-devam-ediyor","status":"publish","type":"post","link":"https:\/\/sarimelekler.biz\/?p=11307","title":{"rendered":"&#8220;Sar\u0131 Melekler&#8221; yol arkada\u015f\u0131 OPET ile Devam Ediyor"},"content":{"rendered":"<p style=\"text-align: justify;\">Fenerbah\u00e7e Kad\u0131n Voleybol Tak\u0131m\u0131m\u0131z ve OPET aras\u0131nda 15 Aral\u0131k 2018 tarihinde ba\u015flayan ve 2018-19 sezonu kapsayacak ana sponsorluk anla\u015fmas\u0131 1 sezon daha uzat\u0131ld\u0131. OPET 2019-2020 sezonu boyunca kad\u0131n voleybol tak\u0131m\u0131m\u0131z\u0131n isim ve forma g\u00f6\u011f\u00fcs sponsoru olacak.<\/p>\n<p style=\"text-align: justify;\">Konuyla ilgili a\u00e7\u0131klamay\u0131 Kul\u00fcb\u00fcm\u00fcz\u00fcn Voleyboldan Sorumlu Y\u00f6netim Kurulu \u00dcyesi Simla T\u00fcrker Bayaz\u0131t, FB Tv\u2019de 14\/16 program\u0131nda yapt\u0131.<\/p>\n\n\t\t<style type=\"text\/css\">\n\t\t\t#gallery-1 {\n\t\t\t\tmargin: auto;\n\t\t\t}\n\t\t\t#gallery-1 .gallery-item {\n\t\t\t\tfloat: left;\n\t\t\t\tmargin-top: 10px;\n\t\t\t\ttext-align: center;\n\t\t\t\twidth: 100%;\n\t\t\t}\n\t\t\t#gallery-1 img {\n\t\t\t\tborder: 2px solid #cfcfcf;\n\t\t\t}\n\t\t\t#gallery-1 .gallery-caption {\n\t\t\t\tmargin-left: 0;\n\t\t\t}\n\t\t\t\/* see gallery_shortcode() in wp-includes\/media.php *\/\n\t\t<\/style>\n\t\t<div data-carousel-extra='{&quot;blog_id&quot;:1,&quot;permalink&quot;:&quot;https:\/\/sarimelekler.biz\/?p=11307&quot;}' id='gallery-1' class='gallery galleryid-11307 gallery-columns-1 gallery-size-large'><dl class='gallery-item'>\n\t\t\t<dt class='gallery-icon landscape'>\n\t\t\t\t<a href='https:\/\/sarimelekler.biz\/?attachment_id=7823'><img loading=\"lazy\" decoding=\"async\" width=\"860\" height=\"486\" src=\"https:\/\/sarimelekler.biz\/wp-content\/uploads\/2018\/12\/Opet-3-1024x579.jpg\" class=\"attachment-large size-large\" alt=\"\" srcset=\"https:\/\/sarimelekler.biz\/wp-content\/uploads\/2018\/12\/Opet-3-1024x579.jpg 1024w, https:\/\/sarimelekler.biz\/wp-content\/uploads\/2018\/12\/Opet-3-300x170.jpg 300w, https:\/\/sarimelekler.biz\/wp-content\/uploads\/2018\/12\/Opet-3-768x434.jpg 768w, https:\/\/sarimelekler.biz\/wp-content\/uploads\/2018\/12\/Opet-3-150x85.jpg 150w, https:\/\/sarimelekler.biz\/wp-content\/uploads\/2018\/12\/Opet-3.jpg 1200w\" sizes=\"auto, (max-width: 860px) 100vw, 860px\" data-attachment-id=\"7823\" data-permalink=\"https:\/\/sarimelekler.biz\/?attachment_id=7823\" data-orig-file=\"https:\/\/sarimelekler.biz\/wp-content\/uploads\/2018\/12\/Opet-3.jpg\" data-orig-size=\"1200,678\" data-comments-opened=\"0\" data-image-meta=\"{&quot;aperture&quot;:&quot;0&quot;,&quot;credit&quot;:&quot;&quot;,&quot;camera&quot;:&quot;&quot;,&quot;caption&quot;:&quot;&quot;,&quot;created_timestamp&quot;:&quot;0&quot;,&quot;copyright&quot;:&quot;&quot;,&quot;focal_length&quot;:&quot;0&quot;,&quot;iso&quot;:&quot;0&quot;,&quot;shutter_speed&quot;:&quot;0&quot;,&quot;title&quot;:&quot;&quot;,&quot;orientation&quot;:&quot;0&quot;}\" data-image-title=\"Opet (3)\" data-image-description=\"\" data-image-caption=\"\" data-large-file=\"https:\/\/sarimelekler.biz\/wp-content\/uploads\/2018\/12\/Opet-3-1024x579.jpg\" \/><\/a>\n\t\t\t<\/dt><\/dl><br style=\"clear: both\" \/>\n\t\t<\/div>\n\n<p style=\"text-align: right;\">23.05.2019<\/p>\n","protected":false},"excerpt":{"rendered":"<p>Fenerbah\u00e7e Kad\u0131n Voleybol Tak\u0131m\u0131m\u0131z ve OPET aras\u0131nda 15 Aral\u0131k 2018 \u2026 <a class=\"continue-reading-link\" href=\"https:\/\/sarimelekler.biz\/?p=11307\">Okumaya Devam Et.. <span class=\"meta-nav\">&rarr; <\/span><\/a><\/p>\n","protected":false},"author":1,"featured_media":7823,"comment_status":"closed","ping_status":"open","sticky":false,"template":"","format":"standard","meta":{"jetpack_post_was_ever_published":false,"_jetpack_newsletter_access":"","_jetpack_dont_email_post_to_subs":false,"_jetpack_newsletter_tier_id":0,"_jetpack_memberships_contains_paywalled_content":false,"_jetpack_memberships_contains_paid_content":false,"footnotes":"","jetpack_publicize_message":"","jetpack_publicize_feature_enabled":true,"jetpack_social_post_already_shared":true,"jetpack_social_options":{"image_generator_settings":{"template":"highway","default_image_id":0,"font":"","enabled":false},"version":2}},"categories":[7],"tags":[],"class_list":["post-11307","post","type-post","status-publish","format-standard","has-post-thumbnail","hentry","category-haberler"],"jetpack_publicize_connections":[],"jetpack_featured_media_url":"https:\/\/sarimelekler.biz\/wp-content\/uploads\/2018\/12\/Opet-3.jpg","jetpack_sharing_enabled":true,"jetpack_shortlink":"https:\/\/wp.me\/p8npUZ-2Wn","jetpack-related-posts":[{"id":13515,"url":"https:\/\/sarimelekler.biz\/?p=13515","url_meta":{"origin":11307,"position":0},"title":"Sar\u0131 Melekler&#8217;den Ayr\u0131lan Oyuncular A\u00e7\u0131kland\u0131.","author":"Edit\u00f6r","date":"9 Haziran 2020","format":false,"excerpt":"Kul\u00fcb\u00fcm\u00fcz, Fenerbah\u00e7e Opet Kad\u0131n Voleybol tak\u0131m\u0131m\u0131z\u0131n 2020 \u2013 2021 sezonu kadro planlamas\u0131 do\u011frultusunda Fatma Y\u0131ld\u0131r\u0131m, Kelsey Robinson, Damla \u00c7ak\u0131ro\u011flu, S\u0131la \u00c7al\u0131\u015fkan ve Jordan Thompson ile \u00e7al\u0131\u015fmayaca\u011f\u0131n\u0131 duyurdu. Kul\u00fcb\u00fcm\u00fczden yap\u0131lan a\u00e7\u0131klama: T\u00fcrkiye Voleybol Federasyonu Covid-19 salg\u0131n\u0131 dolay\u0131s\u0131yla 2019-20 Sezonu Vestel Venus Sultanlar Ligi'ni sona erdirmi\u015f; bu karar\u0131n ard\u0131ndan Kul\u00fcb\u00fcm\u00fcz mevcut maddi\u2026","rel":"","context":"&quot;Transfer Haberleri&quot; i\u00e7inde","block_context":{"text":"Transfer Haberleri","link":"https:\/\/sarimelekler.biz\/?cat=23"},"img":{"alt_text":"","src":"https:\/\/i0.wp.com\/sarimelekler.biz\/wp-content\/uploads\/2020\/06\/Giden-Transfer-Kapak.jpg?resize=350%2C200&ssl=1","width":350,"height":200,"srcset":"https:\/\/i0.wp.com\/sarimelekler.biz\/wp-content\/uploads\/2020\/06\/Giden-Transfer-Kapak.jpg?resize=350%2C200&ssl=1 1x, https:\/\/i0.wp.com\/sarimelekler.biz\/wp-content\/uploads\/2020\/06\/Giden-Transfer-Kapak.jpg?resize=525%2C300&ssl=1 1.5x, https:\/\/i0.wp.com\/sarimelekler.biz\/wp-content\/uploads\/2020\/06\/Giden-Transfer-Kapak.jpg?resize=700%2C400&ssl=1 2x, https:\/\/i0.wp.com\/sarimelekler.biz\/wp-content\/uploads\/2020\/06\/Giden-Transfer-Kapak.jpg?resize=1050%2C600&ssl=1 3x"},"classes":[]},{"id":7822,"url":"https:\/\/sarimelekler.biz\/?p=7822","url_meta":{"origin":11307,"position":1},"title":"&#8220;Sar\u0131 Melekler&#8221;in yeni yol arkada\u015f\u0131 OPET &#8211; Ailemize Ho\u015f Geldin Opet","author":"Edit\u00f6r","date":"15 Aral\u0131k 2018","format":false,"excerpt":"Fenerbah\u00e7e Kad\u0131n Voleybol Tak\u0131m\u0131m\u0131z ve OPET aras\u0131nda ana sponsorluk anla\u015fmas\u0131 imzaland\u0131. OPET, 2018-19 sezonu boyunca kad\u0131n voleybol tak\u0131m\u0131m\u0131z\u0131n isim ve forma g\u00f6\u011f\u00fcs sponsoru olacak. Kul\u00fcb\u00fcm\u00fcz\u00fcn Resmi \u0130nternet Sitesinden Yap\u0131lan A\u00e7\u0131klama: \u00dclkemizde voleybol ad\u0131na bir\u00e7ok ilki hayata ge\u00e7iren, elde etti\u011fi ulusal-uluslararas\u0131 ba\u015far\u0131lar ve \u015fampiyonluklarla voleybolu, \u00fclke sporumuzda ve d\u00fcnyada \u00f6nemli bir\u2026","rel":"","context":"&quot;Haberler&quot; i\u00e7inde","block_context":{"text":"Haberler","link":"https:\/\/sarimelekler.biz\/?cat=7"},"img":{"alt_text":"","src":"https:\/\/i0.wp.com\/sarimelekler.biz\/wp-content\/uploads\/2018\/12\/Opet-3.jpg?resize=350%2C200&ssl=1","width":350,"height":200,"srcset":"https:\/\/i0.wp.com\/sarimelekler.biz\/wp-content\/uploads\/2018\/12\/Opet-3.jpg?resize=350%2C200&ssl=1 1x, https:\/\/i0.wp.com\/sarimelekler.biz\/wp-content\/uploads\/2018\/12\/Opet-3.jpg?resize=525%2C300&ssl=1 1.5x, https:\/\/i0.wp.com\/sarimelekler.biz\/wp-content\/uploads\/2018\/12\/Opet-3.jpg?resize=700%2C400&ssl=1 2x, https:\/\/i0.wp.com\/sarimelekler.biz\/wp-content\/uploads\/2018\/12\/Opet-3.jpg?resize=1050%2C600&ssl=1 3x"},"classes":[]},{"id":14990,"url":"https:\/\/sarimelekler.biz\/?p=14990","url_meta":{"origin":11307,"position":2},"title":"Ba\u015fantren\u00f6r\u00fcm\u00fcz Zoran Terzic\u2019le 3 Y\u0131ll\u0131k Yeni S\u00f6zle\u015fme \u0130mzaland\u0131.","author":"Edit\u00f6r","date":"19 Ocak 2021","format":false,"excerpt":"Fenerbah\u00e7e Opet Kad\u0131n Voleybol Tak\u0131m\u0131m\u0131z\u0131n Ba\u015fantren\u00f6r\u00fc Zoran Terzic\u2019in s\u00f6zle\u015fmesinin 3 sene daha uzat\u0131ld\u0131\u011f\u0131 kul\u00fcb\u00fcm\u00fcz\u00fcn resmi internet sitesinden duyuruldu. 2018 \u2013 2019 sezonunda tak\u0131m\u0131m\u0131za kat\u0131lan Terzic ilk senesinde Sultanlar Liginde \u00fc\u00e7\u00fcnc\u00fc olurken, \u015eampiyonlar Liginde ise de\u011fi\u015fen sistemle beraber \u00fc\u00e7\u00fcnc\u00fcl\u00fc\u011f\u00fc Vak\u0131fbank\u2019la payla\u015ft\u0131. Ge\u00e7ti\u011fimiz sezonu ise normal lig etab\u0131n\u0131 \u00fc\u00e7\u00fcnc\u00fc olarak bitiren tak\u0131m\u0131m\u0131z\u2026","rel":"","context":"&quot;Transfer Haberleri&quot; i\u00e7inde","block_context":{"text":"Transfer Haberleri","link":"https:\/\/sarimelekler.biz\/?cat=23"},"img":{"alt_text":"","src":"https:\/\/i0.wp.com\/sarimelekler.biz\/wp-content\/uploads\/2019\/06\/terzic-19-20.jpg?resize=350%2C200&ssl=1","width":350,"height":200,"srcset":"https:\/\/i0.wp.com\/sarimelekler.biz\/wp-content\/uploads\/2019\/06\/terzic-19-20.jpg?resize=350%2C200&ssl=1 1x, https:\/\/i0.wp.com\/sarimelekler.biz\/wp-content\/uploads\/2019\/06\/terzic-19-20.jpg?resize=525%2C300&ssl=1 1.5x, https:\/\/i0.wp.com\/sarimelekler.biz\/wp-content\/uploads\/2019\/06\/terzic-19-20.jpg?resize=700%2C400&ssl=1 2x"},"classes":[]},{"id":13660,"url":"https:\/\/sarimelekler.biz\/?p=13660","url_meta":{"origin":11307,"position":3},"title":"Fenerbah\u00e7e Opet \u00c7al\u0131\u015fmalar\u0131n\u0131 Topuk Yaylas\u0131\u2019nda S\u00fcrd\u00fcr\u00fcyor.","author":"Edit\u00f6r","date":"22 Temmuz 2020","format":false,"excerpt":"Fenerbah\u00e7e Opet Kad\u0131n Voleybol Tak\u0131m\u0131m\u0131z, yeni sezon \u00f6ncesi \u00e7al\u0131\u015fmalar\u0131n\u0131 D\u00fczce'nin Kayna\u015fl\u0131 il\u00e7esinde bulunan Serkan Acar Resort&Sports Topuk Yaylas\u0131\u2019nda s\u00fcrd\u00fcr\u00fcyor. Ba\u015fantren\u00f6r\u00fcm\u00fcz Zoran Terzic y\u00f6netiminde sezonu 8 Temmuz\u2019da Derea\u011fz\u0131 Lefter K\u00fc\u00e7\u00fckandonyadis Tesislerimizde a\u00e7an Ekibimiz, \u00e7al\u0131\u015fmalar\u0131n\u0131n \u0130stanbul etab\u0131n\u0131n ard\u0131ndan hafta ba\u015f\u0131nda Topuk Yaylas\u0131\u2019nda kampa girdi. Fenerbah\u00e7e Opet Kad\u0131n Voleybol Tak\u0131m\u0131m\u0131z\u0131n, yeni sezon haz\u0131rl\u0131klar\u0131n\u0131\u2026","rel":"","context":"&quot;Haberler&quot; i\u00e7inde","block_context":{"text":"Haberler","link":"https:\/\/sarimelekler.biz\/?cat=7"},"img":{"alt_text":"","src":"https:\/\/i0.wp.com\/sarimelekler.biz\/wp-content\/uploads\/2020\/07\/Topuk-Yaylas%C4%B1-20-21-1.jpg?resize=350%2C200&ssl=1","width":350,"height":200,"srcset":"https:\/\/i0.wp.com\/sarimelekler.biz\/wp-content\/uploads\/2020\/07\/Topuk-Yaylas%C4%B1-20-21-1.jpg?resize=350%2C200&ssl=1 1x, https:\/\/i0.wp.com\/sarimelekler.biz\/wp-content\/uploads\/2020\/07\/Topuk-Yaylas%C4%B1-20-21-1.jpg?resize=525%2C300&ssl=1 1.5x, https:\/\/i0.wp.com\/sarimelekler.biz\/wp-content\/uploads\/2020\/07\/Topuk-Yaylas%C4%B1-20-21-1.jpg?resize=700%2C400&ssl=1 2x, https:\/\/i0.wp.com\/sarimelekler.biz\/wp-content\/uploads\/2020\/07\/Topuk-Yaylas%C4%B1-20-21-1.jpg?resize=1050%2C600&ssl=1 3x, https:\/\/i0.wp.com\/sarimelekler.biz\/wp-content\/uploads\/2020\/07\/Topuk-Yaylas%C4%B1-20-21-1.jpg?resize=1400%2C800&ssl=1 4x"},"classes":[]},{"id":11959,"url":"https:\/\/sarimelekler.biz\/?p=11959","url_meta":{"origin":11307,"position":4},"title":"Fenerbah\u00e7e Opet Ve Fenerbah\u00e7e HDI Sigorta Bas\u0131n Mensuplar\u0131yla Bir Araya Geldi","author":"Edit\u00f6r","date":"12 Ekim 2019","format":false,"excerpt":"Fenerbah\u00e7e Opet Kad\u0131n ve Fenerbah\u00e7e HDI Erkek Voleybol Tak\u0131mlar\u0131m\u0131z, 2019-20 sezonu \u00f6ncesinde Derea\u011fz\u0131 Lefter K\u00fc\u00e7\u00fckandonyadis Tesislerimizde ger\u00e7ekle\u015ftirilen Medya G\u00fcn\u00fc\u2019nde bas\u0131n mensuplar\u0131yla bir araya geldi. Ev sahipli\u011fini, tak\u0131mlar\u0131m\u0131z\u0131n forma sponsoru Bilcee\u2019nin yapt\u0131\u011f\u0131 organizasyona; Ba\u015fkan\u0131m\u0131z Ali Ko\u00e7,\u00a0 Y\u00f6netim Kurulu \u00dcyelerimizden Simla T\u00fcrker Bayaz\u0131t ve \u0130lker Din\u00e7ay, Bilcee Group Y\u00f6netim Kurulu Ba\u015fkan\u0131 Hac\u0131\u2026","rel":"","context":"&quot;Haberler&quot; i\u00e7inde","block_context":{"text":"Haberler","link":"https:\/\/sarimelekler.biz\/?cat=7"},"img":{"alt_text":"","src":"https:\/\/i0.wp.com\/sarimelekler.biz\/wp-content\/uploads\/2019\/10\/Bilcee-Medya-G%C3%BCn%C3%BC-27.jpg?resize=350%2C200&ssl=1","width":350,"height":200,"srcset":"https:\/\/i0.wp.com\/sarimelekler.biz\/wp-content\/uploads\/2019\/10\/Bilcee-Medya-G%C3%BCn%C3%BC-27.jpg?resize=350%2C200&ssl=1 1x, https:\/\/i0.wp.com\/sarimelekler.biz\/wp-content\/uploads\/2019\/10\/Bilcee-Medya-G%C3%BCn%C3%BC-27.jpg?resize=525%2C300&ssl=1 1.5x, https:\/\/i0.wp.com\/sarimelekler.biz\/wp-content\/uploads\/2019\/10\/Bilcee-Medya-G%C3%BCn%C3%BC-27.jpg?resize=700%2C400&ssl=1 2x, https:\/\/i0.wp.com\/sarimelekler.biz\/wp-content\/uploads\/2019\/10\/Bilcee-Medya-G%C3%BCn%C3%BC-27.jpg?resize=1050%2C600&ssl=1 3x, https:\/\/i0.wp.com\/sarimelekler.biz\/wp-content\/uploads\/2019\/10\/Bilcee-Medya-G%C3%BCn%C3%BC-27.jpg?resize=1400%2C800&ssl=1 4x"},"classes":[]},{"id":11904,"url":"https:\/\/sarimelekler.biz\/?p=11904","url_meta":{"origin":11307,"position":5},"title":"Fenerbah\u00e7e Voleybol Tak\u0131mlar\u0131m\u0131z\u0131n Resmi Tedarik\u00e7isi Bilcee Tekstil Oldu","author":"Edit\u00f6r","date":"28 A\u011fustos 2019","format":false,"excerpt":"Kul\u00fcb\u00fcm\u00fcz\u00fcn Resmi internet sitesinden yap\u0131lan a\u00e7\u0131klama: Voleybol sporunun geli\u015fiminde bir\u00e7ok ilki hayata ge\u00e7irerek hem kad\u0131n hem de erkek voleybol bran\u015flar\u0131nda elde etti\u011fimiz say\u0131s\u0131z ba\u015far\u0131larla \u00fclke sporunu d\u00fcnyada \u00f6nemli bir noktaya ta\u015f\u0131yan Fenerbah\u00e7emizin, 2019-2020 voleybol sezonunda teknik spor giyim resmi tedarik sponsoru Bil Group b\u00fcnyesinde faaliyet g\u00f6steren aktif spor giyim markas\u0131\u2026","rel":"","context":"&quot;Haberler&quot; i\u00e7inde","block_context":{"text":"Haberler","link":"https:\/\/sarimelekler.biz\/?cat=7"},"img":{"alt_text":"","src":"https:\/\/i0.wp.com\/sarimelekler.biz\/wp-content\/uploads\/2019\/10\/Sponsor-Blicee-19-20.jpg?resize=350%2C200&ssl=1","width":350,"height":200,"srcset":"https:\/\/i0.wp.com\/sarimelekler.biz\/wp-content\/uploads\/2019\/10\/Sponsor-Blicee-19-20.jpg?resize=350%2C200&ssl=1 1x, https:\/\/i0.wp.com\/sarimelekler.biz\/wp-content\/uploads\/2019\/10\/Sponsor-Blicee-19-20.jpg?resize=525%2C300&ssl=1 1.5x, https:\/\/i0.wp.com\/sarimelekler.biz\/wp-content\/uploads\/2019\/10\/Sponsor-Blicee-19-20.jpg?resize=700%2C400&ssl=1 2x, https:\/\/i0.wp.com\/sarimelekler.biz\/wp-content\/uploads\/2019\/10\/Sponsor-Blicee-19-20.jpg?resize=1050%2C600&ssl=1 3x, https:\/\/i0.wp.com\/sarimelekler.biz\/wp-content\/uploads\/2019\/10\/Sponsor-Blicee-19-20.jpg?resize=1400%2C800&ssl=1 4x"},"classes":[]}],"_links":{"self":[{"href":"https:\/\/sarimelekler.biz\/index.php?rest_route=\/wp\/v2\/posts\/11307","targetHints":{"allow":["GET"]}}],"collection":[{"href":"https:\/\/sarimelekler.biz\/index.php?rest_route=\/wp\/v2\/posts"}],"about":[{"href":"https:\/\/sarimelekler.biz\/index.php?rest_route=\/wp\/v2\/types\/post"}],"author":[{"embeddable":true,"href":"https:\/\/sarimelekler.biz\/index.php?rest_route=\/wp\/v2\/users\/1"}],"replies":[{"embeddable":true,"href":"https:\/\/sarimelekler.biz\/index.php?rest_route=%2Fwp%2Fv2%2Fcomments&post=11307"}],"version-history":[{"count":1,"href":"https:\/\/sarimelekler.biz\/index.php?rest_route=\/wp\/v2\/posts\/11307\/revisions"}],"predecessor-version":[{"id":11308,"href":"https:\/\/sarimelekler.biz\/index.php?rest_route=\/wp\/v2\/posts\/11307\/revisions\/11308"}],"wp:featuredmedia":[{"embeddable":true,"href":"https:\/\/sarimelekler.biz\/index.php?rest_route=\/wp\/v2\/media\/7823"}],"wp:attachment":[{"href":"https:\/\/sarimelekler.biz\/index.php?rest_route=%2Fwp%2Fv2%2Fmedia&parent=11307"}],"wp:term":[{"taxonomy":"category","embeddable":true,"href":"https:\/\/sarimelekler.biz\/index.php?rest_route=%2Fwp%2Fv2%2Fcategories&post=11307"},{"taxonomy":"post_tag","embeddable":true,"href":"https:\/\/sarimelekler.biz\/index.php?rest_route=%2Fwp%2Fv2%2Ftags&post=11307"}],"curies":[{"name":"wp","href":"https:\/\/api.w.org\/{rel}","templated":true}]}}