{"id":11309,"date":"2019-05-23T15:28:09","date_gmt":"2019-05-23T12:28:09","guid":{"rendered":"http:\/\/sarimelekler.biz\/?p=11309"},"modified":"2019-05-23T15:28:14","modified_gmt":"2019-05-23T12:28:14","slug":"sn-simla-turker-bayazit-fb-tvde-14-16-programina-katilarak-aciklamalar-yapti","status":"publish","type":"post","link":"https:\/\/sarimelekler.biz\/?p=11309","title":{"rendered":"Sn. Simla T\u00fcrker Bayaz\u0131t, FB Tv\u2019de 14\/16 program\u0131na kat\u0131larak a\u00e7\u0131klamalar yapt\u0131."},"content":{"rendered":"<p style=\"text-align: justify;\">Kul\u00fcb\u00fcm\u00fcz\u00fcn Voleyboldan Sorumlu Y\u00f6netim Kurulu \u00dcyesi Sn. Simla T\u00fcrker Bayaz\u0131t, FB Tv\u2019de 14\/16 program\u0131na kat\u0131larak a\u00e7\u0131klamalar yapt\u0131.<\/p>\n<p style=\"text-align: justify;\">Voleyboldan Sorumlu Y\u00f6netim Kurulu \u00dcyemiz Simla T\u00fcrker Bayaz\u0131t, Fenerbah\u00e7e Televizyonu\u2019nda yay\u0131nlanan 14\/16 program\u0131n\u0131n konu\u011fu oldu. Ge\u00e7ti\u011fimiz sezonu de\u011ferlendiren Y\u00f6neticimiz, yeni sezon \u00e7al\u0131\u015fmalar\u0131 hakk\u0131nda da bilgi verdi ve cumartesi g\u00fcn\u00fc yap\u0131lacak voleybol altyap\u0131 se\u00e7melerine t\u00fcm voleybolcu adaylar\u0131n\u0131 davet etti.<\/p>\n<p style=\"text-align: justify;\"><strong>Ba\u015far\u0131l\u0131 bir sezonu geride b\u0131rakt\u0131k<\/strong><\/p>\n<p style=\"text-align: justify;\">\u00d6ncelikle geride b\u0131rakt\u0131\u011f\u0131m\u0131z sezonu de\u011ferlendiren Y\u00f6netim Kurulu \u00dcyemiz Simla T\u00fcrker Bayaz\u0131t, \u201cFenerbah\u00e7e Voleybol \u015eubesi olarak hem kad\u0131n hem erkek tak\u0131mlar\u0131m\u0131z a\u00e7\u0131s\u0131ndan ba\u015far\u0131l\u0131 bir sezonu geride b\u0131rakt\u0131k. Sezonu, iki kupa ile tamamlayan erkek tak\u0131m\u0131m\u0131z\u0131 bir kez daha tebrik etmek istiyorum. Kad\u0131n tak\u0131m\u0131m\u0131z\u0131n da m\u00fccadeleyi b\u0131rakmadan, son dakikaya kadar sava\u015ft\u0131\u011f\u0131 bir sezondu; onlara da ayr\u0131ca te\u015fekk\u00fcr etmek istiyorum.<\/p>\n<p style=\"text-align: justify;\">Sezonun bitmesiyle birlikte \u00f6n\u00fcm\u00fczdeki y\u0131l\u0131n \u00e7al\u0131\u015fmalar\u0131na ba\u015flad\u0131k. Geride kalan sezonda \u00f6ncelikle t\u00fcm deste\u011fi ile yan\u0131m\u0131zda olan Ba\u015fkan\u0131m\u0131za, Fenerbah\u00e7e formas\u0131n\u0131 ba\u015far\u0131yla ta\u015f\u0131yan sporcular\u0131m\u0131za, t\u00fcm teknik ekibimize, nerede olursak olal\u0131m bizi evimizde hissettiren, her daim yan\u0131m\u0131zda olan taraftarlar\u0131m\u0131za bir kez daha te\u015fekk\u00fcr etmek isterim\u201d dedi.<\/p>\n<p style=\"text-align: justify;\"><strong>Yeni sezon \u00e7al\u0131\u015fmalar\u0131m\u0131za ba\u015flad\u0131k<\/strong><\/p>\n<p style=\"text-align: justify;\">Yeni sezon \u00e7al\u0131\u015fmalar\u0131 hakk\u0131nda da bilgi veren Y\u00f6neticimiz, \u201cKul\u00fcb\u00fcm\u00fcz, kurulu\u015fundan bug\u00fcne futbol d\u0131\u015f\u0131nda bir\u00e7ok bran\u015fta varl\u0131k g\u00f6stermi\u015f, sporcular yeti\u015ftirmi\u015f, milli tak\u0131m kadrolar\u0131n\u0131n iskeletini olu\u015fturmu\u015f, olimpiyatlara g\u00f6nderdi\u011fi sporcularla \u00f6rnek olmu\u015ftur. Keza, voleybolda \u00fclkemizin bug\u00fcn bulundu\u011fu yere gelmesinde b\u00fcy\u00fck pay sahibi. Bu konuda \u00fclkemize ve gen\u00e7lerimize kar\u015f\u0131 sorumlulu\u011fumuz oldu\u011funu d\u00fc\u015f\u00fcn\u00fcyoruz. Yeni sezonda da bu ba\u011flamda hedeflerimiz b\u00fcy\u00fck.\u00a0 Hem kad\u0131n hem erkek tak\u0131mlar\u0131m\u0131z Avrupa\u2019da CEV \u015eampiyonlar Ligi\u2019nde yar\u0131\u015facaklar. Sporcular\u0131m\u0131z hem T\u00fcrkiye\u2019de hem de Avrupa\u2019da yo\u011fun bir m\u00fccadele g\u00f6sterecekler. \u00c7ok yo\u011fun tempo i\u00e7erisinde olacaklar. Sporcu se\u00e7imlerimizde \u00f6nem verdi\u011fimiz hususlar var. Bir oyuncunun teknik yetenekleri tabi ki \u00e7ok \u00f6nemli . Ancak tek ba\u015f\u0131na teknik yetene\u011fi o tak\u0131mda ba\u015far\u0131l\u0131 olmas\u0131, tak\u0131mla bir b\u00fct\u00fcn olmas\u0131 i\u00e7in yeterli de\u011fil.\u00a0 Sporcumuzun ayn\u0131 zamanda Kul\u00fcb\u00fcm\u00fcz\u00fcn de\u011ferlerine ve duru\u015funa uygun olmas\u0131 dolay\u0131s\u0131yla Fenerbah\u00e7e\u2019yi\u00a0 Fenerbah\u00e7e taraftar\u0131n\u0131 sahiplenmesi ve ilkeli olmas\u0131 gerekir. Planlamalar\u0131m\u0131z\u0131 ve kadro haz\u0131rl\u0131\u011f\u0131m\u0131z\u0131 da bu do\u011frultuda ve tabi ki ba\u015far\u0131 odakl\u0131 yap\u0131yoruz. \u00d6nceli\u011fimiz; b\u00fct\u00e7emizi en do\u011fru ve en aktif \u015fekilde kullanmak.\u00a0 Bu arada b\u00fct\u00e7e demi\u015fken; Kad\u0131n voleybol tak\u0131m\u0131m\u0131z\u0131nda ana sponsoru bildi\u011finiz gibi Opet. Bu sene de g\u00fczel bir i\u015fbirli\u011finde birlikteli\u011fimiz devam ediyor. Kendilerine t\u00fcm destekleri i\u00e7in bir kere daha burada te\u015fekk\u00fcr etmek isterim.\u00a0 Di\u011fer taraftan hem erkek hem kad\u0131n tak\u0131mlar\u0131m\u0131zda yeni sponsorluk g\u00f6r\u00fc\u015fmelerimiz var. \u0130n\u015fallah \u00f6n\u00fcm\u00fczdeki d\u00f6nemde yeni sponsorlara dair a\u00e7\u0131klamalar\u0131m\u0131z\u0131 da yapaca\u011f\u0131z.\u201d ifadelerini kulland\u0131.<\/p>\n<p style=\"text-align: justify;\"><strong>Transfer \u00e7al\u0131\u015fmalar\u0131m\u0131z devam ediyor<\/strong><\/p>\n<p style=\"text-align: justify;\">Kadro yap\u0131lanmas\u0131 ve transfer \u00e7al\u0131\u015fmalar\u0131na de\u011finen Simla T\u00fcrker Bayaz\u0131t, \u201cYeni sezon haz\u0131rl\u0131klar\u0131m\u0131za \u00f6ncelikle s\u00f6zle\u015fmesi sona eren sporcular\u0131m\u0131z ile g\u00f6r\u00fc\u015fmelerimizi tamamlayarak ba\u015flad\u0131k.\u00a0 Bu ba\u011flamda gelecek sezon Melissa Vargas, Dicle, Bahar, Damla ve Melis ile s\u00f6zle\u015fmelerimizi yeniledik. Bunun yan\u0131nda s\u00f6zle\u015fmelerimizin devam etti\u011fi \u00e7ok De\u011ferli Kaptan\u0131m\u0131z Eda, Fatma, S\u0131la ve Beliz ile zaten beraberiz.\u00a0 Baz\u0131 sporcular\u0131m\u0131z ile ise yollar\u0131m\u0131z\u0131 ay\u0131rd\u0131k. Fenerbah\u00e7emize yapt\u0131klar\u0131 katk\u0131lardan ve hizmetten dolay\u0131 hepsine ayr\u0131 ayr\u0131 bir kere daha te\u015fekk\u00fcr ediyoruz. Tabi ki yeni transferlerimiz de olacak. Bu transferlerimizi ise t\u00fcm \u00e7al\u0131\u015fmalar\u0131m\u0131z\u0131 bitirip sizlere \u00f6n\u00fcm\u00fczdeki birka\u00e7 hafta i\u00e7inde a\u00e7\u0131klamay\u0131 planl\u0131yoruz. Erkek tak\u0131m\u0131m\u0131zda da bir\u00e7ok sporcumuzla s\u00f6zle\u015fmelerimizi yenileme, devam ettirme a\u015famas\u0131nday\u0131z. Erkek voleybol tak\u0131m\u0131m\u0131z hakk\u0131nda daha kapsaml\u0131 ilerki g\u00fcnlerde bilgi verebilirim\u201d dedi.<\/p>\n<p style=\"text-align: justify;\"><strong>Altyap\u0131ya \u00e7ok \u00f6nem veriyoruz<\/strong><\/p>\n<p style=\"text-align: justify;\">Son olarak altyap\u0131ya de\u011finen de\u011finen Voleyboldan Sorumlu Y\u00f6netim Kurulu \u00dcyemiz Simla T\u00fcrker Bayaz\u0131t, \u015funlar\u0131 s\u00f6yledi:<\/p>\n<p style=\"text-align: justify;\">\u201cTabiki Fenerbah\u00e7e Spor Kul\u00fcb\u00fc olarak altyap\u0131ya \u00f6nem veriyoruz ve bunu her daim s\u00f6yl\u00fcyoruz. Gelece\u011fin ba\u015far\u0131l\u0131 sporcular\u0131n\u0131 kendi i\u00e7imizden yeti\u015ftirme konusunda yo\u011fun \u00e7al\u0131\u015fmalar\u0131m\u0131z var. Bu noktada Voleybol Spor Okullar\u0131m\u0131z bizim i\u00e7in b\u00fcy\u00fck \u00f6nem ta\u015f\u0131yor. Altyap\u0131 hocalar\u0131m\u0131z yaz ve k\u0131\u015f spor okullar\u0131m\u0131zdaki sporcular\u0131m\u0131z\u0131 takip ediyor, potansiyel g\u00f6rd\u00fckleri sporcular\u0131 altyap\u0131m\u0131za kazand\u0131r\u0131yor. Yeri gelmi\u015fken 25 May\u0131s Cumartesi g\u00fcn\u00fc Derea\u011fz\u0131\u2019nda voleybol altyap\u0131 se\u00e7melerimiz olaca\u011f\u0131n\u0131 bir kere daha s\u00f6ylemek isterim. K\u0131z \u2013 Erkek yap\u0131lacak bu se\u00e7melerle ilgili t\u00fcm detaylar resmi internet sitemizde ve sosyal medya hesaplar\u0131m\u0131zda yer al\u0131yor. \u00c7ocu\u011fu voleybol ile spor k\u00fclt\u00fcr\u00fc ile tan\u0131\u015fmas\u0131n\u0131 isteyen aileleri ve t\u00fcm minik voleybolcu adaylar\u0131n\u0131 se\u00e7melere bekliyoruz.&#8221; dedi.<\/p>\n\n\t\t<style type=\"text\/css\">\n\t\t\t#gallery-1 {\n\t\t\t\tmargin: auto;\n\t\t\t}\n\t\t\t#gallery-1 .gallery-item {\n\t\t\t\tfloat: left;\n\t\t\t\tmargin-top: 10px;\n\t\t\t\ttext-align: center;\n\t\t\t\twidth: 25%;\n\t\t\t}\n\t\t\t#gallery-1 img {\n\t\t\t\tborder: 2px solid #cfcfcf;\n\t\t\t}\n\t\t\t#gallery-1 .gallery-caption {\n\t\t\t\tmargin-left: 0;\n\t\t\t}\n\t\t\t\/* see gallery_shortcode() in wp-includes\/media.php *\/\n\t\t<\/style>\n\t\t<div data-carousel-extra='{&quot;blog_id&quot;:1,&quot;permalink&quot;:&quot;https:\/\/sarimelekler.biz\/?p=11309&quot;}' id='gallery-1' class='gallery galleryid-11309 gallery-columns-4 gallery-size-thumbnail'><dl class='gallery-item'>\n\t\t\t<dt class='gallery-icon landscape'>\n\t\t\t\t<a href='https:\/\/sarimelekler.biz\/?attachment_id=11310'><img loading=\"lazy\" decoding=\"async\" width=\"150\" height=\"150\" src=\"https:\/\/sarimelekler.biz\/wp-content\/uploads\/2019\/05\/Simla-TB-14-16-1-150x150.jpg\" class=\"attachment-thumbnail size-thumbnail\" alt=\"\" data-attachment-id=\"11310\" data-permalink=\"https:\/\/sarimelekler.biz\/?attachment_id=11310\" data-orig-file=\"https:\/\/sarimelekler.biz\/wp-content\/uploads\/2019\/05\/Simla-TB-14-16-1.jpg\" data-orig-size=\"2500,1667\" data-comments-opened=\"0\" data-image-meta=\"{&quot;aperture&quot;:&quot;5&quot;,&quot;credit&quot;:&quot;&quot;,&quot;camera&quot;:&quot;Canon EOS-1D X Mark II&quot;,&quot;caption&quot;:&quot;&quot;,&quot;created_timestamp&quot;:&quot;1558616882&quot;,&quot;copyright&quot;:&quot;fenerbahce dergisi\/org&quot;,&quot;focal_length&quot;:&quot;35&quot;,&quot;iso&quot;:&quot;1000&quot;,&quot;shutter_speed&quot;:&quot;0.004&quot;,&quot;title&quot;:&quot;&quot;,&quot;orientation&quot;:&quot;1&quot;}\" data-image-title=\"Simla TB 14-16 (1)\" data-image-description=\"\" data-image-caption=\"\" data-large-file=\"https:\/\/sarimelekler.biz\/wp-content\/uploads\/2019\/05\/Simla-TB-14-16-1-1024x683.jpg\" \/><\/a>\n\t\t\t<\/dt><\/dl><dl class='gallery-item'>\n\t\t\t<dt class='gallery-icon portrait'>\n\t\t\t\t<a href='https:\/\/sarimelekler.biz\/?attachment_id=11311'><img loading=\"lazy\" decoding=\"async\" width=\"150\" height=\"150\" src=\"https:\/\/sarimelekler.biz\/wp-content\/uploads\/2019\/05\/Simla-TB-14-16-2-150x150.jpg\" class=\"attachment-thumbnail size-thumbnail\" alt=\"\" data-attachment-id=\"11311\" data-permalink=\"https:\/\/sarimelekler.biz\/?attachment_id=11311\" data-orig-file=\"https:\/\/sarimelekler.biz\/wp-content\/uploads\/2019\/05\/Simla-TB-14-16-2.jpg\" data-orig-size=\"2500,2724\" data-comments-opened=\"0\" data-image-meta=\"{&quot;aperture&quot;:&quot;3.2&quot;,&quot;credit&quot;:&quot;&quot;,&quot;camera&quot;:&quot;Canon EOS-1D X Mark II&quot;,&quot;caption&quot;:&quot;&quot;,&quot;created_timestamp&quot;:&quot;1558616894&quot;,&quot;copyright&quot;:&quot;fenerbahce dergisi\/org&quot;,&quot;focal_length&quot;:&quot;24&quot;,&quot;iso&quot;:&quot;1000&quot;,&quot;shutter_speed&quot;:&quot;0.0015625&quot;,&quot;title&quot;:&quot;&quot;,&quot;orientation&quot;:&quot;1&quot;}\" data-image-title=\"Simla TB 14-16 (2)\" data-image-description=\"\" data-image-caption=\"\" data-large-file=\"https:\/\/sarimelekler.biz\/wp-content\/uploads\/2019\/05\/Simla-TB-14-16-2-940x1024.jpg\" \/><\/a>\n\t\t\t<\/dt><\/dl><dl class='gallery-item'>\n\t\t\t<dt class='gallery-icon portrait'>\n\t\t\t\t<a href='https:\/\/sarimelekler.biz\/?attachment_id=11312'><img loading=\"lazy\" decoding=\"async\" width=\"150\" height=\"150\" src=\"https:\/\/sarimelekler.biz\/wp-content\/uploads\/2019\/05\/Simla-TB-14-16-3-150x150.jpg\" class=\"attachment-thumbnail size-thumbnail\" alt=\"\" data-attachment-id=\"11312\" data-permalink=\"https:\/\/sarimelekler.biz\/?attachment_id=11312\" data-orig-file=\"https:\/\/sarimelekler.biz\/wp-content\/uploads\/2019\/05\/Simla-TB-14-16-3.jpg\" data-orig-size=\"2500,2534\" data-comments-opened=\"0\" data-image-meta=\"{&quot;aperture&quot;:&quot;2.8&quot;,&quot;credit&quot;:&quot;&quot;,&quot;camera&quot;:&quot;Canon EOS-1D X Mark II&quot;,&quot;caption&quot;:&quot;&quot;,&quot;created_timestamp&quot;:&quot;1558616900&quot;,&quot;copyright&quot;:&quot;fenerbahce dergisi\/org&quot;,&quot;focal_length&quot;:&quot;28&quot;,&quot;iso&quot;:&quot;1000&quot;,&quot;shutter_speed&quot;:&quot;0.0015625&quot;,&quot;title&quot;:&quot;&quot;,&quot;orientation&quot;:&quot;1&quot;}\" data-image-title=\"Simla TB 14-16 (3)\" data-image-description=\"\" data-image-caption=\"\" data-large-file=\"https:\/\/sarimelekler.biz\/wp-content\/uploads\/2019\/05\/Simla-TB-14-16-3-1010x1024.jpg\" \/><\/a>\n\t\t\t<\/dt><\/dl><dl class='gallery-item'>\n\t\t\t<dt class='gallery-icon landscape'>\n\t\t\t\t<a href='https:\/\/sarimelekler.biz\/?attachment_id=11313'><img loading=\"lazy\" decoding=\"async\" width=\"150\" height=\"150\" src=\"https:\/\/sarimelekler.biz\/wp-content\/uploads\/2019\/05\/Simla-TB-14-16-4-150x150.jpg\" class=\"attachment-thumbnail size-thumbnail\" alt=\"\" srcset=\"https:\/\/sarimelekler.biz\/wp-content\/uploads\/2019\/05\/Simla-TB-14-16-4-150x150.jpg 150w, https:\/\/sarimelekler.biz\/wp-content\/uploads\/2019\/05\/Simla-TB-14-16-4-300x297.jpg 300w, https:\/\/sarimelekler.biz\/wp-content\/uploads\/2019\/05\/Simla-TB-14-16-4-1024x1014.jpg 1024w\" sizes=\"auto, (max-width: 150px) 100vw, 150px\" data-attachment-id=\"11313\" data-permalink=\"https:\/\/sarimelekler.biz\/?attachment_id=11313\" data-orig-file=\"https:\/\/sarimelekler.biz\/wp-content\/uploads\/2019\/05\/Simla-TB-14-16-4.jpg\" data-orig-size=\"2500,2475\" data-comments-opened=\"0\" data-image-meta=\"{&quot;aperture&quot;:&quot;2.8&quot;,&quot;credit&quot;:&quot;&quot;,&quot;camera&quot;:&quot;Canon EOS-1D X Mark II&quot;,&quot;caption&quot;:&quot;&quot;,&quot;created_timestamp&quot;:&quot;1558616949&quot;,&quot;copyright&quot;:&quot;fenerbahce dergisi\/org&quot;,&quot;focal_length&quot;:&quot;24&quot;,&quot;iso&quot;:&quot;1000&quot;,&quot;shutter_speed&quot;:&quot;0.0015625&quot;,&quot;title&quot;:&quot;&quot;,&quot;orientation&quot;:&quot;1&quot;}\" data-image-title=\"Simla TB 14-16 (4)\" data-image-description=\"\" data-image-caption=\"\" data-large-file=\"https:\/\/sarimelekler.biz\/wp-content\/uploads\/2019\/05\/Simla-TB-14-16-4-1024x1014.jpg\" \/><\/a>\n\t\t\t<\/dt><\/dl><br style=\"clear: both\" \/>\n\t\t<\/div>\n\n<p>Kaynak:\u00a0<a href=\"https:\/\/www.fenerbahce.org\/haberler\/voleybol-erkek\/2019\/5\/yonetim-kurulu-uyemiz-simla-turker-bayazit-tan-aciklamalar\" target=\"_blank\" rel=\"noopener\">Fenerbah\u00e7e SK Resmi \u0130nternet Sitesi<\/a><\/p>\n<p style=\"text-align: right;\">23.05.2019<\/p>\n","protected":false},"excerpt":{"rendered":"<p>Kul\u00fcb\u00fcm\u00fcz\u00fcn Voleyboldan Sorumlu Y\u00f6netim Kurulu \u00dcyesi Sn. Simla T\u00fcrker Bayaz\u0131t, \u2026 <a class=\"continue-reading-link\" href=\"https:\/\/sarimelekler.biz\/?p=11309\">Okumaya Devam Et.. <span class=\"meta-nav\">&rarr; <\/span><\/a><\/p>\n","protected":false},"author":1,"featured_media":11310,"comment_status":"closed","ping_status":"open","sticky":false,"template":"","format":"standard","meta":{"jetpack_post_was_ever_published":false,"_jetpack_newsletter_access":"","_jetpack_dont_email_post_to_subs":false,"_jetpack_newsletter_tier_id":0,"_jetpack_memberships_contains_paywalled_content":false,"_jetpack_memberships_contains_paid_content":false,"footnotes":"","jetpack_publicize_message":"","jetpack_publicize_feature_enabled":true,"jetpack_social_post_already_shared":true,"jetpack_social_options":{"image_generator_settings":{"template":"highway","default_image_id":0,"font":"","enabled":false},"version":2}},"categories":[7],"tags":[],"class_list":["post-11309","post","type-post","status-publish","format-standard","has-post-thumbnail","hentry","category-haberler"],"jetpack_publicize_connections":[],"jetpack_featured_media_url":"https:\/\/sarimelekler.biz\/wp-content\/uploads\/2019\/05\/Simla-TB-14-16-1.jpg","jetpack_sharing_enabled":true,"jetpack_shortlink":"https:\/\/wp.me\/p8npUZ-2Wp","jetpack-related-posts":[{"id":11307,"url":"https:\/\/sarimelekler.biz\/?p=11307","url_meta":{"origin":11309,"position":0},"title":"&#8220;Sar\u0131 Melekler&#8221; yol arkada\u015f\u0131 OPET ile Devam Ediyor","author":"Edit\u00f6r","date":"23 May\u0131s 2019","format":false,"excerpt":"Fenerbah\u00e7e Kad\u0131n Voleybol Tak\u0131m\u0131m\u0131z ve OPET aras\u0131nda 15 Aral\u0131k 2018 tarihinde ba\u015flayan ve 2018-19 sezonu kapsayacak ana sponsorluk anla\u015fmas\u0131 1 sezon daha uzat\u0131ld\u0131. OPET 2019-2020 sezonu boyunca kad\u0131n voleybol tak\u0131m\u0131m\u0131z\u0131n isim ve forma g\u00f6\u011f\u00fcs sponsoru olacak. Konuyla ilgili a\u00e7\u0131klamay\u0131 Kul\u00fcb\u00fcm\u00fcz\u00fcn Voleyboldan Sorumlu Y\u00f6netim Kurulu \u00dcyesi Simla T\u00fcrker Bayaz\u0131t, FB Tv\u2019de\u2026","rel":"","context":"&quot;Haberler&quot; i\u00e7inde","block_context":{"text":"Haberler","link":"https:\/\/sarimelekler.biz\/?cat=7"},"img":{"alt_text":"","src":"https:\/\/i0.wp.com\/sarimelekler.biz\/wp-content\/uploads\/2018\/12\/Opet-3.jpg?resize=350%2C200&ssl=1","width":350,"height":200,"srcset":"https:\/\/i0.wp.com\/sarimelekler.biz\/wp-content\/uploads\/2018\/12\/Opet-3.jpg?resize=350%2C200&ssl=1 1x, https:\/\/i0.wp.com\/sarimelekler.biz\/wp-content\/uploads\/2018\/12\/Opet-3.jpg?resize=525%2C300&ssl=1 1.5x, https:\/\/i0.wp.com\/sarimelekler.biz\/wp-content\/uploads\/2018\/12\/Opet-3.jpg?resize=700%2C400&ssl=1 2x, https:\/\/i0.wp.com\/sarimelekler.biz\/wp-content\/uploads\/2018\/12\/Opet-3.jpg?resize=1050%2C600&ssl=1 3x"},"classes":[]},{"id":6713,"url":"https:\/\/sarimelekler.biz\/?p=6713","url_meta":{"origin":11309,"position":1},"title":"Sar\u0131 Melekler Sezonu A\u00e7t\u0131","author":"Edit\u00f6r","date":"3 Eyl\u00fcl 2018","format":false,"excerpt":"Fenerbah\u00e7e Bayan Voleybol Tak\u0131m\u0131m\u0131z, yeni sezon \u00e7al\u0131\u015fmalar\u0131na ba\u015flad\u0131. Sezonun ilk antrenman\u0131n\u0131 Voleybol \u015eubemizden Sorumlu Y\u00f6netim Kurulu \u00dcyemiz Simla T\u00fcrker Bayaz\u0131t da takip etti. Gelecek sezon 3 kulvarda birden m\u00fccadele edecek Sar\u0131 Melekler, 2018-2019 sezonun start\u0131n\u0131 bug\u00fcn verdi. Derea\u011fz\u0131 Lefter K\u00fc\u00e7\u00fckandonyadis Tesislerimizde yap\u0131lan antrenman \u00f6ncesi teknik heyet ve oyuncularla bir araya\u2026","rel":"","context":"&quot;Haberler&quot; i\u00e7inde","block_context":{"text":"Haberler","link":"https:\/\/sarimelekler.biz\/?cat=7"},"img":{"alt_text":"","src":"https:\/\/i0.wp.com\/sarimelekler.biz\/wp-content\/uploads\/2018\/09\/sezon-a%C3%A7%C4%B1l%C4%B1%C5%9F%C4%B1-kapak.jpg?resize=350%2C200&ssl=1","width":350,"height":200,"srcset":"https:\/\/i0.wp.com\/sarimelekler.biz\/wp-content\/uploads\/2018\/09\/sezon-a%C3%A7%C4%B1l%C4%B1%C5%9F%C4%B1-kapak.jpg?resize=350%2C200&ssl=1 1x, https:\/\/i0.wp.com\/sarimelekler.biz\/wp-content\/uploads\/2018\/09\/sezon-a%C3%A7%C4%B1l%C4%B1%C5%9F%C4%B1-kapak.jpg?resize=525%2C300&ssl=1 1.5x, https:\/\/i0.wp.com\/sarimelekler.biz\/wp-content\/uploads\/2018\/09\/sezon-a%C3%A7%C4%B1l%C4%B1%C5%9F%C4%B1-kapak.jpg?resize=700%2C400&ssl=1 2x, https:\/\/i0.wp.com\/sarimelekler.biz\/wp-content\/uploads\/2018\/09\/sezon-a%C3%A7%C4%B1l%C4%B1%C5%9F%C4%B1-kapak.jpg?resize=1050%2C600&ssl=1 3x, https:\/\/i0.wp.com\/sarimelekler.biz\/wp-content\/uploads\/2018\/09\/sezon-a%C3%A7%C4%B1l%C4%B1%C5%9F%C4%B1-kapak.jpg?resize=1400%2C800&ssl=1 4x"},"classes":[]},{"id":13506,"url":"https:\/\/sarimelekler.biz\/?p=13506","url_meta":{"origin":11309,"position":2},"title":"Simla T\u00fcrker Bayaz\u0131t Tak\u0131mlar\u0131m\u0131z\u0131n Kadro Yap\u0131lanmalar\u0131na Dair A\u00e7\u0131klamalarda Bulundu.","author":"Edit\u00f6r","date":"4 Haziran 2020","format":false,"excerpt":"Voleybol \u015eubemizden Sorumlu Y\u00f6netim Kurulu \u00dcyemiz Simla T\u00fcrker Bayaz\u0131t, \u00f6n\u00fcm\u00fczdeki sezon b\u00fct\u00e7e k\u00fc\u00e7\u00fcltme planlar\u0131 do\u011frultusunda hareket edeceklerini s\u00f6ylerken, \"\u015eu an i\u00e7inde bulundu\u011fumuz haks\u0131z rekabet olarak da adland\u0131r\u0131labilecek durum s\u00fcrd\u00fc\u011f\u00fc takdirde, \u00fclkemizde voleybol m\u00fcessese ve kamu kurumlar\u0131n\u0131n tak\u0131mlar\u0131n\u0131n kendi aralar\u0131nda yar\u0131\u015faca\u011f\u0131 bir lig d\u00fczenine evrilecek gibi duruyor. B\u00fcy\u00fck kul\u00fcplerimizin voleyboldaki varl\u0131\u011f\u0131,\u2026","rel":"","context":"&quot;Haberler&quot; i\u00e7inde","block_context":{"text":"Haberler","link":"https:\/\/sarimelekler.biz\/?cat=7"},"img":{"alt_text":"","src":"https:\/\/i0.wp.com\/sarimelekler.biz\/wp-content\/uploads\/2020\/06\/Simla-T%C3%BCrker.jpg?resize=350%2C200&ssl=1","width":350,"height":200,"srcset":"https:\/\/i0.wp.com\/sarimelekler.biz\/wp-content\/uploads\/2020\/06\/Simla-T%C3%BCrker.jpg?resize=350%2C200&ssl=1 1x, https:\/\/i0.wp.com\/sarimelekler.biz\/wp-content\/uploads\/2020\/06\/Simla-T%C3%BCrker.jpg?resize=525%2C300&ssl=1 1.5x, https:\/\/i0.wp.com\/sarimelekler.biz\/wp-content\/uploads\/2020\/06\/Simla-T%C3%BCrker.jpg?resize=700%2C400&ssl=1 2x, https:\/\/i0.wp.com\/sarimelekler.biz\/wp-content\/uploads\/2020\/06\/Simla-T%C3%BCrker.jpg?resize=1050%2C600&ssl=1 3x"},"classes":[]},{"id":6774,"url":"https:\/\/sarimelekler.biz\/?p=6774","url_meta":{"origin":11309,"position":3},"title":"Sar\u0131 Melekler Kamp \u0130\u00e7in Topuk Yaylas\u0131 Tesislerine Gitti","author":"Edit\u00f6r","date":"10 Eyl\u00fcl 2018","format":false,"excerpt":"Yeni Sezon \u00e7al\u0131\u015fmalar\u0131 do\u011frultusunda Sar\u0131 Melekler Topuk Yaylas\u0131 Tesislerine ula\u015ft\u0131. Bug\u00fcn itibar\u0131yla son kamp g\u00fcn\u00fc olan erkek voleybol tak\u0131m\u0131m\u0131zla y\u00f6neticilerimiz birarada zaman ge\u00e7irdi. Tak\u0131m\u0131m\u0131z\u0131n kamp kadrosuda Milli Tak\u0131mlar\u0131nda bulunan Eda Erdem D\u00fcndar, Ana Antonijevic ve Samantha Bricio kat\u0131lmazken, 2002 do\u011fumlu gen\u00e7 tak\u0131m pas\u00f6r\u00fcm\u00fcz Hilal Kocakara kamp kadrosuna al\u0131nd\u0131. Resmi Sitemizden\u2026","rel":"","context":"&quot;Haberler&quot; i\u00e7inde","block_context":{"text":"Haberler","link":"https:\/\/sarimelekler.biz\/?cat=7"},"img":{"alt_text":"","src":"https:\/\/i0.wp.com\/sarimelekler.biz\/wp-content\/uploads\/2018\/09\/de6p7570_61615_5374249.jpg?resize=350%2C200&ssl=1","width":350,"height":200,"srcset":"https:\/\/i0.wp.com\/sarimelekler.biz\/wp-content\/uploads\/2018\/09\/de6p7570_61615_5374249.jpg?resize=350%2C200&ssl=1 1x, https:\/\/i0.wp.com\/sarimelekler.biz\/wp-content\/uploads\/2018\/09\/de6p7570_61615_5374249.jpg?resize=525%2C300&ssl=1 1.5x, https:\/\/i0.wp.com\/sarimelekler.biz\/wp-content\/uploads\/2018\/09\/de6p7570_61615_5374249.jpg?resize=700%2C400&ssl=1 2x, https:\/\/i0.wp.com\/sarimelekler.biz\/wp-content\/uploads\/2018\/09\/de6p7570_61615_5374249.jpg?resize=1050%2C600&ssl=1 3x, https:\/\/i0.wp.com\/sarimelekler.biz\/wp-content\/uploads\/2018\/09\/de6p7570_61615_5374249.jpg?resize=1400%2C800&ssl=1 4x"},"classes":[]},{"id":15978,"url":"https:\/\/sarimelekler.biz\/?p=15978","url_meta":{"origin":11309,"position":4},"title":"Kad\u0131n Voleybol Tak\u0131mlar\u0131m\u0131z Topuk Yaylas\u0131 Tesislerimizde \u00c7al\u0131\u015fmalara Ba\u015fl\u0131yor","author":"Edit\u00f6r","date":"17 A\u011fustos 2021","format":false,"excerpt":"Fenerbah\u00e7e Opet Kad\u0131n Voleybol Tak\u0131m\u0131m\u0131z, 1.Lig Fenerbah\u00e7e Terrazzo Kad\u0131n Voleybol Tak\u0131m\u0131m\u0131z ve 2.Lig Kad\u0131n Voleybol Tak\u0131m\u0131m\u0131z bug\u00fcn itibar\u0131yla sezon haz\u0131rl\u0131klar\u0131 i\u00e7in D\u00fczce\u2019nin Kayna\u015fl\u0131 il\u00e7esinde bulunan Serkan Acar Resort&Sport Topuk Yaylas\u0131 Tesislerine gitti. Tak\u0131mlar\u0131m\u0131z bir hafta s\u00fcreyle \u00e7al\u0131\u015fmalar\u0131n\u0131 s\u00fcrd\u00fcrecek. Fenerbah\u00e7e Opet Kad\u0131n Voleybol Tak\u0131m\u0131m\u0131zda, Milli Tak\u0131mlarda bulunan oyuncular ve ba\u015fantren\u00f6r\u00fcm\u00fcz yoklu\u011funda,\u2026","rel":"","context":"&quot;Haberler&quot; i\u00e7inde","block_context":{"text":"Haberler","link":"https:\/\/sarimelekler.biz\/?cat=7"},"img":{"alt_text":"","src":"https:\/\/i0.wp.com\/sarimelekler.biz\/wp-content\/uploads\/2021\/08\/Topuk-Yaylasi-21-22-1.jpg?resize=350%2C200&ssl=1","width":350,"height":200,"srcset":"https:\/\/i0.wp.com\/sarimelekler.biz\/wp-content\/uploads\/2021\/08\/Topuk-Yaylasi-21-22-1.jpg?resize=350%2C200&ssl=1 1x, https:\/\/i0.wp.com\/sarimelekler.biz\/wp-content\/uploads\/2021\/08\/Topuk-Yaylasi-21-22-1.jpg?resize=525%2C300&ssl=1 1.5x, https:\/\/i0.wp.com\/sarimelekler.biz\/wp-content\/uploads\/2021\/08\/Topuk-Yaylasi-21-22-1.jpg?resize=700%2C400&ssl=1 2x, https:\/\/i0.wp.com\/sarimelekler.biz\/wp-content\/uploads\/2021\/08\/Topuk-Yaylasi-21-22-1.jpg?resize=1050%2C600&ssl=1 3x, https:\/\/i0.wp.com\/sarimelekler.biz\/wp-content\/uploads\/2021\/08\/Topuk-Yaylasi-21-22-1.jpg?resize=1400%2C800&ssl=1 4x"},"classes":[]},{"id":15328,"url":"https:\/\/sarimelekler.biz\/?p=15328","url_meta":{"origin":11309,"position":5},"title":"Ba\u015fkan\u0131m\u0131z Ali Ko\u00e7 ve Y\u00f6neticimiz Simla T\u00fcrker Bayaz\u0131t Kaptan\u0131m\u0131z Eda Erdem D\u00fcndar\u2019a \u00d6zel Plaket Verdi","author":"Edit\u00f6r","date":"21 \u015eubat 2021","format":false,"excerpt":"Ba\u015fkan\u0131m\u0131z Ali Ko\u00e7 ile Y\u00f6neticimiz Simla T\u00fcrker Bayaz\u0131t, Uluslararas\u0131 Voleybol Federasyonu FIVB taraf\u0131ndan 'Tarihin En \u0130yi 100 Oyuncusu' listesine se\u00e7ilerek \u00fclkemizi gururland\u0131ran kaptan Eda Erdem D\u00fcndar\u2019a G\u00f6ztepe ma\u00e7\u0131 \u00f6ncesi plaket takdim etti. Kul\u00fcb\u00fcm\u00fcz\u00fcn y\u00fcz ak\u0131, Sar\u0131 Meleklerimiz ile A Milli Kad\u0131n Voleybol Tak\u0131m\u0131m\u0131z\u0131n kaptan\u0131, bir g\u00fcn onun gibi olmak isteyen\u2026","rel":"","context":"&quot;Haberler&quot; i\u00e7inde","block_context":{"text":"Haberler","link":"https:\/\/sarimelekler.biz\/?cat=7"},"img":{"alt_text":"","src":"https:\/\/i0.wp.com\/sarimelekler.biz\/wp-content\/uploads\/2021\/02\/Eda-Plaket-11.jpg?resize=350%2C200&ssl=1","width":350,"height":200,"srcset":"https:\/\/i0.wp.com\/sarimelekler.biz\/wp-content\/uploads\/2021\/02\/Eda-Plaket-11.jpg?resize=350%2C200&ssl=1 1x, https:\/\/i0.wp.com\/sarimelekler.biz\/wp-content\/uploads\/2021\/02\/Eda-Plaket-11.jpg?resize=525%2C300&ssl=1 1.5x, https:\/\/i0.wp.com\/sarimelekler.biz\/wp-content\/uploads\/2021\/02\/Eda-Plaket-11.jpg?resize=700%2C400&ssl=1 2x, https:\/\/i0.wp.com\/sarimelekler.biz\/wp-content\/uploads\/2021\/02\/Eda-Plaket-11.jpg?resize=1050%2C600&ssl=1 3x, https:\/\/i0.wp.com\/sarimelekler.biz\/wp-content\/uploads\/2021\/02\/Eda-Plaket-11.jpg?resize=1400%2C800&ssl=1 4x"},"classes":[]}],"_links":{"self":[{"href":"https:\/\/sarimelekler.biz\/index.php?rest_route=\/wp\/v2\/posts\/11309","targetHints":{"allow":["GET"]}}],"collection":[{"href":"https:\/\/sarimelekler.biz\/index.php?rest_route=\/wp\/v2\/posts"}],"about":[{"href":"https:\/\/sarimelekler.biz\/index.php?rest_route=\/wp\/v2\/types\/post"}],"author":[{"embeddable":true,"href":"https:\/\/sarimelekler.biz\/index.php?rest_route=\/wp\/v2\/users\/1"}],"replies":[{"embeddable":true,"href":"https:\/\/sarimelekler.biz\/index.php?rest_route=%2Fwp%2Fv2%2Fcomments&post=11309"}],"version-history":[{"count":3,"href":"https:\/\/sarimelekler.biz\/index.php?rest_route=\/wp\/v2\/posts\/11309\/revisions"}],"predecessor-version":[{"id":11316,"href":"https:\/\/sarimelekler.biz\/index.php?rest_route=\/wp\/v2\/posts\/11309\/revisions\/11316"}],"wp:featuredmedia":[{"embeddable":true,"href":"https:\/\/sarimelekler.biz\/index.php?rest_route=\/wp\/v2\/media\/11310"}],"wp:attachment":[{"href":"https:\/\/sarimelekler.biz\/index.php?rest_route=%2Fwp%2Fv2%2Fmedia&parent=11309"}],"wp:term":[{"taxonomy":"category","embeddable":true,"href":"https:\/\/sarimelekler.biz\/index.php?rest_route=%2Fwp%2Fv2%2Fcategories&post=11309"},{"taxonomy":"post_tag","embeddable":true,"href":"https:\/\/sarimelekler.biz\/index.php?rest_route=%2Fwp%2Fv2%2Ftags&post=11309"}],"curies":[{"name":"wp","href":"https:\/\/api.w.org\/{rel}","templated":true}]}}