{"id":11318,"date":"2019-05-28T16:08:36","date_gmt":"2019-05-28T13:08:36","guid":{"rendered":"http:\/\/sarimelekler.biz\/?p=11318"},"modified":"2019-05-28T16:10:04","modified_gmt":"2019-05-28T13:10:04","slug":"merve-dalbelere-veda-plaketi-verildi","status":"publish","type":"post","link":"https:\/\/sarimelekler.biz\/?p=11318","title":{"rendered":"Merve Dalbeler&#8217;e Veda Plaketi Verildi"},"content":{"rendered":"<p style=\"text-align: justify;\">Kul\u00fcb\u00fcm\u00fcz, 8 Sezon formam\u0131z\u0131 giydikten sonra ge\u00e7ti\u011fimiz g\u00fcnlerde tak\u0131m\u0131m\u0131zdan ayr\u0131lan Merve Dalbeler&#8217;e te\u015fekk\u00fcr Plaketi verdi.<br \/>\nMerve Yapt\u0131\u011f\u0131 Payla\u015f\u0131mda;<br \/>\n8 y\u0131ld\u0131r formas\u0131n\u0131 terletti\u011fim Fenerbah\u00e7e Spor Kul\u00fcb\u00fc&#8217;ne g\u00fczel veda organizasyonu i\u00e7in \u00e7ok te\u015fekk\u00fcr ederim. Bu g\u00fczel ve ba\u015far\u0131l\u0131 y\u0131llar\u0131 ya\u015farken her zaman yan\u0131mda olan can\u0131m aileme, tak\u0131m arkada\u015flar\u0131ma ve bana deste\u011fini esirgemeyen herkese te\u015fekk\u00fcr ederim. Diyerek kul\u00fcb\u00fcm\u00fcze veda etti.<\/p>\n\n\t\t<style type=\"text\/css\">\n\t\t\t#gallery-1 {\n\t\t\t\tmargin: auto;\n\t\t\t}\n\t\t\t#gallery-1 .gallery-item {\n\t\t\t\tfloat: left;\n\t\t\t\tmargin-top: 10px;\n\t\t\t\ttext-align: center;\n\t\t\t\twidth: 100%;\n\t\t\t}\n\t\t\t#gallery-1 img {\n\t\t\t\tborder: 2px solid #cfcfcf;\n\t\t\t}\n\t\t\t#gallery-1 .gallery-caption {\n\t\t\t\tmargin-left: 0;\n\t\t\t}\n\t\t\t\/* see gallery_shortcode() in wp-includes\/media.php *\/\n\t\t<\/style>\n\t\t<div data-carousel-extra='{&quot;blog_id&quot;:1,&quot;permalink&quot;:&quot;https:\/\/sarimelekler.biz\/?p=11318&quot;}' id='gallery-1' class='gallery galleryid-11318 gallery-columns-1 gallery-size-large'><dl class='gallery-item'>\n\t\t\t<dt class='gallery-icon landscape'>\n\t\t\t\t<a href='https:\/\/sarimelekler.biz\/?attachment_id=11319'><img loading=\"lazy\" decoding=\"async\" width=\"860\" height=\"454\" src=\"https:\/\/sarimelekler.biz\/wp-content\/uploads\/2019\/05\/Merve-Plaket-2-1024x540.jpg\" class=\"attachment-large size-large\" alt=\"\" srcset=\"https:\/\/sarimelekler.biz\/wp-content\/uploads\/2019\/05\/Merve-Plaket-2-1024x540.jpg 1024w, https:\/\/sarimelekler.biz\/wp-content\/uploads\/2019\/05\/Merve-Plaket-2-300x158.jpg 300w, https:\/\/sarimelekler.biz\/wp-content\/uploads\/2019\/05\/Merve-Plaket-2-768x405.jpg 768w, https:\/\/sarimelekler.biz\/wp-content\/uploads\/2019\/05\/Merve-Plaket-2-150x79.jpg 150w, https:\/\/sarimelekler.biz\/wp-content\/uploads\/2019\/05\/Merve-Plaket-2.jpg 1117w\" sizes=\"auto, (max-width: 860px) 100vw, 860px\" data-attachment-id=\"11319\" data-permalink=\"https:\/\/sarimelekler.biz\/?attachment_id=11319\" data-orig-file=\"https:\/\/sarimelekler.biz\/wp-content\/uploads\/2019\/05\/Merve-Plaket-2.jpg\" data-orig-size=\"1117,589\" data-comments-opened=\"0\" data-image-meta=\"{&quot;aperture&quot;:&quot;0&quot;,&quot;credit&quot;:&quot;&quot;,&quot;camera&quot;:&quot;&quot;,&quot;caption&quot;:&quot;&quot;,&quot;created_timestamp&quot;:&quot;0&quot;,&quot;copyright&quot;:&quot;&quot;,&quot;focal_length&quot;:&quot;0&quot;,&quot;iso&quot;:&quot;0&quot;,&quot;shutter_speed&quot;:&quot;0&quot;,&quot;title&quot;:&quot;&quot;,&quot;orientation&quot;:&quot;0&quot;}\" data-image-title=\"Merve Plaket 2\" data-image-description=\"\" data-image-caption=\"\" data-large-file=\"https:\/\/sarimelekler.biz\/wp-content\/uploads\/2019\/05\/Merve-Plaket-2-1024x540.jpg\" \/><\/a>\n\t\t\t<\/dt><\/dl><br style=\"clear: both\" \/>\n\t\t<\/div>\n\n<p style=\"text-align: right;\">27.05.2019<\/p>\n","protected":false},"excerpt":{"rendered":"<p>Kul\u00fcb\u00fcm\u00fcz, 8 Sezon formam\u0131z\u0131 giydikten sonra ge\u00e7ti\u011fimiz g\u00fcnlerde tak\u0131m\u0131m\u0131zdan ayr\u0131lan \u2026 <a class=\"continue-reading-link\" href=\"https:\/\/sarimelekler.biz\/?p=11318\">Okumaya Devam Et.. <span class=\"meta-nav\">&rarr; <\/span><\/a><\/p>\n","protected":false},"author":1,"featured_media":11322,"comment_status":"closed","ping_status":"open","sticky":false,"template":"","format":"standard","meta":{"jetpack_post_was_ever_published":false,"_jetpack_newsletter_access":"","_jetpack_dont_email_post_to_subs":false,"_jetpack_newsletter_tier_id":0,"_jetpack_memberships_contains_paywalled_content":false,"_jetpack_memberships_contains_paid_content":false,"footnotes":"","jetpack_publicize_message":"","jetpack_publicize_feature_enabled":true,"jetpack_social_post_already_shared":true,"jetpack_social_options":{"image_generator_settings":{"template":"highway","default_image_id":0,"font":"","enabled":false},"version":2}},"categories":[7],"tags":[],"class_list":["post-11318","post","type-post","status-publish","format-standard","has-post-thumbnail","hentry","category-haberler"],"jetpack_publicize_connections":[],"jetpack_featured_media_url":"https:\/\/sarimelekler.biz\/wp-content\/uploads\/2019\/05\/Merve-Plaket-kapak.jpg","jetpack_sharing_enabled":true,"jetpack_shortlink":"https:\/\/wp.me\/p8npUZ-2Wy","jetpack-related-posts":[{"id":11302,"url":"https:\/\/sarimelekler.biz\/?p=11302","url_meta":{"origin":11318,"position":0},"title":"Polen \u00dcnver&#8217;e Veda Plaketi Verildi","author":"Edit\u00f6r","date":"23 May\u0131s 2019","format":false,"excerpt":"Kul\u00fcb\u00fcm\u00fcz 5 Sezon formam\u0131z\u0131 giydikten sonra ge\u00e7ti\u011fimiz g\u00fcnlerde tak\u0131m\u0131m\u0131zdan ayr\u0131lan Polen Uslupehlivan \u00dcnver'e te\u015fekk\u00fcr Plaketi verdi.","rel":"","context":"&quot;Haberler&quot; i\u00e7inde","block_context":{"text":"Haberler","link":"https:\/\/sarimelekler.biz\/?cat=7"},"img":{"alt_text":"","src":"https:\/\/i0.wp.com\/sarimelekler.biz\/wp-content\/uploads\/2019\/05\/Polen-Plaket-Kapak.jpg?resize=350%2C200&ssl=1","width":350,"height":200,"srcset":"https:\/\/i0.wp.com\/sarimelekler.biz\/wp-content\/uploads\/2019\/05\/Polen-Plaket-Kapak.jpg?resize=350%2C200&ssl=1 1x, https:\/\/i0.wp.com\/sarimelekler.biz\/wp-content\/uploads\/2019\/05\/Polen-Plaket-Kapak.jpg?resize=525%2C300&ssl=1 1.5x"},"classes":[]},{"id":11294,"url":"https:\/\/sarimelekler.biz\/?p=11294","url_meta":{"origin":11318,"position":1},"title":"Kul\u00fcb\u00fcm\u00fcz Taraf\u0131ndan Tak\u0131m\u0131m\u0131zdan Ayr\u0131lan Oyuncular A\u00e7\u0131kland\u0131.","author":"Edit\u00f6r","date":"16 May\u0131s 2019","format":false,"excerpt":"Kul\u00fcb\u00fcm\u00fcz, Fenerbah\u00e7e Opet Kad\u0131n Voleybol tak\u0131m\u0131m\u0131zdan ayr\u0131lan oyuncular\u0131 resmi sitesi ve sosyal medya hesaplar\u0131ndan a\u00e7\u0131klayarak oyunculara veda etti. Yap\u0131lan A\u00e7\u0131klamada: Fenerbah\u00e7e Opet Kad\u0131n Voleybol Tak\u0131m\u0131m\u0131z yeni sezon yap\u0131lanmas\u0131nda; Merve Dalbeler, Polen \u00dcnver, Ana Antonijevic, Dobriana Rabadzhieva, Samantha Bricio Ramos, Ezgi Da\u011fdelenler ve Merve Tanyel ile yollar\u0131n\u0131 ay\u0131rm\u0131\u015ft\u0131r. Formam\u0131z\u0131 ba\u015far\u0131yla terleten\u2026","rel":"","context":"&quot;Transfer Haberleri&quot; i\u00e7inde","block_context":{"text":"Transfer Haberleri","link":"https:\/\/sarimelekler.biz\/?cat=23"},"img":{"alt_text":"","src":"https:\/\/i0.wp.com\/sarimelekler.biz\/wp-content\/uploads\/2019\/05\/Haber-Ba%C5%9Fl%C4%B1%C4%9F%C4%B1.jpg?resize=350%2C200&ssl=1","width":350,"height":200,"srcset":"https:\/\/i0.wp.com\/sarimelekler.biz\/wp-content\/uploads\/2019\/05\/Haber-Ba%C5%9Fl%C4%B1%C4%9F%C4%B1.jpg?resize=350%2C200&ssl=1 1x, https:\/\/i0.wp.com\/sarimelekler.biz\/wp-content\/uploads\/2019\/05\/Haber-Ba%C5%9Fl%C4%B1%C4%9F%C4%B1.jpg?resize=525%2C300&ssl=1 1.5x, https:\/\/i0.wp.com\/sarimelekler.biz\/wp-content\/uploads\/2019\/05\/Haber-Ba%C5%9Fl%C4%B1%C4%9F%C4%B1.jpg?resize=700%2C400&ssl=1 2x"},"classes":[]},{"id":3740,"url":"https:\/\/sarimelekler.biz\/?p=3740","url_meta":{"origin":11318,"position":2},"title":"Ma\u00e7 Sonu R\u00f6portajlar\u0131","author":"Edit\u00f6r","date":"12 Nisan 2017","format":false,"excerpt":"Efsane Ma\u00e7tan Sonra Oyuncular\u0131m\u0131z\u0131n Fenerbah\u00e7e Spor Kul\u00fcb\u00fc Resmi \u0130nternet Sitesinde yer alan a\u00e7\u0131klamalar\u0131: Eczac\u0131ba\u015f\u0131 VitrA kar\u015f\u0131s\u0131nda ola\u011fan\u00fcst\u00fc bir performans sergileyerek, alt\u0131n set sonunda finale y\u00fckselen Fenerbah\u00e7e Kad\u0131n Voleybol Tak\u0131m\u0131m\u0131z\u0131n oyuncular\u0131 ma\u00e7\u0131n ard\u0131ndan sevin\u00e7 g\u00f6zya\u015flar\u0131na hakim olamad\u0131lar. Ma\u00e7la ilgili yay\u0131nc\u0131 kurulu\u015fa a\u00e7\u0131klamalarda bulunan Sar\u0131 Melekler, finalde kar\u015f\u0131la\u015facaklar\u0131 Galatasaray ma\u00e7\u0131na da de\u011findiler.\u2026","rel":"","context":"&quot;T\u00fcrkiye Ligi&quot; i\u00e7inde","block_context":{"text":"T\u00fcrkiye Ligi","link":"https:\/\/sarimelekler.biz\/?cat=6"},"img":{"alt_text":"","src":"https:\/\/i0.wp.com\/sarimelekler.biz\/wp-content\/uploads\/2017\/04\/c09g0489_55294_7924093.jpg?resize=350%2C200&ssl=1","width":350,"height":200,"srcset":"https:\/\/i0.wp.com\/sarimelekler.biz\/wp-content\/uploads\/2017\/04\/c09g0489_55294_7924093.jpg?resize=350%2C200&ssl=1 1x, https:\/\/i0.wp.com\/sarimelekler.biz\/wp-content\/uploads\/2017\/04\/c09g0489_55294_7924093.jpg?resize=525%2C300&ssl=1 1.5x, https:\/\/i0.wp.com\/sarimelekler.biz\/wp-content\/uploads\/2017\/04\/c09g0489_55294_7924093.jpg?resize=700%2C400&ssl=1 2x, https:\/\/i0.wp.com\/sarimelekler.biz\/wp-content\/uploads\/2017\/04\/c09g0489_55294_7924093.jpg?resize=1050%2C600&ssl=1 3x, https:\/\/i0.wp.com\/sarimelekler.biz\/wp-content\/uploads\/2017\/04\/c09g0489_55294_7924093.jpg?resize=1400%2C800&ssl=1 4x"},"classes":[]},{"id":10896,"url":"https:\/\/sarimelekler.biz\/?p=10896","url_meta":{"origin":11318,"position":3},"title":"#Sar\u0131Melekler \u015eampiyonlar Ligine Yar\u0131 Finalde Veda Etti.  Fenerbah\u00e7e Opet:0 &#8211; Imoco Voley Conegliano: 3","author":"Edit\u00f6r","date":"9 Nisan 2019","format":false,"excerpt":"Fenerbah\u00e7e Opet Kad\u0131n Voleybol Tak\u0131m\u0131m\u0131z Cev \u015eampiyonlar Ligi Yar\u0131 Final ikinci ma\u00e7\u0131nda kar\u015f\u0131la\u015ft\u0131\u011f\u0131 \u0130talyan temsilcisi Imoco Volley Conegliano tak\u0131m\u0131na 18 \u2013 25, 22 \u2013 25 ve 26 \u2013 28\u2019lik set skorlar\u0131yla 3-0 ma\u011flup oldu. \u0130lk ma\u00e7\u0131 da 3-0 kaybeden tak\u0131m\u0131m\u0131z bu sonu\u00e7la \u015eampiyonlar Ligine veda etti. Ma\u00e7a Eda, Ana Antonijevic,\u2026","rel":"","context":"&quot;Avrupa Kupalar\u0131&quot; i\u00e7inde","block_context":{"text":"Avrupa Kupalar\u0131","link":"https:\/\/sarimelekler.biz\/?cat=1"},"img":{"alt_text":"","src":"https:\/\/i0.wp.com\/sarimelekler.biz\/wp-content\/uploads\/2019\/04\/10-18-19-CL-17.jpg?resize=350%2C200&ssl=1","width":350,"height":200,"srcset":"https:\/\/i0.wp.com\/sarimelekler.biz\/wp-content\/uploads\/2019\/04\/10-18-19-CL-17.jpg?resize=350%2C200&ssl=1 1x, https:\/\/i0.wp.com\/sarimelekler.biz\/wp-content\/uploads\/2019\/04\/10-18-19-CL-17.jpg?resize=525%2C300&ssl=1 1.5x, https:\/\/i0.wp.com\/sarimelekler.biz\/wp-content\/uploads\/2019\/04\/10-18-19-CL-17.jpg?resize=700%2C400&ssl=1 2x, https:\/\/i0.wp.com\/sarimelekler.biz\/wp-content\/uploads\/2019\/04\/10-18-19-CL-17.jpg?resize=1050%2C600&ssl=1 3x, https:\/\/i0.wp.com\/sarimelekler.biz\/wp-content\/uploads\/2019\/04\/10-18-19-CL-17.jpg?resize=1400%2C800&ssl=1 4x"},"classes":[]},{"id":12057,"url":"https:\/\/sarimelekler.biz\/?p=12057","url_meta":{"origin":11318,"position":4},"title":"Ya\u015fayan Efsanemiz Eda Erdem D\u00fcndar&#8217;a Hat\u0131ra Plaketi Verdik","author":"Edit\u00f6r","date":"12 Ekim 2019","format":false,"excerpt":"T\u00fcrk Spor tarihinin en iyi tak\u0131m oyuncular\u0131ndan biri olan, T\u00fcrk Kad\u0131n\u0131n\u0131n y\u00fcz ak\u0131, Fenerbah\u00e7emizin gurur kayna\u011f\u0131, ya\u015fayan efsanemiz Eda Erdem D\u00fcndar\u2019a sezonun ilk ma\u00e7\u0131nda sitemiz ad\u0131na bir hat\u0131ra plaketi verdik. Kaptana sa\u011fl\u0131kl\u0131 ve uzun bir spor hayat\u0131 dileriz. Plaket \u00fczerindeki tarihi foto\u011fraf\u0131 \u00e7eken ve kullanmam\u0131z i\u00e7in izin veren Mert B\u00fclent\u2026","rel":"","context":"&quot;\u00d6zel Haberler&quot; i\u00e7inde","block_context":{"text":"\u00d6zel Haberler","link":"https:\/\/sarimelekler.biz\/?cat=21"},"img":{"alt_text":"","src":"https:\/\/i0.wp.com\/sarimelekler.biz\/wp-content\/uploads\/2019\/10\/Eda-Hat%C4%B1ra-Plaketi-5-Kapak.jpg?resize=350%2C200&ssl=1","width":350,"height":200,"srcset":"https:\/\/i0.wp.com\/sarimelekler.biz\/wp-content\/uploads\/2019\/10\/Eda-Hat%C4%B1ra-Plaketi-5-Kapak.jpg?resize=350%2C200&ssl=1 1x, https:\/\/i0.wp.com\/sarimelekler.biz\/wp-content\/uploads\/2019\/10\/Eda-Hat%C4%B1ra-Plaketi-5-Kapak.jpg?resize=525%2C300&ssl=1 1.5x, https:\/\/i0.wp.com\/sarimelekler.biz\/wp-content\/uploads\/2019\/10\/Eda-Hat%C4%B1ra-Plaketi-5-Kapak.jpg?resize=700%2C400&ssl=1 2x, https:\/\/i0.wp.com\/sarimelekler.biz\/wp-content\/uploads\/2019\/10\/Eda-Hat%C4%B1ra-Plaketi-5-Kapak.jpg?resize=1050%2C600&ssl=1 3x, https:\/\/i0.wp.com\/sarimelekler.biz\/wp-content\/uploads\/2019\/10\/Eda-Hat%C4%B1ra-Plaketi-5-Kapak.jpg?resize=1400%2C800&ssl=1 4x"},"classes":[]},{"id":18083,"url":"https:\/\/sarimelekler.biz\/?p=18083","url_meta":{"origin":11318,"position":5},"title":"2. Naz Aydemir Akyol D\u00f6nemi Sona Erdi.","author":"Edit\u00f6r","date":"4 Haziran 2022","format":false,"excerpt":"2009-2012 y\u0131llar\u0131 aras\u0131nda 3 sezon tak\u0131m\u0131m\u0131zda yer ald\u0131ktan sonra y\u0131ll\u0131k \u00fccret konusunda anla\u015fmazl\u0131k dolay\u0131 Vak\u0131fbank tak\u0131m\u0131na transfer olan Naz Aydemir Akyol, 7 Sezon sonra 2019-20 sezonunda tekrar tak\u0131m\u0131m\u0131za transfer olmu\u015ftu. \u00a0\u00a0Tak\u0131m\u0131m\u0131zda 2 sezon oynad\u0131ktan sonra ge\u00e7en sezon ba\u015f\u0131nda kul\u00fcb\u00fcm\u00fczden kontrat\u0131n\u0131n 2 y\u0131l uzat\u0131ld\u0131\u011f\u0131 ve 2021-2022, 2022-2023 sezonlar\u0131nda da tak\u0131m\u0131m\u0131zda oldu\u011fu\u2026","rel":"","context":"&quot;Transfer Haberleri&quot; i\u00e7inde","block_context":{"text":"Transfer Haberleri","link":"https:\/\/sarimelekler.biz\/?cat=23"},"img":{"alt_text":"","src":"https:\/\/i0.wp.com\/sarimelekler.biz\/wp-content\/uploads\/2019\/06\/Naz-R%C3%B6portaj-Kapak-2.jpg?resize=350%2C200&ssl=1","width":350,"height":200,"srcset":"https:\/\/i0.wp.com\/sarimelekler.biz\/wp-content\/uploads\/2019\/06\/Naz-R%C3%B6portaj-Kapak-2.jpg?resize=350%2C200&ssl=1 1x, https:\/\/i0.wp.com\/sarimelekler.biz\/wp-content\/uploads\/2019\/06\/Naz-R%C3%B6portaj-Kapak-2.jpg?resize=525%2C300&ssl=1 1.5x, https:\/\/i0.wp.com\/sarimelekler.biz\/wp-content\/uploads\/2019\/06\/Naz-R%C3%B6portaj-Kapak-2.jpg?resize=700%2C400&ssl=1 2x, https:\/\/i0.wp.com\/sarimelekler.biz\/wp-content\/uploads\/2019\/06\/Naz-R%C3%B6portaj-Kapak-2.jpg?resize=1050%2C600&ssl=1 3x, https:\/\/i0.wp.com\/sarimelekler.biz\/wp-content\/uploads\/2019\/06\/Naz-R%C3%B6portaj-Kapak-2.jpg?resize=1400%2C800&ssl=1 4x"},"classes":[]}],"_links":{"self":[{"href":"https:\/\/sarimelekler.biz\/index.php?rest_route=\/wp\/v2\/posts\/11318","targetHints":{"allow":["GET"]}}],"collection":[{"href":"https:\/\/sarimelekler.biz\/index.php?rest_route=\/wp\/v2\/posts"}],"about":[{"href":"https:\/\/sarimelekler.biz\/index.php?rest_route=\/wp\/v2\/types\/post"}],"author":[{"embeddable":true,"href":"https:\/\/sarimelekler.biz\/index.php?rest_route=\/wp\/v2\/users\/1"}],"replies":[{"embeddable":true,"href":"https:\/\/sarimelekler.biz\/index.php?rest_route=%2Fwp%2Fv2%2Fcomments&post=11318"}],"version-history":[{"count":1,"href":"https:\/\/sarimelekler.biz\/index.php?rest_route=\/wp\/v2\/posts\/11318\/revisions"}],"predecessor-version":[{"id":11321,"href":"https:\/\/sarimelekler.biz\/index.php?rest_route=\/wp\/v2\/posts\/11318\/revisions\/11321"}],"wp:featuredmedia":[{"embeddable":true,"href":"https:\/\/sarimelekler.biz\/index.php?rest_route=\/wp\/v2\/media\/11322"}],"wp:attachment":[{"href":"https:\/\/sarimelekler.biz\/index.php?rest_route=%2Fwp%2Fv2%2Fmedia&parent=11318"}],"wp:term":[{"taxonomy":"category","embeddable":true,"href":"https:\/\/sarimelekler.biz\/index.php?rest_route=%2Fwp%2Fv2%2Fcategories&post=11318"},{"taxonomy":"post_tag","embeddable":true,"href":"https:\/\/sarimelekler.biz\/index.php?rest_route=%2Fwp%2Fv2%2Ftags&post=11318"}],"curies":[{"name":"wp","href":"https:\/\/api.w.org\/{rel}","templated":true}]}}