{"id":11323,"date":"2019-06-06T16:13:10","date_gmt":"2019-06-06T13:13:10","guid":{"rendered":"http:\/\/sarimelekler.biz\/?p=11323"},"modified":"2019-06-06T16:17:25","modified_gmt":"2019-06-06T13:17:25","slug":"yoneticilerimiz-kulubumuzun-efsanelerinden-dr-ayten-salih-berkalpi-bayramda-yalniz-birakmadi","status":"publish","type":"post","link":"https:\/\/sarimelekler.biz\/?p=11323","title":{"rendered":"Y\u00f6neticilerimiz, Kul\u00fcb\u00fcm\u00fcz\u00fcn Efsanelerinden Dr. Ayten Salih Berkalp\u2019i Bayram\u2019da Yaln\u0131z B\u0131rakmad\u0131"},"content":{"rendered":"<p style=\"text-align: justify;\">Kul\u00fcb\u00fcm\u00fcz Y\u00f6netim Kurulu \u00dcyesi A. Serta\u00e7 Komsuo\u011flu ve Voleyboldan Sorumlu Y\u00f6netim Kurulu \u00dcyemiz Simla T\u00fcrker Bayaz\u0131t; atlet, basketbolcu, k\u00fcrek\u00e7i ve voleybolcu olarak kul\u00fcb\u00fcm\u00fcze y\u0131llarca hizmet eden, kul\u00fcb\u00fcm\u00fcz\u00fcn kad\u0131n basketbol ve voleybol \u015fubelerini kuran kaptan\u0131m\u0131z Ayten Salih Berkalp\u2019i bayramda ziyaret etti.<\/p>\n<p style=\"text-align: justify;\">Lefko\u015fa\u2019da ger\u00e7ekle\u015ftirilen ziyarete KKTC Fenerbah\u00e7eliler Derne\u011fi Ba\u015fkan\u0131 G\u00f6khan Necipo\u011flu ve Dernek Genel Sekreteri Bur\u00e7in Aliusta da kat\u0131ld\u0131.<\/p>\n<p style=\"text-align: justify;\">Dr. Ayten Salih Berkalp ziyarette Kul\u00fcb\u00fcm\u00fcz m\u00fczesine, Ahmet Tolgay\u2019\u0131n yazd\u0131\u011f\u0131 \u201cDr. Ayten\u2019in Roman\u0131\u201d isimli kitab\u0131 hediye etti.<\/p>\n<p style=\"text-align: justify;\">Dr. Ayten Salih kitab\u0131, \u201cFenerbah\u00e7e Spor Kul\u00fcb\u00fc&#8217;ne ya\u015fam\u0131mdaki katk\u0131lar\u0131ndan \u00f6t\u00fcr\u00fc te\u015fekk\u00fcr ederim\u201d diyerek imzalad\u0131.<\/p>\n<p style=\"text-align: justify;\">\n<p style=\"text-align: justify;\">Dr. Ayten Salih Berkalp<\/p>\n<p style=\"text-align: justify;\">Dr. Ayten Salih Berkalp, 1934 \/ Ma\u011fusa do\u011fumludur. \u0130lkokulu Limasol\u2019da, ortaokulu Lefko\u015fa Victoria Tali K\u0131z Okulu\u2019nda, liseyi \u0130stanbul \u00c7aml\u0131ca K\u0131z Lisesi\u2019nde, \u00fcniversiteyi ise \u0130stanbul T\u0131p Fak\u00fcltesi\u2019nde 1960 y\u0131l\u0131nda tamamlad\u0131. Ayten Salih, T\u00fcrkiye Milli Voleybol Tak\u0131m\u0131\u2019nda yer alan ilk K\u0131br\u0131sl\u0131 T\u00fcrk sporcudur. Fenerbah\u00e7e Spor Kul\u00fcb\u00fc\u2019nde Voleybol K\u0131z Tak\u0131m\u0131\u2019n\u0131 1954 y\u0131l\u0131nda yeniden arkada\u015flar\u0131yla beraber kendisi kurmu\u015f ve alt\u0131 y\u0131l boyunca voleybol, basketbol, atletizm ve k\u00fcrek m\u00fcsabakalar\u0131nda kaptanl\u0131k yapm\u0131\u015f ve hemen hemen t\u00fcm \u015fampiyonluklar\u0131 kazanm\u0131\u015flard\u0131r. Fenerbah\u00e7e K\u0131z Basketbol Tak\u0131m\u0131 Kurucusu olarak Basketbolda 25 say\u0131 yaparak T\u00fcrkiye ki\u015fisel say\u0131 rekorunu k\u0131rm\u0131\u015ft\u0131r. Kaptanl\u0131k yapt\u0131\u011f\u0131 Fenerbah\u00e7e k\u00fcrek tak\u0131m\u0131nda tak\u0131m\u0131 \u015fampiyon olmu\u015ftur. Fenerbah\u00e7e atletizm tak\u0131m\u0131n\u0131n kurulu\u015funda yer alm\u0131\u015f ve birincilik elde etmi\u015ftir. 2015 y\u0131l\u0131nda T\u00fcrkiye Milli Olimpiyat Komitesi taraf\u0131ndan d\u00fczenlenen \u201c2015 T\u00fcrkiye FairPlay \u00d6d\u00fclleri\u201dn de \u2018Sportif Fair Play Kariyer Dal\u0131\u2019nda \u2018Kutlama Mektubu\u2019 \u00f6d\u00fcl\u00fcn\u00fc alm\u0131\u015ft\u0131r.<\/p>\n\n\t\t<style type=\"text\/css\">\n\t\t\t#gallery-1 {\n\t\t\t\tmargin: auto;\n\t\t\t}\n\t\t\t#gallery-1 .gallery-item {\n\t\t\t\tfloat: left;\n\t\t\t\tmargin-top: 10px;\n\t\t\t\ttext-align: center;\n\t\t\t\twidth: 100%;\n\t\t\t}\n\t\t\t#gallery-1 img {\n\t\t\t\tborder: 2px solid #cfcfcf;\n\t\t\t}\n\t\t\t#gallery-1 .gallery-caption {\n\t\t\t\tmargin-left: 0;\n\t\t\t}\n\t\t\t\/* see gallery_shortcode() in wp-includes\/media.php *\/\n\t\t<\/style>\n\t\t<div data-carousel-extra='{&quot;blog_id&quot;:1,&quot;permalink&quot;:&quot;https:\/\/sarimelekler.biz\/?p=11323&quot;}' id='gallery-1' class='gallery galleryid-11323 gallery-columns-1 gallery-size-large'><dl class='gallery-item'>\n\t\t\t<dt class='gallery-icon portrait'>\n\t\t\t\t<a href='https:\/\/sarimelekler.biz\/?attachment_id=11324'><img loading=\"lazy\" decoding=\"async\" width=\"540\" height=\"960\" src=\"https:\/\/sarimelekler.biz\/wp-content\/uploads\/2019\/06\/2019-Ramazan-Bayram\u0131-1.jpg\" class=\"attachment-large size-large\" alt=\"\" srcset=\"https:\/\/sarimelekler.biz\/wp-content\/uploads\/2019\/06\/2019-Ramazan-Bayram\u0131-1.jpg 540w, https:\/\/sarimelekler.biz\/wp-content\/uploads\/2019\/06\/2019-Ramazan-Bayram\u0131-1-169x300.jpg 169w, https:\/\/sarimelekler.biz\/wp-content\/uploads\/2019\/06\/2019-Ramazan-Bayram\u0131-1-84x150.jpg 84w\" sizes=\"auto, (max-width: 540px) 100vw, 540px\" data-attachment-id=\"11324\" data-permalink=\"https:\/\/sarimelekler.biz\/?attachment_id=11324\" data-orig-file=\"https:\/\/sarimelekler.biz\/wp-content\/uploads\/2019\/06\/2019-Ramazan-Bayram\u0131-1.jpg\" data-orig-size=\"540,960\" data-comments-opened=\"0\" data-image-meta=\"{&quot;aperture&quot;:&quot;0&quot;,&quot;credit&quot;:&quot;&quot;,&quot;camera&quot;:&quot;&quot;,&quot;caption&quot;:&quot;&quot;,&quot;created_timestamp&quot;:&quot;0&quot;,&quot;copyright&quot;:&quot;&quot;,&quot;focal_length&quot;:&quot;0&quot;,&quot;iso&quot;:&quot;0&quot;,&quot;shutter_speed&quot;:&quot;0&quot;,&quot;title&quot;:&quot;&quot;,&quot;orientation&quot;:&quot;0&quot;}\" data-image-title=\"2019 Ramazan Bayram\u0131 (1)\" data-image-description=\"\" data-image-caption=\"\" data-large-file=\"https:\/\/sarimelekler.biz\/wp-content\/uploads\/2019\/06\/2019-Ramazan-Bayram\u0131-1.jpg\" \/><\/a>\n\t\t\t<\/dt><\/dl><br style=\"clear: both\" \/><dl class='gallery-item'>\n\t\t\t<dt class='gallery-icon landscape'>\n\t\t\t\t<a href='https:\/\/sarimelekler.biz\/?attachment_id=11325'><img loading=\"lazy\" decoding=\"async\" width=\"860\" height=\"645\" src=\"https:\/\/sarimelekler.biz\/wp-content\/uploads\/2019\/06\/2019-Ramazan-Bayram\u0131-2.jpg\" class=\"attachment-large size-large\" alt=\"\" srcset=\"https:\/\/sarimelekler.biz\/wp-content\/uploads\/2019\/06\/2019-Ramazan-Bayram\u0131-2.jpg 1000w, https:\/\/sarimelekler.biz\/wp-content\/uploads\/2019\/06\/2019-Ramazan-Bayram\u0131-2-300x225.jpg 300w, https:\/\/sarimelekler.biz\/wp-content\/uploads\/2019\/06\/2019-Ramazan-Bayram\u0131-2-768x576.jpg 768w, https:\/\/sarimelekler.biz\/wp-content\/uploads\/2019\/06\/2019-Ramazan-Bayram\u0131-2-150x113.jpg 150w\" sizes=\"auto, (max-width: 860px) 100vw, 860px\" data-attachment-id=\"11325\" data-permalink=\"https:\/\/sarimelekler.biz\/?attachment_id=11325\" data-orig-file=\"https:\/\/sarimelekler.biz\/wp-content\/uploads\/2019\/06\/2019-Ramazan-Bayram\u0131-2.jpg\" data-orig-size=\"1000,750\" data-comments-opened=\"0\" data-image-meta=\"{&quot;aperture&quot;:&quot;0&quot;,&quot;credit&quot;:&quot;&quot;,&quot;camera&quot;:&quot;&quot;,&quot;caption&quot;:&quot;&quot;,&quot;created_timestamp&quot;:&quot;0&quot;,&quot;copyright&quot;:&quot;&quot;,&quot;focal_length&quot;:&quot;0&quot;,&quot;iso&quot;:&quot;0&quot;,&quot;shutter_speed&quot;:&quot;0&quot;,&quot;title&quot;:&quot;&quot;,&quot;orientation&quot;:&quot;1&quot;}\" data-image-title=\"2019 Ramazan Bayram\u0131 (2)\" data-image-description=\"\" data-image-caption=\"\" data-large-file=\"https:\/\/sarimelekler.biz\/wp-content\/uploads\/2019\/06\/2019-Ramazan-Bayram\u0131-2.jpg\" \/><\/a>\n\t\t\t<\/dt><\/dl><br style=\"clear: both\" \/><dl class='gallery-item'>\n\t\t\t<dt class='gallery-icon portrait'>\n\t\t\t\t<a href='https:\/\/sarimelekler.biz\/?attachment_id=11326'><img loading=\"lazy\" decoding=\"async\" width=\"768\" height=\"812\" src=\"https:\/\/sarimelekler.biz\/wp-content\/uploads\/2019\/06\/2019-Ramazan-Bayram\u0131-3.jpg\" class=\"attachment-large size-large\" alt=\"\" srcset=\"https:\/\/sarimelekler.biz\/wp-content\/uploads\/2019\/06\/2019-Ramazan-Bayram\u0131-3.jpg 768w, https:\/\/sarimelekler.biz\/wp-content\/uploads\/2019\/06\/2019-Ramazan-Bayram\u0131-3-284x300.jpg 284w, https:\/\/sarimelekler.biz\/wp-content\/uploads\/2019\/06\/2019-Ramazan-Bayram\u0131-3-142x150.jpg 142w\" sizes=\"auto, (max-width: 768px) 100vw, 768px\" data-attachment-id=\"11326\" data-permalink=\"https:\/\/sarimelekler.biz\/?attachment_id=11326\" data-orig-file=\"https:\/\/sarimelekler.biz\/wp-content\/uploads\/2019\/06\/2019-Ramazan-Bayram\u0131-3.jpg\" data-orig-size=\"768,812\" data-comments-opened=\"0\" data-image-meta=\"{&quot;aperture&quot;:&quot;0&quot;,&quot;credit&quot;:&quot;&quot;,&quot;camera&quot;:&quot;&quot;,&quot;caption&quot;:&quot;&quot;,&quot;created_timestamp&quot;:&quot;0&quot;,&quot;copyright&quot;:&quot;&quot;,&quot;focal_length&quot;:&quot;0&quot;,&quot;iso&quot;:&quot;0&quot;,&quot;shutter_speed&quot;:&quot;0&quot;,&quot;title&quot;:&quot;&quot;,&quot;orientation&quot;:&quot;1&quot;}\" data-image-title=\"2019 Ramazan Bayram\u0131 (3)\" data-image-description=\"\" data-image-caption=\"\" data-large-file=\"https:\/\/sarimelekler.biz\/wp-content\/uploads\/2019\/06\/2019-Ramazan-Bayram\u0131-3.jpg\" \/><\/a>\n\t\t\t<\/dt><\/dl><br style=\"clear: both\" \/><dl class='gallery-item'>\n\t\t\t<dt class='gallery-icon landscape'>\n\t\t\t\t<a href='https:\/\/sarimelekler.biz\/?attachment_id=11327'><img loading=\"lazy\" decoding=\"async\" width=\"531\" height=\"451\" src=\"https:\/\/sarimelekler.biz\/wp-content\/uploads\/2019\/06\/2019-Ramazan-Bayram\u0131-4.jpg\" class=\"attachment-large size-large\" alt=\"\" srcset=\"https:\/\/sarimelekler.biz\/wp-content\/uploads\/2019\/06\/2019-Ramazan-Bayram\u0131-4.jpg 531w, https:\/\/sarimelekler.biz\/wp-content\/uploads\/2019\/06\/2019-Ramazan-Bayram\u0131-4-300x255.jpg 300w, https:\/\/sarimelekler.biz\/wp-content\/uploads\/2019\/06\/2019-Ramazan-Bayram\u0131-4-150x127.jpg 150w\" sizes=\"auto, (max-width: 531px) 100vw, 531px\" data-attachment-id=\"11327\" data-permalink=\"https:\/\/sarimelekler.biz\/?attachment_id=11327\" data-orig-file=\"https:\/\/sarimelekler.biz\/wp-content\/uploads\/2019\/06\/2019-Ramazan-Bayram\u0131-4.jpg\" data-orig-size=\"531,451\" data-comments-opened=\"0\" data-image-meta=\"{&quot;aperture&quot;:&quot;0&quot;,&quot;credit&quot;:&quot;&quot;,&quot;camera&quot;:&quot;&quot;,&quot;caption&quot;:&quot;&quot;,&quot;created_timestamp&quot;:&quot;0&quot;,&quot;copyright&quot;:&quot;&quot;,&quot;focal_length&quot;:&quot;0&quot;,&quot;iso&quot;:&quot;0&quot;,&quot;shutter_speed&quot;:&quot;0&quot;,&quot;title&quot;:&quot;&quot;,&quot;orientation&quot;:&quot;1&quot;}\" data-image-title=\"2019 Ramazan Bayram\u0131 (4)\" data-image-description=\"\" data-image-caption=\"\" data-large-file=\"https:\/\/sarimelekler.biz\/wp-content\/uploads\/2019\/06\/2019-Ramazan-Bayram\u0131-4.jpg\" \/><\/a>\n\t\t\t<\/dt><\/dl><br style=\"clear: both\" \/><dl class='gallery-item'>\n\t\t\t<dt class='gallery-icon landscape'>\n\t\t\t\t<a href='https:\/\/sarimelekler.biz\/?attachment_id=11332'><img loading=\"lazy\" decoding=\"async\" width=\"860\" height=\"484\" src=\"https:\/\/sarimelekler.biz\/wp-content\/uploads\/2019\/06\/2019-Ramazan-Bayram\u0131-5-1024x576.jpg\" class=\"attachment-large size-large\" alt=\"\" srcset=\"https:\/\/sarimelekler.biz\/wp-content\/uploads\/2019\/06\/2019-Ramazan-Bayram\u0131-5-1024x576.jpg 1024w, https:\/\/sarimelekler.biz\/wp-content\/uploads\/2019\/06\/2019-Ramazan-Bayram\u0131-5-300x169.jpg 300w, https:\/\/sarimelekler.biz\/wp-content\/uploads\/2019\/06\/2019-Ramazan-Bayram\u0131-5-768x432.jpg 768w, https:\/\/sarimelekler.biz\/wp-content\/uploads\/2019\/06\/2019-Ramazan-Bayram\u0131-5-150x84.jpg 150w, https:\/\/sarimelekler.biz\/wp-content\/uploads\/2019\/06\/2019-Ramazan-Bayram\u0131-5-800x450.jpg 800w, https:\/\/sarimelekler.biz\/wp-content\/uploads\/2019\/06\/2019-Ramazan-Bayram\u0131-5.jpg 1200w\" sizes=\"auto, (max-width: 860px) 100vw, 860px\" data-attachment-id=\"11332\" data-permalink=\"https:\/\/sarimelekler.biz\/?attachment_id=11332\" data-orig-file=\"https:\/\/sarimelekler.biz\/wp-content\/uploads\/2019\/06\/2019-Ramazan-Bayram\u0131-5.jpg\" data-orig-size=\"1200,675\" data-comments-opened=\"0\" data-image-meta=\"{&quot;aperture&quot;:&quot;0&quot;,&quot;credit&quot;:&quot;&quot;,&quot;camera&quot;:&quot;&quot;,&quot;caption&quot;:&quot;&quot;,&quot;created_timestamp&quot;:&quot;0&quot;,&quot;copyright&quot;:&quot;&quot;,&quot;focal_length&quot;:&quot;0&quot;,&quot;iso&quot;:&quot;0&quot;,&quot;shutter_speed&quot;:&quot;0&quot;,&quot;title&quot;:&quot;&quot;,&quot;orientation&quot;:&quot;1&quot;}\" data-image-title=\"2019 Ramazan Bayram\u0131 (5)\" data-image-description=\"\" data-image-caption=\"\" data-large-file=\"https:\/\/sarimelekler.biz\/wp-content\/uploads\/2019\/06\/2019-Ramazan-Bayram\u0131-5-1024x576.jpg\" \/><\/a>\n\t\t\t<\/dt><\/dl><br style=\"clear: both\" \/>\n\t\t<\/div>\n\n<p>Kaynak:\u00a0<a href=\"https:\/\/www.fenerbahce.org\/haberler\/kulup\/2019\/6\/kulubumuz-dr-ayten-salih-berkalp-i-bayram-da-unutmadi\" target=\"_blank\" rel=\"noopener\">Fenerbah\u00e7e SK Resmi \u0130nternet Sitesi<\/a><\/p>\n<p style=\"text-align: right;\">06.06.2019<\/p>\n","protected":false},"excerpt":{"rendered":"<p>Kul\u00fcb\u00fcm\u00fcz Y\u00f6netim Kurulu \u00dcyesi A. Serta\u00e7 Komsuo\u011flu ve Voleyboldan Sorumlu \u2026 <a class=\"continue-reading-link\" href=\"https:\/\/sarimelekler.biz\/?p=11323\">Okumaya Devam Et.. <span class=\"meta-nav\">&rarr; <\/span><\/a><\/p>\n","protected":false},"author":1,"featured_media":11325,"comment_status":"closed","ping_status":"open","sticky":false,"template":"","format":"standard","meta":{"jetpack_post_was_ever_published":false,"_jetpack_newsletter_access":"","_jetpack_dont_email_post_to_subs":false,"_jetpack_newsletter_tier_id":0,"_jetpack_memberships_contains_paywalled_content":false,"_jetpack_memberships_contains_paid_content":false,"footnotes":"","jetpack_publicize_message":"","jetpack_publicize_feature_enabled":true,"jetpack_social_post_already_shared":true,"jetpack_social_options":{"image_generator_settings":{"template":"highway","default_image_id":0,"font":"","enabled":false},"version":2}},"categories":[7],"tags":[],"class_list":["post-11323","post","type-post","status-publish","format-standard","has-post-thumbnail","hentry","category-haberler"],"jetpack_publicize_connections":[],"jetpack_featured_media_url":"https:\/\/sarimelekler.biz\/wp-content\/uploads\/2019\/06\/2019-Ramazan-Bayram\u0131-2.jpg","jetpack_sharing_enabled":true,"jetpack_shortlink":"https:\/\/wp.me\/p8npUZ-2WD","jetpack-related-posts":[{"id":10459,"url":"https:\/\/sarimelekler.biz\/?p=10459","url_meta":{"origin":11323,"position":0},"title":"Efsanemiz Ayten Salih Berkalp&#8217;in 8 Mart Konu\u015fmas\u0131","author":"Edit\u00f6r","date":"8 Mart 2019","format":false,"excerpt":"Kul\u00fcb\u00fcm\u00fcz\u00fcn 8 Mart D\u00fcnya Kad\u0131nlar G\u00fcn\u00fc\u2019nde \"Tarihe \u0130z B\u0131rakan Fenerbah\u00e7e Kad\u0131nlar\u0131 \" i\u00e7in yapt\u0131\u011f\u0131 etkinlikte 1954 y\u0131l\u0131nda Voleybol ve Basketbol Tak\u0131mlar\u0131m\u0131z\u0131n kurulmas\u0131na \u00f6nc\u00fcl\u00fck eden Ayten Salih Berkalp\u2019te bir konu\u015fma yapt\u0131. Tarihten kesitler sunan bu konu\u015fmay\u0131 izlemenizi \u00f6neririz. Ayten Salih: \"Fenerbah\u00e7eli olmak d\u00fcnyan\u0131n en g\u00fczel duygusudur.\" Ayr\u0131ca etkinlikte Kul\u00fcb\u00fcm\u00fcz\u00fcn Voleybol bran\u015f\u0131ndan\u2026","rel":"","context":"&quot;\u00d6zel Haberler&quot; i\u00e7inde","block_context":{"text":"\u00d6zel Haberler","link":"https:\/\/sarimelekler.biz\/?cat=21"},"img":{"alt_text":"","src":"https:\/\/i0.wp.com\/sarimelekler.biz\/wp-content\/uploads\/2019\/03\/8-Mart-4.jpg?resize=350%2C200&ssl=1","width":350,"height":200,"srcset":"https:\/\/i0.wp.com\/sarimelekler.biz\/wp-content\/uploads\/2019\/03\/8-Mart-4.jpg?resize=350%2C200&ssl=1 1x, https:\/\/i0.wp.com\/sarimelekler.biz\/wp-content\/uploads\/2019\/03\/8-Mart-4.jpg?resize=525%2C300&ssl=1 1.5x, https:\/\/i0.wp.com\/sarimelekler.biz\/wp-content\/uploads\/2019\/03\/8-Mart-4.jpg?resize=700%2C400&ssl=1 2x, https:\/\/i0.wp.com\/sarimelekler.biz\/wp-content\/uploads\/2019\/03\/8-Mart-4.jpg?resize=1050%2C600&ssl=1 3x, https:\/\/i0.wp.com\/sarimelekler.biz\/wp-content\/uploads\/2019\/03\/8-Mart-4.jpg?resize=1400%2C800&ssl=1 4x"},"classes":[]},{"id":10572,"url":"https:\/\/sarimelekler.biz\/?p=10572","url_meta":{"origin":11323,"position":1},"title":"Efsanemiz Ayten Salih, Scandicci ma\u00e7\u0131 \u00f6ncesi Sar\u0131 Melekleri ziyaret etti","author":"Edit\u00f6r","date":"19 Mart 2019","format":false,"excerpt":"Fenerbah\u00e7e Opet Kad\u0131n Voleybol Tak\u0131m\u0131m\u0131z\u0131n, CEV \u015eampiyonlar Ligi \u00e7eyrek final r\u00f6van\u015f ma\u00e7\u0131nda \u0130talyan ekibi Savino Del Bene Scandicci ile 19 Mart Sal\u0131 g\u00fcn\u00fc Burhan Felek Voleybol Salonu\u2019nda oynayaca\u011f\u0131 ma\u00e7 \u00f6ncesi yapt\u0131\u011f\u0131 son antrenmanda s\u00fcrpriz bir konu\u011fu vard\u0131. 1954 y\u0131l\u0131nda Fenerbah\u00e7emizin Voleybol ve Basketbol Tak\u0131mlar\u0131n\u0131n kurulmas\u0131na \u00f6nc\u00fcl\u00fck eden Ayten Salih, Savino\u2026","rel":"","context":"&quot;Avrupa Kupalar\u0131&quot; i\u00e7inde","block_context":{"text":"Avrupa Kupalar\u0131","link":"https:\/\/sarimelekler.biz\/?cat=1"},"img":{"alt_text":"","src":"https:\/\/i0.wp.com\/sarimelekler.biz\/wp-content\/uploads\/2019\/03\/Ayten-Salih-Kapak.jpg?resize=350%2C200&ssl=1","width":350,"height":200,"srcset":"https:\/\/i0.wp.com\/sarimelekler.biz\/wp-content\/uploads\/2019\/03\/Ayten-Salih-Kapak.jpg?resize=350%2C200&ssl=1 1x, https:\/\/i0.wp.com\/sarimelekler.biz\/wp-content\/uploads\/2019\/03\/Ayten-Salih-Kapak.jpg?resize=525%2C300&ssl=1 1.5x, https:\/\/i0.wp.com\/sarimelekler.biz\/wp-content\/uploads\/2019\/03\/Ayten-Salih-Kapak.jpg?resize=700%2C400&ssl=1 2x, https:\/\/i0.wp.com\/sarimelekler.biz\/wp-content\/uploads\/2019\/03\/Ayten-Salih-Kapak.jpg?resize=1050%2C600&ssl=1 3x, https:\/\/i0.wp.com\/sarimelekler.biz\/wp-content\/uploads\/2019\/03\/Ayten-Salih-Kapak.jpg?resize=1400%2C800&ssl=1 4x"},"classes":[]},{"id":13234,"url":"https:\/\/sarimelekler.biz\/?p=13234","url_meta":{"origin":11323,"position":2},"title":"Fenerbah\u00e7e Opet:3 \u2013 PTT Spor:0","author":"Edit\u00f6r","date":"8 Mart 2020","format":false,"excerpt":"Fenerbah\u00e7e Opet Kad\u0131n Voleybol Tak\u0131m\u0131m\u0131z Vestel Venus Sultanlar Ligi 21. hafta ma\u00e7\u0131nda kar\u015f\u0131la\u015ft\u0131\u011f\u0131 PTT Spor tak\u0131m\u0131n\u0131 25 \u2013 15, 25 \u2013 12 ve 25 \u2013 19\u2019lik set skorlar\u0131yla 3-0 ma\u011flup etti. Ma\u00e7a Eda, Naz, Thompson, Vargas, Dicle, Robinson ve libero Aylin kadrosuyla ba\u015flayan tak\u0131m\u0131m\u0131zda Fatma ve \u0130par\u2019da s\u00fcre ald\u0131. Sakatl\u0131klar\u0131\u2026","rel":"","context":"&quot;T\u00fcrkiye Ligi&quot; i\u00e7inde","block_context":{"text":"T\u00fcrkiye Ligi","link":"https:\/\/sarimelekler.biz\/?cat=6"},"img":{"alt_text":"","src":"https:\/\/i0.wp.com\/sarimelekler.biz\/wp-content\/uploads\/2020\/03\/21-19-20-33.jpg?resize=350%2C200&ssl=1","width":350,"height":200,"srcset":"https:\/\/i0.wp.com\/sarimelekler.biz\/wp-content\/uploads\/2020\/03\/21-19-20-33.jpg?resize=350%2C200&ssl=1 1x, https:\/\/i0.wp.com\/sarimelekler.biz\/wp-content\/uploads\/2020\/03\/21-19-20-33.jpg?resize=525%2C300&ssl=1 1.5x, https:\/\/i0.wp.com\/sarimelekler.biz\/wp-content\/uploads\/2020\/03\/21-19-20-33.jpg?resize=700%2C400&ssl=1 2x, https:\/\/i0.wp.com\/sarimelekler.biz\/wp-content\/uploads\/2020\/03\/21-19-20-33.jpg?resize=1050%2C600&ssl=1 3x, https:\/\/i0.wp.com\/sarimelekler.biz\/wp-content\/uploads\/2020\/03\/21-19-20-33.jpg?resize=1400%2C800&ssl=1 4x"},"classes":[]},{"id":10586,"url":"https:\/\/sarimelekler.biz\/?p=10586","url_meta":{"origin":11323,"position":3},"title":"#Sar\u0131Melekler \u015eampiyonlar Liginde Yar\u0131 Finale Y\u00fckseldi. Fenerbah\u00e7e Opet:3 -S.D.B. Scandicci:2","author":"Edit\u00f6r","date":"20 Mart 2019","format":false,"excerpt":"Yakla\u015f\u0131k 3500 taraftar\u0131m\u0131z\u0131n izledi\u011fi ma\u00e7ta Fenerbah\u00e7e Opet Kad\u0131n Voleybol Tak\u0131m\u0131m\u0131z Cev \u015eampiyonlar Ligi \u00c7eyrek Final ikinci ma\u00e7\u0131nda kar\u015f\u0131la\u015ft\u0131\u011f\u0131 \u0130talyan temsilcisi Savino Del Bene Scandicci tak\u0131m\u0131n\u0131 2-0 geriye d\u00fc\u015fmesine ra\u011fmen 19 \u2013 25, 26 \u2013 28, 25 \u2013 22, 25 \u2013 17 ve 15 \u2013 8\u2019lik set skorlar\u0131yla 3-2 ma\u011flup ederek\u2026","rel":"","context":"&quot;Avrupa Kupalar\u0131&quot; i\u00e7inde","block_context":{"text":"Avrupa Kupalar\u0131","link":"https:\/\/sarimelekler.biz\/?cat=1"},"img":{"alt_text":"","src":"https:\/\/i0.wp.com\/sarimelekler.biz\/wp-content\/uploads\/2019\/03\/8-18-19-CL-96.jpg?resize=350%2C200&ssl=1","width":350,"height":200,"srcset":"https:\/\/i0.wp.com\/sarimelekler.biz\/wp-content\/uploads\/2019\/03\/8-18-19-CL-96.jpg?resize=350%2C200&ssl=1 1x, https:\/\/i0.wp.com\/sarimelekler.biz\/wp-content\/uploads\/2019\/03\/8-18-19-CL-96.jpg?resize=525%2C300&ssl=1 1.5x, https:\/\/i0.wp.com\/sarimelekler.biz\/wp-content\/uploads\/2019\/03\/8-18-19-CL-96.jpg?resize=700%2C400&ssl=1 2x, https:\/\/i0.wp.com\/sarimelekler.biz\/wp-content\/uploads\/2019\/03\/8-18-19-CL-96.jpg?resize=1050%2C600&ssl=1 3x, https:\/\/i0.wp.com\/sarimelekler.biz\/wp-content\/uploads\/2019\/03\/8-18-19-CL-96.jpg?resize=1400%2C800&ssl=1 4x"},"classes":[]},{"id":10409,"url":"https:\/\/sarimelekler.biz\/?p=10409","url_meta":{"origin":11323,"position":4},"title":"Kul\u00fcb\u00fcm\u00fcz 8 Mart D\u00fcnya Kad\u0131nlar G\u00fcn\u00fc\u2019nde &#8220;Tarihe \u0130z B\u0131rakan Fenerbah\u00e7e Kad\u0131nlar\u0131n\u0131&#8221; Unutmad\u0131","author":"Edit\u00f6r","date":"8 Mart 2019","format":false,"excerpt":"Kul\u00fcb\u00fcm\u00fcz, 8 Mart D\u00fcnya Kad\u0131nlar G\u00fcn\u00fc\u2019nde, 1954 y\u0131l\u0131nda Voleybol ve Basketbol Tak\u0131mlar\u0131m\u0131z\u0131n kurulmas\u0131na \u00f6nc\u00fcl\u00fck eden Ayten Salih ile Fenerbah\u00e7e formas\u0131yla 1954-1961 y\u0131llar\u0131 aras\u0131nda \u00fcst \u00fcste \u015fampiyonluklar kazanan basketbol ve voleybol tak\u0131mlar\u0131n\u0131n \u00e7ok de\u011ferli oyuncular\u0131 i\u00e7in d\u00fczenlenen anlaml\u0131 bir etkinli\u011fe ev sahipli\u011fi yapt\u0131. Kul\u00fcb\u00fcm\u00fcz, Kas\u0131m ay\u0131nda T\u00fcpra\u015f\u2019\u0131n deste\u011fiyle Birle\u015fmi\u015f Milletler Kad\u0131n\u2026","rel":"","context":"&quot;Haberler&quot; i\u00e7inde","block_context":{"text":"Haberler","link":"https:\/\/sarimelekler.biz\/?cat=7"},"img":{"alt_text":"","src":"https:\/\/i0.wp.com\/sarimelekler.biz\/wp-content\/uploads\/2019\/03\/8-Mart-21.jpg?resize=350%2C200&ssl=1","width":350,"height":200,"srcset":"https:\/\/i0.wp.com\/sarimelekler.biz\/wp-content\/uploads\/2019\/03\/8-Mart-21.jpg?resize=350%2C200&ssl=1 1x, https:\/\/i0.wp.com\/sarimelekler.biz\/wp-content\/uploads\/2019\/03\/8-Mart-21.jpg?resize=525%2C300&ssl=1 1.5x, https:\/\/i0.wp.com\/sarimelekler.biz\/wp-content\/uploads\/2019\/03\/8-Mart-21.jpg?resize=700%2C400&ssl=1 2x, https:\/\/i0.wp.com\/sarimelekler.biz\/wp-content\/uploads\/2019\/03\/8-Mart-21.jpg?resize=1050%2C600&ssl=1 3x, https:\/\/i0.wp.com\/sarimelekler.biz\/wp-content\/uploads\/2019\/03\/8-Mart-21.jpg?resize=1400%2C800&ssl=1 4x"},"classes":[]},{"id":21026,"url":"https:\/\/sarimelekler.biz\/?p=21026","url_meta":{"origin":11323,"position":5},"title":"Fenerbah\u00e7e Kad\u0131n Voleybol Tak\u0131m\u0131m\u0131z 70 ya\u015f\u0131nda!","author":"Edit\u00f6r","date":"9 Eyl\u00fcl 2024","format":false,"excerpt":"1954 y\u0131l\u0131nda kurulan ve ulusal-uluslararas\u0131 arenada tarihi ba\u015far\u0131lara imza atan Fenerbah\u00e7e Medicana Kad\u0131n Voleybol Tak\u0131m\u0131m\u0131z\u0131n 70. y\u0131l d\u00f6n\u00fcm\u00fc d\u00fczenlenen \u00f6zel geceyle kutland\u0131. Fenerbah\u00e7e Faruk Ilgaz Tesislerimizde organize edilen galaya Ba\u015fkan\u0131m\u0131z Ali Y. Ko\u00e7, T\u00fcrkiye Voleybol Federasyonu Ba\u015fkan\u0131 Mehmet Akif \u00dcst\u00fcnda\u011f, yeni ve eski Y\u00f6netim Kurulu \u00dcyelerimiz, sponsorlar\u0131m\u0131z, Fenerbah\u00e7e Medicana Voleybol\u2026","rel":"","context":"&quot;Haberler&quot; i\u00e7inde","block_context":{"text":"Haberler","link":"https:\/\/sarimelekler.biz\/?cat=7"},"img":{"alt_text":"","src":"https:\/\/i0.wp.com\/sarimelekler.biz\/wp-content\/uploads\/2024\/09\/70.-Yil-Kutlamasi-5-scaled.jpg?resize=350%2C200&ssl=1","width":350,"height":200,"srcset":"https:\/\/i0.wp.com\/sarimelekler.biz\/wp-content\/uploads\/2024\/09\/70.-Yil-Kutlamasi-5-scaled.jpg?resize=350%2C200&ssl=1 1x, https:\/\/i0.wp.com\/sarimelekler.biz\/wp-content\/uploads\/2024\/09\/70.-Yil-Kutlamasi-5-scaled.jpg?resize=525%2C300&ssl=1 1.5x, https:\/\/i0.wp.com\/sarimelekler.biz\/wp-content\/uploads\/2024\/09\/70.-Yil-Kutlamasi-5-scaled.jpg?resize=700%2C400&ssl=1 2x, https:\/\/i0.wp.com\/sarimelekler.biz\/wp-content\/uploads\/2024\/09\/70.-Yil-Kutlamasi-5-scaled.jpg?resize=1050%2C600&ssl=1 3x, https:\/\/i0.wp.com\/sarimelekler.biz\/wp-content\/uploads\/2024\/09\/70.-Yil-Kutlamasi-5-scaled.jpg?resize=1400%2C800&ssl=1 4x"},"classes":[]}],"_links":{"self":[{"href":"https:\/\/sarimelekler.biz\/index.php?rest_route=\/wp\/v2\/posts\/11323","targetHints":{"allow":["GET"]}}],"collection":[{"href":"https:\/\/sarimelekler.biz\/index.php?rest_route=\/wp\/v2\/posts"}],"about":[{"href":"https:\/\/sarimelekler.biz\/index.php?rest_route=\/wp\/v2\/types\/post"}],"author":[{"embeddable":true,"href":"https:\/\/sarimelekler.biz\/index.php?rest_route=\/wp\/v2\/users\/1"}],"replies":[{"embeddable":true,"href":"https:\/\/sarimelekler.biz\/index.php?rest_route=%2Fwp%2Fv2%2Fcomments&post=11323"}],"version-history":[{"count":5,"href":"https:\/\/sarimelekler.biz\/index.php?rest_route=\/wp\/v2\/posts\/11323\/revisions"}],"predecessor-version":[{"id":11336,"href":"https:\/\/sarimelekler.biz\/index.php?rest_route=\/wp\/v2\/posts\/11323\/revisions\/11336"}],"wp:featuredmedia":[{"embeddable":true,"href":"https:\/\/sarimelekler.biz\/index.php?rest_route=\/wp\/v2\/media\/11325"}],"wp:attachment":[{"href":"https:\/\/sarimelekler.biz\/index.php?rest_route=%2Fwp%2Fv2%2Fmedia&parent=11323"}],"wp:term":[{"taxonomy":"category","embeddable":true,"href":"https:\/\/sarimelekler.biz\/index.php?rest_route=%2Fwp%2Fv2%2Fcategories&post=11323"},{"taxonomy":"post_tag","embeddable":true,"href":"https:\/\/sarimelekler.biz\/index.php?rest_route=%2Fwp%2Fv2%2Ftags&post=11323"}],"curies":[{"name":"wp","href":"https:\/\/api.w.org\/{rel}","templated":true}]}}