{"id":11365,"date":"2019-06-17T23:15:23","date_gmt":"2019-06-17T20:15:23","guid":{"rendered":"http:\/\/sarimelekler.biz\/?p=11365"},"modified":"2019-06-18T02:31:54","modified_gmt":"2019-06-17T23:31:54","slug":"naz-aydemir-akyol-taraftarlarimizin-gucunu-arkamda-hissederek-oynamak-icin-sabirsizlaniyorum","status":"publish","type":"post","link":"https:\/\/sarimelekler.biz\/?p=11365","title":{"rendered":"Naz Aydemir Akyol: Taraftarlar\u0131m\u0131z\u0131n g\u00fcc\u00fcn\u00fc arkamda hissederek oynamak i\u00e7in sab\u0131rs\u0131zlan\u0131yorum"},"content":{"rendered":"<p style=\"text-align: justify;\">Kad\u0131n Voleybol Tak\u0131m\u0131m\u0131z Fenerbah\u00e7e Opet\u2019in yeni transferi Naz Aydemir Akyol, transferine ili\u015fkin duygular\u0131n\u0131 kul\u00fcb\u00fcm\u00fcz\u00fcn resmi sitesine payla\u015ft\u0131.<\/p>\n<p style=\"text-align: justify;\">Sar\u0131 lacivert renklerle tekrar kupalar kazanmak i\u00e7in elinden geleni yapaca\u011f\u0131n\u0131 ifade eden Naz, \u201cGe\u00e7ti\u011fimiz Eyl\u00fcl-Ekim aylar\u0131nda Simla T\u00fcrker Bayaz\u0131t ve Abdullah Pa\u015fao\u011flu ile g\u00f6r\u00fc\u015fm\u00fc\u015ft\u00fck. Ocak ay\u0131 gibi tekrar kontrat imzalad\u0131k. Benim i\u00e7in yabanc\u0131 bir yer de\u011fil. Daha \u00f6nce evim olarak adland\u0131rd\u0131\u011f\u0131m bir kul\u00fcp. B\u00fcy\u00fck ba\u015far\u0131lar kazand\u0131\u011f\u0131m bir yer. Tabii ki benim i\u00e7in kolay bir karar oldu. Bildi\u011fim bir yer, tan\u0131d\u0131\u011f\u0131m tak\u0131m arkada\u015flar\u0131m var. B\u00fcy\u00fck bir camia. Tekrar kupalar kazanmak ve Avrupa\u2019da k\u00fcrs\u00fcye \u00e7\u0131kmak i\u00e7in elimden gelen her \u015feyi yapaca\u011f\u0131m.\u201d dedi.<\/p>\n<p style=\"text-align: justify;\">Kariyerine Fenerbah\u00e7e ile \u015eampiyonlar Ligi \u015fampiyonu olarak devam etmek istedi\u011fini belirten Naz Aydemir Akyol, \u201cHamile kalmadan \u00f6nce de \u015eampiyonlar Ligi \u015fampiyonu olarak voleybola bir y\u0131l ara verdim. \u015eimdi de Fenerbah\u00e7e ile \u015eampiyonlar Ligi \u015fampiyonu olarak ve T\u00fcrkiye\u2019deki b\u00fct\u00fcn kupalara da talip olarak kariyerime devam etmek istiyorum.\u201d ifadelerini kulland\u0131.<\/p>\n<p style=\"text-align: justify;\">Taraftarlar\u0131m\u0131za da mesajlar\u0131n\u0131 ileten Naz, onlar\u0131n itici g\u00fcc\u00fcn\u00fc arkas\u0131nda hissetmek i\u00e7in sab\u0131rs\u0131zland\u0131\u011f\u0131n\u0131 belirtti ve s\u00f6zlerini \u015fu \u015fekilde noktalad\u0131:<\/p>\n<p style=\"text-align: justify;\">\u201cKeyifli bir \u015fekilde ayr\u0131lmad\u0131k. Yanl\u0131\u015f anla\u015f\u0131lmalarla ayr\u0131ld\u0131k. Benim kendimi ifade etme bi\u00e7imim zaman zaman do\u011fru olmad\u0131. Ama onlar\u0131n \u00f6n\u00fcnde voleybol oynamay\u0131 \u00e7ok \u00f6zledim. Kar\u015f\u0131l\u0131kl\u0131 oynarken de daha net g\u00f6rm\u00fc\u015f oldum. Fenerbah\u00e7e taraftar\u0131 tak\u0131m\u0131 i\u00e7in her zaman iteleyici g\u00fc\u00e7 olmu\u015ftur. Bir an \u00f6nce formay\u0131 giyip sahalara d\u00f6nerek onlar\u0131n g\u00fcc\u00fcn\u00fc arkamda hissetmek i\u00e7in sab\u0131rs\u0131zlan\u0131yorum.\u201d<\/p>\n\n\t\t<style type=\"text\/css\">\n\t\t\t#gallery-1 {\n\t\t\t\tmargin: auto;\n\t\t\t}\n\t\t\t#gallery-1 .gallery-item {\n\t\t\t\tfloat: left;\n\t\t\t\tmargin-top: 10px;\n\t\t\t\ttext-align: center;\n\t\t\t\twidth: 100%;\n\t\t\t}\n\t\t\t#gallery-1 img {\n\t\t\t\tborder: 2px solid #cfcfcf;\n\t\t\t}\n\t\t\t#gallery-1 .gallery-caption {\n\t\t\t\tmargin-left: 0;\n\t\t\t}\n\t\t\t\/* see gallery_shortcode() in wp-includes\/media.php *\/\n\t\t<\/style>\n\t\t<div data-carousel-extra='{&quot;blog_id&quot;:1,&quot;permalink&quot;:&quot;https:\/\/sarimelekler.biz\/?p=11365&quot;}' id='gallery-1' class='gallery galleryid-11365 gallery-columns-1 gallery-size-large'><dl class='gallery-item'>\n\t\t\t<dt class='gallery-icon landscape'>\n\t\t\t\t<a href='https:\/\/sarimelekler.biz\/?attachment_id=11366'><img loading=\"lazy\" decoding=\"async\" width=\"860\" height=\"649\" src=\"https:\/\/sarimelekler.biz\/wp-content\/uploads\/2019\/06\/Naz-R\u00f6portaj-1024x773.jpg\" class=\"attachment-large size-large\" alt=\"\" srcset=\"https:\/\/sarimelekler.biz\/wp-content\/uploads\/2019\/06\/Naz-R\u00f6portaj-1024x773.jpg 1024w, https:\/\/sarimelekler.biz\/wp-content\/uploads\/2019\/06\/Naz-R\u00f6portaj-300x226.jpg 300w, https:\/\/sarimelekler.biz\/wp-content\/uploads\/2019\/06\/Naz-R\u00f6portaj-768x580.jpg 768w, https:\/\/sarimelekler.biz\/wp-content\/uploads\/2019\/06\/Naz-R\u00f6portaj-150x113.jpg 150w\" sizes=\"auto, (max-width: 860px) 100vw, 860px\" data-attachment-id=\"11366\" data-permalink=\"https:\/\/sarimelekler.biz\/?attachment_id=11366\" data-orig-file=\"https:\/\/sarimelekler.biz\/wp-content\/uploads\/2019\/06\/Naz-R\u00f6portaj.jpg\" data-orig-size=\"4440,3352\" data-comments-opened=\"0\" data-image-meta=\"{&quot;aperture&quot;:&quot;6.3&quot;,&quot;credit&quot;:&quot;&quot;,&quot;camera&quot;:&quot;Canon EOS-1D X&quot;,&quot;caption&quot;:&quot;&quot;,&quot;created_timestamp&quot;:&quot;1556362170&quot;,&quot;copyright&quot;:&quot;&quot;,&quot;focal_length&quot;:&quot;70&quot;,&quot;iso&quot;:&quot;250&quot;,&quot;shutter_speed&quot;:&quot;0.004&quot;,&quot;title&quot;:&quot;&quot;,&quot;orientation&quot;:&quot;1&quot;}\" data-image-title=\"Naz R\u00f6portaj\" data-image-description=\"\" data-image-caption=\"\" data-large-file=\"https:\/\/sarimelekler.biz\/wp-content\/uploads\/2019\/06\/Naz-R\u00f6portaj-1024x773.jpg\" \/><\/a>\n\t\t\t<\/dt><\/dl><br style=\"clear: both\" \/>\n\t\t<\/div>\n\n\n\t\t<style type=\"text\/css\">\n\t\t\t#gallery-2 {\n\t\t\t\tmargin: auto;\n\t\t\t}\n\t\t\t#gallery-2 .gallery-item {\n\t\t\t\tfloat: left;\n\t\t\t\tmargin-top: 10px;\n\t\t\t\ttext-align: center;\n\t\t\t\twidth: 100%;\n\t\t\t}\n\t\t\t#gallery-2 img {\n\t\t\t\tborder: 2px solid #cfcfcf;\n\t\t\t}\n\t\t\t#gallery-2 .gallery-caption {\n\t\t\t\tmargin-left: 0;\n\t\t\t}\n\t\t\t\/* see gallery_shortcode() in wp-includes\/media.php *\/\n\t\t<\/style>\n\t\t<div data-carousel-extra='{&quot;blog_id&quot;:1,&quot;permalink&quot;:&quot;https:\/\/sarimelekler.biz\/?p=11365&quot;}' id='gallery-2' class='gallery galleryid-11365 gallery-columns-1 gallery-size-large'><dl class='gallery-item'>\n\t\t\t<dt class='gallery-icon landscape'>\n\t\t\t\t<a href='https:\/\/sarimelekler.biz\/?attachment_id=11347'><img loading=\"lazy\" decoding=\"async\" width=\"860\" height=\"574\" src=\"https:\/\/sarimelekler.biz\/wp-content\/uploads\/2019\/06\/Naz-19-20-Kapak-1024x684.jpg\" class=\"attachment-large size-large\" alt=\"\" srcset=\"https:\/\/sarimelekler.biz\/wp-content\/uploads\/2019\/06\/Naz-19-20-Kapak-1024x684.jpg 1024w, https:\/\/sarimelekler.biz\/wp-content\/uploads\/2019\/06\/Naz-19-20-Kapak-300x200.jpg 300w, https:\/\/sarimelekler.biz\/wp-content\/uploads\/2019\/06\/Naz-19-20-Kapak-768x513.jpg 768w, https:\/\/sarimelekler.biz\/wp-content\/uploads\/2019\/06\/Naz-19-20-Kapak-150x100.jpg 150w\" sizes=\"auto, (max-width: 860px) 100vw, 860px\" data-attachment-id=\"11347\" data-permalink=\"https:\/\/sarimelekler.biz\/?attachment_id=11347\" data-orig-file=\"https:\/\/sarimelekler.biz\/wp-content\/uploads\/2019\/06\/Naz-19-20-Kapak.jpg\" data-orig-size=\"3962,2645\" data-comments-opened=\"0\" data-image-meta=\"{&quot;aperture&quot;:&quot;0&quot;,&quot;credit&quot;:&quot;&quot;,&quot;camera&quot;:&quot;&quot;,&quot;caption&quot;:&quot;&quot;,&quot;created_timestamp&quot;:&quot;0&quot;,&quot;copyright&quot;:&quot;&quot;,&quot;focal_length&quot;:&quot;0&quot;,&quot;iso&quot;:&quot;0&quot;,&quot;shutter_speed&quot;:&quot;0&quot;,&quot;title&quot;:&quot;&quot;,&quot;orientation&quot;:&quot;0&quot;}\" data-image-title=\"Naz 19-20 Kapak\" data-image-description=\"\" data-image-caption=\"\" data-large-file=\"https:\/\/sarimelekler.biz\/wp-content\/uploads\/2019\/06\/Naz-19-20-Kapak-1024x684.jpg\" \/><\/a>\n\t\t\t<\/dt><\/dl><br style=\"clear: both\" \/>\n\t\t<\/div>\n\n<p>Kaynak: <a href=\"https:\/\/www.fenerbahce.org\/haberler\/voleybol-kadin\/2019\/6\/naz-aydemir-akyol-taraftarlarimizin-gucunu-arkamda-hissederek-oynamak-icin-sabirsizlaniyorum\" target=\"_blank\" rel=\"noopener\">Fenerbah\u00e7e SK Resmi \u0130nternet Sitesi<\/a><\/p>\n<p style=\"text-align: right;\">17.06.2019<\/p>\n","protected":false},"excerpt":{"rendered":"<p>Kad\u0131n Voleybol Tak\u0131m\u0131m\u0131z Fenerbah\u00e7e Opet\u2019in yeni transferi Naz Aydemir Akyol, \u2026 <a class=\"continue-reading-link\" href=\"https:\/\/sarimelekler.biz\/?p=11365\">Okumaya Devam Et.. <span class=\"meta-nav\">&rarr; <\/span><\/a><\/p>\n","protected":false},"author":1,"featured_media":11369,"comment_status":"closed","ping_status":"open","sticky":false,"template":"","format":"standard","meta":{"jetpack_post_was_ever_published":false,"_jetpack_newsletter_access":"","_jetpack_dont_email_post_to_subs":false,"_jetpack_newsletter_tier_id":0,"_jetpack_memberships_contains_paywalled_content":false,"_jetpack_memberships_contains_paid_content":false,"footnotes":"","jetpack_publicize_message":"","jetpack_publicize_feature_enabled":true,"jetpack_social_post_already_shared":true,"jetpack_social_options":{"image_generator_settings":{"template":"highway","default_image_id":0,"font":"","enabled":false},"version":2}},"categories":[17],"tags":[],"class_list":["post-11365","post","type-post","status-publish","format-standard","has-post-thumbnail","hentry","category-resmi-site-roportajlari"],"jetpack_publicize_connections":[],"jetpack_featured_media_url":"https:\/\/sarimelekler.biz\/wp-content\/uploads\/2019\/06\/Naz-R\u00f6portaj-Kapak-2.jpg","jetpack_sharing_enabled":true,"jetpack_shortlink":"https:\/\/wp.me\/p8npUZ-2Xj","jetpack-related-posts":[{"id":11337,"url":"https:\/\/sarimelekler.biz\/?p=11337","url_meta":{"origin":11365,"position":0},"title":"Naz Aydemir Akyol Uzun Bir S\u00fcre Tekrar Sar\u0131 Melek oldu.","author":"Edit\u00f6r","date":"17 Haziran 2019","format":false,"excerpt":"Kul\u00fcb\u00fcm\u00fcz yeni sezon \u00e7al\u0131\u015fmalar\u0131 kapsam\u0131nda 7 senedir Vak\u0131fbank\u2019ta forma giyen Pas\u00f6r Naz Aydemir Akyol ile s\u00f6zle\u015fme imzalad\u0131. 1990 do\u011fumlu, 186 cm uzunlu\u011fundaki oyuncumuz Naz Aydemir Akyol 2009-2012 y\u0131llar\u0131 aras\u0131nda 3 sezon tak\u0131m\u0131m\u0131zda yer ald\u0131ktan sonra y\u0131ll\u0131k \u00fccret konusunda anla\u015fmazl\u0131k dolay\u0131 Vak\u0131fbank tak\u0131m\u0131na transfer olmu\u015ftu. Naz ge\u00e7ti\u011fimiz sezonda anne oldu\u011fu i\u00e7in\u2026","rel":"","context":"&quot;Transfer Haberleri&quot; i\u00e7inde","block_context":{"text":"Transfer Haberleri","link":"https:\/\/sarimelekler.biz\/?cat=23"},"img":{"alt_text":"","src":"https:\/\/i0.wp.com\/sarimelekler.biz\/wp-content\/uploads\/2019\/06\/Naz-19-20-Kapak.jpg?resize=350%2C200&ssl=1","width":350,"height":200,"srcset":"https:\/\/i0.wp.com\/sarimelekler.biz\/wp-content\/uploads\/2019\/06\/Naz-19-20-Kapak.jpg?resize=350%2C200&ssl=1 1x, https:\/\/i0.wp.com\/sarimelekler.biz\/wp-content\/uploads\/2019\/06\/Naz-19-20-Kapak.jpg?resize=525%2C300&ssl=1 1.5x, https:\/\/i0.wp.com\/sarimelekler.biz\/wp-content\/uploads\/2019\/06\/Naz-19-20-Kapak.jpg?resize=700%2C400&ssl=1 2x, https:\/\/i0.wp.com\/sarimelekler.biz\/wp-content\/uploads\/2019\/06\/Naz-19-20-Kapak.jpg?resize=1050%2C600&ssl=1 3x, https:\/\/i0.wp.com\/sarimelekler.biz\/wp-content\/uploads\/2019\/06\/Naz-19-20-Kapak.jpg?resize=1400%2C800&ssl=1 4x"},"classes":[]},{"id":15478,"url":"https:\/\/sarimelekler.biz\/?p=15478","url_meta":{"origin":11365,"position":1},"title":"Naz Aydemir Akyol \u201cSon 10 Y\u0131l\u0131n En \u0130yi 100 Oyuncusu\u201d Listesine Se\u00e7ildi","author":"Edit\u00f6r","date":"16 Mart 2021","format":false,"excerpt":"Fenerbah\u00e7e Opet Kad\u0131n Voleybol Tak\u0131m\u0131m\u0131z ile A Milli Kad\u0131n Voleybol Tak\u0131m\u0131m\u0131z\u0131n pas\u00f6r\u00fc Naz Aydemir Akyol, Uluslararas\u0131 Voleybol Federasyonu FIVB taraf\u0131ndan \"Son 10 Y\u0131l\u0131n En \u0130yi 100 Oyuncusu\" listesine se\u00e7ildi. FIVB'nin resmi internet sitesinde \u201cSporcu Bir Aileyi Gururland\u0131rmak\u201d ba\u015fl\u0131\u011f\u0131yla duyurulan haberde Naz Aydemir Akyol\u2019un ba\u015far\u0131lar\u0131na ve voleybol kariyerine yer verildi. Ailesi\u2026","rel":"","context":"&quot;Haberler&quot; i\u00e7inde","block_context":{"text":"Haberler","link":"https:\/\/sarimelekler.biz\/?cat=7"},"img":{"alt_text":"","src":"https:\/\/i0.wp.com\/sarimelekler.biz\/wp-content\/uploads\/2021\/03\/1.jpg?resize=350%2C200&ssl=1","width":350,"height":200,"srcset":"https:\/\/i0.wp.com\/sarimelekler.biz\/wp-content\/uploads\/2021\/03\/1.jpg?resize=350%2C200&ssl=1 1x, https:\/\/i0.wp.com\/sarimelekler.biz\/wp-content\/uploads\/2021\/03\/1.jpg?resize=525%2C300&ssl=1 1.5x, https:\/\/i0.wp.com\/sarimelekler.biz\/wp-content\/uploads\/2021\/03\/1.jpg?resize=700%2C400&ssl=1 2x"},"classes":[]},{"id":11995,"url":"https:\/\/sarimelekler.biz\/?p=11995","url_meta":{"origin":11365,"position":2},"title":"Naz &#038; Mihajlovic: Taraftarlar\u0131m\u0131zla Birlikte Sezona Galibiyetle Ba\u015flamak \u0130stiyoruz.","author":"Edit\u00f6r","date":"12 Ekim 2019","format":false,"excerpt":"Fenerbah\u00e7e Opet Kad\u0131n Voleybol Tak\u0131m\u0131m\u0131z, Sultanlar Ligi\u2019nin ilk ma\u00e7\u0131na \u00e7\u0131k\u0131yor. 12 Ekim Cumartesi g\u00fcn\u00fc saat 14.30\u2019da Burhan Felek Voleybol Salonu\u2019nda T\u00fcrk Hava Yollar\u0131 ile kar\u015f\u0131la\u015facak Sar\u0131 Melekler, ma\u00e7 \u00f6ncesi son antrenman\u0131n\u0131 yapt\u0131. Antrenman\u0131n ard\u0131ndan oyuncular\u0131m\u0131zdan Naz Aydemir Akyol ve Brankica Mihajlovic, yeni sezona ili\u015fkin d\u00fc\u015f\u00fcncelerini kul\u00fcb\u00fcm\u00fcz\u00fcn resmi insetrnet sitesine payla\u015ft\u0131.\u2026","rel":"","context":"&quot;Haberler&quot; i\u00e7inde","block_context":{"text":"Haberler","link":"https:\/\/sarimelekler.biz\/?cat=7"},"img":{"alt_text":"","src":"https:\/\/i0.wp.com\/sarimelekler.biz\/wp-content\/uploads\/2019\/10\/Naz-Mihajlovic-R%C3%B6portaj-Kapak.jpg?resize=350%2C200&ssl=1","width":350,"height":200,"srcset":"https:\/\/i0.wp.com\/sarimelekler.biz\/wp-content\/uploads\/2019\/10\/Naz-Mihajlovic-R%C3%B6portaj-Kapak.jpg?resize=350%2C200&ssl=1 1x, https:\/\/i0.wp.com\/sarimelekler.biz\/wp-content\/uploads\/2019\/10\/Naz-Mihajlovic-R%C3%B6portaj-Kapak.jpg?resize=525%2C300&ssl=1 1.5x, https:\/\/i0.wp.com\/sarimelekler.biz\/wp-content\/uploads\/2019\/10\/Naz-Mihajlovic-R%C3%B6portaj-Kapak.jpg?resize=700%2C400&ssl=1 2x, https:\/\/i0.wp.com\/sarimelekler.biz\/wp-content\/uploads\/2019\/10\/Naz-Mihajlovic-R%C3%B6portaj-Kapak.jpg?resize=1050%2C600&ssl=1 3x, https:\/\/i0.wp.com\/sarimelekler.biz\/wp-content\/uploads\/2019\/10\/Naz-Mihajlovic-R%C3%B6portaj-Kapak.jpg?resize=1400%2C800&ssl=1 4x"},"classes":[]},{"id":15724,"url":"https:\/\/sarimelekler.biz\/?p=15724","url_meta":{"origin":11365,"position":3},"title":"Naz Aydemir Akyol\u2019un S\u00f6zle\u015fmesi 2 Y\u0131l Uzat\u0131ld\u0131","author":"Edit\u00f6r","date":"19 Nisan 2021","format":false,"excerpt":"Kul\u00fcb\u00fcm\u00fcz, Fenerbah\u00e7e Opet Kad\u0131n Voleybol tak\u0131m\u0131m\u0131z\u0131n pas\u00f6r oyuncusu Naz Aydemir Akyol ile 2 y\u0131ll\u0131k s\u00f6zle\u015fme uzatt\u0131\u011f\u0131n\u0131 resmi sitesinden yapt\u0131\u011f\u0131 a\u00e7\u0131klamayla duyurdu. Oyuncumuza ba\u015far\u0131lar dileriz. Kul\u00fcb\u00fcm\u00fczden Yap\u0131lan A\u00e7\u0131klama: Formam\u0131zla \u00e7ok say\u0131da ba\u015far\u0131ya imza atan milli pas\u00f6r\u00fcm\u00fcz Naz Aydemir Akyol, 2 y\u0131l daha bizimle!'Son 10 Y\u0131l\u0131n En \u0130yi 100 Oyuncusu' listesinde yer\u2026","rel":"","context":"&quot;Transfer Haberleri&quot; i\u00e7inde","block_context":{"text":"Transfer Haberleri","link":"https:\/\/sarimelekler.biz\/?cat=23"},"img":{"alt_text":"","src":"https:\/\/i0.wp.com\/sarimelekler.biz\/wp-content\/uploads\/2019\/06\/Naz-19-20-Kapak.jpg?resize=350%2C200&ssl=1","width":350,"height":200,"srcset":"https:\/\/i0.wp.com\/sarimelekler.biz\/wp-content\/uploads\/2019\/06\/Naz-19-20-Kapak.jpg?resize=350%2C200&ssl=1 1x, https:\/\/i0.wp.com\/sarimelekler.biz\/wp-content\/uploads\/2019\/06\/Naz-19-20-Kapak.jpg?resize=525%2C300&ssl=1 1.5x, https:\/\/i0.wp.com\/sarimelekler.biz\/wp-content\/uploads\/2019\/06\/Naz-19-20-Kapak.jpg?resize=700%2C400&ssl=1 2x, https:\/\/i0.wp.com\/sarimelekler.biz\/wp-content\/uploads\/2019\/06\/Naz-19-20-Kapak.jpg?resize=1050%2C600&ssl=1 3x, https:\/\/i0.wp.com\/sarimelekler.biz\/wp-content\/uploads\/2019\/06\/Naz-19-20-Kapak.jpg?resize=1400%2C800&ssl=1 4x"},"classes":[]},{"id":18083,"url":"https:\/\/sarimelekler.biz\/?p=18083","url_meta":{"origin":11365,"position":4},"title":"2. Naz Aydemir Akyol D\u00f6nemi Sona Erdi.","author":"Edit\u00f6r","date":"4 Haziran 2022","format":false,"excerpt":"2009-2012 y\u0131llar\u0131 aras\u0131nda 3 sezon tak\u0131m\u0131m\u0131zda yer ald\u0131ktan sonra y\u0131ll\u0131k \u00fccret konusunda anla\u015fmazl\u0131k dolay\u0131 Vak\u0131fbank tak\u0131m\u0131na transfer olan Naz Aydemir Akyol, 7 Sezon sonra 2019-20 sezonunda tekrar tak\u0131m\u0131m\u0131za transfer olmu\u015ftu. \u00a0\u00a0Tak\u0131m\u0131m\u0131zda 2 sezon oynad\u0131ktan sonra ge\u00e7en sezon ba\u015f\u0131nda kul\u00fcb\u00fcm\u00fczden kontrat\u0131n\u0131n 2 y\u0131l uzat\u0131ld\u0131\u011f\u0131 ve 2021-2022, 2022-2023 sezonlar\u0131nda da tak\u0131m\u0131m\u0131zda oldu\u011fu\u2026","rel":"","context":"&quot;Transfer Haberleri&quot; i\u00e7inde","block_context":{"text":"Transfer Haberleri","link":"https:\/\/sarimelekler.biz\/?cat=23"},"img":{"alt_text":"","src":"https:\/\/i0.wp.com\/sarimelekler.biz\/wp-content\/uploads\/2019\/06\/Naz-R%C3%B6portaj-Kapak-2.jpg?resize=350%2C200&ssl=1","width":350,"height":200,"srcset":"https:\/\/i0.wp.com\/sarimelekler.biz\/wp-content\/uploads\/2019\/06\/Naz-R%C3%B6portaj-Kapak-2.jpg?resize=350%2C200&ssl=1 1x, https:\/\/i0.wp.com\/sarimelekler.biz\/wp-content\/uploads\/2019\/06\/Naz-R%C3%B6portaj-Kapak-2.jpg?resize=525%2C300&ssl=1 1.5x, https:\/\/i0.wp.com\/sarimelekler.biz\/wp-content\/uploads\/2019\/06\/Naz-R%C3%B6portaj-Kapak-2.jpg?resize=700%2C400&ssl=1 2x, https:\/\/i0.wp.com\/sarimelekler.biz\/wp-content\/uploads\/2019\/06\/Naz-R%C3%B6portaj-Kapak-2.jpg?resize=1050%2C600&ssl=1 3x, https:\/\/i0.wp.com\/sarimelekler.biz\/wp-content\/uploads\/2019\/06\/Naz-R%C3%B6portaj-Kapak-2.jpg?resize=1400%2C800&ssl=1 4x"},"classes":[]},{"id":12406,"url":"https:\/\/sarimelekler.biz\/?p=12406","url_meta":{"origin":11365,"position":5},"title":"Eda Erdem D\u00fcndar ve Naz Aydemir Akyol, Eczac\u0131ba\u015f\u0131 Vitra ma\u00e7\u0131 \u00f6ncesi a\u00e7\u0131klamalarda bulundu","author":"Edit\u00f6r","date":"18 Kas\u0131m 2019","format":false,"excerpt":"Kad\u0131n Voleybol Tak\u0131m\u0131m\u0131z Fenerbah\u00e7e Opet, CEV \u015eampiyonlar Ligi A Grubu ilk ma\u00e7\u0131nda yar\u0131n saat 17.30\u2019da Eczac\u0131ba\u015f\u0131 Vitra ile kar\u015f\u0131la\u015facak. Kaptan Eda Erdem D\u00fcndar ve oyuncumuz Naz Aydemir Akyol bu ma\u00e7 \u00f6ncesinde kul\u00fcb\u00fcm\u00fcz\u00fcn resmi internet sitesine a\u00e7\u0131klamalarda bulundu. \u015eampiyonlar Ligi\u2019ni \u00e7ok \u00f6zlediklerini ifade eden Kaptan Eda Erdem D\u00fcndar, \u201cGrubun en zorlu\u2026","rel":"","context":"&quot;Avrupa Kupalar\u0131&quot; i\u00e7inde","block_context":{"text":"Avrupa Kupalar\u0131","link":"https:\/\/sarimelekler.biz\/?cat=1"},"img":{"alt_text":"","src":"https:\/\/i0.wp.com\/sarimelekler.biz\/wp-content\/uploads\/2019\/11\/Eda-Naz-CL-1-A%C3%A7%C4%B1klama-1.jpg?resize=350%2C200&ssl=1","width":350,"height":200,"srcset":"https:\/\/i0.wp.com\/sarimelekler.biz\/wp-content\/uploads\/2019\/11\/Eda-Naz-CL-1-A%C3%A7%C4%B1klama-1.jpg?resize=350%2C200&ssl=1 1x, https:\/\/i0.wp.com\/sarimelekler.biz\/wp-content\/uploads\/2019\/11\/Eda-Naz-CL-1-A%C3%A7%C4%B1klama-1.jpg?resize=525%2C300&ssl=1 1.5x, https:\/\/i0.wp.com\/sarimelekler.biz\/wp-content\/uploads\/2019\/11\/Eda-Naz-CL-1-A%C3%A7%C4%B1klama-1.jpg?resize=700%2C400&ssl=1 2x, https:\/\/i0.wp.com\/sarimelekler.biz\/wp-content\/uploads\/2019\/11\/Eda-Naz-CL-1-A%C3%A7%C4%B1klama-1.jpg?resize=1050%2C600&ssl=1 3x, https:\/\/i0.wp.com\/sarimelekler.biz\/wp-content\/uploads\/2019\/11\/Eda-Naz-CL-1-A%C3%A7%C4%B1klama-1.jpg?resize=1400%2C800&ssl=1 4x"},"classes":[]}],"_links":{"self":[{"href":"https:\/\/sarimelekler.biz\/index.php?rest_route=\/wp\/v2\/posts\/11365","targetHints":{"allow":["GET"]}}],"collection":[{"href":"https:\/\/sarimelekler.biz\/index.php?rest_route=\/wp\/v2\/posts"}],"about":[{"href":"https:\/\/sarimelekler.biz\/index.php?rest_route=\/wp\/v2\/types\/post"}],"author":[{"embeddable":true,"href":"https:\/\/sarimelekler.biz\/index.php?rest_route=\/wp\/v2\/users\/1"}],"replies":[{"embeddable":true,"href":"https:\/\/sarimelekler.biz\/index.php?rest_route=%2Fwp%2Fv2%2Fcomments&post=11365"}],"version-history":[{"count":2,"href":"https:\/\/sarimelekler.biz\/index.php?rest_route=\/wp\/v2\/posts\/11365\/revisions"}],"predecessor-version":[{"id":11370,"href":"https:\/\/sarimelekler.biz\/index.php?rest_route=\/wp\/v2\/posts\/11365\/revisions\/11370"}],"wp:featuredmedia":[{"embeddable":true,"href":"https:\/\/sarimelekler.biz\/index.php?rest_route=\/wp\/v2\/media\/11369"}],"wp:attachment":[{"href":"https:\/\/sarimelekler.biz\/index.php?rest_route=%2Fwp%2Fv2%2Fmedia&parent=11365"}],"wp:term":[{"taxonomy":"category","embeddable":true,"href":"https:\/\/sarimelekler.biz\/index.php?rest_route=%2Fwp%2Fv2%2Fcategories&post=11365"},{"taxonomy":"post_tag","embeddable":true,"href":"https:\/\/sarimelekler.biz\/index.php?rest_route=%2Fwp%2Fv2%2Ftags&post=11365"}],"curies":[{"name":"wp","href":"https:\/\/api.w.org\/{rel}","templated":true}]}}