{"id":11371,"date":"2019-07-01T15:30:23","date_gmt":"2019-07-01T12:30:23","guid":{"rendered":"http:\/\/sarimelekler.biz\/?p=11371"},"modified":"2019-07-01T16:59:07","modified_gmt":"2019-07-01T13:59:07","slug":"son-sari-melek-ceren-kestirengoz-oldu","status":"publish","type":"post","link":"https:\/\/sarimelekler.biz\/?p=11371","title":{"rendered":"Son Sar\u0131 Melek Ceren Kestireng\u00f6z oldu."},"content":{"rendered":"<p style=\"text-align: justify;\">Kul\u00fcb\u00fcm\u00fcz yeni sezon \u00e7al\u0131\u015fmalar\u0131 kapsam\u0131nda pas\u00f6r \u00e7apraz\u0131 mevkiinde oynayan Ceren Kestireng\u00f6z ile s\u00f6zle\u015fme imzalad\u0131. <strong>19.07<\/strong>.1993 do\u011fumlu, 194 cm uzunlu\u011fundaki Ceren Kestireng\u00f6z ge\u00e7ti\u011fimiz sezon Be\u015fikta\u015f\u2019ta yer al\u0131rken \u015eubat ay\u0131nda ge\u00e7irdi\u011fi sakatl\u0131k nedeniyle sezonu kapatm\u0131\u015ft\u0131. Sakatl\u0131\u011f\u0131n\u0131 tamamen atlatan Ceren Kestireng\u00f6z A Milli tak\u0131m\u0131m\u0131zda da yer almakta. Uzun Y\u0131llar Ailemizin bir \u00fcyesi olmas\u0131 dile\u011fiyle Tak\u0131m\u0131m\u0131za Ho\u015f geldin Ceren Kestireng\u00f6z.<\/p>\n\n\t\t<style type=\"text\/css\">\n\t\t\t#gallery-1 {\n\t\t\t\tmargin: auto;\n\t\t\t}\n\t\t\t#gallery-1 .gallery-item {\n\t\t\t\tfloat: left;\n\t\t\t\tmargin-top: 10px;\n\t\t\t\ttext-align: center;\n\t\t\t\twidth: 100%;\n\t\t\t}\n\t\t\t#gallery-1 img {\n\t\t\t\tborder: 2px solid #cfcfcf;\n\t\t\t}\n\t\t\t#gallery-1 .gallery-caption {\n\t\t\t\tmargin-left: 0;\n\t\t\t}\n\t\t\t\/* see gallery_shortcode() in wp-includes\/media.php *\/\n\t\t<\/style>\n\t\t<div data-carousel-extra='{&quot;blog_id&quot;:1,&quot;permalink&quot;:&quot;https:\/\/sarimelekler.biz\/?p=11371&quot;}' id='gallery-1' class='gallery galleryid-11371 gallery-columns-1 gallery-size-large'><dl class='gallery-item'>\n\t\t\t<dt class='gallery-icon landscape'>\n\t\t\t\t<a href='https:\/\/sarimelekler.biz\/?attachment_id=11372'><img loading=\"lazy\" decoding=\"async\" width=\"860\" height=\"632\" src=\"https:\/\/sarimelekler.biz\/wp-content\/uploads\/2019\/07\/Ceren-Kestireng\u00f6z-1024x753.jpg\" class=\"attachment-large size-large\" alt=\"\" srcset=\"https:\/\/sarimelekler.biz\/wp-content\/uploads\/2019\/07\/Ceren-Kestireng\u00f6z-1024x753.jpg 1024w, https:\/\/sarimelekler.biz\/wp-content\/uploads\/2019\/07\/Ceren-Kestireng\u00f6z-300x221.jpg 300w, https:\/\/sarimelekler.biz\/wp-content\/uploads\/2019\/07\/Ceren-Kestireng\u00f6z-768x565.jpg 768w, https:\/\/sarimelekler.biz\/wp-content\/uploads\/2019\/07\/Ceren-Kestireng\u00f6z-150x110.jpg 150w\" sizes=\"auto, (max-width: 860px) 100vw, 860px\" data-attachment-id=\"11372\" data-permalink=\"https:\/\/sarimelekler.biz\/?attachment_id=11372\" data-orig-file=\"https:\/\/sarimelekler.biz\/wp-content\/uploads\/2019\/07\/Ceren-Kestireng\u00f6z.jpg\" data-orig-size=\"4488,3300\" data-comments-opened=\"0\" data-image-meta=\"{&quot;aperture&quot;:&quot;3.5&quot;,&quot;credit&quot;:&quot;&quot;,&quot;camera&quot;:&quot;Canon EOS-1D X&quot;,&quot;caption&quot;:&quot;&quot;,&quot;created_timestamp&quot;:&quot;1561637244&quot;,&quot;copyright&quot;:&quot;&quot;,&quot;focal_length&quot;:&quot;95&quot;,&quot;iso&quot;:&quot;640&quot;,&quot;shutter_speed&quot;:&quot;0.004&quot;,&quot;title&quot;:&quot;&quot;,&quot;orientation&quot;:&quot;1&quot;}\" data-image-title=\"Ceren Kestireng\u00f6z\" data-image-description=\"\" data-image-caption=\"\" data-large-file=\"https:\/\/sarimelekler.biz\/wp-content\/uploads\/2019\/07\/Ceren-Kestireng\u00f6z-1024x753.jpg\" \/><\/a>\n\t\t\t<\/dt><\/dl><br style=\"clear: both\" \/><dl class='gallery-item'>\n\t\t\t<dt class='gallery-icon landscape'>\n\t\t\t\t<a href='https:\/\/sarimelekler.biz\/?attachment_id=11380'><img loading=\"lazy\" decoding=\"async\" width=\"860\" height=\"491\" src=\"https:\/\/sarimelekler.biz\/wp-content\/uploads\/2019\/07\/Ceren-ilk-tweetL-1024x585.jpg\" class=\"attachment-large size-large\" alt=\"\" srcset=\"https:\/\/sarimelekler.biz\/wp-content\/uploads\/2019\/07\/Ceren-ilk-tweetL-1024x585.jpg 1024w, https:\/\/sarimelekler.biz\/wp-content\/uploads\/2019\/07\/Ceren-ilk-tweetL-300x171.jpg 300w, https:\/\/sarimelekler.biz\/wp-content\/uploads\/2019\/07\/Ceren-ilk-tweetL-768x439.jpg 768w, https:\/\/sarimelekler.biz\/wp-content\/uploads\/2019\/07\/Ceren-ilk-tweetL-150x86.jpg 150w, https:\/\/sarimelekler.biz\/wp-content\/uploads\/2019\/07\/Ceren-ilk-tweetL.jpg 1108w\" sizes=\"auto, (max-width: 860px) 100vw, 860px\" data-attachment-id=\"11380\" data-permalink=\"https:\/\/sarimelekler.biz\/?attachment_id=11380\" data-orig-file=\"https:\/\/sarimelekler.biz\/wp-content\/uploads\/2019\/07\/Ceren-ilk-tweetL.jpg\" data-orig-size=\"1108,633\" data-comments-opened=\"0\" data-image-meta=\"{&quot;aperture&quot;:&quot;0&quot;,&quot;credit&quot;:&quot;&quot;,&quot;camera&quot;:&quot;&quot;,&quot;caption&quot;:&quot;&quot;,&quot;created_timestamp&quot;:&quot;0&quot;,&quot;copyright&quot;:&quot;&quot;,&quot;focal_length&quot;:&quot;0&quot;,&quot;iso&quot;:&quot;0&quot;,&quot;shutter_speed&quot;:&quot;0&quot;,&quot;title&quot;:&quot;&quot;,&quot;orientation&quot;:&quot;0&quot;}\" data-image-title=\"Ceren Kestireng\u00f6z \u0130nsta\" data-image-description=\"\" data-image-caption=\"\" data-large-file=\"https:\/\/sarimelekler.biz\/wp-content\/uploads\/2019\/07\/Ceren-ilk-tweetL-1024x585.jpg\" \/><\/a>\n\t\t\t<\/dt><\/dl><br style=\"clear: both\" \/>\n\t\t<\/div>\n\n<p style=\"text-align: right;\">01.07.2019<\/p>\n","protected":false},"excerpt":{"rendered":"<p>Kul\u00fcb\u00fcm\u00fcz yeni sezon \u00e7al\u0131\u015fmalar\u0131 kapsam\u0131nda pas\u00f6r \u00e7apraz\u0131 mevkiinde oynayan Ceren \u2026 <a class=\"continue-reading-link\" href=\"https:\/\/sarimelekler.biz\/?p=11371\">Okumaya Devam Et.. <span class=\"meta-nav\">&rarr; <\/span><\/a><\/p>\n","protected":false},"author":1,"featured_media":11372,"comment_status":"closed","ping_status":"open","sticky":false,"template":"","format":"standard","meta":{"jetpack_post_was_ever_published":false,"_jetpack_newsletter_access":"","_jetpack_dont_email_post_to_subs":false,"_jetpack_newsletter_tier_id":0,"_jetpack_memberships_contains_paywalled_content":false,"_jetpack_memberships_contains_paid_content":false,"footnotes":"","jetpack_publicize_message":"","jetpack_publicize_feature_enabled":true,"jetpack_social_post_already_shared":true,"jetpack_social_options":{"image_generator_settings":{"template":"highway","default_image_id":0,"font":"","enabled":false},"version":2}},"categories":[23],"tags":[],"class_list":["post-11371","post","type-post","status-publish","format-standard","has-post-thumbnail","hentry","category-transfer-haberleri"],"jetpack_publicize_connections":[],"jetpack_featured_media_url":"https:\/\/sarimelekler.biz\/wp-content\/uploads\/2019\/07\/Ceren-Kestireng\u00f6z.jpg","jetpack_sharing_enabled":true,"jetpack_shortlink":"https:\/\/wp.me\/p8npUZ-2Xp","jetpack-related-posts":[{"id":11374,"url":"https:\/\/sarimelekler.biz\/?p=11374","url_meta":{"origin":11371,"position":0},"title":"Ceren Kestireng\u00f6z: Her zaman hayalini kurdu\u011fum yerdeyim","author":"Edit\u00f6r","date":"1 Temmuz 2019","format":false,"excerpt":"Yeni Transferimiz Ceren Kestireng\u00f6z Kul\u00fcb\u00fcm\u00fcz\u00fcn Resmi internet sitesine aya\u011f\u0131n\u0131n tozuyla bir r\u00f6portaj verdi. \ud83d\udc47\ud83d\udc47\ud83d\udc47\ud83d\udc47\ud83d\udc47\ud83d\udc47\ud83d\udc47 Fenerbah\u00e7e Opet Kad\u0131n Voleybol Tak\u0131m\u0131m\u0131z yeni transferi Ceren Kestireng\u00f6z, transferine ili\u015fkin duygular\u0131n\u0131 resmi sitemize payla\u015ft\u0131. \u00c7ok mutluyum oldu\u011funu belirterek s\u00f6zlerine ba\u015flayan Ceren, \u201cHer zaman hayalini kurdu\u011fum yerdeyim. Umuyorum \u00e7ok g\u00fczel i\u015fler yapaca\u011f\u0131m\u0131z bir sezon olur. \u015eimdiden\u2026","rel":"","context":"&quot;Resmi Site R\u00f6portajlar\u0131&quot; i\u00e7inde","block_context":{"text":"Resmi Site R\u00f6portajlar\u0131","link":"https:\/\/sarimelekler.biz\/?cat=17"},"img":{"alt_text":"","src":"https:\/\/i0.wp.com\/sarimelekler.biz\/wp-content\/uploads\/2019\/07\/Ceren-R%C3%B6portaj-07.19-3.jpg?resize=350%2C200&ssl=1","width":350,"height":200,"srcset":"https:\/\/i0.wp.com\/sarimelekler.biz\/wp-content\/uploads\/2019\/07\/Ceren-R%C3%B6portaj-07.19-3.jpg?resize=350%2C200&ssl=1 1x, https:\/\/i0.wp.com\/sarimelekler.biz\/wp-content\/uploads\/2019\/07\/Ceren-R%C3%B6portaj-07.19-3.jpg?resize=525%2C300&ssl=1 1.5x, https:\/\/i0.wp.com\/sarimelekler.biz\/wp-content\/uploads\/2019\/07\/Ceren-R%C3%B6portaj-07.19-3.jpg?resize=700%2C400&ssl=1 2x, https:\/\/i0.wp.com\/sarimelekler.biz\/wp-content\/uploads\/2019\/07\/Ceren-R%C3%B6portaj-07.19-3.jpg?resize=1050%2C600&ssl=1 3x"},"classes":[]},{"id":15743,"url":"https:\/\/sarimelekler.biz\/?p=15743","url_meta":{"origin":11371,"position":1},"title":"Be\u015f Oyuncumuz Tak\u0131m\u0131m\u0131zdan Ayr\u0131ld\u0131","author":"Edit\u00f6r","date":"27 Nisan 2021","format":false,"excerpt":"Kul\u00fcb\u00fcm\u00fcz Fenerbah\u00e7e Opet Kad\u0131n Voleybol tak\u0131m\u0131m\u0131z\u0131n orta oyuncusu Bahar Toksoy Guidetti, liberosu Aylin Sar\u0131o\u011flu, pas\u00f6r \u00e7apraz\u0131 Ceren Kestireng\u00f6z ve sma\u00e7\u00f6rleri Brankica Mihajlovic ile Bianka Busa ile s\u00f6zle\u015fme yenilenmedi\u011fini resmi sitesinden yapt\u0131\u011f\u0131 a\u00e7\u0131klamayla duyurdu. Ge\u00e7ti\u011fimiz g\u00fcnlerde Vargas\u2019\u0131n da ayr\u0131ld\u0131\u011f\u0131n\u0131 a\u00e7\u0131klayan kul\u00fcb\u00fcm\u00fczde, tak\u0131m\u0131m\u0131zdan ayr\u0131lan oyuncu say\u0131s\u0131 b\u00f6ylelikle alt\u0131 oldu. Oyuncular\u0131m\u0131za emekleri i\u00e7in\u2026","rel":"","context":"&quot;Transfer Haberleri&quot; i\u00e7inde","block_context":{"text":"Transfer Haberleri","link":"https:\/\/sarimelekler.biz\/?cat=23"},"img":{"alt_text":"","src":"https:\/\/i0.wp.com\/sarimelekler.biz\/wp-content\/uploads\/2021\/03\/31-20-21-22.jpg?resize=350%2C200&ssl=1","width":350,"height":200,"srcset":"https:\/\/i0.wp.com\/sarimelekler.biz\/wp-content\/uploads\/2021\/03\/31-20-21-22.jpg?resize=350%2C200&ssl=1 1x, https:\/\/i0.wp.com\/sarimelekler.biz\/wp-content\/uploads\/2021\/03\/31-20-21-22.jpg?resize=525%2C300&ssl=1 1.5x, https:\/\/i0.wp.com\/sarimelekler.biz\/wp-content\/uploads\/2021\/03\/31-20-21-22.jpg?resize=700%2C400&ssl=1 2x, https:\/\/i0.wp.com\/sarimelekler.biz\/wp-content\/uploads\/2021\/03\/31-20-21-22.jpg?resize=1050%2C600&ssl=1 3x, https:\/\/i0.wp.com\/sarimelekler.biz\/wp-content\/uploads\/2021\/03\/31-20-21-22.jpg?resize=1400%2C800&ssl=1 4x"},"classes":[]},{"id":11405,"url":"https:\/\/sarimelekler.biz\/?p=11405","url_meta":{"origin":11371,"position":2},"title":"Sar\u0131 Melekler  yeni sezon \u00e7al\u0131\u015fmalar\u0131na ba\u015flad\u0131.","author":"Edit\u00f6r","date":"15 A\u011fustos 2019","format":false,"excerpt":"Kad\u0131n Voleybol Tak\u0131m\u0131m\u0131z Fenerbah\u00e7e Opet \u00a02019-2020 sezonu ilk antrenman\u0131n\u0131 Derea\u011fz\u0131 Lefter K\u00fc\u00e7\u00fckandonyadis Tesisleri\u2019nde ger\u00e7ekle\u015ftirdi. S\u0131rbistan milli tak\u0131m\u0131n\u0131 \u00e7al\u0131\u015ft\u0131ran Ba\u015fantren\u00f6r Zoran Terzic'in yoklu\u011funda yard\u0131mc\u0131s\u0131 Salih Tavac\u0131 y\u00f6netiminde ger\u00e7ekle\u015ftirilen \u00e7al\u0131\u015fmaya milli oyuncular kaptan Eda Erdem D\u00fcndar, Naz Aydemir Akyol, Fatma Y\u0131ld\u0131r\u0131m, Aylin Sar\u0131o\u011flu, Kelsey Robinson ve Brankica Mihajlovic kat\u0131lmad\u0131. Yakla\u015f\u0131k 1 bu\u00e7uk\u2026","rel":"","context":"&quot;Haberler&quot; i\u00e7inde","block_context":{"text":"Haberler","link":"https:\/\/sarimelekler.biz\/?cat=7"},"img":{"alt_text":"","src":"https:\/\/i0.wp.com\/sarimelekler.biz\/wp-content\/uploads\/2019\/08\/19-20-Sezon-A%C3%A7%C4%B1l%C4%B1%C5%9F%C4%B1-13.jpg?resize=350%2C200&ssl=1","width":350,"height":200,"srcset":"https:\/\/i0.wp.com\/sarimelekler.biz\/wp-content\/uploads\/2019\/08\/19-20-Sezon-A%C3%A7%C4%B1l%C4%B1%C5%9F%C4%B1-13.jpg?resize=350%2C200&ssl=1 1x, https:\/\/i0.wp.com\/sarimelekler.biz\/wp-content\/uploads\/2019\/08\/19-20-Sezon-A%C3%A7%C4%B1l%C4%B1%C5%9F%C4%B1-13.jpg?resize=525%2C300&ssl=1 1.5x, https:\/\/i0.wp.com\/sarimelekler.biz\/wp-content\/uploads\/2019\/08\/19-20-Sezon-A%C3%A7%C4%B1l%C4%B1%C5%9F%C4%B1-13.jpg?resize=700%2C400&ssl=1 2x, https:\/\/i0.wp.com\/sarimelekler.biz\/wp-content\/uploads\/2019\/08\/19-20-Sezon-A%C3%A7%C4%B1l%C4%B1%C5%9F%C4%B1-13.jpg?resize=1050%2C600&ssl=1 3x, https:\/\/i0.wp.com\/sarimelekler.biz\/wp-content\/uploads\/2019\/08\/19-20-Sezon-A%C3%A7%C4%B1l%C4%B1%C5%9F%C4%B1-13.jpg?resize=1400%2C800&ssl=1 4x"},"classes":[]},{"id":11423,"url":"https:\/\/sarimelekler.biz\/?p=11423","url_meta":{"origin":11371,"position":3},"title":"Sar\u0131 Melekler Sa\u011fl\u0131k Kontrol\u00fcnden Ge\u00e7ti","author":"Edit\u00f6r","date":"16 A\u011fustos 2019","format":false,"excerpt":"Fenerbah\u00e7e Opet Kad\u0131n Voleybol Tak\u0131m\u0131m\u0131z\u0131n oyuncular\u0131ndan Melissa Vargas, Dicle Nur Babat, Bahar Toksoy Guidetti, Ceren Kestireng\u00f6z, S\u0131la \u00c7al\u0131\u015fkan, Damla \u00c7ak\u0131ro\u011flu, Melis Y\u0131lmaz, Peyman Yard\u0131mc\u0131 ve Ayb\u00fcke G\u00fcldeno\u011flu bug\u00fcn Medical Park G\u00f6ztepe Hastane Kompleksi\u2019nde sa\u011fl\u0131k kontrol\u00fcnden ge\u00e7ti. \u00d6ncelikle kan de\u011ferlerine bak\u0131lan oyuncular\u0131m\u0131z ard\u0131ndan solunum ve efor testinden ge\u00e7ti. Daha sonra da\u2026","rel":"","context":"&quot;Haberler&quot; i\u00e7inde","block_context":{"text":"Haberler","link":"https:\/\/sarimelekler.biz\/?cat=7"},"img":{"alt_text":"","src":"https:\/\/i0.wp.com\/sarimelekler.biz\/wp-content\/uploads\/2019\/08\/19-20-Sa%C4%9Fl%C4%B1k-Kontrol%C3%BC-8.jpg?resize=350%2C200&ssl=1","width":350,"height":200,"srcset":"https:\/\/i0.wp.com\/sarimelekler.biz\/wp-content\/uploads\/2019\/08\/19-20-Sa%C4%9Fl%C4%B1k-Kontrol%C3%BC-8.jpg?resize=350%2C200&ssl=1 1x, https:\/\/i0.wp.com\/sarimelekler.biz\/wp-content\/uploads\/2019\/08\/19-20-Sa%C4%9Fl%C4%B1k-Kontrol%C3%BC-8.jpg?resize=525%2C300&ssl=1 1.5x, https:\/\/i0.wp.com\/sarimelekler.biz\/wp-content\/uploads\/2019\/08\/19-20-Sa%C4%9Fl%C4%B1k-Kontrol%C3%BC-8.jpg?resize=700%2C400&ssl=1 2x, https:\/\/i0.wp.com\/sarimelekler.biz\/wp-content\/uploads\/2019\/08\/19-20-Sa%C4%9Fl%C4%B1k-Kontrol%C3%BC-8.jpg?resize=1050%2C600&ssl=1 3x, https:\/\/i0.wp.com\/sarimelekler.biz\/wp-content\/uploads\/2019\/08\/19-20-Sa%C4%9Fl%C4%B1k-Kontrol%C3%BC-8.jpg?resize=1400%2C800&ssl=1 4x"},"classes":[]},{"id":11493,"url":"https:\/\/sarimelekler.biz\/?p=11493","url_meta":{"origin":11371,"position":4},"title":"Topuk Yaylas\u0131 Kamp\u0131 Sona Erdi.","author":"Edit\u00f6r","date":"2 Eyl\u00fcl 2019","format":false,"excerpt":"Fenerbah\u00e7e Opet Kad\u0131n Voleybol Tak\u0131m\u0131m\u0131z yeni sezon haz\u0131rl\u0131klar\u0131 kapsam\u0131nda, 26 A\u011fustos\u2019ta ba\u015flad\u0131\u011f\u0131 Topuk Yaylas\u0131 kamp\u0131n\u0131 bug\u00fcn tamamlarken; Fenerbah\u00e7e HDI Sigorta Erkek Voleybol Tak\u0131m\u0131m\u0131z ise bug\u00fcn itibariyle sezon haz\u0131rl\u0131klar\u0131 i\u00e7in D\u00fczce\u2019ye gitti. Voleybol \u015eubemizden Sorumlu Y\u00f6neticimiz Simla T\u00fcrker Bayaz\u0131t ve Voleybol \u015eubemiz Yard\u0131mc\u0131s\u0131 Muhittin \u0130lker Din\u00e7ay da tak\u0131mlar\u0131m\u0131z\u0131n kamp\u0131n\u0131 ziyaret etti\u2026","rel":"","context":"&quot;Haberler&quot; i\u00e7inde","block_context":{"text":"Haberler","link":"https:\/\/sarimelekler.biz\/?cat=7"},"img":{"alt_text":"","src":"https:\/\/i0.wp.com\/sarimelekler.biz\/wp-content\/uploads\/2019\/09\/19-20-Topuk-Yaylas%C4%B1-28.jpg?resize=350%2C200&ssl=1","width":350,"height":200,"srcset":"https:\/\/i0.wp.com\/sarimelekler.biz\/wp-content\/uploads\/2019\/09\/19-20-Topuk-Yaylas%C4%B1-28.jpg?resize=350%2C200&ssl=1 1x, https:\/\/i0.wp.com\/sarimelekler.biz\/wp-content\/uploads\/2019\/09\/19-20-Topuk-Yaylas%C4%B1-28.jpg?resize=525%2C300&ssl=1 1.5x, https:\/\/i0.wp.com\/sarimelekler.biz\/wp-content\/uploads\/2019\/09\/19-20-Topuk-Yaylas%C4%B1-28.jpg?resize=700%2C400&ssl=1 2x, https:\/\/i0.wp.com\/sarimelekler.biz\/wp-content\/uploads\/2019\/09\/19-20-Topuk-Yaylas%C4%B1-28.jpg?resize=1050%2C600&ssl=1 3x, https:\/\/i0.wp.com\/sarimelekler.biz\/wp-content\/uploads\/2019\/09\/19-20-Topuk-Yaylas%C4%B1-28.jpg?resize=1400%2C800&ssl=1 4x"},"classes":[]},{"id":11941,"url":"https:\/\/sarimelekler.biz\/?p=11941","url_meta":{"origin":11371,"position":5},"title":"Sar\u0131 Melekler WinWin Kampanyas\u0131 Kapsam\u0131nda Cem Y\u0131lmaz G\u00f6sterisine Kat\u0131ld\u0131.","author":"Edit\u00f6r","date":"11 Ekim 2019","format":false,"excerpt":"Fener Ol kampanyas\u0131 kapsam\u0131nda hayata ge\u00e7irilen WinWin projesinde yer alan Cem Y\u0131lmaz g\u00f6sterisinde Fenerbah\u00e7e ailesi bir araya geldi. 1907 ki\u015filik g\u00f6steride Fenerbah\u00e7e ailesinin bir\u00e7ok ferdi g\u00f6steriyi izleyenler aras\u0131nda yer ald\u0131. Fenerbah\u00e7e\u2019nin mali ba\u011f\u0131ms\u0131zl\u0131\u011f\u0131na kavu\u015fmak i\u00e7in at\u0131lan en \u00f6nemli ad\u0131mlardan biri olarak Nisan ay\u0131nda ba\u015flat\u0131lan ve devam eden Fener Ol kampanyas\u0131n\u0131n\u2026","rel":"","context":"&quot;Haberler&quot; i\u00e7inde","block_context":{"text":"Haberler","link":"https:\/\/sarimelekler.biz\/?cat=7"},"img":{"alt_text":"","src":"https:\/\/i0.wp.com\/sarimelekler.biz\/wp-content\/uploads\/2019\/10\/1.jpg?resize=350%2C200&ssl=1","width":350,"height":200,"srcset":"https:\/\/i0.wp.com\/sarimelekler.biz\/wp-content\/uploads\/2019\/10\/1.jpg?resize=350%2C200&ssl=1 1x, https:\/\/i0.wp.com\/sarimelekler.biz\/wp-content\/uploads\/2019\/10\/1.jpg?resize=525%2C300&ssl=1 1.5x, https:\/\/i0.wp.com\/sarimelekler.biz\/wp-content\/uploads\/2019\/10\/1.jpg?resize=700%2C400&ssl=1 2x, https:\/\/i0.wp.com\/sarimelekler.biz\/wp-content\/uploads\/2019\/10\/1.jpg?resize=1050%2C600&ssl=1 3x, https:\/\/i0.wp.com\/sarimelekler.biz\/wp-content\/uploads\/2019\/10\/1.jpg?resize=1400%2C800&ssl=1 4x"},"classes":[]}],"_links":{"self":[{"href":"https:\/\/sarimelekler.biz\/index.php?rest_route=\/wp\/v2\/posts\/11371","targetHints":{"allow":["GET"]}}],"collection":[{"href":"https:\/\/sarimelekler.biz\/index.php?rest_route=\/wp\/v2\/posts"}],"about":[{"href":"https:\/\/sarimelekler.biz\/index.php?rest_route=\/wp\/v2\/types\/post"}],"author":[{"embeddable":true,"href":"https:\/\/sarimelekler.biz\/index.php?rest_route=\/wp\/v2\/users\/1"}],"replies":[{"embeddable":true,"href":"https:\/\/sarimelekler.biz\/index.php?rest_route=%2Fwp%2Fv2%2Fcomments&post=11371"}],"version-history":[{"count":2,"href":"https:\/\/sarimelekler.biz\/index.php?rest_route=\/wp\/v2\/posts\/11371\/revisions"}],"predecessor-version":[{"id":11382,"href":"https:\/\/sarimelekler.biz\/index.php?rest_route=\/wp\/v2\/posts\/11371\/revisions\/11382"}],"wp:featuredmedia":[{"embeddable":true,"href":"https:\/\/sarimelekler.biz\/index.php?rest_route=\/wp\/v2\/media\/11372"}],"wp:attachment":[{"href":"https:\/\/sarimelekler.biz\/index.php?rest_route=%2Fwp%2Fv2%2Fmedia&parent=11371"}],"wp:term":[{"taxonomy":"category","embeddable":true,"href":"https:\/\/sarimelekler.biz\/index.php?rest_route=%2Fwp%2Fv2%2Fcategories&post=11371"},{"taxonomy":"post_tag","embeddable":true,"href":"https:\/\/sarimelekler.biz\/index.php?rest_route=%2Fwp%2Fv2%2Ftags&post=11371"}],"curies":[{"name":"wp","href":"https:\/\/api.w.org\/{rel}","templated":true}]}}