{"id":11374,"date":"2019-07-01T16:51:42","date_gmt":"2019-07-01T13:51:42","guid":{"rendered":"http:\/\/sarimelekler.biz\/?p=11374"},"modified":"2022-03-06T00:18:49","modified_gmt":"2022-03-05T21:18:49","slug":"ceren-kestirengoz-her-zaman-hayalini-kurdugum-yerdeyim","status":"publish","type":"post","link":"https:\/\/sarimelekler.biz\/?p=11374","title":{"rendered":"Ceren Kestireng\u00f6z: Her zaman hayalini kurdu\u011fum yerdeyim"},"content":{"rendered":"<p>Yeni Transferimiz Ceren Kestireng\u00f6z Kul\u00fcb\u00fcm\u00fcz\u00fcn Resmi internet sitesine aya\u011f\u0131n\u0131n tozuyla bir r\u00f6portaj verdi.<\/p>\n<p>\ud83d\udc47\ud83d\udc47\ud83d\udc47\ud83d\udc47\ud83d\udc47\ud83d\udc47\ud83d\udc47<\/p>\n<p style=\"text-align: justify;\">Fenerbah\u00e7e Opet Kad\u0131n Voleybol Tak\u0131m\u0131m\u0131z yeni transferi Ceren Kestireng\u00f6z, transferine ili\u015fkin duygular\u0131n\u0131 resmi sitemize payla\u015ft\u0131.<\/p>\n<p>\u00c7ok mutluyum oldu\u011funu belirterek s\u00f6zlerine ba\u015flayan Ceren, \u201cHer zaman hayalini kurdu\u011fum yerdeyim. Umuyorum \u00e7ok g\u00fczel i\u015fler yapaca\u011f\u0131m\u0131z bir sezon olur. \u015eimdiden \u00e7ok heyecanl\u0131y\u0131m.\u201d dedi.<\/p>\n<p>Yeni tak\u0131m\u0131ndaki oyuncular\u0131n \u00e7o\u011funu tan\u0131d\u0131\u011f\u0131n\u0131 belirten ba\u015far\u0131l\u0131 voleybolcu, \u201cT\u00fcrk oyuncular\u0131n bir\u00e7o\u011fuyla milli tak\u0131mlarda oynad\u0131k. Hepsini tan\u0131yorum. Yabanc\u0131larla da kar\u015f\u0131l\u0131kl\u0131 oynad\u0131k. Hep birlikte uyum i\u00e7erisinde g\u00fczel bir sezon ge\u00e7irece\u011fimize inan\u0131yorum.\u201d \u015feklinde konu\u015ftu.<\/p>\n<p>Son olarak taraftarlar\u0131m\u0131zla ilgili konu\u015fan Ceren, \u201cFenerbah\u00e7e taraftar\u0131 rakip olarak oynarken \u00e7ok etkileyiciydi. Onlar\u0131n \u00f6n\u00fcnde sahaya \u00e7\u0131kmak i\u00e7in sab\u0131rs\u0131zlan\u0131yorum.\u201d diyerek s\u00f6zlerini tamamlad\u0131.<\/p>\n\n\t\t<style type=\"text\/css\">\n\t\t\t#gallery-1 {\n\t\t\t\tmargin: auto;\n\t\t\t}\n\t\t\t#gallery-1 .gallery-item {\n\t\t\t\tfloat: left;\n\t\t\t\tmargin-top: 10px;\n\t\t\t\ttext-align: center;\n\t\t\t\twidth: 100%;\n\t\t\t}\n\t\t\t#gallery-1 img {\n\t\t\t\tborder: 2px solid #cfcfcf;\n\t\t\t}\n\t\t\t#gallery-1 .gallery-caption {\n\t\t\t\tmargin-left: 0;\n\t\t\t}\n\t\t\t\/* see gallery_shortcode() in wp-includes\/media.php *\/\n\t\t<\/style>\n\t\t<div data-carousel-extra='{&quot;blog_id&quot;:1,&quot;permalink&quot;:&quot;https:\/\/sarimelekler.biz\/?p=11374&quot;}' id='gallery-1' class='gallery galleryid-11374 gallery-columns-1 gallery-size-large'><dl class='gallery-item'>\n\t\t\t<dt class='gallery-icon landscape'>\n\t\t\t\t<a href='https:\/\/sarimelekler.biz\/?attachment_id=11375'><img loading=\"lazy\" decoding=\"async\" width=\"860\" height=\"574\" src=\"https:\/\/sarimelekler.biz\/wp-content\/uploads\/2019\/07\/Ceren-R\u00f6portaj-07.19-1-1024x683.jpg\" class=\"attachment-large size-large\" alt=\"\" srcset=\"https:\/\/sarimelekler.biz\/wp-content\/uploads\/2019\/07\/Ceren-R\u00f6portaj-07.19-1-1024x683.jpg 1024w, https:\/\/sarimelekler.biz\/wp-content\/uploads\/2019\/07\/Ceren-R\u00f6portaj-07.19-1-300x200.jpg 300w, https:\/\/sarimelekler.biz\/wp-content\/uploads\/2019\/07\/Ceren-R\u00f6portaj-07.19-1-768x512.jpg 768w, https:\/\/sarimelekler.biz\/wp-content\/uploads\/2019\/07\/Ceren-R\u00f6portaj-07.19-1-150x100.jpg 150w\" sizes=\"auto, (max-width: 860px) 100vw, 860px\" data-attachment-id=\"11375\" data-permalink=\"https:\/\/sarimelekler.biz\/?attachment_id=11375\" data-orig-file=\"https:\/\/sarimelekler.biz\/wp-content\/uploads\/2019\/07\/Ceren-R\u00f6portaj-07.19-1.jpg\" data-orig-size=\"5184,3456\" data-comments-opened=\"0\" data-image-meta=\"{&quot;aperture&quot;:&quot;6.3&quot;,&quot;credit&quot;:&quot;&quot;,&quot;camera&quot;:&quot;Canon EOS-1D X&quot;,&quot;caption&quot;:&quot;&quot;,&quot;created_timestamp&quot;:&quot;1561637911&quot;,&quot;copyright&quot;:&quot;&quot;,&quot;focal_length&quot;:&quot;75&quot;,&quot;iso&quot;:&quot;200&quot;,&quot;shutter_speed&quot;:&quot;0.004&quot;,&quot;title&quot;:&quot;&quot;,&quot;orientation&quot;:&quot;1&quot;}\" data-image-title=\"Ceren R\u00f6portaj 07.19 (1)\" data-image-description=\"\" data-image-caption=\"\" data-large-file=\"https:\/\/sarimelekler.biz\/wp-content\/uploads\/2019\/07\/Ceren-R\u00f6portaj-07.19-1-1024x683.jpg\" \/><\/a>\n\t\t\t<\/dt><\/dl><br style=\"clear: both\" \/><dl class='gallery-item'>\n\t\t\t<dt class='gallery-icon landscape'>\n\t\t\t\t<a href='https:\/\/sarimelekler.biz\/?attachment_id=11376'><img loading=\"lazy\" decoding=\"async\" width=\"860\" height=\"574\" src=\"https:\/\/sarimelekler.biz\/wp-content\/uploads\/2019\/07\/Ceren-R\u00f6portaj-07.19-2-1024x683.jpg\" class=\"attachment-large size-large\" alt=\"\" srcset=\"https:\/\/sarimelekler.biz\/wp-content\/uploads\/2019\/07\/Ceren-R\u00f6portaj-07.19-2-1024x683.jpg 1024w, https:\/\/sarimelekler.biz\/wp-content\/uploads\/2019\/07\/Ceren-R\u00f6portaj-07.19-2-300x200.jpg 300w, https:\/\/sarimelekler.biz\/wp-content\/uploads\/2019\/07\/Ceren-R\u00f6portaj-07.19-2-768x512.jpg 768w, https:\/\/sarimelekler.biz\/wp-content\/uploads\/2019\/07\/Ceren-R\u00f6portaj-07.19-2-150x100.jpg 150w\" sizes=\"auto, (max-width: 860px) 100vw, 860px\" data-attachment-id=\"11376\" data-permalink=\"https:\/\/sarimelekler.biz\/?attachment_id=11376\" data-orig-file=\"https:\/\/sarimelekler.biz\/wp-content\/uploads\/2019\/07\/Ceren-R\u00f6portaj-07.19-2.jpg\" data-orig-size=\"5184,3456\" data-comments-opened=\"0\" data-image-meta=\"{&quot;aperture&quot;:&quot;6.3&quot;,&quot;credit&quot;:&quot;&quot;,&quot;camera&quot;:&quot;Canon EOS-1D X&quot;,&quot;caption&quot;:&quot;&quot;,&quot;created_timestamp&quot;:&quot;1561637763&quot;,&quot;copyright&quot;:&quot;&quot;,&quot;focal_length&quot;:&quot;70&quot;,&quot;iso&quot;:&quot;200&quot;,&quot;shutter_speed&quot;:&quot;0.004&quot;,&quot;title&quot;:&quot;&quot;,&quot;orientation&quot;:&quot;1&quot;}\" data-image-title=\"Ceren R\u00f6portaj 07.19 (2)\" data-image-description=\"\" data-image-caption=\"\" data-large-file=\"https:\/\/sarimelekler.biz\/wp-content\/uploads\/2019\/07\/Ceren-R\u00f6portaj-07.19-2-1024x683.jpg\" \/><\/a>\n\t\t\t<\/dt><\/dl><br style=\"clear: both\" \/><dl class='gallery-item'>\n\t\t\t<dt class='gallery-icon landscape'>\n\t\t\t\t<a href='https:\/\/sarimelekler.biz\/?attachment_id=11377'><img loading=\"lazy\" decoding=\"async\" width=\"860\" height=\"484\" src=\"https:\/\/sarimelekler.biz\/wp-content\/uploads\/2019\/07\/Ceren-R\u00f6portaj-07.19-3-1024x576.jpg\" class=\"attachment-large size-large\" alt=\"\" srcset=\"https:\/\/sarimelekler.biz\/wp-content\/uploads\/2019\/07\/Ceren-R\u00f6portaj-07.19-3-1024x576.jpg 1024w, https:\/\/sarimelekler.biz\/wp-content\/uploads\/2019\/07\/Ceren-R\u00f6portaj-07.19-3-300x169.jpg 300w, https:\/\/sarimelekler.biz\/wp-content\/uploads\/2019\/07\/Ceren-R\u00f6portaj-07.19-3-768x432.jpg 768w, https:\/\/sarimelekler.biz\/wp-content\/uploads\/2019\/07\/Ceren-R\u00f6portaj-07.19-3-150x84.jpg 150w, https:\/\/sarimelekler.biz\/wp-content\/uploads\/2019\/07\/Ceren-R\u00f6portaj-07.19-3-800x450.jpg 800w, https:\/\/sarimelekler.biz\/wp-content\/uploads\/2019\/07\/Ceren-R\u00f6portaj-07.19-3.jpg 1200w\" sizes=\"auto, (max-width: 860px) 100vw, 860px\" data-attachment-id=\"11377\" data-permalink=\"https:\/\/sarimelekler.biz\/?attachment_id=11377\" data-orig-file=\"https:\/\/sarimelekler.biz\/wp-content\/uploads\/2019\/07\/Ceren-R\u00f6portaj-07.19-3.jpg\" data-orig-size=\"1200,675\" data-comments-opened=\"0\" data-image-meta=\"{&quot;aperture&quot;:&quot;6.3&quot;,&quot;credit&quot;:&quot;&quot;,&quot;camera&quot;:&quot;Canon EOS-1D X&quot;,&quot;caption&quot;:&quot;&quot;,&quot;created_timestamp&quot;:&quot;1561637643&quot;,&quot;copyright&quot;:&quot;&quot;,&quot;focal_length&quot;:&quot;70&quot;,&quot;iso&quot;:&quot;200&quot;,&quot;shutter_speed&quot;:&quot;0.004&quot;,&quot;title&quot;:&quot;&quot;,&quot;orientation&quot;:&quot;1&quot;}\" data-image-title=\"Ceren R\u00f6portaj 07.19 (3)\" data-image-description=\"\" data-image-caption=\"\" data-large-file=\"https:\/\/sarimelekler.biz\/wp-content\/uploads\/2019\/07\/Ceren-R\u00f6portaj-07.19-3-1024x576.jpg\" \/><\/a>\n\t\t\t<\/dt><\/dl><br style=\"clear: both\" \/>\n\t\t<\/div>\n\n<p style=\"text-align: right;\">01.07.2019<\/p>\n<p>Kaynak:&nbsp;<a href=\"https:\/\/www.fenerbahce.org\/haberler\/voleybol-kadin\/2019\/7\/ceren-kestirengoz-her-zaman-hayalini-kurdugum-yerdeyim\" target=\"_blank\" rel=\"noopener\">Fenerbah\u00e7e SK Resmi \u0130nternet Sitesi<\/a><\/p>\n","protected":false},"excerpt":{"rendered":"<p>Yeni Transferimiz Ceren Kestireng\u00f6z Kul\u00fcb\u00fcm\u00fcz\u00fcn Resmi internet sitesine aya\u011f\u0131n\u0131n tozuyla \u2026 <a class=\"continue-reading-link\" href=\"https:\/\/sarimelekler.biz\/?p=11374\">Okumaya Devam Et.. <span class=\"meta-nav\">&rarr; <\/span><\/a><\/p>\n","protected":false},"author":1,"featured_media":11377,"comment_status":"closed","ping_status":"open","sticky":false,"template":"","format":"standard","meta":{"jetpack_post_was_ever_published":false,"_jetpack_newsletter_access":"","_jetpack_dont_email_post_to_subs":false,"_jetpack_newsletter_tier_id":0,"_jetpack_memberships_contains_paywalled_content":false,"_jetpack_memberships_contains_paid_content":false,"footnotes":"","jetpack_publicize_message":"","jetpack_publicize_feature_enabled":true,"jetpack_social_post_already_shared":true,"jetpack_social_options":{"image_generator_settings":{"template":"highway","default_image_id":0,"font":"","enabled":false},"version":2}},"categories":[17],"tags":[],"class_list":["post-11374","post","type-post","status-publish","format-standard","has-post-thumbnail","hentry","category-resmi-site-roportajlari"],"jetpack_publicize_connections":[],"jetpack_featured_media_url":"https:\/\/sarimelekler.biz\/wp-content\/uploads\/2019\/07\/Ceren-R\u00f6portaj-07.19-3.jpg","jetpack_sharing_enabled":true,"jetpack_shortlink":"https:\/\/wp.me\/p8npUZ-2Xs","jetpack-related-posts":[{"id":11371,"url":"https:\/\/sarimelekler.biz\/?p=11371","url_meta":{"origin":11374,"position":0},"title":"Son Sar\u0131 Melek Ceren Kestireng\u00f6z oldu.","author":"Edit\u00f6r","date":"1 Temmuz 2019","format":false,"excerpt":"Kul\u00fcb\u00fcm\u00fcz yeni sezon \u00e7al\u0131\u015fmalar\u0131 kapsam\u0131nda pas\u00f6r \u00e7apraz\u0131 mevkiinde oynayan Ceren Kestireng\u00f6z ile s\u00f6zle\u015fme imzalad\u0131. 19.07.1993 do\u011fumlu, 194 cm uzunlu\u011fundaki Ceren Kestireng\u00f6z ge\u00e7ti\u011fimiz sezon Be\u015fikta\u015f\u2019ta yer al\u0131rken \u015eubat ay\u0131nda ge\u00e7irdi\u011fi sakatl\u0131k nedeniyle sezonu kapatm\u0131\u015ft\u0131. Sakatl\u0131\u011f\u0131n\u0131 tamamen atlatan Ceren Kestireng\u00f6z A Milli tak\u0131m\u0131m\u0131zda da yer almakta. Uzun Y\u0131llar Ailemizin bir \u00fcyesi olmas\u0131\u2026","rel":"","context":"&quot;Transfer Haberleri&quot; i\u00e7inde","block_context":{"text":"Transfer Haberleri","link":"https:\/\/sarimelekler.biz\/?cat=23"},"img":{"alt_text":"","src":"https:\/\/i0.wp.com\/sarimelekler.biz\/wp-content\/uploads\/2019\/07\/Ceren-Kestireng%C3%B6z.jpg?resize=350%2C200&ssl=1","width":350,"height":200,"srcset":"https:\/\/i0.wp.com\/sarimelekler.biz\/wp-content\/uploads\/2019\/07\/Ceren-Kestireng%C3%B6z.jpg?resize=350%2C200&ssl=1 1x, https:\/\/i0.wp.com\/sarimelekler.biz\/wp-content\/uploads\/2019\/07\/Ceren-Kestireng%C3%B6z.jpg?resize=525%2C300&ssl=1 1.5x, https:\/\/i0.wp.com\/sarimelekler.biz\/wp-content\/uploads\/2019\/07\/Ceren-Kestireng%C3%B6z.jpg?resize=700%2C400&ssl=1 2x, https:\/\/i0.wp.com\/sarimelekler.biz\/wp-content\/uploads\/2019\/07\/Ceren-Kestireng%C3%B6z.jpg?resize=1050%2C600&ssl=1 3x, https:\/\/i0.wp.com\/sarimelekler.biz\/wp-content\/uploads\/2019\/07\/Ceren-Kestireng%C3%B6z.jpg?resize=1400%2C800&ssl=1 4x"},"classes":[]},{"id":11405,"url":"https:\/\/sarimelekler.biz\/?p=11405","url_meta":{"origin":11374,"position":1},"title":"Sar\u0131 Melekler  yeni sezon \u00e7al\u0131\u015fmalar\u0131na ba\u015flad\u0131.","author":"Edit\u00f6r","date":"15 A\u011fustos 2019","format":false,"excerpt":"Kad\u0131n Voleybol Tak\u0131m\u0131m\u0131z Fenerbah\u00e7e Opet \u00a02019-2020 sezonu ilk antrenman\u0131n\u0131 Derea\u011fz\u0131 Lefter K\u00fc\u00e7\u00fckandonyadis Tesisleri\u2019nde ger\u00e7ekle\u015ftirdi. S\u0131rbistan milli tak\u0131m\u0131n\u0131 \u00e7al\u0131\u015ft\u0131ran Ba\u015fantren\u00f6r Zoran Terzic'in yoklu\u011funda yard\u0131mc\u0131s\u0131 Salih Tavac\u0131 y\u00f6netiminde ger\u00e7ekle\u015ftirilen \u00e7al\u0131\u015fmaya milli oyuncular kaptan Eda Erdem D\u00fcndar, Naz Aydemir Akyol, Fatma Y\u0131ld\u0131r\u0131m, Aylin Sar\u0131o\u011flu, Kelsey Robinson ve Brankica Mihajlovic kat\u0131lmad\u0131. Yakla\u015f\u0131k 1 bu\u00e7uk\u2026","rel":"","context":"&quot;Haberler&quot; i\u00e7inde","block_context":{"text":"Haberler","link":"https:\/\/sarimelekler.biz\/?cat=7"},"img":{"alt_text":"","src":"https:\/\/i0.wp.com\/sarimelekler.biz\/wp-content\/uploads\/2019\/08\/19-20-Sezon-A%C3%A7%C4%B1l%C4%B1%C5%9F%C4%B1-13.jpg?resize=350%2C200&ssl=1","width":350,"height":200,"srcset":"https:\/\/i0.wp.com\/sarimelekler.biz\/wp-content\/uploads\/2019\/08\/19-20-Sezon-A%C3%A7%C4%B1l%C4%B1%C5%9F%C4%B1-13.jpg?resize=350%2C200&ssl=1 1x, https:\/\/i0.wp.com\/sarimelekler.biz\/wp-content\/uploads\/2019\/08\/19-20-Sezon-A%C3%A7%C4%B1l%C4%B1%C5%9F%C4%B1-13.jpg?resize=525%2C300&ssl=1 1.5x, https:\/\/i0.wp.com\/sarimelekler.biz\/wp-content\/uploads\/2019\/08\/19-20-Sezon-A%C3%A7%C4%B1l%C4%B1%C5%9F%C4%B1-13.jpg?resize=700%2C400&ssl=1 2x, https:\/\/i0.wp.com\/sarimelekler.biz\/wp-content\/uploads\/2019\/08\/19-20-Sezon-A%C3%A7%C4%B1l%C4%B1%C5%9F%C4%B1-13.jpg?resize=1050%2C600&ssl=1 3x, https:\/\/i0.wp.com\/sarimelekler.biz\/wp-content\/uploads\/2019\/08\/19-20-Sezon-A%C3%A7%C4%B1l%C4%B1%C5%9F%C4%B1-13.jpg?resize=1400%2C800&ssl=1 4x"},"classes":[]},{"id":6589,"url":"https:\/\/sarimelekler.biz\/?p=6589","url_meta":{"origin":11374,"position":2},"title":"S\u0131la \u00c7al\u0131\u015fkan: \u201c\u00c7ocukluk hayalim ger\u00e7ek oldu\u201d","author":"Edit\u00f6r","date":"2 A\u011fustos 2018","format":false,"excerpt":"Fenerbah\u00e7e Bayan Voleybol Tak\u0131m\u0131m\u0131z\u0131n yeni transferi S\u0131la \u00c7al\u0131\u015fkan ile Fenerbah\u00e7e Dergisi\u2019nin A\u011fustos 2018 say\u0131s\u0131nda bir r\u00f6portaj ger\u00e7ekle\u015ftirildi. R\u00f6portaj\u0131n Resmi Sitemizden Yay\u0131nlanan B\u00f6l\u00fcm\u00fc: S\u0131la \u00c7al\u0131\u015fkan: \u201c\u00c7ocukluk hayalim ger\u00e7ek oldu\u201d S\u0131la \u00c7al\u0131\u015fkan ismini \u00f6zellikle de son d\u00f6nemde duymayan\u0131m\u0131z yoktur; peki, kendisinin \u00e7ok pozitif, iyi bir yabanc\u0131 dizi izleyicisi, tam bir tatl\u0131 sevdal\u0131s\u0131\u2026","rel":"","context":"&quot;Dergi R\u00f6portajlar\u0131&quot; i\u00e7inde","block_context":{"text":"Dergi R\u00f6portajlar\u0131","link":"https:\/\/sarimelekler.biz\/?cat=15"},"img":{"alt_text":"","src":"https:\/\/i0.wp.com\/sarimelekler.biz\/wp-content\/uploads\/2018\/08\/de6p3591_61178_5696924.jpg?resize=350%2C200&ssl=1","width":350,"height":200,"srcset":"https:\/\/i0.wp.com\/sarimelekler.biz\/wp-content\/uploads\/2018\/08\/de6p3591_61178_5696924.jpg?resize=350%2C200&ssl=1 1x, https:\/\/i0.wp.com\/sarimelekler.biz\/wp-content\/uploads\/2018\/08\/de6p3591_61178_5696924.jpg?resize=525%2C300&ssl=1 1.5x, https:\/\/i0.wp.com\/sarimelekler.biz\/wp-content\/uploads\/2018\/08\/de6p3591_61178_5696924.jpg?resize=700%2C400&ssl=1 2x, https:\/\/i0.wp.com\/sarimelekler.biz\/wp-content\/uploads\/2018\/08\/de6p3591_61178_5696924.jpg?resize=1050%2C600&ssl=1 3x, https:\/\/i0.wp.com\/sarimelekler.biz\/wp-content\/uploads\/2018\/08\/de6p3591_61178_5696924.jpg?resize=1400%2C800&ssl=1 4x"},"classes":[]},{"id":15743,"url":"https:\/\/sarimelekler.biz\/?p=15743","url_meta":{"origin":11374,"position":3},"title":"Be\u015f Oyuncumuz Tak\u0131m\u0131m\u0131zdan Ayr\u0131ld\u0131","author":"Edit\u00f6r","date":"27 Nisan 2021","format":false,"excerpt":"Kul\u00fcb\u00fcm\u00fcz Fenerbah\u00e7e Opet Kad\u0131n Voleybol tak\u0131m\u0131m\u0131z\u0131n orta oyuncusu Bahar Toksoy Guidetti, liberosu Aylin Sar\u0131o\u011flu, pas\u00f6r \u00e7apraz\u0131 Ceren Kestireng\u00f6z ve sma\u00e7\u00f6rleri Brankica Mihajlovic ile Bianka Busa ile s\u00f6zle\u015fme yenilenmedi\u011fini resmi sitesinden yapt\u0131\u011f\u0131 a\u00e7\u0131klamayla duyurdu. Ge\u00e7ti\u011fimiz g\u00fcnlerde Vargas\u2019\u0131n da ayr\u0131ld\u0131\u011f\u0131n\u0131 a\u00e7\u0131klayan kul\u00fcb\u00fcm\u00fczde, tak\u0131m\u0131m\u0131zdan ayr\u0131lan oyuncu say\u0131s\u0131 b\u00f6ylelikle alt\u0131 oldu. Oyuncular\u0131m\u0131za emekleri i\u00e7in\u2026","rel":"","context":"&quot;Transfer Haberleri&quot; i\u00e7inde","block_context":{"text":"Transfer Haberleri","link":"https:\/\/sarimelekler.biz\/?cat=23"},"img":{"alt_text":"","src":"https:\/\/i0.wp.com\/sarimelekler.biz\/wp-content\/uploads\/2021\/03\/31-20-21-22.jpg?resize=350%2C200&ssl=1","width":350,"height":200,"srcset":"https:\/\/i0.wp.com\/sarimelekler.biz\/wp-content\/uploads\/2021\/03\/31-20-21-22.jpg?resize=350%2C200&ssl=1 1x, https:\/\/i0.wp.com\/sarimelekler.biz\/wp-content\/uploads\/2021\/03\/31-20-21-22.jpg?resize=525%2C300&ssl=1 1.5x, https:\/\/i0.wp.com\/sarimelekler.biz\/wp-content\/uploads\/2021\/03\/31-20-21-22.jpg?resize=700%2C400&ssl=1 2x, https:\/\/i0.wp.com\/sarimelekler.biz\/wp-content\/uploads\/2021\/03\/31-20-21-22.jpg?resize=1050%2C600&ssl=1 3x, https:\/\/i0.wp.com\/sarimelekler.biz\/wp-content\/uploads\/2021\/03\/31-20-21-22.jpg?resize=1400%2C800&ssl=1 4x"},"classes":[]},{"id":6527,"url":"https:\/\/sarimelekler.biz\/?p=6527","url_meta":{"origin":11374,"position":4},"title":"Fatma Y\u0131ld\u0131r\u0131m: &#8220;\u00d6nemli hedefleri olan bir camian\u0131n par\u00e7as\u0131 olmak gurur verici&#8221;","author":"Edit\u00f6r","date":"4 Temmuz 2018","format":false,"excerpt":"Fenerbah\u00e7e Bayan Voleybol Tak\u0131m\u0131m\u0131z\u0131n yeni transferi Fatma Y\u0131ld\u0131r\u0131m, Fenerbah\u00e7e Spor Kul\u00fcb\u00fcm\u00fcz\u00fcn Resmi \u0130nternet Sitesine a\u00e7\u0131klamalarda bulundu. Fenerbah\u00e7e gibi b\u00fcy\u00fck hedefleri olan, b\u00fcy\u00fck bir camian\u0131n par\u00e7as\u0131 olmaktan dolay\u0131 duydu\u011fu gururu dile getiren Fatma Y\u0131ld\u0131r\u0131m; tak\u0131m\u0131m\u0131z\u0131n bu sezon t\u00fcm kupalara talip oldu\u011funu da s\u00f6yledi. \u00d6nemli hedefleri olan bir camiaya geldi\u011fi i\u00e7in mutlu\u2026","rel":"","context":"&quot;Resmi Site R\u00f6portajlar\u0131&quot; i\u00e7inde","block_context":{"text":"Resmi Site R\u00f6portajlar\u0131","link":"https:\/\/sarimelekler.biz\/?cat=17"},"img":{"alt_text":"","src":"https:\/\/i0.wp.com\/sarimelekler.biz\/wp-content\/uploads\/2018\/07\/Fatma-Y%C4%B1ld%C4%B1r%C4%B1m-3.jpg?resize=350%2C200&ssl=1","width":350,"height":200,"srcset":"https:\/\/i0.wp.com\/sarimelekler.biz\/wp-content\/uploads\/2018\/07\/Fatma-Y%C4%B1ld%C4%B1r%C4%B1m-3.jpg?resize=350%2C200&ssl=1 1x, https:\/\/i0.wp.com\/sarimelekler.biz\/wp-content\/uploads\/2018\/07\/Fatma-Y%C4%B1ld%C4%B1r%C4%B1m-3.jpg?resize=525%2C300&ssl=1 1.5x, https:\/\/i0.wp.com\/sarimelekler.biz\/wp-content\/uploads\/2018\/07\/Fatma-Y%C4%B1ld%C4%B1r%C4%B1m-3.jpg?resize=700%2C400&ssl=1 2x, https:\/\/i0.wp.com\/sarimelekler.biz\/wp-content\/uploads\/2018\/07\/Fatma-Y%C4%B1ld%C4%B1r%C4%B1m-3.jpg?resize=1050%2C600&ssl=1 3x, https:\/\/i0.wp.com\/sarimelekler.biz\/wp-content\/uploads\/2018\/07\/Fatma-Y%C4%B1ld%C4%B1r%C4%B1m-3.jpg?resize=1400%2C800&ssl=1 4x"},"classes":[]},{"id":11941,"url":"https:\/\/sarimelekler.biz\/?p=11941","url_meta":{"origin":11374,"position":5},"title":"Sar\u0131 Melekler WinWin Kampanyas\u0131 Kapsam\u0131nda Cem Y\u0131lmaz G\u00f6sterisine Kat\u0131ld\u0131.","author":"Edit\u00f6r","date":"11 Ekim 2019","format":false,"excerpt":"Fener Ol kampanyas\u0131 kapsam\u0131nda hayata ge\u00e7irilen WinWin projesinde yer alan Cem Y\u0131lmaz g\u00f6sterisinde Fenerbah\u00e7e ailesi bir araya geldi. 1907 ki\u015filik g\u00f6steride Fenerbah\u00e7e ailesinin bir\u00e7ok ferdi g\u00f6steriyi izleyenler aras\u0131nda yer ald\u0131. Fenerbah\u00e7e\u2019nin mali ba\u011f\u0131ms\u0131zl\u0131\u011f\u0131na kavu\u015fmak i\u00e7in at\u0131lan en \u00f6nemli ad\u0131mlardan biri olarak Nisan ay\u0131nda ba\u015flat\u0131lan ve devam eden Fener Ol kampanyas\u0131n\u0131n\u2026","rel":"","context":"&quot;Haberler&quot; i\u00e7inde","block_context":{"text":"Haberler","link":"https:\/\/sarimelekler.biz\/?cat=7"},"img":{"alt_text":"","src":"https:\/\/i0.wp.com\/sarimelekler.biz\/wp-content\/uploads\/2019\/10\/1.jpg?resize=350%2C200&ssl=1","width":350,"height":200,"srcset":"https:\/\/i0.wp.com\/sarimelekler.biz\/wp-content\/uploads\/2019\/10\/1.jpg?resize=350%2C200&ssl=1 1x, https:\/\/i0.wp.com\/sarimelekler.biz\/wp-content\/uploads\/2019\/10\/1.jpg?resize=525%2C300&ssl=1 1.5x, https:\/\/i0.wp.com\/sarimelekler.biz\/wp-content\/uploads\/2019\/10\/1.jpg?resize=700%2C400&ssl=1 2x, https:\/\/i0.wp.com\/sarimelekler.biz\/wp-content\/uploads\/2019\/10\/1.jpg?resize=1050%2C600&ssl=1 3x, https:\/\/i0.wp.com\/sarimelekler.biz\/wp-content\/uploads\/2019\/10\/1.jpg?resize=1400%2C800&ssl=1 4x"},"classes":[]}],"_links":{"self":[{"href":"https:\/\/sarimelekler.biz\/index.php?rest_route=\/wp\/v2\/posts\/11374","targetHints":{"allow":["GET"]}}],"collection":[{"href":"https:\/\/sarimelekler.biz\/index.php?rest_route=\/wp\/v2\/posts"}],"about":[{"href":"https:\/\/sarimelekler.biz\/index.php?rest_route=\/wp\/v2\/types\/post"}],"author":[{"embeddable":true,"href":"https:\/\/sarimelekler.biz\/index.php?rest_route=\/wp\/v2\/users\/1"}],"replies":[{"embeddable":true,"href":"https:\/\/sarimelekler.biz\/index.php?rest_route=%2Fwp%2Fv2%2Fcomments&post=11374"}],"version-history":[{"count":3,"href":"https:\/\/sarimelekler.biz\/index.php?rest_route=\/wp\/v2\/posts\/11374\/revisions"}],"predecessor-version":[{"id":17480,"href":"https:\/\/sarimelekler.biz\/index.php?rest_route=\/wp\/v2\/posts\/11374\/revisions\/17480"}],"wp:featuredmedia":[{"embeddable":true,"href":"https:\/\/sarimelekler.biz\/index.php?rest_route=\/wp\/v2\/media\/11377"}],"wp:attachment":[{"href":"https:\/\/sarimelekler.biz\/index.php?rest_route=%2Fwp%2Fv2%2Fmedia&parent=11374"}],"wp:term":[{"taxonomy":"category","embeddable":true,"href":"https:\/\/sarimelekler.biz\/index.php?rest_route=%2Fwp%2Fv2%2Fcategories&post=11374"},{"taxonomy":"post_tag","embeddable":true,"href":"https:\/\/sarimelekler.biz\/index.php?rest_route=%2Fwp%2Fv2%2Ftags&post=11374"}],"curies":[{"name":"wp","href":"https:\/\/api.w.org\/{rel}","templated":true}]}}