{"id":11383,"date":"2019-07-12T22:09:56","date_gmt":"2019-07-12T19:09:56","guid":{"rendered":"http:\/\/sarimelekler.biz\/?p=11383"},"modified":"2019-07-14T15:33:23","modified_gmt":"2019-07-14T12:33:23","slug":"eda-erdem-yeni-sezonda-her-kulvarda-sampiyonuz","status":"publish","type":"post","link":"https:\/\/sarimelekler.biz\/?p=11383","title":{"rendered":"Eda Erdem: Yeni Sezonda Her Kulvarda \u015eampiyonuz!"},"content":{"rendered":"<p style=\"text-align: justify;\">Fenerbah\u00e7e Opet Voleybol tak\u0131m\u0131m\u0131z\u0131n kaptan\u0131 Eda Erdem D\u00fcndar H\u00fcrriyet\u2019e bir r\u00f6portaj verdi.<\/p>\n<p style=\"text-align: justify;\">11 y\u0131ld\u0131r oynad\u0131\u011f\u0131 voleybol tak\u0131m\u0131n\u0131n rakiplerle aralar\u0131ndaki kadro derinli\u011fi fark\u0131ndan dolay\u0131 lig ve Avrupa\u2019da hedefine ula\u015famad\u0131\u011f\u0131n\u0131 s\u00f6yleyen Eda Erdem, \u201cAmac\u0131m\u0131z \u015eampiyonluk. Futbolda Ersun Yanal, basketbolda da Obradovic ile \u015fampiyonlu\u011fa ula\u015faca\u011f\u0131z\u201d dedi.<\/p>\n<p style=\"text-align: justify;\">Eda Erdem D\u00fcndar, Fenerbah\u00e7e Opet Kad\u0131n Voleybol Tak\u0131m\u0131\u2019n\u0131n sembol ismi&#8230; 11 y\u0131ld\u0131r ta\u015f\u0131d\u0131\u011f\u0131 sar\u0131 lacivertli forma ile bir \u00e7ok ba\u015far\u0131ya imza atan Eda, H\u00dcRR\u0130YET\u2019e \u00e7ok \u00f6zel a\u00e7\u0131klamalar yaparken, yeni sezona, voleybol ba\u015fta olmak \u00fczere t\u00fcm kulvarlarda iddial\u0131 haz\u0131rland\u0131klar\u0131n\u0131 s\u00f6yledi. Eda\u2019n\u0131n sorular\u0131m\u0131za yan\u0131tlar\u0131 \u015f\u00f6yle:<\/p>\n<p style=\"text-align: justify;\">\u201c2008\u2019de Fenerbah\u00e7e\u2019den transfer teklifi geldi\u011finde, hi\u00e7 d\u00fc\u015f\u00fcnmeden karar vermemde Fenerbah\u00e7e taraftar\u0131 olmam\u0131n etkisi \u00e7ok b\u00fcy\u00fckt\u00fc. Ama kariyerimin devam\u0131nda taraftarlarla aram\u0131zda olu\u015fan \u00f6zel ba\u011f ve etkile\u015fim, iyi g\u00fcnde de k\u00f6t\u00fc g\u00fcnde de beni kul\u00fcb\u00fcme daha fazla ba\u011flad\u0131.\u201d<\/p>\n<p style=\"text-align: justify;\">\n<p style=\"text-align: justify;\"><strong>3.\u2019L\u00dcK BA\u015eARISIZLIKSA&#8230;<\/strong><\/p>\n<p style=\"text-align: justify;\">\u201cGe\u00e7ti\u011fimiz sezonda Avrupa\u2019da ve ligde 3. olduk. Ba\u015far\u0131l\u0131 olan tak\u0131mlar ile aram\u0131zdaki en b\u00fcy\u00fck fark kadro derinli\u011fiydi. Rakiplerimiz, \u00f6zellikle T\u00fcrkiye\u2019de b\u00fct\u00e7e fark\u0131ndan dolay\u0131 daha geni\u015f kadrolara sahipler. Yine de kendi ad\u0131m\u0131za g\u00fczel bir m\u00fccadele verdi\u011fimizi d\u00fc\u015f\u00fcn\u00fcyorum. \u015eampiyonlar Ligi\u2019nde 3.\u2019l\u00fc\u011f\u00fcn ba\u015far\u0131s\u0131zl\u0131k say\u0131lmas\u0131 da T\u00fcrk voleybolunun geldi\u011fi noktay\u0131 anlamak a\u00e7\u0131s\u0131ndan \u00f6nemli. Bu y\u0131l hedefimiz her zaman oldu\u011fu gibi yine \u015fampiyonluk. Tak\u0131mda \u00f6nemli de\u011fi\u015fiklikler oldu. Bu sene daha iyi bir kadroya sahip oldu\u011fumuzu ve yeni transferlerimizin bizi bir ad\u0131m daha ileriye ta\u015f\u0131yaca\u011f\u0131n\u0131 d\u00fc\u015f\u00fcn\u00fcyorum.\u201d<\/p>\n<p style=\"text-align: justify;\">\n<p style=\"text-align: justify;\"><strong>GET\u0130R\u0130S\u0130 AZ, GURURU B\u00dcY\u00dcK<\/strong><\/p>\n<p style=\"text-align: justify;\">\u201cGe\u00e7t\u0131\u011f\u0131m\u0131z sezonda CEV \u015eampiyonlar Ligi\u2019nde ve Sultanlar Ligi\u2019nde 3. olduk. Bas\u0327ar\u0131l\u0131 olan tak\u0131mlar ile aram\u0131zdaki en bu\u0308yu\u0308k fark kadro derinlig\u0306iydi. Rakiplerimiz, o\u0308zellikle Tu\u0308rkiye\u2019de bu\u0308tc\u0327e fark\u0131ndan dolay\u0131 daha genis\u0327 kadrolara sahipler. Yine de gu\u0308zel bir mu\u0308cadele verdik. Amat\u00f6r \u015fubeler maddi getiri sa\u011flamasa da pek \u00e7ok manevi getirisi oldu\u011funu d\u00fc\u015f\u00fcn\u00fcyorum. Fenerbah\u00e7e \u00f6zelinde bakarsak; 2012\u2019de kul\u00fcb\u00fcm\u00fcz\u00fcn en zor g\u00fcnlerinde Sar\u0131 Melekler\u2019in kazand\u0131\u011f\u0131 \u015eampiyonlar Ligi, erkek basketbol tak\u0131m\u0131m\u0131z\u0131n Euroleague \u015fampiyonlu\u011fu ve Ramil Guliyev\u2019in bizi gururland\u0131ran madalyalar\u0131n\u0131 nas\u0131l unuturuz.\u201d<\/p>\n<p style=\"text-align: justify;\">\n<p style=\"text-align: justify;\"><strong>AYAKTA ALKI\u015eLANMALI<\/strong><\/p>\n<p style=\"text-align: justify;\">\u201cFutbolda ge\u00e7en sezon tak\u0131m\u0131m\u0131z sahip olmas\u0131 gereken Fenerbah\u00e7e karakterini bir t\u00fcrl\u00fc bulamad\u0131. Teknik direkt\u00f6r\u00fcm\u00fcz Ersun Yanal ile tekrar Fenerbah\u00e7e karakteri yarat\u0131ld\u0131 ve tak\u0131ma yeniden kazanma duygusu kazand\u0131r\u0131ld\u0131. \u00d6n\u00fcm\u00fczdeki sezon bizi g\u00fczel bir tak\u0131m, iyi futbol bekliyor. Elbette \u015fampiyon olaca\u011f\u0131z. Basketbol tak\u0131m\u0131m\u0131z da bizim i\u00e7in d\u00fcnyan\u0131n en g\u00fczel tak\u0131m\u0131 ve istikrarl\u0131 bir \u015fekilde y\u0131llard\u0131r bizi gururland\u0131r\u0131yorlar. Bu y\u0131l herkesin bildi\u011fi gibi sezon sonu ya\u015fanan sakatl\u0131klar final serilerine damgas\u0131n\u0131 vurdu. Bu kadar fazla y\u0131ld\u0131z oyuncu eksi\u011fiyle g\u00f6sterilen her m\u00fccadele ayakta alk\u0131\u015flanmal\u0131.\u201d<\/p>\n<p style=\"text-align: justify;\"><strong>M\u00dcMK\u00dcN OLAN SON G\u00dcNE KADAR SAHADAYIM<\/strong><\/p>\n<p style=\"text-align: justify;\">Elbette ileride \u00e7ocuk sahibi olmak istiyorum fakat hayallerimi s\u00fcslemesi gibi bir duygu yo\u011funlu\u011funu hi\u00e7 hissetmedim. Bunda e\u015fim Erdem D\u00fcndar\u2019\u0131n da b\u00fcy\u00fck katk\u0131s\u0131 var. Daha voleybol bitecek, biraz da kendimize zaman ay\u0131raca\u011f\u0131z diyor. Ben de m\u00fcmk\u00fcn olan son g\u00fcne kadar sahada olmay\u0131, ba\u015far\u0131lar\u0131 tekrarlamay\u0131 ve bu duyguyu ya\u015famay\u0131 istiyorum. Bunlar\u0131 arzularken evde beni bekleyen bir ufakl\u0131k oldu\u011funda akl\u0131m\u0131n bir k\u00f6\u015fesi her zaman onunla me\u015fgul olaca\u011f\u0131 i\u00e7in bu duyguyu spordan sonraki hayat\u0131ma dair planlar\u0131ma sakl\u0131yorum.<\/p>\n<p style=\"text-align: justify;\">Eda, \u201cNe mutlu ki, toplumsal cinsiyet e\u015fitli\u011fi ile ilgili fark\u0131ndal\u0131k yaratmak amac\u0131yla ba\u015flat\u0131lan \u2018He For She\u2019 projesini sahiplenen bir kul\u00fcb\u00fcn sporcusuyum. \u2018Birlikte E\u015fitiz\u2019 diyerek hayata ge\u00e7en bu proje gurur verici\u201d dedi.<\/p>\n<p style=\"text-align: right;\">12.07.2019<\/p>\n<p>Kaynak: <a href=\"http:\/\/www.hurriyet.com.tr\/sporarena\/eda-erdem-her-kulvarda-sampiyonuz-41271419\" target=\"_blank\" rel=\"noopener\">H\u00fcrriyet &#8211; Spor Arena<\/a><\/p>\n","protected":false},"excerpt":{"rendered":"<p>Fenerbah\u00e7e Opet Voleybol tak\u0131m\u0131m\u0131z\u0131n kaptan\u0131 Eda Erdem D\u00fcndar H\u00fcrriyet\u2019e bir \u2026 <a class=\"continue-reading-link\" href=\"https:\/\/sarimelekler.biz\/?p=11383\">Okumaya Devam Et.. <span class=\"meta-nav\">&rarr; <\/span><\/a><\/p>\n","protected":false},"author":1,"featured_media":6433,"comment_status":"closed","ping_status":"open","sticky":false,"template":"","format":"standard","meta":{"jetpack_post_was_ever_published":false,"_jetpack_newsletter_access":"","_jetpack_dont_email_post_to_subs":false,"_jetpack_newsletter_tier_id":0,"_jetpack_memberships_contains_paywalled_content":false,"_jetpack_memberships_contains_paid_content":false,"footnotes":"","jetpack_publicize_message":"","jetpack_publicize_feature_enabled":true,"jetpack_social_post_already_shared":true,"jetpack_social_options":{"image_generator_settings":{"template":"highway","default_image_id":0,"font":"","enabled":false},"version":2}},"categories":[7],"tags":[],"class_list":["post-11383","post","type-post","status-publish","format-standard","has-post-thumbnail","hentry","category-haberler"],"jetpack_publicize_connections":[],"jetpack_featured_media_url":"https:\/\/sarimelekler.biz\/wp-content\/uploads\/2018\/06\/Eda-Kaptan.jpg","jetpack_sharing_enabled":true,"jetpack_shortlink":"https:\/\/wp.me\/p8npUZ-2XB","jetpack-related-posts":[{"id":9599,"url":"https:\/\/sarimelekler.biz\/?p=9599","url_meta":{"origin":11383,"position":0},"title":"Halkbank Ma\u00e7\u0131 Sonras\u0131 R\u00f6portajlar","author":"Edit\u00f6r","date":"24 Aral\u0131k 2018","format":false,"excerpt":"Kaptan\u0131m\u0131z Eda ve Ba\u015fantren\u00f6r\u00fcm\u00fcz Terzic bug\u00fcn oynanan Halkbank ma\u00e7\u0131 sonras\u0131 kul\u00fcb\u00fcm\u00fcz\u00fcn televizyon kanal\u0131na yapt\u0131\u011f\u0131 a\u00e7\u0131klamalar kul\u00fcb\u00fcm\u00fcz\u00fcn resmi internet sitesine yay\u0131nland\u0131. Eda Erdem D\u00fcndar: Keyif veren bir voleybol oynad\u0131k Fenerbah\u00e7e Opet Kad\u0131n Voleybol Tak\u0131m\u0131m\u0131z\u0131n kaptan\u0131 Eda Erdem D\u00fcndar, Halkbank kar\u015f\u0131s\u0131nda iyi servis att\u0131klar\u0131n\u0131 ve iyi savunma yapt\u0131klar\u0131n\u0131 s\u00f6yledi. Keyif veren bir\u2026","rel":"","context":"&quot;T\u00fcrkiye Ligi&quot; i\u00e7inde","block_context":{"text":"T\u00fcrkiye Ligi","link":"https:\/\/sarimelekler.biz\/?cat=6"},"img":{"alt_text":"","src":"https:\/\/i0.wp.com\/sarimelekler.biz\/wp-content\/uploads\/2018\/12\/Eda-11-18-19.jpg?resize=350%2C200&ssl=1","width":350,"height":200,"srcset":"https:\/\/i0.wp.com\/sarimelekler.biz\/wp-content\/uploads\/2018\/12\/Eda-11-18-19.jpg?resize=350%2C200&ssl=1 1x, https:\/\/i0.wp.com\/sarimelekler.biz\/wp-content\/uploads\/2018\/12\/Eda-11-18-19.jpg?resize=525%2C300&ssl=1 1.5x, https:\/\/i0.wp.com\/sarimelekler.biz\/wp-content\/uploads\/2018\/12\/Eda-11-18-19.jpg?resize=700%2C400&ssl=1 2x, https:\/\/i0.wp.com\/sarimelekler.biz\/wp-content\/uploads\/2018\/12\/Eda-11-18-19.jpg?resize=1050%2C600&ssl=1 3x"},"classes":[]},{"id":11915,"url":"https:\/\/sarimelekler.biz\/?p=11915","url_meta":{"origin":11383,"position":1},"title":"Fenerbah\u00e7e Voleybol Tak\u0131mlar\u0131m\u0131z\u0131n Yeni Sponsoru Fluo Oldu.","author":"Edit\u00f6r","date":"11 Ekim 2019","format":false,"excerpt":"Fenerbah\u00e7emiz ile ileri teknoloji, y\u00fcksek kalite ve yarat\u0131c\u0131l\u0131kla tasarlanm\u0131\u015f cihazlar\u0131n yeni markas\u0131 Fluo aras\u0131nda Fenerbah\u00e7e Opet Kad\u0131n Voleybol ve Fenerbah\u00e7e HDI Erkek Voleybol Tak\u0131mlar\u0131m\u0131z aras\u0131ndaki sponsorluk anla\u015fmas\u0131n\u0131n imza t\u00f6reni yap\u0131ld\u0131. Fluo, bu anla\u015fma do\u011frultusunda T\u00fcrkiye\u2019nin en b\u00fcy\u00fck spor kul\u00fcb\u00fc olan Fenerbah\u00e7emizin; Erkek Voleybol Tak\u0131m\u0131nda forma s\u0131rt, Kad\u0131n Voleybol Tak\u0131m\u0131nda ise\u2026","rel":"","context":"&quot;Haberler&quot; i\u00e7inde","block_context":{"text":"Haberler","link":"https:\/\/sarimelekler.biz\/?cat=7"},"img":{"alt_text":"","src":"https:\/\/i0.wp.com\/sarimelekler.biz\/wp-content\/uploads\/2019\/10\/Fluo-Sponsorlu%C4%9Fu-21.jpg?resize=350%2C200&ssl=1","width":350,"height":200,"srcset":"https:\/\/i0.wp.com\/sarimelekler.biz\/wp-content\/uploads\/2019\/10\/Fluo-Sponsorlu%C4%9Fu-21.jpg?resize=350%2C200&ssl=1 1x, https:\/\/i0.wp.com\/sarimelekler.biz\/wp-content\/uploads\/2019\/10\/Fluo-Sponsorlu%C4%9Fu-21.jpg?resize=525%2C300&ssl=1 1.5x, https:\/\/i0.wp.com\/sarimelekler.biz\/wp-content\/uploads\/2019\/10\/Fluo-Sponsorlu%C4%9Fu-21.jpg?resize=700%2C400&ssl=1 2x, https:\/\/i0.wp.com\/sarimelekler.biz\/wp-content\/uploads\/2019\/10\/Fluo-Sponsorlu%C4%9Fu-21.jpg?resize=1050%2C600&ssl=1 3x, https:\/\/i0.wp.com\/sarimelekler.biz\/wp-content\/uploads\/2019\/10\/Fluo-Sponsorlu%C4%9Fu-21.jpg?resize=1400%2C800&ssl=1 4x"},"classes":[]},{"id":11863,"url":"https:\/\/sarimelekler.biz\/?p=11863","url_meta":{"origin":11383,"position":2},"title":"Eda Erdem D\u00fcndar ile Brankica Mihajlovic R\u00fcya Tak\u0131ma se\u00e7ildi","author":"Edit\u00f6r","date":"21 Eyl\u00fcl 2019","format":false,"excerpt":"\u00dclkemizin de ev sahipli\u011fiyle d\u00f6rt \u00fclkenin ortakla\u015fa d\u00fczenledi\u011fi 2019 CEV Kad\u0131nlar Avrupa Voleybol \u015eampiyonas\u0131\u2019nda gurur verici bir ba\u015far\u0131ya imza atarak Avrupa ikincisi olan Milli Tak\u0131m\u0131m\u0131z\u0131n kaptan\u0131 Eda Erdem D\u00fcndar ile Fenerbah\u00e7e Opet Kad\u0131n Voleybol Tak\u0131m\u0131m\u0131z\u0131n yeni transferi S\u0131rp Brankica Mihajlovic, turnuvan\u0131n R\u00fcya Tak\u0131m\u0131\u2019nda yer ald\u0131. Avrupa Voleybol \u015eampiyonas\u0131 Final ma\u00e7\u0131ndan\u2026","rel":"","context":"&quot;Milli Tak\u0131m&quot; i\u00e7inde","block_context":{"text":"Milli Tak\u0131m","link":"https:\/\/sarimelekler.biz\/?cat=19"},"img":{"alt_text":"","src":"https:\/\/i0.wp.com\/sarimelekler.biz\/wp-content\/uploads\/2019\/09\/Eda-Brankica.jpg?resize=350%2C200&ssl=1","width":350,"height":200,"srcset":"https:\/\/i0.wp.com\/sarimelekler.biz\/wp-content\/uploads\/2019\/09\/Eda-Brankica.jpg?resize=350%2C200&ssl=1 1x, https:\/\/i0.wp.com\/sarimelekler.biz\/wp-content\/uploads\/2019\/09\/Eda-Brankica.jpg?resize=525%2C300&ssl=1 1.5x, https:\/\/i0.wp.com\/sarimelekler.biz\/wp-content\/uploads\/2019\/09\/Eda-Brankica.jpg?resize=700%2C400&ssl=1 2x, https:\/\/i0.wp.com\/sarimelekler.biz\/wp-content\/uploads\/2019\/09\/Eda-Brankica.jpg?resize=1050%2C600&ssl=1 3x"},"classes":[]},{"id":17629,"url":"https:\/\/sarimelekler.biz\/?p=17629","url_meta":{"origin":11383,"position":3},"title":"Kaptan\u0131m\u0131z Eda Erdem D\u00fcndar\u2019a B\u00fcy\u00fck Onur","author":"Edit\u00f6r","date":"30 Mart 2022","format":false,"excerpt":"Fenerbah\u00e7e Opet Kad\u0131n Voleybol Tak\u0131m\u0131m\u0131z\u0131n ve A Milli Kad\u0131n Voleybol Tak\u0131m\u0131m\u0131z\u0131n kaptan\u0131 Eda Erdem D\u00fcndar, T\u00fcrkiye Milli Olimpiyat Komitesi (TMOK) taraf\u0131ndan \u00f6nemli bir g\u00f6reve lay\u0131k g\u00f6r\u00fcld\u00fc. Fenerbah\u00e7e ve milli tak\u0131m formas\u0131yla \u00e7ok say\u0131da \u00f6nemli ba\u015far\u0131ya imza atan kaptan Eda Erdem D\u00fcndar TMOK Sporcu Komisyonu Ba\u015fkanl\u0131\u011f\u0131na se\u00e7ildi. Eda Erdem, ayn\u0131 zamanda\u2026","rel":"","context":"&quot;Haberler&quot; i\u00e7inde","block_context":{"text":"Haberler","link":"https:\/\/sarimelekler.biz\/?cat=7"},"img":{"alt_text":"","src":"https:\/\/i0.wp.com\/sarimelekler.biz\/wp-content\/uploads\/2019\/09\/Eda-CLw-14.jpg?resize=350%2C200&ssl=1","width":350,"height":200,"srcset":"https:\/\/i0.wp.com\/sarimelekler.biz\/wp-content\/uploads\/2019\/09\/Eda-CLw-14.jpg?resize=350%2C200&ssl=1 1x, https:\/\/i0.wp.com\/sarimelekler.biz\/wp-content\/uploads\/2019\/09\/Eda-CLw-14.jpg?resize=525%2C300&ssl=1 1.5x, https:\/\/i0.wp.com\/sarimelekler.biz\/wp-content\/uploads\/2019\/09\/Eda-CLw-14.jpg?resize=700%2C400&ssl=1 2x, https:\/\/i0.wp.com\/sarimelekler.biz\/wp-content\/uploads\/2019\/09\/Eda-CLw-14.jpg?resize=1050%2C600&ssl=1 3x, https:\/\/i0.wp.com\/sarimelekler.biz\/wp-content\/uploads\/2019\/09\/Eda-CLw-14.jpg?resize=1400%2C800&ssl=1 4x"},"classes":[]},{"id":17711,"url":"https:\/\/sarimelekler.biz\/?p=17711","url_meta":{"origin":11383,"position":4},"title":"AXA Sigorta Kupa Voley Final Etab\u0131\u2019n\u0131n Bas\u0131n Toplant\u0131s\u0131 Yap\u0131ld\u0131","author":"Edit\u00f6r","date":"14 Nisan 2022","format":false,"excerpt":"2021-2022 voleybol sezonu Kad\u0131nlar AXA Sigorta Kupa Voley Final Etab\u0131\u2019n\u0131n bas\u0131n toplant\u0131s\u0131, Ankara Volley Hotel\u2019de bulunan toplant\u0131 salonunda ger\u00e7ekle\u015fti. Toplant\u0131ya; T\u00fcrkiye Voleybol Federasyonu (TVF) Ba\u015fkan\u0131 Liglerden Sorumlu Asba\u015fkan\u0131 Ahmet G\u00f6ksu, AXA Sigorta Sat\u0131\u015f ve Pazarlama Ba\u015fkan\u0131 ve \u0130cra Kurulu \u00dcyesi Firuzan \u0130\u015fcan, Fenerbah\u00e7e Opet Tak\u0131m Kaptan\u0131 Eda Erdem D\u00fcndar, Ezcac\u0131ba\u015f\u0131\u2026","rel":"","context":"&quot;T\u00fcrkiye Ligi&quot; i\u00e7inde","block_context":{"text":"T\u00fcrkiye Ligi","link":"https:\/\/sarimelekler.biz\/?cat=6"},"img":{"alt_text":"","src":"https:\/\/i0.wp.com\/sarimelekler.biz\/wp-content\/uploads\/2022\/04\/Tr-Kupasi-Basin-Toplantisi-21-22-5.jpg?resize=350%2C200&ssl=1","width":350,"height":200,"srcset":"https:\/\/i0.wp.com\/sarimelekler.biz\/wp-content\/uploads\/2022\/04\/Tr-Kupasi-Basin-Toplantisi-21-22-5.jpg?resize=350%2C200&ssl=1 1x, https:\/\/i0.wp.com\/sarimelekler.biz\/wp-content\/uploads\/2022\/04\/Tr-Kupasi-Basin-Toplantisi-21-22-5.jpg?resize=525%2C300&ssl=1 1.5x, https:\/\/i0.wp.com\/sarimelekler.biz\/wp-content\/uploads\/2022\/04\/Tr-Kupasi-Basin-Toplantisi-21-22-5.jpg?resize=700%2C400&ssl=1 2x, https:\/\/i0.wp.com\/sarimelekler.biz\/wp-content\/uploads\/2022\/04\/Tr-Kupasi-Basin-Toplantisi-21-22-5.jpg?resize=1050%2C600&ssl=1 3x, https:\/\/i0.wp.com\/sarimelekler.biz\/wp-content\/uploads\/2022\/04\/Tr-Kupasi-Basin-Toplantisi-21-22-5.jpg?resize=1400%2C800&ssl=1 4x"},"classes":[]},{"id":11846,"url":"https:\/\/sarimelekler.biz\/?p=11846","url_meta":{"origin":11383,"position":5},"title":"Kafkas M\u00fccevherat ile Fenerbah\u00e7e Opet aras\u0131ndaki  Forma Sponsorlu\u011fu T\u00f6reni Yap\u0131ld\u0131","author":"Edit\u00f6r","date":"18 Eyl\u00fcl 2019","format":false,"excerpt":"Fenerbah\u00e7e Opet Kad\u0131n Voleybol Tak\u0131m\u0131m\u0131z ile m\u00fccevher sekt\u00f6r\u00fcnde bir moda yarat\u0131mc\u0131s\u0131 olmay\u0131 ilke edinen, sekt\u00f6r\u00fcn \u00f6nemli markalar\u0131ndan Kafkas M\u00fccevherat aras\u0131ndaki sponsorluk anla\u015fmas\u0131 imza t\u00f6reni yap\u0131ld\u0131. \u00dclker Stadyumu Fenerbah\u00e7e \u015e\u00fckr\u00fc Saraco\u011flu Spor Kompleksi 1907 Trib\u00fcn\u00fc\u2019nde ger\u00e7ekle\u015ftirilen imza t\u00f6reninde Ba\u015fkan Yard\u0131mc\u0131m\u0131z Burhan Kara\u00e7am ve Kafkas M\u00fccevherat CEO\u2019su Tolga K\u0131rg\u0131z ile Fenerbah\u00e7e Opet\u2026","rel":"","context":"&quot;Haberler&quot; i\u00e7inde","block_context":{"text":"Haberler","link":"https:\/\/sarimelekler.biz\/?cat=7"},"img":{"alt_text":"","src":"https:\/\/i0.wp.com\/sarimelekler.biz\/wp-content\/uploads\/2019\/09\/Kafkas-M%C3%BCcevherat-Sponsorlu%C4%9Fu-1.jpg?resize=350%2C200&ssl=1","width":350,"height":200,"srcset":"https:\/\/i0.wp.com\/sarimelekler.biz\/wp-content\/uploads\/2019\/09\/Kafkas-M%C3%BCcevherat-Sponsorlu%C4%9Fu-1.jpg?resize=350%2C200&ssl=1 1x, https:\/\/i0.wp.com\/sarimelekler.biz\/wp-content\/uploads\/2019\/09\/Kafkas-M%C3%BCcevherat-Sponsorlu%C4%9Fu-1.jpg?resize=525%2C300&ssl=1 1.5x, https:\/\/i0.wp.com\/sarimelekler.biz\/wp-content\/uploads\/2019\/09\/Kafkas-M%C3%BCcevherat-Sponsorlu%C4%9Fu-1.jpg?resize=700%2C400&ssl=1 2x, https:\/\/i0.wp.com\/sarimelekler.biz\/wp-content\/uploads\/2019\/09\/Kafkas-M%C3%BCcevherat-Sponsorlu%C4%9Fu-1.jpg?resize=1050%2C600&ssl=1 3x, https:\/\/i0.wp.com\/sarimelekler.biz\/wp-content\/uploads\/2019\/09\/Kafkas-M%C3%BCcevherat-Sponsorlu%C4%9Fu-1.jpg?resize=1400%2C800&ssl=1 4x"},"classes":[]}],"_links":{"self":[{"href":"https:\/\/sarimelekler.biz\/index.php?rest_route=\/wp\/v2\/posts\/11383","targetHints":{"allow":["GET"]}}],"collection":[{"href":"https:\/\/sarimelekler.biz\/index.php?rest_route=\/wp\/v2\/posts"}],"about":[{"href":"https:\/\/sarimelekler.biz\/index.php?rest_route=\/wp\/v2\/types\/post"}],"author":[{"embeddable":true,"href":"https:\/\/sarimelekler.biz\/index.php?rest_route=\/wp\/v2\/users\/1"}],"replies":[{"embeddable":true,"href":"https:\/\/sarimelekler.biz\/index.php?rest_route=%2Fwp%2Fv2%2Fcomments&post=11383"}],"version-history":[{"count":3,"href":"https:\/\/sarimelekler.biz\/index.php?rest_route=\/wp\/v2\/posts\/11383\/revisions"}],"predecessor-version":[{"id":11386,"href":"https:\/\/sarimelekler.biz\/index.php?rest_route=\/wp\/v2\/posts\/11383\/revisions\/11386"}],"wp:featuredmedia":[{"embeddable":true,"href":"https:\/\/sarimelekler.biz\/index.php?rest_route=\/wp\/v2\/media\/6433"}],"wp:attachment":[{"href":"https:\/\/sarimelekler.biz\/index.php?rest_route=%2Fwp%2Fv2%2Fmedia&parent=11383"}],"wp:term":[{"taxonomy":"category","embeddable":true,"href":"https:\/\/sarimelekler.biz\/index.php?rest_route=%2Fwp%2Fv2%2Fcategories&post=11383"},{"taxonomy":"post_tag","embeddable":true,"href":"https:\/\/sarimelekler.biz\/index.php?rest_route=%2Fwp%2Fv2%2Ftags&post=11383"}],"curies":[{"name":"wp","href":"https:\/\/api.w.org\/{rel}","templated":true}]}}