{"id":11405,"date":"2019-08-15T18:58:36","date_gmt":"2019-08-15T15:58:36","guid":{"rendered":"http:\/\/sarimelekler.biz\/?p=11405"},"modified":"2019-08-26T15:03:46","modified_gmt":"2019-08-26T12:03:46","slug":"sari-melekler-yeni-sezon-calismalarina-basladi","status":"publish","type":"post","link":"https:\/\/sarimelekler.biz\/?p=11405","title":{"rendered":"Sar\u0131 Melekler  yeni sezon \u00e7al\u0131\u015fmalar\u0131na ba\u015flad\u0131."},"content":{"rendered":"<p style=\"text-align: justify;\">Kad\u0131n Voleybol Tak\u0131m\u0131m\u0131z Fenerbah\u00e7e Opet \u00a02019-2020 sezonu ilk antrenman\u0131n\u0131 Derea\u011fz\u0131 Lefter K\u00fc\u00e7\u00fckandonyadis Tesisleri\u2019nde ger\u00e7ekle\u015ftirdi.<\/p>\n<p style=\"text-align: justify;\">S\u0131rbistan milli tak\u0131m\u0131n\u0131 \u00e7al\u0131\u015ft\u0131ran Ba\u015fantren\u00f6r Zoran Terzic&#8217;in yoklu\u011funda yard\u0131mc\u0131s\u0131 Salih Tavac\u0131 y\u00f6netiminde ger\u00e7ekle\u015ftirilen \u00e7al\u0131\u015fmaya milli oyuncular kaptan Eda Erdem D\u00fcndar, Naz Aydemir Akyol, Fatma Y\u0131ld\u0131r\u0131m, Aylin Sar\u0131o\u011flu, Kelsey Robinson ve Brankica Mihajlovic kat\u0131lmad\u0131.<\/p>\n<p style=\"text-align: justify;\">Yakla\u015f\u0131k 1 bu\u00e7uk saat s\u00fcren antrenmanda \u0131s\u0131nma ve koordinasyon hareketlerinin ard\u0131ndan topla \u00e7al\u0131\u015fmalar yap\u0131ld\u0131.\u00a0 Antrenman man\u015fet ve pas \u00e7al\u0131\u015fmas\u0131yla tamamland\u0131.<\/p>\n<p style=\"text-align: justify;\">Fenerbah\u00e7e Opet Yard\u0131mc\u0131 Antren\u00f6r\u00fc Salih Tavac\u0131 ile oyuncular Melissa Vargas, Dicle Nur Babat, Bahar Toksoy Guidetti, Ceren Kestireng\u00f6z, S\u0131la \u00c7al\u0131\u015fkan, Damla \u00c7ak\u0131ro\u011flu, Melis Y\u0131lmaz ile gen\u00e7 tak\u0131m\u0131m\u0131zdan Peyman Yard\u0131mc\u0131 ve Ayb\u00fcke G\u00fcldeno\u011flu \u00a0yeni sezonun ba\u015far\u0131larla dolu bir sezon olmas\u0131n\u0131 diledi.<\/p>\n\n\t\t<style type=\"text\/css\">\n\t\t\t#gallery-1 {\n\t\t\t\tmargin: auto;\n\t\t\t}\n\t\t\t#gallery-1 .gallery-item {\n\t\t\t\tfloat: left;\n\t\t\t\tmargin-top: 10px;\n\t\t\t\ttext-align: center;\n\t\t\t\twidth: 20%;\n\t\t\t}\n\t\t\t#gallery-1 img {\n\t\t\t\tborder: 2px solid #cfcfcf;\n\t\t\t}\n\t\t\t#gallery-1 .gallery-caption {\n\t\t\t\tmargin-left: 0;\n\t\t\t}\n\t\t\t\/* see gallery_shortcode() in wp-includes\/media.php *\/\n\t\t<\/style>\n\t\t<div data-carousel-extra='{&quot;blog_id&quot;:1,&quot;permalink&quot;:&quot;https:\/\/sarimelekler.biz\/?p=11405&quot;}' id='gallery-1' class='gallery galleryid-11405 gallery-columns-5 gallery-size-thumbnail'><dl class='gallery-item'>\n\t\t\t<dt class='gallery-icon landscape'>\n\t\t\t\t<a href='https:\/\/sarimelekler.biz\/?attachment_id=11406'><img loading=\"lazy\" decoding=\"async\" width=\"150\" height=\"150\" src=\"https:\/\/sarimelekler.biz\/wp-content\/uploads\/2019\/08\/19-20-Sezon-A\u00e7\u0131l\u0131\u015f\u0131-1-150x150.jpg\" class=\"attachment-thumbnail size-thumbnail\" alt=\"\" data-attachment-id=\"11406\" data-permalink=\"https:\/\/sarimelekler.biz\/?attachment_id=11406\" data-orig-file=\"https:\/\/sarimelekler.biz\/wp-content\/uploads\/2019\/08\/19-20-Sezon-A\u00e7\u0131l\u0131\u015f\u0131-1.jpg\" data-orig-size=\"2500,1890\" data-comments-opened=\"0\" data-image-meta=\"{&quot;aperture&quot;:&quot;2.8&quot;,&quot;credit&quot;:&quot;&quot;,&quot;camera&quot;:&quot;Canon EOS-1D X Mark II&quot;,&quot;caption&quot;:&quot;&quot;,&quot;created_timestamp&quot;:&quot;1565888569&quot;,&quot;copyright&quot;:&quot;fenerbahce dergisi\/org&quot;,&quot;focal_length&quot;:&quot;110&quot;,&quot;iso&quot;:&quot;2500&quot;,&quot;shutter_speed&quot;:&quot;0.002&quot;,&quot;title&quot;:&quot;&quot;,&quot;orientation&quot;:&quot;1&quot;}\" data-image-title=\"19-20 Sezon A\u00e7\u0131l\u0131\u015f\u0131 (1)\" data-image-description=\"\" data-image-caption=\"\" data-large-file=\"https:\/\/sarimelekler.biz\/wp-content\/uploads\/2019\/08\/19-20-Sezon-A\u00e7\u0131l\u0131\u015f\u0131-1-1024x774.jpg\" \/><\/a>\n\t\t\t<\/dt><\/dl><dl class='gallery-item'>\n\t\t\t<dt class='gallery-icon landscape'>\n\t\t\t\t<a href='https:\/\/sarimelekler.biz\/?attachment_id=11407'><img loading=\"lazy\" decoding=\"async\" width=\"150\" height=\"150\" src=\"https:\/\/sarimelekler.biz\/wp-content\/uploads\/2019\/08\/19-20-Sezon-A\u00e7\u0131l\u0131\u015f\u0131-2-150x150.jpg\" class=\"attachment-thumbnail size-thumbnail\" alt=\"\" data-attachment-id=\"11407\" data-permalink=\"https:\/\/sarimelekler.biz\/?attachment_id=11407\" data-orig-file=\"https:\/\/sarimelekler.biz\/wp-content\/uploads\/2019\/08\/19-20-Sezon-A\u00e7\u0131l\u0131\u015f\u0131-2.jpg\" data-orig-size=\"2500,1742\" data-comments-opened=\"0\" data-image-meta=\"{&quot;aperture&quot;:&quot;2.8&quot;,&quot;credit&quot;:&quot;&quot;,&quot;camera&quot;:&quot;Canon EOS-1D X Mark II&quot;,&quot;caption&quot;:&quot;&quot;,&quot;created_timestamp&quot;:&quot;1565889566&quot;,&quot;copyright&quot;:&quot;fenerbahce dergisi\/org&quot;,&quot;focal_length&quot;:&quot;168&quot;,&quot;iso&quot;:&quot;3200&quot;,&quot;shutter_speed&quot;:&quot;0.0015625&quot;,&quot;title&quot;:&quot;&quot;,&quot;orientation&quot;:&quot;1&quot;}\" data-image-title=\"19-20 Sezon A\u00e7\u0131l\u0131\u015f\u0131 (2)\" data-image-description=\"\" data-image-caption=\"\" data-large-file=\"https:\/\/sarimelekler.biz\/wp-content\/uploads\/2019\/08\/19-20-Sezon-A\u00e7\u0131l\u0131\u015f\u0131-2-1024x714.jpg\" \/><\/a>\n\t\t\t<\/dt><\/dl><dl class='gallery-item'>\n\t\t\t<dt class='gallery-icon portrait'>\n\t\t\t\t<a href='https:\/\/sarimelekler.biz\/?attachment_id=11408'><img loading=\"lazy\" decoding=\"async\" width=\"150\" height=\"150\" src=\"https:\/\/sarimelekler.biz\/wp-content\/uploads\/2019\/08\/19-20-Sezon-A\u00e7\u0131l\u0131\u015f\u0131-3-150x150.jpg\" class=\"attachment-thumbnail size-thumbnail\" alt=\"\" aria-describedby=\"gallery-1-11408\" data-attachment-id=\"11408\" data-permalink=\"https:\/\/sarimelekler.biz\/?attachment_id=11408\" data-orig-file=\"https:\/\/sarimelekler.biz\/wp-content\/uploads\/2019\/08\/19-20-Sezon-A\u00e7\u0131l\u0131\u015f\u0131-3.jpg\" data-orig-size=\"2500,3320\" data-comments-opened=\"0\" data-image-meta=\"{&quot;aperture&quot;:&quot;2.8&quot;,&quot;credit&quot;:&quot;&quot;,&quot;camera&quot;:&quot;Canon EOS-1D X Mark II&quot;,&quot;caption&quot;:&quot;&quot;,&quot;created_timestamp&quot;:&quot;1565889886&quot;,&quot;copyright&quot;:&quot;fenerbahce dergisi\/org&quot;,&quot;focal_length&quot;:&quot;85&quot;,&quot;iso&quot;:&quot;3200&quot;,&quot;shutter_speed&quot;:&quot;0.0015625&quot;,&quot;title&quot;:&quot;&quot;,&quot;orientation&quot;:&quot;1&quot;}\" data-image-title=\"19-20 Sezon A\u00e7\u0131l\u0131\u015f\u0131 (3)\" data-image-description=\"\" data-image-caption=\"&lt;p&gt;Peyman Yard\u0131mc\u0131 &lt;\/p&gt;\n\" data-large-file=\"https:\/\/sarimelekler.biz\/wp-content\/uploads\/2019\/08\/19-20-Sezon-A\u00e7\u0131l\u0131\u015f\u0131-3-771x1024.jpg\" \/><\/a>\n\t\t\t<\/dt>\n\t\t\t\t<dd class='wp-caption-text gallery-caption' id='gallery-1-11408'>\n\t\t\t\tPeyman Yard\u0131mc\u0131 \n\t\t\t\t<\/dd><\/dl><dl class='gallery-item'>\n\t\t\t<dt class='gallery-icon portrait'>\n\t\t\t\t<a href='https:\/\/sarimelekler.biz\/?attachment_id=11409'><img loading=\"lazy\" decoding=\"async\" width=\"150\" height=\"150\" src=\"https:\/\/sarimelekler.biz\/wp-content\/uploads\/2019\/08\/19-20-Sezon-A\u00e7\u0131l\u0131\u015f\u0131-4-150x150.jpg\" class=\"attachment-thumbnail size-thumbnail\" alt=\"\" data-attachment-id=\"11409\" data-permalink=\"https:\/\/sarimelekler.biz\/?attachment_id=11409\" data-orig-file=\"https:\/\/sarimelekler.biz\/wp-content\/uploads\/2019\/08\/19-20-Sezon-A\u00e7\u0131l\u0131\u015f\u0131-4.jpg\" data-orig-size=\"2500,3651\" data-comments-opened=\"0\" data-image-meta=\"{&quot;aperture&quot;:&quot;2.8&quot;,&quot;credit&quot;:&quot;&quot;,&quot;camera&quot;:&quot;Canon EOS-1D X Mark II&quot;,&quot;caption&quot;:&quot;&quot;,&quot;created_timestamp&quot;:&quot;1565888648&quot;,&quot;copyright&quot;:&quot;fenerbahce dergisi\/org&quot;,&quot;focal_length&quot;:&quot;200&quot;,&quot;iso&quot;:&quot;2500&quot;,&quot;shutter_speed&quot;:&quot;0.002&quot;,&quot;title&quot;:&quot;&quot;,&quot;orientation&quot;:&quot;1&quot;}\" data-image-title=\"19-20 Sezon A\u00e7\u0131l\u0131\u015f\u0131 (4)\" data-image-description=\"\" data-image-caption=\"\" data-large-file=\"https:\/\/sarimelekler.biz\/wp-content\/uploads\/2019\/08\/19-20-Sezon-A\u00e7\u0131l\u0131\u015f\u0131-4-701x1024.jpg\" \/><\/a>\n\t\t\t<\/dt><\/dl><dl class='gallery-item'>\n\t\t\t<dt class='gallery-icon landscape'>\n\t\t\t\t<a href='https:\/\/sarimelekler.biz\/?attachment_id=11410'><img loading=\"lazy\" decoding=\"async\" width=\"150\" height=\"150\" src=\"https:\/\/sarimelekler.biz\/wp-content\/uploads\/2019\/08\/19-20-Sezon-A\u00e7\u0131l\u0131\u015f\u0131-5-150x150.jpg\" class=\"attachment-thumbnail size-thumbnail\" alt=\"\" data-attachment-id=\"11410\" data-permalink=\"https:\/\/sarimelekler.biz\/?attachment_id=11410\" data-orig-file=\"https:\/\/sarimelekler.biz\/wp-content\/uploads\/2019\/08\/19-20-Sezon-A\u00e7\u0131l\u0131\u015f\u0131-5.jpg\" data-orig-size=\"2500,1709\" data-comments-opened=\"0\" data-image-meta=\"{&quot;aperture&quot;:&quot;2.8&quot;,&quot;credit&quot;:&quot;&quot;,&quot;camera&quot;:&quot;Canon EOS-1D X Mark II&quot;,&quot;caption&quot;:&quot;&quot;,&quot;created_timestamp&quot;:&quot;1565888834&quot;,&quot;copyright&quot;:&quot;fenerbahce dergisi\/org&quot;,&quot;focal_length&quot;:&quot;200&quot;,&quot;iso&quot;:&quot;2500&quot;,&quot;shutter_speed&quot;:&quot;0.002&quot;,&quot;title&quot;:&quot;&quot;,&quot;orientation&quot;:&quot;1&quot;}\" data-image-title=\"19-20 Sezon A\u00e7\u0131l\u0131\u015f\u0131 (5)\" data-image-description=\"\" data-image-caption=\"\" data-large-file=\"https:\/\/sarimelekler.biz\/wp-content\/uploads\/2019\/08\/19-20-Sezon-A\u00e7\u0131l\u0131\u015f\u0131-5-1024x700.jpg\" \/><\/a>\n\t\t\t<\/dt><\/dl><br style=\"clear: both\" \/><dl class='gallery-item'>\n\t\t\t<dt class='gallery-icon portrait'>\n\t\t\t\t<a href='https:\/\/sarimelekler.biz\/?attachment_id=11411'><img loading=\"lazy\" decoding=\"async\" width=\"150\" height=\"150\" src=\"https:\/\/sarimelekler.biz\/wp-content\/uploads\/2019\/08\/19-20-Sezon-A\u00e7\u0131l\u0131\u015f\u0131-6-150x150.jpg\" class=\"attachment-thumbnail size-thumbnail\" alt=\"\" data-attachment-id=\"11411\" data-permalink=\"https:\/\/sarimelekler.biz\/?attachment_id=11411\" data-orig-file=\"https:\/\/sarimelekler.biz\/wp-content\/uploads\/2019\/08\/19-20-Sezon-A\u00e7\u0131l\u0131\u015f\u0131-6.jpg\" data-orig-size=\"2500,3770\" data-comments-opened=\"0\" data-image-meta=\"{&quot;aperture&quot;:&quot;2.8&quot;,&quot;credit&quot;:&quot;&quot;,&quot;camera&quot;:&quot;Canon EOS-1D X Mark II&quot;,&quot;caption&quot;:&quot;&quot;,&quot;created_timestamp&quot;:&quot;1565889663&quot;,&quot;copyright&quot;:&quot;fenerbahce dergisi\/org&quot;,&quot;focal_length&quot;:&quot;115&quot;,&quot;iso&quot;:&quot;3200&quot;,&quot;shutter_speed&quot;:&quot;0.0015625&quot;,&quot;title&quot;:&quot;&quot;,&quot;orientation&quot;:&quot;1&quot;}\" data-image-title=\"19-20 Sezon A\u00e7\u0131l\u0131\u015f\u0131 (6)\" data-image-description=\"\" data-image-caption=\"\" data-large-file=\"https:\/\/sarimelekler.biz\/wp-content\/uploads\/2019\/08\/19-20-Sezon-A\u00e7\u0131l\u0131\u015f\u0131-6-679x1024.jpg\" \/><\/a>\n\t\t\t<\/dt><\/dl><dl class='gallery-item'>\n\t\t\t<dt class='gallery-icon portrait'>\n\t\t\t\t<a href='https:\/\/sarimelekler.biz\/?attachment_id=11412'><img loading=\"lazy\" decoding=\"async\" width=\"150\" height=\"150\" src=\"https:\/\/sarimelekler.biz\/wp-content\/uploads\/2019\/08\/19-20-Sezon-A\u00e7\u0131l\u0131\u015f\u0131-7-150x150.jpg\" class=\"attachment-thumbnail size-thumbnail\" alt=\"\" data-attachment-id=\"11412\" data-permalink=\"https:\/\/sarimelekler.biz\/?attachment_id=11412\" data-orig-file=\"https:\/\/sarimelekler.biz\/wp-content\/uploads\/2019\/08\/19-20-Sezon-A\u00e7\u0131l\u0131\u015f\u0131-7.jpg\" data-orig-size=\"2500,3257\" data-comments-opened=\"0\" data-image-meta=\"{&quot;aperture&quot;:&quot;2.8&quot;,&quot;credit&quot;:&quot;&quot;,&quot;camera&quot;:&quot;Canon EOS-1D X Mark II&quot;,&quot;caption&quot;:&quot;&quot;,&quot;created_timestamp&quot;:&quot;1565889709&quot;,&quot;copyright&quot;:&quot;fenerbahce dergisi\/org&quot;,&quot;focal_length&quot;:&quot;105&quot;,&quot;iso&quot;:&quot;3200&quot;,&quot;shutter_speed&quot;:&quot;0.0015625&quot;,&quot;title&quot;:&quot;&quot;,&quot;orientation&quot;:&quot;1&quot;}\" data-image-title=\"19-20 Sezon A\u00e7\u0131l\u0131\u015f\u0131 (7)\" data-image-description=\"\" data-image-caption=\"\" data-large-file=\"https:\/\/sarimelekler.biz\/wp-content\/uploads\/2019\/08\/19-20-Sezon-A\u00e7\u0131l\u0131\u015f\u0131-7-786x1024.jpg\" \/><\/a>\n\t\t\t<\/dt><\/dl><dl class='gallery-item'>\n\t\t\t<dt class='gallery-icon portrait'>\n\t\t\t\t<a href='https:\/\/sarimelekler.biz\/?attachment_id=11413'><img loading=\"lazy\" decoding=\"async\" width=\"150\" height=\"150\" src=\"https:\/\/sarimelekler.biz\/wp-content\/uploads\/2019\/08\/19-20-Sezon-A\u00e7\u0131l\u0131\u015f\u0131-8-150x150.jpg\" class=\"attachment-thumbnail size-thumbnail\" alt=\"\" data-attachment-id=\"11413\" data-permalink=\"https:\/\/sarimelekler.biz\/?attachment_id=11413\" data-orig-file=\"https:\/\/sarimelekler.biz\/wp-content\/uploads\/2019\/08\/19-20-Sezon-A\u00e7\u0131l\u0131\u015f\u0131-8.jpg\" data-orig-size=\"2500,3180\" data-comments-opened=\"0\" data-image-meta=\"{&quot;aperture&quot;:&quot;2.8&quot;,&quot;credit&quot;:&quot;&quot;,&quot;camera&quot;:&quot;Canon EOS-1D X Mark II&quot;,&quot;caption&quot;:&quot;&quot;,&quot;created_timestamp&quot;:&quot;1565889622&quot;,&quot;copyright&quot;:&quot;fenerbahce dergisi\/org&quot;,&quot;focal_length&quot;:&quot;90&quot;,&quot;iso&quot;:&quot;3200&quot;,&quot;shutter_speed&quot;:&quot;0.0015625&quot;,&quot;title&quot;:&quot;&quot;,&quot;orientation&quot;:&quot;1&quot;}\" data-image-title=\"19-20 Sezon A\u00e7\u0131l\u0131\u015f\u0131 (8)\" data-image-description=\"\" data-image-caption=\"\" data-large-file=\"https:\/\/sarimelekler.biz\/wp-content\/uploads\/2019\/08\/19-20-Sezon-A\u00e7\u0131l\u0131\u015f\u0131-8-805x1024.jpg\" \/><\/a>\n\t\t\t<\/dt><\/dl><dl class='gallery-item'>\n\t\t\t<dt class='gallery-icon portrait'>\n\t\t\t\t<a href='https:\/\/sarimelekler.biz\/?attachment_id=11414'><img loading=\"lazy\" decoding=\"async\" width=\"150\" height=\"150\" src=\"https:\/\/sarimelekler.biz\/wp-content\/uploads\/2019\/08\/19-20-Sezon-A\u00e7\u0131l\u0131\u015f\u0131-9-150x150.jpg\" class=\"attachment-thumbnail size-thumbnail\" alt=\"\" data-attachment-id=\"11414\" data-permalink=\"https:\/\/sarimelekler.biz\/?attachment_id=11414\" data-orig-file=\"https:\/\/sarimelekler.biz\/wp-content\/uploads\/2019\/08\/19-20-Sezon-A\u00e7\u0131l\u0131\u015f\u0131-9.jpg\" data-orig-size=\"2500,3663\" data-comments-opened=\"0\" data-image-meta=\"{&quot;aperture&quot;:&quot;2.8&quot;,&quot;credit&quot;:&quot;&quot;,&quot;camera&quot;:&quot;Canon EOS-1D X Mark II&quot;,&quot;caption&quot;:&quot;&quot;,&quot;created_timestamp&quot;:&quot;1565889405&quot;,&quot;copyright&quot;:&quot;fenerbahce dergisi\/org&quot;,&quot;focal_length&quot;:&quot;120&quot;,&quot;iso&quot;:&quot;2500&quot;,&quot;shutter_speed&quot;:&quot;0.002&quot;,&quot;title&quot;:&quot;&quot;,&quot;orientation&quot;:&quot;1&quot;}\" data-image-title=\"19-20 Sezon A\u00e7\u0131l\u0131\u015f\u0131 (9)\" data-image-description=\"\" data-image-caption=\"\" data-large-file=\"https:\/\/sarimelekler.biz\/wp-content\/uploads\/2019\/08\/19-20-Sezon-A\u00e7\u0131l\u0131\u015f\u0131-9-699x1024.jpg\" \/><\/a>\n\t\t\t<\/dt><\/dl><dl class='gallery-item'>\n\t\t\t<dt class='gallery-icon portrait'>\n\t\t\t\t<a href='https:\/\/sarimelekler.biz\/?attachment_id=11415'><img loading=\"lazy\" decoding=\"async\" width=\"150\" height=\"150\" src=\"https:\/\/sarimelekler.biz\/wp-content\/uploads\/2019\/08\/19-20-Sezon-A\u00e7\u0131l\u0131\u015f\u0131-10-150x150.jpg\" class=\"attachment-thumbnail size-thumbnail\" alt=\"\" aria-describedby=\"gallery-1-11415\" data-attachment-id=\"11415\" data-permalink=\"https:\/\/sarimelekler.biz\/?attachment_id=11415\" data-orig-file=\"https:\/\/sarimelekler.biz\/wp-content\/uploads\/2019\/08\/19-20-Sezon-A\u00e7\u0131l\u0131\u015f\u0131-10.jpg\" data-orig-size=\"2500,3676\" data-comments-opened=\"0\" data-image-meta=\"{&quot;aperture&quot;:&quot;2.8&quot;,&quot;credit&quot;:&quot;&quot;,&quot;camera&quot;:&quot;Canon EOS-1D X Mark II&quot;,&quot;caption&quot;:&quot;&quot;,&quot;created_timestamp&quot;:&quot;1565889825&quot;,&quot;copyright&quot;:&quot;fenerbahce dergisi\/org&quot;,&quot;focal_length&quot;:&quot;120&quot;,&quot;iso&quot;:&quot;3200&quot;,&quot;shutter_speed&quot;:&quot;0.0015625&quot;,&quot;title&quot;:&quot;&quot;,&quot;orientation&quot;:&quot;1&quot;}\" data-image-title=\"19-20 Sezon A\u00e7\u0131l\u0131\u015f\u0131 (10)\" data-image-description=\"\" data-image-caption=\"&lt;p&gt;Ayb\u00fcke G\u00fcldeno\u011flu  &lt;\/p&gt;\n\" data-large-file=\"https:\/\/sarimelekler.biz\/wp-content\/uploads\/2019\/08\/19-20-Sezon-A\u00e7\u0131l\u0131\u015f\u0131-10-696x1024.jpg\" \/><\/a>\n\t\t\t<\/dt>\n\t\t\t\t<dd class='wp-caption-text gallery-caption' id='gallery-1-11415'>\n\t\t\t\tAyb\u00fcke G\u00fcldeno\u011flu  \n\t\t\t\t<\/dd><\/dl><br style=\"clear: both\" \/><dl class='gallery-item'>\n\t\t\t<dt class='gallery-icon portrait'>\n\t\t\t\t<a href='https:\/\/sarimelekler.biz\/?attachment_id=11416'><img loading=\"lazy\" decoding=\"async\" width=\"150\" height=\"150\" src=\"https:\/\/sarimelekler.biz\/wp-content\/uploads\/2019\/08\/19-20-Sezon-A\u00e7\u0131l\u0131\u015f\u0131-11-150x150.jpg\" class=\"attachment-thumbnail size-thumbnail\" alt=\"\" data-attachment-id=\"11416\" data-permalink=\"https:\/\/sarimelekler.biz\/?attachment_id=11416\" data-orig-file=\"https:\/\/sarimelekler.biz\/wp-content\/uploads\/2019\/08\/19-20-Sezon-A\u00e7\u0131l\u0131\u015f\u0131-11.jpg\" data-orig-size=\"2500,2811\" data-comments-opened=\"0\" data-image-meta=\"{&quot;aperture&quot;:&quot;2.8&quot;,&quot;credit&quot;:&quot;&quot;,&quot;camera&quot;:&quot;Canon EOS-1D X Mark II&quot;,&quot;caption&quot;:&quot;&quot;,&quot;created_timestamp&quot;:&quot;1565889624&quot;,&quot;copyright&quot;:&quot;fenerbahce dergisi\/org&quot;,&quot;focal_length&quot;:&quot;88&quot;,&quot;iso&quot;:&quot;3200&quot;,&quot;shutter_speed&quot;:&quot;0.0015625&quot;,&quot;title&quot;:&quot;&quot;,&quot;orientation&quot;:&quot;1&quot;}\" data-image-title=\"19-20 Sezon A\u00e7\u0131l\u0131\u015f\u0131 (11)\" data-image-description=\"\" data-image-caption=\"\" data-large-file=\"https:\/\/sarimelekler.biz\/wp-content\/uploads\/2019\/08\/19-20-Sezon-A\u00e7\u0131l\u0131\u015f\u0131-11-911x1024.jpg\" \/><\/a>\n\t\t\t<\/dt><\/dl><dl class='gallery-item'>\n\t\t\t<dt class='gallery-icon landscape'>\n\t\t\t\t<a href='https:\/\/sarimelekler.biz\/?attachment_id=11417'><img loading=\"lazy\" decoding=\"async\" width=\"150\" height=\"150\" src=\"https:\/\/sarimelekler.biz\/wp-content\/uploads\/2019\/08\/19-20-Sezon-A\u00e7\u0131l\u0131\u015f\u0131-12-150x150.jpg\" class=\"attachment-thumbnail size-thumbnail\" alt=\"\" data-attachment-id=\"11417\" data-permalink=\"https:\/\/sarimelekler.biz\/?attachment_id=11417\" data-orig-file=\"https:\/\/sarimelekler.biz\/wp-content\/uploads\/2019\/08\/19-20-Sezon-A\u00e7\u0131l\u0131\u015f\u0131-12.jpg\" data-orig-size=\"2500,1965\" data-comments-opened=\"0\" data-image-meta=\"{&quot;aperture&quot;:&quot;2.8&quot;,&quot;credit&quot;:&quot;&quot;,&quot;camera&quot;:&quot;Canon EOS-1D X Mark II&quot;,&quot;caption&quot;:&quot;&quot;,&quot;created_timestamp&quot;:&quot;1565888929&quot;,&quot;copyright&quot;:&quot;fenerbahce dergisi\/org&quot;,&quot;focal_length&quot;:&quot;200&quot;,&quot;iso&quot;:&quot;2500&quot;,&quot;shutter_speed&quot;:&quot;0.002&quot;,&quot;title&quot;:&quot;&quot;,&quot;orientation&quot;:&quot;1&quot;}\" data-image-title=\"19-20 Sezon A\u00e7\u0131l\u0131\u015f\u0131 (12)\" data-image-description=\"\" data-image-caption=\"\" data-large-file=\"https:\/\/sarimelekler.biz\/wp-content\/uploads\/2019\/08\/19-20-Sezon-A\u00e7\u0131l\u0131\u015f\u0131-12-1024x805.jpg\" \/><\/a>\n\t\t\t<\/dt><\/dl><dl class='gallery-item'>\n\t\t\t<dt class='gallery-icon landscape'>\n\t\t\t\t<a href='https:\/\/sarimelekler.biz\/?attachment_id=11418'><img loading=\"lazy\" decoding=\"async\" width=\"150\" height=\"150\" src=\"https:\/\/sarimelekler.biz\/wp-content\/uploads\/2019\/08\/19-20-Sezon-A\u00e7\u0131l\u0131\u015f\u0131-13-150x150.jpg\" class=\"attachment-thumbnail size-thumbnail\" alt=\"\" data-attachment-id=\"11418\" data-permalink=\"https:\/\/sarimelekler.biz\/?attachment_id=11418\" data-orig-file=\"https:\/\/sarimelekler.biz\/wp-content\/uploads\/2019\/08\/19-20-Sezon-A\u00e7\u0131l\u0131\u015f\u0131-13.jpg\" data-orig-size=\"2500,1572\" data-comments-opened=\"0\" data-image-meta=\"{&quot;aperture&quot;:&quot;2.8&quot;,&quot;credit&quot;:&quot;&quot;,&quot;camera&quot;:&quot;Canon EOS-1D X Mark II&quot;,&quot;caption&quot;:&quot;&quot;,&quot;created_timestamp&quot;:&quot;1565888396&quot;,&quot;copyright&quot;:&quot;fenerbahce dergisi\/org&quot;,&quot;focal_length&quot;:&quot;28&quot;,&quot;iso&quot;:&quot;2500&quot;,&quot;shutter_speed&quot;:&quot;0.002&quot;,&quot;title&quot;:&quot;&quot;,&quot;orientation&quot;:&quot;1&quot;}\" data-image-title=\"19-20 Sezon A\u00e7\u0131l\u0131\u015f\u0131 (13)\" data-image-description=\"\" data-image-caption=\"\" data-large-file=\"https:\/\/sarimelekler.biz\/wp-content\/uploads\/2019\/08\/19-20-Sezon-A\u00e7\u0131l\u0131\u015f\u0131-13-1024x644.jpg\" \/><\/a>\n\t\t\t<\/dt><\/dl><dl class='gallery-item'>\n\t\t\t<dt class='gallery-icon landscape'>\n\t\t\t\t<a href='https:\/\/sarimelekler.biz\/?attachment_id=11419'><img loading=\"lazy\" decoding=\"async\" width=\"150\" height=\"150\" src=\"https:\/\/sarimelekler.biz\/wp-content\/uploads\/2019\/08\/19-20-Sezon-A\u00e7\u0131l\u0131\u015f\u0131-14-150x150.jpg\" class=\"attachment-thumbnail size-thumbnail\" alt=\"\" data-attachment-id=\"11419\" data-permalink=\"https:\/\/sarimelekler.biz\/?attachment_id=11419\" data-orig-file=\"https:\/\/sarimelekler.biz\/wp-content\/uploads\/2019\/08\/19-20-Sezon-A\u00e7\u0131l\u0131\u015f\u0131-14.jpg\" data-orig-size=\"2500,1729\" data-comments-opened=\"0\" data-image-meta=\"{&quot;aperture&quot;:&quot;2.8&quot;,&quot;credit&quot;:&quot;&quot;,&quot;camera&quot;:&quot;Canon EOS-1D X Mark II&quot;,&quot;caption&quot;:&quot;&quot;,&quot;created_timestamp&quot;:&quot;1565889601&quot;,&quot;copyright&quot;:&quot;fenerbahce dergisi\/org&quot;,&quot;focal_length&quot;:&quot;200&quot;,&quot;iso&quot;:&quot;3200&quot;,&quot;shutter_speed&quot;:&quot;0.0015625&quot;,&quot;title&quot;:&quot;&quot;,&quot;orientation&quot;:&quot;1&quot;}\" data-image-title=\"19-20 Sezon A\u00e7\u0131l\u0131\u015f\u0131 (14)\" data-image-description=\"\" data-image-caption=\"\" data-large-file=\"https:\/\/sarimelekler.biz\/wp-content\/uploads\/2019\/08\/19-20-Sezon-A\u00e7\u0131l\u0131\u015f\u0131-14-1024x708.jpg\" \/><\/a>\n\t\t\t<\/dt><\/dl><dl class='gallery-item'>\n\t\t\t<dt class='gallery-icon landscape'>\n\t\t\t\t<a href='https:\/\/sarimelekler.biz\/?attachment_id=11420'><img loading=\"lazy\" decoding=\"async\" width=\"150\" height=\"150\" src=\"https:\/\/sarimelekler.biz\/wp-content\/uploads\/2019\/08\/19-20-Sezon-A\u00e7\u0131l\u0131\u015f\u0131-15-150x150.jpg\" class=\"attachment-thumbnail size-thumbnail\" alt=\"\" data-attachment-id=\"11420\" data-permalink=\"https:\/\/sarimelekler.biz\/?attachment_id=11420\" data-orig-file=\"https:\/\/sarimelekler.biz\/wp-content\/uploads\/2019\/08\/19-20-Sezon-A\u00e7\u0131l\u0131\u015f\u0131-15.jpg\" data-orig-size=\"2500,1680\" data-comments-opened=\"0\" data-image-meta=\"{&quot;aperture&quot;:&quot;2.8&quot;,&quot;credit&quot;:&quot;&quot;,&quot;camera&quot;:&quot;Canon EOS-1D X Mark II&quot;,&quot;caption&quot;:&quot;&quot;,&quot;created_timestamp&quot;:&quot;1565888810&quot;,&quot;copyright&quot;:&quot;fenerbahce dergisi\/org&quot;,&quot;focal_length&quot;:&quot;200&quot;,&quot;iso&quot;:&quot;2500&quot;,&quot;shutter_speed&quot;:&quot;0.002&quot;,&quot;title&quot;:&quot;&quot;,&quot;orientation&quot;:&quot;1&quot;}\" data-image-title=\"19-20 Sezon A\u00e7\u0131l\u0131\u015f\u0131 (15)\" data-image-description=\"\" data-image-caption=\"\" data-large-file=\"https:\/\/sarimelekler.biz\/wp-content\/uploads\/2019\/08\/19-20-Sezon-A\u00e7\u0131l\u0131\u015f\u0131-15-1024x688.jpg\" \/><\/a>\n\t\t\t<\/dt><\/dl><br style=\"clear: both\" \/>\n\t\t<\/div>\n\n<p style=\"text-align: right;\">15.08.2019<\/p>\n<p>Kaynak:<a href=\"https:\/\/www.fenerbahce.org\/haberler\/voleybol-kadin\/2019\/7\/fenerbahce-opet-sezonu-acti\" target=\"_blank\" rel=\"noopener noreferrer\">\u00a0Fenerbah\u00e7e SK Resmi \u0130nternet Sitesi<\/a><\/p>\n","protected":false},"excerpt":{"rendered":"<p>Kad\u0131n Voleybol Tak\u0131m\u0131m\u0131z Fenerbah\u00e7e Opet \u00a02019-2020 sezonu ilk antrenman\u0131n\u0131 Derea\u011fz\u0131 \u2026 <a class=\"continue-reading-link\" href=\"https:\/\/sarimelekler.biz\/?p=11405\">Okumaya Devam Et.. <span class=\"meta-nav\">&rarr; <\/span><\/a><\/p>\n","protected":false},"author":1,"featured_media":11418,"comment_status":"closed","ping_status":"open","sticky":false,"template":"","format":"standard","meta":{"jetpack_post_was_ever_published":false,"_jetpack_newsletter_access":"","_jetpack_dont_email_post_to_subs":false,"_jetpack_newsletter_tier_id":0,"_jetpack_memberships_contains_paywalled_content":false,"_jetpack_memberships_contains_paid_content":false,"footnotes":"","jetpack_publicize_message":"","jetpack_publicize_feature_enabled":true,"jetpack_social_post_already_shared":true,"jetpack_social_options":{"image_generator_settings":{"template":"highway","default_image_id":0,"font":"","enabled":false},"version":2}},"categories":[7],"tags":[],"class_list":["post-11405","post","type-post","status-publish","format-standard","has-post-thumbnail","hentry","category-haberler"],"jetpack_publicize_connections":[],"jetpack_featured_media_url":"https:\/\/sarimelekler.biz\/wp-content\/uploads\/2019\/08\/19-20-Sezon-A\u00e7\u0131l\u0131\u015f\u0131-13.jpg","jetpack_sharing_enabled":true,"jetpack_shortlink":"https:\/\/wp.me\/p8npUZ-2XX","jetpack-related-posts":[{"id":15899,"url":"https:\/\/sarimelekler.biz\/?p=15899","url_meta":{"origin":11405,"position":0},"title":"Sar\u0131 Melekler Yeni Sezon Haz\u0131rl\u0131klar\u0131n\u0131 S\u00fcrd\u00fcr\u00fcyor","author":"Edit\u00f6r","date":"28 Temmuz 2021","format":false,"excerpt":"Yeni sezon haz\u0131rl\u0131klar\u0131na 27 Temmuz Sal\u0131 g\u00fcn\u00fc Fenerbah\u00e7e Derea\u011fz\u0131 Lefter K\u00fc\u00e7\u00fckandonyadis Tesislerimizde yapt\u0131\u011f\u0131 \u00e7al\u0131\u015fmayla ba\u015flayan Fenerbah\u00e7e Opet Kad\u0131n Voleybol Tak\u0131m\u0131m\u0131z, haz\u0131rl\u0131klar\u0131n\u0131 s\u00fcrd\u00fcr\u00fcyor. S\u0131rbistan milli tak\u0131m\u0131n\u0131 \u00e7al\u0131\u015ft\u0131ran Ba\u015fantren\u00f6r Zoran Terzic'in yoklu\u011funda yard\u0131mc\u0131s\u0131 Salih Tavac\u0131 y\u00f6netimindeki antrenmana milli oyuncular kaptan Eda Erdem D\u00fcndar, Naz Aydemir Akyol, Meliha \u0130smailo\u011flu, Anna Lazareva, Mina Popovic,\u2026","rel":"","context":"&quot;T\u00fcrkiye Ligi&quot; i\u00e7inde","block_context":{"text":"T\u00fcrkiye Ligi","link":"https:\/\/sarimelekler.biz\/?cat=6"},"img":{"alt_text":"","src":"https:\/\/i0.wp.com\/sarimelekler.biz\/wp-content\/uploads\/2021\/07\/21-22-Sezon-Oncesi-12-scaled.jpg?resize=350%2C200&ssl=1","width":350,"height":200,"srcset":"https:\/\/i0.wp.com\/sarimelekler.biz\/wp-content\/uploads\/2021\/07\/21-22-Sezon-Oncesi-12-scaled.jpg?resize=350%2C200&ssl=1 1x, https:\/\/i0.wp.com\/sarimelekler.biz\/wp-content\/uploads\/2021\/07\/21-22-Sezon-Oncesi-12-scaled.jpg?resize=525%2C300&ssl=1 1.5x, https:\/\/i0.wp.com\/sarimelekler.biz\/wp-content\/uploads\/2021\/07\/21-22-Sezon-Oncesi-12-scaled.jpg?resize=700%2C400&ssl=1 2x, https:\/\/i0.wp.com\/sarimelekler.biz\/wp-content\/uploads\/2021\/07\/21-22-Sezon-Oncesi-12-scaled.jpg?resize=1050%2C600&ssl=1 3x, https:\/\/i0.wp.com\/sarimelekler.biz\/wp-content\/uploads\/2021\/07\/21-22-Sezon-Oncesi-12-scaled.jpg?resize=1400%2C800&ssl=1 4x"},"classes":[]},{"id":15888,"url":"https:\/\/sarimelekler.biz\/?p=15888","url_meta":{"origin":11405,"position":1},"title":"Sar\u0131 Melekler Sezonu A\u00e7t\u0131","author":"Edit\u00f6r","date":"27 Temmuz 2021","format":false,"excerpt":"Kad\u0131n Voleybol Tak\u0131m\u0131m\u0131z Fenerbah\u00e7e Opet, yeni sezon \u00e7al\u0131\u015fmalar\u0131na ba\u015flad\u0131. Sar\u0131 Melekler, 2021-2022 sezonu ilk antrenman\u0131n\u0131 Derea\u011fz\u0131 Lefter\u00a0 K\u00fc\u00e7\u00fckandonyadis Tesisleri\u2019nde ger\u00e7ekle\u015ftirdi. S\u0131rbistan milli tak\u0131m\u0131n\u0131 \u00e7al\u0131\u015ft\u0131ran Ba\u015fantren\u00f6r Zoran Terzic'in yoklu\u011funda yard\u0131mc\u0131s\u0131 Salih Tavac\u0131 y\u00f6netiminde yeni transferlerimiz Gizem \u00d6rge ve Tutku Burcu Y\u00fczgen\u00e7\u2019in yer ald\u0131\u011f\u0131 \u00e7al\u0131\u015fmaya milli oyuncular kaptan Eda Erdem D\u00fcndar, Naz\u2026","rel":"","context":"&quot;T\u00fcrkiye Ligi&quot; i\u00e7inde","block_context":{"text":"T\u00fcrkiye Ligi","link":"https:\/\/sarimelekler.biz\/?cat=6"},"img":{"alt_text":"","src":"https:\/\/i0.wp.com\/sarimelekler.biz\/wp-content\/uploads\/2021\/07\/21-22-Sezon-Oncesi-5-Kapak.jpg?resize=350%2C200&ssl=1","width":350,"height":200,"srcset":"https:\/\/i0.wp.com\/sarimelekler.biz\/wp-content\/uploads\/2021\/07\/21-22-Sezon-Oncesi-5-Kapak.jpg?resize=350%2C200&ssl=1 1x, https:\/\/i0.wp.com\/sarimelekler.biz\/wp-content\/uploads\/2021\/07\/21-22-Sezon-Oncesi-5-Kapak.jpg?resize=525%2C300&ssl=1 1.5x, https:\/\/i0.wp.com\/sarimelekler.biz\/wp-content\/uploads\/2021\/07\/21-22-Sezon-Oncesi-5-Kapak.jpg?resize=700%2C400&ssl=1 2x, https:\/\/i0.wp.com\/sarimelekler.biz\/wp-content\/uploads\/2021\/07\/21-22-Sezon-Oncesi-5-Kapak.jpg?resize=1050%2C600&ssl=1 3x, https:\/\/i0.wp.com\/sarimelekler.biz\/wp-content\/uploads\/2021\/07\/21-22-Sezon-Oncesi-5-Kapak.jpg?resize=1400%2C800&ssl=1 4x"},"classes":[]},{"id":15978,"url":"https:\/\/sarimelekler.biz\/?p=15978","url_meta":{"origin":11405,"position":2},"title":"Kad\u0131n Voleybol Tak\u0131mlar\u0131m\u0131z Topuk Yaylas\u0131 Tesislerimizde \u00c7al\u0131\u015fmalara Ba\u015fl\u0131yor","author":"Edit\u00f6r","date":"17 A\u011fustos 2021","format":false,"excerpt":"Fenerbah\u00e7e Opet Kad\u0131n Voleybol Tak\u0131m\u0131m\u0131z, 1.Lig Fenerbah\u00e7e Terrazzo Kad\u0131n Voleybol Tak\u0131m\u0131m\u0131z ve 2.Lig Kad\u0131n Voleybol Tak\u0131m\u0131m\u0131z bug\u00fcn itibar\u0131yla sezon haz\u0131rl\u0131klar\u0131 i\u00e7in D\u00fczce\u2019nin Kayna\u015fl\u0131 il\u00e7esinde bulunan Serkan Acar Resort&Sport Topuk Yaylas\u0131 Tesislerine gitti. Tak\u0131mlar\u0131m\u0131z bir hafta s\u00fcreyle \u00e7al\u0131\u015fmalar\u0131n\u0131 s\u00fcrd\u00fcrecek. Fenerbah\u00e7e Opet Kad\u0131n Voleybol Tak\u0131m\u0131m\u0131zda, Milli Tak\u0131mlarda bulunan oyuncular ve ba\u015fantren\u00f6r\u00fcm\u00fcz yoklu\u011funda,\u2026","rel":"","context":"&quot;Haberler&quot; i\u00e7inde","block_context":{"text":"Haberler","link":"https:\/\/sarimelekler.biz\/?cat=7"},"img":{"alt_text":"","src":"https:\/\/i0.wp.com\/sarimelekler.biz\/wp-content\/uploads\/2021\/08\/Topuk-Yaylasi-21-22-1.jpg?resize=350%2C200&ssl=1","width":350,"height":200,"srcset":"https:\/\/i0.wp.com\/sarimelekler.biz\/wp-content\/uploads\/2021\/08\/Topuk-Yaylasi-21-22-1.jpg?resize=350%2C200&ssl=1 1x, https:\/\/i0.wp.com\/sarimelekler.biz\/wp-content\/uploads\/2021\/08\/Topuk-Yaylasi-21-22-1.jpg?resize=525%2C300&ssl=1 1.5x, https:\/\/i0.wp.com\/sarimelekler.biz\/wp-content\/uploads\/2021\/08\/Topuk-Yaylasi-21-22-1.jpg?resize=700%2C400&ssl=1 2x, https:\/\/i0.wp.com\/sarimelekler.biz\/wp-content\/uploads\/2021\/08\/Topuk-Yaylasi-21-22-1.jpg?resize=1050%2C600&ssl=1 3x, https:\/\/i0.wp.com\/sarimelekler.biz\/wp-content\/uploads\/2021\/08\/Topuk-Yaylasi-21-22-1.jpg?resize=1400%2C800&ssl=1 4x"},"classes":[]},{"id":11466,"url":"https:\/\/sarimelekler.biz\/?p=11466","url_meta":{"origin":11405,"position":3},"title":"Sar\u0131 Melekler Yeni Sezona Topuk Yaylas\u0131\u2019nda Haz\u0131rlan\u0131yor","author":"Edit\u00f6r","date":"30 A\u011fustos 2019","format":false,"excerpt":"Fenerbah\u00e7e Kad\u0131n Voleybol Tak\u0131m\u0131m\u0131z yeni sezona D\u00fczce\u2019nin Kayna\u015fl\u0131 il\u00e7esinde bulunan Serkan Acar Resort&Sport Topuk Yaylas\u0131\u2019nda haz\u0131rlan\u0131yor. M\u00fccadele edece\u011fi 3 kulvarda da ba\u015far\u0131 hedefleyen Sar\u0131 Melekler, sezonu 15 A\u011fustos\u2019ta Derea\u011fz\u0131 Lefter K\u00fc\u00e7\u00fckandonyadis Tesislerimizde yapt\u0131\u011f\u0131 antrenmanla a\u00e7t\u0131. \u00c7al\u0131\u015fmalar\u0131n\u0131n \u0130stanbul etab\u0131n\u0131n ard\u0131ndan 1 haftal\u0131k kamp i\u00e7in 26 A\u011fustos 2019 Pazartesi g\u00fcn\u00fc Serkan Acar\u2026","rel":"","context":"&quot;Haberler&quot; i\u00e7inde","block_context":{"text":"Haberler","link":"https:\/\/sarimelekler.biz\/?cat=7"},"img":{"alt_text":"","src":"https:\/\/i0.wp.com\/sarimelekler.biz\/wp-content\/uploads\/2019\/08\/19-20-Topuk-Yaylas%C4%B1-11.png?resize=350%2C200&ssl=1","width":350,"height":200,"srcset":"https:\/\/i0.wp.com\/sarimelekler.biz\/wp-content\/uploads\/2019\/08\/19-20-Topuk-Yaylas%C4%B1-11.png?resize=350%2C200&ssl=1 1x, https:\/\/i0.wp.com\/sarimelekler.biz\/wp-content\/uploads\/2019\/08\/19-20-Topuk-Yaylas%C4%B1-11.png?resize=525%2C300&ssl=1 1.5x, https:\/\/i0.wp.com\/sarimelekler.biz\/wp-content\/uploads\/2019\/08\/19-20-Topuk-Yaylas%C4%B1-11.png?resize=700%2C400&ssl=1 2x, https:\/\/i0.wp.com\/sarimelekler.biz\/wp-content\/uploads\/2019\/08\/19-20-Topuk-Yaylas%C4%B1-11.png?resize=1050%2C600&ssl=1 3x"},"classes":[]},{"id":6834,"url":"https:\/\/sarimelekler.biz\/?p=6834","url_meta":{"origin":11405,"position":4},"title":"Sar\u0131 Melekler yeni sezon haz\u0131rl\u0131klar\u0131n\u0131 s\u00fcrd\u00fcr\u00fcyor","author":"Edit\u00f6r","date":"22 Eyl\u00fcl 2018","format":false,"excerpt":"Ge\u00e7ti\u011fimiz hafta sonu Topuk Yaylas\u0131 Tesislerinde ger\u00e7ekle\u015ftirilen kamptan d\u00f6nen Fenerbah\u00e7e Kad\u0131n Voleybol Tak\u0131m\u0131m\u0131z, yeni sezon haz\u0131rl\u0131klar\u0131n\u0131 Derea\u011fz\u0131 Lefter K\u00fc\u00e7\u00fckandonyadis Tesislerimizde yapt\u0131\u011f\u0131 antrenmanlarla s\u00fcrd\u00fcr\u00fcyor. Antrenmanlara \u015fuan Milli Tak\u0131m Kamp\u0131nda bulunan kaptan\u0131m\u0131z Eda Erdem D\u00fcndar ile Samantha Bricio kat\u0131lm\u0131yor. Devam eden antrenmanlara ge\u00e7ti\u011fmiz g\u00fcnlerde Voleybol \u015eubesi Yard\u0131mc\u0131s\u0131 Muhittin \u0130lker Din\u00e7ay ile haz\u0131rl\u0131k\u2026","rel":"","context":"&quot;Haberler&quot; i\u00e7inde","block_context":{"text":"Haberler","link":"https:\/\/sarimelekler.biz\/?cat=7"},"img":{"alt_text":"","src":"https:\/\/i0.wp.com\/sarimelekler.biz\/wp-content\/uploads\/2018\/09\/DnoHLZUXsAEvomD.jpg-large.jpg?resize=350%2C200&ssl=1","width":350,"height":200,"srcset":"https:\/\/i0.wp.com\/sarimelekler.biz\/wp-content\/uploads\/2018\/09\/DnoHLZUXsAEvomD.jpg-large.jpg?resize=350%2C200&ssl=1 1x, https:\/\/i0.wp.com\/sarimelekler.biz\/wp-content\/uploads\/2018\/09\/DnoHLZUXsAEvomD.jpg-large.jpg?resize=525%2C300&ssl=1 1.5x, https:\/\/i0.wp.com\/sarimelekler.biz\/wp-content\/uploads\/2018\/09\/DnoHLZUXsAEvomD.jpg-large.jpg?resize=700%2C400&ssl=1 2x, https:\/\/i0.wp.com\/sarimelekler.biz\/wp-content\/uploads\/2018\/09\/DnoHLZUXsAEvomD.jpg-large.jpg?resize=1050%2C600&ssl=1 3x, https:\/\/i0.wp.com\/sarimelekler.biz\/wp-content\/uploads\/2018\/09\/DnoHLZUXsAEvomD.jpg-large.jpg?resize=1400%2C800&ssl=1 4x"},"classes":[]},{"id":6793,"url":"https:\/\/sarimelekler.biz\/?p=6793","url_meta":{"origin":11405,"position":5},"title":"Sar\u0131 Melekler yeni sezona Topuk Yaylas\u0131\u2019nda haz\u0131rlan\u0131yor","author":"Edit\u00f6r","date":"11 Eyl\u00fcl 2018","format":false,"excerpt":"Fenerbah\u00e7e Kad\u0131n Voleybol Tak\u0131m\u0131m\u0131z yeni sezona D\u00fczce'nin Kayna\u015fl\u0131 il\u00e7esinde bulunan Serkan Acar Resort&Sport Topuk Yaylas\u0131\u2019nda haz\u0131rlan\u0131yor. M\u00fccadele edece\u011fi 3 kulvarda da ba\u015far\u0131 hedefleyen Sar\u0131 Melekler, sezonu ge\u00e7ti\u011fimiz hafta Derea\u011fz\u0131 Lefter K\u00fc\u00e7\u00fckandonyadis Tesislerimizde yapt\u0131\u011f\u0131 antrenmanla a\u00e7t\u0131. 1 haftal\u0131k \u00e7al\u0131\u015fman\u0131n ard\u0131ndan kafilemiz sabah saatlerinde Topuk Yaylas\u0131'n\u0131n yolunu tuttu. Burada 1 hafta kamp\u2026","rel":"","context":"&quot;Haberler&quot; i\u00e7inde","block_context":{"text":"Haberler","link":"https:\/\/sarimelekler.biz\/?cat=7"},"img":{"alt_text":"","src":"https:\/\/i0.wp.com\/sarimelekler.biz\/wp-content\/uploads\/2018\/09\/de6p8071_61622_7310361.jpg?resize=350%2C200&ssl=1","width":350,"height":200,"srcset":"https:\/\/i0.wp.com\/sarimelekler.biz\/wp-content\/uploads\/2018\/09\/de6p8071_61622_7310361.jpg?resize=350%2C200&ssl=1 1x, https:\/\/i0.wp.com\/sarimelekler.biz\/wp-content\/uploads\/2018\/09\/de6p8071_61622_7310361.jpg?resize=525%2C300&ssl=1 1.5x, https:\/\/i0.wp.com\/sarimelekler.biz\/wp-content\/uploads\/2018\/09\/de6p8071_61622_7310361.jpg?resize=700%2C400&ssl=1 2x, https:\/\/i0.wp.com\/sarimelekler.biz\/wp-content\/uploads\/2018\/09\/de6p8071_61622_7310361.jpg?resize=1050%2C600&ssl=1 3x, https:\/\/i0.wp.com\/sarimelekler.biz\/wp-content\/uploads\/2018\/09\/de6p8071_61622_7310361.jpg?resize=1400%2C800&ssl=1 4x"},"classes":[]}],"_links":{"self":[{"href":"https:\/\/sarimelekler.biz\/index.php?rest_route=\/wp\/v2\/posts\/11405","targetHints":{"allow":["GET"]}}],"collection":[{"href":"https:\/\/sarimelekler.biz\/index.php?rest_route=\/wp\/v2\/posts"}],"about":[{"href":"https:\/\/sarimelekler.biz\/index.php?rest_route=\/wp\/v2\/types\/post"}],"author":[{"embeddable":true,"href":"https:\/\/sarimelekler.biz\/index.php?rest_route=\/wp\/v2\/users\/1"}],"replies":[{"embeddable":true,"href":"https:\/\/sarimelekler.biz\/index.php?rest_route=%2Fwp%2Fv2%2Fcomments&post=11405"}],"version-history":[{"count":2,"href":"https:\/\/sarimelekler.biz\/index.php?rest_route=\/wp\/v2\/posts\/11405\/revisions"}],"predecessor-version":[{"id":11422,"href":"https:\/\/sarimelekler.biz\/index.php?rest_route=\/wp\/v2\/posts\/11405\/revisions\/11422"}],"wp:featuredmedia":[{"embeddable":true,"href":"https:\/\/sarimelekler.biz\/index.php?rest_route=\/wp\/v2\/media\/11418"}],"wp:attachment":[{"href":"https:\/\/sarimelekler.biz\/index.php?rest_route=%2Fwp%2Fv2%2Fmedia&parent=11405"}],"wp:term":[{"taxonomy":"category","embeddable":true,"href":"https:\/\/sarimelekler.biz\/index.php?rest_route=%2Fwp%2Fv2%2Fcategories&post=11405"},{"taxonomy":"post_tag","embeddable":true,"href":"https:\/\/sarimelekler.biz\/index.php?rest_route=%2Fwp%2Fv2%2Ftags&post=11405"}],"curies":[{"name":"wp","href":"https:\/\/api.w.org\/{rel}","templated":true}]}}