{"id":11436,"date":"2019-08-23T19:40:16","date_gmt":"2019-08-23T16:40:16","guid":{"rendered":"http:\/\/sarimelekler.biz\/?p=11436"},"modified":"2019-08-26T15:51:29","modified_gmt":"2019-08-26T12:51:29","slug":"vargasin-instagram-hesabindan-yapilan-paylasimlari-gercegi-yansitmamaktadir","status":"publish","type":"post","link":"https:\/\/sarimelekler.biz\/?p=11436","title":{"rendered":"Vargas\u2019\u0131n Instagram Hesab\u0131ndan Yap\u0131lan Payla\u015f\u0131mlar\u0131 Ger\u00e7e\u011fi Yans\u0131tmamaktad\u0131r."},"content":{"rendered":"<p style=\"text-align: justify;\">Y\u0131ld\u0131z oyuncumuz Melissa Vargas\u2019\u0131n instagram hesab\u0131ndan yap\u0131lan kul\u00fcb\u00fcm\u00fczden ayr\u0131ld\u0131\u011f\u0131 ve Be\u015fikta\u015f ile g\u00f6r\u00fc\u015fmelere ba\u015flad\u0131\u011f\u0131 payla\u015f\u0131m\u0131 ger\u00e7e\u011fi yans\u0131tmamaktad\u0131r. Oyuncumuzun instagram hesab\u0131 \u00e7al\u0131nd\u0131\u011f\u0131 i\u00e7in bu tarz bir payla\u015f\u0131m yap\u0131lm\u0131\u015ft\u0131r.<\/p>\n<p style=\"text-align: justify;\">Bu olay \u00fczerine ise Melissa Vargas ( <a href=\"https:\/\/www.instagram.com\/abreusmelisa\/\" target=\"_blank\" rel=\"noopener noreferrer\"><strong>abreusmelisa<\/strong><\/a> ) kullan\u0131c\u0131 ad\u0131yla yeni bir instagram hesab\u0131 a\u00e7t\u0131<\/p>\n<p><a href=\"https:\/\/www.instagram.com\/abreusmelisa\/\" target=\"_blank\" rel=\"noopener noreferrer\">Vargas&#8217;\u0131n Yeni Hesab\u0131<\/a><\/p>\n<p>Yap\u0131lan Payla\u015f\u0131m:<\/p>\n\n\t\t<style type=\"text\/css\">\n\t\t\t#gallery-1 {\n\t\t\t\tmargin: auto;\n\t\t\t}\n\t\t\t#gallery-1 .gallery-item {\n\t\t\t\tfloat: left;\n\t\t\t\tmargin-top: 10px;\n\t\t\t\ttext-align: center;\n\t\t\t\twidth: 50%;\n\t\t\t}\n\t\t\t#gallery-1 img {\n\t\t\t\tborder: 2px solid #cfcfcf;\n\t\t\t}\n\t\t\t#gallery-1 .gallery-caption {\n\t\t\t\tmargin-left: 0;\n\t\t\t}\n\t\t\t\/* see gallery_shortcode() in wp-includes\/media.php *\/\n\t\t<\/style>\n\t\t<div data-carousel-extra='{&quot;blog_id&quot;:1,&quot;permalink&quot;:&quot;https:\/\/sarimelekler.biz\/?p=11436&quot;}' id='gallery-1' class='gallery galleryid-11436 gallery-columns-2 gallery-size-large'><dl class='gallery-item'>\n\t\t\t<dt class='gallery-icon portrait'>\n\t\t\t\t<a href='https:\/\/sarimelekler.biz\/?attachment_id=11437'><img loading=\"lazy\" decoding=\"async\" width=\"860\" height=\"945\" src=\"https:\/\/sarimelekler.biz\/wp-content\/uploads\/2019\/08\/Vargas-ins1-932x1024.jpg\" class=\"attachment-large size-large\" alt=\"\" srcset=\"https:\/\/sarimelekler.biz\/wp-content\/uploads\/2019\/08\/Vargas-ins1-932x1024.jpg 932w, https:\/\/sarimelekler.biz\/wp-content\/uploads\/2019\/08\/Vargas-ins1-273x300.jpg 273w, https:\/\/sarimelekler.biz\/wp-content\/uploads\/2019\/08\/Vargas-ins1-768x843.jpg 768w, https:\/\/sarimelekler.biz\/wp-content\/uploads\/2019\/08\/Vargas-ins1-137x150.jpg 137w, https:\/\/sarimelekler.biz\/wp-content\/uploads\/2019\/08\/Vargas-ins1.jpg 1080w\" sizes=\"auto, (max-width: 860px) 100vw, 860px\" data-attachment-id=\"11437\" data-permalink=\"https:\/\/sarimelekler.biz\/?attachment_id=11437\" data-orig-file=\"https:\/\/sarimelekler.biz\/wp-content\/uploads\/2019\/08\/Vargas-ins1.jpg\" data-orig-size=\"1080,1186\" data-comments-opened=\"0\" data-image-meta=\"{&quot;aperture&quot;:&quot;0&quot;,&quot;credit&quot;:&quot;&quot;,&quot;camera&quot;:&quot;&quot;,&quot;caption&quot;:&quot;&quot;,&quot;created_timestamp&quot;:&quot;0&quot;,&quot;copyright&quot;:&quot;&quot;,&quot;focal_length&quot;:&quot;0&quot;,&quot;iso&quot;:&quot;0&quot;,&quot;shutter_speed&quot;:&quot;0&quot;,&quot;title&quot;:&quot;&quot;,&quot;orientation&quot;:&quot;0&quot;}\" data-image-title=\"Vargas ins1\" data-image-description=\"\" data-image-caption=\"\" data-large-file=\"https:\/\/sarimelekler.biz\/wp-content\/uploads\/2019\/08\/Vargas-ins1-932x1024.jpg\" \/><\/a>\n\t\t\t<\/dt><\/dl><dl class='gallery-item'>\n\t\t\t<dt class='gallery-icon landscape'>\n\t\t\t\t<a href='https:\/\/sarimelekler.biz\/?attachment_id=11438'><img loading=\"lazy\" decoding=\"async\" width=\"607\" height=\"354\" src=\"https:\/\/sarimelekler.biz\/wp-content\/uploads\/2019\/08\/Vargas-ins2.jpg\" class=\"attachment-large size-large\" alt=\"\" srcset=\"https:\/\/sarimelekler.biz\/wp-content\/uploads\/2019\/08\/Vargas-ins2.jpg 607w, https:\/\/sarimelekler.biz\/wp-content\/uploads\/2019\/08\/Vargas-ins2-300x175.jpg 300w, https:\/\/sarimelekler.biz\/wp-content\/uploads\/2019\/08\/Vargas-ins2-150x87.jpg 150w\" sizes=\"auto, (max-width: 607px) 100vw, 607px\" data-attachment-id=\"11438\" data-permalink=\"https:\/\/sarimelekler.biz\/?attachment_id=11438\" data-orig-file=\"https:\/\/sarimelekler.biz\/wp-content\/uploads\/2019\/08\/Vargas-ins2.jpg\" data-orig-size=\"607,354\" data-comments-opened=\"0\" data-image-meta=\"{&quot;aperture&quot;:&quot;0&quot;,&quot;credit&quot;:&quot;&quot;,&quot;camera&quot;:&quot;&quot;,&quot;caption&quot;:&quot;&quot;,&quot;created_timestamp&quot;:&quot;0&quot;,&quot;copyright&quot;:&quot;&quot;,&quot;focal_length&quot;:&quot;0&quot;,&quot;iso&quot;:&quot;0&quot;,&quot;shutter_speed&quot;:&quot;0&quot;,&quot;title&quot;:&quot;&quot;,&quot;orientation&quot;:&quot;0&quot;}\" data-image-title=\"Vargas ins2\" data-image-description=\"\" data-image-caption=\"\" data-large-file=\"https:\/\/sarimelekler.biz\/wp-content\/uploads\/2019\/08\/Vargas-ins2.jpg\" \/><\/a>\n\t\t\t<\/dt><\/dl><br style=\"clear: both\" \/><dl class='gallery-item'>\n\t\t\t<dt class='gallery-icon portrait'>\n\t\t\t\t<a href='https:\/\/sarimelekler.biz\/?attachment_id=11443'><img loading=\"lazy\" decoding=\"async\" width=\"838\" height=\"1024\" src=\"https:\/\/sarimelekler.biz\/wp-content\/uploads\/2019\/08\/Vargas-ins3-838x1024.jpg\" class=\"attachment-large size-large\" alt=\"\" srcset=\"https:\/\/sarimelekler.biz\/wp-content\/uploads\/2019\/08\/Vargas-ins3-838x1024.jpg 838w, https:\/\/sarimelekler.biz\/wp-content\/uploads\/2019\/08\/Vargas-ins3-245x300.jpg 245w, https:\/\/sarimelekler.biz\/wp-content\/uploads\/2019\/08\/Vargas-ins3-768x939.jpg 768w, https:\/\/sarimelekler.biz\/wp-content\/uploads\/2019\/08\/Vargas-ins3-123x150.jpg 123w, https:\/\/sarimelekler.biz\/wp-content\/uploads\/2019\/08\/Vargas-ins3.jpg 1080w\" sizes=\"auto, (max-width: 838px) 100vw, 838px\" data-attachment-id=\"11443\" data-permalink=\"https:\/\/sarimelekler.biz\/?attachment_id=11443\" data-orig-file=\"https:\/\/sarimelekler.biz\/wp-content\/uploads\/2019\/08\/Vargas-ins3.jpg\" data-orig-size=\"1080,1320\" data-comments-opened=\"0\" data-image-meta=\"{&quot;aperture&quot;:&quot;0&quot;,&quot;credit&quot;:&quot;&quot;,&quot;camera&quot;:&quot;&quot;,&quot;caption&quot;:&quot;&quot;,&quot;created_timestamp&quot;:&quot;0&quot;,&quot;copyright&quot;:&quot;&quot;,&quot;focal_length&quot;:&quot;0&quot;,&quot;iso&quot;:&quot;0&quot;,&quot;shutter_speed&quot;:&quot;0&quot;,&quot;title&quot;:&quot;&quot;,&quot;orientation&quot;:&quot;0&quot;}\" data-image-title=\"Vargas ins3\" data-image-description=\"\" data-image-caption=\"\" data-large-file=\"https:\/\/sarimelekler.biz\/wp-content\/uploads\/2019\/08\/Vargas-ins3-838x1024.jpg\" \/><\/a>\n\t\t\t<\/dt><\/dl>\n\t\t\t<br style='clear: both' \/>\n\t\t<\/div>\n\n<p style=\"text-align: right;\">23.08.2019<\/p>\n","protected":false},"excerpt":{"rendered":"<p>Y\u0131ld\u0131z oyuncumuz Melissa Vargas\u2019\u0131n instagram hesab\u0131ndan yap\u0131lan kul\u00fcb\u00fcm\u00fczden ayr\u0131ld\u0131\u011f\u0131 ve \u2026 <a class=\"continue-reading-link\" href=\"https:\/\/sarimelekler.biz\/?p=11436\">Okumaya Devam Et.. <span class=\"meta-nav\">&rarr; <\/span><\/a><\/p>\n","protected":false},"author":1,"featured_media":11420,"comment_status":"closed","ping_status":"open","sticky":false,"template":"","format":"standard","meta":{"jetpack_post_was_ever_published":false,"_jetpack_newsletter_access":"","_jetpack_dont_email_post_to_subs":false,"_jetpack_newsletter_tier_id":0,"_jetpack_memberships_contains_paywalled_content":false,"_jetpack_memberships_contains_paid_content":false,"footnotes":"","jetpack_publicize_message":"","jetpack_publicize_feature_enabled":true,"jetpack_social_post_already_shared":true,"jetpack_social_options":{"image_generator_settings":{"template":"highway","default_image_id":0,"font":"","enabled":false},"version":2}},"categories":[7],"tags":[],"class_list":["post-11436","post","type-post","status-publish","format-standard","has-post-thumbnail","hentry","category-haberler"],"jetpack_publicize_connections":[],"jetpack_featured_media_url":"https:\/\/sarimelekler.biz\/wp-content\/uploads\/2019\/08\/19-20-Sezon-A\u00e7\u0131l\u0131\u015f\u0131-15.jpg","jetpack_sharing_enabled":true,"jetpack_shortlink":"https:\/\/wp.me\/p8npUZ-2Ys","jetpack-related-posts":[{"id":15727,"url":"https:\/\/sarimelekler.biz\/?p=15727","url_meta":{"origin":11436,"position":0},"title":"Melissa Vargas Tak\u0131m\u0131m\u0131zdan Ayr\u0131ld\u0131","author":"Edit\u00f6r","date":"22 Nisan 2021","format":false,"excerpt":"Kul\u00fcb\u00fcm\u00fcz Fenerbah\u00e7e Opet Kad\u0131n Voleybol tak\u0131m\u0131m\u0131z\u0131n pas\u00f6r \u00e7apraz\u0131 oyuncusu Melissa Vargas\u2019\u0131n tak\u0131mdan ayr\u0131ld\u0131\u011f\u0131n\u0131 resmi sitesinden yapt\u0131\u011f\u0131 a\u00e7\u0131klamayla duyurdu. Melissa Vargas\u2019a emekleri i\u00e7in te\u015fekk\u00fcr eder, kariyerinde ba\u015far\u0131lar dileriz. Kul\u00fcb\u00fcm\u00fczden Yap\u0131lan A\u00e7\u0131klama: Her \u015fey i\u00e7in bir kez daha te\u015fekk\u00fcrler Melissa! 2018-2019 sezonundan bu yana formam\u0131z\u0131 gururla ta\u015f\u0131yan Melissa Vargas, hayallerini ger\u00e7ekle\u015ftirmenin gururuyla\u2026","rel":"","context":"&quot;Transfer Haberleri&quot; i\u00e7inde","block_context":{"text":"Transfer Haberleri","link":"https:\/\/sarimelekler.biz\/?cat=23"},"img":{"alt_text":"","src":"https:\/\/i0.wp.com\/sarimelekler.biz\/wp-content\/uploads\/2021\/04\/Vargas.jpg?resize=350%2C200&ssl=1","width":350,"height":200,"srcset":"https:\/\/i0.wp.com\/sarimelekler.biz\/wp-content\/uploads\/2021\/04\/Vargas.jpg?resize=350%2C200&ssl=1 1x, https:\/\/i0.wp.com\/sarimelekler.biz\/wp-content\/uploads\/2021\/04\/Vargas.jpg?resize=525%2C300&ssl=1 1.5x, https:\/\/i0.wp.com\/sarimelekler.biz\/wp-content\/uploads\/2021\/04\/Vargas.jpg?resize=700%2C400&ssl=1 2x"},"classes":[]},{"id":13431,"url":"https:\/\/sarimelekler.biz\/?p=13431","url_meta":{"origin":11436,"position":1},"title":"Fenerbah\u00e7e Opet\u2019in S\u00f6zle\u015fme Yenilemedi\u011fi Jordan Thompson Tak\u0131m\u0131m\u0131zdan Ayr\u0131ld\u0131.","author":"Edit\u00f6r","date":"12 May\u0131s 2020","format":false,"excerpt":"Fenerbah\u00e7e Opet Kad\u0131n Voleybol tak\u0131m\u0131m\u0131z\u0131n Pas\u00f6r \u00c7apraz\u0131 Melissa Vargas, tak\u0131m\u0131m\u0131z\u0131n 28 Kas\u0131m 2019 g\u00fcn\u00fc kar\u015f\u0131la\u015ft\u0131\u011f\u0131 Budowlani Lodz ma\u00e7\u0131 3. setinde sa\u011f ayak bile\u011finden sakatlanm\u0131\u015ft\u0131. Melissa Vargas\u2019\u0131n sakatl\u0131\u011f\u0131n\u0131n beklenenden uzun s\u00fcrecek olmas\u0131ndan dolay\u0131 kul\u00fcb\u00fcm\u00fcz bu pozisyona 19.12.2019 g\u00fcn\u00fc Amerikal\u0131 pas\u00f6r \u00e7apras\u0131 Jordan Thompson\u2019u transfer etmi\u015fti. Thompson 03.01.2020 g\u00fcn\u00fc tak\u0131m\u0131m\u0131za kat\u0131lm\u0131\u015ft\u0131. 19.03.2020\u2026","rel":"","context":"&quot;Transfer Haberleri&quot; i\u00e7inde","block_context":{"text":"Transfer Haberleri","link":"https:\/\/sarimelekler.biz\/?cat=23"},"img":{"alt_text":"","src":"https:\/\/i0.wp.com\/sarimelekler.biz\/wp-content\/uploads\/2020\/05\/Jordan-Kapak.jpg?resize=350%2C200&ssl=1","width":350,"height":200,"srcset":"https:\/\/i0.wp.com\/sarimelekler.biz\/wp-content\/uploads\/2020\/05\/Jordan-Kapak.jpg?resize=350%2C200&ssl=1 1x, https:\/\/i0.wp.com\/sarimelekler.biz\/wp-content\/uploads\/2020\/05\/Jordan-Kapak.jpg?resize=525%2C300&ssl=1 1.5x, https:\/\/i0.wp.com\/sarimelekler.biz\/wp-content\/uploads\/2020\/05\/Jordan-Kapak.jpg?resize=700%2C400&ssl=1 2x, https:\/\/i0.wp.com\/sarimelekler.biz\/wp-content\/uploads\/2020\/05\/Jordan-Kapak.jpg?resize=1050%2C600&ssl=1 3x, https:\/\/i0.wp.com\/sarimelekler.biz\/wp-content\/uploads\/2020\/05\/Jordan-Kapak.jpg?resize=1400%2C800&ssl=1 4x"},"classes":[]},{"id":20450,"url":"https:\/\/sarimelekler.biz\/?p=20450","url_meta":{"origin":11436,"position":2},"title":"Zonguldak&#8217;\u0131n \u00c7aycuma \u0130l\u00e7esinde Vargas\u2019\u0131n Heykeli Dikildi","author":"Edit\u00f6r","date":"9 Mart 2024","format":false,"excerpt":"Ge\u00e7ti\u011fimiz sezon Fenerbah\u00e7e Opet Kad\u0131n Voleybol Tak\u0131m\u0131m\u0131z ile lig \u015fampiyonlu\u011fu kazanan, A Milli Kad\u0131n Voleybol Tak\u0131m\u0131m\u0131zla Milletler Ligi ve Avrupa \u015eampiyonlu\u011fu ya\u015fay\u0131p, olimpiyat elemelerinde 7'de 7 yapan tak\u0131m\u0131n bir par\u00e7as\u0131 olan Fenerbah\u00e7e Opet Kad\u0131n Voleybol Tak\u0131m\u0131m\u0131z ve A Milli Kad\u0131n Voleybol Tak\u0131m\u0131m\u0131z\u0131n en \u00f6nemli isimlerinden biri olan voleybolcumuz Melissa Vargas\u2019\u0131n\u2026","rel":"","context":"&quot;Haberler&quot; i\u00e7inde","block_context":{"text":"Haberler","link":"https:\/\/sarimelekler.biz\/?cat=7"},"img":{"alt_text":"","src":"https:\/\/i0.wp.com\/sarimelekler.biz\/wp-content\/uploads\/2024\/03\/Vargas-Heykel-13.jpg?resize=350%2C200&ssl=1","width":350,"height":200,"srcset":"https:\/\/i0.wp.com\/sarimelekler.biz\/wp-content\/uploads\/2024\/03\/Vargas-Heykel-13.jpg?resize=350%2C200&ssl=1 1x, https:\/\/i0.wp.com\/sarimelekler.biz\/wp-content\/uploads\/2024\/03\/Vargas-Heykel-13.jpg?resize=525%2C300&ssl=1 1.5x, https:\/\/i0.wp.com\/sarimelekler.biz\/wp-content\/uploads\/2024\/03\/Vargas-Heykel-13.jpg?resize=700%2C400&ssl=1 2x, https:\/\/i0.wp.com\/sarimelekler.biz\/wp-content\/uploads\/2024\/03\/Vargas-Heykel-13.jpg?resize=1050%2C600&ssl=1 3x, https:\/\/i0.wp.com\/sarimelekler.biz\/wp-content\/uploads\/2024\/03\/Vargas-Heykel-13.jpg?resize=1400%2C800&ssl=1 4x"},"classes":[]},{"id":22739,"url":"https:\/\/sarimelekler.biz\/?p=22739","url_meta":{"origin":11436,"position":3},"title":"Say\u0131n Hulusi Belg\u00fc\u2019n\u00fcn A\u00e7\u0131klamalar\u0131","author":"Edit\u00f6r","date":"24 Mart 2026","format":false,"excerpt":"Ali Ko\u00e7 Ba\u015fkanl\u0131k d\u00f6nemi Voleybol \u015eube Sorumlumuz Say\u0131n Hulusi Belg\u00fc Ki\u015fisel X Hesab\u0131ndan Son G\u00fcnlerde ya\u015fanan kupa elenmeleri sonras\u0131nda bir a\u00e7\u0131klama yay\u0131nlad\u0131: \"Hi\u00e7 oyuncular\u0131, hocay\u0131 su\u00e7lamay\u0131n. Daha evvel de yazd\u0131\u011f\u0131m gibi su\u00e7 bende ama a\u015fa\u011f\u0131da yazd\u0131klar\u0131m\u0131 bir okuyun ve ne oldu\u011funu anlay\u0131n! Eyl\u00fcl 2025 se\u00e7imlerinden sonra Fenerbah\u00e7e voleybolunun gelece\u011fi hakk\u0131nda\u2026","rel":"","context":"&quot;Haberler&quot; i\u00e7inde","block_context":{"text":"Haberler","link":"https:\/\/sarimelekler.biz\/?cat=7"},"img":{"alt_text":"","src":"https:\/\/i0.wp.com\/sarimelekler.biz\/wp-content\/uploads\/2026\/03\/Hulusi-Belgu-scaled.jpg?resize=350%2C200&ssl=1","width":350,"height":200,"srcset":"https:\/\/i0.wp.com\/sarimelekler.biz\/wp-content\/uploads\/2026\/03\/Hulusi-Belgu-scaled.jpg?resize=350%2C200&ssl=1 1x, https:\/\/i0.wp.com\/sarimelekler.biz\/wp-content\/uploads\/2026\/03\/Hulusi-Belgu-scaled.jpg?resize=525%2C300&ssl=1 1.5x, https:\/\/i0.wp.com\/sarimelekler.biz\/wp-content\/uploads\/2026\/03\/Hulusi-Belgu-scaled.jpg?resize=700%2C400&ssl=1 2x, https:\/\/i0.wp.com\/sarimelekler.biz\/wp-content\/uploads\/2026\/03\/Hulusi-Belgu-scaled.jpg?resize=1050%2C600&ssl=1 3x, https:\/\/i0.wp.com\/sarimelekler.biz\/wp-content\/uploads\/2026\/03\/Hulusi-Belgu-scaled.jpg?resize=1400%2C800&ssl=1 4x"},"classes":[]},{"id":12640,"url":"https:\/\/sarimelekler.biz\/?p=12640","url_meta":{"origin":11436,"position":4},"title":"Jordan Thompson Fenerbah\u00e7e Opet\u2019te","author":"Edit\u00f6r","date":"19 Aral\u0131k 2019","format":false,"excerpt":"Fenerbah\u00e7e Opet Kad\u0131n Voleybol tak\u0131m\u0131m\u0131z\u0131n Pas\u00f6r \u00c7apraz\u0131 Melissa Vargas, tak\u0131m\u0131m\u0131z\u0131n 28 Kas\u0131m 2019 g\u00fcn\u00fc kar\u015f\u0131la\u015ft\u0131\u011f\u0131 Budowlani Lodz ma\u00e7\u0131 3. setinde sa\u011f ayak bile\u011finden sakatlanm\u0131\u015ft\u0131. Melissa Vargas\u2019\u0131n sakatl\u0131\u011f\u0131n\u0131n beklenenden uzun s\u00fcrecek olmas\u0131ndan dolay\u0131 kul\u00fcb\u00fcm\u00fcz bu pozisyona Amerikal\u0131 pas\u00f6r \u00e7apras\u0131 Jordan Thompson\u2019u transfer etti. Kul\u00fcb\u00fcm\u00fczden yap\u0131lan a\u00e7\u0131klama: ABD Kad\u0131n Voleybol Milli Tak\u0131m\u0131\u2019n\u0131n\u2026","rel":"","context":"&quot;Transfer Haberleri&quot; i\u00e7inde","block_context":{"text":"Transfer Haberleri","link":"https:\/\/sarimelekler.biz\/?cat=23"},"img":{"alt_text":"","src":"https:\/\/i0.wp.com\/sarimelekler.biz\/wp-content\/uploads\/2019\/12\/jordanthompsonkapak.jpg?resize=350%2C200&ssl=1","width":350,"height":200,"srcset":"https:\/\/i0.wp.com\/sarimelekler.biz\/wp-content\/uploads\/2019\/12\/jordanthompsonkapak.jpg?resize=350%2C200&ssl=1 1x, https:\/\/i0.wp.com\/sarimelekler.biz\/wp-content\/uploads\/2019\/12\/jordanthompsonkapak.jpg?resize=525%2C300&ssl=1 1.5x, https:\/\/i0.wp.com\/sarimelekler.biz\/wp-content\/uploads\/2019\/12\/jordanthompsonkapak.jpg?resize=700%2C400&ssl=1 2x, https:\/\/i0.wp.com\/sarimelekler.biz\/wp-content\/uploads\/2019\/12\/jordanthompsonkapak.jpg?resize=1050%2C600&ssl=1 3x"},"classes":[]},{"id":15730,"url":"https:\/\/sarimelekler.biz\/?p=15730","url_meta":{"origin":11436,"position":5},"title":"Melissa Vargas: Fenerbah\u00e7e\u2019yi, Bu B\u00fcy\u00fck Kul\u00fcb\u00fc, Bu G\u00fczel Aileyi \u00c7ok \u00d6zleyece\u011fim","author":"Edit\u00f6r","date":"22 Nisan 2021","format":false,"excerpt":"Tak\u0131m\u0131m\u0131zdan ayr\u0131lan Melissa Vargas Kul\u00fcb\u00fcm\u00fcz\u00fcn resmi internet sitesine bir r\u00f6portaj verdi, Melisa Vargas\u2019\u0131n A\u00e7\u0131klamalar\u0131: 2018-19 sezonundan bu yana Fenerbah\u00e7e Opet Kad\u0131n Voleybol Tak\u0131m\u0131m\u0131z\u0131n formas\u0131n\u0131 giyen Melissa Vargas, Kul\u00fcb\u00fcm\u00fcze veda edi\u015finin ard\u0131ndan \u00f6zel a\u00e7\u0131klamalarda bulundu. Fenerbah\u00e7e ailesinin bir par\u00e7as\u0131 olmaktan dolay\u0131 mutlu ve gururlu oldu\u011funu dile getiren Melissa Vargas\u2019\u0131n yapt\u0131\u011f\u0131 a\u00e7\u0131klama\u2026","rel":"","context":"&quot;Resmi Site R\u00f6portajlar\u0131&quot; i\u00e7inde","block_context":{"text":"Resmi Site R\u00f6portajlar\u0131","link":"https:\/\/sarimelekler.biz\/?cat=17"},"img":{"alt_text":"","src":"https:\/\/i0.wp.com\/sarimelekler.biz\/wp-content\/uploads\/2021\/04\/Vargas-Veda-5-scaled.jpg?resize=350%2C200&ssl=1","width":350,"height":200,"srcset":"https:\/\/i0.wp.com\/sarimelekler.biz\/wp-content\/uploads\/2021\/04\/Vargas-Veda-5-scaled.jpg?resize=350%2C200&ssl=1 1x, https:\/\/i0.wp.com\/sarimelekler.biz\/wp-content\/uploads\/2021\/04\/Vargas-Veda-5-scaled.jpg?resize=525%2C300&ssl=1 1.5x, https:\/\/i0.wp.com\/sarimelekler.biz\/wp-content\/uploads\/2021\/04\/Vargas-Veda-5-scaled.jpg?resize=700%2C400&ssl=1 2x, https:\/\/i0.wp.com\/sarimelekler.biz\/wp-content\/uploads\/2021\/04\/Vargas-Veda-5-scaled.jpg?resize=1050%2C600&ssl=1 3x, https:\/\/i0.wp.com\/sarimelekler.biz\/wp-content\/uploads\/2021\/04\/Vargas-Veda-5-scaled.jpg?resize=1400%2C800&ssl=1 4x"},"classes":[]}],"_links":{"self":[{"href":"https:\/\/sarimelekler.biz\/index.php?rest_route=\/wp\/v2\/posts\/11436","targetHints":{"allow":["GET"]}}],"collection":[{"href":"https:\/\/sarimelekler.biz\/index.php?rest_route=\/wp\/v2\/posts"}],"about":[{"href":"https:\/\/sarimelekler.biz\/index.php?rest_route=\/wp\/v2\/types\/post"}],"author":[{"embeddable":true,"href":"https:\/\/sarimelekler.biz\/index.php?rest_route=\/wp\/v2\/users\/1"}],"replies":[{"embeddable":true,"href":"https:\/\/sarimelekler.biz\/index.php?rest_route=%2Fwp%2Fv2%2Fcomments&post=11436"}],"version-history":[{"count":5,"href":"https:\/\/sarimelekler.biz\/index.php?rest_route=\/wp\/v2\/posts\/11436\/revisions"}],"predecessor-version":[{"id":11444,"href":"https:\/\/sarimelekler.biz\/index.php?rest_route=\/wp\/v2\/posts\/11436\/revisions\/11444"}],"wp:featuredmedia":[{"embeddable":true,"href":"https:\/\/sarimelekler.biz\/index.php?rest_route=\/wp\/v2\/media\/11420"}],"wp:attachment":[{"href":"https:\/\/sarimelekler.biz\/index.php?rest_route=%2Fwp%2Fv2%2Fmedia&parent=11436"}],"wp:term":[{"taxonomy":"category","embeddable":true,"href":"https:\/\/sarimelekler.biz\/index.php?rest_route=%2Fwp%2Fv2%2Fcategories&post=11436"},{"taxonomy":"post_tag","embeddable":true,"href":"https:\/\/sarimelekler.biz\/index.php?rest_route=%2Fwp%2Fv2%2Ftags&post=11436"}],"curies":[{"name":"wp","href":"https:\/\/api.w.org\/{rel}","templated":true}]}}