{"id":11451,"date":"2019-08-25T23:10:58","date_gmt":"2019-08-25T20:10:58","guid":{"rendered":"http:\/\/sarimelekler.biz\/?p=11451"},"modified":"2019-08-26T16:11:46","modified_gmt":"2019-08-26T13:11:46","slug":"genc-oyuncumuz-gulce-guctekin-en-iyi-libero-odulunu-aldi","status":"publish","type":"post","link":"https:\/\/sarimelekler.biz\/?p=11451","title":{"rendered":"Gen\u00e7 Oyuncumuz G\u00fclce G\u00fc\u00e7tekin, &#8216;En \u0130yi Libero&#8217; \u00f6d\u00fcl\u00fcn\u00fc Ald\u0131."},"content":{"rendered":"<p style=\"text-align: justify;\">Balkan \u015eampiyonu olan U17 Gen\u00e7 K\u0131z Milli Tak\u0131m kadrosunda bulunan oyuncumuz G\u00fclce G\u00fc\u00e7tekin turnuvada en iyi libero \u00f6d\u00fcl\u00fcn\u00fc ald\u0131. G\u00fclce 2002 do\u011fumlu ve 2012 y\u0131l\u0131ndan itibaren altyap\u0131 tak\u0131mlar\u0131m\u0131zda forma giyiyor.<\/p>\n<p style=\"text-align: justify;\">G\u00fclce ayr\u0131ca uluslararas\u0131 turnuvalarda Milli tak\u0131m\u0131m\u0131z kadrosunda bu \u00f6d\u00fcl\u00fc ikinci kez ald\u0131. Oyuncumuzu kutlar Ba\u015far\u0131lar\u0131n\u0131n devam\u0131n\u0131 dileriz.<\/p>\n\n\t\t<style type=\"text\/css\">\n\t\t\t#gallery-1 {\n\t\t\t\tmargin: auto;\n\t\t\t}\n\t\t\t#gallery-1 .gallery-item {\n\t\t\t\tfloat: left;\n\t\t\t\tmargin-top: 10px;\n\t\t\t\ttext-align: center;\n\t\t\t\twidth: 100%;\n\t\t\t}\n\t\t\t#gallery-1 img {\n\t\t\t\tborder: 2px solid #cfcfcf;\n\t\t\t}\n\t\t\t#gallery-1 .gallery-caption {\n\t\t\t\tmargin-left: 0;\n\t\t\t}\n\t\t\t\/* see gallery_shortcode() in wp-includes\/media.php *\/\n\t\t<\/style>\n\t\t<div data-carousel-extra='{&quot;blog_id&quot;:1,&quot;permalink&quot;:&quot;https:\/\/sarimelekler.biz\/?p=11451&quot;}' id='gallery-1' class='gallery galleryid-11451 gallery-columns-1 gallery-size-large'><dl class='gallery-item'>\n\t\t\t<dt class='gallery-icon portrait'>\n\t\t\t\t<a href='https:\/\/sarimelekler.biz\/?attachment_id=11453'><img loading=\"lazy\" decoding=\"async\" width=\"860\" height=\"976\" src=\"https:\/\/sarimelekler.biz\/wp-content\/uploads\/2019\/08\/G\u00fclce-G\u00fc\u00e7tekin-Bireysel-\u00d6d\u00fcl.jpg\" class=\"attachment-large size-large\" alt=\"\" srcset=\"https:\/\/sarimelekler.biz\/wp-content\/uploads\/2019\/08\/G\u00fclce-G\u00fc\u00e7tekin-Bireysel-\u00d6d\u00fcl.jpg 871w, https:\/\/sarimelekler.biz\/wp-content\/uploads\/2019\/08\/G\u00fclce-G\u00fc\u00e7tekin-Bireysel-\u00d6d\u00fcl-264x300.jpg 264w, https:\/\/sarimelekler.biz\/wp-content\/uploads\/2019\/08\/G\u00fclce-G\u00fc\u00e7tekin-Bireysel-\u00d6d\u00fcl-768x871.jpg 768w, https:\/\/sarimelekler.biz\/wp-content\/uploads\/2019\/08\/G\u00fclce-G\u00fc\u00e7tekin-Bireysel-\u00d6d\u00fcl-132x150.jpg 132w\" sizes=\"auto, (max-width: 860px) 100vw, 860px\" data-attachment-id=\"11453\" data-permalink=\"https:\/\/sarimelekler.biz\/?attachment_id=11453\" data-orig-file=\"https:\/\/sarimelekler.biz\/wp-content\/uploads\/2019\/08\/G\u00fclce-G\u00fc\u00e7tekin-Bireysel-\u00d6d\u00fcl.jpg\" data-orig-size=\"871,988\" data-comments-opened=\"0\" data-image-meta=\"{&quot;aperture&quot;:&quot;0&quot;,&quot;credit&quot;:&quot;&quot;,&quot;camera&quot;:&quot;&quot;,&quot;caption&quot;:&quot;&quot;,&quot;created_timestamp&quot;:&quot;0&quot;,&quot;copyright&quot;:&quot;&quot;,&quot;focal_length&quot;:&quot;0&quot;,&quot;iso&quot;:&quot;0&quot;,&quot;shutter_speed&quot;:&quot;0&quot;,&quot;title&quot;:&quot;&quot;,&quot;orientation&quot;:&quot;0&quot;}\" data-image-title=\"G\u00fclce G\u00fc\u00e7tekin Bireysel \u00d6d\u00fcl\" data-image-description=\"\" data-image-caption=\"\" data-large-file=\"https:\/\/sarimelekler.biz\/wp-content\/uploads\/2019\/08\/G\u00fclce-G\u00fc\u00e7tekin-Bireysel-\u00d6d\u00fcl.jpg\" \/><\/a>\n\t\t\t<\/dt><\/dl><br style=\"clear: both\" \/>\n\t\t<\/div>\n\n<p>17 Ya\u015f Alt\u0131 Gen\u00e7 K\u0131zlar Balkan \u015eampiyonas\u0131 R\u00fcya Tak\u0131m\u0131:<\/p>\n<p>En \u0130yi Sma\u00e7\u00f6r: Sude Hac\u0131mustafao\u011flu (T\u00fcrkiye)<\/p>\n<p>En \u0130yi Orta Oyuncu: Hena Kurtagic (S\u0131rbistan)<\/p>\n<p>En \u0130yi Pas\u00f6r: Borislava Licneva (Bulgaristan)<\/p>\n<p>En \u0130yi Pas\u00f6r \u00c7apraz\u0131: Alexia Carutasu (Romanya)<\/p>\n<p>En \u0130yi\u00a0 Libero: G\u00fclce G\u00fc\u00e7tekin (T\u00fcrkiye)<\/p>\n\n\t\t<style type=\"text\/css\">\n\t\t\t#gallery-2 {\n\t\t\t\tmargin: auto;\n\t\t\t}\n\t\t\t#gallery-2 .gallery-item {\n\t\t\t\tfloat: left;\n\t\t\t\tmargin-top: 10px;\n\t\t\t\ttext-align: center;\n\t\t\t\twidth: 100%;\n\t\t\t}\n\t\t\t#gallery-2 img {\n\t\t\t\tborder: 2px solid #cfcfcf;\n\t\t\t}\n\t\t\t#gallery-2 .gallery-caption {\n\t\t\t\tmargin-left: 0;\n\t\t\t}\n\t\t\t\/* see gallery_shortcode() in wp-includes\/media.php *\/\n\t\t<\/style>\n\t\t<div data-carousel-extra='{&quot;blog_id&quot;:1,&quot;permalink&quot;:&quot;https:\/\/sarimelekler.biz\/?p=11451&quot;}' id='gallery-2' class='gallery galleryid-11451 gallery-columns-1 gallery-size-large'><dl class='gallery-item'>\n\t\t\t<dt class='gallery-icon landscape'>\n\t\t\t\t<a href='https:\/\/sarimelekler.biz\/?attachment_id=11452'><img loading=\"lazy\" decoding=\"async\" width=\"860\" height=\"569\" src=\"https:\/\/sarimelekler.biz\/wp-content\/uploads\/2019\/08\/U17-\u015eampiyon-5-1200x795-1024x678.jpg\" class=\"attachment-large size-large\" alt=\"\" srcset=\"https:\/\/sarimelekler.biz\/wp-content\/uploads\/2019\/08\/U17-\u015eampiyon-5-1200x795-1024x678.jpg 1024w, https:\/\/sarimelekler.biz\/wp-content\/uploads\/2019\/08\/U17-\u015eampiyon-5-1200x795-300x199.jpg 300w, https:\/\/sarimelekler.biz\/wp-content\/uploads\/2019\/08\/U17-\u015eampiyon-5-1200x795-768x509.jpg 768w, https:\/\/sarimelekler.biz\/wp-content\/uploads\/2019\/08\/U17-\u015eampiyon-5-1200x795-150x99.jpg 150w, https:\/\/sarimelekler.biz\/wp-content\/uploads\/2019\/08\/U17-\u015eampiyon-5-1200x795.jpg 1200w\" sizes=\"auto, (max-width: 860px) 100vw, 860px\" data-attachment-id=\"11452\" data-permalink=\"https:\/\/sarimelekler.biz\/?attachment_id=11452\" data-orig-file=\"https:\/\/sarimelekler.biz\/wp-content\/uploads\/2019\/08\/U17-\u015eampiyon-5-1200x795.jpg\" data-orig-size=\"1200,795\" data-comments-opened=\"0\" data-image-meta=\"{&quot;aperture&quot;:&quot;0&quot;,&quot;credit&quot;:&quot;&quot;,&quot;camera&quot;:&quot;&quot;,&quot;caption&quot;:&quot;&quot;,&quot;created_timestamp&quot;:&quot;0&quot;,&quot;copyright&quot;:&quot;&quot;,&quot;focal_length&quot;:&quot;0&quot;,&quot;iso&quot;:&quot;0&quot;,&quot;shutter_speed&quot;:&quot;0&quot;,&quot;title&quot;:&quot;&quot;,&quot;orientation&quot;:&quot;0&quot;}\" data-image-title=\"U17 R\u00fcya Tak\u0131m\" data-image-description=\"\" data-image-caption=\"\" data-large-file=\"https:\/\/sarimelekler.biz\/wp-content\/uploads\/2019\/08\/U17-\u015eampiyon-5-1200x795-1024x678.jpg\" \/><\/a>\n\t\t\t<\/dt><\/dl><br style=\"clear: both\" \/>\n\t\t<\/div>\n\n<p style=\"text-align: right;\">25.08.2019<\/p>\n","protected":false},"excerpt":{"rendered":"<p>Balkan \u015eampiyonu olan U17 Gen\u00e7 K\u0131z Milli Tak\u0131m kadrosunda bulunan \u2026 <a class=\"continue-reading-link\" href=\"https:\/\/sarimelekler.biz\/?p=11451\">Okumaya Devam Et.. <span class=\"meta-nav\">&rarr; <\/span><\/a><\/p>\n","protected":false},"author":1,"featured_media":11453,"comment_status":"closed","ping_status":"open","sticky":false,"template":"","format":"standard","meta":{"jetpack_post_was_ever_published":false,"_jetpack_newsletter_access":"","_jetpack_dont_email_post_to_subs":false,"_jetpack_newsletter_tier_id":0,"_jetpack_memberships_contains_paywalled_content":false,"_jetpack_memberships_contains_paid_content":false,"footnotes":"","jetpack_publicize_message":"","jetpack_publicize_feature_enabled":true,"jetpack_social_post_already_shared":true,"jetpack_social_options":{"image_generator_settings":{"template":"highway","default_image_id":0,"font":"","enabled":false},"version":2}},"categories":[19],"tags":[],"class_list":["post-11451","post","type-post","status-publish","format-standard","has-post-thumbnail","hentry","category-milli-takim"],"jetpack_publicize_connections":[],"jetpack_featured_media_url":"https:\/\/sarimelekler.biz\/wp-content\/uploads\/2019\/08\/G\u00fclce-G\u00fc\u00e7tekin-Bireysel-\u00d6d\u00fcl.jpg","jetpack_sharing_enabled":true,"jetpack_shortlink":"https:\/\/wp.me\/p8npUZ-2YH","jetpack-related-posts":[{"id":11637,"url":"https:\/\/sarimelekler.biz\/?p=11637","url_meta":{"origin":11451,"position":0},"title":"Fenerbah\u00e7emizin Alt Yap\u0131 Oyuncular\u0131 P\u0131r\u0131l P\u0131r\u0131l Parl\u0131yor.","author":"Edit\u00f6r","date":"15 Eyl\u00fcl 2019","format":false,"excerpt":"2018-2019 sezonunda Alt yap\u0131 tak\u0131mlar\u0131m\u0131zdan Y\u0131ld\u0131z k\u0131z tak\u0131m\u0131m\u0131z \u0130stanbul S\u00fcper Y\u0131ld\u0131z K\u0131zlar ligini 1. bitirken daha sonras\u0131nda Kocaeli\u2019de d\u00fczenlenen Y\u0131ld\u0131z K\u0131zlar T\u00fcrkiye \u015eampiyonas\u0131 \u00e7eyrek finalinde Vak\u0131fbank'\u0131 3-0, yar\u0131 finalinde Galatasaray'\u0131 3-0 ve finalde Eczac\u0131ba\u015f\u0131 Vitra tak\u0131m\u0131n\u0131 3-2 yenerek T\u00fcrkiye \u015eampiyonu oldu. Kocaeli\u2019de ki bu \u015fampiyonada as tak\u0131m\u0131m\u0131zda g\u00f6revli yard\u0131mc\u0131 antren\u00f6r\u00fcm\u00fcz\u2026","rel":"","context":"&quot;Fenerbah\u00e7e Gen\u00e7 Tak\u0131mlar\u0131&quot; i\u00e7inde","block_context":{"text":"Fenerbah\u00e7e Gen\u00e7 Tak\u0131mlar\u0131","link":"https:\/\/sarimelekler.biz\/?cat=24"},"img":{"alt_text":"","src":"https:\/\/i0.wp.com\/sarimelekler.biz\/wp-content\/uploads\/2019\/09\/16-T%C3%BCrkiye-%C5%9Eamp.jpg?resize=350%2C200&ssl=1","width":350,"height":200,"srcset":"https:\/\/i0.wp.com\/sarimelekler.biz\/wp-content\/uploads\/2019\/09\/16-T%C3%BCrkiye-%C5%9Eamp.jpg?resize=350%2C200&ssl=1 1x, https:\/\/i0.wp.com\/sarimelekler.biz\/wp-content\/uploads\/2019\/09\/16-T%C3%BCrkiye-%C5%9Eamp.jpg?resize=525%2C300&ssl=1 1.5x, https:\/\/i0.wp.com\/sarimelekler.biz\/wp-content\/uploads\/2019\/09\/16-T%C3%BCrkiye-%C5%9Eamp.jpg?resize=700%2C400&ssl=1 2x, https:\/\/i0.wp.com\/sarimelekler.biz\/wp-content\/uploads\/2019\/09\/16-T%C3%BCrkiye-%C5%9Eamp.jpg?resize=1050%2C600&ssl=1 3x, https:\/\/i0.wp.com\/sarimelekler.biz\/wp-content\/uploads\/2019\/09\/16-T%C3%BCrkiye-%C5%9Eamp.jpg?resize=1400%2C800&ssl=1 4x"},"classes":[]},{"id":11445,"url":"https:\/\/sarimelekler.biz\/?p=11445","url_meta":{"origin":11451,"position":1},"title":"U17 Gen\u00e7 K\u0131z Milli Tak\u0131m\u0131m\u0131z Nama\u011flup Balkan \u015eampiyonu","author":"Edit\u00f6r","date":"25 A\u011fustos 2019","format":false,"excerpt":"Bosna Hersek\u2019in ev sahipli\u011finde Lukavac kentinde d\u00fczenlenen U17 Gen\u00e7 K\u0131zlar Balkan \u015eampiyonas\u0131\u2019nda m\u00fccadele eden kadrosunda altyap\u0131 sporcular\u0131m\u0131zdan Hilal Kocakara, G\u00fclce G\u00fc\u00e7tekin ve \u0130par \u00d6zay Kurt\u2019un yer ald\u0131\u011f\u0131 17 Ya\u015f Alt\u0131 K\u0131z Milli Tak\u0131m\u0131m\u0131z, Finalde Romanya\u2019y\u0131 yenerek nama\u011flup Balkan \u015eampiyonu oldu. Fenerbah\u00e7e Y\u0131ld\u0131z K\u0131z Voleybol Tak\u0131m\u0131m\u0131z\u0131n antren\u00f6r\u00fc Emre Nur\u2019un da, U17\u2026","rel":"","context":"&quot;Milli Tak\u0131m&quot; i\u00e7inde","block_context":{"text":"Milli Tak\u0131m","link":"https:\/\/sarimelekler.biz\/?cat=19"},"img":{"alt_text":"","src":"https:\/\/i0.wp.com\/sarimelekler.biz\/wp-content\/uploads\/2019\/08\/U17-Milli-Tak%C4%B1m-2.jpg?resize=350%2C200&ssl=1","width":350,"height":200,"srcset":"https:\/\/i0.wp.com\/sarimelekler.biz\/wp-content\/uploads\/2019\/08\/U17-Milli-Tak%C4%B1m-2.jpg?resize=350%2C200&ssl=1 1x, https:\/\/i0.wp.com\/sarimelekler.biz\/wp-content\/uploads\/2019\/08\/U17-Milli-Tak%C4%B1m-2.jpg?resize=525%2C300&ssl=1 1.5x, https:\/\/i0.wp.com\/sarimelekler.biz\/wp-content\/uploads\/2019\/08\/U17-Milli-Tak%C4%B1m-2.jpg?resize=700%2C400&ssl=1 2x, https:\/\/i0.wp.com\/sarimelekler.biz\/wp-content\/uploads\/2019\/08\/U17-Milli-Tak%C4%B1m-2.jpg?resize=1050%2C600&ssl=1 3x"},"classes":[]},{"id":18098,"url":"https:\/\/sarimelekler.biz\/?p=18098","url_meta":{"origin":11451,"position":2},"title":"\u0130par Kurt ve G\u00fclce G\u00fc\u00e7tekin U21 Avrupa \u015eampiyonas\u0131\u2019nda Bireysel \u00d6d\u00fcl Ald\u0131","author":"Edit\u00f6r","date":"18 Temmuz 2022","format":false,"excerpt":"\u0130talya\u2019da d\u00fczenlenen U21 Avrupa \u015eampiyonas\u0131\u2019nda m\u00fccadele eden ve Fenerbah\u00e7e Opet Kad\u0131n Voleybol Tak\u0131m\u0131m\u0131z\u0131n oyuncular\u0131 \u0130par Kurt ile G\u00fclce G\u00fc\u00e7tekin\u2019in de formas\u0131n\u0131 giydi\u011fi 21 Ya\u015f Alt\u0131 K\u0131z Milli Tak\u0131m\u0131m\u0131z, 3.\/4.l\u00fck ma\u00e7\u0131nda Polonya\u2019y\u0131 3-2 ma\u011flup ederek bronz madalyan\u0131n sahibi oldu. Final kar\u015f\u0131la\u015fmas\u0131n\u0131n ard\u0131ndan yap\u0131lan t\u00f6rende Milli Tak\u0131m\u0131m\u0131zdan 2 oyuncu r\u00fcya tak\u0131m\u0131 se\u00e7ildi.\u2026","rel":"","context":"&quot;Milli Tak\u0131m&quot; i\u00e7inde","block_context":{"text":"Milli Tak\u0131m","link":"https:\/\/sarimelekler.biz\/?cat=19"},"img":{"alt_text":"","src":"https:\/\/i0.wp.com\/sarimelekler.biz\/wp-content\/uploads\/2022\/09\/U21-En-Iyiler.jpeg?resize=350%2C200&ssl=1","width":350,"height":200,"srcset":"https:\/\/i0.wp.com\/sarimelekler.biz\/wp-content\/uploads\/2022\/09\/U21-En-Iyiler.jpeg?resize=350%2C200&ssl=1 1x, https:\/\/i0.wp.com\/sarimelekler.biz\/wp-content\/uploads\/2022\/09\/U21-En-Iyiler.jpeg?resize=525%2C300&ssl=1 1.5x, https:\/\/i0.wp.com\/sarimelekler.biz\/wp-content\/uploads\/2022\/09\/U21-En-Iyiler.jpeg?resize=700%2C400&ssl=1 2x, https:\/\/i0.wp.com\/sarimelekler.biz\/wp-content\/uploads\/2022\/09\/U21-En-Iyiler.jpeg?resize=1050%2C600&ssl=1 3x, https:\/\/i0.wp.com\/sarimelekler.biz\/wp-content\/uploads\/2022\/09\/U21-En-Iyiler.jpeg?resize=1400%2C800&ssl=1 4x"},"classes":[]},{"id":14322,"url":"https:\/\/sarimelekler.biz\/?p=14322","url_meta":{"origin":11451,"position":3},"title":"66. Gillette Milliyet Y\u0131l\u0131n Sporcusu \u00d6d\u00fclleri\u2019ne Fenerbah\u00e7emiz Damga Vurdu","author":"Edit\u00f6r","date":"4 Kas\u0131m 2020","format":false,"excerpt":"Milliyet Gazetesi\u2019nin her y\u0131l geleneksel olarak d\u00fczenledi\u011fi Gillette Milliyet Y\u0131l\u0131n Sporcusu \u00d6d\u00fcl T\u00f6reni\u2019nin 66.\u2019s\u0131 ger\u00e7ekle\u015ftirildi. T\u00f6rene Futbol Sportif Direkt\u00f6r\u00fcm\u00fcz Emre Bel\u00f6zo\u011flu, Futbol A Tak\u0131m\u0131m\u0131z\u0131n oyuncular\u0131 Ozan Tufan ve Naz\u0131m Sangare, Fenerbah\u00e7e Opet Kad\u0131n Voleybol Tak\u0131m\u0131m\u0131z ve A Milli Kad\u0131n Voleybol Tak\u0131m\u0131m\u0131z\u0131n kaptan\u0131 Eda Erdem D\u00fcndar, Fenerbah\u00e7e Futbol A.\u015e. Y\u00f6netim Kurulu\u2026","rel":"","context":"&quot;Haberler&quot; i\u00e7inde","block_context":{"text":"Haberler","link":"https:\/\/sarimelekler.biz\/?cat=7"},"img":{"alt_text":"","src":"https:\/\/i0.wp.com\/sarimelekler.biz\/wp-content\/uploads\/2020\/11\/Milliyet-%C3%96d%C3%BClleri-4.jpg?resize=350%2C200&ssl=1","width":350,"height":200,"srcset":"https:\/\/i0.wp.com\/sarimelekler.biz\/wp-content\/uploads\/2020\/11\/Milliyet-%C3%96d%C3%BClleri-4.jpg?resize=350%2C200&ssl=1 1x, https:\/\/i0.wp.com\/sarimelekler.biz\/wp-content\/uploads\/2020\/11\/Milliyet-%C3%96d%C3%BClleri-4.jpg?resize=525%2C300&ssl=1 1.5x, https:\/\/i0.wp.com\/sarimelekler.biz\/wp-content\/uploads\/2020\/11\/Milliyet-%C3%96d%C3%BClleri-4.jpg?resize=700%2C400&ssl=1 2x, https:\/\/i0.wp.com\/sarimelekler.biz\/wp-content\/uploads\/2020\/11\/Milliyet-%C3%96d%C3%BClleri-4.jpg?resize=1050%2C600&ssl=1 3x, https:\/\/i0.wp.com\/sarimelekler.biz\/wp-content\/uploads\/2020\/11\/Milliyet-%C3%96d%C3%BClleri-4.jpg?resize=1400%2C800&ssl=1 4x"},"classes":[]},{"id":13525,"url":"https:\/\/sarimelekler.biz\/?p=13525","url_meta":{"origin":11451,"position":4},"title":"Sar\u0131 Melekler&#8217;e Yeni Transferler.","author":"Edit\u00f6r","date":"9 Haziran 2020","format":false,"excerpt":"Kul\u00fcb\u00fcm\u00fcz, Fenerbah\u00e7e Opet Kad\u0131n Voleybol tak\u0131m\u0131m\u0131z\u0131n 2020 \u2013 2021 sezonu kadro planlamas\u0131 do\u011frultusunda Sma\u00e7\u00f6r pozisyonunda oynayan Bianka Bu\u0161a ve Cansu \u00c7etin transfer etti\u011fini duyururken alt yap\u0131m\u0131zda bulunan libero G\u00fclce G\u00fc\u00e7tekin ile Pas\u00f6rler Lila \u015eeng\u00fcn ve Hilal Kocakara\u2019n\u0131n ise A Tak\u0131ma y\u00fckseltildi\u011fini a\u00e7\u0131klad\u0131. Kul\u00fcb\u00fcm\u00fczden yap\u0131lan a\u00e7\u0131klama: Sezon yap\u0131lanmas\u0131 kapsam\u0131nda \u00e7al\u0131\u015fmalar\u0131n\u0131 tamamlayan\u2026","rel":"","context":"&quot;Transfer Haberleri&quot; i\u00e7inde","block_context":{"text":"Transfer Haberleri","link":"https:\/\/sarimelekler.biz\/?cat=23"},"img":{"alt_text":"","src":"https:\/\/i0.wp.com\/sarimelekler.biz\/wp-content\/uploads\/2020\/06\/Kapak-logo.jpg?resize=350%2C200&ssl=1","width":350,"height":200,"srcset":"https:\/\/i0.wp.com\/sarimelekler.biz\/wp-content\/uploads\/2020\/06\/Kapak-logo.jpg?resize=350%2C200&ssl=1 1x, https:\/\/i0.wp.com\/sarimelekler.biz\/wp-content\/uploads\/2020\/06\/Kapak-logo.jpg?resize=525%2C300&ssl=1 1.5x, https:\/\/i0.wp.com\/sarimelekler.biz\/wp-content\/uploads\/2020\/06\/Kapak-logo.jpg?resize=700%2C400&ssl=1 2x, https:\/\/i0.wp.com\/sarimelekler.biz\/wp-content\/uploads\/2020\/06\/Kapak-logo.jpg?resize=1050%2C600&ssl=1 3x"},"classes":[]},{"id":15441,"url":"https:\/\/sarimelekler.biz\/?p=15441","url_meta":{"origin":11451,"position":5},"title":"Eczac\u0131ba\u015f\u0131 Vitra:3 \u2013 Fenerbah\u00e7e Opet:0","author":"Edit\u00f6r","date":"8 Mart 2021","format":false,"excerpt":"Fenerbah\u00e7e Opet Kad\u0131n Voleybol Tak\u0131m\u0131m\u0131z AXA Sigorta Kupa Voley turnuvas\u0131 yar\u0131 final ma\u00e7\u0131nda kar\u015f\u0131la\u015ft\u0131\u011f\u0131 Eczac\u0131ba\u015f\u0131 Vitra tak\u0131m\u0131na 25-19, 25-15 ve 25-19\u2019luk set skorlar\u0131yla 3-0 ma\u011flup olarak kupaya veda etti. Ma\u00e7a Dicle, Bahar, Busa, Mihajlovic, Robinson ve libero Cansu kadrosuyla ba\u015flayan tak\u0131m\u0131m\u0131zda G\u00fclce ve Vargas\u2019ta s\u00fcre ald\u0131. Ma\u00e7 kadrosunda Koronavir\u00fcs hastal\u0131\u011f\u0131\u2026","rel":"","context":"&quot;T\u00fcrkiye Kupas\u0131&quot; i\u00e7inde","block_context":{"text":"T\u00fcrkiye Kupas\u0131","link":"https:\/\/sarimelekler.biz\/?cat=13"},"img":{"alt_text":"","src":"https:\/\/i0.wp.com\/sarimelekler.biz\/wp-content\/uploads\/2021\/03\/5-20-21-TK-14.jpg?resize=350%2C200&ssl=1","width":350,"height":200,"srcset":"https:\/\/i0.wp.com\/sarimelekler.biz\/wp-content\/uploads\/2021\/03\/5-20-21-TK-14.jpg?resize=350%2C200&ssl=1 1x, https:\/\/i0.wp.com\/sarimelekler.biz\/wp-content\/uploads\/2021\/03\/5-20-21-TK-14.jpg?resize=525%2C300&ssl=1 1.5x, https:\/\/i0.wp.com\/sarimelekler.biz\/wp-content\/uploads\/2021\/03\/5-20-21-TK-14.jpg?resize=700%2C400&ssl=1 2x, https:\/\/i0.wp.com\/sarimelekler.biz\/wp-content\/uploads\/2021\/03\/5-20-21-TK-14.jpg?resize=1050%2C600&ssl=1 3x, https:\/\/i0.wp.com\/sarimelekler.biz\/wp-content\/uploads\/2021\/03\/5-20-21-TK-14.jpg?resize=1400%2C800&ssl=1 4x"},"classes":[]}],"_links":{"self":[{"href":"https:\/\/sarimelekler.biz\/index.php?rest_route=\/wp\/v2\/posts\/11451","targetHints":{"allow":["GET"]}}],"collection":[{"href":"https:\/\/sarimelekler.biz\/index.php?rest_route=\/wp\/v2\/posts"}],"about":[{"href":"https:\/\/sarimelekler.biz\/index.php?rest_route=\/wp\/v2\/types\/post"}],"author":[{"embeddable":true,"href":"https:\/\/sarimelekler.biz\/index.php?rest_route=\/wp\/v2\/users\/1"}],"replies":[{"embeddable":true,"href":"https:\/\/sarimelekler.biz\/index.php?rest_route=%2Fwp%2Fv2%2Fcomments&post=11451"}],"version-history":[{"count":3,"href":"https:\/\/sarimelekler.biz\/index.php?rest_route=\/wp\/v2\/posts\/11451\/revisions"}],"predecessor-version":[{"id":11456,"href":"https:\/\/sarimelekler.biz\/index.php?rest_route=\/wp\/v2\/posts\/11451\/revisions\/11456"}],"wp:featuredmedia":[{"embeddable":true,"href":"https:\/\/sarimelekler.biz\/index.php?rest_route=\/wp\/v2\/media\/11453"}],"wp:attachment":[{"href":"https:\/\/sarimelekler.biz\/index.php?rest_route=%2Fwp%2Fv2%2Fmedia&parent=11451"}],"wp:term":[{"taxonomy":"category","embeddable":true,"href":"https:\/\/sarimelekler.biz\/index.php?rest_route=%2Fwp%2Fv2%2Fcategories&post=11451"},{"taxonomy":"post_tag","embeddable":true,"href":"https:\/\/sarimelekler.biz\/index.php?rest_route=%2Fwp%2Fv2%2Ftags&post=11451"}],"curies":[{"name":"wp","href":"https:\/\/api.w.org\/{rel}","templated":true}]}}