{"id":11461,"date":"2019-08-30T23:11:48","date_gmt":"2019-08-30T20:11:48","guid":{"rendered":"http:\/\/sarimelekler.biz\/?p=11461"},"modified":"2019-08-30T23:11:53","modified_gmt":"2019-08-30T20:11:53","slug":"sari-meleklerin-2019-2020-sezonu-fiksturu-belli-oldu","status":"publish","type":"post","link":"https:\/\/sarimelekler.biz\/?p=11461","title":{"rendered":"Sar\u0131 Melekler\u2019in 2019-2020 Sezonu Fikst\u00fcr\u00fc Belli Oldu."},"content":{"rendered":"<p style=\"text-align: justify;\">2019-2020 Voleybol Sezonu Vestel Venus Sultanlar Ligi fikst\u00fcr\u00fc Ankara Volley Hotel Toplant\u0131 Salonu\u2019nda ger\u00e7ekle\u015fen kura \u00e7ekimi sonucunda belli oldu.<\/p>\n<p style=\"text-align: justify;\">Kura \u00e7ekimine T\u00fcrkiye Voleybol Federasyonu Ba\u015fkan\u0131 Mehmet Akif \u00dcst\u00fcnda\u011f haz\u0131r bulunurken kul\u00fcb\u00fcm\u00fcz\u00fc temsilen Voleybol \u015eubesi \u0130dari Menajeri Sn Abdullah Pa\u015fao\u011flu kat\u0131ld\u0131.<\/p>\n<p style=\"text-align: justify;\">Vestel Venus Sultanlar Ligi\u2019nde 1. Devre Kar\u015f\u0131la\u015fmalar\u0131 12 Ekim \u2013\u00a0 30 Kas\u0131m 2019 tarihleri aras\u0131nda, 2. Devre kar\u015f\u0131la\u015fmalar\u0131 19 Ocak \u2013 15 Mart 2020 tarihleri aras\u0131nda oynanacak.<\/p>\n<p style=\"text-align: justify;\">Tak\u0131m\u0131m\u0131z lige T\u00fcrk Hava Yollar\u0131 ma\u00e7\u0131 ile ba\u015flarken Karayollar\u0131 ma\u00e7\u0131 ile bitirecek.<\/p>\n<p><strong>Vestel Venus Sultanlar Ligi\u00a0 1. Hafta Ma\u00e7lar\u0131<\/strong><\/p>\n<p>Fenerbah\u00e7e Opet \u2013 THY<br \/>\nKarayollar\u0131 \u2013 Be\u015fikta\u015f<br \/>\nAtlas Global Ye\u015filyurt \u2013 PTT<br \/>\nNil\u00fcfer Bld. \u2013 Galatasaray<br \/>\nVak\u0131fBank \u2013 Ayd\u0131n BBSK<br \/>\nBeylikd\u00fcz\u00fc Vol. \u0130ht. \u2013 Eczac\u0131ba\u015f\u0131 VitrA<\/p>\n<p>Kul\u00fcb\u00fcm\u00fcze Hay\u0131rl\u0131 Olsun.<\/p>\n<p>1. Hafta: Fenerbah\u00e7e Opet \u2013 T\u00fcrk Hava Yollar\u0131<br \/>\n2. Hafta: Be\u015fikta\u015f \u2013 Fenerbah\u00e7e Opet<br \/>\n3. Hafta: Fenerbah\u00e7e Opet \u2013 Atlas Global Ye\u015filyurt<br \/>\n4. Hafta: Galatasaray \u2013 Fenerbah\u00e7e Opet<br \/>\n5. Hafta: Fenerbah\u00e7e Opet \u2013 Vak\u0131fbank<br \/>\n6. Hafta: Eczac\u0131ba\u015f\u0131 Vitra \u2013 Fenerbah\u00e7e Opet<br \/>\n7. Hafta: Fenerbah\u00e7e Opet \u2013 Beylikd\u00fcz\u00fc Voleybol \u0130htisas<br \/>\n8. Hafta: Ayd\u0131n B\u015eB. \u2013 Fenerbah\u00e7e Opet<br \/>\n9. Hafta: Fenerbah\u00e7e Opet \u2013 Nil\u00fcfer BLD.<br \/>\n10. Hafta: PTT \u2013 Fenerbah\u00e7e Opet<br \/>\n11. Hafta: Fenerbah\u00e7e Opet \u2013 Karayollar\u0131<\/p>\n\n\t\t<style type=\"text\/css\">\n\t\t\t#gallery-1 {\n\t\t\t\tmargin: auto;\n\t\t\t}\n\t\t\t#gallery-1 .gallery-item {\n\t\t\t\tfloat: left;\n\t\t\t\tmargin-top: 10px;\n\t\t\t\ttext-align: center;\n\t\t\t\twidth: 100%;\n\t\t\t}\n\t\t\t#gallery-1 img {\n\t\t\t\tborder: 2px solid #cfcfcf;\n\t\t\t}\n\t\t\t#gallery-1 .gallery-caption {\n\t\t\t\tmargin-left: 0;\n\t\t\t}\n\t\t\t\/* see gallery_shortcode() in wp-includes\/media.php *\/\n\t\t<\/style>\n\t\t<div data-carousel-extra='{&quot;blog_id&quot;:1,&quot;permalink&quot;:&quot;https:\/\/sarimelekler.biz\/?p=11461&quot;}' id='gallery-1' class='gallery galleryid-11461 gallery-columns-1 gallery-size-large'><dl class='gallery-item'>\n\t\t\t<dt class='gallery-icon landscape'>\n\t\t\t\t<a href='https:\/\/sarimelekler.biz\/?attachment_id=11462'><img loading=\"lazy\" decoding=\"async\" width=\"860\" height=\"560\" src=\"https:\/\/sarimelekler.biz\/wp-content\/uploads\/2019\/08\/19-20-Fikst\u00fcr-1024x667.jpg\" class=\"attachment-large size-large\" alt=\"\" srcset=\"https:\/\/sarimelekler.biz\/wp-content\/uploads\/2019\/08\/19-20-Fikst\u00fcr-1024x667.jpg 1024w, https:\/\/sarimelekler.biz\/wp-content\/uploads\/2019\/08\/19-20-Fikst\u00fcr-300x195.jpg 300w, https:\/\/sarimelekler.biz\/wp-content\/uploads\/2019\/08\/19-20-Fikst\u00fcr-768x500.jpg 768w, https:\/\/sarimelekler.biz\/wp-content\/uploads\/2019\/08\/19-20-Fikst\u00fcr-150x98.jpg 150w, https:\/\/sarimelekler.biz\/wp-content\/uploads\/2019\/08\/19-20-Fikst\u00fcr.jpg 1090w\" sizes=\"auto, (max-width: 860px) 100vw, 860px\" data-attachment-id=\"11462\" data-permalink=\"https:\/\/sarimelekler.biz\/?attachment_id=11462\" data-orig-file=\"https:\/\/sarimelekler.biz\/wp-content\/uploads\/2019\/08\/19-20-Fikst\u00fcr.jpg\" data-orig-size=\"1090,710\" data-comments-opened=\"0\" data-image-meta=\"{&quot;aperture&quot;:&quot;0&quot;,&quot;credit&quot;:&quot;&quot;,&quot;camera&quot;:&quot;&quot;,&quot;caption&quot;:&quot;&quot;,&quot;created_timestamp&quot;:&quot;0&quot;,&quot;copyright&quot;:&quot;&quot;,&quot;focal_length&quot;:&quot;0&quot;,&quot;iso&quot;:&quot;0&quot;,&quot;shutter_speed&quot;:&quot;0&quot;,&quot;title&quot;:&quot;&quot;,&quot;orientation&quot;:&quot;0&quot;}\" data-image-title=\"19-20 Fikst\u00fcr\" data-image-description=\"\" data-image-caption=\"\" data-large-file=\"https:\/\/sarimelekler.biz\/wp-content\/uploads\/2019\/08\/19-20-Fikst\u00fcr-1024x667.jpg\" \/><\/a>\n\t\t\t<\/dt><\/dl><br style=\"clear: both\" \/><dl class='gallery-item'>\n\t\t\t<dt class='gallery-icon landscape'>\n\t\t\t\t<a href='https:\/\/sarimelekler.biz\/?attachment_id=11463'><img loading=\"lazy\" decoding=\"async\" width=\"860\" height=\"574\" src=\"https:\/\/sarimelekler.biz\/wp-content\/uploads\/2019\/08\/19-20-Fikst\u00fcr-\u00c7ekimi-1-1024x683.jpg\" class=\"attachment-large size-large\" alt=\"\" srcset=\"https:\/\/sarimelekler.biz\/wp-content\/uploads\/2019\/08\/19-20-Fikst\u00fcr-\u00c7ekimi-1-1024x683.jpg 1024w, https:\/\/sarimelekler.biz\/wp-content\/uploads\/2019\/08\/19-20-Fikst\u00fcr-\u00c7ekimi-1-300x200.jpg 300w, https:\/\/sarimelekler.biz\/wp-content\/uploads\/2019\/08\/19-20-Fikst\u00fcr-\u00c7ekimi-1-768x512.jpg 768w, https:\/\/sarimelekler.biz\/wp-content\/uploads\/2019\/08\/19-20-Fikst\u00fcr-\u00c7ekimi-1-150x100.jpg 150w, https:\/\/sarimelekler.biz\/wp-content\/uploads\/2019\/08\/19-20-Fikst\u00fcr-\u00c7ekimi-1.jpg 1500w\" sizes=\"auto, (max-width: 860px) 100vw, 860px\" data-attachment-id=\"11463\" data-permalink=\"https:\/\/sarimelekler.biz\/?attachment_id=11463\" data-orig-file=\"https:\/\/sarimelekler.biz\/wp-content\/uploads\/2019\/08\/19-20-Fikst\u00fcr-\u00c7ekimi-1.jpg\" data-orig-size=\"1500,1000\" data-comments-opened=\"0\" data-image-meta=\"{&quot;aperture&quot;:&quot;4&quot;,&quot;credit&quot;:&quot;&quot;,&quot;camera&quot;:&quot;Canon EOS 7D Mark II&quot;,&quot;caption&quot;:&quot;&quot;,&quot;created_timestamp&quot;:&quot;1566915903&quot;,&quot;copyright&quot;:&quot;&quot;,&quot;focal_length&quot;:&quot;18&quot;,&quot;iso&quot;:&quot;4000&quot;,&quot;shutter_speed&quot;:&quot;0.004&quot;,&quot;title&quot;:&quot;&quot;,&quot;orientation&quot;:&quot;0&quot;}\" data-image-title=\"19-20 Fikst\u00fcr \u00c7ekimi (1)\" data-image-description=\"\" data-image-caption=\"\" data-large-file=\"https:\/\/sarimelekler.biz\/wp-content\/uploads\/2019\/08\/19-20-Fikst\u00fcr-\u00c7ekimi-1-1024x683.jpg\" \/><\/a>\n\t\t\t<\/dt><\/dl><br style=\"clear: both\" \/><dl class='gallery-item'>\n\t\t\t<dt class='gallery-icon landscape'>\n\t\t\t\t<a href='https:\/\/sarimelekler.biz\/?attachment_id=11464'><img loading=\"lazy\" decoding=\"async\" width=\"860\" height=\"574\" src=\"https:\/\/sarimelekler.biz\/wp-content\/uploads\/2019\/08\/19-20-Fikst\u00fcr-\u00c7ekimi-2-1024x684.jpg\" class=\"attachment-large size-large\" alt=\"\" srcset=\"https:\/\/sarimelekler.biz\/wp-content\/uploads\/2019\/08\/19-20-Fikst\u00fcr-\u00c7ekimi-2-1024x684.jpg 1024w, https:\/\/sarimelekler.biz\/wp-content\/uploads\/2019\/08\/19-20-Fikst\u00fcr-\u00c7ekimi-2-300x200.jpg 300w, https:\/\/sarimelekler.biz\/wp-content\/uploads\/2019\/08\/19-20-Fikst\u00fcr-\u00c7ekimi-2-768x513.jpg 768w, https:\/\/sarimelekler.biz\/wp-content\/uploads\/2019\/08\/19-20-Fikst\u00fcr-\u00c7ekimi-2-150x100.jpg 150w, https:\/\/sarimelekler.biz\/wp-content\/uploads\/2019\/08\/19-20-Fikst\u00fcr-\u00c7ekimi-2.jpg 1500w\" sizes=\"auto, (max-width: 860px) 100vw, 860px\" data-attachment-id=\"11464\" data-permalink=\"https:\/\/sarimelekler.biz\/?attachment_id=11464\" data-orig-file=\"https:\/\/sarimelekler.biz\/wp-content\/uploads\/2019\/08\/19-20-Fikst\u00fcr-\u00c7ekimi-2.jpg\" data-orig-size=\"1500,1002\" data-comments-opened=\"0\" data-image-meta=\"{&quot;aperture&quot;:&quot;3.5&quot;,&quot;credit&quot;:&quot;&quot;,&quot;camera&quot;:&quot;Canon EOS 7D Mark II&quot;,&quot;caption&quot;:&quot;&quot;,&quot;created_timestamp&quot;:&quot;1566916734&quot;,&quot;copyright&quot;:&quot;&quot;,&quot;focal_length&quot;:&quot;18&quot;,&quot;iso&quot;:&quot;4000&quot;,&quot;shutter_speed&quot;:&quot;0.004&quot;,&quot;title&quot;:&quot;&quot;,&quot;orientation&quot;:&quot;0&quot;}\" data-image-title=\"19-20 Fikst\u00fcr \u00c7ekimi (2)\" data-image-description=\"\" data-image-caption=\"\" data-large-file=\"https:\/\/sarimelekler.biz\/wp-content\/uploads\/2019\/08\/19-20-Fikst\u00fcr-\u00c7ekimi-2-1024x684.jpg\" \/><\/a>\n\t\t\t<\/dt><\/dl><br style=\"clear: both\" \/>\n\t\t<\/div>\n\n<p>Kaynak: <a href=\"http:\/\/www.tvf.org.tr\/haberler\/2019-2020-voleybol-sezonu-efeler-ligi-ve-vestel-venus-sultanlar-liginin-fiksturleri-belli-oldu\/\" target=\"_blank\" rel=\"noopener noreferrer\">T\u00fcrkiye Voleybol Federasyonu \u0130nternet Sitesi<\/a><\/p>\n","protected":false},"excerpt":{"rendered":"<p>2019-2020 Voleybol Sezonu Vestel Venus Sultanlar Ligi fikst\u00fcr\u00fc Ankara Volley \u2026 <a class=\"continue-reading-link\" href=\"https:\/\/sarimelekler.biz\/?p=11461\">Okumaya Devam Et.. <span class=\"meta-nav\">&rarr; <\/span><\/a><\/p>\n","protected":false},"author":1,"featured_media":11463,"comment_status":"closed","ping_status":"open","sticky":false,"template":"","format":"standard","meta":{"jetpack_post_was_ever_published":false,"_jetpack_newsletter_access":"","_jetpack_dont_email_post_to_subs":false,"_jetpack_newsletter_tier_id":0,"_jetpack_memberships_contains_paywalled_content":false,"_jetpack_memberships_contains_paid_content":false,"footnotes":"","jetpack_publicize_message":"","jetpack_publicize_feature_enabled":true,"jetpack_social_post_already_shared":true,"jetpack_social_options":{"image_generator_settings":{"template":"highway","default_image_id":0,"font":"","enabled":false},"version":2}},"categories":[7],"tags":[],"class_list":["post-11461","post","type-post","status-publish","format-standard","has-post-thumbnail","hentry","category-haberler"],"jetpack_publicize_connections":[],"jetpack_featured_media_url":"https:\/\/sarimelekler.biz\/wp-content\/uploads\/2019\/08\/19-20-Fikst\u00fcr-\u00c7ekimi-1.jpg","jetpack_sharing_enabled":true,"jetpack_shortlink":"https:\/\/wp.me\/p8npUZ-2YR","jetpack-related-posts":[{"id":6604,"url":"https:\/\/sarimelekler.biz\/?p=6604","url_meta":{"origin":11461,"position":0},"title":"Sar\u0131 Melekler&#8217;in 2018-2019 Sezonu Fikst\u00fcr\u00fc Belli Oldu.","author":"Edit\u00f6r","date":"7 A\u011fustos 2018","format":false,"excerpt":"2018-2019 Voleybol Sezonu Vestel Venus Sultanlar Ligi ve Efeler Ligi fikst\u00fcrleri, Ankara Volley Hotel Toplant\u0131 Salonu'nda \u00e7ekildi. Kura \u00e7ekiminde Kul\u00fcb\u00fcm\u00fcz\u00fc, Voleybol \u015eubemizin \u0130dari Menajeri Abdullah Pa\u015fao\u011flu temsil etti. Vestel Venus Sultanlar Ligi\u2019nin ilk haftas\u0131nda ise Fenerbah\u00e7e Bayan Voleybol Tak\u0131m\u0131m\u0131z, Be\u015fikta\u015f\u2019\u0131 konuk edecek. Efeler Ligi\u2019nde ise Fenerbah\u00e7emiz ilk hafta sahas\u0131nda Jeopark\u2026","rel":"","context":"&quot;T\u00fcrkiye Ligi&quot; i\u00e7inde","block_context":{"text":"T\u00fcrkiye Ligi","link":"https:\/\/sarimelekler.biz\/?cat=6"},"img":{"alt_text":"","src":"https:\/\/i0.wp.com\/sarimelekler.biz\/wp-content\/uploads\/2018\/08\/Ads%C4%B1z.jpg?resize=350%2C200&ssl=1","width":350,"height":200,"srcset":"https:\/\/i0.wp.com\/sarimelekler.biz\/wp-content\/uploads\/2018\/08\/Ads%C4%B1z.jpg?resize=350%2C200&ssl=1 1x, https:\/\/i0.wp.com\/sarimelekler.biz\/wp-content\/uploads\/2018\/08\/Ads%C4%B1z.jpg?resize=525%2C300&ssl=1 1.5x, https:\/\/i0.wp.com\/sarimelekler.biz\/wp-content\/uploads\/2018\/08\/Ads%C4%B1z.jpg?resize=700%2C400&ssl=1 2x"},"classes":[]},{"id":4162,"url":"https:\/\/sarimelekler.biz\/?p=4162","url_meta":{"origin":11461,"position":1},"title":"2017-2018 Voleybol Sezonu Vestel Venus Sultanlar Ligi Fikst\u00fcr\u00fc \u00c7ekildi","author":"Edit\u00f6r","date":"9 A\u011fustos 2017","format":false,"excerpt":"2017 \u2013\u00a02018 Voleybol Sezonu Vestel Venus Sultanlar Ligi fikst\u00fcr\u00fc 08 A\u011fustos 2017 g\u00fcn\u00fc Ankara Volley Hotel Toplant\u0131 Salonu'nda ger\u00e7ekle\u015fen kura \u00e7ekimi sonucunda belli oldu. Vestel Venus Sultanlar Ligi'nde 1. Devre Kar\u015f\u0131la\u015fmalar\u0131 08 Ekim - 05 Aral\u0131k 2017 tarihleri aras\u0131nda, 2. Devre kar\u015f\u0131la\u015fmalar\u0131 07 Ocak - 25 \u015eubat 2018 tarihleri aras\u0131nda,\u2026","rel":"","context":"&quot;T\u00fcrkiye Ligi&quot; i\u00e7inde","block_context":{"text":"T\u00fcrkiye Ligi","link":"https:\/\/sarimelekler.biz\/?cat=6"},"img":{"alt_text":"","src":"https:\/\/i0.wp.com\/sarimelekler.biz\/wp-content\/uploads\/2017\/08\/haber_1493752244_13.jpg?resize=350%2C200&ssl=1","width":350,"height":200,"srcset":"https:\/\/i0.wp.com\/sarimelekler.biz\/wp-content\/uploads\/2017\/08\/haber_1493752244_13.jpg?resize=350%2C200&ssl=1 1x, https:\/\/i0.wp.com\/sarimelekler.biz\/wp-content\/uploads\/2017\/08\/haber_1493752244_13.jpg?resize=525%2C300&ssl=1 1.5x, https:\/\/i0.wp.com\/sarimelekler.biz\/wp-content\/uploads\/2017\/08\/haber_1493752244_13.jpg?resize=700%2C400&ssl=1 2x, https:\/\/i0.wp.com\/sarimelekler.biz\/wp-content\/uploads\/2017\/08\/haber_1493752244_13.jpg?resize=1050%2C600&ssl=1 3x"},"classes":[]},{"id":18104,"url":"https:\/\/sarimelekler.biz\/?p=18104","url_meta":{"origin":11461,"position":2},"title":"Misli.com Sultanlar Ligi\u2019nde 2022-23 Sezonu Fikst\u00fcr\u00fc \u00c7ekildi","author":"Edit\u00f6r","date":"11 A\u011fustos 2022","format":false,"excerpt":"Misli.com Sultanlar Ligi\u2019nde 2022-2023 voleybol sezonunun fikst\u00fcr \u00e7ekimi, T\u00fcrkiye Voleybol Federasyonu\u2019nun Ankara Merkez Ofisi\u2019nde yap\u0131ld\u0131. Fenerbah\u00e7e Opet sezonun ilk haftas\u0131nda Eczac\u0131ba\u015f\u0131\u2019n\u0131 konuk edecek. Misli.com Sultanlar Ligi\u2019nde 1. devre kar\u015f\u0131la\u015fmalar\u0131 30 Ekim \u2013 25 Aral\u0131k 2022 tarihleri aras\u0131nda, 2. devre kar\u015f\u0131la\u015fmalar\u0131 7 Ocak \u2013 1 Nisan 2023 tarihleri aras\u0131nda oynanacak. \u00a0\u2026","rel":"","context":"&quot;T\u00fcrkiye Ligi&quot; i\u00e7inde","block_context":{"text":"T\u00fcrkiye Ligi","link":"https:\/\/sarimelekler.biz\/?cat=6"},"img":{"alt_text":"","src":"https:\/\/i0.wp.com\/sarimelekler.biz\/wp-content\/uploads\/2022\/04\/28-21-22-8.jpg?resize=350%2C200&ssl=1","width":350,"height":200,"srcset":"https:\/\/i0.wp.com\/sarimelekler.biz\/wp-content\/uploads\/2022\/04\/28-21-22-8.jpg?resize=350%2C200&ssl=1 1x, https:\/\/i0.wp.com\/sarimelekler.biz\/wp-content\/uploads\/2022\/04\/28-21-22-8.jpg?resize=525%2C300&ssl=1 1.5x, https:\/\/i0.wp.com\/sarimelekler.biz\/wp-content\/uploads\/2022\/04\/28-21-22-8.jpg?resize=700%2C400&ssl=1 2x, https:\/\/i0.wp.com\/sarimelekler.biz\/wp-content\/uploads\/2022\/04\/28-21-22-8.jpg?resize=1050%2C600&ssl=1 3x, https:\/\/i0.wp.com\/sarimelekler.biz\/wp-content\/uploads\/2022\/04\/28-21-22-8.jpg?resize=1400%2C800&ssl=1 4x"},"classes":[]},{"id":15944,"url":"https:\/\/sarimelekler.biz\/?p=15944","url_meta":{"origin":11461,"position":3},"title":"Sultanlar Ligi 2021-2022 Sezonu Fikst\u00fcr \u00c7ekimi Yap\u0131ld\u0131.","author":"Edit\u00f6r","date":"12 A\u011fustos 2021","format":false,"excerpt":"Misli.com Sultanlar Ligi\u2019nde 2021-2022 voleybol sezonu fikst\u00fcr \u00e7ekimi, T\u00fcrkiye Voleybol Federasyonu Ankara Merkez Ofisi\u2019nde yap\u0131ld\u0131. TVF Youtube kanal\u0131ndan ger\u00e7ekle\u015fen kura \u00e7ekimini; TVF Ba\u015fkan\u0131 Mehmet Akif \u00dcst\u00fcnda\u011f, TVF Liglerden Sorumlu Asba\u015fkan\u0131 Ahmet G\u00f6ksu ve TVF Lig \u0130\u015fleri Dan\u0131\u015fman\u0131 Recep Nurtan\u0131\u015f ger\u00e7ekle\u015ftirdi. Misli.com Sultanlar Ligi\u2019nde 1. Devre kar\u015f\u0131la\u015fmalar\u0131 09 Ekim \u2013 11\u2026","rel":"","context":"&quot;T\u00fcrkiye Ligi&quot; i\u00e7inde","block_context":{"text":"T\u00fcrkiye Ligi","link":"https:\/\/sarimelekler.biz\/?cat=6"},"img":{"alt_text":"","src":"https:\/\/i0.wp.com\/sarimelekler.biz\/wp-content\/uploads\/2020\/09\/mislicom.png?resize=350%2C200&ssl=1","width":350,"height":200},"classes":[]},{"id":13420,"url":"https:\/\/sarimelekler.biz\/?p=13420","url_meta":{"origin":11461,"position":4},"title":"Voleybol Ligleri Sonland\u0131r\u0131ld\u0131.","author":"Edit\u00f6r","date":"11 May\u0131s 2020","format":false,"excerpt":"T\u00fcrkiye Cumhuriyeti Gen\u00e7lik ve Spor Bakan\u0131 Sn. Mehmet Muharrem Kasapo\u011flu\u2019nun ev sahipli\u011finde 19.03.2020 g\u00fcn\u00fc Ankara\u2019da yap\u0131lan toplant\u0131 sonucunda, COVID-19 salg\u0131n\u0131na kar\u015f\u0131 al\u0131nan tedbirler kapsam\u0131nda t\u00fcm voleybol ma\u00e7lar\u0131n\u0131n s\u00fcresiz olarak ertelendi\u011fi a\u00e7\u0131klanm\u0131\u015ft\u0131. Ge\u00e7en yakla\u015f\u0131k 53 g\u00fcnde tak\u0131mlar antrenmanlar\u0131na evlerinden \u00c7evrimi\u00e7i olarak s\u00fcrd\u00fcrmekteydi. Bug\u00fcn T\u00fcrkiye Voleybol Federasyonu taraf\u0131ndan; erkek ve kad\u0131n liglerinin\u2026","rel":"","context":"&quot;T\u00fcrkiye Ligi&quot; i\u00e7inde","block_context":{"text":"T\u00fcrkiye Ligi","link":"https:\/\/sarimelekler.biz\/?cat=6"},"img":{"alt_text":"","src":"https:\/\/i0.wp.com\/sarimelekler.biz\/wp-content\/uploads\/2020\/03\/FB-Logo.jpeg?resize=350%2C200&ssl=1","width":350,"height":200,"srcset":"https:\/\/i0.wp.com\/sarimelekler.biz\/wp-content\/uploads\/2020\/03\/FB-Logo.jpeg?resize=350%2C200&ssl=1 1x, https:\/\/i0.wp.com\/sarimelekler.biz\/wp-content\/uploads\/2020\/03\/FB-Logo.jpeg?resize=525%2C300&ssl=1 1.5x, https:\/\/i0.wp.com\/sarimelekler.biz\/wp-content\/uploads\/2020\/03\/FB-Logo.jpeg?resize=700%2C400&ssl=1 2x, https:\/\/i0.wp.com\/sarimelekler.biz\/wp-content\/uploads\/2020\/03\/FB-Logo.jpeg?resize=1050%2C600&ssl=1 3x, https:\/\/i0.wp.com\/sarimelekler.biz\/wp-content\/uploads\/2020\/03\/FB-Logo.jpeg?resize=1400%2C800&ssl=1 4x"},"classes":[]},{"id":3750,"url":"https:\/\/sarimelekler.biz\/?p=3750","url_meta":{"origin":11461,"position":5},"title":"Play-Off Final Serisi Program\u0131 Belli Oldu","author":"Edit\u00f6r","date":"17 Nisan 2017","format":false,"excerpt":"2016-2017 Sezonu Vestel Ven\u00fcs Sultanlar Ligi Play-Off final serisi 27 Nisan 2017 Per\u015fembe g\u00fcn\u00fc ba\u015flayacak. Seri 5 ma\u00e7 \u00fczerinden oynanacak ve 3 galibiyet alan tak\u0131m \u015eampiyon olacak. Serinin ilk iki ma\u00e7a Fenerbah\u00e7e\u2019mizin ev sahipli\u011finde d\u00fczenlenirken sonraki iki ma\u00e7 ise Galatasaray\u2019\u0131n ev sahipli\u011finde olacak. Serinin 5. ma\u00e7a uzamas\u0131 durumunda ise 5.\u2026","rel":"","context":"&quot;T\u00fcrkiye Ligi&quot; i\u00e7inde","block_context":{"text":"T\u00fcrkiye Ligi","link":"https:\/\/sarimelekler.biz\/?cat=6"},"img":{"alt_text":"","src":"https:\/\/i0.wp.com\/sarimelekler.biz\/wp-content\/uploads\/2017\/02\/YNS_4763.jpg?resize=350%2C200&ssl=1","width":350,"height":200,"srcset":"https:\/\/i0.wp.com\/sarimelekler.biz\/wp-content\/uploads\/2017\/02\/YNS_4763.jpg?resize=350%2C200&ssl=1 1x, https:\/\/i0.wp.com\/sarimelekler.biz\/wp-content\/uploads\/2017\/02\/YNS_4763.jpg?resize=525%2C300&ssl=1 1.5x, https:\/\/i0.wp.com\/sarimelekler.biz\/wp-content\/uploads\/2017\/02\/YNS_4763.jpg?resize=700%2C400&ssl=1 2x, https:\/\/i0.wp.com\/sarimelekler.biz\/wp-content\/uploads\/2017\/02\/YNS_4763.jpg?resize=1050%2C600&ssl=1 3x, https:\/\/i0.wp.com\/sarimelekler.biz\/wp-content\/uploads\/2017\/02\/YNS_4763.jpg?resize=1400%2C800&ssl=1 4x"},"classes":[]}],"_links":{"self":[{"href":"https:\/\/sarimelekler.biz\/index.php?rest_route=\/wp\/v2\/posts\/11461","targetHints":{"allow":["GET"]}}],"collection":[{"href":"https:\/\/sarimelekler.biz\/index.php?rest_route=\/wp\/v2\/posts"}],"about":[{"href":"https:\/\/sarimelekler.biz\/index.php?rest_route=\/wp\/v2\/types\/post"}],"author":[{"embeddable":true,"href":"https:\/\/sarimelekler.biz\/index.php?rest_route=\/wp\/v2\/users\/1"}],"replies":[{"embeddable":true,"href":"https:\/\/sarimelekler.biz\/index.php?rest_route=%2Fwp%2Fv2%2Fcomments&post=11461"}],"version-history":[{"count":1,"href":"https:\/\/sarimelekler.biz\/index.php?rest_route=\/wp\/v2\/posts\/11461\/revisions"}],"predecessor-version":[{"id":11465,"href":"https:\/\/sarimelekler.biz\/index.php?rest_route=\/wp\/v2\/posts\/11461\/revisions\/11465"}],"wp:featuredmedia":[{"embeddable":true,"href":"https:\/\/sarimelekler.biz\/index.php?rest_route=\/wp\/v2\/media\/11463"}],"wp:attachment":[{"href":"https:\/\/sarimelekler.biz\/index.php?rest_route=%2Fwp%2Fv2%2Fmedia&parent=11461"}],"wp:term":[{"taxonomy":"category","embeddable":true,"href":"https:\/\/sarimelekler.biz\/index.php?rest_route=%2Fwp%2Fv2%2Fcategories&post=11461"},{"taxonomy":"post_tag","embeddable":true,"href":"https:\/\/sarimelekler.biz\/index.php?rest_route=%2Fwp%2Fv2%2Ftags&post=11461"}],"curies":[{"name":"wp","href":"https:\/\/api.w.org\/{rel}","templated":true}]}}