{"id":11486,"date":"2019-08-31T00:18:29","date_gmt":"2019-08-30T21:18:29","guid":{"rendered":"http:\/\/sarimelekler.biz\/?p=11486"},"modified":"2019-08-31T00:21:47","modified_gmt":"2019-08-30T21:21:47","slug":"dicle-nur-babat-topuk-yaylasi-kampina-katildi","status":"publish","type":"post","link":"https:\/\/sarimelekler.biz\/?p=11486","title":{"rendered":"Dicle Nur Babat Topuk Yaylas\u0131 Kamp\u0131na Kat\u0131ld\u0131."},"content":{"rendered":"<p style=\"text-align: justify;\">Yeni sezona D\u00fczce\u2019nin Kayna\u015fl\u0131 il\u00e7esinde bulunan Serkan Acar Resort&amp;Sport Topuk Yaylas\u0131\u2019nda haz\u0131rlanan Kad\u0131n Voleybol tak\u0131m\u0131m\u0131z kamp\u0131na ge\u00e7ti\u011fimiz g\u00fcnlerde sa\u011f omzundan artroskopik omuz ameliyat\u0131 olan ba\u015far\u0131l\u0131 orta oyuncumuz Dicle Nur Babat\u2019ta kat\u0131ld\u0131.<\/p>\n<p style=\"text-align: justify;\">Omzunda halen ameliyat diki\u015fleri bulunan Dicle Nur hen\u00fcz tak\u0131mla birlikte top antrenmanlar\u0131na ba\u015flamazken bir m\u00fcddet kondisyon antrenmanlar\u0131na devam edecek. Dicle\u2019nin sezon ba\u015flang\u0131c\u0131na kadar haz\u0131r hale gelece\u011fi d\u00fc\u015f\u00fcn\u00fcl\u00fcyor.<\/p>\n<p style=\"text-align: justify;\">Sar\u0131 Meleklerin son yapt\u0131\u011f\u0131 antrenmanda misafirleri vard\u0131. \u00a0D\u00fczce Fenerbah\u00e7e Voleybol Okulu \u00f6\u011frencileri de tak\u0131m\u0131m\u0131z\u0131n antrenman\u0131n\u0131 izledi ve daha sonra voleybolcular\u0131m\u0131zla birlikte foto\u011fraf \u00e7ektirdi.<\/p>\n<p style=\"text-align: justify;\">Ayr\u0131ca oyuncular\u0131m\u0131z ve teknik kadro 30 A\u011fustos Zafer Bayram\u0131 nedeniyle T\u00fcrk bayra\u011f\u0131 ve Atat\u00fcrk portresi \u00f6n\u00fcnde objektifimize poz verdi.<\/p>\n<p style=\"text-align: justify;\">Topuk Yaylas\u0131 Kamp\u0131nda A Tak\u0131m oyuncular\u0131m\u0131z Melis Y\u0131lmaz, Bahar Toksoy Guidetti, Melissa Vargas, S\u0131la \u00c7al\u0131\u015fkan, Ceren Kestireng\u00f6z, Damla \u00c7ak\u0131ro\u011flu ve Beliz Ba\u015fk\u0131r ile Y\u0131ld\u0131z K\u0131z Tak\u0131m oyuncular\u0131m\u0131zdan Lila \u015eeng\u00fcn, Peyman Yard\u0131mc\u0131,\u00a0 Sude Naz Uzun,\u00a0 Miray G\u00f6z\u00fcb\u00fcy\u00fck, Berre \u0130nce ve Ayb\u00fcke G\u00fcldeno\u011flu bulunuyor.<\/p>\n<p style=\"text-align: justify;\">S\u0131rbistan milli tak\u0131m\u0131n\u0131 \u00e7al\u0131\u015ft\u0131ran Ba\u015fantren\u00f6r Zoran Terzic ile milli oyuncular kaptan Eda Erdem D\u00fcndar, Naz Aydemir Akyol, Fatma Y\u0131ld\u0131r\u0131m, Aylin Sar\u0131o\u011flu, Kelsey Robinson ve Brankica Mihajlovic kampa getirilmediler.<\/p>\n\n\t\t<style type=\"text\/css\">\n\t\t\t#gallery-1 {\n\t\t\t\tmargin: auto;\n\t\t\t}\n\t\t\t#gallery-1 .gallery-item {\n\t\t\t\tfloat: left;\n\t\t\t\tmargin-top: 10px;\n\t\t\t\ttext-align: center;\n\t\t\t\twidth: 100%;\n\t\t\t}\n\t\t\t#gallery-1 img {\n\t\t\t\tborder: 2px solid #cfcfcf;\n\t\t\t}\n\t\t\t#gallery-1 .gallery-caption {\n\t\t\t\tmargin-left: 0;\n\t\t\t}\n\t\t\t\/* see gallery_shortcode() in wp-includes\/media.php *\/\n\t\t<\/style>\n\t\t<div data-carousel-extra='{&quot;blog_id&quot;:1,&quot;permalink&quot;:&quot;https:\/\/sarimelekler.biz\/?p=11486&quot;}' id='gallery-1' class='gallery galleryid-11486 gallery-columns-1 gallery-size-large'><dl class='gallery-item'>\n\t\t\t<dt class='gallery-icon landscape'>\n\t\t\t\t<a href='https:\/\/sarimelekler.biz\/?attachment_id=11487'><img loading=\"lazy\" decoding=\"async\" width=\"860\" height=\"693\" src=\"https:\/\/sarimelekler.biz\/wp-content\/uploads\/2019\/08\/19-20-Topuk-Yaylas\u0131-18-1024x825.jpg\" class=\"attachment-large size-large\" alt=\"\" srcset=\"https:\/\/sarimelekler.biz\/wp-content\/uploads\/2019\/08\/19-20-Topuk-Yaylas\u0131-18-1024x825.jpg 1024w, https:\/\/sarimelekler.biz\/wp-content\/uploads\/2019\/08\/19-20-Topuk-Yaylas\u0131-18-300x242.jpg 300w, https:\/\/sarimelekler.biz\/wp-content\/uploads\/2019\/08\/19-20-Topuk-Yaylas\u0131-18-768x619.jpg 768w, https:\/\/sarimelekler.biz\/wp-content\/uploads\/2019\/08\/19-20-Topuk-Yaylas\u0131-18-150x121.jpg 150w\" sizes=\"auto, (max-width: 860px) 100vw, 860px\" data-attachment-id=\"11487\" data-permalink=\"https:\/\/sarimelekler.biz\/?attachment_id=11487\" data-orig-file=\"https:\/\/sarimelekler.biz\/wp-content\/uploads\/2019\/08\/19-20-Topuk-Yaylas\u0131-18.jpg\" data-orig-size=\"2500,2015\" data-comments-opened=\"0\" data-image-meta=\"{&quot;aperture&quot;:&quot;3.5&quot;,&quot;credit&quot;:&quot;&quot;,&quot;camera&quot;:&quot;Canon EOS-1D X&quot;,&quot;caption&quot;:&quot;&quot;,&quot;created_timestamp&quot;:&quot;1567160253&quot;,&quot;copyright&quot;:&quot;&quot;,&quot;focal_length&quot;:&quot;27&quot;,&quot;iso&quot;:&quot;640&quot;,&quot;shutter_speed&quot;:&quot;0.004&quot;,&quot;title&quot;:&quot;&quot;,&quot;orientation&quot;:&quot;1&quot;}\" data-image-title=\"19-20 Topuk Yaylas\u0131 (18)\" data-image-description=\"\" data-image-caption=\"\" data-large-file=\"https:\/\/sarimelekler.biz\/wp-content\/uploads\/2019\/08\/19-20-Topuk-Yaylas\u0131-18-1024x825.jpg\" \/><\/a>\n\t\t\t<\/dt><\/dl><br style=\"clear: both\" \/><dl class='gallery-item'>\n\t\t\t<dt class='gallery-icon landscape'>\n\t\t\t\t<a href='https:\/\/sarimelekler.biz\/?attachment_id=11488'><img loading=\"lazy\" decoding=\"async\" width=\"860\" height=\"674\" src=\"https:\/\/sarimelekler.biz\/wp-content\/uploads\/2019\/08\/19-20-Topuk-Yaylas\u0131-19-1024x802.jpg\" class=\"attachment-large size-large\" alt=\"\" srcset=\"https:\/\/sarimelekler.biz\/wp-content\/uploads\/2019\/08\/19-20-Topuk-Yaylas\u0131-19-1024x802.jpg 1024w, https:\/\/sarimelekler.biz\/wp-content\/uploads\/2019\/08\/19-20-Topuk-Yaylas\u0131-19-300x235.jpg 300w, https:\/\/sarimelekler.biz\/wp-content\/uploads\/2019\/08\/19-20-Topuk-Yaylas\u0131-19-768x601.jpg 768w, https:\/\/sarimelekler.biz\/wp-content\/uploads\/2019\/08\/19-20-Topuk-Yaylas\u0131-19-150x117.jpg 150w\" sizes=\"auto, (max-width: 860px) 100vw, 860px\" data-attachment-id=\"11488\" data-permalink=\"https:\/\/sarimelekler.biz\/?attachment_id=11488\" data-orig-file=\"https:\/\/sarimelekler.biz\/wp-content\/uploads\/2019\/08\/19-20-Topuk-Yaylas\u0131-19.jpg\" data-orig-size=\"2500,1957\" data-comments-opened=\"0\" data-image-meta=\"{&quot;aperture&quot;:&quot;3.5&quot;,&quot;credit&quot;:&quot;&quot;,&quot;camera&quot;:&quot;Canon EOS-1D X&quot;,&quot;caption&quot;:&quot;&quot;,&quot;created_timestamp&quot;:&quot;1567160346&quot;,&quot;copyright&quot;:&quot;&quot;,&quot;focal_length&quot;:&quot;19&quot;,&quot;iso&quot;:&quot;640&quot;,&quot;shutter_speed&quot;:&quot;0.004&quot;,&quot;title&quot;:&quot;&quot;,&quot;orientation&quot;:&quot;1&quot;}\" data-image-title=\"19-20 Topuk Yaylas\u0131 (19)\" data-image-description=\"\" data-image-caption=\"\" data-large-file=\"https:\/\/sarimelekler.biz\/wp-content\/uploads\/2019\/08\/19-20-Topuk-Yaylas\u0131-19-1024x802.jpg\" \/><\/a>\n\t\t\t<\/dt><\/dl><br style=\"clear: both\" \/><dl class='gallery-item'>\n\t\t\t<dt class='gallery-icon landscape'>\n\t\t\t\t<a href='https:\/\/sarimelekler.biz\/?attachment_id=11489'><img loading=\"lazy\" decoding=\"async\" width=\"860\" height=\"562\" src=\"https:\/\/sarimelekler.biz\/wp-content\/uploads\/2019\/08\/19-20-Topuk-Yaylas\u0131-20-1024x669.jpg\" class=\"attachment-large size-large\" alt=\"\" srcset=\"https:\/\/sarimelekler.biz\/wp-content\/uploads\/2019\/08\/19-20-Topuk-Yaylas\u0131-20-1024x669.jpg 1024w, https:\/\/sarimelekler.biz\/wp-content\/uploads\/2019\/08\/19-20-Topuk-Yaylas\u0131-20-300x196.jpg 300w, https:\/\/sarimelekler.biz\/wp-content\/uploads\/2019\/08\/19-20-Topuk-Yaylas\u0131-20-768x502.jpg 768w, https:\/\/sarimelekler.biz\/wp-content\/uploads\/2019\/08\/19-20-Topuk-Yaylas\u0131-20-150x98.jpg 150w\" sizes=\"auto, (max-width: 860px) 100vw, 860px\" data-attachment-id=\"11489\" data-permalink=\"https:\/\/sarimelekler.biz\/?attachment_id=11489\" data-orig-file=\"https:\/\/sarimelekler.biz\/wp-content\/uploads\/2019\/08\/19-20-Topuk-Yaylas\u0131-20.jpg\" data-orig-size=\"2500,1633\" data-comments-opened=\"0\" data-image-meta=\"{&quot;aperture&quot;:&quot;3.5&quot;,&quot;credit&quot;:&quot;&quot;,&quot;camera&quot;:&quot;Canon EOS-1D X&quot;,&quot;caption&quot;:&quot;&quot;,&quot;created_timestamp&quot;:&quot;1567160293&quot;,&quot;copyright&quot;:&quot;&quot;,&quot;focal_length&quot;:&quot;19&quot;,&quot;iso&quot;:&quot;640&quot;,&quot;shutter_speed&quot;:&quot;0.004&quot;,&quot;title&quot;:&quot;&quot;,&quot;orientation&quot;:&quot;1&quot;}\" data-image-title=\"19-20 Topuk Yaylas\u0131 (20)\" data-image-description=\"\" data-image-caption=\"\" data-large-file=\"https:\/\/sarimelekler.biz\/wp-content\/uploads\/2019\/08\/19-20-Topuk-Yaylas\u0131-20-1024x669.jpg\" \/><\/a>\n\t\t\t<\/dt><\/dl><br style=\"clear: both\" \/>\n\t\t<\/div>\n\n","protected":false},"excerpt":{"rendered":"<p>Yeni sezona D\u00fczce\u2019nin Kayna\u015fl\u0131 il\u00e7esinde bulunan Serkan Acar Resort&amp;Sport Topuk \u2026 <a class=\"continue-reading-link\" href=\"https:\/\/sarimelekler.biz\/?p=11486\">Okumaya Devam Et.. <span class=\"meta-nav\">&rarr; <\/span><\/a><\/p>\n","protected":false},"author":1,"featured_media":11490,"comment_status":"closed","ping_status":"open","sticky":false,"template":"","format":"standard","meta":{"jetpack_post_was_ever_published":false,"_jetpack_newsletter_access":"","_jetpack_dont_email_post_to_subs":false,"_jetpack_newsletter_tier_id":0,"_jetpack_memberships_contains_paywalled_content":false,"_jetpack_memberships_contains_paid_content":false,"footnotes":"","jetpack_publicize_message":"","jetpack_publicize_feature_enabled":true,"jetpack_social_post_already_shared":true,"jetpack_social_options":{"image_generator_settings":{"template":"highway","default_image_id":0,"font":"","enabled":false},"version":2}},"categories":[7],"tags":[],"class_list":["post-11486","post","type-post","status-publish","format-standard","has-post-thumbnail","hentry","category-haberler"],"jetpack_publicize_connections":[],"jetpack_featured_media_url":"https:\/\/sarimelekler.biz\/wp-content\/uploads\/2019\/08\/Dicle-Topuk-Yaylas\u0131.jpg","jetpack_sharing_enabled":true,"jetpack_shortlink":"https:\/\/wp.me\/p8npUZ-2Zg","jetpack-related-posts":[{"id":11466,"url":"https:\/\/sarimelekler.biz\/?p=11466","url_meta":{"origin":11486,"position":0},"title":"Sar\u0131 Melekler Yeni Sezona Topuk Yaylas\u0131\u2019nda Haz\u0131rlan\u0131yor","author":"Edit\u00f6r","date":"30 A\u011fustos 2019","format":false,"excerpt":"Fenerbah\u00e7e Kad\u0131n Voleybol Tak\u0131m\u0131m\u0131z yeni sezona D\u00fczce\u2019nin Kayna\u015fl\u0131 il\u00e7esinde bulunan Serkan Acar Resort&Sport Topuk Yaylas\u0131\u2019nda haz\u0131rlan\u0131yor. M\u00fccadele edece\u011fi 3 kulvarda da ba\u015far\u0131 hedefleyen Sar\u0131 Melekler, sezonu 15 A\u011fustos\u2019ta Derea\u011fz\u0131 Lefter K\u00fc\u00e7\u00fckandonyadis Tesislerimizde yapt\u0131\u011f\u0131 antrenmanla a\u00e7t\u0131. \u00c7al\u0131\u015fmalar\u0131n\u0131n \u0130stanbul etab\u0131n\u0131n ard\u0131ndan 1 haftal\u0131k kamp i\u00e7in 26 A\u011fustos 2019 Pazartesi g\u00fcn\u00fc Serkan Acar\u2026","rel":"","context":"&quot;Haberler&quot; i\u00e7inde","block_context":{"text":"Haberler","link":"https:\/\/sarimelekler.biz\/?cat=7"},"img":{"alt_text":"","src":"https:\/\/i0.wp.com\/sarimelekler.biz\/wp-content\/uploads\/2019\/08\/19-20-Topuk-Yaylas%C4%B1-11.png?resize=350%2C200&ssl=1","width":350,"height":200,"srcset":"https:\/\/i0.wp.com\/sarimelekler.biz\/wp-content\/uploads\/2019\/08\/19-20-Topuk-Yaylas%C4%B1-11.png?resize=350%2C200&ssl=1 1x, https:\/\/i0.wp.com\/sarimelekler.biz\/wp-content\/uploads\/2019\/08\/19-20-Topuk-Yaylas%C4%B1-11.png?resize=525%2C300&ssl=1 1.5x, https:\/\/i0.wp.com\/sarimelekler.biz\/wp-content\/uploads\/2019\/08\/19-20-Topuk-Yaylas%C4%B1-11.png?resize=700%2C400&ssl=1 2x, https:\/\/i0.wp.com\/sarimelekler.biz\/wp-content\/uploads\/2019\/08\/19-20-Topuk-Yaylas%C4%B1-11.png?resize=1050%2C600&ssl=1 3x"},"classes":[]},{"id":11493,"url":"https:\/\/sarimelekler.biz\/?p=11493","url_meta":{"origin":11486,"position":1},"title":"Topuk Yaylas\u0131 Kamp\u0131 Sona Erdi.","author":"Edit\u00f6r","date":"2 Eyl\u00fcl 2019","format":false,"excerpt":"Fenerbah\u00e7e Opet Kad\u0131n Voleybol Tak\u0131m\u0131m\u0131z yeni sezon haz\u0131rl\u0131klar\u0131 kapsam\u0131nda, 26 A\u011fustos\u2019ta ba\u015flad\u0131\u011f\u0131 Topuk Yaylas\u0131 kamp\u0131n\u0131 bug\u00fcn tamamlarken; Fenerbah\u00e7e HDI Sigorta Erkek Voleybol Tak\u0131m\u0131m\u0131z ise bug\u00fcn itibariyle sezon haz\u0131rl\u0131klar\u0131 i\u00e7in D\u00fczce\u2019ye gitti. Voleybol \u015eubemizden Sorumlu Y\u00f6neticimiz Simla T\u00fcrker Bayaz\u0131t ve Voleybol \u015eubemiz Yard\u0131mc\u0131s\u0131 Muhittin \u0130lker Din\u00e7ay da tak\u0131mlar\u0131m\u0131z\u0131n kamp\u0131n\u0131 ziyaret etti\u2026","rel":"","context":"&quot;Haberler&quot; i\u00e7inde","block_context":{"text":"Haberler","link":"https:\/\/sarimelekler.biz\/?cat=7"},"img":{"alt_text":"","src":"https:\/\/i0.wp.com\/sarimelekler.biz\/wp-content\/uploads\/2019\/09\/19-20-Topuk-Yaylas%C4%B1-28.jpg?resize=350%2C200&ssl=1","width":350,"height":200,"srcset":"https:\/\/i0.wp.com\/sarimelekler.biz\/wp-content\/uploads\/2019\/09\/19-20-Topuk-Yaylas%C4%B1-28.jpg?resize=350%2C200&ssl=1 1x, https:\/\/i0.wp.com\/sarimelekler.biz\/wp-content\/uploads\/2019\/09\/19-20-Topuk-Yaylas%C4%B1-28.jpg?resize=525%2C300&ssl=1 1.5x, https:\/\/i0.wp.com\/sarimelekler.biz\/wp-content\/uploads\/2019\/09\/19-20-Topuk-Yaylas%C4%B1-28.jpg?resize=700%2C400&ssl=1 2x, https:\/\/i0.wp.com\/sarimelekler.biz\/wp-content\/uploads\/2019\/09\/19-20-Topuk-Yaylas%C4%B1-28.jpg?resize=1050%2C600&ssl=1 3x, https:\/\/i0.wp.com\/sarimelekler.biz\/wp-content\/uploads\/2019\/09\/19-20-Topuk-Yaylas%C4%B1-28.jpg?resize=1400%2C800&ssl=1 4x"},"classes":[]},{"id":13708,"url":"https:\/\/sarimelekler.biz\/?p=13708","url_meta":{"origin":11486,"position":2},"title":"Eda Erdem D\u00fcndar ve Dicle Nur Babat Topuk Yaylas\u0131 Kamp\u0131nda FB Tv&#8217;ye Konuk Oldular","author":"Edit\u00f6r","date":"28 Temmuz 2020","format":false,"excerpt":"Yeni Sezon \u00e7al\u0131\u015fmalar\u0131n\u0131 Topuk Yaylas\u0131nda s\u00fcrd\u00fcren Fenerbah\u00e7e Opet Kad\u0131n Voleybol tak\u0131m\u0131m\u0131z\u0131n kaptan\u0131 Eda Erdem D\u00fcndar ve orta oyuncumuz Dicle Nur Babat Fenerbah\u00e7e Televizyonunda yay\u0131nlanan G\u00fcncel program\u0131na konuk oldular. Bu g\u00f6nderiyi Instagram'da g\u00f6r Sar\u0131 Melekler (@sari_melekler)'in payla\u015ft\u0131\u011f\u0131 bir g\u00f6nderi (27 Tem, 2020, 12:42\u00f6s PDT) Kaynak: Fenerbah\u00e7e Televizyonu","rel":"","context":"&quot;Video Programlar&quot; i\u00e7inde","block_context":{"text":"Video Programlar","link":"https:\/\/sarimelekler.biz\/?cat=22"},"img":{"alt_text":"","src":"https:\/\/i0.wp.com\/sarimelekler.biz\/wp-content\/uploads\/2020\/07\/Topuk-Yaylas%C4%B1-20-21-28.jpg?resize=350%2C200&ssl=1","width":350,"height":200,"srcset":"https:\/\/i0.wp.com\/sarimelekler.biz\/wp-content\/uploads\/2020\/07\/Topuk-Yaylas%C4%B1-20-21-28.jpg?resize=350%2C200&ssl=1 1x, https:\/\/i0.wp.com\/sarimelekler.biz\/wp-content\/uploads\/2020\/07\/Topuk-Yaylas%C4%B1-20-21-28.jpg?resize=525%2C300&ssl=1 1.5x, https:\/\/i0.wp.com\/sarimelekler.biz\/wp-content\/uploads\/2020\/07\/Topuk-Yaylas%C4%B1-20-21-28.jpg?resize=700%2C400&ssl=1 2x, https:\/\/i0.wp.com\/sarimelekler.biz\/wp-content\/uploads\/2020\/07\/Topuk-Yaylas%C4%B1-20-21-28.jpg?resize=1050%2C600&ssl=1 3x, https:\/\/i0.wp.com\/sarimelekler.biz\/wp-content\/uploads\/2020\/07\/Topuk-Yaylas%C4%B1-20-21-28.jpg?resize=1400%2C800&ssl=1 4x"},"classes":[]},{"id":15978,"url":"https:\/\/sarimelekler.biz\/?p=15978","url_meta":{"origin":11486,"position":3},"title":"Kad\u0131n Voleybol Tak\u0131mlar\u0131m\u0131z Topuk Yaylas\u0131 Tesislerimizde \u00c7al\u0131\u015fmalara Ba\u015fl\u0131yor","author":"Edit\u00f6r","date":"17 A\u011fustos 2021","format":false,"excerpt":"Fenerbah\u00e7e Opet Kad\u0131n Voleybol Tak\u0131m\u0131m\u0131z, 1.Lig Fenerbah\u00e7e Terrazzo Kad\u0131n Voleybol Tak\u0131m\u0131m\u0131z ve 2.Lig Kad\u0131n Voleybol Tak\u0131m\u0131m\u0131z bug\u00fcn itibar\u0131yla sezon haz\u0131rl\u0131klar\u0131 i\u00e7in D\u00fczce\u2019nin Kayna\u015fl\u0131 il\u00e7esinde bulunan Serkan Acar Resort&Sport Topuk Yaylas\u0131 Tesislerine gitti. Tak\u0131mlar\u0131m\u0131z bir hafta s\u00fcreyle \u00e7al\u0131\u015fmalar\u0131n\u0131 s\u00fcrd\u00fcrecek. Fenerbah\u00e7e Opet Kad\u0131n Voleybol Tak\u0131m\u0131m\u0131zda, Milli Tak\u0131mlarda bulunan oyuncular ve ba\u015fantren\u00f6r\u00fcm\u00fcz yoklu\u011funda,\u2026","rel":"","context":"&quot;Haberler&quot; i\u00e7inde","block_context":{"text":"Haberler","link":"https:\/\/sarimelekler.biz\/?cat=7"},"img":{"alt_text":"","src":"https:\/\/i0.wp.com\/sarimelekler.biz\/wp-content\/uploads\/2021\/08\/Topuk-Yaylasi-21-22-1.jpg?resize=350%2C200&ssl=1","width":350,"height":200,"srcset":"https:\/\/i0.wp.com\/sarimelekler.biz\/wp-content\/uploads\/2021\/08\/Topuk-Yaylasi-21-22-1.jpg?resize=350%2C200&ssl=1 1x, https:\/\/i0.wp.com\/sarimelekler.biz\/wp-content\/uploads\/2021\/08\/Topuk-Yaylasi-21-22-1.jpg?resize=525%2C300&ssl=1 1.5x, https:\/\/i0.wp.com\/sarimelekler.biz\/wp-content\/uploads\/2021\/08\/Topuk-Yaylasi-21-22-1.jpg?resize=700%2C400&ssl=1 2x, https:\/\/i0.wp.com\/sarimelekler.biz\/wp-content\/uploads\/2021\/08\/Topuk-Yaylasi-21-22-1.jpg?resize=1050%2C600&ssl=1 3x, https:\/\/i0.wp.com\/sarimelekler.biz\/wp-content\/uploads\/2021\/08\/Topuk-Yaylasi-21-22-1.jpg?resize=1400%2C800&ssl=1 4x"},"classes":[]},{"id":16009,"url":"https:\/\/sarimelekler.biz\/?p=16009","url_meta":{"origin":11486,"position":4},"title":"Dicle Nur Babat Topuk Yaylas\u0131 Kamp\u0131nda FB Tv\u2019ye Konuk Oldu","author":"Edit\u00f6r","date":"22 A\u011fustos 2021","format":false,"excerpt":"Yeni Sezon \u00e7al\u0131\u015fmalar\u0131n\u0131 Topuk Yaylas\u0131nda s\u00fcrd\u00fcren Fenerbah\u00e7e Opet Kad\u0131n Voleybol tak\u0131m\u0131m\u0131z\u0131n orta oyuncusu Dicle Nur Babat Fenerbah\u00e7e Televizyonunda yay\u0131nlanan Sma\u00e7\u00f6r program\u0131na konuk oldu. \u00a0 \u00a0 \u00a0 \u00a0 \u00a0 \u00a0 Bu g\u00f6nderiyi Instagram'da g\u00f6r \u00a0 \u00a0 \u00a0 \u00a0 \u00a0 \u00a0 \u00a0 \u00a0 \u00a0 \u00a0 \u00a0 Sar\u0131 Melekler (@sari_melekler)'in payla\u015ft\u0131\u011f\u0131 bir g\u00f6nderi\u2026","rel":"","context":"&quot;Video Programlar&quot; i\u00e7inde","block_context":{"text":"Video Programlar","link":"https:\/\/sarimelekler.biz\/?cat=22"},"img":{"alt_text":"","src":"https:\/\/i0.wp.com\/sarimelekler.biz\/wp-content\/uploads\/2021\/08\/Dicle-Smacor-21-22.jpg?resize=350%2C200&ssl=1","width":350,"height":200,"srcset":"https:\/\/i0.wp.com\/sarimelekler.biz\/wp-content\/uploads\/2021\/08\/Dicle-Smacor-21-22.jpg?resize=350%2C200&ssl=1 1x, https:\/\/i0.wp.com\/sarimelekler.biz\/wp-content\/uploads\/2021\/08\/Dicle-Smacor-21-22.jpg?resize=525%2C300&ssl=1 1.5x, https:\/\/i0.wp.com\/sarimelekler.biz\/wp-content\/uploads\/2021\/08\/Dicle-Smacor-21-22.jpg?resize=700%2C400&ssl=1 2x, https:\/\/i0.wp.com\/sarimelekler.biz\/wp-content\/uploads\/2021\/08\/Dicle-Smacor-21-22.jpg?resize=1050%2C600&ssl=1 3x, https:\/\/i0.wp.com\/sarimelekler.biz\/wp-content\/uploads\/2021\/08\/Dicle-Smacor-21-22.jpg?resize=1400%2C800&ssl=1 4x"},"classes":[]},{"id":4265,"url":"https:\/\/sarimelekler.biz\/?p=4265","url_meta":{"origin":11486,"position":5},"title":"Sar\u0131 Melekler Topuk Yaylas\u0131 Tesislerinde","author":"Edit\u00f6r","date":"28 Eyl\u00fcl 2017","format":false,"excerpt":"Fenerbah\u00e7e Bayan Voleybol Tak\u0131m\u0131m\u0131z, yeni sezon haz\u0131rl\u0131klar\u0131na Resort ve Sports Topuk Yaylas\u0131 Tesislerimizde devam ediyor. A tak\u0131mla birlikte gen\u00e7 oyuncular da haz\u0131rl\u0131klar\u0131n\u0131 burada s\u00fcrd\u00fcr\u00fcyor. Yeni sezon haz\u0131rl\u0131klar\u0131n\u0131n start\u0131n\u0131 21 A\u011fustos Pazartesi g\u00fcn\u00fc Derea\u011fz\u0131 Lefter K\u00fc\u00e7\u00fckandonyadis Tesislerimizde yapt\u0131\u011f\u0131 antrenmanla veren Bel\u00e7ikal\u0131 antren\u00f6r Jan de Brant idaresindeki Sar\u0131 Melekler, 25 Eyl\u00fcl Pazartesi\u2026","rel":"","context":"&quot;T\u00fcrkiye Ligi&quot; i\u00e7inde","block_context":{"text":"T\u00fcrkiye Ligi","link":"https:\/\/sarimelekler.biz\/?cat=6"},"img":{"alt_text":"","src":"https:\/\/i0.wp.com\/sarimelekler.biz\/wp-content\/uploads\/2017\/09\/de6p4235_57404_5100731.jpg?resize=350%2C200&ssl=1","width":350,"height":200,"srcset":"https:\/\/i0.wp.com\/sarimelekler.biz\/wp-content\/uploads\/2017\/09\/de6p4235_57404_5100731.jpg?resize=350%2C200&ssl=1 1x, https:\/\/i0.wp.com\/sarimelekler.biz\/wp-content\/uploads\/2017\/09\/de6p4235_57404_5100731.jpg?resize=525%2C300&ssl=1 1.5x, https:\/\/i0.wp.com\/sarimelekler.biz\/wp-content\/uploads\/2017\/09\/de6p4235_57404_5100731.jpg?resize=700%2C400&ssl=1 2x, https:\/\/i0.wp.com\/sarimelekler.biz\/wp-content\/uploads\/2017\/09\/de6p4235_57404_5100731.jpg?resize=1050%2C600&ssl=1 3x, https:\/\/i0.wp.com\/sarimelekler.biz\/wp-content\/uploads\/2017\/09\/de6p4235_57404_5100731.jpg?resize=1400%2C800&ssl=1 4x"},"classes":[]}],"_links":{"self":[{"href":"https:\/\/sarimelekler.biz\/index.php?rest_route=\/wp\/v2\/posts\/11486","targetHints":{"allow":["GET"]}}],"collection":[{"href":"https:\/\/sarimelekler.biz\/index.php?rest_route=\/wp\/v2\/posts"}],"about":[{"href":"https:\/\/sarimelekler.biz\/index.php?rest_route=\/wp\/v2\/types\/post"}],"author":[{"embeddable":true,"href":"https:\/\/sarimelekler.biz\/index.php?rest_route=\/wp\/v2\/users\/1"}],"replies":[{"embeddable":true,"href":"https:\/\/sarimelekler.biz\/index.php?rest_route=%2Fwp%2Fv2%2Fcomments&post=11486"}],"version-history":[{"count":2,"href":"https:\/\/sarimelekler.biz\/index.php?rest_route=\/wp\/v2\/posts\/11486\/revisions"}],"predecessor-version":[{"id":11492,"href":"https:\/\/sarimelekler.biz\/index.php?rest_route=\/wp\/v2\/posts\/11486\/revisions\/11492"}],"wp:featuredmedia":[{"embeddable":true,"href":"https:\/\/sarimelekler.biz\/index.php?rest_route=\/wp\/v2\/media\/11490"}],"wp:attachment":[{"href":"https:\/\/sarimelekler.biz\/index.php?rest_route=%2Fwp%2Fv2%2Fmedia&parent=11486"}],"wp:term":[{"taxonomy":"category","embeddable":true,"href":"https:\/\/sarimelekler.biz\/index.php?rest_route=%2Fwp%2Fv2%2Fcategories&post=11486"},{"taxonomy":"post_tag","embeddable":true,"href":"https:\/\/sarimelekler.biz\/index.php?rest_route=%2Fwp%2Fv2%2Ftags&post=11486"}],"curies":[{"name":"wp","href":"https:\/\/api.w.org\/{rel}","templated":true}]}}