{"id":11801,"date":"2019-09-16T21:01:02","date_gmt":"2019-09-16T18:01:02","guid":{"rendered":"http:\/\/sarimelekler.biz\/?p=11801"},"modified":"2019-09-16T21:01:07","modified_gmt":"2019-09-16T18:01:07","slug":"dicle-nur-babatin-dogum-gunu-kutlandi-2","status":"publish","type":"post","link":"https:\/\/sarimelekler.biz\/?p=11801","title":{"rendered":"Dicle Nur Babat\u2019\u0131n Do\u011fum G\u00fcn\u00fc Kutland\u0131."},"content":{"rendered":"<p style=\"text-align: justify;\">D\u00fcn\u00fc izinli ge\u00e7iren Sar\u0131 Melekler yeni sezon \u00e7al\u0131\u015fmalar\u0131n\u0131 bug\u00fcn Lefter K\u00fc\u00e7\u00fckandonyadis tesislerinde yapt\u0131klar\u0131 \u00e7al\u0131\u015fmayla devam etti.<\/p>\n<p style=\"text-align: justify;\">Antrenmana izinli olan Eda Erdem D\u00fcndar ve Brankica Mihajlovi\u0107 ile Milli tak\u0131mda bulunan Kelsey Robinson kat\u0131lmazken Milli tak\u0131m izinleri biten Naz Aydemir Akyol, Aylin Sar\u0131o\u011flu ve Fatma Y\u0131ld\u0131r\u0131m ile ba\u015fantren\u00f6r\u00fcm\u00fcz Zoran Terzic kat\u0131ld\u0131.<\/p>\n<p style=\"text-align: justify;\">Antrenmana ayr\u0131ca Y\u0131ld\u0131z K\u0131z tak\u0131m\u0131m\u0131zdan Melisa Nur Temiz, Miray G\u00f6z\u00fcb\u00fcy\u00fck, Ayb\u00fcke G\u00fcldeno\u011flu, Sude Naz Uzun ve Lila \u015eeng\u00fcn\u2019de kat\u0131ld\u0131.<\/p>\n<p style=\"text-align: justify;\">Antrenman sonras\u0131nda ise d\u00fcn (15.09.2019) do\u011fum g\u00fcn\u00fc olan Dicle Nur Babat\u2019\u0131n do\u011fum g\u00fcn\u00fc kutland\u0131. Dicle\u2019ye mumlar\u0131 mevkida\u015f\u0131 Sude Naz \u00fcfletti. Bizde bu vesile ile bir kez daha Dicle Nur\u2019un do\u011fum g\u00fcn\u00fcn\u00fc kutlar, sa\u011fl\u0131kl\u0131 bir ya\u015fam dileriz.<\/p>\n\n\t\t<style type=\"text\/css\">\n\t\t\t#gallery-1 {\n\t\t\t\tmargin: auto;\n\t\t\t}\n\t\t\t#gallery-1 .gallery-item {\n\t\t\t\tfloat: left;\n\t\t\t\tmargin-top: 10px;\n\t\t\t\ttext-align: center;\n\t\t\t\twidth: 25%;\n\t\t\t}\n\t\t\t#gallery-1 img {\n\t\t\t\tborder: 2px solid #cfcfcf;\n\t\t\t}\n\t\t\t#gallery-1 .gallery-caption {\n\t\t\t\tmargin-left: 0;\n\t\t\t}\n\t\t\t\/* see gallery_shortcode() in wp-includes\/media.php *\/\n\t\t<\/style>\n\t\t<div data-carousel-extra='{&quot;blog_id&quot;:1,&quot;permalink&quot;:&quot;https:\/\/sarimelekler.biz\/?p=11801&quot;}' id='gallery-1' class='gallery galleryid-11801 gallery-columns-4 gallery-size-thumbnail'><dl class='gallery-item'>\n\t\t\t<dt class='gallery-icon landscape'>\n\t\t\t\t<a href='https:\/\/sarimelekler.biz\/?attachment_id=11808'><img loading=\"lazy\" decoding=\"async\" width=\"150\" height=\"150\" src=\"https:\/\/sarimelekler.biz\/wp-content\/uploads\/2019\/09\/Dicle-Dogum-G\u00fcn\u00fc-1-150x150.jpg\" class=\"attachment-thumbnail size-thumbnail\" alt=\"\" data-attachment-id=\"11808\" data-permalink=\"https:\/\/sarimelekler.biz\/?attachment_id=11808\" data-orig-file=\"https:\/\/sarimelekler.biz\/wp-content\/uploads\/2019\/09\/Dicle-Dogum-G\u00fcn\u00fc-1.jpg\" data-orig-size=\"2048,1487\" data-comments-opened=\"0\" data-image-meta=\"{&quot;aperture&quot;:&quot;0&quot;,&quot;credit&quot;:&quot;&quot;,&quot;camera&quot;:&quot;&quot;,&quot;caption&quot;:&quot;&quot;,&quot;created_timestamp&quot;:&quot;0&quot;,&quot;copyright&quot;:&quot;&quot;,&quot;focal_length&quot;:&quot;0&quot;,&quot;iso&quot;:&quot;0&quot;,&quot;shutter_speed&quot;:&quot;0&quot;,&quot;title&quot;:&quot;&quot;,&quot;orientation&quot;:&quot;0&quot;}\" data-image-title=\"Dicle Dogum G\u00fcn\u00fc (1)\" data-image-description=\"\" data-image-caption=\"\" data-large-file=\"https:\/\/sarimelekler.biz\/wp-content\/uploads\/2019\/09\/Dicle-Dogum-G\u00fcn\u00fc-1-1024x744.jpg\" \/><\/a>\n\t\t\t<\/dt><\/dl><dl class='gallery-item'>\n\t\t\t<dt class='gallery-icon landscape'>\n\t\t\t\t<a href='https:\/\/sarimelekler.biz\/?attachment_id=11809'><img loading=\"lazy\" decoding=\"async\" width=\"150\" height=\"150\" src=\"https:\/\/sarimelekler.biz\/wp-content\/uploads\/2019\/09\/Dicle-Dogum-G\u00fcn\u00fc-2-150x150.jpg\" class=\"attachment-thumbnail size-thumbnail\" alt=\"\" data-attachment-id=\"11809\" data-permalink=\"https:\/\/sarimelekler.biz\/?attachment_id=11809\" data-orig-file=\"https:\/\/sarimelekler.biz\/wp-content\/uploads\/2019\/09\/Dicle-Dogum-G\u00fcn\u00fc-2.jpg\" data-orig-size=\"2048,1955\" data-comments-opened=\"0\" data-image-meta=\"{&quot;aperture&quot;:&quot;0&quot;,&quot;credit&quot;:&quot;&quot;,&quot;camera&quot;:&quot;&quot;,&quot;caption&quot;:&quot;&quot;,&quot;created_timestamp&quot;:&quot;0&quot;,&quot;copyright&quot;:&quot;&quot;,&quot;focal_length&quot;:&quot;0&quot;,&quot;iso&quot;:&quot;0&quot;,&quot;shutter_speed&quot;:&quot;0&quot;,&quot;title&quot;:&quot;&quot;,&quot;orientation&quot;:&quot;0&quot;}\" data-image-title=\"Dicle Dogum G\u00fcn\u00fc (2)\" data-image-description=\"\" data-image-caption=\"\" data-large-file=\"https:\/\/sarimelekler.biz\/wp-content\/uploads\/2019\/09\/Dicle-Dogum-G\u00fcn\u00fc-2-1024x978.jpg\" \/><\/a>\n\t\t\t<\/dt><\/dl><dl class='gallery-item'>\n\t\t\t<dt class='gallery-icon landscape'>\n\t\t\t\t<a href='https:\/\/sarimelekler.biz\/?attachment_id=11802'><img loading=\"lazy\" decoding=\"async\" width=\"150\" height=\"150\" src=\"https:\/\/sarimelekler.biz\/wp-content\/uploads\/2019\/09\/19-20-Eyl\u00fcl-Antrenman-1-150x150.jpg\" class=\"attachment-thumbnail size-thumbnail\" alt=\"\" data-attachment-id=\"11802\" data-permalink=\"https:\/\/sarimelekler.biz\/?attachment_id=11802\" data-orig-file=\"https:\/\/sarimelekler.biz\/wp-content\/uploads\/2019\/09\/19-20-Eyl\u00fcl-Antrenman-1.jpg\" data-orig-size=\"2048,1698\" data-comments-opened=\"0\" data-image-meta=\"{&quot;aperture&quot;:&quot;0&quot;,&quot;credit&quot;:&quot;&quot;,&quot;camera&quot;:&quot;&quot;,&quot;caption&quot;:&quot;&quot;,&quot;created_timestamp&quot;:&quot;0&quot;,&quot;copyright&quot;:&quot;&quot;,&quot;focal_length&quot;:&quot;0&quot;,&quot;iso&quot;:&quot;0&quot;,&quot;shutter_speed&quot;:&quot;0&quot;,&quot;title&quot;:&quot;&quot;,&quot;orientation&quot;:&quot;0&quot;}\" data-image-title=\"19-20 Eyl\u00fcl Antrenman (1)\" data-image-description=\"\" data-image-caption=\"\" data-large-file=\"https:\/\/sarimelekler.biz\/wp-content\/uploads\/2019\/09\/19-20-Eyl\u00fcl-Antrenman-1-1024x849.jpg\" \/><\/a>\n\t\t\t<\/dt><\/dl><dl class='gallery-item'>\n\t\t\t<dt class='gallery-icon landscape'>\n\t\t\t\t<a href='https:\/\/sarimelekler.biz\/?attachment_id=11803'><img loading=\"lazy\" decoding=\"async\" width=\"150\" height=\"150\" src=\"https:\/\/sarimelekler.biz\/wp-content\/uploads\/2019\/09\/19-20-Eyl\u00fcl-Antrenman-2-150x150.jpg\" class=\"attachment-thumbnail size-thumbnail\" alt=\"\" data-attachment-id=\"11803\" data-permalink=\"https:\/\/sarimelekler.biz\/?attachment_id=11803\" data-orig-file=\"https:\/\/sarimelekler.biz\/wp-content\/uploads\/2019\/09\/19-20-Eyl\u00fcl-Antrenman-2.jpg\" data-orig-size=\"2048,1680\" data-comments-opened=\"0\" data-image-meta=\"{&quot;aperture&quot;:&quot;0&quot;,&quot;credit&quot;:&quot;&quot;,&quot;camera&quot;:&quot;&quot;,&quot;caption&quot;:&quot;&quot;,&quot;created_timestamp&quot;:&quot;0&quot;,&quot;copyright&quot;:&quot;&quot;,&quot;focal_length&quot;:&quot;0&quot;,&quot;iso&quot;:&quot;0&quot;,&quot;shutter_speed&quot;:&quot;0&quot;,&quot;title&quot;:&quot;&quot;,&quot;orientation&quot;:&quot;0&quot;}\" data-image-title=\"19-20 Eyl\u00fcl Antrenman (2)\" data-image-description=\"\" data-image-caption=\"\" data-large-file=\"https:\/\/sarimelekler.biz\/wp-content\/uploads\/2019\/09\/19-20-Eyl\u00fcl-Antrenman-2-1024x840.jpg\" \/><\/a>\n\t\t\t<\/dt><\/dl><br style=\"clear: both\" \/><dl class='gallery-item'>\n\t\t\t<dt class='gallery-icon landscape'>\n\t\t\t\t<a href='https:\/\/sarimelekler.biz\/?attachment_id=11804'><img loading=\"lazy\" decoding=\"async\" width=\"150\" height=\"150\" src=\"https:\/\/sarimelekler.biz\/wp-content\/uploads\/2019\/09\/19-20-Eyl\u00fcl-Antrenman-3-150x150.jpg\" class=\"attachment-thumbnail size-thumbnail\" alt=\"\" data-attachment-id=\"11804\" data-permalink=\"https:\/\/sarimelekler.biz\/?attachment_id=11804\" data-orig-file=\"https:\/\/sarimelekler.biz\/wp-content\/uploads\/2019\/09\/19-20-Eyl\u00fcl-Antrenman-3.jpg\" data-orig-size=\"2048,1605\" data-comments-opened=\"0\" data-image-meta=\"{&quot;aperture&quot;:&quot;0&quot;,&quot;credit&quot;:&quot;&quot;,&quot;camera&quot;:&quot;&quot;,&quot;caption&quot;:&quot;&quot;,&quot;created_timestamp&quot;:&quot;0&quot;,&quot;copyright&quot;:&quot;&quot;,&quot;focal_length&quot;:&quot;0&quot;,&quot;iso&quot;:&quot;0&quot;,&quot;shutter_speed&quot;:&quot;0&quot;,&quot;title&quot;:&quot;&quot;,&quot;orientation&quot;:&quot;0&quot;}\" data-image-title=\"19-20 Eyl\u00fcl Antrenman (3)\" data-image-description=\"\" data-image-caption=\"\" data-large-file=\"https:\/\/sarimelekler.biz\/wp-content\/uploads\/2019\/09\/19-20-Eyl\u00fcl-Antrenman-3-1024x803.jpg\" \/><\/a>\n\t\t\t<\/dt><\/dl><dl class='gallery-item'>\n\t\t\t<dt class='gallery-icon landscape'>\n\t\t\t\t<a href='https:\/\/sarimelekler.biz\/?attachment_id=11805'><img loading=\"lazy\" decoding=\"async\" width=\"150\" height=\"150\" src=\"https:\/\/sarimelekler.biz\/wp-content\/uploads\/2019\/09\/19-20-Eyl\u00fcl-Antrenman-4-150x150.jpg\" class=\"attachment-thumbnail size-thumbnail\" alt=\"\" data-attachment-id=\"11805\" data-permalink=\"https:\/\/sarimelekler.biz\/?attachment_id=11805\" data-orig-file=\"https:\/\/sarimelekler.biz\/wp-content\/uploads\/2019\/09\/19-20-Eyl\u00fcl-Antrenman-4.jpg\" data-orig-size=\"2048,1667\" data-comments-opened=\"0\" data-image-meta=\"{&quot;aperture&quot;:&quot;0&quot;,&quot;credit&quot;:&quot;&quot;,&quot;camera&quot;:&quot;&quot;,&quot;caption&quot;:&quot;&quot;,&quot;created_timestamp&quot;:&quot;0&quot;,&quot;copyright&quot;:&quot;&quot;,&quot;focal_length&quot;:&quot;0&quot;,&quot;iso&quot;:&quot;0&quot;,&quot;shutter_speed&quot;:&quot;0&quot;,&quot;title&quot;:&quot;&quot;,&quot;orientation&quot;:&quot;0&quot;}\" data-image-title=\"19-20 Eyl\u00fcl Antrenman (4)\" data-image-description=\"\" data-image-caption=\"\" data-large-file=\"https:\/\/sarimelekler.biz\/wp-content\/uploads\/2019\/09\/19-20-Eyl\u00fcl-Antrenman-4-1024x834.jpg\" \/><\/a>\n\t\t\t<\/dt><\/dl><dl class='gallery-item'>\n\t\t\t<dt class='gallery-icon portrait'>\n\t\t\t\t<a href='https:\/\/sarimelekler.biz\/?attachment_id=11806'><img loading=\"lazy\" decoding=\"async\" width=\"150\" height=\"150\" src=\"https:\/\/sarimelekler.biz\/wp-content\/uploads\/2019\/09\/19-20-Eyl\u00fcl-Antrenman-5-150x150.jpg\" class=\"attachment-thumbnail size-thumbnail\" alt=\"\" data-attachment-id=\"11806\" data-permalink=\"https:\/\/sarimelekler.biz\/?attachment_id=11806\" data-orig-file=\"https:\/\/sarimelekler.biz\/wp-content\/uploads\/2019\/09\/19-20-Eyl\u00fcl-Antrenman-5.jpg\" data-orig-size=\"669,732\" data-comments-opened=\"0\" data-image-meta=\"{&quot;aperture&quot;:&quot;0&quot;,&quot;credit&quot;:&quot;&quot;,&quot;camera&quot;:&quot;&quot;,&quot;caption&quot;:&quot;&quot;,&quot;created_timestamp&quot;:&quot;0&quot;,&quot;copyright&quot;:&quot;&quot;,&quot;focal_length&quot;:&quot;0&quot;,&quot;iso&quot;:&quot;0&quot;,&quot;shutter_speed&quot;:&quot;0&quot;,&quot;title&quot;:&quot;&quot;,&quot;orientation&quot;:&quot;0&quot;}\" data-image-title=\"19-20 Eyl\u00fcl Antrenman (5)\" data-image-description=\"\" data-image-caption=\"\" data-large-file=\"https:\/\/sarimelekler.biz\/wp-content\/uploads\/2019\/09\/19-20-Eyl\u00fcl-Antrenman-5.jpg\" \/><\/a>\n\t\t\t<\/dt><\/dl><dl class='gallery-item'>\n\t\t\t<dt class='gallery-icon portrait'>\n\t\t\t\t<a href='https:\/\/sarimelekler.biz\/?attachment_id=11807'><img loading=\"lazy\" decoding=\"async\" width=\"150\" height=\"150\" src=\"https:\/\/sarimelekler.biz\/wp-content\/uploads\/2019\/09\/19-20-Eyl\u00fcl-Antrenman-6-150x150.jpg\" class=\"attachment-thumbnail size-thumbnail\" alt=\"\" data-attachment-id=\"11807\" data-permalink=\"https:\/\/sarimelekler.biz\/?attachment_id=11807\" data-orig-file=\"https:\/\/sarimelekler.biz\/wp-content\/uploads\/2019\/09\/19-20-Eyl\u00fcl-Antrenman-6.jpg\" data-orig-size=\"643,704\" data-comments-opened=\"0\" data-image-meta=\"{&quot;aperture&quot;:&quot;0&quot;,&quot;credit&quot;:&quot;&quot;,&quot;camera&quot;:&quot;&quot;,&quot;caption&quot;:&quot;&quot;,&quot;created_timestamp&quot;:&quot;0&quot;,&quot;copyright&quot;:&quot;&quot;,&quot;focal_length&quot;:&quot;0&quot;,&quot;iso&quot;:&quot;0&quot;,&quot;shutter_speed&quot;:&quot;0&quot;,&quot;title&quot;:&quot;&quot;,&quot;orientation&quot;:&quot;0&quot;}\" data-image-title=\"19-20 Eyl\u00fcl Antrenman (6)\" data-image-description=\"\" data-image-caption=\"\" data-large-file=\"https:\/\/sarimelekler.biz\/wp-content\/uploads\/2019\/09\/19-20-Eyl\u00fcl-Antrenman-6.jpg\" \/><\/a>\n\t\t\t<\/dt><\/dl><br style=\"clear: both\" \/>\n\t\t<\/div>\n\n<p style=\"text-align: right;\">16.09.2019<\/p>\n","protected":false},"excerpt":{"rendered":"<p>D\u00fcn\u00fc izinli ge\u00e7iren Sar\u0131 Melekler yeni sezon \u00e7al\u0131\u015fmalar\u0131n\u0131 bug\u00fcn Lefter \u2026 <a class=\"continue-reading-link\" href=\"https:\/\/sarimelekler.biz\/?p=11801\">Okumaya Devam Et.. <span class=\"meta-nav\">&rarr; <\/span><\/a><\/p>\n","protected":false},"author":1,"featured_media":11808,"comment_status":"closed","ping_status":"open","sticky":false,"template":"","format":"standard","meta":{"jetpack_post_was_ever_published":false,"_jetpack_newsletter_access":"","_jetpack_dont_email_post_to_subs":false,"_jetpack_newsletter_tier_id":0,"_jetpack_memberships_contains_paywalled_content":false,"_jetpack_memberships_contains_paid_content":false,"footnotes":"","jetpack_publicize_message":"","jetpack_publicize_feature_enabled":true,"jetpack_social_post_already_shared":true,"jetpack_social_options":{"image_generator_settings":{"template":"highway","default_image_id":0,"font":"","enabled":false},"version":2}},"categories":[7],"tags":[],"class_list":["post-11801","post","type-post","status-publish","format-standard","has-post-thumbnail","hentry","category-haberler"],"jetpack_publicize_connections":[],"jetpack_featured_media_url":"https:\/\/sarimelekler.biz\/wp-content\/uploads\/2019\/09\/Dicle-Dogum-G\u00fcn\u00fc-1.jpg","jetpack_sharing_enabled":true,"jetpack_shortlink":"https:\/\/wp.me\/p8npUZ-34l","jetpack-related-posts":[{"id":4258,"url":"https:\/\/sarimelekler.biz\/?p=4258","url_meta":{"origin":11801,"position":0},"title":"Dicle Nur Babat\u2019\u0131n Do\u011fum G\u00fcn\u00fc Kutland\u0131","author":"Edit\u00f6r","date":"15 Eyl\u00fcl 2017","format":false,"excerpt":"Fenerbah\u00e7e Bayan Voleybol Tak\u0131m\u0131m\u0131z\u0131n ba\u015far\u0131l\u0131 oyuncular\u0131ndan Dicle Nur Babat\u2019\u0131n do\u011fum g\u00fcn\u00fc kutland\u0131. Yeni sezon haz\u0131rl\u0131klar\u0131n\u0131 Derea\u011fz\u0131 Lefter K\u00fc\u00e7\u00fckandonyadis Tesislerimizde yapt\u0131\u011f\u0131 antrenmanlarla s\u00fcrd\u00fcren Sar\u0131 Melekler, antrenman sonras\u0131nda Dicle Nur Babat\u2019\u0131n yeni ya\u015f\u0131n\u0131 kutlad\u0131. Dicle i\u00e7in organize edilen kutlamada, oyuncumuz \u00f6ncelikle do\u011fum g\u00fcn\u00fc pastas\u0131n\u0131n mumlar\u0131n\u0131 \u00fcfledi. Ard\u0131ndan tebrikleri kabul eden Dicle Nur\u2026","rel":"","context":"&quot;T\u00fcrkiye Ligi&quot; i\u00e7inde","block_context":{"text":"T\u00fcrkiye Ligi","link":"https:\/\/sarimelekler.biz\/?cat=6"},"img":{"alt_text":"","src":"https:\/\/i0.wp.com\/sarimelekler.biz\/wp-content\/uploads\/2017\/09\/dicibasin1_57251_7598772.jpg?resize=350%2C200&ssl=1","width":350,"height":200,"srcset":"https:\/\/i0.wp.com\/sarimelekler.biz\/wp-content\/uploads\/2017\/09\/dicibasin1_57251_7598772.jpg?resize=350%2C200&ssl=1 1x, https:\/\/i0.wp.com\/sarimelekler.biz\/wp-content\/uploads\/2017\/09\/dicibasin1_57251_7598772.jpg?resize=525%2C300&ssl=1 1.5x, https:\/\/i0.wp.com\/sarimelekler.biz\/wp-content\/uploads\/2017\/09\/dicibasin1_57251_7598772.jpg?resize=700%2C400&ssl=1 2x, https:\/\/i0.wp.com\/sarimelekler.biz\/wp-content\/uploads\/2017\/09\/dicibasin1_57251_7598772.jpg?resize=1050%2C600&ssl=1 3x, https:\/\/i0.wp.com\/sarimelekler.biz\/wp-content\/uploads\/2017\/09\/dicibasin1_57251_7598772.jpg?resize=1400%2C800&ssl=1 4x"},"classes":[]},{"id":11486,"url":"https:\/\/sarimelekler.biz\/?p=11486","url_meta":{"origin":11801,"position":1},"title":"Dicle Nur Babat Topuk Yaylas\u0131 Kamp\u0131na Kat\u0131ld\u0131.","author":"Edit\u00f6r","date":"31 A\u011fustos 2019","format":false,"excerpt":"Yeni sezona D\u00fczce\u2019nin Kayna\u015fl\u0131 il\u00e7esinde bulunan Serkan Acar Resort&Sport Topuk Yaylas\u0131\u2019nda haz\u0131rlanan Kad\u0131n Voleybol tak\u0131m\u0131m\u0131z kamp\u0131na ge\u00e7ti\u011fimiz g\u00fcnlerde sa\u011f omzundan artroskopik omuz ameliyat\u0131 olan ba\u015far\u0131l\u0131 orta oyuncumuz Dicle Nur Babat\u2019ta kat\u0131ld\u0131. Omzunda halen ameliyat diki\u015fleri bulunan Dicle Nur hen\u00fcz tak\u0131mla birlikte top antrenmanlar\u0131na ba\u015flamazken bir m\u00fcddet kondisyon antrenmanlar\u0131na devam edecek.\u2026","rel":"","context":"&quot;Haberler&quot; i\u00e7inde","block_context":{"text":"Haberler","link":"https:\/\/sarimelekler.biz\/?cat=7"},"img":{"alt_text":"","src":"https:\/\/i0.wp.com\/sarimelekler.biz\/wp-content\/uploads\/2019\/08\/Dicle-Topuk-Yaylas%C4%B1.jpg?resize=350%2C200&ssl=1","width":350,"height":200,"srcset":"https:\/\/i0.wp.com\/sarimelekler.biz\/wp-content\/uploads\/2019\/08\/Dicle-Topuk-Yaylas%C4%B1.jpg?resize=350%2C200&ssl=1 1x, https:\/\/i0.wp.com\/sarimelekler.biz\/wp-content\/uploads\/2019\/08\/Dicle-Topuk-Yaylas%C4%B1.jpg?resize=525%2C300&ssl=1 1.5x, https:\/\/i0.wp.com\/sarimelekler.biz\/wp-content\/uploads\/2019\/08\/Dicle-Topuk-Yaylas%C4%B1.jpg?resize=700%2C400&ssl=1 2x"},"classes":[]},{"id":11493,"url":"https:\/\/sarimelekler.biz\/?p=11493","url_meta":{"origin":11801,"position":2},"title":"Topuk Yaylas\u0131 Kamp\u0131 Sona Erdi.","author":"Edit\u00f6r","date":"2 Eyl\u00fcl 2019","format":false,"excerpt":"Fenerbah\u00e7e Opet Kad\u0131n Voleybol Tak\u0131m\u0131m\u0131z yeni sezon haz\u0131rl\u0131klar\u0131 kapsam\u0131nda, 26 A\u011fustos\u2019ta ba\u015flad\u0131\u011f\u0131 Topuk Yaylas\u0131 kamp\u0131n\u0131 bug\u00fcn tamamlarken; Fenerbah\u00e7e HDI Sigorta Erkek Voleybol Tak\u0131m\u0131m\u0131z ise bug\u00fcn itibariyle sezon haz\u0131rl\u0131klar\u0131 i\u00e7in D\u00fczce\u2019ye gitti. Voleybol \u015eubemizden Sorumlu Y\u00f6neticimiz Simla T\u00fcrker Bayaz\u0131t ve Voleybol \u015eubemiz Yard\u0131mc\u0131s\u0131 Muhittin \u0130lker Din\u00e7ay da tak\u0131mlar\u0131m\u0131z\u0131n kamp\u0131n\u0131 ziyaret etti\u2026","rel":"","context":"&quot;Haberler&quot; i\u00e7inde","block_context":{"text":"Haberler","link":"https:\/\/sarimelekler.biz\/?cat=7"},"img":{"alt_text":"","src":"https:\/\/i0.wp.com\/sarimelekler.biz\/wp-content\/uploads\/2019\/09\/19-20-Topuk-Yaylas%C4%B1-28.jpg?resize=350%2C200&ssl=1","width":350,"height":200,"srcset":"https:\/\/i0.wp.com\/sarimelekler.biz\/wp-content\/uploads\/2019\/09\/19-20-Topuk-Yaylas%C4%B1-28.jpg?resize=350%2C200&ssl=1 1x, https:\/\/i0.wp.com\/sarimelekler.biz\/wp-content\/uploads\/2019\/09\/19-20-Topuk-Yaylas%C4%B1-28.jpg?resize=525%2C300&ssl=1 1.5x, https:\/\/i0.wp.com\/sarimelekler.biz\/wp-content\/uploads\/2019\/09\/19-20-Topuk-Yaylas%C4%B1-28.jpg?resize=700%2C400&ssl=1 2x, https:\/\/i0.wp.com\/sarimelekler.biz\/wp-content\/uploads\/2019\/09\/19-20-Topuk-Yaylas%C4%B1-28.jpg?resize=1050%2C600&ssl=1 3x, https:\/\/i0.wp.com\/sarimelekler.biz\/wp-content\/uploads\/2019\/09\/19-20-Topuk-Yaylas%C4%B1-28.jpg?resize=1400%2C800&ssl=1 4x"},"classes":[]},{"id":11466,"url":"https:\/\/sarimelekler.biz\/?p=11466","url_meta":{"origin":11801,"position":3},"title":"Sar\u0131 Melekler Yeni Sezona Topuk Yaylas\u0131\u2019nda Haz\u0131rlan\u0131yor","author":"Edit\u00f6r","date":"30 A\u011fustos 2019","format":false,"excerpt":"Fenerbah\u00e7e Kad\u0131n Voleybol Tak\u0131m\u0131m\u0131z yeni sezona D\u00fczce\u2019nin Kayna\u015fl\u0131 il\u00e7esinde bulunan Serkan Acar Resort&Sport Topuk Yaylas\u0131\u2019nda haz\u0131rlan\u0131yor. M\u00fccadele edece\u011fi 3 kulvarda da ba\u015far\u0131 hedefleyen Sar\u0131 Melekler, sezonu 15 A\u011fustos\u2019ta Derea\u011fz\u0131 Lefter K\u00fc\u00e7\u00fckandonyadis Tesislerimizde yapt\u0131\u011f\u0131 antrenmanla a\u00e7t\u0131. \u00c7al\u0131\u015fmalar\u0131n\u0131n \u0130stanbul etab\u0131n\u0131n ard\u0131ndan 1 haftal\u0131k kamp i\u00e7in 26 A\u011fustos 2019 Pazartesi g\u00fcn\u00fc Serkan Acar\u2026","rel":"","context":"&quot;Haberler&quot; i\u00e7inde","block_context":{"text":"Haberler","link":"https:\/\/sarimelekler.biz\/?cat=7"},"img":{"alt_text":"","src":"https:\/\/i0.wp.com\/sarimelekler.biz\/wp-content\/uploads\/2019\/08\/19-20-Topuk-Yaylas%C4%B1-11.png?resize=350%2C200&ssl=1","width":350,"height":200,"srcset":"https:\/\/i0.wp.com\/sarimelekler.biz\/wp-content\/uploads\/2019\/08\/19-20-Topuk-Yaylas%C4%B1-11.png?resize=350%2C200&ssl=1 1x, https:\/\/i0.wp.com\/sarimelekler.biz\/wp-content\/uploads\/2019\/08\/19-20-Topuk-Yaylas%C4%B1-11.png?resize=525%2C300&ssl=1 1.5x, https:\/\/i0.wp.com\/sarimelekler.biz\/wp-content\/uploads\/2019\/08\/19-20-Topuk-Yaylas%C4%B1-11.png?resize=700%2C400&ssl=1 2x, https:\/\/i0.wp.com\/sarimelekler.biz\/wp-content\/uploads\/2019\/08\/19-20-Topuk-Yaylas%C4%B1-11.png?resize=1050%2C600&ssl=1 3x"},"classes":[]},{"id":11637,"url":"https:\/\/sarimelekler.biz\/?p=11637","url_meta":{"origin":11801,"position":4},"title":"Fenerbah\u00e7emizin Alt Yap\u0131 Oyuncular\u0131 P\u0131r\u0131l P\u0131r\u0131l Parl\u0131yor.","author":"Edit\u00f6r","date":"15 Eyl\u00fcl 2019","format":false,"excerpt":"2018-2019 sezonunda Alt yap\u0131 tak\u0131mlar\u0131m\u0131zdan Y\u0131ld\u0131z k\u0131z tak\u0131m\u0131m\u0131z \u0130stanbul S\u00fcper Y\u0131ld\u0131z K\u0131zlar ligini 1. bitirken daha sonras\u0131nda Kocaeli\u2019de d\u00fczenlenen Y\u0131ld\u0131z K\u0131zlar T\u00fcrkiye \u015eampiyonas\u0131 \u00e7eyrek finalinde Vak\u0131fbank'\u0131 3-0, yar\u0131 finalinde Galatasaray'\u0131 3-0 ve finalde Eczac\u0131ba\u015f\u0131 Vitra tak\u0131m\u0131n\u0131 3-2 yenerek T\u00fcrkiye \u015eampiyonu oldu. Kocaeli\u2019de ki bu \u015fampiyonada as tak\u0131m\u0131m\u0131zda g\u00f6revli yard\u0131mc\u0131 antren\u00f6r\u00fcm\u00fcz\u2026","rel":"","context":"&quot;Fenerbah\u00e7e Gen\u00e7 Tak\u0131mlar\u0131&quot; i\u00e7inde","block_context":{"text":"Fenerbah\u00e7e Gen\u00e7 Tak\u0131mlar\u0131","link":"https:\/\/sarimelekler.biz\/?cat=24"},"img":{"alt_text":"","src":"https:\/\/i0.wp.com\/sarimelekler.biz\/wp-content\/uploads\/2019\/09\/16-T%C3%BCrkiye-%C5%9Eamp.jpg?resize=350%2C200&ssl=1","width":350,"height":200,"srcset":"https:\/\/i0.wp.com\/sarimelekler.biz\/wp-content\/uploads\/2019\/09\/16-T%C3%BCrkiye-%C5%9Eamp.jpg?resize=350%2C200&ssl=1 1x, https:\/\/i0.wp.com\/sarimelekler.biz\/wp-content\/uploads\/2019\/09\/16-T%C3%BCrkiye-%C5%9Eamp.jpg?resize=525%2C300&ssl=1 1.5x, https:\/\/i0.wp.com\/sarimelekler.biz\/wp-content\/uploads\/2019\/09\/16-T%C3%BCrkiye-%C5%9Eamp.jpg?resize=700%2C400&ssl=1 2x, https:\/\/i0.wp.com\/sarimelekler.biz\/wp-content\/uploads\/2019\/09\/16-T%C3%BCrkiye-%C5%9Eamp.jpg?resize=1050%2C600&ssl=1 3x, https:\/\/i0.wp.com\/sarimelekler.biz\/wp-content\/uploads\/2019\/09\/16-T%C3%BCrkiye-%C5%9Eamp.jpg?resize=1400%2C800&ssl=1 4x"},"classes":[]},{"id":5659,"url":"https:\/\/sarimelekler.biz\/?p=5659","url_meta":{"origin":11801,"position":5},"title":"\u00c7a\u011fla Ak\u0131n&#8217;\u0131n Do\u011fum G\u00fcn\u00fc Kutland\u0131","author":"Edit\u00f6r","date":"19 Ocak 2018","format":false,"excerpt":"Fenerbah\u00e7e Bayan Voleybol Tak\u0131m\u0131m\u0131z\u0131n oyuncular\u0131ndan \u00c7a\u011fla Ak\u0131n\u2019\u0131n do\u011fum g\u00fcn\u00fc kutland\u0131. Vestel Ven\u00fcs Sultanlar Ligi\u2019nin 15.hafta kar\u015f\u0131la\u015fmas\u0131 olan Be\u015fikta\u015f ma\u00e7\u0131n\u0131n haz\u0131rl\u0131klar\u0131n\u0131 ak\u015fam saatlerinde Derea\u011fz\u0131 Lefter K\u00fc\u00e7\u00fckandonyadis Tesislerimizde s\u00fcrd\u00fcren Tak\u0131m\u0131m\u0131zda antrenman\u0131n ard\u0131ndan s\u00fcrpriz do\u011fum g\u00fcn\u00fc kutlamas\u0131 yap\u0131ld\u0131. Yeni ya\u015f\u0131na giren \u00c7a\u011fla Ak\u0131n i\u00e7in oyuncular\u0131m\u0131z ve teknik heyetimiz taraf\u0131ndan do\u011fum g\u00fcn\u00fc kutlamas\u0131 organize\u2026","rel":"","context":"&quot;Duyurular&quot; i\u00e7inde","block_context":{"text":"Duyurular","link":"https:\/\/sarimelekler.biz\/?cat=8"},"img":{"alt_text":"","src":"https:\/\/i0.wp.com\/sarimelekler.biz\/wp-content\/uploads\/2018\/01\/Adaaa%C4%B1z.jpg?resize=350%2C200&ssl=1","width":350,"height":200,"srcset":"https:\/\/i0.wp.com\/sarimelekler.biz\/wp-content\/uploads\/2018\/01\/Adaaa%C4%B1z.jpg?resize=350%2C200&ssl=1 1x, https:\/\/i0.wp.com\/sarimelekler.biz\/wp-content\/uploads\/2018\/01\/Adaaa%C4%B1z.jpg?resize=525%2C300&ssl=1 1.5x, https:\/\/i0.wp.com\/sarimelekler.biz\/wp-content\/uploads\/2018\/01\/Adaaa%C4%B1z.jpg?resize=700%2C400&ssl=1 2x, https:\/\/i0.wp.com\/sarimelekler.biz\/wp-content\/uploads\/2018\/01\/Adaaa%C4%B1z.jpg?resize=1050%2C600&ssl=1 3x, https:\/\/i0.wp.com\/sarimelekler.biz\/wp-content\/uploads\/2018\/01\/Adaaa%C4%B1z.jpg?resize=1400%2C800&ssl=1 4x"},"classes":[]}],"_links":{"self":[{"href":"https:\/\/sarimelekler.biz\/index.php?rest_route=\/wp\/v2\/posts\/11801","targetHints":{"allow":["GET"]}}],"collection":[{"href":"https:\/\/sarimelekler.biz\/index.php?rest_route=\/wp\/v2\/posts"}],"about":[{"href":"https:\/\/sarimelekler.biz\/index.php?rest_route=\/wp\/v2\/types\/post"}],"author":[{"embeddable":true,"href":"https:\/\/sarimelekler.biz\/index.php?rest_route=\/wp\/v2\/users\/1"}],"replies":[{"embeddable":true,"href":"https:\/\/sarimelekler.biz\/index.php?rest_route=%2Fwp%2Fv2%2Fcomments&post=11801"}],"version-history":[{"count":1,"href":"https:\/\/sarimelekler.biz\/index.php?rest_route=\/wp\/v2\/posts\/11801\/revisions"}],"predecessor-version":[{"id":11810,"href":"https:\/\/sarimelekler.biz\/index.php?rest_route=\/wp\/v2\/posts\/11801\/revisions\/11810"}],"wp:featuredmedia":[{"embeddable":true,"href":"https:\/\/sarimelekler.biz\/index.php?rest_route=\/wp\/v2\/media\/11808"}],"wp:attachment":[{"href":"https:\/\/sarimelekler.biz\/index.php?rest_route=%2Fwp%2Fv2%2Fmedia&parent=11801"}],"wp:term":[{"taxonomy":"category","embeddable":true,"href":"https:\/\/sarimelekler.biz\/index.php?rest_route=%2Fwp%2Fv2%2Fcategories&post=11801"},{"taxonomy":"post_tag","embeddable":true,"href":"https:\/\/sarimelekler.biz\/index.php?rest_route=%2Fwp%2Fv2%2Ftags&post=11801"}],"curies":[{"name":"wp","href":"https:\/\/api.w.org\/{rel}","templated":true}]}}