{"id":11897,"date":"2019-10-07T15:46:50","date_gmt":"2019-10-07T12:46:50","guid":{"rendered":"http:\/\/sarimelekler.biz\/?p=11897"},"modified":"2019-10-07T15:46:57","modified_gmt":"2019-10-07T12:46:57","slug":"kadin-ve-erkek-voleybol-takimlarimizin-kombine-kart-satislari-basladi","status":"publish","type":"post","link":"https:\/\/sarimelekler.biz\/?p=11897","title":{"rendered":"Kad\u0131n ve Erkek Voleybol Tak\u0131mlar\u0131m\u0131z\u0131n kombine kart sat\u0131\u015flar\u0131 ba\u015flad\u0131."},"content":{"rendered":"<p style=\"text-align: justify;\">Fenerbah\u00e7e Opet Kad\u0131n Voleybol Tak\u0131m\u0131m\u0131z ve Fenerbah\u00e7e HDI Sigorta Erkek Voleybol Tak\u0131mlar\u0131m\u0131z, 2019-20 sezonunda taraftarlar\u0131m\u0131zla Burhan Felek Voleybol Salonu\u2019nda bulu\u015fuyor. Tak\u0131mlar\u0131m\u0131z\u0131n, Sultanlar ve Efeler Ligi, Play Off ma\u00e7lar\u0131 ve CEV \u015eampiyonlar Ligi ma\u00e7lar\u0131n\u0131 kapsayan kombineler 2 Ekim itibariyle sat\u0131\u015fa \u00e7\u0131kt\u0131.<\/p>\n<p style=\"text-align: justify;\">Sezon haz\u0131rl\u0131klar\u0131n\u0131, Fenerbah\u00e7e\u2019nin hem ulusal hem de uluslararas\u0131 arenadaki ba\u015far\u0131 hedefleri do\u011frultusunda tamamlayan Kad\u0131n ve Erkek Voleybol Tak\u0131mlar\u0131m\u0131z, bu sezon t\u00fcm kar\u015f\u0131la\u015fmalarda Fenerbah\u00e7e\u2019mizi ba\u015far\u0131yla temsil edecekler.<\/p>\n<p style=\"text-align: justify;\">Avrupa Ligi, T\u00fcrkiye Ligi, \u015eampiyonlar Kupas\u0131 ve T\u00fcrkiye Kupas\u0131\u2019nda gurur dolu ba\u015far\u0131lar\u0131 bulunan Kad\u0131n Voleybol Tak\u0131m\u0131m\u0131z Fenerbah\u00e7e Opet, CEV \u015eampiyonlar Ligi\u2019nde 10.kez, Erkek Voleybol Tak\u0131m\u0131m\u0131z Fenerbah\u00e7e HDI Sigorta ise CEV \u015eampiyonlar Ligi\u2019nde 7.kez ter d\u00f6kecek.<\/p>\n<p style=\"text-align: justify;\"><strong>Fenerbah\u00e7e\u2019miz, CEV \u015eampiyonlar Ligi\u2019nde iki tak\u0131mla m\u00fccadele edecek tek T\u00fcrk kul\u00fcb\u00fc olarak da dikkat \u00e7ekiyor!<\/strong><\/p>\n<p style=\"text-align: justify;\">Taraftarlar\u0131m\u0131z\u0131n, Fenerbah\u00e7e\u2019nin m\u00fccadele etti\u011fi her platformda oldu\u011fu gibi voleybolda da tak\u0131mlar\u0131m\u0131z\u0131n yan\u0131nda olaca\u011f\u0131na, Burhan Felek Voleybol Salonu\u2019nu her ma\u00e7\u0131m\u0131zda e\u015fsiz destekleri ile dolduracaklar\u0131na inan\u0131yoruz.<\/p>\n<p style=\"text-align: justify;\">12 Ekim Cumartesi g\u00fcn\u00fc ba\u015flayacak Sultanlar Ligi\u2019nde ve 27 Ekim Pazar g\u00fcn\u00fc ba\u015flayacak Efeler Ligi\u2019nde tak\u0131mlar\u0131m\u0131za sonsuz ba\u015far\u0131lar diliyoruz!<\/p>\n<p style=\"text-align: justify;\">\n<p style=\"text-align: justify;\"><strong>Kombine Sat\u0131\u015flar\u0131 ile ilgili detaylar:<\/strong><\/p>\n<p style=\"text-align: justify;\">Eski hak sahipleri i\u00e7in yenileme ve genel sat\u0131\u015f s\u00fcreci, 2 Ekim 2019 \u00c7ar\u015famba g\u00fcn\u00fc 14.00 itibari ile ba\u015flayacak olup yenileme s\u00fcreci 9 Ekim 2019 \u00c7ar\u015famba g\u00fcn\u00fc saat 18.00\u2019de sona erecektir.<\/p>\n<p style=\"text-align: justify;\">Fenerbah\u00e7e Opet Kad\u0131n Voleybol ve Fenerbah\u00e7e HDI Sigorta Erkek Voleybol Tak\u0131mlar\u0131 sezonluk kombine indirimli yenileme fiyat\u0131: 300 TL<\/p>\n<p style=\"text-align: justify;\">Genel Sat\u0131\u015f fiyat\u0131: 350 TL olup, Kongre \u00fcyeleri ve \u00f6\u011frenci taraftarlar\u0131m\u0131z i\u00e7in indirimli fiyat (300 TL) uygulanacakt\u0131r.<\/p>\n<p style=\"text-align: justify;\">Kombine sat\u0131\u015flar\u0131, stad\u0131m\u0131z\u0131n Maraton giri\u015finde Kombine kart merkezinden yap\u0131lacakt\u0131r.<\/p>\n<p>Kaynak:\u00a0<a href=\"https:\/\/fenerbahce.org\/haberler\/voleybol-kadin\/2019\/10\/bu-sezon-burhan-felek-sari-lacivert-olacak!-kadin-ve-erkek-voleybol-takimlarimizin-kombine-kart-sati\" target=\"_blank\" rel=\"noopener noreferrer\">Fenerbah\u00e7e SK Resmi \u0130nternet Sitesi<\/a><\/p>\n","protected":false},"excerpt":{"rendered":"<p>Fenerbah\u00e7e Opet Kad\u0131n Voleybol Tak\u0131m\u0131m\u0131z ve Fenerbah\u00e7e HDI Sigorta Erkek \u2026 <a class=\"continue-reading-link\" href=\"https:\/\/sarimelekler.biz\/?p=11897\">Okumaya Devam Et.. <span class=\"meta-nav\">&rarr; <\/span><\/a><\/p>\n","protected":false},"author":1,"featured_media":11898,"comment_status":"closed","ping_status":"open","sticky":false,"template":"","format":"standard","meta":{"jetpack_post_was_ever_published":false,"_jetpack_newsletter_access":"","_jetpack_dont_email_post_to_subs":false,"_jetpack_newsletter_tier_id":0,"_jetpack_memberships_contains_paywalled_content":false,"_jetpack_memberships_contains_paid_content":false,"footnotes":"","jetpack_publicize_message":"","jetpack_publicize_feature_enabled":true,"jetpack_social_post_already_shared":true,"jetpack_social_options":{"image_generator_settings":{"template":"highway","default_image_id":0,"font":"","enabled":false},"version":2}},"categories":[7],"tags":[],"class_list":["post-11897","post","type-post","status-publish","format-standard","has-post-thumbnail","hentry","category-haberler"],"jetpack_publicize_connections":[],"jetpack_featured_media_url":"https:\/\/sarimelekler.biz\/wp-content\/uploads\/2019\/10\/19-20-Kombine-Kart.jpg","jetpack_sharing_enabled":true,"jetpack_shortlink":"https:\/\/wp.me\/p8npUZ-35T","jetpack-related-posts":[{"id":14258,"url":"https:\/\/sarimelekler.biz\/?p=14258","url_meta":{"origin":11897,"position":0},"title":"\u015eampiyonlar Ligi\u2019nde Format De\u011fi\u015fti","author":"Edit\u00f6r","date":"1 Kas\u0131m 2020","format":false,"excerpt":"Avrupa Voleybol Konfederasyonu (CEV), t\u00fcm D\u00fcnyay\u0131 etkisi alt\u0131na alan Koronavir\u00fcs (COVID-19) salg\u0131n\u0131 ve artan vaka say\u0131lar\u0131 kar\u015f\u0131s\u0131nda CEV \u015eampiyonlar Ligi\u2019nde oynanmas\u0131 planlanan, Kad\u0131n ve Erkek tak\u0131mlar\u0131m\u0131z\u0131n yer ald\u0131\u011f\u0131 4. tur grup ma\u00e7lar\u0131nda format de\u011fi\u015fikli\u011fine gidildi\u011fini a\u00e7\u0131klad\u0131. CEV taraf\u0131ndan yap\u0131lan a\u00e7\u0131klamaya g\u00f6re 2021 CEV Kad\u0131nlar ve Erkekler \u015eampiyonlar Ligi\u2019nde m\u00fccadelede edecek\u2026","rel":"","context":"&quot;Avrupa Kupalar\u0131&quot; i\u00e7inde","block_context":{"text":"Avrupa Kupalar\u0131","link":"https:\/\/sarimelekler.biz\/?cat=1"},"img":{"alt_text":"","src":"https:\/\/i0.wp.com\/sarimelekler.biz\/wp-content\/uploads\/2020\/11\/Cev-CL-Logo.jpg?resize=350%2C200&ssl=1","width":350,"height":200,"srcset":"https:\/\/i0.wp.com\/sarimelekler.biz\/wp-content\/uploads\/2020\/11\/Cev-CL-Logo.jpg?resize=350%2C200&ssl=1 1x, https:\/\/i0.wp.com\/sarimelekler.biz\/wp-content\/uploads\/2020\/11\/Cev-CL-Logo.jpg?resize=525%2C300&ssl=1 1.5x, https:\/\/i0.wp.com\/sarimelekler.biz\/wp-content\/uploads\/2020\/11\/Cev-CL-Logo.jpg?resize=700%2C400&ssl=1 2x, https:\/\/i0.wp.com\/sarimelekler.biz\/wp-content\/uploads\/2020\/11\/Cev-CL-Logo.jpg?resize=1050%2C600&ssl=1 3x"},"classes":[]},{"id":6879,"url":"https:\/\/sarimelekler.biz\/?p=6879","url_meta":{"origin":11897,"position":1},"title":"Kombine Kartlar\u0131n\u0131n Sat\u0131\u015f\u0131na Ba\u015flan\u0131l\u0131yor.","author":"Edit\u00f6r","date":"5 Ekim 2018","format":false,"excerpt":"Daha \u00f6nce yapt\u0131\u011f\u0131m\u0131z haberde tak\u0131mlar\u0131m\u0131z\u0131n bu sezon yapaca\u011f\u0131 i\u00e7 saha ma\u00e7lar\u0131n\u0131n Burhan Felek Voleybol Salonunda oynanaca\u011f\u0131n\u0131 sizlere duyurmu\u015ftuk.\u00a0\u00a0(\u00a0\u00d6zel Haber) Fenerbah\u00e7e Kad\u0131n ve Erkek Voleybol Tak\u0131mlar\u0131m\u0131z\u0131n, 2018-2019 sezonunda oynayaca\u011f\u0131 i\u00e7 saha ma\u00e7lar\u0131nda kullan\u0131lacak \u00a0kombine kartlar\u0131 ile ilgili Kul\u00fcb\u00fcm\u00fcz\u00fcn resmi internet sitesinden bir a\u00e7\u0131klama yap\u0131ld\u0131. Fenerbah\u00e7e Kad\u0131n ve Erkek Voleybol Tak\u0131mlar\u0131m\u0131z, 2018-19\u2026","rel":"","context":"&quot;Haberler&quot; i\u00e7inde","block_context":{"text":"Haberler","link":"https:\/\/sarimelekler.biz\/?cat=7"},"img":{"alt_text":"","src":"https:\/\/i0.wp.com\/sarimelekler.biz\/wp-content\/uploads\/2018\/08\/9.jpg?resize=350%2C200&ssl=1","width":350,"height":200,"srcset":"https:\/\/i0.wp.com\/sarimelekler.biz\/wp-content\/uploads\/2018\/08\/9.jpg?resize=350%2C200&ssl=1 1x, https:\/\/i0.wp.com\/sarimelekler.biz\/wp-content\/uploads\/2018\/08\/9.jpg?resize=525%2C300&ssl=1 1.5x, https:\/\/i0.wp.com\/sarimelekler.biz\/wp-content\/uploads\/2018\/08\/9.jpg?resize=700%2C400&ssl=1 2x, https:\/\/i0.wp.com\/sarimelekler.biz\/wp-content\/uploads\/2018\/08\/9.jpg?resize=1050%2C600&ssl=1 3x"},"classes":[]},{"id":12231,"url":"https:\/\/sarimelekler.biz\/?p=12231","url_meta":{"origin":11897,"position":2},"title":"Sar\u0131 Meleklerin CEV \u015eampiyonlar Ligi\u2019ndeki Rakipleri Belli Oldu.","author":"Edit\u00f6r","date":"25 Ekim 2019","format":false,"excerpt":"CEV Kad\u0131nlar ve Erkekler \u015eampiyonlar Ligi kura \u00e7ekimi, Bulgaristan\u2019\u0131n ba\u015fkenti Sofya\u2019da d\u00fczenlenen Avrupa Voleybol Galas\u0131\u2019nda ger\u00e7ekle\u015ftirildi. Fenerbah\u00e7e Opet Kad\u0131n Voleybol Tak\u0131m\u0131m\u0131z, A Grubu\u2019nda Eczac\u0131ba\u015f\u0131 Vitra, Budowlani Lodz (Polonya) ve Salo (Finalndiya) ile e\u015fle\u015fti. Fenerbah\u00e7e HDI Sigorta Erkek Voleybol Tak\u0131m\u0131m\u0131z ise, A Grubu\u2019nda Cucine Lube Civitanova (\u0130talya), Jihostroj Ceske Budejovice (\u00c7ekya),\u2026","rel":"","context":"&quot;Avrupa Kupalar\u0131&quot; i\u00e7inde","block_context":{"text":"Avrupa Kupalar\u0131","link":"https:\/\/sarimelekler.biz\/?cat=1"},"img":{"alt_text":"","src":"https:\/\/i0.wp.com\/sarimelekler.biz\/wp-content\/uploads\/2017\/02\/2011-2012-%C5%9Famp.jpg?resize=350%2C200&ssl=1","width":350,"height":200},"classes":[]},{"id":16076,"url":"https:\/\/sarimelekler.biz\/?p=16076","url_meta":{"origin":11897,"position":3},"title":"CEV \u015eampiyonlar Ligi\u2019ndeki Rakiplerimiz Belli Oldu","author":"Edit\u00f6r","date":"24 Eyl\u00fcl 2021","format":false,"excerpt":"CEV Kad\u0131nlar ve Erkekler \u015eampiyonlar Ligi kura \u00e7ekimi, Slovenya\u2019n\u0131n ba\u015fkenti Ljubljana\u2019da d\u00fczenlenen organizasyonla ger\u00e7ekle\u015ftirildi. Kuraya birinci torbadan kat\u0131lan Fenerbah\u00e7e Opet Kad\u0131n Voleybol Tak\u0131m\u0131m\u0131z D Grubu\u2019nda Beziers Volley (Fransa), Maritza Plovdiv (Bulgaristan) Dinamo Kazan (Rusya) ile e\u015fle\u015fti. Kuraya ikinci torbadan kat\u0131lan Fenerbah\u00e7e HDI Sigorta Erkek Voleybol Tak\u0131m\u0131m\u0131z ise E Grubu\u2019nda Sir\u2026","rel":"","context":"&quot;Avrupa Kupalar\u0131&quot; i\u00e7inde","block_context":{"text":"Avrupa Kupalar\u0131","link":"https:\/\/sarimelekler.biz\/?cat=1"},"img":{"alt_text":"","src":"https:\/\/i0.wp.com\/sarimelekler.biz\/wp-content\/uploads\/2017\/11\/cev538_58025_6676227.jpg?resize=350%2C200&ssl=1","width":350,"height":200,"srcset":"https:\/\/i0.wp.com\/sarimelekler.biz\/wp-content\/uploads\/2017\/11\/cev538_58025_6676227.jpg?resize=350%2C200&ssl=1 1x, https:\/\/i0.wp.com\/sarimelekler.biz\/wp-content\/uploads\/2017\/11\/cev538_58025_6676227.jpg?resize=525%2C300&ssl=1 1.5x"},"classes":[]},{"id":11904,"url":"https:\/\/sarimelekler.biz\/?p=11904","url_meta":{"origin":11897,"position":4},"title":"Fenerbah\u00e7e Voleybol Tak\u0131mlar\u0131m\u0131z\u0131n Resmi Tedarik\u00e7isi Bilcee Tekstil Oldu","author":"Edit\u00f6r","date":"28 A\u011fustos 2019","format":false,"excerpt":"Kul\u00fcb\u00fcm\u00fcz\u00fcn Resmi internet sitesinden yap\u0131lan a\u00e7\u0131klama: Voleybol sporunun geli\u015fiminde bir\u00e7ok ilki hayata ge\u00e7irerek hem kad\u0131n hem de erkek voleybol bran\u015flar\u0131nda elde etti\u011fimiz say\u0131s\u0131z ba\u015far\u0131larla \u00fclke sporunu d\u00fcnyada \u00f6nemli bir noktaya ta\u015f\u0131yan Fenerbah\u00e7emizin, 2019-2020 voleybol sezonunda teknik spor giyim resmi tedarik sponsoru Bil Group b\u00fcnyesinde faaliyet g\u00f6steren aktif spor giyim markas\u0131\u2026","rel":"","context":"&quot;Haberler&quot; i\u00e7inde","block_context":{"text":"Haberler","link":"https:\/\/sarimelekler.biz\/?cat=7"},"img":{"alt_text":"","src":"https:\/\/i0.wp.com\/sarimelekler.biz\/wp-content\/uploads\/2019\/10\/Sponsor-Blicee-19-20.jpg?resize=350%2C200&ssl=1","width":350,"height":200,"srcset":"https:\/\/i0.wp.com\/sarimelekler.biz\/wp-content\/uploads\/2019\/10\/Sponsor-Blicee-19-20.jpg?resize=350%2C200&ssl=1 1x, https:\/\/i0.wp.com\/sarimelekler.biz\/wp-content\/uploads\/2019\/10\/Sponsor-Blicee-19-20.jpg?resize=525%2C300&ssl=1 1.5x, https:\/\/i0.wp.com\/sarimelekler.biz\/wp-content\/uploads\/2019\/10\/Sponsor-Blicee-19-20.jpg?resize=700%2C400&ssl=1 2x, https:\/\/i0.wp.com\/sarimelekler.biz\/wp-content\/uploads\/2019\/10\/Sponsor-Blicee-19-20.jpg?resize=1050%2C600&ssl=1 3x, https:\/\/i0.wp.com\/sarimelekler.biz\/wp-content\/uploads\/2019\/10\/Sponsor-Blicee-19-20.jpg?resize=1400%2C800&ssl=1 4x"},"classes":[]},{"id":15978,"url":"https:\/\/sarimelekler.biz\/?p=15978","url_meta":{"origin":11897,"position":5},"title":"Kad\u0131n Voleybol Tak\u0131mlar\u0131m\u0131z Topuk Yaylas\u0131 Tesislerimizde \u00c7al\u0131\u015fmalara Ba\u015fl\u0131yor","author":"Edit\u00f6r","date":"17 A\u011fustos 2021","format":false,"excerpt":"Fenerbah\u00e7e Opet Kad\u0131n Voleybol Tak\u0131m\u0131m\u0131z, 1.Lig Fenerbah\u00e7e Terrazzo Kad\u0131n Voleybol Tak\u0131m\u0131m\u0131z ve 2.Lig Kad\u0131n Voleybol Tak\u0131m\u0131m\u0131z bug\u00fcn itibar\u0131yla sezon haz\u0131rl\u0131klar\u0131 i\u00e7in D\u00fczce\u2019nin Kayna\u015fl\u0131 il\u00e7esinde bulunan Serkan Acar Resort&Sport Topuk Yaylas\u0131 Tesislerine gitti. Tak\u0131mlar\u0131m\u0131z bir hafta s\u00fcreyle \u00e7al\u0131\u015fmalar\u0131n\u0131 s\u00fcrd\u00fcrecek. Fenerbah\u00e7e Opet Kad\u0131n Voleybol Tak\u0131m\u0131m\u0131zda, Milli Tak\u0131mlarda bulunan oyuncular ve ba\u015fantren\u00f6r\u00fcm\u00fcz yoklu\u011funda,\u2026","rel":"","context":"&quot;Haberler&quot; i\u00e7inde","block_context":{"text":"Haberler","link":"https:\/\/sarimelekler.biz\/?cat=7"},"img":{"alt_text":"","src":"https:\/\/i0.wp.com\/sarimelekler.biz\/wp-content\/uploads\/2021\/08\/Topuk-Yaylasi-21-22-1.jpg?resize=350%2C200&ssl=1","width":350,"height":200,"srcset":"https:\/\/i0.wp.com\/sarimelekler.biz\/wp-content\/uploads\/2021\/08\/Topuk-Yaylasi-21-22-1.jpg?resize=350%2C200&ssl=1 1x, https:\/\/i0.wp.com\/sarimelekler.biz\/wp-content\/uploads\/2021\/08\/Topuk-Yaylasi-21-22-1.jpg?resize=525%2C300&ssl=1 1.5x, https:\/\/i0.wp.com\/sarimelekler.biz\/wp-content\/uploads\/2021\/08\/Topuk-Yaylasi-21-22-1.jpg?resize=700%2C400&ssl=1 2x, https:\/\/i0.wp.com\/sarimelekler.biz\/wp-content\/uploads\/2021\/08\/Topuk-Yaylasi-21-22-1.jpg?resize=1050%2C600&ssl=1 3x, https:\/\/i0.wp.com\/sarimelekler.biz\/wp-content\/uploads\/2021\/08\/Topuk-Yaylasi-21-22-1.jpg?resize=1400%2C800&ssl=1 4x"},"classes":[]}],"_links":{"self":[{"href":"https:\/\/sarimelekler.biz\/index.php?rest_route=\/wp\/v2\/posts\/11897","targetHints":{"allow":["GET"]}}],"collection":[{"href":"https:\/\/sarimelekler.biz\/index.php?rest_route=\/wp\/v2\/posts"}],"about":[{"href":"https:\/\/sarimelekler.biz\/index.php?rest_route=\/wp\/v2\/types\/post"}],"author":[{"embeddable":true,"href":"https:\/\/sarimelekler.biz\/index.php?rest_route=\/wp\/v2\/users\/1"}],"replies":[{"embeddable":true,"href":"https:\/\/sarimelekler.biz\/index.php?rest_route=%2Fwp%2Fv2%2Fcomments&post=11897"}],"version-history":[{"count":1,"href":"https:\/\/sarimelekler.biz\/index.php?rest_route=\/wp\/v2\/posts\/11897\/revisions"}],"predecessor-version":[{"id":11899,"href":"https:\/\/sarimelekler.biz\/index.php?rest_route=\/wp\/v2\/posts\/11897\/revisions\/11899"}],"wp:featuredmedia":[{"embeddable":true,"href":"https:\/\/sarimelekler.biz\/index.php?rest_route=\/wp\/v2\/media\/11898"}],"wp:attachment":[{"href":"https:\/\/sarimelekler.biz\/index.php?rest_route=%2Fwp%2Fv2%2Fmedia&parent=11897"}],"wp:term":[{"taxonomy":"category","embeddable":true,"href":"https:\/\/sarimelekler.biz\/index.php?rest_route=%2Fwp%2Fv2%2Fcategories&post=11897"},{"taxonomy":"post_tag","embeddable":true,"href":"https:\/\/sarimelekler.biz\/index.php?rest_route=%2Fwp%2Fv2%2Ftags&post=11897"}],"curies":[{"name":"wp","href":"https:\/\/api.w.org\/{rel}","templated":true}]}}