{"id":11907,"date":"2019-10-07T21:14:19","date_gmt":"2019-10-07T18:14:19","guid":{"rendered":"http:\/\/sarimelekler.biz\/?p=11907"},"modified":"2019-10-07T21:15:10","modified_gmt":"2019-10-07T18:15:10","slug":"naz-aydemir-akyol-ve-cigdem-can-rasna-fenerbahce-dergisinin-ekim-sayisinda-yer-aldi","status":"publish","type":"post","link":"https:\/\/sarimelekler.biz\/?p=11907","title":{"rendered":"Naz Aydemir Akyol ve \u00c7i\u011fdem Can Rasna Fenerbah\u00e7e Dergisinin Ekim Say\u0131s\u0131nda Yer Ald\u0131."},"content":{"rendered":"<p style=\"text-align: justify;\">Fenerbah\u00e7e Dergisi\u2019nin 200. say\u0131s\u0131 olan Ekim 2019 n\u00fcshas\u0131 sat\u0131\u015fa \u00e7\u0131kt\u0131. Derginin bu n\u00fcshas\u0131nda \u201cBizden Biri\u201d k\u00f6\u015fesinde Fenerbah\u00e7e Opet Kad\u0131n Voleybol tak\u0131m\u0131m\u0131z\u0131n efsane kaptan\u0131 \u00c7i\u011fdem Can Rasna daha yak\u0131ndan ve farkl\u0131 y\u00f6nleriyle tan\u0131t\u0131ld\u0131. Ayr\u0131ca milli voleybolcumuz Naz Aydemir Akyol ile de bir r\u00f6portaj yap\u0131ld\u0131.<\/p>\n<p style=\"text-align: justify;\">Fenerbah\u00e7e Dergisinin Ekim 2019 n\u00fcshas\u0131n\u0131 bayilerde bulabilirsiniz.<\/p>\n\n\t\t<style type=\"text\/css\">\n\t\t\t#gallery-1 {\n\t\t\t\tmargin: auto;\n\t\t\t}\n\t\t\t#gallery-1 .gallery-item {\n\t\t\t\tfloat: left;\n\t\t\t\tmargin-top: 10px;\n\t\t\t\ttext-align: center;\n\t\t\t\twidth: 100%;\n\t\t\t}\n\t\t\t#gallery-1 img {\n\t\t\t\tborder: 2px solid #cfcfcf;\n\t\t\t}\n\t\t\t#gallery-1 .gallery-caption {\n\t\t\t\tmargin-left: 0;\n\t\t\t}\n\t\t\t\/* see gallery_shortcode() in wp-includes\/media.php *\/\n\t\t<\/style>\n\t\t<div data-carousel-extra='{&quot;blog_id&quot;:1,&quot;permalink&quot;:&quot;https:\/\/sarimelekler.biz\/?p=11907&quot;}' id='gallery-1' class='gallery galleryid-11907 gallery-columns-1 gallery-size-large'><dl class='gallery-item'>\n\t\t\t<dt class='gallery-icon landscape'>\n\t\t\t\t<a href='https:\/\/sarimelekler.biz\/?attachment_id=11910'><img loading=\"lazy\" decoding=\"async\" width=\"860\" height=\"573\" src=\"https:\/\/sarimelekler.biz\/wp-content\/uploads\/2019\/10\/\u00c7i\u011fdem-Can-Ekim-Dergi-2019-1-1024x682.jpg\" class=\"attachment-large size-large\" alt=\"\" srcset=\"https:\/\/sarimelekler.biz\/wp-content\/uploads\/2019\/10\/\u00c7i\u011fdem-Can-Ekim-Dergi-2019-1-1024x682.jpg 1024w, https:\/\/sarimelekler.biz\/wp-content\/uploads\/2019\/10\/\u00c7i\u011fdem-Can-Ekim-Dergi-2019-1-300x200.jpg 300w, https:\/\/sarimelekler.biz\/wp-content\/uploads\/2019\/10\/\u00c7i\u011fdem-Can-Ekim-Dergi-2019-1-768x512.jpg 768w, https:\/\/sarimelekler.biz\/wp-content\/uploads\/2019\/10\/\u00c7i\u011fdem-Can-Ekim-Dergi-2019-1-150x100.jpg 150w, https:\/\/sarimelekler.biz\/wp-content\/uploads\/2019\/10\/\u00c7i\u011fdem-Can-Ekim-Dergi-2019-1.jpg 2000w\" sizes=\"auto, (max-width: 860px) 100vw, 860px\" data-attachment-id=\"11910\" data-permalink=\"https:\/\/sarimelekler.biz\/?attachment_id=11910\" data-orig-file=\"https:\/\/sarimelekler.biz\/wp-content\/uploads\/2019\/10\/\u00c7i\u011fdem-Can-Ekim-Dergi-2019-1.jpg\" data-orig-size=\"2000,1333\" data-comments-opened=\"0\" data-image-meta=\"{&quot;aperture&quot;:&quot;0&quot;,&quot;credit&quot;:&quot;&quot;,&quot;camera&quot;:&quot;&quot;,&quot;caption&quot;:&quot;&quot;,&quot;created_timestamp&quot;:&quot;0&quot;,&quot;copyright&quot;:&quot;&quot;,&quot;focal_length&quot;:&quot;0&quot;,&quot;iso&quot;:&quot;0&quot;,&quot;shutter_speed&quot;:&quot;0&quot;,&quot;title&quot;:&quot;&quot;,&quot;orientation&quot;:&quot;0&quot;}\" data-image-title=\"\u00c7i\u011fdem Can Ekim Dergi 2019 (1)\" data-image-description=\"\" data-image-caption=\"\" data-large-file=\"https:\/\/sarimelekler.biz\/wp-content\/uploads\/2019\/10\/\u00c7i\u011fdem-Can-Ekim-Dergi-2019-1-1024x682.jpg\" \/><\/a>\n\t\t\t<\/dt><\/dl><br style=\"clear: both\" \/><dl class='gallery-item'>\n\t\t\t<dt class='gallery-icon landscape'>\n\t\t\t\t<a href='https:\/\/sarimelekler.biz\/?attachment_id=11908'><img loading=\"lazy\" decoding=\"async\" width=\"860\" height=\"574\" src=\"https:\/\/sarimelekler.biz\/wp-content\/uploads\/2019\/10\/Ekim-Dergi-19-20-2-1024x683.jpg\" class=\"attachment-large size-large\" alt=\"\" srcset=\"https:\/\/sarimelekler.biz\/wp-content\/uploads\/2019\/10\/Ekim-Dergi-19-20-2-1024x683.jpg 1024w, https:\/\/sarimelekler.biz\/wp-content\/uploads\/2019\/10\/Ekim-Dergi-19-20-2-300x200.jpg 300w, https:\/\/sarimelekler.biz\/wp-content\/uploads\/2019\/10\/Ekim-Dergi-19-20-2-768x512.jpg 768w, https:\/\/sarimelekler.biz\/wp-content\/uploads\/2019\/10\/Ekim-Dergi-19-20-2-150x100.jpg 150w\" sizes=\"auto, (max-width: 860px) 100vw, 860px\" data-attachment-id=\"11908\" data-permalink=\"https:\/\/sarimelekler.biz\/?attachment_id=11908\" data-orig-file=\"https:\/\/sarimelekler.biz\/wp-content\/uploads\/2019\/10\/Ekim-Dergi-19-20-2.jpg\" data-orig-size=\"2500,1667\" data-comments-opened=\"0\" data-image-meta=\"{&quot;aperture&quot;:&quot;7.1&quot;,&quot;credit&quot;:&quot;&quot;,&quot;camera&quot;:&quot;Canon EOS-1D X&quot;,&quot;caption&quot;:&quot;&quot;,&quot;created_timestamp&quot;:&quot;1569062132&quot;,&quot;copyright&quot;:&quot;&quot;,&quot;focal_length&quot;:&quot;300&quot;,&quot;iso&quot;:&quot;200&quot;,&quot;shutter_speed&quot;:&quot;0.004&quot;,&quot;title&quot;:&quot;&quot;,&quot;orientation&quot;:&quot;1&quot;}\" data-image-title=\"Ekim Dergi 19-20 (2)\" data-image-description=\"\" data-image-caption=\"\" data-large-file=\"https:\/\/sarimelekler.biz\/wp-content\/uploads\/2019\/10\/Ekim-Dergi-19-20-2-1024x683.jpg\" \/><\/a>\n\t\t\t<\/dt><\/dl><br style=\"clear: both\" \/><dl class='gallery-item'>\n\t\t\t<dt class='gallery-icon landscape'>\n\t\t\t\t<a href='https:\/\/sarimelekler.biz\/?attachment_id=11909'><img loading=\"lazy\" decoding=\"async\" width=\"860\" height=\"637\" src=\"https:\/\/sarimelekler.biz\/wp-content\/uploads\/2019\/10\/\u00c7i\u011fdem-Can-Ekim-Dergi-2019-2-1024x758.jpg\" class=\"attachment-large size-large\" alt=\"\" srcset=\"https:\/\/sarimelekler.biz\/wp-content\/uploads\/2019\/10\/\u00c7i\u011fdem-Can-Ekim-Dergi-2019-2-1024x758.jpg 1024w, https:\/\/sarimelekler.biz\/wp-content\/uploads\/2019\/10\/\u00c7i\u011fdem-Can-Ekim-Dergi-2019-2-300x222.jpg 300w, https:\/\/sarimelekler.biz\/wp-content\/uploads\/2019\/10\/\u00c7i\u011fdem-Can-Ekim-Dergi-2019-2-768x569.jpg 768w, https:\/\/sarimelekler.biz\/wp-content\/uploads\/2019\/10\/\u00c7i\u011fdem-Can-Ekim-Dergi-2019-2-150x111.jpg 150w\" sizes=\"auto, (max-width: 860px) 100vw, 860px\" data-attachment-id=\"11909\" data-permalink=\"https:\/\/sarimelekler.biz\/?attachment_id=11909\" data-orig-file=\"https:\/\/sarimelekler.biz\/wp-content\/uploads\/2019\/10\/\u00c7i\u011fdem-Can-Ekim-Dergi-2019-2.jpg\" data-orig-size=\"2500,1851\" data-comments-opened=\"0\" data-image-meta=\"{&quot;aperture&quot;:&quot;0&quot;,&quot;credit&quot;:&quot;&quot;,&quot;camera&quot;:&quot;&quot;,&quot;caption&quot;:&quot;&quot;,&quot;created_timestamp&quot;:&quot;0&quot;,&quot;copyright&quot;:&quot;&quot;,&quot;focal_length&quot;:&quot;0&quot;,&quot;iso&quot;:&quot;0&quot;,&quot;shutter_speed&quot;:&quot;0&quot;,&quot;title&quot;:&quot;&quot;,&quot;orientation&quot;:&quot;0&quot;}\" data-image-title=\"\u00c7i\u011fdem Can Ekim Dergi 2019 (2)\" data-image-description=\"\" data-image-caption=\"\" data-large-file=\"https:\/\/sarimelekler.biz\/wp-content\/uploads\/2019\/10\/\u00c7i\u011fdem-Can-Ekim-Dergi-2019-2-1024x758.jpg\" \/><\/a>\n\t\t\t<\/dt><\/dl><br style=\"clear: both\" \/><dl class='gallery-item'>\n\t\t\t<dt class='gallery-icon portrait'>\n\t\t\t\t<a href='https:\/\/sarimelekler.biz\/?attachment_id=11911'><img loading=\"lazy\" decoding=\"async\" width=\"762\" height=\"1024\" src=\"https:\/\/sarimelekler.biz\/wp-content\/uploads\/2019\/10\/Ekim-Dergi-19-20-1-762x1024.jpg\" class=\"attachment-large size-large\" alt=\"\" srcset=\"https:\/\/sarimelekler.biz\/wp-content\/uploads\/2019\/10\/Ekim-Dergi-19-20-1-762x1024.jpg 762w, https:\/\/sarimelekler.biz\/wp-content\/uploads\/2019\/10\/Ekim-Dergi-19-20-1-223x300.jpg 223w, https:\/\/sarimelekler.biz\/wp-content\/uploads\/2019\/10\/Ekim-Dergi-19-20-1-768x1032.jpg 768w, https:\/\/sarimelekler.biz\/wp-content\/uploads\/2019\/10\/Ekim-Dergi-19-20-1-112x150.jpg 112w, https:\/\/sarimelekler.biz\/wp-content\/uploads\/2019\/10\/Ekim-Dergi-19-20-1.jpg 1861w\" sizes=\"auto, (max-width: 762px) 100vw, 762px\" data-attachment-id=\"11911\" data-permalink=\"https:\/\/sarimelekler.biz\/?attachment_id=11911\" data-orig-file=\"https:\/\/sarimelekler.biz\/wp-content\/uploads\/2019\/10\/Ekim-Dergi-19-20-1.jpg\" data-orig-size=\"1861,2500\" data-comments-opened=\"0\" data-image-meta=\"{&quot;aperture&quot;:&quot;5.6&quot;,&quot;credit&quot;:&quot;&quot;,&quot;camera&quot;:&quot;Canon EOS-1D X&quot;,&quot;caption&quot;:&quot;&quot;,&quot;created_timestamp&quot;:&quot;1569061922&quot;,&quot;copyright&quot;:&quot;&quot;,&quot;focal_length&quot;:&quot;300&quot;,&quot;iso&quot;:&quot;200&quot;,&quot;shutter_speed&quot;:&quot;0.0015625&quot;,&quot;title&quot;:&quot;&quot;,&quot;orientation&quot;:&quot;1&quot;}\" data-image-title=\"Ekim Dergi 19-20 (1)\" data-image-description=\"\" data-image-caption=\"\" data-large-file=\"https:\/\/sarimelekler.biz\/wp-content\/uploads\/2019\/10\/Ekim-Dergi-19-20-1-762x1024.jpg\" \/><\/a>\n\t\t\t<\/dt><\/dl><br style=\"clear: both\" \/>\n\t\t<\/div>\n\n<p style=\"text-align: right;\">07.10.2019<\/p>\n","protected":false},"excerpt":{"rendered":"<p>Fenerbah\u00e7e Dergisi\u2019nin 200. say\u0131s\u0131 olan Ekim 2019 n\u00fcshas\u0131 sat\u0131\u015fa \u00e7\u0131kt\u0131. \u2026 <a class=\"continue-reading-link\" href=\"https:\/\/sarimelekler.biz\/?p=11907\">Okumaya Devam Et.. <span class=\"meta-nav\">&rarr; <\/span><\/a><\/p>\n","protected":false},"author":1,"featured_media":11912,"comment_status":"closed","ping_status":"open","sticky":false,"template":"","format":"standard","meta":{"jetpack_post_was_ever_published":false,"_jetpack_newsletter_access":"","_jetpack_dont_email_post_to_subs":false,"_jetpack_newsletter_tier_id":0,"_jetpack_memberships_contains_paywalled_content":false,"_jetpack_memberships_contains_paid_content":false,"footnotes":"","jetpack_publicize_message":"","jetpack_publicize_feature_enabled":true,"jetpack_social_post_already_shared":true,"jetpack_social_options":{"image_generator_settings":{"template":"highway","default_image_id":0,"font":"","enabled":false},"version":2}},"categories":[7],"tags":[],"class_list":["post-11907","post","type-post","status-publish","format-standard","has-post-thumbnail","hentry","category-haberler"],"jetpack_publicize_connections":[],"jetpack_featured_media_url":"https:\/\/sarimelekler.biz\/wp-content\/uploads\/2019\/10\/\u00c7i\u011fdem-Naz-Kapak.jpg","jetpack_sharing_enabled":true,"jetpack_shortlink":"https:\/\/wp.me\/p8npUZ-363","jetpack-related-posts":[{"id":11365,"url":"https:\/\/sarimelekler.biz\/?p=11365","url_meta":{"origin":11907,"position":0},"title":"Naz Aydemir Akyol: Taraftarlar\u0131m\u0131z\u0131n g\u00fcc\u00fcn\u00fc arkamda hissederek oynamak i\u00e7in sab\u0131rs\u0131zlan\u0131yorum","author":"Edit\u00f6r","date":"17 Haziran 2019","format":false,"excerpt":"Kad\u0131n Voleybol Tak\u0131m\u0131m\u0131z Fenerbah\u00e7e Opet\u2019in yeni transferi Naz Aydemir Akyol, transferine ili\u015fkin duygular\u0131n\u0131 kul\u00fcb\u00fcm\u00fcz\u00fcn resmi sitesine payla\u015ft\u0131. Sar\u0131 lacivert renklerle tekrar kupalar kazanmak i\u00e7in elinden geleni yapaca\u011f\u0131n\u0131 ifade eden Naz, \u201cGe\u00e7ti\u011fimiz Eyl\u00fcl-Ekim aylar\u0131nda Simla T\u00fcrker Bayaz\u0131t ve Abdullah Pa\u015fao\u011flu ile g\u00f6r\u00fc\u015fm\u00fc\u015ft\u00fck. Ocak ay\u0131 gibi tekrar kontrat imzalad\u0131k. Benim i\u00e7in yabanc\u0131\u2026","rel":"","context":"&quot;Resmi Site R\u00f6portajlar\u0131&quot; i\u00e7inde","block_context":{"text":"Resmi Site R\u00f6portajlar\u0131","link":"https:\/\/sarimelekler.biz\/?cat=17"},"img":{"alt_text":"","src":"https:\/\/i0.wp.com\/sarimelekler.biz\/wp-content\/uploads\/2019\/06\/Naz-R%C3%B6portaj-Kapak-2.jpg?resize=350%2C200&ssl=1","width":350,"height":200,"srcset":"https:\/\/i0.wp.com\/sarimelekler.biz\/wp-content\/uploads\/2019\/06\/Naz-R%C3%B6portaj-Kapak-2.jpg?resize=350%2C200&ssl=1 1x, https:\/\/i0.wp.com\/sarimelekler.biz\/wp-content\/uploads\/2019\/06\/Naz-R%C3%B6portaj-Kapak-2.jpg?resize=525%2C300&ssl=1 1.5x, https:\/\/i0.wp.com\/sarimelekler.biz\/wp-content\/uploads\/2019\/06\/Naz-R%C3%B6portaj-Kapak-2.jpg?resize=700%2C400&ssl=1 2x, https:\/\/i0.wp.com\/sarimelekler.biz\/wp-content\/uploads\/2019\/06\/Naz-R%C3%B6portaj-Kapak-2.jpg?resize=1050%2C600&ssl=1 3x, https:\/\/i0.wp.com\/sarimelekler.biz\/wp-content\/uploads\/2019\/06\/Naz-R%C3%B6portaj-Kapak-2.jpg?resize=1400%2C800&ssl=1 4x"},"classes":[]},{"id":11995,"url":"https:\/\/sarimelekler.biz\/?p=11995","url_meta":{"origin":11907,"position":1},"title":"Naz &#038; Mihajlovic: Taraftarlar\u0131m\u0131zla Birlikte Sezona Galibiyetle Ba\u015flamak \u0130stiyoruz.","author":"Edit\u00f6r","date":"12 Ekim 2019","format":false,"excerpt":"Fenerbah\u00e7e Opet Kad\u0131n Voleybol Tak\u0131m\u0131m\u0131z, Sultanlar Ligi\u2019nin ilk ma\u00e7\u0131na \u00e7\u0131k\u0131yor. 12 Ekim Cumartesi g\u00fcn\u00fc saat 14.30\u2019da Burhan Felek Voleybol Salonu\u2019nda T\u00fcrk Hava Yollar\u0131 ile kar\u015f\u0131la\u015facak Sar\u0131 Melekler, ma\u00e7 \u00f6ncesi son antrenman\u0131n\u0131 yapt\u0131. Antrenman\u0131n ard\u0131ndan oyuncular\u0131m\u0131zdan Naz Aydemir Akyol ve Brankica Mihajlovic, yeni sezona ili\u015fkin d\u00fc\u015f\u00fcncelerini kul\u00fcb\u00fcm\u00fcz\u00fcn resmi insetrnet sitesine payla\u015ft\u0131.\u2026","rel":"","context":"&quot;Haberler&quot; i\u00e7inde","block_context":{"text":"Haberler","link":"https:\/\/sarimelekler.biz\/?cat=7"},"img":{"alt_text":"","src":"https:\/\/i0.wp.com\/sarimelekler.biz\/wp-content\/uploads\/2019\/10\/Naz-Mihajlovic-R%C3%B6portaj-Kapak.jpg?resize=350%2C200&ssl=1","width":350,"height":200,"srcset":"https:\/\/i0.wp.com\/sarimelekler.biz\/wp-content\/uploads\/2019\/10\/Naz-Mihajlovic-R%C3%B6portaj-Kapak.jpg?resize=350%2C200&ssl=1 1x, https:\/\/i0.wp.com\/sarimelekler.biz\/wp-content\/uploads\/2019\/10\/Naz-Mihajlovic-R%C3%B6portaj-Kapak.jpg?resize=525%2C300&ssl=1 1.5x, https:\/\/i0.wp.com\/sarimelekler.biz\/wp-content\/uploads\/2019\/10\/Naz-Mihajlovic-R%C3%B6portaj-Kapak.jpg?resize=700%2C400&ssl=1 2x, https:\/\/i0.wp.com\/sarimelekler.biz\/wp-content\/uploads\/2019\/10\/Naz-Mihajlovic-R%C3%B6portaj-Kapak.jpg?resize=1050%2C600&ssl=1 3x, https:\/\/i0.wp.com\/sarimelekler.biz\/wp-content\/uploads\/2019\/10\/Naz-Mihajlovic-R%C3%B6portaj-Kapak.jpg?resize=1400%2C800&ssl=1 4x"},"classes":[]},{"id":15724,"url":"https:\/\/sarimelekler.biz\/?p=15724","url_meta":{"origin":11907,"position":2},"title":"Naz Aydemir Akyol\u2019un S\u00f6zle\u015fmesi 2 Y\u0131l Uzat\u0131ld\u0131","author":"Edit\u00f6r","date":"19 Nisan 2021","format":false,"excerpt":"Kul\u00fcb\u00fcm\u00fcz, Fenerbah\u00e7e Opet Kad\u0131n Voleybol tak\u0131m\u0131m\u0131z\u0131n pas\u00f6r oyuncusu Naz Aydemir Akyol ile 2 y\u0131ll\u0131k s\u00f6zle\u015fme uzatt\u0131\u011f\u0131n\u0131 resmi sitesinden yapt\u0131\u011f\u0131 a\u00e7\u0131klamayla duyurdu. Oyuncumuza ba\u015far\u0131lar dileriz. Kul\u00fcb\u00fcm\u00fczden Yap\u0131lan A\u00e7\u0131klama: Formam\u0131zla \u00e7ok say\u0131da ba\u015far\u0131ya imza atan milli pas\u00f6r\u00fcm\u00fcz Naz Aydemir Akyol, 2 y\u0131l daha bizimle!'Son 10 Y\u0131l\u0131n En \u0130yi 100 Oyuncusu' listesinde yer\u2026","rel":"","context":"&quot;Transfer Haberleri&quot; i\u00e7inde","block_context":{"text":"Transfer Haberleri","link":"https:\/\/sarimelekler.biz\/?cat=23"},"img":{"alt_text":"","src":"https:\/\/i0.wp.com\/sarimelekler.biz\/wp-content\/uploads\/2019\/06\/Naz-19-20-Kapak.jpg?resize=350%2C200&ssl=1","width":350,"height":200,"srcset":"https:\/\/i0.wp.com\/sarimelekler.biz\/wp-content\/uploads\/2019\/06\/Naz-19-20-Kapak.jpg?resize=350%2C200&ssl=1 1x, https:\/\/i0.wp.com\/sarimelekler.biz\/wp-content\/uploads\/2019\/06\/Naz-19-20-Kapak.jpg?resize=525%2C300&ssl=1 1.5x, https:\/\/i0.wp.com\/sarimelekler.biz\/wp-content\/uploads\/2019\/06\/Naz-19-20-Kapak.jpg?resize=700%2C400&ssl=1 2x, https:\/\/i0.wp.com\/sarimelekler.biz\/wp-content\/uploads\/2019\/06\/Naz-19-20-Kapak.jpg?resize=1050%2C600&ssl=1 3x, https:\/\/i0.wp.com\/sarimelekler.biz\/wp-content\/uploads\/2019\/06\/Naz-19-20-Kapak.jpg?resize=1400%2C800&ssl=1 4x"},"classes":[]},{"id":11846,"url":"https:\/\/sarimelekler.biz\/?p=11846","url_meta":{"origin":11907,"position":3},"title":"Kafkas M\u00fccevherat ile Fenerbah\u00e7e Opet aras\u0131ndaki  Forma Sponsorlu\u011fu T\u00f6reni Yap\u0131ld\u0131","author":"Edit\u00f6r","date":"18 Eyl\u00fcl 2019","format":false,"excerpt":"Fenerbah\u00e7e Opet Kad\u0131n Voleybol Tak\u0131m\u0131m\u0131z ile m\u00fccevher sekt\u00f6r\u00fcnde bir moda yarat\u0131mc\u0131s\u0131 olmay\u0131 ilke edinen, sekt\u00f6r\u00fcn \u00f6nemli markalar\u0131ndan Kafkas M\u00fccevherat aras\u0131ndaki sponsorluk anla\u015fmas\u0131 imza t\u00f6reni yap\u0131ld\u0131. \u00dclker Stadyumu Fenerbah\u00e7e \u015e\u00fckr\u00fc Saraco\u011flu Spor Kompleksi 1907 Trib\u00fcn\u00fc\u2019nde ger\u00e7ekle\u015ftirilen imza t\u00f6reninde Ba\u015fkan Yard\u0131mc\u0131m\u0131z Burhan Kara\u00e7am ve Kafkas M\u00fccevherat CEO\u2019su Tolga K\u0131rg\u0131z ile Fenerbah\u00e7e Opet\u2026","rel":"","context":"&quot;Haberler&quot; i\u00e7inde","block_context":{"text":"Haberler","link":"https:\/\/sarimelekler.biz\/?cat=7"},"img":{"alt_text":"","src":"https:\/\/i0.wp.com\/sarimelekler.biz\/wp-content\/uploads\/2019\/09\/Kafkas-M%C3%BCcevherat-Sponsorlu%C4%9Fu-1.jpg?resize=350%2C200&ssl=1","width":350,"height":200,"srcset":"https:\/\/i0.wp.com\/sarimelekler.biz\/wp-content\/uploads\/2019\/09\/Kafkas-M%C3%BCcevherat-Sponsorlu%C4%9Fu-1.jpg?resize=350%2C200&ssl=1 1x, https:\/\/i0.wp.com\/sarimelekler.biz\/wp-content\/uploads\/2019\/09\/Kafkas-M%C3%BCcevherat-Sponsorlu%C4%9Fu-1.jpg?resize=525%2C300&ssl=1 1.5x, https:\/\/i0.wp.com\/sarimelekler.biz\/wp-content\/uploads\/2019\/09\/Kafkas-M%C3%BCcevherat-Sponsorlu%C4%9Fu-1.jpg?resize=700%2C400&ssl=1 2x, https:\/\/i0.wp.com\/sarimelekler.biz\/wp-content\/uploads\/2019\/09\/Kafkas-M%C3%BCcevherat-Sponsorlu%C4%9Fu-1.jpg?resize=1050%2C600&ssl=1 3x, https:\/\/i0.wp.com\/sarimelekler.biz\/wp-content\/uploads\/2019\/09\/Kafkas-M%C3%BCcevherat-Sponsorlu%C4%9Fu-1.jpg?resize=1400%2C800&ssl=1 4x"},"classes":[]},{"id":16048,"url":"https:\/\/sarimelekler.biz\/?p=16048","url_meta":{"origin":11907,"position":4},"title":"Eda Erdem D\u00fcndar, Naz Aydemir Akyol ve Meliha \u0130smailo\u011flu Sa\u011fl\u0131k Kontrol\u00fcnden Ge\u00e7ti","author":"Edit\u00f6r","date":"15 Eyl\u00fcl 2021","format":false,"excerpt":"Fenerbah\u00e7e Opet Kad\u0131n Voleybol Tak\u0131m\u0131m\u0131zda yeni sezon \u00f6ncesi rutin sa\u011fl\u0131k kontrolleri devam ediyor. Milli oyuncular\u0131m\u0131zdan kaptan Eda Erdem D\u00fcndar, Naz Aydemir Akyol ve Meliha \u0130smailo\u011flu bug\u00fcn Ac\u0131badem Dr. \u015einasi Can (Kad\u0131k\u00f6y) Hastanesi\u2019nde sa\u011fl\u0131k kontrol\u00fcnden ge\u00e7ti. Detayl\u0131 kan tetkikleri yap\u0131lan voleybolcular\u0131m\u0131z; ortopedi, i\u00e7 hastal\u0131klar\u0131, g\u00f6z, kulak burun bo\u011faz, genel cerrahi ve\u2026","rel":"","context":"&quot;T\u00fcrkiye Ligi&quot; i\u00e7inde","block_context":{"text":"T\u00fcrkiye Ligi","link":"https:\/\/sarimelekler.biz\/?cat=6"},"img":{"alt_text":"","src":"https:\/\/i0.wp.com\/sarimelekler.biz\/wp-content\/uploads\/2021\/09\/21-22-Sezon-Oncesi-39.jpg?resize=350%2C200&ssl=1","width":350,"height":200,"srcset":"https:\/\/i0.wp.com\/sarimelekler.biz\/wp-content\/uploads\/2021\/09\/21-22-Sezon-Oncesi-39.jpg?resize=350%2C200&ssl=1 1x, https:\/\/i0.wp.com\/sarimelekler.biz\/wp-content\/uploads\/2021\/09\/21-22-Sezon-Oncesi-39.jpg?resize=525%2C300&ssl=1 1.5x, https:\/\/i0.wp.com\/sarimelekler.biz\/wp-content\/uploads\/2021\/09\/21-22-Sezon-Oncesi-39.jpg?resize=700%2C400&ssl=1 2x, https:\/\/i0.wp.com\/sarimelekler.biz\/wp-content\/uploads\/2021\/09\/21-22-Sezon-Oncesi-39.jpg?resize=1050%2C600&ssl=1 3x, https:\/\/i0.wp.com\/sarimelekler.biz\/wp-content\/uploads\/2021\/09\/21-22-Sezon-Oncesi-39.jpg?resize=1400%2C800&ssl=1 4x"},"classes":[]},{"id":15478,"url":"https:\/\/sarimelekler.biz\/?p=15478","url_meta":{"origin":11907,"position":5},"title":"Naz Aydemir Akyol \u201cSon 10 Y\u0131l\u0131n En \u0130yi 100 Oyuncusu\u201d Listesine Se\u00e7ildi","author":"Edit\u00f6r","date":"16 Mart 2021","format":false,"excerpt":"Fenerbah\u00e7e Opet Kad\u0131n Voleybol Tak\u0131m\u0131m\u0131z ile A Milli Kad\u0131n Voleybol Tak\u0131m\u0131m\u0131z\u0131n pas\u00f6r\u00fc Naz Aydemir Akyol, Uluslararas\u0131 Voleybol Federasyonu FIVB taraf\u0131ndan \"Son 10 Y\u0131l\u0131n En \u0130yi 100 Oyuncusu\" listesine se\u00e7ildi. FIVB'nin resmi internet sitesinde \u201cSporcu Bir Aileyi Gururland\u0131rmak\u201d ba\u015fl\u0131\u011f\u0131yla duyurulan haberde Naz Aydemir Akyol\u2019un ba\u015far\u0131lar\u0131na ve voleybol kariyerine yer verildi. Ailesi\u2026","rel":"","context":"&quot;Haberler&quot; i\u00e7inde","block_context":{"text":"Haberler","link":"https:\/\/sarimelekler.biz\/?cat=7"},"img":{"alt_text":"","src":"https:\/\/i0.wp.com\/sarimelekler.biz\/wp-content\/uploads\/2021\/03\/1.jpg?resize=350%2C200&ssl=1","width":350,"height":200,"srcset":"https:\/\/i0.wp.com\/sarimelekler.biz\/wp-content\/uploads\/2021\/03\/1.jpg?resize=350%2C200&ssl=1 1x, https:\/\/i0.wp.com\/sarimelekler.biz\/wp-content\/uploads\/2021\/03\/1.jpg?resize=525%2C300&ssl=1 1.5x, https:\/\/i0.wp.com\/sarimelekler.biz\/wp-content\/uploads\/2021\/03\/1.jpg?resize=700%2C400&ssl=1 2x"},"classes":[]}],"_links":{"self":[{"href":"https:\/\/sarimelekler.biz\/index.php?rest_route=\/wp\/v2\/posts\/11907","targetHints":{"allow":["GET"]}}],"collection":[{"href":"https:\/\/sarimelekler.biz\/index.php?rest_route=\/wp\/v2\/posts"}],"about":[{"href":"https:\/\/sarimelekler.biz\/index.php?rest_route=\/wp\/v2\/types\/post"}],"author":[{"embeddable":true,"href":"https:\/\/sarimelekler.biz\/index.php?rest_route=\/wp\/v2\/users\/1"}],"replies":[{"embeddable":true,"href":"https:\/\/sarimelekler.biz\/index.php?rest_route=%2Fwp%2Fv2%2Fcomments&post=11907"}],"version-history":[{"count":2,"href":"https:\/\/sarimelekler.biz\/index.php?rest_route=\/wp\/v2\/posts\/11907\/revisions"}],"predecessor-version":[{"id":11914,"href":"https:\/\/sarimelekler.biz\/index.php?rest_route=\/wp\/v2\/posts\/11907\/revisions\/11914"}],"wp:featuredmedia":[{"embeddable":true,"href":"https:\/\/sarimelekler.biz\/index.php?rest_route=\/wp\/v2\/media\/11912"}],"wp:attachment":[{"href":"https:\/\/sarimelekler.biz\/index.php?rest_route=%2Fwp%2Fv2%2Fmedia&parent=11907"}],"wp:term":[{"taxonomy":"category","embeddable":true,"href":"https:\/\/sarimelekler.biz\/index.php?rest_route=%2Fwp%2Fv2%2Fcategories&post=11907"},{"taxonomy":"post_tag","embeddable":true,"href":"https:\/\/sarimelekler.biz\/index.php?rest_route=%2Fwp%2Fv2%2Ftags&post=11907"}],"curies":[{"name":"wp","href":"https:\/\/api.w.org\/{rel}","templated":true}]}}