{"id":11941,"date":"2019-10-11T00:37:07","date_gmt":"2019-10-10T21:37:07","guid":{"rendered":"http:\/\/sarimelekler.biz\/?p=11941"},"modified":"2019-10-11T00:37:13","modified_gmt":"2019-10-10T21:37:13","slug":"sari-melekler-winwin-kampanyasi-kapsaminda-cem-yilmaz-gosterisine-katildi","status":"publish","type":"post","link":"https:\/\/sarimelekler.biz\/?p=11941","title":{"rendered":"Sar\u0131 Melekler WinWin Kampanyas\u0131 Kapsam\u0131nda Cem Y\u0131lmaz G\u00f6sterisine Kat\u0131ld\u0131."},"content":{"rendered":"<p style=\"text-align: justify;\">Fener Ol kampanyas\u0131 kapsam\u0131nda hayata ge\u00e7irilen WinWin projesinde yer alan Cem Y\u0131lmaz g\u00f6sterisinde Fenerbah\u00e7e ailesi bir araya geldi. 1907 ki\u015filik g\u00f6steride Fenerbah\u00e7e ailesinin bir\u00e7ok ferdi g\u00f6steriyi izleyenler aras\u0131nda yer ald\u0131.<\/p>\n<p style=\"text-align: justify;\">Fenerbah\u00e7e\u2019nin mali ba\u011f\u0131ms\u0131zl\u0131\u011f\u0131na kavu\u015fmak i\u00e7in at\u0131lan en \u00f6nemli ad\u0131mlardan biri olarak Nisan ay\u0131nda ba\u015flat\u0131lan ve devam eden Fener Ol kampanyas\u0131n\u0131n Cem Y\u0131lmaz \u00f6d\u00fcl\u00fcn\u00fcn talihlileri, \u00fcnl\u00fc komedyenin Fenerbah\u00e7eliler i\u00e7in d\u00fczenledi\u011fi g\u00f6steride bir araya geldi.<\/p>\n<p style=\"text-align: justify;\">WinWin talihlilerinin yer ald\u0131\u011f\u0131 g\u00f6steride; Fenerbah\u00e7e Spor Kul\u00fcb\u00fc Ba\u015fkan Yard\u0131mc\u0131s\u0131 Burhan Kara\u00e7am, Fenerbah\u00e7e Y\u00f6netim Kurulu \u00dcyelerimiz Erol Bilecik, Simla T\u00fcrker Bayaz\u0131t, Turhan \u015eahin, Alper Pir\u015fen, Burak \u00c7a\u011flan K\u0131z\u0131lhan, Kemal Danaba\u015f, Fethi Pekin, Selahattin Baki, \u00d6mer Okan, Sevil Becan, \u0130lker Din\u00e7ay, Nazl\u0131 Ercan ile Kad\u0131n voleybol tak\u0131m\u0131m\u0131z Fenerbah\u00e7e Opet\u2019ten Fatma Y\u0131ld\u0131r\u0131m, Melis Y\u0131lmaz, S\u0131la \u00c7al\u0131\u015fkan, Ceren Kestireng\u00f6z ve Beliz Ba\u015fk\u0131r kat\u0131ld\u0131.<\/p>\n\n\t\t<style type=\"text\/css\">\n\t\t\t#gallery-1 {\n\t\t\t\tmargin: auto;\n\t\t\t}\n\t\t\t#gallery-1 .gallery-item {\n\t\t\t\tfloat: left;\n\t\t\t\tmargin-top: 10px;\n\t\t\t\ttext-align: center;\n\t\t\t\twidth: 33%;\n\t\t\t}\n\t\t\t#gallery-1 img {\n\t\t\t\tborder: 2px solid #cfcfcf;\n\t\t\t}\n\t\t\t#gallery-1 .gallery-caption {\n\t\t\t\tmargin-left: 0;\n\t\t\t}\n\t\t\t\/* see gallery_shortcode() in wp-includes\/media.php *\/\n\t\t<\/style>\n\t\t<div data-carousel-extra='{&quot;blog_id&quot;:1,&quot;permalink&quot;:&quot;https:\/\/sarimelekler.biz\/?p=11941&quot;}' id='gallery-1' class='gallery galleryid-11941 gallery-columns-3 gallery-size-thumbnail'><dl class='gallery-item'>\n\t\t\t<dt class='gallery-icon landscape'>\n\t\t\t\t<a href='https:\/\/sarimelekler.biz\/?attachment_id=11942'><img loading=\"lazy\" decoding=\"async\" width=\"150\" height=\"150\" src=\"https:\/\/sarimelekler.biz\/wp-content\/uploads\/2019\/10\/1-150x150.jpg\" class=\"attachment-thumbnail size-thumbnail\" alt=\"\" data-attachment-id=\"11942\" data-permalink=\"https:\/\/sarimelekler.biz\/?attachment_id=11942\" data-orig-file=\"https:\/\/sarimelekler.biz\/wp-content\/uploads\/2019\/10\/1.jpg\" data-orig-size=\"3000,2073\" data-comments-opened=\"0\" data-image-meta=\"{&quot;aperture&quot;:&quot;2.8&quot;,&quot;credit&quot;:&quot;TOLGA OVALI&quot;,&quot;camera&quot;:&quot;Canon EOS-1D X Mark II&quot;,&quot;caption&quot;:&quot;&quot;,&quot;created_timestamp&quot;:&quot;1570653612&quot;,&quot;copyright&quot;:&quot;fenerbahcedergisi\/org&quot;,&quot;focal_length&quot;:&quot;28&quot;,&quot;iso&quot;:&quot;500&quot;,&quot;shutter_speed&quot;:&quot;0.01&quot;,&quot;title&quot;:&quot;&quot;,&quot;orientation&quot;:&quot;1&quot;}\" data-image-title=\"WinWin Cem Y\u0131lmaz 1\" data-image-description=\"\" data-image-caption=\"\" data-large-file=\"https:\/\/sarimelekler.biz\/wp-content\/uploads\/2019\/10\/1-1024x708.jpg\" \/><\/a>\n\t\t\t<\/dt><\/dl><dl class='gallery-item'>\n\t\t\t<dt class='gallery-icon landscape'>\n\t\t\t\t<a href='https:\/\/sarimelekler.biz\/?attachment_id=11943'><img loading=\"lazy\" decoding=\"async\" width=\"150\" height=\"150\" src=\"https:\/\/sarimelekler.biz\/wp-content\/uploads\/2019\/10\/2-150x150.jpg\" class=\"attachment-thumbnail size-thumbnail\" alt=\"\" data-attachment-id=\"11943\" data-permalink=\"https:\/\/sarimelekler.biz\/?attachment_id=11943\" data-orig-file=\"https:\/\/sarimelekler.biz\/wp-content\/uploads\/2019\/10\/2.jpg\" data-orig-size=\"3000,2948\" data-comments-opened=\"0\" data-image-meta=\"{&quot;aperture&quot;:&quot;2.8&quot;,&quot;credit&quot;:&quot;TOLGA OVALI&quot;,&quot;camera&quot;:&quot;Canon EOS-1D X Mark II&quot;,&quot;caption&quot;:&quot;&quot;,&quot;created_timestamp&quot;:&quot;1570653704&quot;,&quot;copyright&quot;:&quot;fenerbahcedergisi\/org&quot;,&quot;focal_length&quot;:&quot;28&quot;,&quot;iso&quot;:&quot;500&quot;,&quot;shutter_speed&quot;:&quot;0.01&quot;,&quot;title&quot;:&quot;&quot;,&quot;orientation&quot;:&quot;1&quot;}\" data-image-title=\"WinWin Cem Y\u0131lmaz 2\" data-image-description=\"\" data-image-caption=\"\" data-large-file=\"https:\/\/sarimelekler.biz\/wp-content\/uploads\/2019\/10\/2-1024x1006.jpg\" \/><\/a>\n\t\t\t<\/dt><\/dl><dl class='gallery-item'>\n\t\t\t<dt class='gallery-icon portrait'>\n\t\t\t\t<a href='https:\/\/sarimelekler.biz\/?attachment_id=11944'><img loading=\"lazy\" decoding=\"async\" width=\"150\" height=\"150\" src=\"https:\/\/sarimelekler.biz\/wp-content\/uploads\/2019\/10\/3-150x150.jpg\" class=\"attachment-thumbnail size-thumbnail\" alt=\"\" data-attachment-id=\"11944\" data-permalink=\"https:\/\/sarimelekler.biz\/?attachment_id=11944\" data-orig-file=\"https:\/\/sarimelekler.biz\/wp-content\/uploads\/2019\/10\/3.jpg\" data-orig-size=\"3000,3165\" data-comments-opened=\"0\" data-image-meta=\"{&quot;aperture&quot;:&quot;2.8&quot;,&quot;credit&quot;:&quot;TOLGA OVALI&quot;,&quot;camera&quot;:&quot;Canon EOS-1D X Mark II&quot;,&quot;caption&quot;:&quot;&quot;,&quot;created_timestamp&quot;:&quot;1570653998&quot;,&quot;copyright&quot;:&quot;fenerbahcedergisi\/org&quot;,&quot;focal_length&quot;:&quot;21&quot;,&quot;iso&quot;:&quot;500&quot;,&quot;shutter_speed&quot;:&quot;0.01&quot;,&quot;title&quot;:&quot;&quot;,&quot;orientation&quot;:&quot;1&quot;}\" data-image-title=\"WinWin Cem Y\u0131lmaz 3\" data-image-description=\"\" data-image-caption=\"\" data-large-file=\"https:\/\/sarimelekler.biz\/wp-content\/uploads\/2019\/10\/3-971x1024.jpg\" \/><\/a>\n\t\t\t<\/dt><\/dl><br style=\"clear: both\" \/><dl class='gallery-item'>\n\t\t\t<dt class='gallery-icon landscape'>\n\t\t\t\t<a href='https:\/\/sarimelekler.biz\/?attachment_id=11945'><img loading=\"lazy\" decoding=\"async\" width=\"150\" height=\"150\" src=\"https:\/\/sarimelekler.biz\/wp-content\/uploads\/2019\/10\/5-150x150.jpg\" class=\"attachment-thumbnail size-thumbnail\" alt=\"\" data-attachment-id=\"11945\" data-permalink=\"https:\/\/sarimelekler.biz\/?attachment_id=11945\" data-orig-file=\"https:\/\/sarimelekler.biz\/wp-content\/uploads\/2019\/10\/5.jpg\" data-orig-size=\"3000,2449\" data-comments-opened=\"0\" data-image-meta=\"{&quot;aperture&quot;:&quot;2.8&quot;,&quot;credit&quot;:&quot;TOLGA OVALI&quot;,&quot;camera&quot;:&quot;Canon EOS-1D X Mark II&quot;,&quot;caption&quot;:&quot;&quot;,&quot;created_timestamp&quot;:&quot;1570664045&quot;,&quot;copyright&quot;:&quot;fenerbahcedergisi\/org&quot;,&quot;focal_length&quot;:&quot;16&quot;,&quot;iso&quot;:&quot;500&quot;,&quot;shutter_speed&quot;:&quot;0.01&quot;,&quot;title&quot;:&quot;&quot;,&quot;orientation&quot;:&quot;1&quot;}\" data-image-title=\"WinWin Cem Y\u0131lmaz 5\" data-image-description=\"\" data-image-caption=\"\" data-large-file=\"https:\/\/sarimelekler.biz\/wp-content\/uploads\/2019\/10\/5-1024x836.jpg\" \/><\/a>\n\t\t\t<\/dt><\/dl><dl class='gallery-item'>\n\t\t\t<dt class='gallery-icon landscape'>\n\t\t\t\t<a href='https:\/\/sarimelekler.biz\/?attachment_id=11946'><img loading=\"lazy\" decoding=\"async\" width=\"150\" height=\"150\" src=\"https:\/\/sarimelekler.biz\/wp-content\/uploads\/2019\/10\/4-150x150.jpg\" class=\"attachment-thumbnail size-thumbnail\" alt=\"\" data-attachment-id=\"11946\" data-permalink=\"https:\/\/sarimelekler.biz\/?attachment_id=11946\" data-orig-file=\"https:\/\/sarimelekler.biz\/wp-content\/uploads\/2019\/10\/4.jpg\" data-orig-size=\"3000,2271\" data-comments-opened=\"0\" data-image-meta=\"{&quot;aperture&quot;:&quot;2.8&quot;,&quot;credit&quot;:&quot;TOLGA OVALI&quot;,&quot;camera&quot;:&quot;Canon EOS-1D X Mark II&quot;,&quot;caption&quot;:&quot;&quot;,&quot;created_timestamp&quot;:&quot;1570664023&quot;,&quot;copyright&quot;:&quot;fenerbahcedergisi\/org&quot;,&quot;focal_length&quot;:&quot;18&quot;,&quot;iso&quot;:&quot;500&quot;,&quot;shutter_speed&quot;:&quot;0.01&quot;,&quot;title&quot;:&quot;&quot;,&quot;orientation&quot;:&quot;1&quot;}\" data-image-title=\"WinWin Cem Y\u0131lmaz 4\" data-image-description=\"\" data-image-caption=\"\" data-large-file=\"https:\/\/sarimelekler.biz\/wp-content\/uploads\/2019\/10\/4-1024x775.jpg\" \/><\/a>\n\t\t\t<\/dt><\/dl><dl class='gallery-item'>\n\t\t\t<dt class='gallery-icon landscape'>\n\t\t\t\t<a href='https:\/\/sarimelekler.biz\/?attachment_id=11947'><img loading=\"lazy\" decoding=\"async\" width=\"150\" height=\"150\" src=\"https:\/\/sarimelekler.biz\/wp-content\/uploads\/2019\/10\/6-150x150.jpg\" class=\"attachment-thumbnail size-thumbnail\" alt=\"\" data-attachment-id=\"11947\" data-permalink=\"https:\/\/sarimelekler.biz\/?attachment_id=11947\" data-orig-file=\"https:\/\/sarimelekler.biz\/wp-content\/uploads\/2019\/10\/6.jpg\" data-orig-size=\"3000,1900\" data-comments-opened=\"0\" data-image-meta=\"{&quot;aperture&quot;:&quot;2.8&quot;,&quot;credit&quot;:&quot;TOLGA OVALI&quot;,&quot;camera&quot;:&quot;Canon EOS-1D X Mark II&quot;,&quot;caption&quot;:&quot;&quot;,&quot;created_timestamp&quot;:&quot;1570662205&quot;,&quot;copyright&quot;:&quot;fenerbahcedergisi\/org&quot;,&quot;focal_length&quot;:&quot;35&quot;,&quot;iso&quot;:&quot;1000&quot;,&quot;shutter_speed&quot;:&quot;0.008&quot;,&quot;title&quot;:&quot;&quot;,&quot;orientation&quot;:&quot;1&quot;}\" data-image-title=\"WinWin Cem Y\u0131lmaz 6\" data-image-description=\"\" data-image-caption=\"\" data-large-file=\"https:\/\/sarimelekler.biz\/wp-content\/uploads\/2019\/10\/6-1024x649.jpg\" \/><\/a>\n\t\t\t<\/dt><\/dl><br style=\"clear: both\" \/>\n\t\t<\/div>\n\n\n\t\t<style type=\"text\/css\">\n\t\t\t#gallery-2 {\n\t\t\t\tmargin: auto;\n\t\t\t}\n\t\t\t#gallery-2 .gallery-item {\n\t\t\t\tfloat: left;\n\t\t\t\tmargin-top: 10px;\n\t\t\t\ttext-align: center;\n\t\t\t\twidth: 100%;\n\t\t\t}\n\t\t\t#gallery-2 img {\n\t\t\t\tborder: 2px solid #cfcfcf;\n\t\t\t}\n\t\t\t#gallery-2 .gallery-caption {\n\t\t\t\tmargin-left: 0;\n\t\t\t}\n\t\t\t\/* see gallery_shortcode() in wp-includes\/media.php *\/\n\t\t<\/style>\n\t\t<div data-carousel-extra='{&quot;blog_id&quot;:1,&quot;permalink&quot;:&quot;https:\/\/sarimelekler.biz\/?p=11941&quot;}' id='gallery-2' class='gallery galleryid-11941 gallery-columns-1 gallery-size-large'><dl class='gallery-item'>\n\t\t\t<dt class='gallery-icon landscape'>\n\t\t\t\t<a href='https:\/\/sarimelekler.biz\/?attachment_id=11948'><img loading=\"lazy\" decoding=\"async\" width=\"860\" height=\"573\" src=\"https:\/\/sarimelekler.biz\/wp-content\/uploads\/2019\/10\/WinWin-Cem-Y\u0131lmaz-7-1024x682.jpg\" class=\"attachment-large size-large\" alt=\"\" srcset=\"https:\/\/sarimelekler.biz\/wp-content\/uploads\/2019\/10\/WinWin-Cem-Y\u0131lmaz-7-1024x682.jpg 1024w, https:\/\/sarimelekler.biz\/wp-content\/uploads\/2019\/10\/WinWin-Cem-Y\u0131lmaz-7-300x200.jpg 300w, https:\/\/sarimelekler.biz\/wp-content\/uploads\/2019\/10\/WinWin-Cem-Y\u0131lmaz-7-768x511.jpg 768w, https:\/\/sarimelekler.biz\/wp-content\/uploads\/2019\/10\/WinWin-Cem-Y\u0131lmaz-7-150x100.jpg 150w\" sizes=\"auto, (max-width: 860px) 100vw, 860px\" data-attachment-id=\"11948\" data-permalink=\"https:\/\/sarimelekler.biz\/?attachment_id=11948\" data-orig-file=\"https:\/\/sarimelekler.biz\/wp-content\/uploads\/2019\/10\/WinWin-Cem-Y\u0131lmaz-7.jpg\" data-orig-size=\"3000,1998\" data-comments-opened=\"0\" data-image-meta=\"{&quot;aperture&quot;:&quot;2.8&quot;,&quot;credit&quot;:&quot;TOLGA OVALI&quot;,&quot;camera&quot;:&quot;Canon EOS-1D X Mark II&quot;,&quot;caption&quot;:&quot;&quot;,&quot;created_timestamp&quot;:&quot;1570663773&quot;,&quot;copyright&quot;:&quot;fenerbahcedergisi\/org&quot;,&quot;focal_length&quot;:&quot;20&quot;,&quot;iso&quot;:&quot;500&quot;,&quot;shutter_speed&quot;:&quot;0.01&quot;,&quot;title&quot;:&quot;&quot;,&quot;orientation&quot;:&quot;1&quot;}\" data-image-title=\"WinWin Cem Y\u0131lmaz (7)\" data-image-description=\"\" data-image-caption=\"\" data-large-file=\"https:\/\/sarimelekler.biz\/wp-content\/uploads\/2019\/10\/WinWin-Cem-Y\u0131lmaz-7-1024x682.jpg\" \/><\/a>\n\t\t\t<\/dt><\/dl><br style=\"clear: both\" \/>\n\t\t<\/div>\n\n<p style=\"text-align: right;\">10.10.2019<\/p>\n<p>Kaynak:\u00a0<a href=\"https:\/\/www.fenerbahce.org\/haberler\/kulup\/2019\/10\/fenerbahce-ailesi-cem-yilmaz-da-bulustu\" target=\"_blank\" rel=\"noopener noreferrer\">Fenerbah\u00e7e SK Resmi \u0130nternet Sitesi<\/a><\/p>\n<p style=\"text-align: right;\">\n","protected":false},"excerpt":{"rendered":"<p>Fener Ol kampanyas\u0131 kapsam\u0131nda hayata ge\u00e7irilen WinWin projesinde yer alan \u2026 <a class=\"continue-reading-link\" href=\"https:\/\/sarimelekler.biz\/?p=11941\">Okumaya Devam Et.. <span class=\"meta-nav\">&rarr; <\/span><\/a><\/p>\n","protected":false},"author":1,"featured_media":11942,"comment_status":"closed","ping_status":"open","sticky":false,"template":"","format":"standard","meta":{"jetpack_post_was_ever_published":false,"_jetpack_newsletter_access":"","_jetpack_dont_email_post_to_subs":false,"_jetpack_newsletter_tier_id":0,"_jetpack_memberships_contains_paywalled_content":false,"_jetpack_memberships_contains_paid_content":false,"footnotes":"","jetpack_publicize_message":"","jetpack_publicize_feature_enabled":true,"jetpack_social_post_already_shared":true,"jetpack_social_options":{"image_generator_settings":{"template":"highway","default_image_id":0,"font":"","enabled":false},"version":2}},"categories":[7],"tags":[],"class_list":["post-11941","post","type-post","status-publish","format-standard","has-post-thumbnail","hentry","category-haberler"],"jetpack_publicize_connections":[],"jetpack_featured_media_url":"https:\/\/sarimelekler.biz\/wp-content\/uploads\/2019\/10\/1.jpg","jetpack_sharing_enabled":true,"jetpack_shortlink":"https:\/\/wp.me\/p8npUZ-36B","jetpack-related-posts":[{"id":15978,"url":"https:\/\/sarimelekler.biz\/?p=15978","url_meta":{"origin":11941,"position":0},"title":"Kad\u0131n Voleybol Tak\u0131mlar\u0131m\u0131z Topuk Yaylas\u0131 Tesislerimizde \u00c7al\u0131\u015fmalara Ba\u015fl\u0131yor","author":"Edit\u00f6r","date":"17 A\u011fustos 2021","format":false,"excerpt":"Fenerbah\u00e7e Opet Kad\u0131n Voleybol Tak\u0131m\u0131m\u0131z, 1.Lig Fenerbah\u00e7e Terrazzo Kad\u0131n Voleybol Tak\u0131m\u0131m\u0131z ve 2.Lig Kad\u0131n Voleybol Tak\u0131m\u0131m\u0131z bug\u00fcn itibar\u0131yla sezon haz\u0131rl\u0131klar\u0131 i\u00e7in D\u00fczce\u2019nin Kayna\u015fl\u0131 il\u00e7esinde bulunan Serkan Acar Resort&Sport Topuk Yaylas\u0131 Tesislerine gitti. Tak\u0131mlar\u0131m\u0131z bir hafta s\u00fcreyle \u00e7al\u0131\u015fmalar\u0131n\u0131 s\u00fcrd\u00fcrecek. Fenerbah\u00e7e Opet Kad\u0131n Voleybol Tak\u0131m\u0131m\u0131zda, Milli Tak\u0131mlarda bulunan oyuncular ve ba\u015fantren\u00f6r\u00fcm\u00fcz yoklu\u011funda,\u2026","rel":"","context":"&quot;Haberler&quot; i\u00e7inde","block_context":{"text":"Haberler","link":"https:\/\/sarimelekler.biz\/?cat=7"},"img":{"alt_text":"","src":"https:\/\/i0.wp.com\/sarimelekler.biz\/wp-content\/uploads\/2021\/08\/Topuk-Yaylasi-21-22-1.jpg?resize=350%2C200&ssl=1","width":350,"height":200,"srcset":"https:\/\/i0.wp.com\/sarimelekler.biz\/wp-content\/uploads\/2021\/08\/Topuk-Yaylasi-21-22-1.jpg?resize=350%2C200&ssl=1 1x, https:\/\/i0.wp.com\/sarimelekler.biz\/wp-content\/uploads\/2021\/08\/Topuk-Yaylasi-21-22-1.jpg?resize=525%2C300&ssl=1 1.5x, https:\/\/i0.wp.com\/sarimelekler.biz\/wp-content\/uploads\/2021\/08\/Topuk-Yaylasi-21-22-1.jpg?resize=700%2C400&ssl=1 2x, https:\/\/i0.wp.com\/sarimelekler.biz\/wp-content\/uploads\/2021\/08\/Topuk-Yaylasi-21-22-1.jpg?resize=1050%2C600&ssl=1 3x, https:\/\/i0.wp.com\/sarimelekler.biz\/wp-content\/uploads\/2021\/08\/Topuk-Yaylasi-21-22-1.jpg?resize=1400%2C800&ssl=1 4x"},"classes":[]},{"id":16126,"url":"https:\/\/sarimelekler.biz\/?p=16126","url_meta":{"origin":11941,"position":1},"title":"Fenerbah\u00e7e Opet, Yeni Sezon \u00d6ncesi Rita Moda\u2019da Moral Yeme\u011finde Bir Araya Geldi","author":"Edit\u00f6r","date":"3 Ekim 2021","format":false,"excerpt":"Fenerbah\u00e7e Opet Kad\u0131n Voleybol Tak\u0131m\u0131m\u0131z, Fenerbah\u00e7elili\u011fiyle yak\u0131ndan tan\u0131d\u0131\u011f\u0131m\u0131z oyuncu \u0130lker Ayr\u0131k'\u0131n Kad\u0131k\u00f6y Moda'da bulunan Rita Moda'da organize edilen yemekte bir araya geldi. Ba\u015fkan\u0131m\u0131z Ali Y. Ko\u00e7 ve Y\u00f6netim Kurulu \u00dcyemiz Simla T\u00fcrker Bayaz\u0131t'\u0131n da yer ald\u0131\u011f\u0131 yemekte, Sar\u0131 Melekler yeni sezon \u00f6ncesi moral depolad\u0131.\u00a0 \u0130lker Ayr\u0131k ve e\u015fi Sanem Ayr\u0131k'\u0131n\u2026","rel":"","context":"&quot;Haberler&quot; i\u00e7inde","block_context":{"text":"Haberler","link":"https:\/\/sarimelekler.biz\/?cat=7"},"img":{"alt_text":"","src":"https:\/\/i0.wp.com\/sarimelekler.biz\/wp-content\/uploads\/2021\/10\/Moral-Yemegi-10.jpg?resize=350%2C200&ssl=1","width":350,"height":200,"srcset":"https:\/\/i0.wp.com\/sarimelekler.biz\/wp-content\/uploads\/2021\/10\/Moral-Yemegi-10.jpg?resize=350%2C200&ssl=1 1x, https:\/\/i0.wp.com\/sarimelekler.biz\/wp-content\/uploads\/2021\/10\/Moral-Yemegi-10.jpg?resize=525%2C300&ssl=1 1.5x, https:\/\/i0.wp.com\/sarimelekler.biz\/wp-content\/uploads\/2021\/10\/Moral-Yemegi-10.jpg?resize=700%2C400&ssl=1 2x, https:\/\/i0.wp.com\/sarimelekler.biz\/wp-content\/uploads\/2021\/10\/Moral-Yemegi-10.jpg?resize=1050%2C600&ssl=1 3x, https:\/\/i0.wp.com\/sarimelekler.biz\/wp-content\/uploads\/2021\/10\/Moral-Yemegi-10.jpg?resize=1400%2C800&ssl=1 4x"},"classes":[]},{"id":17703,"url":"https:\/\/sarimelekler.biz\/?p=17703","url_meta":{"origin":11941,"position":2},"title":"Sar\u0131 Melekler Moral Yeme\u011finde Bir Araya Geldi","author":"Edit\u00f6r","date":"12 Nisan 2022","format":false,"excerpt":"Fenerbah\u00e7e Opet Kad\u0131n Voleybol Tak\u0131m\u0131m\u0131z, AXA Sigorta Kupa Voley\u2019de Eczac\u0131ba\u015f\u0131 Dynavit ile oynayaca\u011f\u0131 kar\u015f\u0131la\u015fma \u00f6ncesi moral yeme\u011finde bir araya geldi. Y\u00f6netim Kurulu \u00dcyemiz Simla T\u00fcrker Bayaz\u0131t\u2019\u0131n da kat\u0131ld\u0131\u011f\u0131 yemek organizasyonunda, Sportif Direkt\u00f6r\u00fcm\u00fcz Dariusz Stanicki, Tak\u0131m Menajerimiz Pelin \u00c7elik, teknik ekibimiz ve oyuncular\u0131m\u0131z yer ald\u0131. \u00a0 Kaynak:\u00a0Fenerbah\u00e7e SK Resmi \u0130nternet Sitesi\u2026","rel":"","context":"&quot;Haberler&quot; i\u00e7inde","block_context":{"text":"Haberler","link":"https:\/\/sarimelekler.biz\/?cat=7"},"img":{"alt_text":"","src":"https:\/\/i0.wp.com\/sarimelekler.biz\/wp-content\/uploads\/2022\/04\/Moral-Yemegi-21-22-2.jpg?resize=350%2C200&ssl=1","width":350,"height":200,"srcset":"https:\/\/i0.wp.com\/sarimelekler.biz\/wp-content\/uploads\/2022\/04\/Moral-Yemegi-21-22-2.jpg?resize=350%2C200&ssl=1 1x, https:\/\/i0.wp.com\/sarimelekler.biz\/wp-content\/uploads\/2022\/04\/Moral-Yemegi-21-22-2.jpg?resize=525%2C300&ssl=1 1.5x, https:\/\/i0.wp.com\/sarimelekler.biz\/wp-content\/uploads\/2022\/04\/Moral-Yemegi-21-22-2.jpg?resize=700%2C400&ssl=1 2x, https:\/\/i0.wp.com\/sarimelekler.biz\/wp-content\/uploads\/2022\/04\/Moral-Yemegi-21-22-2.jpg?resize=1050%2C600&ssl=1 3x, https:\/\/i0.wp.com\/sarimelekler.biz\/wp-content\/uploads\/2022\/04\/Moral-Yemegi-21-22-2.jpg?resize=1400%2C800&ssl=1 4x"},"classes":[]},{"id":10966,"url":"https:\/\/sarimelekler.biz\/?p=10966","url_meta":{"origin":11941,"position":3},"title":"Sar\u0131 Melekler kahvalt\u0131da y\u00f6neticilerimizle bir araya geldi","author":"Edit\u00f6r","date":"19 Nisan 2019","format":false,"excerpt":"Fenerbah\u00e7e Opet Kad\u0131n Voleybol Tak\u0131m\u0131m\u0131z, kul\u00fcb\u00fcm\u00fcz\u00fcn Faruk Ilgaz Tesislerinde organize edilen kahvalt\u0131da y\u00f6neticilerimizle bir araya geldi. Y\u00f6netim Kurulu \u00dcyelerimiz Simla T\u00fcrker Bayaz\u0131t ile \u0130lker Din\u00e7ay\u2019\u0131n yan\u0131 s\u0131ra; Fenerbah\u00e7e Opet oyuncular\u0131 ve teknik heyetinin yer ald\u0131\u011f\u0131 kahvalt\u0131 s\u0131cak ve samimi ortamda ger\u00e7ekle\u015ftirildi. Tak\u0131m\u0131m\u0131z Vestel Venus Sultanlar Ligi \u00fc\u00e7\u00fcnc\u00fcl\u00fck, d\u00f6rd\u00fcnc\u00fcl\u00fck serisi ilk\u2026","rel":"","context":"&quot;Haberler&quot; i\u00e7inde","block_context":{"text":"Haberler","link":"https:\/\/sarimelekler.biz\/?cat=7"},"img":{"alt_text":"","src":"https:\/\/i0.wp.com\/sarimelekler.biz\/wp-content\/uploads\/2019\/04\/Kahvalt%C4%B1-5.jpg?resize=350%2C200&ssl=1","width":350,"height":200,"srcset":"https:\/\/i0.wp.com\/sarimelekler.biz\/wp-content\/uploads\/2019\/04\/Kahvalt%C4%B1-5.jpg?resize=350%2C200&ssl=1 1x, https:\/\/i0.wp.com\/sarimelekler.biz\/wp-content\/uploads\/2019\/04\/Kahvalt%C4%B1-5.jpg?resize=525%2C300&ssl=1 1.5x, https:\/\/i0.wp.com\/sarimelekler.biz\/wp-content\/uploads\/2019\/04\/Kahvalt%C4%B1-5.jpg?resize=700%2C400&ssl=1 2x, https:\/\/i0.wp.com\/sarimelekler.biz\/wp-content\/uploads\/2019\/04\/Kahvalt%C4%B1-5.jpg?resize=1050%2C600&ssl=1 3x, https:\/\/i0.wp.com\/sarimelekler.biz\/wp-content\/uploads\/2019\/04\/Kahvalt%C4%B1-5.jpg?resize=1400%2C800&ssl=1 4x"},"classes":[]},{"id":16062,"url":"https:\/\/sarimelekler.biz\/?p=16062","url_meta":{"origin":11941,"position":4},"title":"Kul\u00fcb\u00fcm\u00fcz, Olimpiyat Gururunu Ya\u015fatan Sporcular\u0131m\u0131za ve Ailelerine Verilen \u00d6zel Yemekte Bakan\u0131m\u0131z Dr. Mehmet Muharrem Kasapo\u011flu&#8217;nu A\u011f\u0131rlad\u0131","author":"Edit\u00f6r","date":"23 Eyl\u00fcl 2021","format":false,"excerpt":"Kul\u00fcb\u00fcm\u00fcz, Gen\u00e7lik ve Spor Bakan\u0131m\u0131z Dr. Mehmet Muharrem Kasao\u011flu\u2019nu a\u011f\u0131rlad\u0131\u011f\u0131 Fenerbah\u00e7e Faruk Ilgaz Tesisleri\u2019ndeki organizasyonda, 2020 Tokyo Olimpiyatlar\u0131\u2019nda m\u00fccadele eden Fenerbah\u00e7eli milli sporcular\u0131m\u0131z ve aileleri ile bir araya geldi. Ba\u015fkan\u0131m\u0131z Ali Y. Ko\u00e7'un da yer ald\u0131\u011f\u0131 organizasyona 2020 Tokyo Olimpiyatlar\u0131\u2019nda \u00fclkemizi temsil eden boks\u00f6rlerimiz Buse Naz \u00c7ak\u0131ro\u011flu (\u00dclkemize Olimpiyatlarda kad\u0131n\u2026","rel":"","context":"&quot;Milli Tak\u0131m&quot; i\u00e7inde","block_context":{"text":"Milli Tak\u0131m","link":"https:\/\/sarimelekler.biz\/?cat=19"},"img":{"alt_text":"","src":"https:\/\/i0.wp.com\/sarimelekler.biz\/wp-content\/uploads\/2021\/09\/Olimpiyat-Yemegi-3.jpg?resize=350%2C200&ssl=1","width":350,"height":200,"srcset":"https:\/\/i0.wp.com\/sarimelekler.biz\/wp-content\/uploads\/2021\/09\/Olimpiyat-Yemegi-3.jpg?resize=350%2C200&ssl=1 1x, https:\/\/i0.wp.com\/sarimelekler.biz\/wp-content\/uploads\/2021\/09\/Olimpiyat-Yemegi-3.jpg?resize=525%2C300&ssl=1 1.5x, https:\/\/i0.wp.com\/sarimelekler.biz\/wp-content\/uploads\/2021\/09\/Olimpiyat-Yemegi-3.jpg?resize=700%2C400&ssl=1 2x, https:\/\/i0.wp.com\/sarimelekler.biz\/wp-content\/uploads\/2021\/09\/Olimpiyat-Yemegi-3.jpg?resize=1050%2C600&ssl=1 3x, https:\/\/i0.wp.com\/sarimelekler.biz\/wp-content\/uploads\/2021\/09\/Olimpiyat-Yemegi-3.jpg?resize=1400%2C800&ssl=1 4x"},"classes":[]},{"id":11959,"url":"https:\/\/sarimelekler.biz\/?p=11959","url_meta":{"origin":11941,"position":5},"title":"Fenerbah\u00e7e Opet Ve Fenerbah\u00e7e HDI Sigorta Bas\u0131n Mensuplar\u0131yla Bir Araya Geldi","author":"Edit\u00f6r","date":"12 Ekim 2019","format":false,"excerpt":"Fenerbah\u00e7e Opet Kad\u0131n ve Fenerbah\u00e7e HDI Erkek Voleybol Tak\u0131mlar\u0131m\u0131z, 2019-20 sezonu \u00f6ncesinde Derea\u011fz\u0131 Lefter K\u00fc\u00e7\u00fckandonyadis Tesislerimizde ger\u00e7ekle\u015ftirilen Medya G\u00fcn\u00fc\u2019nde bas\u0131n mensuplar\u0131yla bir araya geldi. Ev sahipli\u011fini, tak\u0131mlar\u0131m\u0131z\u0131n forma sponsoru Bilcee\u2019nin yapt\u0131\u011f\u0131 organizasyona; Ba\u015fkan\u0131m\u0131z Ali Ko\u00e7,\u00a0 Y\u00f6netim Kurulu \u00dcyelerimizden Simla T\u00fcrker Bayaz\u0131t ve \u0130lker Din\u00e7ay, Bilcee Group Y\u00f6netim Kurulu Ba\u015fkan\u0131 Hac\u0131\u2026","rel":"","context":"&quot;Haberler&quot; i\u00e7inde","block_context":{"text":"Haberler","link":"https:\/\/sarimelekler.biz\/?cat=7"},"img":{"alt_text":"","src":"https:\/\/i0.wp.com\/sarimelekler.biz\/wp-content\/uploads\/2019\/10\/Bilcee-Medya-G%C3%BCn%C3%BC-27.jpg?resize=350%2C200&ssl=1","width":350,"height":200,"srcset":"https:\/\/i0.wp.com\/sarimelekler.biz\/wp-content\/uploads\/2019\/10\/Bilcee-Medya-G%C3%BCn%C3%BC-27.jpg?resize=350%2C200&ssl=1 1x, https:\/\/i0.wp.com\/sarimelekler.biz\/wp-content\/uploads\/2019\/10\/Bilcee-Medya-G%C3%BCn%C3%BC-27.jpg?resize=525%2C300&ssl=1 1.5x, https:\/\/i0.wp.com\/sarimelekler.biz\/wp-content\/uploads\/2019\/10\/Bilcee-Medya-G%C3%BCn%C3%BC-27.jpg?resize=700%2C400&ssl=1 2x, https:\/\/i0.wp.com\/sarimelekler.biz\/wp-content\/uploads\/2019\/10\/Bilcee-Medya-G%C3%BCn%C3%BC-27.jpg?resize=1050%2C600&ssl=1 3x, https:\/\/i0.wp.com\/sarimelekler.biz\/wp-content\/uploads\/2019\/10\/Bilcee-Medya-G%C3%BCn%C3%BC-27.jpg?resize=1400%2C800&ssl=1 4x"},"classes":[]}],"_links":{"self":[{"href":"https:\/\/sarimelekler.biz\/index.php?rest_route=\/wp\/v2\/posts\/11941","targetHints":{"allow":["GET"]}}],"collection":[{"href":"https:\/\/sarimelekler.biz\/index.php?rest_route=\/wp\/v2\/posts"}],"about":[{"href":"https:\/\/sarimelekler.biz\/index.php?rest_route=\/wp\/v2\/types\/post"}],"author":[{"embeddable":true,"href":"https:\/\/sarimelekler.biz\/index.php?rest_route=\/wp\/v2\/users\/1"}],"replies":[{"embeddable":true,"href":"https:\/\/sarimelekler.biz\/index.php?rest_route=%2Fwp%2Fv2%2Fcomments&post=11941"}],"version-history":[{"count":1,"href":"https:\/\/sarimelekler.biz\/index.php?rest_route=\/wp\/v2\/posts\/11941\/revisions"}],"predecessor-version":[{"id":11949,"href":"https:\/\/sarimelekler.biz\/index.php?rest_route=\/wp\/v2\/posts\/11941\/revisions\/11949"}],"wp:featuredmedia":[{"embeddable":true,"href":"https:\/\/sarimelekler.biz\/index.php?rest_route=\/wp\/v2\/media\/11942"}],"wp:attachment":[{"href":"https:\/\/sarimelekler.biz\/index.php?rest_route=%2Fwp%2Fv2%2Fmedia&parent=11941"}],"wp:term":[{"taxonomy":"category","embeddable":true,"href":"https:\/\/sarimelekler.biz\/index.php?rest_route=%2Fwp%2Fv2%2Fcategories&post=11941"},{"taxonomy":"post_tag","embeddable":true,"href":"https:\/\/sarimelekler.biz\/index.php?rest_route=%2Fwp%2Fv2%2Ftags&post=11941"}],"curies":[{"name":"wp","href":"https:\/\/api.w.org\/{rel}","templated":true}]}}