{"id":11995,"date":"2019-10-12T02:24:05","date_gmt":"2019-10-11T23:24:05","guid":{"rendered":"http:\/\/sarimelekler.biz\/?p=11995"},"modified":"2019-10-12T02:24:10","modified_gmt":"2019-10-11T23:24:10","slug":"naz-mihajlovic-taraftarlarimizla-birlikte-sezona-galibiyetle-baslamak-istiyoruz","status":"publish","type":"post","link":"https:\/\/sarimelekler.biz\/?p=11995","title":{"rendered":"Naz &#038; Mihajlovic: Taraftarlar\u0131m\u0131zla Birlikte Sezona Galibiyetle Ba\u015flamak \u0130stiyoruz."},"content":{"rendered":"\n<p style=\"text-align: justify;\">Fenerbah\u00e7e Opet Kad\u0131n Voleybol Tak\u0131m\u0131m\u0131z, Sultanlar Ligi\u2019nin ilk ma\u00e7\u0131na \u00e7\u0131k\u0131yor. 12 Ekim Cumartesi g\u00fcn\u00fc saat 14.30\u2019da Burhan Felek Voleybol Salonu\u2019nda T\u00fcrk Hava Yollar\u0131 ile kar\u015f\u0131la\u015facak Sar\u0131 Melekler, ma\u00e7 \u00f6ncesi son antrenman\u0131n\u0131 yapt\u0131. Antrenman\u0131n ard\u0131ndan oyuncular\u0131m\u0131zdan Naz Aydemir Akyol ve Brankica Mihajlovic, yeni sezona ili\u015fkin d\u00fc\u015f\u00fcncelerini kul\u00fcb\u00fcm\u00fcz\u00fcn resmi insetrnet sitesine payla\u015ft\u0131.<\/p>\n<p style=\"text-align: justify;\"><strong>Naz Aydemir Akyol: \u015eampiyonluk Fenerbah\u00e7e\u2019de en b\u00fcy\u00fck hedeftir<\/strong><\/p>\n<p style=\"text-align: justify;\">Taraftar\u0131m\u0131z\u0131n \u00f6n\u00fcnde sezona galibiyetle ba\u015flamak istediklerini vurgulayan Naz Aydemir Akyol, \u201cAntrenmanlar olduk\u00e7a keyifli ge\u00e7ti. Yar\u0131n da sezonun ilk ma\u00e7\u0131na \u00e7\u0131kaca\u011f\u0131z. \u0130lk ma\u00e7lar her zaman keyiflidir. \u0130lk ma\u00e7larda s\u00fcrpriz sonu\u00e7lar \u00e7\u0131kabilir ama biz tecr\u00fcbeli bir tak\u0131m\u0131z. Bunun bilincindeyiz ve bu bilin\u00e7le ma\u00e7a \u00e7\u0131kaca\u011f\u0131z. Taraftar\u0131m\u0131z\u0131n \u00f6n\u00fcnde sezona galibiyetle ba\u015flamak istiyoruz. Umuyoruz ki bizi yar\u0131n yaln\u0131z b\u0131rakmayacaklard\u0131r. Her zaman oldu\u011fu gibi de \u015fampiyonluk Fenerbah\u00e7e\u2019de en b\u00fcy\u00fck hedeftir.\u201d dedi.<\/p>\n<p style=\"text-align: justify;\"><strong>Brankica Mihajlovic: Fenerbah\u00e7e ile oynamak taraftarlar\u0131m\u0131zla g\u00fczel<\/strong><\/p>\n<p style=\"text-align: justify;\">Brankica Mihajlovic ise, \u201cBir ayd\u0131r tak\u0131mla beraber \u00e7al\u0131\u015f\u0131yorum. Kendimi iyi hissediyorum ama T\u00fcrk Hava Yollar\u0131 da kuvvetli bir tak\u0131m. Sezonun ilk ma\u00e7\u0131 oldu\u011fu i\u00e7in adapte olmak ad\u0131na \u00e7ok kolay bir ma\u00e7 olmayacak ama iyiyiz. Ben her zaman elimden geleni yapaca\u011f\u0131m. Sadece ma\u00e7a konsantre oluyorum. Tak\u0131m olarak ligin ba\u015flamas\u0131 i\u00e7in sab\u0131rs\u0131zlan\u0131yorum. Umar\u0131m Burhan Felek\u2019te taraftar\u0131n\u0131z da bizimle olur ve g\u00fczel bir atmosfer sa\u011flar\u0131z. Fenerbah\u00e7e ile oynamak onlarla g\u00fczel.\u201d ifadelerini kulland\u0131.<\/p>\n<p style=\"text-align: justify;\"><strong>Antrenmandan Notlar:<\/strong><\/p>\n<p style=\"text-align: justify;\">Ba\u015fantren\u00f6r Zoran Terzic&#8217;in y\u00f6netiminde Burhan Felek Voleybol Salonu\u2019nda ger\u00e7ekle\u015ftirilen \u00e7al\u0131\u015fma saat 13.30\u2019da ba\u015flad\u0131. Is\u0131nma hareketleriyle ba\u015flayan antrenman, iki tak\u0131m halinde yap\u0131lan ma\u00e7la devam etti. \u0130dman, servis ve man\u015fet \u00e7al\u0131\u015fmas\u0131yla sona erdi.<\/p>\n<div class=\"tiled-gallery type-rectangular tiled-gallery-unresized\" data-original-width=\"860\" data-carousel-extra='{&quot;blog_id&quot;:1,&quot;permalink&quot;:&quot;https:\\\/\\\/sarimelekler.biz\\\/?p=11995&quot;,&quot;likes_blog_id&quot;:123791865}' itemscope itemtype=\"http:\/\/schema.org\/ImageGallery\" > <div class=\"gallery-row\" style=\"width: 860px; height: 384px;\" data-original-width=\"860\" data-original-height=\"384\" > <div class=\"gallery-group images-1\" style=\"width: 574px; height: 384px;\" data-original-width=\"574\" data-original-height=\"384\" > <div class=\"tiled-gallery-item tiled-gallery-item-large\" itemprop=\"associatedMedia\" itemscope itemtype=\"http:\/\/schema.org\/ImageObject\"> <a href=\"https:\/\/sarimelekler.biz\/?attachment_id=11996\" border=\"0\" itemprop=\"url\"> <meta itemprop=\"width\" content=\"570\"> <meta itemprop=\"height\" content=\"380\"> <img decoding=\"async\" class=\"\" data-attachment-id=\"11996\" data-orig-file=\"https:\/\/sarimelekler.biz\/wp-content\/uploads\/2019\/10\/19-20-1.-Hafta-Antrenman-1.jpg\" data-orig-size=\"2500,1667\" data-comments-opened=\"\" data-image-meta=\"{&quot;aperture&quot;:&quot;4.5&quot;,&quot;credit&quot;:&quot;&quot;,&quot;camera&quot;:&quot;Canon EOS-1D X&quot;,&quot;caption&quot;:&quot;&quot;,&quot;created_timestamp&quot;:&quot;1570799483&quot;,&quot;copyright&quot;:&quot;&quot;,&quot;focal_length&quot;:&quot;300&quot;,&quot;iso&quot;:&quot;2000&quot;,&quot;shutter_speed&quot;:&quot;0.002&quot;,&quot;title&quot;:&quot;&quot;,&quot;orientation&quot;:&quot;1&quot;}\" data-image-title=\"19-20 1. Hafta Antrenman (1)\" data-image-description=\"\" data-medium-file=\"https:\/\/sarimelekler.biz\/wp-content\/uploads\/2019\/10\/19-20-1.-Hafta-Antrenman-1-300x200.jpg\" data-large-file=\"https:\/\/sarimelekler.biz\/wp-content\/uploads\/2019\/10\/19-20-1.-Hafta-Antrenman-1-1024x683.jpg\" src=\"https:\/\/i0.wp.com\/sarimelekler.biz\/wp-content\/uploads\/2019\/10\/19-20-1.-Hafta-Antrenman-1.jpg?w=570&#038;h=380&#038;ssl=1\" srcset=\"https:\/\/sarimelekler.biz\/wp-content\/uploads\/2019\/10\/19-20-1.-Hafta-Antrenman-1.jpg 2500w, https:\/\/sarimelekler.biz\/wp-content\/uploads\/2019\/10\/19-20-1.-Hafta-Antrenman-1-300x200.jpg 300w, https:\/\/sarimelekler.biz\/wp-content\/uploads\/2019\/10\/19-20-1.-Hafta-Antrenman-1-768x512.jpg 768w, https:\/\/sarimelekler.biz\/wp-content\/uploads\/2019\/10\/19-20-1.-Hafta-Antrenman-1-1024x683.jpg 1024w, https:\/\/sarimelekler.biz\/wp-content\/uploads\/2019\/10\/19-20-1.-Hafta-Antrenman-1-150x100.jpg 150w\" width=\"570\" height=\"380\" loading=\"lazy\" data-original-width=\"570\" data-original-height=\"380\" itemprop=\"http:\/\/schema.org\/image\" title=\"19-20 1. Hafta Antrenman (1)\" alt=\"19-20 1. Hafta Antrenman (1)\" style=\"width: 570px; height: 380px;\" \/> <\/a> <\/div> <\/div> <!-- close group --> <div class=\"gallery-group images-2\" style=\"width: 286px; height: 384px;\" data-original-width=\"286\" data-original-height=\"384\" > <div class=\"tiled-gallery-item tiled-gallery-item-large\" itemprop=\"associatedMedia\" itemscope itemtype=\"http:\/\/schema.org\/ImageObject\"> <a href=\"https:\/\/sarimelekler.biz\/?attachment_id=11997\" border=\"0\" itemprop=\"url\"> <meta itemprop=\"width\" content=\"282\"> <meta itemprop=\"height\" content=\"188\"> <img decoding=\"async\" class=\"\" data-attachment-id=\"11997\" data-orig-file=\"https:\/\/sarimelekler.biz\/wp-content\/uploads\/2019\/10\/19-20-1.-Hafta-Antrenman-2.jpg\" data-orig-size=\"2500,1667\" data-comments-opened=\"\" data-image-meta=\"{&quot;aperture&quot;:&quot;4.5&quot;,&quot;credit&quot;:&quot;&quot;,&quot;camera&quot;:&quot;Canon EOS-1D X&quot;,&quot;caption&quot;:&quot;&quot;,&quot;created_timestamp&quot;:&quot;1570799483&quot;,&quot;copyright&quot;:&quot;&quot;,&quot;focal_length&quot;:&quot;300&quot;,&quot;iso&quot;:&quot;2000&quot;,&quot;shutter_speed&quot;:&quot;0.002&quot;,&quot;title&quot;:&quot;&quot;,&quot;orientation&quot;:&quot;1&quot;}\" data-image-title=\"19-20 1. Hafta Antrenman (2)\" data-image-description=\"\" data-medium-file=\"https:\/\/sarimelekler.biz\/wp-content\/uploads\/2019\/10\/19-20-1.-Hafta-Antrenman-2-300x200.jpg\" data-large-file=\"https:\/\/sarimelekler.biz\/wp-content\/uploads\/2019\/10\/19-20-1.-Hafta-Antrenman-2-1024x683.jpg\" src=\"https:\/\/i0.wp.com\/sarimelekler.biz\/wp-content\/uploads\/2019\/10\/19-20-1.-Hafta-Antrenman-2.jpg?w=282&#038;h=188&#038;ssl=1\" srcset=\"https:\/\/sarimelekler.biz\/wp-content\/uploads\/2019\/10\/19-20-1.-Hafta-Antrenman-2.jpg 2500w, https:\/\/sarimelekler.biz\/wp-content\/uploads\/2019\/10\/19-20-1.-Hafta-Antrenman-2-300x200.jpg 300w, https:\/\/sarimelekler.biz\/wp-content\/uploads\/2019\/10\/19-20-1.-Hafta-Antrenman-2-768x512.jpg 768w, https:\/\/sarimelekler.biz\/wp-content\/uploads\/2019\/10\/19-20-1.-Hafta-Antrenman-2-1024x683.jpg 1024w, https:\/\/sarimelekler.biz\/wp-content\/uploads\/2019\/10\/19-20-1.-Hafta-Antrenman-2-150x100.jpg 150w\" width=\"282\" height=\"188\" loading=\"lazy\" data-original-width=\"282\" data-original-height=\"188\" itemprop=\"http:\/\/schema.org\/image\" title=\"19-20 1. Hafta Antrenman (2)\" alt=\"19-20 1. Hafta Antrenman (2)\" style=\"width: 282px; height: 188px;\" \/> <\/a> <\/div> <div class=\"tiled-gallery-item tiled-gallery-item-large\" itemprop=\"associatedMedia\" itemscope itemtype=\"http:\/\/schema.org\/ImageObject\"> <a href=\"https:\/\/sarimelekler.biz\/?attachment_id=11998\" border=\"0\" itemprop=\"url\"> <meta itemprop=\"width\" content=\"282\"> <meta itemprop=\"height\" content=\"188\"> <img decoding=\"async\" class=\"\" data-attachment-id=\"11998\" data-orig-file=\"https:\/\/sarimelekler.biz\/wp-content\/uploads\/2019\/10\/19-20-1.-Hafta-Antrenman-3.jpg\" data-orig-size=\"2500,1667\" data-comments-opened=\"\" data-image-meta=\"{&quot;aperture&quot;:&quot;4&quot;,&quot;credit&quot;:&quot;&quot;,&quot;camera&quot;:&quot;Canon EOS-1D X&quot;,&quot;caption&quot;:&quot;&quot;,&quot;created_timestamp&quot;:&quot;1570802590&quot;,&quot;copyright&quot;:&quot;&quot;,&quot;focal_length&quot;:&quot;300&quot;,&quot;iso&quot;:&quot;2000&quot;,&quot;shutter_speed&quot;:&quot;0.0015625&quot;,&quot;title&quot;:&quot;&quot;,&quot;orientation&quot;:&quot;1&quot;}\" data-image-title=\"19-20 1. Hafta Antrenman (3)\" data-image-description=\"\" data-medium-file=\"https:\/\/sarimelekler.biz\/wp-content\/uploads\/2019\/10\/19-20-1.-Hafta-Antrenman-3-300x200.jpg\" data-large-file=\"https:\/\/sarimelekler.biz\/wp-content\/uploads\/2019\/10\/19-20-1.-Hafta-Antrenman-3-1024x683.jpg\" src=\"https:\/\/i0.wp.com\/sarimelekler.biz\/wp-content\/uploads\/2019\/10\/19-20-1.-Hafta-Antrenman-3.jpg?w=282&#038;h=188&#038;ssl=1\" srcset=\"https:\/\/sarimelekler.biz\/wp-content\/uploads\/2019\/10\/19-20-1.-Hafta-Antrenman-3.jpg 2500w, https:\/\/sarimelekler.biz\/wp-content\/uploads\/2019\/10\/19-20-1.-Hafta-Antrenman-3-300x200.jpg 300w, https:\/\/sarimelekler.biz\/wp-content\/uploads\/2019\/10\/19-20-1.-Hafta-Antrenman-3-768x512.jpg 768w, https:\/\/sarimelekler.biz\/wp-content\/uploads\/2019\/10\/19-20-1.-Hafta-Antrenman-3-1024x683.jpg 1024w, https:\/\/sarimelekler.biz\/wp-content\/uploads\/2019\/10\/19-20-1.-Hafta-Antrenman-3-150x100.jpg 150w\" width=\"282\" height=\"188\" loading=\"lazy\" data-original-width=\"282\" data-original-height=\"188\" itemprop=\"http:\/\/schema.org\/image\" title=\"19-20 1. Hafta Antrenman (3)\" alt=\"19-20 1. Hafta Antrenman (3)\" style=\"width: 282px; height: 188px;\" \/> <\/a> <\/div> <\/div> <!-- close group --> <\/div> <!-- close row --> <div class=\"gallery-row\" style=\"width: 860px; height: 455px;\" data-original-width=\"860\" data-original-height=\"455\" > <div class=\"gallery-group images-2\" style=\"width: 282px; height: 455px;\" data-original-width=\"282\" data-original-height=\"455\" > <div class=\"tiled-gallery-item tiled-gallery-item-large\" itemprop=\"associatedMedia\" itemscope itemtype=\"http:\/\/schema.org\/ImageObject\"> <a href=\"https:\/\/sarimelekler.biz\/?attachment_id=11999\" border=\"0\" itemprop=\"url\"> <meta itemprop=\"width\" content=\"278\"> <meta itemprop=\"height\" content=\"229\"> <img decoding=\"async\" class=\"\" data-attachment-id=\"11999\" data-orig-file=\"https:\/\/sarimelekler.biz\/wp-content\/uploads\/2019\/10\/19-20-1.-Hafta-Antrenman-4.jpg\" data-orig-size=\"2500,2063\" data-comments-opened=\"\" data-image-meta=\"{&quot;aperture&quot;:&quot;4.5&quot;,&quot;credit&quot;:&quot;&quot;,&quot;camera&quot;:&quot;Canon EOS-1D X&quot;,&quot;caption&quot;:&quot;&quot;,&quot;created_timestamp&quot;:&quot;1570799331&quot;,&quot;copyright&quot;:&quot;&quot;,&quot;focal_length&quot;:&quot;300&quot;,&quot;iso&quot;:&quot;2000&quot;,&quot;shutter_speed&quot;:&quot;0.002&quot;,&quot;title&quot;:&quot;&quot;,&quot;orientation&quot;:&quot;1&quot;}\" data-image-title=\"19-20 1. Hafta Antrenman (4)\" data-image-description=\"\" data-medium-file=\"https:\/\/sarimelekler.biz\/wp-content\/uploads\/2019\/10\/19-20-1.-Hafta-Antrenman-4-300x248.jpg\" data-large-file=\"https:\/\/sarimelekler.biz\/wp-content\/uploads\/2019\/10\/19-20-1.-Hafta-Antrenman-4-1024x845.jpg\" src=\"https:\/\/i0.wp.com\/sarimelekler.biz\/wp-content\/uploads\/2019\/10\/19-20-1.-Hafta-Antrenman-4.jpg?w=278&#038;h=229&#038;ssl=1\" srcset=\"https:\/\/sarimelekler.biz\/wp-content\/uploads\/2019\/10\/19-20-1.-Hafta-Antrenman-4.jpg 2500w, https:\/\/sarimelekler.biz\/wp-content\/uploads\/2019\/10\/19-20-1.-Hafta-Antrenman-4-300x248.jpg 300w, https:\/\/sarimelekler.biz\/wp-content\/uploads\/2019\/10\/19-20-1.-Hafta-Antrenman-4-768x634.jpg 768w, https:\/\/sarimelekler.biz\/wp-content\/uploads\/2019\/10\/19-20-1.-Hafta-Antrenman-4-1024x845.jpg 1024w, https:\/\/sarimelekler.biz\/wp-content\/uploads\/2019\/10\/19-20-1.-Hafta-Antrenman-4-150x124.jpg 150w\" width=\"278\" height=\"229\" loading=\"lazy\" data-original-width=\"278\" data-original-height=\"229\" itemprop=\"http:\/\/schema.org\/image\" title=\"19-20 1. Hafta Antrenman (4)\" alt=\"19-20 1. Hafta Antrenman (4)\" style=\"width: 278px; height: 229px;\" \/> <\/a> <\/div> <div class=\"tiled-gallery-item tiled-gallery-item-large\" itemprop=\"associatedMedia\" itemscope itemtype=\"http:\/\/schema.org\/ImageObject\"> <a href=\"https:\/\/sarimelekler.biz\/?attachment_id=12000\" border=\"0\" itemprop=\"url\"> <meta itemprop=\"width\" content=\"278\"> <meta itemprop=\"height\" content=\"218\"> <img decoding=\"async\" class=\"\" data-attachment-id=\"12000\" data-orig-file=\"https:\/\/sarimelekler.biz\/wp-content\/uploads\/2019\/10\/19-20-1.-Hafta-Antrenman-5.jpg\" data-orig-size=\"2500,1956\" data-comments-opened=\"\" data-image-meta=\"{&quot;aperture&quot;:&quot;4&quot;,&quot;credit&quot;:&quot;&quot;,&quot;camera&quot;:&quot;Canon EOS-1D X&quot;,&quot;caption&quot;:&quot;&quot;,&quot;created_timestamp&quot;:&quot;1570802429&quot;,&quot;copyright&quot;:&quot;&quot;,&quot;focal_length&quot;:&quot;300&quot;,&quot;iso&quot;:&quot;2000&quot;,&quot;shutter_speed&quot;:&quot;0.0015625&quot;,&quot;title&quot;:&quot;&quot;,&quot;orientation&quot;:&quot;1&quot;}\" data-image-title=\"19-20 1. Hafta Antrenman (5)\" data-image-description=\"\" data-medium-file=\"https:\/\/sarimelekler.biz\/wp-content\/uploads\/2019\/10\/19-20-1.-Hafta-Antrenman-5-300x235.jpg\" data-large-file=\"https:\/\/sarimelekler.biz\/wp-content\/uploads\/2019\/10\/19-20-1.-Hafta-Antrenman-5-1024x801.jpg\" src=\"https:\/\/i0.wp.com\/sarimelekler.biz\/wp-content\/uploads\/2019\/10\/19-20-1.-Hafta-Antrenman-5.jpg?w=278&#038;h=218&#038;ssl=1\" srcset=\"https:\/\/sarimelekler.biz\/wp-content\/uploads\/2019\/10\/19-20-1.-Hafta-Antrenman-5.jpg 2500w, https:\/\/sarimelekler.biz\/wp-content\/uploads\/2019\/10\/19-20-1.-Hafta-Antrenman-5-300x235.jpg 300w, https:\/\/sarimelekler.biz\/wp-content\/uploads\/2019\/10\/19-20-1.-Hafta-Antrenman-5-768x601.jpg 768w, https:\/\/sarimelekler.biz\/wp-content\/uploads\/2019\/10\/19-20-1.-Hafta-Antrenman-5-1024x801.jpg 1024w, https:\/\/sarimelekler.biz\/wp-content\/uploads\/2019\/10\/19-20-1.-Hafta-Antrenman-5-150x117.jpg 150w\" width=\"278\" height=\"218\" loading=\"lazy\" data-original-width=\"278\" data-original-height=\"218\" itemprop=\"http:\/\/schema.org\/image\" title=\"19-20 1. Hafta Antrenman (5)\" alt=\"19-20 1. Hafta Antrenman (5)\" style=\"width: 278px; height: 218px;\" \/> <\/a> <\/div> <\/div> <!-- close group --> <div class=\"gallery-group images-1\" style=\"width: 578px; height: 455px;\" data-original-width=\"578\" data-original-height=\"455\" > <div class=\"tiled-gallery-item tiled-gallery-item-large\" itemprop=\"associatedMedia\" itemscope itemtype=\"http:\/\/schema.org\/ImageObject\"> <a href=\"https:\/\/sarimelekler.biz\/?attachment_id=12001\" border=\"0\" itemprop=\"url\"> <meta itemprop=\"width\" content=\"574\"> <meta itemprop=\"height\" content=\"451\"> <img decoding=\"async\" class=\"\" data-attachment-id=\"12001\" data-orig-file=\"https:\/\/sarimelekler.biz\/wp-content\/uploads\/2019\/10\/19-20-1.-Hafta-Antrenman-6.jpg\" data-orig-size=\"2500,1964\" data-comments-opened=\"\" data-image-meta=\"{&quot;aperture&quot;:&quot;4.5&quot;,&quot;credit&quot;:&quot;&quot;,&quot;camera&quot;:&quot;Canon EOS-1D X&quot;,&quot;caption&quot;:&quot;&quot;,&quot;created_timestamp&quot;:&quot;1570799579&quot;,&quot;copyright&quot;:&quot;&quot;,&quot;focal_length&quot;:&quot;300&quot;,&quot;iso&quot;:&quot;2000&quot;,&quot;shutter_speed&quot;:&quot;0.002&quot;,&quot;title&quot;:&quot;&quot;,&quot;orientation&quot;:&quot;1&quot;}\" data-image-title=\"19-20 1. Hafta Antrenman (6)\" data-image-description=\"\" data-medium-file=\"https:\/\/sarimelekler.biz\/wp-content\/uploads\/2019\/10\/19-20-1.-Hafta-Antrenman-6-300x236.jpg\" data-large-file=\"https:\/\/sarimelekler.biz\/wp-content\/uploads\/2019\/10\/19-20-1.-Hafta-Antrenman-6-1024x804.jpg\" src=\"https:\/\/i0.wp.com\/sarimelekler.biz\/wp-content\/uploads\/2019\/10\/19-20-1.-Hafta-Antrenman-6.jpg?w=574&#038;h=451&#038;ssl=1\" srcset=\"https:\/\/sarimelekler.biz\/wp-content\/uploads\/2019\/10\/19-20-1.-Hafta-Antrenman-6.jpg 2500w, https:\/\/sarimelekler.biz\/wp-content\/uploads\/2019\/10\/19-20-1.-Hafta-Antrenman-6-300x236.jpg 300w, https:\/\/sarimelekler.biz\/wp-content\/uploads\/2019\/10\/19-20-1.-Hafta-Antrenman-6-768x603.jpg 768w, https:\/\/sarimelekler.biz\/wp-content\/uploads\/2019\/10\/19-20-1.-Hafta-Antrenman-6-1024x804.jpg 1024w, https:\/\/sarimelekler.biz\/wp-content\/uploads\/2019\/10\/19-20-1.-Hafta-Antrenman-6-150x118.jpg 150w\" width=\"574\" height=\"451\" loading=\"lazy\" data-original-width=\"574\" data-original-height=\"451\" itemprop=\"http:\/\/schema.org\/image\" title=\"19-20 1. Hafta Antrenman (6)\" alt=\"19-20 1. Hafta Antrenman (6)\" style=\"width: 574px; height: 451px;\" \/> <\/a> <\/div> <\/div> <!-- close group --> <\/div> <!-- close row --> <div class=\"gallery-row\" style=\"width: 860px; height: 348px;\" data-original-width=\"860\" data-original-height=\"348\" > <div class=\"gallery-group images-1\" style=\"width: 423px; height: 348px;\" data-original-width=\"423\" data-original-height=\"348\" > <div class=\"tiled-gallery-item tiled-gallery-item-large\" itemprop=\"associatedMedia\" itemscope itemtype=\"http:\/\/schema.org\/ImageObject\"> <a href=\"https:\/\/sarimelekler.biz\/?attachment_id=12002\" border=\"0\" itemprop=\"url\"> <meta itemprop=\"width\" content=\"419\"> <meta itemprop=\"height\" content=\"344\"> <img decoding=\"async\" class=\"\" data-attachment-id=\"12002\" data-orig-file=\"https:\/\/sarimelekler.biz\/wp-content\/uploads\/2019\/10\/19-20-1.-Hafta-Antrenman-7.jpg\" data-orig-size=\"2500,2052\" data-comments-opened=\"\" data-image-meta=\"{&quot;aperture&quot;:&quot;4&quot;,&quot;credit&quot;:&quot;&quot;,&quot;camera&quot;:&quot;Canon EOS-1D X&quot;,&quot;caption&quot;:&quot;&quot;,&quot;created_timestamp&quot;:&quot;1570801855&quot;,&quot;copyright&quot;:&quot;&quot;,&quot;focal_length&quot;:&quot;200&quot;,&quot;iso&quot;:&quot;2000&quot;,&quot;shutter_speed&quot;:&quot;0.002&quot;,&quot;title&quot;:&quot;&quot;,&quot;orientation&quot;:&quot;1&quot;}\" data-image-title=\"19-20 1. Hafta Antrenman (7)\" data-image-description=\"\" data-medium-file=\"https:\/\/sarimelekler.biz\/wp-content\/uploads\/2019\/10\/19-20-1.-Hafta-Antrenman-7-300x246.jpg\" data-large-file=\"https:\/\/sarimelekler.biz\/wp-content\/uploads\/2019\/10\/19-20-1.-Hafta-Antrenman-7-1024x840.jpg\" src=\"https:\/\/i0.wp.com\/sarimelekler.biz\/wp-content\/uploads\/2019\/10\/19-20-1.-Hafta-Antrenman-7.jpg?w=419&#038;h=344&#038;ssl=1\" srcset=\"https:\/\/sarimelekler.biz\/wp-content\/uploads\/2019\/10\/19-20-1.-Hafta-Antrenman-7.jpg 2500w, https:\/\/sarimelekler.biz\/wp-content\/uploads\/2019\/10\/19-20-1.-Hafta-Antrenman-7-300x246.jpg 300w, https:\/\/sarimelekler.biz\/wp-content\/uploads\/2019\/10\/19-20-1.-Hafta-Antrenman-7-768x630.jpg 768w, https:\/\/sarimelekler.biz\/wp-content\/uploads\/2019\/10\/19-20-1.-Hafta-Antrenman-7-1024x840.jpg 1024w, https:\/\/sarimelekler.biz\/wp-content\/uploads\/2019\/10\/19-20-1.-Hafta-Antrenman-7-150x123.jpg 150w\" width=\"419\" height=\"344\" loading=\"lazy\" data-original-width=\"419\" data-original-height=\"344\" itemprop=\"http:\/\/schema.org\/image\" title=\"19-20 1. Hafta Antrenman (7)\" alt=\"19-20 1. Hafta Antrenman (7)\" style=\"width: 419px; height: 344px;\" \/> <\/a> <\/div> <\/div> <!-- close group --> <div class=\"gallery-group images-1\" style=\"width: 437px; height: 348px;\" data-original-width=\"437\" data-original-height=\"348\" > <div class=\"tiled-gallery-item tiled-gallery-item-large\" itemprop=\"associatedMedia\" itemscope itemtype=\"http:\/\/schema.org\/ImageObject\"> <a href=\"https:\/\/sarimelekler.biz\/?attachment_id=12003\" border=\"0\" itemprop=\"url\"> <meta itemprop=\"width\" content=\"433\"> <meta itemprop=\"height\" content=\"344\"> <img decoding=\"async\" class=\"\" data-attachment-id=\"12003\" data-orig-file=\"https:\/\/sarimelekler.biz\/wp-content\/uploads\/2019\/10\/19-20-1.-Hafta-Antrenman-8.jpg\" data-orig-size=\"2500,1987\" data-comments-opened=\"\" data-image-meta=\"{&quot;aperture&quot;:&quot;4.5&quot;,&quot;credit&quot;:&quot;&quot;,&quot;camera&quot;:&quot;Canon EOS-1D X&quot;,&quot;caption&quot;:&quot;&quot;,&quot;created_timestamp&quot;:&quot;1570799539&quot;,&quot;copyright&quot;:&quot;&quot;,&quot;focal_length&quot;:&quot;300&quot;,&quot;iso&quot;:&quot;2000&quot;,&quot;shutter_speed&quot;:&quot;0.002&quot;,&quot;title&quot;:&quot;&quot;,&quot;orientation&quot;:&quot;1&quot;}\" data-image-title=\"19-20 1. Hafta Antrenman (8)\" data-image-description=\"\" data-medium-file=\"https:\/\/sarimelekler.biz\/wp-content\/uploads\/2019\/10\/19-20-1.-Hafta-Antrenman-8-300x238.jpg\" data-large-file=\"https:\/\/sarimelekler.biz\/wp-content\/uploads\/2019\/10\/19-20-1.-Hafta-Antrenman-8-1024x814.jpg\" src=\"https:\/\/i0.wp.com\/sarimelekler.biz\/wp-content\/uploads\/2019\/10\/19-20-1.-Hafta-Antrenman-8.jpg?w=433&#038;h=344&#038;ssl=1\" srcset=\"https:\/\/sarimelekler.biz\/wp-content\/uploads\/2019\/10\/19-20-1.-Hafta-Antrenman-8.jpg 2500w, https:\/\/sarimelekler.biz\/wp-content\/uploads\/2019\/10\/19-20-1.-Hafta-Antrenman-8-300x238.jpg 300w, https:\/\/sarimelekler.biz\/wp-content\/uploads\/2019\/10\/19-20-1.-Hafta-Antrenman-8-768x610.jpg 768w, https:\/\/sarimelekler.biz\/wp-content\/uploads\/2019\/10\/19-20-1.-Hafta-Antrenman-8-1024x814.jpg 1024w, https:\/\/sarimelekler.biz\/wp-content\/uploads\/2019\/10\/19-20-1.-Hafta-Antrenman-8-150x119.jpg 150w\" width=\"433\" height=\"344\" loading=\"lazy\" data-original-width=\"433\" data-original-height=\"344\" itemprop=\"http:\/\/schema.org\/image\" title=\"19-20 1. Hafta Antrenman (8)\" alt=\"19-20 1. Hafta Antrenman (8)\" style=\"width: 433px; height: 344px;\" \/> <\/a> <\/div> <\/div> <!-- close group --> <\/div> <!-- close row --> <div class=\"gallery-row\" style=\"width: 860px; height: 345px;\" data-original-width=\"860\" data-original-height=\"345\" > <div class=\"gallery-group images-1\" style=\"width: 442px; height: 345px;\" data-original-width=\"442\" data-original-height=\"345\" > <div class=\"tiled-gallery-item tiled-gallery-item-large\" itemprop=\"associatedMedia\" itemscope itemtype=\"http:\/\/schema.org\/ImageObject\"> <a href=\"https:\/\/sarimelekler.biz\/?attachment_id=12004\" border=\"0\" itemprop=\"url\"> <meta itemprop=\"width\" content=\"438\"> <meta itemprop=\"height\" content=\"341\"> <img decoding=\"async\" class=\"\" data-attachment-id=\"12004\" data-orig-file=\"https:\/\/sarimelekler.biz\/wp-content\/uploads\/2019\/10\/19-20-1.-Hafta-Antrenman-9.jpg\" data-orig-size=\"2500,1945\" data-comments-opened=\"\" data-image-meta=\"{&quot;aperture&quot;:&quot;4&quot;,&quot;credit&quot;:&quot;&quot;,&quot;camera&quot;:&quot;Canon EOS-1D X&quot;,&quot;caption&quot;:&quot;&quot;,&quot;created_timestamp&quot;:&quot;1570801877&quot;,&quot;copyright&quot;:&quot;&quot;,&quot;focal_length&quot;:&quot;200&quot;,&quot;iso&quot;:&quot;2000&quot;,&quot;shutter_speed&quot;:&quot;0.002&quot;,&quot;title&quot;:&quot;&quot;,&quot;orientation&quot;:&quot;1&quot;}\" data-image-title=\"19-20 1. Hafta Antrenman (9)\" data-image-description=\"\" data-medium-file=\"https:\/\/sarimelekler.biz\/wp-content\/uploads\/2019\/10\/19-20-1.-Hafta-Antrenman-9-300x233.jpg\" data-large-file=\"https:\/\/sarimelekler.biz\/wp-content\/uploads\/2019\/10\/19-20-1.-Hafta-Antrenman-9-1024x797.jpg\" src=\"https:\/\/i0.wp.com\/sarimelekler.biz\/wp-content\/uploads\/2019\/10\/19-20-1.-Hafta-Antrenman-9.jpg?w=438&#038;h=341&#038;ssl=1\" srcset=\"https:\/\/sarimelekler.biz\/wp-content\/uploads\/2019\/10\/19-20-1.-Hafta-Antrenman-9.jpg 2500w, https:\/\/sarimelekler.biz\/wp-content\/uploads\/2019\/10\/19-20-1.-Hafta-Antrenman-9-300x233.jpg 300w, https:\/\/sarimelekler.biz\/wp-content\/uploads\/2019\/10\/19-20-1.-Hafta-Antrenman-9-768x598.jpg 768w, https:\/\/sarimelekler.biz\/wp-content\/uploads\/2019\/10\/19-20-1.-Hafta-Antrenman-9-1024x797.jpg 1024w, https:\/\/sarimelekler.biz\/wp-content\/uploads\/2019\/10\/19-20-1.-Hafta-Antrenman-9-150x117.jpg 150w\" width=\"438\" height=\"341\" loading=\"lazy\" data-original-width=\"438\" data-original-height=\"341\" itemprop=\"http:\/\/schema.org\/image\" title=\"19-20 1. Hafta Antrenman (9)\" alt=\"19-20 1. Hafta Antrenman (9)\" style=\"width: 438px; height: 341px;\" \/> <\/a> <\/div> <\/div> <!-- close group --> <div class=\"gallery-group images-1\" style=\"width: 418px; height: 345px;\" data-original-width=\"418\" data-original-height=\"345\" > <div class=\"tiled-gallery-item tiled-gallery-item-large\" itemprop=\"associatedMedia\" itemscope itemtype=\"http:\/\/schema.org\/ImageObject\"> <a href=\"https:\/\/sarimelekler.biz\/?attachment_id=12005\" border=\"0\" itemprop=\"url\"> <meta itemprop=\"width\" content=\"414\"> <meta itemprop=\"height\" content=\"341\"> <img decoding=\"async\" class=\"\" data-attachment-id=\"12005\" data-orig-file=\"https:\/\/sarimelekler.biz\/wp-content\/uploads\/2019\/10\/Naz-Mihajlovic-R\u00f6portaj-1.jpg\" data-orig-size=\"2500,2061\" data-comments-opened=\"\" data-image-meta=\"{&quot;aperture&quot;:&quot;4&quot;,&quot;credit&quot;:&quot;&quot;,&quot;camera&quot;:&quot;Canon EOS-1D X&quot;,&quot;caption&quot;:&quot;&quot;,&quot;created_timestamp&quot;:&quot;1570803278&quot;,&quot;copyright&quot;:&quot;&quot;,&quot;focal_length&quot;:&quot;80&quot;,&quot;iso&quot;:&quot;2000&quot;,&quot;shutter_speed&quot;:&quot;0.002&quot;,&quot;title&quot;:&quot;&quot;,&quot;orientation&quot;:&quot;1&quot;}\" data-image-title=\"Naz &amp;#8211; Mihajlovic R\u00f6portaj (1)\" data-image-description=\"\" data-medium-file=\"https:\/\/sarimelekler.biz\/wp-content\/uploads\/2019\/10\/Naz-Mihajlovic-R\u00f6portaj-1-300x247.jpg\" data-large-file=\"https:\/\/sarimelekler.biz\/wp-content\/uploads\/2019\/10\/Naz-Mihajlovic-R\u00f6portaj-1-1024x844.jpg\" src=\"https:\/\/i0.wp.com\/sarimelekler.biz\/wp-content\/uploads\/2019\/10\/Naz-Mihajlovic-R%C3%B6portaj-1.jpg?w=414&#038;h=341&#038;ssl=1\" width=\"414\" height=\"341\" loading=\"lazy\" data-original-width=\"414\" data-original-height=\"341\" itemprop=\"http:\/\/schema.org\/image\" title=\"Naz - Mihajlovic R\u00f6portaj (1)\" alt=\"Naz - Mihajlovic R\u00f6portaj (1)\" style=\"width: 414px; height: 341px;\" \/> <\/a> <\/div> <\/div> <!-- close group --> <\/div> <!-- close row --> <div class=\"gallery-row\" style=\"width: 860px; height: 626px;\" data-original-width=\"860\" data-original-height=\"626\" > <div class=\"gallery-group images-1\" style=\"width: 860px; height: 626px;\" data-original-width=\"860\" data-original-height=\"626\" > <div class=\"tiled-gallery-item tiled-gallery-item-large\" itemprop=\"associatedMedia\" itemscope itemtype=\"http:\/\/schema.org\/ImageObject\"> <a href=\"https:\/\/sarimelekler.biz\/?attachment_id=12006\" border=\"0\" itemprop=\"url\"> <meta itemprop=\"width\" content=\"856\"> <meta itemprop=\"height\" content=\"622\"> <img decoding=\"async\" class=\"\" data-attachment-id=\"12006\" data-orig-file=\"https:\/\/sarimelekler.biz\/wp-content\/uploads\/2019\/10\/Naz-Mihajlovic-R\u00f6portaj-2.jpg\" data-orig-size=\"2500,1817\" data-comments-opened=\"\" data-image-meta=\"{&quot;aperture&quot;:&quot;4&quot;,&quot;credit&quot;:&quot;&quot;,&quot;camera&quot;:&quot;Canon EOS-1D X&quot;,&quot;caption&quot;:&quot;&quot;,&quot;created_timestamp&quot;:&quot;1570803282&quot;,&quot;copyright&quot;:&quot;&quot;,&quot;focal_length&quot;:&quot;70&quot;,&quot;iso&quot;:&quot;2000&quot;,&quot;shutter_speed&quot;:&quot;0.002&quot;,&quot;title&quot;:&quot;&quot;,&quot;orientation&quot;:&quot;1&quot;}\" data-image-title=\"Naz &amp;#8211; Mihajlovic R\u00f6portaj (2)\" data-image-description=\"\" data-medium-file=\"https:\/\/sarimelekler.biz\/wp-content\/uploads\/2019\/10\/Naz-Mihajlovic-R\u00f6portaj-2-300x218.jpg\" data-large-file=\"https:\/\/sarimelekler.biz\/wp-content\/uploads\/2019\/10\/Naz-Mihajlovic-R\u00f6portaj-2-1024x744.jpg\" src=\"https:\/\/i0.wp.com\/sarimelekler.biz\/wp-content\/uploads\/2019\/10\/Naz-Mihajlovic-R%C3%B6portaj-2.jpg?w=856&#038;h=622&#038;ssl=1\" width=\"856\" height=\"622\" loading=\"lazy\" data-original-width=\"856\" data-original-height=\"622\" itemprop=\"http:\/\/schema.org\/image\" title=\"Naz - Mihajlovic R\u00f6portaj (2)\" alt=\"Naz - Mihajlovic R\u00f6portaj (2)\" style=\"width: 856px; height: 622px;\" \/> <\/a> <\/div> <\/div> <!-- close group --> <\/div> <!-- close row --> <\/div>\n<p>Kaynak:\u00a0<a href=\"https:\/\/www.fenerbahce.org\/haberler\/voleybol-kadin\/2019\/10\/taraftarlarimizla-birlikte-sezona-galibiyetle-baslamak-istiyoruz\" target=\"_blank\" rel=\"noopener noreferrer\">Fenerbah\u00e7e SK Resmi \u0130nternet Sitesi<\/a><\/p>\n<p style=\"text-align: right;\">11.10.2019<\/p>\n","protected":false},"excerpt":{"rendered":"<p>Fenerbah\u00e7e Opet Kad\u0131n Voleybol Tak\u0131m\u0131m\u0131z, Sultanlar Ligi\u2019nin ilk ma\u00e7\u0131na \u00e7\u0131k\u0131yor. \u2026 <a class=\"continue-reading-link\" href=\"https:\/\/sarimelekler.biz\/?p=11995\">Okumaya Devam Et.. <span class=\"meta-nav\">&rarr; <\/span><\/a><\/p>\n","protected":false},"author":1,"featured_media":12007,"comment_status":"closed","ping_status":"open","sticky":false,"template":"","format":"standard","meta":{"jetpack_post_was_ever_published":false,"_jetpack_newsletter_access":"","_jetpack_dont_email_post_to_subs":false,"_jetpack_newsletter_tier_id":0,"_jetpack_memberships_contains_paywalled_content":false,"_jetpack_memberships_contains_paid_content":false,"footnotes":"","jetpack_publicize_message":"","jetpack_publicize_feature_enabled":true,"jetpack_social_post_already_shared":true,"jetpack_social_options":{"image_generator_settings":{"template":"highway","default_image_id":0,"font":"","enabled":false},"version":2}},"categories":[7],"tags":[],"class_list":["post-11995","post","type-post","status-publish","format-standard","has-post-thumbnail","hentry","category-haberler"],"jetpack_publicize_connections":[],"jetpack_featured_media_url":"https:\/\/sarimelekler.biz\/wp-content\/uploads\/2019\/10\/Naz-Mihajlovic-R\u00f6portaj-Kapak.jpg","jetpack_sharing_enabled":true,"jetpack_shortlink":"https:\/\/wp.me\/p8npUZ-37t","jetpack-related-posts":[{"id":12406,"url":"https:\/\/sarimelekler.biz\/?p=12406","url_meta":{"origin":11995,"position":0},"title":"Eda Erdem D\u00fcndar ve Naz Aydemir Akyol, Eczac\u0131ba\u015f\u0131 Vitra ma\u00e7\u0131 \u00f6ncesi a\u00e7\u0131klamalarda bulundu","author":"Edit\u00f6r","date":"18 Kas\u0131m 2019","format":false,"excerpt":"Kad\u0131n Voleybol Tak\u0131m\u0131m\u0131z Fenerbah\u00e7e Opet, CEV \u015eampiyonlar Ligi A Grubu ilk ma\u00e7\u0131nda yar\u0131n saat 17.30\u2019da Eczac\u0131ba\u015f\u0131 Vitra ile kar\u015f\u0131la\u015facak. Kaptan Eda Erdem D\u00fcndar ve oyuncumuz Naz Aydemir Akyol bu ma\u00e7 \u00f6ncesinde kul\u00fcb\u00fcm\u00fcz\u00fcn resmi internet sitesine a\u00e7\u0131klamalarda bulundu. \u015eampiyonlar Ligi\u2019ni \u00e7ok \u00f6zlediklerini ifade eden Kaptan Eda Erdem D\u00fcndar, \u201cGrubun en zorlu\u2026","rel":"","context":"&quot;Avrupa Kupalar\u0131&quot; i\u00e7inde","block_context":{"text":"Avrupa Kupalar\u0131","link":"https:\/\/sarimelekler.biz\/?cat=1"},"img":{"alt_text":"","src":"https:\/\/i0.wp.com\/sarimelekler.biz\/wp-content\/uploads\/2019\/11\/Eda-Naz-CL-1-A%C3%A7%C4%B1klama-1.jpg?resize=350%2C200&ssl=1","width":350,"height":200,"srcset":"https:\/\/i0.wp.com\/sarimelekler.biz\/wp-content\/uploads\/2019\/11\/Eda-Naz-CL-1-A%C3%A7%C4%B1klama-1.jpg?resize=350%2C200&ssl=1 1x, https:\/\/i0.wp.com\/sarimelekler.biz\/wp-content\/uploads\/2019\/11\/Eda-Naz-CL-1-A%C3%A7%C4%B1klama-1.jpg?resize=525%2C300&ssl=1 1.5x, https:\/\/i0.wp.com\/sarimelekler.biz\/wp-content\/uploads\/2019\/11\/Eda-Naz-CL-1-A%C3%A7%C4%B1klama-1.jpg?resize=700%2C400&ssl=1 2x, https:\/\/i0.wp.com\/sarimelekler.biz\/wp-content\/uploads\/2019\/11\/Eda-Naz-CL-1-A%C3%A7%C4%B1klama-1.jpg?resize=1050%2C600&ssl=1 3x, https:\/\/i0.wp.com\/sarimelekler.biz\/wp-content\/uploads\/2019\/11\/Eda-Naz-CL-1-A%C3%A7%C4%B1klama-1.jpg?resize=1400%2C800&ssl=1 4x"},"classes":[]},{"id":11337,"url":"https:\/\/sarimelekler.biz\/?p=11337","url_meta":{"origin":11995,"position":1},"title":"Naz Aydemir Akyol Uzun Bir S\u00fcre Tekrar Sar\u0131 Melek oldu.","author":"Edit\u00f6r","date":"17 Haziran 2019","format":false,"excerpt":"Kul\u00fcb\u00fcm\u00fcz yeni sezon \u00e7al\u0131\u015fmalar\u0131 kapsam\u0131nda 7 senedir Vak\u0131fbank\u2019ta forma giyen Pas\u00f6r Naz Aydemir Akyol ile s\u00f6zle\u015fme imzalad\u0131. 1990 do\u011fumlu, 186 cm uzunlu\u011fundaki oyuncumuz Naz Aydemir Akyol 2009-2012 y\u0131llar\u0131 aras\u0131nda 3 sezon tak\u0131m\u0131m\u0131zda yer ald\u0131ktan sonra y\u0131ll\u0131k \u00fccret konusunda anla\u015fmazl\u0131k dolay\u0131 Vak\u0131fbank tak\u0131m\u0131na transfer olmu\u015ftu. Naz ge\u00e7ti\u011fimiz sezonda anne oldu\u011fu i\u00e7in\u2026","rel":"","context":"&quot;Transfer Haberleri&quot; i\u00e7inde","block_context":{"text":"Transfer Haberleri","link":"https:\/\/sarimelekler.biz\/?cat=23"},"img":{"alt_text":"","src":"https:\/\/i0.wp.com\/sarimelekler.biz\/wp-content\/uploads\/2019\/06\/Naz-19-20-Kapak.jpg?resize=350%2C200&ssl=1","width":350,"height":200,"srcset":"https:\/\/i0.wp.com\/sarimelekler.biz\/wp-content\/uploads\/2019\/06\/Naz-19-20-Kapak.jpg?resize=350%2C200&ssl=1 1x, https:\/\/i0.wp.com\/sarimelekler.biz\/wp-content\/uploads\/2019\/06\/Naz-19-20-Kapak.jpg?resize=525%2C300&ssl=1 1.5x, https:\/\/i0.wp.com\/sarimelekler.biz\/wp-content\/uploads\/2019\/06\/Naz-19-20-Kapak.jpg?resize=700%2C400&ssl=1 2x, https:\/\/i0.wp.com\/sarimelekler.biz\/wp-content\/uploads\/2019\/06\/Naz-19-20-Kapak.jpg?resize=1050%2C600&ssl=1 3x, https:\/\/i0.wp.com\/sarimelekler.biz\/wp-content\/uploads\/2019\/06\/Naz-19-20-Kapak.jpg?resize=1400%2C800&ssl=1 4x"},"classes":[]},{"id":14660,"url":"https:\/\/sarimelekler.biz\/?p=14660","url_meta":{"origin":11995,"position":2},"title":"Sar\u0131 Melekler \u015eampiyonlar Ligine Galibiyetle Ba\u015flad\u0131. Fenerbah\u00e7e Opet:3 \u2013 VB Nantes:0","author":"Edit\u00f6r","date":"8 Aral\u0131k 2020","format":false,"excerpt":"Fenerbah\u00e7e Opet Kad\u0131n Voleybol Tak\u0131m\u0131m\u0131z CEV Kad\u0131nlar \u015eampiyonlar Ligi B Grubu ilk ma\u00e7\u0131nda Fransa temsilcisi Nantes\u2019i 25-16, 25-18 ve 25-15\u2019lik set skorlar\u0131yla 3-0 ma\u011flup etti. Covid-19 tedbirleri kapsam\u0131nda \u0130talya'n\u0131n Conegliano tak\u0131m\u0131n\u0131n ev sahipli\u011finde oynanan ma\u00e7a Eda, Naz, Dicle, Vargas, Mihajlovic, Busa ve libero Melis kadrosuyla ba\u015flayan tak\u0131m\u0131m\u0131zda, Lila, Cansu, Bahar\u2026","rel":"","context":"&quot;Avrupa Kupalar\u0131&quot; i\u00e7inde","block_context":{"text":"Avrupa Kupalar\u0131","link":"https:\/\/sarimelekler.biz\/?cat=1"},"img":{"alt_text":"","src":"https:\/\/i0.wp.com\/sarimelekler.biz\/wp-content\/uploads\/2020\/12\/1-20-21-CL-5-scaled.jpg?resize=350%2C200&ssl=1","width":350,"height":200,"srcset":"https:\/\/i0.wp.com\/sarimelekler.biz\/wp-content\/uploads\/2020\/12\/1-20-21-CL-5-scaled.jpg?resize=350%2C200&ssl=1 1x, https:\/\/i0.wp.com\/sarimelekler.biz\/wp-content\/uploads\/2020\/12\/1-20-21-CL-5-scaled.jpg?resize=525%2C300&ssl=1 1.5x, https:\/\/i0.wp.com\/sarimelekler.biz\/wp-content\/uploads\/2020\/12\/1-20-21-CL-5-scaled.jpg?resize=700%2C400&ssl=1 2x, https:\/\/i0.wp.com\/sarimelekler.biz\/wp-content\/uploads\/2020\/12\/1-20-21-CL-5-scaled.jpg?resize=1050%2C600&ssl=1 3x, https:\/\/i0.wp.com\/sarimelekler.biz\/wp-content\/uploads\/2020\/12\/1-20-21-CL-5-scaled.jpg?resize=1400%2C800&ssl=1 4x"},"classes":[]},{"id":11869,"url":"https:\/\/sarimelekler.biz\/?p=11869","url_meta":{"origin":11995,"position":3},"title":"Milli Tak\u0131m Kadrolar\u0131ndan D\u00f6nen Oyuncular\u0131m\u0131z Sa\u011fl\u0131k Kontrol\u00fcnden Ge\u00e7ti","author":"Edit\u00f6r","date":"20 Eyl\u00fcl 2019","format":false,"excerpt":"Fenerbah\u00e7e Opet Kad\u0131n Voleybol Tak\u0131m\u0131m\u0131z\u0131n kaptan\u0131 Eda Erdem D\u00fcndar ile oyuncular\u0131m\u0131z Aylin Sar\u0131o\u011flu, Naz Aydemir Akyol, Brankica Mihajlovic, Fatma Y\u0131ld\u0131r\u0131m, G\u00fclce G\u00fc\u00e7tekin ve \u0130par \u00d6zay Kurt bug\u00fcn Medical Park G\u00f6ztepe Hastanesi'nde sa\u011fl\u0131k kontrol\u00fcnden ge\u00e7ti. A tak\u0131m oyuncular\u0131m\u0131zdan Eda Erdem D\u00fcndar, Aylin Sar\u0131o\u011flu, Naz Aydemir Akyol, Fatma Y\u0131ld\u0131r\u0131m ve Brankica Mihajlovic\u2026","rel":"","context":"&quot;Haberler&quot; i\u00e7inde","block_context":{"text":"Haberler","link":"https:\/\/sarimelekler.biz\/?cat=7"},"img":{"alt_text":"","src":"https:\/\/i0.wp.com\/sarimelekler.biz\/wp-content\/uploads\/2019\/09\/19-20-Sa%C4%9Fl%C4%B1k-Kontrol%C3%BC-Kapak.jpg?resize=350%2C200&ssl=1","width":350,"height":200,"srcset":"https:\/\/i0.wp.com\/sarimelekler.biz\/wp-content\/uploads\/2019\/09\/19-20-Sa%C4%9Fl%C4%B1k-Kontrol%C3%BC-Kapak.jpg?resize=350%2C200&ssl=1 1x, https:\/\/i0.wp.com\/sarimelekler.biz\/wp-content\/uploads\/2019\/09\/19-20-Sa%C4%9Fl%C4%B1k-Kontrol%C3%BC-Kapak.jpg?resize=525%2C300&ssl=1 1.5x, https:\/\/i0.wp.com\/sarimelekler.biz\/wp-content\/uploads\/2019\/09\/19-20-Sa%C4%9Fl%C4%B1k-Kontrol%C3%BC-Kapak.jpg?resize=700%2C400&ssl=1 2x, https:\/\/i0.wp.com\/sarimelekler.biz\/wp-content\/uploads\/2019\/09\/19-20-Sa%C4%9Fl%C4%B1k-Kontrol%C3%BC-Kapak.jpg?resize=1050%2C600&ssl=1 3x, https:\/\/i0.wp.com\/sarimelekler.biz\/wp-content\/uploads\/2019\/09\/19-20-Sa%C4%9Fl%C4%B1k-Kontrol%C3%BC-Kapak.jpg?resize=1400%2C800&ssl=1 4x"},"classes":[]},{"id":15478,"url":"https:\/\/sarimelekler.biz\/?p=15478","url_meta":{"origin":11995,"position":4},"title":"Naz Aydemir Akyol \u201cSon 10 Y\u0131l\u0131n En \u0130yi 100 Oyuncusu\u201d Listesine Se\u00e7ildi","author":"Edit\u00f6r","date":"16 Mart 2021","format":false,"excerpt":"Fenerbah\u00e7e Opet Kad\u0131n Voleybol Tak\u0131m\u0131m\u0131z ile A Milli Kad\u0131n Voleybol Tak\u0131m\u0131m\u0131z\u0131n pas\u00f6r\u00fc Naz Aydemir Akyol, Uluslararas\u0131 Voleybol Federasyonu FIVB taraf\u0131ndan \"Son 10 Y\u0131l\u0131n En \u0130yi 100 Oyuncusu\" listesine se\u00e7ildi. FIVB'nin resmi internet sitesinde \u201cSporcu Bir Aileyi Gururland\u0131rmak\u201d ba\u015fl\u0131\u011f\u0131yla duyurulan haberde Naz Aydemir Akyol\u2019un ba\u015far\u0131lar\u0131na ve voleybol kariyerine yer verildi. Ailesi\u2026","rel":"","context":"&quot;Haberler&quot; i\u00e7inde","block_context":{"text":"Haberler","link":"https:\/\/sarimelekler.biz\/?cat=7"},"img":{"alt_text":"","src":"https:\/\/i0.wp.com\/sarimelekler.biz\/wp-content\/uploads\/2021\/03\/1.jpg?resize=350%2C200&ssl=1","width":350,"height":200,"srcset":"https:\/\/i0.wp.com\/sarimelekler.biz\/wp-content\/uploads\/2021\/03\/1.jpg?resize=350%2C200&ssl=1 1x, https:\/\/i0.wp.com\/sarimelekler.biz\/wp-content\/uploads\/2021\/03\/1.jpg?resize=525%2C300&ssl=1 1.5x, https:\/\/i0.wp.com\/sarimelekler.biz\/wp-content\/uploads\/2021\/03\/1.jpg?resize=700%2C400&ssl=1 2x"},"classes":[]},{"id":11486,"url":"https:\/\/sarimelekler.biz\/?p=11486","url_meta":{"origin":11995,"position":5},"title":"Dicle Nur Babat Topuk Yaylas\u0131 Kamp\u0131na Kat\u0131ld\u0131.","author":"Edit\u00f6r","date":"31 A\u011fustos 2019","format":false,"excerpt":"Yeni sezona D\u00fczce\u2019nin Kayna\u015fl\u0131 il\u00e7esinde bulunan Serkan Acar Resort&Sport Topuk Yaylas\u0131\u2019nda haz\u0131rlanan Kad\u0131n Voleybol tak\u0131m\u0131m\u0131z kamp\u0131na ge\u00e7ti\u011fimiz g\u00fcnlerde sa\u011f omzundan artroskopik omuz ameliyat\u0131 olan ba\u015far\u0131l\u0131 orta oyuncumuz Dicle Nur Babat\u2019ta kat\u0131ld\u0131. Omzunda halen ameliyat diki\u015fleri bulunan Dicle Nur hen\u00fcz tak\u0131mla birlikte top antrenmanlar\u0131na ba\u015flamazken bir m\u00fcddet kondisyon antrenmanlar\u0131na devam edecek.\u2026","rel":"","context":"&quot;Haberler&quot; i\u00e7inde","block_context":{"text":"Haberler","link":"https:\/\/sarimelekler.biz\/?cat=7"},"img":{"alt_text":"","src":"https:\/\/i0.wp.com\/sarimelekler.biz\/wp-content\/uploads\/2019\/08\/Dicle-Topuk-Yaylas%C4%B1.jpg?resize=350%2C200&ssl=1","width":350,"height":200,"srcset":"https:\/\/i0.wp.com\/sarimelekler.biz\/wp-content\/uploads\/2019\/08\/Dicle-Topuk-Yaylas%C4%B1.jpg?resize=350%2C200&ssl=1 1x, https:\/\/i0.wp.com\/sarimelekler.biz\/wp-content\/uploads\/2019\/08\/Dicle-Topuk-Yaylas%C4%B1.jpg?resize=525%2C300&ssl=1 1.5x, https:\/\/i0.wp.com\/sarimelekler.biz\/wp-content\/uploads\/2019\/08\/Dicle-Topuk-Yaylas%C4%B1.jpg?resize=700%2C400&ssl=1 2x"},"classes":[]}],"_links":{"self":[{"href":"https:\/\/sarimelekler.biz\/index.php?rest_route=\/wp\/v2\/posts\/11995","targetHints":{"allow":["GET"]}}],"collection":[{"href":"https:\/\/sarimelekler.biz\/index.php?rest_route=\/wp\/v2\/posts"}],"about":[{"href":"https:\/\/sarimelekler.biz\/index.php?rest_route=\/wp\/v2\/types\/post"}],"author":[{"embeddable":true,"href":"https:\/\/sarimelekler.biz\/index.php?rest_route=\/wp\/v2\/users\/1"}],"replies":[{"embeddable":true,"href":"https:\/\/sarimelekler.biz\/index.php?rest_route=%2Fwp%2Fv2%2Fcomments&post=11995"}],"version-history":[{"count":2,"href":"https:\/\/sarimelekler.biz\/index.php?rest_route=\/wp\/v2\/posts\/11995\/revisions"}],"predecessor-version":[{"id":12009,"href":"https:\/\/sarimelekler.biz\/index.php?rest_route=\/wp\/v2\/posts\/11995\/revisions\/12009"}],"wp:featuredmedia":[{"embeddable":true,"href":"https:\/\/sarimelekler.biz\/index.php?rest_route=\/wp\/v2\/media\/12007"}],"wp:attachment":[{"href":"https:\/\/sarimelekler.biz\/index.php?rest_route=%2Fwp%2Fv2%2Fmedia&parent=11995"}],"wp:term":[{"taxonomy":"category","embeddable":true,"href":"https:\/\/sarimelekler.biz\/index.php?rest_route=%2Fwp%2Fv2%2Fcategories&post=11995"},{"taxonomy":"post_tag","embeddable":true,"href":"https:\/\/sarimelekler.biz\/index.php?rest_route=%2Fwp%2Fv2%2Ftags&post=11995"}],"curies":[{"name":"wp","href":"https:\/\/api.w.org\/{rel}","templated":true}]}}