{"id":12581,"date":"2019-12-07T23:03:12","date_gmt":"2019-12-07T20:03:12","guid":{"rendered":"http:\/\/sarimelekler.biz\/?p=12581"},"modified":"2019-12-07T23:03:18","modified_gmt":"2019-12-07T20:03:18","slug":"itu-en-iyi-sporcu-odulunu-kaptanimiz-eda-erdem-dundar-aldi","status":"publish","type":"post","link":"https:\/\/sarimelekler.biz\/?p=12581","title":{"rendered":"\u0130T\u00dc \u201cEn \u0130yi Sporcu\u201d \u00d6d\u00fcl\u00fcn\u00fc Kaptan\u0131m\u0131z Eda Erdem D\u00fcndar Ald\u0131."},"content":{"rendered":"<p style=\"text-align: justify;\">\u0130stanbul Teknik \u00dcniversitesi (\u0130T\u00dc) \u0130\u015fletme M\u00fchendisli\u011fi Kul\u00fcb\u00fc taraf\u0131ndan bu y\u0131l. 9\u2019uncusu ger\u00e7ekle\u015ftirilen Sosyal Medya \u00d6d\u00fclleri d\u00fczenlenen t\u00f6renle sahiplerini buldu.<\/p>\n<p style=\"text-align: justify;\">\u0130T\u00dc Mustafa Kemal Amfisi\u2019nde d\u00fczenlenen 9. Sosyal Medya \u00d6d\u00fcl T\u00f6reni\u2019nde Kul\u00fcb\u00fcm\u00fcz \u201c<strong>En \u0130yi Spor Kul\u00fcb\u00fc<\/strong>\u201d kategorisinde \u00f6d\u00fcl al\u0131rken, Fenerbah\u00e7e Opet Kad\u0131n Voleybol Tak\u0131m\u0131m\u0131z\u0131n kaptan\u0131 Eda Erdem D\u00fcndar da \u201c<strong>En \u0130yi Sporcu<\/strong>\u201d \u00f6d\u00fcl\u00fcn\u00fcn sahibi oldu. Kul\u00fcb\u00fcm\u00fcz ad\u0131na \u00f6d\u00fcl\u00fc \u0130leti\u015fim Koordinat\u00f6r\u00fcm\u00fcz Can Gebeta\u015f ald\u0131.<\/p>\n<p style=\"text-align: justify;\">Te\u015fekk\u00fcr konu\u015fmalar\u0131n\u0131n ard\u0131ndan \u00f6d\u00fcl t\u00f6reni toplu foto\u011fraf \u00e7ekimiyle tamamland\u0131.<\/p>\n\n\t\t<style type=\"text\/css\">\n\t\t\t#gallery-1 {\n\t\t\t\tmargin: auto;\n\t\t\t}\n\t\t\t#gallery-1 .gallery-item {\n\t\t\t\tfloat: left;\n\t\t\t\tmargin-top: 10px;\n\t\t\t\ttext-align: center;\n\t\t\t\twidth: 20%;\n\t\t\t}\n\t\t\t#gallery-1 img {\n\t\t\t\tborder: 2px solid #cfcfcf;\n\t\t\t}\n\t\t\t#gallery-1 .gallery-caption {\n\t\t\t\tmargin-left: 0;\n\t\t\t}\n\t\t\t\/* see gallery_shortcode() in wp-includes\/media.php *\/\n\t\t<\/style>\n\t\t<div data-carousel-extra='{&quot;blog_id&quot;:1,&quot;permalink&quot;:&quot;https:\/\/sarimelekler.biz\/?p=12581&quot;}' id='gallery-1' class='gallery galleryid-12581 gallery-columns-5 gallery-size-thumbnail'><dl class='gallery-item'>\n\t\t\t<dt class='gallery-icon landscape'>\n\t\t\t\t<a href='https:\/\/sarimelekler.biz\/?attachment_id=12582'><img loading=\"lazy\" decoding=\"async\" width=\"150\" height=\"150\" src=\"https:\/\/sarimelekler.biz\/wp-content\/uploads\/2019\/12\/Eda-\u0130T\u00dc-\u00d6d\u00fcl-2019-1-150x150.jpg\" class=\"attachment-thumbnail size-thumbnail\" alt=\"\" data-attachment-id=\"12582\" data-permalink=\"https:\/\/sarimelekler.biz\/?attachment_id=12582\" data-orig-file=\"https:\/\/sarimelekler.biz\/wp-content\/uploads\/2019\/12\/Eda-\u0130T\u00dc-\u00d6d\u00fcl-2019-1.jpg\" data-orig-size=\"3000,2152\" data-comments-opened=\"0\" data-image-meta=\"{&quot;aperture&quot;:&quot;2.8&quot;,&quot;credit&quot;:&quot;&quot;,&quot;camera&quot;:&quot;Canon EOS-1D X&quot;,&quot;caption&quot;:&quot;&quot;,&quot;created_timestamp&quot;:&quot;1575750220&quot;,&quot;copyright&quot;:&quot;&quot;,&quot;focal_length&quot;:&quot;70&quot;,&quot;iso&quot;:&quot;1000&quot;,&quot;shutter_speed&quot;:&quot;0.004&quot;,&quot;title&quot;:&quot;&quot;,&quot;orientation&quot;:&quot;1&quot;}\" data-image-title=\"Eda \u0130T\u00dc \u00d6d\u00fcl 2019 (1)\" data-image-description=\"\" data-image-caption=\"\" data-large-file=\"https:\/\/sarimelekler.biz\/wp-content\/uploads\/2019\/12\/Eda-\u0130T\u00dc-\u00d6d\u00fcl-2019-1-1024x735.jpg\" \/><\/a>\n\t\t\t<\/dt><\/dl><dl class='gallery-item'>\n\t\t\t<dt class='gallery-icon landscape'>\n\t\t\t\t<a href='https:\/\/sarimelekler.biz\/?attachment_id=12583'><img loading=\"lazy\" decoding=\"async\" width=\"150\" height=\"150\" src=\"https:\/\/sarimelekler.biz\/wp-content\/uploads\/2019\/12\/Eda-\u0130T\u00dc-\u00d6d\u00fcl-2019-2-150x150.jpg\" class=\"attachment-thumbnail size-thumbnail\" alt=\"\" data-attachment-id=\"12583\" data-permalink=\"https:\/\/sarimelekler.biz\/?attachment_id=12583\" data-orig-file=\"https:\/\/sarimelekler.biz\/wp-content\/uploads\/2019\/12\/Eda-\u0130T\u00dc-\u00d6d\u00fcl-2019-2.jpg\" data-orig-size=\"3000,2259\" data-comments-opened=\"0\" data-image-meta=\"{&quot;aperture&quot;:&quot;2.8&quot;,&quot;credit&quot;:&quot;&quot;,&quot;camera&quot;:&quot;Canon EOS-1D X&quot;,&quot;caption&quot;:&quot;&quot;,&quot;created_timestamp&quot;:&quot;1575750193&quot;,&quot;copyright&quot;:&quot;&quot;,&quot;focal_length&quot;:&quot;38&quot;,&quot;iso&quot;:&quot;1000&quot;,&quot;shutter_speed&quot;:&quot;0.004&quot;,&quot;title&quot;:&quot;&quot;,&quot;orientation&quot;:&quot;1&quot;}\" data-image-title=\"Eda \u0130T\u00dc \u00d6d\u00fcl 2019 (2)\" data-image-description=\"\" data-image-caption=\"\" data-large-file=\"https:\/\/sarimelekler.biz\/wp-content\/uploads\/2019\/12\/Eda-\u0130T\u00dc-\u00d6d\u00fcl-2019-2-1024x771.jpg\" \/><\/a>\n\t\t\t<\/dt><\/dl><dl class='gallery-item'>\n\t\t\t<dt class='gallery-icon landscape'>\n\t\t\t\t<a href='https:\/\/sarimelekler.biz\/?attachment_id=12584'><img loading=\"lazy\" decoding=\"async\" width=\"150\" height=\"150\" src=\"https:\/\/sarimelekler.biz\/wp-content\/uploads\/2019\/12\/Eda-\u0130T\u00dc-\u00d6d\u00fcl-2019-3-150x150.jpg\" class=\"attachment-thumbnail size-thumbnail\" alt=\"\" data-attachment-id=\"12584\" data-permalink=\"https:\/\/sarimelekler.biz\/?attachment_id=12584\" data-orig-file=\"https:\/\/sarimelekler.biz\/wp-content\/uploads\/2019\/12\/Eda-\u0130T\u00dc-\u00d6d\u00fcl-2019-3.jpg\" data-orig-size=\"3000,2496\" data-comments-opened=\"0\" data-image-meta=\"{&quot;aperture&quot;:&quot;2.8&quot;,&quot;credit&quot;:&quot;&quot;,&quot;camera&quot;:&quot;Canon EOS-1D X&quot;,&quot;caption&quot;:&quot;&quot;,&quot;created_timestamp&quot;:&quot;1575750194&quot;,&quot;copyright&quot;:&quot;&quot;,&quot;focal_length&quot;:&quot;31&quot;,&quot;iso&quot;:&quot;1000&quot;,&quot;shutter_speed&quot;:&quot;0.004&quot;,&quot;title&quot;:&quot;&quot;,&quot;orientation&quot;:&quot;1&quot;}\" data-image-title=\"Eda \u0130T\u00dc \u00d6d\u00fcl 2019 (3)\" data-image-description=\"\" data-image-caption=\"\" data-large-file=\"https:\/\/sarimelekler.biz\/wp-content\/uploads\/2019\/12\/Eda-\u0130T\u00dc-\u00d6d\u00fcl-2019-3-1024x852.jpg\" \/><\/a>\n\t\t\t<\/dt><\/dl><dl class='gallery-item'>\n\t\t\t<dt class='gallery-icon landscape'>\n\t\t\t\t<a href='https:\/\/sarimelekler.biz\/?attachment_id=12585'><img loading=\"lazy\" decoding=\"async\" width=\"150\" height=\"150\" src=\"https:\/\/sarimelekler.biz\/wp-content\/uploads\/2019\/12\/Eda-\u0130T\u00dc-\u00d6d\u00fcl-2019-4-150x150.jpg\" class=\"attachment-thumbnail size-thumbnail\" alt=\"\" data-attachment-id=\"12585\" data-permalink=\"https:\/\/sarimelekler.biz\/?attachment_id=12585\" data-orig-file=\"https:\/\/sarimelekler.biz\/wp-content\/uploads\/2019\/12\/Eda-\u0130T\u00dc-\u00d6d\u00fcl-2019-4.jpg\" data-orig-size=\"3000,2251\" data-comments-opened=\"0\" data-image-meta=\"{&quot;aperture&quot;:&quot;2.8&quot;,&quot;credit&quot;:&quot;&quot;,&quot;camera&quot;:&quot;Canon EOS-1D X&quot;,&quot;caption&quot;:&quot;&quot;,&quot;created_timestamp&quot;:&quot;1575750571&quot;,&quot;copyright&quot;:&quot;&quot;,&quot;focal_length&quot;:&quot;24&quot;,&quot;iso&quot;:&quot;1000&quot;,&quot;shutter_speed&quot;:&quot;0.004&quot;,&quot;title&quot;:&quot;&quot;,&quot;orientation&quot;:&quot;1&quot;}\" data-image-title=\"Eda \u0130T\u00dc \u00d6d\u00fcl 2019 (4)\" data-image-description=\"\" data-image-caption=\"\" data-large-file=\"https:\/\/sarimelekler.biz\/wp-content\/uploads\/2019\/12\/Eda-\u0130T\u00dc-\u00d6d\u00fcl-2019-4-1024x768.jpg\" \/><\/a>\n\t\t\t<\/dt><\/dl><dl class='gallery-item'>\n\t\t\t<dt class='gallery-icon landscape'>\n\t\t\t\t<a href='https:\/\/sarimelekler.biz\/?attachment_id=12586'><img loading=\"lazy\" decoding=\"async\" width=\"150\" height=\"150\" src=\"https:\/\/sarimelekler.biz\/wp-content\/uploads\/2019\/12\/Eda-\u0130T\u00dc-\u00d6d\u00fcl-2019-5-150x150.jpg\" class=\"attachment-thumbnail size-thumbnail\" alt=\"\" data-attachment-id=\"12586\" data-permalink=\"https:\/\/sarimelekler.biz\/?attachment_id=12586\" data-orig-file=\"https:\/\/sarimelekler.biz\/wp-content\/uploads\/2019\/12\/Eda-\u0130T\u00dc-\u00d6d\u00fcl-2019-5.jpg\" data-orig-size=\"3000,2607\" data-comments-opened=\"0\" data-image-meta=\"{&quot;aperture&quot;:&quot;2.8&quot;,&quot;credit&quot;:&quot;&quot;,&quot;camera&quot;:&quot;Canon EOS-1D X&quot;,&quot;caption&quot;:&quot;&quot;,&quot;created_timestamp&quot;:&quot;1575750204&quot;,&quot;copyright&quot;:&quot;&quot;,&quot;focal_length&quot;:&quot;35&quot;,&quot;iso&quot;:&quot;1000&quot;,&quot;shutter_speed&quot;:&quot;0.004&quot;,&quot;title&quot;:&quot;&quot;,&quot;orientation&quot;:&quot;1&quot;}\" data-image-title=\"Eda \u0130T\u00dc \u00d6d\u00fcl 2019 (5)\" data-image-description=\"\" data-image-caption=\"\" data-large-file=\"https:\/\/sarimelekler.biz\/wp-content\/uploads\/2019\/12\/Eda-\u0130T\u00dc-\u00d6d\u00fcl-2019-5-1024x890.jpg\" \/><\/a>\n\t\t\t<\/dt><\/dl><br style=\"clear: both\" \/><dl class='gallery-item'>\n\t\t\t<dt class='gallery-icon landscape'>\n\t\t\t\t<a href='https:\/\/sarimelekler.biz\/?attachment_id=12587'><img loading=\"lazy\" decoding=\"async\" width=\"150\" height=\"150\" src=\"https:\/\/sarimelekler.biz\/wp-content\/uploads\/2019\/12\/Eda-\u0130T\u00dc-\u00d6d\u00fcl-2019-6-150x150.jpg\" class=\"attachment-thumbnail size-thumbnail\" alt=\"\" data-attachment-id=\"12587\" data-permalink=\"https:\/\/sarimelekler.biz\/?attachment_id=12587\" data-orig-file=\"https:\/\/sarimelekler.biz\/wp-content\/uploads\/2019\/12\/Eda-\u0130T\u00dc-\u00d6d\u00fcl-2019-6.jpg\" data-orig-size=\"3000,2282\" data-comments-opened=\"0\" data-image-meta=\"{&quot;aperture&quot;:&quot;2.8&quot;,&quot;credit&quot;:&quot;&quot;,&quot;camera&quot;:&quot;Canon EOS-1D X&quot;,&quot;caption&quot;:&quot;&quot;,&quot;created_timestamp&quot;:&quot;1575750560&quot;,&quot;copyright&quot;:&quot;&quot;,&quot;focal_length&quot;:&quot;24&quot;,&quot;iso&quot;:&quot;1000&quot;,&quot;shutter_speed&quot;:&quot;0.004&quot;,&quot;title&quot;:&quot;&quot;,&quot;orientation&quot;:&quot;1&quot;}\" data-image-title=\"Eda \u0130T\u00dc \u00d6d\u00fcl 2019 (6)\" data-image-description=\"\" data-image-caption=\"\" data-large-file=\"https:\/\/sarimelekler.biz\/wp-content\/uploads\/2019\/12\/Eda-\u0130T\u00dc-\u00d6d\u00fcl-2019-6-1024x779.jpg\" \/><\/a>\n\t\t\t<\/dt><\/dl><dl class='gallery-item'>\n\t\t\t<dt class='gallery-icon landscape'>\n\t\t\t\t<a href='https:\/\/sarimelekler.biz\/?attachment_id=12588'><img loading=\"lazy\" decoding=\"async\" width=\"150\" height=\"150\" src=\"https:\/\/sarimelekler.biz\/wp-content\/uploads\/2019\/12\/Eda-\u0130T\u00dc-\u00d6d\u00fcl-2019-7-150x150.jpg\" class=\"attachment-thumbnail size-thumbnail\" alt=\"\" data-attachment-id=\"12588\" data-permalink=\"https:\/\/sarimelekler.biz\/?attachment_id=12588\" data-orig-file=\"https:\/\/sarimelekler.biz\/wp-content\/uploads\/2019\/12\/Eda-\u0130T\u00dc-\u00d6d\u00fcl-2019-7.jpg\" data-orig-size=\"3000,2496\" data-comments-opened=\"0\" data-image-meta=\"{&quot;aperture&quot;:&quot;2.8&quot;,&quot;credit&quot;:&quot;&quot;,&quot;camera&quot;:&quot;Canon EOS-1D X&quot;,&quot;caption&quot;:&quot;&quot;,&quot;created_timestamp&quot;:&quot;1575750194&quot;,&quot;copyright&quot;:&quot;&quot;,&quot;focal_length&quot;:&quot;31&quot;,&quot;iso&quot;:&quot;1000&quot;,&quot;shutter_speed&quot;:&quot;0.004&quot;,&quot;title&quot;:&quot;&quot;,&quot;orientation&quot;:&quot;1&quot;}\" data-image-title=\"Eda \u0130T\u00dc \u00d6d\u00fcl 2019 (7)\" data-image-description=\"\" data-image-caption=\"\" data-large-file=\"https:\/\/sarimelekler.biz\/wp-content\/uploads\/2019\/12\/Eda-\u0130T\u00dc-\u00d6d\u00fcl-2019-7-1024x852.jpg\" \/><\/a>\n\t\t\t<\/dt><\/dl><dl class='gallery-item'>\n\t\t\t<dt class='gallery-icon landscape'>\n\t\t\t\t<a href='https:\/\/sarimelekler.biz\/?attachment_id=12589'><img loading=\"lazy\" decoding=\"async\" width=\"150\" height=\"150\" src=\"https:\/\/sarimelekler.biz\/wp-content\/uploads\/2019\/12\/Eda-\u0130T\u00dc-\u00d6d\u00fcl-2019-8-150x150.jpg\" class=\"attachment-thumbnail size-thumbnail\" alt=\"\" data-attachment-id=\"12589\" data-permalink=\"https:\/\/sarimelekler.biz\/?attachment_id=12589\" data-orig-file=\"https:\/\/sarimelekler.biz\/wp-content\/uploads\/2019\/12\/Eda-\u0130T\u00dc-\u00d6d\u00fcl-2019-8.jpg\" data-orig-size=\"3000,2721\" data-comments-opened=\"0\" data-image-meta=\"{&quot;aperture&quot;:&quot;2.8&quot;,&quot;credit&quot;:&quot;&quot;,&quot;camera&quot;:&quot;Canon EOS-1D X&quot;,&quot;caption&quot;:&quot;&quot;,&quot;created_timestamp&quot;:&quot;1575750547&quot;,&quot;copyright&quot;:&quot;&quot;,&quot;focal_length&quot;:&quot;24&quot;,&quot;iso&quot;:&quot;1000&quot;,&quot;shutter_speed&quot;:&quot;0.004&quot;,&quot;title&quot;:&quot;&quot;,&quot;orientation&quot;:&quot;1&quot;}\" data-image-title=\"Eda \u0130T\u00dc \u00d6d\u00fcl 2019 (8)\" data-image-description=\"\" data-image-caption=\"\" data-large-file=\"https:\/\/sarimelekler.biz\/wp-content\/uploads\/2019\/12\/Eda-\u0130T\u00dc-\u00d6d\u00fcl-2019-8-1024x929.jpg\" \/><\/a>\n\t\t\t<\/dt><\/dl><dl class='gallery-item'>\n\t\t\t<dt class='gallery-icon landscape'>\n\t\t\t\t<a href='https:\/\/sarimelekler.biz\/?attachment_id=12590'><img loading=\"lazy\" decoding=\"async\" width=\"150\" height=\"150\" src=\"https:\/\/sarimelekler.biz\/wp-content\/uploads\/2019\/12\/Eda-\u0130T\u00dc-\u00d6d\u00fcl-2019-9-150x150.jpg\" class=\"attachment-thumbnail size-thumbnail\" alt=\"\" data-attachment-id=\"12590\" data-permalink=\"https:\/\/sarimelekler.biz\/?attachment_id=12590\" data-orig-file=\"https:\/\/sarimelekler.biz\/wp-content\/uploads\/2019\/12\/Eda-\u0130T\u00dc-\u00d6d\u00fcl-2019-9.jpg\" data-orig-size=\"3000,2165\" data-comments-opened=\"0\" data-image-meta=\"{&quot;aperture&quot;:&quot;2.8&quot;,&quot;credit&quot;:&quot;&quot;,&quot;camera&quot;:&quot;Canon EOS-1D X&quot;,&quot;caption&quot;:&quot;&quot;,&quot;created_timestamp&quot;:&quot;1575750221&quot;,&quot;copyright&quot;:&quot;&quot;,&quot;focal_length&quot;:&quot;70&quot;,&quot;iso&quot;:&quot;1000&quot;,&quot;shutter_speed&quot;:&quot;0.004&quot;,&quot;title&quot;:&quot;&quot;,&quot;orientation&quot;:&quot;1&quot;}\" data-image-title=\"Eda \u0130T\u00dc \u00d6d\u00fcl 2019 (9)\" data-image-description=\"\" data-image-caption=\"\" data-large-file=\"https:\/\/sarimelekler.biz\/wp-content\/uploads\/2019\/12\/Eda-\u0130T\u00dc-\u00d6d\u00fcl-2019-9-1024x739.jpg\" \/><\/a>\n\t\t\t<\/dt><\/dl><dl class='gallery-item'>\n\t\t\t<dt class='gallery-icon landscape'>\n\t\t\t\t<a href='https:\/\/sarimelekler.biz\/?attachment_id=12591'><img loading=\"lazy\" decoding=\"async\" width=\"150\" height=\"150\" src=\"https:\/\/sarimelekler.biz\/wp-content\/uploads\/2019\/12\/Eda-\u0130T\u00dc-\u00d6d\u00fcl-2019-10-150x150.jpg\" class=\"attachment-thumbnail size-thumbnail\" alt=\"\" data-attachment-id=\"12591\" data-permalink=\"https:\/\/sarimelekler.biz\/?attachment_id=12591\" data-orig-file=\"https:\/\/sarimelekler.biz\/wp-content\/uploads\/2019\/12\/Eda-\u0130T\u00dc-\u00d6d\u00fcl-2019-10.jpg\" data-orig-size=\"3000,2372\" data-comments-opened=\"0\" data-image-meta=\"{&quot;aperture&quot;:&quot;2.8&quot;,&quot;credit&quot;:&quot;&quot;,&quot;camera&quot;:&quot;Canon EOS-1D X&quot;,&quot;caption&quot;:&quot;&quot;,&quot;created_timestamp&quot;:&quot;1575750184&quot;,&quot;copyright&quot;:&quot;&quot;,&quot;focal_length&quot;:&quot;28&quot;,&quot;iso&quot;:&quot;1000&quot;,&quot;shutter_speed&quot;:&quot;0.004&quot;,&quot;title&quot;:&quot;&quot;,&quot;orientation&quot;:&quot;1&quot;}\" data-image-title=\"Eda \u0130T\u00dc \u00d6d\u00fcl 2019 (10)\" data-image-description=\"\" data-image-caption=\"\" data-large-file=\"https:\/\/sarimelekler.biz\/wp-content\/uploads\/2019\/12\/Eda-\u0130T\u00dc-\u00d6d\u00fcl-2019-10-1024x810.jpg\" \/><\/a>\n\t\t\t<\/dt><\/dl><br style=\"clear: both\" \/>\n\t\t<\/div>\n\n<p>Kaynak:\u00a0<a href=\"https:\/\/www.fenerbahce.org\/haberler\/kulup\/2019\/12\/ogrenciler-tarafindan-odullendirildik\" target=\"_blank\" rel=\"noopener noreferrer\">Fenerbah\u00e7e SK Resmi \u0130nternet Sitesi<\/a><\/p>\n","protected":false},"excerpt":{"rendered":"<p>\u0130stanbul Teknik \u00dcniversitesi (\u0130T\u00dc) \u0130\u015fletme M\u00fchendisli\u011fi Kul\u00fcb\u00fc taraf\u0131ndan bu y\u0131l. \u2026 <a class=\"continue-reading-link\" href=\"https:\/\/sarimelekler.biz\/?p=12581\">Okumaya Devam Et.. <span class=\"meta-nav\">&rarr; <\/span><\/a><\/p>\n","protected":false},"author":1,"featured_media":12590,"comment_status":"closed","ping_status":"open","sticky":false,"template":"","format":"standard","meta":{"jetpack_post_was_ever_published":false,"_jetpack_newsletter_access":"","_jetpack_dont_email_post_to_subs":false,"_jetpack_newsletter_tier_id":0,"_jetpack_memberships_contains_paywalled_content":false,"_jetpack_memberships_contains_paid_content":false,"footnotes":"","jetpack_publicize_message":"","jetpack_publicize_feature_enabled":true,"jetpack_social_post_already_shared":true,"jetpack_social_options":{"image_generator_settings":{"template":"highway","default_image_id":0,"font":"","enabled":false},"version":2}},"categories":[7],"tags":[],"class_list":["post-12581","post","type-post","status-publish","format-standard","has-post-thumbnail","hentry","category-haberler"],"jetpack_publicize_connections":[],"jetpack_featured_media_url":"https:\/\/sarimelekler.biz\/wp-content\/uploads\/2019\/12\/Eda-\u0130T\u00dc-\u00d6d\u00fcl-2019-9.jpg","jetpack_sharing_enabled":true,"jetpack_shortlink":"https:\/\/wp.me\/p8npUZ-3gV","jetpack-related-posts":[{"id":13173,"url":"https:\/\/sarimelekler.biz\/?p=13173","url_meta":{"origin":12581,"position":0},"title":"Efsanemiz Eda Erdem D\u00fcndar, \u201cY\u0131l\u0131n En \u0130yi Kad\u0131n Sporcusu\u201d \u00d6d\u00fcl\u00fcne Lay\u0131k G\u00f6r\u00fcld\u00fc","author":"Edit\u00f6r","date":"25 \u015eubat 2020","format":false,"excerpt":"Yeditepe \u00dcniversitesi \u00f6\u011frencilerinin, 2019 y\u0131l\u0131n\u0131n en iyilerini belirledi\u011fi 8.Yeditepe Dilek \u00d6d\u00fclleri sahiplerini buldu. \u00dcniversitelerde sosyal sorumluluk alan\u0131nda yap\u0131lan ilk \u00f6d\u00fcl t\u00f6reni olma \u00f6zelli\u011fini ta\u015f\u0131yan Yeditepe Dilek \u00d6d\u00fclleri'nin sekizincisi, Yeditepe \u00dcniversitesi \u0130nan K\u0131ra\u00e7 Salonu'nda ger\u00e7ekle\u015ftirildi. K\u00fclt\u00fcr, sanat, spor, medya ve internet alanlar\u0131nda \u00f6d\u00fcle de\u011fer g\u00f6r\u00fclen isimler bir araya gelirken; t\u00f6rene kat\u0131lan\u2026","rel":"","context":"&quot;Haberler&quot; i\u00e7inde","block_context":{"text":"Haberler","link":"https:\/\/sarimelekler.biz\/?cat=7"},"img":{"alt_text":"","src":"https:\/\/i0.wp.com\/sarimelekler.biz\/wp-content\/uploads\/2020\/02\/Eda-Yeditepe-%C3%9Cni.-2.jpg?resize=350%2C200&ssl=1","width":350,"height":200,"srcset":"https:\/\/i0.wp.com\/sarimelekler.biz\/wp-content\/uploads\/2020\/02\/Eda-Yeditepe-%C3%9Cni.-2.jpg?resize=350%2C200&ssl=1 1x, https:\/\/i0.wp.com\/sarimelekler.biz\/wp-content\/uploads\/2020\/02\/Eda-Yeditepe-%C3%9Cni.-2.jpg?resize=525%2C300&ssl=1 1.5x, https:\/\/i0.wp.com\/sarimelekler.biz\/wp-content\/uploads\/2020\/02\/Eda-Yeditepe-%C3%9Cni.-2.jpg?resize=700%2C400&ssl=1 2x, https:\/\/i0.wp.com\/sarimelekler.biz\/wp-content\/uploads\/2020\/02\/Eda-Yeditepe-%C3%9Cni.-2.jpg?resize=1050%2C600&ssl=1 3x, https:\/\/i0.wp.com\/sarimelekler.biz\/wp-content\/uploads\/2020\/02\/Eda-Yeditepe-%C3%9Cni.-2.jpg?resize=1400%2C800&ssl=1 4x"},"classes":[]},{"id":20882,"url":"https:\/\/sarimelekler.biz\/?p=20882","url_meta":{"origin":12581,"position":1},"title":"Sar\u0131 Melekler \u015eampiyonluk Kupas\u0131n\u0131 Ald\u0131","author":"Edit\u00f6r","date":"21 Nisan 2024","format":false,"excerpt":"Fenerbah\u00e7e Opet Kad\u0131n Voleybol Tak\u0131m\u0131m\u0131z, Vodafone Sultanlar Ligi final serisinde Eczac\u0131ba\u015f\u0131 Dynavit tak\u0131m\u0131n\u0131 toplamda 3-2 yenerek \u00fcst \u00fcste iki kez olmak \u00fczere 7. kez \u015eampiyon oldu. Sar\u0131 Melekler 2010-2011 \u015eampiyonlu\u011fundan sonra bu \u015fampiyonluk kupa seremonisinde de \u201cMelek Kanad\u0131\u201d takt\u0131. Ma\u00e7 sonu d\u00fczenlenen kupa seremonisinde Kaptan\u0131m\u0131z Eda Erdem yine \u015eampiyonluk Kupas\u0131n\u0131\u2026","rel":"","context":"&quot;T\u00fcrkiye Ligi&quot; i\u00e7inde","block_context":{"text":"T\u00fcrkiye Ligi","link":"https:\/\/sarimelekler.biz\/?cat=6"},"img":{"alt_text":"","src":"https:\/\/i0.wp.com\/sarimelekler.biz\/wp-content\/uploads\/2024\/04\/23-24-33-Kupa-Seremonisi-19.jpg?resize=350%2C200&ssl=1","width":350,"height":200,"srcset":"https:\/\/i0.wp.com\/sarimelekler.biz\/wp-content\/uploads\/2024\/04\/23-24-33-Kupa-Seremonisi-19.jpg?resize=350%2C200&ssl=1 1x, https:\/\/i0.wp.com\/sarimelekler.biz\/wp-content\/uploads\/2024\/04\/23-24-33-Kupa-Seremonisi-19.jpg?resize=525%2C300&ssl=1 1.5x, https:\/\/i0.wp.com\/sarimelekler.biz\/wp-content\/uploads\/2024\/04\/23-24-33-Kupa-Seremonisi-19.jpg?resize=700%2C400&ssl=1 2x, https:\/\/i0.wp.com\/sarimelekler.biz\/wp-content\/uploads\/2024\/04\/23-24-33-Kupa-Seremonisi-19.jpg?resize=1050%2C600&ssl=1 3x, https:\/\/i0.wp.com\/sarimelekler.biz\/wp-content\/uploads\/2024\/04\/23-24-33-Kupa-Seremonisi-19.jpg?resize=1400%2C800&ssl=1 4x"},"classes":[]},{"id":18902,"url":"https:\/\/sarimelekler.biz\/?p=18902","url_meta":{"origin":12581,"position":2},"title":"Kaptan\u0131m\u0131z Eda Erdem D\u00fcndar\u2019a Fair Play \u00d6d\u00fcl\u00fc Takdim Edildi","author":"Edit\u00f6r","date":"28 \u015eubat 2023","format":false,"excerpt":"Kaptan\u0131m\u0131z Eda Erdem D\u00fcndar, Uluslararas\u0131 Voleybol Federasyonu (FIVB) taraf\u0131ndan \u201cTarihin En \u0130yi 100 Oyuncusu\u201d aras\u0131nda g\u00f6sterilmesi ve \u201c2021 y\u0131l\u0131n\u0131n en iyi 12 kad\u0131n voleybolcusu\u201d listesinde yer almas\u0131 dolay\u0131s\u0131yla T\u00fcrkiye Milli Olimpiyat Komitesi (TMOK) Fair Play Komisyonu taraf\u0131ndan verilen 2021 T\u00fcrkiye Fair Play \u00d6d\u00fclleri\u2019nde Sportif Kariyer Dal\u0131nda \u015eeref Diplomas\u0131\u2019na lay\u0131k g\u00f6r\u00fclm\u00fc\u015ft\u00fc.\u2026","rel":"","context":"&quot;Haberler&quot; i\u00e7inde","block_context":{"text":"Haberler","link":"https:\/\/sarimelekler.biz\/?cat=7"},"img":{"alt_text":"","src":"https:\/\/i0.wp.com\/sarimelekler.biz\/wp-content\/uploads\/2023\/03\/Eda-TMOK-2.jpg?resize=350%2C200&ssl=1","width":350,"height":200,"srcset":"https:\/\/i0.wp.com\/sarimelekler.biz\/wp-content\/uploads\/2023\/03\/Eda-TMOK-2.jpg?resize=350%2C200&ssl=1 1x, https:\/\/i0.wp.com\/sarimelekler.biz\/wp-content\/uploads\/2023\/03\/Eda-TMOK-2.jpg?resize=525%2C300&ssl=1 1.5x, https:\/\/i0.wp.com\/sarimelekler.biz\/wp-content\/uploads\/2023\/03\/Eda-TMOK-2.jpg?resize=700%2C400&ssl=1 2x, https:\/\/i0.wp.com\/sarimelekler.biz\/wp-content\/uploads\/2023\/03\/Eda-TMOK-2.jpg?resize=1050%2C600&ssl=1 3x, https:\/\/i0.wp.com\/sarimelekler.biz\/wp-content\/uploads\/2023\/03\/Eda-TMOK-2.jpg?resize=1400%2C800&ssl=1 4x"},"classes":[]},{"id":15701,"url":"https:\/\/sarimelekler.biz\/?p=15701","url_meta":{"origin":12581,"position":3},"title":"Fenerbah\u00e7e Opet Kad\u0131n Voleybol Tak\u0131m\u0131m\u0131z, \u0130kincilik \u015eiltini Ald\u0131","author":"Edit\u00f6r","date":"16 Nisan 2021","format":false,"excerpt":"Fenerbah\u00e7e Opet Kad\u0131n Voleybol Tak\u0131m\u0131m\u0131z, teknik ekip ve oyuncular\u0131m\u0131zda son bir hafta i\u00e7erisinde g\u00f6r\u00fclen Covid-19 Vakalar\u0131 sebebiyle d\u00fcn misli.com Sultanlar Ligi final serisi \u00fc\u00e7\u00fcnc\u00fc ma\u00e7\u0131na \u00e7\u0131kmama karar\u0131 almas\u0131 \u00fczerine tak\u0131m\u0131m\u0131z bug\u00fcn oynanacak ma\u00e7ta h\u00fckmen yenik say\u0131ld\u0131 ve serinin 3-0\u2019a gelmesiyle \u015eampiyon Vak\u0131fbank oldu. G\u00fcn i\u00e7erisinde \u015eampiyonluk, ikincilik ve bireysel \u00f6d\u00fcl\u2026","rel":"","context":"&quot;T\u00fcrkiye Ligi&quot; i\u00e7inde","block_context":{"text":"T\u00fcrkiye Ligi","link":"https:\/\/sarimelekler.biz\/?cat=6"},"img":{"alt_text":"","src":"https:\/\/i0.wp.com\/sarimelekler.biz\/wp-content\/uploads\/2021\/04\/36-2020-21-18.jpg?resize=350%2C200&ssl=1","width":350,"height":200,"srcset":"https:\/\/i0.wp.com\/sarimelekler.biz\/wp-content\/uploads\/2021\/04\/36-2020-21-18.jpg?resize=350%2C200&ssl=1 1x, https:\/\/i0.wp.com\/sarimelekler.biz\/wp-content\/uploads\/2021\/04\/36-2020-21-18.jpg?resize=525%2C300&ssl=1 1.5x, https:\/\/i0.wp.com\/sarimelekler.biz\/wp-content\/uploads\/2021\/04\/36-2020-21-18.jpg?resize=700%2C400&ssl=1 2x, https:\/\/i0.wp.com\/sarimelekler.biz\/wp-content\/uploads\/2021\/04\/36-2020-21-18.jpg?resize=1050%2C600&ssl=1 3x, https:\/\/i0.wp.com\/sarimelekler.biz\/wp-content\/uploads\/2021\/04\/36-2020-21-18.jpg?resize=1400%2C800&ssl=1 4x"},"classes":[]},{"id":11863,"url":"https:\/\/sarimelekler.biz\/?p=11863","url_meta":{"origin":12581,"position":4},"title":"Eda Erdem D\u00fcndar ile Brankica Mihajlovic R\u00fcya Tak\u0131ma se\u00e7ildi","author":"Edit\u00f6r","date":"21 Eyl\u00fcl 2019","format":false,"excerpt":"\u00dclkemizin de ev sahipli\u011fiyle d\u00f6rt \u00fclkenin ortakla\u015fa d\u00fczenledi\u011fi 2019 CEV Kad\u0131nlar Avrupa Voleybol \u015eampiyonas\u0131\u2019nda gurur verici bir ba\u015far\u0131ya imza atarak Avrupa ikincisi olan Milli Tak\u0131m\u0131m\u0131z\u0131n kaptan\u0131 Eda Erdem D\u00fcndar ile Fenerbah\u00e7e Opet Kad\u0131n Voleybol Tak\u0131m\u0131m\u0131z\u0131n yeni transferi S\u0131rp Brankica Mihajlovic, turnuvan\u0131n R\u00fcya Tak\u0131m\u0131\u2019nda yer ald\u0131. Avrupa Voleybol \u015eampiyonas\u0131 Final ma\u00e7\u0131ndan\u2026","rel":"","context":"&quot;Milli Tak\u0131m&quot; i\u00e7inde","block_context":{"text":"Milli Tak\u0131m","link":"https:\/\/sarimelekler.biz\/?cat=19"},"img":{"alt_text":"","src":"https:\/\/i0.wp.com\/sarimelekler.biz\/wp-content\/uploads\/2019\/09\/Eda-Brankica.jpg?resize=350%2C200&ssl=1","width":350,"height":200,"srcset":"https:\/\/i0.wp.com\/sarimelekler.biz\/wp-content\/uploads\/2019\/09\/Eda-Brankica.jpg?resize=350%2C200&ssl=1 1x, https:\/\/i0.wp.com\/sarimelekler.biz\/wp-content\/uploads\/2019\/09\/Eda-Brankica.jpg?resize=525%2C300&ssl=1 1.5x, https:\/\/i0.wp.com\/sarimelekler.biz\/wp-content\/uploads\/2019\/09\/Eda-Brankica.jpg?resize=700%2C400&ssl=1 2x, https:\/\/i0.wp.com\/sarimelekler.biz\/wp-content\/uploads\/2019\/09\/Eda-Brankica.jpg?resize=1050%2C600&ssl=1 3x"},"classes":[]},{"id":12688,"url":"https:\/\/sarimelekler.biz\/?p=12688","url_meta":{"origin":12581,"position":5},"title":"Kaptan\u0131m\u0131z Eda Erdem D\u00fcndar Olimpiyat Elemeleri\u2019nin R\u00fcya Tak\u0131m\u0131na Se\u00e7ildi.","author":"Edit\u00f6r","date":"15 Ocak 2020","format":false,"excerpt":"Hollanda\u2019n\u0131n ev sahipli\u011finde Apeldoorn \u015fehrinde d\u00fczenlenen 2020 CEV Tokyo Olimpiyatlar\u0131 Avrupa K\u0131ta Elemeleri\u2019nde gurur verici bir ba\u015far\u0131ya imza atarak olimpiyat vizesi alan Milli Tak\u0131m\u0131m\u0131zda kaptan Eda Erdem D\u00fcndar ile Simge Ak\u00f6z, turnuvan\u0131n R\u00fcya Tak\u0131m\u0131\u2019nda yer ald\u0131. Avrupa Voleybol Konfederasyonu (CEV) taraf\u0131ndan a\u00e7\u0131klanan listede Fenerbah\u00e7e Opet Kad\u0131n Voleybol Tak\u0131m\u0131m\u0131z ile A\u2026","rel":"","context":"&quot;Milli Tak\u0131m&quot; i\u00e7inde","block_context":{"text":"Milli Tak\u0131m","link":"https:\/\/sarimelekler.biz\/?cat=19"},"img":{"alt_text":"","src":"https:\/\/i0.wp.com\/sarimelekler.biz\/wp-content\/uploads\/2019\/09\/Eda-CLw-15.jpg?resize=350%2C200&ssl=1","width":350,"height":200,"srcset":"https:\/\/i0.wp.com\/sarimelekler.biz\/wp-content\/uploads\/2019\/09\/Eda-CLw-15.jpg?resize=350%2C200&ssl=1 1x, https:\/\/i0.wp.com\/sarimelekler.biz\/wp-content\/uploads\/2019\/09\/Eda-CLw-15.jpg?resize=525%2C300&ssl=1 1.5x, https:\/\/i0.wp.com\/sarimelekler.biz\/wp-content\/uploads\/2019\/09\/Eda-CLw-15.jpg?resize=700%2C400&ssl=1 2x, https:\/\/i0.wp.com\/sarimelekler.biz\/wp-content\/uploads\/2019\/09\/Eda-CLw-15.jpg?resize=1050%2C600&ssl=1 3x"},"classes":[]}],"_links":{"self":[{"href":"https:\/\/sarimelekler.biz\/index.php?rest_route=\/wp\/v2\/posts\/12581","targetHints":{"allow":["GET"]}}],"collection":[{"href":"https:\/\/sarimelekler.biz\/index.php?rest_route=\/wp\/v2\/posts"}],"about":[{"href":"https:\/\/sarimelekler.biz\/index.php?rest_route=\/wp\/v2\/types\/post"}],"author":[{"embeddable":true,"href":"https:\/\/sarimelekler.biz\/index.php?rest_route=\/wp\/v2\/users\/1"}],"replies":[{"embeddable":true,"href":"https:\/\/sarimelekler.biz\/index.php?rest_route=%2Fwp%2Fv2%2Fcomments&post=12581"}],"version-history":[{"count":1,"href":"https:\/\/sarimelekler.biz\/index.php?rest_route=\/wp\/v2\/posts\/12581\/revisions"}],"predecessor-version":[{"id":12592,"href":"https:\/\/sarimelekler.biz\/index.php?rest_route=\/wp\/v2\/posts\/12581\/revisions\/12592"}],"wp:featuredmedia":[{"embeddable":true,"href":"https:\/\/sarimelekler.biz\/index.php?rest_route=\/wp\/v2\/media\/12590"}],"wp:attachment":[{"href":"https:\/\/sarimelekler.biz\/index.php?rest_route=%2Fwp%2Fv2%2Fmedia&parent=12581"}],"wp:term":[{"taxonomy":"category","embeddable":true,"href":"https:\/\/sarimelekler.biz\/index.php?rest_route=%2Fwp%2Fv2%2Fcategories&post=12581"},{"taxonomy":"post_tag","embeddable":true,"href":"https:\/\/sarimelekler.biz\/index.php?rest_route=%2Fwp%2Fv2%2Ftags&post=12581"}],"curies":[{"name":"wp","href":"https:\/\/api.w.org\/{rel}","templated":true}]}}