{"id":12600,"date":"2019-12-17T21:03:22","date_gmt":"2019-12-17T18:03:22","guid":{"rendered":"http:\/\/sarimelekler.biz\/?p=12600"},"modified":"2019-12-17T21:03:28","modified_gmt":"2019-12-17T18:03:28","slug":"brankica-mihajlovic-ile-bahar-toksoy-guidetti-lp-salo-maci-oncesi-aciklamalarda-bulundu","status":"publish","type":"post","link":"https:\/\/sarimelekler.biz\/?p=12600","title":{"rendered":"Brankica Mihajlovic ile Bahar Toksoy Guidetti LP Salo Ma\u00e7\u0131 \u00d6ncesi A\u00e7\u0131klamalarda Bulundu."},"content":{"rendered":"<p style=\"text-align: justify;\">Fenerbah\u00e7e Opet Kad\u0131n Voleybol Tak\u0131m\u0131m\u0131z, 2019-2020 Sezonu CEV Kad\u0131nlar \u015eampiyonlar Ligi A Grubu \u00fc\u00e7\u00fcnc\u00fc ma\u00e7\u0131nda Finlandiya temsilcisi LP Salo\u2019ya konuk olacak.<\/p>\n<p style=\"text-align: justify;\">Grubun alt\u0131nc\u0131 hafta ma\u00e7\u0131 olmas\u0131na ra\u011fmen de\u011fi\u015fen takvim nedeniyle \u00f6ne al\u0131nan kar\u015f\u0131la\u015fma Finlandiya\u2019n\u0131n Salo kentindeki Salohalli Spor Salonu\u2019nda oynanacak. Yar\u0131n saat 20.00\u2019da ba\u015flayacak m\u00fccadele Spor Smart\u2019tan canl\u0131 yay\u0131nlanacak.<\/p>\n<p style=\"text-align: justify;\">Gruptaki ilk ma\u00e7\u0131nda Eczac\u0131ba\u015f\u0131 Vitra\u2019ya 3-2 kaybeden, ikinci kar\u015f\u0131la\u015fmas\u0131nda Polonya ekibi Lodz\u2019u 3-0 ma\u011flup eden Fenerbah\u00e7e Opet, 4 puanla grupta ikinci s\u0131rada yer al\u0131yor. \u0130lk iki m\u00fccadelesinden puans\u0131z ayr\u0131lan rakip Salo ise son basamakta bulunuyor.<\/p>\n<p style=\"text-align: justify;\">Bu ma\u00e7 \u00f6ncesi oyuncular\u0131m\u0131z Brankica Mihajlovic ile Bahar Toksoy Guidetti a\u00e7\u0131klamalarda bulundu.<\/p>\n<p style=\"text-align: justify;\">Brankica Mihajlovic, \u201c\u015eampiyonlar Ligi\u2019nin \u00fc\u00e7\u00fcnc\u00fc ma\u00e7\u0131nda Finlandiya&#8217;ya gidiyoruz. Bu ma\u00e7 gruptaki s\u0131ralamam\u0131z ad\u0131na \u00f6nemli bir ma\u00e7 olacak. \u0130yi bir performans sergileyerek en iyi oyunumuzu g\u00f6stermek istiyoruz.\u201d dedi.<\/p>\n<p style=\"text-align: justify;\">Bahar Toksoy Guidetti ise, \u201c2019&#8217;u \u015eampiyonlar Ligi ma\u00e7\u0131yla kapat\u0131yoruz. Zor bir deplasman olacak. \u0130nan\u0131yorum ki oradan 3 puanla d\u00f6nece\u011fiz. Gruptaki yerimiz a\u00e7\u0131s\u0131ndan \u00f6nemli bir ma\u00e7 olacak. Kazan\u0131p ikinci yar\u0131ya daha g\u00fc\u00e7l\u00fc ba\u015flamak istiyoruz.\u201d diye konu\u015ftu.<\/p>\n\n\t\t<style type=\"text\/css\">\n\t\t\t#gallery-1 {\n\t\t\t\tmargin: auto;\n\t\t\t}\n\t\t\t#gallery-1 .gallery-item {\n\t\t\t\tfloat: left;\n\t\t\t\tmargin-top: 10px;\n\t\t\t\ttext-align: center;\n\t\t\t\twidth: 25%;\n\t\t\t}\n\t\t\t#gallery-1 img {\n\t\t\t\tborder: 2px solid #cfcfcf;\n\t\t\t}\n\t\t\t#gallery-1 .gallery-caption {\n\t\t\t\tmargin-left: 0;\n\t\t\t}\n\t\t\t\/* see gallery_shortcode() in wp-includes\/media.php *\/\n\t\t<\/style>\n\t\t<div data-carousel-extra='{&quot;blog_id&quot;:1,&quot;permalink&quot;:&quot;https:\/\/sarimelekler.biz\/?p=12600&quot;}' id='gallery-1' class='gallery galleryid-12600 gallery-columns-4 gallery-size-thumbnail'><dl class='gallery-item'>\n\t\t\t<dt class='gallery-icon landscape'>\n\t\t\t\t<a href='https:\/\/sarimelekler.biz\/?attachment_id=12601'><img loading=\"lazy\" decoding=\"async\" width=\"150\" height=\"150\" src=\"https:\/\/sarimelekler.biz\/wp-content\/uploads\/2019\/12\/03-19-20-CL-Bahar-Miha-1-150x150.jpg\" class=\"attachment-thumbnail size-thumbnail\" alt=\"\" data-attachment-id=\"12601\" data-permalink=\"https:\/\/sarimelekler.biz\/?attachment_id=12601\" data-orig-file=\"https:\/\/sarimelekler.biz\/wp-content\/uploads\/2019\/12\/03-19-20-CL-Bahar-Miha-1.jpg\" data-orig-size=\"2500,1832\" data-comments-opened=\"0\" data-image-meta=\"{&quot;aperture&quot;:&quot;3.5&quot;,&quot;credit&quot;:&quot;&quot;,&quot;camera&quot;:&quot;Canon EOS-1D X&quot;,&quot;caption&quot;:&quot;&quot;,&quot;created_timestamp&quot;:&quot;1576512056&quot;,&quot;copyright&quot;:&quot;&quot;,&quot;focal_length&quot;:&quot;70&quot;,&quot;iso&quot;:&quot;2500&quot;,&quot;shutter_speed&quot;:&quot;0.0025&quot;,&quot;title&quot;:&quot;&quot;,&quot;orientation&quot;:&quot;1&quot;}\" data-image-title=\"03 &amp;#8211; 19-20 CL Bahar &amp;#8211; Miha (1)\" data-image-description=\"\" data-image-caption=\"\" data-large-file=\"https:\/\/sarimelekler.biz\/wp-content\/uploads\/2019\/12\/03-19-20-CL-Bahar-Miha-1-1024x750.jpg\" \/><\/a>\n\t\t\t<\/dt><\/dl><dl class='gallery-item'>\n\t\t\t<dt class='gallery-icon landscape'>\n\t\t\t\t<a href='https:\/\/sarimelekler.biz\/?attachment_id=12602'><img loading=\"lazy\" decoding=\"async\" width=\"150\" height=\"150\" src=\"https:\/\/sarimelekler.biz\/wp-content\/uploads\/2019\/12\/03-19-20-CL-Bahar-Miha-2-150x150.jpg\" class=\"attachment-thumbnail size-thumbnail\" alt=\"\" data-attachment-id=\"12602\" data-permalink=\"https:\/\/sarimelekler.biz\/?attachment_id=12602\" data-orig-file=\"https:\/\/sarimelekler.biz\/wp-content\/uploads\/2019\/12\/03-19-20-CL-Bahar-Miha-2.jpg\" data-orig-size=\"2500,1849\" data-comments-opened=\"0\" data-image-meta=\"{&quot;aperture&quot;:&quot;3.5&quot;,&quot;credit&quot;:&quot;&quot;,&quot;camera&quot;:&quot;Canon EOS-1D X&quot;,&quot;caption&quot;:&quot;&quot;,&quot;created_timestamp&quot;:&quot;1576511473&quot;,&quot;copyright&quot;:&quot;&quot;,&quot;focal_length&quot;:&quot;90&quot;,&quot;iso&quot;:&quot;2500&quot;,&quot;shutter_speed&quot;:&quot;0.0025&quot;,&quot;title&quot;:&quot;&quot;,&quot;orientation&quot;:&quot;1&quot;}\" data-image-title=\"03 &amp;#8211; 19-20 CL Bahar &amp;#8211; Miha (2)\" data-image-description=\"\" data-image-caption=\"\" data-large-file=\"https:\/\/sarimelekler.biz\/wp-content\/uploads\/2019\/12\/03-19-20-CL-Bahar-Miha-2-1024x757.jpg\" \/><\/a>\n\t\t\t<\/dt><\/dl><dl class='gallery-item'>\n\t\t\t<dt class='gallery-icon landscape'>\n\t\t\t\t<a href='https:\/\/sarimelekler.biz\/?attachment_id=12603'><img loading=\"lazy\" decoding=\"async\" width=\"150\" height=\"150\" src=\"https:\/\/sarimelekler.biz\/wp-content\/uploads\/2019\/12\/03-19-20-CL-Bahar-Miha-3-150x150.jpg\" class=\"attachment-thumbnail size-thumbnail\" alt=\"\" data-attachment-id=\"12603\" data-permalink=\"https:\/\/sarimelekler.biz\/?attachment_id=12603\" data-orig-file=\"https:\/\/sarimelekler.biz\/wp-content\/uploads\/2019\/12\/03-19-20-CL-Bahar-Miha-3.jpg\" data-orig-size=\"2500,1769\" data-comments-opened=\"0\" data-image-meta=\"{&quot;aperture&quot;:&quot;3.5&quot;,&quot;credit&quot;:&quot;&quot;,&quot;camera&quot;:&quot;Canon EOS-1D X&quot;,&quot;caption&quot;:&quot;&quot;,&quot;created_timestamp&quot;:&quot;1576512082&quot;,&quot;copyright&quot;:&quot;&quot;,&quot;focal_length&quot;:&quot;70&quot;,&quot;iso&quot;:&quot;2500&quot;,&quot;shutter_speed&quot;:&quot;0.0025&quot;,&quot;title&quot;:&quot;&quot;,&quot;orientation&quot;:&quot;1&quot;}\" data-image-title=\"03 &amp;#8211; 19-20 CL Bahar &amp;#8211; Miha (3)\" data-image-description=\"\" data-image-caption=\"\" data-large-file=\"https:\/\/sarimelekler.biz\/wp-content\/uploads\/2019\/12\/03-19-20-CL-Bahar-Miha-3-1024x725.jpg\" \/><\/a>\n\t\t\t<\/dt><\/dl><dl class='gallery-item'>\n\t\t\t<dt class='gallery-icon landscape'>\n\t\t\t\t<a href='https:\/\/sarimelekler.biz\/?attachment_id=12604'><img loading=\"lazy\" decoding=\"async\" width=\"150\" height=\"150\" src=\"https:\/\/sarimelekler.biz\/wp-content\/uploads\/2019\/12\/03-19-20-CL-Bahar-Miha-4-150x150.jpg\" class=\"attachment-thumbnail size-thumbnail\" alt=\"\" data-attachment-id=\"12604\" data-permalink=\"https:\/\/sarimelekler.biz\/?attachment_id=12604\" data-orig-file=\"https:\/\/sarimelekler.biz\/wp-content\/uploads\/2019\/12\/03-19-20-CL-Bahar-Miha-4.jpg\" data-orig-size=\"2500,1840\" data-comments-opened=\"0\" data-image-meta=\"{&quot;aperture&quot;:&quot;3.5&quot;,&quot;credit&quot;:&quot;&quot;,&quot;camera&quot;:&quot;Canon EOS-1D X&quot;,&quot;caption&quot;:&quot;&quot;,&quot;created_timestamp&quot;:&quot;1576512109&quot;,&quot;copyright&quot;:&quot;&quot;,&quot;focal_length&quot;:&quot;70&quot;,&quot;iso&quot;:&quot;2500&quot;,&quot;shutter_speed&quot;:&quot;0.0025&quot;,&quot;title&quot;:&quot;&quot;,&quot;orientation&quot;:&quot;1&quot;}\" data-image-title=\"03 &amp;#8211; 19-20 CL Bahar &amp;#8211; Miha (4)\" data-image-description=\"\" data-image-caption=\"\" data-large-file=\"https:\/\/sarimelekler.biz\/wp-content\/uploads\/2019\/12\/03-19-20-CL-Bahar-Miha-4-1024x754.jpg\" \/><\/a>\n\t\t\t<\/dt><\/dl><br style=\"clear: both\" \/><dl class='gallery-item'>\n\t\t\t<dt class='gallery-icon landscape'>\n\t\t\t\t<a href='https:\/\/sarimelekler.biz\/?attachment_id=12605'><img loading=\"lazy\" decoding=\"async\" width=\"150\" height=\"150\" src=\"https:\/\/sarimelekler.biz\/wp-content\/uploads\/2019\/12\/03-19-20-CL-1-150x150.jpg\" class=\"attachment-thumbnail size-thumbnail\" alt=\"\" data-attachment-id=\"12605\" data-permalink=\"https:\/\/sarimelekler.biz\/?attachment_id=12605\" data-orig-file=\"https:\/\/sarimelekler.biz\/wp-content\/uploads\/2019\/12\/03-19-20-CL-1.jpg\" data-orig-size=\"2048,1720\" data-comments-opened=\"0\" data-image-meta=\"{&quot;aperture&quot;:&quot;0&quot;,&quot;credit&quot;:&quot;&quot;,&quot;camera&quot;:&quot;&quot;,&quot;caption&quot;:&quot;&quot;,&quot;created_timestamp&quot;:&quot;0&quot;,&quot;copyright&quot;:&quot;&quot;,&quot;focal_length&quot;:&quot;0&quot;,&quot;iso&quot;:&quot;0&quot;,&quot;shutter_speed&quot;:&quot;0&quot;,&quot;title&quot;:&quot;&quot;,&quot;orientation&quot;:&quot;0&quot;}\" data-image-title=\"03 &amp;#8211; 19-20 CL (1)\" data-image-description=\"\" data-image-caption=\"\" data-large-file=\"https:\/\/sarimelekler.biz\/wp-content\/uploads\/2019\/12\/03-19-20-CL-1-1024x860.jpg\" \/><\/a>\n\t\t\t<\/dt><\/dl><dl class='gallery-item'>\n\t\t\t<dt class='gallery-icon landscape'>\n\t\t\t\t<a href='https:\/\/sarimelekler.biz\/?attachment_id=12606'><img loading=\"lazy\" decoding=\"async\" width=\"150\" height=\"150\" src=\"https:\/\/sarimelekler.biz\/wp-content\/uploads\/2019\/12\/03-19-20-CL-2-150x150.jpg\" class=\"attachment-thumbnail size-thumbnail\" alt=\"\" data-attachment-id=\"12606\" data-permalink=\"https:\/\/sarimelekler.biz\/?attachment_id=12606\" data-orig-file=\"https:\/\/sarimelekler.biz\/wp-content\/uploads\/2019\/12\/03-19-20-CL-2.jpg\" data-orig-size=\"1080,868\" data-comments-opened=\"0\" data-image-meta=\"{&quot;aperture&quot;:&quot;0&quot;,&quot;credit&quot;:&quot;&quot;,&quot;camera&quot;:&quot;&quot;,&quot;caption&quot;:&quot;&quot;,&quot;created_timestamp&quot;:&quot;0&quot;,&quot;copyright&quot;:&quot;&quot;,&quot;focal_length&quot;:&quot;0&quot;,&quot;iso&quot;:&quot;0&quot;,&quot;shutter_speed&quot;:&quot;0&quot;,&quot;title&quot;:&quot;&quot;,&quot;orientation&quot;:&quot;0&quot;}\" data-image-title=\"03 &amp;#8211; 19-20 CL (2)\" data-image-description=\"\" data-image-caption=\"\" data-large-file=\"https:\/\/sarimelekler.biz\/wp-content\/uploads\/2019\/12\/03-19-20-CL-2-1024x823.jpg\" \/><\/a>\n\t\t\t<\/dt><\/dl><dl class='gallery-item'>\n\t\t\t<dt class='gallery-icon landscape'>\n\t\t\t\t<a href='https:\/\/sarimelekler.biz\/?attachment_id=12607'><img loading=\"lazy\" decoding=\"async\" width=\"150\" height=\"150\" src=\"https:\/\/sarimelekler.biz\/wp-content\/uploads\/2019\/12\/03-19-20-CL-3-150x150.jpg\" class=\"attachment-thumbnail size-thumbnail\" alt=\"\" data-attachment-id=\"12607\" data-permalink=\"https:\/\/sarimelekler.biz\/?attachment_id=12607\" data-orig-file=\"https:\/\/sarimelekler.biz\/wp-content\/uploads\/2019\/12\/03-19-20-CL-3.jpg\" data-orig-size=\"1080,868\" data-comments-opened=\"0\" data-image-meta=\"{&quot;aperture&quot;:&quot;0&quot;,&quot;credit&quot;:&quot;&quot;,&quot;camera&quot;:&quot;&quot;,&quot;caption&quot;:&quot;&quot;,&quot;created_timestamp&quot;:&quot;0&quot;,&quot;copyright&quot;:&quot;&quot;,&quot;focal_length&quot;:&quot;0&quot;,&quot;iso&quot;:&quot;0&quot;,&quot;shutter_speed&quot;:&quot;0&quot;,&quot;title&quot;:&quot;&quot;,&quot;orientation&quot;:&quot;0&quot;}\" data-image-title=\"03 &amp;#8211; 19-20 CL (3)\" data-image-description=\"\" data-image-caption=\"\" data-large-file=\"https:\/\/sarimelekler.biz\/wp-content\/uploads\/2019\/12\/03-19-20-CL-3-1024x823.jpg\" \/><\/a>\n\t\t\t<\/dt><\/dl><dl class='gallery-item'>\n\t\t\t<dt class='gallery-icon landscape'>\n\t\t\t\t<a href='https:\/\/sarimelekler.biz\/?attachment_id=12608'><img loading=\"lazy\" decoding=\"async\" width=\"150\" height=\"150\" src=\"https:\/\/sarimelekler.biz\/wp-content\/uploads\/2019\/12\/03-19-20-CL-4-150x150.jpg\" class=\"attachment-thumbnail size-thumbnail\" alt=\"\" data-attachment-id=\"12608\" data-permalink=\"https:\/\/sarimelekler.biz\/?attachment_id=12608\" data-orig-file=\"https:\/\/sarimelekler.biz\/wp-content\/uploads\/2019\/12\/03-19-20-CL-4.jpg\" data-orig-size=\"2048,1770\" data-comments-opened=\"0\" data-image-meta=\"{&quot;aperture&quot;:&quot;0&quot;,&quot;credit&quot;:&quot;&quot;,&quot;camera&quot;:&quot;&quot;,&quot;caption&quot;:&quot;&quot;,&quot;created_timestamp&quot;:&quot;0&quot;,&quot;copyright&quot;:&quot;&quot;,&quot;focal_length&quot;:&quot;0&quot;,&quot;iso&quot;:&quot;0&quot;,&quot;shutter_speed&quot;:&quot;0&quot;,&quot;title&quot;:&quot;&quot;,&quot;orientation&quot;:&quot;0&quot;}\" data-image-title=\"03 &amp;#8211; 19-20 CL (4)\" data-image-description=\"\" data-image-caption=\"\" data-large-file=\"https:\/\/sarimelekler.biz\/wp-content\/uploads\/2019\/12\/03-19-20-CL-4-1024x885.jpg\" \/><\/a>\n\t\t\t<\/dt><\/dl><br style=\"clear: both\" \/>\n\t\t<\/div>\n\n<p>Kaynak:\u00a0<a href=\"https:\/\/www.fenerbahce.org\/haberler\/voleybol-kadin\/2019\/12\/brankica-mihajlovic-ile-bahar-toksoy-guidetti-nin-lp-salo-maci-oncesi-gorusleri\" target=\"_blank\" rel=\"noopener noreferrer\">Fenerbah\u00e7e SK Resmi \u0130nternet Sitesi<\/a><\/p>\n<p style=\"text-align: right;\">17.12.2019<\/p>\n","protected":false},"excerpt":{"rendered":"<p>Fenerbah\u00e7e Opet Kad\u0131n Voleybol Tak\u0131m\u0131m\u0131z, 2019-2020 Sezonu CEV Kad\u0131nlar \u015eampiyonlar \u2026 <a class=\"continue-reading-link\" href=\"https:\/\/sarimelekler.biz\/?p=12600\">Okumaya Devam Et.. <span class=\"meta-nav\">&rarr; <\/span><\/a><\/p>\n","protected":false},"author":1,"featured_media":12601,"comment_status":"closed","ping_status":"open","sticky":false,"template":"","format":"standard","meta":{"jetpack_post_was_ever_published":false,"_jetpack_newsletter_access":"","_jetpack_dont_email_post_to_subs":false,"_jetpack_newsletter_tier_id":0,"_jetpack_memberships_contains_paywalled_content":false,"_jetpack_memberships_contains_paid_content":false,"footnotes":"","jetpack_publicize_message":"","jetpack_publicize_feature_enabled":true,"jetpack_social_post_already_shared":true,"jetpack_social_options":{"image_generator_settings":{"template":"highway","default_image_id":0,"font":"","enabled":false},"version":2}},"categories":[1],"tags":[],"class_list":["post-12600","post","type-post","status-publish","format-standard","has-post-thumbnail","hentry","category-avp"],"jetpack_publicize_connections":[],"jetpack_featured_media_url":"https:\/\/sarimelekler.biz\/wp-content\/uploads\/2019\/12\/03-19-20-CL-Bahar-Miha-1.jpg","jetpack_sharing_enabled":true,"jetpack_shortlink":"https:\/\/wp.me\/p8npUZ-3he","jetpack-related-posts":[{"id":15743,"url":"https:\/\/sarimelekler.biz\/?p=15743","url_meta":{"origin":12600,"position":0},"title":"Be\u015f Oyuncumuz Tak\u0131m\u0131m\u0131zdan Ayr\u0131ld\u0131","author":"Edit\u00f6r","date":"27 Nisan 2021","format":false,"excerpt":"Kul\u00fcb\u00fcm\u00fcz Fenerbah\u00e7e Opet Kad\u0131n Voleybol tak\u0131m\u0131m\u0131z\u0131n orta oyuncusu Bahar Toksoy Guidetti, liberosu Aylin Sar\u0131o\u011flu, pas\u00f6r \u00e7apraz\u0131 Ceren Kestireng\u00f6z ve sma\u00e7\u00f6rleri Brankica Mihajlovic ile Bianka Busa ile s\u00f6zle\u015fme yenilenmedi\u011fini resmi sitesinden yapt\u0131\u011f\u0131 a\u00e7\u0131klamayla duyurdu. Ge\u00e7ti\u011fimiz g\u00fcnlerde Vargas\u2019\u0131n da ayr\u0131ld\u0131\u011f\u0131n\u0131 a\u00e7\u0131klayan kul\u00fcb\u00fcm\u00fczde, tak\u0131m\u0131m\u0131zdan ayr\u0131lan oyuncu say\u0131s\u0131 b\u00f6ylelikle alt\u0131 oldu. Oyuncular\u0131m\u0131za emekleri i\u00e7in\u2026","rel":"","context":"&quot;Transfer Haberleri&quot; i\u00e7inde","block_context":{"text":"Transfer Haberleri","link":"https:\/\/sarimelekler.biz\/?cat=23"},"img":{"alt_text":"","src":"https:\/\/i0.wp.com\/sarimelekler.biz\/wp-content\/uploads\/2021\/03\/31-20-21-22.jpg?resize=350%2C200&ssl=1","width":350,"height":200,"srcset":"https:\/\/i0.wp.com\/sarimelekler.biz\/wp-content\/uploads\/2021\/03\/31-20-21-22.jpg?resize=350%2C200&ssl=1 1x, https:\/\/i0.wp.com\/sarimelekler.biz\/wp-content\/uploads\/2021\/03\/31-20-21-22.jpg?resize=525%2C300&ssl=1 1.5x, https:\/\/i0.wp.com\/sarimelekler.biz\/wp-content\/uploads\/2021\/03\/31-20-21-22.jpg?resize=700%2C400&ssl=1 2x, https:\/\/i0.wp.com\/sarimelekler.biz\/wp-content\/uploads\/2021\/03\/31-20-21-22.jpg?resize=1050%2C600&ssl=1 3x, https:\/\/i0.wp.com\/sarimelekler.biz\/wp-content\/uploads\/2021\/03\/31-20-21-22.jpg?resize=1400%2C800&ssl=1 4x"},"classes":[]},{"id":12610,"url":"https:\/\/sarimelekler.biz\/?p=12610","url_meta":{"origin":12600,"position":1},"title":"Sar\u0131 Melekler \u015eampiyonlar Liginde \u0130kinci Galibiyetini Ald\u0131. LP Salo:0 &#8211; Fenerbah\u00e7e Opet:3","author":"Edit\u00f6r","date":"18 Aral\u0131k 2019","format":false,"excerpt":"Fenerbah\u00e7e Opet Kad\u0131n Voleybol Tak\u0131m\u0131m\u0131z Cev \u015eampiyonlar Ligi A grubu \u00fc\u00e7\u00fcnc\u00fc ma\u00e7\u0131nda deplasmanda kar\u015f\u0131la\u015ft\u0131\u011f\u0131 Finlandiya temsilcisi LP Salo tak\u0131m\u0131n\u0131 10 \u2013 25, 16 \u2013 25 ve 14 \u2013 25\u2019lik set skorlar\u0131yla 3-0 ma\u011flup ederek puan\u0131n\u0131 7\u2019ye y\u00fckseltti. Ma\u00e7a Eda, Naz, Bahar, Ceren, Mihajlovic, Robinson ve libero Melis kadrosuyla ba\u015flayan tak\u0131m\u0131m\u0131zda\u2026","rel":"","context":"&quot;Avrupa Kupalar\u0131&quot; i\u00e7inde","block_context":{"text":"Avrupa Kupalar\u0131","link":"https:\/\/sarimelekler.biz\/?cat=1"},"img":{"alt_text":"","src":"https:\/\/i0.wp.com\/sarimelekler.biz\/wp-content\/uploads\/2019\/12\/03-19-20-CL-25.jpg?resize=350%2C200&ssl=1","width":350,"height":200,"srcset":"https:\/\/i0.wp.com\/sarimelekler.biz\/wp-content\/uploads\/2019\/12\/03-19-20-CL-25.jpg?resize=350%2C200&ssl=1 1x, https:\/\/i0.wp.com\/sarimelekler.biz\/wp-content\/uploads\/2019\/12\/03-19-20-CL-25.jpg?resize=525%2C300&ssl=1 1.5x, https:\/\/i0.wp.com\/sarimelekler.biz\/wp-content\/uploads\/2019\/12\/03-19-20-CL-25.jpg?resize=700%2C400&ssl=1 2x, https:\/\/i0.wp.com\/sarimelekler.biz\/wp-content\/uploads\/2019\/12\/03-19-20-CL-25.jpg?resize=1050%2C600&ssl=1 3x, https:\/\/i0.wp.com\/sarimelekler.biz\/wp-content\/uploads\/2019\/12\/03-19-20-CL-25.jpg?resize=1400%2C800&ssl=1 4x"},"classes":[]},{"id":12522,"url":"https:\/\/sarimelekler.biz\/?p=12522","url_meta":{"origin":12600,"position":2},"title":"Sar\u0131 Melekler \u0130lk Yar\u0131y\u0131 Galibiyetle Kapatt\u0131: Fenerbah\u00e7e Opet:3 &#8211; Karayollar\u0131:0","author":"Edit\u00f6r","date":"30 Kas\u0131m 2019","format":false,"excerpt":"Fenerbah\u00e7e Opet Kad\u0131n Voleybol Tak\u0131m\u0131m\u0131z Vestel Venus Sultanlar Ligi ilk yar\u0131s\u0131 son ma\u00e7\u0131 olan 11. Hafta ma\u00e7\u0131nda kar\u015f\u0131la\u015ft\u0131\u011f\u0131 Karayollar\u0131 tak\u0131m\u0131n\u0131 25 \u2013 12, 25 \u2013 16 ve 25 \u2013 19\u2019luk set skorlar\u0131yla 3-0 yenerek ilk yar\u0131y\u0131 galibiyetle kapatt\u0131. Ma\u00e7a Eda, Naz, Bahar, Ceren, Mihajlovic, Robinson ve libero Melis kadrosuyla ba\u015flayan\u2026","rel":"","context":"&quot;T\u00fcrkiye Ligi&quot; i\u00e7inde","block_context":{"text":"T\u00fcrkiye Ligi","link":"https:\/\/sarimelekler.biz\/?cat=6"},"img":{"alt_text":"","src":"https:\/\/i0.wp.com\/sarimelekler.biz\/wp-content\/uploads\/2019\/11\/11-19-20-26.jpg?resize=350%2C200&ssl=1","width":350,"height":200,"srcset":"https:\/\/i0.wp.com\/sarimelekler.biz\/wp-content\/uploads\/2019\/11\/11-19-20-26.jpg?resize=350%2C200&ssl=1 1x, https:\/\/i0.wp.com\/sarimelekler.biz\/wp-content\/uploads\/2019\/11\/11-19-20-26.jpg?resize=525%2C300&ssl=1 1.5x, https:\/\/i0.wp.com\/sarimelekler.biz\/wp-content\/uploads\/2019\/11\/11-19-20-26.jpg?resize=700%2C400&ssl=1 2x, https:\/\/i0.wp.com\/sarimelekler.biz\/wp-content\/uploads\/2019\/11\/11-19-20-26.jpg?resize=1050%2C600&ssl=1 3x, https:\/\/i0.wp.com\/sarimelekler.biz\/wp-content\/uploads\/2019\/11\/11-19-20-26.jpg?resize=1400%2C800&ssl=1 4x"},"classes":[]},{"id":3223,"url":"https:\/\/sarimelekler.biz\/?p=3223","url_meta":{"origin":12600,"position":3},"title":"Meliha \u0130smailo\u011flu: \u201cHerkesi ma\u00e7a bekliyoruz\u201d","author":"Edit\u00f6r","date":"27 \u015eubat 2017","format":false,"excerpt":"\u00a0 \u00a0 CEV \u015eampiyonlar Ligi C Grubu 6. ve son hafta ma\u00e7\u0131nda 28 \u015eubat Sal\u0131 g\u00fcn\u00fc (yar\u0131n) Burhan Felek Spor Salonu\u2019nda Fransa tak\u0131m\u0131 ST-Rapha\u00ebl Var VB ile kar\u015f\u0131la\u015facak olan Fenerbah\u00e7e Bayan\u00a0Voleybol Tak\u0131m\u0131m\u0131z da Meliha \u0130smailo\u011flu ve Bahar Toksoy Guidetti, Fenerbah\u00e7e Spor Kul\u00fcb\u00fc Resmi Sitesine a\u00e7\u0131klamalarda bulundu. Meliha \u0130smailo\u011flu: \u201cHerkesi ma\u00e7a\u2026","rel":"","context":"&quot;Haberler&quot; i\u00e7inde","block_context":{"text":"Haberler","link":"https:\/\/sarimelekler.biz\/?cat=7"},"img":{"alt_text":"","src":"https:\/\/i0.wp.com\/sarimelekler.biz\/wp-content\/uploads\/2017\/02\/melibasin2_54651_4546861.jpg?resize=350%2C200&ssl=1","width":350,"height":200,"srcset":"https:\/\/i0.wp.com\/sarimelekler.biz\/wp-content\/uploads\/2017\/02\/melibasin2_54651_4546861.jpg?resize=350%2C200&ssl=1 1x, https:\/\/i0.wp.com\/sarimelekler.biz\/wp-content\/uploads\/2017\/02\/melibasin2_54651_4546861.jpg?resize=525%2C300&ssl=1 1.5x, https:\/\/i0.wp.com\/sarimelekler.biz\/wp-content\/uploads\/2017\/02\/melibasin2_54651_4546861.jpg?resize=700%2C400&ssl=1 2x, https:\/\/i0.wp.com\/sarimelekler.biz\/wp-content\/uploads\/2017\/02\/melibasin2_54651_4546861.jpg?resize=1050%2C600&ssl=1 3x, https:\/\/i0.wp.com\/sarimelekler.biz\/wp-content\/uploads\/2017\/02\/melibasin2_54651_4546861.jpg?resize=1400%2C800&ssl=1 4x"},"classes":[]},{"id":11824,"url":"https:\/\/sarimelekler.biz\/?p=11824","url_meta":{"origin":12600,"position":4},"title":"Corendon Airlines ile Fenerbah\u00e7e Opet aras\u0131ndaki  Forma S\u0131rt Sponsorlu\u011fu T\u00f6reni Yap\u0131ld\u0131","author":"Edit\u00f6r","date":"18 Eyl\u00fcl 2019","format":false,"excerpt":"Fenerbah\u00e7e Opet Kad\u0131n Voleybol Tak\u0131m\u0131m\u0131z\u0131n, \u201c\u0130lklerin Havayolu\u201d Corendon Airlines ile ger\u00e7ekle\u015ftirdi\u011fi forma s\u0131rt sponsorlu\u011fu anla\u015fmas\u0131n\u0131n imza t\u00f6reni \u00dclker Stadyumu Fenerbah\u00e7e \u015e\u00fckr\u00fc Saraco\u011flu Spor Kompleksi 1907 Trib\u00fcn\u00fc\u2019nde yap\u0131ld\u0131. Ba\u015fkan\u0131m\u0131z Ali Ko\u00e7, Genel Sekreterimiz Sevil Zeynep Becan ile Y\u00f6netim Kurulu \u00dcyelerimizin haz\u0131r bulundu\u011fu imza t\u00f6reninde Ba\u015fkan Yard\u0131mc\u0131m\u0131z Burhan Kara\u00e7am, Corendon Airlines Y\u00f6netim\u2026","rel":"","context":"&quot;Haberler&quot; i\u00e7inde","block_context":{"text":"Haberler","link":"https:\/\/sarimelekler.biz\/?cat=7"},"img":{"alt_text":"","src":"https:\/\/i0.wp.com\/sarimelekler.biz\/wp-content\/uploads\/2019\/09\/12a611dd-78df-4a45-a8e4-2b5710ac851e.jpg?resize=350%2C200&ssl=1","width":350,"height":200,"srcset":"https:\/\/i0.wp.com\/sarimelekler.biz\/wp-content\/uploads\/2019\/09\/12a611dd-78df-4a45-a8e4-2b5710ac851e.jpg?resize=350%2C200&ssl=1 1x, https:\/\/i0.wp.com\/sarimelekler.biz\/wp-content\/uploads\/2019\/09\/12a611dd-78df-4a45-a8e4-2b5710ac851e.jpg?resize=525%2C300&ssl=1 1.5x, https:\/\/i0.wp.com\/sarimelekler.biz\/wp-content\/uploads\/2019\/09\/12a611dd-78df-4a45-a8e4-2b5710ac851e.jpg?resize=700%2C400&ssl=1 2x, https:\/\/i0.wp.com\/sarimelekler.biz\/wp-content\/uploads\/2019\/09\/12a611dd-78df-4a45-a8e4-2b5710ac851e.jpg?resize=1050%2C600&ssl=1 3x, https:\/\/i0.wp.com\/sarimelekler.biz\/wp-content\/uploads\/2019\/09\/12a611dd-78df-4a45-a8e4-2b5710ac851e.jpg?resize=1400%2C800&ssl=1 4x"},"classes":[]},{"id":12467,"url":"https:\/\/sarimelekler.biz\/?p=12467","url_meta":{"origin":12600,"position":5},"title":"Aylin Sar\u0131o\u011flu ve Kelsey Robinson,  Budowlani Lodz Ma\u00e7\u0131 \u00d6ncesi A\u00e7\u0131klamalarda Bulundular","author":"Edit\u00f6r","date":"28 Kas\u0131m 2019","format":false,"excerpt":"Kad\u0131n Voleybol Tak\u0131m\u0131m\u0131z Fenerbah\u00e7e Opet, CEV \u015eampiyonlar Ligi A Grubu ikinci ma\u00e7\u0131nda 28.11.2019 Per\u015fembe g\u00fcn\u00fc saat: 19.00\u2019da Budowlani Lodz ile kar\u015f\u0131la\u015facak. Oyuncular\u0131m\u0131z Aylin Sar\u0131o\u011flu ve Kelsey Robinson bu ma\u00e7 \u00f6ncesinde kul\u00fcb\u00fcm\u00fcz\u00fcn resmi internet sitesine a\u00e7\u0131klamalarda bulundu. Tak\u0131m olarak kazanmaya odakland\u0131klar\u0131n\u0131 vurgulayan Aylin Sar\u0131o\u011flu, \u201c\u015eampiyonlar Ligi\u2019nde ikinci ma\u00e7\u0131m\u0131za \u00e7\u0131k\u0131yoruz, ayn\u0131 zamanda\u2026","rel":"","context":"&quot;Avrupa Kupalar\u0131&quot; i\u00e7inde","block_context":{"text":"Avrupa Kupalar\u0131","link":"https:\/\/sarimelekler.biz\/?cat=1"},"img":{"alt_text":"","src":"https:\/\/i0.wp.com\/sarimelekler.biz\/wp-content\/uploads\/2019\/11\/02-19-20-CL-Aylin-Kelsey-A%C3%A7%C4%B1klama-2.jpg?resize=350%2C200&ssl=1","width":350,"height":200,"srcset":"https:\/\/i0.wp.com\/sarimelekler.biz\/wp-content\/uploads\/2019\/11\/02-19-20-CL-Aylin-Kelsey-A%C3%A7%C4%B1klama-2.jpg?resize=350%2C200&ssl=1 1x, https:\/\/i0.wp.com\/sarimelekler.biz\/wp-content\/uploads\/2019\/11\/02-19-20-CL-Aylin-Kelsey-A%C3%A7%C4%B1klama-2.jpg?resize=525%2C300&ssl=1 1.5x, https:\/\/i0.wp.com\/sarimelekler.biz\/wp-content\/uploads\/2019\/11\/02-19-20-CL-Aylin-Kelsey-A%C3%A7%C4%B1klama-2.jpg?resize=700%2C400&ssl=1 2x, https:\/\/i0.wp.com\/sarimelekler.biz\/wp-content\/uploads\/2019\/11\/02-19-20-CL-Aylin-Kelsey-A%C3%A7%C4%B1klama-2.jpg?resize=1050%2C600&ssl=1 3x, https:\/\/i0.wp.com\/sarimelekler.biz\/wp-content\/uploads\/2019\/11\/02-19-20-CL-Aylin-Kelsey-A%C3%A7%C4%B1klama-2.jpg?resize=1400%2C800&ssl=1 4x"},"classes":[]}],"_links":{"self":[{"href":"https:\/\/sarimelekler.biz\/index.php?rest_route=\/wp\/v2\/posts\/12600","targetHints":{"allow":["GET"]}}],"collection":[{"href":"https:\/\/sarimelekler.biz\/index.php?rest_route=\/wp\/v2\/posts"}],"about":[{"href":"https:\/\/sarimelekler.biz\/index.php?rest_route=\/wp\/v2\/types\/post"}],"author":[{"embeddable":true,"href":"https:\/\/sarimelekler.biz\/index.php?rest_route=\/wp\/v2\/users\/1"}],"replies":[{"embeddable":true,"href":"https:\/\/sarimelekler.biz\/index.php?rest_route=%2Fwp%2Fv2%2Fcomments&post=12600"}],"version-history":[{"count":1,"href":"https:\/\/sarimelekler.biz\/index.php?rest_route=\/wp\/v2\/posts\/12600\/revisions"}],"predecessor-version":[{"id":12609,"href":"https:\/\/sarimelekler.biz\/index.php?rest_route=\/wp\/v2\/posts\/12600\/revisions\/12609"}],"wp:featuredmedia":[{"embeddable":true,"href":"https:\/\/sarimelekler.biz\/index.php?rest_route=\/wp\/v2\/media\/12601"}],"wp:attachment":[{"href":"https:\/\/sarimelekler.biz\/index.php?rest_route=%2Fwp%2Fv2%2Fmedia&parent=12600"}],"wp:term":[{"taxonomy":"category","embeddable":true,"href":"https:\/\/sarimelekler.biz\/index.php?rest_route=%2Fwp%2Fv2%2Fcategories&post=12600"},{"taxonomy":"post_tag","embeddable":true,"href":"https:\/\/sarimelekler.biz\/index.php?rest_route=%2Fwp%2Fv2%2Ftags&post=12600"}],"curies":[{"name":"wp","href":"https:\/\/api.w.org\/{rel}","templated":true}]}}