{"id":12640,"date":"2019-12-19T22:15:45","date_gmt":"2019-12-19T19:15:45","guid":{"rendered":"http:\/\/sarimelekler.biz\/?p=12640"},"modified":"2020-05-12T22:17:23","modified_gmt":"2020-05-12T19:17:23","slug":"jordan-thompson-fenerbahce-opette","status":"publish","type":"post","link":"https:\/\/sarimelekler.biz\/?p=12640","title":{"rendered":"Jordan Thompson Fenerbah\u00e7e Opet\u2019te"},"content":{"rendered":"<p style=\"text-align: justify;\">Fenerbah\u00e7e Opet Kad\u0131n Voleybol tak\u0131m\u0131m\u0131z\u0131n Pas\u00f6r \u00c7apraz\u0131 Melissa Vargas, tak\u0131m\u0131m\u0131z\u0131n 28 Kas\u0131m 2019 g\u00fcn\u00fc kar\u015f\u0131la\u015ft\u0131\u011f\u0131 Budowlani Lodz ma\u00e7\u0131 3. setinde sa\u011f ayak bile\u011finden sakatlanm\u0131\u015ft\u0131. Melissa Vargas\u2019\u0131n sakatl\u0131\u011f\u0131n\u0131n beklenenden uzun s\u00fcrecek olmas\u0131ndan dolay\u0131 kul\u00fcb\u00fcm\u00fcz bu pozisyona Amerikal\u0131 pas\u00f6r \u00e7apras\u0131 Jordan Thompson\u2019u transfer etti.<\/p>\n<p style=\"text-align: justify;\"><strong>Kul\u00fcb\u00fcm\u00fczden yap\u0131lan a\u00e7\u0131klama:<\/strong><\/p>\n<p style=\"text-align: justify;\">ABD Kad\u0131n Voleybol Milli Tak\u0131m\u0131\u2019n\u0131n 1997 do\u011fumlu pas\u00f6r \u00e7apraz\u0131 Jordan Thompson, Kad\u0131n Voleybol Tak\u0131m\u0131m\u0131z Fenerbah\u00e7e Opet\u2019in kadrosuna kat\u0131ld\u0131.<\/p>\n<p>Cincinnati \u00dcniversitesi tak\u0131m\u0131ndan transfer edilen Thompson, 2019-20 sezonunun sonuna kadar Fenerbah\u00e7e Opet formas\u0131 giyecek.<\/p>\n<p>Gen\u00e7 sporcu, 2020 Tokyo Olimpiyatlar\u0131\u2019na gitmeye hak kazanan Amerikan Milli Tak\u0131m\u0131n\u0131n ma\u00e7lar\u0131nda performans\u0131 ile dikkat \u00e7ekti. Thompson, yine geride b\u0131rakt\u0131\u011f\u0131m\u0131z yaz\u0131n Voleybol Milletler Ligi (VNL) finalinde Brezilya\u2019ya kar\u015f\u0131 tak\u0131m\u0131na kazand\u0131rd\u0131\u011f\u0131 33 say\u0131 ile de \u00e7ok konu\u015fuldu.<\/p>\n<p>Kendisine Sar\u0131 Lacivert renklerimize ho\u015f geldin diyor; Vestel Venus Sultanlar Ligi, Axa Sigorta Kupa Voley ve CEV \u015eampiyonlar Ligi\u2019nde ba\u015far\u0131larla dolu bir sezon diliyoruz.<\/p>\n<p>Kaynak:&nbsp;<a href=\"https:\/\/www.fenerbahce.org\/haberler\/voleybol-kadin\/2019\/12\/jordan-thompson-fenerbahce-opet-te\" target=\"_blank\" rel=\"noopener noreferrer\">Fenerbah\u00e7e SK Resmi \u0130nternet Sitesi<\/a><\/p>\n<p style=\"text-align: right;\">19.12.2019<\/p>\n","protected":false},"excerpt":{"rendered":"<p>Fenerbah\u00e7e Opet Kad\u0131n Voleybol tak\u0131m\u0131m\u0131z\u0131n Pas\u00f6r \u00c7apraz\u0131 Melissa Vargas, tak\u0131m\u0131m\u0131z\u0131n \u2026 <a class=\"continue-reading-link\" href=\"https:\/\/sarimelekler.biz\/?p=12640\">Okumaya Devam Et.. <span class=\"meta-nav\">&rarr; <\/span><\/a><\/p>\n","protected":false},"author":1,"featured_media":12641,"comment_status":"closed","ping_status":"open","sticky":false,"template":"","format":"standard","meta":{"jetpack_post_was_ever_published":false,"_jetpack_newsletter_access":"","_jetpack_dont_email_post_to_subs":false,"_jetpack_newsletter_tier_id":0,"_jetpack_memberships_contains_paywalled_content":false,"_jetpack_memberships_contains_paid_content":false,"footnotes":"","jetpack_publicize_message":"","jetpack_publicize_feature_enabled":true,"jetpack_social_post_already_shared":true,"jetpack_social_options":{"image_generator_settings":{"template":"highway","default_image_id":0,"font":"","enabled":false},"version":2}},"categories":[23],"tags":[],"class_list":["post-12640","post","type-post","status-publish","format-standard","has-post-thumbnail","hentry","category-transfer-haberleri"],"jetpack_publicize_connections":[],"jetpack_featured_media_url":"https:\/\/sarimelekler.biz\/wp-content\/uploads\/2019\/12\/jordanthompsonkapak.jpg","jetpack_sharing_enabled":true,"jetpack_shortlink":"https:\/\/wp.me\/p8npUZ-3hS","jetpack-related-posts":[{"id":13431,"url":"https:\/\/sarimelekler.biz\/?p=13431","url_meta":{"origin":12640,"position":0},"title":"Fenerbah\u00e7e Opet\u2019in S\u00f6zle\u015fme Yenilemedi\u011fi Jordan Thompson Tak\u0131m\u0131m\u0131zdan Ayr\u0131ld\u0131.","author":"Edit\u00f6r","date":"12 May\u0131s 2020","format":false,"excerpt":"Fenerbah\u00e7e Opet Kad\u0131n Voleybol tak\u0131m\u0131m\u0131z\u0131n Pas\u00f6r \u00c7apraz\u0131 Melissa Vargas, tak\u0131m\u0131m\u0131z\u0131n 28 Kas\u0131m 2019 g\u00fcn\u00fc kar\u015f\u0131la\u015ft\u0131\u011f\u0131 Budowlani Lodz ma\u00e7\u0131 3. setinde sa\u011f ayak bile\u011finden sakatlanm\u0131\u015ft\u0131. Melissa Vargas\u2019\u0131n sakatl\u0131\u011f\u0131n\u0131n beklenenden uzun s\u00fcrecek olmas\u0131ndan dolay\u0131 kul\u00fcb\u00fcm\u00fcz bu pozisyona 19.12.2019 g\u00fcn\u00fc Amerikal\u0131 pas\u00f6r \u00e7apras\u0131 Jordan Thompson\u2019u transfer etmi\u015fti. Thompson 03.01.2020 g\u00fcn\u00fc tak\u0131m\u0131m\u0131za kat\u0131lm\u0131\u015ft\u0131. 19.03.2020\u2026","rel":"","context":"&quot;Transfer Haberleri&quot; i\u00e7inde","block_context":{"text":"Transfer Haberleri","link":"https:\/\/sarimelekler.biz\/?cat=23"},"img":{"alt_text":"","src":"https:\/\/i0.wp.com\/sarimelekler.biz\/wp-content\/uploads\/2020\/05\/Jordan-Kapak.jpg?resize=350%2C200&ssl=1","width":350,"height":200,"srcset":"https:\/\/i0.wp.com\/sarimelekler.biz\/wp-content\/uploads\/2020\/05\/Jordan-Kapak.jpg?resize=350%2C200&ssl=1 1x, https:\/\/i0.wp.com\/sarimelekler.biz\/wp-content\/uploads\/2020\/05\/Jordan-Kapak.jpg?resize=525%2C300&ssl=1 1.5x, https:\/\/i0.wp.com\/sarimelekler.biz\/wp-content\/uploads\/2020\/05\/Jordan-Kapak.jpg?resize=700%2C400&ssl=1 2x, https:\/\/i0.wp.com\/sarimelekler.biz\/wp-content\/uploads\/2020\/05\/Jordan-Kapak.jpg?resize=1050%2C600&ssl=1 3x, https:\/\/i0.wp.com\/sarimelekler.biz\/wp-content\/uploads\/2020\/05\/Jordan-Kapak.jpg?resize=1400%2C800&ssl=1 4x"},"classes":[]},{"id":18754,"url":"https:\/\/sarimelekler.biz\/?p=18754","url_meta":{"origin":12640,"position":1},"title":"Melissa Vargas \u00c7in Liginin Bitmesinden Sonra Tak\u0131ma Geri D\u00f6nd\u00fc","author":"Edit\u00f6r","date":"15 Ocak 2023","format":false,"excerpt":"Fenerbah\u00e7e Opet Kad\u0131n Voleybol Tak\u0131m\u0131m\u0131z\u0131n ba\u015far\u0131l\u0131 oyuncusu Melissa Vargas 21-22 T\u00fcrkiye Liginin bitmesinden sonra transfer oldu\u011fu \u00c7in Liginde bitmesinden sonra kul\u00fcb\u00fcm\u00fcze geri d\u00f6nd\u00fc. Vargas\u2019a Ba\u015far\u0131l\u0131 bir sezon dileriz. Kul\u00fcb\u00fcm\u00fcz\u00fcn Resmi Sitesinden yap\u0131lan a\u00e7\u0131klama: Fenerbah\u00e7e Opet Kad\u0131n Voleybol Tak\u0131m\u0131m\u0131z\u0131n oyuncusu Melissa Vargas, \u00c7in Ligi\u2019nin sona ermesiyle birlikte \u0130stanbul\u2019a geri d\u00f6nd\u00fc. K\u00fcba\u2026","rel":"","context":"&quot;Transfer Haberleri&quot; i\u00e7inde","block_context":{"text":"Transfer Haberleri","link":"https:\/\/sarimelekler.biz\/?cat=23"},"img":{"alt_text":"","src":"https:\/\/i0.wp.com\/sarimelekler.biz\/wp-content\/uploads\/2023\/02\/Vargas-2023-1-scaled.jpg?resize=350%2C200&ssl=1","width":350,"height":200,"srcset":"https:\/\/i0.wp.com\/sarimelekler.biz\/wp-content\/uploads\/2023\/02\/Vargas-2023-1-scaled.jpg?resize=350%2C200&ssl=1 1x, https:\/\/i0.wp.com\/sarimelekler.biz\/wp-content\/uploads\/2023\/02\/Vargas-2023-1-scaled.jpg?resize=525%2C300&ssl=1 1.5x, https:\/\/i0.wp.com\/sarimelekler.biz\/wp-content\/uploads\/2023\/02\/Vargas-2023-1-scaled.jpg?resize=700%2C400&ssl=1 2x, https:\/\/i0.wp.com\/sarimelekler.biz\/wp-content\/uploads\/2023\/02\/Vargas-2023-1-scaled.jpg?resize=1050%2C600&ssl=1 3x, https:\/\/i0.wp.com\/sarimelekler.biz\/wp-content\/uploads\/2023\/02\/Vargas-2023-1-scaled.jpg?resize=1400%2C800&ssl=1 4x"},"classes":[]},{"id":11863,"url":"https:\/\/sarimelekler.biz\/?p=11863","url_meta":{"origin":12640,"position":2},"title":"Eda Erdem D\u00fcndar ile Brankica Mihajlovic R\u00fcya Tak\u0131ma se\u00e7ildi","author":"Edit\u00f6r","date":"21 Eyl\u00fcl 2019","format":false,"excerpt":"\u00dclkemizin de ev sahipli\u011fiyle d\u00f6rt \u00fclkenin ortakla\u015fa d\u00fczenledi\u011fi 2019 CEV Kad\u0131nlar Avrupa Voleybol \u015eampiyonas\u0131\u2019nda gurur verici bir ba\u015far\u0131ya imza atarak Avrupa ikincisi olan Milli Tak\u0131m\u0131m\u0131z\u0131n kaptan\u0131 Eda Erdem D\u00fcndar ile Fenerbah\u00e7e Opet Kad\u0131n Voleybol Tak\u0131m\u0131m\u0131z\u0131n yeni transferi S\u0131rp Brankica Mihajlovic, turnuvan\u0131n R\u00fcya Tak\u0131m\u0131\u2019nda yer ald\u0131. Avrupa Voleybol \u015eampiyonas\u0131 Final ma\u00e7\u0131ndan\u2026","rel":"","context":"&quot;Milli Tak\u0131m&quot; i\u00e7inde","block_context":{"text":"Milli Tak\u0131m","link":"https:\/\/sarimelekler.biz\/?cat=19"},"img":{"alt_text":"","src":"https:\/\/i0.wp.com\/sarimelekler.biz\/wp-content\/uploads\/2019\/09\/Eda-Brankica.jpg?resize=350%2C200&ssl=1","width":350,"height":200,"srcset":"https:\/\/i0.wp.com\/sarimelekler.biz\/wp-content\/uploads\/2019\/09\/Eda-Brankica.jpg?resize=350%2C200&ssl=1 1x, https:\/\/i0.wp.com\/sarimelekler.biz\/wp-content\/uploads\/2019\/09\/Eda-Brankica.jpg?resize=525%2C300&ssl=1 1.5x, https:\/\/i0.wp.com\/sarimelekler.biz\/wp-content\/uploads\/2019\/09\/Eda-Brankica.jpg?resize=700%2C400&ssl=1 2x, https:\/\/i0.wp.com\/sarimelekler.biz\/wp-content\/uploads\/2019\/09\/Eda-Brankica.jpg?resize=1050%2C600&ssl=1 3x"},"classes":[]},{"id":18098,"url":"https:\/\/sarimelekler.biz\/?p=18098","url_meta":{"origin":12640,"position":3},"title":"\u0130par Kurt ve G\u00fclce G\u00fc\u00e7tekin U21 Avrupa \u015eampiyonas\u0131\u2019nda Bireysel \u00d6d\u00fcl Ald\u0131","author":"Edit\u00f6r","date":"18 Temmuz 2022","format":false,"excerpt":"\u0130talya\u2019da d\u00fczenlenen U21 Avrupa \u015eampiyonas\u0131\u2019nda m\u00fccadele eden ve Fenerbah\u00e7e Opet Kad\u0131n Voleybol Tak\u0131m\u0131m\u0131z\u0131n oyuncular\u0131 \u0130par Kurt ile G\u00fclce G\u00fc\u00e7tekin\u2019in de formas\u0131n\u0131 giydi\u011fi 21 Ya\u015f Alt\u0131 K\u0131z Milli Tak\u0131m\u0131m\u0131z, 3.\/4.l\u00fck ma\u00e7\u0131nda Polonya\u2019y\u0131 3-2 ma\u011flup ederek bronz madalyan\u0131n sahibi oldu. Final kar\u015f\u0131la\u015fmas\u0131n\u0131n ard\u0131ndan yap\u0131lan t\u00f6rende Milli Tak\u0131m\u0131m\u0131zdan 2 oyuncu r\u00fcya tak\u0131m\u0131 se\u00e7ildi.\u2026","rel":"","context":"&quot;Milli Tak\u0131m&quot; i\u00e7inde","block_context":{"text":"Milli Tak\u0131m","link":"https:\/\/sarimelekler.biz\/?cat=19"},"img":{"alt_text":"","src":"https:\/\/i0.wp.com\/sarimelekler.biz\/wp-content\/uploads\/2022\/09\/U21-En-Iyiler.jpeg?resize=350%2C200&ssl=1","width":350,"height":200,"srcset":"https:\/\/i0.wp.com\/sarimelekler.biz\/wp-content\/uploads\/2022\/09\/U21-En-Iyiler.jpeg?resize=350%2C200&ssl=1 1x, https:\/\/i0.wp.com\/sarimelekler.biz\/wp-content\/uploads\/2022\/09\/U21-En-Iyiler.jpeg?resize=525%2C300&ssl=1 1.5x, https:\/\/i0.wp.com\/sarimelekler.biz\/wp-content\/uploads\/2022\/09\/U21-En-Iyiler.jpeg?resize=700%2C400&ssl=1 2x, https:\/\/i0.wp.com\/sarimelekler.biz\/wp-content\/uploads\/2022\/09\/U21-En-Iyiler.jpeg?resize=1050%2C600&ssl=1 3x, https:\/\/i0.wp.com\/sarimelekler.biz\/wp-content\/uploads\/2022\/09\/U21-En-Iyiler.jpeg?resize=1400%2C800&ssl=1 4x"},"classes":[]},{"id":12688,"url":"https:\/\/sarimelekler.biz\/?p=12688","url_meta":{"origin":12640,"position":4},"title":"Kaptan\u0131m\u0131z Eda Erdem D\u00fcndar Olimpiyat Elemeleri\u2019nin R\u00fcya Tak\u0131m\u0131na Se\u00e7ildi.","author":"Edit\u00f6r","date":"15 Ocak 2020","format":false,"excerpt":"Hollanda\u2019n\u0131n ev sahipli\u011finde Apeldoorn \u015fehrinde d\u00fczenlenen 2020 CEV Tokyo Olimpiyatlar\u0131 Avrupa K\u0131ta Elemeleri\u2019nde gurur verici bir ba\u015far\u0131ya imza atarak olimpiyat vizesi alan Milli Tak\u0131m\u0131m\u0131zda kaptan Eda Erdem D\u00fcndar ile Simge Ak\u00f6z, turnuvan\u0131n R\u00fcya Tak\u0131m\u0131\u2019nda yer ald\u0131. Avrupa Voleybol Konfederasyonu (CEV) taraf\u0131ndan a\u00e7\u0131klanan listede Fenerbah\u00e7e Opet Kad\u0131n Voleybol Tak\u0131m\u0131m\u0131z ile A\u2026","rel":"","context":"&quot;Milli Tak\u0131m&quot; i\u00e7inde","block_context":{"text":"Milli Tak\u0131m","link":"https:\/\/sarimelekler.biz\/?cat=19"},"img":{"alt_text":"","src":"https:\/\/i0.wp.com\/sarimelekler.biz\/wp-content\/uploads\/2019\/09\/Eda-CLw-15.jpg?resize=350%2C200&ssl=1","width":350,"height":200,"srcset":"https:\/\/i0.wp.com\/sarimelekler.biz\/wp-content\/uploads\/2019\/09\/Eda-CLw-15.jpg?resize=350%2C200&ssl=1 1x, https:\/\/i0.wp.com\/sarimelekler.biz\/wp-content\/uploads\/2019\/09\/Eda-CLw-15.jpg?resize=525%2C300&ssl=1 1.5x, https:\/\/i0.wp.com\/sarimelekler.biz\/wp-content\/uploads\/2019\/09\/Eda-CLw-15.jpg?resize=700%2C400&ssl=1 2x, https:\/\/i0.wp.com\/sarimelekler.biz\/wp-content\/uploads\/2019\/09\/Eda-CLw-15.jpg?resize=1050%2C600&ssl=1 3x"},"classes":[]},{"id":15791,"url":"https:\/\/sarimelekler.biz\/?p=15791","url_meta":{"origin":12640,"position":5},"title":"Anna Lazareva Fenerbah\u00e7e Opet\u2019te","author":"Edit\u00f6r","date":"7 May\u0131s 2021","format":false,"excerpt":"Kul\u00fcb\u00fcm\u00fcz resmi sitesinden yapt\u0131\u011f\u0131 a\u00e7\u0131klamada 1997 do\u011fumlu Rus pas\u00f6r \u00e7apraz\u0131 Anna Lazareva ile anla\u015fma sa\u011fland\u0131\u011f\u0131n\u0131 duyurdu. Pas\u00f6r \u00e7apraz\u0131 pozisyonunda oynayan ve bu sezon sonu tak\u0131m\u0131m\u0131zdan ayr\u0131lan SB Community menajerlik \u015firketi oyuncusu Melissa Vargas\u2019\u0131n bo\u015flu\u011funu kul\u00fcb\u00fcm\u00fcz yine ayn\u0131 menajerlik \u015firketinden Anna Lazareva ile doldurmu\u015f oldu. Anna Lazareva, 2021-2022 sezonu i\u00e7in Tutku\u2026","rel":"","context":"&quot;Transfer Haberleri&quot; i\u00e7inde","block_context":{"text":"Transfer Haberleri","link":"https:\/\/sarimelekler.biz\/?cat=23"},"img":{"alt_text":"","src":"https:\/\/i0.wp.com\/sarimelekler.biz\/wp-content\/uploads\/2021\/05\/Lazerava-1.jpg?resize=350%2C200&ssl=1","width":350,"height":200,"srcset":"https:\/\/i0.wp.com\/sarimelekler.biz\/wp-content\/uploads\/2021\/05\/Lazerava-1.jpg?resize=350%2C200&ssl=1 1x, https:\/\/i0.wp.com\/sarimelekler.biz\/wp-content\/uploads\/2021\/05\/Lazerava-1.jpg?resize=525%2C300&ssl=1 1.5x, https:\/\/i0.wp.com\/sarimelekler.biz\/wp-content\/uploads\/2021\/05\/Lazerava-1.jpg?resize=700%2C400&ssl=1 2x"},"classes":[]}],"_links":{"self":[{"href":"https:\/\/sarimelekler.biz\/index.php?rest_route=\/wp\/v2\/posts\/12640","targetHints":{"allow":["GET"]}}],"collection":[{"href":"https:\/\/sarimelekler.biz\/index.php?rest_route=\/wp\/v2\/posts"}],"about":[{"href":"https:\/\/sarimelekler.biz\/index.php?rest_route=\/wp\/v2\/types\/post"}],"author":[{"embeddable":true,"href":"https:\/\/sarimelekler.biz\/index.php?rest_route=\/wp\/v2\/users\/1"}],"replies":[{"embeddable":true,"href":"https:\/\/sarimelekler.biz\/index.php?rest_route=%2Fwp%2Fv2%2Fcomments&post=12640"}],"version-history":[{"count":2,"href":"https:\/\/sarimelekler.biz\/index.php?rest_route=\/wp\/v2\/posts\/12640\/revisions"}],"predecessor-version":[{"id":13430,"href":"https:\/\/sarimelekler.biz\/index.php?rest_route=\/wp\/v2\/posts\/12640\/revisions\/13430"}],"wp:featuredmedia":[{"embeddable":true,"href":"https:\/\/sarimelekler.biz\/index.php?rest_route=\/wp\/v2\/media\/12641"}],"wp:attachment":[{"href":"https:\/\/sarimelekler.biz\/index.php?rest_route=%2Fwp%2Fv2%2Fmedia&parent=12640"}],"wp:term":[{"taxonomy":"category","embeddable":true,"href":"https:\/\/sarimelekler.biz\/index.php?rest_route=%2Fwp%2Fv2%2Fcategories&post=12640"},{"taxonomy":"post_tag","embeddable":true,"href":"https:\/\/sarimelekler.biz\/index.php?rest_route=%2Fwp%2Fv2%2Ftags&post=12640"}],"curies":[{"name":"wp","href":"https:\/\/api.w.org\/{rel}","templated":true}]}}