{"id":12648,"date":"2020-01-12T22:51:42","date_gmt":"2020-01-12T19:51:42","guid":{"rendered":"http:\/\/sarimelekler.biz\/?p=12648"},"modified":"2020-01-18T00:45:02","modified_gmt":"2020-01-17T21:45:02","slug":"filenin-sultanlari-olimpiyatlara-gitmeye-hak-kazandi","status":"publish","type":"post","link":"https:\/\/sarimelekler.biz\/?p=12648","title":{"rendered":"Filenin Sultanlar\u0131 Olimpiyatlara Gitmeye Hak Kazand\u0131."},"content":{"rendered":"<p style=\"text-align: justify;\">T\u00fcrk Kad\u0131n\u0131 bu ak\u015fam bir tarih daha yazd\u0131. Almanya&#8217;y\u0131 3-0 yenen A Milli Kad\u0131n Voleybol tak\u0131m\u0131m\u0131z Tokyo 2020 Olimpiyatlar\u0131na gitme hakk\u0131 kazand\u0131.<\/p>\n<p style=\"text-align: justify;\">Sadece 22 saatte 2 m\u00fckemmel ma\u00e7 \u00e7\u0131karan Filenin Sultanlar\u0131n\u0131 can\u0131 g\u00f6n\u00fclden tebrik ederiz.<\/p>\n\n\t\t<style type=\"text\/css\">\n\t\t\t#gallery-1 {\n\t\t\t\tmargin: auto;\n\t\t\t}\n\t\t\t#gallery-1 .gallery-item {\n\t\t\t\tfloat: left;\n\t\t\t\tmargin-top: 10px;\n\t\t\t\ttext-align: center;\n\t\t\t\twidth: 100%;\n\t\t\t}\n\t\t\t#gallery-1 img {\n\t\t\t\tborder: 2px solid #cfcfcf;\n\t\t\t}\n\t\t\t#gallery-1 .gallery-caption {\n\t\t\t\tmargin-left: 0;\n\t\t\t}\n\t\t\t\/* see gallery_shortcode() in wp-includes\/media.php *\/\n\t\t<\/style>\n\t\t<div data-carousel-extra='{&quot;blog_id&quot;:1,&quot;permalink&quot;:&quot;https:\/\/sarimelekler.biz\/?p=12648&quot;}' id='gallery-1' class='gallery galleryid-12648 gallery-columns-1 gallery-size-large'><dl class='gallery-item'>\n\t\t\t<dt class='gallery-icon landscape'>\n\t\t\t\t<a href='https:\/\/sarimelekler.biz\/?attachment_id=12650'><img loading=\"lazy\" decoding=\"async\" width=\"860\" height=\"667\" src=\"https:\/\/sarimelekler.biz\/wp-content\/uploads\/2020\/01\/Tokyo-2020-1.jpg\" class=\"attachment-large size-large\" alt=\"\" srcset=\"https:\/\/sarimelekler.biz\/wp-content\/uploads\/2020\/01\/Tokyo-2020-1.jpg 960w, https:\/\/sarimelekler.biz\/wp-content\/uploads\/2020\/01\/Tokyo-2020-1-300x233.jpg 300w, https:\/\/sarimelekler.biz\/wp-content\/uploads\/2020\/01\/Tokyo-2020-1-768x596.jpg 768w, https:\/\/sarimelekler.biz\/wp-content\/uploads\/2020\/01\/Tokyo-2020-1-150x116.jpg 150w\" sizes=\"auto, (max-width: 860px) 100vw, 860px\" data-attachment-id=\"12650\" data-permalink=\"https:\/\/sarimelekler.biz\/?attachment_id=12650\" data-orig-file=\"https:\/\/sarimelekler.biz\/wp-content\/uploads\/2020\/01\/Tokyo-2020-1.jpg\" data-orig-size=\"960,745\" data-comments-opened=\"0\" data-image-meta=\"{&quot;aperture&quot;:&quot;0&quot;,&quot;credit&quot;:&quot;&quot;,&quot;camera&quot;:&quot;&quot;,&quot;caption&quot;:&quot;&quot;,&quot;created_timestamp&quot;:&quot;0&quot;,&quot;copyright&quot;:&quot;&quot;,&quot;focal_length&quot;:&quot;0&quot;,&quot;iso&quot;:&quot;0&quot;,&quot;shutter_speed&quot;:&quot;0&quot;,&quot;title&quot;:&quot;&quot;,&quot;orientation&quot;:&quot;0&quot;}\" data-image-title=\"Tokyo 2020 (1)\" data-image-description=\"\" data-image-caption=\"\" data-large-file=\"https:\/\/sarimelekler.biz\/wp-content\/uploads\/2020\/01\/Tokyo-2020-1.jpg\" \/><\/a>\n\t\t\t<\/dt><\/dl><br style=\"clear: both\" \/><dl class='gallery-item'>\n\t\t\t<dt class='gallery-icon landscape'>\n\t\t\t\t<a href='https:\/\/sarimelekler.biz\/?attachment_id=12651'><img loading=\"lazy\" decoding=\"async\" width=\"680\" height=\"680\" src=\"https:\/\/sarimelekler.biz\/wp-content\/uploads\/2020\/01\/Tokyo-2020-2.jpg\" class=\"attachment-large size-large\" alt=\"\" srcset=\"https:\/\/sarimelekler.biz\/wp-content\/uploads\/2020\/01\/Tokyo-2020-2.jpg 680w, https:\/\/sarimelekler.biz\/wp-content\/uploads\/2020\/01\/Tokyo-2020-2-150x150.jpg 150w, https:\/\/sarimelekler.biz\/wp-content\/uploads\/2020\/01\/Tokyo-2020-2-300x300.jpg 300w\" sizes=\"auto, (max-width: 680px) 100vw, 680px\" data-attachment-id=\"12651\" data-permalink=\"https:\/\/sarimelekler.biz\/?attachment_id=12651\" data-orig-file=\"https:\/\/sarimelekler.biz\/wp-content\/uploads\/2020\/01\/Tokyo-2020-2.jpg\" data-orig-size=\"680,680\" data-comments-opened=\"0\" data-image-meta=\"{&quot;aperture&quot;:&quot;0&quot;,&quot;credit&quot;:&quot;&quot;,&quot;camera&quot;:&quot;&quot;,&quot;caption&quot;:&quot;&quot;,&quot;created_timestamp&quot;:&quot;0&quot;,&quot;copyright&quot;:&quot;&quot;,&quot;focal_length&quot;:&quot;0&quot;,&quot;iso&quot;:&quot;0&quot;,&quot;shutter_speed&quot;:&quot;0&quot;,&quot;title&quot;:&quot;&quot;,&quot;orientation&quot;:&quot;0&quot;}\" data-image-title=\"Tokyo 2020 (2)\" data-image-description=\"\" data-image-caption=\"\" data-large-file=\"https:\/\/sarimelekler.biz\/wp-content\/uploads\/2020\/01\/Tokyo-2020-2.jpg\" \/><\/a>\n\t\t\t<\/dt><\/dl><br style=\"clear: both\" \/><dl class='gallery-item'>\n\t\t\t<dt class='gallery-icon landscape'>\n\t\t\t\t<a href='https:\/\/sarimelekler.biz\/?attachment_id=12652'><img loading=\"lazy\" decoding=\"async\" width=\"853\" height=\"853\" src=\"https:\/\/sarimelekler.biz\/wp-content\/uploads\/2020\/01\/Tokyo-2020-3.jpg\" class=\"attachment-large size-large\" alt=\"\" srcset=\"https:\/\/sarimelekler.biz\/wp-content\/uploads\/2020\/01\/Tokyo-2020-3.jpg 853w, https:\/\/sarimelekler.biz\/wp-content\/uploads\/2020\/01\/Tokyo-2020-3-150x150.jpg 150w, https:\/\/sarimelekler.biz\/wp-content\/uploads\/2020\/01\/Tokyo-2020-3-300x300.jpg 300w, https:\/\/sarimelekler.biz\/wp-content\/uploads\/2020\/01\/Tokyo-2020-3-768x768.jpg 768w\" sizes=\"auto, (max-width: 853px) 100vw, 853px\" data-attachment-id=\"12652\" data-permalink=\"https:\/\/sarimelekler.biz\/?attachment_id=12652\" data-orig-file=\"https:\/\/sarimelekler.biz\/wp-content\/uploads\/2020\/01\/Tokyo-2020-3.jpg\" data-orig-size=\"853,853\" data-comments-opened=\"0\" data-image-meta=\"{&quot;aperture&quot;:&quot;0&quot;,&quot;credit&quot;:&quot;&quot;,&quot;camera&quot;:&quot;&quot;,&quot;caption&quot;:&quot;&quot;,&quot;created_timestamp&quot;:&quot;0&quot;,&quot;copyright&quot;:&quot;&quot;,&quot;focal_length&quot;:&quot;0&quot;,&quot;iso&quot;:&quot;0&quot;,&quot;shutter_speed&quot;:&quot;0&quot;,&quot;title&quot;:&quot;&quot;,&quot;orientation&quot;:&quot;0&quot;}\" data-image-title=\"Tokyo 2020 (3)\" data-image-description=\"\" data-image-caption=\"\" data-large-file=\"https:\/\/sarimelekler.biz\/wp-content\/uploads\/2020\/01\/Tokyo-2020-3.jpg\" \/><\/a>\n\t\t\t<\/dt><\/dl><br style=\"clear: both\" \/><dl class='gallery-item'>\n\t\t\t<dt class='gallery-icon landscape'>\n\t\t\t\t<a href='https:\/\/sarimelekler.biz\/?attachment_id=12653'><img loading=\"lazy\" decoding=\"async\" width=\"532\" height=\"413\" src=\"https:\/\/sarimelekler.biz\/wp-content\/uploads\/2020\/01\/Tokyo-2020-4.jpg\" class=\"attachment-large size-large\" alt=\"\" srcset=\"https:\/\/sarimelekler.biz\/wp-content\/uploads\/2020\/01\/Tokyo-2020-4.jpg 532w, https:\/\/sarimelekler.biz\/wp-content\/uploads\/2020\/01\/Tokyo-2020-4-300x233.jpg 300w, https:\/\/sarimelekler.biz\/wp-content\/uploads\/2020\/01\/Tokyo-2020-4-150x116.jpg 150w\" sizes=\"auto, (max-width: 532px) 100vw, 532px\" data-attachment-id=\"12653\" data-permalink=\"https:\/\/sarimelekler.biz\/?attachment_id=12653\" data-orig-file=\"https:\/\/sarimelekler.biz\/wp-content\/uploads\/2020\/01\/Tokyo-2020-4.jpg\" data-orig-size=\"532,413\" data-comments-opened=\"0\" data-image-meta=\"{&quot;aperture&quot;:&quot;0&quot;,&quot;credit&quot;:&quot;&quot;,&quot;camera&quot;:&quot;&quot;,&quot;caption&quot;:&quot;&quot;,&quot;created_timestamp&quot;:&quot;0&quot;,&quot;copyright&quot;:&quot;&quot;,&quot;focal_length&quot;:&quot;0&quot;,&quot;iso&quot;:&quot;0&quot;,&quot;shutter_speed&quot;:&quot;0&quot;,&quot;title&quot;:&quot;&quot;,&quot;orientation&quot;:&quot;0&quot;}\" data-image-title=\"Tokyo 2020 (4)\" data-image-description=\"\" data-image-caption=\"\" data-large-file=\"https:\/\/sarimelekler.biz\/wp-content\/uploads\/2020\/01\/Tokyo-2020-4.jpg\" \/><\/a>\n\t\t\t<\/dt><\/dl><br style=\"clear: both\" \/><dl class='gallery-item'>\n\t\t\t<dt class='gallery-icon landscape'>\n\t\t\t\t<a href='https:\/\/sarimelekler.biz\/?attachment_id=12654'><img loading=\"lazy\" decoding=\"async\" width=\"860\" height=\"555\" src=\"https:\/\/sarimelekler.biz\/wp-content\/uploads\/2020\/01\/Tokyo-2020-5.jpg\" class=\"attachment-large size-large\" alt=\"\" srcset=\"https:\/\/sarimelekler.biz\/wp-content\/uploads\/2020\/01\/Tokyo-2020-5.jpg 922w, https:\/\/sarimelekler.biz\/wp-content\/uploads\/2020\/01\/Tokyo-2020-5-300x194.jpg 300w, https:\/\/sarimelekler.biz\/wp-content\/uploads\/2020\/01\/Tokyo-2020-5-768x496.jpg 768w, https:\/\/sarimelekler.biz\/wp-content\/uploads\/2020\/01\/Tokyo-2020-5-150x97.jpg 150w\" sizes=\"auto, (max-width: 860px) 100vw, 860px\" data-attachment-id=\"12654\" data-permalink=\"https:\/\/sarimelekler.biz\/?attachment_id=12654\" data-orig-file=\"https:\/\/sarimelekler.biz\/wp-content\/uploads\/2020\/01\/Tokyo-2020-5.jpg\" data-orig-size=\"922,595\" data-comments-opened=\"0\" data-image-meta=\"{&quot;aperture&quot;:&quot;0&quot;,&quot;credit&quot;:&quot;&quot;,&quot;camera&quot;:&quot;&quot;,&quot;caption&quot;:&quot;&quot;,&quot;created_timestamp&quot;:&quot;0&quot;,&quot;copyright&quot;:&quot;&quot;,&quot;focal_length&quot;:&quot;0&quot;,&quot;iso&quot;:&quot;0&quot;,&quot;shutter_speed&quot;:&quot;0&quot;,&quot;title&quot;:&quot;&quot;,&quot;orientation&quot;:&quot;0&quot;}\" data-image-title=\"Tokyo 2020 (5)\" data-image-description=\"\" data-image-caption=\"\" data-large-file=\"https:\/\/sarimelekler.biz\/wp-content\/uploads\/2020\/01\/Tokyo-2020-5.jpg\" \/><\/a>\n\t\t\t<\/dt><\/dl><br style=\"clear: both\" \/>\n\t\t<\/div>\n\n","protected":false},"excerpt":{"rendered":"<p>T\u00fcrk Kad\u0131n\u0131 bu ak\u015fam bir tarih daha yazd\u0131. Almanya&#8217;y\u0131 3-0 \u2026 <a class=\"continue-reading-link\" href=\"https:\/\/sarimelekler.biz\/?p=12648\">Okumaya Devam Et.. <span class=\"meta-nav\">&rarr; <\/span><\/a><\/p>\n","protected":false},"author":1,"featured_media":12649,"comment_status":"closed","ping_status":"open","sticky":false,"template":"","format":"standard","meta":{"jetpack_post_was_ever_published":false,"_jetpack_newsletter_access":"","_jetpack_dont_email_post_to_subs":false,"_jetpack_newsletter_tier_id":0,"_jetpack_memberships_contains_paywalled_content":false,"_jetpack_memberships_contains_paid_content":false,"footnotes":"","jetpack_publicize_message":"","jetpack_publicize_feature_enabled":true,"jetpack_social_post_already_shared":true,"jetpack_social_options":{"image_generator_settings":{"template":"highway","default_image_id":0,"font":"","enabled":false},"version":2}},"categories":[19],"tags":[],"class_list":["post-12648","post","type-post","status-publish","format-standard","has-post-thumbnail","hentry","category-milli-takim"],"jetpack_publicize_connections":[],"jetpack_featured_media_url":"https:\/\/sarimelekler.biz\/wp-content\/uploads\/2020\/01\/82943172_10156929076116903_3224368013671137280_o.jpg","jetpack_sharing_enabled":true,"jetpack_shortlink":"https:\/\/wp.me\/p8npUZ-3i0","jetpack-related-posts":[{"id":11526,"url":"https:\/\/sarimelekler.biz\/?p=11526","url_meta":{"origin":12648,"position":0},"title":"Filenin Sultanlar\u0131ndan Tarihi Ba\u015far\u0131","author":"Edit\u00f6r","date":"9 Eyl\u00fcl 2019","format":false,"excerpt":"A Milli Kad\u0131n Voleybol Tak\u0131m\u0131m\u0131z, Ankara\u2019da T\u00fcrkiye Voleybol Federasyonu taraf\u0131ndan d\u00fczenlenen 2019 CEV Kad\u0131nlar Avrupa Voleybol \u015eampiyonas\u0131 finalinde S\u0131rbistan\u2019a 3-2 yenilerek turnuvay\u0131 ikinci tamamlad\u0131. Filenin Sultanlar\u0131 turnuvada tarihi bir ba\u015far\u0131 elde ederek g\u00fcm\u00fc\u015f madalya al\u0131rken 16 y\u0131l sonra bu ba\u015far\u0131y\u0131 tekrarlam\u0131\u015f oldu. Tak\u0131m\u0131m\u0131z toplamda ise \u00fc\u00e7\u00fcnc\u00fc kez g\u00fcm\u00fc\u015f madalyay\u0131 ald\u0131.\u2026","rel":"","context":"&quot;Milli Tak\u0131m&quot; i\u00e7inde","block_context":{"text":"Milli Tak\u0131m","link":"https:\/\/sarimelekler.biz\/?cat=19"},"img":{"alt_text":"","src":"https:\/\/i0.wp.com\/sarimelekler.biz\/wp-content\/uploads\/2019\/09\/Milli-Tak%C4%B1m-19-CLw-44.jpg?resize=350%2C200&ssl=1","width":350,"height":200,"srcset":"https:\/\/i0.wp.com\/sarimelekler.biz\/wp-content\/uploads\/2019\/09\/Milli-Tak%C4%B1m-19-CLw-44.jpg?resize=350%2C200&ssl=1 1x, https:\/\/i0.wp.com\/sarimelekler.biz\/wp-content\/uploads\/2019\/09\/Milli-Tak%C4%B1m-19-CLw-44.jpg?resize=525%2C300&ssl=1 1.5x, https:\/\/i0.wp.com\/sarimelekler.biz\/wp-content\/uploads\/2019\/09\/Milli-Tak%C4%B1m-19-CLw-44.jpg?resize=700%2C400&ssl=1 2x, https:\/\/i0.wp.com\/sarimelekler.biz\/wp-content\/uploads\/2019\/09\/Milli-Tak%C4%B1m-19-CLw-44.jpg?resize=1050%2C600&ssl=1 3x, https:\/\/i0.wp.com\/sarimelekler.biz\/wp-content\/uploads\/2019\/09\/Milli-Tak%C4%B1m-19-CLw-44.jpg?resize=1400%2C800&ssl=1 4x"},"classes":[]},{"id":6662,"url":"https:\/\/sarimelekler.biz\/?p=6662","url_meta":{"origin":12648,"position":1},"title":"Filenin Sultanlar\u0131, Gloria Cup Volleyball\u2019da \u015eampiyon Oldu","author":"Edit\u00f6r","date":"26 A\u011fustos 2018","format":false,"excerpt":"Antalya Belek\u2019te yer alan Gloria Sports Arena\u2019n\u0131n (GSA) ev sahipli\u011finde, Smart Casual Event\u2019\u0131n organizat\u00f6rl\u00fc\u011f\u00fcnde T\u00fcrkiye Voleybol Federasyonu (TVF) i\u015f birli\u011fiyle d\u00fczenlenen Gloria Cup Volleyball\u2019da m\u00fccadele eden A Bayan Milli Tak\u0131m\u0131m\u0131z s\u0131ras\u0131yla Azerbaycan\u2019\u0131 3-0, Rusya\u2019y\u0131 3-1 ve finalde ise \u0130talya\u2019y\u0131 3-1 yenerek Gloria Cup Volleyball\u2019da nama\u011flup lider olarak \u015fampiyon oldu. Gloria\u2026","rel":"","context":"&quot;Milli Tak\u0131m&quot; i\u00e7inde","block_context":{"text":"Milli Tak\u0131m","link":"https:\/\/sarimelekler.biz\/?cat=19"},"img":{"alt_text":"","src":"https:\/\/i0.wp.com\/sarimelekler.biz\/wp-content\/uploads\/2018\/08\/T%C3%BCrkiye-Kupa-K%C3%BCrs%C3%BC-4.jpeg?resize=350%2C200&ssl=1","width":350,"height":200,"srcset":"https:\/\/i0.wp.com\/sarimelekler.biz\/wp-content\/uploads\/2018\/08\/T%C3%BCrkiye-Kupa-K%C3%BCrs%C3%BC-4.jpeg?resize=350%2C200&ssl=1 1x, https:\/\/i0.wp.com\/sarimelekler.biz\/wp-content\/uploads\/2018\/08\/T%C3%BCrkiye-Kupa-K%C3%BCrs%C3%BC-4.jpeg?resize=525%2C300&ssl=1 1.5x, https:\/\/i0.wp.com\/sarimelekler.biz\/wp-content\/uploads\/2018\/08\/T%C3%BCrkiye-Kupa-K%C3%BCrs%C3%BC-4.jpeg?resize=700%2C400&ssl=1 2x, https:\/\/i0.wp.com\/sarimelekler.biz\/wp-content\/uploads\/2018\/08\/T%C3%BCrkiye-Kupa-K%C3%BCrs%C3%BC-4.jpeg?resize=1050%2C600&ssl=1 3x, https:\/\/i0.wp.com\/sarimelekler.biz\/wp-content\/uploads\/2018\/08\/T%C3%BCrkiye-Kupa-K%C3%BCrs%C3%BC-4.jpeg?resize=1400%2C800&ssl=1 4x"},"classes":[]},{"id":12690,"url":"https:\/\/sarimelekler.biz\/?p=12690","url_meta":{"origin":12648,"position":2},"title":"Olimpiyat Vizesi Alan Sar\u0131 Meleklere Antrenman \u00d6ncesi \u00c7i\u00e7ekli Kar\u015f\u0131lama Yap\u0131ld\u0131.","author":"Edit\u00f6r","date":"15 Ocak 2020","format":false,"excerpt":"2020 Tokyo Olimpiyatlar\u0131\u2019na kat\u0131lma hakk\u0131 elde eden A Milli Kad\u0131n Voleybol Tak\u0131m\u0131m\u0131z\u0131n Fenerbah\u00e7eli milli oyuncular\u0131na tak\u0131m arkada\u015flar\u0131 ve teknik heyet taraf\u0131ndan s\u0131cak bir kar\u015f\u0131lama organize edildi. Fenerbah\u00e7e Opet\u2019in ak\u015fam idman\u0131 \u00f6ncesi milli oyuncular\u0131m\u0131za \u00e7i\u00e7ek takdim edildi. Fenerbah\u00e7e Opet Kad\u0131n Voleybol Tak\u0131m\u0131m\u0131z, Vestel Venus Sultanlar Ligi\u2019nin ikinci yar\u0131s\u0131n\u0131n ilk ma\u00e7\u0131 olan\u2026","rel":"","context":"&quot;Haberler&quot; i\u00e7inde","block_context":{"text":"Haberler","link":"https:\/\/sarimelekler.biz\/?cat=7"},"img":{"alt_text":"","src":"https:\/\/i0.wp.com\/sarimelekler.biz\/wp-content\/uploads\/2020\/01\/%C3%87i%C3%A7ekli-Kar%C5%9F%C4%B1lama-9.jpg?resize=350%2C200&ssl=1","width":350,"height":200,"srcset":"https:\/\/i0.wp.com\/sarimelekler.biz\/wp-content\/uploads\/2020\/01\/%C3%87i%C3%A7ekli-Kar%C5%9F%C4%B1lama-9.jpg?resize=350%2C200&ssl=1 1x, https:\/\/i0.wp.com\/sarimelekler.biz\/wp-content\/uploads\/2020\/01\/%C3%87i%C3%A7ekli-Kar%C5%9F%C4%B1lama-9.jpg?resize=525%2C300&ssl=1 1.5x, https:\/\/i0.wp.com\/sarimelekler.biz\/wp-content\/uploads\/2020\/01\/%C3%87i%C3%A7ekli-Kar%C5%9F%C4%B1lama-9.jpg?resize=700%2C400&ssl=1 2x, https:\/\/i0.wp.com\/sarimelekler.biz\/wp-content\/uploads\/2020\/01\/%C3%87i%C3%A7ekli-Kar%C5%9F%C4%B1lama-9.jpg?resize=1050%2C600&ssl=1 3x, https:\/\/i0.wp.com\/sarimelekler.biz\/wp-content\/uploads\/2020\/01\/%C3%87i%C3%A7ekli-Kar%C5%9F%C4%B1lama-9.jpg?resize=1400%2C800&ssl=1 4x"},"classes":[]},{"id":6475,"url":"https:\/\/sarimelekler.biz\/?p=6475","url_meta":{"origin":12648,"position":3},"title":"Milli Tak\u0131m\u0131m\u0131zdan B\u00fcy\u00fck Ba\u015far\u0131","author":"Edit\u00f6r","date":"1 Temmuz 2018","format":false,"excerpt":"\u00c7in\u2019in Nanjing kentinin ev sahipli\u011finde d\u00fczenlenen FIVB Voleybol Milletler Ligi Finalleri\u2019nde son 4\u2019te Avrupa K\u0131tas\u0131\u2019n\u0131 temsil eden tek \u00fclke olarak D\u00fcnya devleriyle \u015fampiyonluk m\u00fccadelesi veren A Bayan Milli Tak\u0131m\u0131m\u0131z, final ma\u00e7\u0131nda bug\u00fcn (01 Temmuz 2018, Pazar), son D\u00fcnya \u015fampiyonu A.B.D. ile kar\u015f\u0131 kar\u015f\u0131ya geldi. Millilerimiz, Nanjing Olympic Sports Centre\u2019de oynanan\u2026","rel":"","context":"&quot;Milli Tak\u0131m&quot; i\u00e7inde","block_context":{"text":"Milli Tak\u0131m","link":"https:\/\/sarimelekler.biz\/?cat=19"},"img":{"alt_text":"","src":"https:\/\/i0.wp.com\/sarimelekler.biz\/wp-content\/uploads\/2018\/07\/A-Milli-23.jpg?resize=350%2C200&ssl=1","width":350,"height":200,"srcset":"https:\/\/i0.wp.com\/sarimelekler.biz\/wp-content\/uploads\/2018\/07\/A-Milli-23.jpg?resize=350%2C200&ssl=1 1x, https:\/\/i0.wp.com\/sarimelekler.biz\/wp-content\/uploads\/2018\/07\/A-Milli-23.jpg?resize=525%2C300&ssl=1 1.5x, https:\/\/i0.wp.com\/sarimelekler.biz\/wp-content\/uploads\/2018\/07\/A-Milli-23.jpg?resize=700%2C400&ssl=1 2x, https:\/\/i0.wp.com\/sarimelekler.biz\/wp-content\/uploads\/2018\/07\/A-Milli-23.jpg?resize=1050%2C600&ssl=1 3x, https:\/\/i0.wp.com\/sarimelekler.biz\/wp-content\/uploads\/2018\/07\/A-Milli-23.jpg?resize=1400%2C800&ssl=1 4x"},"classes":[]},{"id":12664,"url":"https:\/\/sarimelekler.biz\/?p=12664","url_meta":{"origin":12648,"position":4},"title":"Kaptan\u0131m\u0131z, Gururumuz Eda Erdem D\u00fcndar\u2019\u0131 Onurland\u0131rd\u0131k","author":"Edit\u00f6r","date":"15 Ocak 2020","format":false,"excerpt":"Fenerbah\u00e7e Beko Basketbol Tak\u0131m\u0131m\u0131z\u0131n kaptan\u0131 Melih Mahmuto\u011flu, 2020 Tokyo Olimpiyatlar\u0131\u2019na kat\u0131lma hakk\u0131n\u0131 elde ederek \u00fclkemizi sevince bo\u011fan ve bu gururu bizlere bir kez daha ya\u015fatan A Milli Kad\u0131n Voleybol Tak\u0131m\u0131m\u0131z\u0131n kaptan\u0131 Eda Erdem D\u00fcndar\u2019a Fenerbah\u00e7e Beko\u2019nun Asvel\u2019i konuk etti\u011fi kar\u015f\u0131la\u015fma \u00f6ncesi \u00e7i\u00e7ek takdim etti. A Milli Kad\u0131n Voleybol Tak\u0131m\u0131m\u0131z, 2020\u2026","rel":"","context":"&quot;Haberler&quot; i\u00e7inde","block_context":{"text":"Haberler","link":"https:\/\/sarimelekler.biz\/?cat=7"},"img":{"alt_text":"","src":"https:\/\/i0.wp.com\/sarimelekler.biz\/wp-content\/uploads\/2020\/01\/Eda-Onurland%C4%B1rma-2.jpg?resize=350%2C200&ssl=1","width":350,"height":200,"srcset":"https:\/\/i0.wp.com\/sarimelekler.biz\/wp-content\/uploads\/2020\/01\/Eda-Onurland%C4%B1rma-2.jpg?resize=350%2C200&ssl=1 1x, https:\/\/i0.wp.com\/sarimelekler.biz\/wp-content\/uploads\/2020\/01\/Eda-Onurland%C4%B1rma-2.jpg?resize=525%2C300&ssl=1 1.5x, https:\/\/i0.wp.com\/sarimelekler.biz\/wp-content\/uploads\/2020\/01\/Eda-Onurland%C4%B1rma-2.jpg?resize=700%2C400&ssl=1 2x, https:\/\/i0.wp.com\/sarimelekler.biz\/wp-content\/uploads\/2020\/01\/Eda-Onurland%C4%B1rma-2.jpg?resize=1050%2C600&ssl=1 3x, https:\/\/i0.wp.com\/sarimelekler.biz\/wp-content\/uploads\/2020\/01\/Eda-Onurland%C4%B1rma-2.jpg?resize=1400%2C800&ssl=1 4x"},"classes":[]},{"id":17112,"url":"https:\/\/sarimelekler.biz\/?p=17112","url_meta":{"origin":12648,"position":5},"title":"Kaptan\u0131m\u0131z Eda Erdem D\u00fcndar &#8220;2021 Y\u0131l\u0131n\u0131n En \u0130yi 12 Kad\u0131n Voleybolcusu&#8221; Listesinde Yer Ald\u0131","author":"Edit\u00f6r","date":"12 Ocak 2022","format":false,"excerpt":"Fenerbah\u00e7e Opet ve A Milli Kad\u0131n Voleybol Tak\u0131m\u0131m\u0131z\u0131n kaptan\u0131 Eda Erdem D\u00fcndar, FIVB'nin \"2021 y\u0131l\u0131n\u0131n en iyi 12 kad\u0131n voleybolcusu\" listesinde yer ald\u0131.Volleyball World taraf\u0131ndan Milletler Ligi, Avrupa \u015eampiyonas\u0131 ve Tokyo Olimpiyat Oyunlar\u0131 gibi 2021 y\u0131l\u0131n\u0131n en \u00f6nemli spor organizasyonlar\u0131 baz al\u0131narak haz\u0131rlanan \u2018The #BestOf2021\u2019 listesinde Kaptan\u0131m\u0131z Eda Erdem D\u00fcndar,\u2026","rel":"","context":"&quot;Haberler&quot; i\u00e7inde","block_context":{"text":"Haberler","link":"https:\/\/sarimelekler.biz\/?cat=7"},"img":{"alt_text":"","src":"https:\/\/i0.wp.com\/sarimelekler.biz\/wp-content\/uploads\/2020\/12\/Eda-20-21-CL.png?resize=350%2C200&ssl=1","width":350,"height":200,"srcset":"https:\/\/i0.wp.com\/sarimelekler.biz\/wp-content\/uploads\/2020\/12\/Eda-20-21-CL.png?resize=350%2C200&ssl=1 1x, https:\/\/i0.wp.com\/sarimelekler.biz\/wp-content\/uploads\/2020\/12\/Eda-20-21-CL.png?resize=525%2C300&ssl=1 1.5x, https:\/\/i0.wp.com\/sarimelekler.biz\/wp-content\/uploads\/2020\/12\/Eda-20-21-CL.png?resize=700%2C400&ssl=1 2x, https:\/\/i0.wp.com\/sarimelekler.biz\/wp-content\/uploads\/2020\/12\/Eda-20-21-CL.png?resize=1050%2C600&ssl=1 3x"},"classes":[]}],"_links":{"self":[{"href":"https:\/\/sarimelekler.biz\/index.php?rest_route=\/wp\/v2\/posts\/12648","targetHints":{"allow":["GET"]}}],"collection":[{"href":"https:\/\/sarimelekler.biz\/index.php?rest_route=\/wp\/v2\/posts"}],"about":[{"href":"https:\/\/sarimelekler.biz\/index.php?rest_route=\/wp\/v2\/types\/post"}],"author":[{"embeddable":true,"href":"https:\/\/sarimelekler.biz\/index.php?rest_route=\/wp\/v2\/users\/1"}],"replies":[{"embeddable":true,"href":"https:\/\/sarimelekler.biz\/index.php?rest_route=%2Fwp%2Fv2%2Fcomments&post=12648"}],"version-history":[{"count":1,"href":"https:\/\/sarimelekler.biz\/index.php?rest_route=\/wp\/v2\/posts\/12648\/revisions"}],"predecessor-version":[{"id":12655,"href":"https:\/\/sarimelekler.biz\/index.php?rest_route=\/wp\/v2\/posts\/12648\/revisions\/12655"}],"wp:featuredmedia":[{"embeddable":true,"href":"https:\/\/sarimelekler.biz\/index.php?rest_route=\/wp\/v2\/media\/12649"}],"wp:attachment":[{"href":"https:\/\/sarimelekler.biz\/index.php?rest_route=%2Fwp%2Fv2%2Fmedia&parent=12648"}],"wp:term":[{"taxonomy":"category","embeddable":true,"href":"https:\/\/sarimelekler.biz\/index.php?rest_route=%2Fwp%2Fv2%2Fcategories&post=12648"},{"taxonomy":"post_tag","embeddable":true,"href":"https:\/\/sarimelekler.biz\/index.php?rest_route=%2Fwp%2Fv2%2Ftags&post=12648"}],"curies":[{"name":"wp","href":"https:\/\/api.w.org\/{rel}","templated":true}]}}