{"id":12848,"date":"2020-01-30T23:24:05","date_gmt":"2020-01-30T20:24:05","guid":{"rendered":"http:\/\/sarimelekler.biz\/?p=12848"},"modified":"2020-01-30T23:24:10","modified_gmt":"2020-01-30T20:24:10","slug":"yardimci-antrenorumuz-zeljko-bulatovic-dinamo-moskova-takimina-basantrenor-olarak-transfer-oldu","status":"publish","type":"post","link":"https:\/\/sarimelekler.biz\/?p=12848","title":{"rendered":"Yard\u0131mc\u0131 Antren\u00f6r\u00fcm\u00fcz Zeljko Bulatovic Dinamo Moskova Tak\u0131m\u0131na Ba\u015fantren\u00f6r Olarak Transfer Oldu."},"content":{"rendered":"<p style=\"text-align: justify;\">S\u0131rp voleybolunun yak\u0131ndan tan\u0131d\u0131\u011f\u0131, 11 y\u0131l boyunca K\u0131z\u0131ly\u0131ld\u0131z tak\u0131m\u0131n\u0131n kazand\u0131\u011f\u0131 \u015fampiyonluk ve kupalarda eme\u011fi olan, Omichka Omsk Region ile Z\u00fcrih gibi \u00f6nemli tak\u0131mlarda da g\u00f6rev alan, son olarak Kad\u0131n Voleybol Tak\u0131m\u0131m\u0131z Fenerbah\u00e7e Opet\u2019in Yard\u0131mc\u0131 Teknik Sorumlulu\u011funu \u00fcstlenen Zeljko Bulatovic, kariyerini ba\u015fantren\u00f6r olarak Rusya\u2019da s\u00fcrd\u00fcrecek.<\/p>\n<p style=\"text-align: justify;\">Ba\u015fantren\u00f6r\u00fcm\u00fcz Zoran Terzic ile bir\u00e7ok ba\u015far\u0131da pay\u0131 olan Bulatovic, teknik heyetimiz ve kul\u00fcp y\u00f6netimimizin onay\u0131 dahilinde Rusya\u2019n\u0131n Dinamo Moskova Spor Kul\u00fcb\u00fc kad\u0131n voleybol tak\u0131m\u0131na ba\u015fantren\u00f6r olarak transfer oldu.<\/p>\n<p style=\"text-align: justify;\">Bulatovic\u2019e bundan sonraki kariyerinde ba\u015far\u0131lar dileriz.<\/p>\n\n\t\t<style type=\"text\/css\">\n\t\t\t#gallery-1 {\n\t\t\t\tmargin: auto;\n\t\t\t}\n\t\t\t#gallery-1 .gallery-item {\n\t\t\t\tfloat: left;\n\t\t\t\tmargin-top: 10px;\n\t\t\t\ttext-align: center;\n\t\t\t\twidth: 50%;\n\t\t\t}\n\t\t\t#gallery-1 img {\n\t\t\t\tborder: 2px solid #cfcfcf;\n\t\t\t}\n\t\t\t#gallery-1 .gallery-caption {\n\t\t\t\tmargin-left: 0;\n\t\t\t}\n\t\t\t\/* see gallery_shortcode() in wp-includes\/media.php *\/\n\t\t<\/style>\n\t\t<div data-carousel-extra='{&quot;blog_id&quot;:1,&quot;permalink&quot;:&quot;https:\/\/sarimelekler.biz\/?p=12848&quot;}' id='gallery-1' class='gallery galleryid-12848 gallery-columns-2 gallery-size-large'><dl class='gallery-item'>\n\t\t\t<dt class='gallery-icon landscape'>\n\t\t\t\t<a href='https:\/\/sarimelekler.biz\/?attachment_id=12849'><img loading=\"lazy\" decoding=\"async\" width=\"860\" height=\"628\" src=\"https:\/\/sarimelekler.biz\/wp-content\/uploads\/2020\/01\/Bulatovic-Veda-1-1024x748.jpg\" class=\"attachment-large size-large\" alt=\"\" srcset=\"https:\/\/sarimelekler.biz\/wp-content\/uploads\/2020\/01\/Bulatovic-Veda-1-1024x748.jpg 1024w, https:\/\/sarimelekler.biz\/wp-content\/uploads\/2020\/01\/Bulatovic-Veda-1-300x219.jpg 300w, https:\/\/sarimelekler.biz\/wp-content\/uploads\/2020\/01\/Bulatovic-Veda-1-768x561.jpg 768w, https:\/\/sarimelekler.biz\/wp-content\/uploads\/2020\/01\/Bulatovic-Veda-1-150x110.jpg 150w\" sizes=\"auto, (max-width: 860px) 100vw, 860px\" data-attachment-id=\"12849\" data-permalink=\"https:\/\/sarimelekler.biz\/?attachment_id=12849\" data-orig-file=\"https:\/\/sarimelekler.biz\/wp-content\/uploads\/2020\/01\/Bulatovic-Veda-1.jpg\" data-orig-size=\"2500,1827\" data-comments-opened=\"0\" data-image-meta=\"{&quot;aperture&quot;:&quot;3.5&quot;,&quot;credit&quot;:&quot;&quot;,&quot;camera&quot;:&quot;Canon EOS-1D X&quot;,&quot;caption&quot;:&quot;&quot;,&quot;created_timestamp&quot;:&quot;1580325329&quot;,&quot;copyright&quot;:&quot;&quot;,&quot;focal_length&quot;:&quot;16&quot;,&quot;iso&quot;:&quot;500&quot;,&quot;shutter_speed&quot;:&quot;0.004&quot;,&quot;title&quot;:&quot;&quot;,&quot;orientation&quot;:&quot;1&quot;}\" data-image-title=\"Bulatovic Veda (1)\" data-image-description=\"\" data-image-caption=\"\" data-large-file=\"https:\/\/sarimelekler.biz\/wp-content\/uploads\/2020\/01\/Bulatovic-Veda-1-1024x748.jpg\" \/><\/a>\n\t\t\t<\/dt><\/dl><dl class='gallery-item'>\n\t\t\t<dt class='gallery-icon landscape'>\n\t\t\t\t<a href='https:\/\/sarimelekler.biz\/?attachment_id=12850'><img loading=\"lazy\" decoding=\"async\" width=\"860\" height=\"492\" src=\"https:\/\/sarimelekler.biz\/wp-content\/uploads\/2020\/01\/Bulatovic-Veda-2-1024x586.jpg\" class=\"attachment-large size-large\" alt=\"\" srcset=\"https:\/\/sarimelekler.biz\/wp-content\/uploads\/2020\/01\/Bulatovic-Veda-2-1024x586.jpg 1024w, https:\/\/sarimelekler.biz\/wp-content\/uploads\/2020\/01\/Bulatovic-Veda-2-300x172.jpg 300w, https:\/\/sarimelekler.biz\/wp-content\/uploads\/2020\/01\/Bulatovic-Veda-2-768x439.jpg 768w, https:\/\/sarimelekler.biz\/wp-content\/uploads\/2020\/01\/Bulatovic-Veda-2-150x86.jpg 150w\" sizes=\"auto, (max-width: 860px) 100vw, 860px\" data-attachment-id=\"12850\" data-permalink=\"https:\/\/sarimelekler.biz\/?attachment_id=12850\" data-orig-file=\"https:\/\/sarimelekler.biz\/wp-content\/uploads\/2020\/01\/Bulatovic-Veda-2.jpg\" data-orig-size=\"2491,1425\" data-comments-opened=\"0\" data-image-meta=\"{&quot;aperture&quot;:&quot;3.5&quot;,&quot;credit&quot;:&quot;&quot;,&quot;camera&quot;:&quot;Canon EOS-1D X&quot;,&quot;caption&quot;:&quot;&quot;,&quot;created_timestamp&quot;:&quot;1580325464&quot;,&quot;copyright&quot;:&quot;&quot;,&quot;focal_length&quot;:&quot;20&quot;,&quot;iso&quot;:&quot;500&quot;,&quot;shutter_speed&quot;:&quot;0.004&quot;,&quot;title&quot;:&quot;&quot;,&quot;orientation&quot;:&quot;1&quot;}\" data-image-title=\"Bulatovic Veda (2)\" data-image-description=\"\" data-image-caption=\"\" data-large-file=\"https:\/\/sarimelekler.biz\/wp-content\/uploads\/2020\/01\/Bulatovic-Veda-2-1024x586.jpg\" \/><\/a>\n\t\t\t<\/dt><\/dl><br style=\"clear: both\" \/><dl class='gallery-item'>\n\t\t\t<dt class='gallery-icon landscape'>\n\t\t\t\t<a href='https:\/\/sarimelekler.biz\/?attachment_id=12851'><img loading=\"lazy\" decoding=\"async\" width=\"860\" height=\"574\" src=\"https:\/\/sarimelekler.biz\/wp-content\/uploads\/2020\/01\/Bulatovic-Veda-3-1024x683.jpg\" class=\"attachment-large size-large\" alt=\"\" srcset=\"https:\/\/sarimelekler.biz\/wp-content\/uploads\/2020\/01\/Bulatovic-Veda-3-1024x683.jpg 1024w, https:\/\/sarimelekler.biz\/wp-content\/uploads\/2020\/01\/Bulatovic-Veda-3-300x200.jpg 300w, https:\/\/sarimelekler.biz\/wp-content\/uploads\/2020\/01\/Bulatovic-Veda-3-768x512.jpg 768w, https:\/\/sarimelekler.biz\/wp-content\/uploads\/2020\/01\/Bulatovic-Veda-3-150x100.jpg 150w\" sizes=\"auto, (max-width: 860px) 100vw, 860px\" data-attachment-id=\"12851\" data-permalink=\"https:\/\/sarimelekler.biz\/?attachment_id=12851\" data-orig-file=\"https:\/\/sarimelekler.biz\/wp-content\/uploads\/2020\/01\/Bulatovic-Veda-3.jpg\" data-orig-size=\"2500,1667\" data-comments-opened=\"0\" data-image-meta=\"{&quot;aperture&quot;:&quot;3.5&quot;,&quot;credit&quot;:&quot;&quot;,&quot;camera&quot;:&quot;Canon EOS-1D X&quot;,&quot;caption&quot;:&quot;&quot;,&quot;created_timestamp&quot;:&quot;1580325187&quot;,&quot;copyright&quot;:&quot;&quot;,&quot;focal_length&quot;:&quot;23&quot;,&quot;iso&quot;:&quot;500&quot;,&quot;shutter_speed&quot;:&quot;0.004&quot;,&quot;title&quot;:&quot;&quot;,&quot;orientation&quot;:&quot;1&quot;}\" data-image-title=\"Bulatovic Veda (3)\" data-image-description=\"\" data-image-caption=\"\" data-large-file=\"https:\/\/sarimelekler.biz\/wp-content\/uploads\/2020\/01\/Bulatovic-Veda-3-1024x683.jpg\" \/><\/a>\n\t\t\t<\/dt><\/dl><dl class='gallery-item'>\n\t\t\t<dt class='gallery-icon landscape'>\n\t\t\t\t<a href='https:\/\/sarimelekler.biz\/?attachment_id=12852'><img loading=\"lazy\" decoding=\"async\" width=\"860\" height=\"579\" src=\"https:\/\/sarimelekler.biz\/wp-content\/uploads\/2020\/01\/Bulatovic-Veda-4-1024x690.jpg\" class=\"attachment-large size-large\" alt=\"\" srcset=\"https:\/\/sarimelekler.biz\/wp-content\/uploads\/2020\/01\/Bulatovic-Veda-4-1024x690.jpg 1024w, https:\/\/sarimelekler.biz\/wp-content\/uploads\/2020\/01\/Bulatovic-Veda-4-300x202.jpg 300w, https:\/\/sarimelekler.biz\/wp-content\/uploads\/2020\/01\/Bulatovic-Veda-4-768x518.jpg 768w, https:\/\/sarimelekler.biz\/wp-content\/uploads\/2020\/01\/Bulatovic-Veda-4-150x101.jpg 150w\" sizes=\"auto, (max-width: 860px) 100vw, 860px\" data-attachment-id=\"12852\" data-permalink=\"https:\/\/sarimelekler.biz\/?attachment_id=12852\" data-orig-file=\"https:\/\/sarimelekler.biz\/wp-content\/uploads\/2020\/01\/Bulatovic-Veda-4.jpg\" data-orig-size=\"2459,1657\" data-comments-opened=\"0\" data-image-meta=\"{&quot;aperture&quot;:&quot;3.5&quot;,&quot;credit&quot;:&quot;&quot;,&quot;camera&quot;:&quot;Canon EOS-1D X&quot;,&quot;caption&quot;:&quot;&quot;,&quot;created_timestamp&quot;:&quot;1580325511&quot;,&quot;copyright&quot;:&quot;&quot;,&quot;focal_length&quot;:&quot;17&quot;,&quot;iso&quot;:&quot;500&quot;,&quot;shutter_speed&quot;:&quot;0.004&quot;,&quot;title&quot;:&quot;&quot;,&quot;orientation&quot;:&quot;1&quot;}\" data-image-title=\"Bulatovic Veda (4)\" data-image-description=\"\" data-image-caption=\"\" data-large-file=\"https:\/\/sarimelekler.biz\/wp-content\/uploads\/2020\/01\/Bulatovic-Veda-4-1024x690.jpg\" \/><\/a>\n\t\t\t<\/dt><\/dl><br style=\"clear: both\" \/>\n\t\t<\/div>\n\n<p style=\"text-align: justify;\">Kaynak: <a href=\"https:\/\/www.fenerbahce.org\/haberler\/voleybol-kadin\/2020\/1-16\/fenerbahce-opet-in-yardimci-antrenoru-zeljko-bulatovic-dinamo-moskova-da\" target=\"_blank\" rel=\"noopener noreferrer\">Fenerbah\u00e7e SK Resmi \u0130nternet Sitesi<\/a><\/p>\n<p style=\"text-align: right;\">30.01.2020<\/p>\n","protected":false},"excerpt":{"rendered":"<p>S\u0131rp voleybolunun yak\u0131ndan tan\u0131d\u0131\u011f\u0131, 11 y\u0131l boyunca K\u0131z\u0131ly\u0131ld\u0131z tak\u0131m\u0131n\u0131n kazand\u0131\u011f\u0131 \u2026 <a class=\"continue-reading-link\" href=\"https:\/\/sarimelekler.biz\/?p=12848\">Okumaya Devam Et.. <span class=\"meta-nav\">&rarr; <\/span><\/a><\/p>\n","protected":false},"author":1,"featured_media":12853,"comment_status":"closed","ping_status":"open","sticky":false,"template":"","format":"standard","meta":{"jetpack_post_was_ever_published":false,"_jetpack_newsletter_access":"","_jetpack_dont_email_post_to_subs":false,"_jetpack_newsletter_tier_id":0,"_jetpack_memberships_contains_paywalled_content":false,"_jetpack_memberships_contains_paid_content":false,"footnotes":"","jetpack_publicize_message":"","jetpack_publicize_feature_enabled":true,"jetpack_social_post_already_shared":true,"jetpack_social_options":{"image_generator_settings":{"template":"highway","default_image_id":0,"font":"","enabled":false},"version":2}},"categories":[7],"tags":[],"class_list":["post-12848","post","type-post","status-publish","format-standard","has-post-thumbnail","hentry","category-haberler"],"jetpack_publicize_connections":[],"jetpack_featured_media_url":"https:\/\/sarimelekler.biz\/wp-content\/uploads\/2020\/01\/Bulatovic-Veda-01.jpg","jetpack_sharing_enabled":true,"jetpack_shortlink":"https:\/\/wp.me\/p8npUZ-3le","jetpack-related-posts":[{"id":11466,"url":"https:\/\/sarimelekler.biz\/?p=11466","url_meta":{"origin":12848,"position":0},"title":"Sar\u0131 Melekler Yeni Sezona Topuk Yaylas\u0131\u2019nda Haz\u0131rlan\u0131yor","author":"Edit\u00f6r","date":"30 A\u011fustos 2019","format":false,"excerpt":"Fenerbah\u00e7e Kad\u0131n Voleybol Tak\u0131m\u0131m\u0131z yeni sezona D\u00fczce\u2019nin Kayna\u015fl\u0131 il\u00e7esinde bulunan Serkan Acar Resort&Sport Topuk Yaylas\u0131\u2019nda haz\u0131rlan\u0131yor. M\u00fccadele edece\u011fi 3 kulvarda da ba\u015far\u0131 hedefleyen Sar\u0131 Melekler, sezonu 15 A\u011fustos\u2019ta Derea\u011fz\u0131 Lefter K\u00fc\u00e7\u00fckandonyadis Tesislerimizde yapt\u0131\u011f\u0131 antrenmanla a\u00e7t\u0131. \u00c7al\u0131\u015fmalar\u0131n\u0131n \u0130stanbul etab\u0131n\u0131n ard\u0131ndan 1 haftal\u0131k kamp i\u00e7in 26 A\u011fustos 2019 Pazartesi g\u00fcn\u00fc Serkan Acar\u2026","rel":"","context":"&quot;Haberler&quot; i\u00e7inde","block_context":{"text":"Haberler","link":"https:\/\/sarimelekler.biz\/?cat=7"},"img":{"alt_text":"","src":"https:\/\/i0.wp.com\/sarimelekler.biz\/wp-content\/uploads\/2019\/08\/19-20-Topuk-Yaylas%C4%B1-11.png?resize=350%2C200&ssl=1","width":350,"height":200,"srcset":"https:\/\/i0.wp.com\/sarimelekler.biz\/wp-content\/uploads\/2019\/08\/19-20-Topuk-Yaylas%C4%B1-11.png?resize=350%2C200&ssl=1 1x, https:\/\/i0.wp.com\/sarimelekler.biz\/wp-content\/uploads\/2019\/08\/19-20-Topuk-Yaylas%C4%B1-11.png?resize=525%2C300&ssl=1 1.5x, https:\/\/i0.wp.com\/sarimelekler.biz\/wp-content\/uploads\/2019\/08\/19-20-Topuk-Yaylas%C4%B1-11.png?resize=700%2C400&ssl=1 2x, https:\/\/i0.wp.com\/sarimelekler.biz\/wp-content\/uploads\/2019\/08\/19-20-Topuk-Yaylas%C4%B1-11.png?resize=1050%2C600&ssl=1 3x"},"classes":[]},{"id":19611,"url":"https:\/\/sarimelekler.biz\/?p=19611","url_meta":{"origin":12848,"position":1},"title":"Yeni Ba\u015fantren\u00f6r\u00fcm\u00fcz \u0130talyan Stefano Lavarini Oldu","author":"Edit\u00f6r","date":"7 Haziran 2023","format":false,"excerpt":"Fenerbah\u00e7e Spor Kul\u00fcb\u00fcm\u00fcz sosyal medya hesaplar\u0131ndan yapt\u0131\u011f\u0131 payla\u015f\u0131mlarda Fenerbah\u00e7e Opet Kad\u0131n Voleybol tak\u0131m\u0131m\u0131z\u0131n Ba\u015fantren\u00f6rl\u00fck g\u00f6revine \u0130talyan Stefano Lavarini\u2019nin getirdi\u011fini a\u00e7\u0131klad\u0131. Yeni Ba\u015fantren\u00f6r\u00fcm\u00fcz Stefano Lavarini\u2019ye Ba\u015far\u0131lar Dileriz. Kul\u00fcb\u00fcm\u00fczden Yap\u0131lan A\u00e7\u0131klama: Fenerbah\u00e7e Opet Kad\u0131n Voleybol Tak\u0131m\u0131m\u0131z, yeni sezon yap\u0131lanmas\u0131 kapsam\u0131nda \u0130talyan Ba\u015fantren\u00f6r Stefano Lavarini ile anla\u015fma sa\u011flam\u0131\u015ft\u0131r. 1995-96 sezonunda \u0130talyan ligi tak\u0131mlar\u0131ndan\u2026","rel":"","context":"&quot;Transfer Haberleri&quot; i\u00e7inde","block_context":{"text":"Transfer Haberleri","link":"https:\/\/sarimelekler.biz\/?cat=23"},"img":{"alt_text":"","src":"https:\/\/i0.wp.com\/sarimelekler.biz\/wp-content\/uploads\/2023\/06\/Lavarini-1.jpg?resize=350%2C200&ssl=1","width":350,"height":200,"srcset":"https:\/\/i0.wp.com\/sarimelekler.biz\/wp-content\/uploads\/2023\/06\/Lavarini-1.jpg?resize=350%2C200&ssl=1 1x, https:\/\/i0.wp.com\/sarimelekler.biz\/wp-content\/uploads\/2023\/06\/Lavarini-1.jpg?resize=525%2C300&ssl=1 1.5x, https:\/\/i0.wp.com\/sarimelekler.biz\/wp-content\/uploads\/2023\/06\/Lavarini-1.jpg?resize=700%2C400&ssl=1 2x, https:\/\/i0.wp.com\/sarimelekler.biz\/wp-content\/uploads\/2023\/06\/Lavarini-1.jpg?resize=1050%2C600&ssl=1 3x"},"classes":[]},{"id":6834,"url":"https:\/\/sarimelekler.biz\/?p=6834","url_meta":{"origin":12848,"position":2},"title":"Sar\u0131 Melekler yeni sezon haz\u0131rl\u0131klar\u0131n\u0131 s\u00fcrd\u00fcr\u00fcyor","author":"Edit\u00f6r","date":"22 Eyl\u00fcl 2018","format":false,"excerpt":"Ge\u00e7ti\u011fimiz hafta sonu Topuk Yaylas\u0131 Tesislerinde ger\u00e7ekle\u015ftirilen kamptan d\u00f6nen Fenerbah\u00e7e Kad\u0131n Voleybol Tak\u0131m\u0131m\u0131z, yeni sezon haz\u0131rl\u0131klar\u0131n\u0131 Derea\u011fz\u0131 Lefter K\u00fc\u00e7\u00fckandonyadis Tesislerimizde yapt\u0131\u011f\u0131 antrenmanlarla s\u00fcrd\u00fcr\u00fcyor. Antrenmanlara \u015fuan Milli Tak\u0131m Kamp\u0131nda bulunan kaptan\u0131m\u0131z Eda Erdem D\u00fcndar ile Samantha Bricio kat\u0131lm\u0131yor. Devam eden antrenmanlara ge\u00e7ti\u011fmiz g\u00fcnlerde Voleybol \u015eubesi Yard\u0131mc\u0131s\u0131 Muhittin \u0130lker Din\u00e7ay ile haz\u0131rl\u0131k\u2026","rel":"","context":"&quot;Haberler&quot; i\u00e7inde","block_context":{"text":"Haberler","link":"https:\/\/sarimelekler.biz\/?cat=7"},"img":{"alt_text":"","src":"https:\/\/i0.wp.com\/sarimelekler.biz\/wp-content\/uploads\/2018\/09\/DnoHLZUXsAEvomD.jpg-large.jpg?resize=350%2C200&ssl=1","width":350,"height":200,"srcset":"https:\/\/i0.wp.com\/sarimelekler.biz\/wp-content\/uploads\/2018\/09\/DnoHLZUXsAEvomD.jpg-large.jpg?resize=350%2C200&ssl=1 1x, https:\/\/i0.wp.com\/sarimelekler.biz\/wp-content\/uploads\/2018\/09\/DnoHLZUXsAEvomD.jpg-large.jpg?resize=525%2C300&ssl=1 1.5x, https:\/\/i0.wp.com\/sarimelekler.biz\/wp-content\/uploads\/2018\/09\/DnoHLZUXsAEvomD.jpg-large.jpg?resize=700%2C400&ssl=1 2x, https:\/\/i0.wp.com\/sarimelekler.biz\/wp-content\/uploads\/2018\/09\/DnoHLZUXsAEvomD.jpg-large.jpg?resize=1050%2C600&ssl=1 3x, https:\/\/i0.wp.com\/sarimelekler.biz\/wp-content\/uploads\/2018\/09\/DnoHLZUXsAEvomD.jpg-large.jpg?resize=1400%2C800&ssl=1 4x"},"classes":[]},{"id":6793,"url":"https:\/\/sarimelekler.biz\/?p=6793","url_meta":{"origin":12848,"position":3},"title":"Sar\u0131 Melekler yeni sezona Topuk Yaylas\u0131\u2019nda haz\u0131rlan\u0131yor","author":"Edit\u00f6r","date":"11 Eyl\u00fcl 2018","format":false,"excerpt":"Fenerbah\u00e7e Kad\u0131n Voleybol Tak\u0131m\u0131m\u0131z yeni sezona D\u00fczce'nin Kayna\u015fl\u0131 il\u00e7esinde bulunan Serkan Acar Resort&Sport Topuk Yaylas\u0131\u2019nda haz\u0131rlan\u0131yor. M\u00fccadele edece\u011fi 3 kulvarda da ba\u015far\u0131 hedefleyen Sar\u0131 Melekler, sezonu ge\u00e7ti\u011fimiz hafta Derea\u011fz\u0131 Lefter K\u00fc\u00e7\u00fckandonyadis Tesislerimizde yapt\u0131\u011f\u0131 antrenmanla a\u00e7t\u0131. 1 haftal\u0131k \u00e7al\u0131\u015fman\u0131n ard\u0131ndan kafilemiz sabah saatlerinde Topuk Yaylas\u0131'n\u0131n yolunu tuttu. Burada 1 hafta kamp\u2026","rel":"","context":"&quot;Haberler&quot; i\u00e7inde","block_context":{"text":"Haberler","link":"https:\/\/sarimelekler.biz\/?cat=7"},"img":{"alt_text":"","src":"https:\/\/i0.wp.com\/sarimelekler.biz\/wp-content\/uploads\/2018\/09\/de6p8071_61622_7310361.jpg?resize=350%2C200&ssl=1","width":350,"height":200,"srcset":"https:\/\/i0.wp.com\/sarimelekler.biz\/wp-content\/uploads\/2018\/09\/de6p8071_61622_7310361.jpg?resize=350%2C200&ssl=1 1x, https:\/\/i0.wp.com\/sarimelekler.biz\/wp-content\/uploads\/2018\/09\/de6p8071_61622_7310361.jpg?resize=525%2C300&ssl=1 1.5x, https:\/\/i0.wp.com\/sarimelekler.biz\/wp-content\/uploads\/2018\/09\/de6p8071_61622_7310361.jpg?resize=700%2C400&ssl=1 2x, https:\/\/i0.wp.com\/sarimelekler.biz\/wp-content\/uploads\/2018\/09\/de6p8071_61622_7310361.jpg?resize=1050%2C600&ssl=1 3x, https:\/\/i0.wp.com\/sarimelekler.biz\/wp-content\/uploads\/2018\/09\/de6p8071_61622_7310361.jpg?resize=1400%2C800&ssl=1 4x"},"classes":[]},{"id":22015,"url":"https:\/\/sarimelekler.biz\/?p=22015","url_meta":{"origin":12848,"position":4},"title":"2025-26 SEZONU BA\u015eLIYOR","author":"Edit\u00f6r","date":"8 Ekim 2025","format":false,"excerpt":"2024-25 Sezon Bitimiyle beraber tak\u0131m\u0131m\u0131zdan Meliha Diken, Dicle Nur Babat, Magdalena Stysiak, Hristina Vuchkova, Bojana Dr\u010da, Elitsa Atanasijevi\u0107 ve \u00d6zlem G\u00fcven\u2019in ayr\u0131ld\u0131\u011f\u0131 01\/06\/2025 g\u00fcn\u00fc kul\u00fcb\u00fcm\u00fcz\u00fcn resmi sitesinden a\u00e7\u0131kland\u0131. Bizde kendilerine emekleri i\u00e7in te\u015fekk\u00fcr eder, sakatl\u0131ks\u0131z bir spor ya\u015fant\u0131s\u0131 dileriz. Tak\u0131m\u0131m\u0131z 2025-26 sezonu kadro yap\u0131lanmas\u0131 kapsam\u0131nda i\u00e7 transferde Arelya Karasoy ile\u2026","rel":"","context":"&quot;Haberler&quot; i\u00e7inde","block_context":{"text":"Haberler","link":"https:\/\/sarimelekler.biz\/?cat=7"},"img":{"alt_text":"","src":"https:\/\/i0.wp.com\/sarimelekler.biz\/wp-content\/uploads\/2025\/10\/Sardegna-Turnuvasi-4.jpg?resize=350%2C200&ssl=1","width":350,"height":200,"srcset":"https:\/\/i0.wp.com\/sarimelekler.biz\/wp-content\/uploads\/2025\/10\/Sardegna-Turnuvasi-4.jpg?resize=350%2C200&ssl=1 1x, https:\/\/i0.wp.com\/sarimelekler.biz\/wp-content\/uploads\/2025\/10\/Sardegna-Turnuvasi-4.jpg?resize=525%2C300&ssl=1 1.5x, https:\/\/i0.wp.com\/sarimelekler.biz\/wp-content\/uploads\/2025\/10\/Sardegna-Turnuvasi-4.jpg?resize=700%2C400&ssl=1 2x, https:\/\/i0.wp.com\/sarimelekler.biz\/wp-content\/uploads\/2025\/10\/Sardegna-Turnuvasi-4.jpg?resize=1050%2C600&ssl=1 3x"},"classes":[]},{"id":13088,"url":"https:\/\/sarimelekler.biz\/?p=13088","url_meta":{"origin":12848,"position":5},"title":"Sar\u0131 Meleklerin \u015eampiyonlar Ligi \u00e7eyrek finalindeki rakibi \u0130talyan ekibi Igor Gorgonzola Novara oldu.","author":"Edit\u00f6r","date":"20 \u015eubat 2020","format":false,"excerpt":"Avrupa voleybolunun kul\u00fcpler d\u00fczeyindeki en \u00f6nemli organizasyonu olan CEV \u015eampiyonlar Ligi\u2019nde \u00e7eyrek final e\u015fle\u015fmelerinin kura \u00e7ekimi L\u00fcksemburg\u2019ta yap\u0131ld\u0131. Avrupa Voleybol Konfederasyonu (CEV)\u2019nun genel merkezinde ger\u00e7ekle\u015ftirilen kura \u00e7ekiminin ard\u0131ndan Fenerbah\u00e7e Opet Kad\u0131n Voleybol Tak\u0131m\u0131m\u0131z\u0131n \u00e7eyrek final turundaki rakibi \u0130talyan ekibi Igor Gorgonzola Novara oldu. 2020 CEV \u015eampiyonlar Ligi\u2019nde \u00e7eyrek final ilk\u2026","rel":"","context":"&quot;Avrupa Kupalar\u0131&quot; i\u00e7inde","block_context":{"text":"Avrupa Kupalar\u0131","link":"https:\/\/sarimelekler.biz\/?cat=1"},"img":{"alt_text":"","src":"https:\/\/i0.wp.com\/sarimelekler.biz\/wp-content\/uploads\/2017\/11\/cev538_58025_6676227.jpg?resize=350%2C200&ssl=1","width":350,"height":200,"srcset":"https:\/\/i0.wp.com\/sarimelekler.biz\/wp-content\/uploads\/2017\/11\/cev538_58025_6676227.jpg?resize=350%2C200&ssl=1 1x, https:\/\/i0.wp.com\/sarimelekler.biz\/wp-content\/uploads\/2017\/11\/cev538_58025_6676227.jpg?resize=525%2C300&ssl=1 1.5x"},"classes":[]}],"_links":{"self":[{"href":"https:\/\/sarimelekler.biz\/index.php?rest_route=\/wp\/v2\/posts\/12848","targetHints":{"allow":["GET"]}}],"collection":[{"href":"https:\/\/sarimelekler.biz\/index.php?rest_route=\/wp\/v2\/posts"}],"about":[{"href":"https:\/\/sarimelekler.biz\/index.php?rest_route=\/wp\/v2\/types\/post"}],"author":[{"embeddable":true,"href":"https:\/\/sarimelekler.biz\/index.php?rest_route=\/wp\/v2\/users\/1"}],"replies":[{"embeddable":true,"href":"https:\/\/sarimelekler.biz\/index.php?rest_route=%2Fwp%2Fv2%2Fcomments&post=12848"}],"version-history":[{"count":1,"href":"https:\/\/sarimelekler.biz\/index.php?rest_route=\/wp\/v2\/posts\/12848\/revisions"}],"predecessor-version":[{"id":12854,"href":"https:\/\/sarimelekler.biz\/index.php?rest_route=\/wp\/v2\/posts\/12848\/revisions\/12854"}],"wp:featuredmedia":[{"embeddable":true,"href":"https:\/\/sarimelekler.biz\/index.php?rest_route=\/wp\/v2\/media\/12853"}],"wp:attachment":[{"href":"https:\/\/sarimelekler.biz\/index.php?rest_route=%2Fwp%2Fv2%2Fmedia&parent=12848"}],"wp:term":[{"taxonomy":"category","embeddable":true,"href":"https:\/\/sarimelekler.biz\/index.php?rest_route=%2Fwp%2Fv2%2Fcategories&post=12848"},{"taxonomy":"post_tag","embeddable":true,"href":"https:\/\/sarimelekler.biz\/index.php?rest_route=%2Fwp%2Fv2%2Ftags&post=12848"}],"curies":[{"name":"wp","href":"https:\/\/api.w.org\/{rel}","templated":true}]}}