{"id":12883,"date":"2020-02-07T07:52:55","date_gmt":"2020-02-07T04:52:55","guid":{"rendered":"http:\/\/sarimelekler.biz\/?p=12883"},"modified":"2020-02-07T07:53:01","modified_gmt":"2020-02-07T04:53:01","slug":"kaptanimiz-eda-erdem-dundar-arka-arkaya-15-servis-atti","status":"publish","type":"post","link":"https:\/\/sarimelekler.biz\/?p=12883","title":{"rendered":"Kaptan\u0131m\u0131z Eda Erdem D\u00fcndar Arka Arkaya 15 Servis Att\u0131."},"content":{"rendered":"<p style=\"text-align: justify;\"><span class=\"style-scope yt-formatted-string\" dir=\"auto\">AG Ye\u015filyurt \u2013 Fenerbah\u00e7e Opet Vestel Venus Sultanlar Ligi 14. hafta ma\u00e7\u0131nda kaptan\u0131m\u0131z Eda Erdem D\u00fcndar arka arkaya 15 servis kullan\u0131rken bunlardan 4 tanesi direk say\u0131 (ace) oldu.<\/span><\/p>\n<iframe loading=\"lazy\"  id=\"_ytid_69883\"  width=\"860\" height=\"484\"  data-origwidth=\"860\" data-origheight=\"484\" src=\"https:\/\/www.youtube.com\/embed\/UF17ws_NK3s\">https:\/\/www.youtube.com\/watch?enablejsapi=1&autoplay=0&cc_load_policy=0&cc_lang_pref=&iv_load_policy=1&loop=0&rel=1&fs=1&playsinline=0&autohide=2&theme=dark&color=red&controls=1&disablekb=0&\" class=\"__youtube_prefs__  no-lazyload\" title=\"YouTube player\"  allow=\"fullscreen; accelerometer; autoplay; clipboard-write; encrypted-media; gyroscope; picture-in-picture; web-share\" referrerpolicy=\"strict-origin-when-cross-origin\" allowfullscreen data-no-lazy=\"1\" data-skipgform_ajax_framebjll=\"\"><\/iframe>\n","protected":false},"excerpt":{"rendered":"<p>AG Ye\u015filyurt \u2013 Fenerbah\u00e7e Opet Vestel Venus Sultanlar Ligi 14. \u2026 <a class=\"continue-reading-link\" href=\"https:\/\/sarimelekler.biz\/?p=12883\">Okumaya Devam Et.. <span class=\"meta-nav\">&rarr; <\/span><\/a><\/p>\n","protected":false},"author":1,"featured_media":12884,"comment_status":"closed","ping_status":"open","sticky":false,"template":"","format":"standard","meta":{"jetpack_post_was_ever_published":false,"_jetpack_newsletter_access":"","_jetpack_dont_email_post_to_subs":false,"_jetpack_newsletter_tier_id":0,"_jetpack_memberships_contains_paywalled_content":false,"_jetpack_memberships_contains_paid_content":false,"footnotes":"","jetpack_publicize_message":"","jetpack_publicize_feature_enabled":true,"jetpack_social_post_already_shared":true,"jetpack_social_options":{"image_generator_settings":{"template":"highway","default_image_id":0,"font":"","enabled":false},"version":2}},"categories":[22],"tags":[],"class_list":["post-12883","post","type-post","status-publish","format-standard","has-post-thumbnail","hentry","category-video-programlar"],"jetpack_publicize_connections":[],"jetpack_featured_media_url":"https:\/\/sarimelekler.biz\/wp-content\/uploads\/2020\/02\/Eda-Servis-Kapak.jpg","jetpack_sharing_enabled":true,"jetpack_shortlink":"https:\/\/wp.me\/p8npUZ-3lN","jetpack-related-posts":[{"id":17629,"url":"https:\/\/sarimelekler.biz\/?p=17629","url_meta":{"origin":12883,"position":0},"title":"Kaptan\u0131m\u0131z Eda Erdem D\u00fcndar\u2019a B\u00fcy\u00fck Onur","author":"Edit\u00f6r","date":"30 Mart 2022","format":false,"excerpt":"Fenerbah\u00e7e Opet Kad\u0131n Voleybol Tak\u0131m\u0131m\u0131z\u0131n ve A Milli Kad\u0131n Voleybol Tak\u0131m\u0131m\u0131z\u0131n kaptan\u0131 Eda Erdem D\u00fcndar, T\u00fcrkiye Milli Olimpiyat Komitesi (TMOK) taraf\u0131ndan \u00f6nemli bir g\u00f6reve lay\u0131k g\u00f6r\u00fcld\u00fc. Fenerbah\u00e7e ve milli tak\u0131m formas\u0131yla \u00e7ok say\u0131da \u00f6nemli ba\u015far\u0131ya imza atan kaptan Eda Erdem D\u00fcndar TMOK Sporcu Komisyonu Ba\u015fkanl\u0131\u011f\u0131na se\u00e7ildi. Eda Erdem, ayn\u0131 zamanda\u2026","rel":"","context":"&quot;Haberler&quot; i\u00e7inde","block_context":{"text":"Haberler","link":"https:\/\/sarimelekler.biz\/?cat=7"},"img":{"alt_text":"","src":"https:\/\/i0.wp.com\/sarimelekler.biz\/wp-content\/uploads\/2019\/09\/Eda-CLw-14.jpg?resize=350%2C200&ssl=1","width":350,"height":200,"srcset":"https:\/\/i0.wp.com\/sarimelekler.biz\/wp-content\/uploads\/2019\/09\/Eda-CLw-14.jpg?resize=350%2C200&ssl=1 1x, https:\/\/i0.wp.com\/sarimelekler.biz\/wp-content\/uploads\/2019\/09\/Eda-CLw-14.jpg?resize=525%2C300&ssl=1 1.5x, https:\/\/i0.wp.com\/sarimelekler.biz\/wp-content\/uploads\/2019\/09\/Eda-CLw-14.jpg?resize=700%2C400&ssl=1 2x, https:\/\/i0.wp.com\/sarimelekler.biz\/wp-content\/uploads\/2019\/09\/Eda-CLw-14.jpg?resize=1050%2C600&ssl=1 3x, https:\/\/i0.wp.com\/sarimelekler.biz\/wp-content\/uploads\/2019\/09\/Eda-CLw-14.jpg?resize=1400%2C800&ssl=1 4x"},"classes":[]},{"id":17112,"url":"https:\/\/sarimelekler.biz\/?p=17112","url_meta":{"origin":12883,"position":1},"title":"Kaptan\u0131m\u0131z Eda Erdem D\u00fcndar &#8220;2021 Y\u0131l\u0131n\u0131n En \u0130yi 12 Kad\u0131n Voleybolcusu&#8221; Listesinde Yer Ald\u0131","author":"Edit\u00f6r","date":"12 Ocak 2022","format":false,"excerpt":"Fenerbah\u00e7e Opet ve A Milli Kad\u0131n Voleybol Tak\u0131m\u0131m\u0131z\u0131n kaptan\u0131 Eda Erdem D\u00fcndar, FIVB'nin \"2021 y\u0131l\u0131n\u0131n en iyi 12 kad\u0131n voleybolcusu\" listesinde yer ald\u0131.Volleyball World taraf\u0131ndan Milletler Ligi, Avrupa \u015eampiyonas\u0131 ve Tokyo Olimpiyat Oyunlar\u0131 gibi 2021 y\u0131l\u0131n\u0131n en \u00f6nemli spor organizasyonlar\u0131 baz al\u0131narak haz\u0131rlanan \u2018The #BestOf2021\u2019 listesinde Kaptan\u0131m\u0131z Eda Erdem D\u00fcndar,\u2026","rel":"","context":"&quot;Haberler&quot; i\u00e7inde","block_context":{"text":"Haberler","link":"https:\/\/sarimelekler.biz\/?cat=7"},"img":{"alt_text":"","src":"https:\/\/i0.wp.com\/sarimelekler.biz\/wp-content\/uploads\/2020\/12\/Eda-20-21-CL.png?resize=350%2C200&ssl=1","width":350,"height":200,"srcset":"https:\/\/i0.wp.com\/sarimelekler.biz\/wp-content\/uploads\/2020\/12\/Eda-20-21-CL.png?resize=350%2C200&ssl=1 1x, https:\/\/i0.wp.com\/sarimelekler.biz\/wp-content\/uploads\/2020\/12\/Eda-20-21-CL.png?resize=525%2C300&ssl=1 1.5x, https:\/\/i0.wp.com\/sarimelekler.biz\/wp-content\/uploads\/2020\/12\/Eda-20-21-CL.png?resize=700%2C400&ssl=1 2x, https:\/\/i0.wp.com\/sarimelekler.biz\/wp-content\/uploads\/2020\/12\/Eda-20-21-CL.png?resize=1050%2C600&ssl=1 3x"},"classes":[]},{"id":15701,"url":"https:\/\/sarimelekler.biz\/?p=15701","url_meta":{"origin":12883,"position":2},"title":"Fenerbah\u00e7e Opet Kad\u0131n Voleybol Tak\u0131m\u0131m\u0131z, \u0130kincilik \u015eiltini Ald\u0131","author":"Edit\u00f6r","date":"16 Nisan 2021","format":false,"excerpt":"Fenerbah\u00e7e Opet Kad\u0131n Voleybol Tak\u0131m\u0131m\u0131z, teknik ekip ve oyuncular\u0131m\u0131zda son bir hafta i\u00e7erisinde g\u00f6r\u00fclen Covid-19 Vakalar\u0131 sebebiyle d\u00fcn misli.com Sultanlar Ligi final serisi \u00fc\u00e7\u00fcnc\u00fc ma\u00e7\u0131na \u00e7\u0131kmama karar\u0131 almas\u0131 \u00fczerine tak\u0131m\u0131m\u0131z bug\u00fcn oynanacak ma\u00e7ta h\u00fckmen yenik say\u0131ld\u0131 ve serinin 3-0\u2019a gelmesiyle \u015eampiyon Vak\u0131fbank oldu. G\u00fcn i\u00e7erisinde \u015eampiyonluk, ikincilik ve bireysel \u00f6d\u00fcl\u2026","rel":"","context":"&quot;T\u00fcrkiye Ligi&quot; i\u00e7inde","block_context":{"text":"T\u00fcrkiye Ligi","link":"https:\/\/sarimelekler.biz\/?cat=6"},"img":{"alt_text":"","src":"https:\/\/i0.wp.com\/sarimelekler.biz\/wp-content\/uploads\/2021\/04\/36-2020-21-18.jpg?resize=350%2C200&ssl=1","width":350,"height":200,"srcset":"https:\/\/i0.wp.com\/sarimelekler.biz\/wp-content\/uploads\/2021\/04\/36-2020-21-18.jpg?resize=350%2C200&ssl=1 1x, https:\/\/i0.wp.com\/sarimelekler.biz\/wp-content\/uploads\/2021\/04\/36-2020-21-18.jpg?resize=525%2C300&ssl=1 1.5x, https:\/\/i0.wp.com\/sarimelekler.biz\/wp-content\/uploads\/2021\/04\/36-2020-21-18.jpg?resize=700%2C400&ssl=1 2x, https:\/\/i0.wp.com\/sarimelekler.biz\/wp-content\/uploads\/2021\/04\/36-2020-21-18.jpg?resize=1050%2C600&ssl=1 3x, https:\/\/i0.wp.com\/sarimelekler.biz\/wp-content\/uploads\/2021\/04\/36-2020-21-18.jpg?resize=1400%2C800&ssl=1 4x"},"classes":[]},{"id":9599,"url":"https:\/\/sarimelekler.biz\/?p=9599","url_meta":{"origin":12883,"position":3},"title":"Halkbank Ma\u00e7\u0131 Sonras\u0131 R\u00f6portajlar","author":"Edit\u00f6r","date":"24 Aral\u0131k 2018","format":false,"excerpt":"Kaptan\u0131m\u0131z Eda ve Ba\u015fantren\u00f6r\u00fcm\u00fcz Terzic bug\u00fcn oynanan Halkbank ma\u00e7\u0131 sonras\u0131 kul\u00fcb\u00fcm\u00fcz\u00fcn televizyon kanal\u0131na yapt\u0131\u011f\u0131 a\u00e7\u0131klamalar kul\u00fcb\u00fcm\u00fcz\u00fcn resmi internet sitesine yay\u0131nland\u0131. Eda Erdem D\u00fcndar: Keyif veren bir voleybol oynad\u0131k Fenerbah\u00e7e Opet Kad\u0131n Voleybol Tak\u0131m\u0131m\u0131z\u0131n kaptan\u0131 Eda Erdem D\u00fcndar, Halkbank kar\u015f\u0131s\u0131nda iyi servis att\u0131klar\u0131n\u0131 ve iyi savunma yapt\u0131klar\u0131n\u0131 s\u00f6yledi. Keyif veren bir\u2026","rel":"","context":"&quot;T\u00fcrkiye Ligi&quot; i\u00e7inde","block_context":{"text":"T\u00fcrkiye Ligi","link":"https:\/\/sarimelekler.biz\/?cat=6"},"img":{"alt_text":"","src":"https:\/\/i0.wp.com\/sarimelekler.biz\/wp-content\/uploads\/2018\/12\/Eda-11-18-19.jpg?resize=350%2C200&ssl=1","width":350,"height":200,"srcset":"https:\/\/i0.wp.com\/sarimelekler.biz\/wp-content\/uploads\/2018\/12\/Eda-11-18-19.jpg?resize=350%2C200&ssl=1 1x, https:\/\/i0.wp.com\/sarimelekler.biz\/wp-content\/uploads\/2018\/12\/Eda-11-18-19.jpg?resize=525%2C300&ssl=1 1.5x, https:\/\/i0.wp.com\/sarimelekler.biz\/wp-content\/uploads\/2018\/12\/Eda-11-18-19.jpg?resize=700%2C400&ssl=1 2x, https:\/\/i0.wp.com\/sarimelekler.biz\/wp-content\/uploads\/2018\/12\/Eda-11-18-19.jpg?resize=1050%2C600&ssl=1 3x"},"classes":[]},{"id":15528,"url":"https:\/\/sarimelekler.biz\/?p=15528","url_meta":{"origin":12883,"position":4},"title":"KAPTANIMIZ \u201cEDA ERDEM D\u00dcNDAR\u201d 3 YIL DAHA B\u0130Z\u0130MLE","author":"Edit\u00f6r","date":"30 Mart 2021","format":false,"excerpt":"Kul\u00fcb\u00fcm\u00fcz\u00fcn resmi internet sitesinden yap\u0131lan a\u00e7\u0131klamada Fenerbah\u00e7e tak\u0131m\u0131m\u0131z\u0131n formas\u0131n\u0131 2008-09 sezonundan bu yana ba\u015far\u0131yla terleten, armam\u0131z\u0131 gururla ta\u015f\u0131yan Kaptan\u0131m\u0131z Eda Erdem D\u00fcndar\u2019\u0131n 2021\u2019de biten s\u00f6zle\u015fmesinin 3 y\u0131l daha uzat\u0131ld\u0131\u011f\u0131n\u0131 duyurdu. \u00c7ubuklu formam\u0131z\u0131 her zaman ruhu ve aidiyetiyle ta\u015f\u0131yan kaptan Eda Erdem D\u00fcndar\u2019a, Fenerbah\u00e7e Opet formas\u0131 alt\u0131nda nice b\u00fcy\u00fck ba\u015far\u0131lar ve\u2026","rel":"","context":"&quot;Transfer Haberleri&quot; i\u00e7inde","block_context":{"text":"Transfer Haberleri","link":"https:\/\/sarimelekler.biz\/?cat=23"},"img":{"alt_text":"","src":"https:\/\/i0.wp.com\/sarimelekler.biz\/wp-content\/uploads\/2018\/06\/Eda-Kaptan.jpg?resize=350%2C200&ssl=1","width":350,"height":200,"srcset":"https:\/\/i0.wp.com\/sarimelekler.biz\/wp-content\/uploads\/2018\/06\/Eda-Kaptan.jpg?resize=350%2C200&ssl=1 1x, https:\/\/i0.wp.com\/sarimelekler.biz\/wp-content\/uploads\/2018\/06\/Eda-Kaptan.jpg?resize=525%2C300&ssl=1 1.5x, https:\/\/i0.wp.com\/sarimelekler.biz\/wp-content\/uploads\/2018\/06\/Eda-Kaptan.jpg?resize=700%2C400&ssl=1 2x, https:\/\/i0.wp.com\/sarimelekler.biz\/wp-content\/uploads\/2018\/06\/Eda-Kaptan.jpg?resize=1050%2C600&ssl=1 3x, https:\/\/i0.wp.com\/sarimelekler.biz\/wp-content\/uploads\/2018\/06\/Eda-Kaptan.jpg?resize=1400%2C800&ssl=1 4x"},"classes":[]},{"id":9410,"url":"https:\/\/sarimelekler.biz\/?p=9410","url_meta":{"origin":12883,"position":5},"title":"Eda Erdem D\u00fcndar ve Ana Antonijevic\u2019ten Chemik Police ma\u00e7\u0131 \u00f6ncesi a\u00e7\u0131klamalar","author":"Edit\u00f6r","date":"19 Aral\u0131k 2018","format":false,"excerpt":"Kad\u0131n Voleybol Tak\u0131m\u0131m\u0131z Fenerbah\u00e7e OPET'in CEV Kad\u0131nlar \u015eampiyonlar Ligi E Grubu 2.haftas\u0131nda Chemik Police ile bug\u00fcn oynayaca\u011f\u0131 ma\u00e7 \u00f6ncesi Kaptan\u0131m\u0131z Eda Erdem D\u00fcndar ve Ana Antonijevic, Fenerbah\u00e7e Spor Kul\u00fcb\u00fcm\u00fcz resmi sitemize a\u00e7\u0131klamalarda bulundu. Kaptan Eda Erdem D\u00fcndar taraftarlar varken daha iyi voleybol oynad\u0131klar\u0131n\u0131 vurgularken, Antonijevic hedeflerinin grupta birinci olarak bir\u2026","rel":"","context":"&quot;Avrupa Kupalar\u0131&quot; i\u00e7inde","block_context":{"text":"Avrupa Kupalar\u0131","link":"https:\/\/sarimelekler.biz\/?cat=1"},"img":{"alt_text":"","src":"https:\/\/i0.wp.com\/sarimelekler.biz\/wp-content\/uploads\/2018\/12\/Chemik-2.jpg?resize=350%2C200&ssl=1","width":350,"height":200,"srcset":"https:\/\/i0.wp.com\/sarimelekler.biz\/wp-content\/uploads\/2018\/12\/Chemik-2.jpg?resize=350%2C200&ssl=1 1x, https:\/\/i0.wp.com\/sarimelekler.biz\/wp-content\/uploads\/2018\/12\/Chemik-2.jpg?resize=525%2C300&ssl=1 1.5x, https:\/\/i0.wp.com\/sarimelekler.biz\/wp-content\/uploads\/2018\/12\/Chemik-2.jpg?resize=700%2C400&ssl=1 2x, https:\/\/i0.wp.com\/sarimelekler.biz\/wp-content\/uploads\/2018\/12\/Chemik-2.jpg?resize=1050%2C600&ssl=1 3x, https:\/\/i0.wp.com\/sarimelekler.biz\/wp-content\/uploads\/2018\/12\/Chemik-2.jpg?resize=1400%2C800&ssl=1 4x"},"classes":[]}],"_links":{"self":[{"href":"https:\/\/sarimelekler.biz\/index.php?rest_route=\/wp\/v2\/posts\/12883","targetHints":{"allow":["GET"]}}],"collection":[{"href":"https:\/\/sarimelekler.biz\/index.php?rest_route=\/wp\/v2\/posts"}],"about":[{"href":"https:\/\/sarimelekler.biz\/index.php?rest_route=\/wp\/v2\/types\/post"}],"author":[{"embeddable":true,"href":"https:\/\/sarimelekler.biz\/index.php?rest_route=\/wp\/v2\/users\/1"}],"replies":[{"embeddable":true,"href":"https:\/\/sarimelekler.biz\/index.php?rest_route=%2Fwp%2Fv2%2Fcomments&post=12883"}],"version-history":[{"count":3,"href":"https:\/\/sarimelekler.biz\/index.php?rest_route=\/wp\/v2\/posts\/12883\/revisions"}],"predecessor-version":[{"id":12919,"href":"https:\/\/sarimelekler.biz\/index.php?rest_route=\/wp\/v2\/posts\/12883\/revisions\/12919"}],"wp:featuredmedia":[{"embeddable":true,"href":"https:\/\/sarimelekler.biz\/index.php?rest_route=\/wp\/v2\/media\/12884"}],"wp:attachment":[{"href":"https:\/\/sarimelekler.biz\/index.php?rest_route=%2Fwp%2Fv2%2Fmedia&parent=12883"}],"wp:term":[{"taxonomy":"category","embeddable":true,"href":"https:\/\/sarimelekler.biz\/index.php?rest_route=%2Fwp%2Fv2%2Fcategories&post=12883"},{"taxonomy":"post_tag","embeddable":true,"href":"https:\/\/sarimelekler.biz\/index.php?rest_route=%2Fwp%2Fv2%2Ftags&post=12883"}],"curies":[{"name":"wp","href":"https:\/\/api.w.org\/{rel}","templated":true}]}}