{"id":12921,"date":"2020-02-09T09:34:40","date_gmt":"2020-02-09T06:34:40","guid":{"rendered":"http:\/\/sarimelekler.biz\/?p=12921"},"modified":"2020-02-09T15:10:17","modified_gmt":"2020-02-09T12:10:17","slug":"brankica-mihajlovic-ameliyat-oldu","status":"publish","type":"post","link":"https:\/\/sarimelekler.biz\/?p=12921","title":{"rendered":"Brankica Mihajlovic Ameliyat Oldu."},"content":{"rendered":"\n<p style=\"text-align: justify;\">5 \u015eubat \u00c7ar\u015famba g\u00fcn\u00fc tak\u0131m\u0131m\u0131z\u0131n yapt\u0131\u011f\u0131 antremanda sa\u011f el y\u00fcz\u00fck parma\u011f\u0131 k\u0131r\u0131lan ba\u015far\u0131l\u0131 oyuncumuz Brankica Mihajlovic d\u00fcn ameliyat oldu. Oyuncumuzun Play-Off d\u00f6neminde tak\u0131ma d\u00f6nmesi bekleniyor.\u00a0<\/p>\n\n\t\t<style type=\"text\/css\">\n\t\t\t#gallery-1 {\n\t\t\t\tmargin: auto;\n\t\t\t}\n\t\t\t#gallery-1 .gallery-item {\n\t\t\t\tfloat: left;\n\t\t\t\tmargin-top: 10px;\n\t\t\t\ttext-align: center;\n\t\t\t\twidth: 100%;\n\t\t\t}\n\t\t\t#gallery-1 img {\n\t\t\t\tborder: 2px solid #cfcfcf;\n\t\t\t}\n\t\t\t#gallery-1 .gallery-caption {\n\t\t\t\tmargin-left: 0;\n\t\t\t}\n\t\t\t\/* see gallery_shortcode() in wp-includes\/media.php *\/\n\t\t<\/style>\n\t\t<div data-carousel-extra='{&quot;blog_id&quot;:1,&quot;permalink&quot;:&quot;https:\/\/sarimelekler.biz\/?p=12921&quot;}' id='gallery-1' class='gallery galleryid-12921 gallery-columns-1 gallery-size-large'><dl class='gallery-item'>\n\t\t\t<dt class='gallery-icon landscape'>\n\t\t\t\t<a href='https:\/\/sarimelekler.biz\/?attachment_id=12925'><img loading=\"lazy\" decoding=\"async\" width=\"860\" height=\"860\" src=\"https:\/\/sarimelekler.biz\/wp-content\/uploads\/2020\/02\/83719692_811314039334595_7902349248197334398_n-1024x1024.jpg\" class=\"attachment-large size-large\" alt=\"\" srcset=\"https:\/\/sarimelekler.biz\/wp-content\/uploads\/2020\/02\/83719692_811314039334595_7902349248197334398_n-1024x1024.jpg 1024w, https:\/\/sarimelekler.biz\/wp-content\/uploads\/2020\/02\/83719692_811314039334595_7902349248197334398_n-150x150.jpg 150w, https:\/\/sarimelekler.biz\/wp-content\/uploads\/2020\/02\/83719692_811314039334595_7902349248197334398_n-300x300.jpg 300w, https:\/\/sarimelekler.biz\/wp-content\/uploads\/2020\/02\/83719692_811314039334595_7902349248197334398_n-768x768.jpg 768w, https:\/\/sarimelekler.biz\/wp-content\/uploads\/2020\/02\/83719692_811314039334595_7902349248197334398_n.jpg 1080w\" sizes=\"auto, (max-width: 860px) 100vw, 860px\" data-attachment-id=\"12925\" data-permalink=\"https:\/\/sarimelekler.biz\/?attachment_id=12925\" data-orig-file=\"https:\/\/sarimelekler.biz\/wp-content\/uploads\/2020\/02\/83719692_811314039334595_7902349248197334398_n.jpg\" data-orig-size=\"1080,1080\" data-comments-opened=\"0\" data-image-meta=\"{&quot;aperture&quot;:&quot;0&quot;,&quot;credit&quot;:&quot;&quot;,&quot;camera&quot;:&quot;&quot;,&quot;caption&quot;:&quot;&quot;,&quot;created_timestamp&quot;:&quot;0&quot;,&quot;copyright&quot;:&quot;&quot;,&quot;focal_length&quot;:&quot;0&quot;,&quot;iso&quot;:&quot;0&quot;,&quot;shutter_speed&quot;:&quot;0&quot;,&quot;title&quot;:&quot;&quot;,&quot;orientation&quot;:&quot;0&quot;}\" data-image-title=\"Mihajlovic Ameliyat Oldu.\" data-image-description=\"\" data-image-caption=\"\" data-large-file=\"https:\/\/sarimelekler.biz\/wp-content\/uploads\/2020\/02\/83719692_811314039334595_7902349248197334398_n-1024x1024.jpg\" \/><\/a>\n\t\t\t<\/dt><\/dl><br style=\"clear: both\" \/><dl class='gallery-item'>\n\t\t\t<dt class='gallery-icon portrait'>\n\t\t\t\t<a href='https:\/\/sarimelekler.biz\/?attachment_id=12928'><img loading=\"lazy\" decoding=\"async\" width=\"768\" height=\"1024\" src=\"https:\/\/sarimelekler.biz\/wp-content\/uploads\/2020\/02\/b20e8b56-4c9f-4460-bb6d-156ccd2f8dcb-768x1024.jpeg\" class=\"attachment-large size-large\" alt=\"\" srcset=\"https:\/\/sarimelekler.biz\/wp-content\/uploads\/2020\/02\/b20e8b56-4c9f-4460-bb6d-156ccd2f8dcb-768x1024.jpeg 768w, https:\/\/sarimelekler.biz\/wp-content\/uploads\/2020\/02\/b20e8b56-4c9f-4460-bb6d-156ccd2f8dcb-225x300.jpeg 225w, https:\/\/sarimelekler.biz\/wp-content\/uploads\/2020\/02\/b20e8b56-4c9f-4460-bb6d-156ccd2f8dcb-113x150.jpeg 113w, https:\/\/sarimelekler.biz\/wp-content\/uploads\/2020\/02\/b20e8b56-4c9f-4460-bb6d-156ccd2f8dcb.jpeg 1200w\" sizes=\"auto, (max-width: 768px) 100vw, 768px\" data-attachment-id=\"12928\" data-permalink=\"https:\/\/sarimelekler.biz\/?attachment_id=12928\" data-orig-file=\"https:\/\/sarimelekler.biz\/wp-content\/uploads\/2020\/02\/b20e8b56-4c9f-4460-bb6d-156ccd2f8dcb.jpeg\" data-orig-size=\"1200,1600\" data-comments-opened=\"0\" data-image-meta=\"{&quot;aperture&quot;:&quot;0&quot;,&quot;credit&quot;:&quot;&quot;,&quot;camera&quot;:&quot;&quot;,&quot;caption&quot;:&quot;&quot;,&quot;created_timestamp&quot;:&quot;0&quot;,&quot;copyright&quot;:&quot;&quot;,&quot;focal_length&quot;:&quot;0&quot;,&quot;iso&quot;:&quot;0&quot;,&quot;shutter_speed&quot;:&quot;0&quot;,&quot;title&quot;:&quot;&quot;,&quot;orientation&quot;:&quot;0&quot;}\" data-image-title=\"Mihajlovic Ameliyat Oldu.\" data-image-description=\"\" data-image-caption=\"\" data-large-file=\"https:\/\/sarimelekler.biz\/wp-content\/uploads\/2020\/02\/b20e8b56-4c9f-4460-bb6d-156ccd2f8dcb-768x1024.jpeg\" \/><\/a>\n\t\t\t<\/dt><\/dl><br style=\"clear: both\" \/>\n\t\t<\/div>\n\n","protected":false},"excerpt":{"rendered":"<p>5 \u015eubat \u00c7ar\u015famba g\u00fcn\u00fc tak\u0131m\u0131m\u0131z\u0131n yapt\u0131\u011f\u0131 antremanda sa\u011f el y\u00fcz\u00fck \u2026 <a class=\"continue-reading-link\" href=\"https:\/\/sarimelekler.biz\/?p=12921\">Okumaya Devam Et.. <span class=\"meta-nav\">&rarr; <\/span><\/a><\/p>\n","protected":false},"author":1,"featured_media":12927,"comment_status":"closed","ping_status":"open","sticky":false,"template":"","format":"standard","meta":{"jetpack_post_was_ever_published":false,"_jetpack_newsletter_access":"","_jetpack_dont_email_post_to_subs":false,"_jetpack_newsletter_tier_id":0,"_jetpack_memberships_contains_paywalled_content":false,"_jetpack_memberships_contains_paid_content":false,"footnotes":"","jetpack_publicize_message":"","jetpack_publicize_feature_enabled":true,"jetpack_social_post_already_shared":true,"jetpack_social_options":{"image_generator_settings":{"template":"highway","default_image_id":0,"font":"","enabled":false},"version":2}},"categories":[7],"tags":[],"class_list":["post-12921","post","type-post","status-publish","format-standard","has-post-thumbnail","hentry","category-haberler"],"jetpack_publicize_connections":[],"jetpack_featured_media_url":"https:\/\/sarimelekler.biz\/wp-content\/uploads\/2020\/02\/20200209_093631.jpg","jetpack_sharing_enabled":true,"jetpack_shortlink":"https:\/\/wp.me\/p8npUZ-3mp","jetpack-related-posts":[{"id":11819,"url":"https:\/\/sarimelekler.biz\/?p=11819","url_meta":{"origin":12921,"position":0},"title":"Brankica Mihajlovic: &#8220;Yeniden Burada Olmak Harika.&#8221;","author":"Edit\u00f6r","date":"17 Eyl\u00fcl 2019","format":false,"excerpt":"Fenerbah\u00e7e Opet Kad\u0131n Voleybol Tak\u0131m\u0131m\u0131z yeni transferi Brankica Mihajlovic, kul\u00fcb\u00fcm\u00fcz\u00fcn resmi internet sitesine a\u00e7\u0131klamalarda bulundu. Yeniden Fenerbah\u00e7e formas\u0131 giyecek olmaktan dolay\u0131 mutlu ve heyecanl\u0131 oldu\u011funu s\u00f6yleyen Brankica Mihajlovic; S\u0131rbistan Kad\u0131n Milli Voleybol Tak\u0131m\u0131yla kazand\u0131\u011f\u0131 Avrupa \u015fampiyonlu\u011funu da de\u011ferlendirdi. Yeniden Fenerbah\u00e7e formas\u0131 giyecek olmaktan dolay\u0131 mutlu oldu\u011funu dile getirerek s\u00f6zlerine ba\u015flayan\u2026","rel":"","context":"&quot;Haberler&quot; i\u00e7inde","block_context":{"text":"Haberler","link":"https:\/\/sarimelekler.biz\/?cat=7"},"img":{"alt_text":"","src":"https:\/\/i0.wp.com\/sarimelekler.biz\/wp-content\/uploads\/2019\/09\/Mihajlovic-2019-20-3.jpg?resize=350%2C200&ssl=1","width":350,"height":200,"srcset":"https:\/\/i0.wp.com\/sarimelekler.biz\/wp-content\/uploads\/2019\/09\/Mihajlovic-2019-20-3.jpg?resize=350%2C200&ssl=1 1x, https:\/\/i0.wp.com\/sarimelekler.biz\/wp-content\/uploads\/2019\/09\/Mihajlovic-2019-20-3.jpg?resize=525%2C300&ssl=1 1.5x, https:\/\/i0.wp.com\/sarimelekler.biz\/wp-content\/uploads\/2019\/09\/Mihajlovic-2019-20-3.jpg?resize=700%2C400&ssl=1 2x, https:\/\/i0.wp.com\/sarimelekler.biz\/wp-content\/uploads\/2019\/09\/Mihajlovic-2019-20-3.jpg?resize=1050%2C600&ssl=1 3x, https:\/\/i0.wp.com\/sarimelekler.biz\/wp-content\/uploads\/2019\/09\/Mihajlovic-2019-20-3.jpg?resize=1400%2C800&ssl=1 4x"},"classes":[]},{"id":11863,"url":"https:\/\/sarimelekler.biz\/?p=11863","url_meta":{"origin":12921,"position":1},"title":"Eda Erdem D\u00fcndar ile Brankica Mihajlovic R\u00fcya Tak\u0131ma se\u00e7ildi","author":"Edit\u00f6r","date":"21 Eyl\u00fcl 2019","format":false,"excerpt":"\u00dclkemizin de ev sahipli\u011fiyle d\u00f6rt \u00fclkenin ortakla\u015fa d\u00fczenledi\u011fi 2019 CEV Kad\u0131nlar Avrupa Voleybol \u015eampiyonas\u0131\u2019nda gurur verici bir ba\u015far\u0131ya imza atarak Avrupa ikincisi olan Milli Tak\u0131m\u0131m\u0131z\u0131n kaptan\u0131 Eda Erdem D\u00fcndar ile Fenerbah\u00e7e Opet Kad\u0131n Voleybol Tak\u0131m\u0131m\u0131z\u0131n yeni transferi S\u0131rp Brankica Mihajlovic, turnuvan\u0131n R\u00fcya Tak\u0131m\u0131\u2019nda yer ald\u0131. Avrupa Voleybol \u015eampiyonas\u0131 Final ma\u00e7\u0131ndan\u2026","rel":"","context":"&quot;Milli Tak\u0131m&quot; i\u00e7inde","block_context":{"text":"Milli Tak\u0131m","link":"https:\/\/sarimelekler.biz\/?cat=19"},"img":{"alt_text":"","src":"https:\/\/i0.wp.com\/sarimelekler.biz\/wp-content\/uploads\/2019\/09\/Eda-Brankica.jpg?resize=350%2C200&ssl=1","width":350,"height":200,"srcset":"https:\/\/i0.wp.com\/sarimelekler.biz\/wp-content\/uploads\/2019\/09\/Eda-Brankica.jpg?resize=350%2C200&ssl=1 1x, https:\/\/i0.wp.com\/sarimelekler.biz\/wp-content\/uploads\/2019\/09\/Eda-Brankica.jpg?resize=525%2C300&ssl=1 1.5x, https:\/\/i0.wp.com\/sarimelekler.biz\/wp-content\/uploads\/2019\/09\/Eda-Brankica.jpg?resize=700%2C400&ssl=1 2x, https:\/\/i0.wp.com\/sarimelekler.biz\/wp-content\/uploads\/2019\/09\/Eda-Brankica.jpg?resize=1050%2C600&ssl=1 3x"},"classes":[]},{"id":15743,"url":"https:\/\/sarimelekler.biz\/?p=15743","url_meta":{"origin":12921,"position":2},"title":"Be\u015f Oyuncumuz Tak\u0131m\u0131m\u0131zdan Ayr\u0131ld\u0131","author":"Edit\u00f6r","date":"27 Nisan 2021","format":false,"excerpt":"Kul\u00fcb\u00fcm\u00fcz Fenerbah\u00e7e Opet Kad\u0131n Voleybol tak\u0131m\u0131m\u0131z\u0131n orta oyuncusu Bahar Toksoy Guidetti, liberosu Aylin Sar\u0131o\u011flu, pas\u00f6r \u00e7apraz\u0131 Ceren Kestireng\u00f6z ve sma\u00e7\u00f6rleri Brankica Mihajlovic ile Bianka Busa ile s\u00f6zle\u015fme yenilenmedi\u011fini resmi sitesinden yapt\u0131\u011f\u0131 a\u00e7\u0131klamayla duyurdu. Ge\u00e7ti\u011fimiz g\u00fcnlerde Vargas\u2019\u0131n da ayr\u0131ld\u0131\u011f\u0131n\u0131 a\u00e7\u0131klayan kul\u00fcb\u00fcm\u00fczde, tak\u0131m\u0131m\u0131zdan ayr\u0131lan oyuncu say\u0131s\u0131 b\u00f6ylelikle alt\u0131 oldu. Oyuncular\u0131m\u0131za emekleri i\u00e7in\u2026","rel":"","context":"&quot;Transfer Haberleri&quot; i\u00e7inde","block_context":{"text":"Transfer Haberleri","link":"https:\/\/sarimelekler.biz\/?cat=23"},"img":{"alt_text":"","src":"https:\/\/i0.wp.com\/sarimelekler.biz\/wp-content\/uploads\/2021\/03\/31-20-21-22.jpg?resize=350%2C200&ssl=1","width":350,"height":200,"srcset":"https:\/\/i0.wp.com\/sarimelekler.biz\/wp-content\/uploads\/2021\/03\/31-20-21-22.jpg?resize=350%2C200&ssl=1 1x, https:\/\/i0.wp.com\/sarimelekler.biz\/wp-content\/uploads\/2021\/03\/31-20-21-22.jpg?resize=525%2C300&ssl=1 1.5x, https:\/\/i0.wp.com\/sarimelekler.biz\/wp-content\/uploads\/2021\/03\/31-20-21-22.jpg?resize=700%2C400&ssl=1 2x, https:\/\/i0.wp.com\/sarimelekler.biz\/wp-content\/uploads\/2021\/03\/31-20-21-22.jpg?resize=1050%2C600&ssl=1 3x, https:\/\/i0.wp.com\/sarimelekler.biz\/wp-content\/uploads\/2021\/03\/31-20-21-22.jpg?resize=1400%2C800&ssl=1 4x"},"classes":[]},{"id":11361,"url":"https:\/\/sarimelekler.biz\/?p=11361","url_meta":{"origin":12921,"position":3},"title":"Brankica Mihajlovic yeniden tak\u0131m\u0131m\u0131zda","author":"Edit\u00f6r","date":"17 Haziran 2019","format":false,"excerpt":"Kul\u00fcb\u00fcm\u00fcz yeni sezon \u00e7al\u0131\u015fmalar\u0131 kapsam\u0131nda Sma\u00e7\u00f6r\/Pas\u00f6r \u00c7apraz\u0131 mevkilerinde oynayan S\u0131rp oyuncu Brankica Mihajlovic ile s\u00f6zle\u015fme imzalad\u0131. 1990 do\u011fumlu ve 190 cm boyundaki Mihajlovic daha \u00f6nce 2015-16 sezonunda tak\u0131m\u0131m\u0131zda forma giymi\u015f, bu sezonda toplam 39 ma\u00e7ta g\u00f6rev alarak, 38'i servis, 38'i blok olmak \u00fczere toplam 464 say\u0131 alm\u0131\u015ft\u0131. Brankica Mihajlovic\u2019e ba\u015far\u0131l\u0131\u2026","rel":"","context":"&quot;Transfer Haberleri&quot; i\u00e7inde","block_context":{"text":"Transfer Haberleri","link":"https:\/\/sarimelekler.biz\/?cat=23"},"img":{"alt_text":"","src":"https:\/\/i0.wp.com\/sarimelekler.biz\/wp-content\/uploads\/2019\/06\/Mihajlovic-19-20-Kapak.jpg?resize=350%2C200&ssl=1","width":350,"height":200,"srcset":"https:\/\/i0.wp.com\/sarimelekler.biz\/wp-content\/uploads\/2019\/06\/Mihajlovic-19-20-Kapak.jpg?resize=350%2C200&ssl=1 1x, https:\/\/i0.wp.com\/sarimelekler.biz\/wp-content\/uploads\/2019\/06\/Mihajlovic-19-20-Kapak.jpg?resize=525%2C300&ssl=1 1.5x, https:\/\/i0.wp.com\/sarimelekler.biz\/wp-content\/uploads\/2019\/06\/Mihajlovic-19-20-Kapak.jpg?resize=700%2C400&ssl=1 2x"},"classes":[]},{"id":12887,"url":"https:\/\/sarimelekler.biz\/?p=12887","url_meta":{"origin":12921,"position":4},"title":"Brankica Mihajlovic Sakatland\u0131.","author":"Edit\u00f6r","date":"6 \u015eubat 2020","format":false,"excerpt":"Bug\u00fcn kul\u00fcb\u00fcm\u00fcz\u00fcn internet sitesinden yap\u0131lan a\u00e7\u0131klamada oyuncumuz Brankica Mihajlovic\u2019in sakatland\u0131\u011f\u0131 a\u00e7\u0131kland\u0131. Sa\u011f El Y\u00fcz\u00fck Parma\u011f\u0131 k\u0131r\u0131lan oyuncumuza ge\u00e7mi\u015f olsun dileklerimizi iletiyoruz. A\u00e7\u0131klama: Kad\u0131n Voleybol Tak\u0131m\u0131m\u0131z Fenerbah\u00e7e Opet\u2019in formas\u0131n\u0131 giyen S\u0131rp sporcumuz Brankica Mihajlovic, 5 \u015eubat \u00c7ar\u015famba g\u00fcn\u00fc yap\u0131lan antrenmanda bir sakatl\u0131k ge\u00e7irmi\u015ftir. Yap\u0131lan kontroller sonucunda sporcumuzun parma\u011f\u0131nda k\u0131r\u0131k tespit edilmi\u015ftir.\u2026","rel":"","context":"&quot;Haberler&quot; i\u00e7inde","block_context":{"text":"Haberler","link":"https:\/\/sarimelekler.biz\/?cat=7"},"img":{"alt_text":"","src":"https:\/\/i0.wp.com\/sarimelekler.biz\/wp-content\/uploads\/2019\/11\/07-19-20-4.jpg?resize=350%2C200&ssl=1","width":350,"height":200,"srcset":"https:\/\/i0.wp.com\/sarimelekler.biz\/wp-content\/uploads\/2019\/11\/07-19-20-4.jpg?resize=350%2C200&ssl=1 1x, https:\/\/i0.wp.com\/sarimelekler.biz\/wp-content\/uploads\/2019\/11\/07-19-20-4.jpg?resize=525%2C300&ssl=1 1.5x, https:\/\/i0.wp.com\/sarimelekler.biz\/wp-content\/uploads\/2019\/11\/07-19-20-4.jpg?resize=700%2C400&ssl=1 2x, https:\/\/i0.wp.com\/sarimelekler.biz\/wp-content\/uploads\/2019\/11\/07-19-20-4.jpg?resize=1050%2C600&ssl=1 3x, https:\/\/i0.wp.com\/sarimelekler.biz\/wp-content\/uploads\/2019\/11\/07-19-20-4.jpg?resize=1400%2C800&ssl=1 4x"},"classes":[]},{"id":11813,"url":"https:\/\/sarimelekler.biz\/?p=11813","url_meta":{"origin":12921,"position":5},"title":"Brankica Mihajlovi\u0107 Tak\u0131m\u0131m\u0131za Kat\u0131ld\u0131.","author":"Edit\u00f6r","date":"17 Eyl\u00fcl 2019","format":false,"excerpt":"Cev Kad\u0131nlar Avrupa \u015eampiyonas\u0131n\u0131 \u015eampiyon tamamlayan S\u0131rbistan kadrosunda bulunan Brankica Mihajlovi\u0107 milli tak\u0131m izninin bitmesinin ard\u0131ndan T\u00fcrkiye'ye geldi ve aya\u011f\u0131n\u0131n tozuyla antrenmana \u00e7\u0131kt\u0131.\u00a0 Bug\u00fcn yap\u0131lan antrenmana ise Milli Tak\u0131m izinli olan Eda Erdem D\u00fcndar ile Milli tak\u0131mda bulunan Kelsey Robinson kat\u0131lmad\u0131. 17.09.2019","rel":"","context":"&quot;Haberler&quot; i\u00e7inde","block_context":{"text":"Haberler","link":"https:\/\/sarimelekler.biz\/?cat=7"},"img":{"alt_text":"","src":"https:\/\/i0.wp.com\/sarimelekler.biz\/wp-content\/uploads\/2019\/09\/19-20-Eyl%C3%BCl-Antrenman-7.jpg?resize=350%2C200&ssl=1","width":350,"height":200,"srcset":"https:\/\/i0.wp.com\/sarimelekler.biz\/wp-content\/uploads\/2019\/09\/19-20-Eyl%C3%BCl-Antrenman-7.jpg?resize=350%2C200&ssl=1 1x, https:\/\/i0.wp.com\/sarimelekler.biz\/wp-content\/uploads\/2019\/09\/19-20-Eyl%C3%BCl-Antrenman-7.jpg?resize=525%2C300&ssl=1 1.5x, https:\/\/i0.wp.com\/sarimelekler.biz\/wp-content\/uploads\/2019\/09\/19-20-Eyl%C3%BCl-Antrenman-7.jpg?resize=700%2C400&ssl=1 2x, https:\/\/i0.wp.com\/sarimelekler.biz\/wp-content\/uploads\/2019\/09\/19-20-Eyl%C3%BCl-Antrenman-7.jpg?resize=1050%2C600&ssl=1 3x, https:\/\/i0.wp.com\/sarimelekler.biz\/wp-content\/uploads\/2019\/09\/19-20-Eyl%C3%BCl-Antrenman-7.jpg?resize=1400%2C800&ssl=1 4x"},"classes":[]}],"_links":{"self":[{"href":"https:\/\/sarimelekler.biz\/index.php?rest_route=\/wp\/v2\/posts\/12921","targetHints":{"allow":["GET"]}}],"collection":[{"href":"https:\/\/sarimelekler.biz\/index.php?rest_route=\/wp\/v2\/posts"}],"about":[{"href":"https:\/\/sarimelekler.biz\/index.php?rest_route=\/wp\/v2\/types\/post"}],"author":[{"embeddable":true,"href":"https:\/\/sarimelekler.biz\/index.php?rest_route=\/wp\/v2\/users\/1"}],"replies":[{"embeddable":true,"href":"https:\/\/sarimelekler.biz\/index.php?rest_route=%2Fwp%2Fv2%2Fcomments&post=12921"}],"version-history":[{"count":4,"href":"https:\/\/sarimelekler.biz\/index.php?rest_route=\/wp\/v2\/posts\/12921\/revisions"}],"predecessor-version":[{"id":12929,"href":"https:\/\/sarimelekler.biz\/index.php?rest_route=\/wp\/v2\/posts\/12921\/revisions\/12929"}],"wp:featuredmedia":[{"embeddable":true,"href":"https:\/\/sarimelekler.biz\/index.php?rest_route=\/wp\/v2\/media\/12927"}],"wp:attachment":[{"href":"https:\/\/sarimelekler.biz\/index.php?rest_route=%2Fwp%2Fv2%2Fmedia&parent=12921"}],"wp:term":[{"taxonomy":"category","embeddable":true,"href":"https:\/\/sarimelekler.biz\/index.php?rest_route=%2Fwp%2Fv2%2Fcategories&post=12921"},{"taxonomy":"post_tag","embeddable":true,"href":"https:\/\/sarimelekler.biz\/index.php?rest_route=%2Fwp%2Fv2%2Ftags&post=12921"}],"curies":[{"name":"wp","href":"https:\/\/api.w.org\/{rel}","templated":true}]}}