{"id":12966,"date":"2020-02-10T09:57:26","date_gmt":"2020-02-10T06:57:26","guid":{"rendered":"http:\/\/sarimelekler.biz\/?p=12966"},"modified":"2020-03-07T00:17:44","modified_gmt":"2020-03-06T21:17:44","slug":"genc-yeteneklerimiz-bir-kez-daha-fb-tvde-sahne-aliyor","status":"publish","type":"post","link":"https:\/\/sarimelekler.biz\/?p=12966","title":{"rendered":"Gen\u00e7 Yeteneklerimiz Bir Kez Daha FB Tv\u2019de Sahne Al\u0131yor."},"content":{"rendered":"<p style=\"text-align: justify;\">Kul\u00fcb\u00fcm\u00fcz, Kad\u0131n Voleybol altyap\u0131s\u0131ndan A Tak\u0131ma oyuncu yeti\u015ftirmek amac\u0131yla bu sezon Y\u0131ld\u0131z K\u0131z ve Gen\u00e7 K\u0131z Voleybol Tak\u0131mlar\u0131m\u0131zda g\u00f6rev yapan voleybolcular\u0131m\u0131zdan olu\u015fan 2. Lig Tak\u0131m\u0131 kurdu\u011funu duyurmu\u015ftu.<br \/>\nGen\u00e7 yeteneklerimiz bu sezon 2. ligde oynad\u0131\u011f\u0131 15 ma\u00e7ta 13 galibiyet alarak ligde 2. s\u0131rada yer aliyor.<\/p>\n<p style=\"text-align: justify;\">Y\u0131ld\u0131z k\u0131zlar\u0131m\u0131z\u0131n bug\u00fcn kar\u015f\u0131la\u015facaklar\u0131 ligde 4. s\u0131rada bulunan \u0130stanbul BBSK ma\u00e7\u0131 Saat:19:00&#8217;dan itibaren Fenerbah\u00e7e Televizyonundan canl\u0131 yay\u0131nlanacak.<br \/>\nBu zorlu ma\u00e7ta Gen\u00e7 Sar\u0131 Meleklerimize ba\u015far\u0131lar dileriz.<\/p>\n\n\t\t<style type=\"text\/css\">\n\t\t\t#gallery-1 {\n\t\t\t\tmargin: auto;\n\t\t\t}\n\t\t\t#gallery-1 .gallery-item {\n\t\t\t\tfloat: left;\n\t\t\t\tmargin-top: 10px;\n\t\t\t\ttext-align: center;\n\t\t\t\twidth: 100%;\n\t\t\t}\n\t\t\t#gallery-1 img {\n\t\t\t\tborder: 2px solid #cfcfcf;\n\t\t\t}\n\t\t\t#gallery-1 .gallery-caption {\n\t\t\t\tmargin-left: 0;\n\t\t\t}\n\t\t\t\/* see gallery_shortcode() in wp-includes\/media.php *\/\n\t\t<\/style>\n\t\t<div data-carousel-extra='{&quot;blog_id&quot;:1,&quot;permalink&quot;:&quot;https:\/\/sarimelekler.biz\/?p=12966&quot;}' id='gallery-1' class='gallery galleryid-12966 gallery-columns-1 gallery-size-large'><dl class='gallery-item'>\n\t\t\t<dt class='gallery-icon landscape'>\n\t\t\t\t<a href='https:\/\/sarimelekler.biz\/?attachment_id=12563'><img loading=\"lazy\" decoding=\"async\" width=\"860\" height=\"650\" src=\"https:\/\/sarimelekler.biz\/wp-content\/uploads\/2019\/12\/19-20-B-Tak\u0131m-3-1024x774.jpg\" class=\"attachment-large size-large\" alt=\"\" srcset=\"https:\/\/sarimelekler.biz\/wp-content\/uploads\/2019\/12\/19-20-B-Tak\u0131m-3-1024x774.jpg 1024w, https:\/\/sarimelekler.biz\/wp-content\/uploads\/2019\/12\/19-20-B-Tak\u0131m-3-300x227.jpg 300w, https:\/\/sarimelekler.biz\/wp-content\/uploads\/2019\/12\/19-20-B-Tak\u0131m-3-768x580.jpg 768w, https:\/\/sarimelekler.biz\/wp-content\/uploads\/2019\/12\/19-20-B-Tak\u0131m-3-150x113.jpg 150w, https:\/\/sarimelekler.biz\/wp-content\/uploads\/2019\/12\/19-20-B-Tak\u0131m-3.jpg 1080w\" sizes=\"auto, (max-width: 860px) 100vw, 860px\" data-attachment-id=\"12563\" data-permalink=\"https:\/\/sarimelekler.biz\/?attachment_id=12563\" data-orig-file=\"https:\/\/sarimelekler.biz\/wp-content\/uploads\/2019\/12\/19-20-B-Tak\u0131m-3.jpg\" data-orig-size=\"1080,816\" data-comments-opened=\"0\" data-image-meta=\"{&quot;aperture&quot;:&quot;0&quot;,&quot;credit&quot;:&quot;&quot;,&quot;camera&quot;:&quot;&quot;,&quot;caption&quot;:&quot;&quot;,&quot;created_timestamp&quot;:&quot;0&quot;,&quot;copyright&quot;:&quot;&quot;,&quot;focal_length&quot;:&quot;0&quot;,&quot;iso&quot;:&quot;0&quot;,&quot;shutter_speed&quot;:&quot;0&quot;,&quot;title&quot;:&quot;&quot;,&quot;orientation&quot;:&quot;0&quot;}\" data-image-title=\"19-20 B Tak\u0131m (3)\" data-image-description=\"\" data-image-caption=\"\" data-large-file=\"https:\/\/sarimelekler.biz\/wp-content\/uploads\/2019\/12\/19-20-B-Tak\u0131m-3-1024x774.jpg\" \/><\/a>\n\t\t\t<\/dt><\/dl><br style=\"clear: both\" \/><dl class='gallery-item'>\n\t\t\t<dt class='gallery-icon landscape'>\n\t\t\t\t<a href='https:\/\/sarimelekler.biz\/?attachment_id=12562'><img loading=\"lazy\" decoding=\"async\" width=\"860\" height=\"789\" src=\"https:\/\/sarimelekler.biz\/wp-content\/uploads\/2019\/12\/19-20-B-Tak\u0131m-2-1024x940.jpg\" class=\"attachment-large size-large\" alt=\"\" srcset=\"https:\/\/sarimelekler.biz\/wp-content\/uploads\/2019\/12\/19-20-B-Tak\u0131m-2-1024x940.jpg 1024w, https:\/\/sarimelekler.biz\/wp-content\/uploads\/2019\/12\/19-20-B-Tak\u0131m-2-300x275.jpg 300w, https:\/\/sarimelekler.biz\/wp-content\/uploads\/2019\/12\/19-20-B-Tak\u0131m-2-768x705.jpg 768w, https:\/\/sarimelekler.biz\/wp-content\/uploads\/2019\/12\/19-20-B-Tak\u0131m-2-150x138.jpg 150w, https:\/\/sarimelekler.biz\/wp-content\/uploads\/2019\/12\/19-20-B-Tak\u0131m-2.jpg 1080w\" sizes=\"auto, (max-width: 860px) 100vw, 860px\" data-attachment-id=\"12562\" data-permalink=\"https:\/\/sarimelekler.biz\/?attachment_id=12562\" data-orig-file=\"https:\/\/sarimelekler.biz\/wp-content\/uploads\/2019\/12\/19-20-B-Tak\u0131m-2.jpg\" data-orig-size=\"1080,991\" data-comments-opened=\"0\" data-image-meta=\"{&quot;aperture&quot;:&quot;0&quot;,&quot;credit&quot;:&quot;&quot;,&quot;camera&quot;:&quot;&quot;,&quot;caption&quot;:&quot;&quot;,&quot;created_timestamp&quot;:&quot;0&quot;,&quot;copyright&quot;:&quot;&quot;,&quot;focal_length&quot;:&quot;0&quot;,&quot;iso&quot;:&quot;0&quot;,&quot;shutter_speed&quot;:&quot;0&quot;,&quot;title&quot;:&quot;&quot;,&quot;orientation&quot;:&quot;0&quot;}\" data-image-title=\"19-20 B Tak\u0131m (2)\" data-image-description=\"\" data-image-caption=\"\" data-large-file=\"https:\/\/sarimelekler.biz\/wp-content\/uploads\/2019\/12\/19-20-B-Tak\u0131m-2-1024x940.jpg\" \/><\/a>\n\t\t\t<\/dt><\/dl><br style=\"clear: both\" \/><dl class='gallery-item'>\n\t\t\t<dt class='gallery-icon landscape'>\n\t\t\t\t<a href='https:\/\/sarimelekler.biz\/?attachment_id=12564'><img loading=\"lazy\" decoding=\"async\" width=\"860\" height=\"564\" src=\"https:\/\/sarimelekler.biz\/wp-content\/uploads\/2019\/12\/19-20-B-Tak\u0131m-5-1024x672.jpg\" class=\"attachment-large size-large\" alt=\"\" srcset=\"https:\/\/sarimelekler.biz\/wp-content\/uploads\/2019\/12\/19-20-B-Tak\u0131m-5-1024x672.jpg 1024w, https:\/\/sarimelekler.biz\/wp-content\/uploads\/2019\/12\/19-20-B-Tak\u0131m-5-300x197.jpg 300w, https:\/\/sarimelekler.biz\/wp-content\/uploads\/2019\/12\/19-20-B-Tak\u0131m-5-768x504.jpg 768w, https:\/\/sarimelekler.biz\/wp-content\/uploads\/2019\/12\/19-20-B-Tak\u0131m-5-150x98.jpg 150w, https:\/\/sarimelekler.biz\/wp-content\/uploads\/2019\/12\/19-20-B-Tak\u0131m-5.jpg 1080w\" sizes=\"auto, (max-width: 860px) 100vw, 860px\" data-attachment-id=\"12564\" data-permalink=\"https:\/\/sarimelekler.biz\/?attachment_id=12564\" data-orig-file=\"https:\/\/sarimelekler.biz\/wp-content\/uploads\/2019\/12\/19-20-B-Tak\u0131m-5.jpg\" data-orig-size=\"1080,709\" data-comments-opened=\"0\" data-image-meta=\"{&quot;aperture&quot;:&quot;0&quot;,&quot;credit&quot;:&quot;&quot;,&quot;camera&quot;:&quot;&quot;,&quot;caption&quot;:&quot;&quot;,&quot;created_timestamp&quot;:&quot;0&quot;,&quot;copyright&quot;:&quot;&quot;,&quot;focal_length&quot;:&quot;0&quot;,&quot;iso&quot;:&quot;0&quot;,&quot;shutter_speed&quot;:&quot;0&quot;,&quot;title&quot;:&quot;&quot;,&quot;orientation&quot;:&quot;0&quot;}\" data-image-title=\"19-20 B Tak\u0131m (5)\" data-image-description=\"\" data-image-caption=\"\" data-large-file=\"https:\/\/sarimelekler.biz\/wp-content\/uploads\/2019\/12\/19-20-B-Tak\u0131m-5-1024x672.jpg\" \/><\/a>\n\t\t\t<\/dt><\/dl><br style=\"clear: both\" \/>\n\t\t<\/div>\n\n","protected":false},"excerpt":{"rendered":"<p>Kul\u00fcb\u00fcm\u00fcz, Kad\u0131n Voleybol altyap\u0131s\u0131ndan A Tak\u0131ma oyuncu yeti\u015ftirmek amac\u0131yla bu \u2026 <a class=\"continue-reading-link\" href=\"https:\/\/sarimelekler.biz\/?p=12966\">Okumaya Devam Et.. <span class=\"meta-nav\">&rarr; <\/span><\/a><\/p>\n","protected":false},"author":1,"featured_media":12564,"comment_status":"closed","ping_status":"open","sticky":false,"template":"","format":"standard","meta":{"jetpack_post_was_ever_published":false,"_jetpack_newsletter_access":"","_jetpack_dont_email_post_to_subs":false,"_jetpack_newsletter_tier_id":0,"_jetpack_memberships_contains_paywalled_content":false,"_jetpack_memberships_contains_paid_content":false,"footnotes":"","jetpack_publicize_message":"","jetpack_publicize_feature_enabled":true,"jetpack_social_post_already_shared":true,"jetpack_social_options":{"image_generator_settings":{"template":"highway","default_image_id":0,"font":"","enabled":false},"version":2}},"categories":[24],"tags":[],"class_list":["post-12966","post","type-post","status-publish","format-standard","has-post-thumbnail","hentry","category-fenerbahce-genc-takimlari"],"jetpack_publicize_connections":[],"jetpack_featured_media_url":"https:\/\/sarimelekler.biz\/wp-content\/uploads\/2019\/12\/19-20-B-Tak\u0131m-5.jpg","jetpack_sharing_enabled":true,"jetpack_shortlink":"https:\/\/wp.me\/p8npUZ-3n8","jetpack-related-posts":[{"id":12559,"url":"https:\/\/sarimelekler.biz\/?p=12559","url_meta":{"origin":12966,"position":0},"title":"Gen\u00e7 Yeteneklerimiz FB Tv&#8217;de Sahne Al\u0131yor.","author":"Edit\u00f6r","date":"2 Aral\u0131k 2019","format":false,"excerpt":"Kul\u00fcb\u00fcm\u00fcz, Kad\u0131n Voleybol altyap\u0131s\u0131ndan A Tak\u0131ma oyuncu yeti\u015ftirmek amac\u0131yla bu sezon Y\u0131ld\u0131z K\u0131z ve Gen\u00e7 K\u0131z Voleybol Tak\u0131mlar\u0131m\u0131zda g\u00f6rev yapan voleybolcular\u0131m\u0131zdan olu\u015fan 2. Lig Tak\u0131m\u0131 kurdu\u011funu duyurmu\u015ftu. Gen\u00e7 yeteneklerimiz bu sezon 2. ligde oynad\u0131\u011f\u0131 5 ma\u00e7ta 5 galibiyet ald\u0131. Y\u0131ld\u0131z k\u0131zlar\u0131m\u0131z 4 Aral\u0131k \u00c7ar\u015famba g\u00fcn\u00fc saat:18:00\u2019da TVF 50. Y\u0131l Deniz\u2026","rel":"","context":"&quot;Fenerbah\u00e7e Gen\u00e7 Tak\u0131mlar\u0131&quot; i\u00e7inde","block_context":{"text":"Fenerbah\u00e7e Gen\u00e7 Tak\u0131mlar\u0131","link":"https:\/\/sarimelekler.biz\/?cat=24"},"img":{"alt_text":"","src":"https:\/\/i0.wp.com\/sarimelekler.biz\/wp-content\/uploads\/2019\/12\/19-20-B-Tak%C4%B1m-4.jpg?resize=350%2C200&ssl=1","width":350,"height":200,"srcset":"https:\/\/i0.wp.com\/sarimelekler.biz\/wp-content\/uploads\/2019\/12\/19-20-B-Tak%C4%B1m-4.jpg?resize=350%2C200&ssl=1 1x, https:\/\/i0.wp.com\/sarimelekler.biz\/wp-content\/uploads\/2019\/12\/19-20-B-Tak%C4%B1m-4.jpg?resize=525%2C300&ssl=1 1.5x, https:\/\/i0.wp.com\/sarimelekler.biz\/wp-content\/uploads\/2019\/12\/19-20-B-Tak%C4%B1m-4.jpg?resize=700%2C400&ssl=1 2x, https:\/\/i0.wp.com\/sarimelekler.biz\/wp-content\/uploads\/2019\/12\/19-20-B-Tak%C4%B1m-4.jpg?resize=1050%2C600&ssl=1 3x"},"classes":[]},{"id":12974,"url":"https:\/\/sarimelekler.biz\/?p=12974","url_meta":{"origin":12966,"position":1},"title":"Gen\u00e7 Sar\u0131 Melekler 3-1 Galip","author":"Edit\u00f6r","date":"11 \u015eubat 2020","format":false,"excerpt":"Kul\u00fcb\u00fcm\u00fcz, Kad\u0131n Voleybol altyap\u0131s\u0131ndan A Tak\u0131ma oyuncu yeti\u015ftirmek amac\u0131yla bu sezon Y\u0131ld\u0131z K\u0131z ve Gen\u00e7 K\u0131z Voleybol Tak\u0131mlar\u0131m\u0131zda g\u00f6rev yapan voleybolcular\u0131m\u0131zdan olu\u015fan 2. Lig Tak\u0131m\u0131 kurdu\u011funu duyurmu\u015ftu. 2. ligde yer alan Fenerbah\u00e7e tak\u0131m\u0131m\u0131z bug\u00fcn FB Tv nin de canl\u0131 yay\u0131nlad\u0131\u011f\u0131 ma\u00e7ta \u0130stanbul BBSK tak\u0131m\u0131 3-1 ma\u011flup etti. Gen\u00e7 oyuncular\u0131m\u0131z bu\u2026","rel":"","context":"&quot;Fenerbah\u00e7e Gen\u00e7 Tak\u0131mlar\u0131&quot; i\u00e7inde","block_context":{"text":"Fenerbah\u00e7e Gen\u00e7 Tak\u0131mlar\u0131","link":"https:\/\/sarimelekler.biz\/?cat=24"},"img":{"alt_text":"","src":"https:\/\/i0.wp.com\/sarimelekler.biz\/wp-content\/uploads\/2020\/02\/B-Tak%C4%B1m-2.jpg?resize=350%2C200&ssl=1","width":350,"height":200,"srcset":"https:\/\/i0.wp.com\/sarimelekler.biz\/wp-content\/uploads\/2020\/02\/B-Tak%C4%B1m-2.jpg?resize=350%2C200&ssl=1 1x, https:\/\/i0.wp.com\/sarimelekler.biz\/wp-content\/uploads\/2020\/02\/B-Tak%C4%B1m-2.jpg?resize=525%2C300&ssl=1 1.5x, https:\/\/i0.wp.com\/sarimelekler.biz\/wp-content\/uploads\/2020\/02\/B-Tak%C4%B1m-2.jpg?resize=700%2C400&ssl=1 2x, https:\/\/i0.wp.com\/sarimelekler.biz\/wp-content\/uploads\/2020\/02\/B-Tak%C4%B1m-2.jpg?resize=1050%2C600&ssl=1 3x, https:\/\/i0.wp.com\/sarimelekler.biz\/wp-content\/uploads\/2020\/02\/B-Tak%C4%B1m-2.jpg?resize=1400%2C800&ssl=1 4x"},"classes":[]},{"id":12982,"url":"https:\/\/sarimelekler.biz\/?p=12982","url_meta":{"origin":12966,"position":2},"title":"Gen\u00e7 Liberomuz Berre \u0130nce&#8217;nin \u0130stanbul BBSK Ma\u00e7\u0131 Performans\u0131","author":"Edit\u00f6r","date":"11 \u015eubat 2020","format":false,"excerpt":"Kul\u00fcb\u00fcm\u00fcz, Kad\u0131n Voleybol altyap\u0131s\u0131ndan A Tak\u0131ma oyuncu yeti\u015ftirmek amac\u0131yla bu sezon (2019-2020) Y\u0131ld\u0131z K\u0131z ve Gen\u00e7 K\u0131z Voleybol Tak\u0131mlar\u0131m\u0131zda g\u00f6rev yapan voleybolcular\u0131m\u0131zdan olu\u015fan 2. Lig Tak\u0131m\u0131 kurdu\u011funu duyurmu\u015ftu. 2. ligde yer alan Fenerbah\u00e7e B tak\u0131m\u0131m\u0131z FB Tv nin de canl\u0131 yay\u0131nlad\u0131\u011f\u0131 ma\u00e7ta \u0130stanbul BBSK tak\u0131m\u0131 3-1 ma\u011flup etti. Bu ma\u00e7tan\u2026","rel":"","context":"&quot;Video Programlar&quot; i\u00e7inde","block_context":{"text":"Video Programlar","link":"https:\/\/sarimelekler.biz\/?cat=22"},"img":{"alt_text":"","src":"https:\/\/i0.wp.com\/sarimelekler.biz\/wp-content\/uploads\/2020\/02\/B-Tak%C4%B1m-5-k.jpg?resize=350%2C200&ssl=1","width":350,"height":200,"srcset":"https:\/\/i0.wp.com\/sarimelekler.biz\/wp-content\/uploads\/2020\/02\/B-Tak%C4%B1m-5-k.jpg?resize=350%2C200&ssl=1 1x, https:\/\/i0.wp.com\/sarimelekler.biz\/wp-content\/uploads\/2020\/02\/B-Tak%C4%B1m-5-k.jpg?resize=525%2C300&ssl=1 1.5x, https:\/\/i0.wp.com\/sarimelekler.biz\/wp-content\/uploads\/2020\/02\/B-Tak%C4%B1m-5-k.jpg?resize=700%2C400&ssl=1 2x, https:\/\/i0.wp.com\/sarimelekler.biz\/wp-content\/uploads\/2020\/02\/B-Tak%C4%B1m-5-k.jpg?resize=1050%2C600&ssl=1 3x, https:\/\/i0.wp.com\/sarimelekler.biz\/wp-content\/uploads\/2020\/02\/B-Tak%C4%B1m-5-k.jpg?resize=1400%2C800&ssl=1 4x"},"classes":[]},{"id":13560,"url":"https:\/\/sarimelekler.biz\/?p=13560","url_meta":{"origin":12966,"position":3},"title":"Sar\u0131 Melekler \u00dc\u00e7 Ligde H\u00fck\u00fcm S\u00fcrecek.","author":"Edit\u00f6r","date":"24 Haziran 2020","format":false,"excerpt":"Kul\u00fcb\u00fcm\u00fcz 2019 \u2013 2020 sezonu ba\u015f\u0131nda Kad\u0131n Voleybol altyap\u0131s\u0131ndan A Tak\u0131ma oyuncu yeti\u015ftirmek amac\u0131yla bu sezon Y\u0131ld\u0131z K\u0131z ve Gen\u00e7 K\u0131z Voleybol Tak\u0131mlar\u0131m\u0131zda g\u00f6rev yapan voleybolcular\u0131m\u0131zdan olu\u015fan 2. Lig Tak\u0131m\u0131 kurdu\u011funu duyurmu\u015ftu. Gen\u00e7 Sar\u0131 Meleklerimiz Finallerde set averaj\u0131na g\u00f6re S\u0131ralamada 3. s\u0131rada yer alarak tak\u0131m\u0131m\u0131z bir \u00fcst lige \u00e7\u0131kamam\u0131\u015ft\u0131. \u00dclkemizde\u2026","rel":"","context":"&quot;Fenerbah\u00e7e Gen\u00e7 Tak\u0131mlar\u0131&quot; i\u00e7inde","block_context":{"text":"Fenerbah\u00e7e Gen\u00e7 Tak\u0131mlar\u0131","link":"https:\/\/sarimelekler.biz\/?cat=24"},"img":{"alt_text":"","src":"https:\/\/i0.wp.com\/sarimelekler.biz\/wp-content\/uploads\/2020\/02\/B-Tak%C4%B1m-2.jpg?resize=350%2C200&ssl=1","width":350,"height":200,"srcset":"https:\/\/i0.wp.com\/sarimelekler.biz\/wp-content\/uploads\/2020\/02\/B-Tak%C4%B1m-2.jpg?resize=350%2C200&ssl=1 1x, https:\/\/i0.wp.com\/sarimelekler.biz\/wp-content\/uploads\/2020\/02\/B-Tak%C4%B1m-2.jpg?resize=525%2C300&ssl=1 1.5x, https:\/\/i0.wp.com\/sarimelekler.biz\/wp-content\/uploads\/2020\/02\/B-Tak%C4%B1m-2.jpg?resize=700%2C400&ssl=1 2x, https:\/\/i0.wp.com\/sarimelekler.biz\/wp-content\/uploads\/2020\/02\/B-Tak%C4%B1m-2.jpg?resize=1050%2C600&ssl=1 3x, https:\/\/i0.wp.com\/sarimelekler.biz\/wp-content\/uploads\/2020\/02\/B-Tak%C4%B1m-2.jpg?resize=1400%2C800&ssl=1 4x"},"classes":[]},{"id":13612,"url":"https:\/\/sarimelekler.biz\/?p=13612","url_meta":{"origin":12966,"position":4},"title":"Ecesu Soner 1. Lig Tak\u0131m\u0131m\u0131za Transfer Oldu.","author":"Edit\u00f6r","date":"15 Temmuz 2020","format":false,"excerpt":"Kul\u00fcb\u00fcm\u00fcz 2019 \u2013 2020 sezonu ba\u015f\u0131nda Kad\u0131n Voleybol altyap\u0131s\u0131ndan A Tak\u0131ma oyuncu yeti\u015ftirmek amac\u0131yla bu sezon Y\u0131ld\u0131z K\u0131z ve Gen\u00e7 K\u0131z Voleybol Tak\u0131mlar\u0131m\u0131zda g\u00f6rev yapan voleybolcular\u0131m\u0131zdan olu\u015fan 2. Lig Tak\u0131m\u0131 kurdu\u011funu duyurmu\u015ftu. Gen\u00e7 Sar\u0131 Meleklerimiz Finallerde set averaj\u0131na g\u00f6re S\u0131ralamada 3. s\u0131rada yer alarak tak\u0131m\u0131m\u0131z bir \u00fcst lige \u00e7\u0131kamam\u0131\u015ft\u0131. \u00dclkemizde\u2026","rel":"","context":"&quot;Fenerbah\u00e7e Gen\u00e7 Tak\u0131mlar\u0131&quot; i\u00e7inde","block_context":{"text":"Fenerbah\u00e7e Gen\u00e7 Tak\u0131mlar\u0131","link":"https:\/\/sarimelekler.biz\/?cat=24"},"img":{"alt_text":"","src":"https:\/\/i0.wp.com\/sarimelekler.biz\/wp-content\/uploads\/2020\/07\/Ecesu-Kapak.jpg?resize=350%2C200&ssl=1","width":350,"height":200,"srcset":"https:\/\/i0.wp.com\/sarimelekler.biz\/wp-content\/uploads\/2020\/07\/Ecesu-Kapak.jpg?resize=350%2C200&ssl=1 1x, https:\/\/i0.wp.com\/sarimelekler.biz\/wp-content\/uploads\/2020\/07\/Ecesu-Kapak.jpg?resize=525%2C300&ssl=1 1.5x, https:\/\/i0.wp.com\/sarimelekler.biz\/wp-content\/uploads\/2020\/07\/Ecesu-Kapak.jpg?resize=700%2C400&ssl=1 2x, https:\/\/i0.wp.com\/sarimelekler.biz\/wp-content\/uploads\/2020\/07\/Ecesu-Kapak.jpg?resize=1050%2C600&ssl=1 3x, https:\/\/i0.wp.com\/sarimelekler.biz\/wp-content\/uploads\/2020\/07\/Ecesu-Kapak.jpg?resize=1400%2C800&ssl=1 4x"},"classes":[]},{"id":13302,"url":"https:\/\/sarimelekler.biz\/?p=13302","url_meta":{"origin":12966,"position":5},"title":"Gen\u00e7 Sar\u0131 Meleklerimiz Set Averaj\u0131yla 1. Lige Y\u00fckselme Hakk\u0131n\u0131 Kaybetti.","author":"Edit\u00f6r","date":"13 Mart 2020","format":false,"excerpt":"Kul\u00fcb\u00fcm\u00fcz, Kad\u0131n Voleybol altyap\u0131s\u0131ndan A Tak\u0131ma oyuncu yeti\u015ftirmek amac\u0131yla bu sezon Y\u0131ld\u0131z K\u0131z ve Gen\u00e7 K\u0131z Voleybol Tak\u0131mlar\u0131m\u0131zda g\u00f6rev yapan voleybolcular\u0131m\u0131zdan olu\u015fan 2. Lig Tak\u0131m\u0131 kurdu\u011funu duyurmu\u015ftu. 2. lig A grubunda yer alan Fenerbah\u00e7e B tak\u0131m\u0131m\u0131z normal sezonu 2. bitirerek Denizli\u2019de yap\u0131lacak olan 1. lige y\u00fckselme ma\u00e7lar\u0131na kat\u0131lmaya hak kazanm\u0131\u015ft\u0131.\u2026","rel":"","context":"&quot;Fenerbah\u00e7e Gen\u00e7 Tak\u0131mlar\u0131&quot; i\u00e7inde","block_context":{"text":"Fenerbah\u00e7e Gen\u00e7 Tak\u0131mlar\u0131","link":"https:\/\/sarimelekler.biz\/?cat=24"},"img":{"alt_text":"","src":"https:\/\/i0.wp.com\/sarimelekler.biz\/wp-content\/uploads\/2020\/03\/Fenerbah%C3%A7e-B-04.03.jpeg?resize=350%2C200&ssl=1","width":350,"height":200,"srcset":"https:\/\/i0.wp.com\/sarimelekler.biz\/wp-content\/uploads\/2020\/03\/Fenerbah%C3%A7e-B-04.03.jpeg?resize=350%2C200&ssl=1 1x, https:\/\/i0.wp.com\/sarimelekler.biz\/wp-content\/uploads\/2020\/03\/Fenerbah%C3%A7e-B-04.03.jpeg?resize=525%2C300&ssl=1 1.5x, https:\/\/i0.wp.com\/sarimelekler.biz\/wp-content\/uploads\/2020\/03\/Fenerbah%C3%A7e-B-04.03.jpeg?resize=700%2C400&ssl=1 2x"},"classes":[]}],"_links":{"self":[{"href":"https:\/\/sarimelekler.biz\/index.php?rest_route=\/wp\/v2\/posts\/12966","targetHints":{"allow":["GET"]}}],"collection":[{"href":"https:\/\/sarimelekler.biz\/index.php?rest_route=\/wp\/v2\/posts"}],"about":[{"href":"https:\/\/sarimelekler.biz\/index.php?rest_route=\/wp\/v2\/types\/post"}],"author":[{"embeddable":true,"href":"https:\/\/sarimelekler.biz\/index.php?rest_route=\/wp\/v2\/users\/1"}],"replies":[{"embeddable":true,"href":"https:\/\/sarimelekler.biz\/index.php?rest_route=%2Fwp%2Fv2%2Fcomments&post=12966"}],"version-history":[{"count":2,"href":"https:\/\/sarimelekler.biz\/index.php?rest_route=\/wp\/v2\/posts\/12966\/revisions"}],"predecessor-version":[{"id":12968,"href":"https:\/\/sarimelekler.biz\/index.php?rest_route=\/wp\/v2\/posts\/12966\/revisions\/12968"}],"wp:featuredmedia":[{"embeddable":true,"href":"https:\/\/sarimelekler.biz\/index.php?rest_route=\/wp\/v2\/media\/12564"}],"wp:attachment":[{"href":"https:\/\/sarimelekler.biz\/index.php?rest_route=%2Fwp%2Fv2%2Fmedia&parent=12966"}],"wp:term":[{"taxonomy":"category","embeddable":true,"href":"https:\/\/sarimelekler.biz\/index.php?rest_route=%2Fwp%2Fv2%2Fcategories&post=12966"},{"taxonomy":"post_tag","embeddable":true,"href":"https:\/\/sarimelekler.biz\/index.php?rest_route=%2Fwp%2Fv2%2Ftags&post=12966"}],"curies":[{"name":"wp","href":"https:\/\/api.w.org\/{rel}","templated":true}]}}