{"id":13173,"date":"2020-02-25T23:07:51","date_gmt":"2020-02-25T20:07:51","guid":{"rendered":"http:\/\/sarimelekler.biz\/?p=13173"},"modified":"2020-02-25T23:07:55","modified_gmt":"2020-02-25T20:07:55","slug":"efsanemiz-eda-erdem-dundar-yilin-en-iyi-kadin-sporcusu-odulune-layik-goruldu","status":"publish","type":"post","link":"https:\/\/sarimelekler.biz\/?p=13173","title":{"rendered":"Efsanemiz Eda Erdem D\u00fcndar, \u201cY\u0131l\u0131n En \u0130yi Kad\u0131n Sporcusu\u201d \u00d6d\u00fcl\u00fcne Lay\u0131k G\u00f6r\u00fcld\u00fc"},"content":{"rendered":"<p style=\"text-align: justify;\">Yeditepe \u00dcniversitesi \u00f6\u011frencilerinin, 2019 y\u0131l\u0131n\u0131n en iyilerini belirledi\u011fi 8.Yeditepe Dilek \u00d6d\u00fclleri sahiplerini buldu.<\/p>\n<p style=\"text-align: justify;\">\u00dcniversitelerde sosyal sorumluluk alan\u0131nda yap\u0131lan ilk \u00f6d\u00fcl t\u00f6reni olma \u00f6zelli\u011fini ta\u015f\u0131yan Yeditepe Dilek \u00d6d\u00fclleri&#8217;nin sekizincisi, Yeditepe \u00dcniversitesi \u0130nan K\u0131ra\u00e7 Salonu&#8217;nda ger\u00e7ekle\u015ftirildi.<\/p>\n<p style=\"text-align: justify;\">K\u00fclt\u00fcr, sanat, spor, medya ve internet alanlar\u0131nda \u00f6d\u00fcle de\u011fer g\u00f6r\u00fclen isimler bir araya gelirken; t\u00f6rene kat\u0131lan A Milli ve Fenerbah\u00e7e Opet Kad\u0131n Voleybol Tak\u0131m\u0131m\u0131z\u0131n kaptan\u0131 Eda Erdem D\u00fcndar, \u201cY\u0131l\u0131n En \u0130yi Kad\u0131n Sporcusu\u201d \u00f6d\u00fcl\u00fcne lay\u0131k g\u00f6r\u00fcld\u00fc.<\/p>\n\n\t\t<style type=\"text\/css\">\n\t\t\t#gallery-1 {\n\t\t\t\tmargin: auto;\n\t\t\t}\n\t\t\t#gallery-1 .gallery-item {\n\t\t\t\tfloat: left;\n\t\t\t\tmargin-top: 10px;\n\t\t\t\ttext-align: center;\n\t\t\t\twidth: 100%;\n\t\t\t}\n\t\t\t#gallery-1 img {\n\t\t\t\tborder: 2px solid #cfcfcf;\n\t\t\t}\n\t\t\t#gallery-1 .gallery-caption {\n\t\t\t\tmargin-left: 0;\n\t\t\t}\n\t\t\t\/* see gallery_shortcode() in wp-includes\/media.php *\/\n\t\t<\/style>\n\t\t<div data-carousel-extra='{&quot;blog_id&quot;:1,&quot;permalink&quot;:&quot;https:\/\/sarimelekler.biz\/?p=13173&quot;}' id='gallery-1' class='gallery galleryid-13173 gallery-columns-1 gallery-size-large'><dl class='gallery-item'>\n\t\t\t<dt class='gallery-icon landscape'>\n\t\t\t\t<a href='https:\/\/sarimelekler.biz\/?attachment_id=13174'><img loading=\"lazy\" decoding=\"async\" width=\"860\" height=\"571\" src=\"https:\/\/sarimelekler.biz\/wp-content\/uploads\/2020\/02\/Eda-Yeditepe-\u00dcni.-1-1024x680.jpg\" class=\"attachment-large size-large\" alt=\"\" srcset=\"https:\/\/sarimelekler.biz\/wp-content\/uploads\/2020\/02\/Eda-Yeditepe-\u00dcni.-1-1024x680.jpg 1024w, https:\/\/sarimelekler.biz\/wp-content\/uploads\/2020\/02\/Eda-Yeditepe-\u00dcni.-1-300x199.jpg 300w, https:\/\/sarimelekler.biz\/wp-content\/uploads\/2020\/02\/Eda-Yeditepe-\u00dcni.-1-768x510.jpg 768w, https:\/\/sarimelekler.biz\/wp-content\/uploads\/2020\/02\/Eda-Yeditepe-\u00dcni.-1-1536x1020.jpg 1536w, https:\/\/sarimelekler.biz\/wp-content\/uploads\/2020\/02\/Eda-Yeditepe-\u00dcni.-1-2048x1360.jpg 2048w, https:\/\/sarimelekler.biz\/wp-content\/uploads\/2020\/02\/Eda-Yeditepe-\u00dcni.-1-150x100.jpg 150w\" sizes=\"auto, (max-width: 860px) 100vw, 860px\" data-attachment-id=\"13174\" data-permalink=\"https:\/\/sarimelekler.biz\/?attachment_id=13174\" data-orig-file=\"https:\/\/sarimelekler.biz\/wp-content\/uploads\/2020\/02\/Eda-Yeditepe-\u00dcni.-1.jpg\" data-orig-size=\"2500,1660\" data-comments-opened=\"0\" data-image-meta=\"{&quot;aperture&quot;:&quot;5.6&quot;,&quot;credit&quot;:&quot;&quot;,&quot;camera&quot;:&quot;NIKON D90&quot;,&quot;caption&quot;:&quot;&quot;,&quot;created_timestamp&quot;:&quot;967211736&quot;,&quot;copyright&quot;:&quot;&quot;,&quot;focal_length&quot;:&quot;52&quot;,&quot;iso&quot;:&quot;1600&quot;,&quot;shutter_speed&quot;:&quot;0.02&quot;,&quot;title&quot;:&quot;&quot;,&quot;orientation&quot;:&quot;1&quot;}\" data-image-title=\"Eda Yeditepe \u00dcni. (1)\" data-image-description=\"\" data-image-caption=\"\" data-large-file=\"https:\/\/sarimelekler.biz\/wp-content\/uploads\/2020\/02\/Eda-Yeditepe-\u00dcni.-1-1024x680.jpg\" \/><\/a>\n\t\t\t<\/dt><\/dl><br style=\"clear: both\" \/><dl class='gallery-item'>\n\t\t\t<dt class='gallery-icon portrait'>\n\t\t\t\t<a href='https:\/\/sarimelekler.biz\/?attachment_id=13176'><img loading=\"lazy\" decoding=\"async\" width=\"683\" height=\"1024\" src=\"https:\/\/sarimelekler.biz\/wp-content\/uploads\/2020\/02\/Eda-Yeditepe-\u00dcni.-3-683x1024.jpg\" class=\"attachment-large size-large\" alt=\"\" srcset=\"https:\/\/sarimelekler.biz\/wp-content\/uploads\/2020\/02\/Eda-Yeditepe-\u00dcni.-3-683x1024.jpg 683w, https:\/\/sarimelekler.biz\/wp-content\/uploads\/2020\/02\/Eda-Yeditepe-\u00dcni.-3-200x300.jpg 200w, https:\/\/sarimelekler.biz\/wp-content\/uploads\/2020\/02\/Eda-Yeditepe-\u00dcni.-3-768x1152.jpg 768w, https:\/\/sarimelekler.biz\/wp-content\/uploads\/2020\/02\/Eda-Yeditepe-\u00dcni.-3-1024x1536.jpg 1024w, https:\/\/sarimelekler.biz\/wp-content\/uploads\/2020\/02\/Eda-Yeditepe-\u00dcni.-3-1365x2048.jpg 1365w, https:\/\/sarimelekler.biz\/wp-content\/uploads\/2020\/02\/Eda-Yeditepe-\u00dcni.-3-100x150.jpg 100w, https:\/\/sarimelekler.biz\/wp-content\/uploads\/2020\/02\/Eda-Yeditepe-\u00dcni.-3-scaled.jpg 1707w\" sizes=\"auto, (max-width: 683px) 100vw, 683px\" data-attachment-id=\"13176\" data-permalink=\"https:\/\/sarimelekler.biz\/?attachment_id=13176\" data-orig-file=\"https:\/\/sarimelekler.biz\/wp-content\/uploads\/2020\/02\/Eda-Yeditepe-\u00dcni.-3-scaled.jpg\" data-orig-size=\"1707,2560\" data-comments-opened=\"0\" data-image-meta=\"{&quot;aperture&quot;:&quot;4&quot;,&quot;credit&quot;:&quot;&quot;,&quot;camera&quot;:&quot;DSC-RX10M3&quot;,&quot;caption&quot;:&quot;&quot;,&quot;created_timestamp&quot;:&quot;1582581939&quot;,&quot;copyright&quot;:&quot;&quot;,&quot;focal_length&quot;:&quot;87.11&quot;,&quot;iso&quot;:&quot;5000&quot;,&quot;shutter_speed&quot;:&quot;0.004&quot;,&quot;title&quot;:&quot;&quot;,&quot;orientation&quot;:&quot;1&quot;}\" data-image-title=\"Eda Yeditepe \u00dcni. (3)\" data-image-description=\"\" data-image-caption=\"\" data-large-file=\"https:\/\/sarimelekler.biz\/wp-content\/uploads\/2020\/02\/Eda-Yeditepe-\u00dcni.-3-683x1024.jpg\" \/><\/a>\n\t\t\t<\/dt><\/dl><br style=\"clear: both\" \/><dl class='gallery-item'>\n\t\t\t<dt class='gallery-icon landscape'>\n\t\t\t\t<a href='https:\/\/sarimelekler.biz\/?attachment_id=13175'><img loading=\"lazy\" decoding=\"async\" width=\"860\" height=\"574\" src=\"https:\/\/sarimelekler.biz\/wp-content\/uploads\/2020\/02\/Eda-Yeditepe-\u00dcni.-2-1024x683.jpg\" class=\"attachment-large size-large\" alt=\"\" srcset=\"https:\/\/sarimelekler.biz\/wp-content\/uploads\/2020\/02\/Eda-Yeditepe-\u00dcni.-2-1024x683.jpg 1024w, https:\/\/sarimelekler.biz\/wp-content\/uploads\/2020\/02\/Eda-Yeditepe-\u00dcni.-2-300x200.jpg 300w, https:\/\/sarimelekler.biz\/wp-content\/uploads\/2020\/02\/Eda-Yeditepe-\u00dcni.-2-768x512.jpg 768w, https:\/\/sarimelekler.biz\/wp-content\/uploads\/2020\/02\/Eda-Yeditepe-\u00dcni.-2-1536x1024.jpg 1536w, https:\/\/sarimelekler.biz\/wp-content\/uploads\/2020\/02\/Eda-Yeditepe-\u00dcni.-2-2048x1366.jpg 2048w, https:\/\/sarimelekler.biz\/wp-content\/uploads\/2020\/02\/Eda-Yeditepe-\u00dcni.-2-150x100.jpg 150w\" sizes=\"auto, (max-width: 860px) 100vw, 860px\" data-attachment-id=\"13175\" data-permalink=\"https:\/\/sarimelekler.biz\/?attachment_id=13175\" data-orig-file=\"https:\/\/sarimelekler.biz\/wp-content\/uploads\/2020\/02\/Eda-Yeditepe-\u00dcni.-2.jpg\" data-orig-size=\"2500,1667\" data-comments-opened=\"0\" data-image-meta=\"{&quot;aperture&quot;:&quot;2.2&quot;,&quot;credit&quot;:&quot;&quot;,&quot;camera&quot;:&quot;ILCE-6000&quot;,&quot;caption&quot;:&quot;&quot;,&quot;created_timestamp&quot;:&quot;1582583089&quot;,&quot;copyright&quot;:&quot;&quot;,&quot;focal_length&quot;:&quot;50&quot;,&quot;iso&quot;:&quot;1600&quot;,&quot;shutter_speed&quot;:&quot;0.00625&quot;,&quot;title&quot;:&quot;&quot;,&quot;orientation&quot;:&quot;1&quot;}\" data-image-title=\"Eda Yeditepe \u00dcni. (2)\" data-image-description=\"\" data-image-caption=\"\" data-large-file=\"https:\/\/sarimelekler.biz\/wp-content\/uploads\/2020\/02\/Eda-Yeditepe-\u00dcni.-2-1024x683.jpg\" \/><\/a>\n\t\t\t<\/dt><\/dl><br style=\"clear: both\" \/><dl class='gallery-item'>\n\t\t\t<dt class='gallery-icon portrait'>\n\t\t\t\t<a href='https:\/\/sarimelekler.biz\/?attachment_id=13177'><img loading=\"lazy\" decoding=\"async\" width=\"683\" height=\"1024\" src=\"https:\/\/sarimelekler.biz\/wp-content\/uploads\/2020\/02\/Eda-Yeditepe-\u00dcni.-4-683x1024.jpg\" class=\"attachment-large size-large\" alt=\"\" srcset=\"https:\/\/sarimelekler.biz\/wp-content\/uploads\/2020\/02\/Eda-Yeditepe-\u00dcni.-4-683x1024.jpg 683w, https:\/\/sarimelekler.biz\/wp-content\/uploads\/2020\/02\/Eda-Yeditepe-\u00dcni.-4-200x300.jpg 200w, https:\/\/sarimelekler.biz\/wp-content\/uploads\/2020\/02\/Eda-Yeditepe-\u00dcni.-4-768x1152.jpg 768w, https:\/\/sarimelekler.biz\/wp-content\/uploads\/2020\/02\/Eda-Yeditepe-\u00dcni.-4-1024x1536.jpg 1024w, https:\/\/sarimelekler.biz\/wp-content\/uploads\/2020\/02\/Eda-Yeditepe-\u00dcni.-4-1365x2048.jpg 1365w, https:\/\/sarimelekler.biz\/wp-content\/uploads\/2020\/02\/Eda-Yeditepe-\u00dcni.-4-100x150.jpg 100w, https:\/\/sarimelekler.biz\/wp-content\/uploads\/2020\/02\/Eda-Yeditepe-\u00dcni.-4-scaled.jpg 1707w\" sizes=\"auto, (max-width: 683px) 100vw, 683px\" data-attachment-id=\"13177\" data-permalink=\"https:\/\/sarimelekler.biz\/?attachment_id=13177\" data-orig-file=\"https:\/\/sarimelekler.biz\/wp-content\/uploads\/2020\/02\/Eda-Yeditepe-\u00dcni.-4-scaled.jpg\" data-orig-size=\"1707,2560\" data-comments-opened=\"0\" data-image-meta=\"{&quot;aperture&quot;:&quot;2.2&quot;,&quot;credit&quot;:&quot;&quot;,&quot;camera&quot;:&quot;ILCE-6000&quot;,&quot;caption&quot;:&quot;&quot;,&quot;created_timestamp&quot;:&quot;1582583093&quot;,&quot;copyright&quot;:&quot;&quot;,&quot;focal_length&quot;:&quot;50&quot;,&quot;iso&quot;:&quot;1600&quot;,&quot;shutter_speed&quot;:&quot;0.00625&quot;,&quot;title&quot;:&quot;&quot;,&quot;orientation&quot;:&quot;1&quot;}\" data-image-title=\"Eda Yeditepe \u00dcni. (4)\" data-image-description=\"\" data-image-caption=\"\" data-large-file=\"https:\/\/sarimelekler.biz\/wp-content\/uploads\/2020\/02\/Eda-Yeditepe-\u00dcni.-4-683x1024.jpg\" \/><\/a>\n\t\t\t<\/dt><\/dl><br style=\"clear: both\" \/>\n\t\t<\/div>\n\n<p>Kaynak:\u00a0<a href=\"https:\/\/www.fenerbahce.org\/haberler\/voleybol-kadin\/2020\/2-tr\/eda-erdem-dundar-yilin-en-iyi-kadin-sporcusu%E2%80%9D-odulune-layik-goruldu\" target=\"_blank\" rel=\"noopener noreferrer\">Fenerbah\u00e7e SK Resmi \u0130nternet Sitesi<\/a><\/p>\n<p style=\"text-align: right;\">25.02.2020<\/p>\n","protected":false},"excerpt":{"rendered":"<p>Yeditepe \u00dcniversitesi \u00f6\u011frencilerinin, 2019 y\u0131l\u0131n\u0131n en iyilerini belirledi\u011fi 8.Yeditepe Dilek \u2026 <a class=\"continue-reading-link\" href=\"https:\/\/sarimelekler.biz\/?p=13173\">Okumaya Devam Et.. <span class=\"meta-nav\">&rarr; <\/span><\/a><\/p>\n","protected":false},"author":1,"featured_media":13175,"comment_status":"closed","ping_status":"open","sticky":false,"template":"","format":"standard","meta":{"jetpack_post_was_ever_published":false,"_jetpack_newsletter_access":"","_jetpack_dont_email_post_to_subs":false,"_jetpack_newsletter_tier_id":0,"_jetpack_memberships_contains_paywalled_content":false,"_jetpack_memberships_contains_paid_content":false,"footnotes":"","jetpack_publicize_message":"","jetpack_publicize_feature_enabled":true,"jetpack_social_post_already_shared":true,"jetpack_social_options":{"image_generator_settings":{"template":"highway","default_image_id":0,"font":"","enabled":false},"version":2}},"categories":[7],"tags":[],"class_list":["post-13173","post","type-post","status-publish","format-standard","has-post-thumbnail","hentry","category-haberler"],"jetpack_publicize_connections":[],"jetpack_featured_media_url":"https:\/\/sarimelekler.biz\/wp-content\/uploads\/2020\/02\/Eda-Yeditepe-\u00dcni.-2.jpg","jetpack_sharing_enabled":true,"jetpack_shortlink":"https:\/\/wp.me\/p8npUZ-3qt","jetpack-related-posts":[{"id":14322,"url":"https:\/\/sarimelekler.biz\/?p=14322","url_meta":{"origin":13173,"position":0},"title":"66. Gillette Milliyet Y\u0131l\u0131n Sporcusu \u00d6d\u00fclleri\u2019ne Fenerbah\u00e7emiz Damga Vurdu","author":"Edit\u00f6r","date":"4 Kas\u0131m 2020","format":false,"excerpt":"Milliyet Gazetesi\u2019nin her y\u0131l geleneksel olarak d\u00fczenledi\u011fi Gillette Milliyet Y\u0131l\u0131n Sporcusu \u00d6d\u00fcl T\u00f6reni\u2019nin 66.\u2019s\u0131 ger\u00e7ekle\u015ftirildi. T\u00f6rene Futbol Sportif Direkt\u00f6r\u00fcm\u00fcz Emre Bel\u00f6zo\u011flu, Futbol A Tak\u0131m\u0131m\u0131z\u0131n oyuncular\u0131 Ozan Tufan ve Naz\u0131m Sangare, Fenerbah\u00e7e Opet Kad\u0131n Voleybol Tak\u0131m\u0131m\u0131z ve A Milli Kad\u0131n Voleybol Tak\u0131m\u0131m\u0131z\u0131n kaptan\u0131 Eda Erdem D\u00fcndar, Fenerbah\u00e7e Futbol A.\u015e. Y\u00f6netim Kurulu\u2026","rel":"","context":"&quot;Haberler&quot; i\u00e7inde","block_context":{"text":"Haberler","link":"https:\/\/sarimelekler.biz\/?cat=7"},"img":{"alt_text":"","src":"https:\/\/i0.wp.com\/sarimelekler.biz\/wp-content\/uploads\/2020\/11\/Milliyet-%C3%96d%C3%BClleri-4.jpg?resize=350%2C200&ssl=1","width":350,"height":200,"srcset":"https:\/\/i0.wp.com\/sarimelekler.biz\/wp-content\/uploads\/2020\/11\/Milliyet-%C3%96d%C3%BClleri-4.jpg?resize=350%2C200&ssl=1 1x, https:\/\/i0.wp.com\/sarimelekler.biz\/wp-content\/uploads\/2020\/11\/Milliyet-%C3%96d%C3%BClleri-4.jpg?resize=525%2C300&ssl=1 1.5x, https:\/\/i0.wp.com\/sarimelekler.biz\/wp-content\/uploads\/2020\/11\/Milliyet-%C3%96d%C3%BClleri-4.jpg?resize=700%2C400&ssl=1 2x, https:\/\/i0.wp.com\/sarimelekler.biz\/wp-content\/uploads\/2020\/11\/Milliyet-%C3%96d%C3%BClleri-4.jpg?resize=1050%2C600&ssl=1 3x, https:\/\/i0.wp.com\/sarimelekler.biz\/wp-content\/uploads\/2020\/11\/Milliyet-%C3%96d%C3%BClleri-4.jpg?resize=1400%2C800&ssl=1 4x"},"classes":[]},{"id":16087,"url":"https:\/\/sarimelekler.biz\/?p=16087","url_meta":{"origin":13173,"position":1},"title":"&#8220;67. Gillette-Milliyet Y\u0131l\u0131n Sporcusu&#8221; t\u00f6reninde Eda Erdem D\u00fcndar \u0130ki \u00d6d\u00fcl Ald\u0131","author":"Edit\u00f6r","date":"29 Eyl\u00fcl 2021","format":false,"excerpt":"1954 y\u0131l\u0131ndan bu yana okuyucular\u0131n\u0131n oylar\u0131yla belirlenen, bu y\u0131l 10 milyona yakla\u015fan rekor bir oy kat\u0131l\u0131m\u0131yla ger\u00e7ekle\u015fen ve T\u00fcrkiye\u2019nin farkl\u0131 bran\u015flarda spor tarihini yans\u0131tmas\u0131 a\u00e7\u0131s\u0131ndan b\u00fcy\u00fck \u00f6nem ta\u015f\u0131yan 67. Gillette-Milliyet Y\u0131l\u0131n Sporcusu \u00f6d\u00fcl t\u00f6reni Volkswagen Arena\u2019da Covid-19 salg\u0131n\u0131 nedeniyle seyircisiz d\u00fczenlendi. Bu \u00f6zel gecede A Milli ve Fenerbah\u00e7e Opet Kad\u0131n\u2026","rel":"","context":"&quot;Haberler&quot; i\u00e7inde","block_context":{"text":"Haberler","link":"https:\/\/sarimelekler.biz\/?cat=7"},"img":{"alt_text":"","src":"https:\/\/i0.wp.com\/sarimelekler.biz\/wp-content\/uploads\/2021\/09\/EDA-ODUL.jpg?resize=350%2C200&ssl=1","width":350,"height":200,"srcset":"https:\/\/i0.wp.com\/sarimelekler.biz\/wp-content\/uploads\/2021\/09\/EDA-ODUL.jpg?resize=350%2C200&ssl=1 1x, https:\/\/i0.wp.com\/sarimelekler.biz\/wp-content\/uploads\/2021\/09\/EDA-ODUL.jpg?resize=525%2C300&ssl=1 1.5x, https:\/\/i0.wp.com\/sarimelekler.biz\/wp-content\/uploads\/2021\/09\/EDA-ODUL.jpg?resize=700%2C400&ssl=1 2x, https:\/\/i0.wp.com\/sarimelekler.biz\/wp-content\/uploads\/2021\/09\/EDA-ODUL.jpg?resize=1050%2C600&ssl=1 3x"},"classes":[]},{"id":17629,"url":"https:\/\/sarimelekler.biz\/?p=17629","url_meta":{"origin":13173,"position":2},"title":"Kaptan\u0131m\u0131z Eda Erdem D\u00fcndar\u2019a B\u00fcy\u00fck Onur","author":"Edit\u00f6r","date":"30 Mart 2022","format":false,"excerpt":"Fenerbah\u00e7e Opet Kad\u0131n Voleybol Tak\u0131m\u0131m\u0131z\u0131n ve A Milli Kad\u0131n Voleybol Tak\u0131m\u0131m\u0131z\u0131n kaptan\u0131 Eda Erdem D\u00fcndar, T\u00fcrkiye Milli Olimpiyat Komitesi (TMOK) taraf\u0131ndan \u00f6nemli bir g\u00f6reve lay\u0131k g\u00f6r\u00fcld\u00fc. Fenerbah\u00e7e ve milli tak\u0131m formas\u0131yla \u00e7ok say\u0131da \u00f6nemli ba\u015far\u0131ya imza atan kaptan Eda Erdem D\u00fcndar TMOK Sporcu Komisyonu Ba\u015fkanl\u0131\u011f\u0131na se\u00e7ildi. Eda Erdem, ayn\u0131 zamanda\u2026","rel":"","context":"&quot;Haberler&quot; i\u00e7inde","block_context":{"text":"Haberler","link":"https:\/\/sarimelekler.biz\/?cat=7"},"img":{"alt_text":"","src":"https:\/\/i0.wp.com\/sarimelekler.biz\/wp-content\/uploads\/2019\/09\/Eda-CLw-14.jpg?resize=350%2C200&ssl=1","width":350,"height":200,"srcset":"https:\/\/i0.wp.com\/sarimelekler.biz\/wp-content\/uploads\/2019\/09\/Eda-CLw-14.jpg?resize=350%2C200&ssl=1 1x, https:\/\/i0.wp.com\/sarimelekler.biz\/wp-content\/uploads\/2019\/09\/Eda-CLw-14.jpg?resize=525%2C300&ssl=1 1.5x, https:\/\/i0.wp.com\/sarimelekler.biz\/wp-content\/uploads\/2019\/09\/Eda-CLw-14.jpg?resize=700%2C400&ssl=1 2x, https:\/\/i0.wp.com\/sarimelekler.biz\/wp-content\/uploads\/2019\/09\/Eda-CLw-14.jpg?resize=1050%2C600&ssl=1 3x, https:\/\/i0.wp.com\/sarimelekler.biz\/wp-content\/uploads\/2019\/09\/Eda-CLw-14.jpg?resize=1400%2C800&ssl=1 4x"},"classes":[]},{"id":18027,"url":"https:\/\/sarimelekler.biz\/?p=18027","url_meta":{"origin":13173,"position":3},"title":"Sar\u0131 Melekler Sezonu 2. S\u0131rada Tamamlad\u0131.","author":"Edit\u00f6r","date":"12 May\u0131s 2022","format":false,"excerpt":"Fenerbah\u00e7e Opet Kad\u0131n Voleybol Tak\u0131m\u0131m\u0131z 2021-2022 sezonu misli.com Sultanlar Ligi Final serisinde kar\u015f\u0131la\u015ft\u0131\u011f\u0131 Vak\u0131fbank tak\u0131m\u0131na toplamda 3-2 ma\u011flup olarak sezonu 2. s\u0131rada tamamlad\u0131. Son kar\u015f\u0131la\u015fmadan sonra yap\u0131lan seremonide tak\u0131m\u0131m\u0131z ikincilik \u015filtini al\u0131rken oyuncular\u0131m\u0131zdan; Kaptan Eda Erdem D\u00fcndan En \u0130yi Orta Oyuncu Gizem \u00d6rge En \u0130yi Libero Melissa Vargas Misli.com \u00d6zel\u2026","rel":"","context":"&quot;T\u00fcrkiye Ligi&quot; i\u00e7inde","block_context":{"text":"T\u00fcrkiye Ligi","link":"https:\/\/sarimelekler.biz\/?cat=6"},"img":{"alt_text":"","src":"https:\/\/i0.wp.com\/sarimelekler.biz\/wp-content\/uploads\/2022\/05\/33-21-22-23.jpg?resize=350%2C200&ssl=1","width":350,"height":200,"srcset":"https:\/\/i0.wp.com\/sarimelekler.biz\/wp-content\/uploads\/2022\/05\/33-21-22-23.jpg?resize=350%2C200&ssl=1 1x, https:\/\/i0.wp.com\/sarimelekler.biz\/wp-content\/uploads\/2022\/05\/33-21-22-23.jpg?resize=525%2C300&ssl=1 1.5x, https:\/\/i0.wp.com\/sarimelekler.biz\/wp-content\/uploads\/2022\/05\/33-21-22-23.jpg?resize=700%2C400&ssl=1 2x, https:\/\/i0.wp.com\/sarimelekler.biz\/wp-content\/uploads\/2022\/05\/33-21-22-23.jpg?resize=1050%2C600&ssl=1 3x, https:\/\/i0.wp.com\/sarimelekler.biz\/wp-content\/uploads\/2022\/05\/33-21-22-23.jpg?resize=1400%2C800&ssl=1 4x"},"classes":[]},{"id":4295,"url":"https:\/\/sarimelekler.biz\/?p=4295","url_meta":{"origin":13173,"position":4},"title":"Eda Erdem D\u00fcndar: &#8220;Avrupa \u015eampiyonas\u0131\u2019n\u0131 Madalya \u0130le Tamamlad\u0131\u011f\u0131m\u0131z \u0130\u00e7in Mutluyum&#8221;","author":"Edit\u00f6r","date":"5 Ekim 2017","format":false,"excerpt":"Azerbaycan\u2019da d\u00fczenlenen Avrupa \u015eampiyonas\u0131\u2019nda, A Milli Kad\u0131n Voleybol Tak\u0131m\u0131m\u0131z\u0131n elde etti\u011fi Avrupa 3.\u2019l\u00fc\u011f\u00fcn\u00fcn ard\u0131ndan \u0130stanbul\u2019a d\u00f6nen milli voleybolcumuz Eda Erdem D\u00fcndar, Fenerbah\u00e7e Spor Kul\u00fcb\u00fcm\u00fcz Resmi \u0130nternet Sitemize a\u00e7\u0131klamalarda bulundu. Ba\u015far\u0131l\u0131 voleybolcu, Avrupa \u015eampiyonas\u0131\u2019n\u0131 madalyayla tamamlam\u0131\u015f olman\u0131n kendisini mutlu etti\u011fini dile getirirken, Fenerbah\u00e7e Kad\u0131n Voleybol Tak\u0131m\u0131m\u0131z\u0131n da hedeflerinden s\u00f6z etti. A\u2026","rel":"","context":"&quot;Haberler&quot; i\u00e7inde","block_context":{"text":"Haberler","link":"https:\/\/sarimelekler.biz\/?cat=7"},"img":{"alt_text":"","src":"https:\/\/i0.wp.com\/sarimelekler.biz\/wp-content\/uploads\/2017\/10\/de6p6160_57488_6278113.jpg?resize=350%2C200&ssl=1","width":350,"height":200,"srcset":"https:\/\/i0.wp.com\/sarimelekler.biz\/wp-content\/uploads\/2017\/10\/de6p6160_57488_6278113.jpg?resize=350%2C200&ssl=1 1x, https:\/\/i0.wp.com\/sarimelekler.biz\/wp-content\/uploads\/2017\/10\/de6p6160_57488_6278113.jpg?resize=525%2C300&ssl=1 1.5x, https:\/\/i0.wp.com\/sarimelekler.biz\/wp-content\/uploads\/2017\/10\/de6p6160_57488_6278113.jpg?resize=700%2C400&ssl=1 2x, https:\/\/i0.wp.com\/sarimelekler.biz\/wp-content\/uploads\/2017\/10\/de6p6160_57488_6278113.jpg?resize=1050%2C600&ssl=1 3x, https:\/\/i0.wp.com\/sarimelekler.biz\/wp-content\/uploads\/2017\/10\/de6p6160_57488_6278113.jpg?resize=1400%2C800&ssl=1 4x"},"classes":[]},{"id":18902,"url":"https:\/\/sarimelekler.biz\/?p=18902","url_meta":{"origin":13173,"position":5},"title":"Kaptan\u0131m\u0131z Eda Erdem D\u00fcndar\u2019a Fair Play \u00d6d\u00fcl\u00fc Takdim Edildi","author":"Edit\u00f6r","date":"28 \u015eubat 2023","format":false,"excerpt":"Kaptan\u0131m\u0131z Eda Erdem D\u00fcndar, Uluslararas\u0131 Voleybol Federasyonu (FIVB) taraf\u0131ndan \u201cTarihin En \u0130yi 100 Oyuncusu\u201d aras\u0131nda g\u00f6sterilmesi ve \u201c2021 y\u0131l\u0131n\u0131n en iyi 12 kad\u0131n voleybolcusu\u201d listesinde yer almas\u0131 dolay\u0131s\u0131yla T\u00fcrkiye Milli Olimpiyat Komitesi (TMOK) Fair Play Komisyonu taraf\u0131ndan verilen 2021 T\u00fcrkiye Fair Play \u00d6d\u00fclleri\u2019nde Sportif Kariyer Dal\u0131nda \u015eeref Diplomas\u0131\u2019na lay\u0131k g\u00f6r\u00fclm\u00fc\u015ft\u00fc.\u2026","rel":"","context":"&quot;Haberler&quot; i\u00e7inde","block_context":{"text":"Haberler","link":"https:\/\/sarimelekler.biz\/?cat=7"},"img":{"alt_text":"","src":"https:\/\/i0.wp.com\/sarimelekler.biz\/wp-content\/uploads\/2023\/03\/Eda-TMOK-2.jpg?resize=350%2C200&ssl=1","width":350,"height":200,"srcset":"https:\/\/i0.wp.com\/sarimelekler.biz\/wp-content\/uploads\/2023\/03\/Eda-TMOK-2.jpg?resize=350%2C200&ssl=1 1x, https:\/\/i0.wp.com\/sarimelekler.biz\/wp-content\/uploads\/2023\/03\/Eda-TMOK-2.jpg?resize=525%2C300&ssl=1 1.5x, https:\/\/i0.wp.com\/sarimelekler.biz\/wp-content\/uploads\/2023\/03\/Eda-TMOK-2.jpg?resize=700%2C400&ssl=1 2x, https:\/\/i0.wp.com\/sarimelekler.biz\/wp-content\/uploads\/2023\/03\/Eda-TMOK-2.jpg?resize=1050%2C600&ssl=1 3x, https:\/\/i0.wp.com\/sarimelekler.biz\/wp-content\/uploads\/2023\/03\/Eda-TMOK-2.jpg?resize=1400%2C800&ssl=1 4x"},"classes":[]}],"_links":{"self":[{"href":"https:\/\/sarimelekler.biz\/index.php?rest_route=\/wp\/v2\/posts\/13173","targetHints":{"allow":["GET"]}}],"collection":[{"href":"https:\/\/sarimelekler.biz\/index.php?rest_route=\/wp\/v2\/posts"}],"about":[{"href":"https:\/\/sarimelekler.biz\/index.php?rest_route=\/wp\/v2\/types\/post"}],"author":[{"embeddable":true,"href":"https:\/\/sarimelekler.biz\/index.php?rest_route=\/wp\/v2\/users\/1"}],"replies":[{"embeddable":true,"href":"https:\/\/sarimelekler.biz\/index.php?rest_route=%2Fwp%2Fv2%2Fcomments&post=13173"}],"version-history":[{"count":2,"href":"https:\/\/sarimelekler.biz\/index.php?rest_route=\/wp\/v2\/posts\/13173\/revisions"}],"predecessor-version":[{"id":13179,"href":"https:\/\/sarimelekler.biz\/index.php?rest_route=\/wp\/v2\/posts\/13173\/revisions\/13179"}],"wp:featuredmedia":[{"embeddable":true,"href":"https:\/\/sarimelekler.biz\/index.php?rest_route=\/wp\/v2\/media\/13175"}],"wp:attachment":[{"href":"https:\/\/sarimelekler.biz\/index.php?rest_route=%2Fwp%2Fv2%2Fmedia&parent=13173"}],"wp:term":[{"taxonomy":"category","embeddable":true,"href":"https:\/\/sarimelekler.biz\/index.php?rest_route=%2Fwp%2Fv2%2Fcategories&post=13173"},{"taxonomy":"post_tag","embeddable":true,"href":"https:\/\/sarimelekler.biz\/index.php?rest_route=%2Fwp%2Fv2%2Ftags&post=13173"}],"curies":[{"name":"wp","href":"https:\/\/api.w.org\/{rel}","templated":true}]}}