{"id":13181,"date":"2020-03-01T17:39:36","date_gmt":"2020-03-01T14:39:36","guid":{"rendered":"http:\/\/sarimelekler.biz\/?p=13181"},"modified":"2020-03-01T17:39:40","modified_gmt":"2020-03-01T14:39:40","slug":"sari-meleklerin-sampiyonlar-ligi-maci-koranavirus-salgini-nedeniyle-ileri-bir-tarihe-ertelendi","status":"publish","type":"post","link":"https:\/\/sarimelekler.biz\/?p=13181","title":{"rendered":"Sar\u0131 Meleklerin \u015eampiyonlar Ligi Ma\u00e7\u0131 Koranavir\u00fcs Salg\u0131n\u0131 Nedeniyle \u0130leri Bir Tarihe Ertelendi."},"content":{"rendered":"<p style=\"text-align: justify;\">Fenerbah\u00e7e Opet Kad\u0131n Voleybol Tak\u0131m\u0131m\u0131z Cev \u015eampiyonlar Ligi A grubunda oynad\u0131\u011f\u0131 6 ma\u00e7ta ald\u0131\u011f\u0131 4 galibiyetle grubunu 2. s\u0131rada tamamlay\u0131p \u00e7eyrek finale y\u00fckselmi\u015fti. Yakla\u015f\u0131k 10 g\u00fcnce yap\u0131lan kura \u00e7ekiminde ise Fenerbah\u00e7e Opet Kad\u0131n Voleybol Tak\u0131m\u0131m\u0131z\u0131n, CEV \u015eampiyonlar Ligi \u00e7eyrek finalindeki rakibi \u0130talyan ekibi Igor Gorgonzola Novara olmu\u015ftu. Kura \u00e7ekiminde \u00e7eyrek final ilk ma\u00e7lar\u0131n\u0131n 3, 4 ve 5 Mart, r\u00f6van\u015flar\u0131n\u0131n ise; 10, 11 ve 12 Mart 2020 tarihlerinde oynanaca\u011f\u0131 a\u00e7\u0131klanm\u0131\u015ft\u0131.<\/p>\n<p style=\"text-align: justify;\">D\u00fcnya genelini saran ve \u0130talya\u2019da da g\u00f6r\u00fclmeye ba\u015flayan Koronavir\u00fcs salg\u0131n\u0131 nedeniyle d\u00fcn (29.02.2020) Sa\u011fl\u0131k Bakanl\u0131\u011f\u0131 \u0130talya ile olan geli\u015f gidi\u015f t\u00fcm yolcu u\u00e7u\u015flar\u0131n\u0131n durduruldu\u011fu a\u00e7\u0131klanm\u0131\u015ft\u0131. Bu salg\u0131n ile ilgili olarak kul\u00fcb\u00fcm\u00fcz ve yine \u0130talyan temsilcisi Savino Del Bene Scandicci ile e\u015fle\u015fen Eczac\u0131ba\u015f\u0131 Vitra kul\u00fcb\u00fc ma\u00e7lar\u0131n ertelenmesi i\u00e7in CEV\u2019e ba\u015fvurmu\u015ftu.<\/p>\n<p style=\"text-align: justify;\">Ba\u015fvurularla ilgili olarak Cev\u2019in resmi internet sitesinden yap\u0131lan a\u00e7\u0131klamada 4 Mart \u00c7ar\u015famba g\u00fcn\u00fc oynanacak Savino Del Bene Scandicci \u2013 Eczac\u0131ba\u015f\u0131 VitrA ile 5 Mart Per\u015fembe g\u00fcn\u00fc oynanacak Fenerbah\u00e7e Opet \u2013 Igor Gorgonzola Novara kar\u015f\u0131la\u015fmalar\u0131n\u0131n koronavir\u00fcs\u00fc nedeniyle ileri bir tarihe ertelendi\u011fi belirtildi.<\/p>\n<p style=\"text-align: right;\">01.03.2020<\/p>\n\n\t\t<style type=\"text\/css\">\n\t\t\t#gallery-1 {\n\t\t\t\tmargin: auto;\n\t\t\t}\n\t\t\t#gallery-1 .gallery-item {\n\t\t\t\tfloat: left;\n\t\t\t\tmargin-top: 10px;\n\t\t\t\ttext-align: center;\n\t\t\t\twidth: 100%;\n\t\t\t}\n\t\t\t#gallery-1 img {\n\t\t\t\tborder: 2px solid #cfcfcf;\n\t\t\t}\n\t\t\t#gallery-1 .gallery-caption {\n\t\t\t\tmargin-left: 0;\n\t\t\t}\n\t\t\t\/* see gallery_shortcode() in wp-includes\/media.php *\/\n\t\t<\/style>\n\t\t<div data-carousel-extra='{&quot;blog_id&quot;:1,&quot;permalink&quot;:&quot;https:\/\/sarimelekler.biz\/?p=13181&quot;}' id='gallery-1' class='gallery galleryid-13181 gallery-columns-1 gallery-size-large'><dl class='gallery-item'>\n\t\t\t<dt class='gallery-icon portrait'>\n\t\t\t\t<a href='https:\/\/sarimelekler.biz\/?attachment_id=13182'><img loading=\"lazy\" decoding=\"async\" width=\"763\" height=\"835\" src=\"https:\/\/sarimelekler.biz\/wp-content\/uploads\/2020\/03\/Cev-1.jpg\" class=\"attachment-large size-large\" alt=\"\" srcset=\"https:\/\/sarimelekler.biz\/wp-content\/uploads\/2020\/03\/Cev-1.jpg 763w, https:\/\/sarimelekler.biz\/wp-content\/uploads\/2020\/03\/Cev-1-274x300.jpg 274w, https:\/\/sarimelekler.biz\/wp-content\/uploads\/2020\/03\/Cev-1-137x150.jpg 137w\" sizes=\"auto, (max-width: 763px) 100vw, 763px\" data-attachment-id=\"13182\" data-permalink=\"https:\/\/sarimelekler.biz\/?attachment_id=13182\" data-orig-file=\"https:\/\/sarimelekler.biz\/wp-content\/uploads\/2020\/03\/Cev-1.jpg\" data-orig-size=\"763,835\" data-comments-opened=\"0\" data-image-meta=\"{&quot;aperture&quot;:&quot;0&quot;,&quot;credit&quot;:&quot;&quot;,&quot;camera&quot;:&quot;&quot;,&quot;caption&quot;:&quot;&quot;,&quot;created_timestamp&quot;:&quot;0&quot;,&quot;copyright&quot;:&quot;&quot;,&quot;focal_length&quot;:&quot;0&quot;,&quot;iso&quot;:&quot;0&quot;,&quot;shutter_speed&quot;:&quot;0&quot;,&quot;title&quot;:&quot;&quot;,&quot;orientation&quot;:&quot;0&quot;}\" data-image-title=\"Cev 1\" data-image-description=\"\" data-image-caption=\"\" data-large-file=\"https:\/\/sarimelekler.biz\/wp-content\/uploads\/2020\/03\/Cev-1.jpg\" \/><\/a>\n\t\t\t<\/dt><\/dl><br style=\"clear: both\" \/><dl class='gallery-item'>\n\t\t\t<dt class='gallery-icon landscape'>\n\t\t\t\t<a href='https:\/\/sarimelekler.biz\/?attachment_id=13183'><img loading=\"lazy\" decoding=\"async\" width=\"798\" height=\"727\" src=\"https:\/\/sarimelekler.biz\/wp-content\/uploads\/2020\/03\/Cev-2.jpg\" class=\"attachment-large size-large\" alt=\"\" srcset=\"https:\/\/sarimelekler.biz\/wp-content\/uploads\/2020\/03\/Cev-2.jpg 798w, https:\/\/sarimelekler.biz\/wp-content\/uploads\/2020\/03\/Cev-2-300x273.jpg 300w, https:\/\/sarimelekler.biz\/wp-content\/uploads\/2020\/03\/Cev-2-768x700.jpg 768w, https:\/\/sarimelekler.biz\/wp-content\/uploads\/2020\/03\/Cev-2-150x137.jpg 150w\" sizes=\"auto, (max-width: 798px) 100vw, 798px\" data-attachment-id=\"13183\" data-permalink=\"https:\/\/sarimelekler.biz\/?attachment_id=13183\" data-orig-file=\"https:\/\/sarimelekler.biz\/wp-content\/uploads\/2020\/03\/Cev-2.jpg\" data-orig-size=\"798,727\" data-comments-opened=\"0\" data-image-meta=\"{&quot;aperture&quot;:&quot;0&quot;,&quot;credit&quot;:&quot;&quot;,&quot;camera&quot;:&quot;&quot;,&quot;caption&quot;:&quot;&quot;,&quot;created_timestamp&quot;:&quot;0&quot;,&quot;copyright&quot;:&quot;&quot;,&quot;focal_length&quot;:&quot;0&quot;,&quot;iso&quot;:&quot;0&quot;,&quot;shutter_speed&quot;:&quot;0&quot;,&quot;title&quot;:&quot;&quot;,&quot;orientation&quot;:&quot;0&quot;}\" data-image-title=\"Cev 2\" data-image-description=\"\" data-image-caption=\"\" data-large-file=\"https:\/\/sarimelekler.biz\/wp-content\/uploads\/2020\/03\/Cev-2.jpg\" \/><\/a>\n\t\t\t<\/dt><\/dl><br style=\"clear: both\" \/><dl class='gallery-item'>\n\t\t\t<dt class='gallery-icon portrait'>\n\t\t\t\t<a href='https:\/\/sarimelekler.biz\/?attachment_id=13184'><img loading=\"lazy\" decoding=\"async\" width=\"860\" height=\"992\" src=\"https:\/\/sarimelekler.biz\/wp-content\/uploads\/2020\/03\/Bakanl\u0131k-A\u00e7\u0131klama-1-888x1024.jpg\" class=\"attachment-large size-large\" alt=\"\" srcset=\"https:\/\/sarimelekler.biz\/wp-content\/uploads\/2020\/03\/Bakanl\u0131k-A\u00e7\u0131klama-1-888x1024.jpg 888w, https:\/\/sarimelekler.biz\/wp-content\/uploads\/2020\/03\/Bakanl\u0131k-A\u00e7\u0131klama-1-260x300.jpg 260w, https:\/\/sarimelekler.biz\/wp-content\/uploads\/2020\/03\/Bakanl\u0131k-A\u00e7\u0131klama-1-768x885.jpg 768w, https:\/\/sarimelekler.biz\/wp-content\/uploads\/2020\/03\/Bakanl\u0131k-A\u00e7\u0131klama-1-1332x1536.jpg 1332w, https:\/\/sarimelekler.biz\/wp-content\/uploads\/2020\/03\/Bakanl\u0131k-A\u00e7\u0131klama-1-130x150.jpg 130w, https:\/\/sarimelekler.biz\/wp-content\/uploads\/2020\/03\/Bakanl\u0131k-A\u00e7\u0131klama-1.jpg 1388w\" sizes=\"auto, (max-width: 860px) 100vw, 860px\" data-attachment-id=\"13184\" data-permalink=\"https:\/\/sarimelekler.biz\/?attachment_id=13184\" data-orig-file=\"https:\/\/sarimelekler.biz\/wp-content\/uploads\/2020\/03\/Bakanl\u0131k-A\u00e7\u0131klama-1.jpg\" data-orig-size=\"1388,1600\" data-comments-opened=\"0\" data-image-meta=\"{&quot;aperture&quot;:&quot;0&quot;,&quot;credit&quot;:&quot;&quot;,&quot;camera&quot;:&quot;&quot;,&quot;caption&quot;:&quot;&quot;,&quot;created_timestamp&quot;:&quot;0&quot;,&quot;copyright&quot;:&quot;&quot;,&quot;focal_length&quot;:&quot;0&quot;,&quot;iso&quot;:&quot;0&quot;,&quot;shutter_speed&quot;:&quot;0&quot;,&quot;title&quot;:&quot;&quot;,&quot;orientation&quot;:&quot;1&quot;}\" data-image-title=\"Bakanl\u0131k A\u00e7\u0131klama 1\" data-image-description=\"\" data-image-caption=\"\" data-large-file=\"https:\/\/sarimelekler.biz\/wp-content\/uploads\/2020\/03\/Bakanl\u0131k-A\u00e7\u0131klama-1-888x1024.jpg\" \/><\/a>\n\t\t\t<\/dt><\/dl><br style=\"clear: both\" \/><dl class='gallery-item'>\n\t\t\t<dt class='gallery-icon landscape'>\n\t\t\t\t<a href='https:\/\/sarimelekler.biz\/?attachment_id=13185'><img loading=\"lazy\" decoding=\"async\" width=\"860\" height=\"673\" src=\"https:\/\/sarimelekler.biz\/wp-content\/uploads\/2020\/03\/Bakanl\u0131k-A\u00e7\u0131klama-2-1024x801.jpg\" class=\"attachment-large size-large\" alt=\"\" srcset=\"https:\/\/sarimelekler.biz\/wp-content\/uploads\/2020\/03\/Bakanl\u0131k-A\u00e7\u0131klama-2-1024x801.jpg 1024w, https:\/\/sarimelekler.biz\/wp-content\/uploads\/2020\/03\/Bakanl\u0131k-A\u00e7\u0131klama-2-300x235.jpg 300w, https:\/\/sarimelekler.biz\/wp-content\/uploads\/2020\/03\/Bakanl\u0131k-A\u00e7\u0131klama-2-768x601.jpg 768w, https:\/\/sarimelekler.biz\/wp-content\/uploads\/2020\/03\/Bakanl\u0131k-A\u00e7\u0131klama-2-1536x1202.jpg 1536w, https:\/\/sarimelekler.biz\/wp-content\/uploads\/2020\/03\/Bakanl\u0131k-A\u00e7\u0131klama-2-150x117.jpg 150w, https:\/\/sarimelekler.biz\/wp-content\/uploads\/2020\/03\/Bakanl\u0131k-A\u00e7\u0131klama-2.jpg 1600w\" sizes=\"auto, (max-width: 860px) 100vw, 860px\" data-attachment-id=\"13185\" data-permalink=\"https:\/\/sarimelekler.biz\/?attachment_id=13185\" data-orig-file=\"https:\/\/sarimelekler.biz\/wp-content\/uploads\/2020\/03\/Bakanl\u0131k-A\u00e7\u0131klama-2.jpg\" data-orig-size=\"1600,1252\" data-comments-opened=\"0\" data-image-meta=\"{&quot;aperture&quot;:&quot;0&quot;,&quot;credit&quot;:&quot;&quot;,&quot;camera&quot;:&quot;&quot;,&quot;caption&quot;:&quot;&quot;,&quot;created_timestamp&quot;:&quot;0&quot;,&quot;copyright&quot;:&quot;&quot;,&quot;focal_length&quot;:&quot;0&quot;,&quot;iso&quot;:&quot;0&quot;,&quot;shutter_speed&quot;:&quot;0&quot;,&quot;title&quot;:&quot;&quot;,&quot;orientation&quot;:&quot;1&quot;}\" data-image-title=\"Bakanl\u0131k A\u00e7\u0131klama 2\" data-image-description=\"\" data-image-caption=\"\" data-large-file=\"https:\/\/sarimelekler.biz\/wp-content\/uploads\/2020\/03\/Bakanl\u0131k-A\u00e7\u0131klama-2-1024x801.jpg\" \/><\/a>\n\t\t\t<\/dt><\/dl><br style=\"clear: both\" \/>\n\t\t<\/div>\n\n","protected":false},"excerpt":{"rendered":"<p>Fenerbah\u00e7e Opet Kad\u0131n Voleybol Tak\u0131m\u0131m\u0131z Cev \u015eampiyonlar Ligi A grubunda \u2026 <a class=\"continue-reading-link\" href=\"https:\/\/sarimelekler.biz\/?p=13181\">Okumaya Devam Et.. <span class=\"meta-nav\">&rarr; <\/span><\/a><\/p>\n","protected":false},"author":1,"featured_media":4944,"comment_status":"closed","ping_status":"open","sticky":false,"template":"","format":"standard","meta":{"jetpack_post_was_ever_published":false,"_jetpack_newsletter_access":"","_jetpack_dont_email_post_to_subs":false,"_jetpack_newsletter_tier_id":0,"_jetpack_memberships_contains_paywalled_content":false,"_jetpack_memberships_contains_paid_content":false,"footnotes":"","jetpack_publicize_message":"","jetpack_publicize_feature_enabled":true,"jetpack_social_post_already_shared":true,"jetpack_social_options":{"image_generator_settings":{"template":"highway","default_image_id":0,"font":"","enabled":false},"version":2}},"categories":[1],"tags":[],"class_list":["post-13181","post","type-post","status-publish","format-standard","has-post-thumbnail","hentry","category-avp"],"jetpack_publicize_connections":[],"jetpack_featured_media_url":"https:\/\/sarimelekler.biz\/wp-content\/uploads\/2017\/11\/cev538_58025_6676227.jpg","jetpack_sharing_enabled":true,"jetpack_shortlink":"https:\/\/wp.me\/p8npUZ-3qB","jetpack-related-posts":[{"id":13232,"url":"https:\/\/sarimelekler.biz\/?p=13232","url_meta":{"origin":13181,"position":0},"title":"Sar\u0131 Meleklerin Ertelenen \u015eampiyonlar Ligi Ma\u00e7lar\u0131 Slovenya&#8217;da Oynanacak.","author":"Edit\u00f6r","date":"7 Mart 2020","format":false,"excerpt":"D\u00fcnya genelini saran ve \u0130talya\u2019da da g\u00f6r\u00fclmeye ba\u015flayan Koronavir\u00fcs salg\u0131n\u0131 nedeniyle kul\u00fcb\u00fcm\u00fcz ve yine \u0130talyan temsilcisi Savino Del Bene Scandicci ile e\u015fle\u015fen Eczac\u0131ba\u015f\u0131 Vitra kul\u00fcb\u00fc ma\u00e7lar\u0131n ertelenmesi i\u00e7in CEV\u2019e ba\u015fvurmu\u015ftu. CEV 01.03.2020 tarihinde yapt\u0131\u011f\u0131 a\u00e7\u0131klamada bu ma\u00e7lar\u0131n ertelendi\u011fini bildirmi\u015fti. Kul\u00fcb\u00fcm\u00fcz\u00fcn resmi internet sitesinden yap\u0131lan a\u00e7\u0131klamada CEV\u2019in ertelenen ma\u00e7lar\u0131 18-19 Mart\u2026","rel":"","context":"&quot;Avrupa Kupalar\u0131&quot; i\u00e7inde","block_context":{"text":"Avrupa Kupalar\u0131","link":"https:\/\/sarimelekler.biz\/?cat=1"},"img":{"alt_text":"","src":"https:\/\/i0.wp.com\/sarimelekler.biz\/wp-content\/uploads\/2019\/12\/03-19-20-CL-6.jpg?resize=350%2C200&ssl=1","width":350,"height":200,"srcset":"https:\/\/i0.wp.com\/sarimelekler.biz\/wp-content\/uploads\/2019\/12\/03-19-20-CL-6.jpg?resize=350%2C200&ssl=1 1x, https:\/\/i0.wp.com\/sarimelekler.biz\/wp-content\/uploads\/2019\/12\/03-19-20-CL-6.jpg?resize=525%2C300&ssl=1 1.5x, https:\/\/i0.wp.com\/sarimelekler.biz\/wp-content\/uploads\/2019\/12\/03-19-20-CL-6.jpg?resize=700%2C400&ssl=1 2x, https:\/\/i0.wp.com\/sarimelekler.biz\/wp-content\/uploads\/2019\/12\/03-19-20-CL-6.jpg?resize=1050%2C600&ssl=1 3x, https:\/\/i0.wp.com\/sarimelekler.biz\/wp-content\/uploads\/2019\/12\/03-19-20-CL-6.jpg?resize=1400%2C800&ssl=1 4x"},"classes":[]},{"id":13088,"url":"https:\/\/sarimelekler.biz\/?p=13088","url_meta":{"origin":13181,"position":1},"title":"Sar\u0131 Meleklerin \u015eampiyonlar Ligi \u00e7eyrek finalindeki rakibi \u0130talyan ekibi Igor Gorgonzola Novara oldu.","author":"Edit\u00f6r","date":"20 \u015eubat 2020","format":false,"excerpt":"Avrupa voleybolunun kul\u00fcpler d\u00fczeyindeki en \u00f6nemli organizasyonu olan CEV \u015eampiyonlar Ligi\u2019nde \u00e7eyrek final e\u015fle\u015fmelerinin kura \u00e7ekimi L\u00fcksemburg\u2019ta yap\u0131ld\u0131. Avrupa Voleybol Konfederasyonu (CEV)\u2019nun genel merkezinde ger\u00e7ekle\u015ftirilen kura \u00e7ekiminin ard\u0131ndan Fenerbah\u00e7e Opet Kad\u0131n Voleybol Tak\u0131m\u0131m\u0131z\u0131n \u00e7eyrek final turundaki rakibi \u0130talyan ekibi Igor Gorgonzola Novara oldu. 2020 CEV \u015eampiyonlar Ligi\u2019nde \u00e7eyrek final ilk\u2026","rel":"","context":"&quot;Avrupa Kupalar\u0131&quot; i\u00e7inde","block_context":{"text":"Avrupa Kupalar\u0131","link":"https:\/\/sarimelekler.biz\/?cat=1"},"img":{"alt_text":"","src":"https:\/\/i0.wp.com\/sarimelekler.biz\/wp-content\/uploads\/2017\/11\/cev538_58025_6676227.jpg?resize=350%2C200&ssl=1","width":350,"height":200,"srcset":"https:\/\/i0.wp.com\/sarimelekler.biz\/wp-content\/uploads\/2017\/11\/cev538_58025_6676227.jpg?resize=350%2C200&ssl=1 1x, https:\/\/i0.wp.com\/sarimelekler.biz\/wp-content\/uploads\/2017\/11\/cev538_58025_6676227.jpg?resize=525%2C300&ssl=1 1.5x"},"classes":[]},{"id":12231,"url":"https:\/\/sarimelekler.biz\/?p=12231","url_meta":{"origin":13181,"position":2},"title":"Sar\u0131 Meleklerin CEV \u015eampiyonlar Ligi\u2019ndeki Rakipleri Belli Oldu.","author":"Edit\u00f6r","date":"25 Ekim 2019","format":false,"excerpt":"CEV Kad\u0131nlar ve Erkekler \u015eampiyonlar Ligi kura \u00e7ekimi, Bulgaristan\u2019\u0131n ba\u015fkenti Sofya\u2019da d\u00fczenlenen Avrupa Voleybol Galas\u0131\u2019nda ger\u00e7ekle\u015ftirildi. Fenerbah\u00e7e Opet Kad\u0131n Voleybol Tak\u0131m\u0131m\u0131z, A Grubu\u2019nda Eczac\u0131ba\u015f\u0131 Vitra, Budowlani Lodz (Polonya) ve Salo (Finalndiya) ile e\u015fle\u015fti. Fenerbah\u00e7e HDI Sigorta Erkek Voleybol Tak\u0131m\u0131m\u0131z ise, A Grubu\u2019nda Cucine Lube Civitanova (\u0130talya), Jihostroj Ceske Budejovice (\u00c7ekya),\u2026","rel":"","context":"&quot;Avrupa Kupalar\u0131&quot; i\u00e7inde","block_context":{"text":"Avrupa Kupalar\u0131","link":"https:\/\/sarimelekler.biz\/?cat=1"},"img":{"alt_text":"","src":"https:\/\/i0.wp.com\/sarimelekler.biz\/wp-content\/uploads\/2017\/02\/2011-2012-%C5%9Famp.jpg?resize=350%2C200&ssl=1","width":350,"height":200},"classes":[]},{"id":17327,"url":"https:\/\/sarimelekler.biz\/?p=17327","url_meta":{"origin":13181,"position":3},"title":"Sar\u0131 Meleklerin \u015eampiyonlar Ligi \u00c7eyrek Finaldeki Rakibi Rusya Temsilcisi Lokomotiv Kaliningrad Region Oldu","author":"Edit\u00f6r","date":"18 \u015eubat 2022","format":false,"excerpt":"Avrupa Voleybol Konfederasyonu (CEV)\u2019nun kul\u00fcpler d\u00fczeyindeki en prestijli organizasyonu \u015eampiyonlar Ligi\u2019nde m\u00fccadele eden Fenerbah\u00e7e Opet Kad\u0131n Voleybol Tak\u0131m\u0131m\u0131z\u0131n CEV Kad\u0131nlar \u015eampiyonlar Ligi \u00e7eyrek finaldeki rakibi belli oldu. L\u00fcksemburg\u2019ta bulunan CEV Genel Merkezi\u2019nde d\u00fczenlenen kura \u00e7ekimi sonunda rakibimiz A grubunu 4 galibiyet, 2 ma\u011flubiyetle ikinci s\u0131rada tamamlayan Rusya temsilcisi Lokomotiv Kaliningrad\u2026","rel":"","context":"&quot;Avrupa Kupalar\u0131&quot; i\u00e7inde","block_context":{"text":"Avrupa Kupalar\u0131","link":"https:\/\/sarimelekler.biz\/?cat=1"},"img":{"alt_text":"","src":"https:\/\/i0.wp.com\/sarimelekler.biz\/wp-content\/uploads\/2022\/02\/cev-2022-logo.jpg?resize=350%2C200&ssl=1","width":350,"height":200,"srcset":"https:\/\/i0.wp.com\/sarimelekler.biz\/wp-content\/uploads\/2022\/02\/cev-2022-logo.jpg?resize=350%2C200&ssl=1 1x, https:\/\/i0.wp.com\/sarimelekler.biz\/wp-content\/uploads\/2022\/02\/cev-2022-logo.jpg?resize=525%2C300&ssl=1 1.5x, https:\/\/i0.wp.com\/sarimelekler.biz\/wp-content\/uploads\/2022\/02\/cev-2022-logo.jpg?resize=700%2C400&ssl=1 2x, https:\/\/i0.wp.com\/sarimelekler.biz\/wp-content\/uploads\/2022\/02\/cev-2022-logo.jpg?resize=1050%2C600&ssl=1 3x"},"classes":[]},{"id":14258,"url":"https:\/\/sarimelekler.biz\/?p=14258","url_meta":{"origin":13181,"position":4},"title":"\u015eampiyonlar Ligi\u2019nde Format De\u011fi\u015fti","author":"Edit\u00f6r","date":"1 Kas\u0131m 2020","format":false,"excerpt":"Avrupa Voleybol Konfederasyonu (CEV), t\u00fcm D\u00fcnyay\u0131 etkisi alt\u0131na alan Koronavir\u00fcs (COVID-19) salg\u0131n\u0131 ve artan vaka say\u0131lar\u0131 kar\u015f\u0131s\u0131nda CEV \u015eampiyonlar Ligi\u2019nde oynanmas\u0131 planlanan, Kad\u0131n ve Erkek tak\u0131mlar\u0131m\u0131z\u0131n yer ald\u0131\u011f\u0131 4. tur grup ma\u00e7lar\u0131nda format de\u011fi\u015fikli\u011fine gidildi\u011fini a\u00e7\u0131klad\u0131. CEV taraf\u0131ndan yap\u0131lan a\u00e7\u0131klamaya g\u00f6re 2021 CEV Kad\u0131nlar ve Erkekler \u015eampiyonlar Ligi\u2019nde m\u00fccadelede edecek\u2026","rel":"","context":"&quot;Avrupa Kupalar\u0131&quot; i\u00e7inde","block_context":{"text":"Avrupa Kupalar\u0131","link":"https:\/\/sarimelekler.biz\/?cat=1"},"img":{"alt_text":"","src":"https:\/\/i0.wp.com\/sarimelekler.biz\/wp-content\/uploads\/2020\/11\/Cev-CL-Logo.jpg?resize=350%2C200&ssl=1","width":350,"height":200,"srcset":"https:\/\/i0.wp.com\/sarimelekler.biz\/wp-content\/uploads\/2020\/11\/Cev-CL-Logo.jpg?resize=350%2C200&ssl=1 1x, https:\/\/i0.wp.com\/sarimelekler.biz\/wp-content\/uploads\/2020\/11\/Cev-CL-Logo.jpg?resize=525%2C300&ssl=1 1.5x, https:\/\/i0.wp.com\/sarimelekler.biz\/wp-content\/uploads\/2020\/11\/Cev-CL-Logo.jpg?resize=700%2C400&ssl=1 2x, https:\/\/i0.wp.com\/sarimelekler.biz\/wp-content\/uploads\/2020\/11\/Cev-CL-Logo.jpg?resize=1050%2C600&ssl=1 3x"},"classes":[]},{"id":15254,"url":"https:\/\/sarimelekler.biz\/?p=15254","url_meta":{"origin":13181,"position":5},"title":"Fenerbah\u00e7e Opet\u2019in \u015eampiyonlar Ligi \u00c7eyrek Finaldeki Rakibi  Igor Gorgonzola Novara Oldu.","author":"Edit\u00f6r","date":"12 \u015eubat 2021","format":false,"excerpt":"Fenerbah\u00e7e Opet Kad\u0131n Voleybol Tak\u0131m\u0131m\u0131z\u0131n CEV Kad\u0131nlar \u015eampiyonlar Ligi \u00e7eyrek finaldeki rakibi belli oldu. CEV Kad\u0131nlar \u015eampiyonlar Ligi\u2019nde B Grubu\u2019nu ikinci s\u0131rada bitiren Sar\u0131 Melekler,\u00a0 E Grubu\u2019nu lider tamamlayan \u0130talyan ekibi Igor Gorgonzola Novara ile e\u015fle\u015fti. \u0130ki ma\u00e7 \u00fczerinden oynanacak seride rakibine \u00fcst\u00fcnl\u00fck kuran tak\u0131m ad\u0131n\u0131 yar\u0131 finale yazd\u0131racak. Igor\u2026","rel":"","context":"&quot;Avrupa Kupalar\u0131&quot; i\u00e7inde","block_context":{"text":"Avrupa Kupalar\u0131","link":"https:\/\/sarimelekler.biz\/?cat=1"},"img":{"alt_text":"","src":"https:\/\/i0.wp.com\/sarimelekler.biz\/wp-content\/uploads\/2021\/01\/04-20-21-CL-1.jpg?resize=350%2C200&ssl=1","width":350,"height":200,"srcset":"https:\/\/i0.wp.com\/sarimelekler.biz\/wp-content\/uploads\/2021\/01\/04-20-21-CL-1.jpg?resize=350%2C200&ssl=1 1x, https:\/\/i0.wp.com\/sarimelekler.biz\/wp-content\/uploads\/2021\/01\/04-20-21-CL-1.jpg?resize=525%2C300&ssl=1 1.5x, https:\/\/i0.wp.com\/sarimelekler.biz\/wp-content\/uploads\/2021\/01\/04-20-21-CL-1.jpg?resize=700%2C400&ssl=1 2x, https:\/\/i0.wp.com\/sarimelekler.biz\/wp-content\/uploads\/2021\/01\/04-20-21-CL-1.jpg?resize=1050%2C600&ssl=1 3x, https:\/\/i0.wp.com\/sarimelekler.biz\/wp-content\/uploads\/2021\/01\/04-20-21-CL-1.jpg?resize=1400%2C800&ssl=1 4x"},"classes":[]}],"_links":{"self":[{"href":"https:\/\/sarimelekler.biz\/index.php?rest_route=\/wp\/v2\/posts\/13181","targetHints":{"allow":["GET"]}}],"collection":[{"href":"https:\/\/sarimelekler.biz\/index.php?rest_route=\/wp\/v2\/posts"}],"about":[{"href":"https:\/\/sarimelekler.biz\/index.php?rest_route=\/wp\/v2\/types\/post"}],"author":[{"embeddable":true,"href":"https:\/\/sarimelekler.biz\/index.php?rest_route=\/wp\/v2\/users\/1"}],"replies":[{"embeddable":true,"href":"https:\/\/sarimelekler.biz\/index.php?rest_route=%2Fwp%2Fv2%2Fcomments&post=13181"}],"version-history":[{"count":2,"href":"https:\/\/sarimelekler.biz\/index.php?rest_route=\/wp\/v2\/posts\/13181\/revisions"}],"predecessor-version":[{"id":13187,"href":"https:\/\/sarimelekler.biz\/index.php?rest_route=\/wp\/v2\/posts\/13181\/revisions\/13187"}],"wp:featuredmedia":[{"embeddable":true,"href":"https:\/\/sarimelekler.biz\/index.php?rest_route=\/wp\/v2\/media\/4944"}],"wp:attachment":[{"href":"https:\/\/sarimelekler.biz\/index.php?rest_route=%2Fwp%2Fv2%2Fmedia&parent=13181"}],"wp:term":[{"taxonomy":"category","embeddable":true,"href":"https:\/\/sarimelekler.biz\/index.php?rest_route=%2Fwp%2Fv2%2Fcategories&post=13181"},{"taxonomy":"post_tag","embeddable":true,"href":"https:\/\/sarimelekler.biz\/index.php?rest_route=%2Fwp%2Fv2%2Ftags&post=13181"}],"curies":[{"name":"wp","href":"https:\/\/api.w.org\/{rel}","templated":true}]}}