{"id":13221,"date":"2020-03-04T23:58:00","date_gmt":"2020-03-04T20:58:00","guid":{"rendered":"http:\/\/sarimelekler.biz\/?p=13221"},"modified":"2020-03-05T00:02:02","modified_gmt":"2020-03-04T21:02:02","slug":"genc-sari-meleklerimiz-1-lig-yolunda-elemelere-galibiyetle-basladi-eregli-genclik-merkezi0-fenerbahce3","status":"publish","type":"post","link":"https:\/\/sarimelekler.biz\/?p=13221","title":{"rendered":"Gen\u00e7 Sar\u0131 Meleklerimiz 1. Lig Yolunda Elemelere Galibiyetle Ba\u015flad\u0131. Ere\u011fli Gen\u00e7lik Merkezi:0 &#8211; Fenerbah\u00e7e:3"},"content":{"rendered":"<p style=\"text-align: justify;\">Kul\u00fcb\u00fcm\u00fcz, Kad\u0131n Voleybol altyap\u0131s\u0131ndan A Tak\u0131ma oyuncu yeti\u015ftirmek amac\u0131yla bu sezon Y\u0131ld\u0131z K\u0131z ve Gen\u00e7 K\u0131z Voleybol Tak\u0131mlar\u0131m\u0131zda g\u00f6rev yapan voleybolcular\u0131m\u0131zdan olu\u015fan 2. Lig Tak\u0131m\u0131 kurdu\u011funu duyurmu\u015ftu. 2. lig A grubunda yer alan Fenerbah\u00e7e B tak\u0131m\u0131m\u0131z normal sezonu 2. bitirerek Denizli\u2019de yap\u0131lacak olan 1. lige y\u00fckselme ma\u00e7lar\u0131na kat\u0131lmaya hak kazanm\u0131\u015ft\u0131.<\/p>\n<p style=\"text-align: justify;\">2.lig normal sezonunda toplam 8 grubun ilk iki s\u0131ras\u0131nda yer alan tak\u0131mlar 4 erli 4 gruptan olu\u015fan Yar\u0131 Final elemeleri i\u00e7in Denizli\u2019ye gitti ve grup ma\u00e7lar\u0131 bug\u00fcn (04.03.2020) ba\u015flad\u0131. Tak\u0131m\u0131m\u0131z Ere\u011fli Gen\u00e7lik Merkezi &#8211; Numune Gen\u00e7lik ve Van B\u015eB. Gen\u00e7lik Spor tak\u0131mlar\u0131 ile D grubunda yer ald\u0131.<\/p>\n<p style=\"text-align: justify;\">Gen\u00e7 Sar\u0131 Melekler ilk ma\u00e7\u0131nda kar\u015f\u0131la\u015ft\u0131klar\u0131 Ere\u011fli Gen\u00e7lik Merkezi tak\u0131m\u0131n\u0131 11-25, 16-25 ve 11-25\u2019lik set skorlar\u0131yla 3-0 yenerek turnuvaya galibiyetle ba\u015flad\u0131. \u00a0Tak\u0131m\u0131m\u0131z turnuvan\u0131n ikinci ma\u00e7\u0131nda 05.03.2020 g\u00fcn\u00fc saat: 18:30\u2019da Numune Gen\u00e7lik tak\u0131m\u0131 ile kar\u015f\u0131la\u015facak. Vakti olan Denizli ve \u00e7evresinde oturan taraftarlar\u0131m\u0131z\u0131 Denizli Hasan G\u00fcng\u00f6r Spor Salonuna gen\u00e7 oyuncular\u0131m\u0131z\u0131 1. lig yolunda desteklemeye davet ediyoruz.<\/p>\n\n\t\t<style type=\"text\/css\">\n\t\t\t#gallery-1 {\n\t\t\t\tmargin: auto;\n\t\t\t}\n\t\t\t#gallery-1 .gallery-item {\n\t\t\t\tfloat: left;\n\t\t\t\tmargin-top: 10px;\n\t\t\t\ttext-align: center;\n\t\t\t\twidth: 100%;\n\t\t\t}\n\t\t\t#gallery-1 img {\n\t\t\t\tborder: 2px solid #cfcfcf;\n\t\t\t}\n\t\t\t#gallery-1 .gallery-caption {\n\t\t\t\tmargin-left: 0;\n\t\t\t}\n\t\t\t\/* see gallery_shortcode() in wp-includes\/media.php *\/\n\t\t<\/style>\n\t\t<div data-carousel-extra='{&quot;blog_id&quot;:1,&quot;permalink&quot;:&quot;https:\/\/sarimelekler.biz\/?p=13221&quot;}' id='gallery-1' class='gallery galleryid-13221 gallery-columns-1 gallery-size-large'><dl class='gallery-item'>\n\t\t\t<dt class='gallery-icon landscape'>\n\t\t\t\t<a href='https:\/\/sarimelekler.biz\/?attachment_id=13222'><img loading=\"lazy\" decoding=\"async\" width=\"860\" height=\"590\" src=\"https:\/\/sarimelekler.biz\/wp-content\/uploads\/2020\/03\/Fenerbah\u00e7e-B-04.03.jpeg\" class=\"attachment-large size-large\" alt=\"\" srcset=\"https:\/\/sarimelekler.biz\/wp-content\/uploads\/2020\/03\/Fenerbah\u00e7e-B-04.03.jpeg 913w, https:\/\/sarimelekler.biz\/wp-content\/uploads\/2020\/03\/Fenerbah\u00e7e-B-04.03-300x206.jpeg 300w, https:\/\/sarimelekler.biz\/wp-content\/uploads\/2020\/03\/Fenerbah\u00e7e-B-04.03-768x527.jpeg 768w, https:\/\/sarimelekler.biz\/wp-content\/uploads\/2020\/03\/Fenerbah\u00e7e-B-04.03-150x103.jpeg 150w\" sizes=\"auto, (max-width: 860px) 100vw, 860px\" data-attachment-id=\"13222\" data-permalink=\"https:\/\/sarimelekler.biz\/?attachment_id=13222\" data-orig-file=\"https:\/\/sarimelekler.biz\/wp-content\/uploads\/2020\/03\/Fenerbah\u00e7e-B-04.03.jpeg\" data-orig-size=\"913,626\" data-comments-opened=\"0\" data-image-meta=\"{&quot;aperture&quot;:&quot;0&quot;,&quot;credit&quot;:&quot;&quot;,&quot;camera&quot;:&quot;&quot;,&quot;caption&quot;:&quot;&quot;,&quot;created_timestamp&quot;:&quot;0&quot;,&quot;copyright&quot;:&quot;&quot;,&quot;focal_length&quot;:&quot;0&quot;,&quot;iso&quot;:&quot;0&quot;,&quot;shutter_speed&quot;:&quot;0&quot;,&quot;title&quot;:&quot;&quot;,&quot;orientation&quot;:&quot;0&quot;}\" data-image-title=\"Fenerbah\u00e7e B 04.03\" data-image-description=\"\" data-image-caption=\"\" data-large-file=\"https:\/\/sarimelekler.biz\/wp-content\/uploads\/2020\/03\/Fenerbah\u00e7e-B-04.03.jpeg\" \/><\/a>\n\t\t\t<\/dt><\/dl><br style=\"clear: both\" \/>\n\t\t<\/div>\n\n","protected":false},"excerpt":{"rendered":"<p>Kul\u00fcb\u00fcm\u00fcz, Kad\u0131n Voleybol altyap\u0131s\u0131ndan A Tak\u0131ma oyuncu yeti\u015ftirmek amac\u0131yla bu \u2026 <a class=\"continue-reading-link\" href=\"https:\/\/sarimelekler.biz\/?p=13221\">Okumaya Devam Et.. <span class=\"meta-nav\">&rarr; <\/span><\/a><\/p>\n","protected":false},"author":1,"featured_media":13222,"comment_status":"closed","ping_status":"open","sticky":false,"template":"","format":"standard","meta":{"jetpack_post_was_ever_published":false,"_jetpack_newsletter_access":"","_jetpack_dont_email_post_to_subs":false,"_jetpack_newsletter_tier_id":0,"_jetpack_memberships_contains_paywalled_content":false,"_jetpack_memberships_contains_paid_content":false,"footnotes":"","jetpack_publicize_message":"","jetpack_publicize_feature_enabled":true,"jetpack_social_post_already_shared":true,"jetpack_social_options":{"image_generator_settings":{"template":"highway","default_image_id":0,"font":"","enabled":false},"version":2}},"categories":[24],"tags":[],"class_list":["post-13221","post","type-post","status-publish","format-standard","has-post-thumbnail","hentry","category-fenerbahce-genc-takimlari"],"jetpack_publicize_connections":[],"jetpack_featured_media_url":"https:\/\/sarimelekler.biz\/wp-content\/uploads\/2020\/03\/Fenerbah\u00e7e-B-04.03.jpeg","jetpack_sharing_enabled":true,"jetpack_shortlink":"https:\/\/wp.me\/p8npUZ-3rf","jetpack-related-posts":[{"id":13224,"url":"https:\/\/sarimelekler.biz\/?p=13224","url_meta":{"origin":13221,"position":0},"title":"Gen\u00e7 Sar\u0131 Meleklerimiz 1. Lig Yolunda Finallere Kat\u0131lmaya Hak Kazand\u0131.","author":"Edit\u00f6r","date":"7 Mart 2020","format":false,"excerpt":"Denizli'de devam eden 1. Lige y\u00fckselme ma\u00e7lar\u0131nda D grubunda 3. Ma\u00e7\u0131na \u00e7\u0131kan 2. Lig Kad\u0131n Voleybol Tak\u0131m\u0131m\u0131z kar\u015f\u0131la\u015ft\u0131\u011f\u0131 Van B\u015eB. Gen\u00e7lik Spor\u2019u 25-10, 25-15 ve 25-5\u2019lik set skorlar\u0131yla 3-0 ma\u011flup etti. Bu sonu\u00e7la 3 ma\u00e7ta iki galibiyet alan tak\u0131m\u0131m\u0131z 11-12-13 Mart\u2019ta Isparta'da oynanacak finallere gitmeye hak kazand\u0131. Gen\u00e7 oyuncular\u0131m\u0131z\u0131 tebrik\u2026","rel":"","context":"&quot;Fenerbah\u00e7e Gen\u00e7 Tak\u0131mlar\u0131&quot; i\u00e7inde","block_context":{"text":"Fenerbah\u00e7e Gen\u00e7 Tak\u0131mlar\u0131","link":"https:\/\/sarimelekler.biz\/?cat=24"},"img":{"alt_text":"","src":"https:\/\/i0.wp.com\/sarimelekler.biz\/wp-content\/uploads\/2020\/03\/Fenerbah%C3%A7e-B-Denizli-3-Kapak.jpg?resize=350%2C200&ssl=1","width":350,"height":200,"srcset":"https:\/\/i0.wp.com\/sarimelekler.biz\/wp-content\/uploads\/2020\/03\/Fenerbah%C3%A7e-B-Denizli-3-Kapak.jpg?resize=350%2C200&ssl=1 1x, https:\/\/i0.wp.com\/sarimelekler.biz\/wp-content\/uploads\/2020\/03\/Fenerbah%C3%A7e-B-Denizli-3-Kapak.jpg?resize=525%2C300&ssl=1 1.5x, https:\/\/i0.wp.com\/sarimelekler.biz\/wp-content\/uploads\/2020\/03\/Fenerbah%C3%A7e-B-Denizli-3-Kapak.jpg?resize=700%2C400&ssl=1 2x"},"classes":[]},{"id":13302,"url":"https:\/\/sarimelekler.biz\/?p=13302","url_meta":{"origin":13221,"position":1},"title":"Gen\u00e7 Sar\u0131 Meleklerimiz Set Averaj\u0131yla 1. Lige Y\u00fckselme Hakk\u0131n\u0131 Kaybetti.","author":"Edit\u00f6r","date":"13 Mart 2020","format":false,"excerpt":"Kul\u00fcb\u00fcm\u00fcz, Kad\u0131n Voleybol altyap\u0131s\u0131ndan A Tak\u0131ma oyuncu yeti\u015ftirmek amac\u0131yla bu sezon Y\u0131ld\u0131z K\u0131z ve Gen\u00e7 K\u0131z Voleybol Tak\u0131mlar\u0131m\u0131zda g\u00f6rev yapan voleybolcular\u0131m\u0131zdan olu\u015fan 2. Lig Tak\u0131m\u0131 kurdu\u011funu duyurmu\u015ftu. 2. lig A grubunda yer alan Fenerbah\u00e7e B tak\u0131m\u0131m\u0131z normal sezonu 2. bitirerek Denizli\u2019de yap\u0131lacak olan 1. lige y\u00fckselme ma\u00e7lar\u0131na kat\u0131lmaya hak kazanm\u0131\u015ft\u0131.\u2026","rel":"","context":"&quot;Fenerbah\u00e7e Gen\u00e7 Tak\u0131mlar\u0131&quot; i\u00e7inde","block_context":{"text":"Fenerbah\u00e7e Gen\u00e7 Tak\u0131mlar\u0131","link":"https:\/\/sarimelekler.biz\/?cat=24"},"img":{"alt_text":"","src":"https:\/\/i0.wp.com\/sarimelekler.biz\/wp-content\/uploads\/2020\/03\/Fenerbah%C3%A7e-B-04.03.jpeg?resize=350%2C200&ssl=1","width":350,"height":200,"srcset":"https:\/\/i0.wp.com\/sarimelekler.biz\/wp-content\/uploads\/2020\/03\/Fenerbah%C3%A7e-B-04.03.jpeg?resize=350%2C200&ssl=1 1x, https:\/\/i0.wp.com\/sarimelekler.biz\/wp-content\/uploads\/2020\/03\/Fenerbah%C3%A7e-B-04.03.jpeg?resize=525%2C300&ssl=1 1.5x, https:\/\/i0.wp.com\/sarimelekler.biz\/wp-content\/uploads\/2020\/03\/Fenerbah%C3%A7e-B-04.03.jpeg?resize=700%2C400&ssl=1 2x"},"classes":[]},{"id":13612,"url":"https:\/\/sarimelekler.biz\/?p=13612","url_meta":{"origin":13221,"position":2},"title":"Ecesu Soner 1. Lig Tak\u0131m\u0131m\u0131za Transfer Oldu.","author":"Edit\u00f6r","date":"15 Temmuz 2020","format":false,"excerpt":"Kul\u00fcb\u00fcm\u00fcz 2019 \u2013 2020 sezonu ba\u015f\u0131nda Kad\u0131n Voleybol altyap\u0131s\u0131ndan A Tak\u0131ma oyuncu yeti\u015ftirmek amac\u0131yla bu sezon Y\u0131ld\u0131z K\u0131z ve Gen\u00e7 K\u0131z Voleybol Tak\u0131mlar\u0131m\u0131zda g\u00f6rev yapan voleybolcular\u0131m\u0131zdan olu\u015fan 2. Lig Tak\u0131m\u0131 kurdu\u011funu duyurmu\u015ftu. Gen\u00e7 Sar\u0131 Meleklerimiz Finallerde set averaj\u0131na g\u00f6re S\u0131ralamada 3. s\u0131rada yer alarak tak\u0131m\u0131m\u0131z bir \u00fcst lige \u00e7\u0131kamam\u0131\u015ft\u0131. \u00dclkemizde\u2026","rel":"","context":"&quot;Fenerbah\u00e7e Gen\u00e7 Tak\u0131mlar\u0131&quot; i\u00e7inde","block_context":{"text":"Fenerbah\u00e7e Gen\u00e7 Tak\u0131mlar\u0131","link":"https:\/\/sarimelekler.biz\/?cat=24"},"img":{"alt_text":"","src":"https:\/\/i0.wp.com\/sarimelekler.biz\/wp-content\/uploads\/2020\/07\/Ecesu-Kapak.jpg?resize=350%2C200&ssl=1","width":350,"height":200,"srcset":"https:\/\/i0.wp.com\/sarimelekler.biz\/wp-content\/uploads\/2020\/07\/Ecesu-Kapak.jpg?resize=350%2C200&ssl=1 1x, https:\/\/i0.wp.com\/sarimelekler.biz\/wp-content\/uploads\/2020\/07\/Ecesu-Kapak.jpg?resize=525%2C300&ssl=1 1.5x, https:\/\/i0.wp.com\/sarimelekler.biz\/wp-content\/uploads\/2020\/07\/Ecesu-Kapak.jpg?resize=700%2C400&ssl=1 2x, https:\/\/i0.wp.com\/sarimelekler.biz\/wp-content\/uploads\/2020\/07\/Ecesu-Kapak.jpg?resize=1050%2C600&ssl=1 3x, https:\/\/i0.wp.com\/sarimelekler.biz\/wp-content\/uploads\/2020\/07\/Ecesu-Kapak.jpg?resize=1400%2C800&ssl=1 4x"},"classes":[]},{"id":13286,"url":"https:\/\/sarimelekler.biz\/?p=13286","url_meta":{"origin":13221,"position":3},"title":"Gen\u00e7 Sar\u0131 Meleklerimiz 1. Lig Yolunda Finallere Vak\u0131fbank Galibiyetiyle Ba\u015flad\u0131.  Vak\u0131fbank:1 \u2013 Fenerbah\u00e7e:3","author":"Edit\u00f6r","date":"11 Mart 2020","format":false,"excerpt":"Isparta\u2019da ba\u015flayan 1. Lige y\u00fckselme turnuvas\u0131nda ilk ma\u00e7\u0131na \u00e7\u0131kan gen\u00e7 Sar\u0131 Meleklerimiz normal sezonda iki kez 3-2\u2019lik skorlarla ma\u011flup oldu\u011fu Vak\u0131fbank tak\u0131m\u0131n\u0131 16-25, 18-25, 25-21 ve 23-25\u2019lik set skorlar\u0131yla 3-1 yenerek turnuvaya 3 puanla ba\u015flad\u0131. Tak\u0131m\u0131m\u0131z 1. grup ikinci ma\u00e7\u0131nda yar\u0131n (12\/03\/2020) saat:12:00\u2019da ilk ma\u00e7\u0131n\u0131 galibiyetle kapatan Osb Teknik Koleji\u2026","rel":"","context":"&quot;Fenerbah\u00e7e Gen\u00e7 Tak\u0131mlar\u0131&quot; i\u00e7inde","block_context":{"text":"Fenerbah\u00e7e Gen\u00e7 Tak\u0131mlar\u0131","link":"https:\/\/sarimelekler.biz\/?cat=24"},"img":{"alt_text":"","src":"https:\/\/i0.wp.com\/sarimelekler.biz\/wp-content\/uploads\/2020\/03\/B-Finaller-1.-Ma%C3%A7-6.jpg?resize=350%2C200&ssl=1","width":350,"height":200,"srcset":"https:\/\/i0.wp.com\/sarimelekler.biz\/wp-content\/uploads\/2020\/03\/B-Finaller-1.-Ma%C3%A7-6.jpg?resize=350%2C200&ssl=1 1x, https:\/\/i0.wp.com\/sarimelekler.biz\/wp-content\/uploads\/2020\/03\/B-Finaller-1.-Ma%C3%A7-6.jpg?resize=525%2C300&ssl=1 1.5x, https:\/\/i0.wp.com\/sarimelekler.biz\/wp-content\/uploads\/2020\/03\/B-Finaller-1.-Ma%C3%A7-6.jpg?resize=700%2C400&ssl=1 2x"},"classes":[]},{"id":13297,"url":"https:\/\/sarimelekler.biz\/?p=13297","url_meta":{"origin":13221,"position":4},"title":"Gen\u00e7 Sar\u0131 Meleklerimiz, 1. Lig Yolunda Son Ma\u00e7\u0131na \u00c7\u0131k\u0131yor","author":"Edit\u00f6r","date":"12 Mart 2020","format":false,"excerpt":"Isparta\u2019da ba\u015flayan 1. Lige y\u00fckselme turnuvas\u0131nda ilk ma\u00e7\u0131nda d\u00fcn Vak\u0131fbank\u2019\u0131 3-1 yenen gen\u00e7 Sar\u0131 Meleklerimiz grubunda oynad\u0131\u011f\u0131 ikinci ma\u00e7ta bug\u00fcn Osb Teknik Koleji Gen\u00e7lik Spor tak\u0131m\u0131na 28-30,\u00a0 22-25 ve 23-25\u2019lik set skorlar\u0131yla 3-0 ma\u011flup oldu. Yar\u0131n grubunda son ma\u00e7\u0131na \u00e7\u0131kacak tak\u0131m\u0131m\u0131z bu ma\u00e7tan 3 puanla galip ayr\u0131ld\u0131\u011f\u0131 takdirde ayn\u0131 puanda\u2026","rel":"","context":"&quot;Fenerbah\u00e7e Gen\u00e7 Tak\u0131mlar\u0131&quot; i\u00e7inde","block_context":{"text":"Fenerbah\u00e7e Gen\u00e7 Tak\u0131mlar\u0131","link":"https:\/\/sarimelekler.biz\/?cat=24"},"img":{"alt_text":"","src":"https:\/\/i0.wp.com\/sarimelekler.biz\/wp-content\/uploads\/2020\/02\/B-Tak%C4%B1m-2.jpg?resize=350%2C200&ssl=1","width":350,"height":200,"srcset":"https:\/\/i0.wp.com\/sarimelekler.biz\/wp-content\/uploads\/2020\/02\/B-Tak%C4%B1m-2.jpg?resize=350%2C200&ssl=1 1x, https:\/\/i0.wp.com\/sarimelekler.biz\/wp-content\/uploads\/2020\/02\/B-Tak%C4%B1m-2.jpg?resize=525%2C300&ssl=1 1.5x, https:\/\/i0.wp.com\/sarimelekler.biz\/wp-content\/uploads\/2020\/02\/B-Tak%C4%B1m-2.jpg?resize=700%2C400&ssl=1 2x, https:\/\/i0.wp.com\/sarimelekler.biz\/wp-content\/uploads\/2020\/02\/B-Tak%C4%B1m-2.jpg?resize=1050%2C600&ssl=1 3x, https:\/\/i0.wp.com\/sarimelekler.biz\/wp-content\/uploads\/2020\/02\/B-Tak%C4%B1m-2.jpg?resize=1400%2C800&ssl=1 4x"},"classes":[]},{"id":12974,"url":"https:\/\/sarimelekler.biz\/?p=12974","url_meta":{"origin":13221,"position":5},"title":"Gen\u00e7 Sar\u0131 Melekler 3-1 Galip","author":"Edit\u00f6r","date":"11 \u015eubat 2020","format":false,"excerpt":"Kul\u00fcb\u00fcm\u00fcz, Kad\u0131n Voleybol altyap\u0131s\u0131ndan A Tak\u0131ma oyuncu yeti\u015ftirmek amac\u0131yla bu sezon Y\u0131ld\u0131z K\u0131z ve Gen\u00e7 K\u0131z Voleybol Tak\u0131mlar\u0131m\u0131zda g\u00f6rev yapan voleybolcular\u0131m\u0131zdan olu\u015fan 2. Lig Tak\u0131m\u0131 kurdu\u011funu duyurmu\u015ftu. 2. ligde yer alan Fenerbah\u00e7e tak\u0131m\u0131m\u0131z bug\u00fcn FB Tv nin de canl\u0131 yay\u0131nlad\u0131\u011f\u0131 ma\u00e7ta \u0130stanbul BBSK tak\u0131m\u0131 3-1 ma\u011flup etti. Gen\u00e7 oyuncular\u0131m\u0131z bu\u2026","rel":"","context":"&quot;Fenerbah\u00e7e Gen\u00e7 Tak\u0131mlar\u0131&quot; i\u00e7inde","block_context":{"text":"Fenerbah\u00e7e Gen\u00e7 Tak\u0131mlar\u0131","link":"https:\/\/sarimelekler.biz\/?cat=24"},"img":{"alt_text":"","src":"https:\/\/i0.wp.com\/sarimelekler.biz\/wp-content\/uploads\/2020\/02\/B-Tak%C4%B1m-2.jpg?resize=350%2C200&ssl=1","width":350,"height":200,"srcset":"https:\/\/i0.wp.com\/sarimelekler.biz\/wp-content\/uploads\/2020\/02\/B-Tak%C4%B1m-2.jpg?resize=350%2C200&ssl=1 1x, https:\/\/i0.wp.com\/sarimelekler.biz\/wp-content\/uploads\/2020\/02\/B-Tak%C4%B1m-2.jpg?resize=525%2C300&ssl=1 1.5x, https:\/\/i0.wp.com\/sarimelekler.biz\/wp-content\/uploads\/2020\/02\/B-Tak%C4%B1m-2.jpg?resize=700%2C400&ssl=1 2x, https:\/\/i0.wp.com\/sarimelekler.biz\/wp-content\/uploads\/2020\/02\/B-Tak%C4%B1m-2.jpg?resize=1050%2C600&ssl=1 3x, https:\/\/i0.wp.com\/sarimelekler.biz\/wp-content\/uploads\/2020\/02\/B-Tak%C4%B1m-2.jpg?resize=1400%2C800&ssl=1 4x"},"classes":[]}],"_links":{"self":[{"href":"https:\/\/sarimelekler.biz\/index.php?rest_route=\/wp\/v2\/posts\/13221","targetHints":{"allow":["GET"]}}],"collection":[{"href":"https:\/\/sarimelekler.biz\/index.php?rest_route=\/wp\/v2\/posts"}],"about":[{"href":"https:\/\/sarimelekler.biz\/index.php?rest_route=\/wp\/v2\/types\/post"}],"author":[{"embeddable":true,"href":"https:\/\/sarimelekler.biz\/index.php?rest_route=\/wp\/v2\/users\/1"}],"replies":[{"embeddable":true,"href":"https:\/\/sarimelekler.biz\/index.php?rest_route=%2Fwp%2Fv2%2Fcomments&post=13221"}],"version-history":[{"count":1,"href":"https:\/\/sarimelekler.biz\/index.php?rest_route=\/wp\/v2\/posts\/13221\/revisions"}],"predecessor-version":[{"id":13223,"href":"https:\/\/sarimelekler.biz\/index.php?rest_route=\/wp\/v2\/posts\/13221\/revisions\/13223"}],"wp:featuredmedia":[{"embeddable":true,"href":"https:\/\/sarimelekler.biz\/index.php?rest_route=\/wp\/v2\/media\/13222"}],"wp:attachment":[{"href":"https:\/\/sarimelekler.biz\/index.php?rest_route=%2Fwp%2Fv2%2Fmedia&parent=13221"}],"wp:term":[{"taxonomy":"category","embeddable":true,"href":"https:\/\/sarimelekler.biz\/index.php?rest_route=%2Fwp%2Fv2%2Fcategories&post=13221"},{"taxonomy":"post_tag","embeddable":true,"href":"https:\/\/sarimelekler.biz\/index.php?rest_route=%2Fwp%2Fv2%2Ftags&post=13221"}],"curies":[{"name":"wp","href":"https:\/\/api.w.org\/{rel}","templated":true}]}}