{"id":13346,"date":"2020-03-19T22:20:00","date_gmt":"2020-03-19T19:20:00","guid":{"rendered":"http:\/\/sarimelekler.biz\/?p=13346"},"modified":"2020-03-20T22:22:11","modified_gmt":"2020-03-20T19:22:11","slug":"tum-voleybol-maclari-suresiz-ertelendi","status":"publish","type":"post","link":"https:\/\/sarimelekler.biz\/?p=13346","title":{"rendered":"T\u00fcm Voleybol Ma\u00e7lar\u0131 S\u00fcresiz Ertelendi."},"content":{"rendered":"<div class=\"css-1dbjc4n\">\n<div id=\"tweet-text\" class=\"css-901oao r-hkyrab r-1qd0xha r-a023e6 r-16dba41 r-ad9z0x r-bcqeeo r-bnwqim r-qvutc0\" dir=\"auto\" lang=\"tr\" style=\"text-align: justify;\"><span class=\"css-901oao css-16my406 r-1qd0xha r-ad9z0x r-bcqeeo r-qvutc0\">T\u00fcrkiye Cumhuriyeti Gen\u00e7lik ve Spor Bakan\u0131 Sn. Mehmet Muharrem Kasapo\u011flu\u2019nun ev sahipli\u011finde 19.03.2020 g\u00fcn\u00fc Ankara\u2019da yap\u0131lan toplant\u0131 sonucunda, COVID-19 salg\u0131n\u0131na kar\u015f\u0131 al\u0131nan tedbirler kapsam\u0131nda t\u00fcm voleybol ma\u00e7lar\u0131n\u0131n s\u00fcresiz olarak ertelendi\u011fi a\u00e7\u0131klanm\u0131\u015ft\u0131r.\u00a0<\/span><\/div>\n<\/div>\n<div class=\"css-1dbjc4n\">\n<div id=\"tweet-rich-content-label\" class=\"css-1dbjc4n r-156q2ks\" aria-labelledby=\"quote-tweet-label\">\n<div class=\"css-1dbjc4n r-1udh08x\">\n<div class=\"css-1dbjc4n r-9x6qib r-t23y2h r-1phboty r-rs99b7 r-1udh08x\">\n<div class=\"css-1dbjc4n\" style=\"text-align: justify;\"><\/div>\n<\/div>\n<\/div>\n<\/div>\n<\/div>\n","protected":false},"excerpt":{"rendered":"<p>T\u00fcrkiye Cumhuriyeti Gen\u00e7lik ve Spor Bakan\u0131 Sn. Mehmet Muharrem Kasapo\u011flu\u2019nun \u2026 <a class=\"continue-reading-link\" href=\"https:\/\/sarimelekler.biz\/?p=13346\">Okumaya Devam Et.. <span class=\"meta-nav\">&rarr; <\/span><\/a><\/p>\n","protected":false},"author":1,"featured_media":13347,"comment_status":"closed","ping_status":"open","sticky":false,"template":"","format":"standard","meta":{"jetpack_post_was_ever_published":false,"_jetpack_newsletter_access":"","_jetpack_dont_email_post_to_subs":false,"_jetpack_newsletter_tier_id":0,"_jetpack_memberships_contains_paywalled_content":false,"_jetpack_memberships_contains_paid_content":false,"footnotes":"","jetpack_publicize_message":"","jetpack_publicize_feature_enabled":true,"jetpack_social_post_already_shared":true,"jetpack_social_options":{"image_generator_settings":{"template":"highway","default_image_id":0,"font":"","enabled":false},"version":2}},"categories":[6],"tags":[],"class_list":["post-13346","post","type-post","status-publish","format-standard","has-post-thumbnail","hentry","category-turkiye-ligi"],"jetpack_publicize_connections":[],"jetpack_featured_media_url":"https:\/\/sarimelekler.biz\/wp-content\/uploads\/2020\/03\/FB-Logo.jpeg","jetpack_sharing_enabled":true,"jetpack_shortlink":"https:\/\/wp.me\/p8npUZ-3tg","jetpack-related-posts":[{"id":13431,"url":"https:\/\/sarimelekler.biz\/?p=13431","url_meta":{"origin":13346,"position":0},"title":"Fenerbah\u00e7e Opet\u2019in S\u00f6zle\u015fme Yenilemedi\u011fi Jordan Thompson Tak\u0131m\u0131m\u0131zdan Ayr\u0131ld\u0131.","author":"Edit\u00f6r","date":"12 May\u0131s 2020","format":false,"excerpt":"Fenerbah\u00e7e Opet Kad\u0131n Voleybol tak\u0131m\u0131m\u0131z\u0131n Pas\u00f6r \u00c7apraz\u0131 Melissa Vargas, tak\u0131m\u0131m\u0131z\u0131n 28 Kas\u0131m 2019 g\u00fcn\u00fc kar\u015f\u0131la\u015ft\u0131\u011f\u0131 Budowlani Lodz ma\u00e7\u0131 3. setinde sa\u011f ayak bile\u011finden sakatlanm\u0131\u015ft\u0131. Melissa Vargas\u2019\u0131n sakatl\u0131\u011f\u0131n\u0131n beklenenden uzun s\u00fcrecek olmas\u0131ndan dolay\u0131 kul\u00fcb\u00fcm\u00fcz bu pozisyona 19.12.2019 g\u00fcn\u00fc Amerikal\u0131 pas\u00f6r \u00e7apras\u0131 Jordan Thompson\u2019u transfer etmi\u015fti. Thompson 03.01.2020 g\u00fcn\u00fc tak\u0131m\u0131m\u0131za kat\u0131lm\u0131\u015ft\u0131. 19.03.2020\u2026","rel":"","context":"&quot;Transfer Haberleri&quot; i\u00e7inde","block_context":{"text":"Transfer Haberleri","link":"https:\/\/sarimelekler.biz\/?cat=23"},"img":{"alt_text":"","src":"https:\/\/i0.wp.com\/sarimelekler.biz\/wp-content\/uploads\/2020\/05\/Jordan-Kapak.jpg?resize=350%2C200&ssl=1","width":350,"height":200,"srcset":"https:\/\/i0.wp.com\/sarimelekler.biz\/wp-content\/uploads\/2020\/05\/Jordan-Kapak.jpg?resize=350%2C200&ssl=1 1x, https:\/\/i0.wp.com\/sarimelekler.biz\/wp-content\/uploads\/2020\/05\/Jordan-Kapak.jpg?resize=525%2C300&ssl=1 1.5x, https:\/\/i0.wp.com\/sarimelekler.biz\/wp-content\/uploads\/2020\/05\/Jordan-Kapak.jpg?resize=700%2C400&ssl=1 2x, https:\/\/i0.wp.com\/sarimelekler.biz\/wp-content\/uploads\/2020\/05\/Jordan-Kapak.jpg?resize=1050%2C600&ssl=1 3x, https:\/\/i0.wp.com\/sarimelekler.biz\/wp-content\/uploads\/2020\/05\/Jordan-Kapak.jpg?resize=1400%2C800&ssl=1 4x"},"classes":[]},{"id":13420,"url":"https:\/\/sarimelekler.biz\/?p=13420","url_meta":{"origin":13346,"position":1},"title":"Voleybol Ligleri Sonland\u0131r\u0131ld\u0131.","author":"Edit\u00f6r","date":"11 May\u0131s 2020","format":false,"excerpt":"T\u00fcrkiye Cumhuriyeti Gen\u00e7lik ve Spor Bakan\u0131 Sn. Mehmet Muharrem Kasapo\u011flu\u2019nun ev sahipli\u011finde 19.03.2020 g\u00fcn\u00fc Ankara\u2019da yap\u0131lan toplant\u0131 sonucunda, COVID-19 salg\u0131n\u0131na kar\u015f\u0131 al\u0131nan tedbirler kapsam\u0131nda t\u00fcm voleybol ma\u00e7lar\u0131n\u0131n s\u00fcresiz olarak ertelendi\u011fi a\u00e7\u0131klanm\u0131\u015ft\u0131. Ge\u00e7en yakla\u015f\u0131k 53 g\u00fcnde tak\u0131mlar antrenmanlar\u0131na evlerinden \u00c7evrimi\u00e7i olarak s\u00fcrd\u00fcrmekteydi. Bug\u00fcn T\u00fcrkiye Voleybol Federasyonu taraf\u0131ndan; erkek ve kad\u0131n liglerinin\u2026","rel":"","context":"&quot;T\u00fcrkiye Ligi&quot; i\u00e7inde","block_context":{"text":"T\u00fcrkiye Ligi","link":"https:\/\/sarimelekler.biz\/?cat=6"},"img":{"alt_text":"","src":"https:\/\/i0.wp.com\/sarimelekler.biz\/wp-content\/uploads\/2020\/03\/FB-Logo.jpeg?resize=350%2C200&ssl=1","width":350,"height":200,"srcset":"https:\/\/i0.wp.com\/sarimelekler.biz\/wp-content\/uploads\/2020\/03\/FB-Logo.jpeg?resize=350%2C200&ssl=1 1x, https:\/\/i0.wp.com\/sarimelekler.biz\/wp-content\/uploads\/2020\/03\/FB-Logo.jpeg?resize=525%2C300&ssl=1 1.5x, https:\/\/i0.wp.com\/sarimelekler.biz\/wp-content\/uploads\/2020\/03\/FB-Logo.jpeg?resize=700%2C400&ssl=1 2x, https:\/\/i0.wp.com\/sarimelekler.biz\/wp-content\/uploads\/2020\/03\/FB-Logo.jpeg?resize=1050%2C600&ssl=1 3x, https:\/\/i0.wp.com\/sarimelekler.biz\/wp-content\/uploads\/2020\/03\/FB-Logo.jpeg?resize=1400%2C800&ssl=1 4x"},"classes":[]},{"id":15697,"url":"https:\/\/sarimelekler.biz\/?p=15697","url_meta":{"origin":13346,"position":2},"title":"Artan Covid-19 Vakalar\u0131 Sebebiyle Tak\u0131m\u0131m\u0131z Sultanlar Ligi Finalinden \u00c7ekildi.","author":"Edit\u00f6r","date":"15 Nisan 2021","format":false,"excerpt":"Fenerbah\u00e7e Opet Kad\u0131n Voleybol Tak\u0131m\u0131m\u0131z, teknik ekip ve oyuncular\u0131m\u0131zda son bir hafta i\u00e7erisinde g\u00f6r\u00fclen Covid-19 Vakalar\u0131 sebebiyle misli.com Sultanlar Ligi final serisi \u00fc\u00e7\u00fcnc\u00fc ma\u00e7\u0131na \u00e7\u0131kmama karar\u0131 ald\u0131. Seride 2-0 geride olan Sar\u0131 Meleklerimiz yar\u0131n oynanmas\u0131 planlanan serinin \u00fc\u00e7\u00fcnc\u00fc ma\u00e7\u0131n\u0131 h\u00fckmen 3-0 kaybedecek. \u00a0B\u00f6ylelikle seri 3-0 olacak ve Federasyon, \u015eampiyonu Vak\u0131fbank\u2026","rel":"","context":"&quot;T\u00fcrkiye Ligi&quot; i\u00e7inde","block_context":{"text":"T\u00fcrkiye Ligi","link":"https:\/\/sarimelekler.biz\/?cat=6"},"img":{"alt_text":"","src":"https:\/\/i0.wp.com\/sarimelekler.biz\/wp-content\/uploads\/2021\/02\/27-20-21-10.jpg?resize=350%2C200&ssl=1","width":350,"height":200,"srcset":"https:\/\/i0.wp.com\/sarimelekler.biz\/wp-content\/uploads\/2021\/02\/27-20-21-10.jpg?resize=350%2C200&ssl=1 1x, https:\/\/i0.wp.com\/sarimelekler.biz\/wp-content\/uploads\/2021\/02\/27-20-21-10.jpg?resize=525%2C300&ssl=1 1.5x, https:\/\/i0.wp.com\/sarimelekler.biz\/wp-content\/uploads\/2021\/02\/27-20-21-10.jpg?resize=700%2C400&ssl=1 2x, https:\/\/i0.wp.com\/sarimelekler.biz\/wp-content\/uploads\/2021\/02\/27-20-21-10.jpg?resize=1050%2C600&ssl=1 3x, https:\/\/i0.wp.com\/sarimelekler.biz\/wp-content\/uploads\/2021\/02\/27-20-21-10.jpg?resize=1400%2C800&ssl=1 4x"},"classes":[]},{"id":15944,"url":"https:\/\/sarimelekler.biz\/?p=15944","url_meta":{"origin":13346,"position":3},"title":"Sultanlar Ligi 2021-2022 Sezonu Fikst\u00fcr \u00c7ekimi Yap\u0131ld\u0131.","author":"Edit\u00f6r","date":"12 A\u011fustos 2021","format":false,"excerpt":"Misli.com Sultanlar Ligi\u2019nde 2021-2022 voleybol sezonu fikst\u00fcr \u00e7ekimi, T\u00fcrkiye Voleybol Federasyonu Ankara Merkez Ofisi\u2019nde yap\u0131ld\u0131. TVF Youtube kanal\u0131ndan ger\u00e7ekle\u015fen kura \u00e7ekimini; TVF Ba\u015fkan\u0131 Mehmet Akif \u00dcst\u00fcnda\u011f, TVF Liglerden Sorumlu Asba\u015fkan\u0131 Ahmet G\u00f6ksu ve TVF Lig \u0130\u015fleri Dan\u0131\u015fman\u0131 Recep Nurtan\u0131\u015f ger\u00e7ekle\u015ftirdi. Misli.com Sultanlar Ligi\u2019nde 1. Devre kar\u015f\u0131la\u015fmalar\u0131 09 Ekim \u2013 11\u2026","rel":"","context":"&quot;T\u00fcrkiye Ligi&quot; i\u00e7inde","block_context":{"text":"T\u00fcrkiye Ligi","link":"https:\/\/sarimelekler.biz\/?cat=6"},"img":{"alt_text":"","src":"https:\/\/i0.wp.com\/sarimelekler.biz\/wp-content\/uploads\/2020\/09\/mislicom.png?resize=350%2C200&ssl=1","width":350,"height":200},"classes":[]},{"id":13349,"url":"https:\/\/sarimelekler.biz\/?p=13349","url_meta":{"origin":13346,"position":4},"title":"Gen\u00e7 Oyuncular\u0131m\u0131z #EvdeKal G\u00fcnlerinde Antrenmanlar\u0131na Devam Ediyor.","author":"Edit\u00f6r","date":"20 Mart 2020","format":false,"excerpt":"D\u00fcnya genelini saran ve \u00fclkemizde de g\u00f6r\u00fclmeye ba\u015flayan Koronavir\u00fcs salg\u0131n\u0131 nedeniyle voleybol ve di\u011fer ligler s\u00fcresiz ertelendi. Kul\u00fcb\u00fcm\u00fczde her g\u00fcn yapt\u0131\u011f\u0131 payla\u015f\u0131mlarla vir\u00fcs\u00fcn yay\u0131lmamas\u0131 i\u00e7in #Evdekal projesine destek veriyor. Bu kapsamda gen\u00e7 oyuncular\u0131m\u0131z Emre Nur hocam\u0131z e\u015fli\u011finde skyp program\u0131 \u00fczerinden evde antrenmanlar\u0131na devam ediyor. D\u00fczenli olarak uzaktan e\u011fitim ile egzersiz\u2026","rel":"","context":"&quot;Fenerbah\u00e7e Gen\u00e7 Tak\u0131mlar\u0131&quot; i\u00e7inde","block_context":{"text":"Fenerbah\u00e7e Gen\u00e7 Tak\u0131mlar\u0131","link":"https:\/\/sarimelekler.biz\/?cat=24"},"img":{"alt_text":"","src":"https:\/\/i0.wp.com\/sarimelekler.biz\/wp-content\/uploads\/2020\/03\/Fenerbah%C3%A7e-B-04.03.jpeg?resize=350%2C200&ssl=1","width":350,"height":200,"srcset":"https:\/\/i0.wp.com\/sarimelekler.biz\/wp-content\/uploads\/2020\/03\/Fenerbah%C3%A7e-B-04.03.jpeg?resize=350%2C200&ssl=1 1x, https:\/\/i0.wp.com\/sarimelekler.biz\/wp-content\/uploads\/2020\/03\/Fenerbah%C3%A7e-B-04.03.jpeg?resize=525%2C300&ssl=1 1.5x, https:\/\/i0.wp.com\/sarimelekler.biz\/wp-content\/uploads\/2020\/03\/Fenerbah%C3%A7e-B-04.03.jpeg?resize=700%2C400&ssl=1 2x"},"classes":[]},{"id":13377,"url":"https:\/\/sarimelekler.biz\/?p=13377","url_meta":{"origin":13346,"position":5},"title":"Sar\u0131 Melekler #EvdeKal G\u00fcnlerinde Antrenmanlar\u0131na \u00c7evrimi\u00e7i Olarak Devam Ediyor.","author":"Edit\u00f6r","date":"18 Nisan 2020","format":false,"excerpt":"D\u00fcnya genelini saran ve \u00fclkemizde de g\u00f6r\u00fclen Koronavir\u00fcs salg\u0131n\u0131 nedeniyle yakla\u015f\u0131k bir ay \u00f6nce voleybol ve di\u011fer ligler s\u00fcresiz ertelenmi\u015fti. Kul\u00fcb\u00fcm\u00fczde her g\u00fcn yapt\u0131\u011f\u0131 payla\u015f\u0131mlarla vir\u00fcs\u00fcn yay\u0131lmamas\u0131 i\u00e7in #Evdekal projesine destek veriyor. Bu kapsamda Fenerbah\u00e7e Opet Kad\u0131n Voleybol tak\u0131m\u0131m\u0131z da antrenmanlar\u0131 s\u00fcre\u00e7 ba\u015f\u0131ndan itibaren \u00e7evrimi\u00e7i olarak evde devam ettiriyor. Tak\u0131m\u0131m\u0131zdan\u2026","rel":"","context":"&quot;Haberler&quot; i\u00e7inde","block_context":{"text":"Haberler","link":"https:\/\/sarimelekler.biz\/?cat=7"},"img":{"alt_text":"","src":"https:\/\/i0.wp.com\/sarimelekler.biz\/wp-content\/uploads\/2020\/04\/1-EvdeKal-Kapak.jpg?resize=350%2C200&ssl=1","width":350,"height":200,"srcset":"https:\/\/i0.wp.com\/sarimelekler.biz\/wp-content\/uploads\/2020\/04\/1-EvdeKal-Kapak.jpg?resize=350%2C200&ssl=1 1x, https:\/\/i0.wp.com\/sarimelekler.biz\/wp-content\/uploads\/2020\/04\/1-EvdeKal-Kapak.jpg?resize=525%2C300&ssl=1 1.5x, https:\/\/i0.wp.com\/sarimelekler.biz\/wp-content\/uploads\/2020\/04\/1-EvdeKal-Kapak.jpg?resize=700%2C400&ssl=1 2x, https:\/\/i0.wp.com\/sarimelekler.biz\/wp-content\/uploads\/2020\/04\/1-EvdeKal-Kapak.jpg?resize=1050%2C600&ssl=1 3x, https:\/\/i0.wp.com\/sarimelekler.biz\/wp-content\/uploads\/2020\/04\/1-EvdeKal-Kapak.jpg?resize=1400%2C800&ssl=1 4x"},"classes":[]}],"_links":{"self":[{"href":"https:\/\/sarimelekler.biz\/index.php?rest_route=\/wp\/v2\/posts\/13346","targetHints":{"allow":["GET"]}}],"collection":[{"href":"https:\/\/sarimelekler.biz\/index.php?rest_route=\/wp\/v2\/posts"}],"about":[{"href":"https:\/\/sarimelekler.biz\/index.php?rest_route=\/wp\/v2\/types\/post"}],"author":[{"embeddable":true,"href":"https:\/\/sarimelekler.biz\/index.php?rest_route=\/wp\/v2\/users\/1"}],"replies":[{"embeddable":true,"href":"https:\/\/sarimelekler.biz\/index.php?rest_route=%2Fwp%2Fv2%2Fcomments&post=13346"}],"version-history":[{"count":1,"href":"https:\/\/sarimelekler.biz\/index.php?rest_route=\/wp\/v2\/posts\/13346\/revisions"}],"predecessor-version":[{"id":13348,"href":"https:\/\/sarimelekler.biz\/index.php?rest_route=\/wp\/v2\/posts\/13346\/revisions\/13348"}],"wp:featuredmedia":[{"embeddable":true,"href":"https:\/\/sarimelekler.biz\/index.php?rest_route=\/wp\/v2\/media\/13347"}],"wp:attachment":[{"href":"https:\/\/sarimelekler.biz\/index.php?rest_route=%2Fwp%2Fv2%2Fmedia&parent=13346"}],"wp:term":[{"taxonomy":"category","embeddable":true,"href":"https:\/\/sarimelekler.biz\/index.php?rest_route=%2Fwp%2Fv2%2Fcategories&post=13346"},{"taxonomy":"post_tag","embeddable":true,"href":"https:\/\/sarimelekler.biz\/index.php?rest_route=%2Fwp%2Fv2%2Ftags&post=13346"}],"curies":[{"name":"wp","href":"https:\/\/api.w.org\/{rel}","templated":true}]}}