{"id":13349,"date":"2020-03-20T22:43:52","date_gmt":"2020-03-20T19:43:52","guid":{"rendered":"http:\/\/sarimelekler.biz\/?p=13349"},"modified":"2020-03-20T22:43:56","modified_gmt":"2020-03-20T19:43:56","slug":"genc-oyuncularimiz-evdekal-gunlerinde-antrenmanlarina-devam-ediyor","status":"publish","type":"post","link":"https:\/\/sarimelekler.biz\/?p=13349","title":{"rendered":"Gen\u00e7 Oyuncular\u0131m\u0131z #EvdeKal G\u00fcnlerinde Antrenmanlar\u0131na Devam Ediyor."},"content":{"rendered":"<p style=\"text-align: justify;\">D\u00fcnya genelini saran ve \u00fclkemizde de g\u00f6r\u00fclmeye ba\u015flayan Koronavir\u00fcs salg\u0131n\u0131 nedeniyle voleybol ve di\u011fer ligler s\u00fcresiz ertelendi. Kul\u00fcb\u00fcm\u00fczde her g\u00fcn yapt\u0131\u011f\u0131 payla\u015f\u0131mlarla vir\u00fcs\u00fcn yay\u0131lmamas\u0131 i\u00e7in #Evdekal projesine destek veriyor. Bu kapsamda gen\u00e7 oyuncular\u0131m\u0131z Emre Nur hocam\u0131z e\u015fli\u011finde skyp program\u0131 \u00fczerinden evde antrenmanlar\u0131na devam ediyor. D\u00fczenli olarak uzaktan e\u011fitim ile egzersiz yapan gen\u00e7 oyuncular\u0131m\u0131z diri ve zinde kalmaya devam ederken ne\u015feli ge\u00e7en antrenmanlarda moral ve motivasyon olarakta kendilerini \u00fcst seviyede tutuyor.<\/p>\n<p style=\"text-align: justify;\">\u00dclkemizin bu zor g\u00fcnleri en az kay\u0131pla ge\u00e7mesi i\u00e7in sizde evde kalmaya devam edin.<\/p>\n\n\t\t<style type=\"text\/css\">\n\t\t\t#gallery-1 {\n\t\t\t\tmargin: auto;\n\t\t\t}\n\t\t\t#gallery-1 .gallery-item {\n\t\t\t\tfloat: left;\n\t\t\t\tmargin-top: 10px;\n\t\t\t\ttext-align: center;\n\t\t\t\twidth: 100%;\n\t\t\t}\n\t\t\t#gallery-1 img {\n\t\t\t\tborder: 2px solid #cfcfcf;\n\t\t\t}\n\t\t\t#gallery-1 .gallery-caption {\n\t\t\t\tmargin-left: 0;\n\t\t\t}\n\t\t\t\/* see gallery_shortcode() in wp-includes\/media.php *\/\n\t\t<\/style>\n\t\t<div data-carousel-extra='{&quot;blog_id&quot;:1,&quot;permalink&quot;:&quot;https:\/\/sarimelekler.biz\/?p=13349&quot;}' id='gallery-1' class='gallery galleryid-13349 gallery-columns-1 gallery-size-large'><dl class='gallery-item'>\n\t\t\t<dt class='gallery-icon landscape'>\n\t\t\t\t<a href='https:\/\/sarimelekler.biz\/?attachment_id=13350'><img loading=\"lazy\" decoding=\"async\" width=\"860\" height=\"565\" src=\"https:\/\/sarimelekler.biz\/wp-content\/uploads\/2020\/03\/EvdeKal-1-1024x673.jpg\" class=\"attachment-large size-large\" alt=\"\" srcset=\"https:\/\/sarimelekler.biz\/wp-content\/uploads\/2020\/03\/EvdeKal-1-1024x673.jpg 1024w, https:\/\/sarimelekler.biz\/wp-content\/uploads\/2020\/03\/EvdeKal-1-300x197.jpg 300w, https:\/\/sarimelekler.biz\/wp-content\/uploads\/2020\/03\/EvdeKal-1-768x504.jpg 768w, https:\/\/sarimelekler.biz\/wp-content\/uploads\/2020\/03\/EvdeKal-1-150x99.jpg 150w, https:\/\/sarimelekler.biz\/wp-content\/uploads\/2020\/03\/EvdeKal-1.jpg 1259w\" sizes=\"auto, (max-width: 860px) 100vw, 860px\" data-attachment-id=\"13350\" data-permalink=\"https:\/\/sarimelekler.biz\/?attachment_id=13350\" data-orig-file=\"https:\/\/sarimelekler.biz\/wp-content\/uploads\/2020\/03\/EvdeKal-1.jpg\" data-orig-size=\"1259,827\" data-comments-opened=\"0\" data-image-meta=\"{&quot;aperture&quot;:&quot;0&quot;,&quot;credit&quot;:&quot;&quot;,&quot;camera&quot;:&quot;&quot;,&quot;caption&quot;:&quot;&quot;,&quot;created_timestamp&quot;:&quot;0&quot;,&quot;copyright&quot;:&quot;&quot;,&quot;focal_length&quot;:&quot;0&quot;,&quot;iso&quot;:&quot;0&quot;,&quot;shutter_speed&quot;:&quot;0&quot;,&quot;title&quot;:&quot;&quot;,&quot;orientation&quot;:&quot;0&quot;}\" data-image-title=\"EvdeKal (1)\" data-image-description=\"\" data-image-caption=\"\" data-large-file=\"https:\/\/sarimelekler.biz\/wp-content\/uploads\/2020\/03\/EvdeKal-1-1024x673.jpg\" \/><\/a>\n\t\t\t<\/dt><\/dl><br style=\"clear: both\" \/><dl class='gallery-item'>\n\t\t\t<dt class='gallery-icon landscape'>\n\t\t\t\t<a href='https:\/\/sarimelekler.biz\/?attachment_id=13351'><img loading=\"lazy\" decoding=\"async\" width=\"860\" height=\"485\" src=\"https:\/\/sarimelekler.biz\/wp-content\/uploads\/2020\/03\/EvdeKal-2-1024x578.jpg\" class=\"attachment-large size-large\" alt=\"\" srcset=\"https:\/\/sarimelekler.biz\/wp-content\/uploads\/2020\/03\/EvdeKal-2-1024x578.jpg 1024w, https:\/\/sarimelekler.biz\/wp-content\/uploads\/2020\/03\/EvdeKal-2-300x169.jpg 300w, https:\/\/sarimelekler.biz\/wp-content\/uploads\/2020\/03\/EvdeKal-2-768x433.jpg 768w, https:\/\/sarimelekler.biz\/wp-content\/uploads\/2020\/03\/EvdeKal-2-150x85.jpg 150w, https:\/\/sarimelekler.biz\/wp-content\/uploads\/2020\/03\/EvdeKal-2-800x450.jpg 800w, https:\/\/sarimelekler.biz\/wp-content\/uploads\/2020\/03\/EvdeKal-2.jpg 1267w\" sizes=\"auto, (max-width: 860px) 100vw, 860px\" data-attachment-id=\"13351\" data-permalink=\"https:\/\/sarimelekler.biz\/?attachment_id=13351\" data-orig-file=\"https:\/\/sarimelekler.biz\/wp-content\/uploads\/2020\/03\/EvdeKal-2.jpg\" data-orig-size=\"1267,715\" data-comments-opened=\"0\" data-image-meta=\"{&quot;aperture&quot;:&quot;0&quot;,&quot;credit&quot;:&quot;&quot;,&quot;camera&quot;:&quot;&quot;,&quot;caption&quot;:&quot;&quot;,&quot;created_timestamp&quot;:&quot;0&quot;,&quot;copyright&quot;:&quot;&quot;,&quot;focal_length&quot;:&quot;0&quot;,&quot;iso&quot;:&quot;0&quot;,&quot;shutter_speed&quot;:&quot;0&quot;,&quot;title&quot;:&quot;&quot;,&quot;orientation&quot;:&quot;0&quot;}\" data-image-title=\"EvdeKal (2)\" data-image-description=\"\" data-image-caption=\"\" data-large-file=\"https:\/\/sarimelekler.biz\/wp-content\/uploads\/2020\/03\/EvdeKal-2-1024x578.jpg\" \/><\/a>\n\t\t\t<\/dt><\/dl><br style=\"clear: both\" \/>\n\t\t<\/div>\n\n<p style=\"text-align: right;\">20.03.2020<\/p>\n","protected":false},"excerpt":{"rendered":"<p>D\u00fcnya genelini saran ve \u00fclkemizde de g\u00f6r\u00fclmeye ba\u015flayan Koronavir\u00fcs salg\u0131n\u0131 \u2026 <a class=\"continue-reading-link\" href=\"https:\/\/sarimelekler.biz\/?p=13349\">Okumaya Devam Et.. <span class=\"meta-nav\">&rarr; <\/span><\/a><\/p>\n","protected":false},"author":1,"featured_media":13222,"comment_status":"closed","ping_status":"open","sticky":false,"template":"","format":"standard","meta":{"jetpack_post_was_ever_published":false,"_jetpack_newsletter_access":"","_jetpack_dont_email_post_to_subs":false,"_jetpack_newsletter_tier_id":0,"_jetpack_memberships_contains_paywalled_content":false,"_jetpack_memberships_contains_paid_content":false,"footnotes":"","jetpack_publicize_message":"","jetpack_publicize_feature_enabled":true,"jetpack_social_post_already_shared":true,"jetpack_social_options":{"image_generator_settings":{"template":"highway","default_image_id":0,"font":"","enabled":false},"version":2}},"categories":[24],"tags":[],"class_list":["post-13349","post","type-post","status-publish","format-standard","has-post-thumbnail","hentry","category-fenerbahce-genc-takimlari"],"jetpack_publicize_connections":[],"jetpack_featured_media_url":"https:\/\/sarimelekler.biz\/wp-content\/uploads\/2020\/03\/Fenerbah\u00e7e-B-04.03.jpeg","jetpack_sharing_enabled":true,"jetpack_shortlink":"https:\/\/wp.me\/p8npUZ-3tj","jetpack-related-posts":[{"id":13377,"url":"https:\/\/sarimelekler.biz\/?p=13377","url_meta":{"origin":13349,"position":0},"title":"Sar\u0131 Melekler #EvdeKal G\u00fcnlerinde Antrenmanlar\u0131na \u00c7evrimi\u00e7i Olarak Devam Ediyor.","author":"Edit\u00f6r","date":"18 Nisan 2020","format":false,"excerpt":"D\u00fcnya genelini saran ve \u00fclkemizde de g\u00f6r\u00fclen Koronavir\u00fcs salg\u0131n\u0131 nedeniyle yakla\u015f\u0131k bir ay \u00f6nce voleybol ve di\u011fer ligler s\u00fcresiz ertelenmi\u015fti. Kul\u00fcb\u00fcm\u00fczde her g\u00fcn yapt\u0131\u011f\u0131 payla\u015f\u0131mlarla vir\u00fcs\u00fcn yay\u0131lmamas\u0131 i\u00e7in #Evdekal projesine destek veriyor. Bu kapsamda Fenerbah\u00e7e Opet Kad\u0131n Voleybol tak\u0131m\u0131m\u0131z da antrenmanlar\u0131 s\u00fcre\u00e7 ba\u015f\u0131ndan itibaren \u00e7evrimi\u00e7i olarak evde devam ettiriyor. Tak\u0131m\u0131m\u0131zdan\u2026","rel":"","context":"&quot;Haberler&quot; i\u00e7inde","block_context":{"text":"Haberler","link":"https:\/\/sarimelekler.biz\/?cat=7"},"img":{"alt_text":"","src":"https:\/\/i0.wp.com\/sarimelekler.biz\/wp-content\/uploads\/2020\/04\/1-EvdeKal-Kapak.jpg?resize=350%2C200&ssl=1","width":350,"height":200,"srcset":"https:\/\/i0.wp.com\/sarimelekler.biz\/wp-content\/uploads\/2020\/04\/1-EvdeKal-Kapak.jpg?resize=350%2C200&ssl=1 1x, https:\/\/i0.wp.com\/sarimelekler.biz\/wp-content\/uploads\/2020\/04\/1-EvdeKal-Kapak.jpg?resize=525%2C300&ssl=1 1.5x, https:\/\/i0.wp.com\/sarimelekler.biz\/wp-content\/uploads\/2020\/04\/1-EvdeKal-Kapak.jpg?resize=700%2C400&ssl=1 2x, https:\/\/i0.wp.com\/sarimelekler.biz\/wp-content\/uploads\/2020\/04\/1-EvdeKal-Kapak.jpg?resize=1050%2C600&ssl=1 3x, https:\/\/i0.wp.com\/sarimelekler.biz\/wp-content\/uploads\/2020\/04\/1-EvdeKal-Kapak.jpg?resize=1400%2C800&ssl=1 4x"},"classes":[]},{"id":4265,"url":"https:\/\/sarimelekler.biz\/?p=4265","url_meta":{"origin":13349,"position":1},"title":"Sar\u0131 Melekler Topuk Yaylas\u0131 Tesislerinde","author":"Edit\u00f6r","date":"28 Eyl\u00fcl 2017","format":false,"excerpt":"Fenerbah\u00e7e Bayan Voleybol Tak\u0131m\u0131m\u0131z, yeni sezon haz\u0131rl\u0131klar\u0131na Resort ve Sports Topuk Yaylas\u0131 Tesislerimizde devam ediyor. A tak\u0131mla birlikte gen\u00e7 oyuncular da haz\u0131rl\u0131klar\u0131n\u0131 burada s\u00fcrd\u00fcr\u00fcyor. Yeni sezon haz\u0131rl\u0131klar\u0131n\u0131n start\u0131n\u0131 21 A\u011fustos Pazartesi g\u00fcn\u00fc Derea\u011fz\u0131 Lefter K\u00fc\u00e7\u00fckandonyadis Tesislerimizde yapt\u0131\u011f\u0131 antrenmanla veren Bel\u00e7ikal\u0131 antren\u00f6r Jan de Brant idaresindeki Sar\u0131 Melekler, 25 Eyl\u00fcl Pazartesi\u2026","rel":"","context":"&quot;T\u00fcrkiye Ligi&quot; i\u00e7inde","block_context":{"text":"T\u00fcrkiye Ligi","link":"https:\/\/sarimelekler.biz\/?cat=6"},"img":{"alt_text":"","src":"https:\/\/i0.wp.com\/sarimelekler.biz\/wp-content\/uploads\/2017\/09\/de6p4235_57404_5100731.jpg?resize=350%2C200&ssl=1","width":350,"height":200,"srcset":"https:\/\/i0.wp.com\/sarimelekler.biz\/wp-content\/uploads\/2017\/09\/de6p4235_57404_5100731.jpg?resize=350%2C200&ssl=1 1x, https:\/\/i0.wp.com\/sarimelekler.biz\/wp-content\/uploads\/2017\/09\/de6p4235_57404_5100731.jpg?resize=525%2C300&ssl=1 1.5x, https:\/\/i0.wp.com\/sarimelekler.biz\/wp-content\/uploads\/2017\/09\/de6p4235_57404_5100731.jpg?resize=700%2C400&ssl=1 2x, https:\/\/i0.wp.com\/sarimelekler.biz\/wp-content\/uploads\/2017\/09\/de6p4235_57404_5100731.jpg?resize=1050%2C600&ssl=1 3x, https:\/\/i0.wp.com\/sarimelekler.biz\/wp-content\/uploads\/2017\/09\/de6p4235_57404_5100731.jpg?resize=1400%2C800&ssl=1 4x"},"classes":[]},{"id":11486,"url":"https:\/\/sarimelekler.biz\/?p=11486","url_meta":{"origin":13349,"position":2},"title":"Dicle Nur Babat Topuk Yaylas\u0131 Kamp\u0131na Kat\u0131ld\u0131.","author":"Edit\u00f6r","date":"31 A\u011fustos 2019","format":false,"excerpt":"Yeni sezona D\u00fczce\u2019nin Kayna\u015fl\u0131 il\u00e7esinde bulunan Serkan Acar Resort&Sport Topuk Yaylas\u0131\u2019nda haz\u0131rlanan Kad\u0131n Voleybol tak\u0131m\u0131m\u0131z kamp\u0131na ge\u00e7ti\u011fimiz g\u00fcnlerde sa\u011f omzundan artroskopik omuz ameliyat\u0131 olan ba\u015far\u0131l\u0131 orta oyuncumuz Dicle Nur Babat\u2019ta kat\u0131ld\u0131. Omzunda halen ameliyat diki\u015fleri bulunan Dicle Nur hen\u00fcz tak\u0131mla birlikte top antrenmanlar\u0131na ba\u015flamazken bir m\u00fcddet kondisyon antrenmanlar\u0131na devam edecek.\u2026","rel":"","context":"&quot;Haberler&quot; i\u00e7inde","block_context":{"text":"Haberler","link":"https:\/\/sarimelekler.biz\/?cat=7"},"img":{"alt_text":"","src":"https:\/\/i0.wp.com\/sarimelekler.biz\/wp-content\/uploads\/2019\/08\/Dicle-Topuk-Yaylas%C4%B1.jpg?resize=350%2C200&ssl=1","width":350,"height":200,"srcset":"https:\/\/i0.wp.com\/sarimelekler.biz\/wp-content\/uploads\/2019\/08\/Dicle-Topuk-Yaylas%C4%B1.jpg?resize=350%2C200&ssl=1 1x, https:\/\/i0.wp.com\/sarimelekler.biz\/wp-content\/uploads\/2019\/08\/Dicle-Topuk-Yaylas%C4%B1.jpg?resize=525%2C300&ssl=1 1.5x, https:\/\/i0.wp.com\/sarimelekler.biz\/wp-content\/uploads\/2019\/08\/Dicle-Topuk-Yaylas%C4%B1.jpg?resize=700%2C400&ssl=1 2x"},"classes":[]},{"id":13015,"url":"https:\/\/sarimelekler.biz\/?p=13015","url_meta":{"origin":13349,"position":3},"title":"Lila \u015eeng\u00fcn, Hilal Kocakara ile Emre Nur Sma\u00e7\u00f6r Program\u0131na Konuk Oldular","author":"Edit\u00f6r","date":"14 \u015eubat 2020","format":false,"excerpt":"Pas\u00f6r Pozisyonunda oynayan Gen\u00e7 Oyuncular\u0131m\u0131z Lila \u015eeng\u00fcn ve Hilal Kocakara ile Gen\u00e7 ve B tak\u0131m Antren\u00f6r\u00fcm\u00fcz Emre Nur, FB Tv de yay\u0131nlanan Sma\u00e7\u00f6r Program\u0131na Konuk Oldular. Bu g\u00f6nderiyi Instagram'da g\u00f6r Pas\u00f6r Pozisyonunda oynayan Gen\u00e7 Oyuncular\u0131m\u0131z Lila \u015eeng\u00fcn ve Hilal Kocakara ile Gen\u00e7 ve B tak\u0131m Antren\u00f6r\u00fcm\u00fcz Emre Nur, FB Tv\u2026","rel":"","context":"&quot;Video Programlar&quot; i\u00e7inde","block_context":{"text":"Video Programlar","link":"https:\/\/sarimelekler.biz\/?cat=22"},"img":{"alt_text":"","src":"https:\/\/i0.wp.com\/sarimelekler.biz\/wp-content\/uploads\/2020\/02\/Lila-Hilal-Emre-Nur.jpg?resize=350%2C200&ssl=1","width":350,"height":200,"srcset":"https:\/\/i0.wp.com\/sarimelekler.biz\/wp-content\/uploads\/2020\/02\/Lila-Hilal-Emre-Nur.jpg?resize=350%2C200&ssl=1 1x, https:\/\/i0.wp.com\/sarimelekler.biz\/wp-content\/uploads\/2020\/02\/Lila-Hilal-Emre-Nur.jpg?resize=525%2C300&ssl=1 1.5x, https:\/\/i0.wp.com\/sarimelekler.biz\/wp-content\/uploads\/2020\/02\/Lila-Hilal-Emre-Nur.jpg?resize=700%2C400&ssl=1 2x, https:\/\/i0.wp.com\/sarimelekler.biz\/wp-content\/uploads\/2020\/02\/Lila-Hilal-Emre-Nur.jpg?resize=1050%2C600&ssl=1 3x"},"classes":[]},{"id":12974,"url":"https:\/\/sarimelekler.biz\/?p=12974","url_meta":{"origin":13349,"position":4},"title":"Gen\u00e7 Sar\u0131 Melekler 3-1 Galip","author":"Edit\u00f6r","date":"11 \u015eubat 2020","format":false,"excerpt":"Kul\u00fcb\u00fcm\u00fcz, Kad\u0131n Voleybol altyap\u0131s\u0131ndan A Tak\u0131ma oyuncu yeti\u015ftirmek amac\u0131yla bu sezon Y\u0131ld\u0131z K\u0131z ve Gen\u00e7 K\u0131z Voleybol Tak\u0131mlar\u0131m\u0131zda g\u00f6rev yapan voleybolcular\u0131m\u0131zdan olu\u015fan 2. Lig Tak\u0131m\u0131 kurdu\u011funu duyurmu\u015ftu. 2. ligde yer alan Fenerbah\u00e7e tak\u0131m\u0131m\u0131z bug\u00fcn FB Tv nin de canl\u0131 yay\u0131nlad\u0131\u011f\u0131 ma\u00e7ta \u0130stanbul BBSK tak\u0131m\u0131 3-1 ma\u011flup etti. Gen\u00e7 oyuncular\u0131m\u0131z bu\u2026","rel":"","context":"&quot;Fenerbah\u00e7e Gen\u00e7 Tak\u0131mlar\u0131&quot; i\u00e7inde","block_context":{"text":"Fenerbah\u00e7e Gen\u00e7 Tak\u0131mlar\u0131","link":"https:\/\/sarimelekler.biz\/?cat=24"},"img":{"alt_text":"","src":"https:\/\/i0.wp.com\/sarimelekler.biz\/wp-content\/uploads\/2020\/02\/B-Tak%C4%B1m-2.jpg?resize=350%2C200&ssl=1","width":350,"height":200,"srcset":"https:\/\/i0.wp.com\/sarimelekler.biz\/wp-content\/uploads\/2020\/02\/B-Tak%C4%B1m-2.jpg?resize=350%2C200&ssl=1 1x, https:\/\/i0.wp.com\/sarimelekler.biz\/wp-content\/uploads\/2020\/02\/B-Tak%C4%B1m-2.jpg?resize=525%2C300&ssl=1 1.5x, https:\/\/i0.wp.com\/sarimelekler.biz\/wp-content\/uploads\/2020\/02\/B-Tak%C4%B1m-2.jpg?resize=700%2C400&ssl=1 2x, https:\/\/i0.wp.com\/sarimelekler.biz\/wp-content\/uploads\/2020\/02\/B-Tak%C4%B1m-2.jpg?resize=1050%2C600&ssl=1 3x, https:\/\/i0.wp.com\/sarimelekler.biz\/wp-content\/uploads\/2020\/02\/B-Tak%C4%B1m-2.jpg?resize=1400%2C800&ssl=1 4x"},"classes":[]},{"id":15747,"url":"https:\/\/sarimelekler.biz\/?p=15747","url_meta":{"origin":13349,"position":5},"title":"4 Gen\u00e7 Oyuncumuz, Geli\u015fimlerinin Devam Edebilmesi \u0130\u00e7in Kiraland\u0131","author":"Edit\u00f6r","date":"28 Nisan 2021","format":false,"excerpt":"Kul\u00fcb\u00fcm\u00fcz, Fenerbah\u00e7e Opet Kad\u0131n Voleybol tak\u0131m\u0131m\u0131z\u0131n gen\u00e7 oyuncular\u0131 Lila \u015eeng\u00fcn ve \u00a0G\u00fclce G\u00fc\u00e7tekin\u2019in 2021-2022 sezonu i\u00e7in Sar\u0131yer Belediyesi Spor Kul\u00fcb\u00fc\u2019ne, Hilal Kocakara ve Sude Naz Uzun\u2019un ise 2021-2022 ve 2022-2023 sezonlar\u0131 i\u00e7in Nil\u00fcfer Belediyespor\u2019a kiraland\u0131klar\u0131n\u0131 resmi sitesinden yapt\u0131\u011f\u0131 a\u00e7\u0131klamayla duyurdu. Uzun senelerdir tak\u0131m\u0131m\u0131z\u0131n alt yap\u0131s\u0131nda e\u011fitim alan ve as tak\u0131m\u0131m\u0131za\u2026","rel":"","context":"&quot;Transfer Haberleri&quot; i\u00e7inde","block_context":{"text":"Transfer Haberleri","link":"https:\/\/sarimelekler.biz\/?cat=23"},"img":{"alt_text":"","src":"https:\/\/i0.wp.com\/sarimelekler.biz\/wp-content\/uploads\/2021\/04\/Ge%C3%A7ler.jpg?resize=350%2C200&ssl=1","width":350,"height":200,"srcset":"https:\/\/i0.wp.com\/sarimelekler.biz\/wp-content\/uploads\/2021\/04\/Ge%C3%A7ler.jpg?resize=350%2C200&ssl=1 1x, https:\/\/i0.wp.com\/sarimelekler.biz\/wp-content\/uploads\/2021\/04\/Ge%C3%A7ler.jpg?resize=525%2C300&ssl=1 1.5x, https:\/\/i0.wp.com\/sarimelekler.biz\/wp-content\/uploads\/2021\/04\/Ge%C3%A7ler.jpg?resize=700%2C400&ssl=1 2x"},"classes":[]}],"_links":{"self":[{"href":"https:\/\/sarimelekler.biz\/index.php?rest_route=\/wp\/v2\/posts\/13349","targetHints":{"allow":["GET"]}}],"collection":[{"href":"https:\/\/sarimelekler.biz\/index.php?rest_route=\/wp\/v2\/posts"}],"about":[{"href":"https:\/\/sarimelekler.biz\/index.php?rest_route=\/wp\/v2\/types\/post"}],"author":[{"embeddable":true,"href":"https:\/\/sarimelekler.biz\/index.php?rest_route=\/wp\/v2\/users\/1"}],"replies":[{"embeddable":true,"href":"https:\/\/sarimelekler.biz\/index.php?rest_route=%2Fwp%2Fv2%2Fcomments&post=13349"}],"version-history":[{"count":5,"href":"https:\/\/sarimelekler.biz\/index.php?rest_route=\/wp\/v2\/posts\/13349\/revisions"}],"predecessor-version":[{"id":13358,"href":"https:\/\/sarimelekler.biz\/index.php?rest_route=\/wp\/v2\/posts\/13349\/revisions\/13358"}],"wp:featuredmedia":[{"embeddable":true,"href":"https:\/\/sarimelekler.biz\/index.php?rest_route=\/wp\/v2\/media\/13222"}],"wp:attachment":[{"href":"https:\/\/sarimelekler.biz\/index.php?rest_route=%2Fwp%2Fv2%2Fmedia&parent=13349"}],"wp:term":[{"taxonomy":"category","embeddable":true,"href":"https:\/\/sarimelekler.biz\/index.php?rest_route=%2Fwp%2Fv2%2Fcategories&post=13349"},{"taxonomy":"post_tag","embeddable":true,"href":"https:\/\/sarimelekler.biz\/index.php?rest_route=%2Fwp%2Fv2%2Ftags&post=13349"}],"curies":[{"name":"wp","href":"https:\/\/api.w.org\/{rel}","templated":true}]}}