{"id":13377,"date":"2020-04-18T17:09:21","date_gmt":"2020-04-18T14:09:21","guid":{"rendered":"http:\/\/sarimelekler.biz\/?p=13377"},"modified":"2020-04-18T17:09:22","modified_gmt":"2020-04-18T14:09:22","slug":"sari-melekler-evdekal-gunlerinde-antrenmanlarina-cevrimici-olarak-devam-ediyor","status":"publish","type":"post","link":"https:\/\/sarimelekler.biz\/?p=13377","title":{"rendered":"Sar\u0131 Melekler #EvdeKal G\u00fcnlerinde Antrenmanlar\u0131na \u00c7evrimi\u00e7i Olarak Devam Ediyor."},"content":{"rendered":"\n\n<p style=\"text-align: justify;\">D\u00fcnya genelini saran ve \u00fclkemizde de g\u00f6r\u00fclen Koronavir\u00fcs salg\u0131n\u0131 nedeniyle yakla\u015f\u0131k bir ay \u00f6nce voleybol ve di\u011fer ligler s\u00fcresiz ertelenmi\u015fti. Kul\u00fcb\u00fcm\u00fczde her g\u00fcn yapt\u0131\u011f\u0131 payla\u015f\u0131mlarla vir\u00fcs\u00fcn yay\u0131lmamas\u0131 i\u00e7in #Evdekal projesine destek veriyor. Bu kapsamda Fenerbah\u00e7e Opet Kad\u0131n Voleybol tak\u0131m\u0131m\u0131z da antrenmanlar\u0131 s\u00fcre\u00e7 ba\u015f\u0131ndan itibaren \u00e7evrimi\u00e7i olarak evde devam ettiriyor.<\/p>\n<p style=\"text-align: justify;\">Tak\u0131m\u0131m\u0131zdan federasyonlar\u0131 taraf\u0131ndan \u00fclkelerine \u00e7a\u011fr\u0131lan Amerikal\u0131 oyuncular\u0131m\u0131z Kelsey Robinson ve Jordan Thompson 22.03.2020 tarihinde \u00fclkelerine d\u00f6nm\u00fc\u015ft\u00fc. Yine federasyonlar\u0131 taraf\u0131ndan \u00fclkelerine \u00e7a\u011fr\u0131lan S\u0131rbistanl\u0131 oyuncumuz Brankica Mihajlovi\u0107 ve ba\u015fantren\u00f6r\u00fcm\u00fcz Zoran Terzic \u00e7a\u011fr\u0131ya olumsuz cevap vererek s\u00fcreci \u0130stanbul\u2019da ge\u00e7irmeyi tercih ettiler. Bir di\u011fer yabanc\u0131 oyuncumuz K\u00fcba vatanda\u015f\u0131 Melissa Vargas\u2019da s\u00fcreci \u0130stanbul\u2019da ge\u00e7irmeye devam ediyor.<\/p>\n<p style=\"text-align: justify;\">\u0130stanbul\u2019da kalarak oyuncular\u0131m\u0131z\u0131n antrenmanlar\u0131n\u0131 yak\u0131ndan takip etmek isteyen ba\u015fantren\u00f6r\u00fcm\u00fcz Zoran Terzic ayn\u0131 zamanda S\u0131rbistan Kad\u0131n Voleybol tak\u0131m\u0131n\u0131n da ba\u015fantren\u00f6rl\u00fc\u011f\u00fcn\u00fc yapmakta. Bu sebeple Terzic birka\u00e7 g\u00fcn \u00f6nce S\u0131rbistan Voleybol Federasyonu taraf\u0131ndan verilecek olan \u00e7evrimi\u00e7i e\u011fitim \u00e7ekimleri i\u00e7in S\u0131rbistan\u2019a gitti. Burada \u00e7ekimlerin tamamlanmas\u0131ndan sonra yine \u0130stanbul\u2019a d\u00f6necek olan Terzic\u2019in bu hafta i\u00e7i \u0130stanbul\u2019da olmas\u0131 bekleniyor.<\/p>\n<blockquote class=\"twitter-tweet\">\n<p dir=\"ltr\" lang=\"tr\">\ud83d\udcf9 <a href=\"https:\/\/twitter.com\/hashtag\/Sar%C4%B1Melekler?src=hash&amp;ref_src=twsrc%5Etfw\">#Sar\u0131Melekler<\/a> bireysel \u00e7al\u0131\u015fmalar\u0131na devam ediyor! \ud83d\udcaa <a href=\"https:\/\/t.co\/ygyJSrWBcU\">pic.twitter.com\/ygyJSrWBcU<\/a><\/p>\n\u2014 Fenerbah\u00e7e Voleybol &#8211; \ud83c\udfe0 #EvdeKal (@FBvoleybol) <a href=\"https:\/\/twitter.com\/FBvoleybol\/status\/1248668379403124737?ref_src=twsrc%5Etfw\">April 10, 2020<\/a><\/blockquote>\n<p><script async src=\"https:\/\/platform.twitter.com\/widgets.js\" charset=\"utf-8\"><\/script><\/p>\n<p>\u00a0<\/p>\n<blockquote class=\"twitter-tweet\">\n<p dir=\"ltr\" lang=\"tr\">Fenerbah\u00e7e Opet Kad\u0131n Voleybol Tak\u0131m\u0131 ba\u015fantren\u00f6r\u00fc Zoran Terzi\u00e7 ve sma\u00e7\u00f6r Brankica Mihajlovic, salg\u0131n nedeniyle S\u0131rbistan&#8217;\u0131n vatanda\u015flar\u0131n\u0131 \u00fclkeye g\u00f6t\u00fcrme \u00e7a\u011fr\u0131s\u0131n\u0131 reddetti ve T\u00fcrkiye&#8217;de kald\u0131. <a href=\"https:\/\/t.co\/iCd0OfD9lM\">pic.twitter.com\/iCd0OfD9lM<\/a><\/p>\n\u2014 TRT Spor #EvHayatDolu (@trtspor) <a href=\"https:\/\/twitter.com\/trtspor\/status\/1244752538299138050?ref_src=twsrc%5Etfw\">March 30, 2020<\/a><\/blockquote>\n<p><script async src=\"https:\/\/platform.twitter.com\/widgets.js\" charset=\"utf-8\"><\/script><\/p>\n\n\t\t<style type=\"text\/css\">\n\t\t\t#gallery-1 {\n\t\t\t\tmargin: auto;\n\t\t\t}\n\t\t\t#gallery-1 .gallery-item {\n\t\t\t\tfloat: left;\n\t\t\t\tmargin-top: 10px;\n\t\t\t\ttext-align: center;\n\t\t\t\twidth: 33%;\n\t\t\t}\n\t\t\t#gallery-1 img {\n\t\t\t\tborder: 2px solid #cfcfcf;\n\t\t\t}\n\t\t\t#gallery-1 .gallery-caption {\n\t\t\t\tmargin-left: 0;\n\t\t\t}\n\t\t\t\/* see gallery_shortcode() in wp-includes\/media.php *\/\n\t\t<\/style>\n\t\t<div data-carousel-extra='{&quot;blog_id&quot;:1,&quot;permalink&quot;:&quot;https:\/\/sarimelekler.biz\/?p=13377&quot;}' id='gallery-1' class='gallery galleryid-13377 gallery-columns-3 gallery-size-medium'><dl class='gallery-item'>\n\t\t\t<dt class='gallery-icon landscape'>\n\t\t\t\t<a href='https:\/\/sarimelekler.biz\/?attachment_id=13381'><img loading=\"lazy\" decoding=\"async\" width=\"300\" height=\"163\" src=\"https:\/\/sarimelekler.biz\/wp-content\/uploads\/2020\/04\/2-Eda-Erdem-EvdeKal-300x163.jpg\" class=\"attachment-medium size-medium\" alt=\"\" srcset=\"https:\/\/sarimelekler.biz\/wp-content\/uploads\/2020\/04\/2-Eda-Erdem-EvdeKal-300x163.jpg 300w, https:\/\/sarimelekler.biz\/wp-content\/uploads\/2020\/04\/2-Eda-Erdem-EvdeKal-1024x557.jpg 1024w, https:\/\/sarimelekler.biz\/wp-content\/uploads\/2020\/04\/2-Eda-Erdem-EvdeKal-768x418.jpg 768w, https:\/\/sarimelekler.biz\/wp-content\/uploads\/2020\/04\/2-Eda-Erdem-EvdeKal-150x82.jpg 150w, https:\/\/sarimelekler.biz\/wp-content\/uploads\/2020\/04\/2-Eda-Erdem-EvdeKal.jpg 1373w\" sizes=\"auto, (max-width: 300px) 100vw, 300px\" data-attachment-id=\"13381\" data-permalink=\"https:\/\/sarimelekler.biz\/?attachment_id=13381\" data-orig-file=\"https:\/\/sarimelekler.biz\/wp-content\/uploads\/2020\/04\/2-Eda-Erdem-EvdeKal.jpg\" data-orig-size=\"1373,747\" data-comments-opened=\"0\" data-image-meta=\"{&quot;aperture&quot;:&quot;0&quot;,&quot;credit&quot;:&quot;&quot;,&quot;camera&quot;:&quot;&quot;,&quot;caption&quot;:&quot;&quot;,&quot;created_timestamp&quot;:&quot;0&quot;,&quot;copyright&quot;:&quot;&quot;,&quot;focal_length&quot;:&quot;0&quot;,&quot;iso&quot;:&quot;0&quot;,&quot;shutter_speed&quot;:&quot;0&quot;,&quot;title&quot;:&quot;&quot;,&quot;orientation&quot;:&quot;0&quot;}\" data-image-title=\"2 &amp;#8211; Eda Erdem &amp;#8211; EvdeKal\" data-image-description=\"\" data-image-caption=\"\" data-large-file=\"https:\/\/sarimelekler.biz\/wp-content\/uploads\/2020\/04\/2-Eda-Erdem-EvdeKal-1024x557.jpg\" \/><\/a>\n\t\t\t<\/dt><\/dl><dl class='gallery-item'>\n\t\t\t<dt class='gallery-icon landscape'>\n\t\t\t\t<a href='https:\/\/sarimelekler.biz\/?attachment_id=13382'><img loading=\"lazy\" decoding=\"async\" width=\"300\" height=\"164\" src=\"https:\/\/sarimelekler.biz\/wp-content\/uploads\/2020\/04\/3-Beliz-Ba\u015fk\u0131r-EvdeKal-300x164.jpg\" class=\"attachment-medium size-medium\" alt=\"\" srcset=\"https:\/\/sarimelekler.biz\/wp-content\/uploads\/2020\/04\/3-Beliz-Ba\u015fk\u0131r-EvdeKal-300x164.jpg 300w, https:\/\/sarimelekler.biz\/wp-content\/uploads\/2020\/04\/3-Beliz-Ba\u015fk\u0131r-EvdeKal-1024x559.jpg 1024w, https:\/\/sarimelekler.biz\/wp-content\/uploads\/2020\/04\/3-Beliz-Ba\u015fk\u0131r-EvdeKal-768x419.jpg 768w, https:\/\/sarimelekler.biz\/wp-content\/uploads\/2020\/04\/3-Beliz-Ba\u015fk\u0131r-EvdeKal-150x82.jpg 150w, https:\/\/sarimelekler.biz\/wp-content\/uploads\/2020\/04\/3-Beliz-Ba\u015fk\u0131r-EvdeKal.jpg 1373w\" sizes=\"auto, (max-width: 300px) 100vw, 300px\" data-attachment-id=\"13382\" data-permalink=\"https:\/\/sarimelekler.biz\/?attachment_id=13382\" data-orig-file=\"https:\/\/sarimelekler.biz\/wp-content\/uploads\/2020\/04\/3-Beliz-Ba\u015fk\u0131r-EvdeKal.jpg\" data-orig-size=\"1373,749\" data-comments-opened=\"0\" data-image-meta=\"{&quot;aperture&quot;:&quot;0&quot;,&quot;credit&quot;:&quot;&quot;,&quot;camera&quot;:&quot;&quot;,&quot;caption&quot;:&quot;&quot;,&quot;created_timestamp&quot;:&quot;0&quot;,&quot;copyright&quot;:&quot;&quot;,&quot;focal_length&quot;:&quot;0&quot;,&quot;iso&quot;:&quot;0&quot;,&quot;shutter_speed&quot;:&quot;0&quot;,&quot;title&quot;:&quot;&quot;,&quot;orientation&quot;:&quot;0&quot;}\" data-image-title=\"3 &amp;#8211; Beliz Ba\u015fk\u0131r &amp;#8211; EvdeKal\" data-image-description=\"\" data-image-caption=\"\" data-large-file=\"https:\/\/sarimelekler.biz\/wp-content\/uploads\/2020\/04\/3-Beliz-Ba\u015fk\u0131r-EvdeKal-1024x559.jpg\" \/><\/a>\n\t\t\t<\/dt><\/dl><dl class='gallery-item'>\n\t\t\t<dt class='gallery-icon landscape'>\n\t\t\t\t<a href='https:\/\/sarimelekler.biz\/?attachment_id=13383'><img loading=\"lazy\" decoding=\"async\" width=\"300\" height=\"163\" src=\"https:\/\/sarimelekler.biz\/wp-content\/uploads\/2020\/04\/4-Melis-Y\u0131lmaz-EvdeKal-300x163.jpg\" class=\"attachment-medium size-medium\" alt=\"\" srcset=\"https:\/\/sarimelekler.biz\/wp-content\/uploads\/2020\/04\/4-Melis-Y\u0131lmaz-EvdeKal-300x163.jpg 300w, https:\/\/sarimelekler.biz\/wp-content\/uploads\/2020\/04\/4-Melis-Y\u0131lmaz-EvdeKal-1024x557.jpg 1024w, https:\/\/sarimelekler.biz\/wp-content\/uploads\/2020\/04\/4-Melis-Y\u0131lmaz-EvdeKal-768x418.jpg 768w, https:\/\/sarimelekler.biz\/wp-content\/uploads\/2020\/04\/4-Melis-Y\u0131lmaz-EvdeKal-150x82.jpg 150w, https:\/\/sarimelekler.biz\/wp-content\/uploads\/2020\/04\/4-Melis-Y\u0131lmaz-EvdeKal.jpg 1372w\" sizes=\"auto, (max-width: 300px) 100vw, 300px\" data-attachment-id=\"13383\" data-permalink=\"https:\/\/sarimelekler.biz\/?attachment_id=13383\" data-orig-file=\"https:\/\/sarimelekler.biz\/wp-content\/uploads\/2020\/04\/4-Melis-Y\u0131lmaz-EvdeKal.jpg\" data-orig-size=\"1372,746\" data-comments-opened=\"0\" data-image-meta=\"{&quot;aperture&quot;:&quot;0&quot;,&quot;credit&quot;:&quot;&quot;,&quot;camera&quot;:&quot;&quot;,&quot;caption&quot;:&quot;&quot;,&quot;created_timestamp&quot;:&quot;0&quot;,&quot;copyright&quot;:&quot;&quot;,&quot;focal_length&quot;:&quot;0&quot;,&quot;iso&quot;:&quot;0&quot;,&quot;shutter_speed&quot;:&quot;0&quot;,&quot;title&quot;:&quot;&quot;,&quot;orientation&quot;:&quot;0&quot;}\" data-image-title=\"4 &amp;#8211; Melis Y\u0131lmaz &amp;#8211; EvdeKal\" data-image-description=\"\" data-image-caption=\"\" data-large-file=\"https:\/\/sarimelekler.biz\/wp-content\/uploads\/2020\/04\/4-Melis-Y\u0131lmaz-EvdeKal-1024x557.jpg\" \/><\/a>\n\t\t\t<\/dt><\/dl><br style=\"clear: both\" \/><dl class='gallery-item'>\n\t\t\t<dt class='gallery-icon landscape'>\n\t\t\t\t<a href='https:\/\/sarimelekler.biz\/?attachment_id=13384'><img loading=\"lazy\" decoding=\"async\" width=\"300\" height=\"163\" src=\"https:\/\/sarimelekler.biz\/wp-content\/uploads\/2020\/04\/5-Kelsey-Robinson-EvdeKal-300x163.jpg\" class=\"attachment-medium size-medium\" alt=\"\" srcset=\"https:\/\/sarimelekler.biz\/wp-content\/uploads\/2020\/04\/5-Kelsey-Robinson-EvdeKal-300x163.jpg 300w, https:\/\/sarimelekler.biz\/wp-content\/uploads\/2020\/04\/5-Kelsey-Robinson-EvdeKal-1024x558.jpg 1024w, https:\/\/sarimelekler.biz\/wp-content\/uploads\/2020\/04\/5-Kelsey-Robinson-EvdeKal-768x418.jpg 768w, https:\/\/sarimelekler.biz\/wp-content\/uploads\/2020\/04\/5-Kelsey-Robinson-EvdeKal-150x82.jpg 150w, https:\/\/sarimelekler.biz\/wp-content\/uploads\/2020\/04\/5-Kelsey-Robinson-EvdeKal.jpg 1372w\" sizes=\"auto, (max-width: 300px) 100vw, 300px\" data-attachment-id=\"13384\" data-permalink=\"https:\/\/sarimelekler.biz\/?attachment_id=13384\" data-orig-file=\"https:\/\/sarimelekler.biz\/wp-content\/uploads\/2020\/04\/5-Kelsey-Robinson-EvdeKal.jpg\" data-orig-size=\"1372,747\" data-comments-opened=\"0\" data-image-meta=\"{&quot;aperture&quot;:&quot;0&quot;,&quot;credit&quot;:&quot;&quot;,&quot;camera&quot;:&quot;&quot;,&quot;caption&quot;:&quot;&quot;,&quot;created_timestamp&quot;:&quot;0&quot;,&quot;copyright&quot;:&quot;&quot;,&quot;focal_length&quot;:&quot;0&quot;,&quot;iso&quot;:&quot;0&quot;,&quot;shutter_speed&quot;:&quot;0&quot;,&quot;title&quot;:&quot;&quot;,&quot;orientation&quot;:&quot;0&quot;}\" data-image-title=\"5 &amp;#8211; Kelsey Robinson &amp;#8211; EvdeKal\" data-image-description=\"\" data-image-caption=\"\" data-large-file=\"https:\/\/sarimelekler.biz\/wp-content\/uploads\/2020\/04\/5-Kelsey-Robinson-EvdeKal-1024x558.jpg\" \/><\/a>\n\t\t\t<\/dt><\/dl><dl class='gallery-item'>\n\t\t\t<dt class='gallery-icon landscape'>\n\t\t\t\t<a href='https:\/\/sarimelekler.biz\/?attachment_id=13385'><img loading=\"lazy\" decoding=\"async\" width=\"300\" height=\"182\" src=\"https:\/\/sarimelekler.biz\/wp-content\/uploads\/2020\/04\/6-Ceren-Kestireng\u00f6z-EvdeKal-300x182.jpg\" class=\"attachment-medium size-medium\" alt=\"\" srcset=\"https:\/\/sarimelekler.biz\/wp-content\/uploads\/2020\/04\/6-Ceren-Kestireng\u00f6z-EvdeKal-300x182.jpg 300w, https:\/\/sarimelekler.biz\/wp-content\/uploads\/2020\/04\/6-Ceren-Kestireng\u00f6z-EvdeKal-1024x621.jpg 1024w, https:\/\/sarimelekler.biz\/wp-content\/uploads\/2020\/04\/6-Ceren-Kestireng\u00f6z-EvdeKal-768x466.jpg 768w, https:\/\/sarimelekler.biz\/wp-content\/uploads\/2020\/04\/6-Ceren-Kestireng\u00f6z-EvdeKal-150x91.jpg 150w, https:\/\/sarimelekler.biz\/wp-content\/uploads\/2020\/04\/6-Ceren-Kestireng\u00f6z-EvdeKal.jpg 1032w\" sizes=\"auto, (max-width: 300px) 100vw, 300px\" data-attachment-id=\"13385\" data-permalink=\"https:\/\/sarimelekler.biz\/?attachment_id=13385\" data-orig-file=\"https:\/\/sarimelekler.biz\/wp-content\/uploads\/2020\/04\/6-Ceren-Kestireng\u00f6z-EvdeKal.jpg\" data-orig-size=\"1032,626\" data-comments-opened=\"0\" data-image-meta=\"{&quot;aperture&quot;:&quot;0&quot;,&quot;credit&quot;:&quot;&quot;,&quot;camera&quot;:&quot;&quot;,&quot;caption&quot;:&quot;&quot;,&quot;created_timestamp&quot;:&quot;0&quot;,&quot;copyright&quot;:&quot;&quot;,&quot;focal_length&quot;:&quot;0&quot;,&quot;iso&quot;:&quot;0&quot;,&quot;shutter_speed&quot;:&quot;0&quot;,&quot;title&quot;:&quot;&quot;,&quot;orientation&quot;:&quot;0&quot;}\" data-image-title=\"6 &amp;#8211; Ceren Kestireng\u00f6z &amp;#8211; EvdeKal\" data-image-description=\"\" data-image-caption=\"\" data-large-file=\"https:\/\/sarimelekler.biz\/wp-content\/uploads\/2020\/04\/6-Ceren-Kestireng\u00f6z-EvdeKal-1024x621.jpg\" \/><\/a>\n\t\t\t<\/dt><\/dl><dl class='gallery-item'>\n\t\t\t<dt class='gallery-icon landscape'>\n\t\t\t\t<a href='https:\/\/sarimelekler.biz\/?attachment_id=13386'><img loading=\"lazy\" decoding=\"async\" width=\"300\" height=\"164\" src=\"https:\/\/sarimelekler.biz\/wp-content\/uploads\/2020\/04\/7-DicleNur-Babat-EvdeKal-300x164.jpg\" class=\"attachment-medium size-medium\" alt=\"\" srcset=\"https:\/\/sarimelekler.biz\/wp-content\/uploads\/2020\/04\/7-DicleNur-Babat-EvdeKal-300x164.jpg 300w, https:\/\/sarimelekler.biz\/wp-content\/uploads\/2020\/04\/7-DicleNur-Babat-EvdeKal-1024x559.jpg 1024w, https:\/\/sarimelekler.biz\/wp-content\/uploads\/2020\/04\/7-DicleNur-Babat-EvdeKal-768x419.jpg 768w, https:\/\/sarimelekler.biz\/wp-content\/uploads\/2020\/04\/7-DicleNur-Babat-EvdeKal-150x82.jpg 150w, https:\/\/sarimelekler.biz\/wp-content\/uploads\/2020\/04\/7-DicleNur-Babat-EvdeKal.jpg 1370w\" sizes=\"auto, (max-width: 300px) 100vw, 300px\" data-attachment-id=\"13386\" data-permalink=\"https:\/\/sarimelekler.biz\/?attachment_id=13386\" data-orig-file=\"https:\/\/sarimelekler.biz\/wp-content\/uploads\/2020\/04\/7-DicleNur-Babat-EvdeKal.jpg\" data-orig-size=\"1370,748\" data-comments-opened=\"0\" data-image-meta=\"{&quot;aperture&quot;:&quot;0&quot;,&quot;credit&quot;:&quot;&quot;,&quot;camera&quot;:&quot;&quot;,&quot;caption&quot;:&quot;&quot;,&quot;created_timestamp&quot;:&quot;0&quot;,&quot;copyright&quot;:&quot;&quot;,&quot;focal_length&quot;:&quot;0&quot;,&quot;iso&quot;:&quot;0&quot;,&quot;shutter_speed&quot;:&quot;0&quot;,&quot;title&quot;:&quot;&quot;,&quot;orientation&quot;:&quot;0&quot;}\" data-image-title=\"7 &amp;#8211; DicleNur Babat &amp;#8211; EvdeKal\" data-image-description=\"\" data-image-caption=\"\" data-large-file=\"https:\/\/sarimelekler.biz\/wp-content\/uploads\/2020\/04\/7-DicleNur-Babat-EvdeKal-1024x559.jpg\" \/><\/a>\n\t\t\t<\/dt><\/dl><br style=\"clear: both\" \/><dl class='gallery-item'>\n\t\t\t<dt class='gallery-icon landscape'>\n\t\t\t\t<a href='https:\/\/sarimelekler.biz\/?attachment_id=13387'><img loading=\"lazy\" decoding=\"async\" width=\"300\" height=\"157\" src=\"https:\/\/sarimelekler.biz\/wp-content\/uploads\/2020\/04\/8-Fatma-Y\u0131ld\u0131r\u0131m-EvdeKal-300x157.jpg\" class=\"attachment-medium size-medium\" alt=\"\" srcset=\"https:\/\/sarimelekler.biz\/wp-content\/uploads\/2020\/04\/8-Fatma-Y\u0131ld\u0131r\u0131m-EvdeKal-300x157.jpg 300w, https:\/\/sarimelekler.biz\/wp-content\/uploads\/2020\/04\/8-Fatma-Y\u0131ld\u0131r\u0131m-EvdeKal-1024x536.jpg 1024w, https:\/\/sarimelekler.biz\/wp-content\/uploads\/2020\/04\/8-Fatma-Y\u0131ld\u0131r\u0131m-EvdeKal-768x402.jpg 768w, https:\/\/sarimelekler.biz\/wp-content\/uploads\/2020\/04\/8-Fatma-Y\u0131ld\u0131r\u0131m-EvdeKal-150x78.jpg 150w, https:\/\/sarimelekler.biz\/wp-content\/uploads\/2020\/04\/8-Fatma-Y\u0131ld\u0131r\u0131m-EvdeKal.jpg 1460w\" sizes=\"auto, (max-width: 300px) 100vw, 300px\" data-attachment-id=\"13387\" data-permalink=\"https:\/\/sarimelekler.biz\/?attachment_id=13387\" data-orig-file=\"https:\/\/sarimelekler.biz\/wp-content\/uploads\/2020\/04\/8-Fatma-Y\u0131ld\u0131r\u0131m-EvdeKal.jpg\" data-orig-size=\"1460,764\" data-comments-opened=\"0\" data-image-meta=\"{&quot;aperture&quot;:&quot;0&quot;,&quot;credit&quot;:&quot;&quot;,&quot;camera&quot;:&quot;&quot;,&quot;caption&quot;:&quot;&quot;,&quot;created_timestamp&quot;:&quot;0&quot;,&quot;copyright&quot;:&quot;&quot;,&quot;focal_length&quot;:&quot;0&quot;,&quot;iso&quot;:&quot;0&quot;,&quot;shutter_speed&quot;:&quot;0&quot;,&quot;title&quot;:&quot;&quot;,&quot;orientation&quot;:&quot;0&quot;}\" data-image-title=\"8 &amp;#8211; Fatma Y\u0131ld\u0131r\u0131m &amp;#8211; EvdeKal\" data-image-description=\"\" data-image-caption=\"\" data-large-file=\"https:\/\/sarimelekler.biz\/wp-content\/uploads\/2020\/04\/8-Fatma-Y\u0131ld\u0131r\u0131m-EvdeKal-1024x536.jpg\" \/><\/a>\n\t\t\t<\/dt><\/dl><dl class='gallery-item'>\n\t\t\t<dt class='gallery-icon landscape'>\n\t\t\t\t<a href='https:\/\/sarimelekler.biz\/?attachment_id=13388'><img loading=\"lazy\" decoding=\"async\" width=\"300\" height=\"172\" src=\"https:\/\/sarimelekler.biz\/wp-content\/uploads\/2020\/04\/9-Aylin-Sar\u0131o\u011flu-EvdeKal-300x172.jpg\" class=\"attachment-medium size-medium\" alt=\"\" srcset=\"https:\/\/sarimelekler.biz\/wp-content\/uploads\/2020\/04\/9-Aylin-Sar\u0131o\u011flu-EvdeKal-300x172.jpg 300w, https:\/\/sarimelekler.biz\/wp-content\/uploads\/2020\/04\/9-Aylin-Sar\u0131o\u011flu-EvdeKal-1024x587.jpg 1024w, https:\/\/sarimelekler.biz\/wp-content\/uploads\/2020\/04\/9-Aylin-Sar\u0131o\u011flu-EvdeKal-768x440.jpg 768w, https:\/\/sarimelekler.biz\/wp-content\/uploads\/2020\/04\/9-Aylin-Sar\u0131o\u011flu-EvdeKal-150x86.jpg 150w, https:\/\/sarimelekler.biz\/wp-content\/uploads\/2020\/04\/9-Aylin-Sar\u0131o\u011flu-EvdeKal.jpg 1384w\" sizes=\"auto, (max-width: 300px) 100vw, 300px\" data-attachment-id=\"13388\" data-permalink=\"https:\/\/sarimelekler.biz\/?attachment_id=13388\" data-orig-file=\"https:\/\/sarimelekler.biz\/wp-content\/uploads\/2020\/04\/9-Aylin-Sar\u0131o\u011flu-EvdeKal.jpg\" data-orig-size=\"1384,793\" data-comments-opened=\"0\" data-image-meta=\"{&quot;aperture&quot;:&quot;0&quot;,&quot;credit&quot;:&quot;&quot;,&quot;camera&quot;:&quot;&quot;,&quot;caption&quot;:&quot;&quot;,&quot;created_timestamp&quot;:&quot;0&quot;,&quot;copyright&quot;:&quot;&quot;,&quot;focal_length&quot;:&quot;0&quot;,&quot;iso&quot;:&quot;0&quot;,&quot;shutter_speed&quot;:&quot;0&quot;,&quot;title&quot;:&quot;&quot;,&quot;orientation&quot;:&quot;0&quot;}\" data-image-title=\"9 &amp;#8211; Aylin Sar\u0131o\u011flu &amp;#8211; EvdeKal\" data-image-description=\"\" data-image-caption=\"\" data-large-file=\"https:\/\/sarimelekler.biz\/wp-content\/uploads\/2020\/04\/9-Aylin-Sar\u0131o\u011flu-EvdeKal-1024x587.jpg\" \/><\/a>\n\t\t\t<\/dt><\/dl>\n\t\t\t<br style='clear: both' \/>\n\t\t<\/div>\n\n<p style=\"text-align: right;\">18.04.2020<\/p>\n\n","protected":false},"excerpt":{"rendered":"<p>D\u00fcnya genelini saran ve \u00fclkemizde de g\u00f6r\u00fclen Koronavir\u00fcs salg\u0131n\u0131 nedeniyle \u2026 <a class=\"continue-reading-link\" href=\"https:\/\/sarimelekler.biz\/?p=13377\">Okumaya Devam Et.. <span class=\"meta-nav\">&rarr; <\/span><\/a><\/p>\n","protected":false},"author":1,"featured_media":13391,"comment_status":"closed","ping_status":"open","sticky":false,"template":"","format":"standard","meta":{"jetpack_post_was_ever_published":false,"_jetpack_newsletter_access":"","_jetpack_dont_email_post_to_subs":false,"_jetpack_newsletter_tier_id":0,"_jetpack_memberships_contains_paywalled_content":false,"_jetpack_memberships_contains_paid_content":false,"footnotes":"","jetpack_publicize_message":"","jetpack_publicize_feature_enabled":true,"jetpack_social_post_already_shared":true,"jetpack_social_options":{"image_generator_settings":{"template":"highway","default_image_id":0,"font":"","enabled":false},"version":2}},"categories":[7],"tags":[],"class_list":["post-13377","post","type-post","status-publish","format-standard","has-post-thumbnail","hentry","category-haberler"],"jetpack_publicize_connections":[],"jetpack_featured_media_url":"https:\/\/sarimelekler.biz\/wp-content\/uploads\/2020\/04\/1-EvdeKal-Kapak.jpg","jetpack_sharing_enabled":true,"jetpack_shortlink":"https:\/\/wp.me\/p8npUZ-3tL","jetpack-related-posts":[{"id":13431,"url":"https:\/\/sarimelekler.biz\/?p=13431","url_meta":{"origin":13377,"position":0},"title":"Fenerbah\u00e7e Opet\u2019in S\u00f6zle\u015fme Yenilemedi\u011fi Jordan Thompson Tak\u0131m\u0131m\u0131zdan Ayr\u0131ld\u0131.","author":"Edit\u00f6r","date":"12 May\u0131s 2020","format":false,"excerpt":"Fenerbah\u00e7e Opet Kad\u0131n Voleybol tak\u0131m\u0131m\u0131z\u0131n Pas\u00f6r \u00c7apraz\u0131 Melissa Vargas, tak\u0131m\u0131m\u0131z\u0131n 28 Kas\u0131m 2019 g\u00fcn\u00fc kar\u015f\u0131la\u015ft\u0131\u011f\u0131 Budowlani Lodz ma\u00e7\u0131 3. setinde sa\u011f ayak bile\u011finden sakatlanm\u0131\u015ft\u0131. Melissa Vargas\u2019\u0131n sakatl\u0131\u011f\u0131n\u0131n beklenenden uzun s\u00fcrecek olmas\u0131ndan dolay\u0131 kul\u00fcb\u00fcm\u00fcz bu pozisyona 19.12.2019 g\u00fcn\u00fc Amerikal\u0131 pas\u00f6r \u00e7apras\u0131 Jordan Thompson\u2019u transfer etmi\u015fti. Thompson 03.01.2020 g\u00fcn\u00fc tak\u0131m\u0131m\u0131za kat\u0131lm\u0131\u015ft\u0131. 19.03.2020\u2026","rel":"","context":"&quot;Transfer Haberleri&quot; i\u00e7inde","block_context":{"text":"Transfer Haberleri","link":"https:\/\/sarimelekler.biz\/?cat=23"},"img":{"alt_text":"","src":"https:\/\/i0.wp.com\/sarimelekler.biz\/wp-content\/uploads\/2020\/05\/Jordan-Kapak.jpg?resize=350%2C200&ssl=1","width":350,"height":200,"srcset":"https:\/\/i0.wp.com\/sarimelekler.biz\/wp-content\/uploads\/2020\/05\/Jordan-Kapak.jpg?resize=350%2C200&ssl=1 1x, https:\/\/i0.wp.com\/sarimelekler.biz\/wp-content\/uploads\/2020\/05\/Jordan-Kapak.jpg?resize=525%2C300&ssl=1 1.5x, https:\/\/i0.wp.com\/sarimelekler.biz\/wp-content\/uploads\/2020\/05\/Jordan-Kapak.jpg?resize=700%2C400&ssl=1 2x, https:\/\/i0.wp.com\/sarimelekler.biz\/wp-content\/uploads\/2020\/05\/Jordan-Kapak.jpg?resize=1050%2C600&ssl=1 3x, https:\/\/i0.wp.com\/sarimelekler.biz\/wp-content\/uploads\/2020\/05\/Jordan-Kapak.jpg?resize=1400%2C800&ssl=1 4x"},"classes":[]},{"id":13420,"url":"https:\/\/sarimelekler.biz\/?p=13420","url_meta":{"origin":13377,"position":1},"title":"Voleybol Ligleri Sonland\u0131r\u0131ld\u0131.","author":"Edit\u00f6r","date":"11 May\u0131s 2020","format":false,"excerpt":"T\u00fcrkiye Cumhuriyeti Gen\u00e7lik ve Spor Bakan\u0131 Sn. Mehmet Muharrem Kasapo\u011flu\u2019nun ev sahipli\u011finde 19.03.2020 g\u00fcn\u00fc Ankara\u2019da yap\u0131lan toplant\u0131 sonucunda, COVID-19 salg\u0131n\u0131na kar\u015f\u0131 al\u0131nan tedbirler kapsam\u0131nda t\u00fcm voleybol ma\u00e7lar\u0131n\u0131n s\u00fcresiz olarak ertelendi\u011fi a\u00e7\u0131klanm\u0131\u015ft\u0131. Ge\u00e7en yakla\u015f\u0131k 53 g\u00fcnde tak\u0131mlar antrenmanlar\u0131na evlerinden \u00c7evrimi\u00e7i olarak s\u00fcrd\u00fcrmekteydi. Bug\u00fcn T\u00fcrkiye Voleybol Federasyonu taraf\u0131ndan; erkek ve kad\u0131n liglerinin\u2026","rel":"","context":"&quot;T\u00fcrkiye Ligi&quot; i\u00e7inde","block_context":{"text":"T\u00fcrkiye Ligi","link":"https:\/\/sarimelekler.biz\/?cat=6"},"img":{"alt_text":"","src":"https:\/\/i0.wp.com\/sarimelekler.biz\/wp-content\/uploads\/2020\/03\/FB-Logo.jpeg?resize=350%2C200&ssl=1","width":350,"height":200,"srcset":"https:\/\/i0.wp.com\/sarimelekler.biz\/wp-content\/uploads\/2020\/03\/FB-Logo.jpeg?resize=350%2C200&ssl=1 1x, https:\/\/i0.wp.com\/sarimelekler.biz\/wp-content\/uploads\/2020\/03\/FB-Logo.jpeg?resize=525%2C300&ssl=1 1.5x, https:\/\/i0.wp.com\/sarimelekler.biz\/wp-content\/uploads\/2020\/03\/FB-Logo.jpeg?resize=700%2C400&ssl=1 2x, https:\/\/i0.wp.com\/sarimelekler.biz\/wp-content\/uploads\/2020\/03\/FB-Logo.jpeg?resize=1050%2C600&ssl=1 3x, https:\/\/i0.wp.com\/sarimelekler.biz\/wp-content\/uploads\/2020\/03\/FB-Logo.jpeg?resize=1400%2C800&ssl=1 4x"},"classes":[]},{"id":15915,"url":"https:\/\/sarimelekler.biz\/?p=15915","url_meta":{"origin":13377,"position":2},"title":"2.Lig: Elif Sars\u0131lmazlar Fenerbah\u00e7e\u2019de Devam Ediyor","author":"Edit\u00f6r","date":"3 A\u011fustos 2021","format":false,"excerpt":"\u00a0 Kul\u00fcb\u00fcm\u00fcz\u00fcn Kad\u0131n Voleybol altyap\u0131s\u0131ndan A Tak\u0131ma oyuncu yeti\u015ftirmek amac\u0131yla kurdu\u011fu Y\u0131ld\u0131z K\u0131z ve Gen\u00e7 K\u0131z Voleybol Tak\u0131mlar\u0131m\u0131zda g\u00f6rev yapan voleybolcular\u0131m\u0131zdan olu\u015fan 2. Lig Tak\u0131m\u0131m\u0131za bu y\u0131l\u0131n Ocak ay\u0131nda sma\u00e7\u00f6r pozisyonunda oynayan Elif Sars\u0131lmazlar\u2019\u0131 transfer etmi\u015fti. Elif 2021-2022 sezonunda da 2. Lig tak\u0131m\u0131m\u0131 kadrosunda yer alacak. Elif Sars\u0131lmazlar 2005 Bursa\u2026","rel":"","context":"&quot;2. Lig Tak\u0131m\u0131&quot; i\u00e7inde","block_context":{"text":"2. Lig Tak\u0131m\u0131","link":"https:\/\/sarimelekler.biz\/?cat=26"},"img":{"alt_text":"","src":"https:\/\/i0.wp.com\/sarimelekler.biz\/wp-content\/uploads\/2021\/08\/Elif-Sarsizmazlar-kapak.jpg?resize=350%2C200&ssl=1","width":350,"height":200,"srcset":"https:\/\/i0.wp.com\/sarimelekler.biz\/wp-content\/uploads\/2021\/08\/Elif-Sarsizmazlar-kapak.jpg?resize=350%2C200&ssl=1 1x, https:\/\/i0.wp.com\/sarimelekler.biz\/wp-content\/uploads\/2021\/08\/Elif-Sarsizmazlar-kapak.jpg?resize=525%2C300&ssl=1 1.5x, https:\/\/i0.wp.com\/sarimelekler.biz\/wp-content\/uploads\/2021\/08\/Elif-Sarsizmazlar-kapak.jpg?resize=700%2C400&ssl=1 2x, https:\/\/i0.wp.com\/sarimelekler.biz\/wp-content\/uploads\/2021\/08\/Elif-Sarsizmazlar-kapak.jpg?resize=1050%2C600&ssl=1 3x"},"classes":[]},{"id":15646,"url":"https:\/\/sarimelekler.biz\/?p=15646","url_meta":{"origin":13377,"position":3},"title":"Ba\u015far\u0131l\u0131 Oyuncumuz Melissa Vargas T\u00fcrk Vatanda\u015fl\u0131\u011f\u0131na Ge\u00e7ti","author":"Edit\u00f6r","date":"10 Nisan 2021","format":false,"excerpt":"T\u00fcrkiye Voleybol Federasyonu\u2019nun, Fenerbah\u00e7e Opet Kad\u0131n Voleybol Tak\u0131m\u0131m\u0131z\u0131n K\u00fcbal\u0131 oyuncusu Melissa Teresa Vargas Abreu\u2019nun T\u00fcrkiye Cumhuriyeti vatanda\u015fl\u0131\u011f\u0131n\u0131 almas\u0131 konusunda yapm\u0131\u015f oldu\u011fu ba\u015fvuru onayland\u0131 ve Cumhurba\u015fkan\u0131m\u0131z Say\u0131n Recep Tayyip Erdo\u011fan, Melissa Vargas\u2019a T\u00fcrkiye Cumhuriyeti Kimlik Kart\u0131\u2019n\u0131 takdim etti. T.C. Vatanda\u015fl\u0131\u011f\u0131\u2019na ge\u00e7me i\u015flemleri tamamland\u0131\u011f\u0131 i\u00e7in \u00e7ok mutlu oldu\u011funu ifade eden Melissa Vargas,\u2026","rel":"","context":"&quot;Haberler&quot; i\u00e7inde","block_context":{"text":"Haberler","link":"https:\/\/sarimelekler.biz\/?cat=7"},"img":{"alt_text":"","src":"https:\/\/i0.wp.com\/sarimelekler.biz\/wp-content\/uploads\/2021\/04\/Kapak.jpg?resize=350%2C200&ssl=1","width":350,"height":200,"srcset":"https:\/\/i0.wp.com\/sarimelekler.biz\/wp-content\/uploads\/2021\/04\/Kapak.jpg?resize=350%2C200&ssl=1 1x, https:\/\/i0.wp.com\/sarimelekler.biz\/wp-content\/uploads\/2021\/04\/Kapak.jpg?resize=525%2C300&ssl=1 1.5x, https:\/\/i0.wp.com\/sarimelekler.biz\/wp-content\/uploads\/2021\/04\/Kapak.jpg?resize=700%2C400&ssl=1 2x, https:\/\/i0.wp.com\/sarimelekler.biz\/wp-content\/uploads\/2021\/04\/Kapak.jpg?resize=1050%2C600&ssl=1 3x, https:\/\/i0.wp.com\/sarimelekler.biz\/wp-content\/uploads\/2021\/04\/Kapak.jpg?resize=1400%2C800&ssl=1 4x"},"classes":[]},{"id":15747,"url":"https:\/\/sarimelekler.biz\/?p=15747","url_meta":{"origin":13377,"position":4},"title":"4 Gen\u00e7 Oyuncumuz, Geli\u015fimlerinin Devam Edebilmesi \u0130\u00e7in Kiraland\u0131","author":"Edit\u00f6r","date":"28 Nisan 2021","format":false,"excerpt":"Kul\u00fcb\u00fcm\u00fcz, Fenerbah\u00e7e Opet Kad\u0131n Voleybol tak\u0131m\u0131m\u0131z\u0131n gen\u00e7 oyuncular\u0131 Lila \u015eeng\u00fcn ve \u00a0G\u00fclce G\u00fc\u00e7tekin\u2019in 2021-2022 sezonu i\u00e7in Sar\u0131yer Belediyesi Spor Kul\u00fcb\u00fc\u2019ne, Hilal Kocakara ve Sude Naz Uzun\u2019un ise 2021-2022 ve 2022-2023 sezonlar\u0131 i\u00e7in Nil\u00fcfer Belediyespor\u2019a kiraland\u0131klar\u0131n\u0131 resmi sitesinden yapt\u0131\u011f\u0131 a\u00e7\u0131klamayla duyurdu. Uzun senelerdir tak\u0131m\u0131m\u0131z\u0131n alt yap\u0131s\u0131nda e\u011fitim alan ve as tak\u0131m\u0131m\u0131za\u2026","rel":"","context":"&quot;Transfer Haberleri&quot; i\u00e7inde","block_context":{"text":"Transfer Haberleri","link":"https:\/\/sarimelekler.biz\/?cat=23"},"img":{"alt_text":"","src":"https:\/\/i0.wp.com\/sarimelekler.biz\/wp-content\/uploads\/2021\/04\/Ge%C3%A7ler.jpg?resize=350%2C200&ssl=1","width":350,"height":200,"srcset":"https:\/\/i0.wp.com\/sarimelekler.biz\/wp-content\/uploads\/2021\/04\/Ge%C3%A7ler.jpg?resize=350%2C200&ssl=1 1x, https:\/\/i0.wp.com\/sarimelekler.biz\/wp-content\/uploads\/2021\/04\/Ge%C3%A7ler.jpg?resize=525%2C300&ssl=1 1.5x, https:\/\/i0.wp.com\/sarimelekler.biz\/wp-content\/uploads\/2021\/04\/Ge%C3%A7ler.jpg?resize=700%2C400&ssl=1 2x"},"classes":[]},{"id":15928,"url":"https:\/\/sarimelekler.biz\/?p=15928","url_meta":{"origin":13377,"position":5},"title":"2.Lig: Tuana Y\u00fcce Fenerbah\u00e7e\u2019de","author":"Edit\u00f6r","date":"4 A\u011fustos 2021","format":false,"excerpt":"Kul\u00fcb\u00fcm\u00fcz\u00fcn Kad\u0131n Voleybol altyap\u0131s\u0131ndan A Tak\u0131ma oyuncu yeti\u015ftirmek amac\u0131yla kurdu\u011fu Y\u0131ld\u0131z K\u0131z ve Gen\u00e7 K\u0131z Voleybol Tak\u0131mlar\u0131m\u0131zda g\u00f6rev yapan voleybolcular\u0131m\u0131zdan olu\u015fan 2. Lig Tak\u0131m\u0131m\u0131za libero pozisyonunda oynayan Tuana Y\u00fcce\u2019yi transfer etti. Tuana Y\u00fcce 2005 \u0130stanbul do\u011fumlu, daha \u00f6nce Galatasaray ve Kartal Anadolu Spor Kul\u00fcplerinde forma giydi. 16 ya\u015f\u0131ndaki oyuncumuz 172\u2026","rel":"","context":"&quot;2. Lig Tak\u0131m\u0131&quot; i\u00e7inde","block_context":{"text":"2. Lig Tak\u0131m\u0131","link":"https:\/\/sarimelekler.biz\/?cat=26"},"img":{"alt_text":"","src":"https:\/\/i0.wp.com\/sarimelekler.biz\/wp-content\/uploads\/2021\/08\/Tuana-Yuce-Kapak.jpg?resize=350%2C200&ssl=1","width":350,"height":200,"srcset":"https:\/\/i0.wp.com\/sarimelekler.biz\/wp-content\/uploads\/2021\/08\/Tuana-Yuce-Kapak.jpg?resize=350%2C200&ssl=1 1x, https:\/\/i0.wp.com\/sarimelekler.biz\/wp-content\/uploads\/2021\/08\/Tuana-Yuce-Kapak.jpg?resize=525%2C300&ssl=1 1.5x, https:\/\/i0.wp.com\/sarimelekler.biz\/wp-content\/uploads\/2021\/08\/Tuana-Yuce-Kapak.jpg?resize=700%2C400&ssl=1 2x, https:\/\/i0.wp.com\/sarimelekler.biz\/wp-content\/uploads\/2021\/08\/Tuana-Yuce-Kapak.jpg?resize=1050%2C600&ssl=1 3x"},"classes":[]}],"_links":{"self":[{"href":"https:\/\/sarimelekler.biz\/index.php?rest_route=\/wp\/v2\/posts\/13377","targetHints":{"allow":["GET"]}}],"collection":[{"href":"https:\/\/sarimelekler.biz\/index.php?rest_route=\/wp\/v2\/posts"}],"about":[{"href":"https:\/\/sarimelekler.biz\/index.php?rest_route=\/wp\/v2\/types\/post"}],"author":[{"embeddable":true,"href":"https:\/\/sarimelekler.biz\/index.php?rest_route=\/wp\/v2\/users\/1"}],"replies":[{"embeddable":true,"href":"https:\/\/sarimelekler.biz\/index.php?rest_route=%2Fwp%2Fv2%2Fcomments&post=13377"}],"version-history":[{"count":6,"href":"https:\/\/sarimelekler.biz\/index.php?rest_route=\/wp\/v2\/posts\/13377\/revisions"}],"predecessor-version":[{"id":13392,"href":"https:\/\/sarimelekler.biz\/index.php?rest_route=\/wp\/v2\/posts\/13377\/revisions\/13392"}],"wp:featuredmedia":[{"embeddable":true,"href":"https:\/\/sarimelekler.biz\/index.php?rest_route=\/wp\/v2\/media\/13391"}],"wp:attachment":[{"href":"https:\/\/sarimelekler.biz\/index.php?rest_route=%2Fwp%2Fv2%2Fmedia&parent=13377"}],"wp:term":[{"taxonomy":"category","embeddable":true,"href":"https:\/\/sarimelekler.biz\/index.php?rest_route=%2Fwp%2Fv2%2Fcategories&post=13377"},{"taxonomy":"post_tag","embeddable":true,"href":"https:\/\/sarimelekler.biz\/index.php?rest_route=%2Fwp%2Fv2%2Ftags&post=13377"}],"curies":[{"name":"wp","href":"https:\/\/api.w.org\/{rel}","templated":true}]}}