{"id":13393,"date":"2020-04-20T23:59:01","date_gmt":"2020-04-20T20:59:01","guid":{"rendered":"http:\/\/sarimelekler.biz\/?p=13393"},"modified":"2020-04-21T00:03:39","modified_gmt":"2020-04-20T21:03:39","slug":"genc-kaptanimiz-melisa-nur-temiz-amerikan-kadin-universite-voleybol-ligine-secildi","status":"publish","type":"post","link":"https:\/\/sarimelekler.biz\/?p=13393","title":{"rendered":"Gen\u00e7 Kaptan\u0131m\u0131z Melisa Nur Temiz, Amerikan Kad\u0131n \u00dcniversite Voleybol Ligi\u2019ne Se\u00e7ildi."},"content":{"rendered":"<p style=\"text-align: justify;\">Fenerbah\u00e7e Y\u0131ld\u0131z K\u0131z tak\u0131m\u0131m\u0131z ile gen\u00e7 oyuncular\u0131m\u0131zdan kurulu 2. lig Voleybol tak\u0131m\u0131m\u0131z\u0131n kaptanl\u0131klar\u0131n\u0131 yapan 2002 do\u011fumlu Melisa Nur Temiz, Amerikan Kad\u0131n \u00dcniversite Voleybol Ligi\u2019ne (NCAA) se\u00e7ildi.<\/p>\n<p style=\"text-align: justify;\">Orta oyuncu pozisyonunda g\u00f6rev yapan ve 2014 y\u0131l\u0131ndan bu yana formam\u0131z\u0131 terleten Melisa Nur Temiz, 2020-2021 \u00f6\u011fretim y\u0131l\u0131ndan itibaren West Virginia \u00dcniversitesinde 4 sene boyunca hem \u00f6\u011frenimini tamamlayacak ayn\u0131 zamanda da Amerikan Kad\u0131n \u00dcniversite Voleybol Ligi\u2019nde\u00a0 m\u00fccadele edecek.<\/p>\n<p style=\"text-align: justify;\">Alt\u0131n jenerasyonumuz olacak bu gen\u00e7 oyuncular\u0131m\u0131zdan Melissa K\u00f6l\u00fcrba\u015f\u0131 2018-19, Ezgi \u00d6zkan ise 2019-20 \u00f6\u011fretim y\u0131l\u0131nda Amerikan Kad\u0131n \u00dcniversite Voleybol Ligi\u2019ne se\u00e7ilmi\u015fti ve halen \u00f6\u011frenimlerini devam ettiriyorlar.<\/p>\n<p style=\"text-align: justify;\">Kaptan\u0131m\u0131z\u0131 tebrik eder, bu zorlu yolda ba\u015far\u0131lar dileriz.<\/p>\n<blockquote class=\"instagram-media\" style=\"background: #FFF; border: 0; border-radius: 3px; box-shadow: 0 0 1px 0 rgba(0,0,0,0.5),0 1px 10px 0 rgba(0,0,0,0.15); margin: 1px; max-width: 540px; min-width: 326px; padding: 0; width: calc(100% - 2px);\" data-instgrm-captioned=\"\" data-instgrm-permalink=\"https:\/\/www.instagram.com\/p\/B_M3q3Ole4D\/?utm_source=ig_embed&amp;utm_campaign=loading\" data-instgrm-version=\"12\">\n<div style=\"padding: 16px;\">\n<div style=\"display: flex; flex-direction: row; align-items: center;\">\n<div style=\"background-color: #f4f4f4; border-radius: 50%; flex-grow: 0; height: 40px; margin-right: 14px; width: 40px;\"><\/div>\n<div style=\"display: flex; flex-direction: column; flex-grow: 1; justify-content: center;\">\n<div style=\"background-color: #f4f4f4; border-radius: 4px; flex-grow: 0; height: 14px; margin-bottom: 6px; width: 100px;\"><\/div>\n<div style=\"background-color: #f4f4f4; border-radius: 4px; flex-grow: 0; height: 14px; width: 60px;\"><\/div>\n<\/div>\n<\/div>\n<div style=\"padding: 19% 0;\"><\/div>\n<div style=\"display: block; height: 50px; margin: 0 auto 12px; width: 50px;\"><\/div>\n<div style=\"padding-top: 8px;\">\n<div style=\"color: #3897f0; font-family: Arial,sans-serif; font-size: 14px; font-style: normal; font-weight: 550; line-height: 18px;\">Bu g\u00f6nderiyi Instagram&#8217;da g\u00f6r<\/div>\n<\/div>\n<div style=\"padding: 12.5% 0;\"><\/div>\n<div style=\"display: flex; flex-direction: row; margin-bottom: 14px; align-items: center;\">\n<div>\n<div style=\"background-color: #f4f4f4; border-radius: 50%; height: 12.5px; width: 12.5px; transform: translateX(0px) translateY(7px);\"><\/div>\n<div style=\"background-color: #f4f4f4; height: 12.5px; transform: rotate(-45deg) translateX(3px) translateY(1px); width: 12.5px; flex-grow: 0; margin-right: 14px; margin-left: 2px;\"><\/div>\n<div style=\"background-color: #f4f4f4; border-radius: 50%; height: 12.5px; width: 12.5px; transform: translateX(9px) translateY(-18px);\"><\/div>\n<\/div>\n<div style=\"margin-left: 8px;\">\n<div style=\"background-color: #f4f4f4; border-radius: 50%; flex-grow: 0; height: 20px; width: 20px;\"><\/div>\n<div style=\"width: 0; height: 0; border-top: 2px solid transparent; border-left: 6px solid #f4f4f4; border-bottom: 2px solid transparent; transform: translateX(16px) translateY(-4px) rotate(30deg);\"><\/div>\n<\/div>\n<div style=\"margin-left: auto;\">\n<div style=\"width: 0px; border-top: 8px solid #F4F4F4; border-right: 8px solid transparent; transform: translateY(16px);\"><\/div>\n<div style=\"background-color: #f4f4f4; flex-grow: 0; height: 12px; width: 16px; transform: translateY(-4px);\"><\/div>\n<div style=\"width: 0; height: 0; border-top: 8px solid #F4F4F4; border-left: 8px solid transparent; transform: translateY(-4px) translateX(8px);\"><\/div>\n<\/div>\n<\/div>\n<p style=\"margin: 8px 0 0 0; padding: 0 4px;\"><a style=\"color: #000; font-family: Arial,sans-serif; font-size: 14px; font-style: normal; font-weight: normal; line-height: 17px; text-decoration: none; word-wrap: break-word;\" href=\"https:\/\/www.instagram.com\/p\/B_M3q3Ole4D\/?utm_source=ig_embed&amp;utm_campaign=loading\" target=\"_blank\" rel=\"noopener noreferrer\">Talented, yet humble&#8230; Respectful, yet relentless&#8230; Kind, genuine, and truly so competitive&#8230; @melisanurtemiz &#8211; Melisa Nur (nur = light) \ud83d\ude00 You will light up the state of West Virginia, the entire Big12 conference, and earn amazing opportunities in your life, because you are really so deserving! Being brave, having the courage and inner strength no matter the obstacles in your life, you have been able to help Turkey, Fenerbahce, and your teammates win and be successful in every turn, doing always everything that was asked. This pivotal moment in your life, with your position transition at the Power-5 level, and having new challenges, demands, and opportunities ahead of you, we know you will do well. Around some of the brightest minds in international volleyball with decades of experience, with national and international titles and awards in Coach Sunahara and Coach de Souza, who in every turn confirms what a special human being, mentor, coach, teacher, and life ally he is for the young people he helps grow to successful professionals, you will win in life. You broke many coaches&#8217; hearts, but even the coaches who do not get your YES want to see you do well, and that speaks volumes. You earned everyone&#8217;s respect, admiration, and love. Keep working hard, loving volleyball, and you will really let your light shine bright in America and wherever your future finds you. It&#8217;s an honor to call you family. We&#8217;ll be by your side always! #NOMOS #Signed @nomosllc @wvuvolleyball @melisanurtemiz<\/a><\/p>\n<p style=\"color: #c9c8cd; font-family: Arial,sans-serif; font-size: 14px; line-height: 17px; margin-bottom: 0; margin-top: 8px; overflow: hidden; padding: 8px 0 7px; text-align: center; text-overflow: ellipsis; white-space: nowrap;\"><a style=\"color: #c9c8cd; font-family: Arial,sans-serif; font-size: 14px; font-style: normal; font-weight: normal; line-height: 17px;\" href=\"https:\/\/www.instagram.com\/nomosllc\/?utm_source=ig_embed&amp;utm_campaign=loading\" target=\"_blank\" rel=\"noopener noreferrer\"> NOMOS LLC<\/a> (@nomosllc)&#8217;in payla\u015ft\u0131\u011f\u0131 bir g\u00f6nderi (<time style=\"font-family: Arial,sans-serif; font-size: 14px; line-height: 17px;\" datetime=\"2020-04-20T11:31:25+00:00\">20 Nis, 2020, 4:31\u00f6\u00f6 PDT<\/time>)<\/p>\n<\/div>\n<\/blockquote>\n<p><script async=\"\" src=\"\/\/www.instagram.com\/embed.js\"><\/script><\/p>\n\n\t\t<style type=\"text\/css\">\n\t\t\t#gallery-1 {\n\t\t\t\tmargin: auto;\n\t\t\t}\n\t\t\t#gallery-1 .gallery-item {\n\t\t\t\tfloat: left;\n\t\t\t\tmargin-top: 10px;\n\t\t\t\ttext-align: center;\n\t\t\t\twidth: 100%;\n\t\t\t}\n\t\t\t#gallery-1 img {\n\t\t\t\tborder: 2px solid #cfcfcf;\n\t\t\t}\n\t\t\t#gallery-1 .gallery-caption {\n\t\t\t\tmargin-left: 0;\n\t\t\t}\n\t\t\t\/* see gallery_shortcode() in wp-includes\/media.php *\/\n\t\t<\/style>\n\t\t<div data-carousel-extra='{&quot;blog_id&quot;:1,&quot;permalink&quot;:&quot;https:\/\/sarimelekler.biz\/?p=13393&quot;}' id='gallery-1' class='gallery galleryid-13393 gallery-columns-1 gallery-size-large'><dl class='gallery-item'>\n\t\t\t<dt class='gallery-icon landscape'>\n\t\t\t\t<a href='https:\/\/sarimelekler.biz\/?attachment_id=12567'><img loading=\"lazy\" decoding=\"async\" width=\"860\" height=\"593\" src=\"https:\/\/sarimelekler.biz\/wp-content\/uploads\/2019\/12\/19-20-B-Tak\u0131m-8-1024x706.jpg\" class=\"attachment-large size-large\" alt=\"Melisa Nur Temiz\" srcset=\"https:\/\/sarimelekler.biz\/wp-content\/uploads\/2019\/12\/19-20-B-Tak\u0131m-8-1024x706.jpg 1024w, https:\/\/sarimelekler.biz\/wp-content\/uploads\/2019\/12\/19-20-B-Tak\u0131m-8-300x207.jpg 300w, https:\/\/sarimelekler.biz\/wp-content\/uploads\/2019\/12\/19-20-B-Tak\u0131m-8-768x530.jpg 768w, https:\/\/sarimelekler.biz\/wp-content\/uploads\/2019\/12\/19-20-B-Tak\u0131m-8-150x103.jpg 150w, https:\/\/sarimelekler.biz\/wp-content\/uploads\/2019\/12\/19-20-B-Tak\u0131m-8.jpg 1080w\" sizes=\"auto, (max-width: 860px) 100vw, 860px\" data-attachment-id=\"12567\" data-permalink=\"https:\/\/sarimelekler.biz\/?attachment_id=12567\" data-orig-file=\"https:\/\/sarimelekler.biz\/wp-content\/uploads\/2019\/12\/19-20-B-Tak\u0131m-8.jpg\" data-orig-size=\"1080,745\" data-comments-opened=\"0\" data-image-meta=\"{&quot;aperture&quot;:&quot;0&quot;,&quot;credit&quot;:&quot;&quot;,&quot;camera&quot;:&quot;&quot;,&quot;caption&quot;:&quot;&quot;,&quot;created_timestamp&quot;:&quot;0&quot;,&quot;copyright&quot;:&quot;&quot;,&quot;focal_length&quot;:&quot;0&quot;,&quot;iso&quot;:&quot;0&quot;,&quot;shutter_speed&quot;:&quot;0&quot;,&quot;title&quot;:&quot;&quot;,&quot;orientation&quot;:&quot;0&quot;}\" data-image-title=\"19-20 B Tak\u0131m (8)\" data-image-description=\"\" data-image-caption=\"\" data-large-file=\"https:\/\/sarimelekler.biz\/wp-content\/uploads\/2019\/12\/19-20-B-Tak\u0131m-8-1024x706.jpg\" \/><\/a>\n\t\t\t<\/dt><\/dl><br style=\"clear: both\" \/><dl class='gallery-item'>\n\t\t\t<dt class='gallery-icon portrait'>\n\t\t\t\t<a href='https:\/\/sarimelekler.biz\/?attachment_id=13394'><img loading=\"lazy\" decoding=\"async\" width=\"860\" height=\"1002\" src=\"https:\/\/sarimelekler.biz\/wp-content\/uploads\/2020\/04\/87184400_10215296326433104_4698672399095169024_o-879x1024.jpg\" class=\"attachment-large size-large\" alt=\"\" srcset=\"https:\/\/sarimelekler.biz\/wp-content\/uploads\/2020\/04\/87184400_10215296326433104_4698672399095169024_o-879x1024.jpg 879w, https:\/\/sarimelekler.biz\/wp-content\/uploads\/2020\/04\/87184400_10215296326433104_4698672399095169024_o-257x300.jpg 257w, https:\/\/sarimelekler.biz\/wp-content\/uploads\/2020\/04\/87184400_10215296326433104_4698672399095169024_o-768x895.jpg 768w, https:\/\/sarimelekler.biz\/wp-content\/uploads\/2020\/04\/87184400_10215296326433104_4698672399095169024_o-1318x1536.jpg 1318w, https:\/\/sarimelekler.biz\/wp-content\/uploads\/2020\/04\/87184400_10215296326433104_4698672399095169024_o-129x150.jpg 129w, https:\/\/sarimelekler.biz\/wp-content\/uploads\/2020\/04\/87184400_10215296326433104_4698672399095169024_o.jpg 1652w\" sizes=\"auto, (max-width: 860px) 100vw, 860px\" data-attachment-id=\"13394\" data-permalink=\"https:\/\/sarimelekler.biz\/?attachment_id=13394\" data-orig-file=\"https:\/\/sarimelekler.biz\/wp-content\/uploads\/2020\/04\/87184400_10215296326433104_4698672399095169024_o.jpg\" data-orig-size=\"1652,1925\" data-comments-opened=\"0\" data-image-meta=\"{&quot;aperture&quot;:&quot;0&quot;,&quot;credit&quot;:&quot;&quot;,&quot;camera&quot;:&quot;&quot;,&quot;caption&quot;:&quot;&quot;,&quot;created_timestamp&quot;:&quot;0&quot;,&quot;copyright&quot;:&quot;&quot;,&quot;focal_length&quot;:&quot;0&quot;,&quot;iso&quot;:&quot;0&quot;,&quot;shutter_speed&quot;:&quot;0&quot;,&quot;title&quot;:&quot;&quot;,&quot;orientation&quot;:&quot;0&quot;}\" data-image-title=\"87184400_10215296326433104_4698672399095169024_o\" data-image-description=\"\" data-image-caption=\"\" data-large-file=\"https:\/\/sarimelekler.biz\/wp-content\/uploads\/2020\/04\/87184400_10215296326433104_4698672399095169024_o-879x1024.jpg\" \/><\/a>\n\t\t\t<\/dt><\/dl><br style=\"clear: both\" \/><dl class='gallery-item'>\n\t\t\t<dt class='gallery-icon portrait'>\n\t\t\t\t<a href='https:\/\/sarimelekler.biz\/?attachment_id=13395'><img loading=\"lazy\" decoding=\"async\" width=\"663\" height=\"1024\" src=\"https:\/\/sarimelekler.biz\/wp-content\/uploads\/2020\/04\/87291034_10215296361153972_3314700002063810560_o-663x1024.jpg\" class=\"attachment-large size-large\" alt=\"\" srcset=\"https:\/\/sarimelekler.biz\/wp-content\/uploads\/2020\/04\/87291034_10215296361153972_3314700002063810560_o-663x1024.jpg 663w, https:\/\/sarimelekler.biz\/wp-content\/uploads\/2020\/04\/87291034_10215296361153972_3314700002063810560_o-194x300.jpg 194w, https:\/\/sarimelekler.biz\/wp-content\/uploads\/2020\/04\/87291034_10215296361153972_3314700002063810560_o-768x1187.jpg 768w, https:\/\/sarimelekler.biz\/wp-content\/uploads\/2020\/04\/87291034_10215296361153972_3314700002063810560_o-994x1536.jpg 994w, https:\/\/sarimelekler.biz\/wp-content\/uploads\/2020\/04\/87291034_10215296361153972_3314700002063810560_o-97x150.jpg 97w, https:\/\/sarimelekler.biz\/wp-content\/uploads\/2020\/04\/87291034_10215296361153972_3314700002063810560_o.jpg 1077w\" sizes=\"auto, (max-width: 663px) 100vw, 663px\" data-attachment-id=\"13395\" data-permalink=\"https:\/\/sarimelekler.biz\/?attachment_id=13395\" data-orig-file=\"https:\/\/sarimelekler.biz\/wp-content\/uploads\/2020\/04\/87291034_10215296361153972_3314700002063810560_o.jpg\" data-orig-size=\"1077,1664\" data-comments-opened=\"0\" data-image-meta=\"{&quot;aperture&quot;:&quot;0&quot;,&quot;credit&quot;:&quot;&quot;,&quot;camera&quot;:&quot;&quot;,&quot;caption&quot;:&quot;&quot;,&quot;created_timestamp&quot;:&quot;0&quot;,&quot;copyright&quot;:&quot;&quot;,&quot;focal_length&quot;:&quot;0&quot;,&quot;iso&quot;:&quot;0&quot;,&quot;shutter_speed&quot;:&quot;0&quot;,&quot;title&quot;:&quot;&quot;,&quot;orientation&quot;:&quot;0&quot;}\" data-image-title=\"87291034_10215296361153972_3314700002063810560_o\" data-image-description=\"\" data-image-caption=\"\" data-large-file=\"https:\/\/sarimelekler.biz\/wp-content\/uploads\/2020\/04\/87291034_10215296361153972_3314700002063810560_o-663x1024.jpg\" \/><\/a>\n\t\t\t<\/dt><\/dl><br style=\"clear: both\" \/><dl class='gallery-item'>\n\t\t\t<dt class='gallery-icon landscape'>\n\t\t\t\t<a href='https:\/\/sarimelekler.biz\/?attachment_id=11725'><img loading=\"lazy\" decoding=\"async\" width=\"749\" height=\"541\" src=\"https:\/\/sarimelekler.biz\/wp-content\/uploads\/2019\/09\/Melisa-Nur-Temiz.jpg\" class=\"attachment-large size-large\" alt=\"\" srcset=\"https:\/\/sarimelekler.biz\/wp-content\/uploads\/2019\/09\/Melisa-Nur-Temiz.jpg 749w, https:\/\/sarimelekler.biz\/wp-content\/uploads\/2019\/09\/Melisa-Nur-Temiz-300x217.jpg 300w, https:\/\/sarimelekler.biz\/wp-content\/uploads\/2019\/09\/Melisa-Nur-Temiz-150x108.jpg 150w\" sizes=\"auto, (max-width: 749px) 100vw, 749px\" data-attachment-id=\"11725\" data-permalink=\"https:\/\/sarimelekler.biz\/?attachment_id=11725\" data-orig-file=\"https:\/\/sarimelekler.biz\/wp-content\/uploads\/2019\/09\/Melisa-Nur-Temiz.jpg\" data-orig-size=\"749,541\" data-comments-opened=\"0\" data-image-meta=\"{&quot;aperture&quot;:&quot;0&quot;,&quot;credit&quot;:&quot;&quot;,&quot;camera&quot;:&quot;&quot;,&quot;caption&quot;:&quot;&quot;,&quot;created_timestamp&quot;:&quot;0&quot;,&quot;copyright&quot;:&quot;&quot;,&quot;focal_length&quot;:&quot;0&quot;,&quot;iso&quot;:&quot;0&quot;,&quot;shutter_speed&quot;:&quot;0&quot;,&quot;title&quot;:&quot;&quot;,&quot;orientation&quot;:&quot;0&quot;}\" data-image-title=\"Melisa Nur Temiz\" data-image-description=\"\" data-image-caption=\"\" data-large-file=\"https:\/\/sarimelekler.biz\/wp-content\/uploads\/2019\/09\/Melisa-Nur-Temiz.jpg\" \/><\/a>\n\t\t\t<\/dt><\/dl><br style=\"clear: both\" \/><dl class='gallery-item'>\n\t\t\t<dt class='gallery-icon landscape'>\n\t\t\t\t<a href='https:\/\/sarimelekler.biz\/?attachment_id=13396'><img loading=\"lazy\" decoding=\"async\" width=\"860\" height=\"778\" src=\"https:\/\/sarimelekler.biz\/wp-content\/uploads\/2020\/04\/Melisa-Nur-Temiz-Madalya.jpg\" class=\"attachment-large size-large\" alt=\"\" srcset=\"https:\/\/sarimelekler.biz\/wp-content\/uploads\/2020\/04\/Melisa-Nur-Temiz-Madalya.jpg 960w, https:\/\/sarimelekler.biz\/wp-content\/uploads\/2020\/04\/Melisa-Nur-Temiz-Madalya-300x271.jpg 300w, https:\/\/sarimelekler.biz\/wp-content\/uploads\/2020\/04\/Melisa-Nur-Temiz-Madalya-768x694.jpg 768w, https:\/\/sarimelekler.biz\/wp-content\/uploads\/2020\/04\/Melisa-Nur-Temiz-Madalya-150x136.jpg 150w\" sizes=\"auto, (max-width: 860px) 100vw, 860px\" data-attachment-id=\"13396\" data-permalink=\"https:\/\/sarimelekler.biz\/?attachment_id=13396\" data-orig-file=\"https:\/\/sarimelekler.biz\/wp-content\/uploads\/2020\/04\/Melisa-Nur-Temiz-Madalya.jpg\" data-orig-size=\"960,868\" data-comments-opened=\"0\" data-image-meta=\"{&quot;aperture&quot;:&quot;0&quot;,&quot;credit&quot;:&quot;&quot;,&quot;camera&quot;:&quot;&quot;,&quot;caption&quot;:&quot;&quot;,&quot;created_timestamp&quot;:&quot;0&quot;,&quot;copyright&quot;:&quot;&quot;,&quot;focal_length&quot;:&quot;0&quot;,&quot;iso&quot;:&quot;0&quot;,&quot;shutter_speed&quot;:&quot;0&quot;,&quot;title&quot;:&quot;&quot;,&quot;orientation&quot;:&quot;0&quot;}\" data-image-title=\"Melisa Nur Temiz Madalya\" data-image-description=\"\" data-image-caption=\"\" data-large-file=\"https:\/\/sarimelekler.biz\/wp-content\/uploads\/2020\/04\/Melisa-Nur-Temiz-Madalya.jpg\" \/><\/a>\n\t\t\t<\/dt><\/dl><br style=\"clear: both\" \/>\n\t\t<\/div>\n\n<p style=\"text-align: right;\">20.04.2020<\/p>\n","protected":false},"excerpt":{"rendered":"<p>Fenerbah\u00e7e Y\u0131ld\u0131z K\u0131z tak\u0131m\u0131m\u0131z ile gen\u00e7 oyuncular\u0131m\u0131zdan kurulu 2. lig \u2026 <a class=\"continue-reading-link\" href=\"https:\/\/sarimelekler.biz\/?p=13393\">Okumaya Devam Et.. <span class=\"meta-nav\">&rarr; <\/span><\/a><\/p>\n","protected":false},"author":1,"featured_media":13403,"comment_status":"closed","ping_status":"open","sticky":false,"template":"","format":"standard","meta":{"jetpack_post_was_ever_published":false,"_jetpack_newsletter_access":"","_jetpack_dont_email_post_to_subs":false,"_jetpack_newsletter_tier_id":0,"_jetpack_memberships_contains_paywalled_content":false,"_jetpack_memberships_contains_paid_content":false,"footnotes":"","jetpack_publicize_message":"","jetpack_publicize_feature_enabled":true,"jetpack_social_post_already_shared":true,"jetpack_social_options":{"image_generator_settings":{"template":"highway","default_image_id":0,"font":"","enabled":false},"version":2}},"categories":[24],"tags":[],"class_list":["post-13393","post","type-post","status-publish","format-standard","has-post-thumbnail","hentry","category-fenerbahce-genc-takimlari"],"jetpack_publicize_connections":[],"jetpack_featured_media_url":"https:\/\/sarimelekler.biz\/wp-content\/uploads\/2020\/04\/Melisa-Nur-Temiz-Ncaa-Kapak-1.jpg","jetpack_sharing_enabled":true,"jetpack_shortlink":"https:\/\/wp.me\/p8npUZ-3u1","jetpack-related-posts":[{"id":11637,"url":"https:\/\/sarimelekler.biz\/?p=11637","url_meta":{"origin":13393,"position":0},"title":"Fenerbah\u00e7emizin Alt Yap\u0131 Oyuncular\u0131 P\u0131r\u0131l P\u0131r\u0131l Parl\u0131yor.","author":"Edit\u00f6r","date":"15 Eyl\u00fcl 2019","format":false,"excerpt":"2018-2019 sezonunda Alt yap\u0131 tak\u0131mlar\u0131m\u0131zdan Y\u0131ld\u0131z k\u0131z tak\u0131m\u0131m\u0131z \u0130stanbul S\u00fcper Y\u0131ld\u0131z K\u0131zlar ligini 1. bitirken daha sonras\u0131nda Kocaeli\u2019de d\u00fczenlenen Y\u0131ld\u0131z K\u0131zlar T\u00fcrkiye \u015eampiyonas\u0131 \u00e7eyrek finalinde Vak\u0131fbank'\u0131 3-0, yar\u0131 finalinde Galatasaray'\u0131 3-0 ve finalde Eczac\u0131ba\u015f\u0131 Vitra tak\u0131m\u0131n\u0131 3-2 yenerek T\u00fcrkiye \u015eampiyonu oldu. Kocaeli\u2019de ki bu \u015fampiyonada as tak\u0131m\u0131m\u0131zda g\u00f6revli yard\u0131mc\u0131 antren\u00f6r\u00fcm\u00fcz\u2026","rel":"","context":"&quot;Fenerbah\u00e7e Gen\u00e7 Tak\u0131mlar\u0131&quot; i\u00e7inde","block_context":{"text":"Fenerbah\u00e7e Gen\u00e7 Tak\u0131mlar\u0131","link":"https:\/\/sarimelekler.biz\/?cat=24"},"img":{"alt_text":"","src":"https:\/\/i0.wp.com\/sarimelekler.biz\/wp-content\/uploads\/2019\/09\/16-T%C3%BCrkiye-%C5%9Eamp.jpg?resize=350%2C200&ssl=1","width":350,"height":200,"srcset":"https:\/\/i0.wp.com\/sarimelekler.biz\/wp-content\/uploads\/2019\/09\/16-T%C3%BCrkiye-%C5%9Eamp.jpg?resize=350%2C200&ssl=1 1x, https:\/\/i0.wp.com\/sarimelekler.biz\/wp-content\/uploads\/2019\/09\/16-T%C3%BCrkiye-%C5%9Eamp.jpg?resize=525%2C300&ssl=1 1.5x, https:\/\/i0.wp.com\/sarimelekler.biz\/wp-content\/uploads\/2019\/09\/16-T%C3%BCrkiye-%C5%9Eamp.jpg?resize=700%2C400&ssl=1 2x, https:\/\/i0.wp.com\/sarimelekler.biz\/wp-content\/uploads\/2019\/09\/16-T%C3%BCrkiye-%C5%9Eamp.jpg?resize=1050%2C600&ssl=1 3x, https:\/\/i0.wp.com\/sarimelekler.biz\/wp-content\/uploads\/2019\/09\/16-T%C3%BCrkiye-%C5%9Eamp.jpg?resize=1400%2C800&ssl=1 4x"},"classes":[]},{"id":13560,"url":"https:\/\/sarimelekler.biz\/?p=13560","url_meta":{"origin":13393,"position":1},"title":"Sar\u0131 Melekler \u00dc\u00e7 Ligde H\u00fck\u00fcm S\u00fcrecek.","author":"Edit\u00f6r","date":"24 Haziran 2020","format":false,"excerpt":"Kul\u00fcb\u00fcm\u00fcz 2019 \u2013 2020 sezonu ba\u015f\u0131nda Kad\u0131n Voleybol altyap\u0131s\u0131ndan A Tak\u0131ma oyuncu yeti\u015ftirmek amac\u0131yla bu sezon Y\u0131ld\u0131z K\u0131z ve Gen\u00e7 K\u0131z Voleybol Tak\u0131mlar\u0131m\u0131zda g\u00f6rev yapan voleybolcular\u0131m\u0131zdan olu\u015fan 2. Lig Tak\u0131m\u0131 kurdu\u011funu duyurmu\u015ftu. Gen\u00e7 Sar\u0131 Meleklerimiz Finallerde set averaj\u0131na g\u00f6re S\u0131ralamada 3. s\u0131rada yer alarak tak\u0131m\u0131m\u0131z bir \u00fcst lige \u00e7\u0131kamam\u0131\u015ft\u0131. \u00dclkemizde\u2026","rel":"","context":"&quot;Fenerbah\u00e7e Gen\u00e7 Tak\u0131mlar\u0131&quot; i\u00e7inde","block_context":{"text":"Fenerbah\u00e7e Gen\u00e7 Tak\u0131mlar\u0131","link":"https:\/\/sarimelekler.biz\/?cat=24"},"img":{"alt_text":"","src":"https:\/\/i0.wp.com\/sarimelekler.biz\/wp-content\/uploads\/2020\/02\/B-Tak%C4%B1m-2.jpg?resize=350%2C200&ssl=1","width":350,"height":200,"srcset":"https:\/\/i0.wp.com\/sarimelekler.biz\/wp-content\/uploads\/2020\/02\/B-Tak%C4%B1m-2.jpg?resize=350%2C200&ssl=1 1x, https:\/\/i0.wp.com\/sarimelekler.biz\/wp-content\/uploads\/2020\/02\/B-Tak%C4%B1m-2.jpg?resize=525%2C300&ssl=1 1.5x, https:\/\/i0.wp.com\/sarimelekler.biz\/wp-content\/uploads\/2020\/02\/B-Tak%C4%B1m-2.jpg?resize=700%2C400&ssl=1 2x, https:\/\/i0.wp.com\/sarimelekler.biz\/wp-content\/uploads\/2020\/02\/B-Tak%C4%B1m-2.jpg?resize=1050%2C600&ssl=1 3x, https:\/\/i0.wp.com\/sarimelekler.biz\/wp-content\/uploads\/2020\/02\/B-Tak%C4%B1m-2.jpg?resize=1400%2C800&ssl=1 4x"},"classes":[]},{"id":11299,"url":"https:\/\/sarimelekler.biz\/?p=11299","url_meta":{"origin":13393,"position":2},"title":"Gen\u00e7 Oyuncumuz Merve Tanyel&#8217;e Sahip \u00c7\u0131kamad\u0131k","author":"Edit\u00f6r","date":"15 May\u0131s 2019","format":false,"excerpt":"Kul\u00fcb\u00fcm\u00fcz internet sitesinden yapt\u0131\u011f\u0131 a\u00e7\u0131klamada Fenerbah\u00e7e Opet Kad\u0131n Voleybol tak\u0131m\u0131m\u0131zdan ayr\u0131lan oyuncular\u0131 a\u00e7\u0131klad\u0131. Ad\u0131 ge\u00e7en oyuncular aras\u0131nda ku\u015fkusuz bir isim var ki bir\u00e7ok voleybol severi \u015fa\u015fk\u0131nl\u0131\u011fa u\u011fratt\u0131. Bu isim Merve Tanyel\u2019di. Pek Merve Tanyel Kimdi? Hen\u00fcz 12 ya\u015f\u0131nda Vak\u0131fbank alt yap\u0131s\u0131nda oynarken a\u015f\u0131\u011f\u0131 oldu\u011fu Fenerbah\u00e7e\u2019ye transferini ger\u00e7ekle\u015ftirmek istese de Vak\u0131fbank\u2026","rel":"","context":"&quot;Transfer Haberleri&quot; i\u00e7inde","block_context":{"text":"Transfer Haberleri","link":"https:\/\/sarimelekler.biz\/?cat=23"},"img":{"alt_text":"","src":"https:\/\/i0.wp.com\/sarimelekler.biz\/wp-content\/uploads\/2018\/04\/Merve-Tanyel-2.jpg?resize=350%2C200&ssl=1","width":350,"height":200,"srcset":"https:\/\/i0.wp.com\/sarimelekler.biz\/wp-content\/uploads\/2018\/04\/Merve-Tanyel-2.jpg?resize=350%2C200&ssl=1 1x, https:\/\/i0.wp.com\/sarimelekler.biz\/wp-content\/uploads\/2018\/04\/Merve-Tanyel-2.jpg?resize=525%2C300&ssl=1 1.5x, https:\/\/i0.wp.com\/sarimelekler.biz\/wp-content\/uploads\/2018\/04\/Merve-Tanyel-2.jpg?resize=700%2C400&ssl=1 2x, https:\/\/i0.wp.com\/sarimelekler.biz\/wp-content\/uploads\/2018\/04\/Merve-Tanyel-2.jpg?resize=1050%2C600&ssl=1 3x, https:\/\/i0.wp.com\/sarimelekler.biz\/wp-content\/uploads\/2018\/04\/Merve-Tanyel-2.jpg?resize=1400%2C800&ssl=1 4x"},"classes":[]},{"id":15769,"url":"https:\/\/sarimelekler.biz\/?p=15769","url_meta":{"origin":13393,"position":3},"title":"Tak\u0131m\u0131m\u0131z\u0131n \u0130kinci Transferi Buse \u00dcnal Oldu","author":"Edit\u00f6r","date":"4 May\u0131s 2021","format":false,"excerpt":"Kul\u00fcb\u00fcm\u00fcz resmi sitesinden yapt\u0131\u011f\u0131 a\u00e7\u0131klamada Nil\u00fcfer Belediyespor formas\u0131 giyen, pas\u00f6r mevkiinde g\u00f6rev yapan, 1997 do\u011fumlu milli oyuncu Buse \u00dcnal ile anla\u015fma sa\u011fland\u0131\u011f\u0131n\u0131 duyurdu. Buse \u00dcnal, Mina Popovic\u2019ten sonra tak\u0131m\u0131m\u0131z\u0131n 2021-2022 sezonu ikinci transferi oldu. Oyuncumuza Ba\u015far\u0131lar Dileriz. Kul\u00fcb\u00fcm\u00fczden Yap\u0131lan A\u00e7\u0131klama: Fenerbah\u00e7e Opet Kad\u0131n Voleybol Tak\u0131m\u0131m\u0131z, yeni sezon yap\u0131lanmas\u0131 kapsam\u0131nda kadrosunu\u2026","rel":"","context":"&quot;Transfer Haberleri&quot; i\u00e7inde","block_context":{"text":"Transfer Haberleri","link":"https:\/\/sarimelekler.biz\/?cat=23"},"img":{"alt_text":"","src":"https:\/\/i0.wp.com\/sarimelekler.biz\/wp-content\/uploads\/2021\/05\/Buse-%C3%9Cnal-3.jpg?resize=350%2C200&ssl=1","width":350,"height":200,"srcset":"https:\/\/i0.wp.com\/sarimelekler.biz\/wp-content\/uploads\/2021\/05\/Buse-%C3%9Cnal-3.jpg?resize=350%2C200&ssl=1 1x, https:\/\/i0.wp.com\/sarimelekler.biz\/wp-content\/uploads\/2021\/05\/Buse-%C3%9Cnal-3.jpg?resize=525%2C300&ssl=1 1.5x, https:\/\/i0.wp.com\/sarimelekler.biz\/wp-content\/uploads\/2021\/05\/Buse-%C3%9Cnal-3.jpg?resize=700%2C400&ssl=1 2x, https:\/\/i0.wp.com\/sarimelekler.biz\/wp-content\/uploads\/2021\/05\/Buse-%C3%9Cnal-3.jpg?resize=1050%2C600&ssl=1 3x"},"classes":[]},{"id":12640,"url":"https:\/\/sarimelekler.biz\/?p=12640","url_meta":{"origin":13393,"position":4},"title":"Jordan Thompson Fenerbah\u00e7e Opet\u2019te","author":"Edit\u00f6r","date":"19 Aral\u0131k 2019","format":false,"excerpt":"Fenerbah\u00e7e Opet Kad\u0131n Voleybol tak\u0131m\u0131m\u0131z\u0131n Pas\u00f6r \u00c7apraz\u0131 Melissa Vargas, tak\u0131m\u0131m\u0131z\u0131n 28 Kas\u0131m 2019 g\u00fcn\u00fc kar\u015f\u0131la\u015ft\u0131\u011f\u0131 Budowlani Lodz ma\u00e7\u0131 3. setinde sa\u011f ayak bile\u011finden sakatlanm\u0131\u015ft\u0131. Melissa Vargas\u2019\u0131n sakatl\u0131\u011f\u0131n\u0131n beklenenden uzun s\u00fcrecek olmas\u0131ndan dolay\u0131 kul\u00fcb\u00fcm\u00fcz bu pozisyona Amerikal\u0131 pas\u00f6r \u00e7apras\u0131 Jordan Thompson\u2019u transfer etti. Kul\u00fcb\u00fcm\u00fczden yap\u0131lan a\u00e7\u0131klama: ABD Kad\u0131n Voleybol Milli Tak\u0131m\u0131\u2019n\u0131n\u2026","rel":"","context":"&quot;Transfer Haberleri&quot; i\u00e7inde","block_context":{"text":"Transfer Haberleri","link":"https:\/\/sarimelekler.biz\/?cat=23"},"img":{"alt_text":"","src":"https:\/\/i0.wp.com\/sarimelekler.biz\/wp-content\/uploads\/2019\/12\/jordanthompsonkapak.jpg?resize=350%2C200&ssl=1","width":350,"height":200,"srcset":"https:\/\/i0.wp.com\/sarimelekler.biz\/wp-content\/uploads\/2019\/12\/jordanthompsonkapak.jpg?resize=350%2C200&ssl=1 1x, https:\/\/i0.wp.com\/sarimelekler.biz\/wp-content\/uploads\/2019\/12\/jordanthompsonkapak.jpg?resize=525%2C300&ssl=1 1.5x, https:\/\/i0.wp.com\/sarimelekler.biz\/wp-content\/uploads\/2019\/12\/jordanthompsonkapak.jpg?resize=700%2C400&ssl=1 2x, https:\/\/i0.wp.com\/sarimelekler.biz\/wp-content\/uploads\/2019\/12\/jordanthompsonkapak.jpg?resize=1050%2C600&ssl=1 3x"},"classes":[]},{"id":13612,"url":"https:\/\/sarimelekler.biz\/?p=13612","url_meta":{"origin":13393,"position":5},"title":"Ecesu Soner 1. Lig Tak\u0131m\u0131m\u0131za Transfer Oldu.","author":"Edit\u00f6r","date":"15 Temmuz 2020","format":false,"excerpt":"Kul\u00fcb\u00fcm\u00fcz 2019 \u2013 2020 sezonu ba\u015f\u0131nda Kad\u0131n Voleybol altyap\u0131s\u0131ndan A Tak\u0131ma oyuncu yeti\u015ftirmek amac\u0131yla bu sezon Y\u0131ld\u0131z K\u0131z ve Gen\u00e7 K\u0131z Voleybol Tak\u0131mlar\u0131m\u0131zda g\u00f6rev yapan voleybolcular\u0131m\u0131zdan olu\u015fan 2. Lig Tak\u0131m\u0131 kurdu\u011funu duyurmu\u015ftu. Gen\u00e7 Sar\u0131 Meleklerimiz Finallerde set averaj\u0131na g\u00f6re S\u0131ralamada 3. s\u0131rada yer alarak tak\u0131m\u0131m\u0131z bir \u00fcst lige \u00e7\u0131kamam\u0131\u015ft\u0131. \u00dclkemizde\u2026","rel":"","context":"&quot;Fenerbah\u00e7e Gen\u00e7 Tak\u0131mlar\u0131&quot; i\u00e7inde","block_context":{"text":"Fenerbah\u00e7e Gen\u00e7 Tak\u0131mlar\u0131","link":"https:\/\/sarimelekler.biz\/?cat=24"},"img":{"alt_text":"","src":"https:\/\/i0.wp.com\/sarimelekler.biz\/wp-content\/uploads\/2020\/07\/Ecesu-Kapak.jpg?resize=350%2C200&ssl=1","width":350,"height":200,"srcset":"https:\/\/i0.wp.com\/sarimelekler.biz\/wp-content\/uploads\/2020\/07\/Ecesu-Kapak.jpg?resize=350%2C200&ssl=1 1x, https:\/\/i0.wp.com\/sarimelekler.biz\/wp-content\/uploads\/2020\/07\/Ecesu-Kapak.jpg?resize=525%2C300&ssl=1 1.5x, https:\/\/i0.wp.com\/sarimelekler.biz\/wp-content\/uploads\/2020\/07\/Ecesu-Kapak.jpg?resize=700%2C400&ssl=1 2x, https:\/\/i0.wp.com\/sarimelekler.biz\/wp-content\/uploads\/2020\/07\/Ecesu-Kapak.jpg?resize=1050%2C600&ssl=1 3x, https:\/\/i0.wp.com\/sarimelekler.biz\/wp-content\/uploads\/2020\/07\/Ecesu-Kapak.jpg?resize=1400%2C800&ssl=1 4x"},"classes":[]}],"_links":{"self":[{"href":"https:\/\/sarimelekler.biz\/index.php?rest_route=\/wp\/v2\/posts\/13393","targetHints":{"allow":["GET"]}}],"collection":[{"href":"https:\/\/sarimelekler.biz\/index.php?rest_route=\/wp\/v2\/posts"}],"about":[{"href":"https:\/\/sarimelekler.biz\/index.php?rest_route=\/wp\/v2\/types\/post"}],"author":[{"embeddable":true,"href":"https:\/\/sarimelekler.biz\/index.php?rest_route=\/wp\/v2\/users\/1"}],"replies":[{"embeddable":true,"href":"https:\/\/sarimelekler.biz\/index.php?rest_route=%2Fwp%2Fv2%2Fcomments&post=13393"}],"version-history":[{"count":4,"href":"https:\/\/sarimelekler.biz\/index.php?rest_route=\/wp\/v2\/posts\/13393\/revisions"}],"predecessor-version":[{"id":13402,"href":"https:\/\/sarimelekler.biz\/index.php?rest_route=\/wp\/v2\/posts\/13393\/revisions\/13402"}],"wp:featuredmedia":[{"embeddable":true,"href":"https:\/\/sarimelekler.biz\/index.php?rest_route=\/wp\/v2\/media\/13403"}],"wp:attachment":[{"href":"https:\/\/sarimelekler.biz\/index.php?rest_route=%2Fwp%2Fv2%2Fmedia&parent=13393"}],"wp:term":[{"taxonomy":"category","embeddable":true,"href":"https:\/\/sarimelekler.biz\/index.php?rest_route=%2Fwp%2Fv2%2Fcategories&post=13393"},{"taxonomy":"post_tag","embeddable":true,"href":"https:\/\/sarimelekler.biz\/index.php?rest_route=%2Fwp%2Fv2%2Ftags&post=13393"}],"curies":[{"name":"wp","href":"https:\/\/api.w.org\/{rel}","templated":true}]}}