{"id":13420,"date":"2020-05-11T20:10:51","date_gmt":"2020-05-11T17:10:51","guid":{"rendered":"http:\/\/sarimelekler.biz\/?p=13420"},"modified":"2020-08-25T19:42:00","modified_gmt":"2020-08-25T16:42:00","slug":"voleybol-ligleri-sonlandirildi","status":"publish","type":"post","link":"https:\/\/sarimelekler.biz\/?p=13420","title":{"rendered":"Voleybol Ligleri Sonland\u0131r\u0131ld\u0131."},"content":{"rendered":"<p style=\"text-align: justify;\">T\u00fcrkiye Cumhuriyeti Gen\u00e7lik ve Spor Bakan\u0131 Sn. Mehmet Muharrem Kasapo\u011flu\u2019nun ev sahipli\u011finde 19.03.2020 g\u00fcn\u00fc Ankara\u2019da yap\u0131lan toplant\u0131 sonucunda, COVID-19 salg\u0131n\u0131na kar\u015f\u0131 al\u0131nan tedbirler kapsam\u0131nda t\u00fcm voleybol ma\u00e7lar\u0131n\u0131n s\u00fcresiz olarak ertelendi\u011fi a\u00e7\u0131klanm\u0131\u015ft\u0131. Ge\u00e7en yakla\u015f\u0131k 53 g\u00fcnde tak\u0131mlar antrenmanlar\u0131na evlerinden \u00c7evrimi\u00e7i olarak s\u00fcrd\u00fcrmekteydi.<\/p>\n<p style=\"text-align: justify;\"><a href=\"https:\/\/www.tvf.org.tr\/duyurular\/kamuoyu-duyurusu-4\/\" target=\"_blank\" rel=\"noopener noreferrer\">Bug\u00fcn T\u00fcrkiye Voleybol Federasyonu taraf\u0131ndan<\/a>; erkek ve kad\u0131n liglerinin mevcut haliyle tescil edildi\u011fi ve 22 haftal\u0131k normal sezonu oynanan liglerin play-off turunun oynanmayaca\u011f\u0131 \u015eampiyon ve k\u00fcme d\u00fc\u015fen tak\u0131mlar\u0131n olmayaca\u011f\u0131 a\u00e7\u0131klanarak ligler sonland\u0131r\u0131ld\u0131.<\/p>\n<p style=\"text-align: justify;\">Son ma\u00e7\u0131n\u0131 13.03.2020 tarihinde oynayan Fenerbah\u00e7e Opet Kad\u0131n Voleybol tak\u0131m\u0131m\u0131z ligde 22 ma\u00e7ta 18 galibiyet ve 4 ma\u011flubiyet alarak toplad\u0131\u011f\u0131 53 puanla ligi \u00fc\u00e7\u00fcnc\u00fc s\u0131rada tamamlad\u0131, lig 3.\u2019l\u00fc\u011f\u00fc tescil edildi.<\/p>\n<p style=\"text-align: justify;\">Fenerbah\u00e7e HDI Sigorta Erkek Voleybol tak\u0131m\u0131m\u0131z ise 22 ma\u00e7ta 20 galibiyet ve 2 ma\u011flubiyet alarak toplad\u0131\u011f\u0131 58 puanla ligi birinci s\u0131rada tamamlad\u0131, lig 1.\u2019li\u011fi tescil edildi. Ancak al\u0131nan karar gere\u011fi \u015eampiyon s\u0131fat\u0131n\u0131 alamad\u0131.<\/p>\n<p style=\"text-align: justify;\">Vestel Venus Sultanlar liginin ge\u00e7mi\u015f son 10 sezonuna bakt\u0131\u011f\u0131m\u0131zda, 4 kez normal sezonu lider bitiren tak\u0131m\u0131n play-off turunda \u015eampiyon oldu\u011fu g\u00f6r\u00fcl\u00fcyor. Bunu 2 kez Fenerbah\u00e7emiz, 2 kez ise Vak\u0131fbank tak\u0131m\u0131 ba\u015far\u0131rken geriye kalan 6 sezonda lider bitiren \u015fampiyon olamad\u0131.<\/p>\n<p style=\"text-align: justify;\">T\u00fcrkiye Voleybol Federasyonu taraf\u0131ndan, toplum ve sporcu sa\u011fl\u0131\u011f\u0131n\u0131 her \u015feyin \u00fcst\u00fcnde tutarak ald\u0131klar\u0131 liglerin devam ettirilmemesi karar\u0131n\u0131 sitemiz olarak do\u011fru ve yerinde buldu\u011fumuzu belirtmek isteriz. T\u0131pk\u0131 Kul\u00fcb\u00fcm\u00fcz\u00fcn yapt\u0131\u011f\u0131; \u201cFenerbah\u00e7e i\u00e7in insan sa\u011fl\u0131\u011f\u0131 t\u00fcm \u015fampiyonluklar, kupalardan \u00f6nemlidir! \u015eampiyonluk y\u00fcr\u00fcy\u00fc\u015f\u00fcm\u00fcz seneye devam edecek!\u201d a\u00e7\u0131klamas\u0131nda oldu\u011fu gibi <strong>\u015eampiyonluk Y\u00fcr\u00fcy\u00fc\u015f\u00fcm\u00fcz Her Kulvarda Her Sezon Devam Edecektir.<\/strong><\/p>\n<p style=\"text-align: justify;\"><strong>T\u00fcrkiye Voleybol Federasyonu taraf\u0131ndan al\u0131nan kararlar:<\/strong><\/p>\n<p style=\"text-align: justify;\">2019\/2020 Voleybol Sezonu AXA Sigorta Efeler Ligi ve Vestel Venus Sultanlar Ligi normal sezon s\u0131ralamas\u0131na g\u00f6re tescil edilmi\u015ftir.<\/p>\n<p style=\"text-align: justify;\">2019\/2020 Voleybol Sezonu AXA Sigorta Efeler Ligi ve Vestel Venus Sultanlar Ligi\u2019nde bu sezona mahsus olmak \u00fczere ligden d\u00fc\u015fme kald\u0131r\u0131lm\u0131\u015ft\u0131r.<\/p>\n<p style=\"text-align: justify;\">2019\/2020 Voleybol Sezonu AXA Sigorta Efeler Ligi ve Vestel Venus Sultanlar Ligi\u2019nde \u015fampiyon tak\u0131m ilan edilmeyecektir.<\/p>\n<p style=\"text-align: justify;\">Avrupa Kupalar\u0131\u2019na kat\u0131l\u0131m,\u00a0 liglerimizde normal etap kar\u015f\u0131la\u015fmalar\u0131 sonucunda olu\u015fan puan durumuna g\u00f6re ger\u00e7ekle\u015fecektir.<\/p>\n<p style=\"text-align: justify;\">2019\/2020 Voleybol Sezonu TVF Kad\u0131nlar 1. Ligi ve TVF Erkekler 1. Ligi yar\u0131 final etab\u0131 m\u00fcsabakalar\u0131 sonucunda final etab\u0131na y\u00fckselmeye hak kazanan 4\u2019er tak\u0131m, 2020-2021 Voleybol Sezonu\u2019 nda AXA Sigorta Efeler Ligi ve Vestel Venus Sultanlar Ligi\u2019nde m\u00fccadele edecektir.<\/p>\n<p style=\"text-align: justify;\">2020-2021 Voleybol Sezonu AXA Sigorta Efeler Ligi ve Vestel Venus Sultanlar Ligi, 16\u2019\u015far tak\u0131mla oynanacakt\u0131r. Bu 16 tak\u0131m i\u00e7inden lige kat\u0131lmayan tak\u0131m olmas\u0131 halinde alt liglerden yeni tak\u0131m \u00fcst lige al\u0131nmayacakt\u0131r.<\/p>\n<p style=\"text-align: justify;\">2020\/2021 Voleybol Sezonu AXA Sigorta Efeler Ligi ve Vestel Venus Sultanlar Ligi\u2019nin stat\u00fcs\u00fc daha sonra federasyonumuzca a\u00e7\u0131klanacakt\u0131r.<\/p>\n<p style=\"text-align: right;\">11.05.2020<\/p>\n","protected":false},"excerpt":{"rendered":"<p>T\u00fcrkiye Cumhuriyeti Gen\u00e7lik ve Spor Bakan\u0131 Sn. Mehmet Muharrem Kasapo\u011flu\u2019nun \u2026 <a class=\"continue-reading-link\" href=\"https:\/\/sarimelekler.biz\/?p=13420\">Okumaya Devam Et.. <span class=\"meta-nav\">&rarr; <\/span><\/a><\/p>\n","protected":false},"author":1,"featured_media":13347,"comment_status":"closed","ping_status":"open","sticky":false,"template":"","format":"standard","meta":{"jetpack_post_was_ever_published":false,"_jetpack_newsletter_access":"","_jetpack_dont_email_post_to_subs":false,"_jetpack_newsletter_tier_id":0,"_jetpack_memberships_contains_paywalled_content":false,"_jetpack_memberships_contains_paid_content":false,"footnotes":"","jetpack_publicize_message":"","jetpack_publicize_feature_enabled":true,"jetpack_social_post_already_shared":true,"jetpack_social_options":{"image_generator_settings":{"template":"highway","default_image_id":0,"font":"","enabled":false},"version":2}},"categories":[6],"tags":[],"class_list":["post-13420","post","type-post","status-publish","format-standard","has-post-thumbnail","hentry","category-turkiye-ligi"],"jetpack_publicize_connections":[],"jetpack_featured_media_url":"https:\/\/sarimelekler.biz\/wp-content\/uploads\/2020\/03\/FB-Logo.jpeg","jetpack_sharing_enabled":true,"jetpack_shortlink":"https:\/\/wp.me\/p8npUZ-3us","jetpack-related-posts":[{"id":15697,"url":"https:\/\/sarimelekler.biz\/?p=15697","url_meta":{"origin":13420,"position":0},"title":"Artan Covid-19 Vakalar\u0131 Sebebiyle Tak\u0131m\u0131m\u0131z Sultanlar Ligi Finalinden \u00c7ekildi.","author":"Edit\u00f6r","date":"15 Nisan 2021","format":false,"excerpt":"Fenerbah\u00e7e Opet Kad\u0131n Voleybol Tak\u0131m\u0131m\u0131z, teknik ekip ve oyuncular\u0131m\u0131zda son bir hafta i\u00e7erisinde g\u00f6r\u00fclen Covid-19 Vakalar\u0131 sebebiyle misli.com Sultanlar Ligi final serisi \u00fc\u00e7\u00fcnc\u00fc ma\u00e7\u0131na \u00e7\u0131kmama karar\u0131 ald\u0131. Seride 2-0 geride olan Sar\u0131 Meleklerimiz yar\u0131n oynanmas\u0131 planlanan serinin \u00fc\u00e7\u00fcnc\u00fc ma\u00e7\u0131n\u0131 h\u00fckmen 3-0 kaybedecek. \u00a0B\u00f6ylelikle seri 3-0 olacak ve Federasyon, \u015eampiyonu Vak\u0131fbank\u2026","rel":"","context":"&quot;T\u00fcrkiye Ligi&quot; i\u00e7inde","block_context":{"text":"T\u00fcrkiye Ligi","link":"https:\/\/sarimelekler.biz\/?cat=6"},"img":{"alt_text":"","src":"https:\/\/i0.wp.com\/sarimelekler.biz\/wp-content\/uploads\/2021\/02\/27-20-21-10.jpg?resize=350%2C200&ssl=1","width":350,"height":200,"srcset":"https:\/\/i0.wp.com\/sarimelekler.biz\/wp-content\/uploads\/2021\/02\/27-20-21-10.jpg?resize=350%2C200&ssl=1 1x, https:\/\/i0.wp.com\/sarimelekler.biz\/wp-content\/uploads\/2021\/02\/27-20-21-10.jpg?resize=525%2C300&ssl=1 1.5x, https:\/\/i0.wp.com\/sarimelekler.biz\/wp-content\/uploads\/2021\/02\/27-20-21-10.jpg?resize=700%2C400&ssl=1 2x, https:\/\/i0.wp.com\/sarimelekler.biz\/wp-content\/uploads\/2021\/02\/27-20-21-10.jpg?resize=1050%2C600&ssl=1 3x, https:\/\/i0.wp.com\/sarimelekler.biz\/wp-content\/uploads\/2021\/02\/27-20-21-10.jpg?resize=1400%2C800&ssl=1 4x"},"classes":[]},{"id":16028,"url":"https:\/\/sarimelekler.biz\/?p=16028","url_meta":{"origin":13420,"position":1},"title":"Evine Ho\u015f geldin Pelin \u00c7elik. Sar\u0131 Meleklerin Yeni Menajeri Pelin \u00c7elik Oldu.","author":"Edit\u00f6r","date":"8 Eyl\u00fcl 2021","format":false,"excerpt":"2006-2008 y\u0131llar\u0131nda tak\u0131m\u0131m\u0131z\u0131n formas\u0131n giyen, eski futbol tak\u0131m\u0131 oyuncumuz Pa\u015fa H\u00fcseyin\u2019in k\u0131z\u0131 Pelin \u00c7elik, Fenerbah\u00e7e Opet Kad\u0131n Voleybol Tak\u0131m\u0131m\u0131z\u0131n menajeri oldu. 2017 y\u0131l\u0131ndan bu yana T\u00fcrkiye Voleybol Federasyonu\u2019nda A Milli Kad\u0131n Voleybol Tak\u0131m\u0131m\u0131z\u0131n menajerlik g\u00f6revini yapan Pelin \u00c7elik ayn\u0131 zamanda da bu g\u00f6revine de devam edecek. Pelin \u00c7elik\u2019e Fenerbah\u00e7e Opet\u2026","rel":"","context":"&quot;Transfer Haberleri&quot; i\u00e7inde","block_context":{"text":"Transfer Haberleri","link":"https:\/\/sarimelekler.biz\/?cat=23"},"img":{"alt_text":"","src":"https:\/\/i0.wp.com\/sarimelekler.biz\/wp-content\/uploads\/2021\/09\/Pelin-Celik-1-scaled.jpg?resize=350%2C200&ssl=1","width":350,"height":200,"srcset":"https:\/\/i0.wp.com\/sarimelekler.biz\/wp-content\/uploads\/2021\/09\/Pelin-Celik-1-scaled.jpg?resize=350%2C200&ssl=1 1x, https:\/\/i0.wp.com\/sarimelekler.biz\/wp-content\/uploads\/2021\/09\/Pelin-Celik-1-scaled.jpg?resize=525%2C300&ssl=1 1.5x, https:\/\/i0.wp.com\/sarimelekler.biz\/wp-content\/uploads\/2021\/09\/Pelin-Celik-1-scaled.jpg?resize=700%2C400&ssl=1 2x, https:\/\/i0.wp.com\/sarimelekler.biz\/wp-content\/uploads\/2021\/09\/Pelin-Celik-1-scaled.jpg?resize=1050%2C600&ssl=1 3x, https:\/\/i0.wp.com\/sarimelekler.biz\/wp-content\/uploads\/2021\/09\/Pelin-Celik-1-scaled.jpg?resize=1400%2C800&ssl=1 4x"},"classes":[]},{"id":11897,"url":"https:\/\/sarimelekler.biz\/?p=11897","url_meta":{"origin":13420,"position":2},"title":"Kad\u0131n ve Erkek Voleybol Tak\u0131mlar\u0131m\u0131z\u0131n kombine kart sat\u0131\u015flar\u0131 ba\u015flad\u0131.","author":"Edit\u00f6r","date":"7 Ekim 2019","format":false,"excerpt":"Fenerbah\u00e7e Opet Kad\u0131n Voleybol Tak\u0131m\u0131m\u0131z ve Fenerbah\u00e7e HDI Sigorta Erkek Voleybol Tak\u0131mlar\u0131m\u0131z, 2019-20 sezonunda taraftarlar\u0131m\u0131zla Burhan Felek Voleybol Salonu\u2019nda bulu\u015fuyor. Tak\u0131mlar\u0131m\u0131z\u0131n, Sultanlar ve Efeler Ligi, Play Off ma\u00e7lar\u0131 ve CEV \u015eampiyonlar Ligi ma\u00e7lar\u0131n\u0131 kapsayan kombineler 2 Ekim itibariyle sat\u0131\u015fa \u00e7\u0131kt\u0131. Sezon haz\u0131rl\u0131klar\u0131n\u0131, Fenerbah\u00e7e\u2019nin hem ulusal hem de uluslararas\u0131 arenadaki ba\u015far\u0131\u2026","rel":"","context":"&quot;Haberler&quot; i\u00e7inde","block_context":{"text":"Haberler","link":"https:\/\/sarimelekler.biz\/?cat=7"},"img":{"alt_text":"","src":"https:\/\/i0.wp.com\/sarimelekler.biz\/wp-content\/uploads\/2019\/10\/19-20-Kombine-Kart.jpg?resize=350%2C200&ssl=1","width":350,"height":200,"srcset":"https:\/\/i0.wp.com\/sarimelekler.biz\/wp-content\/uploads\/2019\/10\/19-20-Kombine-Kart.jpg?resize=350%2C200&ssl=1 1x, https:\/\/i0.wp.com\/sarimelekler.biz\/wp-content\/uploads\/2019\/10\/19-20-Kombine-Kart.jpg?resize=525%2C300&ssl=1 1.5x, https:\/\/i0.wp.com\/sarimelekler.biz\/wp-content\/uploads\/2019\/10\/19-20-Kombine-Kart.jpg?resize=700%2C400&ssl=1 2x, https:\/\/i0.wp.com\/sarimelekler.biz\/wp-content\/uploads\/2019\/10\/19-20-Kombine-Kart.jpg?resize=1050%2C600&ssl=1 3x"},"classes":[]},{"id":13431,"url":"https:\/\/sarimelekler.biz\/?p=13431","url_meta":{"origin":13420,"position":3},"title":"Fenerbah\u00e7e Opet\u2019in S\u00f6zle\u015fme Yenilemedi\u011fi Jordan Thompson Tak\u0131m\u0131m\u0131zdan Ayr\u0131ld\u0131.","author":"Edit\u00f6r","date":"12 May\u0131s 2020","format":false,"excerpt":"Fenerbah\u00e7e Opet Kad\u0131n Voleybol tak\u0131m\u0131m\u0131z\u0131n Pas\u00f6r \u00c7apraz\u0131 Melissa Vargas, tak\u0131m\u0131m\u0131z\u0131n 28 Kas\u0131m 2019 g\u00fcn\u00fc kar\u015f\u0131la\u015ft\u0131\u011f\u0131 Budowlani Lodz ma\u00e7\u0131 3. setinde sa\u011f ayak bile\u011finden sakatlanm\u0131\u015ft\u0131. Melissa Vargas\u2019\u0131n sakatl\u0131\u011f\u0131n\u0131n beklenenden uzun s\u00fcrecek olmas\u0131ndan dolay\u0131 kul\u00fcb\u00fcm\u00fcz bu pozisyona 19.12.2019 g\u00fcn\u00fc Amerikal\u0131 pas\u00f6r \u00e7apras\u0131 Jordan Thompson\u2019u transfer etmi\u015fti. Thompson 03.01.2020 g\u00fcn\u00fc tak\u0131m\u0131m\u0131za kat\u0131lm\u0131\u015ft\u0131. 19.03.2020\u2026","rel":"","context":"&quot;Transfer Haberleri&quot; i\u00e7inde","block_context":{"text":"Transfer Haberleri","link":"https:\/\/sarimelekler.biz\/?cat=23"},"img":{"alt_text":"","src":"https:\/\/i0.wp.com\/sarimelekler.biz\/wp-content\/uploads\/2020\/05\/Jordan-Kapak.jpg?resize=350%2C200&ssl=1","width":350,"height":200,"srcset":"https:\/\/i0.wp.com\/sarimelekler.biz\/wp-content\/uploads\/2020\/05\/Jordan-Kapak.jpg?resize=350%2C200&ssl=1 1x, https:\/\/i0.wp.com\/sarimelekler.biz\/wp-content\/uploads\/2020\/05\/Jordan-Kapak.jpg?resize=525%2C300&ssl=1 1.5x, https:\/\/i0.wp.com\/sarimelekler.biz\/wp-content\/uploads\/2020\/05\/Jordan-Kapak.jpg?resize=700%2C400&ssl=1 2x, https:\/\/i0.wp.com\/sarimelekler.biz\/wp-content\/uploads\/2020\/05\/Jordan-Kapak.jpg?resize=1050%2C600&ssl=1 3x, https:\/\/i0.wp.com\/sarimelekler.biz\/wp-content\/uploads\/2020\/05\/Jordan-Kapak.jpg?resize=1400%2C800&ssl=1 4x"},"classes":[]},{"id":13846,"url":"https:\/\/sarimelekler.biz\/?p=13846","url_meta":{"origin":13420,"position":4},"title":"\u201cSultanlar Ligi\u201dnin Yeni \u0130sim Sponsoru Misli.com Oldu","author":"Edit\u00f6r","date":"7 Eyl\u00fcl 2020","format":false,"excerpt":"T\u00fcrkiye\u2019nin resmi bahis sitesi Misli.com, 11 Eyl\u00fcl itibariyle ba\u015flayacak Sultanlar Ligi\u2019nin isim sponsoru oldu. Bu anla\u015fmayla birlikte T\u00fcrkiye Kad\u0131nlar Voleybol Ligi 2020-21 sezonu ile ba\u015flamak \u00fczere, 1+1 y\u0131l s\u00fcresince \u201cMisli.com Sultanlar Ligi\u201d olarak an\u0131lacak. Sultanlar Ligi\u2019ne isim sponsoru olmas\u0131n\u0131n yan\u0131 s\u0131ra, lig ma\u00e7lar\u0131n\u0131n dijital platformlarda yay\u0131n haklar\u0131n\u0131 da \u00fcstlenen Misli.com,\u2026","rel":"","context":"&quot;Haberler&quot; i\u00e7inde","block_context":{"text":"Haberler","link":"https:\/\/sarimelekler.biz\/?cat=7"},"img":{"alt_text":"","src":"https:\/\/i0.wp.com\/sarimelekler.biz\/wp-content\/uploads\/2020\/09\/Misli-2.jpg?resize=350%2C200&ssl=1","width":350,"height":200,"srcset":"https:\/\/i0.wp.com\/sarimelekler.biz\/wp-content\/uploads\/2020\/09\/Misli-2.jpg?resize=350%2C200&ssl=1 1x, https:\/\/i0.wp.com\/sarimelekler.biz\/wp-content\/uploads\/2020\/09\/Misli-2.jpg?resize=525%2C300&ssl=1 1.5x, https:\/\/i0.wp.com\/sarimelekler.biz\/wp-content\/uploads\/2020\/09\/Misli-2.jpg?resize=700%2C400&ssl=1 2x, https:\/\/i0.wp.com\/sarimelekler.biz\/wp-content\/uploads\/2020\/09\/Misli-2.jpg?resize=1050%2C600&ssl=1 3x, https:\/\/i0.wp.com\/sarimelekler.biz\/wp-content\/uploads\/2020\/09\/Misli-2.jpg?resize=1400%2C800&ssl=1 4x"},"classes":[]},{"id":7822,"url":"https:\/\/sarimelekler.biz\/?p=7822","url_meta":{"origin":13420,"position":5},"title":"&#8220;Sar\u0131 Melekler&#8221;in yeni yol arkada\u015f\u0131 OPET &#8211; Ailemize Ho\u015f Geldin Opet","author":"Edit\u00f6r","date":"15 Aral\u0131k 2018","format":false,"excerpt":"Fenerbah\u00e7e Kad\u0131n Voleybol Tak\u0131m\u0131m\u0131z ve OPET aras\u0131nda ana sponsorluk anla\u015fmas\u0131 imzaland\u0131. OPET, 2018-19 sezonu boyunca kad\u0131n voleybol tak\u0131m\u0131m\u0131z\u0131n isim ve forma g\u00f6\u011f\u00fcs sponsoru olacak. Kul\u00fcb\u00fcm\u00fcz\u00fcn Resmi \u0130nternet Sitesinden Yap\u0131lan A\u00e7\u0131klama: \u00dclkemizde voleybol ad\u0131na bir\u00e7ok ilki hayata ge\u00e7iren, elde etti\u011fi ulusal-uluslararas\u0131 ba\u015far\u0131lar ve \u015fampiyonluklarla voleybolu, \u00fclke sporumuzda ve d\u00fcnyada \u00f6nemli bir\u2026","rel":"","context":"&quot;Haberler&quot; i\u00e7inde","block_context":{"text":"Haberler","link":"https:\/\/sarimelekler.biz\/?cat=7"},"img":{"alt_text":"","src":"https:\/\/i0.wp.com\/sarimelekler.biz\/wp-content\/uploads\/2018\/12\/Opet-3.jpg?resize=350%2C200&ssl=1","width":350,"height":200,"srcset":"https:\/\/i0.wp.com\/sarimelekler.biz\/wp-content\/uploads\/2018\/12\/Opet-3.jpg?resize=350%2C200&ssl=1 1x, https:\/\/i0.wp.com\/sarimelekler.biz\/wp-content\/uploads\/2018\/12\/Opet-3.jpg?resize=525%2C300&ssl=1 1.5x, https:\/\/i0.wp.com\/sarimelekler.biz\/wp-content\/uploads\/2018\/12\/Opet-3.jpg?resize=700%2C400&ssl=1 2x, https:\/\/i0.wp.com\/sarimelekler.biz\/wp-content\/uploads\/2018\/12\/Opet-3.jpg?resize=1050%2C600&ssl=1 3x"},"classes":[]}],"_links":{"self":[{"href":"https:\/\/sarimelekler.biz\/index.php?rest_route=\/wp\/v2\/posts\/13420","targetHints":{"allow":["GET"]}}],"collection":[{"href":"https:\/\/sarimelekler.biz\/index.php?rest_route=\/wp\/v2\/posts"}],"about":[{"href":"https:\/\/sarimelekler.biz\/index.php?rest_route=\/wp\/v2\/types\/post"}],"author":[{"embeddable":true,"href":"https:\/\/sarimelekler.biz\/index.php?rest_route=\/wp\/v2\/users\/1"}],"replies":[{"embeddable":true,"href":"https:\/\/sarimelekler.biz\/index.php?rest_route=%2Fwp%2Fv2%2Fcomments&post=13420"}],"version-history":[{"count":3,"href":"https:\/\/sarimelekler.biz\/index.php?rest_route=\/wp\/v2\/posts\/13420\/revisions"}],"predecessor-version":[{"id":13775,"href":"https:\/\/sarimelekler.biz\/index.php?rest_route=\/wp\/v2\/posts\/13420\/revisions\/13775"}],"wp:featuredmedia":[{"embeddable":true,"href":"https:\/\/sarimelekler.biz\/index.php?rest_route=\/wp\/v2\/media\/13347"}],"wp:attachment":[{"href":"https:\/\/sarimelekler.biz\/index.php?rest_route=%2Fwp%2Fv2%2Fmedia&parent=13420"}],"wp:term":[{"taxonomy":"category","embeddable":true,"href":"https:\/\/sarimelekler.biz\/index.php?rest_route=%2Fwp%2Fv2%2Fcategories&post=13420"},{"taxonomy":"post_tag","embeddable":true,"href":"https:\/\/sarimelekler.biz\/index.php?rest_route=%2Fwp%2Fv2%2Ftags&post=13420"}],"curies":[{"name":"wp","href":"https:\/\/api.w.org\/{rel}","templated":true}]}}