{"id":13424,"date":"2020-05-12T17:09:03","date_gmt":"2020-05-12T14:09:03","guid":{"rendered":"http:\/\/sarimelekler.biz\/?p=13424"},"modified":"2020-05-12T17:09:04","modified_gmt":"2020-05-12T14:09:04","slug":"takimimizdan-ilk-ayrilan-oyuncu-fatma-yildirim-oldu","status":"publish","type":"post","link":"https:\/\/sarimelekler.biz\/?p=13424","title":{"rendered":"Tak\u0131m\u0131m\u0131zdan \u0130lk Ayr\u0131lan Oyuncu Fatma Y\u0131ld\u0131r\u0131m oldu."},"content":{"rendered":"\n<p style=\"text-align: justify;\">2018 \u2013 2019 sezonu ba\u015f\u0131nda Bursa B\u00fcy\u00fck\u015fehir Belediyespor\u2019dan transfer edilen ve son iki sezondur Fenerbah\u00e7e Opet Kad\u0131n Voleybol tak\u0131m\u0131m\u0131z\u0131n formas\u0131n\u0131 giyen sma\u00e7\u00f6r Fatma Y\u0131ld\u0131r\u0131m ki\u015fisel instagram hesab\u0131ndan tak\u0131m\u0131m\u0131zdan ayr\u0131ld\u0131\u011f\u0131n\u0131 a\u00e7\u0131klad\u0131.<\/p>\n<p style=\"text-align: justify;\">Fatma Y\u0131ld\u0131r\u0131m : \u201cK\u00fc\u00e7\u00fckl\u00fc\u011f\u00fcmden beri taraftar\u0131 oldu\u011fum tak\u0131m\u0131n formas\u0131n\u0131 2 sene boyunca ta\u015f\u0131mak onur ve gurur vericiydi. Her \u015fey i\u00e7in te\u015fekk\u00fcrler Fenerbah\u00e7e\u201d yazarak ayr\u0131ld\u0131\u011f\u0131n\u0131 duyurdu.<\/p>\n<p style=\"text-align: justify;\">Resmi bir a\u00e7\u0131klama olmamas\u0131na kar\u015f\u0131n yakla\u015f\u0131k 1 haftad\u0131r voleybol medyas\u0131nda \u00e7\u0131kan haberlere g\u00f6re Fatma Y\u0131ld\u0131r\u0131m, her sezon Fenerbah\u00e7e Opet\u2019ten bir oyuncu almay\u0131 gelenek ve zorunluluk haline getiren Eczac\u0131ba\u015f\u0131 Vitra tak\u0131m\u0131na transfer oldu.<\/p>\n<p style=\"text-align: justify;\">Fatma Y\u0131ld\u0131r\u0131m\u2019a iki sezon boyunca tak\u0131m\u0131m\u0131za verdi\u011fi emekler i\u00e7in sitemiz ad\u0131na te\u015fekk\u00fcr ederiz. 12.05.2020<\/p>\n\n\t\t<style type=\"text\/css\">\n\t\t\t#gallery-1 {\n\t\t\t\tmargin: auto;\n\t\t\t}\n\t\t\t#gallery-1 .gallery-item {\n\t\t\t\tfloat: left;\n\t\t\t\tmargin-top: 10px;\n\t\t\t\ttext-align: center;\n\t\t\t\twidth: 100%;\n\t\t\t}\n\t\t\t#gallery-1 img {\n\t\t\t\tborder: 2px solid #cfcfcf;\n\t\t\t}\n\t\t\t#gallery-1 .gallery-caption {\n\t\t\t\tmargin-left: 0;\n\t\t\t}\n\t\t\t\/* see gallery_shortcode() in wp-includes\/media.php *\/\n\t\t<\/style>\n\t\t<div data-carousel-extra='{&quot;blog_id&quot;:1,&quot;permalink&quot;:&quot;https:\/\/sarimelekler.biz\/?p=13424&quot;}' id='gallery-1' class='gallery galleryid-13424 gallery-columns-1 gallery-size-large'><dl class='gallery-item'>\n\t\t\t<dt class='gallery-icon landscape'>\n\t\t\t\t<a href='https:\/\/sarimelekler.biz\/?attachment_id=13425'><img loading=\"lazy\" decoding=\"async\" width=\"860\" height=\"412\" src=\"https:\/\/sarimelekler.biz\/wp-content\/uploads\/2020\/05\/Fatma-Y\u0131ld\u0131r\u0131m-Veda-1024x491.jpg\" class=\"attachment-large size-large\" alt=\"\" srcset=\"https:\/\/sarimelekler.biz\/wp-content\/uploads\/2020\/05\/Fatma-Y\u0131ld\u0131r\u0131m-Veda-1024x491.jpg 1024w, https:\/\/sarimelekler.biz\/wp-content\/uploads\/2020\/05\/Fatma-Y\u0131ld\u0131r\u0131m-Veda-300x144.jpg 300w, https:\/\/sarimelekler.biz\/wp-content\/uploads\/2020\/05\/Fatma-Y\u0131ld\u0131r\u0131m-Veda-768x368.jpg 768w, https:\/\/sarimelekler.biz\/wp-content\/uploads\/2020\/05\/Fatma-Y\u0131ld\u0131r\u0131m-Veda-150x72.jpg 150w, https:\/\/sarimelekler.biz\/wp-content\/uploads\/2020\/05\/Fatma-Y\u0131ld\u0131r\u0131m-Veda.jpg 1168w\" sizes=\"auto, (max-width: 860px) 100vw, 860px\" data-attachment-id=\"13425\" data-permalink=\"https:\/\/sarimelekler.biz\/?attachment_id=13425\" data-orig-file=\"https:\/\/sarimelekler.biz\/wp-content\/uploads\/2020\/05\/Fatma-Y\u0131ld\u0131r\u0131m-Veda.jpg\" data-orig-size=\"1168,560\" data-comments-opened=\"0\" data-image-meta=\"{&quot;aperture&quot;:&quot;0&quot;,&quot;credit&quot;:&quot;&quot;,&quot;camera&quot;:&quot;&quot;,&quot;caption&quot;:&quot;&quot;,&quot;created_timestamp&quot;:&quot;0&quot;,&quot;copyright&quot;:&quot;&quot;,&quot;focal_length&quot;:&quot;0&quot;,&quot;iso&quot;:&quot;0&quot;,&quot;shutter_speed&quot;:&quot;0&quot;,&quot;title&quot;:&quot;&quot;,&quot;orientation&quot;:&quot;0&quot;}\" data-image-title=\"Fatma Y\u0131ld\u0131r\u0131m Veda\" data-image-description=\"\" data-image-caption=\"\" data-large-file=\"https:\/\/sarimelekler.biz\/wp-content\/uploads\/2020\/05\/Fatma-Y\u0131ld\u0131r\u0131m-Veda-1024x491.jpg\" \/><\/a>\n\t\t\t<\/dt><\/dl><br style=\"clear: both\" \/>\n\t\t<\/div>\n\n","protected":false},"excerpt":{"rendered":"<p>2018 \u2013 2019 sezonu ba\u015f\u0131nda Bursa B\u00fcy\u00fck\u015fehir Belediyespor\u2019dan transfer edilen \u2026 <a class=\"continue-reading-link\" href=\"https:\/\/sarimelekler.biz\/?p=13424\">Okumaya Devam Et.. <span class=\"meta-nav\">&rarr; <\/span><\/a><\/p>\n","protected":false},"author":1,"featured_media":13426,"comment_status":"closed","ping_status":"open","sticky":false,"template":"","format":"standard","meta":{"jetpack_post_was_ever_published":false,"_jetpack_newsletter_access":"","_jetpack_dont_email_post_to_subs":false,"_jetpack_newsletter_tier_id":0,"_jetpack_memberships_contains_paywalled_content":false,"_jetpack_memberships_contains_paid_content":false,"footnotes":"","jetpack_publicize_message":"","jetpack_publicize_feature_enabled":true,"jetpack_social_post_already_shared":true,"jetpack_social_options":{"image_generator_settings":{"template":"highway","default_image_id":0,"font":"","enabled":false},"version":2}},"categories":[23],"tags":[],"class_list":["post-13424","post","type-post","status-publish","format-standard","has-post-thumbnail","hentry","category-transfer-haberleri"],"jetpack_publicize_connections":[],"jetpack_featured_media_url":"https:\/\/sarimelekler.biz\/wp-content\/uploads\/2020\/05\/Fatma-Y\u0131ld\u0131r\u0131m-Veda-Kapak.jpg","jetpack_sharing_enabled":true,"jetpack_shortlink":"https:\/\/wp.me\/p8npUZ-3uw","jetpack-related-posts":[{"id":13515,"url":"https:\/\/sarimelekler.biz\/?p=13515","url_meta":{"origin":13424,"position":0},"title":"Sar\u0131 Melekler&#8217;den Ayr\u0131lan Oyuncular A\u00e7\u0131kland\u0131.","author":"Edit\u00f6r","date":"9 Haziran 2020","format":false,"excerpt":"Kul\u00fcb\u00fcm\u00fcz, Fenerbah\u00e7e Opet Kad\u0131n Voleybol tak\u0131m\u0131m\u0131z\u0131n 2020 \u2013 2021 sezonu kadro planlamas\u0131 do\u011frultusunda Fatma Y\u0131ld\u0131r\u0131m, Kelsey Robinson, Damla \u00c7ak\u0131ro\u011flu, S\u0131la \u00c7al\u0131\u015fkan ve Jordan Thompson ile \u00e7al\u0131\u015fmayaca\u011f\u0131n\u0131 duyurdu. Kul\u00fcb\u00fcm\u00fczden yap\u0131lan a\u00e7\u0131klama: T\u00fcrkiye Voleybol Federasyonu Covid-19 salg\u0131n\u0131 dolay\u0131s\u0131yla 2019-20 Sezonu Vestel Venus Sultanlar Ligi'ni sona erdirmi\u015f; bu karar\u0131n ard\u0131ndan Kul\u00fcb\u00fcm\u00fcz mevcut maddi\u2026","rel":"","context":"&quot;Transfer Haberleri&quot; i\u00e7inde","block_context":{"text":"Transfer Haberleri","link":"https:\/\/sarimelekler.biz\/?cat=23"},"img":{"alt_text":"","src":"https:\/\/i0.wp.com\/sarimelekler.biz\/wp-content\/uploads\/2020\/06\/Giden-Transfer-Kapak.jpg?resize=350%2C200&ssl=1","width":350,"height":200,"srcset":"https:\/\/i0.wp.com\/sarimelekler.biz\/wp-content\/uploads\/2020\/06\/Giden-Transfer-Kapak.jpg?resize=350%2C200&ssl=1 1x, https:\/\/i0.wp.com\/sarimelekler.biz\/wp-content\/uploads\/2020\/06\/Giden-Transfer-Kapak.jpg?resize=525%2C300&ssl=1 1.5x, https:\/\/i0.wp.com\/sarimelekler.biz\/wp-content\/uploads\/2020\/06\/Giden-Transfer-Kapak.jpg?resize=700%2C400&ssl=1 2x, https:\/\/i0.wp.com\/sarimelekler.biz\/wp-content\/uploads\/2020\/06\/Giden-Transfer-Kapak.jpg?resize=1050%2C600&ssl=1 3x"},"classes":[]},{"id":6527,"url":"https:\/\/sarimelekler.biz\/?p=6527","url_meta":{"origin":13424,"position":1},"title":"Fatma Y\u0131ld\u0131r\u0131m: &#8220;\u00d6nemli hedefleri olan bir camian\u0131n par\u00e7as\u0131 olmak gurur verici&#8221;","author":"Edit\u00f6r","date":"4 Temmuz 2018","format":false,"excerpt":"Fenerbah\u00e7e Bayan Voleybol Tak\u0131m\u0131m\u0131z\u0131n yeni transferi Fatma Y\u0131ld\u0131r\u0131m, Fenerbah\u00e7e Spor Kul\u00fcb\u00fcm\u00fcz\u00fcn Resmi \u0130nternet Sitesine a\u00e7\u0131klamalarda bulundu. Fenerbah\u00e7e gibi b\u00fcy\u00fck hedefleri olan, b\u00fcy\u00fck bir camian\u0131n par\u00e7as\u0131 olmaktan dolay\u0131 duydu\u011fu gururu dile getiren Fatma Y\u0131ld\u0131r\u0131m; tak\u0131m\u0131m\u0131z\u0131n bu sezon t\u00fcm kupalara talip oldu\u011funu da s\u00f6yledi. \u00d6nemli hedefleri olan bir camiaya geldi\u011fi i\u00e7in mutlu\u2026","rel":"","context":"&quot;Resmi Site R\u00f6portajlar\u0131&quot; i\u00e7inde","block_context":{"text":"Resmi Site R\u00f6portajlar\u0131","link":"https:\/\/sarimelekler.biz\/?cat=17"},"img":{"alt_text":"","src":"https:\/\/i0.wp.com\/sarimelekler.biz\/wp-content\/uploads\/2018\/07\/Fatma-Y%C4%B1ld%C4%B1r%C4%B1m-3.jpg?resize=350%2C200&ssl=1","width":350,"height":200,"srcset":"https:\/\/i0.wp.com\/sarimelekler.biz\/wp-content\/uploads\/2018\/07\/Fatma-Y%C4%B1ld%C4%B1r%C4%B1m-3.jpg?resize=350%2C200&ssl=1 1x, https:\/\/i0.wp.com\/sarimelekler.biz\/wp-content\/uploads\/2018\/07\/Fatma-Y%C4%B1ld%C4%B1r%C4%B1m-3.jpg?resize=525%2C300&ssl=1 1.5x, https:\/\/i0.wp.com\/sarimelekler.biz\/wp-content\/uploads\/2018\/07\/Fatma-Y%C4%B1ld%C4%B1r%C4%B1m-3.jpg?resize=700%2C400&ssl=1 2x, https:\/\/i0.wp.com\/sarimelekler.biz\/wp-content\/uploads\/2018\/07\/Fatma-Y%C4%B1ld%C4%B1r%C4%B1m-3.jpg?resize=1050%2C600&ssl=1 3x, https:\/\/i0.wp.com\/sarimelekler.biz\/wp-content\/uploads\/2018\/07\/Fatma-Y%C4%B1ld%C4%B1r%C4%B1m-3.jpg?resize=1400%2C800&ssl=1 4x"},"classes":[]},{"id":6748,"url":"https:\/\/sarimelekler.biz\/?p=6748","url_meta":{"origin":13424,"position":2},"title":"Fatma Y\u0131ld\u0131r\u0131m ve Dicle Nur Babat Yeni Sezonu De\u011ferlendirdi.","author":"Edit\u00f6r","date":"3 Eyl\u00fcl 2018","format":false,"excerpt":"Ba\u015far\u0131l\u0131 sma\u00e7\u00f6r Fatma Y\u0131ld\u0131r\u0131m ile Orta oyuncumuz Dicle Nur Babat sezonun ilk antrenman\u0131 sonras\u0131 Resmi Sitemize a\u00e7\u0131klamalarda bulundular. Fatma Y\u0131ld\u0131r\u0131m heyecanl\u0131 ve mutlu oldu\u011fu ifade etti. \u00d6nlerinde 2 ayl\u0131k bir haz\u0131rl\u0131k s\u00fcrecinin oldu\u011funu dile getiren Y\u0131ld\u0131r\u0131m, \"Uzun bir aran\u0131n ard\u0131ndan sezona ba\u015flamak g\u00fczel oldu. Yeni tak\u0131m ve heyecan. Fenerbah\u00e7e\u2019de oldu\u011fum\u2026","rel":"","context":"&quot;Haberler&quot; i\u00e7inde","block_context":{"text":"Haberler","link":"https:\/\/sarimelekler.biz\/?cat=7"},"img":{"alt_text":"","src":"https:\/\/i0.wp.com\/sarimelekler.biz\/wp-content\/uploads\/2018\/09\/Dicle-Fatma.jpg?resize=350%2C200&ssl=1","width":350,"height":200,"srcset":"https:\/\/i0.wp.com\/sarimelekler.biz\/wp-content\/uploads\/2018\/09\/Dicle-Fatma.jpg?resize=350%2C200&ssl=1 1x, https:\/\/i0.wp.com\/sarimelekler.biz\/wp-content\/uploads\/2018\/09\/Dicle-Fatma.jpg?resize=525%2C300&ssl=1 1.5x, https:\/\/i0.wp.com\/sarimelekler.biz\/wp-content\/uploads\/2018\/09\/Dicle-Fatma.jpg?resize=700%2C400&ssl=1 2x, https:\/\/i0.wp.com\/sarimelekler.biz\/wp-content\/uploads\/2018\/09\/Dicle-Fatma.jpg?resize=1050%2C600&ssl=1 3x, https:\/\/i0.wp.com\/sarimelekler.biz\/wp-content\/uploads\/2018\/09\/Dicle-Fatma.jpg?resize=1400%2C800&ssl=1 4x"},"classes":[]},{"id":11869,"url":"https:\/\/sarimelekler.biz\/?p=11869","url_meta":{"origin":13424,"position":3},"title":"Milli Tak\u0131m Kadrolar\u0131ndan D\u00f6nen Oyuncular\u0131m\u0131z Sa\u011fl\u0131k Kontrol\u00fcnden Ge\u00e7ti","author":"Edit\u00f6r","date":"20 Eyl\u00fcl 2019","format":false,"excerpt":"Fenerbah\u00e7e Opet Kad\u0131n Voleybol Tak\u0131m\u0131m\u0131z\u0131n kaptan\u0131 Eda Erdem D\u00fcndar ile oyuncular\u0131m\u0131z Aylin Sar\u0131o\u011flu, Naz Aydemir Akyol, Brankica Mihajlovic, Fatma Y\u0131ld\u0131r\u0131m, G\u00fclce G\u00fc\u00e7tekin ve \u0130par \u00d6zay Kurt bug\u00fcn Medical Park G\u00f6ztepe Hastanesi'nde sa\u011fl\u0131k kontrol\u00fcnden ge\u00e7ti. A tak\u0131m oyuncular\u0131m\u0131zdan Eda Erdem D\u00fcndar, Aylin Sar\u0131o\u011flu, Naz Aydemir Akyol, Fatma Y\u0131ld\u0131r\u0131m ve Brankica Mihajlovic\u2026","rel":"","context":"&quot;Haberler&quot; i\u00e7inde","block_context":{"text":"Haberler","link":"https:\/\/sarimelekler.biz\/?cat=7"},"img":{"alt_text":"","src":"https:\/\/i0.wp.com\/sarimelekler.biz\/wp-content\/uploads\/2019\/09\/19-20-Sa%C4%9Fl%C4%B1k-Kontrol%C3%BC-Kapak.jpg?resize=350%2C200&ssl=1","width":350,"height":200,"srcset":"https:\/\/i0.wp.com\/sarimelekler.biz\/wp-content\/uploads\/2019\/09\/19-20-Sa%C4%9Fl%C4%B1k-Kontrol%C3%BC-Kapak.jpg?resize=350%2C200&ssl=1 1x, https:\/\/i0.wp.com\/sarimelekler.biz\/wp-content\/uploads\/2019\/09\/19-20-Sa%C4%9Fl%C4%B1k-Kontrol%C3%BC-Kapak.jpg?resize=525%2C300&ssl=1 1.5x, https:\/\/i0.wp.com\/sarimelekler.biz\/wp-content\/uploads\/2019\/09\/19-20-Sa%C4%9Fl%C4%B1k-Kontrol%C3%BC-Kapak.jpg?resize=700%2C400&ssl=1 2x, https:\/\/i0.wp.com\/sarimelekler.biz\/wp-content\/uploads\/2019\/09\/19-20-Sa%C4%9Fl%C4%B1k-Kontrol%C3%BC-Kapak.jpg?resize=1050%2C600&ssl=1 3x, https:\/\/i0.wp.com\/sarimelekler.biz\/wp-content\/uploads\/2019\/09\/19-20-Sa%C4%9Fl%C4%B1k-Kontrol%C3%BC-Kapak.jpg?resize=1400%2C800&ssl=1 4x"},"classes":[]},{"id":11405,"url":"https:\/\/sarimelekler.biz\/?p=11405","url_meta":{"origin":13424,"position":4},"title":"Sar\u0131 Melekler  yeni sezon \u00e7al\u0131\u015fmalar\u0131na ba\u015flad\u0131.","author":"Edit\u00f6r","date":"15 A\u011fustos 2019","format":false,"excerpt":"Kad\u0131n Voleybol Tak\u0131m\u0131m\u0131z Fenerbah\u00e7e Opet \u00a02019-2020 sezonu ilk antrenman\u0131n\u0131 Derea\u011fz\u0131 Lefter K\u00fc\u00e7\u00fckandonyadis Tesisleri\u2019nde ger\u00e7ekle\u015ftirdi. S\u0131rbistan milli tak\u0131m\u0131n\u0131 \u00e7al\u0131\u015ft\u0131ran Ba\u015fantren\u00f6r Zoran Terzic'in yoklu\u011funda yard\u0131mc\u0131s\u0131 Salih Tavac\u0131 y\u00f6netiminde ger\u00e7ekle\u015ftirilen \u00e7al\u0131\u015fmaya milli oyuncular kaptan Eda Erdem D\u00fcndar, Naz Aydemir Akyol, Fatma Y\u0131ld\u0131r\u0131m, Aylin Sar\u0131o\u011flu, Kelsey Robinson ve Brankica Mihajlovic kat\u0131lmad\u0131. Yakla\u015f\u0131k 1 bu\u00e7uk\u2026","rel":"","context":"&quot;Haberler&quot; i\u00e7inde","block_context":{"text":"Haberler","link":"https:\/\/sarimelekler.biz\/?cat=7"},"img":{"alt_text":"","src":"https:\/\/i0.wp.com\/sarimelekler.biz\/wp-content\/uploads\/2019\/08\/19-20-Sezon-A%C3%A7%C4%B1l%C4%B1%C5%9F%C4%B1-13.jpg?resize=350%2C200&ssl=1","width":350,"height":200,"srcset":"https:\/\/i0.wp.com\/sarimelekler.biz\/wp-content\/uploads\/2019\/08\/19-20-Sezon-A%C3%A7%C4%B1l%C4%B1%C5%9F%C4%B1-13.jpg?resize=350%2C200&ssl=1 1x, https:\/\/i0.wp.com\/sarimelekler.biz\/wp-content\/uploads\/2019\/08\/19-20-Sezon-A%C3%A7%C4%B1l%C4%B1%C5%9F%C4%B1-13.jpg?resize=525%2C300&ssl=1 1.5x, https:\/\/i0.wp.com\/sarimelekler.biz\/wp-content\/uploads\/2019\/08\/19-20-Sezon-A%C3%A7%C4%B1l%C4%B1%C5%9F%C4%B1-13.jpg?resize=700%2C400&ssl=1 2x, https:\/\/i0.wp.com\/sarimelekler.biz\/wp-content\/uploads\/2019\/08\/19-20-Sezon-A%C3%A7%C4%B1l%C4%B1%C5%9F%C4%B1-13.jpg?resize=1050%2C600&ssl=1 3x, https:\/\/i0.wp.com\/sarimelekler.biz\/wp-content\/uploads\/2019\/08\/19-20-Sezon-A%C3%A7%C4%B1l%C4%B1%C5%9F%C4%B1-13.jpg?resize=1400%2C800&ssl=1 4x"},"classes":[]},{"id":6370,"url":"https:\/\/sarimelekler.biz\/?p=6370","url_meta":{"origin":13424,"position":5},"title":"Transfer G\u00fcndemi (Son G\u00fcncelleme 17.06.2018)","author":"Edit\u00f6r","date":"17 Haziran 2018","format":false,"excerpt":"2017-2018 Sezonu Vestel Ven\u00fcs Sultanlar Ligini 3. olarak tak\u0131m\u0131m\u0131zda 2018-2019 sezonu transfer \u00e7al\u0131\u015fmalar\u0131 devam ediyor. \u00d6ncelikle tak\u0131m\u0131m\u0131zdan ayr\u0131lan oyuncular\u0131m\u0131za emekleri i\u00e7in te\u015fekk\u00fcr eder, spor hayatlar\u0131nda ba\u015far\u0131lar dileriz. Tak\u0131m\u0131m\u0131za yeni kat\u0131lan oyuncular\u0131m\u0131za sakatl\u0131ks\u0131z bol kupal\u0131 bir sezon dileriz. Mevcut Kadromuzda devam eden oyuncular: Melis Y\u0131lmaz, Merve Dalbeler, Ezgi Da\u011fdelenler, Beliz Ba\u015fk\u0131r,\u2026","rel":"","context":"&quot;Haberler&quot; i\u00e7inde","block_context":{"text":"Haberler","link":"https:\/\/sarimelekler.biz\/?cat=7"},"img":{"alt_text":"","src":"https:\/\/i0.wp.com\/sarimelekler.biz\/wp-content\/uploads\/2018\/04\/de6p8367_59960_6844336.jpg?resize=350%2C200&ssl=1","width":350,"height":200,"srcset":"https:\/\/i0.wp.com\/sarimelekler.biz\/wp-content\/uploads\/2018\/04\/de6p8367_59960_6844336.jpg?resize=350%2C200&ssl=1 1x, https:\/\/i0.wp.com\/sarimelekler.biz\/wp-content\/uploads\/2018\/04\/de6p8367_59960_6844336.jpg?resize=525%2C300&ssl=1 1.5x, https:\/\/i0.wp.com\/sarimelekler.biz\/wp-content\/uploads\/2018\/04\/de6p8367_59960_6844336.jpg?resize=700%2C400&ssl=1 2x, https:\/\/i0.wp.com\/sarimelekler.biz\/wp-content\/uploads\/2018\/04\/de6p8367_59960_6844336.jpg?resize=1050%2C600&ssl=1 3x, https:\/\/i0.wp.com\/sarimelekler.biz\/wp-content\/uploads\/2018\/04\/de6p8367_59960_6844336.jpg?resize=1400%2C800&ssl=1 4x"},"classes":[]}],"_links":{"self":[{"href":"https:\/\/sarimelekler.biz\/index.php?rest_route=\/wp\/v2\/posts\/13424","targetHints":{"allow":["GET"]}}],"collection":[{"href":"https:\/\/sarimelekler.biz\/index.php?rest_route=\/wp\/v2\/posts"}],"about":[{"href":"https:\/\/sarimelekler.biz\/index.php?rest_route=\/wp\/v2\/types\/post"}],"author":[{"embeddable":true,"href":"https:\/\/sarimelekler.biz\/index.php?rest_route=\/wp\/v2\/users\/1"}],"replies":[{"embeddable":true,"href":"https:\/\/sarimelekler.biz\/index.php?rest_route=%2Fwp%2Fv2%2Fcomments&post=13424"}],"version-history":[{"count":3,"href":"https:\/\/sarimelekler.biz\/index.php?rest_route=\/wp\/v2\/posts\/13424\/revisions"}],"predecessor-version":[{"id":13429,"href":"https:\/\/sarimelekler.biz\/index.php?rest_route=\/wp\/v2\/posts\/13424\/revisions\/13429"}],"wp:featuredmedia":[{"embeddable":true,"href":"https:\/\/sarimelekler.biz\/index.php?rest_route=\/wp\/v2\/media\/13426"}],"wp:attachment":[{"href":"https:\/\/sarimelekler.biz\/index.php?rest_route=%2Fwp%2Fv2%2Fmedia&parent=13424"}],"wp:term":[{"taxonomy":"category","embeddable":true,"href":"https:\/\/sarimelekler.biz\/index.php?rest_route=%2Fwp%2Fv2%2Fcategories&post=13424"},{"taxonomy":"post_tag","embeddable":true,"href":"https:\/\/sarimelekler.biz\/index.php?rest_route=%2Fwp%2Fv2%2Ftags&post=13424"}],"curies":[{"name":"wp","href":"https:\/\/api.w.org\/{rel}","templated":true}]}}