{"id":13431,"date":"2020-05-12T22:44:16","date_gmt":"2020-05-12T19:44:16","guid":{"rendered":"http:\/\/sarimelekler.biz\/?p=13431"},"modified":"2020-05-12T22:44:18","modified_gmt":"2020-05-12T19:44:18","slug":"fenerbahce-opetin-sozlesme-yenilemedigi-jordan-thompson-takimimizdan-ayrildi","status":"publish","type":"post","link":"https:\/\/sarimelekler.biz\/?p=13431","title":{"rendered":"Fenerbah\u00e7e Opet\u2019in S\u00f6zle\u015fme Yenilemedi\u011fi Jordan Thompson Tak\u0131m\u0131m\u0131zdan Ayr\u0131ld\u0131."},"content":{"rendered":"<p style=\"text-align: justify;\">Fenerbah\u00e7e Opet Kad\u0131n Voleybol tak\u0131m\u0131m\u0131z\u0131n Pas\u00f6r \u00c7apraz\u0131 Melissa Vargas, tak\u0131m\u0131m\u0131z\u0131n 28 Kas\u0131m 2019 g\u00fcn\u00fc kar\u015f\u0131la\u015ft\u0131\u011f\u0131 Budowlani Lodz ma\u00e7\u0131 3. setinde sa\u011f ayak bile\u011finden sakatlanm\u0131\u015ft\u0131. Melissa Vargas\u2019\u0131n sakatl\u0131\u011f\u0131n\u0131n beklenenden uzun s\u00fcrecek olmas\u0131ndan dolay\u0131 kul\u00fcb\u00fcm\u00fcz bu pozisyona 19.12.2019 g\u00fcn\u00fc Amerikal\u0131 pas\u00f6r \u00e7apras\u0131 Jordan Thompson\u2019u transfer etmi\u015fti. Thompson 03.01.2020 g\u00fcn\u00fc tak\u0131m\u0131m\u0131za kat\u0131lm\u0131\u015ft\u0131.<\/p>\n<p style=\"text-align: justify;\">19.03.2020 g\u00fcn\u00fc COVID-19 salg\u0131n\u0131na kar\u015f\u0131 al\u0131nan tedbirler kapsam\u0131nda t\u00fcm voleybol ma\u00e7lar\u0131n\u0131n s\u00fcresiz olarak ertelenmi\u015f ve federasyonlar\u0131 taraf\u0131ndan \u00fclkelerine \u00e7a\u011fr\u0131lan Amerikal\u0131 oyuncular\u0131m\u0131z Kelsey Robinson ve Jordan Thompson 22.03.2020 tarihinde \u00fclkelerine d\u00f6nm\u00fc\u015ft\u00fc. 11.05.2020 g\u00fcn\u00fc ise T\u00fcrkiye Voleybol Federasyonundan yap\u0131lan a\u00e7\u0131klamayla ligler sonland\u0131r\u0131ld\u0131.<\/p>\n<p style=\"text-align: justify;\">Vargas\u2019\u0131n sakatl\u0131\u011f\u0131nda tak\u0131m\u0131m\u0131zda olu\u015facak eksi\u011fi kapatmak i\u00e7in transfer edilen Jordan Thompson\u2019a liglerinde bitmesiyle kul\u00fcb\u00fcm\u00fcz taraf\u0131ndan s\u00f6zle\u015fme yenilenmeyece\u011fi bildirildi.<\/p>\n<p style=\"text-align: justify;\">Jordan Thompson\u2019a k\u0131sa vadede tak\u0131m\u0131m\u0131za verdi\u011fi emekler i\u00e7in sitemiz ad\u0131na te\u015fekk\u00fcr ederiz.<\/p>\n\n\t\t<style type=\"text\/css\">\n\t\t\t#gallery-1 {\n\t\t\t\tmargin: auto;\n\t\t\t}\n\t\t\t#gallery-1 .gallery-item {\n\t\t\t\tfloat: left;\n\t\t\t\tmargin-top: 10px;\n\t\t\t\ttext-align: center;\n\t\t\t\twidth: 100%;\n\t\t\t}\n\t\t\t#gallery-1 img {\n\t\t\t\tborder: 2px solid #cfcfcf;\n\t\t\t}\n\t\t\t#gallery-1 .gallery-caption {\n\t\t\t\tmargin-left: 0;\n\t\t\t}\n\t\t\t\/* see gallery_shortcode() in wp-includes\/media.php *\/\n\t\t<\/style>\n\t\t<div data-carousel-extra='{&quot;blog_id&quot;:1,&quot;permalink&quot;:&quot;https:\/\/sarimelekler.biz\/?p=13431&quot;}' id='gallery-1' class='gallery galleryid-13431 gallery-columns-1 gallery-size-large'><dl class='gallery-item'>\n\t\t\t<dt class='gallery-icon landscape'>\n\t\t\t\t<a href='https:\/\/sarimelekler.biz\/?attachment_id=12943'><img loading=\"lazy\" decoding=\"async\" width=\"860\" height=\"637\" src=\"https:\/\/sarimelekler.biz\/wp-content\/uploads\/2020\/02\/15-19-20-11-1024x758.jpg\" class=\"attachment-large size-large\" alt=\"\" srcset=\"https:\/\/sarimelekler.biz\/wp-content\/uploads\/2020\/02\/15-19-20-11-1024x758.jpg 1024w, https:\/\/sarimelekler.biz\/wp-content\/uploads\/2020\/02\/15-19-20-11-300x222.jpg 300w, https:\/\/sarimelekler.biz\/wp-content\/uploads\/2020\/02\/15-19-20-11-768x569.jpg 768w, https:\/\/sarimelekler.biz\/wp-content\/uploads\/2020\/02\/15-19-20-11-150x111.jpg 150w\" sizes=\"auto, (max-width: 860px) 100vw, 860px\" data-attachment-id=\"12943\" data-permalink=\"https:\/\/sarimelekler.biz\/?attachment_id=12943\" data-orig-file=\"https:\/\/sarimelekler.biz\/wp-content\/uploads\/2020\/02\/15-19-20-11.jpg\" data-orig-size=\"2500,1851\" data-comments-opened=\"0\" data-image-meta=\"{&quot;aperture&quot;:&quot;4&quot;,&quot;credit&quot;:&quot;&quot;,&quot;camera&quot;:&quot;Canon EOS-1D X&quot;,&quot;caption&quot;:&quot;&quot;,&quot;created_timestamp&quot;:&quot;1581251130&quot;,&quot;copyright&quot;:&quot;&quot;,&quot;focal_length&quot;:&quot;300&quot;,&quot;iso&quot;:&quot;2000&quot;,&quot;shutter_speed&quot;:&quot;0.002&quot;,&quot;title&quot;:&quot;&quot;,&quot;orientation&quot;:&quot;1&quot;}\" data-image-title=\"15 &amp;#8211; 19-20 (11)\" data-image-description=\"\" data-image-caption=\"\" data-large-file=\"https:\/\/sarimelekler.biz\/wp-content\/uploads\/2020\/02\/15-19-20-11-1024x758.jpg\" \/><\/a>\n\t\t\t<\/dt><\/dl><br style=\"clear: both\" \/>\n\t\t<\/div>\n\n","protected":false},"excerpt":{"rendered":"<p>Fenerbah\u00e7e Opet Kad\u0131n Voleybol tak\u0131m\u0131m\u0131z\u0131n Pas\u00f6r \u00c7apraz\u0131 Melissa Vargas, tak\u0131m\u0131m\u0131z\u0131n \u2026 <a class=\"continue-reading-link\" href=\"https:\/\/sarimelekler.biz\/?p=13431\">Okumaya Devam Et.. <span class=\"meta-nav\">&rarr; <\/span><\/a><\/p>\n","protected":false},"author":1,"featured_media":13432,"comment_status":"closed","ping_status":"open","sticky":false,"template":"","format":"standard","meta":{"jetpack_post_was_ever_published":false,"_jetpack_newsletter_access":"","_jetpack_dont_email_post_to_subs":false,"_jetpack_newsletter_tier_id":0,"_jetpack_memberships_contains_paywalled_content":false,"_jetpack_memberships_contains_paid_content":false,"footnotes":"","jetpack_publicize_message":"","jetpack_publicize_feature_enabled":true,"jetpack_social_post_already_shared":true,"jetpack_social_options":{"image_generator_settings":{"template":"highway","default_image_id":0,"font":"","enabled":false},"version":2}},"categories":[23],"tags":[],"class_list":["post-13431","post","type-post","status-publish","format-standard","has-post-thumbnail","hentry","category-transfer-haberleri"],"jetpack_publicize_connections":[],"jetpack_featured_media_url":"https:\/\/sarimelekler.biz\/wp-content\/uploads\/2020\/05\/Jordan-Kapak.jpg","jetpack_sharing_enabled":true,"jetpack_shortlink":"https:\/\/wp.me\/p8npUZ-3uD","jetpack-related-posts":[{"id":12640,"url":"https:\/\/sarimelekler.biz\/?p=12640","url_meta":{"origin":13431,"position":0},"title":"Jordan Thompson Fenerbah\u00e7e Opet\u2019te","author":"Edit\u00f6r","date":"19 Aral\u0131k 2019","format":false,"excerpt":"Fenerbah\u00e7e Opet Kad\u0131n Voleybol tak\u0131m\u0131m\u0131z\u0131n Pas\u00f6r \u00c7apraz\u0131 Melissa Vargas, tak\u0131m\u0131m\u0131z\u0131n 28 Kas\u0131m 2019 g\u00fcn\u00fc kar\u015f\u0131la\u015ft\u0131\u011f\u0131 Budowlani Lodz ma\u00e7\u0131 3. setinde sa\u011f ayak bile\u011finden sakatlanm\u0131\u015ft\u0131. Melissa Vargas\u2019\u0131n sakatl\u0131\u011f\u0131n\u0131n beklenenden uzun s\u00fcrecek olmas\u0131ndan dolay\u0131 kul\u00fcb\u00fcm\u00fcz bu pozisyona Amerikal\u0131 pas\u00f6r \u00e7apras\u0131 Jordan Thompson\u2019u transfer etti. Kul\u00fcb\u00fcm\u00fczden yap\u0131lan a\u00e7\u0131klama: ABD Kad\u0131n Voleybol Milli Tak\u0131m\u0131\u2019n\u0131n\u2026","rel":"","context":"&quot;Transfer Haberleri&quot; i\u00e7inde","block_context":{"text":"Transfer Haberleri","link":"https:\/\/sarimelekler.biz\/?cat=23"},"img":{"alt_text":"","src":"https:\/\/i0.wp.com\/sarimelekler.biz\/wp-content\/uploads\/2019\/12\/jordanthompsonkapak.jpg?resize=350%2C200&ssl=1","width":350,"height":200,"srcset":"https:\/\/i0.wp.com\/sarimelekler.biz\/wp-content\/uploads\/2019\/12\/jordanthompsonkapak.jpg?resize=350%2C200&ssl=1 1x, https:\/\/i0.wp.com\/sarimelekler.biz\/wp-content\/uploads\/2019\/12\/jordanthompsonkapak.jpg?resize=525%2C300&ssl=1 1.5x, https:\/\/i0.wp.com\/sarimelekler.biz\/wp-content\/uploads\/2019\/12\/jordanthompsonkapak.jpg?resize=700%2C400&ssl=1 2x, https:\/\/i0.wp.com\/sarimelekler.biz\/wp-content\/uploads\/2019\/12\/jordanthompsonkapak.jpg?resize=1050%2C600&ssl=1 3x"},"classes":[]},{"id":18754,"url":"https:\/\/sarimelekler.biz\/?p=18754","url_meta":{"origin":13431,"position":1},"title":"Melissa Vargas \u00c7in Liginin Bitmesinden Sonra Tak\u0131ma Geri D\u00f6nd\u00fc","author":"Edit\u00f6r","date":"15 Ocak 2023","format":false,"excerpt":"Fenerbah\u00e7e Opet Kad\u0131n Voleybol Tak\u0131m\u0131m\u0131z\u0131n ba\u015far\u0131l\u0131 oyuncusu Melissa Vargas 21-22 T\u00fcrkiye Liginin bitmesinden sonra transfer oldu\u011fu \u00c7in Liginde bitmesinden sonra kul\u00fcb\u00fcm\u00fcze geri d\u00f6nd\u00fc. Vargas\u2019a Ba\u015far\u0131l\u0131 bir sezon dileriz. Kul\u00fcb\u00fcm\u00fcz\u00fcn Resmi Sitesinden yap\u0131lan a\u00e7\u0131klama: Fenerbah\u00e7e Opet Kad\u0131n Voleybol Tak\u0131m\u0131m\u0131z\u0131n oyuncusu Melissa Vargas, \u00c7in Ligi\u2019nin sona ermesiyle birlikte \u0130stanbul\u2019a geri d\u00f6nd\u00fc. K\u00fcba\u2026","rel":"","context":"&quot;Transfer Haberleri&quot; i\u00e7inde","block_context":{"text":"Transfer Haberleri","link":"https:\/\/sarimelekler.biz\/?cat=23"},"img":{"alt_text":"","src":"https:\/\/i0.wp.com\/sarimelekler.biz\/wp-content\/uploads\/2023\/02\/Vargas-2023-1-scaled.jpg?resize=350%2C200&ssl=1","width":350,"height":200,"srcset":"https:\/\/i0.wp.com\/sarimelekler.biz\/wp-content\/uploads\/2023\/02\/Vargas-2023-1-scaled.jpg?resize=350%2C200&ssl=1 1x, https:\/\/i0.wp.com\/sarimelekler.biz\/wp-content\/uploads\/2023\/02\/Vargas-2023-1-scaled.jpg?resize=525%2C300&ssl=1 1.5x, https:\/\/i0.wp.com\/sarimelekler.biz\/wp-content\/uploads\/2023\/02\/Vargas-2023-1-scaled.jpg?resize=700%2C400&ssl=1 2x, https:\/\/i0.wp.com\/sarimelekler.biz\/wp-content\/uploads\/2023\/02\/Vargas-2023-1-scaled.jpg?resize=1050%2C600&ssl=1 3x, https:\/\/i0.wp.com\/sarimelekler.biz\/wp-content\/uploads\/2023\/02\/Vargas-2023-1-scaled.jpg?resize=1400%2C800&ssl=1 4x"},"classes":[]},{"id":20450,"url":"https:\/\/sarimelekler.biz\/?p=20450","url_meta":{"origin":13431,"position":2},"title":"Zonguldak&#8217;\u0131n \u00c7aycuma \u0130l\u00e7esinde Vargas\u2019\u0131n Heykeli Dikildi","author":"Edit\u00f6r","date":"9 Mart 2024","format":false,"excerpt":"Ge\u00e7ti\u011fimiz sezon Fenerbah\u00e7e Opet Kad\u0131n Voleybol Tak\u0131m\u0131m\u0131z ile lig \u015fampiyonlu\u011fu kazanan, A Milli Kad\u0131n Voleybol Tak\u0131m\u0131m\u0131zla Milletler Ligi ve Avrupa \u015eampiyonlu\u011fu ya\u015fay\u0131p, olimpiyat elemelerinde 7'de 7 yapan tak\u0131m\u0131n bir par\u00e7as\u0131 olan Fenerbah\u00e7e Opet Kad\u0131n Voleybol Tak\u0131m\u0131m\u0131z ve A Milli Kad\u0131n Voleybol Tak\u0131m\u0131m\u0131z\u0131n en \u00f6nemli isimlerinden biri olan voleybolcumuz Melissa Vargas\u2019\u0131n\u2026","rel":"","context":"&quot;Haberler&quot; i\u00e7inde","block_context":{"text":"Haberler","link":"https:\/\/sarimelekler.biz\/?cat=7"},"img":{"alt_text":"","src":"https:\/\/i0.wp.com\/sarimelekler.biz\/wp-content\/uploads\/2024\/03\/Vargas-Heykel-13.jpg?resize=350%2C200&ssl=1","width":350,"height":200,"srcset":"https:\/\/i0.wp.com\/sarimelekler.biz\/wp-content\/uploads\/2024\/03\/Vargas-Heykel-13.jpg?resize=350%2C200&ssl=1 1x, https:\/\/i0.wp.com\/sarimelekler.biz\/wp-content\/uploads\/2024\/03\/Vargas-Heykel-13.jpg?resize=525%2C300&ssl=1 1.5x, https:\/\/i0.wp.com\/sarimelekler.biz\/wp-content\/uploads\/2024\/03\/Vargas-Heykel-13.jpg?resize=700%2C400&ssl=1 2x, https:\/\/i0.wp.com\/sarimelekler.biz\/wp-content\/uploads\/2024\/03\/Vargas-Heykel-13.jpg?resize=1050%2C600&ssl=1 3x, https:\/\/i0.wp.com\/sarimelekler.biz\/wp-content\/uploads\/2024\/03\/Vargas-Heykel-13.jpg?resize=1400%2C800&ssl=1 4x"},"classes":[]},{"id":15727,"url":"https:\/\/sarimelekler.biz\/?p=15727","url_meta":{"origin":13431,"position":3},"title":"Melissa Vargas Tak\u0131m\u0131m\u0131zdan Ayr\u0131ld\u0131","author":"Edit\u00f6r","date":"22 Nisan 2021","format":false,"excerpt":"Kul\u00fcb\u00fcm\u00fcz Fenerbah\u00e7e Opet Kad\u0131n Voleybol tak\u0131m\u0131m\u0131z\u0131n pas\u00f6r \u00e7apraz\u0131 oyuncusu Melissa Vargas\u2019\u0131n tak\u0131mdan ayr\u0131ld\u0131\u011f\u0131n\u0131 resmi sitesinden yapt\u0131\u011f\u0131 a\u00e7\u0131klamayla duyurdu. Melissa Vargas\u2019a emekleri i\u00e7in te\u015fekk\u00fcr eder, kariyerinde ba\u015far\u0131lar dileriz. Kul\u00fcb\u00fcm\u00fczden Yap\u0131lan A\u00e7\u0131klama: Her \u015fey i\u00e7in bir kez daha te\u015fekk\u00fcrler Melissa! 2018-2019 sezonundan bu yana formam\u0131z\u0131 gururla ta\u015f\u0131yan Melissa Vargas, hayallerini ger\u00e7ekle\u015ftirmenin gururuyla\u2026","rel":"","context":"&quot;Transfer Haberleri&quot; i\u00e7inde","block_context":{"text":"Transfer Haberleri","link":"https:\/\/sarimelekler.biz\/?cat=23"},"img":{"alt_text":"","src":"https:\/\/i0.wp.com\/sarimelekler.biz\/wp-content\/uploads\/2021\/04\/Vargas.jpg?resize=350%2C200&ssl=1","width":350,"height":200,"srcset":"https:\/\/i0.wp.com\/sarimelekler.biz\/wp-content\/uploads\/2021\/04\/Vargas.jpg?resize=350%2C200&ssl=1 1x, https:\/\/i0.wp.com\/sarimelekler.biz\/wp-content\/uploads\/2021\/04\/Vargas.jpg?resize=525%2C300&ssl=1 1.5x, https:\/\/i0.wp.com\/sarimelekler.biz\/wp-content\/uploads\/2021\/04\/Vargas.jpg?resize=700%2C400&ssl=1 2x"},"classes":[]},{"id":12146,"url":"https:\/\/sarimelekler.biz\/?p=12146","url_meta":{"origin":13431,"position":4},"title":"Kelsey Robinson Sa\u011fl\u0131k Kontrol\u00fcnden Ge\u00e7ti","author":"Edit\u00f6r","date":"22 Ekim 2019","format":false,"excerpt":"Milli tak\u0131m izinli olan Fenerbah\u00e7e Opet Kad\u0131n Voleybol Tak\u0131m\u0131m\u0131z\u0131n yeni transferi Amerikal\u0131 Sma\u00e7\u00f6r Kelsey Robinson 20.10.2019 g\u00fcn\u00fc \u0130stanbul\u2019a gelerek aya\u011f\u0131n\u0131n tozuyla idmana \u00e7\u0131km\u0131\u015ft\u0131. Kelsey Robinson 21.10.2019 g\u00fcn\u00fc ise Liv Hospital\u2019da sa\u011fl\u0131k kontrol\u00fcnden ge\u00e7ti. Kontrollerde oyuncuya kardiyoloji, kulak burun bo\u011faz, ortopedi, genel cerrahi, dahiliye ve g\u00f6z muayenesi yap\u0131ld\u0131 ve kan de\u011ferlerine\u2026","rel":"","context":"&quot;Haberler&quot; i\u00e7inde","block_context":{"text":"Haberler","link":"https:\/\/sarimelekler.biz\/?cat=7"},"img":{"alt_text":"","src":"https:\/\/i0.wp.com\/sarimelekler.biz\/wp-content\/uploads\/2019\/10\/19-20-Sa%C4%9Fl%C4%B1k-Kontrol%C3%BC-16.jpg?resize=350%2C200&ssl=1","width":350,"height":200,"srcset":"https:\/\/i0.wp.com\/sarimelekler.biz\/wp-content\/uploads\/2019\/10\/19-20-Sa%C4%9Fl%C4%B1k-Kontrol%C3%BC-16.jpg?resize=350%2C200&ssl=1 1x, https:\/\/i0.wp.com\/sarimelekler.biz\/wp-content\/uploads\/2019\/10\/19-20-Sa%C4%9Fl%C4%B1k-Kontrol%C3%BC-16.jpg?resize=525%2C300&ssl=1 1.5x, https:\/\/i0.wp.com\/sarimelekler.biz\/wp-content\/uploads\/2019\/10\/19-20-Sa%C4%9Fl%C4%B1k-Kontrol%C3%BC-16.jpg?resize=700%2C400&ssl=1 2x, https:\/\/i0.wp.com\/sarimelekler.biz\/wp-content\/uploads\/2019\/10\/19-20-Sa%C4%9Fl%C4%B1k-Kontrol%C3%BC-16.jpg?resize=1050%2C600&ssl=1 3x, https:\/\/i0.wp.com\/sarimelekler.biz\/wp-content\/uploads\/2019\/10\/19-20-Sa%C4%9Fl%C4%B1k-Kontrol%C3%BC-16.jpg?resize=1400%2C800&ssl=1 4x"},"classes":[]},{"id":13377,"url":"https:\/\/sarimelekler.biz\/?p=13377","url_meta":{"origin":13431,"position":5},"title":"Sar\u0131 Melekler #EvdeKal G\u00fcnlerinde Antrenmanlar\u0131na \u00c7evrimi\u00e7i Olarak Devam Ediyor.","author":"Edit\u00f6r","date":"18 Nisan 2020","format":false,"excerpt":"D\u00fcnya genelini saran ve \u00fclkemizde de g\u00f6r\u00fclen Koronavir\u00fcs salg\u0131n\u0131 nedeniyle yakla\u015f\u0131k bir ay \u00f6nce voleybol ve di\u011fer ligler s\u00fcresiz ertelenmi\u015fti. Kul\u00fcb\u00fcm\u00fczde her g\u00fcn yapt\u0131\u011f\u0131 payla\u015f\u0131mlarla vir\u00fcs\u00fcn yay\u0131lmamas\u0131 i\u00e7in #Evdekal projesine destek veriyor. Bu kapsamda Fenerbah\u00e7e Opet Kad\u0131n Voleybol tak\u0131m\u0131m\u0131z da antrenmanlar\u0131 s\u00fcre\u00e7 ba\u015f\u0131ndan itibaren \u00e7evrimi\u00e7i olarak evde devam ettiriyor. Tak\u0131m\u0131m\u0131zdan\u2026","rel":"","context":"&quot;Haberler&quot; i\u00e7inde","block_context":{"text":"Haberler","link":"https:\/\/sarimelekler.biz\/?cat=7"},"img":{"alt_text":"","src":"https:\/\/i0.wp.com\/sarimelekler.biz\/wp-content\/uploads\/2020\/04\/1-EvdeKal-Kapak.jpg?resize=350%2C200&ssl=1","width":350,"height":200,"srcset":"https:\/\/i0.wp.com\/sarimelekler.biz\/wp-content\/uploads\/2020\/04\/1-EvdeKal-Kapak.jpg?resize=350%2C200&ssl=1 1x, https:\/\/i0.wp.com\/sarimelekler.biz\/wp-content\/uploads\/2020\/04\/1-EvdeKal-Kapak.jpg?resize=525%2C300&ssl=1 1.5x, https:\/\/i0.wp.com\/sarimelekler.biz\/wp-content\/uploads\/2020\/04\/1-EvdeKal-Kapak.jpg?resize=700%2C400&ssl=1 2x, https:\/\/i0.wp.com\/sarimelekler.biz\/wp-content\/uploads\/2020\/04\/1-EvdeKal-Kapak.jpg?resize=1050%2C600&ssl=1 3x, https:\/\/i0.wp.com\/sarimelekler.biz\/wp-content\/uploads\/2020\/04\/1-EvdeKal-Kapak.jpg?resize=1400%2C800&ssl=1 4x"},"classes":[]}],"_links":{"self":[{"href":"https:\/\/sarimelekler.biz\/index.php?rest_route=\/wp\/v2\/posts\/13431","targetHints":{"allow":["GET"]}}],"collection":[{"href":"https:\/\/sarimelekler.biz\/index.php?rest_route=\/wp\/v2\/posts"}],"about":[{"href":"https:\/\/sarimelekler.biz\/index.php?rest_route=\/wp\/v2\/types\/post"}],"author":[{"embeddable":true,"href":"https:\/\/sarimelekler.biz\/index.php?rest_route=\/wp\/v2\/users\/1"}],"replies":[{"embeddable":true,"href":"https:\/\/sarimelekler.biz\/index.php?rest_route=%2Fwp%2Fv2%2Fcomments&post=13431"}],"version-history":[{"count":1,"href":"https:\/\/sarimelekler.biz\/index.php?rest_route=\/wp\/v2\/posts\/13431\/revisions"}],"predecessor-version":[{"id":13433,"href":"https:\/\/sarimelekler.biz\/index.php?rest_route=\/wp\/v2\/posts\/13431\/revisions\/13433"}],"wp:featuredmedia":[{"embeddable":true,"href":"https:\/\/sarimelekler.biz\/index.php?rest_route=\/wp\/v2\/media\/13432"}],"wp:attachment":[{"href":"https:\/\/sarimelekler.biz\/index.php?rest_route=%2Fwp%2Fv2%2Fmedia&parent=13431"}],"wp:term":[{"taxonomy":"category","embeddable":true,"href":"https:\/\/sarimelekler.biz\/index.php?rest_route=%2Fwp%2Fv2%2Fcategories&post=13431"},{"taxonomy":"post_tag","embeddable":true,"href":"https:\/\/sarimelekler.biz\/index.php?rest_route=%2Fwp%2Fv2%2Ftags&post=13431"}],"curies":[{"name":"wp","href":"https:\/\/api.w.org\/{rel}","templated":true}]}}