{"id":13549,"date":"2020-06-11T01:48:27","date_gmt":"2020-06-10T22:48:27","guid":{"rendered":"http:\/\/sarimelekler.biz\/?p=13549"},"modified":"2020-06-11T01:48:28","modified_gmt":"2020-06-10T22:48:28","slug":"melis-yilmazin-kontrati-2-yil-uzatildi","status":"publish","type":"post","link":"https:\/\/sarimelekler.biz\/?p=13549","title":{"rendered":"Melis Y\u0131lmaz&#8217;\u0131n Kontrat\u0131 2 Y\u0131l Uzat\u0131ld\u0131."},"content":{"rendered":"<p style=\"text-align: justify;\">Kul\u00fcb\u00fcm\u00fcz, Fenerbah\u00e7e Opet Kad\u0131n Voleybol tak\u0131m\u0131m\u0131z\u0131n ba\u015far\u0131l\u0131 liberosu Melis Y\u0131lmaz\u2019\u0131n kontrat\u0131n\u0131n 2 y\u0131l uzat\u0131ld\u0131\u011f\u0131n\u0131 a\u00e7\u0131klad\u0131.<\/p>\n<p style=\"text-align: justify;\"><strong>Melis Y\u0131lmaz sosyal medya hesaplar\u0131ndan;<\/strong><\/p>\n<p style=\"text-align: justify;\">2007 y\u0131l\u0131nda spor okulunun kap\u0131s\u0131ndan girerek ba\u015flayan \u00e7ubuklu sevdam 2010 y\u0131l\u0131nda alt yap\u0131 tak\u0131mlar\u0131nda ba\u015flayan bir maceraya d\u00f6n\u00fc\u015ft\u00fc. \u015eimdi ise bu kutsal formayla olan birlikteli\u011fimi 2022 y\u0131l\u0131na kadar uzatman\u0131n mutlulu\u011funu ya\u015f\u0131yorum. Hep beraber kupalar i\u00e7in sava\u015fmaya devam!<\/p>\n<p style=\"text-align: justify;\">notunu yay\u0131nlayarak heyecan\u0131n\u0131 payla\u015ft\u0131.<\/p>\n<p style=\"text-align: justify;\">1997 do\u011fumlu Melis Y\u0131lmaz 2010 y\u0131l\u0131nda alt yap\u0131m\u0131za kat\u0131ld\u0131. Alt yap\u0131m\u0131zda g\u00f6sterdi\u011fi ba\u015far\u0131l\u0131 performansla 2013 \u2013 2014 sezonu i\u00e7erisinde gen\u00e7 tak\u0131m\u0131m\u0131zdan as tak\u0131ma y\u00fckseltilerek profesyonel s\u00f6zle\u015fme imzalanan Melis Y\u0131lmaz o sezon forma giymese de tak\u0131m\u0131m\u0131zla birlikte ma\u00e7 kadrolar\u0131nda yer ald\u0131. Melis 18 ya\u015f\u0131nda oldu\u011fu 2014 \u2013 2015 sezonundan itibaren as tak\u0131m\u0131m\u0131zda forma giymeye ba\u015flad\u0131. 2015 \u2013 2016 sezonunda ise tak\u0131m\u0131m\u0131za Gizem Karaday\u0131\u2019n\u0131n kat\u0131lmas\u0131yla geli\u015fimin sekteye u\u011framas\u0131 i\u00e7in Be\u015fikta\u015f\u2019a kiralanan Melis bir sonraki sezon tak\u0131m\u0131m\u0131za geri d\u00f6nd\u00fc. 2016 \u2013 2017, 2017 \u2013 2018, 2018 \u2013 2019 ve 2019 \u2013 2020 sezonlar\u0131nda aral\u0131ks\u0131z tak\u0131m\u0131m\u0131z\u0131n formas\u0131n\u0131 terletti. Tak\u0131m\u0131m\u0131zda 6. sezonunu ge\u00e7irecek olan Melis Y\u0131lmaz\u2019a ba\u015far\u0131lar dileriz.<\/p>\n<p><strong>Ba\u015far\u0131lar\u0131:<\/strong><br \/>\n2014 \u2013 T\u00fcrkiye S\u00fcper Kupas\u0131 G\u00fcm\u00fc\u015f Madalya<br \/>\n2014 \u2013 2015 T\u00fcrkiye Kupas\u0131 \u015eampiyonlu\u011fu<br \/>\n2014 \u2013 2015 T\u00fcrkiye Ligi \u015eampiyonlu\u011fu<br \/>\n2016 \u2013 2017 T\u00fcrkiye Kupas\u0131 \u015eampiyonlu\u011fu<br \/>\n2016 \u2013 2017 T\u00fcrkiye Ligi \u015eampiyonlu\u011fu<br \/>\n2017 \u2013 T\u00fcrkiye S\u00fcper Kupas\u0131 G\u00fcm\u00fc\u015f Madalya<br \/>\n2018 \u2013 2019 \u015eampiyonlar Ligi Bronz Madalya<\/p>\n<p><strong>Di\u011fer: (Be\u015fikta\u015f \u2013 Kiral\u0131k)<\/strong><br \/>\n2015 \u2013 2016 T\u00fcrkiye 2. Ligi \u015eampiyonlu\u011fu<\/p>\n<p style=\"text-align: right;\">10.06.2020<\/p>\n","protected":false},"excerpt":{"rendered":"<p>Kul\u00fcb\u00fcm\u00fcz, Fenerbah\u00e7e Opet Kad\u0131n Voleybol tak\u0131m\u0131m\u0131z\u0131n ba\u015far\u0131l\u0131 liberosu Melis Y\u0131lmaz\u2019\u0131n \u2026 <a class=\"continue-reading-link\" href=\"https:\/\/sarimelekler.biz\/?p=13549\">Okumaya Devam Et.. <span class=\"meta-nav\">&rarr; <\/span><\/a><\/p>\n","protected":false},"author":1,"featured_media":13448,"comment_status":"closed","ping_status":"open","sticky":false,"template":"","format":"standard","meta":{"jetpack_post_was_ever_published":false,"_jetpack_newsletter_access":"","_jetpack_dont_email_post_to_subs":false,"_jetpack_newsletter_tier_id":0,"_jetpack_memberships_contains_paywalled_content":false,"_jetpack_memberships_contains_paid_content":false,"footnotes":"","jetpack_publicize_message":"","jetpack_publicize_feature_enabled":true,"jetpack_social_post_already_shared":true,"jetpack_social_options":{"image_generator_settings":{"template":"highway","default_image_id":0,"font":"","enabled":false},"version":2}},"categories":[23],"tags":[],"class_list":["post-13549","post","type-post","status-publish","format-standard","has-post-thumbnail","hentry","category-transfer-haberleri"],"jetpack_publicize_connections":[],"jetpack_featured_media_url":"https:\/\/sarimelekler.biz\/wp-content\/uploads\/2020\/05\/2020-Melis-Y\u0131lmaz.jpg","jetpack_sharing_enabled":true,"jetpack_shortlink":"https:\/\/wp.me\/p8npUZ-3wx","jetpack-related-posts":[{"id":13435,"url":"https:\/\/sarimelekler.biz\/?p=13435","url_meta":{"origin":13549,"position":0},"title":"11 Senenin Ard\u0131ndan Melis Y\u0131lmaz Tak\u0131m\u0131m\u0131zdan Ayr\u0131ld\u0131.","author":"Edit\u00f6r","date":"29 Nisan 2021","format":false,"excerpt":"1997 do\u011fumlu Melis Y\u0131lmaz 2010 y\u0131l\u0131nda alt yap\u0131m\u0131za kat\u0131ld\u0131. Alt yap\u0131m\u0131zda g\u00f6sterdi\u011fi ba\u015far\u0131l\u0131 performansla 2013 \u2013 2014 sezonu i\u00e7erisinde gen\u00e7 tak\u0131m\u0131m\u0131zdan as tak\u0131ma y\u00fckseltilerek profesyonel s\u00f6zle\u015fme imzalanan Melis Y\u0131lmaz o sezon forma giymese de tak\u0131m\u0131m\u0131zla birlikte ma\u00e7 kadrolar\u0131nda yer ald\u0131. Melis 18 ya\u015f\u0131nda oldu\u011fu 2014 \u2013 2015 sezonundan itibaren as\u2026","rel":"","context":"&quot;Transfer Haberleri&quot; i\u00e7inde","block_context":{"text":"Transfer Haberleri","link":"https:\/\/sarimelekler.biz\/?cat=23"},"img":{"alt_text":"","src":"https:\/\/i0.wp.com\/sarimelekler.biz\/wp-content\/uploads\/2021\/04\/Melis-Y%C4%B1lmaz-2-1.jpg?resize=350%2C200&ssl=1","width":350,"height":200,"srcset":"https:\/\/i0.wp.com\/sarimelekler.biz\/wp-content\/uploads\/2021\/04\/Melis-Y%C4%B1lmaz-2-1.jpg?resize=350%2C200&ssl=1 1x, https:\/\/i0.wp.com\/sarimelekler.biz\/wp-content\/uploads\/2021\/04\/Melis-Y%C4%B1lmaz-2-1.jpg?resize=525%2C300&ssl=1 1.5x, https:\/\/i0.wp.com\/sarimelekler.biz\/wp-content\/uploads\/2021\/04\/Melis-Y%C4%B1lmaz-2-1.jpg?resize=700%2C400&ssl=1 2x, https:\/\/i0.wp.com\/sarimelekler.biz\/wp-content\/uploads\/2021\/04\/Melis-Y%C4%B1lmaz-2-1.jpg?resize=1050%2C600&ssl=1 3x, https:\/\/i0.wp.com\/sarimelekler.biz\/wp-content\/uploads\/2021\/04\/Melis-Y%C4%B1lmaz-2-1.jpg?resize=1400%2C800&ssl=1 4x"},"classes":[]},{"id":13266,"url":"https:\/\/sarimelekler.biz\/?p=13266","url_meta":{"origin":13549,"position":1},"title":"Melis Y\u0131lmaz&#8217;a S\u00fcrpriz Pankart","author":"Edit\u00f6r","date":"9 Mart 2020","format":false,"excerpt":"Tak\u0131m\u0131m\u0131z\u0131n Vestel Venus Sultanlar Ligi 21. haftas\u0131nda kar\u015f\u0131la\u015ft\u0131\u011f\u0131 PTT Spor ma\u00e7\u0131nda oyuncumuz Melis Y\u0131lmaz\u2019a 8 Mart D\u00fcnya Kad\u0131nlar G\u00fcn\u00fcn\u00fc \u00f6zel bir pankart a\u00e7\u0131ld\u0131. Trib\u00fcnlerimizin m\u00fcnferit taraftarlar\u0131ndan Berk S\u00f6z\u00fcer ba\u015far\u0131l\u0131 oyuncumuz Melis Y\u0131lmaz i\u00e7in kendi eme\u011fiyle yapt\u0131\u011f\u0131 pankart\u0131 ma\u00e7tan \u00f6nce trib\u00fcne ast\u0131. Tabi oyuncumuz buna kay\u0131ts\u0131z kalmayarak ma\u00e7 sonu Berk S\u00f6z\u00fcer\u2019e\u2026","rel":"","context":"&quot;Haberler&quot; i\u00e7inde","block_context":{"text":"Haberler","link":"https:\/\/sarimelekler.biz\/?cat=7"},"img":{"alt_text":"","src":"https:\/\/i0.wp.com\/sarimelekler.biz\/wp-content\/uploads\/2020\/03\/Melis-Pankart-1.jpg?resize=350%2C200&ssl=1","width":350,"height":200,"srcset":"https:\/\/i0.wp.com\/sarimelekler.biz\/wp-content\/uploads\/2020\/03\/Melis-Pankart-1.jpg?resize=350%2C200&ssl=1 1x, https:\/\/i0.wp.com\/sarimelekler.biz\/wp-content\/uploads\/2020\/03\/Melis-Pankart-1.jpg?resize=525%2C300&ssl=1 1.5x, https:\/\/i0.wp.com\/sarimelekler.biz\/wp-content\/uploads\/2020\/03\/Melis-Pankart-1.jpg?resize=700%2C400&ssl=1 2x, https:\/\/i0.wp.com\/sarimelekler.biz\/wp-content\/uploads\/2020\/03\/Melis-Pankart-1.jpg?resize=1050%2C600&ssl=1 3x"},"classes":[]},{"id":14300,"url":"https:\/\/sarimelekler.biz\/?p=14300","url_meta":{"origin":13549,"position":2},"title":"Fenerbah\u00e7e Opet:3 \u2013 Beylikd\u00fcz\u00fc Voleybol \u0130htisas:0","author":"Edit\u00f6r","date":"3 Kas\u0131m 2020","format":false,"excerpt":"Fenerbah\u00e7e Opet Kad\u0131n Voleybol Tak\u0131m\u0131m\u0131z misli.com Sultanlar Ligi 14. hafta ma\u00e7\u0131nda kar\u015f\u0131la\u015ft\u0131\u011f\u0131 Beylikd\u00fcz\u00fc Voleybol \u0130htisas tak\u0131m\u0131n\u0131 25-14, 25-8 ve 25-13\u2019lik set skorlar\u0131yla 3-0 ma\u011flup etti. Ma\u00e7a Dicle, Lila, Cansu, Bahar, \u0130par, Ceren ve libero Melis kadrosuyla ba\u015flayan tak\u0131m\u0131m\u0131zda, Aylin ve G\u00fclce\u2019de s\u00fcre ald\u0131. Ma\u00e7\u0131 19 say\u0131yla tamamlayan Ceren ma\u00e7\u0131n en\u2026","rel":"","context":"&quot;T\u00fcrkiye Ligi&quot; i\u00e7inde","block_context":{"text":"T\u00fcrkiye Ligi","link":"https:\/\/sarimelekler.biz\/?cat=6"},"img":{"alt_text":"","src":"https:\/\/i0.wp.com\/sarimelekler.biz\/wp-content\/uploads\/2020\/11\/14-20-21-6.jpg?resize=350%2C200&ssl=1","width":350,"height":200,"srcset":"https:\/\/i0.wp.com\/sarimelekler.biz\/wp-content\/uploads\/2020\/11\/14-20-21-6.jpg?resize=350%2C200&ssl=1 1x, https:\/\/i0.wp.com\/sarimelekler.biz\/wp-content\/uploads\/2020\/11\/14-20-21-6.jpg?resize=525%2C300&ssl=1 1.5x, https:\/\/i0.wp.com\/sarimelekler.biz\/wp-content\/uploads\/2020\/11\/14-20-21-6.jpg?resize=700%2C400&ssl=1 2x, https:\/\/i0.wp.com\/sarimelekler.biz\/wp-content\/uploads\/2020\/11\/14-20-21-6.jpg?resize=1050%2C600&ssl=1 3x, https:\/\/i0.wp.com\/sarimelekler.biz\/wp-content\/uploads\/2020\/11\/14-20-21-6.jpg?resize=1400%2C800&ssl=1 4x"},"classes":[]},{"id":12597,"url":"https:\/\/sarimelekler.biz\/?p=12597","url_meta":{"origin":13549,"position":3},"title":"Ba\u015far\u0131l\u0131 Liberomuz Melis Y\u0131lmaz Sma\u00e7\u00f6r Program\u0131na Kat\u0131ld\u0131.","author":"Edit\u00f6r","date":"12 Aral\u0131k 2019","format":false,"excerpt":"Bu g\u00f6nderiyi Instagram'da g\u00f6r Sma\u00e7\u00f6r Program\u0131 her Per\u015fembe Fenerbah\u00e7e Televizyonunda. Kaynak: FB Tv. www.sarimelekler.biz #Sar\u0131Melekler #Sarimelekler #Fenerbahce #Opet #voleybol #volleyball #ClvolleyW #Eurovolleyw #KupaVolley #SultanlarLigi #EfelerLigi #Vestel #VestelVenus #Bilcee #Fluo #KafkasMucevherat #CorendonAirlines Sar\u0131 Melekler (@sari_melekler)'in payla\u015ft\u0131\u011f\u0131 bir g\u00f6nderi (12 Ara, 2019, 4:05\u00f6\u00f6 PST) Sma\u00e7\u00f6r Program\u0131 her Per\u015fembe Fenerbah\u00e7e Televizyonunda. Kaynak: FB\u2026","rel":"","context":"&quot;Video Programlar&quot; i\u00e7inde","block_context":{"text":"Video Programlar","link":"https:\/\/sarimelekler.biz\/?cat=22"},"img":{"alt_text":"","src":"https:\/\/i0.wp.com\/sarimelekler.biz\/wp-content\/uploads\/2019\/12\/Melis-Sma%C3%A7%C3%B6r-12.2019.jpg?resize=350%2C200&ssl=1","width":350,"height":200,"srcset":"https:\/\/i0.wp.com\/sarimelekler.biz\/wp-content\/uploads\/2019\/12\/Melis-Sma%C3%A7%C3%B6r-12.2019.jpg?resize=350%2C200&ssl=1 1x, https:\/\/i0.wp.com\/sarimelekler.biz\/wp-content\/uploads\/2019\/12\/Melis-Sma%C3%A7%C3%B6r-12.2019.jpg?resize=525%2C300&ssl=1 1.5x, https:\/\/i0.wp.com\/sarimelekler.biz\/wp-content\/uploads\/2019\/12\/Melis-Sma%C3%A7%C3%B6r-12.2019.jpg?resize=700%2C400&ssl=1 2x, https:\/\/i0.wp.com\/sarimelekler.biz\/wp-content\/uploads\/2019\/12\/Melis-Sma%C3%A7%C3%B6r-12.2019.jpg?resize=1050%2C600&ssl=1 3x"},"classes":[]},{"id":6633,"url":"https:\/\/sarimelekler.biz\/?p=6633","url_meta":{"origin":13549,"position":4},"title":"Kul\u00fcb\u00fcm\u00fczde Bayramla\u015fma T\u00f6reni Yap\u0131ld\u0131","author":"Edit\u00f6r","date":"23 A\u011fustos 2018","format":false,"excerpt":"Fenerbah\u00e7e Spor Kul\u00fcb\u00fcm\u00fcz geleneksel bayramla\u015fma t\u00f6reni, Kurban Bayram\u0131n\u0131n 3. g\u00fcn\u00fc, Fenerbah\u00e7e Faruk Ilgaz Tesisleri\u2019nde ger\u00e7ekle\u015ftirildi. T\u00f6rene tak\u0131m\u0131m\u0131z oyuncular\u0131ndan Merve Dalbeler, Polen \u00dcnver, Fatma Y\u0131ld\u0131r\u0131m, Melis Y\u0131lmaz ve Beliz Ba\u015fk\u0131r kat\u0131ld\u0131. Ayr\u0131ca yard\u0131mc\u0131 antren\u00f6r\u00fcm\u00fcz Salih Tavac\u0131, \u015eube Sorumlumuz Simla T\u00fcrker Bayaz\u0131t, \u015eube Sorumlu Yard\u0131mc\u0131m\u0131z \u0130lker Din\u00e7ay ve K\u00fc\u00e7\u00fck K\u0131z Voleybol tak\u0131m\u0131m\u0131z\u2026","rel":"","context":"&quot;Haberler&quot; i\u00e7inde","block_context":{"text":"Haberler","link":"https:\/\/sarimelekler.biz\/?cat=7"},"img":{"alt_text":"","src":"https:\/\/i0.wp.com\/sarimelekler.biz\/wp-content\/uploads\/2018\/08\/kurban-kapak-1.jpg?resize=350%2C200&ssl=1","width":350,"height":200,"srcset":"https:\/\/i0.wp.com\/sarimelekler.biz\/wp-content\/uploads\/2018\/08\/kurban-kapak-1.jpg?resize=350%2C200&ssl=1 1x, https:\/\/i0.wp.com\/sarimelekler.biz\/wp-content\/uploads\/2018\/08\/kurban-kapak-1.jpg?resize=525%2C300&ssl=1 1.5x, https:\/\/i0.wp.com\/sarimelekler.biz\/wp-content\/uploads\/2018\/08\/kurban-kapak-1.jpg?resize=700%2C400&ssl=1 2x, https:\/\/i0.wp.com\/sarimelekler.biz\/wp-content\/uploads\/2018\/08\/kurban-kapak-1.jpg?resize=1050%2C600&ssl=1 3x, https:\/\/i0.wp.com\/sarimelekler.biz\/wp-content\/uploads\/2018\/08\/kurban-kapak-1.jpg?resize=1400%2C800&ssl=1 4x"},"classes":[]},{"id":4044,"url":"https:\/\/sarimelekler.biz\/?p=4044","url_meta":{"origin":13549,"position":5},"title":"Oyuncular\u0131m\u0131zla S\u00f6zle\u015fme Yenilemeleri Yap\u0131ld\u0131.","author":"Edit\u00f6r","date":"3 Haziran 2017","format":false,"excerpt":"Resmi Sitemizden yap\u0131lan a\u00e7\u0131klamada oyuncular\u0131m\u0131z Eda Erdem D\u00fcndar, Polen Uslupehlivan, Saniye Merve Dalbeler, Melis Y\u0131lmaz, Diclenur Babat ve Bahar Toksoy Guidetti ile s\u00f6zle\u015fme yenilendi\u011fi belirtilmi\u015ftir. Kul\u00fcb\u00fcm\u00fcze Hay\u0131rl\u0131 Olsun, Oyuncular\u0131m\u0131za Ba\u015far\u0131lar Dileriz.","rel":"","context":"&quot;T\u00fcrkiye Ligi&quot; i\u00e7inde","block_context":{"text":"T\u00fcrkiye Ligi","link":"https:\/\/sarimelekler.biz\/?cat=6"},"img":{"alt_text":"","src":"https:\/\/i0.wp.com\/sarimelekler.biz\/wp-content\/uploads\/2017\/06\/s%C3%B6zle%C5%9Fme.jpg?resize=350%2C200&ssl=1","width":350,"height":200,"srcset":"https:\/\/i0.wp.com\/sarimelekler.biz\/wp-content\/uploads\/2017\/06\/s%C3%B6zle%C5%9Fme.jpg?resize=350%2C200&ssl=1 1x, https:\/\/i0.wp.com\/sarimelekler.biz\/wp-content\/uploads\/2017\/06\/s%C3%B6zle%C5%9Fme.jpg?resize=525%2C300&ssl=1 1.5x, https:\/\/i0.wp.com\/sarimelekler.biz\/wp-content\/uploads\/2017\/06\/s%C3%B6zle%C5%9Fme.jpg?resize=700%2C400&ssl=1 2x, https:\/\/i0.wp.com\/sarimelekler.biz\/wp-content\/uploads\/2017\/06\/s%C3%B6zle%C5%9Fme.jpg?resize=1050%2C600&ssl=1 3x, https:\/\/i0.wp.com\/sarimelekler.biz\/wp-content\/uploads\/2017\/06\/s%C3%B6zle%C5%9Fme.jpg?resize=1400%2C800&ssl=1 4x"},"classes":[]}],"_links":{"self":[{"href":"https:\/\/sarimelekler.biz\/index.php?rest_route=\/wp\/v2\/posts\/13549","targetHints":{"allow":["GET"]}}],"collection":[{"href":"https:\/\/sarimelekler.biz\/index.php?rest_route=\/wp\/v2\/posts"}],"about":[{"href":"https:\/\/sarimelekler.biz\/index.php?rest_route=\/wp\/v2\/types\/post"}],"author":[{"embeddable":true,"href":"https:\/\/sarimelekler.biz\/index.php?rest_route=\/wp\/v2\/users\/1"}],"replies":[{"embeddable":true,"href":"https:\/\/sarimelekler.biz\/index.php?rest_route=%2Fwp%2Fv2%2Fcomments&post=13549"}],"version-history":[{"count":4,"href":"https:\/\/sarimelekler.biz\/index.php?rest_route=\/wp\/v2\/posts\/13549\/revisions"}],"predecessor-version":[{"id":13553,"href":"https:\/\/sarimelekler.biz\/index.php?rest_route=\/wp\/v2\/posts\/13549\/revisions\/13553"}],"wp:featuredmedia":[{"embeddable":true,"href":"https:\/\/sarimelekler.biz\/index.php?rest_route=\/wp\/v2\/media\/13448"}],"wp:attachment":[{"href":"https:\/\/sarimelekler.biz\/index.php?rest_route=%2Fwp%2Fv2%2Fmedia&parent=13549"}],"wp:term":[{"taxonomy":"category","embeddable":true,"href":"https:\/\/sarimelekler.biz\/index.php?rest_route=%2Fwp%2Fv2%2Fcategories&post=13549"},{"taxonomy":"post_tag","embeddable":true,"href":"https:\/\/sarimelekler.biz\/index.php?rest_route=%2Fwp%2Fv2%2Ftags&post=13549"}],"curies":[{"name":"wp","href":"https:\/\/api.w.org\/{rel}","templated":true}]}}