{"id":13712,"date":"2020-08-03T15:30:18","date_gmt":"2020-08-03T12:30:18","guid":{"rendered":"http:\/\/sarimelekler.biz\/?p=13712"},"modified":"2020-08-03T15:30:19","modified_gmt":"2020-08-03T12:30:19","slug":"kulubumuzde-geleneksel-bayramlasma-toreni-gerceklestirildi","status":"publish","type":"post","link":"https:\/\/sarimelekler.biz\/?p=13712","title":{"rendered":"Kul\u00fcb\u00fcm\u00fczde Geleneksel Bayramla\u015fma T\u00f6reni Ger\u00e7ekle\u015ftirildi."},"content":{"rendered":"<p style=\"text-align: justify;\">Kul\u00fcb\u00fcm\u00fcz\u00fcn geleneksel bayramla\u015fma t\u00f6reni, Kurban Bayram\u0131\u2019n\u0131n 4. g\u00fcn\u00fcnde Fenerbah\u00e7e Faruk Ilgaz Tesisleri\u2019nde yap\u0131ld\u0131.<\/p>\n<p style=\"text-align: justify;\">Camiam\u0131z\u0131n yo\u011fun ilgi g\u00f6sterdi\u011fi t\u00f6rene; Ba\u015fkan\u0131m\u0131z Ali Ko\u00e7, Y\u00fcksek Divan Kurulu Ba\u015fkan\u0131m\u0131z Vefa K\u00fc\u00e7\u00fck, Ba\u015fkan Yard\u0131mc\u0131m\u0131z Erol Bilecik, Genel Sekreterimiz Burak \u00c7a\u011flan K\u0131z\u0131lhan, Y\u00f6netim Kurulu \u00dcyelerimiz Sevil Zeynep Becan, Simla T\u00fcrker Bayaz\u0131t, Fethi Pekin, Tuhan \u015eahin, Kemal Danaba\u015f, Y\u00fcksek Divan Kurulu ve Kongre \u00dcyelerimiz, \u015eube Sorumlular\u0131m\u0131z,\u00a0 antren\u00f6rlerimiz, sporcular\u0131m\u0131z, kul\u00fcp personelimiz ile taraftarlar\u0131m\u0131z kat\u0131ld\u0131.<\/p>\n<p style=\"text-align: justify;\">Koronavir\u00fcs \u00f6nlemleri kapsam\u0131nda a\u00e7\u0131k alanda ger\u00e7ekle\u015ftirilen bayramla\u015fma t\u00f6renine misafirlerimiz maskeleriyle kat\u0131ld\u0131. Giri\u015fte konuklar\u0131m\u0131z\u0131n ate\u015fleri \u00f6l\u00e7\u00fcl\u00fcrken, ki\u015fisel bilgileri al\u0131nd\u0131 ve hijyen kurallar\u0131na uyuldu.<\/p>\n<div class=\"tiled-gallery type-rectangular tiled-gallery-unresized\" data-original-width=\"860\" data-carousel-extra='{&quot;blog_id&quot;:1,&quot;permalink&quot;:&quot;https:\\\/\\\/sarimelekler.biz\\\/?p=13712&quot;,&quot;likes_blog_id&quot;:123791865}' itemscope itemtype=\"http:\/\/schema.org\/ImageGallery\" > <div class=\"gallery-row\" style=\"width: 860px; height: 378px;\" data-original-width=\"860\" data-original-height=\"378\" > <div class=\"gallery-group images-1\" style=\"width: 582px; height: 378px;\" data-original-width=\"582\" data-original-height=\"378\" > <div class=\"tiled-gallery-item tiled-gallery-item-large\" itemprop=\"associatedMedia\" itemscope itemtype=\"http:\/\/schema.org\/ImageObject\"> <a href=\"https:\/\/sarimelekler.biz\/?attachment_id=13719\" border=\"0\" itemprop=\"url\"> <meta itemprop=\"width\" content=\"578\"> <meta itemprop=\"height\" content=\"374\"> <img decoding=\"async\" class=\"\" data-attachment-id=\"13719\" data-orig-file=\"https:\/\/sarimelekler.biz\/wp-content\/uploads\/2020\/08\/20-21-Kurban-Bayram\u0131-7.jpg\" data-orig-size=\"895,580\" data-comments-opened=\"\" data-image-meta=\"{&quot;aperture&quot;:&quot;0&quot;,&quot;credit&quot;:&quot;&quot;,&quot;camera&quot;:&quot;&quot;,&quot;caption&quot;:&quot;&quot;,&quot;created_timestamp&quot;:&quot;0&quot;,&quot;copyright&quot;:&quot;&quot;,&quot;focal_length&quot;:&quot;0&quot;,&quot;iso&quot;:&quot;0&quot;,&quot;shutter_speed&quot;:&quot;0&quot;,&quot;title&quot;:&quot;&quot;,&quot;orientation&quot;:&quot;1&quot;}\" data-image-title=\"20-21 Kurban Bayram\u0131 (7)\" data-image-description=\"\" data-medium-file=\"https:\/\/sarimelekler.biz\/wp-content\/uploads\/2020\/08\/20-21-Kurban-Bayram\u0131-7-300x194.jpg\" data-large-file=\"https:\/\/sarimelekler.biz\/wp-content\/uploads\/2020\/08\/20-21-Kurban-Bayram\u0131-7.jpg\" src=\"https:\/\/i0.wp.com\/sarimelekler.biz\/wp-content\/uploads\/2020\/08\/20-21-Kurban-Bayram%C4%B1-7.jpg?w=578&#038;h=374&#038;ssl=1\" width=\"578\" height=\"374\" loading=\"lazy\" data-original-width=\"578\" data-original-height=\"374\" itemprop=\"http:\/\/schema.org\/image\" title=\"20-21 Kurban Bayram\u0131 (7)\" alt=\"20-21 Kurban Bayram\u0131 (7)\" style=\"width: 578px; height: 374px;\" \/> <\/a> <\/div> <\/div> <!-- close group --> <div class=\"gallery-group images-2\" style=\"width: 278px; height: 378px;\" data-original-width=\"278\" data-original-height=\"378\" > <div class=\"tiled-gallery-item tiled-gallery-item-large\" itemprop=\"associatedMedia\" itemscope itemtype=\"http:\/\/schema.org\/ImageObject\"> <a href=\"https:\/\/sarimelekler.biz\/?attachment_id=13718\" border=\"0\" itemprop=\"url\"> <meta itemprop=\"width\" content=\"274\"> <meta itemprop=\"height\" content=\"183\"> <img decoding=\"async\" class=\"\" data-attachment-id=\"13718\" data-orig-file=\"https:\/\/sarimelekler.biz\/wp-content\/uploads\/2020\/08\/20-21-Kurban-Bayram\u0131-6.jpg\" data-orig-size=\"2500,1667\" data-comments-opened=\"\" data-image-meta=\"{&quot;aperture&quot;:&quot;7.1&quot;,&quot;credit&quot;:&quot;&quot;,&quot;camera&quot;:&quot;Canon EOS-1D X Mark II&quot;,&quot;caption&quot;:&quot;&quot;,&quot;created_timestamp&quot;:&quot;1596454461&quot;,&quot;copyright&quot;:&quot;fenerbahce dergisi\\\/org&quot;,&quot;focal_length&quot;:&quot;27&quot;,&quot;iso&quot;:&quot;320&quot;,&quot;shutter_speed&quot;:&quot;0.004&quot;,&quot;title&quot;:&quot;&quot;,&quot;orientation&quot;:&quot;1&quot;}\" data-image-title=\"20-21 Kurban Bayram\u0131 (6)\" data-image-description=\"\" data-medium-file=\"https:\/\/sarimelekler.biz\/wp-content\/uploads\/2020\/08\/20-21-Kurban-Bayram\u0131-6-300x200.jpg\" data-large-file=\"https:\/\/sarimelekler.biz\/wp-content\/uploads\/2020\/08\/20-21-Kurban-Bayram\u0131-6-1024x683.jpg\" src=\"https:\/\/i0.wp.com\/sarimelekler.biz\/wp-content\/uploads\/2020\/08\/20-21-Kurban-Bayram%C4%B1-6.jpg?w=274&#038;h=183&#038;ssl=1\" width=\"274\" height=\"183\" loading=\"lazy\" data-original-width=\"274\" data-original-height=\"183\" itemprop=\"http:\/\/schema.org\/image\" title=\"20-21 Kurban Bayram\u0131 (6)\" alt=\"20-21 Kurban Bayram\u0131 (6)\" style=\"width: 274px; height: 183px;\" \/> <\/a> <\/div> <div class=\"tiled-gallery-item tiled-gallery-item-large\" itemprop=\"associatedMedia\" itemscope itemtype=\"http:\/\/schema.org\/ImageObject\"> <a href=\"https:\/\/sarimelekler.biz\/?attachment_id=13716\" border=\"0\" itemprop=\"url\"> <meta itemprop=\"width\" content=\"274\"> <meta itemprop=\"height\" content=\"187\"> <img decoding=\"async\" class=\"\" data-attachment-id=\"13716\" data-orig-file=\"https:\/\/sarimelekler.biz\/wp-content\/uploads\/2020\/08\/20-21-Kurban-Bayram\u0131-4.jpg\" data-orig-size=\"2500,1707\" data-comments-opened=\"\" data-image-meta=\"{&quot;aperture&quot;:&quot;7.1&quot;,&quot;credit&quot;:&quot;&quot;,&quot;camera&quot;:&quot;Canon EOS-1D X Mark II&quot;,&quot;caption&quot;:&quot;&quot;,&quot;created_timestamp&quot;:&quot;1596454391&quot;,&quot;copyright&quot;:&quot;fenerbahce dergisi\\\/org&quot;,&quot;focal_length&quot;:&quot;24&quot;,&quot;iso&quot;:&quot;320&quot;,&quot;shutter_speed&quot;:&quot;0.004&quot;,&quot;title&quot;:&quot;&quot;,&quot;orientation&quot;:&quot;1&quot;}\" data-image-title=\"20-21 Kurban Bayram\u0131 (4)\" data-image-description=\"\" data-medium-file=\"https:\/\/sarimelekler.biz\/wp-content\/uploads\/2020\/08\/20-21-Kurban-Bayram\u0131-4-300x205.jpg\" data-large-file=\"https:\/\/sarimelekler.biz\/wp-content\/uploads\/2020\/08\/20-21-Kurban-Bayram\u0131-4-1024x699.jpg\" src=\"https:\/\/i0.wp.com\/sarimelekler.biz\/wp-content\/uploads\/2020\/08\/20-21-Kurban-Bayram%C4%B1-4.jpg?w=274&#038;h=187&#038;ssl=1\" width=\"274\" height=\"187\" loading=\"lazy\" data-original-width=\"274\" data-original-height=\"187\" itemprop=\"http:\/\/schema.org\/image\" title=\"20-21 Kurban Bayram\u0131 (4)\" alt=\"20-21 Kurban Bayram\u0131 (4)\" style=\"width: 274px; height: 187px;\" \/> <\/a> <\/div> <\/div> <!-- close group --> <\/div> <!-- close row --> <div class=\"gallery-row\" style=\"width: 860px; height: 694px;\" data-original-width=\"860\" data-original-height=\"694\" > <div class=\"gallery-group images-3\" style=\"width: 325px; height: 694px;\" data-original-width=\"325\" data-original-height=\"694\" > <div class=\"tiled-gallery-item tiled-gallery-item-large\" itemprop=\"associatedMedia\" itemscope itemtype=\"http:\/\/schema.org\/ImageObject\"> <a href=\"https:\/\/sarimelekler.biz\/?attachment_id=13713\" border=\"0\" itemprop=\"url\"> <meta itemprop=\"width\" content=\"321\"> <meta itemprop=\"height\" content=\"227\"> <img decoding=\"async\" class=\"\" data-attachment-id=\"13713\" data-orig-file=\"https:\/\/sarimelekler.biz\/wp-content\/uploads\/2020\/08\/20-21-Kurban-Bayram\u0131-1.jpg\" data-orig-size=\"2500,1767\" data-comments-opened=\"\" data-image-meta=\"{&quot;aperture&quot;:&quot;6.3&quot;,&quot;credit&quot;:&quot;&quot;,&quot;camera&quot;:&quot;Canon EOS-1D X Mark II&quot;,&quot;caption&quot;:&quot;&quot;,&quot;created_timestamp&quot;:&quot;1596450592&quot;,&quot;copyright&quot;:&quot;fenerbahce dergisi\\\/org&quot;,&quot;focal_length&quot;:&quot;33&quot;,&quot;iso&quot;:&quot;250&quot;,&quot;shutter_speed&quot;:&quot;0.0015625&quot;,&quot;title&quot;:&quot;&quot;,&quot;orientation&quot;:&quot;1&quot;}\" data-image-title=\"20-21 Kurban Bayram\u0131 (1)\" data-image-description=\"\" data-medium-file=\"https:\/\/sarimelekler.biz\/wp-content\/uploads\/2020\/08\/20-21-Kurban-Bayram\u0131-1-300x212.jpg\" data-large-file=\"https:\/\/sarimelekler.biz\/wp-content\/uploads\/2020\/08\/20-21-Kurban-Bayram\u0131-1-1024x724.jpg\" src=\"https:\/\/i0.wp.com\/sarimelekler.biz\/wp-content\/uploads\/2020\/08\/20-21-Kurban-Bayram%C4%B1-1.jpg?w=321&#038;h=227&#038;ssl=1\" width=\"321\" height=\"227\" loading=\"lazy\" data-original-width=\"321\" data-original-height=\"227\" itemprop=\"http:\/\/schema.org\/image\" title=\"20-21 Kurban Bayram\u0131 (1)\" alt=\"20-21 Kurban Bayram\u0131 (1)\" style=\"width: 321px; height: 227px;\" \/> <\/a> <\/div> <div class=\"tiled-gallery-item tiled-gallery-item-large\" itemprop=\"associatedMedia\" itemscope itemtype=\"http:\/\/schema.org\/ImageObject\"> <a href=\"https:\/\/sarimelekler.biz\/?attachment_id=13715\" border=\"0\" itemprop=\"url\"> <meta itemprop=\"width\" content=\"321\"> <meta itemprop=\"height\" content=\"202\"> <img decoding=\"async\" class=\"\" data-attachment-id=\"13715\" data-orig-file=\"https:\/\/sarimelekler.biz\/wp-content\/uploads\/2020\/08\/20-21-Kurban-Bayram\u0131-3.jpg\" data-orig-size=\"2500,1577\" data-comments-opened=\"\" data-image-meta=\"{&quot;aperture&quot;:&quot;5.6&quot;,&quot;credit&quot;:&quot;&quot;,&quot;camera&quot;:&quot;Canon EOS-1D X Mark II&quot;,&quot;caption&quot;:&quot;&quot;,&quot;created_timestamp&quot;:&quot;1596456149&quot;,&quot;copyright&quot;:&quot;fenerbahce dergisi\\\/org&quot;,&quot;focal_length&quot;:&quot;85&quot;,&quot;iso&quot;:&quot;320&quot;,&quot;shutter_speed&quot;:&quot;0.002&quot;,&quot;title&quot;:&quot;&quot;,&quot;orientation&quot;:&quot;1&quot;}\" data-image-title=\"20-21 Kurban Bayram\u0131 (3)\" data-image-description=\"\" data-medium-file=\"https:\/\/sarimelekler.biz\/wp-content\/uploads\/2020\/08\/20-21-Kurban-Bayram\u0131-3-300x189.jpg\" data-large-file=\"https:\/\/sarimelekler.biz\/wp-content\/uploads\/2020\/08\/20-21-Kurban-Bayram\u0131-3-1024x646.jpg\" src=\"https:\/\/i0.wp.com\/sarimelekler.biz\/wp-content\/uploads\/2020\/08\/20-21-Kurban-Bayram%C4%B1-3.jpg?w=321&#038;h=202&#038;ssl=1\" width=\"321\" height=\"202\" loading=\"lazy\" data-original-width=\"321\" data-original-height=\"202\" itemprop=\"http:\/\/schema.org\/image\" title=\"20-21 Kurban Bayram\u0131 (3)\" alt=\"20-21 Kurban Bayram\u0131 (3)\" style=\"width: 321px; height: 202px;\" \/> <\/a> <\/div> <div class=\"tiled-gallery-item tiled-gallery-item-large\" itemprop=\"associatedMedia\" itemscope itemtype=\"http:\/\/schema.org\/ImageObject\"> <a href=\"https:\/\/sarimelekler.biz\/?attachment_id=13717\" border=\"0\" itemprop=\"url\"> <meta itemprop=\"width\" content=\"321\"> <meta itemprop=\"height\" content=\"253\"> <img decoding=\"async\" class=\"\" data-attachment-id=\"13717\" data-orig-file=\"https:\/\/sarimelekler.biz\/wp-content\/uploads\/2020\/08\/20-21-Kurban-Bayram\u0131-5.jpg\" data-orig-size=\"2500,1972\" data-comments-opened=\"\" data-image-meta=\"{&quot;aperture&quot;:&quot;10&quot;,&quot;credit&quot;:&quot;&quot;,&quot;camera&quot;:&quot;Canon EOS-1D X Mark II&quot;,&quot;caption&quot;:&quot;&quot;,&quot;created_timestamp&quot;:&quot;1596453937&quot;,&quot;copyright&quot;:&quot;fenerbahce dergisi\\\/org&quot;,&quot;focal_length&quot;:&quot;70&quot;,&quot;iso&quot;:&quot;320&quot;,&quot;shutter_speed&quot;:&quot;0.004&quot;,&quot;title&quot;:&quot;&quot;,&quot;orientation&quot;:&quot;1&quot;}\" data-image-title=\"20-21 Kurban Bayram\u0131 (5)\" data-image-description=\"\" data-medium-file=\"https:\/\/sarimelekler.biz\/wp-content\/uploads\/2020\/08\/20-21-Kurban-Bayram\u0131-5-300x237.jpg\" data-large-file=\"https:\/\/sarimelekler.biz\/wp-content\/uploads\/2020\/08\/20-21-Kurban-Bayram\u0131-5-1024x808.jpg\" src=\"https:\/\/i0.wp.com\/sarimelekler.biz\/wp-content\/uploads\/2020\/08\/20-21-Kurban-Bayram%C4%B1-5.jpg?w=321&#038;h=253&#038;ssl=1\" width=\"321\" height=\"253\" loading=\"lazy\" data-original-width=\"321\" data-original-height=\"253\" itemprop=\"http:\/\/schema.org\/image\" title=\"20-21 Kurban Bayram\u0131 (5)\" alt=\"20-21 Kurban Bayram\u0131 (5)\" style=\"width: 321px; height: 253px;\" \/> <\/a> <\/div> <\/div> <!-- close group --> <div class=\"gallery-group images-1\" style=\"width: 535px; height: 694px;\" data-original-width=\"535\" data-original-height=\"694\" > <div class=\"tiled-gallery-item tiled-gallery-item-large\" itemprop=\"associatedMedia\" itemscope itemtype=\"http:\/\/schema.org\/ImageObject\"> <a href=\"https:\/\/sarimelekler.biz\/?attachment_id=13714\" border=\"0\" itemprop=\"url\"> <meta itemprop=\"width\" content=\"531\"> <meta itemprop=\"height\" content=\"690\"> <img decoding=\"async\" class=\"\" data-attachment-id=\"13714\" data-orig-file=\"https:\/\/sarimelekler.biz\/wp-content\/uploads\/2020\/08\/20-21-Kurban-Bayram\u0131-2-scaled.jpg\" data-orig-size=\"1969,2560\" data-comments-opened=\"\" data-image-meta=\"{&quot;aperture&quot;:&quot;5&quot;,&quot;credit&quot;:&quot;&quot;,&quot;camera&quot;:&quot;Canon EOS-1D X Mark II&quot;,&quot;caption&quot;:&quot;&quot;,&quot;created_timestamp&quot;:&quot;1596455367&quot;,&quot;copyright&quot;:&quot;fenerbahce dergisi\\\/org&quot;,&quot;focal_length&quot;:&quot;70&quot;,&quot;iso&quot;:&quot;320&quot;,&quot;shutter_speed&quot;:&quot;0.002&quot;,&quot;title&quot;:&quot;&quot;,&quot;orientation&quot;:&quot;1&quot;}\" data-image-title=\"20-21 Kurban Bayram\u0131 (2)\" data-image-description=\"\" data-medium-file=\"https:\/\/sarimelekler.biz\/wp-content\/uploads\/2020\/08\/20-21-Kurban-Bayram\u0131-2-231x300.jpg\" data-large-file=\"https:\/\/sarimelekler.biz\/wp-content\/uploads\/2020\/08\/20-21-Kurban-Bayram\u0131-2-787x1024.jpg\" src=\"https:\/\/i0.wp.com\/sarimelekler.biz\/wp-content\/uploads\/2020\/08\/20-21-Kurban-Bayram%C4%B1-2-scaled.jpg?w=531&#038;h=690&#038;ssl=1\" width=\"531\" height=\"690\" loading=\"lazy\" data-original-width=\"531\" data-original-height=\"690\" itemprop=\"http:\/\/schema.org\/image\" title=\"20-21 Kurban Bayram\u0131 (2)\" alt=\"20-21 Kurban Bayram\u0131 (2)\" style=\"width: 531px; height: 690px;\" \/> <\/a> <\/div> <\/div> <!-- close group --> <\/div> <!-- close row --> <\/div>\n<p>Kaynak:\u00a0<a href=\"https:\/\/www.fenerbahce.org\/haberler\/kulup\/2020\/7\/kulubumuzun-geleneksel-bayramlasma-toreni-gerceklesti\" target=\"_blank\" rel=\"noopener noreferrer\">Fenerbah\u00e7e SK Resmi \u0130nternet Sitesi<\/a><\/p>\n<p style=\"text-align: right;\">03.08.2020<\/p>\n","protected":false},"excerpt":{"rendered":"<p>Kul\u00fcb\u00fcm\u00fcz\u00fcn geleneksel bayramla\u015fma t\u00f6reni, Kurban Bayram\u0131\u2019n\u0131n 4. g\u00fcn\u00fcnde Fenerbah\u00e7e Faruk \u2026 <a class=\"continue-reading-link\" href=\"https:\/\/sarimelekler.biz\/?p=13712\">Okumaya Devam Et.. <span class=\"meta-nav\">&rarr; <\/span><\/a><\/p>\n","protected":false},"author":1,"featured_media":13716,"comment_status":"closed","ping_status":"open","sticky":false,"template":"","format":"standard","meta":{"jetpack_post_was_ever_published":false,"_jetpack_newsletter_access":"","_jetpack_dont_email_post_to_subs":false,"_jetpack_newsletter_tier_id":0,"_jetpack_memberships_contains_paywalled_content":false,"_jetpack_memberships_contains_paid_content":false,"footnotes":"","jetpack_publicize_message":"","jetpack_publicize_feature_enabled":true,"jetpack_social_post_already_shared":true,"jetpack_social_options":{"image_generator_settings":{"template":"highway","default_image_id":0,"font":"","enabled":false},"version":2}},"categories":[7],"tags":[],"class_list":["post-13712","post","type-post","status-publish","format-standard","has-post-thumbnail","hentry","category-haberler"],"jetpack_publicize_connections":[],"jetpack_featured_media_url":"https:\/\/sarimelekler.biz\/wp-content\/uploads\/2020\/08\/20-21-Kurban-Bayram\u0131-4.jpg","jetpack_sharing_enabled":true,"jetpack_shortlink":"https:\/\/wp.me\/p8npUZ-3za","jetpack-related-posts":[{"id":11846,"url":"https:\/\/sarimelekler.biz\/?p=11846","url_meta":{"origin":13712,"position":0},"title":"Kafkas M\u00fccevherat ile Fenerbah\u00e7e Opet aras\u0131ndaki  Forma Sponsorlu\u011fu T\u00f6reni Yap\u0131ld\u0131","author":"Edit\u00f6r","date":"18 Eyl\u00fcl 2019","format":false,"excerpt":"Fenerbah\u00e7e Opet Kad\u0131n Voleybol Tak\u0131m\u0131m\u0131z ile m\u00fccevher sekt\u00f6r\u00fcnde bir moda yarat\u0131mc\u0131s\u0131 olmay\u0131 ilke edinen, sekt\u00f6r\u00fcn \u00f6nemli markalar\u0131ndan Kafkas M\u00fccevherat aras\u0131ndaki sponsorluk anla\u015fmas\u0131 imza t\u00f6reni yap\u0131ld\u0131. \u00dclker Stadyumu Fenerbah\u00e7e \u015e\u00fckr\u00fc Saraco\u011flu Spor Kompleksi 1907 Trib\u00fcn\u00fc\u2019nde ger\u00e7ekle\u015ftirilen imza t\u00f6reninde Ba\u015fkan Yard\u0131mc\u0131m\u0131z Burhan Kara\u00e7am ve Kafkas M\u00fccevherat CEO\u2019su Tolga K\u0131rg\u0131z ile Fenerbah\u00e7e Opet\u2026","rel":"","context":"&quot;Haberler&quot; i\u00e7inde","block_context":{"text":"Haberler","link":"https:\/\/sarimelekler.biz\/?cat=7"},"img":{"alt_text":"","src":"https:\/\/i0.wp.com\/sarimelekler.biz\/wp-content\/uploads\/2019\/09\/Kafkas-M%C3%BCcevherat-Sponsorlu%C4%9Fu-1.jpg?resize=350%2C200&ssl=1","width":350,"height":200,"srcset":"https:\/\/i0.wp.com\/sarimelekler.biz\/wp-content\/uploads\/2019\/09\/Kafkas-M%C3%BCcevherat-Sponsorlu%C4%9Fu-1.jpg?resize=350%2C200&ssl=1 1x, https:\/\/i0.wp.com\/sarimelekler.biz\/wp-content\/uploads\/2019\/09\/Kafkas-M%C3%BCcevherat-Sponsorlu%C4%9Fu-1.jpg?resize=525%2C300&ssl=1 1.5x, https:\/\/i0.wp.com\/sarimelekler.biz\/wp-content\/uploads\/2019\/09\/Kafkas-M%C3%BCcevherat-Sponsorlu%C4%9Fu-1.jpg?resize=700%2C400&ssl=1 2x, https:\/\/i0.wp.com\/sarimelekler.biz\/wp-content\/uploads\/2019\/09\/Kafkas-M%C3%BCcevherat-Sponsorlu%C4%9Fu-1.jpg?resize=1050%2C600&ssl=1 3x, https:\/\/i0.wp.com\/sarimelekler.biz\/wp-content\/uploads\/2019\/09\/Kafkas-M%C3%BCcevherat-Sponsorlu%C4%9Fu-1.jpg?resize=1400%2C800&ssl=1 4x"},"classes":[]},{"id":4227,"url":"https:\/\/sarimelekler.biz\/?p=4227","url_meta":{"origin":13712,"position":1},"title":"Hakan Abimiz Son Yolculu\u011funa U\u011furland\u0131","author":"Edit\u00f6r","date":"14 Eyl\u00fcl 2017","format":false,"excerpt":"13.09.2017 g\u00fcn\u00fc Tedavi g\u00f6rd\u00fc\u011f\u00fc hastanede vefat eden Kul\u00fcb\u00fcm\u00fcz\u00fcn Asba\u015fkanlar\u0131ndan ayr\u0131ca Voleybol \u015eubesi sorumlusu Sn. Hakan Din\u00e7ay bug\u00fcn son yolculu\u011funa u\u011furland\u0131. Camiam\u0131z\u0131n Ba\u015f\u0131 Sa\u011folsun. Hakan abimizin mekan\u0131 Cennet Olsun. Kul\u00fcb\u00fcm\u00fcz\u00fcn \u0130nternet Sitesinden Yap\u0131lan A\u00e7\u0131klama: Vefat\u0131yla t\u00fcm camiam\u0131z\u0131 derinden \u00fczen, Kul\u00fcb\u00fcm\u00fcze \u00e7ok uzun y\u0131llar hizmet etmi\u015f, Voleybol \u015eubemizin bug\u00fcne dek edindi\u011fi \u00f6nemli\u2026","rel":"","context":"&quot;Duyurular&quot; i\u00e7inde","block_context":{"text":"Duyurular","link":"https:\/\/sarimelekler.biz\/?cat=8"},"img":{"alt_text":"","src":"https:\/\/i0.wp.com\/sarimelekler.biz\/wp-content\/uploads\/2017\/09\/10.jpg?resize=350%2C200&ssl=1","width":350,"height":200,"srcset":"https:\/\/i0.wp.com\/sarimelekler.biz\/wp-content\/uploads\/2017\/09\/10.jpg?resize=350%2C200&ssl=1 1x, https:\/\/i0.wp.com\/sarimelekler.biz\/wp-content\/uploads\/2017\/09\/10.jpg?resize=525%2C300&ssl=1 1.5x, https:\/\/i0.wp.com\/sarimelekler.biz\/wp-content\/uploads\/2017\/09\/10.jpg?resize=700%2C400&ssl=1 2x, https:\/\/i0.wp.com\/sarimelekler.biz\/wp-content\/uploads\/2017\/09\/10.jpg?resize=1050%2C600&ssl=1 3x, https:\/\/i0.wp.com\/sarimelekler.biz\/wp-content\/uploads\/2017\/09\/10.jpg?resize=1400%2C800&ssl=1 4x"},"classes":[]},{"id":11824,"url":"https:\/\/sarimelekler.biz\/?p=11824","url_meta":{"origin":13712,"position":2},"title":"Corendon Airlines ile Fenerbah\u00e7e Opet aras\u0131ndaki  Forma S\u0131rt Sponsorlu\u011fu T\u00f6reni Yap\u0131ld\u0131","author":"Edit\u00f6r","date":"18 Eyl\u00fcl 2019","format":false,"excerpt":"Fenerbah\u00e7e Opet Kad\u0131n Voleybol Tak\u0131m\u0131m\u0131z\u0131n, \u201c\u0130lklerin Havayolu\u201d Corendon Airlines ile ger\u00e7ekle\u015ftirdi\u011fi forma s\u0131rt sponsorlu\u011fu anla\u015fmas\u0131n\u0131n imza t\u00f6reni \u00dclker Stadyumu Fenerbah\u00e7e \u015e\u00fckr\u00fc Saraco\u011flu Spor Kompleksi 1907 Trib\u00fcn\u00fc\u2019nde yap\u0131ld\u0131. Ba\u015fkan\u0131m\u0131z Ali Ko\u00e7, Genel Sekreterimiz Sevil Zeynep Becan ile Y\u00f6netim Kurulu \u00dcyelerimizin haz\u0131r bulundu\u011fu imza t\u00f6reninde Ba\u015fkan Yard\u0131mc\u0131m\u0131z Burhan Kara\u00e7am, Corendon Airlines Y\u00f6netim\u2026","rel":"","context":"&quot;Haberler&quot; i\u00e7inde","block_context":{"text":"Haberler","link":"https:\/\/sarimelekler.biz\/?cat=7"},"img":{"alt_text":"","src":"https:\/\/i0.wp.com\/sarimelekler.biz\/wp-content\/uploads\/2019\/09\/12a611dd-78df-4a45-a8e4-2b5710ac851e.jpg?resize=350%2C200&ssl=1","width":350,"height":200,"srcset":"https:\/\/i0.wp.com\/sarimelekler.biz\/wp-content\/uploads\/2019\/09\/12a611dd-78df-4a45-a8e4-2b5710ac851e.jpg?resize=350%2C200&ssl=1 1x, https:\/\/i0.wp.com\/sarimelekler.biz\/wp-content\/uploads\/2019\/09\/12a611dd-78df-4a45-a8e4-2b5710ac851e.jpg?resize=525%2C300&ssl=1 1.5x, https:\/\/i0.wp.com\/sarimelekler.biz\/wp-content\/uploads\/2019\/09\/12a611dd-78df-4a45-a8e4-2b5710ac851e.jpg?resize=700%2C400&ssl=1 2x, https:\/\/i0.wp.com\/sarimelekler.biz\/wp-content\/uploads\/2019\/09\/12a611dd-78df-4a45-a8e4-2b5710ac851e.jpg?resize=1050%2C600&ssl=1 3x, https:\/\/i0.wp.com\/sarimelekler.biz\/wp-content\/uploads\/2019\/09\/12a611dd-78df-4a45-a8e4-2b5710ac851e.jpg?resize=1400%2C800&ssl=1 4x"},"classes":[]},{"id":6443,"url":"https:\/\/sarimelekler.biz\/?p=6443","url_meta":{"origin":13712,"position":3},"title":"Kul\u00fcb\u00fcm\u00fczde Bayramla\u015fma T\u00f6reni Yap\u0131ld\u0131","author":"Edit\u00f6r","date":"17 Haziran 2018","format":false,"excerpt":"Fenerbah\u00e7e Spor Kul\u00fcb\u00fcm\u00fcz geleneksel bayramla\u015fma t\u00f6reni, Ramazan Bayram\u0131n\u0131n 3. g\u00fcn\u00fc, Fenerbah\u00e7e Faruk Ilgaz Tesisleri\u2019nde ger\u00e7ekle\u015ftirildi. T\u00f6rene tak\u0131m\u0131m\u0131z oyuncular\u0131ndan Merve Dalbeler, Polen Uslupehlivan ve Melis Y\u0131lmaz\u2019\u0131n yan\u0131 s\u0131ra yeni transferimiz S\u0131la \u00c7al\u0131\u015fkan'da kat\u0131ld\u0131. Ayr\u0131ca antren\u00f6r\u00fcm\u00fcz Salih Tavac\u0131, idari menajerimiz Abdullah Pa\u015fao\u011flu ve D\u0131\u015f ili\u015fkiler ve Organizasyon Direkt\u00f6r\u00fcm\u00fcz Ayb\u00fcke Turan\u2019da bu t\u00f6rende\u2026","rel":"","context":"&quot;Haberler&quot; i\u00e7inde","block_context":{"text":"Haberler","link":"https:\/\/sarimelekler.biz\/?cat=7"},"img":{"alt_text":"","src":"https:\/\/i0.wp.com\/sarimelekler.biz\/wp-content\/uploads\/2018\/06\/kapak-bayram.jpg?resize=350%2C200&ssl=1","width":350,"height":200,"srcset":"https:\/\/i0.wp.com\/sarimelekler.biz\/wp-content\/uploads\/2018\/06\/kapak-bayram.jpg?resize=350%2C200&ssl=1 1x, https:\/\/i0.wp.com\/sarimelekler.biz\/wp-content\/uploads\/2018\/06\/kapak-bayram.jpg?resize=525%2C300&ssl=1 1.5x, https:\/\/i0.wp.com\/sarimelekler.biz\/wp-content\/uploads\/2018\/06\/kapak-bayram.jpg?resize=700%2C400&ssl=1 2x"},"classes":[]},{"id":10409,"url":"https:\/\/sarimelekler.biz\/?p=10409","url_meta":{"origin":13712,"position":4},"title":"Kul\u00fcb\u00fcm\u00fcz 8 Mart D\u00fcnya Kad\u0131nlar G\u00fcn\u00fc\u2019nde &#8220;Tarihe \u0130z B\u0131rakan Fenerbah\u00e7e Kad\u0131nlar\u0131n\u0131&#8221; Unutmad\u0131","author":"Edit\u00f6r","date":"8 Mart 2019","format":false,"excerpt":"Kul\u00fcb\u00fcm\u00fcz, 8 Mart D\u00fcnya Kad\u0131nlar G\u00fcn\u00fc\u2019nde, 1954 y\u0131l\u0131nda Voleybol ve Basketbol Tak\u0131mlar\u0131m\u0131z\u0131n kurulmas\u0131na \u00f6nc\u00fcl\u00fck eden Ayten Salih ile Fenerbah\u00e7e formas\u0131yla 1954-1961 y\u0131llar\u0131 aras\u0131nda \u00fcst \u00fcste \u015fampiyonluklar kazanan basketbol ve voleybol tak\u0131mlar\u0131n\u0131n \u00e7ok de\u011ferli oyuncular\u0131 i\u00e7in d\u00fczenlenen anlaml\u0131 bir etkinli\u011fe ev sahipli\u011fi yapt\u0131. Kul\u00fcb\u00fcm\u00fcz, Kas\u0131m ay\u0131nda T\u00fcpra\u015f\u2019\u0131n deste\u011fiyle Birle\u015fmi\u015f Milletler Kad\u0131n\u2026","rel":"","context":"&quot;Haberler&quot; i\u00e7inde","block_context":{"text":"Haberler","link":"https:\/\/sarimelekler.biz\/?cat=7"},"img":{"alt_text":"","src":"https:\/\/i0.wp.com\/sarimelekler.biz\/wp-content\/uploads\/2019\/03\/8-Mart-21.jpg?resize=350%2C200&ssl=1","width":350,"height":200,"srcset":"https:\/\/i0.wp.com\/sarimelekler.biz\/wp-content\/uploads\/2019\/03\/8-Mart-21.jpg?resize=350%2C200&ssl=1 1x, https:\/\/i0.wp.com\/sarimelekler.biz\/wp-content\/uploads\/2019\/03\/8-Mart-21.jpg?resize=525%2C300&ssl=1 1.5x, https:\/\/i0.wp.com\/sarimelekler.biz\/wp-content\/uploads\/2019\/03\/8-Mart-21.jpg?resize=700%2C400&ssl=1 2x, https:\/\/i0.wp.com\/sarimelekler.biz\/wp-content\/uploads\/2019\/03\/8-Mart-21.jpg?resize=1050%2C600&ssl=1 3x, https:\/\/i0.wp.com\/sarimelekler.biz\/wp-content\/uploads\/2019\/03\/8-Mart-21.jpg?resize=1400%2C800&ssl=1 4x"},"classes":[]},{"id":20401,"url":"https:\/\/sarimelekler.biz\/?p=20401","url_meta":{"origin":13712,"position":5},"title":"EFSANEM\u0130Z EDA ERDEM D\u00dcNDAR\u2019IN HEYKEL\u0130N\u0130N A\u00c7ILI\u015eI YAPILDI","author":"Edit\u00f6r","date":"8 Mart 2024","format":false,"excerpt":"Elde etti\u011fi ulusal ve uluslararas\u0131 ba\u015far\u0131larla g\u00f6\u011fs\u00fcm\u00fcz\u00fc kabartan, \u00f6rnek ki\u015fili\u011fi ve duru\u015fu ile herkesin sevgisini kazanan, ad\u0131n\u0131 Fenerbah\u00e7e ve T\u00fcrk voleybol tarihine alt\u0131n harflerle kaz\u0131yan Fenerbah\u00e7e Opet Kad\u0131n Voleybol ve Milli Tak\u0131m\u0131m\u0131z\u0131n efsane kaptan\u0131 Eda Erdem D\u00fcndar\u2019\u0131n heykelinin a\u00e7\u0131l\u0131\u015f\u0131 yap\u0131ld\u0131. Heykelt\u0131ra\u015f ve Y. Mimar P\u0131nar \u00d6ktem Do\u011fan taraf\u0131ndan haz\u0131rlanan ve\u2026","rel":"","context":"&quot;\u00d6zel Haberler&quot; i\u00e7inde","block_context":{"text":"\u00d6zel Haberler","link":"https:\/\/sarimelekler.biz\/?cat=21"},"img":{"alt_text":"","src":"https:\/\/i0.wp.com\/sarimelekler.biz\/wp-content\/uploads\/2024\/03\/Eda-Heykel-4-scaled.jpg?resize=350%2C200&ssl=1","width":350,"height":200,"srcset":"https:\/\/i0.wp.com\/sarimelekler.biz\/wp-content\/uploads\/2024\/03\/Eda-Heykel-4-scaled.jpg?resize=350%2C200&ssl=1 1x, https:\/\/i0.wp.com\/sarimelekler.biz\/wp-content\/uploads\/2024\/03\/Eda-Heykel-4-scaled.jpg?resize=525%2C300&ssl=1 1.5x, https:\/\/i0.wp.com\/sarimelekler.biz\/wp-content\/uploads\/2024\/03\/Eda-Heykel-4-scaled.jpg?resize=700%2C400&ssl=1 2x, https:\/\/i0.wp.com\/sarimelekler.biz\/wp-content\/uploads\/2024\/03\/Eda-Heykel-4-scaled.jpg?resize=1050%2C600&ssl=1 3x, https:\/\/i0.wp.com\/sarimelekler.biz\/wp-content\/uploads\/2024\/03\/Eda-Heykel-4-scaled.jpg?resize=1400%2C800&ssl=1 4x"},"classes":[]}],"_links":{"self":[{"href":"https:\/\/sarimelekler.biz\/index.php?rest_route=\/wp\/v2\/posts\/13712","targetHints":{"allow":["GET"]}}],"collection":[{"href":"https:\/\/sarimelekler.biz\/index.php?rest_route=\/wp\/v2\/posts"}],"about":[{"href":"https:\/\/sarimelekler.biz\/index.php?rest_route=\/wp\/v2\/types\/post"}],"author":[{"embeddable":true,"href":"https:\/\/sarimelekler.biz\/index.php?rest_route=\/wp\/v2\/users\/1"}],"replies":[{"embeddable":true,"href":"https:\/\/sarimelekler.biz\/index.php?rest_route=%2Fwp%2Fv2%2Fcomments&post=13712"}],"version-history":[{"count":2,"href":"https:\/\/sarimelekler.biz\/index.php?rest_route=\/wp\/v2\/posts\/13712\/revisions"}],"predecessor-version":[{"id":13721,"href":"https:\/\/sarimelekler.biz\/index.php?rest_route=\/wp\/v2\/posts\/13712\/revisions\/13721"}],"wp:featuredmedia":[{"embeddable":true,"href":"https:\/\/sarimelekler.biz\/index.php?rest_route=\/wp\/v2\/media\/13716"}],"wp:attachment":[{"href":"https:\/\/sarimelekler.biz\/index.php?rest_route=%2Fwp%2Fv2%2Fmedia&parent=13712"}],"wp:term":[{"taxonomy":"category","embeddable":true,"href":"https:\/\/sarimelekler.biz\/index.php?rest_route=%2Fwp%2Fv2%2Fcategories&post=13712"},{"taxonomy":"post_tag","embeddable":true,"href":"https:\/\/sarimelekler.biz\/index.php?rest_route=%2Fwp%2Fv2%2Ftags&post=13712"}],"curies":[{"name":"wp","href":"https:\/\/api.w.org\/{rel}","templated":true}]}}