{"id":13964,"date":"2020-09-26T13:21:45","date_gmt":"2020-09-26T10:21:45","guid":{"rendered":"http:\/\/sarimelekler.biz\/?p=13964"},"modified":"2020-09-26T21:09:31","modified_gmt":"2020-09-26T18:09:31","slug":"kulubumuzden-naz-ve-mihajlovicin-durumlari-hakkinda-aciklama-yapildi","status":"publish","type":"post","link":"https:\/\/sarimelekler.biz\/?p=13964","title":{"rendered":"Kul\u00fcb\u00fcm\u00fczden Naz ve Mihajlovic&#8217;in Durumlar\u0131 Hakk\u0131nda A\u00e7\u0131klama Yap\u0131ld\u0131"},"content":{"rendered":"<p style=\"text-align: justify;\">Tak\u0131m\u0131m\u0131z 18 Eyl\u00fcl g\u00fcn\u00fc Eczac\u0131ba\u015f\u0131 Vitra tak\u0131m\u0131n\u0131 3-2 ma\u011flup etmi\u015fti. Bu tarihten sonra 22 ve 25 Eyl\u00fcl tarihlerinde oynad\u0131\u011f\u0131m\u0131z Nil\u00fcfer Belediyespor ve PTT Spor ma\u00e7lar\u0131nda oyuncular\u0131m\u0131z Naz Aydemir Akyol, Bahar Toksoy Guidetti ve Brankica Mihajlovic kadroda yer almam\u0131\u015ft\u0131.<\/p>\n<p style=\"text-align: justify;\">Vak\u0131fbank tak\u0131m\u0131nda 9 ki\u015finin Covid-19 \u00a0test sonu\u00e7lar\u0131n\u0131n pozitif \u00e7\u0131kmas\u0131 sonras\u0131na gelen bu durum biz de dahil bir \u00e7ok ki\u015fide oyuncular\u0131m\u0131z\u0131n muhtemelen Koronavir\u00fcs temasl\u0131s\u0131 ki\u015filer olarak evlerinde izolasyonda oldu\u011fu kan\u0131s\u0131 uyand\u0131rm\u0131\u015ft\u0131. Her iki tak\u0131m\u0131 ve oyuncular\u0131n\u0131 takip eden sosyal medya kullan\u0131c\u0131lar\u0131n\u0131n bu durumun Vak\u0131fbank oyuncusu Meliha \u0130smailo\u011flu\u2019nun do\u011fum g\u00fcn\u00fc kutlamas\u0131nda meydana geldi\u011fi hakk\u0131nda payla\u015f\u0131mlarda bulunmalar\u0131 bu kan\u0131y\u0131 g\u00fc\u00e7lendirmi\u015fti. Ge\u00e7en yakla\u015f\u0131k 1 haftal\u0131k s\u00fcre\u00e7te kul\u00fcb\u00fcm\u00fcz de bununla ilgili bir a\u00e7\u0131klama yapmam\u0131\u015ft\u0131.<\/p>\n<p style=\"text-align: justify;\">Ancak kul\u00fcb\u00fcm\u00fcz bug\u00fcn sosyal medya hesaplar\u0131ndan; \u00a01 Hafta \u00f6nce oynanan Eczac\u0131ba\u015f\u0131 Vitra ma\u00e7\u0131ndan sonra Naz Aydemir Akyol&#8217;da sol tibia da kemik \u00f6demi, Brankica Mihajlovic\u2019te ise sol kar\u0131n kas\u0131nda 1-2 derecede zorlanma tespit edildi\u011fini a\u00e7\u0131klad\u0131. Bahar i\u00e7in herhangi bir a\u00e7\u0131klama yap\u0131lmad\u0131.<\/p>\n<p style=\"text-align: justify;\">Oyuncular\u0131m\u0131za ge\u00e7mi\u015f olsun dileklerimizi iletiyoruz.<\/p>\n\n\t\t<style type=\"text\/css\">\n\t\t\t#gallery-1 {\n\t\t\t\tmargin: auto;\n\t\t\t}\n\t\t\t#gallery-1 .gallery-item {\n\t\t\t\tfloat: left;\n\t\t\t\tmargin-top: 10px;\n\t\t\t\ttext-align: center;\n\t\t\t\twidth: 100%;\n\t\t\t}\n\t\t\t#gallery-1 img {\n\t\t\t\tborder: 2px solid #cfcfcf;\n\t\t\t}\n\t\t\t#gallery-1 .gallery-caption {\n\t\t\t\tmargin-left: 0;\n\t\t\t}\n\t\t\t\/* see gallery_shortcode() in wp-includes\/media.php *\/\n\t\t<\/style>\n\t\t<div data-carousel-extra='{&quot;blog_id&quot;:1,&quot;permalink&quot;:&quot;https:\/\/sarimelekler.biz\/?p=13964&quot;}' id='gallery-1' class='gallery galleryid-13964 gallery-columns-1 gallery-size-large'><dl class='gallery-item'>\n\t\t\t<dt class='gallery-icon portrait'>\n\t\t\t\t<a href='https:\/\/sarimelekler.biz\/?attachment_id=13965'><img loading=\"lazy\" decoding=\"async\" width=\"659\" height=\"954\" src=\"https:\/\/sarimelekler.biz\/wp-content\/uploads\/2020\/09\/Naz-Miha-Sakatl\u0131k-A\u00e7\u0131klamas\u0131.jpg\" class=\"attachment-large size-large\" alt=\"\" srcset=\"https:\/\/sarimelekler.biz\/wp-content\/uploads\/2020\/09\/Naz-Miha-Sakatl\u0131k-A\u00e7\u0131klamas\u0131.jpg 659w, https:\/\/sarimelekler.biz\/wp-content\/uploads\/2020\/09\/Naz-Miha-Sakatl\u0131k-A\u00e7\u0131klamas\u0131-207x300.jpg 207w, https:\/\/sarimelekler.biz\/wp-content\/uploads\/2020\/09\/Naz-Miha-Sakatl\u0131k-A\u00e7\u0131klamas\u0131-104x150.jpg 104w\" sizes=\"auto, (max-width: 659px) 100vw, 659px\" data-attachment-id=\"13965\" data-permalink=\"https:\/\/sarimelekler.biz\/?attachment_id=13965\" data-orig-file=\"https:\/\/sarimelekler.biz\/wp-content\/uploads\/2020\/09\/Naz-Miha-Sakatl\u0131k-A\u00e7\u0131klamas\u0131.jpg\" data-orig-size=\"659,954\" data-comments-opened=\"0\" data-image-meta=\"{&quot;aperture&quot;:&quot;0&quot;,&quot;credit&quot;:&quot;&quot;,&quot;camera&quot;:&quot;&quot;,&quot;caption&quot;:&quot;&quot;,&quot;created_timestamp&quot;:&quot;0&quot;,&quot;copyright&quot;:&quot;&quot;,&quot;focal_length&quot;:&quot;0&quot;,&quot;iso&quot;:&quot;0&quot;,&quot;shutter_speed&quot;:&quot;0&quot;,&quot;title&quot;:&quot;&quot;,&quot;orientation&quot;:&quot;0&quot;}\" data-image-title=\"Naz Miha Sakatl\u0131k A\u00e7\u0131klamas\u0131\" data-image-description=\"\" data-image-caption=\"\" data-large-file=\"https:\/\/sarimelekler.biz\/wp-content\/uploads\/2020\/09\/Naz-Miha-Sakatl\u0131k-A\u00e7\u0131klamas\u0131.jpg\" \/><\/a>\n\t\t\t<\/dt><\/dl><br style=\"clear: both\" \/>\n\t\t<\/div>\n\n<p style=\"text-align: right;\">26.09.2020<\/p>\n","protected":false},"excerpt":{"rendered":"<p>Tak\u0131m\u0131m\u0131z 18 Eyl\u00fcl g\u00fcn\u00fc Eczac\u0131ba\u015f\u0131 Vitra tak\u0131m\u0131n\u0131 3-2 ma\u011flup etmi\u015fti. \u2026 <a class=\"continue-reading-link\" href=\"https:\/\/sarimelekler.biz\/?p=13964\">Okumaya Devam Et.. <span class=\"meta-nav\">&rarr; <\/span><\/a><\/p>\n","protected":false},"author":1,"featured_media":13966,"comment_status":"closed","ping_status":"open","sticky":false,"template":"","format":"standard","meta":{"jetpack_post_was_ever_published":false,"_jetpack_newsletter_access":"","_jetpack_dont_email_post_to_subs":false,"_jetpack_newsletter_tier_id":0,"_jetpack_memberships_contains_paywalled_content":false,"_jetpack_memberships_contains_paid_content":false,"footnotes":"","jetpack_publicize_message":"","jetpack_publicize_feature_enabled":true,"jetpack_social_post_already_shared":true,"jetpack_social_options":{"image_generator_settings":{"template":"highway","default_image_id":0,"font":"","enabled":false},"version":2}},"categories":[7],"tags":[],"class_list":["post-13964","post","type-post","status-publish","format-standard","has-post-thumbnail","hentry","category-haberler"],"jetpack_publicize_connections":[],"jetpack_featured_media_url":"https:\/\/sarimelekler.biz\/wp-content\/uploads\/2020\/09\/Naz-Miha.jpg","jetpack_sharing_enabled":true,"jetpack_shortlink":"https:\/\/wp.me\/p8npUZ-3De","jetpack-related-posts":[{"id":13927,"url":"https:\/\/sarimelekler.biz\/?p=13927","url_meta":{"origin":13964,"position":0},"title":"Sar\u0131 Melekler Ligdeki \u0130lk Ma\u011flubiyetini Ald\u0131. Fenerbah\u00e7e Opet:2 \u2013 Nil\u00fcfer Belediyespor:3","author":"Edit\u00f6r","date":"22 Eyl\u00fcl 2020","format":false,"excerpt":"Fenerbah\u00e7e Opet Kad\u0131n Voleybol Tak\u0131m\u0131m\u0131z misli.com Sultanlar Ligi 4. hafta ma\u00e7\u0131nda kar\u015f\u0131la\u015ft\u0131\u011f\u0131 Nil\u00fcfer Belediyespor tak\u0131m\u0131na 18-25, 22-25, 25-23, 25-22 ve 13-15\u2019lik set skorlar\u0131yla 3-2 ma\u011flup oldu. Ma\u00e7a Eda, Dicle, Ceren, Lila, Vargas, Busa ve libero Melis kadrosuyla ba\u015flayan tak\u0131m\u0131m\u0131zda, Aylin, Beliz, Cansu ve \u0130par\u2019da s\u00fcre ald\u0131. Bahar, Naz ve Mihajlovic\u2026","rel":"","context":"&quot;T\u00fcrkiye Ligi&quot; i\u00e7inde","block_context":{"text":"T\u00fcrkiye Ligi","link":"https:\/\/sarimelekler.biz\/?cat=6"},"img":{"alt_text":"","src":"https:\/\/i0.wp.com\/sarimelekler.biz\/wp-content\/uploads\/2020\/09\/4-20-21-13.jpg?resize=350%2C200&ssl=1","width":350,"height":200,"srcset":"https:\/\/i0.wp.com\/sarimelekler.biz\/wp-content\/uploads\/2020\/09\/4-20-21-13.jpg?resize=350%2C200&ssl=1 1x, https:\/\/i0.wp.com\/sarimelekler.biz\/wp-content\/uploads\/2020\/09\/4-20-21-13.jpg?resize=525%2C300&ssl=1 1.5x, https:\/\/i0.wp.com\/sarimelekler.biz\/wp-content\/uploads\/2020\/09\/4-20-21-13.jpg?resize=700%2C400&ssl=1 2x, https:\/\/i0.wp.com\/sarimelekler.biz\/wp-content\/uploads\/2020\/09\/4-20-21-13.jpg?resize=1050%2C600&ssl=1 3x, https:\/\/i0.wp.com\/sarimelekler.biz\/wp-content\/uploads\/2020\/09\/4-20-21-13.jpg?resize=1400%2C800&ssl=1 4x"},"classes":[]},{"id":13945,"url":"https:\/\/sarimelekler.biz\/?p=13945","url_meta":{"origin":13964,"position":1},"title":"PTT:0 \u2013  Fenerbah\u00e7e Opet:3","author":"Edit\u00f6r","date":"25 Eyl\u00fcl 2020","format":false,"excerpt":"Fenerbah\u00e7e Opet Kad\u0131n Voleybol Tak\u0131m\u0131m\u0131z misli.com Sultanlar Ligi 5. hafta a\u00e7\u0131l\u0131\u015f ma\u00e7\u0131nda deplasmanda kar\u015f\u0131la\u015ft\u0131\u011f\u0131 PTT Spor tak\u0131m\u0131n\u0131 25-11, 25-12 ve 31-29 set skorlar\u0131yla 3-0 ma\u011flup etti. Ma\u00e7a Eda, Dicle, Cansu, Lila, Vargas, Busa ve libero Aylin kadrosuyla ba\u015flayan tak\u0131m\u0131m\u0131zda Melis, \u0130par ve Ceren\u2019de s\u00fcre ald\u0131. Bahar, Naz ve Mihajlovic ma\u00e7\u2026","rel":"","context":"&quot;T\u00fcrkiye Ligi&quot; i\u00e7inde","block_context":{"text":"T\u00fcrkiye Ligi","link":"https:\/\/sarimelekler.biz\/?cat=6"},"img":{"alt_text":"","src":"https:\/\/i0.wp.com\/sarimelekler.biz\/wp-content\/uploads\/2020\/09\/05-20-21-9.jpg?resize=350%2C200&ssl=1","width":350,"height":200,"srcset":"https:\/\/i0.wp.com\/sarimelekler.biz\/wp-content\/uploads\/2020\/09\/05-20-21-9.jpg?resize=350%2C200&ssl=1 1x, https:\/\/i0.wp.com\/sarimelekler.biz\/wp-content\/uploads\/2020\/09\/05-20-21-9.jpg?resize=525%2C300&ssl=1 1.5x, https:\/\/i0.wp.com\/sarimelekler.biz\/wp-content\/uploads\/2020\/09\/05-20-21-9.jpg?resize=700%2C400&ssl=1 2x, https:\/\/i0.wp.com\/sarimelekler.biz\/wp-content\/uploads\/2020\/09\/05-20-21-9.jpg?resize=1050%2C600&ssl=1 3x, https:\/\/i0.wp.com\/sarimelekler.biz\/wp-content\/uploads\/2020\/09\/05-20-21-9.jpg?resize=1400%2C800&ssl=1 4x"},"classes":[]},{"id":14087,"url":"https:\/\/sarimelekler.biz\/?p=14087","url_meta":{"origin":13964,"position":2},"title":"Federasyondan Fenerbah\u00e7e Ma\u00e7\u0131 \u00d6ncesi Vak\u0131bank&#8217;a K\u0131yak","author":"Edit\u00f6r","date":"17 Ekim 2020","format":false,"excerpt":"G\u00fcnler ge\u00e7iyor, aylar ge\u00e7iyor, y\u0131llar sezonlar ge\u00e7iyor, ba\u015fkanlar de\u011fi\u015fiyor ama T\u00fcrkiye Voleybol Federasyonunun Vak\u0131fbank a\u015fk\u0131 bitmiyor. Her sezon ortaya \u00e7\u0131kan bu destek adil yar\u0131\u015f\u0131 birebir etkiliyor. Bakal\u0131m bu sezon ne olacak dedi\u011fimiz anda yine bir haber bizim bu sezon pandemi var iyi olan dayan\u0131kl\u0131 kalan kazanacakt\u0131r hayalimizi sekteye u\u011fratt\u0131. Peki\u2026","rel":"","context":"&quot;\u00d6zel Haberler&quot; i\u00e7inde","block_context":{"text":"\u00d6zel Haberler","link":"https:\/\/sarimelekler.biz\/?cat=21"},"img":{"alt_text":"","src":"https:\/\/i0.wp.com\/sarimelekler.biz\/wp-content\/uploads\/2020\/10\/Tvvf-Logo.jpeg?resize=350%2C200&ssl=1","width":350,"height":200,"srcset":"https:\/\/i0.wp.com\/sarimelekler.biz\/wp-content\/uploads\/2020\/10\/Tvvf-Logo.jpeg?resize=350%2C200&ssl=1 1x, https:\/\/i0.wp.com\/sarimelekler.biz\/wp-content\/uploads\/2020\/10\/Tvvf-Logo.jpeg?resize=525%2C300&ssl=1 1.5x, https:\/\/i0.wp.com\/sarimelekler.biz\/wp-content\/uploads\/2020\/10\/Tvvf-Logo.jpeg?resize=700%2C400&ssl=1 2x, https:\/\/i0.wp.com\/sarimelekler.biz\/wp-content\/uploads\/2020\/10\/Tvvf-Logo.jpeg?resize=1050%2C600&ssl=1 3x, https:\/\/i0.wp.com\/sarimelekler.biz\/wp-content\/uploads\/2020\/10\/Tvvf-Logo.jpeg?resize=1400%2C800&ssl=1 4x"},"classes":[]},{"id":14154,"url":"https:\/\/sarimelekler.biz\/?p=14154","url_meta":{"origin":13964,"position":3},"title":"Kuzeyboru Spor Kul\u00fcb\u00fc&#8217;n\u00fcn Yapt\u0131\u011f\u0131 A\u00e7\u0131klamaya Cevaben","author":"Edit\u00f6r","date":"19 Ekim 2020","format":false,"excerpt":"Sevgili Kuzeyboru Spor Kul\u00fcb\u00fc yetkilileri: Sosyal medya hesab\u0131n\u0131zdan, 20 Ekim 2020 tarihinde oynayaca\u011f\u0131n\u0131z Vak\u0131fbank-Kuzeyboru ma\u00e7\u0131n\u0131n talebinizle 18 Ekim 2020 tarihinde oynanmas\u0131 ile ilgili olarak 18 Ekim 2020 g\u00fcn\u00fc saat:16:34\u2019te yapt\u0131\u011f\u0131n\u0131z a\u00e7\u0131klamaya cevab\u0131m\u0131zd\u0131r. Vak\u0131fbank-Kuzeyboru ma\u00e7\u0131n\u0131n hangi tak\u0131m\u0131n Pazar g\u00fcn\u00fc oynamak istedi\u011fi \u00f6nemli de\u011fildir, burada bir sonraki hafta sonu oynanacak olan Vak\u0131fbank\u2026","rel":"","context":"&quot;\u00d6zel Haberler&quot; i\u00e7inde","block_context":{"text":"\u00d6zel Haberler","link":"https:\/\/sarimelekler.biz\/?cat=21"},"img":{"alt_text":"","src":"https:\/\/i0.wp.com\/sarimelekler.biz\/wp-content\/uploads\/2020\/10\/Logo-2020-2.jpg?resize=350%2C200&ssl=1","width":350,"height":200,"srcset":"https:\/\/i0.wp.com\/sarimelekler.biz\/wp-content\/uploads\/2020\/10\/Logo-2020-2.jpg?resize=350%2C200&ssl=1 1x, https:\/\/i0.wp.com\/sarimelekler.biz\/wp-content\/uploads\/2020\/10\/Logo-2020-2.jpg?resize=525%2C300&ssl=1 1.5x, https:\/\/i0.wp.com\/sarimelekler.biz\/wp-content\/uploads\/2020\/10\/Logo-2020-2.jpg?resize=700%2C400&ssl=1 2x"},"classes":[]},{"id":18083,"url":"https:\/\/sarimelekler.biz\/?p=18083","url_meta":{"origin":13964,"position":4},"title":"2. Naz Aydemir Akyol D\u00f6nemi Sona Erdi.","author":"Edit\u00f6r","date":"4 Haziran 2022","format":false,"excerpt":"2009-2012 y\u0131llar\u0131 aras\u0131nda 3 sezon tak\u0131m\u0131m\u0131zda yer ald\u0131ktan sonra y\u0131ll\u0131k \u00fccret konusunda anla\u015fmazl\u0131k dolay\u0131 Vak\u0131fbank tak\u0131m\u0131na transfer olan Naz Aydemir Akyol, 7 Sezon sonra 2019-20 sezonunda tekrar tak\u0131m\u0131m\u0131za transfer olmu\u015ftu. \u00a0\u00a0Tak\u0131m\u0131m\u0131zda 2 sezon oynad\u0131ktan sonra ge\u00e7en sezon ba\u015f\u0131nda kul\u00fcb\u00fcm\u00fczden kontrat\u0131n\u0131n 2 y\u0131l uzat\u0131ld\u0131\u011f\u0131 ve 2021-2022, 2022-2023 sezonlar\u0131nda da tak\u0131m\u0131m\u0131zda oldu\u011fu\u2026","rel":"","context":"&quot;Transfer Haberleri&quot; i\u00e7inde","block_context":{"text":"Transfer Haberleri","link":"https:\/\/sarimelekler.biz\/?cat=23"},"img":{"alt_text":"","src":"https:\/\/i0.wp.com\/sarimelekler.biz\/wp-content\/uploads\/2019\/06\/Naz-R%C3%B6portaj-Kapak-2.jpg?resize=350%2C200&ssl=1","width":350,"height":200,"srcset":"https:\/\/i0.wp.com\/sarimelekler.biz\/wp-content\/uploads\/2019\/06\/Naz-R%C3%B6portaj-Kapak-2.jpg?resize=350%2C200&ssl=1 1x, https:\/\/i0.wp.com\/sarimelekler.biz\/wp-content\/uploads\/2019\/06\/Naz-R%C3%B6portaj-Kapak-2.jpg?resize=525%2C300&ssl=1 1.5x, https:\/\/i0.wp.com\/sarimelekler.biz\/wp-content\/uploads\/2019\/06\/Naz-R%C3%B6portaj-Kapak-2.jpg?resize=700%2C400&ssl=1 2x, https:\/\/i0.wp.com\/sarimelekler.biz\/wp-content\/uploads\/2019\/06\/Naz-R%C3%B6portaj-Kapak-2.jpg?resize=1050%2C600&ssl=1 3x, https:\/\/i0.wp.com\/sarimelekler.biz\/wp-content\/uploads\/2019\/06\/Naz-R%C3%B6portaj-Kapak-2.jpg?resize=1400%2C800&ssl=1 4x"},"classes":[]},{"id":17183,"url":"https:\/\/sarimelekler.biz\/?p=17183","url_meta":{"origin":13964,"position":5},"title":"Fenerbah\u00e7e Opet:1 \u2013 Vak\u0131fbank:3","author":"Edit\u00f6r","date":"23 Ocak 2022","format":false,"excerpt":"Fenerbah\u00e7e Opet Kad\u0131n Voleybol Tak\u0131m\u0131m\u0131z misli.com Sultanlar Ligi 16. Hafta ma\u00e7\u0131nda konuk etti\u011fi Vak\u0131fbank tak\u0131m\u0131na 25-27, 25-23, 21-25 ve 10-25\u2019lik set skorlar\u0131yla 3-1 ma\u011flup oldu. \u00a0Ma\u00e7a Eda, Naz, Vargas, Fedorovtseva, Lazareva, Popovic ve libero Gizem kadrosuyla ba\u015flayan tak\u0131m\u0131m\u0131zda, Cansu, Meliha, Ana Cristina ve Buse\u2019de s\u00fcre ald\u0131. Tak\u0131m\u0131m\u0131z 1. Sette 24-19\u2026","rel":"","context":"&quot;T\u00fcrkiye Ligi&quot; i\u00e7inde","block_context":{"text":"T\u00fcrkiye Ligi","link":"https:\/\/sarimelekler.biz\/?cat=6"},"img":{"alt_text":"","src":"https:\/\/i0.wp.com\/sarimelekler.biz\/wp-content\/uploads\/2022\/01\/16-21-22-12.jpg?resize=350%2C200&ssl=1","width":350,"height":200,"srcset":"https:\/\/i0.wp.com\/sarimelekler.biz\/wp-content\/uploads\/2022\/01\/16-21-22-12.jpg?resize=350%2C200&ssl=1 1x, https:\/\/i0.wp.com\/sarimelekler.biz\/wp-content\/uploads\/2022\/01\/16-21-22-12.jpg?resize=525%2C300&ssl=1 1.5x, https:\/\/i0.wp.com\/sarimelekler.biz\/wp-content\/uploads\/2022\/01\/16-21-22-12.jpg?resize=700%2C400&ssl=1 2x, https:\/\/i0.wp.com\/sarimelekler.biz\/wp-content\/uploads\/2022\/01\/16-21-22-12.jpg?resize=1050%2C600&ssl=1 3x, https:\/\/i0.wp.com\/sarimelekler.biz\/wp-content\/uploads\/2022\/01\/16-21-22-12.jpg?resize=1400%2C800&ssl=1 4x"},"classes":[]}],"_links":{"self":[{"href":"https:\/\/sarimelekler.biz\/index.php?rest_route=\/wp\/v2\/posts\/13964","targetHints":{"allow":["GET"]}}],"collection":[{"href":"https:\/\/sarimelekler.biz\/index.php?rest_route=\/wp\/v2\/posts"}],"about":[{"href":"https:\/\/sarimelekler.biz\/index.php?rest_route=\/wp\/v2\/types\/post"}],"author":[{"embeddable":true,"href":"https:\/\/sarimelekler.biz\/index.php?rest_route=\/wp\/v2\/users\/1"}],"replies":[{"embeddable":true,"href":"https:\/\/sarimelekler.biz\/index.php?rest_route=%2Fwp%2Fv2%2Fcomments&post=13964"}],"version-history":[{"count":7,"href":"https:\/\/sarimelekler.biz\/index.php?rest_route=\/wp\/v2\/posts\/13964\/revisions"}],"predecessor-version":[{"id":13973,"href":"https:\/\/sarimelekler.biz\/index.php?rest_route=\/wp\/v2\/posts\/13964\/revisions\/13973"}],"wp:featuredmedia":[{"embeddable":true,"href":"https:\/\/sarimelekler.biz\/index.php?rest_route=\/wp\/v2\/media\/13966"}],"wp:attachment":[{"href":"https:\/\/sarimelekler.biz\/index.php?rest_route=%2Fwp%2Fv2%2Fmedia&parent=13964"}],"wp:term":[{"taxonomy":"category","embeddable":true,"href":"https:\/\/sarimelekler.biz\/index.php?rest_route=%2Fwp%2Fv2%2Fcategories&post=13964"},{"taxonomy":"post_tag","embeddable":true,"href":"https:\/\/sarimelekler.biz\/index.php?rest_route=%2Fwp%2Fv2%2Ftags&post=13964"}],"curies":[{"name":"wp","href":"https:\/\/api.w.org\/{rel}","templated":true}]}}