{"id":14099,"date":"2020-10-17T22:11:25","date_gmt":"2020-10-17T19:11:25","guid":{"rendered":"http:\/\/sarimelekler.biz\/?p=14099"},"modified":"2020-10-17T22:11:56","modified_gmt":"2020-10-17T19:11:56","slug":"fenerbahce-2-lig-kadin-voleybol-takimimiz-ligde-2de-2-yapti","status":"publish","type":"post","link":"https:\/\/sarimelekler.biz\/?p=14099","title":{"rendered":"Fenerbah\u00e7e 2. Lig Kad\u0131n Voleybol Tak\u0131m\u0131m\u0131z Ligde 2\u2019de 2 Yapt\u0131"},"content":{"rendered":"\n<p style=\"text-align: justify;\">Fenerbah\u00e7e 2. Lig Kad\u0131n Voleybol Tak\u0131m\u0131m\u0131z, sezonun ikinci ma\u00e7\u0131nda Fenerbah\u00e7e Koleji ile 50. Y\u0131l Deniz Esinduy Voleybol Salonu\u2019nda kar\u015f\u0131 kar\u015f\u0131ya geldi.<\/p>\n<p style=\"text-align: justify;\">Tak\u0131m\u0131m\u0131z, 25-11, 25-17 ve 25-15\u2019lik setler sonunda sahadan 3-0 galip ayr\u0131larak ligde 2\u2018de 2 yapt\u0131.<\/p>\n<p style=\"text-align: justify;\">M\u00fcsabakay\u0131 Voleybol \u015eubesinden Sorumlu Y\u00f6netim Kurulu \u00dcyemiz Simla T\u00fcrker Bayaz\u0131t da takip etti.<\/p>\n<p style=\"text-align: justify;\">Tak\u0131m\u0131m\u0131z ligin \u00fc\u00e7\u00fcnc\u00fc haftas\u0131nda 24 Ekim Cumartesi g\u00fcn\u00fc \u00dcnsped Spor&#8217;a konuk olacak.<\/p>\n<div class=\"tiled-gallery type-rectangular tiled-gallery-unresized\" data-original-width=\"860\" data-carousel-extra='{&quot;blog_id&quot;:1,&quot;permalink&quot;:&quot;https:\\\/\\\/sarimelekler.biz\\\/?p=14099&quot;,&quot;likes_blog_id&quot;:123791865}' itemscope itemtype=\"http:\/\/schema.org\/ImageGallery\" > <div class=\"gallery-row\" style=\"width: 860px; height: 686px;\" data-original-width=\"860\" data-original-height=\"686\" > <div class=\"gallery-group images-1\" style=\"width: 556px; height: 686px;\" data-original-width=\"556\" data-original-height=\"686\" > <div class=\"tiled-gallery-item tiled-gallery-item-large\" itemprop=\"associatedMedia\" itemscope itemtype=\"http:\/\/schema.org\/ImageObject\"> <a href=\"https:\/\/sarimelekler.biz\/?attachment_id=14100\" border=\"0\" itemprop=\"url\"> <meta itemprop=\"width\" content=\"552\"> <meta itemprop=\"height\" content=\"682\"> <img decoding=\"async\" class=\"\" data-attachment-id=\"14100\" data-orig-file=\"https:\/\/sarimelekler.biz\/wp-content\/uploads\/2020\/10\/2.-Lig-2-2-scaled.jpg\" data-orig-size=\"2074,2560\" data-comments-opened=\"\" data-image-meta=\"{&quot;aperture&quot;:&quot;2&quot;,&quot;credit&quot;:&quot;&quot;,&quot;camera&quot;:&quot;iPhone 11 Pro Max&quot;,&quot;caption&quot;:&quot;&quot;,&quot;created_timestamp&quot;:&quot;1602961064&quot;,&quot;copyright&quot;:&quot;&quot;,&quot;focal_length&quot;:&quot;6&quot;,&quot;iso&quot;:&quot;100&quot;,&quot;shutter_speed&quot;:&quot;0.02&quot;,&quot;title&quot;:&quot;&quot;,&quot;orientation&quot;:&quot;1&quot;}\" data-image-title=\"2. Lig 2 (2)\" data-image-description=\"\" data-medium-file=\"https:\/\/sarimelekler.biz\/wp-content\/uploads\/2020\/10\/2.-Lig-2-2-243x300.jpg\" data-large-file=\"https:\/\/sarimelekler.biz\/wp-content\/uploads\/2020\/10\/2.-Lig-2-2-830x1024.jpg\" src=\"https:\/\/i0.wp.com\/sarimelekler.biz\/wp-content\/uploads\/2020\/10\/2.-Lig-2-2-scaled.jpg?w=552&#038;h=682&#038;ssl=1\" srcset=\"https:\/\/sarimelekler.biz\/wp-content\/uploads\/2020\/10\/2.-Lig-2-2-scaled.jpg 2074w, https:\/\/sarimelekler.biz\/wp-content\/uploads\/2020\/10\/2.-Lig-2-2-243x300.jpg 243w, https:\/\/sarimelekler.biz\/wp-content\/uploads\/2020\/10\/2.-Lig-2-2-830x1024.jpg 830w, https:\/\/sarimelekler.biz\/wp-content\/uploads\/2020\/10\/2.-Lig-2-2-768x948.jpg 768w, https:\/\/sarimelekler.biz\/wp-content\/uploads\/2020\/10\/2.-Lig-2-2-1244x1536.jpg 1244w, https:\/\/sarimelekler.biz\/wp-content\/uploads\/2020\/10\/2.-Lig-2-2-1659x2048.jpg 1659w, https:\/\/sarimelekler.biz\/wp-content\/uploads\/2020\/10\/2.-Lig-2-2-122x150.jpg 122w\" width=\"552\" height=\"682\" loading=\"lazy\" data-original-width=\"552\" data-original-height=\"682\" itemprop=\"http:\/\/schema.org\/image\" title=\"2. Lig 2 (2)\" alt=\"2. Lig 2 (2)\" style=\"width: 552px; height: 682px;\" \/> <\/a> <\/div> <\/div> <!-- close group --> <div class=\"gallery-group images-3\" style=\"width: 304px; height: 686px;\" data-original-width=\"304\" data-original-height=\"686\" > <div class=\"tiled-gallery-item tiled-gallery-item-large\" itemprop=\"associatedMedia\" itemscope itemtype=\"http:\/\/schema.org\/ImageObject\"> <a href=\"https:\/\/sarimelekler.biz\/?attachment_id=14101\" border=\"0\" itemprop=\"url\"> <meta itemprop=\"width\" content=\"300\"> <meta itemprop=\"height\" content=\"248\"> <img decoding=\"async\" class=\"\" data-attachment-id=\"14101\" data-orig-file=\"https:\/\/sarimelekler.biz\/wp-content\/uploads\/2020\/10\/2.-Lig-2-4.jpg\" data-orig-size=\"2300,1901\" data-comments-opened=\"\" data-image-meta=\"{&quot;aperture&quot;:&quot;2.8&quot;,&quot;credit&quot;:&quot;&quot;,&quot;camera&quot;:&quot;Canon EOS-1D X Mark II&quot;,&quot;caption&quot;:&quot;&quot;,&quot;created_timestamp&quot;:&quot;1602957372&quot;,&quot;copyright&quot;:&quot;fenerbahce dergisi\\\/org&quot;,&quot;focal_length&quot;:&quot;70&quot;,&quot;iso&quot;:&quot;1600&quot;,&quot;shutter_speed&quot;:&quot;0.0015625&quot;,&quot;title&quot;:&quot;&quot;,&quot;orientation&quot;:&quot;1&quot;}\" data-image-title=\"2. Lig 2 (4)\" data-image-description=\"\" data-medium-file=\"https:\/\/sarimelekler.biz\/wp-content\/uploads\/2020\/10\/2.-Lig-2-4-300x248.jpg\" data-large-file=\"https:\/\/sarimelekler.biz\/wp-content\/uploads\/2020\/10\/2.-Lig-2-4-1024x846.jpg\" src=\"https:\/\/i0.wp.com\/sarimelekler.biz\/wp-content\/uploads\/2020\/10\/2.-Lig-2-4.jpg?w=300&#038;h=248&#038;ssl=1\" srcset=\"https:\/\/sarimelekler.biz\/wp-content\/uploads\/2020\/10\/2.-Lig-2-4.jpg 2300w, https:\/\/sarimelekler.biz\/wp-content\/uploads\/2020\/10\/2.-Lig-2-4-300x248.jpg 300w, https:\/\/sarimelekler.biz\/wp-content\/uploads\/2020\/10\/2.-Lig-2-4-1024x846.jpg 1024w, https:\/\/sarimelekler.biz\/wp-content\/uploads\/2020\/10\/2.-Lig-2-4-768x635.jpg 768w, https:\/\/sarimelekler.biz\/wp-content\/uploads\/2020\/10\/2.-Lig-2-4-1536x1270.jpg 1536w, https:\/\/sarimelekler.biz\/wp-content\/uploads\/2020\/10\/2.-Lig-2-4-2048x1693.jpg 2048w, https:\/\/sarimelekler.biz\/wp-content\/uploads\/2020\/10\/2.-Lig-2-4-150x124.jpg 150w\" width=\"300\" height=\"248\" loading=\"lazy\" data-original-width=\"300\" data-original-height=\"248\" itemprop=\"http:\/\/schema.org\/image\" title=\"2. Lig 2 (4)\" alt=\"2. Lig 2 (4)\" style=\"width: 300px; height: 248px;\" \/> <\/a> <\/div> <div class=\"tiled-gallery-item tiled-gallery-item-large\" itemprop=\"associatedMedia\" itemscope itemtype=\"http:\/\/schema.org\/ImageObject\"> <a href=\"https:\/\/sarimelekler.biz\/?attachment_id=14102\" border=\"0\" itemprop=\"url\"> <meta itemprop=\"width\" content=\"300\"> <meta itemprop=\"height\" content=\"233\"> <img decoding=\"async\" class=\"\" data-attachment-id=\"14102\" data-orig-file=\"https:\/\/sarimelekler.biz\/wp-content\/uploads\/2020\/10\/2.-Lig-2-6.jpg\" data-orig-size=\"2300,1786\" data-comments-opened=\"\" data-image-meta=\"{&quot;aperture&quot;:&quot;2.8&quot;,&quot;credit&quot;:&quot;&quot;,&quot;camera&quot;:&quot;Canon EOS-1D X Mark II&quot;,&quot;caption&quot;:&quot;&quot;,&quot;created_timestamp&quot;:&quot;1602957375&quot;,&quot;copyright&quot;:&quot;fenerbahce dergisi\\\/org&quot;,&quot;focal_length&quot;:&quot;70&quot;,&quot;iso&quot;:&quot;1600&quot;,&quot;shutter_speed&quot;:&quot;0.0015625&quot;,&quot;title&quot;:&quot;&quot;,&quot;orientation&quot;:&quot;1&quot;}\" data-image-title=\"2. Lig 2 (6)\" data-image-description=\"\" data-medium-file=\"https:\/\/sarimelekler.biz\/wp-content\/uploads\/2020\/10\/2.-Lig-2-6-300x233.jpg\" data-large-file=\"https:\/\/sarimelekler.biz\/wp-content\/uploads\/2020\/10\/2.-Lig-2-6-1024x795.jpg\" src=\"https:\/\/i0.wp.com\/sarimelekler.biz\/wp-content\/uploads\/2020\/10\/2.-Lig-2-6.jpg?w=300&#038;h=233&#038;ssl=1\" srcset=\"https:\/\/sarimelekler.biz\/wp-content\/uploads\/2020\/10\/2.-Lig-2-6.jpg 2300w, https:\/\/sarimelekler.biz\/wp-content\/uploads\/2020\/10\/2.-Lig-2-6-300x233.jpg 300w, https:\/\/sarimelekler.biz\/wp-content\/uploads\/2020\/10\/2.-Lig-2-6-1024x795.jpg 1024w, https:\/\/sarimelekler.biz\/wp-content\/uploads\/2020\/10\/2.-Lig-2-6-768x596.jpg 768w, https:\/\/sarimelekler.biz\/wp-content\/uploads\/2020\/10\/2.-Lig-2-6-1536x1193.jpg 1536w, https:\/\/sarimelekler.biz\/wp-content\/uploads\/2020\/10\/2.-Lig-2-6-2048x1590.jpg 2048w, https:\/\/sarimelekler.biz\/wp-content\/uploads\/2020\/10\/2.-Lig-2-6-150x116.jpg 150w\" width=\"300\" height=\"233\" loading=\"lazy\" data-original-width=\"300\" data-original-height=\"233\" itemprop=\"http:\/\/schema.org\/image\" title=\"2. Lig 2 (6)\" alt=\"2. Lig 2 (6)\" style=\"width: 300px; height: 233px;\" \/> <\/a> <\/div> <div class=\"tiled-gallery-item tiled-gallery-item-large\" itemprop=\"associatedMedia\" itemscope itemtype=\"http:\/\/schema.org\/ImageObject\"> <a href=\"https:\/\/sarimelekler.biz\/?attachment_id=14103\" border=\"0\" itemprop=\"url\"> <meta itemprop=\"width\" content=\"300\"> <meta itemprop=\"height\" content=\"193\"> <img decoding=\"async\" class=\"\" data-attachment-id=\"14103\" data-orig-file=\"https:\/\/sarimelekler.biz\/wp-content\/uploads\/2020\/10\/2.-Lig-2-7.jpg\" data-orig-size=\"2300,1486\" data-comments-opened=\"\" data-image-meta=\"{&quot;aperture&quot;:&quot;2.8&quot;,&quot;credit&quot;:&quot;&quot;,&quot;camera&quot;:&quot;Canon EOS-1D X Mark II&quot;,&quot;caption&quot;:&quot;&quot;,&quot;created_timestamp&quot;:&quot;1602957270&quot;,&quot;copyright&quot;:&quot;fenerbahce dergisi\\\/org&quot;,&quot;focal_length&quot;:&quot;27&quot;,&quot;iso&quot;:&quot;1600&quot;,&quot;shutter_speed&quot;:&quot;0.0015625&quot;,&quot;title&quot;:&quot;&quot;,&quot;orientation&quot;:&quot;1&quot;}\" data-image-title=\"2. Lig 2 (7)\" data-image-description=\"\" data-medium-file=\"https:\/\/sarimelekler.biz\/wp-content\/uploads\/2020\/10\/2.-Lig-2-7-300x194.jpg\" data-large-file=\"https:\/\/sarimelekler.biz\/wp-content\/uploads\/2020\/10\/2.-Lig-2-7-1024x662.jpg\" src=\"https:\/\/i0.wp.com\/sarimelekler.biz\/wp-content\/uploads\/2020\/10\/2.-Lig-2-7.jpg?w=300&#038;h=193&#038;ssl=1\" srcset=\"https:\/\/sarimelekler.biz\/wp-content\/uploads\/2020\/10\/2.-Lig-2-7.jpg 2300w, https:\/\/sarimelekler.biz\/wp-content\/uploads\/2020\/10\/2.-Lig-2-7-300x194.jpg 300w, https:\/\/sarimelekler.biz\/wp-content\/uploads\/2020\/10\/2.-Lig-2-7-1024x662.jpg 1024w, https:\/\/sarimelekler.biz\/wp-content\/uploads\/2020\/10\/2.-Lig-2-7-768x496.jpg 768w, https:\/\/sarimelekler.biz\/wp-content\/uploads\/2020\/10\/2.-Lig-2-7-1536x992.jpg 1536w, https:\/\/sarimelekler.biz\/wp-content\/uploads\/2020\/10\/2.-Lig-2-7-2048x1323.jpg 2048w, https:\/\/sarimelekler.biz\/wp-content\/uploads\/2020\/10\/2.-Lig-2-7-150x97.jpg 150w\" width=\"300\" height=\"193\" loading=\"lazy\" data-original-width=\"300\" data-original-height=\"193\" itemprop=\"http:\/\/schema.org\/image\" title=\"2. Lig 2 (7)\" alt=\"2. Lig 2 (7)\" style=\"width: 300px; height: 193px;\" \/> <\/a> <\/div> <\/div> <!-- close group --> <\/div> <!-- close row --> <div class=\"gallery-row\" style=\"width: 860px; height: 285px;\" data-original-width=\"860\" data-original-height=\"285\" > <div class=\"gallery-group images-1\" style=\"width: 468px; height: 285px;\" data-original-width=\"468\" data-original-height=\"285\" > <div class=\"tiled-gallery-item tiled-gallery-item-large\" itemprop=\"associatedMedia\" itemscope itemtype=\"http:\/\/schema.org\/ImageObject\"> <a href=\"https:\/\/sarimelekler.biz\/?attachment_id=14104\" border=\"0\" itemprop=\"url\"> <meta itemprop=\"width\" content=\"464\"> <meta itemprop=\"height\" content=\"281\"> <img decoding=\"async\" class=\"\" data-attachment-id=\"14104\" data-orig-file=\"https:\/\/sarimelekler.biz\/wp-content\/uploads\/2020\/10\/2.-Lig-2-8.jpg\" data-orig-size=\"2300,1392\" data-comments-opened=\"\" data-image-meta=\"{&quot;aperture&quot;:&quot;2.8&quot;,&quot;credit&quot;:&quot;&quot;,&quot;camera&quot;:&quot;Canon EOS-1D X Mark II&quot;,&quot;caption&quot;:&quot;&quot;,&quot;created_timestamp&quot;:&quot;1602957669&quot;,&quot;copyright&quot;:&quot;fenerbahce dergisi\\\/org&quot;,&quot;focal_length&quot;:&quot;70&quot;,&quot;iso&quot;:&quot;2500&quot;,&quot;shutter_speed&quot;:&quot;0.0015625&quot;,&quot;title&quot;:&quot;&quot;,&quot;orientation&quot;:&quot;1&quot;}\" data-image-title=\"2. Lig 2 (8)\" data-image-description=\"\" data-medium-file=\"https:\/\/sarimelekler.biz\/wp-content\/uploads\/2020\/10\/2.-Lig-2-8-300x182.jpg\" data-large-file=\"https:\/\/sarimelekler.biz\/wp-content\/uploads\/2020\/10\/2.-Lig-2-8-1024x620.jpg\" src=\"https:\/\/i0.wp.com\/sarimelekler.biz\/wp-content\/uploads\/2020\/10\/2.-Lig-2-8.jpg?w=464&#038;h=281&#038;ssl=1\" srcset=\"https:\/\/sarimelekler.biz\/wp-content\/uploads\/2020\/10\/2.-Lig-2-8.jpg 2300w, https:\/\/sarimelekler.biz\/wp-content\/uploads\/2020\/10\/2.-Lig-2-8-300x182.jpg 300w, https:\/\/sarimelekler.biz\/wp-content\/uploads\/2020\/10\/2.-Lig-2-8-1024x620.jpg 1024w, https:\/\/sarimelekler.biz\/wp-content\/uploads\/2020\/10\/2.-Lig-2-8-768x465.jpg 768w, https:\/\/sarimelekler.biz\/wp-content\/uploads\/2020\/10\/2.-Lig-2-8-1536x930.jpg 1536w, https:\/\/sarimelekler.biz\/wp-content\/uploads\/2020\/10\/2.-Lig-2-8-2048x1239.jpg 2048w, https:\/\/sarimelekler.biz\/wp-content\/uploads\/2020\/10\/2.-Lig-2-8-150x91.jpg 150w\" width=\"464\" height=\"281\" loading=\"lazy\" data-original-width=\"464\" data-original-height=\"281\" itemprop=\"http:\/\/schema.org\/image\" title=\"2. Lig 2 (8)\" alt=\"2. Lig 2 (8)\" style=\"width: 464px; height: 281px;\" \/> <\/a> <\/div> <\/div> <!-- close group --> <div class=\"gallery-group images-1\" style=\"width: 392px; height: 285px;\" data-original-width=\"392\" data-original-height=\"285\" > <div class=\"tiled-gallery-item tiled-gallery-item-large\" itemprop=\"associatedMedia\" itemscope itemtype=\"http:\/\/schema.org\/ImageObject\"> <a href=\"https:\/\/sarimelekler.biz\/?attachment_id=14105\" border=\"0\" itemprop=\"url\"> <meta itemprop=\"width\" content=\"388\"> <meta itemprop=\"height\" content=\"281\"> <img decoding=\"async\" class=\"\" data-attachment-id=\"14105\" data-orig-file=\"https:\/\/sarimelekler.biz\/wp-content\/uploads\/2020\/10\/2.-Lig-2-1.jpg\" data-orig-size=\"2300,1661\" data-comments-opened=\"\" data-image-meta=\"{&quot;aperture&quot;:&quot;2.8&quot;,&quot;credit&quot;:&quot;&quot;,&quot;camera&quot;:&quot;Canon EOS-1D X Mark II&quot;,&quot;caption&quot;:&quot;&quot;,&quot;created_timestamp&quot;:&quot;1602957421&quot;,&quot;copyright&quot;:&quot;fenerbahce dergisi\\\/org&quot;,&quot;focal_length&quot;:&quot;50&quot;,&quot;iso&quot;:&quot;3200&quot;,&quot;shutter_speed&quot;:&quot;0.003125&quot;,&quot;title&quot;:&quot;&quot;,&quot;orientation&quot;:&quot;1&quot;}\" data-image-title=\"2. Lig 2 (1)\" data-image-description=\"\" data-medium-file=\"https:\/\/sarimelekler.biz\/wp-content\/uploads\/2020\/10\/2.-Lig-2-1-300x217.jpg\" data-large-file=\"https:\/\/sarimelekler.biz\/wp-content\/uploads\/2020\/10\/2.-Lig-2-1-1024x740.jpg\" src=\"https:\/\/i0.wp.com\/sarimelekler.biz\/wp-content\/uploads\/2020\/10\/2.-Lig-2-1.jpg?w=388&#038;h=281&#038;ssl=1\" srcset=\"https:\/\/sarimelekler.biz\/wp-content\/uploads\/2020\/10\/2.-Lig-2-1.jpg 2300w, https:\/\/sarimelekler.biz\/wp-content\/uploads\/2020\/10\/2.-Lig-2-1-300x217.jpg 300w, https:\/\/sarimelekler.biz\/wp-content\/uploads\/2020\/10\/2.-Lig-2-1-1024x740.jpg 1024w, https:\/\/sarimelekler.biz\/wp-content\/uploads\/2020\/10\/2.-Lig-2-1-768x555.jpg 768w, https:\/\/sarimelekler.biz\/wp-content\/uploads\/2020\/10\/2.-Lig-2-1-1536x1109.jpg 1536w, https:\/\/sarimelekler.biz\/wp-content\/uploads\/2020\/10\/2.-Lig-2-1-2048x1479.jpg 2048w, https:\/\/sarimelekler.biz\/wp-content\/uploads\/2020\/10\/2.-Lig-2-1-150x108.jpg 150w\" width=\"388\" height=\"281\" loading=\"lazy\" data-original-width=\"388\" data-original-height=\"281\" itemprop=\"http:\/\/schema.org\/image\" title=\"2. Lig 2 (1)\" alt=\"2. Lig 2 (1)\" style=\"width: 388px; height: 281px;\" \/> <\/a> <\/div> <\/div> <!-- close group --> <\/div> <!-- close row --> <\/div>\n<p>Kaynak:\u00a0<a href=\"https:\/\/www.fenerbahce.org\/haberler\/voleybol-altyapi\/2020\/10\/fenerbahce-2-lig-kadin-voleybol-takimimiz-ligde-2-de-2-yapti\" target=\"_blank\" rel=\"noopener noreferrer\">Fenerbah\u00e7e SK Resmi \u0130nternet Sitesi<\/a><\/p>\n<p style=\"text-align: right;\">17.10.2020<\/p>\n","protected":false},"excerpt":{"rendered":"<p>Fenerbah\u00e7e 2. Lig Kad\u0131n Voleybol Tak\u0131m\u0131m\u0131z, sezonun ikinci ma\u00e7\u0131nda Fenerbah\u00e7e \u2026 <a class=\"continue-reading-link\" href=\"https:\/\/sarimelekler.biz\/?p=14099\">Okumaya Devam Et.. <span class=\"meta-nav\">&rarr; <\/span><\/a><\/p>\n","protected":false},"author":1,"featured_media":14102,"comment_status":"closed","ping_status":"open","sticky":false,"template":"","format":"standard","meta":{"jetpack_post_was_ever_published":false,"_jetpack_newsletter_access":"","_jetpack_dont_email_post_to_subs":false,"_jetpack_newsletter_tier_id":0,"_jetpack_memberships_contains_paywalled_content":false,"_jetpack_memberships_contains_paid_content":false,"footnotes":"","jetpack_publicize_message":"","jetpack_publicize_feature_enabled":true,"jetpack_social_post_already_shared":true,"jetpack_social_options":{"image_generator_settings":{"template":"highway","default_image_id":0,"font":"","enabled":false},"version":2}},"categories":[26],"tags":[],"class_list":["post-14099","post","type-post","status-publish","format-standard","has-post-thumbnail","hentry","category-2-lig-takimi"],"jetpack_publicize_connections":[],"jetpack_featured_media_url":"https:\/\/sarimelekler.biz\/wp-content\/uploads\/2020\/10\/2.-Lig-2-6.jpg","jetpack_sharing_enabled":true,"jetpack_shortlink":"https:\/\/wp.me\/p8npUZ-3Fp","jetpack-related-posts":[{"id":15978,"url":"https:\/\/sarimelekler.biz\/?p=15978","url_meta":{"origin":14099,"position":0},"title":"Kad\u0131n Voleybol Tak\u0131mlar\u0131m\u0131z Topuk Yaylas\u0131 Tesislerimizde \u00c7al\u0131\u015fmalara Ba\u015fl\u0131yor","author":"Edit\u00f6r","date":"17 A\u011fustos 2021","format":false,"excerpt":"Fenerbah\u00e7e Opet Kad\u0131n Voleybol Tak\u0131m\u0131m\u0131z, 1.Lig Fenerbah\u00e7e Terrazzo Kad\u0131n Voleybol Tak\u0131m\u0131m\u0131z ve 2.Lig Kad\u0131n Voleybol Tak\u0131m\u0131m\u0131z bug\u00fcn itibar\u0131yla sezon haz\u0131rl\u0131klar\u0131 i\u00e7in D\u00fczce\u2019nin Kayna\u015fl\u0131 il\u00e7esinde bulunan Serkan Acar Resort&Sport Topuk Yaylas\u0131 Tesislerine gitti. Tak\u0131mlar\u0131m\u0131z bir hafta s\u00fcreyle \u00e7al\u0131\u015fmalar\u0131n\u0131 s\u00fcrd\u00fcrecek. Fenerbah\u00e7e Opet Kad\u0131n Voleybol Tak\u0131m\u0131m\u0131zda, Milli Tak\u0131mlarda bulunan oyuncular ve ba\u015fantren\u00f6r\u00fcm\u00fcz yoklu\u011funda,\u2026","rel":"","context":"&quot;Haberler&quot; i\u00e7inde","block_context":{"text":"Haberler","link":"https:\/\/sarimelekler.biz\/?cat=7"},"img":{"alt_text":"","src":"https:\/\/i0.wp.com\/sarimelekler.biz\/wp-content\/uploads\/2021\/08\/Topuk-Yaylasi-21-22-1.jpg?resize=350%2C200&ssl=1","width":350,"height":200,"srcset":"https:\/\/i0.wp.com\/sarimelekler.biz\/wp-content\/uploads\/2021\/08\/Topuk-Yaylasi-21-22-1.jpg?resize=350%2C200&ssl=1 1x, https:\/\/i0.wp.com\/sarimelekler.biz\/wp-content\/uploads\/2021\/08\/Topuk-Yaylasi-21-22-1.jpg?resize=525%2C300&ssl=1 1.5x, https:\/\/i0.wp.com\/sarimelekler.biz\/wp-content\/uploads\/2021\/08\/Topuk-Yaylasi-21-22-1.jpg?resize=700%2C400&ssl=1 2x, https:\/\/i0.wp.com\/sarimelekler.biz\/wp-content\/uploads\/2021\/08\/Topuk-Yaylasi-21-22-1.jpg?resize=1050%2C600&ssl=1 3x, https:\/\/i0.wp.com\/sarimelekler.biz\/wp-content\/uploads\/2021\/08\/Topuk-Yaylasi-21-22-1.jpg?resize=1400%2C800&ssl=1 4x"},"classes":[]},{"id":13560,"url":"https:\/\/sarimelekler.biz\/?p=13560","url_meta":{"origin":14099,"position":1},"title":"Sar\u0131 Melekler \u00dc\u00e7 Ligde H\u00fck\u00fcm S\u00fcrecek.","author":"Edit\u00f6r","date":"24 Haziran 2020","format":false,"excerpt":"Kul\u00fcb\u00fcm\u00fcz 2019 \u2013 2020 sezonu ba\u015f\u0131nda Kad\u0131n Voleybol altyap\u0131s\u0131ndan A Tak\u0131ma oyuncu yeti\u015ftirmek amac\u0131yla bu sezon Y\u0131ld\u0131z K\u0131z ve Gen\u00e7 K\u0131z Voleybol Tak\u0131mlar\u0131m\u0131zda g\u00f6rev yapan voleybolcular\u0131m\u0131zdan olu\u015fan 2. Lig Tak\u0131m\u0131 kurdu\u011funu duyurmu\u015ftu. Gen\u00e7 Sar\u0131 Meleklerimiz Finallerde set averaj\u0131na g\u00f6re S\u0131ralamada 3. s\u0131rada yer alarak tak\u0131m\u0131m\u0131z bir \u00fcst lige \u00e7\u0131kamam\u0131\u015ft\u0131. \u00dclkemizde\u2026","rel":"","context":"&quot;Fenerbah\u00e7e Gen\u00e7 Tak\u0131mlar\u0131&quot; i\u00e7inde","block_context":{"text":"Fenerbah\u00e7e Gen\u00e7 Tak\u0131mlar\u0131","link":"https:\/\/sarimelekler.biz\/?cat=24"},"img":{"alt_text":"","src":"https:\/\/i0.wp.com\/sarimelekler.biz\/wp-content\/uploads\/2020\/02\/B-Tak%C4%B1m-2.jpg?resize=350%2C200&ssl=1","width":350,"height":200,"srcset":"https:\/\/i0.wp.com\/sarimelekler.biz\/wp-content\/uploads\/2020\/02\/B-Tak%C4%B1m-2.jpg?resize=350%2C200&ssl=1 1x, https:\/\/i0.wp.com\/sarimelekler.biz\/wp-content\/uploads\/2020\/02\/B-Tak%C4%B1m-2.jpg?resize=525%2C300&ssl=1 1.5x, https:\/\/i0.wp.com\/sarimelekler.biz\/wp-content\/uploads\/2020\/02\/B-Tak%C4%B1m-2.jpg?resize=700%2C400&ssl=1 2x, https:\/\/i0.wp.com\/sarimelekler.biz\/wp-content\/uploads\/2020\/02\/B-Tak%C4%B1m-2.jpg?resize=1050%2C600&ssl=1 3x, https:\/\/i0.wp.com\/sarimelekler.biz\/wp-content\/uploads\/2020\/02\/B-Tak%C4%B1m-2.jpg?resize=1400%2C800&ssl=1 4x"},"classes":[]},{"id":14410,"url":"https:\/\/sarimelekler.biz\/?p=14410","url_meta":{"origin":14099,"position":2},"title":"2. Lig: Kartal Bld.:0 &#8211; Fenerbah\u00e7e:3","author":"Edit\u00f6r","date":"15 Kas\u0131m 2020","format":false,"excerpt":"Fenerbah\u00e7e 2. Lig Kad\u0131n Voleybol Tak\u0131m\u0131m\u0131z, sezonun 6. haftas\u0131nda deplasmanda kar\u015f\u0131la\u015ft\u0131\u011f\u0131 Kartal Belediyesi tak\u0131m\u0131n\u0131 22-25, 22-25 ve 22-25\u2019lik set skorlar\u0131yla 3-0 ma\u011flup etti. B\u00f6ylelikle tak\u0131m\u0131m\u0131z ligde 6 ma\u00e7ta 5. galibiyetini ald\u0131. Tak\u0131m\u0131m\u0131z\u0131n ligin yedinci haftas\u0131nda oynamas\u0131 gereken K\u00fc\u00e7\u00fckyal\u0131 Spor ma\u00e7\u0131 Covid-19 vakalar\u0131 sebebiyle ertelendi\u011finden \u00f6n\u00fcm\u00fczdeki hafta ma\u00e7\u0131 olmayacakt\u0131r. Tak\u0131m\u0131m\u0131z\u0131 bu\u2026","rel":"","context":"&quot;2. Lig Tak\u0131m\u0131&quot; i\u00e7inde","block_context":{"text":"2. Lig Tak\u0131m\u0131","link":"https:\/\/sarimelekler.biz\/?cat=26"},"img":{"alt_text":"","src":"https:\/\/i0.wp.com\/sarimelekler.biz\/wp-content\/uploads\/2020\/11\/2.lig-20-21-6-2.jpeg?resize=350%2C200&ssl=1","width":350,"height":200,"srcset":"https:\/\/i0.wp.com\/sarimelekler.biz\/wp-content\/uploads\/2020\/11\/2.lig-20-21-6-2.jpeg?resize=350%2C200&ssl=1 1x, https:\/\/i0.wp.com\/sarimelekler.biz\/wp-content\/uploads\/2020\/11\/2.lig-20-21-6-2.jpeg?resize=525%2C300&ssl=1 1.5x, https:\/\/i0.wp.com\/sarimelekler.biz\/wp-content\/uploads\/2020\/11\/2.lig-20-21-6-2.jpeg?resize=700%2C400&ssl=1 2x"},"classes":[]},{"id":14033,"url":"https:\/\/sarimelekler.biz\/?p=14033","url_meta":{"origin":14099,"position":3},"title":"Fenerbah\u00e7e 2. Lig Kad\u0131n Voleybol Tak\u0131m\u0131m\u0131z Sezona Galibiyetle Ba\u015flad\u0131","author":"Edit\u00f6r","date":"11 Ekim 2020","format":false,"excerpt":"Fenerbah\u00e7e 2. Lig Kad\u0131n Voleybol Tak\u0131m\u0131m\u0131z, sezonun ilk ma\u00e7\u0131nda Kartal Anadolu tak\u0131m\u0131 ile 50. Y\u0131l Deniz Esinduy Voleybol Salonu\u2019nda kar\u015f\u0131 kar\u015f\u0131ya geldi. Tak\u0131m\u0131m\u0131z, 18-25, 25-17, 23-25, 25-16, 8-15\u2019lik setler sonunda sahadan 3-2 galip ayr\u0131larak lige galibiyetle ba\u015flad\u0131. M\u00fcsabakay\u0131 Voleyboldan Sorumlu Y\u00f6netim Kurulu \u00dcyemiz Simla T\u00fcrker Bayaz\u0131t, Fenerbah\u00e7e Opet Kad\u0131n Voleybol\u2026","rel":"","context":"&quot;2. Lig Tak\u0131m\u0131&quot; i\u00e7inde","block_context":{"text":"2. Lig Tak\u0131m\u0131","link":"https:\/\/sarimelekler.biz\/?cat=26"},"img":{"alt_text":"","src":"https:\/\/i0.wp.com\/sarimelekler.biz\/wp-content\/uploads\/2020\/10\/2.Lig-1-8-scaled.jpg?resize=350%2C200&ssl=1","width":350,"height":200,"srcset":"https:\/\/i0.wp.com\/sarimelekler.biz\/wp-content\/uploads\/2020\/10\/2.Lig-1-8-scaled.jpg?resize=350%2C200&ssl=1 1x, https:\/\/i0.wp.com\/sarimelekler.biz\/wp-content\/uploads\/2020\/10\/2.Lig-1-8-scaled.jpg?resize=525%2C300&ssl=1 1.5x, https:\/\/i0.wp.com\/sarimelekler.biz\/wp-content\/uploads\/2020\/10\/2.Lig-1-8-scaled.jpg?resize=700%2C400&ssl=1 2x, https:\/\/i0.wp.com\/sarimelekler.biz\/wp-content\/uploads\/2020\/10\/2.Lig-1-8-scaled.jpg?resize=1050%2C600&ssl=1 3x, https:\/\/i0.wp.com\/sarimelekler.biz\/wp-content\/uploads\/2020\/10\/2.Lig-1-8-scaled.jpg?resize=1400%2C800&ssl=1 4x"},"classes":[]},{"id":15429,"url":"https:\/\/sarimelekler.biz\/?p=15429","url_meta":{"origin":14099,"position":4},"title":"2. Lig: \u00c7engelk\u00f6y:0 \u2013 Fenerbah\u00e7e:3","author":"Edit\u00f6r","date":"7 Mart 2021","format":false,"excerpt":"Fenerbah\u00e7e 2. Lig Kad\u0131n Voleybol Tak\u0131m\u0131m\u0131z, Kad\u0131nlar Voleybol 2. Ligi\u2019nin 22. ve son hafta ma\u00e7\u0131nda \u00c7engelk\u00f6y\u2019\u00fcn konu\u011fu oldu.\u00a0Tak\u0131m\u0131m\u0131z, 50. Y\u0131l Deniz Esinduy Voleybol Salonu\u2019nda oynanan m\u00fcsabakay\u0131 17-25, 21-25, 23-25\u2019lik setler sonucu 3-0 kazand\u0131.\u00a0Bu sonucun ard\u0131ndan Fenerbah\u00e7e 2. Lig Kad\u0131n Voleybol Tak\u0131m\u0131m\u0131z ligi 17 galibiyet ve 5 ma\u011flubiyetle 4.s\u0131rada tamamlad\u0131. Sezon\u2026","rel":"","context":"&quot;2. Lig Tak\u0131m\u0131&quot; i\u00e7inde","block_context":{"text":"2. Lig Tak\u0131m\u0131","link":"https:\/\/sarimelekler.biz\/?cat=26"},"img":{"alt_text":"","src":"https:\/\/i0.wp.com\/sarimelekler.biz\/wp-content\/uploads\/2021\/03\/2.-Lig-20-21-22.png?resize=350%2C200&ssl=1","width":350,"height":200,"srcset":"https:\/\/i0.wp.com\/sarimelekler.biz\/wp-content\/uploads\/2021\/03\/2.-Lig-20-21-22.png?resize=350%2C200&ssl=1 1x, https:\/\/i0.wp.com\/sarimelekler.biz\/wp-content\/uploads\/2021\/03\/2.-Lig-20-21-22.png?resize=525%2C300&ssl=1 1.5x, https:\/\/i0.wp.com\/sarimelekler.biz\/wp-content\/uploads\/2021\/03\/2.-Lig-20-21-22.png?resize=700%2C400&ssl=1 2x, https:\/\/i0.wp.com\/sarimelekler.biz\/wp-content\/uploads\/2021\/03\/2.-Lig-20-21-22.png?resize=1050%2C600&ssl=1 3x"},"classes":[]},{"id":15386,"url":"https:\/\/sarimelekler.biz\/?p=15386","url_meta":{"origin":14099,"position":5},"title":"K\u00fc\u00e7\u00fck\u00e7ekmece Voleybol:0 \u2013 Fenerbah\u00e7e:3","author":"Edit\u00f6r","date":"17 Ocak 2021","format":false,"excerpt":"Fenerbah\u00e7e 2. Lig Kad\u0131n Voleybol Tak\u0131m\u0131m\u0131z, Kad\u0131nlar Voleybol 2. Ligi 15. hafta m\u00fcsabakas\u0131nda K\u00fc\u00e7\u00fck\u00e7ekmece Voleybol\u2019a konuk oldu.\u00a0Tak\u0131m\u0131m\u0131z, Osman Solako\u011flu Spor Salonu\u2019nda oynanan m\u00fcsabakadan 21-25, 17-25, 16-25\u2019lik setler sonucu 3-0 galip ayr\u0131ld\u0131.\u00a02. Lig Kad\u0131n Voleybol Tak\u0131m\u0131m\u0131z, ligin 16. haftas\u0131nda 23 Ocak Cumartesi g\u00fcn\u00fc saat 16.00\u2019da 50. Y\u0131l Deniz Esinduy Voleybol Salonu\u2019nda\u2026","rel":"","context":"&quot;2. Lig Tak\u0131m\u0131&quot; i\u00e7inde","block_context":{"text":"2. Lig Tak\u0131m\u0131","link":"https:\/\/sarimelekler.biz\/?cat=26"},"img":{"alt_text":"","src":"https:\/\/i0.wp.com\/sarimelekler.biz\/wp-content\/uploads\/2020\/11\/2.lig-20-21-8-2-Kapak.jpg?resize=350%2C200&ssl=1","width":350,"height":200,"srcset":"https:\/\/i0.wp.com\/sarimelekler.biz\/wp-content\/uploads\/2020\/11\/2.lig-20-21-8-2-Kapak.jpg?resize=350%2C200&ssl=1 1x, https:\/\/i0.wp.com\/sarimelekler.biz\/wp-content\/uploads\/2020\/11\/2.lig-20-21-8-2-Kapak.jpg?resize=525%2C300&ssl=1 1.5x, https:\/\/i0.wp.com\/sarimelekler.biz\/wp-content\/uploads\/2020\/11\/2.lig-20-21-8-2-Kapak.jpg?resize=700%2C400&ssl=1 2x, https:\/\/i0.wp.com\/sarimelekler.biz\/wp-content\/uploads\/2020\/11\/2.lig-20-21-8-2-Kapak.jpg?resize=1050%2C600&ssl=1 3x, https:\/\/i0.wp.com\/sarimelekler.biz\/wp-content\/uploads\/2020\/11\/2.lig-20-21-8-2-Kapak.jpg?resize=1400%2C800&ssl=1 4x"},"classes":[]}],"_links":{"self":[{"href":"https:\/\/sarimelekler.biz\/index.php?rest_route=\/wp\/v2\/posts\/14099","targetHints":{"allow":["GET"]}}],"collection":[{"href":"https:\/\/sarimelekler.biz\/index.php?rest_route=\/wp\/v2\/posts"}],"about":[{"href":"https:\/\/sarimelekler.biz\/index.php?rest_route=\/wp\/v2\/types\/post"}],"author":[{"embeddable":true,"href":"https:\/\/sarimelekler.biz\/index.php?rest_route=\/wp\/v2\/users\/1"}],"replies":[{"embeddable":true,"href":"https:\/\/sarimelekler.biz\/index.php?rest_route=%2Fwp%2Fv2%2Fcomments&post=14099"}],"version-history":[{"count":3,"href":"https:\/\/sarimelekler.biz\/index.php?rest_route=\/wp\/v2\/posts\/14099\/revisions"}],"predecessor-version":[{"id":14108,"href":"https:\/\/sarimelekler.biz\/index.php?rest_route=\/wp\/v2\/posts\/14099\/revisions\/14108"}],"wp:featuredmedia":[{"embeddable":true,"href":"https:\/\/sarimelekler.biz\/index.php?rest_route=\/wp\/v2\/media\/14102"}],"wp:attachment":[{"href":"https:\/\/sarimelekler.biz\/index.php?rest_route=%2Fwp%2Fv2%2Fmedia&parent=14099"}],"wp:term":[{"taxonomy":"category","embeddable":true,"href":"https:\/\/sarimelekler.biz\/index.php?rest_route=%2Fwp%2Fv2%2Fcategories&post=14099"},{"taxonomy":"post_tag","embeddable":true,"href":"https:\/\/sarimelekler.biz\/index.php?rest_route=%2Fwp%2Fv2%2Ftags&post=14099"}],"curies":[{"name":"wp","href":"https:\/\/api.w.org\/{rel}","templated":true}]}}