{"id":14154,"date":"2020-10-19T00:49:34","date_gmt":"2020-10-18T21:49:34","guid":{"rendered":"http:\/\/sarimelekler.biz\/?p=14154"},"modified":"2020-10-25T00:57:28","modified_gmt":"2020-10-24T21:57:28","slug":"kuzeyboru-spor-kulubune-cevabimizdir","status":"publish","type":"post","link":"https:\/\/sarimelekler.biz\/?p=14154","title":{"rendered":"Kuzeyboru Spor Kul\u00fcb\u00fc&#8217;n\u00fcn Yapt\u0131\u011f\u0131 A\u00e7\u0131klamaya Cevaben"},"content":{"rendered":"\n<p style=\"text-align: justify;\">Sevgili Kuzeyboru Spor Kul\u00fcb\u00fc yetkilileri: Sosyal medya hesab\u0131n\u0131zdan, 20 Ekim 2020 tarihinde oynayaca\u011f\u0131n\u0131z Vak\u0131fbank-Kuzeyboru ma\u00e7\u0131n\u0131n talebinizle 18 Ekim 2020 tarihinde oynanmas\u0131 ile ilgili olarak 18 Ekim 2020 g\u00fcn\u00fc saat:16:34\u2019te yapt\u0131\u011f\u0131n\u0131z a\u00e7\u0131klamaya cevab\u0131m\u0131zd\u0131r.<\/p>\n<p style=\"text-align: justify;\">Vak\u0131fbank-Kuzeyboru ma\u00e7\u0131n\u0131n hangi tak\u0131m\u0131n Pazar g\u00fcn\u00fc oynamak istedi\u011fi \u00f6nemli de\u011fildir, burada bir sonraki hafta sonu oynanacak olan Vak\u0131fbank &#8211; Fenerbah\u00e7e Opet ma\u00e7\u0131 \u00f6ncesi bir tak\u0131m\u0131n daha \u00f6nce yap\u0131lan planlaman\u0131n aksine daha fazla g\u00fcn dinlemesi etik d\u0131\u015f\u0131d\u0131r. Bunu kul\u00fcb\u00fcn\u00fcz\u00fcn talebine istinaden TVF&#8217;nin ve Vak\u0131fbank Spor Kul\u00fcb\u00fc yetkililerinin ret etmesi gerekirdi. Lig liderinin direk \u015fampiyonlar ligine gitmesi ve lig s\u0131ralamas\u0131n\u0131n play-off\u2019larda ne kadar de\u011ferli oldu\u011fu ge\u00e7ti\u011fimiz sezonlarda a\u00e7\u0131k\u00e7a g\u00f6r\u00fclm\u00fc\u015ft\u00fcr. \u0130stanbul\u2019a gelmi\u015fken iki ma\u00e7 yapal\u0131m bir deplasman daha aradan \u00e7\u0131ks\u0131n mant\u0131\u011f\u0131 do\u011fru bir mant\u0131k de\u011fildir. Ayr\u0131ca bu durum sizin bir sonraki hafta kar\u015f\u0131la\u015faca\u011f\u0131n\u0131z rakibinize de sayg\u0131s\u0131zl\u0131kt\u0131r. Ligin gidi\u015fat\u0131na g\u00f6lge d\u00fc\u015f\u00fcrmek hi\u00e7 etik ve yerinde olmam\u0131\u015ft\u0131r.<\/p>\n<p>Sayg\u0131lar\u0131m\u0131zla\u2026<\/p>\n<p><a href=\"https:\/\/www.facebook.com\/kuzeyboruspor\/posts\/1271166259925278\" target=\"_blank\" rel=\"noopener noreferrer\">Kuzeyboru Spor Kul\u00fcb\u00fcn\u00fcn Yapt\u0131\u011f\u0131 A\u00e7\u0131klama:<\/a><\/p>\n\n\t\t<style type=\"text\/css\">\n\t\t\t#gallery-1 {\n\t\t\t\tmargin: auto;\n\t\t\t}\n\t\t\t#gallery-1 .gallery-item {\n\t\t\t\tfloat: left;\n\t\t\t\tmargin-top: 10px;\n\t\t\t\ttext-align: center;\n\t\t\t\twidth: 100%;\n\t\t\t}\n\t\t\t#gallery-1 img {\n\t\t\t\tborder: 2px solid #cfcfcf;\n\t\t\t}\n\t\t\t#gallery-1 .gallery-caption {\n\t\t\t\tmargin-left: 0;\n\t\t\t}\n\t\t\t\/* see gallery_shortcode() in wp-includes\/media.php *\/\n\t\t<\/style>\n\t\t<div data-carousel-extra='{&quot;blog_id&quot;:1,&quot;permalink&quot;:&quot;https:\/\/sarimelekler.biz\/?p=14154&quot;}' id='gallery-1' class='gallery galleryid-14154 gallery-columns-1 gallery-size-large'><dl class='gallery-item'>\n\t\t\t<dt class='gallery-icon portrait'>\n\t\t\t\t<a href='https:\/\/sarimelekler.biz\/?attachment_id=14155'><img loading=\"lazy\" decoding=\"async\" width=\"676\" height=\"712\" src=\"https:\/\/sarimelekler.biz\/wp-content\/uploads\/2020\/10\/Kuzeyboru-SK.jpg\" class=\"attachment-large size-large\" alt=\"\" srcset=\"https:\/\/sarimelekler.biz\/wp-content\/uploads\/2020\/10\/Kuzeyboru-SK.jpg 676w, https:\/\/sarimelekler.biz\/wp-content\/uploads\/2020\/10\/Kuzeyboru-SK-285x300.jpg 285w, https:\/\/sarimelekler.biz\/wp-content\/uploads\/2020\/10\/Kuzeyboru-SK-142x150.jpg 142w\" sizes=\"auto, (max-width: 676px) 100vw, 676px\" data-attachment-id=\"14155\" data-permalink=\"https:\/\/sarimelekler.biz\/?attachment_id=14155\" data-orig-file=\"https:\/\/sarimelekler.biz\/wp-content\/uploads\/2020\/10\/Kuzeyboru-SK.jpg\" data-orig-size=\"676,712\" data-comments-opened=\"0\" data-image-meta=\"{&quot;aperture&quot;:&quot;0&quot;,&quot;credit&quot;:&quot;&quot;,&quot;camera&quot;:&quot;&quot;,&quot;caption&quot;:&quot;&quot;,&quot;created_timestamp&quot;:&quot;0&quot;,&quot;copyright&quot;:&quot;&quot;,&quot;focal_length&quot;:&quot;0&quot;,&quot;iso&quot;:&quot;0&quot;,&quot;shutter_speed&quot;:&quot;0&quot;,&quot;title&quot;:&quot;&quot;,&quot;orientation&quot;:&quot;1&quot;}\" data-image-title=\"Kuzeyboru SK A\u00e7\u0131klama\" data-image-description=\"\" data-image-caption=\"\" data-large-file=\"https:\/\/sarimelekler.biz\/wp-content\/uploads\/2020\/10\/Kuzeyboru-SK.jpg\" \/><\/a>\n\t\t\t<\/dt><\/dl><br style=\"clear: both\" \/>\n\t\t<\/div>\n\n<p><a href=\"https:\/\/sarimelekler.biz\/?p=14087\" target=\"_blank\" rel=\"noopener noreferrer\">Konuyla ilgili daha \u00f6nce yapt\u0131\u011f\u0131m\u0131z habere bu yaz\u0131ya t\u0131klayarak ula\u015fabilirsiniz.&nbsp;<\/a><\/p>\n<p>Fenerbah\u00e7e Kad\u0131n Voleybol tak\u0131m\u0131 <strong>Taraftar<\/strong> sitesi.<\/p>\n<p style=\"text-align: right;\">19.10.2020<\/p>\n","protected":false},"excerpt":{"rendered":"<p>Sevgili Kuzeyboru Spor Kul\u00fcb\u00fc yetkilileri: Sosyal medya hesab\u0131n\u0131zdan, 20 Ekim \u2026 <a class=\"continue-reading-link\" href=\"https:\/\/sarimelekler.biz\/?p=14154\">Okumaya Devam Et.. <span class=\"meta-nav\">&rarr; <\/span><\/a><\/p>\n","protected":false},"author":1,"featured_media":14160,"comment_status":"closed","ping_status":"open","sticky":false,"template":"","format":"standard","meta":{"jetpack_post_was_ever_published":false,"_jetpack_newsletter_access":"","_jetpack_dont_email_post_to_subs":false,"_jetpack_newsletter_tier_id":0,"_jetpack_memberships_contains_paywalled_content":false,"_jetpack_memberships_contains_paid_content":false,"footnotes":"","jetpack_publicize_message":"","jetpack_publicize_feature_enabled":true,"jetpack_social_post_already_shared":true,"jetpack_social_options":{"image_generator_settings":{"template":"highway","default_image_id":0,"font":"","enabled":false},"version":2}},"categories":[21],"tags":[],"class_list":["post-14154","post","type-post","status-publish","format-standard","has-post-thumbnail","hentry","category-ozel-haberler"],"jetpack_publicize_connections":[],"jetpack_featured_media_url":"https:\/\/sarimelekler.biz\/wp-content\/uploads\/2020\/10\/Logo-2020-2.jpg","jetpack_sharing_enabled":true,"jetpack_shortlink":"https:\/\/wp.me\/p8npUZ-3Gi","jetpack-related-posts":[{"id":14087,"url":"https:\/\/sarimelekler.biz\/?p=14087","url_meta":{"origin":14154,"position":0},"title":"Federasyondan Fenerbah\u00e7e Ma\u00e7\u0131 \u00d6ncesi Vak\u0131bank&#8217;a K\u0131yak","author":"Edit\u00f6r","date":"17 Ekim 2020","format":false,"excerpt":"G\u00fcnler ge\u00e7iyor, aylar ge\u00e7iyor, y\u0131llar sezonlar ge\u00e7iyor, ba\u015fkanlar de\u011fi\u015fiyor ama T\u00fcrkiye Voleybol Federasyonunun Vak\u0131fbank a\u015fk\u0131 bitmiyor. Her sezon ortaya \u00e7\u0131kan bu destek adil yar\u0131\u015f\u0131 birebir etkiliyor. Bakal\u0131m bu sezon ne olacak dedi\u011fimiz anda yine bir haber bizim bu sezon pandemi var iyi olan dayan\u0131kl\u0131 kalan kazanacakt\u0131r hayalimizi sekteye u\u011fratt\u0131. Peki\u2026","rel":"","context":"&quot;\u00d6zel Haberler&quot; i\u00e7inde","block_context":{"text":"\u00d6zel Haberler","link":"https:\/\/sarimelekler.biz\/?cat=21"},"img":{"alt_text":"","src":"https:\/\/i0.wp.com\/sarimelekler.biz\/wp-content\/uploads\/2020\/10\/Tvvf-Logo.jpeg?resize=350%2C200&ssl=1","width":350,"height":200,"srcset":"https:\/\/i0.wp.com\/sarimelekler.biz\/wp-content\/uploads\/2020\/10\/Tvvf-Logo.jpeg?resize=350%2C200&ssl=1 1x, https:\/\/i0.wp.com\/sarimelekler.biz\/wp-content\/uploads\/2020\/10\/Tvvf-Logo.jpeg?resize=525%2C300&ssl=1 1.5x, https:\/\/i0.wp.com\/sarimelekler.biz\/wp-content\/uploads\/2020\/10\/Tvvf-Logo.jpeg?resize=700%2C400&ssl=1 2x, https:\/\/i0.wp.com\/sarimelekler.biz\/wp-content\/uploads\/2020\/10\/Tvvf-Logo.jpeg?resize=1050%2C600&ssl=1 3x, https:\/\/i0.wp.com\/sarimelekler.biz\/wp-content\/uploads\/2020\/10\/Tvvf-Logo.jpeg?resize=1400%2C800&ssl=1 4x"},"classes":[]},{"id":4498,"url":"https:\/\/sarimelekler.biz\/?p=4498","url_meta":{"origin":14154,"position":1},"title":"2017 Spor Toto \u015eampiyonlar Kupas\u0131 Medya Toplant\u0131s\u0131 Yap\u0131ld\u0131","author":"Edit\u00f6r","date":"14 Ekim 2017","format":false,"excerpt":"2017 Spor Toto \u015eampiyonlar Kupas\u0131 m\u00fcsabakas\u0131n\u0131n medya toplant\u0131s\u0131, bug\u00fcn (14 Ekim Cumartesi), TVF Ba\u015fkent Voleybol Salonu Bas\u0131n Odas\u0131\u2019nda yap\u0131ld\u0131. Konuyla ilgili olarak T\u00fcrkiye Voleybol Federasyonunun resmi internet sitesinden yap\u0131lan a\u00e7\u0131klaman\u0131n tamam\u0131: Toplant\u0131ya; T\u00fcrkiye Voleybol Federasyonu (TVF) Liglerden Sorumlu Asba\u015fkan\u0131 Ahmet G\u00f6ksu, Fenerbah\u00e7e Ba\u015fantren\u00f6r\u00fc Jan De Brandt, tak\u0131m kaptan\u0131 Eda Erdem\u2026","rel":"","context":"&quot;T\u00fcrkiye Ligi&quot; i\u00e7inde","block_context":{"text":"T\u00fcrkiye Ligi","link":"https:\/\/sarimelekler.biz\/?cat=6"},"img":{"alt_text":"","src":"https:\/\/i0.wp.com\/sarimelekler.biz\/wp-content\/uploads\/2017\/10\/2017-Spor-Toto-%C5%9Eampiyonlar-Kupas%C4%B1-1.jpg?resize=350%2C200&ssl=1","width":350,"height":200,"srcset":"https:\/\/i0.wp.com\/sarimelekler.biz\/wp-content\/uploads\/2017\/10\/2017-Spor-Toto-%C5%9Eampiyonlar-Kupas%C4%B1-1.jpg?resize=350%2C200&ssl=1 1x, https:\/\/i0.wp.com\/sarimelekler.biz\/wp-content\/uploads\/2017\/10\/2017-Spor-Toto-%C5%9Eampiyonlar-Kupas%C4%B1-1.jpg?resize=525%2C300&ssl=1 1.5x, https:\/\/i0.wp.com\/sarimelekler.biz\/wp-content\/uploads\/2017\/10\/2017-Spor-Toto-%C5%9Eampiyonlar-Kupas%C4%B1-1.jpg?resize=700%2C400&ssl=1 2x, https:\/\/i0.wp.com\/sarimelekler.biz\/wp-content\/uploads\/2017\/10\/2017-Spor-Toto-%C5%9Eampiyonlar-Kupas%C4%B1-1.jpg?resize=1050%2C600&ssl=1 3x, https:\/\/i0.wp.com\/sarimelekler.biz\/wp-content\/uploads\/2017\/10\/2017-Spor-Toto-%C5%9Eampiyonlar-Kupas%C4%B1-1.jpg?resize=1400%2C800&ssl=1 4x"},"classes":[]},{"id":14201,"url":"https:\/\/sarimelekler.biz\/?p=14201","url_meta":{"origin":14154,"position":2},"title":"Vak\u0131fbank:3 \u2013  Fenerbah\u00e7e Opet:0","author":"Edit\u00f6r","date":"24 Ekim 2020","format":false,"excerpt":"Fenerbah\u00e7e Opet Kad\u0131n Voleybol Tak\u0131m\u0131m\u0131z misli.com Sultanlar Ligi 11. hafta ma\u00e7\u0131nda kar\u015f\u0131la\u015ft\u0131\u011f\u0131 Vak\u0131fbank tak\u0131m\u0131na 25-21, 25-23 ve 25-20\u2019lik set skorlar\u0131yla 3-0 ma\u011flup oldu. Ma\u00e7a Eda, Naz, Dicle, Vargas, Mihajlovic, Busa ve libero Aylin kadrosuyla ba\u015flayan tak\u0131m\u0131m\u0131zda, \u0130par, Ceren, Cansu ve Bahar\u2019da s\u00fcre ald\u0131. Tak\u0131m\u0131m\u0131z\u0131n 12. hafta oynamas\u0131 gereken \u0130lbank ma\u00e7\u0131\u2026","rel":"","context":"&quot;T\u00fcrkiye Ligi&quot; i\u00e7inde","block_context":{"text":"T\u00fcrkiye Ligi","link":"https:\/\/sarimelekler.biz\/?cat=6"},"img":{"alt_text":"","src":"https:\/\/i0.wp.com\/sarimelekler.biz\/wp-content\/uploads\/2020\/10\/11-20-21-9.jpg?resize=350%2C200&ssl=1","width":350,"height":200,"srcset":"https:\/\/i0.wp.com\/sarimelekler.biz\/wp-content\/uploads\/2020\/10\/11-20-21-9.jpg?resize=350%2C200&ssl=1 1x, https:\/\/i0.wp.com\/sarimelekler.biz\/wp-content\/uploads\/2020\/10\/11-20-21-9.jpg?resize=525%2C300&ssl=1 1.5x, https:\/\/i0.wp.com\/sarimelekler.biz\/wp-content\/uploads\/2020\/10\/11-20-21-9.jpg?resize=700%2C400&ssl=1 2x, https:\/\/i0.wp.com\/sarimelekler.biz\/wp-content\/uploads\/2020\/10\/11-20-21-9.jpg?resize=1050%2C600&ssl=1 3x, https:\/\/i0.wp.com\/sarimelekler.biz\/wp-content\/uploads\/2020\/10\/11-20-21-9.jpg?resize=1400%2C800&ssl=1 4x"},"classes":[]},{"id":15697,"url":"https:\/\/sarimelekler.biz\/?p=15697","url_meta":{"origin":14154,"position":3},"title":"Artan Covid-19 Vakalar\u0131 Sebebiyle Tak\u0131m\u0131m\u0131z Sultanlar Ligi Finalinden \u00c7ekildi.","author":"Edit\u00f6r","date":"15 Nisan 2021","format":false,"excerpt":"Fenerbah\u00e7e Opet Kad\u0131n Voleybol Tak\u0131m\u0131m\u0131z, teknik ekip ve oyuncular\u0131m\u0131zda son bir hafta i\u00e7erisinde g\u00f6r\u00fclen Covid-19 Vakalar\u0131 sebebiyle misli.com Sultanlar Ligi final serisi \u00fc\u00e7\u00fcnc\u00fc ma\u00e7\u0131na \u00e7\u0131kmama karar\u0131 ald\u0131. Seride 2-0 geride olan Sar\u0131 Meleklerimiz yar\u0131n oynanmas\u0131 planlanan serinin \u00fc\u00e7\u00fcnc\u00fc ma\u00e7\u0131n\u0131 h\u00fckmen 3-0 kaybedecek. \u00a0B\u00f6ylelikle seri 3-0 olacak ve Federasyon, \u015eampiyonu Vak\u0131fbank\u2026","rel":"","context":"&quot;T\u00fcrkiye Ligi&quot; i\u00e7inde","block_context":{"text":"T\u00fcrkiye Ligi","link":"https:\/\/sarimelekler.biz\/?cat=6"},"img":{"alt_text":"","src":"https:\/\/i0.wp.com\/sarimelekler.biz\/wp-content\/uploads\/2021\/02\/27-20-21-10.jpg?resize=350%2C200&ssl=1","width":350,"height":200,"srcset":"https:\/\/i0.wp.com\/sarimelekler.biz\/wp-content\/uploads\/2021\/02\/27-20-21-10.jpg?resize=350%2C200&ssl=1 1x, https:\/\/i0.wp.com\/sarimelekler.biz\/wp-content\/uploads\/2021\/02\/27-20-21-10.jpg?resize=525%2C300&ssl=1 1.5x, https:\/\/i0.wp.com\/sarimelekler.biz\/wp-content\/uploads\/2021\/02\/27-20-21-10.jpg?resize=700%2C400&ssl=1 2x, https:\/\/i0.wp.com\/sarimelekler.biz\/wp-content\/uploads\/2021\/02\/27-20-21-10.jpg?resize=1050%2C600&ssl=1 3x, https:\/\/i0.wp.com\/sarimelekler.biz\/wp-content\/uploads\/2021\/02\/27-20-21-10.jpg?resize=1400%2C800&ssl=1 4x"},"classes":[]},{"id":6048,"url":"https:\/\/sarimelekler.biz\/?p=6048","url_meta":{"origin":14154,"position":4},"title":"Vestel Ven\u00fcs Sultanlar Ligi \u00c7eyrek Final Ma\u00e7lar\u0131 Ba\u015fl\u0131yor","author":"Edit\u00f6r","date":"28 \u015eubat 2018","format":false,"excerpt":"Fenerbah\u00e7e Bayan Voleybol Tak\u0131m\u0131m\u0131z Vestel Ven\u00fcs Sultanlar Ligi\u2019nin 22 ma\u00e7l\u0131k normal sezonunu 16 galibiyet, 6 ma\u011flubiyetle 4. s\u0131rada tamamlad\u0131. Tak\u0131m\u0131m\u0131z 7 ma\u00e7\u0131 3-0, 6 ma\u00e7\u0131 3-1, 3 ma\u00e7\u0131 ise 3-2 kazan\u0131rken, 4 ma\u00e7\u0131 3-1, 2 ma\u00e7\u0131 ise 3-0 kaybetti. Tak\u0131m\u0131m\u0131z Vak\u0131fbank (2), Eczac\u0131ba\u015f\u0131 Vitra, Galatasaray, Halkbank ve Seramiksan tak\u0131mlar\u0131na ma\u011flup\u2026","rel":"","context":"&quot;T\u00fcrkiye Ligi&quot; i\u00e7inde","block_context":{"text":"T\u00fcrkiye Ligi","link":"https:\/\/sarimelekler.biz\/?cat=6"},"img":{"alt_text":"","src":"https:\/\/i0.wp.com\/sarimelekler.biz\/wp-content\/uploads\/2018\/02\/165037_DE6P1217.jpg?resize=350%2C200&ssl=1","width":350,"height":200,"srcset":"https:\/\/i0.wp.com\/sarimelekler.biz\/wp-content\/uploads\/2018\/02\/165037_DE6P1217.jpg?resize=350%2C200&ssl=1 1x, https:\/\/i0.wp.com\/sarimelekler.biz\/wp-content\/uploads\/2018\/02\/165037_DE6P1217.jpg?resize=525%2C300&ssl=1 1.5x, https:\/\/i0.wp.com\/sarimelekler.biz\/wp-content\/uploads\/2018\/02\/165037_DE6P1217.jpg?resize=700%2C400&ssl=1 2x, https:\/\/i0.wp.com\/sarimelekler.biz\/wp-content\/uploads\/2018\/02\/165037_DE6P1217.jpg?resize=1050%2C600&ssl=1 3x, https:\/\/i0.wp.com\/sarimelekler.biz\/wp-content\/uploads\/2018\/02\/165037_DE6P1217.jpg?resize=1400%2C800&ssl=1 4x"},"classes":[]},{"id":4504,"url":"https:\/\/sarimelekler.biz\/?p=4504","url_meta":{"origin":14154,"position":5},"title":"Sar\u0131 Melekler \u015eampiyonluk \u0130stiyor","author":"Edit\u00f6r","date":"14 Ekim 2017","format":false,"excerpt":"2016 \u2013 2017 Voleybol Sezonu\u2019nda Vestel Venus Sultanlar Ligi \u015eampiyonu ve Kupa Voley sahibi Fenerbah\u00e7emiz ile 2017 Kupa Voley finalisti Vak\u0131fBank \u201c2017 Spor Toto \u015eampiyonlar Kupas\u0131\u201d ma\u00e7\u0131nda kar\u015f\u0131la\u015f\u0131yor. 15 Ekim Pazar g\u00fcn\u00fc Ankara Ba\u015fkent Spor Salonu\u2019nda oynanacak kar\u015f\u0131la\u015fma saat 16.30\u2019da ba\u015flayacak ve TRT Spor\u2019dan canl\u0131 olarak yay\u0131nlanacak. Sar\u0131 Meleklerimiz bu\u2026","rel":"","context":"&quot;T\u00fcrkiye Ligi&quot; i\u00e7inde","block_context":{"text":"T\u00fcrkiye Ligi","link":"https:\/\/sarimelekler.biz\/?cat=6"},"img":{"alt_text":"","src":"https:\/\/i0.wp.com\/sarimelekler.biz\/wp-content\/uploads\/2017\/10\/kapak-3.jpg?resize=350%2C200&ssl=1","width":350,"height":200,"srcset":"https:\/\/i0.wp.com\/sarimelekler.biz\/wp-content\/uploads\/2017\/10\/kapak-3.jpg?resize=350%2C200&ssl=1 1x, https:\/\/i0.wp.com\/sarimelekler.biz\/wp-content\/uploads\/2017\/10\/kapak-3.jpg?resize=525%2C300&ssl=1 1.5x, https:\/\/i0.wp.com\/sarimelekler.biz\/wp-content\/uploads\/2017\/10\/kapak-3.jpg?resize=700%2C400&ssl=1 2x, https:\/\/i0.wp.com\/sarimelekler.biz\/wp-content\/uploads\/2017\/10\/kapak-3.jpg?resize=1050%2C600&ssl=1 3x"},"classes":[]}],"_links":{"self":[{"href":"https:\/\/sarimelekler.biz\/index.php?rest_route=\/wp\/v2\/posts\/14154","targetHints":{"allow":["GET"]}}],"collection":[{"href":"https:\/\/sarimelekler.biz\/index.php?rest_route=\/wp\/v2\/posts"}],"about":[{"href":"https:\/\/sarimelekler.biz\/index.php?rest_route=\/wp\/v2\/types\/post"}],"author":[{"embeddable":true,"href":"https:\/\/sarimelekler.biz\/index.php?rest_route=\/wp\/v2\/users\/1"}],"replies":[{"embeddable":true,"href":"https:\/\/sarimelekler.biz\/index.php?rest_route=%2Fwp%2Fv2%2Fcomments&post=14154"}],"version-history":[{"count":7,"href":"https:\/\/sarimelekler.biz\/index.php?rest_route=\/wp\/v2\/posts\/14154\/revisions"}],"predecessor-version":[{"id":14223,"href":"https:\/\/sarimelekler.biz\/index.php?rest_route=\/wp\/v2\/posts\/14154\/revisions\/14223"}],"wp:featuredmedia":[{"embeddable":true,"href":"https:\/\/sarimelekler.biz\/index.php?rest_route=\/wp\/v2\/media\/14160"}],"wp:attachment":[{"href":"https:\/\/sarimelekler.biz\/index.php?rest_route=%2Fwp%2Fv2%2Fmedia&parent=14154"}],"wp:term":[{"taxonomy":"category","embeddable":true,"href":"https:\/\/sarimelekler.biz\/index.php?rest_route=%2Fwp%2Fv2%2Fcategories&post=14154"},{"taxonomy":"post_tag","embeddable":true,"href":"https:\/\/sarimelekler.biz\/index.php?rest_route=%2Fwp%2Fv2%2Ftags&post=14154"}],"curies":[{"name":"wp","href":"https:\/\/api.w.org\/{rel}","templated":true}]}}