{"id":14247,"date":"2020-10-31T19:45:12","date_gmt":"2020-10-31T16:45:12","guid":{"rendered":"http:\/\/sarimelekler.biz\/?p=14247"},"modified":"2020-10-31T19:45:13","modified_gmt":"2020-10-31T16:45:13","slug":"2-lig-fenerbahce3-kucukcekmece-voleybol2","status":"publish","type":"post","link":"https:\/\/sarimelekler.biz\/?p=14247","title":{"rendered":"2. Lig Fenerbah\u00e7e:3 &#8211; K\u00fc\u00e7\u00fck\u00e7ekmece Voleybol:2"},"content":{"rendered":"\n<p style=\"text-align: justify;\">Fenerbah\u00e7e 2. Lig Kad\u0131n Voleybol Tak\u0131m\u0131m\u0131z, sezonun d\u00f6rd\u00fcnc\u00fc haftas\u0131nda kar\u015f\u0131la\u015ft\u0131\u011f\u0131 K\u00fc\u00e7\u00fck\u00e7ekmece Voleybol tak\u0131m\u0131n\u0131 21-25, 27-25, 19-25, 25-20, 15-8\u2019lik set skorlar\u0131yla 3-2 ma\u011flup etti.<\/p>\n<p style=\"text-align: justify;\">Tak\u0131m\u0131m\u0131z ligin be\u015finci haftas\u0131nda 9 Kas\u0131m Pazartesi g\u00fcn\u00fc Tunal\u0131 Spor tak\u0131m\u0131 ile kar\u015f\u0131la\u015facak. Ma\u00e7 saat:20:00\u2019da 50. Y\u0131l Deniz Esinduy Voleybol Salonu\u2019nda oynanacak ve Tvf Voleybol Tv\u2019den canl\u0131 yay\u0131nlanacak.\u00a0\u00a0<\/p>\n<p style=\"text-align: justify;\">Tak\u0131m\u0131m\u0131z\u0131 bu galibiyetten dolay\u0131 kutlar\u0131z.<\/p>\n\n\t\t<style type=\"text\/css\">\n\t\t\t#gallery-1 {\n\t\t\t\tmargin: auto;\n\t\t\t}\n\t\t\t#gallery-1 .gallery-item {\n\t\t\t\tfloat: left;\n\t\t\t\tmargin-top: 10px;\n\t\t\t\ttext-align: center;\n\t\t\t\twidth: 100%;\n\t\t\t}\n\t\t\t#gallery-1 img {\n\t\t\t\tborder: 2px solid #cfcfcf;\n\t\t\t}\n\t\t\t#gallery-1 .gallery-caption {\n\t\t\t\tmargin-left: 0;\n\t\t\t}\n\t\t\t\/* see gallery_shortcode() in wp-includes\/media.php *\/\n\t\t<\/style>\n\t\t<div data-carousel-extra='{&quot;blog_id&quot;:1,&quot;permalink&quot;:&quot;https:\/\/sarimelekler.biz\/?p=14247&quot;}' id='gallery-1' class='gallery galleryid-14247 gallery-columns-1 gallery-size-large'><dl class='gallery-item'>\n\t\t\t<dt class='gallery-icon landscape'>\n\t\t\t\t<a href='https:\/\/sarimelekler.biz\/?attachment_id=14250'><img loading=\"lazy\" decoding=\"async\" width=\"860\" height=\"486\" src=\"https:\/\/sarimelekler.biz\/wp-content\/uploads\/2020\/10\/2.-Lig-20-21-4-3-1024x579.jpg\" class=\"attachment-large size-large\" alt=\"\" srcset=\"https:\/\/sarimelekler.biz\/wp-content\/uploads\/2020\/10\/2.-Lig-20-21-4-3-1024x579.jpg 1024w, https:\/\/sarimelekler.biz\/wp-content\/uploads\/2020\/10\/2.-Lig-20-21-4-3-300x170.jpg 300w, https:\/\/sarimelekler.biz\/wp-content\/uploads\/2020\/10\/2.-Lig-20-21-4-3-768x434.jpg 768w, https:\/\/sarimelekler.biz\/wp-content\/uploads\/2020\/10\/2.-Lig-20-21-4-3-150x85.jpg 150w, https:\/\/sarimelekler.biz\/wp-content\/uploads\/2020\/10\/2.-Lig-20-21-4-3.jpg 1199w\" sizes=\"auto, (max-width: 860px) 100vw, 860px\" data-attachment-id=\"14250\" data-permalink=\"https:\/\/sarimelekler.biz\/?attachment_id=14250\" data-orig-file=\"https:\/\/sarimelekler.biz\/wp-content\/uploads\/2020\/10\/2.-Lig-20-21-4-3.jpg\" data-orig-size=\"1199,678\" data-comments-opened=\"0\" data-image-meta=\"{&quot;aperture&quot;:&quot;0&quot;,&quot;credit&quot;:&quot;&quot;,&quot;camera&quot;:&quot;&quot;,&quot;caption&quot;:&quot;&quot;,&quot;created_timestamp&quot;:&quot;0&quot;,&quot;copyright&quot;:&quot;&quot;,&quot;focal_length&quot;:&quot;0&quot;,&quot;iso&quot;:&quot;0&quot;,&quot;shutter_speed&quot;:&quot;0&quot;,&quot;title&quot;:&quot;&quot;,&quot;orientation&quot;:&quot;0&quot;}\" data-image-title=\"2. Lig 20-21 4 (3)\" data-image-description=\"\" data-image-caption=\"\" data-large-file=\"https:\/\/sarimelekler.biz\/wp-content\/uploads\/2020\/10\/2.-Lig-20-21-4-3-1024x579.jpg\" \/><\/a>\n\t\t\t<\/dt><\/dl><br style=\"clear: both\" \/><dl class='gallery-item'>\n\t\t\t<dt class='gallery-icon landscape'>\n\t\t\t\t<a href='https:\/\/sarimelekler.biz\/?attachment_id=14248'><img loading=\"lazy\" decoding=\"async\" width=\"860\" height=\"573\" src=\"https:\/\/sarimelekler.biz\/wp-content\/uploads\/2020\/10\/2.-Lig-20-21-4-1-1024x682.jpg\" class=\"attachment-large size-large\" alt=\"\" srcset=\"https:\/\/sarimelekler.biz\/wp-content\/uploads\/2020\/10\/2.-Lig-20-21-4-1-1024x682.jpg 1024w, https:\/\/sarimelekler.biz\/wp-content\/uploads\/2020\/10\/2.-Lig-20-21-4-1-300x200.jpg 300w, https:\/\/sarimelekler.biz\/wp-content\/uploads\/2020\/10\/2.-Lig-20-21-4-1-768x512.jpg 768w, https:\/\/sarimelekler.biz\/wp-content\/uploads\/2020\/10\/2.-Lig-20-21-4-1-1536x1023.jpg 1536w, https:\/\/sarimelekler.biz\/wp-content\/uploads\/2020\/10\/2.-Lig-20-21-4-1-150x100.jpg 150w, https:\/\/sarimelekler.biz\/wp-content\/uploads\/2020\/10\/2.-Lig-20-21-4-1.jpg 1600w\" sizes=\"auto, (max-width: 860px) 100vw, 860px\" data-attachment-id=\"14248\" data-permalink=\"https:\/\/sarimelekler.biz\/?attachment_id=14248\" data-orig-file=\"https:\/\/sarimelekler.biz\/wp-content\/uploads\/2020\/10\/2.-Lig-20-21-4-1.jpg\" data-orig-size=\"1600,1066\" data-comments-opened=\"0\" data-image-meta=\"{&quot;aperture&quot;:&quot;0&quot;,&quot;credit&quot;:&quot;&quot;,&quot;camera&quot;:&quot;&quot;,&quot;caption&quot;:&quot;&quot;,&quot;created_timestamp&quot;:&quot;0&quot;,&quot;copyright&quot;:&quot;&quot;,&quot;focal_length&quot;:&quot;0&quot;,&quot;iso&quot;:&quot;0&quot;,&quot;shutter_speed&quot;:&quot;0&quot;,&quot;title&quot;:&quot;&quot;,&quot;orientation&quot;:&quot;1&quot;}\" data-image-title=\"2. Lig 20-21 4 (1)\" data-image-description=\"\" data-image-caption=\"\" data-large-file=\"https:\/\/sarimelekler.biz\/wp-content\/uploads\/2020\/10\/2.-Lig-20-21-4-1-1024x682.jpg\" \/><\/a>\n\t\t\t<\/dt><\/dl><br style=\"clear: both\" \/><dl class='gallery-item'>\n\t\t\t<dt class='gallery-icon landscape'>\n\t\t\t\t<a href='https:\/\/sarimelekler.biz\/?attachment_id=14249'><img loading=\"lazy\" decoding=\"async\" width=\"860\" height=\"531\" src=\"https:\/\/sarimelekler.biz\/wp-content\/uploads\/2020\/10\/2.-Lig-20-21-4-2-1024x632.jpg\" class=\"attachment-large size-large\" alt=\"\" srcset=\"https:\/\/sarimelekler.biz\/wp-content\/uploads\/2020\/10\/2.-Lig-20-21-4-2-1024x632.jpg 1024w, https:\/\/sarimelekler.biz\/wp-content\/uploads\/2020\/10\/2.-Lig-20-21-4-2-300x185.jpg 300w, https:\/\/sarimelekler.biz\/wp-content\/uploads\/2020\/10\/2.-Lig-20-21-4-2-768x474.jpg 768w, https:\/\/sarimelekler.biz\/wp-content\/uploads\/2020\/10\/2.-Lig-20-21-4-2-150x93.jpg 150w, https:\/\/sarimelekler.biz\/wp-content\/uploads\/2020\/10\/2.-Lig-20-21-4-2.jpg 1492w\" sizes=\"auto, (max-width: 860px) 100vw, 860px\" data-attachment-id=\"14249\" data-permalink=\"https:\/\/sarimelekler.biz\/?attachment_id=14249\" data-orig-file=\"https:\/\/sarimelekler.biz\/wp-content\/uploads\/2020\/10\/2.-Lig-20-21-4-2.jpg\" data-orig-size=\"1492,921\" data-comments-opened=\"0\" data-image-meta=\"{&quot;aperture&quot;:&quot;0&quot;,&quot;credit&quot;:&quot;&quot;,&quot;camera&quot;:&quot;&quot;,&quot;caption&quot;:&quot;&quot;,&quot;created_timestamp&quot;:&quot;0&quot;,&quot;copyright&quot;:&quot;&quot;,&quot;focal_length&quot;:&quot;0&quot;,&quot;iso&quot;:&quot;0&quot;,&quot;shutter_speed&quot;:&quot;0&quot;,&quot;title&quot;:&quot;&quot;,&quot;orientation&quot;:&quot;1&quot;}\" data-image-title=\"2. Lig 20-21 4 (2)\" data-image-description=\"\" data-image-caption=\"\" data-large-file=\"https:\/\/sarimelekler.biz\/wp-content\/uploads\/2020\/10\/2.-Lig-20-21-4-2-1024x632.jpg\" \/><\/a>\n\t\t\t<\/dt><\/dl><br style=\"clear: both\" \/>\n\t\t<\/div>\n\n<p style=\"text-align: right;\">31.10.2020<\/p>\n","protected":false},"excerpt":{"rendered":"<p>Fenerbah\u00e7e 2. Lig Kad\u0131n Voleybol Tak\u0131m\u0131m\u0131z, sezonun d\u00f6rd\u00fcnc\u00fc haftas\u0131nda kar\u015f\u0131la\u015ft\u0131\u011f\u0131 \u2026 <a class=\"continue-reading-link\" href=\"https:\/\/sarimelekler.biz\/?p=14247\">Okumaya Devam Et.. <span class=\"meta-nav\">&rarr; <\/span><\/a><\/p>\n","protected":false},"author":1,"featured_media":14249,"comment_status":"closed","ping_status":"open","sticky":false,"template":"","format":"standard","meta":{"jetpack_post_was_ever_published":false,"_jetpack_newsletter_access":"","_jetpack_dont_email_post_to_subs":false,"_jetpack_newsletter_tier_id":0,"_jetpack_memberships_contains_paywalled_content":false,"_jetpack_memberships_contains_paid_content":false,"footnotes":"","jetpack_publicize_message":"","jetpack_publicize_feature_enabled":true,"jetpack_social_post_already_shared":true,"jetpack_social_options":{"image_generator_settings":{"template":"highway","default_image_id":0,"font":"","enabled":false},"version":2}},"categories":[26],"tags":[],"class_list":["post-14247","post","type-post","status-publish","format-standard","has-post-thumbnail","hentry","category-2-lig-takimi"],"jetpack_publicize_connections":[],"jetpack_featured_media_url":"https:\/\/sarimelekler.biz\/wp-content\/uploads\/2020\/10\/2.-Lig-20-21-4-2.jpg","jetpack_sharing_enabled":true,"jetpack_shortlink":"https:\/\/wp.me\/p8npUZ-3HN","jetpack-related-posts":[{"id":15386,"url":"https:\/\/sarimelekler.biz\/?p=15386","url_meta":{"origin":14247,"position":0},"title":"K\u00fc\u00e7\u00fck\u00e7ekmece Voleybol:0 \u2013 Fenerbah\u00e7e:3","author":"Edit\u00f6r","date":"17 Ocak 2021","format":false,"excerpt":"Fenerbah\u00e7e 2. Lig Kad\u0131n Voleybol Tak\u0131m\u0131m\u0131z, Kad\u0131nlar Voleybol 2. Ligi 15. hafta m\u00fcsabakas\u0131nda K\u00fc\u00e7\u00fck\u00e7ekmece Voleybol\u2019a konuk oldu.\u00a0Tak\u0131m\u0131m\u0131z, Osman Solako\u011flu Spor Salonu\u2019nda oynanan m\u00fcsabakadan 21-25, 17-25, 16-25\u2019lik setler sonucu 3-0 galip ayr\u0131ld\u0131.\u00a02. Lig Kad\u0131n Voleybol Tak\u0131m\u0131m\u0131z, ligin 16. haftas\u0131nda 23 Ocak Cumartesi g\u00fcn\u00fc saat 16.00\u2019da 50. Y\u0131l Deniz Esinduy Voleybol Salonu\u2019nda\u2026","rel":"","context":"&quot;2. Lig Tak\u0131m\u0131&quot; i\u00e7inde","block_context":{"text":"2. Lig Tak\u0131m\u0131","link":"https:\/\/sarimelekler.biz\/?cat=26"},"img":{"alt_text":"","src":"https:\/\/i0.wp.com\/sarimelekler.biz\/wp-content\/uploads\/2020\/11\/2.lig-20-21-8-2-Kapak.jpg?resize=350%2C200&ssl=1","width":350,"height":200,"srcset":"https:\/\/i0.wp.com\/sarimelekler.biz\/wp-content\/uploads\/2020\/11\/2.lig-20-21-8-2-Kapak.jpg?resize=350%2C200&ssl=1 1x, https:\/\/i0.wp.com\/sarimelekler.biz\/wp-content\/uploads\/2020\/11\/2.lig-20-21-8-2-Kapak.jpg?resize=525%2C300&ssl=1 1.5x, https:\/\/i0.wp.com\/sarimelekler.biz\/wp-content\/uploads\/2020\/11\/2.lig-20-21-8-2-Kapak.jpg?resize=700%2C400&ssl=1 2x, https:\/\/i0.wp.com\/sarimelekler.biz\/wp-content\/uploads\/2020\/11\/2.lig-20-21-8-2-Kapak.jpg?resize=1050%2C600&ssl=1 3x, https:\/\/i0.wp.com\/sarimelekler.biz\/wp-content\/uploads\/2020\/11\/2.lig-20-21-8-2-Kapak.jpg?resize=1400%2C800&ssl=1 4x"},"classes":[]},{"id":14199,"url":"https:\/\/sarimelekler.biz\/?p=14199","url_meta":{"origin":14247,"position":1},"title":"\u0130kinci Lig Tak\u0131m\u0131m\u0131z \u0130lk Ma\u011flubiyetini Ald\u0131. \u00dcnsped Spor:3 &#8211; Fenerbah\u00e7e:1","author":"Edit\u00f6r","date":"24 Ekim 2020","format":false,"excerpt":"Fenerbah\u00e7e 2. Lig Kad\u0131n Voleybol Tak\u0131m\u0131m\u0131z, sezonun \u00fc\u00e7\u00fcnc\u00fc ma\u00e7\u0131nda deplasmanda kar\u015f\u0131la\u015ft\u0131\u011f\u0131 \u00dcnsped Spor tak\u0131m\u0131na 21-25, 25-21, 25-21 ve 25-14\u2019lik set skorlar\u0131yla 3-1 ma\u011flup olarak ligdeki ilk ma\u011flubiyetini ald\u0131. Tak\u0131m\u0131m\u0131z ligin d\u00f6rd\u00fcnc\u00fc haftas\u0131nda 31 Ekim Cumartesi g\u00fcn\u00fc K\u00fc\u00e7\u00fck\u00e7ekmece Voleybol tak\u0131m\u0131 ile kar\u015f\u0131la\u015facak. Ma\u00e7 saat:16:30\u2019da 50. Y\u0131l Deniz Esinduy Voleybol Salonu\u2019nda oynanacak\u2026","rel":"","context":"&quot;2. Lig Tak\u0131m\u0131&quot; i\u00e7inde","block_context":{"text":"2. Lig Tak\u0131m\u0131","link":"https:\/\/sarimelekler.biz\/?cat=26"},"img":{"alt_text":"","src":"https:\/\/i0.wp.com\/sarimelekler.biz\/wp-content\/uploads\/2020\/10\/2.-Lig-20-21-3-1.jpg?resize=350%2C200&ssl=1","width":350,"height":200,"srcset":"https:\/\/i0.wp.com\/sarimelekler.biz\/wp-content\/uploads\/2020\/10\/2.-Lig-20-21-3-1.jpg?resize=350%2C200&ssl=1 1x, https:\/\/i0.wp.com\/sarimelekler.biz\/wp-content\/uploads\/2020\/10\/2.-Lig-20-21-3-1.jpg?resize=525%2C300&ssl=1 1.5x, https:\/\/i0.wp.com\/sarimelekler.biz\/wp-content\/uploads\/2020\/10\/2.-Lig-20-21-3-1.jpg?resize=700%2C400&ssl=1 2x"},"classes":[]},{"id":14919,"url":"https:\/\/sarimelekler.biz\/?p=14919","url_meta":{"origin":14247,"position":2},"title":"2. Lig: Fenerbah\u00e7e:3 \u2013 \u00dcnsped Spor: 2","author":"Edit\u00f6r","date":"9 Ocak 2021","format":false,"excerpt":"Fenerbah\u00e7e 2. Lig Kad\u0131n Voleybol Tak\u0131m\u0131m\u0131z, Kad\u0131nlar 2.Ligi 14.haftas\u0131nda kar\u015f\u0131la\u015ft\u0131\u011f\u0131 \u00dcnsped Spor tak\u0131m\u0131n\u0131 16-25, 25-15, 23-25, 25-7 ve 15-9\u2019luk set skorlar\u0131yla 3-2 ma\u011flup etti. Tak\u0131m\u0131m\u0131z, ligin 15.haftas\u0131nda 17 Ocak Pazar g\u00fcn\u00fc saat:18.00\u2019da Osman Solako\u011flu Spor Salonu\u2019nda K\u00fc\u00e7\u00fck\u00e7ekmece Voleybol\u2019a konuk olacak. Tak\u0131m\u0131m\u0131z\u0131 bu galibiyetten dolay\u0131 kutlar\u0131z. Foto\u011fraf Kaynak:\u00a0Fenerbah\u00e7e SK Resmi \u0130nternet\u2026","rel":"","context":"&quot;2. Lig Tak\u0131m\u0131&quot; i\u00e7inde","block_context":{"text":"2. Lig Tak\u0131m\u0131","link":"https:\/\/sarimelekler.biz\/?cat=26"},"img":{"alt_text":"","src":"https:\/\/i0.wp.com\/sarimelekler.biz\/wp-content\/uploads\/2021\/01\/2.-Lig-20-21-14-4.jpg?resize=350%2C200&ssl=1","width":350,"height":200,"srcset":"https:\/\/i0.wp.com\/sarimelekler.biz\/wp-content\/uploads\/2021\/01\/2.-Lig-20-21-14-4.jpg?resize=350%2C200&ssl=1 1x, https:\/\/i0.wp.com\/sarimelekler.biz\/wp-content\/uploads\/2021\/01\/2.-Lig-20-21-14-4.jpg?resize=525%2C300&ssl=1 1.5x, https:\/\/i0.wp.com\/sarimelekler.biz\/wp-content\/uploads\/2021\/01\/2.-Lig-20-21-14-4.jpg?resize=700%2C400&ssl=1 2x, https:\/\/i0.wp.com\/sarimelekler.biz\/wp-content\/uploads\/2021\/01\/2.-Lig-20-21-14-4.jpg?resize=1050%2C600&ssl=1 3x, https:\/\/i0.wp.com\/sarimelekler.biz\/wp-content\/uploads\/2021\/01\/2.-Lig-20-21-14-4.jpg?resize=1400%2C800&ssl=1 4x"},"classes":[]},{"id":15383,"url":"https:\/\/sarimelekler.biz\/?p=15383","url_meta":{"origin":14247,"position":3},"title":"Fenerbah\u00e7e:1 \u2013 Bah\u00e7elievler BLD:3","author":"Edit\u00f6r","date":"27 \u015eubat 2021","format":false,"excerpt":"Fenerbah\u00e7e 2. Lig Kad\u0131n Voleybol Tak\u0131m\u0131m\u0131z, Kad\u0131nlar Voleybol 2. Ligi 21. haftas\u0131nda konuk etti\u011fi Bah\u00e7elievler Belediyesi\u2019ne 3-1 yenildi. 50.Y\u0131l Deniz Esinduy Voleybol Salonu\u2019nda oynanan m\u00fcsabakan\u0131n setleri 21-25, 25-22, 16-25, 23-25 tamamland\u0131. 2.Lig Kad\u0131n Voleybol Tak\u0131m\u0131m\u0131z, ligin 22. haftas\u0131nda 7 Mart Pazar g\u00fcn\u00fc saat 12.00\u2019da 50. Y\u0131l Deniz Esinduy Voleybol Salonu\u2019nda\u2026","rel":"","context":"&quot;2. Lig Tak\u0131m\u0131&quot; i\u00e7inde","block_context":{"text":"2. Lig Tak\u0131m\u0131","link":"https:\/\/sarimelekler.biz\/?cat=26"},"img":{"alt_text":"","src":"https:\/\/i0.wp.com\/sarimelekler.biz\/wp-content\/uploads\/2021\/02\/2.lig-20-21-18-4.jpg?resize=350%2C200&ssl=1","width":350,"height":200,"srcset":"https:\/\/i0.wp.com\/sarimelekler.biz\/wp-content\/uploads\/2021\/02\/2.lig-20-21-18-4.jpg?resize=350%2C200&ssl=1 1x, https:\/\/i0.wp.com\/sarimelekler.biz\/wp-content\/uploads\/2021\/02\/2.lig-20-21-18-4.jpg?resize=525%2C300&ssl=1 1.5x, https:\/\/i0.wp.com\/sarimelekler.biz\/wp-content\/uploads\/2021\/02\/2.lig-20-21-18-4.jpg?resize=700%2C400&ssl=1 2x, https:\/\/i0.wp.com\/sarimelekler.biz\/wp-content\/uploads\/2021\/02\/2.lig-20-21-18-4.jpg?resize=1050%2C600&ssl=1 3x, https:\/\/i0.wp.com\/sarimelekler.biz\/wp-content\/uploads\/2021\/02\/2.lig-20-21-18-4.jpg?resize=1400%2C800&ssl=1 4x"},"classes":[]},{"id":15222,"url":"https:\/\/sarimelekler.biz\/?p=15222","url_meta":{"origin":14247,"position":4},"title":"2.Lig: K\u00fc\u00e7\u00fckyal\u0131 Yelken Spor:1 \u2013 Fenerbah\u00e7e:3","author":"Edit\u00f6r","date":"7 \u015eubat 2021","format":false,"excerpt":"Fenerbah\u00e7e 2. Lig Kad\u0131n Voleybol Tak\u0131m\u0131m\u0131z, Kad\u0131nlar Voleybol 2. Ligi 18. haftas\u0131nda konuk oldu\u011fu K\u00fc\u00e7\u00fckyal\u0131 Yelken Spor\u2019u 3-1 ma\u011flup etti. Tak\u0131m\u0131m\u0131z b\u00f6ylelikle 18. ma\u00e7ta 15. galibiyetini alarak d\u00f6rd\u00fcnc\u00fcl\u00fckteki yerini korudu.\u00a050. Y\u0131l Deniz Esinduy Voleybol Salonu\u2019nda oynanan m\u00fcsabakan\u0131n setleri 12-25, 18-25, 25-20 ve 20-25 tamamland\u0131.2. Lig Kad\u0131n Voleybol Tak\u0131m\u0131m\u0131z, ligin 19.\u2026","rel":"","context":"&quot;2. Lig Tak\u0131m\u0131&quot; i\u00e7inde","block_context":{"text":"2. Lig Tak\u0131m\u0131","link":"https:\/\/sarimelekler.biz\/?cat=26"},"img":{"alt_text":"","src":"https:\/\/i0.wp.com\/sarimelekler.biz\/wp-content\/uploads\/2021\/02\/2.lig-20-21-18-4.jpg?resize=350%2C200&ssl=1","width":350,"height":200,"srcset":"https:\/\/i0.wp.com\/sarimelekler.biz\/wp-content\/uploads\/2021\/02\/2.lig-20-21-18-4.jpg?resize=350%2C200&ssl=1 1x, https:\/\/i0.wp.com\/sarimelekler.biz\/wp-content\/uploads\/2021\/02\/2.lig-20-21-18-4.jpg?resize=525%2C300&ssl=1 1.5x, https:\/\/i0.wp.com\/sarimelekler.biz\/wp-content\/uploads\/2021\/02\/2.lig-20-21-18-4.jpg?resize=700%2C400&ssl=1 2x, https:\/\/i0.wp.com\/sarimelekler.biz\/wp-content\/uploads\/2021\/02\/2.lig-20-21-18-4.jpg?resize=1050%2C600&ssl=1 3x, https:\/\/i0.wp.com\/sarimelekler.biz\/wp-content\/uploads\/2021\/02\/2.lig-20-21-18-4.jpg?resize=1400%2C800&ssl=1 4x"},"classes":[]},{"id":14862,"url":"https:\/\/sarimelekler.biz\/?p=14862","url_meta":{"origin":14247,"position":5},"title":"2. Lig: Fenerbah\u00e7e:3 \u2013 Kartal Anadolu:0","author":"Edit\u00f6r","date":"27 Aral\u0131k 2020","format":false,"excerpt":"Fenerbah\u00e7e 2. Lig Kad\u0131n Voleybol Tak\u0131m\u0131m\u0131z, Kad\u0131nlar 2.Ligi 12.haftas\u0131nda kar\u015f\u0131la\u015ft\u0131\u011f\u0131 Kartal Anadolu tak\u0131m\u0131n\u0131 25-15, 25-18 ve 25-18\u2019lik set skorlar\u0131yla 3-0 ma\u011flup etti. Tak\u0131m\u0131m\u0131z, ligin 13.haftas\u0131nda 05 Ocak Sal\u0131 g\u00fcn\u00fc saat:16.00\u2019da Fenerbah\u00e7e Koleji tak\u0131m\u0131 ile kar\u015f\u0131la\u015facak. Ma\u00e7 50. Y\u0131l Deniz Esinduy Voleybol Salonunda oynanacak ve Youtube \u00fczerinden yay\u0131n yapan TVF Voleybol\u2026","rel":"","context":"&quot;2. Lig Tak\u0131m\u0131&quot; i\u00e7inde","block_context":{"text":"2. Lig Tak\u0131m\u0131","link":"https:\/\/sarimelekler.biz\/?cat=26"},"img":{"alt_text":"","src":"https:\/\/i0.wp.com\/sarimelekler.biz\/wp-content\/uploads\/2020\/12\/2.lig-20-21-12.jpg?resize=350%2C200&ssl=1","width":350,"height":200,"srcset":"https:\/\/i0.wp.com\/sarimelekler.biz\/wp-content\/uploads\/2020\/12\/2.lig-20-21-12.jpg?resize=350%2C200&ssl=1 1x, https:\/\/i0.wp.com\/sarimelekler.biz\/wp-content\/uploads\/2020\/12\/2.lig-20-21-12.jpg?resize=525%2C300&ssl=1 1.5x, https:\/\/i0.wp.com\/sarimelekler.biz\/wp-content\/uploads\/2020\/12\/2.lig-20-21-12.jpg?resize=700%2C400&ssl=1 2x, https:\/\/i0.wp.com\/sarimelekler.biz\/wp-content\/uploads\/2020\/12\/2.lig-20-21-12.jpg?resize=1050%2C600&ssl=1 3x, https:\/\/i0.wp.com\/sarimelekler.biz\/wp-content\/uploads\/2020\/12\/2.lig-20-21-12.jpg?resize=1400%2C800&ssl=1 4x"},"classes":[]}],"_links":{"self":[{"href":"https:\/\/sarimelekler.biz\/index.php?rest_route=\/wp\/v2\/posts\/14247","targetHints":{"allow":["GET"]}}],"collection":[{"href":"https:\/\/sarimelekler.biz\/index.php?rest_route=\/wp\/v2\/posts"}],"about":[{"href":"https:\/\/sarimelekler.biz\/index.php?rest_route=\/wp\/v2\/types\/post"}],"author":[{"embeddable":true,"href":"https:\/\/sarimelekler.biz\/index.php?rest_route=\/wp\/v2\/users\/1"}],"replies":[{"embeddable":true,"href":"https:\/\/sarimelekler.biz\/index.php?rest_route=%2Fwp%2Fv2%2Fcomments&post=14247"}],"version-history":[{"count":1,"href":"https:\/\/sarimelekler.biz\/index.php?rest_route=\/wp\/v2\/posts\/14247\/revisions"}],"predecessor-version":[{"id":14251,"href":"https:\/\/sarimelekler.biz\/index.php?rest_route=\/wp\/v2\/posts\/14247\/revisions\/14251"}],"wp:featuredmedia":[{"embeddable":true,"href":"https:\/\/sarimelekler.biz\/index.php?rest_route=\/wp\/v2\/media\/14249"}],"wp:attachment":[{"href":"https:\/\/sarimelekler.biz\/index.php?rest_route=%2Fwp%2Fv2%2Fmedia&parent=14247"}],"wp:term":[{"taxonomy":"category","embeddable":true,"href":"https:\/\/sarimelekler.biz\/index.php?rest_route=%2Fwp%2Fv2%2Fcategories&post=14247"},{"taxonomy":"post_tag","embeddable":true,"href":"https:\/\/sarimelekler.biz\/index.php?rest_route=%2Fwp%2Fv2%2Ftags&post=14247"}],"curies":[{"name":"wp","href":"https:\/\/api.w.org\/{rel}","templated":true}]}}