{"id":14410,"date":"2020-11-15T18:47:55","date_gmt":"2020-11-15T15:47:55","guid":{"rendered":"http:\/\/sarimelekler.biz\/?p=14410"},"modified":"2020-11-15T18:48:15","modified_gmt":"2020-11-15T15:48:15","slug":"2-lig-kardal-bld-0-fenerbahce3","status":"publish","type":"post","link":"https:\/\/sarimelekler.biz\/?p=14410","title":{"rendered":"2. Lig: Kartal Bld.:0 &#8211; Fenerbah\u00e7e:3"},"content":{"rendered":"\n<p style=\"text-align: justify;\">Fenerbah\u00e7e 2. Lig Kad\u0131n Voleybol Tak\u0131m\u0131m\u0131z, sezonun 6. haftas\u0131nda deplasmanda kar\u015f\u0131la\u015ft\u0131\u011f\u0131 Kartal Belediyesi tak\u0131m\u0131n\u0131 22-25, 22-25 ve 22-25\u2019lik set skorlar\u0131yla 3-0 ma\u011flup etti. B\u00f6ylelikle tak\u0131m\u0131m\u0131z ligde 6 ma\u00e7ta 5. galibiyetini ald\u0131.<\/p>\n<p style=\"text-align: justify;\">Tak\u0131m\u0131m\u0131z\u0131n ligin yedinci haftas\u0131nda oynamas\u0131 gereken K\u00fc\u00e7\u00fckyal\u0131 Spor ma\u00e7\u0131 Covid-19 vakalar\u0131 sebebiyle ertelendi\u011finden \u00f6n\u00fcm\u00fczdeki hafta ma\u00e7\u0131 olmayacakt\u0131r.<\/p>\n<p style=\"text-align: justify;\">Tak\u0131m\u0131m\u0131z\u0131 bu galibiyetten dolay\u0131 kutlar\u0131z.<\/p>\n\n\t\t<style type=\"text\/css\">\n\t\t\t#gallery-1 {\n\t\t\t\tmargin: auto;\n\t\t\t}\n\t\t\t#gallery-1 .gallery-item {\n\t\t\t\tfloat: left;\n\t\t\t\tmargin-top: 10px;\n\t\t\t\ttext-align: center;\n\t\t\t\twidth: 100%;\n\t\t\t}\n\t\t\t#gallery-1 img {\n\t\t\t\tborder: 2px solid #cfcfcf;\n\t\t\t}\n\t\t\t#gallery-1 .gallery-caption {\n\t\t\t\tmargin-left: 0;\n\t\t\t}\n\t\t\t\/* see gallery_shortcode() in wp-includes\/media.php *\/\n\t\t<\/style>\n\t\t<div data-carousel-extra='{&quot;blog_id&quot;:1,&quot;permalink&quot;:&quot;https:\/\/sarimelekler.biz\/?p=14410&quot;}' id='gallery-1' class='gallery galleryid-14410 gallery-columns-1 gallery-size-large'><dl class='gallery-item'>\n\t\t\t<dt class='gallery-icon landscape'>\n\t\t\t\t<a href='https:\/\/sarimelekler.biz\/?attachment_id=14411'><img loading=\"lazy\" decoding=\"async\" width=\"860\" height=\"645\" src=\"https:\/\/sarimelekler.biz\/wp-content\/uploads\/2020\/11\/2.lig-20-21-6-1.jpg\" class=\"attachment-large size-large\" alt=\"\" srcset=\"https:\/\/sarimelekler.biz\/wp-content\/uploads\/2020\/11\/2.lig-20-21-6-1.jpg 1024w, https:\/\/sarimelekler.biz\/wp-content\/uploads\/2020\/11\/2.lig-20-21-6-1-300x225.jpg 300w, https:\/\/sarimelekler.biz\/wp-content\/uploads\/2020\/11\/2.lig-20-21-6-1-768x576.jpg 768w, https:\/\/sarimelekler.biz\/wp-content\/uploads\/2020\/11\/2.lig-20-21-6-1-150x113.jpg 150w\" sizes=\"auto, (max-width: 860px) 100vw, 860px\" data-attachment-id=\"14411\" data-permalink=\"https:\/\/sarimelekler.biz\/?attachment_id=14411\" data-orig-file=\"https:\/\/sarimelekler.biz\/wp-content\/uploads\/2020\/11\/2.lig-20-21-6-1.jpg\" data-orig-size=\"1024,768\" data-comments-opened=\"0\" data-image-meta=\"{&quot;aperture&quot;:&quot;0&quot;,&quot;credit&quot;:&quot;&quot;,&quot;camera&quot;:&quot;&quot;,&quot;caption&quot;:&quot;&quot;,&quot;created_timestamp&quot;:&quot;0&quot;,&quot;copyright&quot;:&quot;&quot;,&quot;focal_length&quot;:&quot;0&quot;,&quot;iso&quot;:&quot;0&quot;,&quot;shutter_speed&quot;:&quot;0&quot;,&quot;title&quot;:&quot;&quot;,&quot;orientation&quot;:&quot;0&quot;}\" data-image-title=\"2.lig 20-21 6 (1)\" data-image-description=\"\" data-image-caption=\"\" data-large-file=\"https:\/\/sarimelekler.biz\/wp-content\/uploads\/2020\/11\/2.lig-20-21-6-1.jpg\" \/><\/a>\n\t\t\t<\/dt><\/dl><br style=\"clear: both\" \/><dl class='gallery-item'>\n\t\t\t<dt class='gallery-icon landscape'>\n\t\t\t\t<a href='https:\/\/sarimelekler.biz\/?attachment_id=14412'><img loading=\"lazy\" decoding=\"async\" width=\"853\" height=\"764\" src=\"https:\/\/sarimelekler.biz\/wp-content\/uploads\/2020\/11\/2.lig-20-21-6-1.jpeg\" class=\"attachment-large size-large\" alt=\"\" srcset=\"https:\/\/sarimelekler.biz\/wp-content\/uploads\/2020\/11\/2.lig-20-21-6-1.jpeg 853w, https:\/\/sarimelekler.biz\/wp-content\/uploads\/2020\/11\/2.lig-20-21-6-1-300x269.jpeg 300w, https:\/\/sarimelekler.biz\/wp-content\/uploads\/2020\/11\/2.lig-20-21-6-1-768x688.jpeg 768w, https:\/\/sarimelekler.biz\/wp-content\/uploads\/2020\/11\/2.lig-20-21-6-1-150x134.jpeg 150w\" sizes=\"auto, (max-width: 853px) 100vw, 853px\" data-attachment-id=\"14412\" data-permalink=\"https:\/\/sarimelekler.biz\/?attachment_id=14412\" data-orig-file=\"https:\/\/sarimelekler.biz\/wp-content\/uploads\/2020\/11\/2.lig-20-21-6-1.jpeg\" data-orig-size=\"853,764\" data-comments-opened=\"0\" data-image-meta=\"{&quot;aperture&quot;:&quot;0&quot;,&quot;credit&quot;:&quot;&quot;,&quot;camera&quot;:&quot;&quot;,&quot;caption&quot;:&quot;&quot;,&quot;created_timestamp&quot;:&quot;0&quot;,&quot;copyright&quot;:&quot;&quot;,&quot;focal_length&quot;:&quot;0&quot;,&quot;iso&quot;:&quot;0&quot;,&quot;shutter_speed&quot;:&quot;0&quot;,&quot;title&quot;:&quot;&quot;,&quot;orientation&quot;:&quot;0&quot;}\" data-image-title=\"2.lig 20-21 6 (1)\" data-image-description=\"\" data-image-caption=\"\" data-large-file=\"https:\/\/sarimelekler.biz\/wp-content\/uploads\/2020\/11\/2.lig-20-21-6-1.jpeg\" \/><\/a>\n\t\t\t<\/dt><\/dl><br style=\"clear: both\" \/><dl class='gallery-item'>\n\t\t\t<dt class='gallery-icon landscape'>\n\t\t\t\t<a href='https:\/\/sarimelekler.biz\/?attachment_id=14414'><img loading=\"lazy\" decoding=\"async\" width=\"860\" height=\"645\" src=\"https:\/\/sarimelekler.biz\/wp-content\/uploads\/2020\/11\/2.lig-20-21-6-2.jpg\" class=\"attachment-large size-large\" alt=\"\" srcset=\"https:\/\/sarimelekler.biz\/wp-content\/uploads\/2020\/11\/2.lig-20-21-6-2.jpg 1024w, https:\/\/sarimelekler.biz\/wp-content\/uploads\/2020\/11\/2.lig-20-21-6-2-300x225.jpg 300w, https:\/\/sarimelekler.biz\/wp-content\/uploads\/2020\/11\/2.lig-20-21-6-2-768x576.jpg 768w, https:\/\/sarimelekler.biz\/wp-content\/uploads\/2020\/11\/2.lig-20-21-6-2-150x113.jpg 150w\" sizes=\"auto, (max-width: 860px) 100vw, 860px\" data-attachment-id=\"14414\" data-permalink=\"https:\/\/sarimelekler.biz\/?attachment_id=14414\" data-orig-file=\"https:\/\/sarimelekler.biz\/wp-content\/uploads\/2020\/11\/2.lig-20-21-6-2.jpg\" data-orig-size=\"1024,768\" data-comments-opened=\"0\" data-image-meta=\"{&quot;aperture&quot;:&quot;0&quot;,&quot;credit&quot;:&quot;&quot;,&quot;camera&quot;:&quot;&quot;,&quot;caption&quot;:&quot;&quot;,&quot;created_timestamp&quot;:&quot;0&quot;,&quot;copyright&quot;:&quot;&quot;,&quot;focal_length&quot;:&quot;0&quot;,&quot;iso&quot;:&quot;0&quot;,&quot;shutter_speed&quot;:&quot;0&quot;,&quot;title&quot;:&quot;&quot;,&quot;orientation&quot;:&quot;0&quot;}\" data-image-title=\"2.lig 20-21 6 (2)\" data-image-description=\"\" data-image-caption=\"\" data-large-file=\"https:\/\/sarimelekler.biz\/wp-content\/uploads\/2020\/11\/2.lig-20-21-6-2.jpg\" \/><\/a>\n\t\t\t<\/dt><\/dl><br style=\"clear: both\" \/><dl class='gallery-item'>\n\t\t\t<dt class='gallery-icon landscape'>\n\t\t\t\t<a href='https:\/\/sarimelekler.biz\/?attachment_id=14413'><img loading=\"lazy\" decoding=\"async\" width=\"860\" height=\"645\" src=\"https:\/\/sarimelekler.biz\/wp-content\/uploads\/2020\/11\/2.lig-20-21-6-2.jpeg\" class=\"attachment-large size-large\" alt=\"\" srcset=\"https:\/\/sarimelekler.biz\/wp-content\/uploads\/2020\/11\/2.lig-20-21-6-2.jpeg 1024w, https:\/\/sarimelekler.biz\/wp-content\/uploads\/2020\/11\/2.lig-20-21-6-2-300x225.jpeg 300w, https:\/\/sarimelekler.biz\/wp-content\/uploads\/2020\/11\/2.lig-20-21-6-2-768x576.jpeg 768w, https:\/\/sarimelekler.biz\/wp-content\/uploads\/2020\/11\/2.lig-20-21-6-2-150x113.jpeg 150w\" sizes=\"auto, (max-width: 860px) 100vw, 860px\" data-attachment-id=\"14413\" data-permalink=\"https:\/\/sarimelekler.biz\/?attachment_id=14413\" data-orig-file=\"https:\/\/sarimelekler.biz\/wp-content\/uploads\/2020\/11\/2.lig-20-21-6-2.jpeg\" data-orig-size=\"1024,768\" data-comments-opened=\"0\" data-image-meta=\"{&quot;aperture&quot;:&quot;0&quot;,&quot;credit&quot;:&quot;&quot;,&quot;camera&quot;:&quot;&quot;,&quot;caption&quot;:&quot;&quot;,&quot;created_timestamp&quot;:&quot;0&quot;,&quot;copyright&quot;:&quot;&quot;,&quot;focal_length&quot;:&quot;0&quot;,&quot;iso&quot;:&quot;0&quot;,&quot;shutter_speed&quot;:&quot;0&quot;,&quot;title&quot;:&quot;&quot;,&quot;orientation&quot;:&quot;0&quot;}\" data-image-title=\"2.lig 20-21 6 (2)\" data-image-description=\"\" data-image-caption=\"\" data-large-file=\"https:\/\/sarimelekler.biz\/wp-content\/uploads\/2020\/11\/2.lig-20-21-6-2.jpeg\" \/><\/a>\n\t\t\t<\/dt><\/dl><br style=\"clear: both\" \/>\n\t\t<\/div>\n\n<p>Kaynak:\u00a0<a href=\"https:\/\/www.fenerbahce.org\/haberler\/voleybol-altyapi\/2020\/11\/kartal-belediyespor-0-3-fenerbahce-(2-lig-kadinlar)\" target=\"_blank\" rel=\"noopener noreferrer\">Fenerbah\u00e7e SK Resmi \u0130nternet Sitesi<\/a><\/p>\n<p style=\"text-align: right;\">15.11.2020<\/p>\n","protected":false},"excerpt":{"rendered":"<p>Fenerbah\u00e7e 2. Lig Kad\u0131n Voleybol Tak\u0131m\u0131m\u0131z, sezonun 6. haftas\u0131nda deplasmanda \u2026 <a class=\"continue-reading-link\" href=\"https:\/\/sarimelekler.biz\/?p=14410\">Okumaya Devam Et.. <span class=\"meta-nav\">&rarr; <\/span><\/a><\/p>\n","protected":false},"author":1,"featured_media":14413,"comment_status":"closed","ping_status":"open","sticky":false,"template":"","format":"standard","meta":{"jetpack_post_was_ever_published":false,"_jetpack_newsletter_access":"","_jetpack_dont_email_post_to_subs":false,"_jetpack_newsletter_tier_id":0,"_jetpack_memberships_contains_paywalled_content":false,"_jetpack_memberships_contains_paid_content":false,"footnotes":"","jetpack_publicize_message":"","jetpack_publicize_feature_enabled":true,"jetpack_social_post_already_shared":true,"jetpack_social_options":{"image_generator_settings":{"template":"highway","default_image_id":0,"font":"","enabled":false},"version":2}},"categories":[26],"tags":[],"class_list":["post-14410","post","type-post","status-publish","format-standard","has-post-thumbnail","hentry","category-2-lig-takimi"],"jetpack_publicize_connections":[],"jetpack_featured_media_url":"https:\/\/sarimelekler.biz\/wp-content\/uploads\/2020\/11\/2.lig-20-21-6-2.jpeg","jetpack_sharing_enabled":true,"jetpack_shortlink":"https:\/\/wp.me\/p8npUZ-3Kq","jetpack-related-posts":[{"id":14862,"url":"https:\/\/sarimelekler.biz\/?p=14862","url_meta":{"origin":14410,"position":0},"title":"2. Lig: Fenerbah\u00e7e:3 \u2013 Kartal Anadolu:0","author":"Edit\u00f6r","date":"27 Aral\u0131k 2020","format":false,"excerpt":"Fenerbah\u00e7e 2. Lig Kad\u0131n Voleybol Tak\u0131m\u0131m\u0131z, Kad\u0131nlar 2.Ligi 12.haftas\u0131nda kar\u015f\u0131la\u015ft\u0131\u011f\u0131 Kartal Anadolu tak\u0131m\u0131n\u0131 25-15, 25-18 ve 25-18\u2019lik set skorlar\u0131yla 3-0 ma\u011flup etti. Tak\u0131m\u0131m\u0131z, ligin 13.haftas\u0131nda 05 Ocak Sal\u0131 g\u00fcn\u00fc saat:16.00\u2019da Fenerbah\u00e7e Koleji tak\u0131m\u0131 ile kar\u015f\u0131la\u015facak. Ma\u00e7 50. Y\u0131l Deniz Esinduy Voleybol Salonunda oynanacak ve Youtube \u00fczerinden yay\u0131n yapan TVF Voleybol\u2026","rel":"","context":"&quot;2. Lig Tak\u0131m\u0131&quot; i\u00e7inde","block_context":{"text":"2. Lig Tak\u0131m\u0131","link":"https:\/\/sarimelekler.biz\/?cat=26"},"img":{"alt_text":"","src":"https:\/\/i0.wp.com\/sarimelekler.biz\/wp-content\/uploads\/2020\/12\/2.lig-20-21-12.jpg?resize=350%2C200&ssl=1","width":350,"height":200,"srcset":"https:\/\/i0.wp.com\/sarimelekler.biz\/wp-content\/uploads\/2020\/12\/2.lig-20-21-12.jpg?resize=350%2C200&ssl=1 1x, https:\/\/i0.wp.com\/sarimelekler.biz\/wp-content\/uploads\/2020\/12\/2.lig-20-21-12.jpg?resize=525%2C300&ssl=1 1.5x, https:\/\/i0.wp.com\/sarimelekler.biz\/wp-content\/uploads\/2020\/12\/2.lig-20-21-12.jpg?resize=700%2C400&ssl=1 2x, https:\/\/i0.wp.com\/sarimelekler.biz\/wp-content\/uploads\/2020\/12\/2.lig-20-21-12.jpg?resize=1050%2C600&ssl=1 3x, https:\/\/i0.wp.com\/sarimelekler.biz\/wp-content\/uploads\/2020\/12\/2.lig-20-21-12.jpg?resize=1400%2C800&ssl=1 4x"},"classes":[]},{"id":15197,"url":"https:\/\/sarimelekler.biz\/?p=15197","url_meta":{"origin":14410,"position":1},"title":"2. Lig: Fenerbah\u00e7e:3 \u2013 Kartal Belediye: 2","author":"Edit\u00f6r","date":"30 Ocak 2021","format":false,"excerpt":"Fenerbah\u00e7e 2. Lig Kad\u0131n Voleybol Tak\u0131m\u0131m\u0131z, Kad\u0131nlar 2.Ligi 17.haftas\u0131nda kar\u015f\u0131la\u015ft\u0131\u011f\u0131 Kartal Belediyesi tak\u0131m\u0131n\u0131 25-22, 17-25, 27-25, 21-25 ve 15-13\u2019l\u00fck set skorlar\u0131yla 3-2 ma\u011flup etti. Tak\u0131m\u0131m\u0131z, ligin 18.haftas\u0131nda 7 \u015eubat Pazar g\u00fcn\u00fc saat:16.30\u2019da K\u00fc\u00e7\u00fckyal\u0131 Yelken Spor\u2019a konuk olacak. 50. Y\u0131l Deniz Esinduy Voleybol Salonu\u2019nda oynanacak ma\u00e7 TVF Voleybol TV Youtube kanal\u0131ndan\u2026","rel":"","context":"&quot;2. Lig Tak\u0131m\u0131&quot; i\u00e7inde","block_context":{"text":"2. Lig Tak\u0131m\u0131","link":"https:\/\/sarimelekler.biz\/?cat=26"},"img":{"alt_text":"","src":"https:\/\/i0.wp.com\/sarimelekler.biz\/wp-content\/uploads\/2021\/01\/2.-Lig-20-21-14-4.jpg?resize=350%2C200&ssl=1","width":350,"height":200,"srcset":"https:\/\/i0.wp.com\/sarimelekler.biz\/wp-content\/uploads\/2021\/01\/2.-Lig-20-21-14-4.jpg?resize=350%2C200&ssl=1 1x, https:\/\/i0.wp.com\/sarimelekler.biz\/wp-content\/uploads\/2021\/01\/2.-Lig-20-21-14-4.jpg?resize=525%2C300&ssl=1 1.5x, https:\/\/i0.wp.com\/sarimelekler.biz\/wp-content\/uploads\/2021\/01\/2.-Lig-20-21-14-4.jpg?resize=700%2C400&ssl=1 2x, https:\/\/i0.wp.com\/sarimelekler.biz\/wp-content\/uploads\/2021\/01\/2.-Lig-20-21-14-4.jpg?resize=1050%2C600&ssl=1 3x, https:\/\/i0.wp.com\/sarimelekler.biz\/wp-content\/uploads\/2021\/01\/2.-Lig-20-21-14-4.jpg?resize=1400%2C800&ssl=1 4x"},"classes":[]},{"id":14369,"url":"https:\/\/sarimelekler.biz\/?p=14369","url_meta":{"origin":14410,"position":2},"title":"2. Lig: Fenerbah\u00e7e:3 &#8211; Tunal\u0131 Spor:0","author":"Edit\u00f6r","date":"9 Kas\u0131m 2020","format":false,"excerpt":"Fenerbah\u00e7e 2. Lig Kad\u0131n Voleybol Tak\u0131m\u0131m\u0131z, sezonun 5. haftas\u0131nda Tunal\u0131 Spor ile kar\u015f\u0131la\u015ft\u0131. Tak\u0131m\u0131m\u0131z, 50. Y\u0131l Deniz Esinduy Voleybol Salonu\u2019nda oynanan ve setleri 25-22, 25-22 ve 25-12 tamamlanan m\u00fccadeleden 3-0 galip ayr\u0131ld\u0131.Tak\u0131m\u0131m\u0131z ligin alt\u0131nc\u0131 haftas\u0131nda 15 Kas\u0131m Pazar g\u00fcn\u00fc saat 16.00\u2019da Yakac\u0131k \u0130TO Spor Salonu\u2019nda, Kartal Belediyespor\u2019a konuk olacak. Tak\u0131m\u0131m\u0131z\u0131\u2026","rel":"","context":"&quot;2. Lig Tak\u0131m\u0131&quot; i\u00e7inde","block_context":{"text":"2. Lig Tak\u0131m\u0131","link":"https:\/\/sarimelekler.biz\/?cat=26"},"img":{"alt_text":"","src":"https:\/\/i0.wp.com\/sarimelekler.biz\/wp-content\/uploads\/2020\/11\/2.-lig-5.jpg?resize=350%2C200&ssl=1","width":350,"height":200,"srcset":"https:\/\/i0.wp.com\/sarimelekler.biz\/wp-content\/uploads\/2020\/11\/2.-lig-5.jpg?resize=350%2C200&ssl=1 1x, https:\/\/i0.wp.com\/sarimelekler.biz\/wp-content\/uploads\/2020\/11\/2.-lig-5.jpg?resize=525%2C300&ssl=1 1.5x, https:\/\/i0.wp.com\/sarimelekler.biz\/wp-content\/uploads\/2020\/11\/2.-lig-5.jpg?resize=700%2C400&ssl=1 2x, https:\/\/i0.wp.com\/sarimelekler.biz\/wp-content\/uploads\/2020\/11\/2.-lig-5.jpg?resize=1050%2C600&ssl=1 3x"},"classes":[]},{"id":14787,"url":"https:\/\/sarimelekler.biz\/?p=14787","url_meta":{"origin":14410,"position":3},"title":"2. Lig: Fenerbah\u00e7e:3 &#8211; \u00c7engelk\u00f6y:0","author":"Edit\u00f6r","date":"19 Aral\u0131k 2020","format":false,"excerpt":"Fenerbah\u00e7e 2. Lig Kad\u0131n Voleybol Tak\u0131m\u0131m\u0131z, Kad\u0131nlar 2.Ligi 11.haftas\u0131nda kar\u015f\u0131la\u015ft\u0131\u011f\u0131 \u00c7engelk\u00f6y tak\u0131m\u0131n\u0131 25-19, 25-20 ve 25-18\u2019lik set skorlar\u0131yla 3-0 ma\u011flup etti. Tak\u0131m\u0131m\u0131z, ligin 12.haftas\u0131nda 27 Aral\u0131k Pazar g\u00fcn\u00fc saat:16.00\u2019da Kartal Anadolu tak\u0131m\u0131 ile kar\u015f\u0131la\u015facak. Ma\u00e7 50. Y\u0131l Deniz Esinduy Voleybol Salonunda oynanacak ve Youtube \u00fczerinden yay\u0131n yapan TVF Voleybol TV\u2019den\u2026","rel":"","context":"&quot;2. Lig Tak\u0131m\u0131&quot; i\u00e7inde","block_context":{"text":"2. Lig Tak\u0131m\u0131","link":"https:\/\/sarimelekler.biz\/?cat=26"},"img":{"alt_text":"","src":"https:\/\/i0.wp.com\/sarimelekler.biz\/wp-content\/uploads\/2020\/12\/2.-lig-11-5.jpg?resize=350%2C200&ssl=1","width":350,"height":200,"srcset":"https:\/\/i0.wp.com\/sarimelekler.biz\/wp-content\/uploads\/2020\/12\/2.-lig-11-5.jpg?resize=350%2C200&ssl=1 1x, https:\/\/i0.wp.com\/sarimelekler.biz\/wp-content\/uploads\/2020\/12\/2.-lig-11-5.jpg?resize=525%2C300&ssl=1 1.5x, https:\/\/i0.wp.com\/sarimelekler.biz\/wp-content\/uploads\/2020\/12\/2.-lig-11-5.jpg?resize=700%2C400&ssl=1 2x, https:\/\/i0.wp.com\/sarimelekler.biz\/wp-content\/uploads\/2020\/12\/2.-lig-11-5.jpg?resize=1050%2C600&ssl=1 3x, https:\/\/i0.wp.com\/sarimelekler.biz\/wp-content\/uploads\/2020\/12\/2.-lig-11-5.jpg?resize=1400%2C800&ssl=1 4x"},"classes":[]},{"id":15094,"url":"https:\/\/sarimelekler.biz\/?p=15094","url_meta":{"origin":14410,"position":4},"title":"2. Lig: Tunal\u0131 Spor:1 \u2013 Fenerbah\u00e7e:3","author":"Edit\u00f6r","date":"23 Ocak 2021","format":false,"excerpt":"Fenerbah\u00e7e 2. Lig Kad\u0131n Voleybol Tak\u0131m\u0131m\u0131z, sezonun 16. haftas\u0131nda deplasmanda kar\u015f\u0131la\u015ft\u0131\u011f\u0131 Tunal\u0131 Spor tak\u0131m\u0131n\u0131 13-25, 26-24, 17-25 ve 18-25\u2019lik set skorlar\u0131yla 3-1 ma\u011flup etti. Tak\u0131m\u0131m\u0131z ligin 17. haftas\u0131nda 30 Ocak Cumartesi g\u00fcn\u00fc saat 16.00\u2019da 50. Y\u0131l Deniz Esinduy Voleybol Salonu\u2019nda Kartal Belediye\u2019yi konuk edecek. M\u00fccadele TVF Voleybol TV Youtube kanal\u0131ndan\u2026","rel":"","context":"&quot;2. Lig Tak\u0131m\u0131&quot; i\u00e7inde","block_context":{"text":"2. Lig Tak\u0131m\u0131","link":"https:\/\/sarimelekler.biz\/?cat=26"},"img":{"alt_text":"","src":"https:\/\/i0.wp.com\/sarimelekler.biz\/wp-content\/uploads\/2021\/01\/2.-Lig-20-21-14-4.jpg?resize=350%2C200&ssl=1","width":350,"height":200,"srcset":"https:\/\/i0.wp.com\/sarimelekler.biz\/wp-content\/uploads\/2021\/01\/2.-Lig-20-21-14-4.jpg?resize=350%2C200&ssl=1 1x, https:\/\/i0.wp.com\/sarimelekler.biz\/wp-content\/uploads\/2021\/01\/2.-Lig-20-21-14-4.jpg?resize=525%2C300&ssl=1 1.5x, https:\/\/i0.wp.com\/sarimelekler.biz\/wp-content\/uploads\/2021\/01\/2.-Lig-20-21-14-4.jpg?resize=700%2C400&ssl=1 2x, https:\/\/i0.wp.com\/sarimelekler.biz\/wp-content\/uploads\/2021\/01\/2.-Lig-20-21-14-4.jpg?resize=1050%2C600&ssl=1 3x, https:\/\/i0.wp.com\/sarimelekler.biz\/wp-content\/uploads\/2021\/01\/2.-Lig-20-21-14-4.jpg?resize=1400%2C800&ssl=1 4x"},"classes":[]},{"id":15519,"url":"https:\/\/sarimelekler.biz\/?p=15519","url_meta":{"origin":14410,"position":5},"title":"1.Lig: Fenerbah\u00e7e:3\u2013 M.E. Marmara Akademi:0","author":"Edit\u00f6r","date":"20 Mart 2021","format":false,"excerpt":"Sigorta Shop Kad\u0131nlar 1.Ligi 20. hafta ma\u00e7\u0131nda Mehmet Erdem Marmara Akademi\u2019yi konuk eden 1. Lig tak\u0131m\u0131m\u0131z ma\u00e7\u0131 25-23, 25-15 ve 25-18\u2019lik set skorlar\u0131yla 3-0 ma\u011flup etti. Tak\u0131m\u0131m\u0131z ligin 21. haftas\u0131nda deplasmanda B\u00fcy\u00fck\u00e7ekmece Voleybol Akademi tak\u0131m\u0131 ile kar\u015f\u0131la\u015facak. Ma\u00e7\u0131n tarihi TVF taraf\u0131ndan hen\u00fcz duyurulmad\u0131. Tak\u0131m\u0131m\u0131z\u0131 bu galibiyetten dolay\u0131 kutlar\u0131z. 20.03.2021","rel":"","context":"&quot;1. Lig Tak\u0131m\u0131&quot; i\u00e7inde","block_context":{"text":"1. Lig Tak\u0131m\u0131","link":"https:\/\/sarimelekler.biz\/?cat=25"},"img":{"alt_text":"","src":"https:\/\/i0.wp.com\/sarimelekler.biz\/wp-content\/uploads\/2021\/03\/1.-lig-20-21-20-1.jpg?resize=350%2C200&ssl=1","width":350,"height":200,"srcset":"https:\/\/i0.wp.com\/sarimelekler.biz\/wp-content\/uploads\/2021\/03\/1.-lig-20-21-20-1.jpg?resize=350%2C200&ssl=1 1x, https:\/\/i0.wp.com\/sarimelekler.biz\/wp-content\/uploads\/2021\/03\/1.-lig-20-21-20-1.jpg?resize=525%2C300&ssl=1 1.5x, https:\/\/i0.wp.com\/sarimelekler.biz\/wp-content\/uploads\/2021\/03\/1.-lig-20-21-20-1.jpg?resize=700%2C400&ssl=1 2x"},"classes":[]}],"_links":{"self":[{"href":"https:\/\/sarimelekler.biz\/index.php?rest_route=\/wp\/v2\/posts\/14410","targetHints":{"allow":["GET"]}}],"collection":[{"href":"https:\/\/sarimelekler.biz\/index.php?rest_route=\/wp\/v2\/posts"}],"about":[{"href":"https:\/\/sarimelekler.biz\/index.php?rest_route=\/wp\/v2\/types\/post"}],"author":[{"embeddable":true,"href":"https:\/\/sarimelekler.biz\/index.php?rest_route=\/wp\/v2\/users\/1"}],"replies":[{"embeddable":true,"href":"https:\/\/sarimelekler.biz\/index.php?rest_route=%2Fwp%2Fv2%2Fcomments&post=14410"}],"version-history":[{"count":3,"href":"https:\/\/sarimelekler.biz\/index.php?rest_route=\/wp\/v2\/posts\/14410\/revisions"}],"predecessor-version":[{"id":14417,"href":"https:\/\/sarimelekler.biz\/index.php?rest_route=\/wp\/v2\/posts\/14410\/revisions\/14417"}],"wp:featuredmedia":[{"embeddable":true,"href":"https:\/\/sarimelekler.biz\/index.php?rest_route=\/wp\/v2\/media\/14413"}],"wp:attachment":[{"href":"https:\/\/sarimelekler.biz\/index.php?rest_route=%2Fwp%2Fv2%2Fmedia&parent=14410"}],"wp:term":[{"taxonomy":"category","embeddable":true,"href":"https:\/\/sarimelekler.biz\/index.php?rest_route=%2Fwp%2Fv2%2Fcategories&post=14410"},{"taxonomy":"post_tag","embeddable":true,"href":"https:\/\/sarimelekler.biz\/index.php?rest_route=%2Fwp%2Fv2%2Ftags&post=14410"}],"curies":[{"name":"wp","href":"https:\/\/api.w.org\/{rel}","templated":true}]}}